{"id":418044,"date":"2019-09-09T17:24:07","date_gmt":"2019-09-09T20:24:07","guid":{"rendered":"https:\/\/www.estrategiaconcursos.com.br\/blog\/?p=418044"},"modified":"2019-09-16T21:35:53","modified_gmt":"2019-09-17T00:35:53","slug":"mensagem-aos-assinantes-12-corujinha-fazendo-8-anos-de-idade","status":"publish","type":"post","link":"https:\/\/www.estrategiaconcursos.com.br\/blog\/mensagem-aos-assinantes-12-corujinha-fazendo-8-anos-de-idade\/","title":{"rendered":"Mensagem aos Assinantes 12:   Corujinha fazendo 8 anos de idade!"},"content":{"rendered":"\n<p>Ol\u00e1, pessoal! Tudo bem?<\/p>\n\n\n\n<p>Hoje \u00e9 um dia especial aqui no Estrat\u00e9gia Concursos. A Corujinha faz exatamente <strong>8 anos de vida<\/strong>. <\/p>\n\n\n\n<p>Quando come\u00e7amos, em 2011, s\u00f3 aqueles que moravam nas grandes capitais \u00e9 que tinham condi\u00e7\u00f5es de se preparar para os concursos mais dif\u00edceis do Brasil. <\/p>\n\n\n\n<p><strong>Hoje, a realidade \u00e9 outra<\/strong>. N\u00e3o importa onde voc\u00ea more. Voc\u00ea pode estudar para qualquer concurso p\u00fablico, em igualdade de condi\u00e7\u00f5es com qualquer pessoa. N\u00f3s conseguimos chegar a qualquer lugar do Pa\u00eds, democratizando o acesso ao conhecimento. <\/p>\n\n\n\n<div class=\"wp-block-image\"><figure class=\"aligncenter is-resized\"><img loading=\"lazy\" decoding=\"async\" src=\"https:\/\/dhg1h5j42swfq.cloudfront.net\/2019\/09\/09160739\/Captura-de-Tela-2019-09-09-a%CC%80s-4.07.18-PM.png\" alt=\"\" class=\"wp-image-418047\" width=\"485\" height=\"486\" srcset=\"https:\/\/dhg1h5j42swfq.cloudfront.net\/2019\/09\/09160739\/Captura-de-Tela-2019-09-09-a%CC%80s-4.07.18-PM.png 1206w, https:\/\/dhg1h5j42swfq.cloudfront.net\/2019\/09\/09160739\/Captura-de-Tela-2019-09-09-a%CC%80s-4.07.18-PM.png 150w, https:\/\/dhg1h5j42swfq.cloudfront.net\/2019\/09\/09160739\/Captura-de-Tela-2019-09-09-a%CC%80s-4.07.18-PM.png 300w, https:\/\/dhg1h5j42swfq.cloudfront.net\/2019\/09\/09160739\/Captura-de-Tela-2019-09-09-a%CC%80s-4.07.18-PM.png 768w, https:\/\/dhg1h5j42swfq.cloudfront.net\/2019\/09\/09160739\/Captura-de-Tela-2019-09-09-a%CC%80s-4.07.18-PM.png 1021w, https:\/\/dhg1h5j42swfq.cloudfront.net\/2019\/09\/09160739\/Captura-de-Tela-2019-09-09-a%CC%80s-4.07.18-PM.png 610w\" sizes=\"auto, (max-width: 485px) 100vw, 485px\" \/><\/figure><\/div>\n\n\n\n<p>Nossa equipe cresce a cada dia, sempre buscando fazer o melhor por nossos alunos. <strong>E esse \u00e9 apenas o come\u00e7o!<\/strong> Queremos ir muito al\u00e9m. <\/p>\n\n\n\n<p>Nesse dia t\u00e3o especial, gostaria de <strong>agradecer a todos os nossos colaboradores e professores<\/strong>, que se esfor\u00e7am diariamente para entregar a voc\u00ea o que h\u00e1 de melhor na prepara\u00e7\u00e3o para concursos. <\/p>\n\n\n\n<p>Mas o meu maior agradecimento \u00e9 a voc\u00ea, nosso aluno, que deposita sua confian\u00e7a em nosso trabalho. N\u00f3s sentimos o peso dessa responsabilidade e, por isso, nossa dedica\u00e7\u00e3o sempre ser\u00e1 enorme.<\/p>\n\n\n\n<h2 class=\"wp-block-heading\">Grandes concursos \u00e0 vista!<\/h2>\n\n\n\n<p>Na \u00faltima sexta-feira, foi publicado o <strong><a href=\"https:\/\/www.estrategiaconcursos.com.br\/blog\/edital-trf-3\/\">edital do TRF 3a Regi\u00e3o<\/a><\/strong>, que ser\u00e1 um dos maiores concursos de Tribunais do ano. Outros ainda vir\u00e3o pela frente, como <strong>TJ-MG, TJ-RS, TJ-PA, MP-RJ<\/strong>, dentre outros. <\/p>\n\n\n\n<p>A <strong>PCDF<\/strong> tamb\u00e9m est\u00e1 chegando. J\u00e1 est\u00e3o autorizadas 300 vagas para Escriv\u00e3o e 1800 vagas para Agente. <\/p>\n\n\n\n<p>Na <strong>\u00c1rea Fiscal<\/strong>, continuamos todos ansiosos por SEFAZ\/DF e SEFAZ\/AL, que n\u00e3o devem demorar a serem publicados.<\/p>\n\n\n\n<p>Enfim, chegamos a setembro, mas ainda h\u00e1 muito por acontecer em 2019. <\/p>\n\n\n\n<h2 class=\"wp-block-heading\">Programa\u00e7\u00e3o Especial da Semana<\/h2>\n\n\n\n<p>As provas do ISS Campinas e do TJ-CE  j\u00e1 ser\u00e3o nos pr\u00f3ximos finais de semana. <\/p>\n\n\n\n<p>Por isso, programamos dois eventos especiais:<\/p>\n\n\n\n<ul class=\"wp-block-list\"><li><strong>1) Revis\u00e3o Acelerada ISS Campinas<\/strong>: S\u00e3o transmiss\u00f5es exclusivas para assinantes ou para quem adquiriu o Pacote Completo em nosso site. Se tiver d\u00favidas de como acessar, clique <a href=\"https:\/\/youtu.be\/dCBLdgt5PeY\">AQUI<\/a>. <\/li><li><strong>2) Hora da Verdade TJ\/CE<\/strong>: Ser\u00e3o transmiss\u00f5es realizadas ao vivo em nosso canal do YouTube.  Voc\u00ea pode se inscrever clicando <a href=\"https:\/\/www.estrategiaconcursos.com.br\/gratis\/hora-da-verdade-tj-ce\/\">AQUI<\/a>. <\/li><\/ul>\n\n\n\n<h2 class=\"wp-block-heading\">Programa\u00e7\u00e3o de Simulados<\/h2>\n\n\n\n<p>Como voc\u00eas sabem, estamos acelerando forte na elabora\u00e7\u00e3o de Simulados. A programa\u00e7\u00e3o para as pr\u00f3ximas semanas est\u00e1 aqui abaixo! <\/p>\n\n\n\n<ul class=\"wp-block-list\"><li><strong>6\u00ba Simulado PCDF \u2013 (14\/09)<\/strong><\/li><li><strong>2\u00ba Simulado TCU \u2013 (15\/09)<\/strong><\/li><li><strong>Simulado TJ-PR \u2013 T\u00e9cnico Judici\u00e1rio (15\/09)<\/strong><\/li><li><strong>3\u00ba Simulado TRF 3\u00aa Regi\u00e3o \u2013 TJAA (21\/09)<\/strong><\/li><li><strong>3\u00ba Simulado TRF 3\u00aa Regi\u00e3o \u2013 AJAJ<\/strong>&nbsp;<strong>(21\/09)<\/strong><\/li><li><strong>Simulado TJ-MA \u2013 TJAA (22\/09)<\/strong><\/li><li><strong>7\u00ba Simulado PCDF (28\/09)<\/strong><\/li><li><strong>3\u00ba Simulado TCDF (28\/09)<\/strong><\/li><li><strong>4\u00ba Simulado TRF 3\u00aa Regi\u00e3o \u2013 TJAA (05\/10)<\/strong><\/li><li><strong>4\u00ba Simulado TRF 3\u00aa Regi\u00e3o \u2013 AJAJ<\/strong>&nbsp;<strong>(05\/10)<\/strong><\/li><li><strong>Simulado ISS Rio Preto (06\/10)<\/strong><\/li><li><strong>3\u00ba Simulado TJ-AM \u2013 Assistente Judici\u00e1rio (06\/10)<\/strong><\/li><li><strong>3\u00ba Simulado TJ-AM \u2013 Analista Judici\u00e1rio (Direito) \u2013 (06\/10)<\/strong><\/li><\/ul>\n\n\n\n<h2 class=\"wp-block-heading\">Resposta aos assinantes<\/h2>\n\n\n\n<div class=\"wp-block-image\"><figure class=\"aligncenter is-resized\"><img loading=\"lazy\" decoding=\"async\" src=\"https:\/\/dhg1h5j42swfq.cloudfront.net\/2019\/09\/09170510\/Captura-de-Tela-2019-09-09-a%CC%80s-5.04.52-PM.png\" alt=\"\" class=\"wp-image-418118\" width=\"383\" height=\"381\" srcset=\"https:\/\/dhg1h5j42swfq.cloudfront.net\/2019\/09\/09170510\/Captura-de-Tela-2019-09-09-a%CC%80s-5.04.52-PM.png 1206w, https:\/\/dhg1h5j42swfq.cloudfront.net\/2019\/09\/09170510\/Captura-de-Tela-2019-09-09-a%CC%80s-5.04.52-PM.png 150w, https:\/\/dhg1h5j42swfq.cloudfront.net\/2019\/09\/09170510\/Captura-de-Tela-2019-09-09-a%CC%80s-5.04.52-PM.png 1024w, https:\/\/dhg1h5j42swfq.cloudfront.net\/2019\/09\/09170510\/Captura-de-Tela-2019-09-09-a%CC%80s-5.04.52-PM.png 610w\" sizes=\"auto, (max-width: 383px) 100vw, 383px\" \/><\/figure><\/div>\n\n\n\n<p>Como j\u00e1 \u00e9 tradi\u00e7\u00e3o, vamos \u00e0s nossas respostas aos assinantes. Lembre-se de que suas sugest\u00f5es s\u00e3o sempre muito bem-vindas!<\/p>\n\n\n\n<p>O <strong>Wellington<\/strong> deu uma sugest\u00e3o relevante sobre os \u00e1udios. <\/p>\n\n\n\n<div class=\"wp-block-image\"><figure class=\"aligncenter is-resized\"><img loading=\"lazy\" decoding=\"async\" src=\"https:\/\/dhg1h5j42swfq.cloudfront.net\/2019\/09\/09170558\/Captura-de-Tela-2019-09-09-a%CC%80s-5.01.49-PM.png\" alt=\"\" class=\"wp-image-418123\" width=\"804\" height=\"116\" srcset=\"https:\/\/dhg1h5j42swfq.cloudfront.net\/2019\/09\/09170558\/Captura-de-Tela-2019-09-09-a%CC%80s-5.01.49-PM.png 1930w, https:\/\/dhg1h5j42swfq.cloudfront.net\/2019\/09\/09170558\/Captura-de-Tela-2019-09-09-a%CC%80s-5.01.49-PM.png 300w, https:\/\/dhg1h5j42swfq.cloudfront.net\/2019\/09\/09170558\/Captura-de-Tela-2019-09-09-a%CC%80s-5.01.49-PM.png 768w, https:\/\/dhg1h5j42swfq.cloudfront.net\/2019\/09\/09170558\/Captura-de-Tela-2019-09-09-a%CC%80s-5.01.49-PM.png 1024w, https:\/\/dhg1h5j42swfq.cloudfront.net\/2019\/09\/09170558\/Captura-de-Tela-2019-09-09-a%CC%80s-5.01.49-PM.png 610w\" sizes=\"auto, (max-width: 804px) 100vw, 804px\" \/><\/figure><\/div>\n\n\n\n<p><strong>Resposta: <\/strong>Ol\u00e1, Wellington! Tudo bem? Excelente ideia!! Seria sensacional implementarmos. Pode deixar que iremos trabalhar nisso. <\/p>\n\n\n\n<p>&#8230;<\/p>\n\n\n\n<p>O<strong> Patrick<\/strong> estuda para TREs e perguntou sobre as Trilhas. <\/p>\n\n\n\n<div class=\"wp-block-image\"><figure class=\"aligncenter is-resized\"><img loading=\"lazy\" decoding=\"async\" src=\"https:\/\/dhg1h5j42swfq.cloudfront.net\/2019\/09\/09171125\/Captura-de-Tela-2019-09-09-a%CC%80s-5.10.50-PM.png\" alt=\"\" class=\"wp-image-418133\" width=\"811\" height=\"157\" srcset=\"https:\/\/dhg1h5j42swfq.cloudfront.net\/2019\/09\/09171125\/Captura-de-Tela-2019-09-09-a%CC%80s-5.10.50-PM.png 1964w, https:\/\/dhg1h5j42swfq.cloudfront.net\/2019\/09\/09171125\/Captura-de-Tela-2019-09-09-a%CC%80s-5.10.50-PM.png 300w, https:\/\/dhg1h5j42swfq.cloudfront.net\/2019\/09\/09171125\/Captura-de-Tela-2019-09-09-a%CC%80s-5.10.50-PM.png 768w, https:\/\/dhg1h5j42swfq.cloudfront.net\/2019\/09\/09171125\/Captura-de-Tela-2019-09-09-a%CC%80s-5.10.50-PM.png 1024w, https:\/\/dhg1h5j42swfq.cloudfront.net\/2019\/09\/09171125\/Captura-de-Tela-2019-09-09-a%CC%80s-5.10.50-PM.png 610w\" sizes=\"auto, (max-width: 811px) 100vw, 811px\" \/><\/figure><\/div>\n\n\n\n<p><strong>Resposta<\/strong>: Ol\u00e1, Patrick!! Tudo bem? Que \u00f3timo que est\u00e1 gostando desses artigos. Fico muito feliz por isso. O ano de 2020 deve marcar mesmo o retorno dos concursos de TREs. O primeiro a vir dever\u00e1 ser o TRE\/PA. Quando esse concurso esquentar, lan\u00e7aremos uma Trilha espec\u00edfica pra ele. Por enquanto, nossa recomenda\u00e7\u00e3o \u00e9 estudar pela Trilha gen\u00e9rica de Tribunais.<\/p>\n\n\n\n<p>&#8230;<\/p>\n\n\n\n<p>O <strong>Eduardo<\/strong> apresentou uma cr\u00edtica \u00e0 disponibiliza\u00e7\u00e3o das aulas. <\/p>\n\n\n\n<figure class=\"wp-block-image is-resized\"><img loading=\"lazy\" decoding=\"async\" src=\"https:\/\/dhg1h5j42swfq.cloudfront.net\/2019\/09\/09171448\/Captura-de-Tela-2019-09-09-a%CC%80s-5.14.31-PM.png\" alt=\"\" class=\"wp-image-418141\" width=\"796\" height=\"179\" srcset=\"https:\/\/dhg1h5j42swfq.cloudfront.net\/2019\/09\/09171448\/Captura-de-Tela-2019-09-09-a%CC%80s-5.14.31-PM.png 1964w, https:\/\/dhg1h5j42swfq.cloudfront.net\/2019\/09\/09171448\/Captura-de-Tela-2019-09-09-a%CC%80s-5.14.31-PM.png 300w, https:\/\/dhg1h5j42swfq.cloudfront.net\/2019\/09\/09171448\/Captura-de-Tela-2019-09-09-a%CC%80s-5.14.31-PM.png 768w, https:\/\/dhg1h5j42swfq.cloudfront.net\/2019\/09\/09171448\/Captura-de-Tela-2019-09-09-a%CC%80s-5.14.31-PM.png 1024w, https:\/\/dhg1h5j42swfq.cloudfront.net\/2019\/09\/09171448\/Captura-de-Tela-2019-09-09-a%CC%80s-5.14.31-PM.png 610w\" sizes=\"auto, (max-width: 796px) 100vw, 796px\" \/><\/figure>\n\n\n\n<p><strong>Resposta<\/strong>: Ol\u00e1, Eduardo! Tudo bem? Muito obrigado pelo feedback! <\/p>\n\n\n\n<p>Os professores vivem um dilema bem complexo. Queremos disponibilizar PDFs sempre atualizados e com o maior n\u00famero de quest\u00f5es poss\u00edvel. Vivemos dia e noite trabalhando nisso. <\/p>\n\n\n\n<p>Por esse motivo, costumamos fazer as postagens seguindo um cronograma de disponibiliza\u00e7\u00e3o das aulas. Como consequ\u00eancia, os alunos n\u00e3o t\u00eam as coisas sempre prontas na \u00e1rea do aluno. Na \u00faltima sexta-feira, por exemplo, saiu o edital TRF3. Os professores v\u00e3o adaptar todos os seus cursos para refletir exatamente o que est\u00e1 previsto no conte\u00fado program\u00e1tico exigido pela FCC. <\/p>\n\n\n\n<p>&#8230;<\/p>\n\n\n\n<p>O <strong>Geraldo<\/strong> quer se preparar para Carreiras Jur\u00eddicas e sugere que esses cursos sejam inclu\u00eddos na assinatura ilimitada. <\/p>\n\n\n\n<div class=\"wp-block-image\"><figure class=\"aligncenter is-resized\"><img loading=\"lazy\" decoding=\"async\" src=\"https:\/\/dhg1h5j42swfq.cloudfront.net\/2019\/09\/09172007\/Captura-de-Tela-2019-09-09-a%CC%80s-5.19.49-PM.png\" alt=\"\" class=\"wp-image-418147\" width=\"822\" height=\"84\" srcset=\"https:\/\/dhg1h5j42swfq.cloudfront.net\/2019\/09\/09172007\/Captura-de-Tela-2019-09-09-a%CC%80s-5.19.49-PM.png 1966w, https:\/\/dhg1h5j42swfq.cloudfront.net\/2019\/09\/09172007\/Captura-de-Tela-2019-09-09-a%CC%80s-5.19.49-PM.png 300w, https:\/\/dhg1h5j42swfq.cloudfront.net\/2019\/09\/09172007\/Captura-de-Tela-2019-09-09-a%CC%80s-5.19.49-PM.png 768w, https:\/\/dhg1h5j42swfq.cloudfront.net\/2019\/09\/09172007\/Captura-de-Tela-2019-09-09-a%CC%80s-5.19.49-PM.png 1024w, https:\/\/dhg1h5j42swfq.cloudfront.net\/2019\/09\/09172007\/Captura-de-Tela-2019-09-09-a%CC%80s-5.19.49-PM.png 610w\" sizes=\"auto, (max-width: 822px) 100vw, 822px\" \/><\/figure><\/div>\n\n\n\n<p><strong>Resposta<\/strong>: Ol\u00e1, Geraldo! Tudo bem? Acredito que o ideal \u00e9 que, no futuro, n\u00f3s tenhamos uma assinatura espec\u00edfica de Carreiras Jur\u00eddicas, que abarcar\u00e1 conte\u00fados para Delegados, Procuradores, Promotores, Ju\u00edzes, Defensores P\u00fablicos, etc. \u00c9 bem prov\u00e1vel que sigamos por esse caminho. Mas ainda vai demorar um pouco. <\/p>\n\n\n\n<p>&#8230;.<\/p>\n\n\n\n<p>Amigos, vou ficando por aqui!!! Vida longa \u00e0 Corujinha mais amada do Brasil!! :) <\/p>\n\n\n\n<p><strong>Abra\u00e7os,<\/strong><\/p>\n\n\n\n<p><strong>Ricardo Vale<\/strong><\/p>\n\n\n\n<p><strong>Instagram<\/strong>: <a href=\"https:\/\/www.instagram.com\/profricardovale\/\">@profricardovale<\/a><\/p>\n","protected":false},"excerpt":{"rendered":"<p>Ol\u00e1, pessoal! Tudo bem? Hoje \u00e9 um dia especial aqui no Estrat\u00e9gia Concursos. A Corujinha faz exatamente 8 anos de vida. Quando come\u00e7amos, em 2011, s\u00f3 aqueles que moravam nas grandes capitais \u00e9 que tinham condi\u00e7\u00f5es de se preparar para os concursos mais dif\u00edceis do Brasil. Hoje, a realidade \u00e9 outra. N\u00e3o importa onde voc\u00ea [&hellip;]<\/p>\n","protected":false},"author":26,"featured_media":0,"comment_status":"open","ping_status":"closed","sticky":false,"template":"","format":"standard","meta":{"post_tipo":"article","footnotes":""},"categories":[1],"tags":[],"tax_estado":[],"class_list":["post-418044","post","type-post","status-publish","format-standard","hentry","category-cursos-e-concursos"],"acf":[],"yoast_head":"<!-- This site is optimized with the Yoast SEO Premium plugin v27.2 (Yoast SEO v27.2) - https:\/\/yoast.com\/product\/yoast-seo-premium-wordpress\/ -->\n<title>Mensagem aos Assinantes 12:  Corujinha fazendo 8 anos de idade!<\/title>\n<meta name=\"robots\" content=\"index, follow, max-snippet:-1, max-image-preview:large, max-video-preview:-1\" \/>\n<link rel=\"canonical\" href=\"https:\/\/www.estrategiaconcursos.com.br\/blog\/mensagem-aos-assinantes-12-corujinha-fazendo-8-anos-de-idade\/\" \/>\n<meta property=\"og:locale\" content=\"pt_BR\" \/>\n<meta property=\"og:type\" content=\"article\" \/>\n<meta property=\"og:title\" content=\"Mensagem aos Assinantes 12:  Corujinha fazendo 8 anos de idade!\" \/>\n<meta property=\"og:description\" content=\"Ol\u00e1, pessoal! Tudo bem? Hoje \u00e9 um dia especial aqui no Estrat\u00e9gia Concursos. A Corujinha faz exatamente 8 anos de vida. Quando come\u00e7amos, em 2011, s\u00f3 aqueles que moravam nas grandes capitais \u00e9 que tinham condi\u00e7\u00f5es de se preparar para os concursos mais dif\u00edceis do Brasil. Hoje, a realidade \u00e9 outra. N\u00e3o importa onde voc\u00ea [&hellip;]\" \/>\n<meta property=\"og:url\" content=\"https:\/\/www.estrategiaconcursos.com.br\/blog\/mensagem-aos-assinantes-12-corujinha-fazendo-8-anos-de-idade\/\" \/>\n<meta property=\"og:site_name\" content=\"Estrat\u00e9gia Concursos\" \/>\n<meta property=\"article:author\" content=\"https:\/\/www.facebook.com\/rvale01\" \/>\n<meta property=\"article:published_time\" content=\"2019-09-09T20:24:07+00:00\" \/>\n<meta property=\"article:modified_time\" content=\"2019-09-17T00:35:53+00:00\" \/>\n<meta name=\"author\" content=\"Ricardo Vale\" \/>\n<meta name=\"twitter:card\" content=\"summary_large_image\" \/>\n<meta name=\"twitter:creator\" content=\"@https:\/\/twitter.com\/EstratConcursos\" \/>\n<meta name=\"twitter:site\" content=\"@EstratConcursos\" \/>\n<meta name=\"twitter:label1\" content=\"Escrito por\" \/>\n\t<meta name=\"twitter:data1\" content=\"Ricardo Vale\" \/>\n\t<meta name=\"twitter:label2\" content=\"Est. tempo de leitura\" \/>\n\t<meta name=\"twitter:data2\" content=\"4 minutos\" \/>\n<script type=\"application\/ld+json\" class=\"yoast-schema-graph\">{\"@context\":\"https:\/\/schema.org\",\"@graph\":[{\"@type\":\"NewsArticle\",\"@id\":\"https:\/\/www.estrategiaconcursos.com.br\/blog\/mensagem-aos-assinantes-12-corujinha-fazendo-8-anos-de-idade\/#article\",\"isPartOf\":{\"@id\":\"https:\/\/www.estrategiaconcursos.com.br\/blog\/mensagem-aos-assinantes-12-corujinha-fazendo-8-anos-de-idade\/\"},\"author\":{\"name\":\"Ricardo Vale\",\"@id\":\"https:\/\/www.estrategiaconcursos.com.br\/blog\/#\/schema\/person\/c32e47dba2159cafe7796a9569a6ff7e\"},\"headline\":\"Mensagem aos Assinantes 12: Corujinha fazendo 8 anos de idade!\",\"datePublished\":\"2019-09-09T20:24:07+00:00\",\"dateModified\":\"2019-09-17T00:35:53+00:00\",\"mainEntityOfPage\":{\"@id\":\"https:\/\/www.estrategiaconcursos.com.br\/blog\/mensagem-aos-assinantes-12-corujinha-fazendo-8-anos-de-idade\/\"},\"wordCount\":761,\"commentCount\":51,\"publisher\":{\"@id\":\"https:\/\/www.estrategiaconcursos.com.br\/blog\/#organization\"},\"articleSection\":[\"Concursos P\u00fablicos\"],\"inLanguage\":\"pt-BR\",\"potentialAction\":[{\"@type\":\"CommentAction\",\"name\":\"Comment\",\"target\":[\"https:\/\/www.estrategiaconcursos.com.br\/blog\/mensagem-aos-assinantes-12-corujinha-fazendo-8-anos-de-idade\/#respond\"]}],\"copyrightYear\":\"2019\",\"copyrightHolder\":{\"@id\":\"https:\/\/www.estrategiaconcursos.com.br\/blog\/#organization\"}},{\"@type\":\"WebPage\",\"@id\":\"https:\/\/www.estrategiaconcursos.com.br\/blog\/mensagem-aos-assinantes-12-corujinha-fazendo-8-anos-de-idade\/\",\"url\":\"https:\/\/www.estrategiaconcursos.com.br\/blog\/mensagem-aos-assinantes-12-corujinha-fazendo-8-anos-de-idade\/\",\"name\":\"Mensagem aos Assinantes 12: Corujinha fazendo 8 anos de idade!\",\"isPartOf\":{\"@id\":\"https:\/\/www.estrategiaconcursos.com.br\/blog\/#website\"},\"datePublished\":\"2019-09-09T20:24:07+00:00\",\"dateModified\":\"2019-09-17T00:35:53+00:00\",\"breadcrumb\":{\"@id\":\"https:\/\/www.estrategiaconcursos.com.br\/blog\/mensagem-aos-assinantes-12-corujinha-fazendo-8-anos-de-idade\/#breadcrumb\"},\"inLanguage\":\"pt-BR\",\"potentialAction\":[{\"@type\":\"ReadAction\",\"target\":[\"https:\/\/www.estrategiaconcursos.com.br\/blog\/mensagem-aos-assinantes-12-corujinha-fazendo-8-anos-de-idade\/\"]}]},{\"@type\":\"BreadcrumbList\",\"@id\":\"https:\/\/www.estrategiaconcursos.com.br\/blog\/mensagem-aos-assinantes-12-corujinha-fazendo-8-anos-de-idade\/#breadcrumb\",\"itemListElement\":[{\"@type\":\"ListItem\",\"position\":1,\"name\":\"In\u00edcio\",\"item\":\"https:\/\/www.estrategiaconcursos.com.br\/blog\/\"},{\"@type\":\"ListItem\",\"position\":2,\"name\":\"Mensagem aos Assinantes 12: Corujinha fazendo 8 anos de idade!\"}]},{\"@type\":\"WebSite\",\"@id\":\"https:\/\/www.estrategiaconcursos.com.br\/blog\/#website\",\"url\":\"https:\/\/www.estrategiaconcursos.com.br\/blog\/\",\"name\":\"Estrat\u00e9gia Concursos\",\"description\":\"O blog da Estrat\u00e9gia Concursos traz not\u00edcias sobre concursos e artigos de professores oferecendo cursos para concursos (pdf + videaulas) no site.\",\"publisher\":{\"@id\":\"https:\/\/www.estrategiaconcursos.com.br\/blog\/#organization\"},\"potentialAction\":[{\"@type\":\"SearchAction\",\"target\":{\"@type\":\"EntryPoint\",\"urlTemplate\":\"https:\/\/www.estrategiaconcursos.com.br\/blog\/?s={search_term_string}\"},\"query-input\":{\"@type\":\"PropertyValueSpecification\",\"valueRequired\":true,\"valueName\":\"search_term_string\"}}],\"inLanguage\":\"pt-BR\"},{\"@type\":\"Organization\",\"@id\":\"https:\/\/www.estrategiaconcursos.com.br\/blog\/#organization\",\"name\":\"Estrat\u00e9gia Concursos\",\"url\":\"https:\/\/www.estrategiaconcursos.com.br\/blog\/\",\"logo\":{\"@type\":\"ImageObject\",\"inLanguage\":\"pt-BR\",\"@id\":\"https:\/\/www.estrategiaconcursos.com.br\/blog\/#\/schema\/logo\/image\/\",\"url\":\"https:\/\/dhg1h5j42swfq.cloudfront.net\/2025\/06\/03203428\/logo_concursos-1.jpg\",\"contentUrl\":\"https:\/\/dhg1h5j42swfq.cloudfront.net\/2025\/06\/03203428\/logo_concursos-1.jpg\",\"width\":230,\"height\":60,\"caption\":\"Estrat\u00e9gia Concursos\"},\"image\":{\"@id\":\"https:\/\/www.estrategiaconcursos.com.br\/blog\/#\/schema\/logo\/image\/\"},\"sameAs\":[\"https:\/\/x.com\/EstratConcursos\"]},{\"@type\":\"Person\",\"@id\":\"https:\/\/www.estrategiaconcursos.com.br\/blog\/#\/schema\/person\/c32e47dba2159cafe7796a9569a6ff7e\",\"name\":\"Ricardo Vale\",\"image\":{\"@type\":\"ImageObject\",\"inLanguage\":\"pt-BR\",\"@id\":\"https:\/\/secure.gravatar.com\/avatar\/e5a5658c798bb49dd53314263f59f38c192d73370fb65839a372c2ae9027be74?s=96&d=mm&r=g\",\"url\":\"https:\/\/secure.gravatar.com\/avatar\/e5a5658c798bb49dd53314263f59f38c192d73370fb65839a372c2ae9027be74?s=96&d=mm&r=g\",\"contentUrl\":\"https:\/\/secure.gravatar.com\/avatar\/e5a5658c798bb49dd53314263f59f38c192d73370fb65839a372c2ae9027be74?s=96&d=mm&r=g\",\"caption\":\"Ricardo Vale\"},\"sameAs\":[\"https:\/\/www.facebook.com\/rvale01\",\"https:\/\/x.com\/https:\/\/twitter.com\/EstratConcursos\"],\"url\":\"https:\/\/www.estrategiaconcursos.com.br\/blog\/author\/ricardovaleestrategiaconcursos-com-br\/\"}]}<\/script>\n<!-- \/ Yoast SEO Premium plugin. -->","yoast_head_json":{"title":"Mensagem aos Assinantes 12:  Corujinha fazendo 8 anos de idade!","robots":{"index":"index","follow":"follow","max-snippet":"max-snippet:-1","max-image-preview":"max-image-preview:large","max-video-preview":"max-video-preview:-1"},"canonical":"https:\/\/www.estrategiaconcursos.com.br\/blog\/mensagem-aos-assinantes-12-corujinha-fazendo-8-anos-de-idade\/","og_locale":"pt_BR","og_type":"article","og_title":"Mensagem aos Assinantes 12:  Corujinha fazendo 8 anos de idade!","og_description":"Ol\u00e1, pessoal! Tudo bem? Hoje \u00e9 um dia especial aqui no Estrat\u00e9gia Concursos. A Corujinha faz exatamente 8 anos de vida. Quando come\u00e7amos, em 2011, s\u00f3 aqueles que moravam nas grandes capitais \u00e9 que tinham condi\u00e7\u00f5es de se preparar para os concursos mais dif\u00edceis do Brasil. Hoje, a realidade \u00e9 outra. N\u00e3o importa onde voc\u00ea [&hellip;]","og_url":"https:\/\/www.estrategiaconcursos.com.br\/blog\/mensagem-aos-assinantes-12-corujinha-fazendo-8-anos-de-idade\/","og_site_name":"Estrat\u00e9gia Concursos","article_author":"https:\/\/www.facebook.com\/rvale01","article_published_time":"2019-09-09T20:24:07+00:00","article_modified_time":"2019-09-17T00:35:53+00:00","author":"Ricardo Vale","twitter_card":"summary_large_image","twitter_creator":"@https:\/\/twitter.com\/EstratConcursos","twitter_site":"@EstratConcursos","twitter_misc":{"Escrito por":"Ricardo Vale","Est. tempo de leitura":"4 minutos"},"schema":{"@context":"https:\/\/schema.org","@graph":[{"@type":"NewsArticle","@id":"https:\/\/www.estrategiaconcursos.com.br\/blog\/mensagem-aos-assinantes-12-corujinha-fazendo-8-anos-de-idade\/#article","isPartOf":{"@id":"https:\/\/www.estrategiaconcursos.com.br\/blog\/mensagem-aos-assinantes-12-corujinha-fazendo-8-anos-de-idade\/"},"author":{"name":"Ricardo Vale","@id":"https:\/\/www.estrategiaconcursos.com.br\/blog\/#\/schema\/person\/c32e47dba2159cafe7796a9569a6ff7e"},"headline":"Mensagem aos Assinantes 12: Corujinha fazendo 8 anos de idade!","datePublished":"2019-09-09T20:24:07+00:00","dateModified":"2019-09-17T00:35:53+00:00","mainEntityOfPage":{"@id":"https:\/\/www.estrategiaconcursos.com.br\/blog\/mensagem-aos-assinantes-12-corujinha-fazendo-8-anos-de-idade\/"},"wordCount":761,"commentCount":51,"publisher":{"@id":"https:\/\/www.estrategiaconcursos.com.br\/blog\/#organization"},"articleSection":["Concursos P\u00fablicos"],"inLanguage":"pt-BR","potentialAction":[{"@type":"CommentAction","name":"Comment","target":["https:\/\/www.estrategiaconcursos.com.br\/blog\/mensagem-aos-assinantes-12-corujinha-fazendo-8-anos-de-idade\/#respond"]}],"copyrightYear":"2019","copyrightHolder":{"@id":"https:\/\/www.estrategiaconcursos.com.br\/blog\/#organization"}},{"@type":"WebPage","@id":"https:\/\/www.estrategiaconcursos.com.br\/blog\/mensagem-aos-assinantes-12-corujinha-fazendo-8-anos-de-idade\/","url":"https:\/\/www.estrategiaconcursos.com.br\/blog\/mensagem-aos-assinantes-12-corujinha-fazendo-8-anos-de-idade\/","name":"Mensagem aos Assinantes 12: Corujinha fazendo 8 anos de idade!","isPartOf":{"@id":"https:\/\/www.estrategiaconcursos.com.br\/blog\/#website"},"datePublished":"2019-09-09T20:24:07+00:00","dateModified":"2019-09-17T00:35:53+00:00","breadcrumb":{"@id":"https:\/\/www.estrategiaconcursos.com.br\/blog\/mensagem-aos-assinantes-12-corujinha-fazendo-8-anos-de-idade\/#breadcrumb"},"inLanguage":"pt-BR","potentialAction":[{"@type":"ReadAction","target":["https:\/\/www.estrategiaconcursos.com.br\/blog\/mensagem-aos-assinantes-12-corujinha-fazendo-8-anos-de-idade\/"]}]},{"@type":"BreadcrumbList","@id":"https:\/\/www.estrategiaconcursos.com.br\/blog\/mensagem-aos-assinantes-12-corujinha-fazendo-8-anos-de-idade\/#breadcrumb","itemListElement":[{"@type":"ListItem","position":1,"name":"In\u00edcio","item":"https:\/\/www.estrategiaconcursos.com.br\/blog\/"},{"@type":"ListItem","position":2,"name":"Mensagem aos Assinantes 12: Corujinha fazendo 8 anos de idade!"}]},{"@type":"WebSite","@id":"https:\/\/www.estrategiaconcursos.com.br\/blog\/#website","url":"https:\/\/www.estrategiaconcursos.com.br\/blog\/","name":"Estrat\u00e9gia Concursos","description":"O blog da Estrat\u00e9gia Concursos traz not\u00edcias sobre concursos e artigos de professores oferecendo cursos para concursos (pdf + videaulas) no site.","publisher":{"@id":"https:\/\/www.estrategiaconcursos.com.br\/blog\/#organization"},"potentialAction":[{"@type":"SearchAction","target":{"@type":"EntryPoint","urlTemplate":"https:\/\/www.estrategiaconcursos.com.br\/blog\/?s={search_term_string}"},"query-input":{"@type":"PropertyValueSpecification","valueRequired":true,"valueName":"search_term_string"}}],"inLanguage":"pt-BR"},{"@type":"Organization","@id":"https:\/\/www.estrategiaconcursos.com.br\/blog\/#organization","name":"Estrat\u00e9gia Concursos","url":"https:\/\/www.estrategiaconcursos.com.br\/blog\/","logo":{"@type":"ImageObject","inLanguage":"pt-BR","@id":"https:\/\/www.estrategiaconcursos.com.br\/blog\/#\/schema\/logo\/image\/","url":"https:\/\/dhg1h5j42swfq.cloudfront.net\/2025\/06\/03203428\/logo_concursos-1.jpg","contentUrl":"https:\/\/dhg1h5j42swfq.cloudfront.net\/2025\/06\/03203428\/logo_concursos-1.jpg","width":230,"height":60,"caption":"Estrat\u00e9gia Concursos"},"image":{"@id":"https:\/\/www.estrategiaconcursos.com.br\/blog\/#\/schema\/logo\/image\/"},"sameAs":["https:\/\/x.com\/EstratConcursos"]},{"@type":"Person","@id":"https:\/\/www.estrategiaconcursos.com.br\/blog\/#\/schema\/person\/c32e47dba2159cafe7796a9569a6ff7e","name":"Ricardo Vale","image":{"@type":"ImageObject","inLanguage":"pt-BR","@id":"https:\/\/secure.gravatar.com\/avatar\/e5a5658c798bb49dd53314263f59f38c192d73370fb65839a372c2ae9027be74?s=96&d=mm&r=g","url":"https:\/\/secure.gravatar.com\/avatar\/e5a5658c798bb49dd53314263f59f38c192d73370fb65839a372c2ae9027be74?s=96&d=mm&r=g","contentUrl":"https:\/\/secure.gravatar.com\/avatar\/e5a5658c798bb49dd53314263f59f38c192d73370fb65839a372c2ae9027be74?s=96&d=mm&r=g","caption":"Ricardo Vale"},"sameAs":["https:\/\/www.facebook.com\/rvale01","https:\/\/x.com\/https:\/\/twitter.com\/EstratConcursos"],"url":"https:\/\/www.estrategiaconcursos.com.br\/blog\/author\/ricardovaleestrategiaconcursos-com-br\/"}]}},"_links":{"self":[{"href":"https:\/\/www.estrategiaconcursos.com.br\/blog\/wp-json\/wp\/v2\/posts\/418044","targetHints":{"allow":["GET"]}}],"collection":[{"href":"https:\/\/www.estrategiaconcursos.com.br\/blog\/wp-json\/wp\/v2\/posts"}],"about":[{"href":"https:\/\/www.estrategiaconcursos.com.br\/blog\/wp-json\/wp\/v2\/types\/post"}],"author":[{"embeddable":true,"href":"https:\/\/www.estrategiaconcursos.com.br\/blog\/wp-json\/wp\/v2\/users\/26"}],"replies":[{"embeddable":true,"href":"https:\/\/www.estrategiaconcursos.com.br\/blog\/wp-json\/wp\/v2\/comments?post=418044"}],"version-history":[{"count":2,"href":"https:\/\/www.estrategiaconcursos.com.br\/blog\/wp-json\/wp\/v2\/posts\/418044\/revisions"}],"predecessor-version":[{"id":418153,"href":"https:\/\/www.estrategiaconcursos.com.br\/blog\/wp-json\/wp\/v2\/posts\/418044\/revisions\/418153"}],"wp:attachment":[{"href":"https:\/\/www.estrategiaconcursos.com.br\/blog\/wp-json\/wp\/v2\/media?parent=418044"}],"wp:term":[{"taxonomy":"category","embeddable":true,"href":"https:\/\/www.estrategiaconcursos.com.br\/blog\/wp-json\/wp\/v2\/categories?post=418044"},{"taxonomy":"post_tag","embeddable":true,"href":"https:\/\/www.estrategiaconcursos.com.br\/blog\/wp-json\/wp\/v2\/tags?post=418044"},{"taxonomy":"tax_estado","embeddable":true,"href":"https:\/\/www.estrategiaconcursos.com.br\/blog\/wp-json\/wp\/v2\/tax_estado?post=418044"}],"curies":[{"name":"wp","href":"https:\/\/api.w.org\/{rel}","templated":true}]}}