{"id":417544,"date":"2019-09-06T18:33:58","date_gmt":"2019-09-06T21:33:58","guid":{"rendered":"https:\/\/www.estrategiaconcursos.com.br\/blog\/?p=417544"},"modified":"2019-09-06T19:09:50","modified_gmt":"2019-09-06T22:09:50","slug":"direito-administrativo-trf3","status":"publish","type":"post","link":"https:\/\/www.estrategiaconcursos.com.br\/blog\/direito-administrativo-trf3\/","title":{"rendered":"Direito Administrativo TRF3"},"content":{"rendered":"\n<p>Ol\u00e1 pessoal! Aqui \u00e9 o Prof. Herbert Almeida. E foi divulgado o t\u00e3o esperado concurso do TRF3. Para quem vem esperando concursos de tribunais federais, esta \u00e9 mais uma grande oportunidade.<\/p>\n\n\n\n<p>N\u00e3o vou falar, neste v\u00eddeo, sobre o concurso em si. Informa\u00e7\u00f5es sobre data, vagas, local de realiza\u00e7\u00e3o, etc., podem ser obtidas em outros eventos aqui do Estrat\u00e9gia Concursos.<\/p>\n\n\n\n<p>O meu prop\u00f3sito \u00e9 trazer um guia geral de prepara\u00e7\u00e3o para o TRF3.<\/p>\n\n\n\n<p>Neste artigo, voc\u00ea vai encontrar as seguintes informa\u00e7\u00f5es:<\/p>\n\n\n\n<ol class=\"wp-block-list\"><li><em><strong>Conte\u00fado program\u00e1tico de Direito Administrativo do TRF3;<\/strong><\/em><\/li><li><em><strong>Compara\u00e7\u00e3o do conte\u00fado do TRF3 com o TRF4;<\/strong><\/em><\/li><li><em><strong>\u00cdndice de assuntos mais cobrados pela FCC em Direito Administrativo;<\/strong><\/em><\/li><li><em><strong>Orienta\u00e7\u00e3o sobre o conte\u00fado program\u00e1tico do edital;<\/strong><\/em><\/li><li><em><strong>Prova do TRF3, do \u00faltimo concurso, comentada.<\/strong><\/em><\/li><li><em><strong>Link com os coment\u00e1rios das quest\u00f5es do TRF4, para voc\u00ea usar como refer\u00eancia.<\/strong><\/em><\/li><\/ol>\n\n\n\n<h4 class=\"wp-block-heading\">An\u00e1lise em v\u00eddeo:<\/h4>\n\n\n<figure class=\"wp-block-embed-youtube wp-block-embed is-type-video is-provider-youtube wp-embed-aspect-16-9 wp-has-aspect-ratio\"><div class=\"lyte-wrapper\" style=\"width:853px;max-width:100%;margin:5px;\"><div class=\"lyMe\" id=\"WYL_SuOpgFsHUq8\"><div id=\"lyte_SuOpgFsHUq8\" data-src=\"\/\/i.ytimg.com\/vi\/SuOpgFsHUq8\/hqdefault.jpg\" class=\"pL\"><div class=\"tC\"><div class=\"tT\"><\/div><\/div><div class=\"play\"><\/div><div class=\"ctrl\"><div class=\"Lctrl\"><\/div><div class=\"Rctrl\"><\/div><\/div><\/div><noscript><a href=\"https:\/\/youtu.be\/SuOpgFsHUq8\" rel=\"nofollow\"><img loading=\"lazy\" decoding=\"async\" src=\"https:\/\/i.ytimg.com\/vi\/SuOpgFsHUq8\/0.jpg\" alt=\"YouTube video thumbnail\" width=\"853\" height=\"460\" \/><br \/>Assista a este v\u00eddeo no YouTube<\/a><\/noscript><\/div><\/div><div class=\"lL\" style=\"max-width:100%;width:853px;margin:5px;\"><\/div><figcaption><\/figcaption><\/figure>\n\n\n<h2 class=\"wp-block-heading\">(1) Conte\u00fado Program\u00e1tico de Direito Administrativo<\/h2>\n\n\n\n<p>Inicialmente, \u00e9 importante destacar que teremos quatro cargos, cada um com  seu pr\u00f3prio conte\u00fado program\u00e1tico. Vamos come\u00e7ar, ent\u00e3o, apenas citando os conte\u00fados. Depois, vamos analis\u00e1-los:<\/p>\n\n\n\n<h4 class=\"wp-block-heading\">T\u00e9cnico Judici\u00e1rio &#8211; \u00c1rea Administrativa<\/h4>\n\n\n\n<blockquote class=\"wp-block-quote is-layout-flow wp-block-quote-is-layout-flow\"><p><strong> NO\u00c7\u00d5ES DE DIREITO ADMINISTRATIVO<\/strong>: Princ\u00edpios b\u00e1sicos da Administra\u00e7\u00e3o P\u00fablica. Organiza\u00e7\u00e3o administrativa: administra\u00e7\u00e3o direta e indireta; centralizada e descentralizada; autarquias, funda\u00e7\u00f5es, empresas p\u00fablicas, sociedades de economia mista. Poderes administrativos: poder hier\u00e1rquico, poder disciplinar, poder regulamentar, poder de pol\u00edcia, uso e abuso do poder. Servidores p\u00fablicos: cargo, emprego e fun\u00e7\u00e3o p\u00fablicos. Ato administrativo: conceito, requisitos e atributos; anula\u00e7\u00e3o, revoga\u00e7\u00e3o e convalida\u00e7\u00e3o; discricionariedade e vincula\u00e7\u00e3o. Lei n\u00ba 8.112\/1990 (Regime Jur\u00eddico dos Servidores P\u00fablicos Civis da Uni\u00e3o e altera\u00e7\u00f5es): disposi\u00e7\u00f5es preliminares; provimento, vac\u00e2ncia, remo\u00e7\u00e3o, redistribui\u00e7\u00e3o e substitui\u00e7\u00e3o; direitos e vantagens: vencimento e remunera\u00e7\u00e3o, vantagens, f\u00e9rias, licen\u00e7as, afastamentos, direito de peti\u00e7\u00e3o; regime disciplinar: deveres e proibi\u00e7\u00f5es, acumula\u00e7\u00e3o, responsabilidades, penalidades; processo administrativo disciplinar. Licita\u00e7\u00f5es (Lei n\u00ba 8.666\/1993 e altera\u00e7\u00f5es posteriores): das disposi\u00e7\u00f5es gerais; da licita\u00e7\u00e3o; dos contratos; das disposi\u00e7\u00f5es gerais das san\u00e7\u00f5es administrativas, das san\u00e7\u00f5es administrativas. Preg\u00e3o (Lei n\u00ba 10.520\/2002). Responsabilidade extracontratual do Estado. Processo administrativo (Lei n\u00b0 9.784\/1999). Improbidade Administrativa (Lei n\u00ba 8.429\/1992). <\/p><\/blockquote>\n\n\n\n<h4 class=\"wp-block-heading\">Analista Judici\u00e1rio &#8211; \u00c1rea Judici\u00e1ria<\/h4>\n\n\n\n<blockquote class=\"wp-block-quote is-layout-flow wp-block-quote-is-layout-flow\"><p> <strong>DIREITO ADMINISTRATIVO<\/strong>: Administra\u00e7\u00e3o p\u00fablica: princ\u00edpios b\u00e1sicos. Poderes administrativos: poder hier\u00e1rquico, poder disciplinar, poder regulamentar, poder de pol\u00edcia, uso e abuso do poder. Ato administrativo: conceito, requisitos e atributos; anula\u00e7\u00e3o, revoga\u00e7\u00e3o e convalida\u00e7\u00e3o; discricionariedade e vincula\u00e7\u00e3o. Organiza\u00e7\u00e3o administrativa: administra\u00e7\u00e3o direta e indireta; centralizada e descentralizada; autarquias, funda\u00e7\u00f5es, empresas p\u00fablicas, sociedades de economia mista. Cons\u00f3rcios p\u00fablicos (Lei n\u00ba 11.107\/2005). \u00d3rg\u00e3os p\u00fablicos: conceito, natureza e classifica\u00e7\u00e3o. Servidores p\u00fablicos: cargo, emprego e fun\u00e7\u00e3o p\u00fablicos. Lei n\u00ba 8.112\/1990 (Regime Jur\u00eddico dos Servidores P\u00fablicos Civis da Uni\u00e3o e altera\u00e7\u00f5es): disposi\u00e7\u00f5es preliminares; provimento, vac\u00e2ncia, remo\u00e7\u00e3o, redistribui\u00e7\u00e3o e substitui\u00e7\u00e3o; direitos e vantagens: vencimento e remunera\u00e7\u00e3o, vantagens, f\u00e9rias, licen\u00e7as, afastamentos, direito de peti\u00e7\u00e3o; regime disciplinar: deveres e proibi\u00e7\u00f5es, acumula\u00e7\u00e3o, responsabilidades, penalidades; processo administrativo disciplinar. Processo administrativo (Lei n\u00ba 9.784\/1999). Controle e responsabiliza\u00e7\u00e3o da administra\u00e7\u00e3o: controle administrativo; controle judicial; controle legislativo. Responsabilidade extracontratual do Estado. Improbidade Administrativa (Lei n\u00ba 8.429\/1992). Lei n\u00ba 11.416\/2006. Licita\u00e7\u00f5es e Contratos da Administra\u00e7\u00e3o P\u00fablica (Lei n\u00ba 8.666\/1993 e altera\u00e7\u00f5es posteriores). Conv\u00eanios administrativos. Preg\u00e3o (Lei n\u00b0 10.520\/2002). Regime Diferenciado de Contrata\u00e7\u00f5es P\u00fablicas (Lei Federal n\u00ba 12.462\/2011). <\/p><\/blockquote>\n\n\n\n<h4 class=\"wp-block-heading\">T\u00e9cnico Judici\u00e1rio &#8211; Especialidade Inform\u00e1tica<\/h4>\n\n\n\n<blockquote class=\"wp-block-quote is-layout-flow wp-block-quote-is-layout-flow\"><p> <strong>NO\u00c7\u00d5ES DE DIREITO ADMINISTRATIVO<\/strong>: Princ\u00edpios b\u00e1sicos da Administra\u00e7\u00e3o P\u00fablica. Administra\u00e7\u00e3o direta e indireta. \u00d3rg\u00e3os p\u00fablicos. Agentes P\u00fablicos. Ato administrativo: requisitos, atributos, classifica\u00e7\u00e3o, esp\u00e9cies, revoga\u00e7\u00e3o, invalida\u00e7\u00e3o e convalida\u00e7\u00e3o do ato administrativo. Poderes e deveres dos administradores p\u00fablicos: uso e abuso do poder, poderes vinculado, discricion\u00e1rio, hier\u00e1rquico, disciplinar e regulamentar, poder de pol\u00edcia, deveres dos administradores p\u00fablicos. Regime Jur\u00eddico dos Servidores P\u00fablicos Federais, Lei n\u00ba 8.112\/1990 com altera\u00e7\u00f5es posteriores: Provimento. Vac\u00e2ncia. Direitos e Vantagens. Dos deveres. Das proibi\u00e7\u00f5es. Da acumula\u00e7\u00e3o. Das responsabilidades. Das penalidades. Do processo administrativo disciplinar e sua revis\u00e3o. <\/p><\/blockquote>\n\n\n\n<h4 class=\"wp-block-heading\">Analista Judici\u00e1rio &#8211; Tecnologia da Informa\u00e7\u00e3o<\/h4>\n\n\n\n<blockquote class=\"wp-block-quote is-layout-flow wp-block-quote-is-layout-flow\"><p><strong>NO\u00c7\u00d5ES DE DIREITO ADMINISTRATIVO<\/strong>: Regime Jur\u00eddico dos Servidores P\u00fablicos Federais: Lei n\u00ba 8.112\/1990 com altera\u00e7\u00f5es posteriores. Provimento. Vac\u00e2ncia. Direitos e Vantagens. Dos deveres. Das proibi\u00e7\u00f5es. Da acumula\u00e7\u00e3o. Das responsabilidades. Das penalidades. Do processo administrativo disciplinar e sua revis\u00e3o. Licita\u00e7\u00e3o e contratos administrativos: Lei n\u00ba 8.666\/93 com altera\u00e7\u00f5es posteriores: Dos princ\u00edpios. Das modalidades. Dos contratos. Da execu\u00e7\u00e3o. Da inexecu\u00e7\u00e3o e da rescis\u00e3o. Das san\u00e7\u00f5es. Lei n\u00ba 10.520\/02: Do preg\u00e3o. <\/p><\/blockquote>\n\n\n\n<h2 class=\"wp-block-heading\">(2) Compara\u00e7\u00e3o do conte\u00fado program\u00e1tico dos TRFs 3 e 4<\/h2>\n\n\n\n<p>Recentemente, foi realizado o concurso do TRF4. Por isso, muitos alunos j\u00e1 estavam no ritmo de prepara\u00e7\u00e3o para aquele concurso. Assim, poder\u00e3o utilizar a bagagem neste novo concurso. <\/p>\n\n\n\n<p>Isso porque o conte\u00fado program\u00e1tico de TJAA do TRF3 \u00e9 o mesmo de TJTJ do TRF4, vejamos:<\/p>\n\n\n\n<figure class=\"wp-block-image\"><img loading=\"lazy\" decoding=\"async\" width=\"938\" height=\"493\" src=\"https:\/\/dhg1h5j42swfq.cloudfront.net\/2019\/09\/06173452\/2019-09-06-3.png\" alt=\"\" class=\"wp-image-417558\" srcset=\"https:\/\/dhg1h5j42swfq.cloudfront.net\/2019\/09\/06173452\/2019-09-06-3.png 938w, https:\/\/dhg1h5j42swfq.cloudfront.net\/2019\/09\/06173452\/2019-09-06-3.png 300w, https:\/\/dhg1h5j42swfq.cloudfront.net\/2019\/09\/06173452\/2019-09-06-3.png 768w, https:\/\/dhg1h5j42swfq.cloudfront.net\/2019\/09\/06173452\/2019-09-06-3.png 610w\" sizes=\"auto, (max-width: 938px) 100vw, 938px\" \/><\/figure>\n\n\n\n<p> O mesmo ocorre em Analista Judici\u00e1rio &#8211; \u00c1rea Judici\u00e1ria, ou seja, os conte\u00fados program\u00e1ticos s\u00e3o os mesmos nos concursos do TRF3 e do TRF4.<\/p>\n\n\n\n<h2 class=\"wp-block-heading\">(3) \u00cdndice de assuntos mais cobrados pela FCC em Direito Administrativo<\/h2>\n\n\n\n<p>Para identificar os assuntos mais cobrados pela FCC, n\u00f3s adotamos a seguinte metodologia: separamos as quest\u00f5es de 2015 a 2019 da FCC, apenas de concursos de tribunais, considerando o conte\u00fado program\u00e1tico do edital.  A amostra ficou em um pouco mais de 700 quest\u00f5es. Assim, quanto ao conte\u00fado de TJAA, identificamos a seguinte distribui\u00e7\u00e3o:<\/p>\n\n\n\n<figure class=\"wp-block-image\"><img loading=\"lazy\" decoding=\"async\" width=\"1146\" height=\"706\" src=\"https:\/\/dhg1h5j42swfq.cloudfront.net\/2019\/09\/06174022\/Capturar.png.png\" alt=\"\" class=\"wp-image-417562\" srcset=\"https:\/\/dhg1h5j42swfq.cloudfront.net\/2019\/09\/06174022\/Capturar.png.png 1146w, https:\/\/dhg1h5j42swfq.cloudfront.net\/2019\/09\/06174022\/Capturar.png.png 300w, https:\/\/dhg1h5j42swfq.cloudfront.net\/2019\/09\/06174022\/Capturar.png.png 768w, https:\/\/dhg1h5j42swfq.cloudfront.net\/2019\/09\/06174022\/Capturar.png.png 1024w, https:\/\/dhg1h5j42swfq.cloudfront.net\/2019\/09\/06174022\/Capturar.png.png 610w\" sizes=\"auto, (max-width: 1146px) 100vw, 1146px\" \/><\/figure>\n\n\n\n<p>Podemos notar que &#8220;licita\u00e7\u00f5es p\u00fablicos&#8221; \u00e9 o assunto mais exigido. Corresponde a quase um quinto das quest\u00f5es da FCC. Por isso, \u00e9 muito relevante focar nesse tema. No pr\u00f3ximo cap\u00edtulo eu vou indicar o que priorizar nos assuntos mais exigidos.<\/p>\n\n\n\n<p>O gr\u00e1fico seguinte ilustra a compara\u00e7\u00e3o que realizamos acima.<\/p>\n\n\n\n<figure class=\"wp-block-image\"><img loading=\"lazy\" decoding=\"async\" width=\"1225\" height=\"645\" src=\"https:\/\/dhg1h5j42swfq.cloudfront.net\/2019\/09\/06173938\/2019-09-06-5.png\" alt=\"\" class=\"wp-image-417561\" srcset=\"https:\/\/dhg1h5j42swfq.cloudfront.net\/2019\/09\/06173938\/2019-09-06-5.png 1225w, https:\/\/dhg1h5j42swfq.cloudfront.net\/2019\/09\/06173938\/2019-09-06-5.png 300w, https:\/\/dhg1h5j42swfq.cloudfront.net\/2019\/09\/06173938\/2019-09-06-5.png 768w, https:\/\/dhg1h5j42swfq.cloudfront.net\/2019\/09\/06173938\/2019-09-06-5.png 1024w, https:\/\/dhg1h5j42swfq.cloudfront.net\/2019\/09\/06173938\/2019-09-06-5.png 610w\" sizes=\"auto, (max-width: 1225px) 100vw, 1225px\" \/><\/figure>\n\n\n\n<h2 class=\"wp-block-heading\">(4) Orienta\u00e7\u00f5es sobre o conte\u00fado program\u00e1tico<\/h2>\n\n\n\n<p>Vamos pegar os seis temas mais cobrados para fins de ilustra\u00e7\u00e3o:<\/p>\n\n\n\n<h4 class=\"wp-block-heading\">(4.1) <strong>Licita\u00e7\u00f5es e contratos (Lei 8666)<\/strong><\/h4>\n\n\n\n<p>O edital fez uma cobran\u00e7a geral dos assuntos de licita\u00e7\u00f5es e contratos. Por\u00e9m, n\u00e3o \u00e9 toda a Lei 8666 que voc\u00ea ter\u00e1 que estudar para o cargo de TJAA. <strong>O conte\u00fado vai at\u00e9 o art. 88 da Norma<\/strong>. <\/p>\n\n\n\n<p>Em licita\u00e7\u00f5es, priorize as modalidades, dispensa e inexigibilidade. Quase todas as quest\u00f5es da FCC tratam de uma situa\u00e7\u00e3o hipot\u00e9tica em que voc\u00ea ter\u00e1 que indicar qual \u00e9 a modalidade cab\u00edvel ou se \u00e9 o caso de dispensa ou inexigibilidade.<\/p>\n\n\n\n<p>Em contratos, priorize as cl\u00e1usulas exorbitantes (art. 58), as prorroga\u00e7\u00f5es (art. 57), as hip\u00f3teses de altera\u00e7\u00e3o contratual (art. 65) e os casos de rescis\u00e3o (art. 78).<\/p>\n\n\n\n<p> Para AJAJ, a Lei toda est\u00e1 no edital, mas priorize os mesmos artigos que eu mencionei acima.<\/p>\n\n\n\n<h4 class=\"wp-block-heading\">(4.2) Lei 8.112\/90<\/h4>\n\n\n\n<p>Este \u00e9 o tema mais imprevis\u00edvel, uma vez que a Lei 8112 \u00e9 gigante e a FCC nem sempre segue um padr\u00e3o. Se ela pode nos surpreender, \u00e9 justamente no Estatuto dos Servidores em que isso poder\u00e1 acontecer.<\/p>\n\n\n\n<p>Mesmo assim, note que o edital n\u00e3o exige a seguridade social e os artigos finais de Lei 8.112.<\/p>\n\n\n\n<p>Ademais, se for para priorizar alguma coisa, priorize as formas de provimento, as indeniza\u00e7\u00f5es, o regime disciplinar e o art. sobre prescri\u00e7\u00e3o (art. 142).<\/p>\n\n\n\n<h4 class=\"wp-block-heading\">(4.3) Atos administrativos<\/h4>\n\n\n\n<p>Para TJAA e para AJAJ, o edital n\u00e3o est\u00e1 exige classifica\u00e7\u00e3o e esp\u00e9cies. Al\u00e9m disso, mais da metade das quest\u00f5es da FCC s\u00e3o sobre <strong>desfazimento<\/strong> (<strong>anula\u00e7\u00e3o<\/strong> e <strong>revoga\u00e7\u00e3o<\/strong>) e <strong>convalida\u00e7\u00e3o<\/strong>.<\/p>\n\n\n\n<h4 class=\"wp-block-heading\">(4.4) Lei 8429 &#8211; Improbidade Administrativa<\/h4>\n\n\n\n<p>O edital est\u00e1 exigindo a Lei de Improbidade inteira. Mas isso n\u00e3o \u00e9 um problema t\u00e3o grande, pois a Lei \u00e9 relativamente pequena. <\/p>\n\n\n\n<p>A FCC adota cobrar as esp\u00e9cies de improbidade (arts. 9\u00ba ao 11), principalmente a parte sobre o elemento subjetivo (dolo ou culpa). Al\u00e9m disso, \u00e9 importante conhecer os arts. 2\u00ba (agente p\u00fablico) e 3\u00ba (&#8220;terceiros que podem responder por improbidade&#8221;).<\/p>\n\n\n\n<h4 class=\"wp-block-heading\">(4.5) Poderes administrativos<\/h4>\n\n\n\n<p>Esse assunto tamb\u00e9m \u00e9 recorrente em provas. Voc\u00ea tem que dominar o poder de pol\u00edcia, que \u00e9 o mais complicado e tamb\u00e9m o mais cobrado.<\/p>\n\n\n\n<h4 class=\"wp-block-heading\">(4.6) Preg\u00e3o<\/h4>\n\n\n\n<p>Eu iria indicar apenas o &#8220;top 5&#8221;, mas preg\u00e3o tamb\u00e9m \u00e9 relevante, j\u00e1 que cai bastante, \u00e0s vezes mesclado com a Lei 8666. Al\u00e9m disso, a Lei do Preg\u00e3o tem apenas 13 artigos. Logo, o custo-benef\u00edcio \u00e9 alto!<\/p>\n\n\n\n<p>N\u00e3o vou analisar os demais assuntos, pois eles t\u00eam um \u00edndice de cobran\u00e7a mais baixo.<\/p>\n\n\n\n<h2 class=\"wp-block-heading\">(5) Coment\u00e1rio da prova de 2014 do TRF3<\/h2>\n\n\n<figure class=\"wp-block-embed-youtube wp-block-embed is-type-video is-provider-youtube wp-embed-aspect-16-9 wp-has-aspect-ratio\"><div class=\"lyte-wrapper\" style=\"width:853px;max-width:100%;margin:5px;\"><div class=\"lyMe\" id=\"WYL_0uzLqWXmGp4\"><div id=\"lyte_0uzLqWXmGp4\" data-src=\"\/\/i.ytimg.com\/vi\/0uzLqWXmGp4\/hqdefault.jpg\" class=\"pL\"><div class=\"tC\"><div class=\"tT\"><\/div><\/div><div class=\"play\"><\/div><div class=\"ctrl\"><div class=\"Lctrl\"><\/div><div class=\"Rctrl\"><\/div><\/div><\/div><noscript><a href=\"https:\/\/youtu.be\/0uzLqWXmGp4\" rel=\"nofollow\"><img loading=\"lazy\" decoding=\"async\" src=\"https:\/\/i.ytimg.com\/vi\/0uzLqWXmGp4\/0.jpg\" alt=\"YouTube video thumbnail\" width=\"853\" height=\"460\" \/><br \/>Assista a este v\u00eddeo no YouTube<\/a><\/noscript><\/div><\/div><div class=\"lL\" style=\"max-width:100%;width:853px;margin:5px;\"><\/div><figcaption><\/figcaption><\/figure>\n\n\n<h2 class=\"wp-block-heading\">(6) Prova do TRF4 (2019)<\/h2>\n\n\n\n<p>Seguem os coment\u00e1rios da prova do TRF 4 de 2019:<\/p>\n\n\n\n<ul class=\"wp-block-list\"><li>Coment\u00e1rio em texto (todos os cargos):  <br \/><a href=\"https:\/\/www.estrategiaconcursos.com.br\/blog\/gabarito-trf-4-direito-administrativo\/\">https:\/\/www.estrategiaconcursos.com.br\/blog\/gabarito-trf-4-direito-administrativo\/<\/a> <\/li><li>Coment\u00e1rio em v\u00eddeo (somente t\u00e9cnico):<\/li><\/ul>\n\n\n<figure class=\"wp-block-embed-youtube wp-block-embed is-type-video is-provider-youtube wp-embed-aspect-16-9 wp-has-aspect-ratio\"><div class=\"lyte-wrapper\" style=\"width:853px;max-width:100%;margin:5px;\"><div class=\"lyMe\" id=\"WYL_npwYY_e8SeM\"><div id=\"lyte_npwYY_e8SeM\" data-src=\"\/\/i.ytimg.com\/vi\/npwYY_e8SeM\/hqdefault.jpg\" class=\"pL\"><div class=\"tC\"><div class=\"tT\"><\/div><\/div><div class=\"play\"><\/div><div class=\"ctrl\"><div class=\"Lctrl\"><\/div><div class=\"Rctrl\"><\/div><\/div><\/div><noscript><a href=\"https:\/\/youtu.be\/npwYY_e8SeM\" rel=\"nofollow\"><img loading=\"lazy\" decoding=\"async\" src=\"https:\/\/i.ytimg.com\/vi\/npwYY_e8SeM\/0.jpg\" alt=\"YouTube video thumbnail\" width=\"853\" height=\"460\" \/><br \/>Assista a este v\u00eddeo no YouTube<\/a><\/noscript><\/div><\/div><div class=\"lL\" style=\"max-width:100%;width:853px;margin:5px;\"><\/div><figcaption><\/figcaption><\/figure>\n\n\n<hr class=\"wp-block-separator\" \/>\n\n\n\n<p>\u00c9 isso a\u00ed, pessoal! Espero que esse artigo seja uma fonte de refer\u00eancia na prepara\u00e7\u00e3o de voc\u00eas. <\/p>\n\n\n\n<p>Um grande abra\u00e7o!<\/p>\n","protected":false},"excerpt":{"rendered":"<p>Ol\u00e1 pessoal! Aqui \u00e9 o Prof. Herbert Almeida. E foi divulgado o t\u00e3o esperado concurso do TRF3. Para quem vem esperando concursos de tribunais federais, esta \u00e9 mais uma grande oportunidade. N\u00e3o vou falar, neste v\u00eddeo, sobre o concurso em si. Informa\u00e7\u00f5es sobre data, vagas, local de realiza\u00e7\u00e3o, etc., podem ser obtidas em outros eventos [&hellip;]<\/p>\n","protected":false},"author":129,"featured_media":0,"comment_status":"open","ping_status":"closed","sticky":false,"template":"","format":"standard","meta":{"post_tipo":"article","footnotes":""},"categories":[1],"tags":[],"tax_estado":[],"class_list":["post-417544","post","type-post","status-publish","format-standard","hentry","category-cursos-e-concursos"],"acf":[],"yoast_head":"<!-- This site is optimized with the Yoast SEO Premium plugin v27.2 (Yoast SEO v27.2) - https:\/\/yoast.com\/product\/yoast-seo-premium-wordpress\/ -->\n<title>Direito Administrativo TRF3<\/title>\n<meta name=\"description\" content=\"An\u00e1lise do Edital Direito Administrativo TRF3 com a compara\u00e7\u00e3o com o edital do TRF4, coment\u00e1rio das \u00faltimas provas e dicas dos temas mais cobrados.\" \/>\n<meta name=\"robots\" content=\"index, follow, max-snippet:-1, max-image-preview:large, max-video-preview:-1\" \/>\n<link rel=\"canonical\" href=\"https:\/\/www.estrategiaconcursos.com.br\/blog\/direito-administrativo-trf3\/\" \/>\n<meta property=\"og:locale\" content=\"pt_BR\" \/>\n<meta property=\"og:type\" content=\"article\" \/>\n<meta property=\"og:title\" content=\"Direito Administrativo TRF3\" \/>\n<meta property=\"og:description\" content=\"An\u00e1lise do Edital Direito Administrativo TRF3 com a compara\u00e7\u00e3o com o edital do TRF4, coment\u00e1rio das \u00faltimas provas e dicas dos temas mais cobrados.\" \/>\n<meta property=\"og:url\" content=\"https:\/\/www.estrategiaconcursos.com.br\/blog\/direito-administrativo-trf3\/\" \/>\n<meta property=\"og:site_name\" content=\"Estrat\u00e9gia Concursos\" \/>\n<meta property=\"article:published_time\" content=\"2019-09-06T21:33:58+00:00\" \/>\n<meta property=\"article:modified_time\" content=\"2019-09-06T22:09:50+00:00\" \/>\n<meta property=\"og:image\" content=\"https:\/\/www.estrategiaconcursos.com.br\/blog\/wp-content\/uploads\/2019\/09\/2019-09-06-3.png\" \/>\n<meta name=\"author\" content=\"Herbert Almeida\" \/>\n<meta name=\"twitter:card\" content=\"summary_large_image\" \/>\n<meta name=\"twitter:creator\" content=\"@EstratConcursos\" \/>\n<meta name=\"twitter:site\" content=\"@EstratConcursos\" \/>\n<meta name=\"twitter:label1\" content=\"Escrito por\" \/>\n\t<meta name=\"twitter:data1\" content=\"Herbert Almeida\" \/>\n\t<meta name=\"twitter:label2\" content=\"Est. tempo de leitura\" \/>\n\t<meta name=\"twitter:data2\" content=\"8 minutos\" \/>\n<script type=\"application\/ld+json\" class=\"yoast-schema-graph\">{\"@context\":\"https:\/\/schema.org\",\"@graph\":[{\"@type\":\"NewsArticle\",\"@id\":\"https:\/\/www.estrategiaconcursos.com.br\/blog\/direito-administrativo-trf3\/#article\",\"isPartOf\":{\"@id\":\"https:\/\/www.estrategiaconcursos.com.br\/blog\/direito-administrativo-trf3\/\"},\"author\":{\"name\":\"Herbert Almeida\",\"@id\":\"https:\/\/www.estrategiaconcursos.com.br\/blog\/#\/schema\/person\/59717c75350fa01aa0fd68a52a8d02e0\"},\"headline\":\"Direito Administrativo TRF3\",\"datePublished\":\"2019-09-06T21:33:58+00:00\",\"dateModified\":\"2019-09-06T22:09:50+00:00\",\"mainEntityOfPage\":{\"@id\":\"https:\/\/www.estrategiaconcursos.com.br\/blog\/direito-administrativo-trf3\/\"},\"wordCount\":1525,\"commentCount\":0,\"publisher\":{\"@id\":\"https:\/\/www.estrategiaconcursos.com.br\/blog\/#organization\"},\"image\":{\"@id\":\"https:\/\/www.estrategiaconcursos.com.br\/blog\/direito-administrativo-trf3\/#primaryimage\"},\"thumbnailUrl\":\"https:\/\/www.estrategiaconcursos.com.br\/blog\/wp-content\/uploads\/2019\/09\/2019-09-06-3.png\",\"articleSection\":[\"Concursos P\u00fablicos\"],\"inLanguage\":\"pt-BR\",\"potentialAction\":[{\"@type\":\"CommentAction\",\"name\":\"Comment\",\"target\":[\"https:\/\/www.estrategiaconcursos.com.br\/blog\/direito-administrativo-trf3\/#respond\"]}],\"copyrightYear\":\"2019\",\"copyrightHolder\":{\"@id\":\"https:\/\/www.estrategiaconcursos.com.br\/blog\/#organization\"}},{\"@type\":\"WebPage\",\"@id\":\"https:\/\/www.estrategiaconcursos.com.br\/blog\/direito-administrativo-trf3\/\",\"url\":\"https:\/\/www.estrategiaconcursos.com.br\/blog\/direito-administrativo-trf3\/\",\"name\":\"Direito Administrativo TRF3\",\"isPartOf\":{\"@id\":\"https:\/\/www.estrategiaconcursos.com.br\/blog\/#website\"},\"primaryImageOfPage\":{\"@id\":\"https:\/\/www.estrategiaconcursos.com.br\/blog\/direito-administrativo-trf3\/#primaryimage\"},\"image\":{\"@id\":\"https:\/\/www.estrategiaconcursos.com.br\/blog\/direito-administrativo-trf3\/#primaryimage\"},\"thumbnailUrl\":\"https:\/\/www.estrategiaconcursos.com.br\/blog\/wp-content\/uploads\/2019\/09\/2019-09-06-3.png\",\"datePublished\":\"2019-09-06T21:33:58+00:00\",\"dateModified\":\"2019-09-06T22:09:50+00:00\",\"description\":\"An\u00e1lise do Edital Direito Administrativo TRF3 com a compara\u00e7\u00e3o com o edital do TRF4, coment\u00e1rio das \u00faltimas provas e dicas dos temas mais cobrados.\",\"breadcrumb\":{\"@id\":\"https:\/\/www.estrategiaconcursos.com.br\/blog\/direito-administrativo-trf3\/#breadcrumb\"},\"inLanguage\":\"pt-BR\",\"potentialAction\":[{\"@type\":\"ReadAction\",\"target\":[\"https:\/\/www.estrategiaconcursos.com.br\/blog\/direito-administrativo-trf3\/\"]}]},{\"@type\":\"ImageObject\",\"inLanguage\":\"pt-BR\",\"@id\":\"https:\/\/www.estrategiaconcursos.com.br\/blog\/direito-administrativo-trf3\/#primaryimage\",\"url\":\"https:\/\/dhg1h5j42swfq.cloudfront.net\/2019\/09\/06173452\/2019-09-06-3.png\",\"contentUrl\":\"https:\/\/dhg1h5j42swfq.cloudfront.net\/2019\/09\/06173452\/2019-09-06-3.png\",\"width\":938,\"height\":493},{\"@type\":\"BreadcrumbList\",\"@id\":\"https:\/\/www.estrategiaconcursos.com.br\/blog\/direito-administrativo-trf3\/#breadcrumb\",\"itemListElement\":[{\"@type\":\"ListItem\",\"position\":1,\"name\":\"In\u00edcio\",\"item\":\"https:\/\/www.estrategiaconcursos.com.br\/blog\/\"},{\"@type\":\"ListItem\",\"position\":2,\"name\":\"Direito Administrativo TRF3\"}]},{\"@type\":\"WebSite\",\"@id\":\"https:\/\/www.estrategiaconcursos.com.br\/blog\/#website\",\"url\":\"https:\/\/www.estrategiaconcursos.com.br\/blog\/\",\"name\":\"Estrat\u00e9gia Concursos\",\"description\":\"O blog da Estrat\u00e9gia Concursos traz not\u00edcias sobre concursos e artigos de professores oferecendo cursos para concursos (pdf + videaulas) no site.\",\"publisher\":{\"@id\":\"https:\/\/www.estrategiaconcursos.com.br\/blog\/#organization\"},\"potentialAction\":[{\"@type\":\"SearchAction\",\"target\":{\"@type\":\"EntryPoint\",\"urlTemplate\":\"https:\/\/www.estrategiaconcursos.com.br\/blog\/?s={search_term_string}\"},\"query-input\":{\"@type\":\"PropertyValueSpecification\",\"valueRequired\":true,\"valueName\":\"search_term_string\"}}],\"inLanguage\":\"pt-BR\"},{\"@type\":\"Organization\",\"@id\":\"https:\/\/www.estrategiaconcursos.com.br\/blog\/#organization\",\"name\":\"Estrat\u00e9gia Concursos\",\"url\":\"https:\/\/www.estrategiaconcursos.com.br\/blog\/\",\"logo\":{\"@type\":\"ImageObject\",\"inLanguage\":\"pt-BR\",\"@id\":\"https:\/\/www.estrategiaconcursos.com.br\/blog\/#\/schema\/logo\/image\/\",\"url\":\"https:\/\/dhg1h5j42swfq.cloudfront.net\/2025\/06\/03203428\/logo_concursos-1.jpg\",\"contentUrl\":\"https:\/\/dhg1h5j42swfq.cloudfront.net\/2025\/06\/03203428\/logo_concursos-1.jpg\",\"width\":230,\"height\":60,\"caption\":\"Estrat\u00e9gia Concursos\"},\"image\":{\"@id\":\"https:\/\/www.estrategiaconcursos.com.br\/blog\/#\/schema\/logo\/image\/\"},\"sameAs\":[\"https:\/\/x.com\/EstratConcursos\"]},{\"@type\":\"Person\",\"@id\":\"https:\/\/www.estrategiaconcursos.com.br\/blog\/#\/schema\/person\/59717c75350fa01aa0fd68a52a8d02e0\",\"name\":\"Herbert Almeida\",\"image\":{\"@type\":\"ImageObject\",\"inLanguage\":\"pt-BR\",\"@id\":\"https:\/\/secure.gravatar.com\/avatar\/b6461a43893c24d5fc91efc433971ffec025c84c0341129f4578034d77f9a536?s=96&d=mm&r=g\",\"url\":\"https:\/\/secure.gravatar.com\/avatar\/b6461a43893c24d5fc91efc433971ffec025c84c0341129f4578034d77f9a536?s=96&d=mm&r=g\",\"contentUrl\":\"https:\/\/secure.gravatar.com\/avatar\/b6461a43893c24d5fc91efc433971ffec025c84c0341129f4578034d77f9a536?s=96&d=mm&r=g\",\"caption\":\"Herbert Almeida\"},\"url\":\"https:\/\/www.estrategiaconcursos.com.br\/blog\/author\/herbertestrategiaconcursos-com-br\/\"}]}<\/script>\n<!-- \/ Yoast SEO Premium plugin. -->","yoast_head_json":{"title":"Direito Administrativo TRF3","description":"An\u00e1lise do Edital Direito Administrativo TRF3 com a compara\u00e7\u00e3o com o edital do TRF4, coment\u00e1rio das \u00faltimas provas e dicas dos temas mais cobrados.","robots":{"index":"index","follow":"follow","max-snippet":"max-snippet:-1","max-image-preview":"max-image-preview:large","max-video-preview":"max-video-preview:-1"},"canonical":"https:\/\/www.estrategiaconcursos.com.br\/blog\/direito-administrativo-trf3\/","og_locale":"pt_BR","og_type":"article","og_title":"Direito Administrativo TRF3","og_description":"An\u00e1lise do Edital Direito Administrativo TRF3 com a compara\u00e7\u00e3o com o edital do TRF4, coment\u00e1rio das \u00faltimas provas e dicas dos temas mais cobrados.","og_url":"https:\/\/www.estrategiaconcursos.com.br\/blog\/direito-administrativo-trf3\/","og_site_name":"Estrat\u00e9gia Concursos","article_published_time":"2019-09-06T21:33:58+00:00","article_modified_time":"2019-09-06T22:09:50+00:00","og_image":[{"url":"https:\/\/www.estrategiaconcursos.com.br\/blog\/wp-content\/uploads\/2019\/09\/2019-09-06-3.png","type":"","width":"","height":""}],"author":"Herbert Almeida","twitter_card":"summary_large_image","twitter_creator":"@EstratConcursos","twitter_site":"@EstratConcursos","twitter_misc":{"Escrito por":"Herbert Almeida","Est. tempo de leitura":"8 minutos"},"schema":{"@context":"https:\/\/schema.org","@graph":[{"@type":"NewsArticle","@id":"https:\/\/www.estrategiaconcursos.com.br\/blog\/direito-administrativo-trf3\/#article","isPartOf":{"@id":"https:\/\/www.estrategiaconcursos.com.br\/blog\/direito-administrativo-trf3\/"},"author":{"name":"Herbert Almeida","@id":"https:\/\/www.estrategiaconcursos.com.br\/blog\/#\/schema\/person\/59717c75350fa01aa0fd68a52a8d02e0"},"headline":"Direito Administrativo TRF3","datePublished":"2019-09-06T21:33:58+00:00","dateModified":"2019-09-06T22:09:50+00:00","mainEntityOfPage":{"@id":"https:\/\/www.estrategiaconcursos.com.br\/blog\/direito-administrativo-trf3\/"},"wordCount":1525,"commentCount":0,"publisher":{"@id":"https:\/\/www.estrategiaconcursos.com.br\/blog\/#organization"},"image":{"@id":"https:\/\/www.estrategiaconcursos.com.br\/blog\/direito-administrativo-trf3\/#primaryimage"},"thumbnailUrl":"https:\/\/www.estrategiaconcursos.com.br\/blog\/wp-content\/uploads\/2019\/09\/2019-09-06-3.png","articleSection":["Concursos P\u00fablicos"],"inLanguage":"pt-BR","potentialAction":[{"@type":"CommentAction","name":"Comment","target":["https:\/\/www.estrategiaconcursos.com.br\/blog\/direito-administrativo-trf3\/#respond"]}],"copyrightYear":"2019","copyrightHolder":{"@id":"https:\/\/www.estrategiaconcursos.com.br\/blog\/#organization"}},{"@type":"WebPage","@id":"https:\/\/www.estrategiaconcursos.com.br\/blog\/direito-administrativo-trf3\/","url":"https:\/\/www.estrategiaconcursos.com.br\/blog\/direito-administrativo-trf3\/","name":"Direito Administrativo TRF3","isPartOf":{"@id":"https:\/\/www.estrategiaconcursos.com.br\/blog\/#website"},"primaryImageOfPage":{"@id":"https:\/\/www.estrategiaconcursos.com.br\/blog\/direito-administrativo-trf3\/#primaryimage"},"image":{"@id":"https:\/\/www.estrategiaconcursos.com.br\/blog\/direito-administrativo-trf3\/#primaryimage"},"thumbnailUrl":"https:\/\/www.estrategiaconcursos.com.br\/blog\/wp-content\/uploads\/2019\/09\/2019-09-06-3.png","datePublished":"2019-09-06T21:33:58+00:00","dateModified":"2019-09-06T22:09:50+00:00","description":"An\u00e1lise do Edital Direito Administrativo TRF3 com a compara\u00e7\u00e3o com o edital do TRF4, coment\u00e1rio das \u00faltimas provas e dicas dos temas mais cobrados.","breadcrumb":{"@id":"https:\/\/www.estrategiaconcursos.com.br\/blog\/direito-administrativo-trf3\/#breadcrumb"},"inLanguage":"pt-BR","potentialAction":[{"@type":"ReadAction","target":["https:\/\/www.estrategiaconcursos.com.br\/blog\/direito-administrativo-trf3\/"]}]},{"@type":"ImageObject","inLanguage":"pt-BR","@id":"https:\/\/www.estrategiaconcursos.com.br\/blog\/direito-administrativo-trf3\/#primaryimage","url":"https:\/\/dhg1h5j42swfq.cloudfront.net\/2019\/09\/06173452\/2019-09-06-3.png","contentUrl":"https:\/\/dhg1h5j42swfq.cloudfront.net\/2019\/09\/06173452\/2019-09-06-3.png","width":938,"height":493},{"@type":"BreadcrumbList","@id":"https:\/\/www.estrategiaconcursos.com.br\/blog\/direito-administrativo-trf3\/#breadcrumb","itemListElement":[{"@type":"ListItem","position":1,"name":"In\u00edcio","item":"https:\/\/www.estrategiaconcursos.com.br\/blog\/"},{"@type":"ListItem","position":2,"name":"Direito Administrativo TRF3"}]},{"@type":"WebSite","@id":"https:\/\/www.estrategiaconcursos.com.br\/blog\/#website","url":"https:\/\/www.estrategiaconcursos.com.br\/blog\/","name":"Estrat\u00e9gia Concursos","description":"O blog da Estrat\u00e9gia Concursos traz not\u00edcias sobre concursos e artigos de professores oferecendo cursos para concursos (pdf + videaulas) no site.","publisher":{"@id":"https:\/\/www.estrategiaconcursos.com.br\/blog\/#organization"},"potentialAction":[{"@type":"SearchAction","target":{"@type":"EntryPoint","urlTemplate":"https:\/\/www.estrategiaconcursos.com.br\/blog\/?s={search_term_string}"},"query-input":{"@type":"PropertyValueSpecification","valueRequired":true,"valueName":"search_term_string"}}],"inLanguage":"pt-BR"},{"@type":"Organization","@id":"https:\/\/www.estrategiaconcursos.com.br\/blog\/#organization","name":"Estrat\u00e9gia Concursos","url":"https:\/\/www.estrategiaconcursos.com.br\/blog\/","logo":{"@type":"ImageObject","inLanguage":"pt-BR","@id":"https:\/\/www.estrategiaconcursos.com.br\/blog\/#\/schema\/logo\/image\/","url":"https:\/\/dhg1h5j42swfq.cloudfront.net\/2025\/06\/03203428\/logo_concursos-1.jpg","contentUrl":"https:\/\/dhg1h5j42swfq.cloudfront.net\/2025\/06\/03203428\/logo_concursos-1.jpg","width":230,"height":60,"caption":"Estrat\u00e9gia Concursos"},"image":{"@id":"https:\/\/www.estrategiaconcursos.com.br\/blog\/#\/schema\/logo\/image\/"},"sameAs":["https:\/\/x.com\/EstratConcursos"]},{"@type":"Person","@id":"https:\/\/www.estrategiaconcursos.com.br\/blog\/#\/schema\/person\/59717c75350fa01aa0fd68a52a8d02e0","name":"Herbert Almeida","image":{"@type":"ImageObject","inLanguage":"pt-BR","@id":"https:\/\/secure.gravatar.com\/avatar\/b6461a43893c24d5fc91efc433971ffec025c84c0341129f4578034d77f9a536?s=96&d=mm&r=g","url":"https:\/\/secure.gravatar.com\/avatar\/b6461a43893c24d5fc91efc433971ffec025c84c0341129f4578034d77f9a536?s=96&d=mm&r=g","contentUrl":"https:\/\/secure.gravatar.com\/avatar\/b6461a43893c24d5fc91efc433971ffec025c84c0341129f4578034d77f9a536?s=96&d=mm&r=g","caption":"Herbert Almeida"},"url":"https:\/\/www.estrategiaconcursos.com.br\/blog\/author\/herbertestrategiaconcursos-com-br\/"}]}},"_links":{"self":[{"href":"https:\/\/www.estrategiaconcursos.com.br\/blog\/wp-json\/wp\/v2\/posts\/417544","targetHints":{"allow":["GET"]}}],"collection":[{"href":"https:\/\/www.estrategiaconcursos.com.br\/blog\/wp-json\/wp\/v2\/posts"}],"about":[{"href":"https:\/\/www.estrategiaconcursos.com.br\/blog\/wp-json\/wp\/v2\/types\/post"}],"author":[{"embeddable":true,"href":"https:\/\/www.estrategiaconcursos.com.br\/blog\/wp-json\/wp\/v2\/users\/129"}],"replies":[{"embeddable":true,"href":"https:\/\/www.estrategiaconcursos.com.br\/blog\/wp-json\/wp\/v2\/comments?post=417544"}],"version-history":[{"count":5,"href":"https:\/\/www.estrategiaconcursos.com.br\/blog\/wp-json\/wp\/v2\/posts\/417544\/revisions"}],"predecessor-version":[{"id":417578,"href":"https:\/\/www.estrategiaconcursos.com.br\/blog\/wp-json\/wp\/v2\/posts\/417544\/revisions\/417578"}],"wp:attachment":[{"href":"https:\/\/www.estrategiaconcursos.com.br\/blog\/wp-json\/wp\/v2\/media?parent=417544"}],"wp:term":[{"taxonomy":"category","embeddable":true,"href":"https:\/\/www.estrategiaconcursos.com.br\/blog\/wp-json\/wp\/v2\/categories?post=417544"},{"taxonomy":"post_tag","embeddable":true,"href":"https:\/\/www.estrategiaconcursos.com.br\/blog\/wp-json\/wp\/v2\/tags?post=417544"},{"taxonomy":"tax_estado","embeddable":true,"href":"https:\/\/www.estrategiaconcursos.com.br\/blog\/wp-json\/wp\/v2\/tax_estado?post=417544"}],"curies":[{"name":"wp","href":"https:\/\/api.w.org\/{rel}","templated":true}]}}