{"id":417383,"date":"2019-09-06T11:57:02","date_gmt":"2019-09-06T14:57:02","guid":{"rendered":"https:\/\/www.estrategiaconcursos.com.br\/blog\/?p=417383"},"modified":"2019-09-06T11:57:02","modified_gmt":"2019-09-06T14:57:02","slug":"edital-pc-es-delegado-retificacoes-confira-as-alteracoes","status":"publish","type":"post","link":"https:\/\/www.estrategiaconcursos.com.br\/blog\/edital-pc-es-delegado-retificacoes-confira-as-alteracoes\/","title":{"rendered":"Edital PC ES Delegado: retifica\u00e7\u00f5es; Confira as altera\u00e7\u00f5es"},"content":{"rendered":"\n<p>O edital do concurso da Pol\u00edcia Civil do estado do Esp\u00edrito Santo sofreu algumas retifica\u00e7\u00f5es, que foram publicadas, 06 de setembro, no Di\u00e1rio Oficial. <\/p>\n\n\n\n<p>Agora, das <strong>33 vagas<\/strong> previstas no certame, <em>3 ser\u00e3o destinadas ao portadores de defici\u00eancia. <\/em>Al\u00e9m dessas altera\u00e7\u00f5es,  a <strong>convoca\u00e7\u00e3o para realiza\u00e7\u00e3o da Prova Discursiva<\/strong> e consulta\/impress\u00e3o do cart\u00e3o de informa\u00e7\u00e3o do local ser\u00e1 no dia <strong>10 de setembro<\/strong>. <\/p>\n\n\n\n<p>A <strong>prova discursiva <\/strong>ocorrer\u00e1 no dia <strong>22 de setembro<\/strong> no per\u00edodo da tarde. Lembrando que o gabarito da prova objetiva j\u00e1 foi divulgado. O 16 mil candidatos prestaram o exame no dia\u00a0<strong><em>14 de julho<\/em><\/strong>, composto por 120 quest\u00f5es com cinco alternativas, com dura\u00e7\u00e3o total de 5 horas. Vale lembrar que est\u00e1 \u00e9 a\u00a0<strong>primeira etapa<\/strong>\u00a0de sete que os candidatos dever\u00e3o enfrentar. <\/p>\n\n\n\n<h3 class=\"wp-block-heading\">Como ser\u00e1 a Prova Discursiva?<\/h3>\n\n\n\n<p>A prova discursiva do certame consistir\u00e1 na elabora\u00e7\u00e3o de uma pe\u00e7a pr\u00e1tica e na resolu\u00e7\u00e3o de tr\u00eas quest\u00f5es discursivas. Sua dura\u00e7\u00e3o total \u00e9 de 5 horas, exigindo-se, como na prova objetiva, nota m\u00ednima de 50% e classifica\u00e7\u00e3o dentro de cinco vezes o n\u00famero de vagas para passar \u00e0 pr\u00f3xima fase:<\/p>\n\n\n\n<table class=\"wp-block-table has-subtle-pale-green-background-color has-background is-style-stripes\"><tbody><tr><td><strong>\u00c1REA DE CONHECIMENTO<\/strong><\/td><td><strong>QUEST\u00d5ES<\/strong><\/td><td><strong>PONTUA\u00c7\u00c3O<\/strong><\/td><\/tr><tr><td>Pe\u00e7a Pr\u00e1tica<\/td><td>01<\/td><td>60<\/td><\/tr><tr><td>Direito Penal<\/td><td>01<\/td><td>20<\/td><\/tr><tr><td>Direito Processual Penal<\/td><td>01<\/td><td>20<\/td><\/tr><tr><td>Direito Constitucional<\/td><td>01<\/td><td>20<\/td><\/tr><tr><td><strong>TOTAL<\/strong><\/td><td>04<\/td><td>120<\/td><\/tr><\/tbody><\/table>\n\n\n\n<p>Nesta prova, poder\u00e3o ser descontados pontos por erros gramaticais: at\u00e9 20 pontos na pe\u00e7a pr\u00e1tica e at\u00e9 5 pontos nas quest\u00f5es discursivas, conforme discriminado abaixo:<\/p>\n\n\n\n<ul class=\"wp-block-list\"><li>Ortografia: 0,25 pontos por erro;<\/li><li>Morfossintaxe: 0,5 ponto por erro;<\/li><li>Propriedade vocabular: 0,25 pontos por erro.<\/li><\/ul>\n\n\n\n<p>Para ter informa\u00e7\u00f5es completas sobre o concurso, acesse:<\/p>\n\n\n\n<p style=\"text-align:center\" class=\"has-background has-medium-font-size has-very-light-gray-background-color\"><a href=\"https:\/\/www.estrategiaconcursos.com.br\/blog\/concurso-delegado-es\/\"><strong>Concurso PC ES Delegado<\/strong><\/a><\/p>\n\n\n\n<p style=\"text-align:center\"><em><strong>Assinatura Anual Ilimitada*<\/strong><\/em><\/p>\n\n\n\n<p><em>Prepare-se com o melhor material e com quem mais aprova em&nbsp;Concursos P\u00fablicos de todo o pa\u00eds. Assine agora a nossa Assinatura Anual e tenha acesso ilimitado a todos os nossos cursos.<\/em><\/p>\n\n\n\n<p style=\"text-align:center\" class=\"has-background has-medium-font-size has-light-green-cyan-background-color\"><strong>ASSINE AGORA<\/strong>&nbsp;\u2013&nbsp;<a rel=\"noreferrer noopener\" href=\"https:\/\/www.estrategiaconcursos.com.br\/assinaturas\" target=\"_blank\"><strong>Assinatura Ilimitada<\/strong><\/a><\/p>\n\n\n\n<p style=\"text-align:center\"><strong><em>Fique por dentro dos concursos vigentes:<\/em><\/strong><\/p>\n\n\n\n<p style=\"text-align:center\" class=\"has-text-color has-background has-medium-font-size has-very-dark-gray-color has-pale-cyan-blue-background-color\"><strong><a href=\"https:\/\/www.estrategiaconcursos.com.br\/blog\/concursos-abertos\/\" target=\"_blank\" rel=\"noreferrer noopener\">CONCURSOS ABERTOS<\/a><\/strong><\/p>\n\n\n\n<p style=\"text-align:center\" class=\"has-text-color has-background has-medium-font-size has-very-dark-gray-color has-pale-cyan-blue-background-color\"><strong><a href=\"https:\/\/www.estrategiaconcursos.com.br\/blog\/concursos-2019\/\" target=\"_blank\" rel=\"noreferrer noopener\">CONCURSOS 2019<\/a><\/strong><\/p>\n\n\n\n<p style=\"text-align:center\" class=\"has-text-color has-background has-medium-font-size has-very-dark-gray-color has-pale-cyan-blue-background-color\"><strong><a rel=\"noreferrer noopener\" href=\"https:\/\/www.estrategiaconcursos.com.br\/blog\/concursos-2020\/\" target=\"_blank\">CONCURSOS\u00a02020<\/a><\/strong><\/p>\n\n\n\n<p><\/p>\n","protected":false},"excerpt":{"rendered":"<p>O edital do concurso da Pol\u00edcia Civil do estado do Esp\u00edrito Santo sofreu algumas retifica\u00e7\u00f5es, que foram publicadas, 06 de setembro, no Di\u00e1rio Oficial. Agora, das 33 vagas previstas no certame, 3 ser\u00e3o destinadas ao portadores de defici\u00eancia. Al\u00e9m dessas altera\u00e7\u00f5es, a convoca\u00e7\u00e3o para realiza\u00e7\u00e3o da Prova Discursiva e consulta\/impress\u00e3o do cart\u00e3o de informa\u00e7\u00e3o do [&hellip;]<\/p>\n","protected":false},"author":552,"featured_media":136871,"comment_status":"open","ping_status":"closed","sticky":false,"template":"","format":"standard","meta":{"post_tipo":"article","footnotes":""},"categories":[1],"tags":[],"tax_estado":[],"class_list":["post-417383","post","type-post","status-publish","format-standard","has-post-thumbnail","hentry","category-cursos-e-concursos"],"acf":[],"yoast_head":"<!-- This site is optimized with the Yoast SEO Premium plugin v27.2 (Yoast SEO v27.2) - https:\/\/yoast.com\/product\/yoast-seo-premium-wordpress\/ -->\n<title>Edital PC ES Delegado: retifica\u00e7\u00f5es; Confira as altera\u00e7\u00f5es<\/title>\n<meta name=\"robots\" content=\"index, follow, max-snippet:-1, max-image-preview:large, max-video-preview:-1\" \/>\n<link rel=\"canonical\" href=\"https:\/\/www.estrategiaconcursos.com.br\/blog\/edital-pc-es-delegado-retificacoes-confira-as-alteracoes\/\" \/>\n<meta property=\"og:locale\" content=\"pt_BR\" \/>\n<meta property=\"og:type\" content=\"article\" \/>\n<meta property=\"og:title\" content=\"Edital PC ES Delegado: retifica\u00e7\u00f5es; Confira as altera\u00e7\u00f5es\" \/>\n<meta property=\"og:description\" content=\"O edital do concurso da Pol\u00edcia Civil do estado do Esp\u00edrito Santo sofreu algumas retifica\u00e7\u00f5es, que foram publicadas, 06 de setembro, no Di\u00e1rio Oficial. Agora, das 33 vagas previstas no certame, 3 ser\u00e3o destinadas ao portadores de defici\u00eancia. Al\u00e9m dessas altera\u00e7\u00f5es, a convoca\u00e7\u00e3o para realiza\u00e7\u00e3o da Prova Discursiva e consulta\/impress\u00e3o do cart\u00e3o de informa\u00e7\u00e3o do [&hellip;]\" \/>\n<meta property=\"og:url\" content=\"https:\/\/www.estrategiaconcursos.com.br\/blog\/edital-pc-es-delegado-retificacoes-confira-as-alteracoes\/\" \/>\n<meta property=\"og:site_name\" content=\"Estrat\u00e9gia Concursos\" \/>\n<meta property=\"article:published_time\" content=\"2019-09-06T14:57:02+00:00\" \/>\n<meta property=\"og:image\" content=\"https:\/\/dhg1h5j42swfq.cloudfront.net\/2018\/08\/20133013\/concurso-delegaodo-pc-es.jpg\" \/>\n\t<meta property=\"og:image:width\" content=\"980\" \/>\n\t<meta property=\"og:image:height\" content=\"516\" \/>\n\t<meta property=\"og:image:type\" content=\"image\/jpeg\" \/>\n<meta name=\"author\" content=\"Paulo Bilynskyj\" \/>\n<meta name=\"twitter:card\" content=\"summary_large_image\" \/>\n<meta name=\"twitter:creator\" content=\"@EstratConcursos\" \/>\n<meta name=\"twitter:site\" content=\"@EstratConcursos\" \/>\n<meta name=\"twitter:label1\" content=\"Escrito por\" \/>\n\t<meta name=\"twitter:data1\" content=\"Paulo Bilynskyj\" \/>\n\t<meta name=\"twitter:label2\" content=\"Est. tempo de leitura\" \/>\n\t<meta name=\"twitter:data2\" content=\"2 minutos\" \/>\n<script type=\"application\/ld+json\" class=\"yoast-schema-graph\">{\"@context\":\"https:\/\/schema.org\",\"@graph\":[{\"@type\":\"NewsArticle\",\"@id\":\"https:\/\/www.estrategiaconcursos.com.br\/blog\/edital-pc-es-delegado-retificacoes-confira-as-alteracoes\/#article\",\"isPartOf\":{\"@id\":\"https:\/\/www.estrategiaconcursos.com.br\/blog\/edital-pc-es-delegado-retificacoes-confira-as-alteracoes\/\"},\"author\":{\"name\":\"Paulo Bilynskyj\",\"@id\":\"https:\/\/www.estrategiaconcursos.com.br\/blog\/#\/schema\/person\/a630b15e36f45b4c21fed01219843cb5\"},\"headline\":\"Edital PC ES Delegado: retifica\u00e7\u00f5es; Confira as altera\u00e7\u00f5es\",\"datePublished\":\"2019-09-06T14:57:02+00:00\",\"mainEntityOfPage\":{\"@id\":\"https:\/\/www.estrategiaconcursos.com.br\/blog\/edital-pc-es-delegado-retificacoes-confira-as-alteracoes\/\"},\"wordCount\":331,\"commentCount\":0,\"publisher\":{\"@id\":\"https:\/\/www.estrategiaconcursos.com.br\/blog\/#organization\"},\"image\":{\"@id\":\"https:\/\/www.estrategiaconcursos.com.br\/blog\/edital-pc-es-delegado-retificacoes-confira-as-alteracoes\/#primaryimage\"},\"thumbnailUrl\":\"https:\/\/dhg1h5j42swfq.cloudfront.net\/2018\/08\/20133013\/concurso-delegaodo-pc-es.jpg\",\"articleSection\":[\"Concursos P\u00fablicos\"],\"inLanguage\":\"pt-BR\",\"potentialAction\":[{\"@type\":\"CommentAction\",\"name\":\"Comment\",\"target\":[\"https:\/\/www.estrategiaconcursos.com.br\/blog\/edital-pc-es-delegado-retificacoes-confira-as-alteracoes\/#respond\"]}],\"copyrightYear\":\"2019\",\"copyrightHolder\":{\"@id\":\"https:\/\/www.estrategiaconcursos.com.br\/blog\/#organization\"}},{\"@type\":\"WebPage\",\"@id\":\"https:\/\/www.estrategiaconcursos.com.br\/blog\/edital-pc-es-delegado-retificacoes-confira-as-alteracoes\/\",\"url\":\"https:\/\/www.estrategiaconcursos.com.br\/blog\/edital-pc-es-delegado-retificacoes-confira-as-alteracoes\/\",\"name\":\"Edital PC ES Delegado: retifica\u00e7\u00f5es; Confira as altera\u00e7\u00f5es\",\"isPartOf\":{\"@id\":\"https:\/\/www.estrategiaconcursos.com.br\/blog\/#website\"},\"primaryImageOfPage\":{\"@id\":\"https:\/\/www.estrategiaconcursos.com.br\/blog\/edital-pc-es-delegado-retificacoes-confira-as-alteracoes\/#primaryimage\"},\"image\":{\"@id\":\"https:\/\/www.estrategiaconcursos.com.br\/blog\/edital-pc-es-delegado-retificacoes-confira-as-alteracoes\/#primaryimage\"},\"thumbnailUrl\":\"https:\/\/dhg1h5j42swfq.cloudfront.net\/2018\/08\/20133013\/concurso-delegaodo-pc-es.jpg\",\"datePublished\":\"2019-09-06T14:57:02+00:00\",\"breadcrumb\":{\"@id\":\"https:\/\/www.estrategiaconcursos.com.br\/blog\/edital-pc-es-delegado-retificacoes-confira-as-alteracoes\/#breadcrumb\"},\"inLanguage\":\"pt-BR\",\"potentialAction\":[{\"@type\":\"ReadAction\",\"target\":[\"https:\/\/www.estrategiaconcursos.com.br\/blog\/edital-pc-es-delegado-retificacoes-confira-as-alteracoes\/\"]}]},{\"@type\":\"ImageObject\",\"inLanguage\":\"pt-BR\",\"@id\":\"https:\/\/www.estrategiaconcursos.com.br\/blog\/edital-pc-es-delegado-retificacoes-confira-as-alteracoes\/#primaryimage\",\"url\":\"https:\/\/dhg1h5j42swfq.cloudfront.net\/2018\/08\/20133013\/concurso-delegaodo-pc-es.jpg\",\"contentUrl\":\"https:\/\/dhg1h5j42swfq.cloudfront.net\/2018\/08\/20133013\/concurso-delegaodo-pc-es.jpg\",\"width\":980,\"height\":516,\"caption\":\"concurso delegado pc es\"},{\"@type\":\"BreadcrumbList\",\"@id\":\"https:\/\/www.estrategiaconcursos.com.br\/blog\/edital-pc-es-delegado-retificacoes-confira-as-alteracoes\/#breadcrumb\",\"itemListElement\":[{\"@type\":\"ListItem\",\"position\":1,\"name\":\"In\u00edcio\",\"item\":\"https:\/\/www.estrategiaconcursos.com.br\/blog\/\"},{\"@type\":\"ListItem\",\"position\":2,\"name\":\"Edital PC ES Delegado: retifica\u00e7\u00f5es; Confira as altera\u00e7\u00f5es\"}]},{\"@type\":\"WebSite\",\"@id\":\"https:\/\/www.estrategiaconcursos.com.br\/blog\/#website\",\"url\":\"https:\/\/www.estrategiaconcursos.com.br\/blog\/\",\"name\":\"Estrat\u00e9gia Concursos\",\"description\":\"O blog da Estrat\u00e9gia Concursos traz not\u00edcias sobre concursos e artigos de professores oferecendo cursos para concursos (pdf + videaulas) no site.\",\"publisher\":{\"@id\":\"https:\/\/www.estrategiaconcursos.com.br\/blog\/#organization\"},\"potentialAction\":[{\"@type\":\"SearchAction\",\"target\":{\"@type\":\"EntryPoint\",\"urlTemplate\":\"https:\/\/www.estrategiaconcursos.com.br\/blog\/?s={search_term_string}\"},\"query-input\":{\"@type\":\"PropertyValueSpecification\",\"valueRequired\":true,\"valueName\":\"search_term_string\"}}],\"inLanguage\":\"pt-BR\"},{\"@type\":\"Organization\",\"@id\":\"https:\/\/www.estrategiaconcursos.com.br\/blog\/#organization\",\"name\":\"Estrat\u00e9gia Concursos\",\"url\":\"https:\/\/www.estrategiaconcursos.com.br\/blog\/\",\"logo\":{\"@type\":\"ImageObject\",\"inLanguage\":\"pt-BR\",\"@id\":\"https:\/\/www.estrategiaconcursos.com.br\/blog\/#\/schema\/logo\/image\/\",\"url\":\"https:\/\/dhg1h5j42swfq.cloudfront.net\/2025\/06\/03203428\/logo_concursos-1.jpg\",\"contentUrl\":\"https:\/\/dhg1h5j42swfq.cloudfront.net\/2025\/06\/03203428\/logo_concursos-1.jpg\",\"width\":230,\"height\":60,\"caption\":\"Estrat\u00e9gia Concursos\"},\"image\":{\"@id\":\"https:\/\/www.estrategiaconcursos.com.br\/blog\/#\/schema\/logo\/image\/\"},\"sameAs\":[\"https:\/\/x.com\/EstratConcursos\"]},{\"@type\":\"Person\",\"@id\":\"https:\/\/www.estrategiaconcursos.com.br\/blog\/#\/schema\/person\/a630b15e36f45b4c21fed01219843cb5\",\"name\":\"Paulo Bilynskyj\",\"image\":{\"@type\":\"ImageObject\",\"inLanguage\":\"pt-BR\",\"@id\":\"https:\/\/secure.gravatar.com\/avatar\/37e21f70c9042e7456beffdc6d31fe051f3f6dcbf252f69343a791b144852057?s=96&d=mm&r=g\",\"url\":\"https:\/\/secure.gravatar.com\/avatar\/37e21f70c9042e7456beffdc6d31fe051f3f6dcbf252f69343a791b144852057?s=96&d=mm&r=g\",\"contentUrl\":\"https:\/\/secure.gravatar.com\/avatar\/37e21f70c9042e7456beffdc6d31fe051f3f6dcbf252f69343a791b144852057?s=96&d=mm&r=g\",\"caption\":\"Paulo Bilynskyj\"},\"url\":\"https:\/\/www.estrategiaconcursos.com.br\/blog\/author\/pbilynskyjgmail-com\/\"}]}<\/script>\n<!-- \/ Yoast SEO Premium plugin. -->","yoast_head_json":{"title":"Edital PC ES Delegado: retifica\u00e7\u00f5es; Confira as altera\u00e7\u00f5es","robots":{"index":"index","follow":"follow","max-snippet":"max-snippet:-1","max-image-preview":"max-image-preview:large","max-video-preview":"max-video-preview:-1"},"canonical":"https:\/\/www.estrategiaconcursos.com.br\/blog\/edital-pc-es-delegado-retificacoes-confira-as-alteracoes\/","og_locale":"pt_BR","og_type":"article","og_title":"Edital PC ES Delegado: retifica\u00e7\u00f5es; Confira as altera\u00e7\u00f5es","og_description":"O edital do concurso da Pol\u00edcia Civil do estado do Esp\u00edrito Santo sofreu algumas retifica\u00e7\u00f5es, que foram publicadas, 06 de setembro, no Di\u00e1rio Oficial. Agora, das 33 vagas previstas no certame, 3 ser\u00e3o destinadas ao portadores de defici\u00eancia. Al\u00e9m dessas altera\u00e7\u00f5es, a convoca\u00e7\u00e3o para realiza\u00e7\u00e3o da Prova Discursiva e consulta\/impress\u00e3o do cart\u00e3o de informa\u00e7\u00e3o do [&hellip;]","og_url":"https:\/\/www.estrategiaconcursos.com.br\/blog\/edital-pc-es-delegado-retificacoes-confira-as-alteracoes\/","og_site_name":"Estrat\u00e9gia Concursos","article_published_time":"2019-09-06T14:57:02+00:00","og_image":[{"width":980,"height":516,"url":"https:\/\/dhg1h5j42swfq.cloudfront.net\/2018\/08\/20133013\/concurso-delegaodo-pc-es.jpg","type":"image\/jpeg"}],"author":"Paulo Bilynskyj","twitter_card":"summary_large_image","twitter_creator":"@EstratConcursos","twitter_site":"@EstratConcursos","twitter_misc":{"Escrito por":"Paulo Bilynskyj","Est. tempo de leitura":"2 minutos"},"schema":{"@context":"https:\/\/schema.org","@graph":[{"@type":"NewsArticle","@id":"https:\/\/www.estrategiaconcursos.com.br\/blog\/edital-pc-es-delegado-retificacoes-confira-as-alteracoes\/#article","isPartOf":{"@id":"https:\/\/www.estrategiaconcursos.com.br\/blog\/edital-pc-es-delegado-retificacoes-confira-as-alteracoes\/"},"author":{"name":"Paulo Bilynskyj","@id":"https:\/\/www.estrategiaconcursos.com.br\/blog\/#\/schema\/person\/a630b15e36f45b4c21fed01219843cb5"},"headline":"Edital PC ES Delegado: retifica\u00e7\u00f5es; Confira as altera\u00e7\u00f5es","datePublished":"2019-09-06T14:57:02+00:00","mainEntityOfPage":{"@id":"https:\/\/www.estrategiaconcursos.com.br\/blog\/edital-pc-es-delegado-retificacoes-confira-as-alteracoes\/"},"wordCount":331,"commentCount":0,"publisher":{"@id":"https:\/\/www.estrategiaconcursos.com.br\/blog\/#organization"},"image":{"@id":"https:\/\/www.estrategiaconcursos.com.br\/blog\/edital-pc-es-delegado-retificacoes-confira-as-alteracoes\/#primaryimage"},"thumbnailUrl":"https:\/\/dhg1h5j42swfq.cloudfront.net\/2018\/08\/20133013\/concurso-delegaodo-pc-es.jpg","articleSection":["Concursos P\u00fablicos"],"inLanguage":"pt-BR","potentialAction":[{"@type":"CommentAction","name":"Comment","target":["https:\/\/www.estrategiaconcursos.com.br\/blog\/edital-pc-es-delegado-retificacoes-confira-as-alteracoes\/#respond"]}],"copyrightYear":"2019","copyrightHolder":{"@id":"https:\/\/www.estrategiaconcursos.com.br\/blog\/#organization"}},{"@type":"WebPage","@id":"https:\/\/www.estrategiaconcursos.com.br\/blog\/edital-pc-es-delegado-retificacoes-confira-as-alteracoes\/","url":"https:\/\/www.estrategiaconcursos.com.br\/blog\/edital-pc-es-delegado-retificacoes-confira-as-alteracoes\/","name":"Edital PC ES Delegado: retifica\u00e7\u00f5es; Confira as altera\u00e7\u00f5es","isPartOf":{"@id":"https:\/\/www.estrategiaconcursos.com.br\/blog\/#website"},"primaryImageOfPage":{"@id":"https:\/\/www.estrategiaconcursos.com.br\/blog\/edital-pc-es-delegado-retificacoes-confira-as-alteracoes\/#primaryimage"},"image":{"@id":"https:\/\/www.estrategiaconcursos.com.br\/blog\/edital-pc-es-delegado-retificacoes-confira-as-alteracoes\/#primaryimage"},"thumbnailUrl":"https:\/\/dhg1h5j42swfq.cloudfront.net\/2018\/08\/20133013\/concurso-delegaodo-pc-es.jpg","datePublished":"2019-09-06T14:57:02+00:00","breadcrumb":{"@id":"https:\/\/www.estrategiaconcursos.com.br\/blog\/edital-pc-es-delegado-retificacoes-confira-as-alteracoes\/#breadcrumb"},"inLanguage":"pt-BR","potentialAction":[{"@type":"ReadAction","target":["https:\/\/www.estrategiaconcursos.com.br\/blog\/edital-pc-es-delegado-retificacoes-confira-as-alteracoes\/"]}]},{"@type":"ImageObject","inLanguage":"pt-BR","@id":"https:\/\/www.estrategiaconcursos.com.br\/blog\/edital-pc-es-delegado-retificacoes-confira-as-alteracoes\/#primaryimage","url":"https:\/\/dhg1h5j42swfq.cloudfront.net\/2018\/08\/20133013\/concurso-delegaodo-pc-es.jpg","contentUrl":"https:\/\/dhg1h5j42swfq.cloudfront.net\/2018\/08\/20133013\/concurso-delegaodo-pc-es.jpg","width":980,"height":516,"caption":"concurso delegado pc es"},{"@type":"BreadcrumbList","@id":"https:\/\/www.estrategiaconcursos.com.br\/blog\/edital-pc-es-delegado-retificacoes-confira-as-alteracoes\/#breadcrumb","itemListElement":[{"@type":"ListItem","position":1,"name":"In\u00edcio","item":"https:\/\/www.estrategiaconcursos.com.br\/blog\/"},{"@type":"ListItem","position":2,"name":"Edital PC ES Delegado: retifica\u00e7\u00f5es; Confira as altera\u00e7\u00f5es"}]},{"@type":"WebSite","@id":"https:\/\/www.estrategiaconcursos.com.br\/blog\/#website","url":"https:\/\/www.estrategiaconcursos.com.br\/blog\/","name":"Estrat\u00e9gia Concursos","description":"O blog da Estrat\u00e9gia Concursos traz not\u00edcias sobre concursos e artigos de professores oferecendo cursos para concursos (pdf + videaulas) no site.","publisher":{"@id":"https:\/\/www.estrategiaconcursos.com.br\/blog\/#organization"},"potentialAction":[{"@type":"SearchAction","target":{"@type":"EntryPoint","urlTemplate":"https:\/\/www.estrategiaconcursos.com.br\/blog\/?s={search_term_string}"},"query-input":{"@type":"PropertyValueSpecification","valueRequired":true,"valueName":"search_term_string"}}],"inLanguage":"pt-BR"},{"@type":"Organization","@id":"https:\/\/www.estrategiaconcursos.com.br\/blog\/#organization","name":"Estrat\u00e9gia Concursos","url":"https:\/\/www.estrategiaconcursos.com.br\/blog\/","logo":{"@type":"ImageObject","inLanguage":"pt-BR","@id":"https:\/\/www.estrategiaconcursos.com.br\/blog\/#\/schema\/logo\/image\/","url":"https:\/\/dhg1h5j42swfq.cloudfront.net\/2025\/06\/03203428\/logo_concursos-1.jpg","contentUrl":"https:\/\/dhg1h5j42swfq.cloudfront.net\/2025\/06\/03203428\/logo_concursos-1.jpg","width":230,"height":60,"caption":"Estrat\u00e9gia Concursos"},"image":{"@id":"https:\/\/www.estrategiaconcursos.com.br\/blog\/#\/schema\/logo\/image\/"},"sameAs":["https:\/\/x.com\/EstratConcursos"]},{"@type":"Person","@id":"https:\/\/www.estrategiaconcursos.com.br\/blog\/#\/schema\/person\/a630b15e36f45b4c21fed01219843cb5","name":"Paulo Bilynskyj","image":{"@type":"ImageObject","inLanguage":"pt-BR","@id":"https:\/\/secure.gravatar.com\/avatar\/37e21f70c9042e7456beffdc6d31fe051f3f6dcbf252f69343a791b144852057?s=96&d=mm&r=g","url":"https:\/\/secure.gravatar.com\/avatar\/37e21f70c9042e7456beffdc6d31fe051f3f6dcbf252f69343a791b144852057?s=96&d=mm&r=g","contentUrl":"https:\/\/secure.gravatar.com\/avatar\/37e21f70c9042e7456beffdc6d31fe051f3f6dcbf252f69343a791b144852057?s=96&d=mm&r=g","caption":"Paulo Bilynskyj"},"url":"https:\/\/www.estrategiaconcursos.com.br\/blog\/author\/pbilynskyjgmail-com\/"}]}},"_links":{"self":[{"href":"https:\/\/www.estrategiaconcursos.com.br\/blog\/wp-json\/wp\/v2\/posts\/417383","targetHints":{"allow":["GET"]}}],"collection":[{"href":"https:\/\/www.estrategiaconcursos.com.br\/blog\/wp-json\/wp\/v2\/posts"}],"about":[{"href":"https:\/\/www.estrategiaconcursos.com.br\/blog\/wp-json\/wp\/v2\/types\/post"}],"author":[{"embeddable":true,"href":"https:\/\/www.estrategiaconcursos.com.br\/blog\/wp-json\/wp\/v2\/users\/552"}],"replies":[{"embeddable":true,"href":"https:\/\/www.estrategiaconcursos.com.br\/blog\/wp-json\/wp\/v2\/comments?post=417383"}],"version-history":[{"count":1,"href":"https:\/\/www.estrategiaconcursos.com.br\/blog\/wp-json\/wp\/v2\/posts\/417383\/revisions"}],"predecessor-version":[{"id":417426,"href":"https:\/\/www.estrategiaconcursos.com.br\/blog\/wp-json\/wp\/v2\/posts\/417383\/revisions\/417426"}],"wp:featuredmedia":[{"embeddable":true,"href":"https:\/\/www.estrategiaconcursos.com.br\/blog\/wp-json\/wp\/v2\/media\/136871"}],"wp:attachment":[{"href":"https:\/\/www.estrategiaconcursos.com.br\/blog\/wp-json\/wp\/v2\/media?parent=417383"}],"wp:term":[{"taxonomy":"category","embeddable":true,"href":"https:\/\/www.estrategiaconcursos.com.br\/blog\/wp-json\/wp\/v2\/categories?post=417383"},{"taxonomy":"post_tag","embeddable":true,"href":"https:\/\/www.estrategiaconcursos.com.br\/blog\/wp-json\/wp\/v2\/tags?post=417383"},{"taxonomy":"tax_estado","embeddable":true,"href":"https:\/\/www.estrategiaconcursos.com.br\/blog\/wp-json\/wp\/v2\/tax_estado?post=417383"}],"curies":[{"name":"wp","href":"https:\/\/api.w.org\/{rel}","templated":true}]}}