{"id":417323,"date":"2019-10-04T00:00:13","date_gmt":"2019-10-04T03:00:13","guid":{"rendered":"https:\/\/www.estrategiaconcursos.com.br\/blog\/?p=417323"},"modified":"2023-07-13T10:57:03","modified_gmt":"2023-07-13T13:57:03","slug":"concurso-prefeitura-de-orlandia","status":"publish","type":"post","link":"https:\/\/www.estrategiaconcursos.com.br\/blog\/concurso-prefeitura-de-orlandia\/","title":{"rendered":"Concurso Prefeitura de Orl\u00e2ndia: inscri\u00e7\u00f5es para o certame encerradas"},"content":{"rendered":"\n<p>Foram encerradas as inscri\u00e7\u00f5es para o concurso p\u00fablico da Prefeitura de Orl\u00e2ndia. O edital oferta 22 vagas mais cadastro de reserva para cargos de n\u00edvel fundamental, m\u00e9dio, m\u00e9dio t\u00e9cnico e superior.<\/p>\n\n\n\n<p>Ao longo deste artigo voc\u00ea confere mais detalhes sobre o edital do concurso p\u00fablico da Prefeitura de Orl\u00e2ndia e como se preparar.<\/p>\n\n\n\n<ul class=\"wp-block-list\">\n<li><strong><em><a href=\"#vagas\">Distribui\u00e7\u00e3o das vagas<\/a><\/em><\/strong><\/li>\n\n\n\n<li><strong><em><a href=\"#datas\">Principais datas<\/a><\/em><\/strong><\/li>\n\n\n\n<li><strong><em><a href=\"#etapas\">Etapas do concurso<\/a><\/em><\/strong><\/li>\n\n\n\n<li><strong><em><a href=\"#provas\">Provas Objetivas<\/a><\/em><\/strong><\/li>\n\n\n\n<li><strong><em><a href=\"#prova-pratica\">Prova Pr\u00e1tica<\/a><\/em><\/strong><\/li>\n\n\n\n<li><strong><em><a href=\"#titulos\">Avalia\u00e7\u00e3o de T\u00edtulos<\/a><\/em><\/strong><\/li>\n\n\n\n<li><strong><em><a href=\"#taf\">Teste de Aptid\u00e3o F\u00edsica<\/a><\/em><\/strong><\/li>\n\n\n\n<li><strong><em><a href=\"#cursos-assinatura\">Assinatura ilimitada e cursos<\/a><\/em><\/strong><\/li>\n<\/ul>\n\n\n\n<h2 class=\"wp-block-heading\" id=\"vagas\">Distribui\u00e7\u00e3o das vagas do concurso Prefeitura de Orl\u00e2ndia<\/h2>\n\n\n\n<h3 class=\"wp-block-heading\">N\u00edvel superior &#8211; Magist\u00e9rio<\/h3>\n\n\n\n<ul class=\"wp-block-list\">\n<li>CR &#8211; Professor de Educa\u00e7\u00e3o F\u00edsica PEB II (R$ 2.276,00)<\/li>\n\n\n\n<li>03 &#8211; Professor de Ensino Fundamental &#8211; PEB I (R$ 2.276,00) <\/li>\n\n\n\n<li>03 &#8211; Professor de Ensino Infantil &#8211; PEB I (R$ 2.276,00) <\/li>\n\n\n\n<li>01 &#8211; Professor de Educa\u00e7\u00e3o Especial PEB II (R$ 2.276,00) <\/li>\n\n\n\n<li>01 &#8211; Professor de Artes PEB II (R$ 2.276,00) <\/li>\n\n\n\n<li>CR &#8211; Professor de Ci\u00eancias PEB II (R$ 2.276,00) <\/li>\n\n\n\n<li>01 &#8211; Professor de Geografia PEB II (R$ 2.276,00) <\/li>\n\n\n\n<li>CR &#8211; Professor de Hist\u00f3ria PEB II (R$ 2.276,00) <\/li>\n\n\n\n<li>CR &#8211; Professor de Ingl\u00eas PEB II (R$ 2.276,00) <\/li>\n\n\n\n<li>CR &#8211; Professor de Matem\u00e1tica PEB II (R$ 2.276,00) <\/li>\n\n\n\n<li>CR &#8211; Professor de M\u00fasica PEB II (R$ 2.276,00) <\/li>\n\n\n\n<li>CR &#8211; Professor de Portugu\u00eas PEB II (R$ 2.276,00) <\/li>\n<\/ul>\n\n\n\n<h3 class=\"wp-block-heading\">N\u00edvel superior<\/h3>\n\n\n\n<ul class=\"wp-block-list\">\n<li>CR &#8211; M\u00e9dico da Fam\u00edlia (R$ 12.000,00)<\/li>\n\n\n\n<li>CR &#8211; M\u00e9dico AD &#8211; Cl\u00ednico Geral (R$ 12.000,00) <\/li>\n<\/ul>\n\n\n\n<h3 class=\"wp-block-heading\">N\u00edvel m\u00e9dio t\u00e9cnico<\/h3>\n\n\n\n<ul class=\"wp-block-list\">\n<li>CR &#8211; T\u00e9cnico em Enfermagem (R$ 1.998,00)<\/li>\n<\/ul>\n\n\n\n<h3 class=\"wp-block-heading\">N\u00edvel m\u00e9dio<\/h3>\n\n\n\n<ul class=\"wp-block-list\">\n<li>02 &#8211; Auxiliar de Educa\u00e7\u00e3o A1 (R$ 1.427,00)<\/li>\n\n\n\n<li>04 &#8211; Auxiliar e Educador\/Cuidador (R$ 1.427,00)<\/li>\n\n\n\n<li>CR &#8211; Auxiliar Administrativo B (R$ 1.870,00)<\/li>\n\n\n\n<li>CR &#8211; Auxiliar Administrativo B (ORLANDIAPREV) (R$ 1.870,00)<\/li>\n\n\n\n<li>04 &#8211; Educador\/Cuidador (R$ 1.676,00)<\/li>\n\n\n\n<li>02 &#8211; Guarda Civil Municipal &#8211; Masculino (R$ 2.477,00)<\/li>\n\n\n\n<li>01 &#8211; Guarda Civil Municipal &#8211; Feminino (R$ 2.477,00) <\/li>\n<\/ul>\n\n\n\n<h3 class=\"wp-block-heading\">N\u00edvel fundamental<\/h3>\n\n\n\n<ul class=\"wp-block-list\">\n<li>CR &#8211; Ajudante Operacional (R$ 1.282,00)<\/li>\n\n\n\n<li>CR &#8211; Coveiro (R$ 1.282,00) <\/li>\n\n\n\n<li>CR &#8211; Telefonista (R$ 1.282,00) <\/li>\n\n\n\n<li>CR &#8211; Motorista B (R$ 1.427,00)<\/li>\n<\/ul>\n\n\n\n<h2 class=\"wp-block-heading\" id=\"datas\">Principais datas do concurso Prefeitura de Orl\u00e2ndia<\/h2>\n\n\n\n<ul class=\"wp-block-list\">\n<li><strong>Inscri\u00e7\u00f5es:<\/strong> 05 de setembro a 03 de outubro <\/li>\n\n\n\n<li><strong>Taxa de inscri\u00e7\u00e3o:<\/strong>\n<ul class=\"wp-block-list\">\n<li><em>Fundamental:<\/em> R$ 50,00<\/li>\n\n\n\n<li><em>M\u00e9dio:<\/em> R$ 60,00<\/li>\n\n\n\n<li><em>Superior:<\/em> R$ 70,00<\/li>\n<\/ul>\n<\/li>\n\n\n\n<li><strong>Data prevista da prova:<\/strong> 27 de outubro<\/li>\n<\/ul>\n\n\n\n<p><em><strong>Provas no per\u00edodo da Manh\u00e3<\/strong><\/em> <strong><em>(de 8h at\u00e9 12h)<\/em><\/strong><em><strong>:<\/strong><\/em><\/p>\n\n\n\n<ul class=\"wp-block-list\">\n<li>Auxiliar de Educa\u00e7\u00e3o A1 <\/li>\n\n\n\n<li>T\u00e9cnico em Enfermagem <\/li>\n\n\n\n<li>Auxiliar e Educador\/Cuidador <\/li>\n\n\n\n<li>Auxiliar Administrativo B <\/li>\n\n\n\n<li>Educador\/Cuidador<\/li>\n\n\n\n<li>Guarda Civil Municipal <\/li>\n\n\n\n<li>Ajudante Operacional <\/li>\n\n\n\n<li>Coveiro <\/li>\n\n\n\n<li>Telefonista <\/li>\n\n\n\n<li>Motorista B <\/li>\n<\/ul>\n\n\n\n<p><strong><em> Provas no per\u00edodo da Tarde<\/em><\/strong> <strong><em>(de 14h30 at\u00e9 18h30)<\/em><\/strong><em><strong>:<\/strong><\/em> <\/p>\n\n\n\n<ul class=\"wp-block-list\">\n<li>Professor<\/li>\n\n\n\n<li>M\u00e9dico<\/li>\n<\/ul>\n\n\n\n<h2 class=\"wp-block-heading\" id=\"etapas\">Etapas do concurso Prefeitura de Orl\u00e2ndia<\/h2>\n\n\n\n<ul class=\"wp-block-list\">\n<li><strong>Primeira Etapa:<\/strong> Prova Objetiva de m\u00faltipla escolha (classificat\u00f3rio e eliminat\u00f3rio); <\/li>\n\n\n\n<li><strong>Segunda Etapa:<\/strong> Avalia\u00e7\u00e3o de T\u00edtulos somente para os cargos na \u00e1rea da Educa\u00e7\u00e3o (classificat\u00f3rio); <\/li>\n\n\n\n<li> <strong>Terceira Etapa:<\/strong> Prova Pr\u00e1tica somente para o cargo de Motorista B (eliminat\u00f3rio);  <\/li>\n\n\n\n<li><strong>Quarta Etapa: <\/strong>\n<ul class=\"wp-block-list\">\n<li>1) Investiga\u00e7\u00e3o Social (eliminat\u00f3rio); <\/li>\n\n\n\n<li>2) Teste de Aptid\u00e3o F\u00edsica (eliminat\u00f3rio e classificat\u00f3rio); <\/li>\n\n\n\n<li>3) Avalia\u00e7\u00e3o Psicol\u00f3gica (eliminat\u00f3rio); <\/li>\n\n\n\n<li>4) Avalia\u00e7\u00e3o M\u00e9dica somente para Guarda Civil (eliminat\u00f3rio). <\/li>\n<\/ul>\n<\/li>\n<\/ul>\n\n\n\n<p>O candidato aprovado nos <strong>Exames M\u00e9dicos<\/strong> pr\u00e9-admissionais, por\u00e9m n\u00e3o enquadrado como pessoa com defici\u00eancia, caso seja aprovado na primeira etapa, continuar\u00e1 figurando apenas na lista de classifica\u00e7\u00e3o geral do cargo, desde que se encontre o quantitativo de corte previsto para ampla concorr\u00eancia em cada etapa, quando houver, caso contr\u00e1rio, ser\u00e1 eliminado.<\/p>\n\n\n\n<h2 class=\"wp-block-heading\" id=\"provas\">Provas Objetivas do concurso Prefeitura de Orl\u00e2ndia<\/h2>\n\n\n\n<h3 class=\"wp-block-heading\">N\u00edvel superior &#8211; Educa\u00e7\u00e3o<\/h3>\n\n\n\n<ul class=\"wp-block-list\">\n<li>L\u00edngua Portuguesa &#8211; 15 quest\u00f5es<\/li>\n\n\n\n<li>Conhecimentos Gerais &#8211; 05 quest\u00f5es<\/li>\n\n\n\n<li>Conhecimentos Did\u00e1tico-pedag\u00f3gicos &#8211; 10 quest\u00f5es<\/li>\n\n\n\n<li>Conhecimentos do cargo &#8211; 10 quest\u00f5es<\/li>\n<\/ul>\n\n\n\n<h3 class=\"wp-block-heading\">N\u00edvel superior &#8211; Sa\u00fade<\/h3>\n\n\n\n<ul class=\"wp-block-list\">\n<li>L\u00edngua Portuguesa &#8211; 15 quest\u00f5es<\/li>\n\n\n\n<li>Conhecimentos Gerais &#8211; 05 quest\u00f5es<\/li>\n\n\n\n<li>No\u00e7\u00f5es de Sa\u00fade P\u00fablica &#8211; 10 quest\u00f5es<\/li>\n\n\n\n<li>Conhecimentos do cargo &#8211; 10 quest\u00f5es<\/li>\n<\/ul>\n\n\n\n<h3 class=\"wp-block-heading\">N\u00edvel m\u00e9dio com habilita\u00e7\u00e3o em Magist\u00e9rio (Auxiliar de Educa\u00e7\u00e3o A1) <\/h3>\n\n\n\n<ul class=\"wp-block-list\">\n<li>L\u00edngua Portuguesa &#8211; 15 quest\u00f5es <\/li>\n\n\n\n<li>Conhecimentos Gerais &#8211; 05 quest\u00f5es<\/li>\n\n\n\n<li>Conhecimentos Did\u00e1tico-pedag\u00f3gicos &#8211; 10 quest\u00f5es<\/li>\n\n\n\n<li>Conhecimentos do cargo &#8211; 10 quest\u00f5es<\/li>\n<\/ul>\n\n\n\n<h3 class=\"wp-block-heading\">N\u00edvel m\u00e9dio completo<\/h3>\n\n\n\n<ul class=\"wp-block-list\">\n<li>L\u00edngua Portuguesa &#8211; 10 quest\u00f5es <\/li>\n\n\n\n<li>Conhecimentos Gerais &#8211; 05 quest\u00f5es <\/li>\n\n\n\n<li>No\u00e7\u00f5es de Inform\u00e1tica &#8211; 05 quest\u00f5es <\/li>\n\n\n\n<li>Racioc\u00ednio L\u00f3gico Matem\u00e1tico &#8211; 05 quest\u00f5es <\/li>\n\n\n\n<li>Conhecimentos do cargo &#8211; 15 quest\u00f5es <\/li>\n<\/ul>\n\n\n\n<h3 class=\"wp-block-heading\">T\u00e9cnico em Enfermagem<\/h3>\n\n\n\n<ul class=\"wp-block-list\">\n<li>L\u00edngua Portuguesa &#8211; 15 quest\u00f5es <\/li>\n\n\n\n<li>Conhecimentos Gerais &#8211; 05 quest\u00f5es <\/li>\n\n\n\n<li>No\u00e7\u00f5es de Sa\u00fade P\u00fablica &#8211; 10 quest\u00f5es <\/li>\n\n\n\n<li>Conhecimentos do cargo &#8211; 10 quest\u00f5es<\/li>\n<\/ul>\n\n\n\n<h3 class=\"wp-block-heading\">N\u00edvel fundamental<\/h3>\n\n\n\n<ul class=\"wp-block-list\">\n<li>L\u00edngua Portuguesa &#8211; 10 quest\u00f5es <\/li>\n\n\n\n<li>Matem\u00e1tica &#8211; 10 quest\u00f5es<\/li>\n\n\n\n<li>Conhecimentos Gerais &#8211; 10 quest\u00f5es<\/li>\n<\/ul>\n\n\n\n<h2 class=\"wp-block-heading\" id=\"prova-pratica\">Prova Pr\u00e1tica do concurso Prefeitura de Orl\u00e2ndia<\/h2>\n\n\n\n<p>A prova pr\u00e1tica para os candidatos ao cargo de <strong>Motorista B<\/strong> ter\u00e1 car\u00e1ter somente eliminat\u00f3rio e ser\u00e1 aplicada dentro do quantitativo de 15 candidatos, desde que aprovados na Prova Objetiva, de acordo com a classifica\u00e7\u00e3o obtida, do maior para o menor, respeitados os empates na \u00faltima posi\u00e7\u00e3o.<\/p>\n\n\n\n<h2 class=\"wp-block-heading\" id=\"titulos\">Avalia\u00e7\u00e3o de T\u00edtulos do concurso Prefeitura de Orl\u00e2ndia<\/h2>\n\n\n\n<p>A avalia\u00e7\u00e3o de t\u00edtulos tem car\u00e1ter apenas classificat\u00f3rio e se submeter\u00e3o a esta etapa somente os candidatos aos cargos de N\u00edvel Superior na \u00c1rea da Educa\u00e7\u00e3o e N\u00edvel M\u00e9dio com Habilita\u00e7\u00e3o em Magist\u00e9rio e\/ou Pedagogia. Esta etapa valer\u00e1 at\u00e9 5 pontos, ainda que a soma dos valores dos t\u00edtulos apresentados seja superior a esse valor. <\/p>\n\n\n\n<figure class=\"wp-block-image aligncenter\"><img loading=\"lazy\" decoding=\"async\" width=\"1077\" height=\"402\" src=\"https:\/\/dhg1h5j42swfq.cloudfront.net\/2019\/09\/06105156\/Capturar-min.jpg4.jpg\" alt=\"Avalia\u00e7\u00e3o de T\u00edtulos do Concurso Prefeitura de Orl\u00e2ndia\" class=\"wp-image-417354\" srcset=\"https:\/\/dhg1h5j42swfq.cloudfront.net\/2019\/09\/06105156\/Capturar-min.jpg4.jpg 1077w, https:\/\/dhg1h5j42swfq.cloudfront.net\/2019\/09\/06105156\/Capturar-min.jpg4.jpg 300w, https:\/\/dhg1h5j42swfq.cloudfront.net\/2019\/09\/06105156\/Capturar-min.jpg4.jpg 768w, https:\/\/dhg1h5j42swfq.cloudfront.net\/2019\/09\/06105156\/Capturar-min.jpg4.jpg 1024w, https:\/\/dhg1h5j42swfq.cloudfront.net\/2019\/09\/06105156\/Capturar-min.jpg4.jpg 610w\" sizes=\"auto, (max-width: 1077px) 100vw, 1077px\" \/><figcaption class=\"wp-element-caption\">Avalia\u00e7\u00e3o de T\u00edtulos do Concurso Prefeitura de Orl\u00e2ndia<\/figcaption><\/figure>\n\n\n\n<h2 class=\"wp-block-heading\" id=\"taf\">Teste de Aptid\u00e3o F\u00edsica do concurso prefeitura de Orl\u00e2ndia<\/h2>\n\n\n\n<p>O Teste de Aptid\u00e3o F\u00edsica, a ser realizado exclusivamente para o cargo de Guarda Civil Municipal (Masculino e Feminino), ter\u00e1 car\u00e1ter eliminat\u00f3rio e classificat\u00f3rio e ser\u00e1 realizado na cidade do Orl\u00e2ndia\/SP.  <\/p>\n\n\n\n<p><strong>Flex\u00f5es Abdominais<\/strong><\/p>\n\n\n\n<ul class=\"wp-block-list\">\n<li><em>Masculino:<\/em> m\u00ednimo 31 flex\u00f5es <\/li>\n\n\n\n<li><em>Feminino: <\/em>m\u00ednimo 25 flex\u00f5es  <\/li>\n<\/ul>\n\n\n\n<p><strong>Corrida de M\u00e9dia Dist\u00e2ncia<\/strong> (12 minutos)<\/p>\n\n\n\n<ul class=\"wp-block-list\">\n<li><em>Masculino:<\/em> m\u00ednimo 2.000 metros <\/li>\n\n\n\n<li><em>Feminino:<\/em> m\u00ednimo 1.600 metros <\/li>\n<\/ul>\n\n\n\n<h2 class=\"wp-block-heading has-text-align-center\" id=\"cursos-assinatura\"><strong><em>Quer estudar para o concurso Prefeitura de Orl\u00e2ndia?<\/em><\/strong><\/h2>\n\n\n\n<p class=\"has-text-align-center\"><em>Gostou desta oportunidade e deseja come\u00e7ar se preparar agora mesmo? Ent\u00e3o, confira os nossos cursos e comece a estudar para Prefeitura de Orl\u00e2ndia:<\/em><\/p>\n\n\n\n<p class=\"has-text-align-center has-light-green-cyan-background-color has-background\" style=\"font-size:clamp(14.642px, 0.915rem + ((1vw - 3.2px) * 0.721), 22px);px\"><strong><a rel=\"noreferrer noopener\" aria-label=\"CURSO PREFEITURA DE ORL\u00c2NDIA (abre numa nova aba)\" href=\"https:\/\/www.estrategiaconcursos.com.br\/cursosPorConcurso\/prefeitura-municipal-de-orlandia-sp\/\" target=\"_blank\">CURSO PREFEITURA DE ORL\u00c2NDIA<\/a><\/strong><\/p>\n\n\n\n<p class=\"has-text-align-center has-light-green-cyan-background-color has-background has-medium-font-size\"><a href=\"https:\/\/www.estrategiaconcursos.com.br\/cursosPorConcurso\/prefeitura-municipal-de-orlandia-sp-guarda-civil-municipal\/\"><strong>Curso Guarda Municipal Orl\u00e2ndia<\/strong><\/a><\/p>\n\n\n\n<p class=\"has-text-align-center\"><em><strong>Assinatura Anual Ilimitada*<\/strong><\/em><\/p>\n\n\n\n<p class=\"has-text-align-center\"><em>Prepare-se com o melhor material e com quem mais aprova em&nbsp;Concursos P\u00fablicos de todo o pa\u00eds. Assine agora a nossa Assinatura Anual e tenha acesso ilimitado* a todos os nossos cursos.<\/em><\/p>\n\n\n\n<p class=\"has-text-align-center has-luminous-vivid-amber-background-color has-background has-medium-font-size\"><strong>Assine agora:&nbsp;<a href=\"https:\/\/www.estrategiaconcursos.com.br\/assinaturas\/\" target=\"_blank\" rel=\"noreferrer noopener\">Assinatura ilimitada<\/a><\/strong><\/p>\n\n\n\n<p class=\"has-text-align-center\"><strong><em>Fique por dentro de todos os concursos:<\/em><\/strong><\/p>\n\n\n\n<p class=\"has-text-align-center has-pale-cyan-blue-background-color has-background has-medium-font-size\"><strong><a href=\"https:\/\/www.estrategiaconcursos.com.br\/blog\/concursos-abertos\/\">CONCURSOS ABERTOS<\/a><\/strong><\/p>\n\n\n\n<figure class=\"wp-block-image\"><img loading=\"lazy\" decoding=\"async\" width=\"300\" height=\"102\" src=\"https:\/\/dhg1h5j42swfq.cloudfront.net\/2017\/03\/28152500\/coruja-ficha-tecnica-300x102.png\" alt=\"Ficha t\u00e9cnica concurso Prefeitura de Orl\u00e2ndia\" class=\"wp-image-68542\"\/><\/figure>\n\n\n\n<h4 class=\"wp-block-heading\" id=\"ficha-tecnica\"><strong>\u2666Informa\u00e7\u00f5es do concurso Prefeitura de Orl\u00e2ndia<\/strong><\/h4>\n\n\n\n<p>\u25ba<strong>Prova:&nbsp;<\/strong>27 de outubro<br \/><strong>\u25baVagas:&nbsp;<\/strong>22 + CR<br \/><strong>\u25baRequisito:&nbsp;<\/strong>N\u00edvel fundamental, m\u00e9dio e superior<br \/><strong>\u25baBanca:&nbsp;<\/strong>Instituto Consulplan <br \/><strong>\u25baEdital:<\/strong>&nbsp;<a rel=\"noreferrer noopener\" href=\"https:\/\/dhg1h5j42swfq.cloudfront.net\/2019\/09\/06101452\/Minuta-Edital-Concurso-P%C3%BAblico-001.2019-Prefeitura-Municipal-de-Orl%C3%A2ndia.pdf\" target=\"_blank\">Edital Prefeitura de Orl\u00e2ndia<\/a> <\/p>\n\n\n\n<p><br \/><em>Ascom Estrat\u00e9gia<\/em><br \/>ascomestrategia@gmail.com&nbsp;<\/p>\n","protected":false},"excerpt":{"rendered":"<p>Foram encerradas as inscri\u00e7\u00f5es para o concurso p\u00fablico da Prefeitura de Orl\u00e2ndia. O edital oferta 22 vagas mais cadastro de reserva para cargos de n\u00edvel fundamental, m\u00e9dio, m\u00e9dio t\u00e9cnico e superior. Ao longo deste artigo voc\u00ea confere mais detalhes sobre o edital do concurso p\u00fablico da Prefeitura de Orl\u00e2ndia e como se preparar. Distribui\u00e7\u00e3o das [&hellip;]<\/p>\n","protected":false},"author":1,"featured_media":422443,"comment_status":"open","ping_status":"closed","sticky":false,"template":"","format":"standard","meta":{"post_tipo":"news","footnotes":""},"categories":[1],"tags":[],"tax_estado":[],"class_list":["post-417323","post","type-post","status-publish","format-standard","has-post-thumbnail","hentry","category-cursos-e-concursos"],"acf":[],"yoast_head":"<!-- This site is optimized with the Yoast SEO Premium plugin v27.2 (Yoast SEO v27.2) - https:\/\/yoast.com\/product\/yoast-seo-premium-wordpress\/ -->\n<title>Concurso Prefeitura de Orl\u00e2ndia: inscri\u00e7\u00f5es para o certame encerradas<\/title>\n<meta name=\"description\" content=\"Concurso Prefeitura de Orl\u00e2ndia - SP: publicado edital com 22 vagas para n\u00edvel fundamental, m\u00e9dio, m\u00e9dio t\u00e9cnico e superior. Provas em outubro.\" \/>\n<meta name=\"robots\" content=\"index, follow, max-snippet:-1, max-image-preview:large, max-video-preview:-1\" \/>\n<link rel=\"canonical\" href=\"https:\/\/www.estrategiaconcursos.com.br\/blog\/concurso-prefeitura-de-orlandia\/\" \/>\n<meta property=\"og:locale\" content=\"pt_BR\" \/>\n<meta property=\"og:type\" content=\"article\" \/>\n<meta property=\"og:title\" content=\"Concurso Prefeitura de Orl\u00e2ndia: inscri\u00e7\u00f5es para o certame encerradas\" \/>\n<meta property=\"og:description\" content=\"Concurso Prefeitura de Orl\u00e2ndia - SP: publicado edital com 22 vagas para n\u00edvel fundamental, m\u00e9dio, m\u00e9dio t\u00e9cnico e superior. Provas em outubro.\" \/>\n<meta property=\"og:url\" content=\"https:\/\/www.estrategiaconcursos.com.br\/blog\/concurso-prefeitura-de-orlandia\/\" \/>\n<meta property=\"og:site_name\" content=\"Estrat\u00e9gia Concursos\" \/>\n<meta property=\"article:author\" content=\"https:\/\/www.facebook.com\/EstrategiaConcursos\" \/>\n<meta property=\"article:published_time\" content=\"2019-10-04T03:00:13+00:00\" \/>\n<meta property=\"article:modified_time\" content=\"2023-07-13T13:57:03+00:00\" \/>\n<meta property=\"og:image\" content=\"https:\/\/dhg1h5j42swfq.cloudfront.net\/2019\/09\/20163129\/JORNALISMO-Prefeitura-de-Orla%CC%82ndia-SP.jpg\" \/>\n\t<meta property=\"og:image:width\" content=\"1200\" \/>\n\t<meta property=\"og:image:height\" content=\"628\" \/>\n\t<meta property=\"og:image:type\" content=\"image\/jpeg\" \/>\n<meta name=\"author\" content=\"Coordena\u00e7\u00e3o\" \/>\n<meta name=\"twitter:card\" content=\"summary_large_image\" \/>\n<meta name=\"twitter:creator\" content=\"@EstratConcursos\" \/>\n<meta name=\"twitter:site\" content=\"@EstratConcursos\" \/>\n<meta name=\"twitter:label1\" content=\"Escrito por\" \/>\n\t<meta name=\"twitter:data1\" content=\"Coordena\u00e7\u00e3o\" \/>\n\t<meta name=\"twitter:label2\" content=\"Est. tempo de leitura\" \/>\n\t<meta name=\"twitter:data2\" content=\"6 minutos\" \/>\n<script type=\"application\/ld+json\" class=\"yoast-schema-graph\">{\"@context\":\"https:\/\/schema.org\",\"@graph\":[{\"@type\":\"NewsArticle\",\"@id\":\"https:\/\/www.estrategiaconcursos.com.br\/blog\/concurso-prefeitura-de-orlandia\/#article\",\"isPartOf\":{\"@id\":\"https:\/\/www.estrategiaconcursos.com.br\/blog\/concurso-prefeitura-de-orlandia\/\"},\"author\":{\"name\":\"Coordena\u00e7\u00e3o\",\"@id\":\"https:\/\/www.estrategiaconcursos.com.br\/blog\/#\/schema\/person\/b4a388c97673c5f483d72185668afa1f\"},\"headline\":\"Concurso Prefeitura de Orl\u00e2ndia: inscri\u00e7\u00f5es para o certame encerradas\",\"datePublished\":\"2019-10-04T03:00:13+00:00\",\"dateModified\":\"2023-07-13T13:57:03+00:00\",\"mainEntityOfPage\":{\"@id\":\"https:\/\/www.estrategiaconcursos.com.br\/blog\/concurso-prefeitura-de-orlandia\/\"},\"wordCount\":1118,\"commentCount\":0,\"publisher\":{\"@id\":\"https:\/\/www.estrategiaconcursos.com.br\/blog\/#organization\"},\"image\":{\"@id\":\"https:\/\/www.estrategiaconcursos.com.br\/blog\/concurso-prefeitura-de-orlandia\/#primaryimage\"},\"thumbnailUrl\":\"https:\/\/dhg1h5j42swfq.cloudfront.net\/2019\/09\/20163129\/JORNALISMO-Prefeitura-de-Orla%CC%82ndia-SP.jpg\",\"articleSection\":[\"Concursos P\u00fablicos\"],\"inLanguage\":\"pt-BR\",\"potentialAction\":[{\"@type\":\"CommentAction\",\"name\":\"Comment\",\"target\":[\"https:\/\/www.estrategiaconcursos.com.br\/blog\/concurso-prefeitura-de-orlandia\/#respond\"]}],\"copyrightYear\":\"2019\",\"copyrightHolder\":{\"@id\":\"https:\/\/www.estrategiaconcursos.com.br\/blog\/#organization\"}},{\"@type\":\"WebPage\",\"@id\":\"https:\/\/www.estrategiaconcursos.com.br\/blog\/concurso-prefeitura-de-orlandia\/\",\"url\":\"https:\/\/www.estrategiaconcursos.com.br\/blog\/concurso-prefeitura-de-orlandia\/\",\"name\":\"Concurso Prefeitura de Orl\u00e2ndia: inscri\u00e7\u00f5es para o certame encerradas\",\"isPartOf\":{\"@id\":\"https:\/\/www.estrategiaconcursos.com.br\/blog\/#website\"},\"primaryImageOfPage\":{\"@id\":\"https:\/\/www.estrategiaconcursos.com.br\/blog\/concurso-prefeitura-de-orlandia\/#primaryimage\"},\"image\":{\"@id\":\"https:\/\/www.estrategiaconcursos.com.br\/blog\/concurso-prefeitura-de-orlandia\/#primaryimage\"},\"thumbnailUrl\":\"https:\/\/dhg1h5j42swfq.cloudfront.net\/2019\/09\/20163129\/JORNALISMO-Prefeitura-de-Orla%CC%82ndia-SP.jpg\",\"datePublished\":\"2019-10-04T03:00:13+00:00\",\"dateModified\":\"2023-07-13T13:57:03+00:00\",\"description\":\"Concurso Prefeitura de Orl\u00e2ndia - SP: publicado edital com 22 vagas para n\u00edvel fundamental, m\u00e9dio, m\u00e9dio t\u00e9cnico e superior. Provas em outubro.\",\"breadcrumb\":{\"@id\":\"https:\/\/www.estrategiaconcursos.com.br\/blog\/concurso-prefeitura-de-orlandia\/#breadcrumb\"},\"inLanguage\":\"pt-BR\",\"potentialAction\":[{\"@type\":\"ReadAction\",\"target\":[\"https:\/\/www.estrategiaconcursos.com.br\/blog\/concurso-prefeitura-de-orlandia\/\"]}]},{\"@type\":\"ImageObject\",\"inLanguage\":\"pt-BR\",\"@id\":\"https:\/\/www.estrategiaconcursos.com.br\/blog\/concurso-prefeitura-de-orlandia\/#primaryimage\",\"url\":\"https:\/\/dhg1h5j42swfq.cloudfront.net\/2019\/09\/20163129\/JORNALISMO-Prefeitura-de-Orla%CC%82ndia-SP.jpg\",\"contentUrl\":\"https:\/\/dhg1h5j42swfq.cloudfront.net\/2019\/09\/20163129\/JORNALISMO-Prefeitura-de-Orla%CC%82ndia-SP.jpg\",\"width\":1200,\"height\":628},{\"@type\":\"BreadcrumbList\",\"@id\":\"https:\/\/www.estrategiaconcursos.com.br\/blog\/concurso-prefeitura-de-orlandia\/#breadcrumb\",\"itemListElement\":[{\"@type\":\"ListItem\",\"position\":1,\"name\":\"In\u00edcio\",\"item\":\"https:\/\/www.estrategiaconcursos.com.br\/blog\/\"},{\"@type\":\"ListItem\",\"position\":2,\"name\":\"Concurso Prefeitura de Orl\u00e2ndia: inscri\u00e7\u00f5es para o certame encerradas\"}]},{\"@type\":\"WebSite\",\"@id\":\"https:\/\/www.estrategiaconcursos.com.br\/blog\/#website\",\"url\":\"https:\/\/www.estrategiaconcursos.com.br\/blog\/\",\"name\":\"Estrat\u00e9gia Concursos\",\"description\":\"O blog da Estrat\u00e9gia Concursos traz not\u00edcias sobre concursos e artigos de professores oferecendo cursos para concursos (pdf + videaulas) no site.\",\"publisher\":{\"@id\":\"https:\/\/www.estrategiaconcursos.com.br\/blog\/#organization\"},\"potentialAction\":[{\"@type\":\"SearchAction\",\"target\":{\"@type\":\"EntryPoint\",\"urlTemplate\":\"https:\/\/www.estrategiaconcursos.com.br\/blog\/?s={search_term_string}\"},\"query-input\":{\"@type\":\"PropertyValueSpecification\",\"valueRequired\":true,\"valueName\":\"search_term_string\"}}],\"inLanguage\":\"pt-BR\"},{\"@type\":\"Organization\",\"@id\":\"https:\/\/www.estrategiaconcursos.com.br\/blog\/#organization\",\"name\":\"Estrat\u00e9gia Concursos\",\"url\":\"https:\/\/www.estrategiaconcursos.com.br\/blog\/\",\"logo\":{\"@type\":\"ImageObject\",\"inLanguage\":\"pt-BR\",\"@id\":\"https:\/\/www.estrategiaconcursos.com.br\/blog\/#\/schema\/logo\/image\/\",\"url\":\"https:\/\/dhg1h5j42swfq.cloudfront.net\/2025\/06\/03203428\/logo_concursos-1.jpg\",\"contentUrl\":\"https:\/\/dhg1h5j42swfq.cloudfront.net\/2025\/06\/03203428\/logo_concursos-1.jpg\",\"width\":230,\"height\":60,\"caption\":\"Estrat\u00e9gia Concursos\"},\"image\":{\"@id\":\"https:\/\/www.estrategiaconcursos.com.br\/blog\/#\/schema\/logo\/image\/\"},\"sameAs\":[\"https:\/\/x.com\/EstratConcursos\"]},{\"@type\":\"Person\",\"@id\":\"https:\/\/www.estrategiaconcursos.com.br\/blog\/#\/schema\/person\/b4a388c97673c5f483d72185668afa1f\",\"name\":\"Coordena\u00e7\u00e3o\",\"image\":{\"@type\":\"ImageObject\",\"inLanguage\":\"pt-BR\",\"@id\":\"https:\/\/secure.gravatar.com\/avatar\/b720319e4c9a967eb58678d110f4fe35452fc5d5f97b202bac7b8acceb18c6ad?s=96&d=mm&r=g\",\"url\":\"https:\/\/secure.gravatar.com\/avatar\/b720319e4c9a967eb58678d110f4fe35452fc5d5f97b202bac7b8acceb18c6ad?s=96&d=mm&r=g\",\"contentUrl\":\"https:\/\/secure.gravatar.com\/avatar\/b720319e4c9a967eb58678d110f4fe35452fc5d5f97b202bac7b8acceb18c6ad?s=96&d=mm&r=g\",\"caption\":\"Coordena\u00e7\u00e3o\"},\"sameAs\":[\"https:\/\/www.facebook.com\/EstrategiaConcursos\",\"https:\/\/x.com\/EstratConcursos\"],\"url\":\"https:\/\/www.estrategiaconcursos.com.br\/blog\/author\/estrategia2013\/\"}]}<\/script>\n<!-- \/ Yoast SEO Premium plugin. -->","yoast_head_json":{"title":"Concurso Prefeitura de Orl\u00e2ndia: inscri\u00e7\u00f5es para o certame encerradas","description":"Concurso Prefeitura de Orl\u00e2ndia - SP: publicado edital com 22 vagas para n\u00edvel fundamental, m\u00e9dio, m\u00e9dio t\u00e9cnico e superior. Provas em outubro.","robots":{"index":"index","follow":"follow","max-snippet":"max-snippet:-1","max-image-preview":"max-image-preview:large","max-video-preview":"max-video-preview:-1"},"canonical":"https:\/\/www.estrategiaconcursos.com.br\/blog\/concurso-prefeitura-de-orlandia\/","og_locale":"pt_BR","og_type":"article","og_title":"Concurso Prefeitura de Orl\u00e2ndia: inscri\u00e7\u00f5es para o certame encerradas","og_description":"Concurso Prefeitura de Orl\u00e2ndia - SP: publicado edital com 22 vagas para n\u00edvel fundamental, m\u00e9dio, m\u00e9dio t\u00e9cnico e superior. Provas em outubro.","og_url":"https:\/\/www.estrategiaconcursos.com.br\/blog\/concurso-prefeitura-de-orlandia\/","og_site_name":"Estrat\u00e9gia Concursos","article_author":"https:\/\/www.facebook.com\/EstrategiaConcursos","article_published_time":"2019-10-04T03:00:13+00:00","article_modified_time":"2023-07-13T13:57:03+00:00","og_image":[{"width":1200,"height":628,"url":"https:\/\/dhg1h5j42swfq.cloudfront.net\/2019\/09\/20163129\/JORNALISMO-Prefeitura-de-Orla%CC%82ndia-SP.jpg","type":"image\/jpeg"}],"author":"Coordena\u00e7\u00e3o","twitter_card":"summary_large_image","twitter_creator":"@EstratConcursos","twitter_site":"@EstratConcursos","twitter_misc":{"Escrito por":"Coordena\u00e7\u00e3o","Est. tempo de leitura":"6 minutos"},"schema":{"@context":"https:\/\/schema.org","@graph":[{"@type":"NewsArticle","@id":"https:\/\/www.estrategiaconcursos.com.br\/blog\/concurso-prefeitura-de-orlandia\/#article","isPartOf":{"@id":"https:\/\/www.estrategiaconcursos.com.br\/blog\/concurso-prefeitura-de-orlandia\/"},"author":{"name":"Coordena\u00e7\u00e3o","@id":"https:\/\/www.estrategiaconcursos.com.br\/blog\/#\/schema\/person\/b4a388c97673c5f483d72185668afa1f"},"headline":"Concurso Prefeitura de Orl\u00e2ndia: inscri\u00e7\u00f5es para o certame encerradas","datePublished":"2019-10-04T03:00:13+00:00","dateModified":"2023-07-13T13:57:03+00:00","mainEntityOfPage":{"@id":"https:\/\/www.estrategiaconcursos.com.br\/blog\/concurso-prefeitura-de-orlandia\/"},"wordCount":1118,"commentCount":0,"publisher":{"@id":"https:\/\/www.estrategiaconcursos.com.br\/blog\/#organization"},"image":{"@id":"https:\/\/www.estrategiaconcursos.com.br\/blog\/concurso-prefeitura-de-orlandia\/#primaryimage"},"thumbnailUrl":"https:\/\/dhg1h5j42swfq.cloudfront.net\/2019\/09\/20163129\/JORNALISMO-Prefeitura-de-Orla%CC%82ndia-SP.jpg","articleSection":["Concursos P\u00fablicos"],"inLanguage":"pt-BR","potentialAction":[{"@type":"CommentAction","name":"Comment","target":["https:\/\/www.estrategiaconcursos.com.br\/blog\/concurso-prefeitura-de-orlandia\/#respond"]}],"copyrightYear":"2019","copyrightHolder":{"@id":"https:\/\/www.estrategiaconcursos.com.br\/blog\/#organization"}},{"@type":"WebPage","@id":"https:\/\/www.estrategiaconcursos.com.br\/blog\/concurso-prefeitura-de-orlandia\/","url":"https:\/\/www.estrategiaconcursos.com.br\/blog\/concurso-prefeitura-de-orlandia\/","name":"Concurso Prefeitura de Orl\u00e2ndia: inscri\u00e7\u00f5es para o certame encerradas","isPartOf":{"@id":"https:\/\/www.estrategiaconcursos.com.br\/blog\/#website"},"primaryImageOfPage":{"@id":"https:\/\/www.estrategiaconcursos.com.br\/blog\/concurso-prefeitura-de-orlandia\/#primaryimage"},"image":{"@id":"https:\/\/www.estrategiaconcursos.com.br\/blog\/concurso-prefeitura-de-orlandia\/#primaryimage"},"thumbnailUrl":"https:\/\/dhg1h5j42swfq.cloudfront.net\/2019\/09\/20163129\/JORNALISMO-Prefeitura-de-Orla%CC%82ndia-SP.jpg","datePublished":"2019-10-04T03:00:13+00:00","dateModified":"2023-07-13T13:57:03+00:00","description":"Concurso Prefeitura de Orl\u00e2ndia - SP: publicado edital com 22 vagas para n\u00edvel fundamental, m\u00e9dio, m\u00e9dio t\u00e9cnico e superior. Provas em outubro.","breadcrumb":{"@id":"https:\/\/www.estrategiaconcursos.com.br\/blog\/concurso-prefeitura-de-orlandia\/#breadcrumb"},"inLanguage":"pt-BR","potentialAction":[{"@type":"ReadAction","target":["https:\/\/www.estrategiaconcursos.com.br\/blog\/concurso-prefeitura-de-orlandia\/"]}]},{"@type":"ImageObject","inLanguage":"pt-BR","@id":"https:\/\/www.estrategiaconcursos.com.br\/blog\/concurso-prefeitura-de-orlandia\/#primaryimage","url":"https:\/\/dhg1h5j42swfq.cloudfront.net\/2019\/09\/20163129\/JORNALISMO-Prefeitura-de-Orla%CC%82ndia-SP.jpg","contentUrl":"https:\/\/dhg1h5j42swfq.cloudfront.net\/2019\/09\/20163129\/JORNALISMO-Prefeitura-de-Orla%CC%82ndia-SP.jpg","width":1200,"height":628},{"@type":"BreadcrumbList","@id":"https:\/\/www.estrategiaconcursos.com.br\/blog\/concurso-prefeitura-de-orlandia\/#breadcrumb","itemListElement":[{"@type":"ListItem","position":1,"name":"In\u00edcio","item":"https:\/\/www.estrategiaconcursos.com.br\/blog\/"},{"@type":"ListItem","position":2,"name":"Concurso Prefeitura de Orl\u00e2ndia: inscri\u00e7\u00f5es para o certame encerradas"}]},{"@type":"WebSite","@id":"https:\/\/www.estrategiaconcursos.com.br\/blog\/#website","url":"https:\/\/www.estrategiaconcursos.com.br\/blog\/","name":"Estrat\u00e9gia Concursos","description":"O blog da Estrat\u00e9gia Concursos traz not\u00edcias sobre concursos e artigos de professores oferecendo cursos para concursos (pdf + videaulas) no site.","publisher":{"@id":"https:\/\/www.estrategiaconcursos.com.br\/blog\/#organization"},"potentialAction":[{"@type":"SearchAction","target":{"@type":"EntryPoint","urlTemplate":"https:\/\/www.estrategiaconcursos.com.br\/blog\/?s={search_term_string}"},"query-input":{"@type":"PropertyValueSpecification","valueRequired":true,"valueName":"search_term_string"}}],"inLanguage":"pt-BR"},{"@type":"Organization","@id":"https:\/\/www.estrategiaconcursos.com.br\/blog\/#organization","name":"Estrat\u00e9gia Concursos","url":"https:\/\/www.estrategiaconcursos.com.br\/blog\/","logo":{"@type":"ImageObject","inLanguage":"pt-BR","@id":"https:\/\/www.estrategiaconcursos.com.br\/blog\/#\/schema\/logo\/image\/","url":"https:\/\/dhg1h5j42swfq.cloudfront.net\/2025\/06\/03203428\/logo_concursos-1.jpg","contentUrl":"https:\/\/dhg1h5j42swfq.cloudfront.net\/2025\/06\/03203428\/logo_concursos-1.jpg","width":230,"height":60,"caption":"Estrat\u00e9gia Concursos"},"image":{"@id":"https:\/\/www.estrategiaconcursos.com.br\/blog\/#\/schema\/logo\/image\/"},"sameAs":["https:\/\/x.com\/EstratConcursos"]},{"@type":"Person","@id":"https:\/\/www.estrategiaconcursos.com.br\/blog\/#\/schema\/person\/b4a388c97673c5f483d72185668afa1f","name":"Coordena\u00e7\u00e3o","image":{"@type":"ImageObject","inLanguage":"pt-BR","@id":"https:\/\/secure.gravatar.com\/avatar\/b720319e4c9a967eb58678d110f4fe35452fc5d5f97b202bac7b8acceb18c6ad?s=96&d=mm&r=g","url":"https:\/\/secure.gravatar.com\/avatar\/b720319e4c9a967eb58678d110f4fe35452fc5d5f97b202bac7b8acceb18c6ad?s=96&d=mm&r=g","contentUrl":"https:\/\/secure.gravatar.com\/avatar\/b720319e4c9a967eb58678d110f4fe35452fc5d5f97b202bac7b8acceb18c6ad?s=96&d=mm&r=g","caption":"Coordena\u00e7\u00e3o"},"sameAs":["https:\/\/www.facebook.com\/EstrategiaConcursos","https:\/\/x.com\/EstratConcursos"],"url":"https:\/\/www.estrategiaconcursos.com.br\/blog\/author\/estrategia2013\/"}]}},"_links":{"self":[{"href":"https:\/\/www.estrategiaconcursos.com.br\/blog\/wp-json\/wp\/v2\/posts\/417323","targetHints":{"allow":["GET"]}}],"collection":[{"href":"https:\/\/www.estrategiaconcursos.com.br\/blog\/wp-json\/wp\/v2\/posts"}],"about":[{"href":"https:\/\/www.estrategiaconcursos.com.br\/blog\/wp-json\/wp\/v2\/types\/post"}],"author":[{"embeddable":true,"href":"https:\/\/www.estrategiaconcursos.com.br\/blog\/wp-json\/wp\/v2\/users\/1"}],"replies":[{"embeddable":true,"href":"https:\/\/www.estrategiaconcursos.com.br\/blog\/wp-json\/wp\/v2\/comments?post=417323"}],"version-history":[{"count":14,"href":"https:\/\/www.estrategiaconcursos.com.br\/blog\/wp-json\/wp\/v2\/posts\/417323\/revisions"}],"predecessor-version":[{"id":1247877,"href":"https:\/\/www.estrategiaconcursos.com.br\/blog\/wp-json\/wp\/v2\/posts\/417323\/revisions\/1247877"}],"wp:featuredmedia":[{"embeddable":true,"href":"https:\/\/www.estrategiaconcursos.com.br\/blog\/wp-json\/wp\/v2\/media\/422443"}],"wp:attachment":[{"href":"https:\/\/www.estrategiaconcursos.com.br\/blog\/wp-json\/wp\/v2\/media?parent=417323"}],"wp:term":[{"taxonomy":"category","embeddable":true,"href":"https:\/\/www.estrategiaconcursos.com.br\/blog\/wp-json\/wp\/v2\/categories?post=417323"},{"taxonomy":"post_tag","embeddable":true,"href":"https:\/\/www.estrategiaconcursos.com.br\/blog\/wp-json\/wp\/v2\/tags?post=417323"},{"taxonomy":"tax_estado","embeddable":true,"href":"https:\/\/www.estrategiaconcursos.com.br\/blog\/wp-json\/wp\/v2\/tax_estado?post=417323"}],"curies":[{"name":"wp","href":"https:\/\/api.w.org\/{rel}","templated":true}]}}