{"id":417240,"date":"2019-09-06T16:05:26","date_gmt":"2019-09-06T19:05:26","guid":{"rendered":"https:\/\/www.estrategiaconcursos.com.br\/blog\/?p=417240"},"modified":"2022-11-04T12:13:56","modified_gmt":"2022-11-04T15:13:56","slug":"edital-bombeiro-ba-oficial-2019","status":"publish","type":"post","link":"https:\/\/www.estrategiaconcursos.com.br\/blog\/edital-bombeiro-ba-oficial-2019\/","title":{"rendered":"Edital Bombeiro BA Oficial: Publicado com 28 vagas para Aluno Oficial"},"content":{"rendered":"\n<p style=\"font-size:clamp(15.197px, 0.95rem + ((1vw - 3.2px) * 0.765), 23px);px\"><em>Edital Bombeiro BA Oficial traz vagas para homens e mulheres<\/em><\/p>\n\n\n\n<p>Foi publicado hoje, 06 de setembro, o edital para o concurso do Corpo de Bombeiro da Bahia, com 28 vagas para o cargo de Aluno Oficial.<\/p>\n\n\n\n<p>O certame ser\u00e1  organizado pelo Centro de Processos Seletivos \u2013 CPS da Universidade do Estado da Bahia \u2013 UNEB e ter\u00e1 validade de 01 m\u00eas, podendo, antes de esgotado este prazo, ser prorrogado uma \u00fanica vez, por igual per\u00edodo. <\/p>\n\n\n\n<p class=\"has-text-align-center\"><strong>Assista a An\u00e1lise de Edital completa! AO VIVO, \u00e0s 9:00, participe com a gente e saia na frente!<\/strong><\/p>\n\n\n<figure class=\"wp-block-embed-youtube wp-block-embed is-type-video is-provider-youtube wp-embed-aspect-16-9 wp-has-aspect-ratio\"><div class=\"lyte-wrapper\" style=\"width:853px;max-width:100%;margin:5px;\"><div class=\"lyMe\" id=\"WYL_kJV9xBX9Al0\"><div id=\"lyte_kJV9xBX9Al0\" data-src=\"\/\/i.ytimg.com\/vi\/kJV9xBX9Al0\/hqdefault.jpg\" class=\"pL\"><div class=\"tC\"><div class=\"tT\"><\/div><\/div><div class=\"play\"><\/div><div class=\"ctrl\"><div class=\"Lctrl\"><\/div><div class=\"Rctrl\"><\/div><\/div><\/div><noscript><a href=\"https:\/\/youtu.be\/kJV9xBX9Al0\" rel=\"nofollow\"><img loading=\"lazy\" decoding=\"async\" src=\"https:\/\/i.ytimg.com\/vi\/kJV9xBX9Al0\/0.jpg\" alt=\"YouTube video thumbnail\" width=\"853\" height=\"460\" \/><br \/>Assista a este v\u00eddeo no YouTube<\/a><\/noscript><\/div><\/div><div class=\"lL\" style=\"max-width:100%;width:853px;margin:5px;\"><\/div><figcaption><\/figcaption><\/figure>\n\n\n<p>Este edital trouxe vagas para o ingresso no curso de forma\u00e7\u00e3o de oficiais do PMBA tamb\u00e9m e e voc\u00ea pode acessar a mat\u00e9ria completa ao final da p\u00e1gina.<\/p>\n\n\n\n<h2 class=\"wp-block-heading\" id=\"h-principais-informacoes-do-edital-bombeiro-ba-oficial\">Principais Informa\u00e7\u00f5es do Edital Bombeiro BA Oficial <\/h2>\n\n\n\n<p>As inscri\u00e7\u00f5es poder\u00e3o ser realizadas atrav\u00e9s do site da UNEB a partir do dia 12 de setembro e seguir\u00e3o abertas pelo curto per\u00edodo at\u00e9 29 de setembro.<\/p>\n\n\n\n<p class=\"has-very-light-gray-background-color has-background\"><em><strong>Inscri\u00e7\u00f5es:<\/strong><\/em> 12\/09 at\u00e9 29\/09<br \/><strong><em>Valor: <\/em><\/strong>R$138,00<br \/><strong><em>Data das Provas:<\/em><\/strong> 27 de outubro &#8211; vespertino<\/p>\n\n\n\n<h2 class=\"wp-block-heading\" id=\"h-o-cargo-e-vagas-do-edital-bombeiro-ba-oficial\">O cargo e vagas do Edital Bombeiro BA Oficial<\/h2>\n\n\n\n<p>Ser\u00e3o 28 vagas para o cargo, distribu\u00eddas da seguinte forma:<\/p>\n\n\n\n<figure class=\"wp-block-image\"><img loading=\"lazy\" decoding=\"async\" width=\"688\" height=\"143\" src=\"https:\/\/dhg1h5j42swfq.cloudfront.net\/2019\/09\/06081244\/bombeiro-ba.png.png\" alt=\"\" class=\"wp-image-417243\" srcset=\"https:\/\/dhg1h5j42swfq.cloudfront.net\/2019\/09\/06081244\/bombeiro-ba.png.png 688w, https:\/\/dhg1h5j42swfq.cloudfront.net\/2019\/09\/06081244\/bombeiro-ba.png.png 300w, https:\/\/dhg1h5j42swfq.cloudfront.net\/2019\/09\/06081244\/bombeiro-ba.png.png 610w\" sizes=\"auto, (max-width: 688px) 100vw, 688px\" \/><\/figure>\n\n\n\n<h3 class=\"wp-block-heading\" id=\"h-requisitos\"><strong>Requisitos<\/strong><\/h3>\n\n\n\n<p>Abaixo listamos alguns requisitos para poder participar do certame na qualidade de Aluno Oficial.<\/p>\n\n\n\n<ul class=\"wp-block-list\"><li>Ter no m\u00ednimo 18 (dezoito) e no m\u00e1ximo 30 (trinta) anos de idade completos, comprovados por meio de documento de identidade atualizado, na data da matr\u00edcula no Curso de Forma\u00e7\u00e3o de Oficiais.  <\/li><li> Possuir o curso de Ensino M\u00e9dio completo (antigo 2\u00ba grau) ou equivalente, no ato da matr\u00edcula; <\/li><li> Possuir Carteira Nacional de Habilita\u00e7\u00e3o v\u00e1lida, categoria B; <\/li><\/ul>\n\n\n\n<h3 class=\"wp-block-heading\" id=\"h-remuneracao\">Remunera\u00e7\u00e3o<\/h3>\n\n\n\n<p>Durante o per\u00edodo de realiza\u00e7\u00e3o do Curso de Forma\u00e7\u00e3o de Oficiais, o candidato matriculado receber\u00e1, a t\u00edtulo de bolsa de estudo: <\/p>\n\n\n\n<ul class=\"wp-block-list\"><li><strong>1\u00ba ano &#8211;<\/strong> R$ 2.251,37<\/li><li><strong>2\u00ba ano &#8211;<\/strong> R$ 2.626,59 <\/li><li><strong>3\u00ba ano &#8211; <\/strong>R$ 3.001,82 <\/li><\/ul>\n\n\n\n<h2 class=\"wp-block-heading\" id=\"h-etapas-do-edital-bombeiro-ba-oficial\">Etapas do Edital Bombeiro BA Oficial<\/h2>\n\n\n\n<p>O certame trar\u00e1 as seguintes etapas: <\/p>\n\n\n\n<p>a) 1\u00aa Etapa &#8211; <strong>Prova Objetiva<\/strong>, de car\u00e1ter classificat\u00f3ria e eliminat\u00f3ria, ser\u00e1 aplicada para todos os candidatos inscritos;<\/p>\n\n\n\n<p> b) 2\u00aa Etapa \u2013 <strong>Prova Discursiva <\/strong>(Reda\u00e7\u00e3o), de car\u00e1ter classificat\u00f3ria e eliminat\u00f3ria, ser\u00e1 aplicada para todos os candidatos inscritos e realizada juntamente com a Prova Objetiva; <\/p>\n\n\n\n<p>c) 3\u00aa Etapa \u2013 <strong>Avalia\u00e7\u00e3o Mental, Avalia\u00e7\u00e3o F\u00edsica e Investiga\u00e7\u00e3o Social<\/strong>, de car\u00e1ter eliminat\u00f3ria: consiste na realiza\u00e7\u00e3o da Avalia\u00e7\u00e3o Psicol\u00f3gica, Teste de Aptid\u00e3o F\u00edsica, Exame M\u00e9dico-Odontol\u00f3gico, Exame Documental e Investiga\u00e7\u00e3o Social. <\/p>\n\n\n\n<h3 class=\"wp-block-heading\" id=\"h-a-prova-objetiva\"><strong>A Prova Objetiva<\/strong><\/h3>\n\n\n\n<p>A Prova Objetiva ser\u00e1 composta de 75 quest\u00f5es de m\u00faltipla escolha, distribu\u00eddas pelas disciplinas, sendo que cada quest\u00e3o conter\u00e1 05 (cinco) alternativas, com uma \u00fanica resposta correta.<\/p>\n\n\n\n<p>A prova ocorrer\u00e1 no dia <strong>27 de outubro <\/strong>&#8211; per\u00edodo vespertino.<\/p>\n\n\n\n<figure class=\"wp-block-image\"><img loading=\"lazy\" decoding=\"async\" width=\"569\" height=\"245\" src=\"https:\/\/dhg1h5j42swfq.cloudfront.net\/2019\/09\/06081808\/cbm-ba-prova.png.png\" alt=\"\" class=\"wp-image-417246\" srcset=\"https:\/\/dhg1h5j42swfq.cloudfront.net\/2019\/09\/06081808\/cbm-ba-prova.png.png 569w, https:\/\/dhg1h5j42swfq.cloudfront.net\/2019\/09\/06081808\/cbm-ba-prova.png.png 300w\" sizes=\"auto, (max-width: 569px) 100vw, 569px\" \/><\/figure>\n\n\n\n<p>Ser\u00e1 considerado HABILITADO o candidato que cumulativamente nela obtiver nota igual ou superior a 120 pontos e que n\u00e3o tiver obtido nota zero em qualquer uma das disciplinas que a integram.<\/p>\n\n\n\n<h3 class=\"wp-block-heading\" id=\"h-prova-discursiva\"><strong>Prova Discursiva <\/strong><\/h3>\n\n\n\n<p>Ser\u00e1 aplicada na mesma data da Prova Objetiva e consistir\u00e1 de uma reda\u00e7\u00e3o  que versar\u00e1 sobre temas da realidade hist\u00f3rico-cultural contempor\u00e2nea. <\/p>\n\n\n\n<p>Na Prova ser\u00e3o apresentados 03 temas e o candidato dever\u00e1 desenvolver apenas 01 deles. <\/p>\n\n\n\n<figure class=\"wp-block-image\"><img loading=\"lazy\" decoding=\"async\" width=\"688\" height=\"337\" src=\"https:\/\/dhg1h5j42swfq.cloudfront.net\/2019\/09\/06072954\/pmba-disc.png.png\" alt=\"\" class=\"wp-image-417220\" srcset=\"https:\/\/dhg1h5j42swfq.cloudfront.net\/2019\/09\/06072954\/pmba-disc.png.png 688w, https:\/\/dhg1h5j42swfq.cloudfront.net\/2019\/09\/06072954\/pmba-disc.png.png 300w, https:\/\/dhg1h5j42swfq.cloudfront.net\/2019\/09\/06072954\/pmba-disc.png.png 610w\" sizes=\"auto, (max-width: 688px) 100vw, 688px\" \/><\/figure>\n\n\n\n<p> A Prova ser\u00e1 aferida em uma escala de zero a 100 pontos, considerando os crit\u00e9rios e respectivas pontua\u00e7\u00f5es estabelecidas na tabela acima. Ser\u00e1 considerado HABILITADO o candidato que obtiver nota igual ou superior a 60 pontos.<\/p>\n\n\n\n<h3 class=\"wp-block-heading\" id=\"h-avaliacao-mental-avaliacao-fisica-e-investigacao-social\"><strong>Avalia\u00e7\u00e3o Mental, Avalia\u00e7\u00e3o F\u00edsica e Investiga\u00e7\u00e3o Social<\/strong><\/h3>\n\n\n\n<p>Ser\u00e3o convocados para realiza\u00e7\u00e3o desta etapa, os candidatos HABILITADOS na 1\u00aa Etapa e na 2\u00aa Etapa e mais bem classificados no Resultado Final da 1\u00aa Etapa e 2\u00aa Etapa \u2013 Prova Objetiva e Prova Discursiva, at\u00e9 o limite de 1,5 vezes o n\u00famero de vagas previstas. <\/p>\n\n\n\n<p>  A 3\u00aa Etapa, de car\u00e1ter eliminat\u00f3ria, consistir\u00e1 em uma s\u00e9rie de testes compreendendo: Exame M\u00e9dico-Odontol\u00f3gico, Teste de Aptid\u00e3o F\u00edsica, Avalia\u00e7\u00e3o Psicol\u00f3gica, Investiga\u00e7\u00e3o Social e Exame Documental.<\/p>\n\n\n\n<p> Somente os candidatos que lograrem \u00eaxito em todos os exames ter\u00e3o direito a serem convocados para matr\u00edcula no Curso de Forma\u00e7\u00e3o de Oficiais dos Bombeiros. <\/p>\n\n\n\n<p class=\"has-text-align-center\"><strong><em>Gostou dessa oportunidade? Confira nossos cursos e saia na frente!<\/em><\/strong><\/p>\n\n\n\n<p class=\"has-text-align-center has-luminous-vivid-amber-background-color has-background has-medium-font-size\"><strong><a href=\"https:\/\/www.estrategiaconcursos.com.br\/cursosPorConcurso\/corpo-de-bombeiros-militar-da-bahia-cbm-ba\/\">Cursos CBM BA<\/a><\/strong><\/p>\n\n\n\n<p class=\"has-text-align-center\"><em><strong>Assinatura Anual Ilimitada*<\/strong><\/em><\/p>\n\n\n\n<p class=\"has-text-align-center\"><em>Prepare-se com o melhor material e com quem mais aprova em Concursos P\u00fablicos em todo o pa\u00eds. Assine agora a nossa Assinatura Anual e tenha acesso ilimitado* a todos os nossos cursos.<\/em><\/p>\n\n\n\n<p class=\"has-text-align-center has-light-green-cyan-background-color has-background\"><strong>ASSINE AGORA<\/strong>&nbsp;\u2013&nbsp;<a href=\"https:\/\/www.estrategiaconcursos.com.br\/assinaturas\" target=\"_blank\" rel=\"noreferrer noopener\">Assinatura Ilimitada<\/a><\/p>\n\n\n\n<figure class=\"wp-block-image\"><img loading=\"lazy\" decoding=\"async\" width=\"300\" height=\"102\" src=\"https:\/\/dhg1h5j42swfq.cloudfront.net\/2017\/03\/28152500\/coruja-ficha-tecnica-300x102.png\" alt=\"Ficha T\u00e9cnica Edital TRF 3\" class=\"wp-image-68542\"\/><\/figure>\n\n\n\n<h4 class=\"wp-block-heading\" id=\"h-informacoes-do-edital-bombeiro-ba-oficial\"><strong>\u2666 Informa\u00e7\u00f5es do Edital&nbsp;Bombeiro BA Oficial<\/strong><\/h4>\n\n\n\n<p><strong>\u25baData<\/strong>: 27\/10\/2019<br \/><strong>\u25baVagas:&nbsp;<\/strong>28 vagas<br \/><strong>\u25baCargos:&nbsp;<\/strong>Aluno Oficial<br \/><strong>\u25ba<\/strong>Banca: UNEB<\/p>\n\n\n\n<div class=\"wp-block-file\"><a id=\"wp-block-file--media-8174a2df-cf87-450d-8d7b-da554905723b\" href=\"https:\/\/dhg1h5j42swfq.cloudfront.net\/2019\/09\/06073945\/Edital-PM-BA-Oficial.pdf\" target=\"_blank\" rel=\"noreferrer noopener\">Edital-CBM-BA-Oficial<\/a><a href=\"https:\/\/dhg1h5j42swfq.cloudfront.net\/2019\/09\/06073945\/Edital-PM-BA-Oficial.pdf\" class=\"wp-block-file__button\" download aria-describedby=\"wp-block-file--media-8174a2df-cf87-450d-8d7b-da554905723b\">Baixar<\/a><\/div>\n\n\n\n<p>Ascom Estrat\u00e9gia<br \/>ascomestrategia@gmail.com<\/p>\n\n\n\n<hr class=\"wp-block-separator has-css-opacity\"\/>\n\n\n\n<p class=\"has-text-align-center has-pale-cyan-blue-background-color has-background\"><strong><a href=\"https:\/\/www.estrategiaconcursos.com.br\/blog\/concursos-abertos\/\">CONCURSOS ABERTOS<\/a><\/strong><\/p>\n\n\n\n<p class=\"has-text-align-center has-pale-cyan-blue-background-color has-background\"><a href=\"https:\/\/www.estrategiaconcursos.com.br\/blog\/concursos-2019\/\"><strong>CONCURSOS 2019<\/strong><\/a><\/p>\n\n\n\n<p class=\"has-text-align-center has-pale-cyan-blue-background-color has-background\"><a href=\"https:\/\/www.estrategiaconcursos.com.br\/blog\/concursos-2020\/\"><strong>CONCURSOS<\/strong><\/a><strong><a href=\"https:\/\/www.estrategiaconcursos.com.br\/blog\/concursos-2020\/\">&nbsp;2020<\/a><\/strong><\/p>\n","protected":false},"excerpt":{"rendered":"<p>Edital Bombeiro BA Oficial traz vagas para homens e mulheres Foi publicado hoje, 06 de setembro, o edital para o concurso do Corpo de Bombeiro da Bahia, com 28 vagas para o cargo de Aluno Oficial. O certame ser\u00e1 organizado pelo Centro de Processos Seletivos \u2013 CPS da Universidade do Estado da Bahia \u2013 UNEB [&hellip;]<\/p>\n","protected":false},"author":657,"featured_media":401340,"comment_status":"open","ping_status":"closed","sticky":false,"template":"","format":"standard","meta":{"post_tipo":"article","footnotes":""},"categories":[1,1988],"tags":[],"tax_estado":[219977],"class_list":["post-417240","post","type-post","status-publish","format-standard","has-post-thumbnail","hentry","category-cursos-e-concursos","category-policia","tax_estado-pa"],"acf":[],"yoast_head":"<!-- This site is optimized with the Yoast SEO Premium plugin v27.2 (Yoast SEO v27.2) - https:\/\/yoast.com\/product\/yoast-seo-premium-wordpress\/ -->\n<title>Edital Bombeiro BA Oficial: Publicado com 28 vagas para Aluno Oficial<\/title>\n<meta name=\"description\" content=\"Edital Bombeiro BA Oficial foi publicado! S\u00e3o 28 vagas para o curso de forma\u00e7\u00e3o e voc\u00ea confere as principais informa\u00e7\u00f5es aqui!\" \/>\n<meta name=\"robots\" content=\"index, follow, max-snippet:-1, max-image-preview:large, max-video-preview:-1\" \/>\n<link rel=\"canonical\" href=\"https:\/\/www.estrategiaconcursos.com.br\/blog\/edital-bombeiro-ba-oficial-2019\/\" \/>\n<meta property=\"og:locale\" content=\"pt_BR\" \/>\n<meta property=\"og:type\" content=\"article\" \/>\n<meta property=\"og:title\" content=\"Edital Bombeiro BA Oficial: Publicado com 28 vagas para Aluno Oficial\" \/>\n<meta property=\"og:description\" content=\"Edital Bombeiro BA Oficial foi publicado! S\u00e3o 28 vagas para o curso de forma\u00e7\u00e3o e voc\u00ea confere as principais informa\u00e7\u00f5es aqui!\" \/>\n<meta property=\"og:url\" content=\"https:\/\/www.estrategiaconcursos.com.br\/blog\/edital-bombeiro-ba-oficial-2019\/\" \/>\n<meta property=\"og:site_name\" content=\"Estrat\u00e9gia Concursos\" \/>\n<meta property=\"article:published_time\" content=\"2019-09-06T19:05:26+00:00\" \/>\n<meta property=\"article:modified_time\" content=\"2022-11-04T15:13:56+00:00\" \/>\n<meta property=\"og:image\" content=\"https:\/\/dhg1h5j42swfq.cloudfront.net\/2019\/07\/22093433\/BOMBEIROS-BAHIA-1.png\" \/>\n\t<meta property=\"og:image:width\" content=\"400\" \/>\n\t<meta property=\"og:image:height\" content=\"209\" \/>\n\t<meta property=\"og:image:type\" content=\"image\/png\" \/>\n<meta name=\"author\" content=\"Nat\u00e1lia Scarano\" \/>\n<meta name=\"twitter:card\" content=\"summary_large_image\" \/>\n<meta name=\"twitter:creator\" content=\"@EstratConcursos\" \/>\n<meta name=\"twitter:site\" content=\"@EstratConcursos\" \/>\n<meta name=\"twitter:label1\" content=\"Escrito por\" \/>\n\t<meta name=\"twitter:data1\" content=\"Nat\u00e1lia Scarano\" \/>\n\t<meta name=\"twitter:label2\" content=\"Est. tempo de leitura\" \/>\n\t<meta name=\"twitter:data2\" content=\"4 minutos\" \/>\n<script type=\"application\/ld+json\" class=\"yoast-schema-graph\">{\"@context\":\"https:\/\/schema.org\",\"@graph\":[{\"@type\":\"NewsArticle\",\"@id\":\"https:\/\/www.estrategiaconcursos.com.br\/blog\/edital-bombeiro-ba-oficial-2019\/#article\",\"isPartOf\":{\"@id\":\"https:\/\/www.estrategiaconcursos.com.br\/blog\/edital-bombeiro-ba-oficial-2019\/\"},\"author\":{\"name\":\"Nat\u00e1lia Scarano\",\"@id\":\"https:\/\/www.estrategiaconcursos.com.br\/blog\/#\/schema\/person\/751aedf909a9d10cb23ce6ac527ce0f2\"},\"headline\":\"Edital Bombeiro BA Oficial: Publicado com 28 vagas para Aluno Oficial\",\"datePublished\":\"2019-09-06T19:05:26+00:00\",\"dateModified\":\"2022-11-04T15:13:56+00:00\",\"mainEntityOfPage\":{\"@id\":\"https:\/\/www.estrategiaconcursos.com.br\/blog\/edital-bombeiro-ba-oficial-2019\/\"},\"wordCount\":778,\"commentCount\":0,\"publisher\":{\"@id\":\"https:\/\/www.estrategiaconcursos.com.br\/blog\/#organization\"},\"image\":{\"@id\":\"https:\/\/www.estrategiaconcursos.com.br\/blog\/edital-bombeiro-ba-oficial-2019\/#primaryimage\"},\"thumbnailUrl\":\"https:\/\/dhg1h5j42swfq.cloudfront.net\/2019\/07\/22093433\/BOMBEIROS-BAHIA-1.png\",\"articleSection\":[\"Concursos P\u00fablicos\",\"Policial (Agente, Escriv\u00e3o e Investigador)\"],\"inLanguage\":\"pt-BR\",\"potentialAction\":[{\"@type\":\"CommentAction\",\"name\":\"Comment\",\"target\":[\"https:\/\/www.estrategiaconcursos.com.br\/blog\/edital-bombeiro-ba-oficial-2019\/#respond\"]}],\"copyrightYear\":\"2019\",\"copyrightHolder\":{\"@id\":\"https:\/\/www.estrategiaconcursos.com.br\/blog\/#organization\"}},{\"@type\":\"WebPage\",\"@id\":\"https:\/\/www.estrategiaconcursos.com.br\/blog\/edital-bombeiro-ba-oficial-2019\/\",\"url\":\"https:\/\/www.estrategiaconcursos.com.br\/blog\/edital-bombeiro-ba-oficial-2019\/\",\"name\":\"Edital Bombeiro BA Oficial: Publicado com 28 vagas para Aluno Oficial\",\"isPartOf\":{\"@id\":\"https:\/\/www.estrategiaconcursos.com.br\/blog\/#website\"},\"primaryImageOfPage\":{\"@id\":\"https:\/\/www.estrategiaconcursos.com.br\/blog\/edital-bombeiro-ba-oficial-2019\/#primaryimage\"},\"image\":{\"@id\":\"https:\/\/www.estrategiaconcursos.com.br\/blog\/edital-bombeiro-ba-oficial-2019\/#primaryimage\"},\"thumbnailUrl\":\"https:\/\/dhg1h5j42swfq.cloudfront.net\/2019\/07\/22093433\/BOMBEIROS-BAHIA-1.png\",\"datePublished\":\"2019-09-06T19:05:26+00:00\",\"dateModified\":\"2022-11-04T15:13:56+00:00\",\"description\":\"Edital Bombeiro BA Oficial foi publicado! S\u00e3o 28 vagas para o curso de forma\u00e7\u00e3o e voc\u00ea confere as principais informa\u00e7\u00f5es aqui!\",\"breadcrumb\":{\"@id\":\"https:\/\/www.estrategiaconcursos.com.br\/blog\/edital-bombeiro-ba-oficial-2019\/#breadcrumb\"},\"inLanguage\":\"pt-BR\",\"potentialAction\":[{\"@type\":\"ReadAction\",\"target\":[\"https:\/\/www.estrategiaconcursos.com.br\/blog\/edital-bombeiro-ba-oficial-2019\/\"]}]},{\"@type\":\"ImageObject\",\"inLanguage\":\"pt-BR\",\"@id\":\"https:\/\/www.estrategiaconcursos.com.br\/blog\/edital-bombeiro-ba-oficial-2019\/#primaryimage\",\"url\":\"https:\/\/dhg1h5j42swfq.cloudfront.net\/2019\/07\/22093433\/BOMBEIROS-BAHIA-1.png\",\"contentUrl\":\"https:\/\/dhg1h5j42swfq.cloudfront.net\/2019\/07\/22093433\/BOMBEIROS-BAHIA-1.png\",\"width\":400,\"height\":209,\"caption\":\"Edital Bombeiro BA Oficial\"},{\"@type\":\"BreadcrumbList\",\"@id\":\"https:\/\/www.estrategiaconcursos.com.br\/blog\/edital-bombeiro-ba-oficial-2019\/#breadcrumb\",\"itemListElement\":[{\"@type\":\"ListItem\",\"position\":1,\"name\":\"In\u00edcio\",\"item\":\"https:\/\/www.estrategiaconcursos.com.br\/blog\/\"},{\"@type\":\"ListItem\",\"position\":2,\"name\":\"Edital Bombeiro BA Oficial: Publicado com 28 vagas para Aluno Oficial\"}]},{\"@type\":\"WebSite\",\"@id\":\"https:\/\/www.estrategiaconcursos.com.br\/blog\/#website\",\"url\":\"https:\/\/www.estrategiaconcursos.com.br\/blog\/\",\"name\":\"Estrat\u00e9gia Concursos\",\"description\":\"O blog da Estrat\u00e9gia Concursos traz not\u00edcias sobre concursos e artigos de professores oferecendo cursos para concursos (pdf + videaulas) no site.\",\"publisher\":{\"@id\":\"https:\/\/www.estrategiaconcursos.com.br\/blog\/#organization\"},\"potentialAction\":[{\"@type\":\"SearchAction\",\"target\":{\"@type\":\"EntryPoint\",\"urlTemplate\":\"https:\/\/www.estrategiaconcursos.com.br\/blog\/?s={search_term_string}\"},\"query-input\":{\"@type\":\"PropertyValueSpecification\",\"valueRequired\":true,\"valueName\":\"search_term_string\"}}],\"inLanguage\":\"pt-BR\"},{\"@type\":\"Organization\",\"@id\":\"https:\/\/www.estrategiaconcursos.com.br\/blog\/#organization\",\"name\":\"Estrat\u00e9gia Concursos\",\"url\":\"https:\/\/www.estrategiaconcursos.com.br\/blog\/\",\"logo\":{\"@type\":\"ImageObject\",\"inLanguage\":\"pt-BR\",\"@id\":\"https:\/\/www.estrategiaconcursos.com.br\/blog\/#\/schema\/logo\/image\/\",\"url\":\"https:\/\/dhg1h5j42swfq.cloudfront.net\/2025\/06\/03203428\/logo_concursos-1.jpg\",\"contentUrl\":\"https:\/\/dhg1h5j42swfq.cloudfront.net\/2025\/06\/03203428\/logo_concursos-1.jpg\",\"width\":230,\"height\":60,\"caption\":\"Estrat\u00e9gia Concursos\"},\"image\":{\"@id\":\"https:\/\/www.estrategiaconcursos.com.br\/blog\/#\/schema\/logo\/image\/\"},\"sameAs\":[\"https:\/\/x.com\/EstratConcursos\"]},{\"@type\":\"Person\",\"@id\":\"https:\/\/www.estrategiaconcursos.com.br\/blog\/#\/schema\/person\/751aedf909a9d10cb23ce6ac527ce0f2\",\"name\":\"Nat\u00e1lia Scarano\",\"image\":{\"@type\":\"ImageObject\",\"inLanguage\":\"pt-BR\",\"@id\":\"https:\/\/secure.gravatar.com\/avatar\/8a889b8db3dbd227a1a78627357ec8fe64f5e99189d1889a270127828ab372ac?s=96&d=mm&r=g\",\"url\":\"https:\/\/secure.gravatar.com\/avatar\/8a889b8db3dbd227a1a78627357ec8fe64f5e99189d1889a270127828ab372ac?s=96&d=mm&r=g\",\"contentUrl\":\"https:\/\/secure.gravatar.com\/avatar\/8a889b8db3dbd227a1a78627357ec8fe64f5e99189d1889a270127828ab372ac?s=96&d=mm&r=g\",\"caption\":\"Nat\u00e1lia Scarano\"},\"description\":\"Jornalista, formada e p\u00f3s graduada pelo IESB, faz parte do time de jornalistas do Estrat\u00e9gia desde 2017. Possui familiaridade com as \u00e1reas de Tribunais, Defensorias, Procuradorias, Minist\u00e9rios P\u00fablicos, Conselhos, Educa\u00e7\u00e3o, \u00c1rea de Seguran\u00e7a, concursos de Carreiras Jur\u00eddicas e OAB. Experi\u00eancia em marketing digital, assessoria de comunica\u00e7\u00e3o e institucional na \u00e1rea privada e p\u00fablica, com atua\u00e7\u00e3o em \u00f3rg\u00e3os como CGU, Cofen e CNM.\",\"url\":\"https:\/\/www.estrategiaconcursos.com.br\/blog\/author\/natalia-scaranoestrategiaconcursos-com-br\/\"}]}<\/script>\n<!-- \/ Yoast SEO Premium plugin. -->","yoast_head_json":{"title":"Edital Bombeiro BA Oficial: Publicado com 28 vagas para Aluno Oficial","description":"Edital Bombeiro BA Oficial foi publicado! S\u00e3o 28 vagas para o curso de forma\u00e7\u00e3o e voc\u00ea confere as principais informa\u00e7\u00f5es aqui!","robots":{"index":"index","follow":"follow","max-snippet":"max-snippet:-1","max-image-preview":"max-image-preview:large","max-video-preview":"max-video-preview:-1"},"canonical":"https:\/\/www.estrategiaconcursos.com.br\/blog\/edital-bombeiro-ba-oficial-2019\/","og_locale":"pt_BR","og_type":"article","og_title":"Edital Bombeiro BA Oficial: Publicado com 28 vagas para Aluno Oficial","og_description":"Edital Bombeiro BA Oficial foi publicado! S\u00e3o 28 vagas para o curso de forma\u00e7\u00e3o e voc\u00ea confere as principais informa\u00e7\u00f5es aqui!","og_url":"https:\/\/www.estrategiaconcursos.com.br\/blog\/edital-bombeiro-ba-oficial-2019\/","og_site_name":"Estrat\u00e9gia Concursos","article_published_time":"2019-09-06T19:05:26+00:00","article_modified_time":"2022-11-04T15:13:56+00:00","og_image":[{"width":400,"height":209,"url":"https:\/\/dhg1h5j42swfq.cloudfront.net\/2019\/07\/22093433\/BOMBEIROS-BAHIA-1.png","type":"image\/png"}],"author":"Nat\u00e1lia Scarano","twitter_card":"summary_large_image","twitter_creator":"@EstratConcursos","twitter_site":"@EstratConcursos","twitter_misc":{"Escrito por":"Nat\u00e1lia Scarano","Est. tempo de leitura":"4 minutos"},"schema":{"@context":"https:\/\/schema.org","@graph":[{"@type":"NewsArticle","@id":"https:\/\/www.estrategiaconcursos.com.br\/blog\/edital-bombeiro-ba-oficial-2019\/#article","isPartOf":{"@id":"https:\/\/www.estrategiaconcursos.com.br\/blog\/edital-bombeiro-ba-oficial-2019\/"},"author":{"name":"Nat\u00e1lia Scarano","@id":"https:\/\/www.estrategiaconcursos.com.br\/blog\/#\/schema\/person\/751aedf909a9d10cb23ce6ac527ce0f2"},"headline":"Edital Bombeiro BA Oficial: Publicado com 28 vagas para Aluno Oficial","datePublished":"2019-09-06T19:05:26+00:00","dateModified":"2022-11-04T15:13:56+00:00","mainEntityOfPage":{"@id":"https:\/\/www.estrategiaconcursos.com.br\/blog\/edital-bombeiro-ba-oficial-2019\/"},"wordCount":778,"commentCount":0,"publisher":{"@id":"https:\/\/www.estrategiaconcursos.com.br\/blog\/#organization"},"image":{"@id":"https:\/\/www.estrategiaconcursos.com.br\/blog\/edital-bombeiro-ba-oficial-2019\/#primaryimage"},"thumbnailUrl":"https:\/\/dhg1h5j42swfq.cloudfront.net\/2019\/07\/22093433\/BOMBEIROS-BAHIA-1.png","articleSection":["Concursos P\u00fablicos","Policial (Agente, Escriv\u00e3o e Investigador)"],"inLanguage":"pt-BR","potentialAction":[{"@type":"CommentAction","name":"Comment","target":["https:\/\/www.estrategiaconcursos.com.br\/blog\/edital-bombeiro-ba-oficial-2019\/#respond"]}],"copyrightYear":"2019","copyrightHolder":{"@id":"https:\/\/www.estrategiaconcursos.com.br\/blog\/#organization"}},{"@type":"WebPage","@id":"https:\/\/www.estrategiaconcursos.com.br\/blog\/edital-bombeiro-ba-oficial-2019\/","url":"https:\/\/www.estrategiaconcursos.com.br\/blog\/edital-bombeiro-ba-oficial-2019\/","name":"Edital Bombeiro BA Oficial: Publicado com 28 vagas para Aluno Oficial","isPartOf":{"@id":"https:\/\/www.estrategiaconcursos.com.br\/blog\/#website"},"primaryImageOfPage":{"@id":"https:\/\/www.estrategiaconcursos.com.br\/blog\/edital-bombeiro-ba-oficial-2019\/#primaryimage"},"image":{"@id":"https:\/\/www.estrategiaconcursos.com.br\/blog\/edital-bombeiro-ba-oficial-2019\/#primaryimage"},"thumbnailUrl":"https:\/\/dhg1h5j42swfq.cloudfront.net\/2019\/07\/22093433\/BOMBEIROS-BAHIA-1.png","datePublished":"2019-09-06T19:05:26+00:00","dateModified":"2022-11-04T15:13:56+00:00","description":"Edital Bombeiro BA Oficial foi publicado! S\u00e3o 28 vagas para o curso de forma\u00e7\u00e3o e voc\u00ea confere as principais informa\u00e7\u00f5es aqui!","breadcrumb":{"@id":"https:\/\/www.estrategiaconcursos.com.br\/blog\/edital-bombeiro-ba-oficial-2019\/#breadcrumb"},"inLanguage":"pt-BR","potentialAction":[{"@type":"ReadAction","target":["https:\/\/www.estrategiaconcursos.com.br\/blog\/edital-bombeiro-ba-oficial-2019\/"]}]},{"@type":"ImageObject","inLanguage":"pt-BR","@id":"https:\/\/www.estrategiaconcursos.com.br\/blog\/edital-bombeiro-ba-oficial-2019\/#primaryimage","url":"https:\/\/dhg1h5j42swfq.cloudfront.net\/2019\/07\/22093433\/BOMBEIROS-BAHIA-1.png","contentUrl":"https:\/\/dhg1h5j42swfq.cloudfront.net\/2019\/07\/22093433\/BOMBEIROS-BAHIA-1.png","width":400,"height":209,"caption":"Edital Bombeiro BA Oficial"},{"@type":"BreadcrumbList","@id":"https:\/\/www.estrategiaconcursos.com.br\/blog\/edital-bombeiro-ba-oficial-2019\/#breadcrumb","itemListElement":[{"@type":"ListItem","position":1,"name":"In\u00edcio","item":"https:\/\/www.estrategiaconcursos.com.br\/blog\/"},{"@type":"ListItem","position":2,"name":"Edital Bombeiro BA Oficial: Publicado com 28 vagas para Aluno Oficial"}]},{"@type":"WebSite","@id":"https:\/\/www.estrategiaconcursos.com.br\/blog\/#website","url":"https:\/\/www.estrategiaconcursos.com.br\/blog\/","name":"Estrat\u00e9gia Concursos","description":"O blog da Estrat\u00e9gia Concursos traz not\u00edcias sobre concursos e artigos de professores oferecendo cursos para concursos (pdf + videaulas) no site.","publisher":{"@id":"https:\/\/www.estrategiaconcursos.com.br\/blog\/#organization"},"potentialAction":[{"@type":"SearchAction","target":{"@type":"EntryPoint","urlTemplate":"https:\/\/www.estrategiaconcursos.com.br\/blog\/?s={search_term_string}"},"query-input":{"@type":"PropertyValueSpecification","valueRequired":true,"valueName":"search_term_string"}}],"inLanguage":"pt-BR"},{"@type":"Organization","@id":"https:\/\/www.estrategiaconcursos.com.br\/blog\/#organization","name":"Estrat\u00e9gia Concursos","url":"https:\/\/www.estrategiaconcursos.com.br\/blog\/","logo":{"@type":"ImageObject","inLanguage":"pt-BR","@id":"https:\/\/www.estrategiaconcursos.com.br\/blog\/#\/schema\/logo\/image\/","url":"https:\/\/dhg1h5j42swfq.cloudfront.net\/2025\/06\/03203428\/logo_concursos-1.jpg","contentUrl":"https:\/\/dhg1h5j42swfq.cloudfront.net\/2025\/06\/03203428\/logo_concursos-1.jpg","width":230,"height":60,"caption":"Estrat\u00e9gia Concursos"},"image":{"@id":"https:\/\/www.estrategiaconcursos.com.br\/blog\/#\/schema\/logo\/image\/"},"sameAs":["https:\/\/x.com\/EstratConcursos"]},{"@type":"Person","@id":"https:\/\/www.estrategiaconcursos.com.br\/blog\/#\/schema\/person\/751aedf909a9d10cb23ce6ac527ce0f2","name":"Nat\u00e1lia Scarano","image":{"@type":"ImageObject","inLanguage":"pt-BR","@id":"https:\/\/secure.gravatar.com\/avatar\/8a889b8db3dbd227a1a78627357ec8fe64f5e99189d1889a270127828ab372ac?s=96&d=mm&r=g","url":"https:\/\/secure.gravatar.com\/avatar\/8a889b8db3dbd227a1a78627357ec8fe64f5e99189d1889a270127828ab372ac?s=96&d=mm&r=g","contentUrl":"https:\/\/secure.gravatar.com\/avatar\/8a889b8db3dbd227a1a78627357ec8fe64f5e99189d1889a270127828ab372ac?s=96&d=mm&r=g","caption":"Nat\u00e1lia Scarano"},"description":"Jornalista, formada e p\u00f3s graduada pelo IESB, faz parte do time de jornalistas do Estrat\u00e9gia desde 2017. Possui familiaridade com as \u00e1reas de Tribunais, Defensorias, Procuradorias, Minist\u00e9rios P\u00fablicos, Conselhos, Educa\u00e7\u00e3o, \u00c1rea de Seguran\u00e7a, concursos de Carreiras Jur\u00eddicas e OAB. Experi\u00eancia em marketing digital, assessoria de comunica\u00e7\u00e3o e institucional na \u00e1rea privada e p\u00fablica, com atua\u00e7\u00e3o em \u00f3rg\u00e3os como CGU, Cofen e CNM.","url":"https:\/\/www.estrategiaconcursos.com.br\/blog\/author\/natalia-scaranoestrategiaconcursos-com-br\/"}]}},"_links":{"self":[{"href":"https:\/\/www.estrategiaconcursos.com.br\/blog\/wp-json\/wp\/v2\/posts\/417240","targetHints":{"allow":["GET"]}}],"collection":[{"href":"https:\/\/www.estrategiaconcursos.com.br\/blog\/wp-json\/wp\/v2\/posts"}],"about":[{"href":"https:\/\/www.estrategiaconcursos.com.br\/blog\/wp-json\/wp\/v2\/types\/post"}],"author":[{"embeddable":true,"href":"https:\/\/www.estrategiaconcursos.com.br\/blog\/wp-json\/wp\/v2\/users\/657"}],"replies":[{"embeddable":true,"href":"https:\/\/www.estrategiaconcursos.com.br\/blog\/wp-json\/wp\/v2\/comments?post=417240"}],"version-history":[{"count":4,"href":"https:\/\/www.estrategiaconcursos.com.br\/blog\/wp-json\/wp\/v2\/posts\/417240\/revisions"}],"predecessor-version":[{"id":1119863,"href":"https:\/\/www.estrategiaconcursos.com.br\/blog\/wp-json\/wp\/v2\/posts\/417240\/revisions\/1119863"}],"wp:featuredmedia":[{"embeddable":true,"href":"https:\/\/www.estrategiaconcursos.com.br\/blog\/wp-json\/wp\/v2\/media\/401340"}],"wp:attachment":[{"href":"https:\/\/www.estrategiaconcursos.com.br\/blog\/wp-json\/wp\/v2\/media?parent=417240"}],"wp:term":[{"taxonomy":"category","embeddable":true,"href":"https:\/\/www.estrategiaconcursos.com.br\/blog\/wp-json\/wp\/v2\/categories?post=417240"},{"taxonomy":"post_tag","embeddable":true,"href":"https:\/\/www.estrategiaconcursos.com.br\/blog\/wp-json\/wp\/v2\/tags?post=417240"},{"taxonomy":"tax_estado","embeddable":true,"href":"https:\/\/www.estrategiaconcursos.com.br\/blog\/wp-json\/wp\/v2\/tax_estado?post=417240"}],"curies":[{"name":"wp","href":"https:\/\/api.w.org\/{rel}","templated":true}]}}