{"id":416786,"date":"2020-03-23T06:00:00","date_gmt":"2020-03-23T09:00:00","guid":{"rendered":"https:\/\/www.estrategiaconcursos.com.br\/blog\/?p=416786"},"modified":"2023-09-06T14:06:48","modified_gmt":"2023-09-06T17:06:48","slug":"concurso-prefeitura-de-palmares","status":"publish","type":"post","link":"https:\/\/www.estrategiaconcursos.com.br\/blog\/concurso-prefeitura-de-palmares\/","title":{"rendered":"Concurso Prefeitura de Palmares: certame tem provas suspensas"},"content":{"rendered":"\n<p>As provas do concurso p\u00fablico da Prefeitura de Palmares, previstas para o  dia 29 de mar\u00e7o, foram <strong>suspensas<\/strong>. A medida \u00e9 uma das a\u00e7\u00f5es de enfrentamento ao COVID-19 no munic\u00edpio. Com isso, um novo cronograma ser\u00e1 divulgado futuramente.<\/p>\n\n\n\n<p>S\u00e3o ofertadas no certame,&nbsp;<strong>147 vagas<\/strong>&nbsp;imediatas para diversos cargos de n\u00edvel fundamental, m\u00e9dio, t\u00e9cnico e superior. A organiza\u00e7\u00e3o ficou por conta do IAUPE.<\/p>\n\n\n\n<p>Se voc\u00ea tem interesse no&nbsp;<strong>Concurso Prefeitura de Palmares<\/strong>, chegou ao lugar certo! Ao longo deste artigo reunimos as principais informa\u00e7\u00f5es para que voc\u00ea possa se preparar e garantir uma das vagas. Acompanhe atrav\u00e9s dos t\u00f3picos abaixo:<\/p>\n\n\n\n<ul class=\"wp-block-list\">\n<li><strong><em><a href=\"#retificacoes\">Retifica\u00e7\u00f5es<\/a><\/em><\/strong><\/li>\n\n\n\n<li><strong><em><a href=\"#vagas\">Distribui\u00e7\u00e3o das vagas<\/a><\/em><\/strong><\/li>\n\n\n\n<li><strong><em><a href=\"#datas\">Principais datas<\/a><\/em><\/strong><\/li>\n\n\n\n<li><strong><a href=\"#etapas\"><em>Etapas do concurso<\/em><\/a><\/strong><\/li>\n\n\n\n<li><strong><em><a href=\"#assinatura-e-cursos\">Assinatura ilimitada e cursos<\/a><\/em><\/strong><\/li>\n\n\n\n<li><strong><em><a href=\"#ficha\">Ficha t\u00e9cnica<\/a><\/em><\/strong><\/li>\n<\/ul>\n\n\n\n<h2 class=\"wp-block-heading\" id=\"retificacoes\">Retifica\u00e7\u00f5es do edital do concurso Prefeitura de Palmares <\/h2>\n\n\n\n<h4 class=\"wp-block-heading\">Disciplinas da Prova Objetiva <\/h4>\n\n\n\n<ul class=\"wp-block-list\">\n<li><strong>Cargos de n\u00edvel m\u00e9dio, t\u00e9cnico e superior da Secretaria de Administra\u00e7\u00e3o, Secretaria de Finan\u00e7as e Secretaria Educa\u00e7\u00e3o:<\/strong>\n<ul class=\"wp-block-list\">\n<li><em>10 quest\u00f5es de Portugu\u00eas<\/em><\/li>\n\n\n\n<li><em>10 quest\u00f5es de Racioc\u00ednio L\u00f3gico <\/em><\/li>\n\n\n\n<li><em>20 quest\u00f5es de Conhecimentos Espec\u00edficos<\/em><\/li>\n<\/ul>\n<\/li>\n\n\n\n<li><strong>Cargo de Professor Infantil:<\/strong>\n<ul class=\"wp-block-list\">\n<li><em>10 quest\u00f5es de conhecimentos da L\u00edngua Portuguesa<\/em><\/li>\n\n\n\n<li><em>10 de Conhecimentos Pedag\u00f3gicos <\/em><\/li>\n\n\n\n<li><em>20 de Conhecimentos Espec\u00edficos <\/em><\/li>\n<\/ul>\n<\/li>\n<\/ul>\n\n\n\n<h4 class=\"wp-block-heading\">Conte\u00fado Program\u00e1tico<\/h4>\n\n\n\n<ul class=\"wp-block-list\">\n<li><strong>L\u00edngua Portuguesa para os cargos de n\u00edvel fundamental:<\/strong>\n<ul class=\"wp-block-list\">\n<li>Compreens\u00e3o e interpreta\u00e7\u00e3o de textos; Ortografia oficial; Acentua\u00e7\u00e3o gr\u00e1fica; Emprego das classes de palavras; Pontua\u00e7\u00e3o; Concord\u00e2ncia nominal e verbal; Reg\u00eancia nominal e verbal. <\/li>\n<\/ul>\n<\/li>\n<\/ul>\n\n\n\n<ul class=\"wp-block-list\">\n<li><strong>Racioc\u00ednio L\u00f3gico para todos os cargos de n\u00edvel fundamental:<\/strong>\n<ul class=\"wp-block-list\">\n<li>N\u00fameros naturais e inteiros: opera\u00e7\u00f5es e propriedades. N\u00fameros racionais, representa\u00e7\u00e3o fracion\u00e1ria e decimal: opera\u00e7\u00f5es e propriedades. Raz\u00e3o e propor\u00e7\u00e3o. Porcentagem. Regra de tr\u00eas simples. Sistema m\u00e9trico: medidas de tempo, comprimento, superf\u00edcie e capacidade. Racioc\u00ednio l\u00f3gico. Resolu\u00e7\u00e3o de situa\u00e7\u00f5es-problema.<\/li>\n<\/ul>\n<\/li>\n<\/ul>\n\n\n\n<ul class=\"wp-block-list\">\n<li><strong>Conhecimentos Espec\u00edficos &#8211; cargo de Motorista:<\/strong>\n<ul class=\"wp-block-list\">\n<li>Legisla\u00e7\u00e3o de Tr\u00e2nsito: (legisla\u00e7\u00e3o atualizada com a Lei n\u00ba 11.705\/2008): Novo C\u00f3digo de Tr\u00e2nsito Brasileiro; Normas Gerais de Circula\u00e7\u00e3o e Conduta; Do Cidad\u00e3o; Da educa\u00e7\u00e3o para o tr\u00e2nsito; Da sinaliza\u00e7\u00e3o de tr\u00e2nsito; Das infra\u00e7\u00f5es; Dos crimes de Tr\u00e2nsito; Primeiros Socorros; Dire\u00e7\u00e3o Defensiva; Inspe\u00e7\u00e3o e cuidados com os ve\u00edculos; No\u00e7\u00f5es de mec\u00e2nica e conceitos b\u00e1sicos sobre o tr\u00e2nsito. Da Sinaliza\u00e7\u00e3o de Tr\u00e2nsito; Dire\u00e7\u00e3o Defensiva e preventiva e sua import\u00e2ncia para a seguran\u00e7a do tr\u00e2nsito. No\u00e7\u00f5es de Primeiros Socorros e Atendimento a Acidentes de Tr\u00e2nsito. <\/li>\n<\/ul>\n<\/li>\n<\/ul>\n\n\n\n<h2 class=\"wp-block-heading\" id=\"vagas\">Distribui\u00e7\u00e3o das vagas do Concurso Prefeitura de Palmares <\/h2>\n\n\n\n<h3 class=\"wp-block-heading\">N\u00edvel fundamental<\/h3>\n\n\n\n<figure class=\"wp-block-table is-style-stripes\"><table class=\"has-background has-fixed-layout\" style=\"background-color:#e7f5fe\"><tbody><tr><td><strong>CARGO<\/strong><\/td><td><strong>VAGAS<\/strong><\/td><td><strong>REMUNERA\u00c7\u00c3O<\/strong><\/td><\/tr><tr><td>Auxiliar Administrativo<\/td><td>21<\/td><td>998,00<\/td><\/tr><tr><td>Auxiliar de Servi\u00e7os Gerais<\/td><td>27<\/td><td>998,00<\/td><\/tr><tr><td>Merendeira(o)<\/td><td>20<\/td><td>998,00<\/td><\/tr><\/tbody><\/table><\/figure>\n\n\n\n<h3 class=\"wp-block-heading\">N\u00edvel m\u00e9dio e t\u00e9cnico<\/h3>\n\n\n\n<figure class=\"wp-block-table is-style-stripes\"><table class=\"has-background has-fixed-layout\" style=\"background-color:#e7f5fe\"><tbody><tr><td><strong>CARGO<\/strong><\/td><td><strong>VAGAS<\/strong><\/td><td><strong>REMUNERA\u00c7\u00c3O<\/strong><\/td><\/tr><tr><td>Eletricista<\/td><td>01<\/td><td>1.025,46<\/td><\/tr><tr><td>Pedreiro<\/td><td>04<\/td><td>1.025,46<\/td><\/tr><tr><td>Pintor<\/td><td>02<\/td><td>1.025,46<\/td><\/tr><tr><td>Vigia<\/td><td>12<\/td><td>1.025,46<\/td><\/tr><tr><td>Fiscal de Obras<\/td><td>02<\/td><td>1.196,28<\/td><\/tr><tr><td>T\u00e9cnico de Inform\u00e1tica<\/td><td>01<\/td><td>1.196,28<\/td><\/tr><tr><td>Professor de Ensino Infantil<\/td><td>22<\/td><td>1.556,51<\/td><\/tr><tr><td>Motorista<\/td><td>06<\/td><td>1.395,53<\/td><\/tr><tr><td>T\u00e9cnico de Enfermagem<\/td><td>03<\/td><td>1.196,28<\/td><\/tr><\/tbody><\/table><\/figure>\n\n\n\n<h3 class=\"wp-block-heading\">N\u00edvel superior<\/h3>\n\n\n\n<figure class=\"wp-block-table is-style-stripes\"><table class=\"has-background has-fixed-layout\" style=\"background-color:#e7f5fe\"><tbody><tr><td><strong>CARGO<\/strong><\/td><td><strong>VAGAS<\/strong><\/td><td><strong>REMUNERA\u00c7\u00c3O<\/strong><\/td><\/tr><tr><td>Auditor de Controle Interno<\/td><td>01<\/td><td>2.238,45<\/td><\/tr><tr><td>Auditor Fiscal<\/td><td>02<\/td><td>2.238,45<\/td><\/tr><tr><td>Assistente Social<\/td><td>01<\/td><td>2.238,45<\/td><\/tr><tr><td>M\u00e9dico do Trabalho<\/td><td>01<\/td><td>1.725,52<\/td><\/tr><tr><td>Terapeuta Ocupacional<\/td><td>01<\/td><td>2.238,45<\/td><\/tr><tr><td>Fisioterapeuta<\/td><td>01<\/td><td>1.725,52<\/td><\/tr><tr><td>Enfermeiro (v\u00e1rios)<\/td><td>12<\/td><td>1.725,52 \u2013 2.299,64<\/td><\/tr><tr><td>Odont\u00f3logo (v\u00e1rios)<\/td><td>07<\/td><td>1.725,52<\/td><\/tr><\/tbody><\/table><\/figure>\n\n\n\n<h2 class=\"wp-block-heading\" id=\"datas\">Principais datas do Concurso Prefeitura de Palmares <\/h2>\n\n\n\n<p>Aqueles interessados em garantir sua inscri\u00e7\u00e3o puderam acessar o site da banca organizadora, <strong>o Instituto de Apoio \u00e0 Universidade de Pernambuco<\/strong>  &#8211; <strong>IAUPE<\/strong>, at\u00e9 o dia 15 de mar\u00e7o.<\/p>\n\n\n\n<ul class=\"wp-block-list\">\n<li><strong>Inscri\u00e7\u00f5es<\/strong>: <s>12 de fevereiro a 15 de mar\u00e7o<\/s> [ENCERRADO] <\/li>\n\n\n\n<li><strong>Isen\u00e7\u00e3o da taxa<\/strong>: <s>12 a 18 de fevereiro<\/s> [ENCERRADO]<\/li>\n\n\n\n<li><strong>\u00daltimo dia para pagamento<\/strong>: <s>at\u00e9 16 de mar\u00e7o<\/s> [ENCERRADO]<\/li>\n\n\n\n<li><strong>Data da prova<\/strong>: <s>29 de mar\u00e7o<\/s> SUSPENSA<\/li>\n<\/ul>\n\n\n\n<h2 class=\"wp-block-heading\" id=\"etapas\">Etapas do Concurso Prefeitura de Palmares <\/h2>\n\n\n\n<ul class=\"wp-block-list\">\n<li><strong>Prova Objetiva<\/strong> para todos os cargos (eliminat\u00f3rio e classificat\u00f3rio);<\/li>\n\n\n\n<li><strong>Prova de T\u00edtulos<\/strong> somente para o cargo de Professor de Educa\u00e7\u00e3o Infantil (classificat\u00f3rio).<\/li>\n<\/ul>\n\n\n\n<h3 class=\"wp-block-heading\">Prova Objetiva<\/h3>\n\n\n\n<p>Com dura\u00e7\u00e3o de 4 horas, a prova objetiva ser\u00e1 composta por 40 quest\u00f5es (2,5 pontos cada) de m\u00faltipla escolha com cinco alternativas cada. As quest\u00f5es ser\u00e3o distribu\u00eddas conforme os cargos:<\/p>\n\n\n\n<ul class=\"wp-block-list\">\n<li><strong>T\u00e9cnico de Enfermagem, Assistente Social, M\u00e9dico do Trabalho, Enfermeiro (todos), Terapeuta Ocupacional, Fisioterapeuta e Odont\u00f3logo (todos):<\/strong>\n<ul class=\"wp-block-list\">\n<li><em>Portugu\u00eas &#8211; 10 quest\u00f5es <\/em><\/li>\n\n\n\n<li><em>Conhecimentos de SUS \u2013 Sistema \u00danico de Sa\u00fade &#8211; 10 quest\u00f5es <\/em><\/li>\n\n\n\n<li><em>Conhecimentos Espec\u00edficos &#8211; 20 quest\u00f5es <\/em><\/li>\n<\/ul>\n<\/li>\n<\/ul>\n\n\n\n<ul class=\"wp-block-list\">\n<li><strong>Auditor de Controle Interno, T\u00e9cnico Fiscal de Obras, T\u00e9cnico de Inform\u00e1tica, Eletricista, Pedreiro, Pintor, Vigia, Auditor Fiscal e Motorista:<\/strong>\n<ul class=\"wp-block-list\">\n<li><em>Portugu\u00eas &#8211; 10 quest\u00f5es <\/em><\/li>\n\n\n\n<li><em>Racioc\u00ednio L\u00f3gico &#8211; 10 quest\u00f5es <\/em><\/li>\n\n\n\n<li><em>Conhecimentos Espec\u00edficos &#8211; 20 quest\u00f5es<\/em><\/li>\n<\/ul>\n<\/li>\n<\/ul>\n\n\n\n<ul class=\"wp-block-list\">\n<li><strong>Professor de Ensino Infantil:<\/strong>\n<ul class=\"wp-block-list\">\n<li><em>L\u00edngua Portuguesa &#8211; 10 quest\u00f5es<\/em><\/li>\n\n\n\n<li><em>Conhecimentos Pedag\u00f3gicos &#8211; 10 quest\u00f5es<\/em><\/li>\n\n\n\n<li><em>Conhecimentos Espec\u00edficos &#8211; 20 quest\u00f5es<\/em><\/li>\n<\/ul>\n<\/li>\n<\/ul>\n\n\n\n<ul class=\"wp-block-list\">\n<li><strong>Auxiliar Administrativo, Merendeira(o) e Auxiliar de Servi\u00e7os Gerais:<\/strong>\n<ul class=\"wp-block-list\">\n<li><em>Portugu\u00eas &#8211; 10 quest\u00f5es  <\/em><\/li>\n\n\n\n<li><em>Racioc\u00ednio L\u00f3gico &#8211; 10 quest\u00f5es  <\/em><\/li>\n\n\n\n<li><em>Conhecimentos Espec\u00edficos &#8211; 20 quest\u00f5es <\/em><\/li>\n<\/ul>\n<\/li>\n<\/ul>\n\n\n\n<h3 class=\"wp-block-heading\">Prova de T\u00edtulos<\/h3>\n\n\n\n<p>A Avalia\u00e7\u00e3o de T\u00edtulos ser\u00e1 aplicada para todos os candidatos ao cargo de Professor aprovados na Prova Objetiva. Essa Avalia\u00e7\u00e3o valer\u00e1, no m\u00e1ximo, 20 pontos. Ser\u00e3o considerados os seguintes t\u00edtulos: <\/p>\n\n\n\n<p><\/p>\n\n\n\n<figure class=\"wp-block-table is-style-stripes\"><table class=\"has-background has-fixed-layout\" style=\"background-color:#e7f5fe\"><tbody><tr><td><strong>DISCRIMINA\u00c7\u00c3O DOS T\u00cdTULOS <\/strong><\/td><td><strong>PONTUA\u00c7\u00c3O (N\u00e3o Cumulativa) <\/strong><\/td><\/tr><tr><td><strong>A. <\/strong>Curso de Especializa\u00e7\u00e3o, em n\u00edvel de p\u00f3s-gradua\u00e7\u00e3o, com carga m\u00ednima de 360 horas, na \u00e1rea da especialidade para o cargo\/disciplina para o qual concorre. <\/td><td>10 pontos <\/td><\/tr><tr><td><strong>B.<\/strong> Mestrado na \u00e1rea da Educa\u00e7\u00e3o  <\/td><td>15 pontos <\/td><\/tr><tr><td><strong>C. <\/strong>Doutorado na \u00e1rea da Educa\u00e7\u00e3o <\/td><td>20 pontos <\/td><\/tr><\/tbody><\/table><\/figure>\n\n\n\n<hr class=\"wp-block-separator has-css-opacity\"\/>\n\n\n\n<h2 class=\"wp-block-heading has-text-align-center\" id=\"assinatura-e-cursos\"><strong>Quer estudar para o Concurso Prefeitura<\/strong> de Palmares<strong>?<\/strong><\/h2>\n\n\n\n<p class=\"has-text-align-center\"><em>Gostou desta oportunidade e deseja come\u00e7ar se preparar agora mesmo? Ent\u00e3o, confira os nossos cursos e comece a estudar para a Prefeitura de Palmares:<\/em><\/p>\n\n\n\n<p class=\"has-text-align-center has-very-light-gray-background-color has-background has-medium-font-size\"><strong><a href=\"https:\/\/www.estrategiaconcursos.com.br\/cursosPorConcurso\/prefeitura-municipal-de-palmares-pe\/\" target=\"_blank\" rel=\"noreferrer noopener\" aria-label=\"CURSO PREFEITURA DE PALMARES (abre numa nova aba)\">CURSO PREFEITURA DE PALMARES<\/a><\/strong><\/p>\n\n\n\n<p class=\"has-text-align-center\" style=\"font-size:clamp(16.293px, 1.018rem + ((1vw - 3.2px) * 0.854), 25px);px\"><em><strong>Assinatura Anual Ilimitada*<\/strong><\/em><\/p>\n\n\n\n<p class=\"has-text-align-center\"><em>Prepare-se com o melhor material e com quem mais aprova em&nbsp;Concursos P\u00fablicos de todo o pa\u00eds. Assine agora a nossa Assinatura Anual e tenha acesso ilimitado* a todos os nossos cursos.<\/em><\/p>\n\n\n\n<p class=\"has-text-align-center has-light-green-cyan-background-color has-background has-medium-font-size\"><strong>Assine agora:&nbsp;<\/strong><a rel=\"noreferrer noopener\" href=\"https:\/\/www.estrategiaconcursos.com.br\/assinaturas\/\" target=\"_blank\"><strong>Assinatura ilimitada<\/strong><\/a><\/p>\n\n\n\n<p class=\"has-text-align-center has-pale-cyan-blue-background-color has-background has-medium-font-size\"><strong><a href=\"https:\/\/www.estrategiaconcursos.com.br\/blog\/concursos-abertos\/\">CONCURSOS ABERTOS<\/a><\/strong><\/p>\n\n\n\n<figure class=\"wp-block-image\"><img loading=\"lazy\" decoding=\"async\" width=\"300\" height=\"102\" src=\"https:\/\/dhg1h5j42swfq.cloudfront.net\/2017\/03\/28152500\/coruja-ficha-tecnica-300x102.png\" alt=\"ficha t\u00e9cnica Concurso Prefeitura de Palmares\" class=\"wp-image-68542\"\/><\/figure>\n\n\n\n<h3 class=\"wp-block-heading\"><strong>Informa\u00e7\u00f5es do concurso Prefeitura de Palmares<\/strong><\/h3>\n\n\n\n<p>\u25ba<strong>Data da prova:<\/strong> SUSPENSA<br \/>\u25ba<strong>Vagas:<\/strong> 147<br \/>\u25ba<strong>Cargos:&nbsp;<\/strong>V\u00e1rios<br \/>\u25ba<strong>Banca:<\/strong>&nbsp;IAUPE<br \/>\u25ba<strong>Escolaridade:<\/strong>&nbsp;N\u00edvel fundamental, m\u00e9dio, t\u00e9cnico e superior<br \/>\u25ba<strong>Edital:<\/strong>&nbsp;<a rel=\"noreferrer noopener\" aria-label=\"Edital Prefeitura de Palmares (abre numa nova aba)\" href=\"https:\/\/dhg1h5j42swfq.cloudfront.net\/2020\/02\/06144507\/Palmares.pdf\" target=\"_blank\">Edital Prefeitura de Palmares<\/a> | <a rel=\"noreferrer noopener\" aria-label=\"Retifica\u00e7\u00e3o (abre numa nova aba)\" href=\"http:\/\/www.upenet.com.br\/\" target=\"_blank\">Retifica\u00e7\u00e3o<\/a> | <a rel=\"noreferrer noopener\" aria-label=\"Cronograma (abre numa nova aba)\" href=\"https:\/\/dhg1h5j42swfq.cloudfront.net\/2020\/03\/11101342\/PRORROGACAO_DAS_INSCRICOES.pdf\" target=\"_blank\">Cronograma<\/a><\/p>\n\n\n\n<p><br \/><em>Ascom Estrat\u00e9gia<br \/><\/em>ascomestrategia@gmail.com<\/p>\n","protected":false},"excerpt":{"rendered":"<p>As provas do concurso p\u00fablico da Prefeitura de Palmares, previstas para o dia 29 de mar\u00e7o, foram suspensas. A medida \u00e9 uma das a\u00e7\u00f5es de enfrentamento ao COVID-19 no munic\u00edpio. Com isso, um novo cronograma ser\u00e1 divulgado futuramente. S\u00e3o ofertadas no certame,&nbsp;147 vagas&nbsp;imediatas para diversos cargos de n\u00edvel fundamental, m\u00e9dio, t\u00e9cnico e superior. A organiza\u00e7\u00e3o [&hellip;]<\/p>\n","protected":false},"author":1,"featured_media":416788,"comment_status":"open","ping_status":"closed","sticky":false,"template":"","format":"standard","meta":{"post_tipo":"news","footnotes":""},"categories":[1],"tags":[],"tax_estado":[],"class_list":["post-416786","post","type-post","status-publish","format-standard","has-post-thumbnail","hentry","category-cursos-e-concursos"],"acf":[],"yoast_head":"<!-- This site is optimized with the Yoast SEO Premium plugin v27.2 (Yoast SEO v27.2) - https:\/\/yoast.com\/product\/yoast-seo-premium-wordpress\/ -->\n<title>Concurso Prefeitura de Palmares: certame tem provas suspensas<\/title>\n<meta name=\"description\" content=\"Concurso Prefeitura de Palmares - PE: certame com 147 vagas \u00e9 temporariamente suspenso. Confira mais informa\u00e7\u00f5es e todas as retifica\u00e7\u00f5es do edital.\" \/>\n<meta name=\"robots\" content=\"index, follow, max-snippet:-1, max-image-preview:large, max-video-preview:-1\" \/>\n<link rel=\"canonical\" href=\"https:\/\/www.estrategiaconcursos.com.br\/blog\/concurso-prefeitura-de-palmares\/\" \/>\n<meta property=\"og:locale\" content=\"pt_BR\" \/>\n<meta property=\"og:type\" content=\"article\" \/>\n<meta property=\"og:title\" content=\"Concurso Prefeitura de Palmares: certame tem provas suspensas\" \/>\n<meta property=\"og:description\" content=\"Concurso Prefeitura de Palmares - PE: certame com 147 vagas \u00e9 temporariamente suspenso. Confira mais informa\u00e7\u00f5es e todas as retifica\u00e7\u00f5es do edital.\" \/>\n<meta property=\"og:url\" content=\"https:\/\/www.estrategiaconcursos.com.br\/blog\/concurso-prefeitura-de-palmares\/\" \/>\n<meta property=\"og:site_name\" content=\"Estrat\u00e9gia Concursos\" \/>\n<meta property=\"article:author\" content=\"https:\/\/www.facebook.com\/EstrategiaConcursos\" \/>\n<meta property=\"article:published_time\" content=\"2020-03-23T09:00:00+00:00\" \/>\n<meta property=\"article:modified_time\" content=\"2023-09-06T17:06:48+00:00\" \/>\n<meta property=\"og:image\" content=\"https:\/\/dhg1h5j42swfq.cloudfront.net\/2019\/09\/05103500\/Sem-t%C3%ADtulo1.png\" \/>\n\t<meta property=\"og:image:width\" content=\"768\" \/>\n\t<meta property=\"og:image:height\" content=\"371\" \/>\n\t<meta property=\"og:image:type\" content=\"image\/png\" \/>\n<meta name=\"author\" content=\"Coordena\u00e7\u00e3o\" \/>\n<meta name=\"twitter:card\" content=\"summary_large_image\" \/>\n<meta name=\"twitter:creator\" content=\"@EstratConcursos\" \/>\n<meta name=\"twitter:site\" content=\"@EstratConcursos\" \/>\n<meta name=\"twitter:label1\" content=\"Escrito por\" \/>\n\t<meta name=\"twitter:data1\" content=\"Coordena\u00e7\u00e3o\" \/>\n\t<meta name=\"twitter:label2\" content=\"Est. tempo de leitura\" \/>\n\t<meta name=\"twitter:data2\" content=\"5 minutos\" \/>\n<script type=\"application\/ld+json\" class=\"yoast-schema-graph\">{\"@context\":\"https:\/\/schema.org\",\"@graph\":[{\"@type\":\"NewsArticle\",\"@id\":\"https:\/\/www.estrategiaconcursos.com.br\/blog\/concurso-prefeitura-de-palmares\/#article\",\"isPartOf\":{\"@id\":\"https:\/\/www.estrategiaconcursos.com.br\/blog\/concurso-prefeitura-de-palmares\/\"},\"author\":{\"name\":\"Coordena\u00e7\u00e3o\",\"@id\":\"https:\/\/www.estrategiaconcursos.com.br\/blog\/#\/schema\/person\/b4a388c97673c5f483d72185668afa1f\"},\"headline\":\"Concurso Prefeitura de Palmares: certame tem provas suspensas\",\"datePublished\":\"2020-03-23T09:00:00+00:00\",\"dateModified\":\"2023-09-06T17:06:48+00:00\",\"mainEntityOfPage\":{\"@id\":\"https:\/\/www.estrategiaconcursos.com.br\/blog\/concurso-prefeitura-de-palmares\/\"},\"wordCount\":1015,\"commentCount\":1,\"publisher\":{\"@id\":\"https:\/\/www.estrategiaconcursos.com.br\/blog\/#organization\"},\"image\":{\"@id\":\"https:\/\/www.estrategiaconcursos.com.br\/blog\/concurso-prefeitura-de-palmares\/#primaryimage\"},\"thumbnailUrl\":\"https:\/\/dhg1h5j42swfq.cloudfront.net\/2019\/09\/05103500\/Sem-t%C3%ADtulo1.png\",\"articleSection\":[\"Concursos P\u00fablicos\"],\"inLanguage\":\"pt-BR\",\"potentialAction\":[{\"@type\":\"CommentAction\",\"name\":\"Comment\",\"target\":[\"https:\/\/www.estrategiaconcursos.com.br\/blog\/concurso-prefeitura-de-palmares\/#respond\"]}],\"copyrightYear\":\"2020\",\"copyrightHolder\":{\"@id\":\"https:\/\/www.estrategiaconcursos.com.br\/blog\/#organization\"}},{\"@type\":\"WebPage\",\"@id\":\"https:\/\/www.estrategiaconcursos.com.br\/blog\/concurso-prefeitura-de-palmares\/\",\"url\":\"https:\/\/www.estrategiaconcursos.com.br\/blog\/concurso-prefeitura-de-palmares\/\",\"name\":\"Concurso Prefeitura de Palmares: certame tem provas suspensas\",\"isPartOf\":{\"@id\":\"https:\/\/www.estrategiaconcursos.com.br\/blog\/#website\"},\"primaryImageOfPage\":{\"@id\":\"https:\/\/www.estrategiaconcursos.com.br\/blog\/concurso-prefeitura-de-palmares\/#primaryimage\"},\"image\":{\"@id\":\"https:\/\/www.estrategiaconcursos.com.br\/blog\/concurso-prefeitura-de-palmares\/#primaryimage\"},\"thumbnailUrl\":\"https:\/\/dhg1h5j42swfq.cloudfront.net\/2019\/09\/05103500\/Sem-t%C3%ADtulo1.png\",\"datePublished\":\"2020-03-23T09:00:00+00:00\",\"dateModified\":\"2023-09-06T17:06:48+00:00\",\"description\":\"Concurso Prefeitura de Palmares - PE: certame com 147 vagas \u00e9 temporariamente suspenso. Confira mais informa\u00e7\u00f5es e todas as retifica\u00e7\u00f5es do edital.\",\"breadcrumb\":{\"@id\":\"https:\/\/www.estrategiaconcursos.com.br\/blog\/concurso-prefeitura-de-palmares\/#breadcrumb\"},\"inLanguage\":\"pt-BR\",\"potentialAction\":[{\"@type\":\"ReadAction\",\"target\":[\"https:\/\/www.estrategiaconcursos.com.br\/blog\/concurso-prefeitura-de-palmares\/\"]}]},{\"@type\":\"ImageObject\",\"inLanguage\":\"pt-BR\",\"@id\":\"https:\/\/www.estrategiaconcursos.com.br\/blog\/concurso-prefeitura-de-palmares\/#primaryimage\",\"url\":\"https:\/\/dhg1h5j42swfq.cloudfront.net\/2019\/09\/05103500\/Sem-t%C3%ADtulo1.png\",\"contentUrl\":\"https:\/\/dhg1h5j42swfq.cloudfront.net\/2019\/09\/05103500\/Sem-t%C3%ADtulo1.png\",\"width\":768,\"height\":371},{\"@type\":\"BreadcrumbList\",\"@id\":\"https:\/\/www.estrategiaconcursos.com.br\/blog\/concurso-prefeitura-de-palmares\/#breadcrumb\",\"itemListElement\":[{\"@type\":\"ListItem\",\"position\":1,\"name\":\"In\u00edcio\",\"item\":\"https:\/\/www.estrategiaconcursos.com.br\/blog\/\"},{\"@type\":\"ListItem\",\"position\":2,\"name\":\"Concurso Prefeitura de Palmares: certame tem provas suspensas\"}]},{\"@type\":\"WebSite\",\"@id\":\"https:\/\/www.estrategiaconcursos.com.br\/blog\/#website\",\"url\":\"https:\/\/www.estrategiaconcursos.com.br\/blog\/\",\"name\":\"Estrat\u00e9gia Concursos\",\"description\":\"O blog da Estrat\u00e9gia Concursos traz not\u00edcias sobre concursos e artigos de professores oferecendo cursos para concursos (pdf + videaulas) no site.\",\"publisher\":{\"@id\":\"https:\/\/www.estrategiaconcursos.com.br\/blog\/#organization\"},\"potentialAction\":[{\"@type\":\"SearchAction\",\"target\":{\"@type\":\"EntryPoint\",\"urlTemplate\":\"https:\/\/www.estrategiaconcursos.com.br\/blog\/?s={search_term_string}\"},\"query-input\":{\"@type\":\"PropertyValueSpecification\",\"valueRequired\":true,\"valueName\":\"search_term_string\"}}],\"inLanguage\":\"pt-BR\"},{\"@type\":\"Organization\",\"@id\":\"https:\/\/www.estrategiaconcursos.com.br\/blog\/#organization\",\"name\":\"Estrat\u00e9gia Concursos\",\"url\":\"https:\/\/www.estrategiaconcursos.com.br\/blog\/\",\"logo\":{\"@type\":\"ImageObject\",\"inLanguage\":\"pt-BR\",\"@id\":\"https:\/\/www.estrategiaconcursos.com.br\/blog\/#\/schema\/logo\/image\/\",\"url\":\"https:\/\/dhg1h5j42swfq.cloudfront.net\/2025\/06\/03203428\/logo_concursos-1.jpg\",\"contentUrl\":\"https:\/\/dhg1h5j42swfq.cloudfront.net\/2025\/06\/03203428\/logo_concursos-1.jpg\",\"width\":230,\"height\":60,\"caption\":\"Estrat\u00e9gia Concursos\"},\"image\":{\"@id\":\"https:\/\/www.estrategiaconcursos.com.br\/blog\/#\/schema\/logo\/image\/\"},\"sameAs\":[\"https:\/\/x.com\/EstratConcursos\"]},{\"@type\":\"Person\",\"@id\":\"https:\/\/www.estrategiaconcursos.com.br\/blog\/#\/schema\/person\/b4a388c97673c5f483d72185668afa1f\",\"name\":\"Coordena\u00e7\u00e3o\",\"image\":{\"@type\":\"ImageObject\",\"inLanguage\":\"pt-BR\",\"@id\":\"https:\/\/secure.gravatar.com\/avatar\/b720319e4c9a967eb58678d110f4fe35452fc5d5f97b202bac7b8acceb18c6ad?s=96&d=mm&r=g\",\"url\":\"https:\/\/secure.gravatar.com\/avatar\/b720319e4c9a967eb58678d110f4fe35452fc5d5f97b202bac7b8acceb18c6ad?s=96&d=mm&r=g\",\"contentUrl\":\"https:\/\/secure.gravatar.com\/avatar\/b720319e4c9a967eb58678d110f4fe35452fc5d5f97b202bac7b8acceb18c6ad?s=96&d=mm&r=g\",\"caption\":\"Coordena\u00e7\u00e3o\"},\"sameAs\":[\"https:\/\/www.facebook.com\/EstrategiaConcursos\",\"https:\/\/x.com\/EstratConcursos\"],\"url\":\"https:\/\/www.estrategiaconcursos.com.br\/blog\/author\/estrategia2013\/\"}]}<\/script>\n<!-- \/ Yoast SEO Premium plugin. -->","yoast_head_json":{"title":"Concurso Prefeitura de Palmares: certame tem provas suspensas","description":"Concurso Prefeitura de Palmares - PE: certame com 147 vagas \u00e9 temporariamente suspenso. Confira mais informa\u00e7\u00f5es e todas as retifica\u00e7\u00f5es do edital.","robots":{"index":"index","follow":"follow","max-snippet":"max-snippet:-1","max-image-preview":"max-image-preview:large","max-video-preview":"max-video-preview:-1"},"canonical":"https:\/\/www.estrategiaconcursos.com.br\/blog\/concurso-prefeitura-de-palmares\/","og_locale":"pt_BR","og_type":"article","og_title":"Concurso Prefeitura de Palmares: certame tem provas suspensas","og_description":"Concurso Prefeitura de Palmares - PE: certame com 147 vagas \u00e9 temporariamente suspenso. Confira mais informa\u00e7\u00f5es e todas as retifica\u00e7\u00f5es do edital.","og_url":"https:\/\/www.estrategiaconcursos.com.br\/blog\/concurso-prefeitura-de-palmares\/","og_site_name":"Estrat\u00e9gia Concursos","article_author":"https:\/\/www.facebook.com\/EstrategiaConcursos","article_published_time":"2020-03-23T09:00:00+00:00","article_modified_time":"2023-09-06T17:06:48+00:00","og_image":[{"width":768,"height":371,"url":"https:\/\/dhg1h5j42swfq.cloudfront.net\/2019\/09\/05103500\/Sem-t%C3%ADtulo1.png","type":"image\/png"}],"author":"Coordena\u00e7\u00e3o","twitter_card":"summary_large_image","twitter_creator":"@EstratConcursos","twitter_site":"@EstratConcursos","twitter_misc":{"Escrito por":"Coordena\u00e7\u00e3o","Est. tempo de leitura":"5 minutos"},"schema":{"@context":"https:\/\/schema.org","@graph":[{"@type":"NewsArticle","@id":"https:\/\/www.estrategiaconcursos.com.br\/blog\/concurso-prefeitura-de-palmares\/#article","isPartOf":{"@id":"https:\/\/www.estrategiaconcursos.com.br\/blog\/concurso-prefeitura-de-palmares\/"},"author":{"name":"Coordena\u00e7\u00e3o","@id":"https:\/\/www.estrategiaconcursos.com.br\/blog\/#\/schema\/person\/b4a388c97673c5f483d72185668afa1f"},"headline":"Concurso Prefeitura de Palmares: certame tem provas suspensas","datePublished":"2020-03-23T09:00:00+00:00","dateModified":"2023-09-06T17:06:48+00:00","mainEntityOfPage":{"@id":"https:\/\/www.estrategiaconcursos.com.br\/blog\/concurso-prefeitura-de-palmares\/"},"wordCount":1015,"commentCount":1,"publisher":{"@id":"https:\/\/www.estrategiaconcursos.com.br\/blog\/#organization"},"image":{"@id":"https:\/\/www.estrategiaconcursos.com.br\/blog\/concurso-prefeitura-de-palmares\/#primaryimage"},"thumbnailUrl":"https:\/\/dhg1h5j42swfq.cloudfront.net\/2019\/09\/05103500\/Sem-t%C3%ADtulo1.png","articleSection":["Concursos P\u00fablicos"],"inLanguage":"pt-BR","potentialAction":[{"@type":"CommentAction","name":"Comment","target":["https:\/\/www.estrategiaconcursos.com.br\/blog\/concurso-prefeitura-de-palmares\/#respond"]}],"copyrightYear":"2020","copyrightHolder":{"@id":"https:\/\/www.estrategiaconcursos.com.br\/blog\/#organization"}},{"@type":"WebPage","@id":"https:\/\/www.estrategiaconcursos.com.br\/blog\/concurso-prefeitura-de-palmares\/","url":"https:\/\/www.estrategiaconcursos.com.br\/blog\/concurso-prefeitura-de-palmares\/","name":"Concurso Prefeitura de Palmares: certame tem provas suspensas","isPartOf":{"@id":"https:\/\/www.estrategiaconcursos.com.br\/blog\/#website"},"primaryImageOfPage":{"@id":"https:\/\/www.estrategiaconcursos.com.br\/blog\/concurso-prefeitura-de-palmares\/#primaryimage"},"image":{"@id":"https:\/\/www.estrategiaconcursos.com.br\/blog\/concurso-prefeitura-de-palmares\/#primaryimage"},"thumbnailUrl":"https:\/\/dhg1h5j42swfq.cloudfront.net\/2019\/09\/05103500\/Sem-t%C3%ADtulo1.png","datePublished":"2020-03-23T09:00:00+00:00","dateModified":"2023-09-06T17:06:48+00:00","description":"Concurso Prefeitura de Palmares - PE: certame com 147 vagas \u00e9 temporariamente suspenso. Confira mais informa\u00e7\u00f5es e todas as retifica\u00e7\u00f5es do edital.","breadcrumb":{"@id":"https:\/\/www.estrategiaconcursos.com.br\/blog\/concurso-prefeitura-de-palmares\/#breadcrumb"},"inLanguage":"pt-BR","potentialAction":[{"@type":"ReadAction","target":["https:\/\/www.estrategiaconcursos.com.br\/blog\/concurso-prefeitura-de-palmares\/"]}]},{"@type":"ImageObject","inLanguage":"pt-BR","@id":"https:\/\/www.estrategiaconcursos.com.br\/blog\/concurso-prefeitura-de-palmares\/#primaryimage","url":"https:\/\/dhg1h5j42swfq.cloudfront.net\/2019\/09\/05103500\/Sem-t%C3%ADtulo1.png","contentUrl":"https:\/\/dhg1h5j42swfq.cloudfront.net\/2019\/09\/05103500\/Sem-t%C3%ADtulo1.png","width":768,"height":371},{"@type":"BreadcrumbList","@id":"https:\/\/www.estrategiaconcursos.com.br\/blog\/concurso-prefeitura-de-palmares\/#breadcrumb","itemListElement":[{"@type":"ListItem","position":1,"name":"In\u00edcio","item":"https:\/\/www.estrategiaconcursos.com.br\/blog\/"},{"@type":"ListItem","position":2,"name":"Concurso Prefeitura de Palmares: certame tem provas suspensas"}]},{"@type":"WebSite","@id":"https:\/\/www.estrategiaconcursos.com.br\/blog\/#website","url":"https:\/\/www.estrategiaconcursos.com.br\/blog\/","name":"Estrat\u00e9gia Concursos","description":"O blog da Estrat\u00e9gia Concursos traz not\u00edcias sobre concursos e artigos de professores oferecendo cursos para concursos (pdf + videaulas) no site.","publisher":{"@id":"https:\/\/www.estrategiaconcursos.com.br\/blog\/#organization"},"potentialAction":[{"@type":"SearchAction","target":{"@type":"EntryPoint","urlTemplate":"https:\/\/www.estrategiaconcursos.com.br\/blog\/?s={search_term_string}"},"query-input":{"@type":"PropertyValueSpecification","valueRequired":true,"valueName":"search_term_string"}}],"inLanguage":"pt-BR"},{"@type":"Organization","@id":"https:\/\/www.estrategiaconcursos.com.br\/blog\/#organization","name":"Estrat\u00e9gia Concursos","url":"https:\/\/www.estrategiaconcursos.com.br\/blog\/","logo":{"@type":"ImageObject","inLanguage":"pt-BR","@id":"https:\/\/www.estrategiaconcursos.com.br\/blog\/#\/schema\/logo\/image\/","url":"https:\/\/dhg1h5j42swfq.cloudfront.net\/2025\/06\/03203428\/logo_concursos-1.jpg","contentUrl":"https:\/\/dhg1h5j42swfq.cloudfront.net\/2025\/06\/03203428\/logo_concursos-1.jpg","width":230,"height":60,"caption":"Estrat\u00e9gia Concursos"},"image":{"@id":"https:\/\/www.estrategiaconcursos.com.br\/blog\/#\/schema\/logo\/image\/"},"sameAs":["https:\/\/x.com\/EstratConcursos"]},{"@type":"Person","@id":"https:\/\/www.estrategiaconcursos.com.br\/blog\/#\/schema\/person\/b4a388c97673c5f483d72185668afa1f","name":"Coordena\u00e7\u00e3o","image":{"@type":"ImageObject","inLanguage":"pt-BR","@id":"https:\/\/secure.gravatar.com\/avatar\/b720319e4c9a967eb58678d110f4fe35452fc5d5f97b202bac7b8acceb18c6ad?s=96&d=mm&r=g","url":"https:\/\/secure.gravatar.com\/avatar\/b720319e4c9a967eb58678d110f4fe35452fc5d5f97b202bac7b8acceb18c6ad?s=96&d=mm&r=g","contentUrl":"https:\/\/secure.gravatar.com\/avatar\/b720319e4c9a967eb58678d110f4fe35452fc5d5f97b202bac7b8acceb18c6ad?s=96&d=mm&r=g","caption":"Coordena\u00e7\u00e3o"},"sameAs":["https:\/\/www.facebook.com\/EstrategiaConcursos","https:\/\/x.com\/EstratConcursos"],"url":"https:\/\/www.estrategiaconcursos.com.br\/blog\/author\/estrategia2013\/"}]}},"_links":{"self":[{"href":"https:\/\/www.estrategiaconcursos.com.br\/blog\/wp-json\/wp\/v2\/posts\/416786","targetHints":{"allow":["GET"]}}],"collection":[{"href":"https:\/\/www.estrategiaconcursos.com.br\/blog\/wp-json\/wp\/v2\/posts"}],"about":[{"href":"https:\/\/www.estrategiaconcursos.com.br\/blog\/wp-json\/wp\/v2\/types\/post"}],"author":[{"embeddable":true,"href":"https:\/\/www.estrategiaconcursos.com.br\/blog\/wp-json\/wp\/v2\/users\/1"}],"replies":[{"embeddable":true,"href":"https:\/\/www.estrategiaconcursos.com.br\/blog\/wp-json\/wp\/v2\/comments?post=416786"}],"version-history":[{"count":24,"href":"https:\/\/www.estrategiaconcursos.com.br\/blog\/wp-json\/wp\/v2\/posts\/416786\/revisions"}],"predecessor-version":[{"id":1274507,"href":"https:\/\/www.estrategiaconcursos.com.br\/blog\/wp-json\/wp\/v2\/posts\/416786\/revisions\/1274507"}],"wp:featuredmedia":[{"embeddable":true,"href":"https:\/\/www.estrategiaconcursos.com.br\/blog\/wp-json\/wp\/v2\/media\/416788"}],"wp:attachment":[{"href":"https:\/\/www.estrategiaconcursos.com.br\/blog\/wp-json\/wp\/v2\/media?parent=416786"}],"wp:term":[{"taxonomy":"category","embeddable":true,"href":"https:\/\/www.estrategiaconcursos.com.br\/blog\/wp-json\/wp\/v2\/categories?post=416786"},{"taxonomy":"post_tag","embeddable":true,"href":"https:\/\/www.estrategiaconcursos.com.br\/blog\/wp-json\/wp\/v2\/tags?post=416786"},{"taxonomy":"tax_estado","embeddable":true,"href":"https:\/\/www.estrategiaconcursos.com.br\/blog\/wp-json\/wp\/v2\/tax_estado?post=416786"}],"curies":[{"name":"wp","href":"https:\/\/api.w.org\/{rel}","templated":true}]}}