{"id":416693,"date":"2019-09-05T09:31:44","date_gmt":"2019-09-05T12:31:44","guid":{"rendered":"https:\/\/www.estrategiaconcursos.com.br\/blog\/?p=416693"},"modified":"2019-09-05T09:41:20","modified_gmt":"2019-09-05T12:41:20","slug":"concurso-policia-civil-rj-escolaridade-investigador","status":"publish","type":"post","link":"https:\/\/www.estrategiaconcursos.com.br\/blog\/concurso-policia-civil-rj-escolaridade-investigador\/","title":{"rendered":"Concurso Pol\u00edcia Civil RJ: Justi\u00e7a altera escolaridade do cargo de Investigador"},"content":{"rendered":"\n<h2 class=\"wp-block-heading\">TJ RJ declarou inconstitucional lei que criou a exig\u00eancia de N\u00edvel Superior para o cargo<\/h2>\n\n\n\n<p>O  \u00d3rg\u00e3o Especial do Tribunal de Justi\u00e7a do Rio de Janeiro declarou inconstitucional os dispositivos da Lei 7.692\/2017 que alteraram a escolaridade do cargo de <strong>Investigador de Pol\u00edcia Civil<\/strong> de N\u00edvel M\u00e9dio para N\u00edvel Superior. <\/p>\n\n\n\n<p>A sess\u00e3o de julgamento da A\u00e7\u00e3o Direta de Inconstitucionalidade proposta pelo Minist\u00e9rio P\u00fablico do Estado do Rio de Janeiro ocorreu na segunda-feira, 2 de setembro. <\/p>\n\n\n\n<p>A \u00edntegra do ac\u00f3rd\u00e3o foi publicada nesta quarta-feira (4). Os desembargadores foram un\u00e2nimes ao acatar o pedido do MPERJ, relatado pelo desembargador Heleno Ribeiro Pereira Nunes, que argumentou pela inconstitucionalidade da lei.<\/p>\n\n\n\n<p>De acordo com a Procuradoria-Geral de Justi\u00e7a do RJ, a lei padecia de um <span style=\"text-decoration: underline;\">v\u00edcio de iniciativa<\/span>, j\u00e1 que foi proposta por parlamentares quando a iniciativa privativa cabe ao Governador do Estado.<\/p>\n\n\n\n<p>O artigo 112, \u00a71\u00ba. II, &#8220;b&#8221; da Constitui\u00e7\u00e3o do Estado do Rio de Janeiro \u00e9 expl\u00edcito ao declarar que fica reservada privativamente \u00e0 iniciativa do chefe do Executivo a apresenta\u00e7\u00e3o de projetos de lei que versem sobre <span style=\"text-decoration: underline;\">servidores p\u00fablicos<\/span>, seu <span style=\"text-decoration: underline;\">regime jur\u00eddico<\/span> e o <strong>provimento de cargos<\/strong>.<\/p>\n\n\n\n<p>Vale ressaltar que o projeto de lei havia sido vetado pelo Governador do Estado \u00e0 \u00e9poca, que nas raz\u00f5es apontou a exist\u00eancia de v\u00edcio de iniciativa, al\u00e9m do risco de aumento de despesa.<\/p>\n\n\n\n<p>A ALERJ n\u00e3o se manifestou nos autos da a\u00e7\u00e3o. J\u00e1 a PGE RJ, representando o Governo do Estado, considerou procedente o pedido do MPERJ.<\/p>\n\n\n\n<p style=\"text-align:center\" class=\"has-background has-medium-font-size has-very-light-gray-background-color\"><a rel=\"noreferrer noopener\" aria-label=\"Clique aqui para acessar a \u00edntegra do ac\u00f3rd\u00e3o (abre numa nova aba)\" href=\"https:\/\/dhg1h5j42swfq.cloudfront.net\/2019\/09\/05092148\/Ac%C3%B3rdao-PCRJ.pdf\" target=\"_blank\"><strong>Clique aqui para acessar a \u00edntegra do ac\u00f3rd\u00e3o<\/strong><\/a><\/p>\n\n\n\n<h2 class=\"wp-block-heading\">O concurso da Pol\u00edcia Civil RJ<\/h2>\n\n\n\n<p>O concurso da Pol\u00edcia Civil do Rio de Janeiro deve ter seu edital lan\u00e7ado ainda neste semestre e promete ser um dos maiores concursos da \u00e1rea policial deste ano, com 1.000 vagas imediatas.<\/p>\n\n\n\n<p>Autorizado ainda em 2018, o certame teve um aumento significativo nas vagas ofertadas. A medida foi anunciada pelo novo governador fluminense, Wilson Witzel, como parte do fortalecimento das for\u00e7as policiais. Confira as vagas previstas:<\/p>\n\n\n\n<ul class=\"wp-block-list\"><li><em>Delegado de pol\u00edcia \u2013 100 vagas<\/em><\/li><li><em>Perito legista \u2013 100 vagas<\/em><\/li><li><em>Inspetor \u2013 500 vagas<\/em><\/li><li><em>Investigador \u2013 100 vagas<\/em><\/li><li><em>Perito Criminal \u2013 60 vagas<\/em><\/li><li><em>T\u00e9cnico de necropsia \u2013 80 vagas<\/em><\/li><li><em>Auxiliar de necropsia \u2013 60 vagas<\/em><\/li><\/ul>\n\n\n\n<p style=\"text-align:center\"><em><strong>Quer saber mais sobre o concurso da Pol\u00edcia Civil RJ?<\/strong><\/em><\/p>\n\n\n\n<p style=\"font-size:25px;text-align:center\" class=\"has-background has-light-green-cyan-background-color\"><strong>Saiba mais: <\/strong><a rel=\"noreferrer noopener\" aria-label=\"Pol\u00edcia Civil RJ (abre numa nova aba)\" href=\"https:\/\/www.estrategiaconcursos.com.br\/blog\/concurso-policia-civil-rj\/\" target=\"_blank\"><strong>Pol\u00edcia Civil RJ<\/strong><\/a><\/p>\n\n\n\n<p style=\"font-size:25px;text-align:center\"><strong><em>Quer estudar para Concurso Pol\u00edcia Civil RJ?<\/em><\/strong><\/p>\n\n\n\n<p style=\"text-align:center\"><em><strong>Gostou desta oportunidade e deseja come\u00e7ar se preparar agora mesmo? Ent\u00e3o, confira os nossos cursos e comece a estudar para Pol\u00edcia Civil RJ:<\/strong><\/em><\/p>\n\n\n\n<p style=\"font-size:25px;text-align:center\" class=\"has-background has-luminous-vivid-amber-background-color\"><a rel=\"noreferrer noopener\" href=\"https:\/\/www.estrategiaconcursos.com.br\/cursosPorConcurso\/policia-civil-rj-pc-rj\/\" target=\"_blank\"><strong>Curso Pol\u00edcia Civil RJ<\/strong><\/a><\/p>\n\n\n\n<p style=\"text-align:center\"><em><strong>Assinatura Anual Ilimitada*<\/strong><\/em><\/p>\n\n\n\n<p style=\"text-align:center\"><em>Prepare-se com o melhor material e com quem mais aprova em&nbsp;Concursos P\u00fablicos de todo o pa\u00eds. Assine agora a nossa Assinatura Anual e tenha acesso ilimitado* a todos os nossos cursos.<\/em><\/p>\n\n\n\n<p style=\"font-size:25px;text-align:center\" class=\"has-background has-light-green-cyan-background-color\"><strong>ASSINE AGORA<\/strong>&nbsp;\u2013&nbsp;<a rel=\"noreferrer noopener\" href=\"https:\/\/www.estrategiaconcursos.com.br\/assinaturas\/\" target=\"_blank\"><strong>Assinatura Ilimitada<\/strong><\/a><\/p>\n\n\n\n<p style=\"text-align:center\"><em><strong>Fique por dentro de todos os concursos<\/strong><\/em>:<\/p>\n\n\n\n<p style=\"font-size:25px;text-align:center\" class=\"has-background has-pale-cyan-blue-background-color\"><strong><a href=\"https:\/\/www.estrategiaconcursos.com.br\/blog\/concursos-abertos\/\" target=\"_blank\" rel=\"noreferrer noopener\">Concursos abertos<\/a><\/strong><\/p>\n\n\n\n<p style=\"font-size:25px;text-align:center\" class=\"has-background has-pale-cyan-blue-background-color\"><strong><a href=\"https:\/\/www.estrategiaconcursos.com.br\/blog\/concursos-2019\/\" target=\"_blank\" rel=\"noreferrer noopener\">Concursos 2019<\/a><\/strong><\/p>\n\n\n\n<p style=\"font-size:25px;text-align:center\" class=\"has-background has-pale-cyan-blue-background-color\"><a rel=\"noreferrer noopener\" href=\"https:\/\/www.estrategiaconcursos.com.br\/blog\/concursos-2020\/\" target=\"_blank\"><strong>Concursos 2020<\/strong><\/a><\/p>\n\n\n\n<p><\/p>\n","protected":false},"excerpt":{"rendered":"<p>TJ RJ declarou inconstitucional lei que criou a exig\u00eancia de N\u00edvel Superior para o cargo O \u00d3rg\u00e3o Especial do Tribunal de Justi\u00e7a do Rio de Janeiro declarou inconstitucional os dispositivos da Lei 7.692\/2017 que alteraram a escolaridade do cargo de Investigador de Pol\u00edcia Civil de N\u00edvel M\u00e9dio para N\u00edvel Superior. A sess\u00e3o de julgamento da [&hellip;]<\/p>\n","protected":false},"author":552,"featured_media":130239,"comment_status":"open","ping_status":"closed","sticky":false,"template":"","format":"standard","meta":{"post_tipo":"article","footnotes":""},"categories":[1],"tags":[],"tax_estado":[],"class_list":["post-416693","post","type-post","status-publish","format-standard","has-post-thumbnail","hentry","category-cursos-e-concursos"],"acf":[],"yoast_head":"<!-- This site is optimized with the Yoast SEO Premium plugin v27.2 (Yoast SEO v27.2) - https:\/\/yoast.com\/product\/yoast-seo-premium-wordpress\/ -->\n<title>Concurso Pol\u00edcia Civil RJ: Justi\u00e7a altera escolaridade do cargo de Investigador<\/title>\n<meta name=\"robots\" content=\"index, follow, max-snippet:-1, max-image-preview:large, max-video-preview:-1\" \/>\n<link rel=\"canonical\" href=\"https:\/\/www.estrategiaconcursos.com.br\/blog\/concurso-policia-civil-rj-escolaridade-investigador\/\" \/>\n<meta property=\"og:locale\" content=\"pt_BR\" \/>\n<meta property=\"og:type\" content=\"article\" \/>\n<meta property=\"og:title\" content=\"Concurso Pol\u00edcia Civil RJ: Justi\u00e7a altera escolaridade do cargo de Investigador\" \/>\n<meta property=\"og:description\" content=\"TJ RJ declarou inconstitucional lei que criou a exig\u00eancia de N\u00edvel Superior para o cargo O \u00d3rg\u00e3o Especial do Tribunal de Justi\u00e7a do Rio de Janeiro declarou inconstitucional os dispositivos da Lei 7.692\/2017 que alteraram a escolaridade do cargo de Investigador de Pol\u00edcia Civil de N\u00edvel M\u00e9dio para N\u00edvel Superior. A sess\u00e3o de julgamento da [&hellip;]\" \/>\n<meta property=\"og:url\" content=\"https:\/\/www.estrategiaconcursos.com.br\/blog\/concurso-policia-civil-rj-escolaridade-investigador\/\" \/>\n<meta property=\"og:site_name\" content=\"Estrat\u00e9gia Concursos\" \/>\n<meta property=\"article:published_time\" content=\"2019-09-05T12:31:44+00:00\" \/>\n<meta property=\"article:modified_time\" content=\"2019-09-05T12:41:20+00:00\" \/>\n<meta property=\"og:image\" content=\"https:\/\/dhg1h5j42swfq.cloudfront.net\/2018\/07\/07091259\/PC-RJ-AUTORIZADO-e1530965586992.jpg\" \/>\n\t<meta property=\"og:image:width\" content=\"400\" \/>\n\t<meta property=\"og:image:height\" content=\"209\" \/>\n\t<meta property=\"og:image:type\" content=\"image\/jpeg\" \/>\n<meta name=\"author\" content=\"Paulo Bilynskyj\" \/>\n<meta name=\"twitter:card\" content=\"summary_large_image\" \/>\n<meta name=\"twitter:creator\" content=\"@EstratConcursos\" \/>\n<meta name=\"twitter:site\" content=\"@EstratConcursos\" \/>\n<meta name=\"twitter:label1\" content=\"Escrito por\" \/>\n\t<meta name=\"twitter:data1\" content=\"Paulo Bilynskyj\" \/>\n\t<meta name=\"twitter:label2\" content=\"Est. tempo de leitura\" \/>\n\t<meta name=\"twitter:data2\" content=\"2 minutos\" \/>\n<script type=\"application\/ld+json\" class=\"yoast-schema-graph\">{\"@context\":\"https:\/\/schema.org\",\"@graph\":[{\"@type\":\"NewsArticle\",\"@id\":\"https:\/\/www.estrategiaconcursos.com.br\/blog\/concurso-policia-civil-rj-escolaridade-investigador\/#article\",\"isPartOf\":{\"@id\":\"https:\/\/www.estrategiaconcursos.com.br\/blog\/concurso-policia-civil-rj-escolaridade-investigador\/\"},\"author\":{\"name\":\"Paulo Bilynskyj\",\"@id\":\"https:\/\/www.estrategiaconcursos.com.br\/blog\/#\/schema\/person\/a630b15e36f45b4c21fed01219843cb5\"},\"headline\":\"Concurso Pol\u00edcia Civil RJ: Justi\u00e7a altera escolaridade do cargo de Investigador\",\"datePublished\":\"2019-09-05T12:31:44+00:00\",\"dateModified\":\"2019-09-05T12:41:20+00:00\",\"mainEntityOfPage\":{\"@id\":\"https:\/\/www.estrategiaconcursos.com.br\/blog\/concurso-policia-civil-rj-escolaridade-investigador\/\"},\"wordCount\":496,\"commentCount\":0,\"publisher\":{\"@id\":\"https:\/\/www.estrategiaconcursos.com.br\/blog\/#organization\"},\"image\":{\"@id\":\"https:\/\/www.estrategiaconcursos.com.br\/blog\/concurso-policia-civil-rj-escolaridade-investigador\/#primaryimage\"},\"thumbnailUrl\":\"https:\/\/dhg1h5j42swfq.cloudfront.net\/2018\/07\/07091259\/PC-RJ-AUTORIZADO-e1530965586992.jpg\",\"articleSection\":[\"Concursos P\u00fablicos\"],\"inLanguage\":\"pt-BR\",\"potentialAction\":[{\"@type\":\"CommentAction\",\"name\":\"Comment\",\"target\":[\"https:\/\/www.estrategiaconcursos.com.br\/blog\/concurso-policia-civil-rj-escolaridade-investigador\/#respond\"]}],\"copyrightYear\":\"2019\",\"copyrightHolder\":{\"@id\":\"https:\/\/www.estrategiaconcursos.com.br\/blog\/#organization\"}},{\"@type\":\"WebPage\",\"@id\":\"https:\/\/www.estrategiaconcursos.com.br\/blog\/concurso-policia-civil-rj-escolaridade-investigador\/\",\"url\":\"https:\/\/www.estrategiaconcursos.com.br\/blog\/concurso-policia-civil-rj-escolaridade-investigador\/\",\"name\":\"Concurso Pol\u00edcia Civil RJ: Justi\u00e7a altera escolaridade do cargo de Investigador\",\"isPartOf\":{\"@id\":\"https:\/\/www.estrategiaconcursos.com.br\/blog\/#website\"},\"primaryImageOfPage\":{\"@id\":\"https:\/\/www.estrategiaconcursos.com.br\/blog\/concurso-policia-civil-rj-escolaridade-investigador\/#primaryimage\"},\"image\":{\"@id\":\"https:\/\/www.estrategiaconcursos.com.br\/blog\/concurso-policia-civil-rj-escolaridade-investigador\/#primaryimage\"},\"thumbnailUrl\":\"https:\/\/dhg1h5j42swfq.cloudfront.net\/2018\/07\/07091259\/PC-RJ-AUTORIZADO-e1530965586992.jpg\",\"datePublished\":\"2019-09-05T12:31:44+00:00\",\"dateModified\":\"2019-09-05T12:41:20+00:00\",\"breadcrumb\":{\"@id\":\"https:\/\/www.estrategiaconcursos.com.br\/blog\/concurso-policia-civil-rj-escolaridade-investigador\/#breadcrumb\"},\"inLanguage\":\"pt-BR\",\"potentialAction\":[{\"@type\":\"ReadAction\",\"target\":[\"https:\/\/www.estrategiaconcursos.com.br\/blog\/concurso-policia-civil-rj-escolaridade-investigador\/\"]}]},{\"@type\":\"ImageObject\",\"inLanguage\":\"pt-BR\",\"@id\":\"https:\/\/www.estrategiaconcursos.com.br\/blog\/concurso-policia-civil-rj-escolaridade-investigador\/#primaryimage\",\"url\":\"https:\/\/dhg1h5j42swfq.cloudfront.net\/2018\/07\/07091259\/PC-RJ-AUTORIZADO-e1530965586992.jpg\",\"contentUrl\":\"https:\/\/dhg1h5j42swfq.cloudfront.net\/2018\/07\/07091259\/PC-RJ-AUTORIZADO-e1530965586992.jpg\",\"width\":400,\"height\":209,\"caption\":\"nova disputa\"},{\"@type\":\"BreadcrumbList\",\"@id\":\"https:\/\/www.estrategiaconcursos.com.br\/blog\/concurso-policia-civil-rj-escolaridade-investigador\/#breadcrumb\",\"itemListElement\":[{\"@type\":\"ListItem\",\"position\":1,\"name\":\"In\u00edcio\",\"item\":\"https:\/\/www.estrategiaconcursos.com.br\/blog\/\"},{\"@type\":\"ListItem\",\"position\":2,\"name\":\"Concurso Pol\u00edcia Civil RJ: Justi\u00e7a altera escolaridade do cargo de Investigador\"}]},{\"@type\":\"WebSite\",\"@id\":\"https:\/\/www.estrategiaconcursos.com.br\/blog\/#website\",\"url\":\"https:\/\/www.estrategiaconcursos.com.br\/blog\/\",\"name\":\"Estrat\u00e9gia Concursos\",\"description\":\"O blog da Estrat\u00e9gia Concursos traz not\u00edcias sobre concursos e artigos de professores oferecendo cursos para concursos (pdf + videaulas) no site.\",\"publisher\":{\"@id\":\"https:\/\/www.estrategiaconcursos.com.br\/blog\/#organization\"},\"potentialAction\":[{\"@type\":\"SearchAction\",\"target\":{\"@type\":\"EntryPoint\",\"urlTemplate\":\"https:\/\/www.estrategiaconcursos.com.br\/blog\/?s={search_term_string}\"},\"query-input\":{\"@type\":\"PropertyValueSpecification\",\"valueRequired\":true,\"valueName\":\"search_term_string\"}}],\"inLanguage\":\"pt-BR\"},{\"@type\":\"Organization\",\"@id\":\"https:\/\/www.estrategiaconcursos.com.br\/blog\/#organization\",\"name\":\"Estrat\u00e9gia Concursos\",\"url\":\"https:\/\/www.estrategiaconcursos.com.br\/blog\/\",\"logo\":{\"@type\":\"ImageObject\",\"inLanguage\":\"pt-BR\",\"@id\":\"https:\/\/www.estrategiaconcursos.com.br\/blog\/#\/schema\/logo\/image\/\",\"url\":\"https:\/\/dhg1h5j42swfq.cloudfront.net\/2025\/06\/03203428\/logo_concursos-1.jpg\",\"contentUrl\":\"https:\/\/dhg1h5j42swfq.cloudfront.net\/2025\/06\/03203428\/logo_concursos-1.jpg\",\"width\":230,\"height\":60,\"caption\":\"Estrat\u00e9gia Concursos\"},\"image\":{\"@id\":\"https:\/\/www.estrategiaconcursos.com.br\/blog\/#\/schema\/logo\/image\/\"},\"sameAs\":[\"https:\/\/x.com\/EstratConcursos\"]},{\"@type\":\"Person\",\"@id\":\"https:\/\/www.estrategiaconcursos.com.br\/blog\/#\/schema\/person\/a630b15e36f45b4c21fed01219843cb5\",\"name\":\"Paulo Bilynskyj\",\"image\":{\"@type\":\"ImageObject\",\"inLanguage\":\"pt-BR\",\"@id\":\"https:\/\/secure.gravatar.com\/avatar\/37e21f70c9042e7456beffdc6d31fe051f3f6dcbf252f69343a791b144852057?s=96&d=mm&r=g\",\"url\":\"https:\/\/secure.gravatar.com\/avatar\/37e21f70c9042e7456beffdc6d31fe051f3f6dcbf252f69343a791b144852057?s=96&d=mm&r=g\",\"contentUrl\":\"https:\/\/secure.gravatar.com\/avatar\/37e21f70c9042e7456beffdc6d31fe051f3f6dcbf252f69343a791b144852057?s=96&d=mm&r=g\",\"caption\":\"Paulo Bilynskyj\"},\"url\":\"https:\/\/www.estrategiaconcursos.com.br\/blog\/author\/pbilynskyjgmail-com\/\"}]}<\/script>\n<!-- \/ Yoast SEO Premium plugin. -->","yoast_head_json":{"title":"Concurso Pol\u00edcia Civil RJ: Justi\u00e7a altera escolaridade do cargo de Investigador","robots":{"index":"index","follow":"follow","max-snippet":"max-snippet:-1","max-image-preview":"max-image-preview:large","max-video-preview":"max-video-preview:-1"},"canonical":"https:\/\/www.estrategiaconcursos.com.br\/blog\/concurso-policia-civil-rj-escolaridade-investigador\/","og_locale":"pt_BR","og_type":"article","og_title":"Concurso Pol\u00edcia Civil RJ: Justi\u00e7a altera escolaridade do cargo de Investigador","og_description":"TJ RJ declarou inconstitucional lei que criou a exig\u00eancia de N\u00edvel Superior para o cargo O \u00d3rg\u00e3o Especial do Tribunal de Justi\u00e7a do Rio de Janeiro declarou inconstitucional os dispositivos da Lei 7.692\/2017 que alteraram a escolaridade do cargo de Investigador de Pol\u00edcia Civil de N\u00edvel M\u00e9dio para N\u00edvel Superior. A sess\u00e3o de julgamento da [&hellip;]","og_url":"https:\/\/www.estrategiaconcursos.com.br\/blog\/concurso-policia-civil-rj-escolaridade-investigador\/","og_site_name":"Estrat\u00e9gia Concursos","article_published_time":"2019-09-05T12:31:44+00:00","article_modified_time":"2019-09-05T12:41:20+00:00","og_image":[{"width":400,"height":209,"url":"https:\/\/dhg1h5j42swfq.cloudfront.net\/2018\/07\/07091259\/PC-RJ-AUTORIZADO-e1530965586992.jpg","type":"image\/jpeg"}],"author":"Paulo Bilynskyj","twitter_card":"summary_large_image","twitter_creator":"@EstratConcursos","twitter_site":"@EstratConcursos","twitter_misc":{"Escrito por":"Paulo Bilynskyj","Est. tempo de leitura":"2 minutos"},"schema":{"@context":"https:\/\/schema.org","@graph":[{"@type":"NewsArticle","@id":"https:\/\/www.estrategiaconcursos.com.br\/blog\/concurso-policia-civil-rj-escolaridade-investigador\/#article","isPartOf":{"@id":"https:\/\/www.estrategiaconcursos.com.br\/blog\/concurso-policia-civil-rj-escolaridade-investigador\/"},"author":{"name":"Paulo Bilynskyj","@id":"https:\/\/www.estrategiaconcursos.com.br\/blog\/#\/schema\/person\/a630b15e36f45b4c21fed01219843cb5"},"headline":"Concurso Pol\u00edcia Civil RJ: Justi\u00e7a altera escolaridade do cargo de Investigador","datePublished":"2019-09-05T12:31:44+00:00","dateModified":"2019-09-05T12:41:20+00:00","mainEntityOfPage":{"@id":"https:\/\/www.estrategiaconcursos.com.br\/blog\/concurso-policia-civil-rj-escolaridade-investigador\/"},"wordCount":496,"commentCount":0,"publisher":{"@id":"https:\/\/www.estrategiaconcursos.com.br\/blog\/#organization"},"image":{"@id":"https:\/\/www.estrategiaconcursos.com.br\/blog\/concurso-policia-civil-rj-escolaridade-investigador\/#primaryimage"},"thumbnailUrl":"https:\/\/dhg1h5j42swfq.cloudfront.net\/2018\/07\/07091259\/PC-RJ-AUTORIZADO-e1530965586992.jpg","articleSection":["Concursos P\u00fablicos"],"inLanguage":"pt-BR","potentialAction":[{"@type":"CommentAction","name":"Comment","target":["https:\/\/www.estrategiaconcursos.com.br\/blog\/concurso-policia-civil-rj-escolaridade-investigador\/#respond"]}],"copyrightYear":"2019","copyrightHolder":{"@id":"https:\/\/www.estrategiaconcursos.com.br\/blog\/#organization"}},{"@type":"WebPage","@id":"https:\/\/www.estrategiaconcursos.com.br\/blog\/concurso-policia-civil-rj-escolaridade-investigador\/","url":"https:\/\/www.estrategiaconcursos.com.br\/blog\/concurso-policia-civil-rj-escolaridade-investigador\/","name":"Concurso Pol\u00edcia Civil RJ: Justi\u00e7a altera escolaridade do cargo de Investigador","isPartOf":{"@id":"https:\/\/www.estrategiaconcursos.com.br\/blog\/#website"},"primaryImageOfPage":{"@id":"https:\/\/www.estrategiaconcursos.com.br\/blog\/concurso-policia-civil-rj-escolaridade-investigador\/#primaryimage"},"image":{"@id":"https:\/\/www.estrategiaconcursos.com.br\/blog\/concurso-policia-civil-rj-escolaridade-investigador\/#primaryimage"},"thumbnailUrl":"https:\/\/dhg1h5j42swfq.cloudfront.net\/2018\/07\/07091259\/PC-RJ-AUTORIZADO-e1530965586992.jpg","datePublished":"2019-09-05T12:31:44+00:00","dateModified":"2019-09-05T12:41:20+00:00","breadcrumb":{"@id":"https:\/\/www.estrategiaconcursos.com.br\/blog\/concurso-policia-civil-rj-escolaridade-investigador\/#breadcrumb"},"inLanguage":"pt-BR","potentialAction":[{"@type":"ReadAction","target":["https:\/\/www.estrategiaconcursos.com.br\/blog\/concurso-policia-civil-rj-escolaridade-investigador\/"]}]},{"@type":"ImageObject","inLanguage":"pt-BR","@id":"https:\/\/www.estrategiaconcursos.com.br\/blog\/concurso-policia-civil-rj-escolaridade-investigador\/#primaryimage","url":"https:\/\/dhg1h5j42swfq.cloudfront.net\/2018\/07\/07091259\/PC-RJ-AUTORIZADO-e1530965586992.jpg","contentUrl":"https:\/\/dhg1h5j42swfq.cloudfront.net\/2018\/07\/07091259\/PC-RJ-AUTORIZADO-e1530965586992.jpg","width":400,"height":209,"caption":"nova disputa"},{"@type":"BreadcrumbList","@id":"https:\/\/www.estrategiaconcursos.com.br\/blog\/concurso-policia-civil-rj-escolaridade-investigador\/#breadcrumb","itemListElement":[{"@type":"ListItem","position":1,"name":"In\u00edcio","item":"https:\/\/www.estrategiaconcursos.com.br\/blog\/"},{"@type":"ListItem","position":2,"name":"Concurso Pol\u00edcia Civil RJ: Justi\u00e7a altera escolaridade do cargo de Investigador"}]},{"@type":"WebSite","@id":"https:\/\/www.estrategiaconcursos.com.br\/blog\/#website","url":"https:\/\/www.estrategiaconcursos.com.br\/blog\/","name":"Estrat\u00e9gia Concursos","description":"O blog da Estrat\u00e9gia Concursos traz not\u00edcias sobre concursos e artigos de professores oferecendo cursos para concursos (pdf + videaulas) no site.","publisher":{"@id":"https:\/\/www.estrategiaconcursos.com.br\/blog\/#organization"},"potentialAction":[{"@type":"SearchAction","target":{"@type":"EntryPoint","urlTemplate":"https:\/\/www.estrategiaconcursos.com.br\/blog\/?s={search_term_string}"},"query-input":{"@type":"PropertyValueSpecification","valueRequired":true,"valueName":"search_term_string"}}],"inLanguage":"pt-BR"},{"@type":"Organization","@id":"https:\/\/www.estrategiaconcursos.com.br\/blog\/#organization","name":"Estrat\u00e9gia Concursos","url":"https:\/\/www.estrategiaconcursos.com.br\/blog\/","logo":{"@type":"ImageObject","inLanguage":"pt-BR","@id":"https:\/\/www.estrategiaconcursos.com.br\/blog\/#\/schema\/logo\/image\/","url":"https:\/\/dhg1h5j42swfq.cloudfront.net\/2025\/06\/03203428\/logo_concursos-1.jpg","contentUrl":"https:\/\/dhg1h5j42swfq.cloudfront.net\/2025\/06\/03203428\/logo_concursos-1.jpg","width":230,"height":60,"caption":"Estrat\u00e9gia Concursos"},"image":{"@id":"https:\/\/www.estrategiaconcursos.com.br\/blog\/#\/schema\/logo\/image\/"},"sameAs":["https:\/\/x.com\/EstratConcursos"]},{"@type":"Person","@id":"https:\/\/www.estrategiaconcursos.com.br\/blog\/#\/schema\/person\/a630b15e36f45b4c21fed01219843cb5","name":"Paulo Bilynskyj","image":{"@type":"ImageObject","inLanguage":"pt-BR","@id":"https:\/\/secure.gravatar.com\/avatar\/37e21f70c9042e7456beffdc6d31fe051f3f6dcbf252f69343a791b144852057?s=96&d=mm&r=g","url":"https:\/\/secure.gravatar.com\/avatar\/37e21f70c9042e7456beffdc6d31fe051f3f6dcbf252f69343a791b144852057?s=96&d=mm&r=g","contentUrl":"https:\/\/secure.gravatar.com\/avatar\/37e21f70c9042e7456beffdc6d31fe051f3f6dcbf252f69343a791b144852057?s=96&d=mm&r=g","caption":"Paulo Bilynskyj"},"url":"https:\/\/www.estrategiaconcursos.com.br\/blog\/author\/pbilynskyjgmail-com\/"}]}},"_links":{"self":[{"href":"https:\/\/www.estrategiaconcursos.com.br\/blog\/wp-json\/wp\/v2\/posts\/416693","targetHints":{"allow":["GET"]}}],"collection":[{"href":"https:\/\/www.estrategiaconcursos.com.br\/blog\/wp-json\/wp\/v2\/posts"}],"about":[{"href":"https:\/\/www.estrategiaconcursos.com.br\/blog\/wp-json\/wp\/v2\/types\/post"}],"author":[{"embeddable":true,"href":"https:\/\/www.estrategiaconcursos.com.br\/blog\/wp-json\/wp\/v2\/users\/552"}],"replies":[{"embeddable":true,"href":"https:\/\/www.estrategiaconcursos.com.br\/blog\/wp-json\/wp\/v2\/comments?post=416693"}],"version-history":[{"count":7,"href":"https:\/\/www.estrategiaconcursos.com.br\/blog\/wp-json\/wp\/v2\/posts\/416693\/revisions"}],"predecessor-version":[{"id":416738,"href":"https:\/\/www.estrategiaconcursos.com.br\/blog\/wp-json\/wp\/v2\/posts\/416693\/revisions\/416738"}],"wp:featuredmedia":[{"embeddable":true,"href":"https:\/\/www.estrategiaconcursos.com.br\/blog\/wp-json\/wp\/v2\/media\/130239"}],"wp:attachment":[{"href":"https:\/\/www.estrategiaconcursos.com.br\/blog\/wp-json\/wp\/v2\/media?parent=416693"}],"wp:term":[{"taxonomy":"category","embeddable":true,"href":"https:\/\/www.estrategiaconcursos.com.br\/blog\/wp-json\/wp\/v2\/categories?post=416693"},{"taxonomy":"post_tag","embeddable":true,"href":"https:\/\/www.estrategiaconcursos.com.br\/blog\/wp-json\/wp\/v2\/tags?post=416693"},{"taxonomy":"tax_estado","embeddable":true,"href":"https:\/\/www.estrategiaconcursos.com.br\/blog\/wp-json\/wp\/v2\/tax_estado?post=416693"}],"curies":[{"name":"wp","href":"https:\/\/api.w.org\/{rel}","templated":true}]}}