{"id":416455,"date":"2019-09-04T14:24:53","date_gmt":"2019-09-04T17:24:53","guid":{"rendered":"https:\/\/www.estrategiaconcursos.com.br\/blog\/?p=416455"},"modified":"2019-09-04T15:23:02","modified_gmt":"2019-09-04T18:23:02","slug":"edital-camara-de-santa-rita-pb-retificacoes-periodo-de-inscricao-estendido","status":"publish","type":"post","link":"https:\/\/www.estrategiaconcursos.com.br\/blog\/edital-camara-de-santa-rita-pb-retificacoes-periodo-de-inscricao-estendido\/","title":{"rendered":"Concurso C\u00e2mara de Santa Rita PB: edital \u00e9 retificado e inscri\u00e7\u00f5es prorrogadas"},"content":{"rendered":"\n<p class=\"has-medium-font-size\"><strong><em>As <\/em><\/strong><strong style=\"font-style: italic;\">inscri\u00e7\u00f5es podem ser realizadas at\u00e9 o dia 18 de setembro<\/strong><\/p>\n\n\n\n<p>Nesta quarta-feira, 4 de setembro, foi publicado no Di\u00e1rio Oficial do munic\u00edpio a retifica\u00e7\u00e3o do cronograma referente ao concurso da C\u00e2mara de Santa Rita, localizada no estado da Para\u00edba, cidade est\u00e1 a aproximadamente 18 min da capital Jo\u00e3o Pessoa. <\/p>\n\n\n\n<p>O certame iniciou as inscri\u00e7\u00f5es no dia 8 de agosto e oferece 13 vagas para cargos de n\u00edvel fundamental, m\u00e9dio e superior. Entre as retifica\u00e7\u00f5es est\u00e3o a amplia\u00e7\u00e3o do <strong>per\u00edodo de inscri\u00e7\u00e3o<\/strong>, que agora podem ser realizadas <strong>at\u00e9 o dia 18 de setembro<\/strong>. At\u00e9 esta data tamb\u00e9m podem ser solicitados: <\/p>\n\n\n\n<ul class=\"wp-block-list\"><li>Condi\u00e7\u00f5es especiais para a realiza\u00e7\u00e3o da prova;<\/li><li>Recebimento de documentos comprobat\u00f3rios dos candidatos que exerceram efetivamente a fun\u00e7\u00e3o de jurado;<\/li><li>Recebimento de documentos comprobat\u00f3rios dos candidatos que optarem por concorrer \u00e0s vagas reservadas aos portadores de necessidades;<\/li><li>Recebimento da declara\u00e7\u00e3o dos candidatos que optarem pelo uso do nome social.<\/li><\/ul>\n\n\n\n<p><em>Para saber de todas as altera\u00e7\u00f5es, acesse o documento abaixo<\/em>.<\/p>\n\n\n\n<p style=\"text-align:center\" class=\"has-background has-medium-font-size has-very-light-gray-background-color\"><a href=\"https:\/\/dhg1h5j42swfq.cloudfront.net\/2019\/09\/04141534\/cronograma-C%C3%A2mara-de-Santa-Rita-PB.pdf\" target=\"_blank\" rel=\"noreferrer noopener\" aria-label=\"Retifica\u00e7\u00f5es C\u00e2mara de Santa Rita (abre numa nova aba)\">Retifica\u00e7\u00f5es C\u00e2mara de Santa Rita<\/a><\/p>\n\n\n\n<h3 class=\"wp-block-heading\">Vagas e remunera\u00e7\u00e3o do concurso C\u00e2mara de Santa Rita<\/h3>\n\n\n\n<p><strong>N\u00edvel Fundamental<\/strong><\/p>\n\n\n\n<ul class=\"wp-block-list\"><li><em>Agente Legislativo &#8211; ( 2 vagas ampla concorr\u00eancia + 1 vaga PCD) &#8211; R$ 1.315,00 <\/em><\/li><\/ul>\n\n\n\n<p><strong>N\u00edvel M\u00e9dio<\/strong><\/p>\n\n\n\n<ul class=\"wp-block-list\"><li><em>Assistente Legislativo &#8211; (03 vagas ampla concorr\u00eancia + 1 vaga PCD) &#8211; R$ 1.562,60 <\/em><\/li><\/ul>\n\n\n\n<p><strong>N\u00edvel Superior<\/strong><\/p>\n\n\n\n<ul class=\"wp-block-list\"><li><em>Assessor Jur\u00eddico &#8211; (01 vaga ampla concorr\u00eancia) &#8211; R$ 2.200,00 <\/em><\/li><li><em>Contador  &#8211; (01 vaga ampla concorr\u00eancia) &#8211; R$ 3.000,00 <\/em><\/li><li><em>Procurador Jur\u00eddico &#8211; (01 vaga ampla concorr\u00eancia) &#8211; R$ 3.000,00 <\/em><\/li><li><em>T\u00e9cnico Legislativo &#8211; ( 02 vagas ampla concorr\u00eancia e 01 vaga PCD) R$  2.466,75<\/em><\/li><\/ul>\n\n\n\n<p style=\"text-align:center\" class=\"has-medium-font-size\"><em>Acesse o artigo abaixo para saber como prestar o certame<\/em>.<\/p>\n\n\n\n<p style=\"text-align:center\" class=\"has-background has-light-green-cyan-background-color\"><a href=\"https:\/\/www.estrategiaconcursos.com.br\/blog\/concurso-camara-de-santa-rita-pb\/\" target=\"_blank\" rel=\"noreferrer noopener\" aria-label=\"C\u00e2mara de Santa Rita (abre numa nova aba)\">C\u00e2mara de Santa Rita<\/a><\/p>\n\n\n\n<p style=\"text-align:center\"><em><strong>Q<\/strong><\/em><strong><em>uer estudar para Concurso C\u00e2mara Municipal de Santa Rita (PB)?<\/em><\/strong><\/p>\n\n\n\n<p style=\"text-align:center\"><em><strong>Gostou desta oportunidade e deseja come\u00e7ar se preparar agora mesmo? Ent\u00e3o, confira os nossos cursos e comece a estudar:<\/strong><\/em><\/p>\n\n\n\n<p style=\"font-size:23px;text-align:center\" class=\"has-background has-luminous-vivid-amber-background-color\"><a rel=\"noreferrer noopener\" href=\"https:\/\/www.estrategiaconcursos.com.br\/cursos\/\" target=\"_blank\"><em><strong>Cursos para concursos<\/strong><\/em><\/a><\/p>\n\n\n\n<p style=\"text-align:center\"><em><strong>Assinatura Anual Ilimitada*<\/strong><\/em><\/p>\n\n\n\n<p style=\"text-align:center\"><em>Prepare-se com o melhor material e com quem mais aprova em Concursos P\u00fablicos em todo o pa\u00eds. Assine agora a nossa Assinatura Anual e tenha acesso ilimitado a todos os nossos cursos.<\/em><\/p>\n\n\n\n<p style=\"font-size:25px;text-align:center\" class=\"has-background has-light-green-cyan-background-color\"><strong>ASSINE AGORA<\/strong>&nbsp;\u2013&nbsp;<a rel=\"noreferrer noopener\" href=\"https:\/\/www.estrategiaconcursos.com.br\/assinaturas\" target=\"_blank\"><strong>Assinatura Ilimitada<\/strong><\/a><\/p>\n\n\n\n<p style=\"text-align:center\"><em><strong>Fique por dentro de todos os concursos<\/strong><\/em>:<\/p>\n\n\n\n<p style=\"font-size:23px;text-align:center\" class=\"has-background has-pale-cyan-blue-background-color\"><strong><a href=\"https:\/\/www.estrategiaconcursos.com.br\/blog\/concursos-abertos\/\" target=\"_blank\" rel=\"noreferrer noopener\">Concursos abertos<\/a><\/strong><\/p>\n\n\n\n<p style=\"font-size:23px;text-align:center\" class=\"has-background has-pale-cyan-blue-background-color\"><strong><a href=\"https:\/\/www.estrategiaconcursos.com.br\/blog\/concursos-2019\/\" target=\"_blank\" rel=\"noreferrer noopener\">Concursos 2019<\/a><\/strong><\/p>\n\n\n\n<p style=\"font-size:23px;text-align:center\" class=\"has-background has-pale-cyan-blue-background-color\"><a rel=\"noreferrer noopener\" href=\"https:\/\/www.estrategiaconcursos.com.br\/blog\/concursos-2020\/\" target=\"_blank\"><strong>Concursos 2020<\/strong><\/a><\/p>\n","protected":false},"excerpt":{"rendered":"<p>As inscri\u00e7\u00f5es podem ser realizadas at\u00e9 o dia 18 de setembro Nesta quarta-feira, 4 de setembro, foi publicado no Di\u00e1rio Oficial do munic\u00edpio a retifica\u00e7\u00e3o do cronograma referente ao concurso da C\u00e2mara de Santa Rita, localizada no estado da Para\u00edba, cidade est\u00e1 a aproximadamente 18 min da capital Jo\u00e3o Pessoa. O certame iniciou as inscri\u00e7\u00f5es [&hellip;]<\/p>\n","protected":false},"author":129,"featured_media":0,"comment_status":"open","ping_status":"closed","sticky":false,"template":"","format":"standard","meta":{"post_tipo":"article","footnotes":""},"categories":[1],"tags":[],"tax_estado":[],"class_list":["post-416455","post","type-post","status-publish","format-standard","hentry","category-cursos-e-concursos"],"acf":[],"yoast_head":"<!-- This site is optimized with the Yoast SEO Premium plugin v27.2 (Yoast SEO v27.2) - https:\/\/yoast.com\/product\/yoast-seo-premium-wordpress\/ -->\n<title>Concurso C\u00e2mara de Santa Rita PB: edital \u00e9 retificado e inscri\u00e7\u00f5es prorrogadas<\/title>\n<meta name=\"robots\" content=\"index, follow, max-snippet:-1, max-image-preview:large, max-video-preview:-1\" \/>\n<link rel=\"canonical\" href=\"https:\/\/www.estrategiaconcursos.com.br\/blog\/edital-camara-de-santa-rita-pb-retificacoes-periodo-de-inscricao-estendido\/\" \/>\n<meta property=\"og:locale\" content=\"pt_BR\" \/>\n<meta property=\"og:type\" content=\"article\" \/>\n<meta property=\"og:title\" content=\"Concurso C\u00e2mara de Santa Rita PB: edital \u00e9 retificado e inscri\u00e7\u00f5es prorrogadas\" \/>\n<meta property=\"og:description\" content=\"As inscri\u00e7\u00f5es podem ser realizadas at\u00e9 o dia 18 de setembro Nesta quarta-feira, 4 de setembro, foi publicado no Di\u00e1rio Oficial do munic\u00edpio a retifica\u00e7\u00e3o do cronograma referente ao concurso da C\u00e2mara de Santa Rita, localizada no estado da Para\u00edba, cidade est\u00e1 a aproximadamente 18 min da capital Jo\u00e3o Pessoa. O certame iniciou as inscri\u00e7\u00f5es [&hellip;]\" \/>\n<meta property=\"og:url\" content=\"https:\/\/www.estrategiaconcursos.com.br\/blog\/edital-camara-de-santa-rita-pb-retificacoes-periodo-de-inscricao-estendido\/\" \/>\n<meta property=\"og:site_name\" content=\"Estrat\u00e9gia Concursos\" \/>\n<meta property=\"article:published_time\" content=\"2019-09-04T17:24:53+00:00\" \/>\n<meta property=\"article:modified_time\" content=\"2019-09-04T18:23:02+00:00\" \/>\n<meta name=\"author\" content=\"Herbert Almeida\" \/>\n<meta name=\"twitter:card\" content=\"summary_large_image\" \/>\n<meta name=\"twitter:creator\" content=\"@EstratConcursos\" \/>\n<meta name=\"twitter:site\" content=\"@EstratConcursos\" \/>\n<meta name=\"twitter:label1\" content=\"Escrito por\" \/>\n\t<meta name=\"twitter:data1\" content=\"Herbert Almeida\" \/>\n\t<meta name=\"twitter:label2\" content=\"Est. tempo de leitura\" \/>\n\t<meta name=\"twitter:data2\" content=\"2 minutos\" \/>\n<script type=\"application\/ld+json\" class=\"yoast-schema-graph\">{\"@context\":\"https:\/\/schema.org\",\"@graph\":[{\"@type\":\"NewsArticle\",\"@id\":\"https:\/\/www.estrategiaconcursos.com.br\/blog\/edital-camara-de-santa-rita-pb-retificacoes-periodo-de-inscricao-estendido\/#article\",\"isPartOf\":{\"@id\":\"https:\/\/www.estrategiaconcursos.com.br\/blog\/edital-camara-de-santa-rita-pb-retificacoes-periodo-de-inscricao-estendido\/\"},\"author\":{\"name\":\"Herbert Almeida\",\"@id\":\"https:\/\/www.estrategiaconcursos.com.br\/blog\/#\/schema\/person\/59717c75350fa01aa0fd68a52a8d02e0\"},\"headline\":\"Concurso C\u00e2mara de Santa Rita PB: edital \u00e9 retificado e inscri\u00e7\u00f5es prorrogadas\",\"datePublished\":\"2019-09-04T17:24:53+00:00\",\"dateModified\":\"2019-09-04T18:23:02+00:00\",\"mainEntityOfPage\":{\"@id\":\"https:\/\/www.estrategiaconcursos.com.br\/blog\/edital-camara-de-santa-rita-pb-retificacoes-periodo-de-inscricao-estendido\/\"},\"wordCount\":384,\"commentCount\":0,\"publisher\":{\"@id\":\"https:\/\/www.estrategiaconcursos.com.br\/blog\/#organization\"},\"articleSection\":[\"Concursos P\u00fablicos\"],\"inLanguage\":\"pt-BR\",\"potentialAction\":[{\"@type\":\"CommentAction\",\"name\":\"Comment\",\"target\":[\"https:\/\/www.estrategiaconcursos.com.br\/blog\/edital-camara-de-santa-rita-pb-retificacoes-periodo-de-inscricao-estendido\/#respond\"]}],\"copyrightYear\":\"2019\",\"copyrightHolder\":{\"@id\":\"https:\/\/www.estrategiaconcursos.com.br\/blog\/#organization\"}},{\"@type\":\"WebPage\",\"@id\":\"https:\/\/www.estrategiaconcursos.com.br\/blog\/edital-camara-de-santa-rita-pb-retificacoes-periodo-de-inscricao-estendido\/\",\"url\":\"https:\/\/www.estrategiaconcursos.com.br\/blog\/edital-camara-de-santa-rita-pb-retificacoes-periodo-de-inscricao-estendido\/\",\"name\":\"Concurso C\u00e2mara de Santa Rita PB: edital \u00e9 retificado e inscri\u00e7\u00f5es prorrogadas\",\"isPartOf\":{\"@id\":\"https:\/\/www.estrategiaconcursos.com.br\/blog\/#website\"},\"datePublished\":\"2019-09-04T17:24:53+00:00\",\"dateModified\":\"2019-09-04T18:23:02+00:00\",\"breadcrumb\":{\"@id\":\"https:\/\/www.estrategiaconcursos.com.br\/blog\/edital-camara-de-santa-rita-pb-retificacoes-periodo-de-inscricao-estendido\/#breadcrumb\"},\"inLanguage\":\"pt-BR\",\"potentialAction\":[{\"@type\":\"ReadAction\",\"target\":[\"https:\/\/www.estrategiaconcursos.com.br\/blog\/edital-camara-de-santa-rita-pb-retificacoes-periodo-de-inscricao-estendido\/\"]}]},{\"@type\":\"BreadcrumbList\",\"@id\":\"https:\/\/www.estrategiaconcursos.com.br\/blog\/edital-camara-de-santa-rita-pb-retificacoes-periodo-de-inscricao-estendido\/#breadcrumb\",\"itemListElement\":[{\"@type\":\"ListItem\",\"position\":1,\"name\":\"In\u00edcio\",\"item\":\"https:\/\/www.estrategiaconcursos.com.br\/blog\/\"},{\"@type\":\"ListItem\",\"position\":2,\"name\":\"Concurso C\u00e2mara de Santa Rita PB: edital \u00e9 retificado e inscri\u00e7\u00f5es prorrogadas\"}]},{\"@type\":\"WebSite\",\"@id\":\"https:\/\/www.estrategiaconcursos.com.br\/blog\/#website\",\"url\":\"https:\/\/www.estrategiaconcursos.com.br\/blog\/\",\"name\":\"Estrat\u00e9gia Concursos\",\"description\":\"O blog da Estrat\u00e9gia Concursos traz not\u00edcias sobre concursos e artigos de professores oferecendo cursos para concursos (pdf + videaulas) no site.\",\"publisher\":{\"@id\":\"https:\/\/www.estrategiaconcursos.com.br\/blog\/#organization\"},\"potentialAction\":[{\"@type\":\"SearchAction\",\"target\":{\"@type\":\"EntryPoint\",\"urlTemplate\":\"https:\/\/www.estrategiaconcursos.com.br\/blog\/?s={search_term_string}\"},\"query-input\":{\"@type\":\"PropertyValueSpecification\",\"valueRequired\":true,\"valueName\":\"search_term_string\"}}],\"inLanguage\":\"pt-BR\"},{\"@type\":\"Organization\",\"@id\":\"https:\/\/www.estrategiaconcursos.com.br\/blog\/#organization\",\"name\":\"Estrat\u00e9gia Concursos\",\"url\":\"https:\/\/www.estrategiaconcursos.com.br\/blog\/\",\"logo\":{\"@type\":\"ImageObject\",\"inLanguage\":\"pt-BR\",\"@id\":\"https:\/\/www.estrategiaconcursos.com.br\/blog\/#\/schema\/logo\/image\/\",\"url\":\"https:\/\/dhg1h5j42swfq.cloudfront.net\/2025\/06\/03203428\/logo_concursos-1.jpg\",\"contentUrl\":\"https:\/\/dhg1h5j42swfq.cloudfront.net\/2025\/06\/03203428\/logo_concursos-1.jpg\",\"width\":230,\"height\":60,\"caption\":\"Estrat\u00e9gia Concursos\"},\"image\":{\"@id\":\"https:\/\/www.estrategiaconcursos.com.br\/blog\/#\/schema\/logo\/image\/\"},\"sameAs\":[\"https:\/\/x.com\/EstratConcursos\"]},{\"@type\":\"Person\",\"@id\":\"https:\/\/www.estrategiaconcursos.com.br\/blog\/#\/schema\/person\/59717c75350fa01aa0fd68a52a8d02e0\",\"name\":\"Herbert Almeida\",\"image\":{\"@type\":\"ImageObject\",\"inLanguage\":\"pt-BR\",\"@id\":\"https:\/\/secure.gravatar.com\/avatar\/b6461a43893c24d5fc91efc433971ffec025c84c0341129f4578034d77f9a536?s=96&d=mm&r=g\",\"url\":\"https:\/\/secure.gravatar.com\/avatar\/b6461a43893c24d5fc91efc433971ffec025c84c0341129f4578034d77f9a536?s=96&d=mm&r=g\",\"contentUrl\":\"https:\/\/secure.gravatar.com\/avatar\/b6461a43893c24d5fc91efc433971ffec025c84c0341129f4578034d77f9a536?s=96&d=mm&r=g\",\"caption\":\"Herbert Almeida\"},\"url\":\"https:\/\/www.estrategiaconcursos.com.br\/blog\/author\/herbertestrategiaconcursos-com-br\/\"}]}<\/script>\n<!-- \/ Yoast SEO Premium plugin. -->","yoast_head_json":{"title":"Concurso C\u00e2mara de Santa Rita PB: edital \u00e9 retificado e inscri\u00e7\u00f5es prorrogadas","robots":{"index":"index","follow":"follow","max-snippet":"max-snippet:-1","max-image-preview":"max-image-preview:large","max-video-preview":"max-video-preview:-1"},"canonical":"https:\/\/www.estrategiaconcursos.com.br\/blog\/edital-camara-de-santa-rita-pb-retificacoes-periodo-de-inscricao-estendido\/","og_locale":"pt_BR","og_type":"article","og_title":"Concurso C\u00e2mara de Santa Rita PB: edital \u00e9 retificado e inscri\u00e7\u00f5es prorrogadas","og_description":"As inscri\u00e7\u00f5es podem ser realizadas at\u00e9 o dia 18 de setembro Nesta quarta-feira, 4 de setembro, foi publicado no Di\u00e1rio Oficial do munic\u00edpio a retifica\u00e7\u00e3o do cronograma referente ao concurso da C\u00e2mara de Santa Rita, localizada no estado da Para\u00edba, cidade est\u00e1 a aproximadamente 18 min da capital Jo\u00e3o Pessoa. O certame iniciou as inscri\u00e7\u00f5es [&hellip;]","og_url":"https:\/\/www.estrategiaconcursos.com.br\/blog\/edital-camara-de-santa-rita-pb-retificacoes-periodo-de-inscricao-estendido\/","og_site_name":"Estrat\u00e9gia Concursos","article_published_time":"2019-09-04T17:24:53+00:00","article_modified_time":"2019-09-04T18:23:02+00:00","author":"Herbert Almeida","twitter_card":"summary_large_image","twitter_creator":"@EstratConcursos","twitter_site":"@EstratConcursos","twitter_misc":{"Escrito por":"Herbert Almeida","Est. tempo de leitura":"2 minutos"},"schema":{"@context":"https:\/\/schema.org","@graph":[{"@type":"NewsArticle","@id":"https:\/\/www.estrategiaconcursos.com.br\/blog\/edital-camara-de-santa-rita-pb-retificacoes-periodo-de-inscricao-estendido\/#article","isPartOf":{"@id":"https:\/\/www.estrategiaconcursos.com.br\/blog\/edital-camara-de-santa-rita-pb-retificacoes-periodo-de-inscricao-estendido\/"},"author":{"name":"Herbert Almeida","@id":"https:\/\/www.estrategiaconcursos.com.br\/blog\/#\/schema\/person\/59717c75350fa01aa0fd68a52a8d02e0"},"headline":"Concurso C\u00e2mara de Santa Rita PB: edital \u00e9 retificado e inscri\u00e7\u00f5es prorrogadas","datePublished":"2019-09-04T17:24:53+00:00","dateModified":"2019-09-04T18:23:02+00:00","mainEntityOfPage":{"@id":"https:\/\/www.estrategiaconcursos.com.br\/blog\/edital-camara-de-santa-rita-pb-retificacoes-periodo-de-inscricao-estendido\/"},"wordCount":384,"commentCount":0,"publisher":{"@id":"https:\/\/www.estrategiaconcursos.com.br\/blog\/#organization"},"articleSection":["Concursos P\u00fablicos"],"inLanguage":"pt-BR","potentialAction":[{"@type":"CommentAction","name":"Comment","target":["https:\/\/www.estrategiaconcursos.com.br\/blog\/edital-camara-de-santa-rita-pb-retificacoes-periodo-de-inscricao-estendido\/#respond"]}],"copyrightYear":"2019","copyrightHolder":{"@id":"https:\/\/www.estrategiaconcursos.com.br\/blog\/#organization"}},{"@type":"WebPage","@id":"https:\/\/www.estrategiaconcursos.com.br\/blog\/edital-camara-de-santa-rita-pb-retificacoes-periodo-de-inscricao-estendido\/","url":"https:\/\/www.estrategiaconcursos.com.br\/blog\/edital-camara-de-santa-rita-pb-retificacoes-periodo-de-inscricao-estendido\/","name":"Concurso C\u00e2mara de Santa Rita PB: edital \u00e9 retificado e inscri\u00e7\u00f5es prorrogadas","isPartOf":{"@id":"https:\/\/www.estrategiaconcursos.com.br\/blog\/#website"},"datePublished":"2019-09-04T17:24:53+00:00","dateModified":"2019-09-04T18:23:02+00:00","breadcrumb":{"@id":"https:\/\/www.estrategiaconcursos.com.br\/blog\/edital-camara-de-santa-rita-pb-retificacoes-periodo-de-inscricao-estendido\/#breadcrumb"},"inLanguage":"pt-BR","potentialAction":[{"@type":"ReadAction","target":["https:\/\/www.estrategiaconcursos.com.br\/blog\/edital-camara-de-santa-rita-pb-retificacoes-periodo-de-inscricao-estendido\/"]}]},{"@type":"BreadcrumbList","@id":"https:\/\/www.estrategiaconcursos.com.br\/blog\/edital-camara-de-santa-rita-pb-retificacoes-periodo-de-inscricao-estendido\/#breadcrumb","itemListElement":[{"@type":"ListItem","position":1,"name":"In\u00edcio","item":"https:\/\/www.estrategiaconcursos.com.br\/blog\/"},{"@type":"ListItem","position":2,"name":"Concurso C\u00e2mara de Santa Rita PB: edital \u00e9 retificado e inscri\u00e7\u00f5es prorrogadas"}]},{"@type":"WebSite","@id":"https:\/\/www.estrategiaconcursos.com.br\/blog\/#website","url":"https:\/\/www.estrategiaconcursos.com.br\/blog\/","name":"Estrat\u00e9gia Concursos","description":"O blog da Estrat\u00e9gia Concursos traz not\u00edcias sobre concursos e artigos de professores oferecendo cursos para concursos (pdf + videaulas) no site.","publisher":{"@id":"https:\/\/www.estrategiaconcursos.com.br\/blog\/#organization"},"potentialAction":[{"@type":"SearchAction","target":{"@type":"EntryPoint","urlTemplate":"https:\/\/www.estrategiaconcursos.com.br\/blog\/?s={search_term_string}"},"query-input":{"@type":"PropertyValueSpecification","valueRequired":true,"valueName":"search_term_string"}}],"inLanguage":"pt-BR"},{"@type":"Organization","@id":"https:\/\/www.estrategiaconcursos.com.br\/blog\/#organization","name":"Estrat\u00e9gia Concursos","url":"https:\/\/www.estrategiaconcursos.com.br\/blog\/","logo":{"@type":"ImageObject","inLanguage":"pt-BR","@id":"https:\/\/www.estrategiaconcursos.com.br\/blog\/#\/schema\/logo\/image\/","url":"https:\/\/dhg1h5j42swfq.cloudfront.net\/2025\/06\/03203428\/logo_concursos-1.jpg","contentUrl":"https:\/\/dhg1h5j42swfq.cloudfront.net\/2025\/06\/03203428\/logo_concursos-1.jpg","width":230,"height":60,"caption":"Estrat\u00e9gia Concursos"},"image":{"@id":"https:\/\/www.estrategiaconcursos.com.br\/blog\/#\/schema\/logo\/image\/"},"sameAs":["https:\/\/x.com\/EstratConcursos"]},{"@type":"Person","@id":"https:\/\/www.estrategiaconcursos.com.br\/blog\/#\/schema\/person\/59717c75350fa01aa0fd68a52a8d02e0","name":"Herbert Almeida","image":{"@type":"ImageObject","inLanguage":"pt-BR","@id":"https:\/\/secure.gravatar.com\/avatar\/b6461a43893c24d5fc91efc433971ffec025c84c0341129f4578034d77f9a536?s=96&d=mm&r=g","url":"https:\/\/secure.gravatar.com\/avatar\/b6461a43893c24d5fc91efc433971ffec025c84c0341129f4578034d77f9a536?s=96&d=mm&r=g","contentUrl":"https:\/\/secure.gravatar.com\/avatar\/b6461a43893c24d5fc91efc433971ffec025c84c0341129f4578034d77f9a536?s=96&d=mm&r=g","caption":"Herbert Almeida"},"url":"https:\/\/www.estrategiaconcursos.com.br\/blog\/author\/herbertestrategiaconcursos-com-br\/"}]}},"_links":{"self":[{"href":"https:\/\/www.estrategiaconcursos.com.br\/blog\/wp-json\/wp\/v2\/posts\/416455","targetHints":{"allow":["GET"]}}],"collection":[{"href":"https:\/\/www.estrategiaconcursos.com.br\/blog\/wp-json\/wp\/v2\/posts"}],"about":[{"href":"https:\/\/www.estrategiaconcursos.com.br\/blog\/wp-json\/wp\/v2\/types\/post"}],"author":[{"embeddable":true,"href":"https:\/\/www.estrategiaconcursos.com.br\/blog\/wp-json\/wp\/v2\/users\/129"}],"replies":[{"embeddable":true,"href":"https:\/\/www.estrategiaconcursos.com.br\/blog\/wp-json\/wp\/v2\/comments?post=416455"}],"version-history":[{"count":3,"href":"https:\/\/www.estrategiaconcursos.com.br\/blog\/wp-json\/wp\/v2\/posts\/416455\/revisions"}],"predecessor-version":[{"id":416517,"href":"https:\/\/www.estrategiaconcursos.com.br\/blog\/wp-json\/wp\/v2\/posts\/416455\/revisions\/416517"}],"wp:attachment":[{"href":"https:\/\/www.estrategiaconcursos.com.br\/blog\/wp-json\/wp\/v2\/media?parent=416455"}],"wp:term":[{"taxonomy":"category","embeddable":true,"href":"https:\/\/www.estrategiaconcursos.com.br\/blog\/wp-json\/wp\/v2\/categories?post=416455"},{"taxonomy":"post_tag","embeddable":true,"href":"https:\/\/www.estrategiaconcursos.com.br\/blog\/wp-json\/wp\/v2\/tags?post=416455"},{"taxonomy":"tax_estado","embeddable":true,"href":"https:\/\/www.estrategiaconcursos.com.br\/blog\/wp-json\/wp\/v2\/tax_estado?post=416455"}],"curies":[{"name":"wp","href":"https:\/\/api.w.org\/{rel}","templated":true}]}}