{"id":416282,"date":"2019-09-04T09:41:28","date_gmt":"2019-09-04T12:41:28","guid":{"rendered":"https:\/\/www.estrategiaconcursos.com.br\/blog\/?p=416282"},"modified":"2023-08-17T14:46:47","modified_gmt":"2023-08-17T17:46:47","slug":"concurso-iss-governador-valadares-plano-de-estudos","status":"publish","type":"post","link":"https:\/\/www.estrategiaconcursos.com.br\/blog\/concurso-iss-governador-valadares-plano-de-estudos\/","title":{"rendered":"Concurso ISS Governador Valadares: plano de estudos do B\u00e1sico ao Avan\u00e7ado"},"content":{"rendered":"\n<h2 class=\"wp-block-heading\"><strong><em>Reforce a sua prepara\u00e7\u00e3o para garantir a t\u00e3o sonhada aprova\u00e7\u00e3o<\/em><\/strong><\/h2>\n\n\n\n<p>Ap\u00f3s a defini\u00e7\u00e3o da <strong>MSM Consultoria e Projetos<\/strong> como banca organizadora do pr\u00f3ximo concurso p\u00fablico do ISS Governador Valadares, o \u00f3rg\u00e3o se prepara para a divulga\u00e7\u00e3o do edital. <\/p>\n\n\n\n<p>Vale ressaltar que o documento ofertar\u00e1 926 vagas para cargos de n\u00edvel fundamental, m\u00e9dio e superior. Para o cargo de <em>Auditor Fiscal<\/em>, at\u00e9 o momento, <strong>15 vagas<\/strong> est\u00e3o reservadas. <\/p>\n\n\n\n<p>Al\u00e9m disso, com base no Projeto B\u00e1sico, \u00e9 previsto que a taxa de inscri\u00e7\u00e3o do concurso para os cargos de N\u00edvel Fundamental seja  e R$ 55,00, j\u00e1 para n\u00edvel m\u00e9dio de R$ 75,00 e R$ 120,00 para n\u00edvel superior. <\/p>\n\n\n\n<p>Com base nessas informa\u00e7\u00f5es, podemos esperar que a qualquer momento o edital seja publicado. Estar preparado \u00e9 essencial para que se possa obter bons resultados e garantir a t\u00e3o sonhada aprova\u00e7\u00e3o. Pensando nisso, o nosso time de professores do Estrat\u00e9gia Concursos decidiu auxiliar o nosso desempenho na hora das provas.<\/p>\n\n\n\n<p>Foi desenvolvido um plano de estudos com base nas informa\u00e7\u00f5es do projeto b\u00e1sico e do \u00faltimo concurso p\u00fablico realizado pelo \u00f3rg\u00e3o. Al\u00e9m disso, essa \u00e9 uma \u00f3tima oportunidade para voc\u00ea sanar d\u00favidas, receber dicas importantes para se dar bem nas provas e refor\u00e7ar todo o seu conhecimento sobre as principais disciplinas cobradas no certame. <\/p>\n\n\n\n<p>N\u00e3o fique de fora da transmiss\u00e3o <strong>gratuita <\/strong>do <strong>Plano de Estudos<\/strong> com o <strong>Prof. F\u00e1bio Dutra<\/strong>, veiculada a partir das <strong>19h<\/strong> no canal do Youtube do Estrat\u00e9gia Concursos. <\/p>\n\n\n\n<h2 class=\"wp-block-heading has-text-align-center\" id=\"cursos-assinatura\"><br \/><strong><em>Quer estudar para Concurso ISS Governador Valadares?<\/em><\/strong><\/h2>\n\n\n\n<p class=\"has-text-align-center\"><em><strong>Gostou desta oportunidade e deseja come\u00e7ar se preparar agora mesmo? Ent\u00e3o, confira os nossos cursos e comece a estudar para ISS Governador Valadares:<\/strong><\/em><\/p>\n\n\n\n<p class=\"has-text-align-center has-light-green-cyan-background-color has-background has-medium-font-size\"><strong><span style=\"text-decoration: underline;\"><a href=\"https:\/\/www.estrategiaconcursos.com.br\/cursosPorConcurso\/iss-governador-valadares-mg\/\" target=\"_blank\" rel=\"noreferrer noopener\" aria-label=\"CURSO ISS GOVERNADOR VALADARES (abre numa nova aba)\">CURSO ISS GOVERNADOR VALADARES<\/a><\/span><\/strong><\/p>\n\n\n\n<p class=\"has-text-align-center has-medium-font-size\"><em><strong>Assinatura Anual Ilimitada*<\/strong><\/em><\/p>\n\n\n\n<p class=\"has-text-align-center\"><em>Prepare-se com o melhor material e com quem mais aprova em Concursos P\u00fablicos em todo o pa\u00eds. Assine agora a nossa Assinatura Anual e tenha acesso ilimitado* a todos os nossos cursos.<\/em><\/p>\n\n\n\n<p class=\"has-text-align-center has-luminous-vivid-amber-background-color has-background has-medium-font-size\"><strong>ASSINE AGORA&nbsp;\u2013&nbsp;<a rel=\"noreferrer noopener\" aria-label=\" (abre numa nova aba)\" href=\"https:\/\/www.estrategiaconcursos.com.br\/assinaturas\" target=\"_blank\">Assinatura Ilimitada<\/a><\/strong><\/p>\n\n\n\n<p class=\"has-text-align-center has-pale-cyan-blue-background-color has-background\"><strong><a href=\"https:\/\/www.estrategiaconcursos.com.br\/blog\/concursos-abertos\/\">CONCURSOS ABERTOS<\/a><\/strong><\/p>\n","protected":false},"excerpt":{"rendered":"<p>Reforce a sua prepara\u00e7\u00e3o para garantir a t\u00e3o sonhada aprova\u00e7\u00e3o Ap\u00f3s a defini\u00e7\u00e3o da MSM Consultoria e Projetos como banca organizadora do pr\u00f3ximo concurso p\u00fablico do ISS Governador Valadares, o \u00f3rg\u00e3o se prepara para a divulga\u00e7\u00e3o do edital. Vale ressaltar que o documento ofertar\u00e1 926 vagas para cargos de n\u00edvel fundamental, m\u00e9dio e superior. Para [&hellip;]<\/p>\n","protected":false},"author":129,"featured_media":0,"comment_status":"open","ping_status":"closed","sticky":false,"template":"","format":"standard","meta":{"post_tipo":"article","footnotes":""},"categories":[1],"tags":[],"tax_estado":[],"class_list":["post-416282","post","type-post","status-publish","format-standard","hentry","category-cursos-e-concursos"],"acf":[],"yoast_head":"<!-- This site is optimized with the Yoast SEO Premium plugin v27.2 (Yoast SEO v27.2) - https:\/\/yoast.com\/product\/yoast-seo-premium-wordpress\/ -->\n<title>Concurso ISS Governador Valadares: plano de estudos do B\u00e1sico ao Avan\u00e7ado<\/title>\n<meta name=\"robots\" content=\"index, follow, max-snippet:-1, max-image-preview:large, max-video-preview:-1\" \/>\n<link rel=\"canonical\" href=\"https:\/\/www.estrategiaconcursos.com.br\/blog\/concurso-iss-governador-valadares-plano-de-estudos\/\" \/>\n<meta property=\"og:locale\" content=\"pt_BR\" \/>\n<meta property=\"og:type\" content=\"article\" \/>\n<meta property=\"og:title\" content=\"Concurso ISS Governador Valadares: plano de estudos do B\u00e1sico ao Avan\u00e7ado\" \/>\n<meta property=\"og:description\" content=\"Reforce a sua prepara\u00e7\u00e3o para garantir a t\u00e3o sonhada aprova\u00e7\u00e3o Ap\u00f3s a defini\u00e7\u00e3o da MSM Consultoria e Projetos como banca organizadora do pr\u00f3ximo concurso p\u00fablico do ISS Governador Valadares, o \u00f3rg\u00e3o se prepara para a divulga\u00e7\u00e3o do edital. Vale ressaltar que o documento ofertar\u00e1 926 vagas para cargos de n\u00edvel fundamental, m\u00e9dio e superior. Para [&hellip;]\" \/>\n<meta property=\"og:url\" content=\"https:\/\/www.estrategiaconcursos.com.br\/blog\/concurso-iss-governador-valadares-plano-de-estudos\/\" \/>\n<meta property=\"og:site_name\" content=\"Estrat\u00e9gia Concursos\" \/>\n<meta property=\"article:published_time\" content=\"2019-09-04T12:41:28+00:00\" \/>\n<meta property=\"article:modified_time\" content=\"2023-08-17T17:46:47+00:00\" \/>\n<meta name=\"author\" content=\"Herbert Almeida\" \/>\n<meta name=\"twitter:card\" content=\"summary_large_image\" \/>\n<meta name=\"twitter:creator\" content=\"@EstratConcursos\" \/>\n<meta name=\"twitter:site\" content=\"@EstratConcursos\" \/>\n<meta name=\"twitter:label1\" content=\"Escrito por\" \/>\n\t<meta name=\"twitter:data1\" content=\"Herbert Almeida\" \/>\n\t<meta name=\"twitter:label2\" content=\"Est. tempo de leitura\" \/>\n\t<meta name=\"twitter:data2\" content=\"2 minutos\" \/>\n<script type=\"application\/ld+json\" class=\"yoast-schema-graph\">{\"@context\":\"https:\/\/schema.org\",\"@graph\":[{\"@type\":\"NewsArticle\",\"@id\":\"https:\/\/www.estrategiaconcursos.com.br\/blog\/concurso-iss-governador-valadares-plano-de-estudos\/#article\",\"isPartOf\":{\"@id\":\"https:\/\/www.estrategiaconcursos.com.br\/blog\/concurso-iss-governador-valadares-plano-de-estudos\/\"},\"author\":{\"name\":\"Herbert Almeida\",\"@id\":\"https:\/\/www.estrategiaconcursos.com.br\/blog\/#\/schema\/person\/59717c75350fa01aa0fd68a52a8d02e0\"},\"headline\":\"Concurso ISS Governador Valadares: plano de estudos do B\u00e1sico ao Avan\u00e7ado\",\"datePublished\":\"2019-09-04T12:41:28+00:00\",\"dateModified\":\"2023-08-17T17:46:47+00:00\",\"mainEntityOfPage\":{\"@id\":\"https:\/\/www.estrategiaconcursos.com.br\/blog\/concurso-iss-governador-valadares-plano-de-estudos\/\"},\"wordCount\":358,\"commentCount\":0,\"publisher\":{\"@id\":\"https:\/\/www.estrategiaconcursos.com.br\/blog\/#organization\"},\"articleSection\":[\"Concursos P\u00fablicos\"],\"inLanguage\":\"pt-BR\",\"potentialAction\":[{\"@type\":\"CommentAction\",\"name\":\"Comment\",\"target\":[\"https:\/\/www.estrategiaconcursos.com.br\/blog\/concurso-iss-governador-valadares-plano-de-estudos\/#respond\"]}],\"copyrightYear\":\"2019\",\"copyrightHolder\":{\"@id\":\"https:\/\/www.estrategiaconcursos.com.br\/blog\/#organization\"}},{\"@type\":\"WebPage\",\"@id\":\"https:\/\/www.estrategiaconcursos.com.br\/blog\/concurso-iss-governador-valadares-plano-de-estudos\/\",\"url\":\"https:\/\/www.estrategiaconcursos.com.br\/blog\/concurso-iss-governador-valadares-plano-de-estudos\/\",\"name\":\"Concurso ISS Governador Valadares: plano de estudos do B\u00e1sico ao Avan\u00e7ado\",\"isPartOf\":{\"@id\":\"https:\/\/www.estrategiaconcursos.com.br\/blog\/#website\"},\"datePublished\":\"2019-09-04T12:41:28+00:00\",\"dateModified\":\"2023-08-17T17:46:47+00:00\",\"breadcrumb\":{\"@id\":\"https:\/\/www.estrategiaconcursos.com.br\/blog\/concurso-iss-governador-valadares-plano-de-estudos\/#breadcrumb\"},\"inLanguage\":\"pt-BR\",\"potentialAction\":[{\"@type\":\"ReadAction\",\"target\":[\"https:\/\/www.estrategiaconcursos.com.br\/blog\/concurso-iss-governador-valadares-plano-de-estudos\/\"]}]},{\"@type\":\"BreadcrumbList\",\"@id\":\"https:\/\/www.estrategiaconcursos.com.br\/blog\/concurso-iss-governador-valadares-plano-de-estudos\/#breadcrumb\",\"itemListElement\":[{\"@type\":\"ListItem\",\"position\":1,\"name\":\"In\u00edcio\",\"item\":\"https:\/\/www.estrategiaconcursos.com.br\/blog\/\"},{\"@type\":\"ListItem\",\"position\":2,\"name\":\"Concurso ISS Governador Valadares: plano de estudos do B\u00e1sico ao Avan\u00e7ado\"}]},{\"@type\":\"WebSite\",\"@id\":\"https:\/\/www.estrategiaconcursos.com.br\/blog\/#website\",\"url\":\"https:\/\/www.estrategiaconcursos.com.br\/blog\/\",\"name\":\"Estrat\u00e9gia Concursos\",\"description\":\"O blog da Estrat\u00e9gia Concursos traz not\u00edcias sobre concursos e artigos de professores oferecendo cursos para concursos (pdf + videaulas) no site.\",\"publisher\":{\"@id\":\"https:\/\/www.estrategiaconcursos.com.br\/blog\/#organization\"},\"potentialAction\":[{\"@type\":\"SearchAction\",\"target\":{\"@type\":\"EntryPoint\",\"urlTemplate\":\"https:\/\/www.estrategiaconcursos.com.br\/blog\/?s={search_term_string}\"},\"query-input\":{\"@type\":\"PropertyValueSpecification\",\"valueRequired\":true,\"valueName\":\"search_term_string\"}}],\"inLanguage\":\"pt-BR\"},{\"@type\":\"Organization\",\"@id\":\"https:\/\/www.estrategiaconcursos.com.br\/blog\/#organization\",\"name\":\"Estrat\u00e9gia Concursos\",\"url\":\"https:\/\/www.estrategiaconcursos.com.br\/blog\/\",\"logo\":{\"@type\":\"ImageObject\",\"inLanguage\":\"pt-BR\",\"@id\":\"https:\/\/www.estrategiaconcursos.com.br\/blog\/#\/schema\/logo\/image\/\",\"url\":\"https:\/\/dhg1h5j42swfq.cloudfront.net\/2025\/06\/03203428\/logo_concursos-1.jpg\",\"contentUrl\":\"https:\/\/dhg1h5j42swfq.cloudfront.net\/2025\/06\/03203428\/logo_concursos-1.jpg\",\"width\":230,\"height\":60,\"caption\":\"Estrat\u00e9gia Concursos\"},\"image\":{\"@id\":\"https:\/\/www.estrategiaconcursos.com.br\/blog\/#\/schema\/logo\/image\/\"},\"sameAs\":[\"https:\/\/x.com\/EstratConcursos\"]},{\"@type\":\"Person\",\"@id\":\"https:\/\/www.estrategiaconcursos.com.br\/blog\/#\/schema\/person\/59717c75350fa01aa0fd68a52a8d02e0\",\"name\":\"Herbert Almeida\",\"image\":{\"@type\":\"ImageObject\",\"inLanguage\":\"pt-BR\",\"@id\":\"https:\/\/secure.gravatar.com\/avatar\/b6461a43893c24d5fc91efc433971ffec025c84c0341129f4578034d77f9a536?s=96&d=mm&r=g\",\"url\":\"https:\/\/secure.gravatar.com\/avatar\/b6461a43893c24d5fc91efc433971ffec025c84c0341129f4578034d77f9a536?s=96&d=mm&r=g\",\"contentUrl\":\"https:\/\/secure.gravatar.com\/avatar\/b6461a43893c24d5fc91efc433971ffec025c84c0341129f4578034d77f9a536?s=96&d=mm&r=g\",\"caption\":\"Herbert Almeida\"},\"url\":\"https:\/\/www.estrategiaconcursos.com.br\/blog\/author\/herbertestrategiaconcursos-com-br\/\"}]}<\/script>\n<!-- \/ Yoast SEO Premium plugin. -->","yoast_head_json":{"title":"Concurso ISS Governador Valadares: plano de estudos do B\u00e1sico ao Avan\u00e7ado","robots":{"index":"index","follow":"follow","max-snippet":"max-snippet:-1","max-image-preview":"max-image-preview:large","max-video-preview":"max-video-preview:-1"},"canonical":"https:\/\/www.estrategiaconcursos.com.br\/blog\/concurso-iss-governador-valadares-plano-de-estudos\/","og_locale":"pt_BR","og_type":"article","og_title":"Concurso ISS Governador Valadares: plano de estudos do B\u00e1sico ao Avan\u00e7ado","og_description":"Reforce a sua prepara\u00e7\u00e3o para garantir a t\u00e3o sonhada aprova\u00e7\u00e3o Ap\u00f3s a defini\u00e7\u00e3o da MSM Consultoria e Projetos como banca organizadora do pr\u00f3ximo concurso p\u00fablico do ISS Governador Valadares, o \u00f3rg\u00e3o se prepara para a divulga\u00e7\u00e3o do edital. Vale ressaltar que o documento ofertar\u00e1 926 vagas para cargos de n\u00edvel fundamental, m\u00e9dio e superior. Para [&hellip;]","og_url":"https:\/\/www.estrategiaconcursos.com.br\/blog\/concurso-iss-governador-valadares-plano-de-estudos\/","og_site_name":"Estrat\u00e9gia Concursos","article_published_time":"2019-09-04T12:41:28+00:00","article_modified_time":"2023-08-17T17:46:47+00:00","author":"Herbert Almeida","twitter_card":"summary_large_image","twitter_creator":"@EstratConcursos","twitter_site":"@EstratConcursos","twitter_misc":{"Escrito por":"Herbert Almeida","Est. tempo de leitura":"2 minutos"},"schema":{"@context":"https:\/\/schema.org","@graph":[{"@type":"NewsArticle","@id":"https:\/\/www.estrategiaconcursos.com.br\/blog\/concurso-iss-governador-valadares-plano-de-estudos\/#article","isPartOf":{"@id":"https:\/\/www.estrategiaconcursos.com.br\/blog\/concurso-iss-governador-valadares-plano-de-estudos\/"},"author":{"name":"Herbert Almeida","@id":"https:\/\/www.estrategiaconcursos.com.br\/blog\/#\/schema\/person\/59717c75350fa01aa0fd68a52a8d02e0"},"headline":"Concurso ISS Governador Valadares: plano de estudos do B\u00e1sico ao Avan\u00e7ado","datePublished":"2019-09-04T12:41:28+00:00","dateModified":"2023-08-17T17:46:47+00:00","mainEntityOfPage":{"@id":"https:\/\/www.estrategiaconcursos.com.br\/blog\/concurso-iss-governador-valadares-plano-de-estudos\/"},"wordCount":358,"commentCount":0,"publisher":{"@id":"https:\/\/www.estrategiaconcursos.com.br\/blog\/#organization"},"articleSection":["Concursos P\u00fablicos"],"inLanguage":"pt-BR","potentialAction":[{"@type":"CommentAction","name":"Comment","target":["https:\/\/www.estrategiaconcursos.com.br\/blog\/concurso-iss-governador-valadares-plano-de-estudos\/#respond"]}],"copyrightYear":"2019","copyrightHolder":{"@id":"https:\/\/www.estrategiaconcursos.com.br\/blog\/#organization"}},{"@type":"WebPage","@id":"https:\/\/www.estrategiaconcursos.com.br\/blog\/concurso-iss-governador-valadares-plano-de-estudos\/","url":"https:\/\/www.estrategiaconcursos.com.br\/blog\/concurso-iss-governador-valadares-plano-de-estudos\/","name":"Concurso ISS Governador Valadares: plano de estudos do B\u00e1sico ao Avan\u00e7ado","isPartOf":{"@id":"https:\/\/www.estrategiaconcursos.com.br\/blog\/#website"},"datePublished":"2019-09-04T12:41:28+00:00","dateModified":"2023-08-17T17:46:47+00:00","breadcrumb":{"@id":"https:\/\/www.estrategiaconcursos.com.br\/blog\/concurso-iss-governador-valadares-plano-de-estudos\/#breadcrumb"},"inLanguage":"pt-BR","potentialAction":[{"@type":"ReadAction","target":["https:\/\/www.estrategiaconcursos.com.br\/blog\/concurso-iss-governador-valadares-plano-de-estudos\/"]}]},{"@type":"BreadcrumbList","@id":"https:\/\/www.estrategiaconcursos.com.br\/blog\/concurso-iss-governador-valadares-plano-de-estudos\/#breadcrumb","itemListElement":[{"@type":"ListItem","position":1,"name":"In\u00edcio","item":"https:\/\/www.estrategiaconcursos.com.br\/blog\/"},{"@type":"ListItem","position":2,"name":"Concurso ISS Governador Valadares: plano de estudos do B\u00e1sico ao Avan\u00e7ado"}]},{"@type":"WebSite","@id":"https:\/\/www.estrategiaconcursos.com.br\/blog\/#website","url":"https:\/\/www.estrategiaconcursos.com.br\/blog\/","name":"Estrat\u00e9gia Concursos","description":"O blog da Estrat\u00e9gia Concursos traz not\u00edcias sobre concursos e artigos de professores oferecendo cursos para concursos (pdf + videaulas) no site.","publisher":{"@id":"https:\/\/www.estrategiaconcursos.com.br\/blog\/#organization"},"potentialAction":[{"@type":"SearchAction","target":{"@type":"EntryPoint","urlTemplate":"https:\/\/www.estrategiaconcursos.com.br\/blog\/?s={search_term_string}"},"query-input":{"@type":"PropertyValueSpecification","valueRequired":true,"valueName":"search_term_string"}}],"inLanguage":"pt-BR"},{"@type":"Organization","@id":"https:\/\/www.estrategiaconcursos.com.br\/blog\/#organization","name":"Estrat\u00e9gia Concursos","url":"https:\/\/www.estrategiaconcursos.com.br\/blog\/","logo":{"@type":"ImageObject","inLanguage":"pt-BR","@id":"https:\/\/www.estrategiaconcursos.com.br\/blog\/#\/schema\/logo\/image\/","url":"https:\/\/dhg1h5j42swfq.cloudfront.net\/2025\/06\/03203428\/logo_concursos-1.jpg","contentUrl":"https:\/\/dhg1h5j42swfq.cloudfront.net\/2025\/06\/03203428\/logo_concursos-1.jpg","width":230,"height":60,"caption":"Estrat\u00e9gia Concursos"},"image":{"@id":"https:\/\/www.estrategiaconcursos.com.br\/blog\/#\/schema\/logo\/image\/"},"sameAs":["https:\/\/x.com\/EstratConcursos"]},{"@type":"Person","@id":"https:\/\/www.estrategiaconcursos.com.br\/blog\/#\/schema\/person\/59717c75350fa01aa0fd68a52a8d02e0","name":"Herbert Almeida","image":{"@type":"ImageObject","inLanguage":"pt-BR","@id":"https:\/\/secure.gravatar.com\/avatar\/b6461a43893c24d5fc91efc433971ffec025c84c0341129f4578034d77f9a536?s=96&d=mm&r=g","url":"https:\/\/secure.gravatar.com\/avatar\/b6461a43893c24d5fc91efc433971ffec025c84c0341129f4578034d77f9a536?s=96&d=mm&r=g","contentUrl":"https:\/\/secure.gravatar.com\/avatar\/b6461a43893c24d5fc91efc433971ffec025c84c0341129f4578034d77f9a536?s=96&d=mm&r=g","caption":"Herbert Almeida"},"url":"https:\/\/www.estrategiaconcursos.com.br\/blog\/author\/herbertestrategiaconcursos-com-br\/"}]}},"_links":{"self":[{"href":"https:\/\/www.estrategiaconcursos.com.br\/blog\/wp-json\/wp\/v2\/posts\/416282","targetHints":{"allow":["GET"]}}],"collection":[{"href":"https:\/\/www.estrategiaconcursos.com.br\/blog\/wp-json\/wp\/v2\/posts"}],"about":[{"href":"https:\/\/www.estrategiaconcursos.com.br\/blog\/wp-json\/wp\/v2\/types\/post"}],"author":[{"embeddable":true,"href":"https:\/\/www.estrategiaconcursos.com.br\/blog\/wp-json\/wp\/v2\/users\/129"}],"replies":[{"embeddable":true,"href":"https:\/\/www.estrategiaconcursos.com.br\/blog\/wp-json\/wp\/v2\/comments?post=416282"}],"version-history":[{"count":2,"href":"https:\/\/www.estrategiaconcursos.com.br\/blog\/wp-json\/wp\/v2\/posts\/416282\/revisions"}],"predecessor-version":[{"id":1265915,"href":"https:\/\/www.estrategiaconcursos.com.br\/blog\/wp-json\/wp\/v2\/posts\/416282\/revisions\/1265915"}],"wp:attachment":[{"href":"https:\/\/www.estrategiaconcursos.com.br\/blog\/wp-json\/wp\/v2\/media?parent=416282"}],"wp:term":[{"taxonomy":"category","embeddable":true,"href":"https:\/\/www.estrategiaconcursos.com.br\/blog\/wp-json\/wp\/v2\/categories?post=416282"},{"taxonomy":"post_tag","embeddable":true,"href":"https:\/\/www.estrategiaconcursos.com.br\/blog\/wp-json\/wp\/v2\/tags?post=416282"},{"taxonomy":"tax_estado","embeddable":true,"href":"https:\/\/www.estrategiaconcursos.com.br\/blog\/wp-json\/wp\/v2\/tax_estado?post=416282"}],"curies":[{"name":"wp","href":"https:\/\/api.w.org\/{rel}","templated":true}]}}