{"id":416262,"date":"2019-09-04T09:05:34","date_gmt":"2019-09-04T12:05:34","guid":{"rendered":"https:\/\/www.estrategiaconcursos.com.br\/blog\/?p=416262"},"modified":"2019-09-04T09:22:04","modified_gmt":"2019-09-04T12:22:04","slug":"concurso-cro-ac-prova-objetiva-e-discursiva","status":"publish","type":"post","link":"https:\/\/www.estrategiaconcursos.com.br\/blog\/concurso-cro-ac-prova-objetiva-e-discursiva\/","title":{"rendered":"Concurso CRO AC: candidatos s\u00e3o convocados para realiza\u00e7\u00e3o das provas"},"content":{"rendered":"\n<p>O Conselho Regional de Odontologia publicou nesta quarta-feira, 04 de setembro, o edital de convoca\u00e7\u00e3o dos candidatos para as <strong><em>provas objetiva e discursiva no dia 08 de setembro, no per\u00edodo da tarde<\/em><\/strong>. <\/p>\n\n\n\n<p> Vale lembrar, que o concurso CRO AC oferta&nbsp;<strong>3 vagas imediatas&nbsp;<\/strong>e&nbsp;<strong>227 em cadastro de reserva<\/strong> para cargos de n\u00edvel fundamental, m\u00e9dio, m\u00e9dio\/t\u00e9cnico e superior. <\/p>\n\n\n\n<p>O cargo de n\u00edvel fundamental vai realizar somente uma prova objetiva. J\u00e1 os demais cargos\/escolaridade, tamb\u00e9m v\u00e3o realizar uma prova discursiva, ambas as etapas de car\u00e1ter eliminat\u00f3rio e classificat\u00f3rio. <\/p>\n\n\n\n<h4 class=\"wp-block-heading\"><strong><em>N\u00edvel fundamental:<\/em><\/strong><\/h4>\n\n\n\n<p>Prova objetiva: 120 quest\u00f5es de conhecimentos gerais<\/p>\n\n\n\n<p>CONHECIMENTOS GERAIS:<\/p>\n\n\n\n<ul class=\"wp-block-list\"><li>L\u00edngua Portuguesa<\/li><li>Matem\u00e1tica<\/li><li>Atualidades<\/li><\/ul>\n\n\n\n<h4 class=\"wp-block-heading\"><strong><em>N\u00edvel m\u00e9dio, m\u00e9dio\/t\u00e9cnico e superior:<\/em><\/strong><\/h4>\n\n\n\n<ul class=\"wp-block-list\"><li>Prova objetiva: 40 quest\u00f5es de conhecimentos gerais<\/li><li>Prova objetiva: 30 quest\u00f5es de conhecimentos complementares<\/li><li>Prova objetiva: 50 quest\u00f5es de conhecimentos espec\u00edficos<\/li><li>Prova discursiva<\/li><\/ul>\n\n\n\n<p>CONHECIMENTOS GERAIS:<\/p>\n\n\n\n<ul class=\"wp-block-list\"><li>L\u00edngua Portuguesa<\/li><li>No\u00e7\u00f5es de Inform\u00e1tica (exceto para T\u00e9cnico em T.I.)<\/li><li>L\u00edngua Inglesa (somente para T\u00e9cnico em T.I.)<\/li><li>Racioc\u00ednio L\u00f3gico e Matem\u00e1tico<\/li><li>Atualidade<\/li><\/ul>\n\n\n\n<p><em>Quer saber mais sobre o certame? Clique no link abaixo e fique por dentro de tudo!<\/em><\/p>\n\n\n\n<p style=\"font-size:23px;text-align:center\" class=\"has-background has-pale-cyan-blue-background-color\"><strong><em>Mais informa\u00e7\u00f5es: <\/em><\/strong><a href=\"https:\/\/www.estrategiaconcursos.com.br\/blog\/concurso-cro-ac\/\"><strong><em>Concurso CRO AC<\/em><\/strong><\/a><\/p>\n\n\n\n<p style=\"text-align:center\"><strong><em>Quer estudar para Concurso CRO AC?<\/em><\/strong><\/p>\n\n\n\n<p style=\"text-align:center\"><em><strong>Gostou desta oportunidade e deseja come\u00e7ar se preparar agora mesmo? Ent\u00e3o, confira os nossos cursos e comece a estudar para&nbsp;<\/strong><\/em><br \/><em><strong>CRO AC:<\/strong><\/em><\/p>\n\n\n\n<p style=\"font-size:23px;text-align:center\" class=\"has-background has-luminous-vivid-amber-background-color\"><strong><a href=\"https:\/\/www.estrategiaconcursos.com.br\/cursosPorConcurso\/conselho-regional-de-odontologia-do-acre-cro-ac\/\" target=\"_blank\" rel=\"noreferrer noopener\">CURSO CRO AC<\/a><\/strong><\/p>\n\n\n\n<p style=\"text-align:center\"><em><strong>Assinatura Anual Ilimitada*<\/strong><\/em><\/p>\n\n\n\n<p style=\"text-align:center\"><em>Prepare-se com o melhor material e com quem mais aprova em Concursos P\u00fablicos em todo o pa\u00eds. Assine agora a nossa Assinatura Anual e tenha acesso ilimitado* a todos os nossos cursos.<\/em><\/p>\n\n\n\n<p style=\"font-size:25px;text-align:center\" class=\"has-background has-light-green-cyan-background-color\"><strong>ASSINE AGORA<\/strong>&nbsp;\u2013&nbsp;<a rel=\"noreferrer noopener\" href=\"https:\/\/www.estrategiaconcursos.com.br\/assinaturas\" target=\"_blank\"><strong>Assinatura Ilimitada<\/strong><\/a><\/p>\n\n\n\n<p style=\"font-size:23px;text-align:center\" class=\"has-background has-pale-cyan-blue-background-color\"><strong><a href=\"https:\/\/www.estrategiaconcursos.com.br\/blog\/concursos-abertos\/\">CONCURSOS ABERTOS<\/a><\/strong><\/p>\n\n\n\n<p style=\"font-size:23px;text-align:center\" class=\"has-background has-pale-cyan-blue-background-color\"><a href=\"https:\/\/www.estrategiaconcursos.com.br\/blog\/concursos-2019\/\"><strong>CONCURSOS 2019<\/strong><\/a><\/p>\n\n\n\n<p style=\"font-size:23px;text-align:center\" class=\"has-background has-pale-cyan-blue-background-color\"><a href=\"https:\/\/www.estrategiaconcursos.com.br\/blog\/concursos-2020\/\"><strong>CONCURSOS 2020<\/strong><\/a><\/p>\n","protected":false},"excerpt":{"rendered":"<p>O Conselho Regional de Odontologia publicou nesta quarta-feira, 04 de setembro, o edital de convoca\u00e7\u00e3o dos candidatos para as provas objetiva e discursiva no dia 08 de setembro, no per\u00edodo da tarde. Vale lembrar, que o concurso CRO AC oferta&nbsp;3 vagas imediatas&nbsp;e&nbsp;227 em cadastro de reserva para cargos de n\u00edvel fundamental, m\u00e9dio, m\u00e9dio\/t\u00e9cnico e superior. [&hellip;]<\/p>\n","protected":false},"author":741,"featured_media":392642,"comment_status":"open","ping_status":"closed","sticky":false,"template":"","format":"standard","meta":{"post_tipo":"article","footnotes":""},"categories":[1],"tags":[],"tax_estado":[],"class_list":["post-416262","post","type-post","status-publish","format-standard","has-post-thumbnail","hentry","category-cursos-e-concursos"],"acf":[],"yoast_head":"<!-- This site is optimized with the Yoast SEO Premium plugin v27.2 (Yoast SEO v27.2) - https:\/\/yoast.com\/product\/yoast-seo-premium-wordpress\/ -->\n<title>Concurso CRO AC: candidatos s\u00e3o convocados para realiza\u00e7\u00e3o das provas<\/title>\n<meta name=\"robots\" content=\"index, follow, max-snippet:-1, max-image-preview:large, max-video-preview:-1\" \/>\n<link rel=\"canonical\" href=\"https:\/\/www.estrategiaconcursos.com.br\/blog\/concurso-cro-ac-prova-objetiva-e-discursiva\/\" \/>\n<meta property=\"og:locale\" content=\"pt_BR\" \/>\n<meta property=\"og:type\" content=\"article\" \/>\n<meta property=\"og:title\" content=\"Concurso CRO AC: candidatos s\u00e3o convocados para realiza\u00e7\u00e3o das provas\" \/>\n<meta property=\"og:description\" content=\"O Conselho Regional de Odontologia publicou nesta quarta-feira, 04 de setembro, o edital de convoca\u00e7\u00e3o dos candidatos para as provas objetiva e discursiva no dia 08 de setembro, no per\u00edodo da tarde. Vale lembrar, que o concurso CRO AC oferta&nbsp;3 vagas imediatas&nbsp;e&nbsp;227 em cadastro de reserva para cargos de n\u00edvel fundamental, m\u00e9dio, m\u00e9dio\/t\u00e9cnico e superior. [&hellip;]\" \/>\n<meta property=\"og:url\" content=\"https:\/\/www.estrategiaconcursos.com.br\/blog\/concurso-cro-ac-prova-objetiva-e-discursiva\/\" \/>\n<meta property=\"og:site_name\" content=\"Estrat\u00e9gia Concursos\" \/>\n<meta property=\"article:published_time\" content=\"2019-09-04T12:05:34+00:00\" \/>\n<meta property=\"article:modified_time\" content=\"2019-09-04T12:22:04+00:00\" \/>\n<meta property=\"og:image\" content=\"https:\/\/dhg1h5j42swfq.cloudfront.net\/2019\/06\/28084103\/CRO-AC-e1561722078458.jpg\" \/>\n\t<meta property=\"og:image:width\" content=\"400\" \/>\n\t<meta property=\"og:image:height\" content=\"209\" \/>\n\t<meta property=\"og:image:type\" content=\"image\/jpeg\" \/>\n<meta name=\"author\" content=\"Brunno Lima\" \/>\n<meta name=\"twitter:card\" content=\"summary_large_image\" \/>\n<meta name=\"twitter:creator\" content=\"@EstratConcursos\" \/>\n<meta name=\"twitter:site\" content=\"@EstratConcursos\" \/>\n<meta name=\"twitter:label1\" content=\"Escrito por\" \/>\n\t<meta name=\"twitter:data1\" content=\"Brunno Lima\" \/>\n\t<meta name=\"twitter:label2\" content=\"Est. tempo de leitura\" \/>\n\t<meta name=\"twitter:data2\" content=\"1 minuto\" \/>\n<script type=\"application\/ld+json\" class=\"yoast-schema-graph\">{\"@context\":\"https:\/\/schema.org\",\"@graph\":[{\"@type\":\"NewsArticle\",\"@id\":\"https:\/\/www.estrategiaconcursos.com.br\/blog\/concurso-cro-ac-prova-objetiva-e-discursiva\/#article\",\"isPartOf\":{\"@id\":\"https:\/\/www.estrategiaconcursos.com.br\/blog\/concurso-cro-ac-prova-objetiva-e-discursiva\/\"},\"author\":{\"name\":\"Brunno Lima\",\"@id\":\"https:\/\/www.estrategiaconcursos.com.br\/blog\/#\/schema\/person\/2865ec132c3404c9912015dd7a24eb1e\"},\"headline\":\"Concurso CRO AC: candidatos s\u00e3o convocados para realiza\u00e7\u00e3o das provas\",\"datePublished\":\"2019-09-04T12:05:34+00:00\",\"dateModified\":\"2019-09-04T12:22:04+00:00\",\"mainEntityOfPage\":{\"@id\":\"https:\/\/www.estrategiaconcursos.com.br\/blog\/concurso-cro-ac-prova-objetiva-e-discursiva\/\"},\"wordCount\":302,\"commentCount\":0,\"publisher\":{\"@id\":\"https:\/\/www.estrategiaconcursos.com.br\/blog\/#organization\"},\"image\":{\"@id\":\"https:\/\/www.estrategiaconcursos.com.br\/blog\/concurso-cro-ac-prova-objetiva-e-discursiva\/#primaryimage\"},\"thumbnailUrl\":\"https:\/\/dhg1h5j42swfq.cloudfront.net\/2019\/06\/28084103\/CRO-AC-e1561722078458.jpg\",\"articleSection\":[\"Concursos P\u00fablicos\"],\"inLanguage\":\"pt-BR\",\"potentialAction\":[{\"@type\":\"CommentAction\",\"name\":\"Comment\",\"target\":[\"https:\/\/www.estrategiaconcursos.com.br\/blog\/concurso-cro-ac-prova-objetiva-e-discursiva\/#respond\"]}],\"copyrightYear\":\"2019\",\"copyrightHolder\":{\"@id\":\"https:\/\/www.estrategiaconcursos.com.br\/blog\/#organization\"}},{\"@type\":\"WebPage\",\"@id\":\"https:\/\/www.estrategiaconcursos.com.br\/blog\/concurso-cro-ac-prova-objetiva-e-discursiva\/\",\"url\":\"https:\/\/www.estrategiaconcursos.com.br\/blog\/concurso-cro-ac-prova-objetiva-e-discursiva\/\",\"name\":\"Concurso CRO AC: candidatos s\u00e3o convocados para realiza\u00e7\u00e3o das provas\",\"isPartOf\":{\"@id\":\"https:\/\/www.estrategiaconcursos.com.br\/blog\/#website\"},\"primaryImageOfPage\":{\"@id\":\"https:\/\/www.estrategiaconcursos.com.br\/blog\/concurso-cro-ac-prova-objetiva-e-discursiva\/#primaryimage\"},\"image\":{\"@id\":\"https:\/\/www.estrategiaconcursos.com.br\/blog\/concurso-cro-ac-prova-objetiva-e-discursiva\/#primaryimage\"},\"thumbnailUrl\":\"https:\/\/dhg1h5j42swfq.cloudfront.net\/2019\/06\/28084103\/CRO-AC-e1561722078458.jpg\",\"datePublished\":\"2019-09-04T12:05:34+00:00\",\"dateModified\":\"2019-09-04T12:22:04+00:00\",\"breadcrumb\":{\"@id\":\"https:\/\/www.estrategiaconcursos.com.br\/blog\/concurso-cro-ac-prova-objetiva-e-discursiva\/#breadcrumb\"},\"inLanguage\":\"pt-BR\",\"potentialAction\":[{\"@type\":\"ReadAction\",\"target\":[\"https:\/\/www.estrategiaconcursos.com.br\/blog\/concurso-cro-ac-prova-objetiva-e-discursiva\/\"]}]},{\"@type\":\"ImageObject\",\"inLanguage\":\"pt-BR\",\"@id\":\"https:\/\/www.estrategiaconcursos.com.br\/blog\/concurso-cro-ac-prova-objetiva-e-discursiva\/#primaryimage\",\"url\":\"https:\/\/dhg1h5j42swfq.cloudfront.net\/2019\/06\/28084103\/CRO-AC-e1561722078458.jpg\",\"contentUrl\":\"https:\/\/dhg1h5j42swfq.cloudfront.net\/2019\/06\/28084103\/CRO-AC-e1561722078458.jpg\",\"width\":400,\"height\":209,\"caption\":\"Concurso CRO AC\"},{\"@type\":\"BreadcrumbList\",\"@id\":\"https:\/\/www.estrategiaconcursos.com.br\/blog\/concurso-cro-ac-prova-objetiva-e-discursiva\/#breadcrumb\",\"itemListElement\":[{\"@type\":\"ListItem\",\"position\":1,\"name\":\"In\u00edcio\",\"item\":\"https:\/\/www.estrategiaconcursos.com.br\/blog\/\"},{\"@type\":\"ListItem\",\"position\":2,\"name\":\"Concurso CRO AC: candidatos s\u00e3o convocados para realiza\u00e7\u00e3o das provas\"}]},{\"@type\":\"WebSite\",\"@id\":\"https:\/\/www.estrategiaconcursos.com.br\/blog\/#website\",\"url\":\"https:\/\/www.estrategiaconcursos.com.br\/blog\/\",\"name\":\"Estrat\u00e9gia Concursos\",\"description\":\"O blog da Estrat\u00e9gia Concursos traz not\u00edcias sobre concursos e artigos de professores oferecendo cursos para concursos (pdf + videaulas) no site.\",\"publisher\":{\"@id\":\"https:\/\/www.estrategiaconcursos.com.br\/blog\/#organization\"},\"potentialAction\":[{\"@type\":\"SearchAction\",\"target\":{\"@type\":\"EntryPoint\",\"urlTemplate\":\"https:\/\/www.estrategiaconcursos.com.br\/blog\/?s={search_term_string}\"},\"query-input\":{\"@type\":\"PropertyValueSpecification\",\"valueRequired\":true,\"valueName\":\"search_term_string\"}}],\"inLanguage\":\"pt-BR\"},{\"@type\":\"Organization\",\"@id\":\"https:\/\/www.estrategiaconcursos.com.br\/blog\/#organization\",\"name\":\"Estrat\u00e9gia Concursos\",\"url\":\"https:\/\/www.estrategiaconcursos.com.br\/blog\/\",\"logo\":{\"@type\":\"ImageObject\",\"inLanguage\":\"pt-BR\",\"@id\":\"https:\/\/www.estrategiaconcursos.com.br\/blog\/#\/schema\/logo\/image\/\",\"url\":\"https:\/\/dhg1h5j42swfq.cloudfront.net\/2025\/06\/03203428\/logo_concursos-1.jpg\",\"contentUrl\":\"https:\/\/dhg1h5j42swfq.cloudfront.net\/2025\/06\/03203428\/logo_concursos-1.jpg\",\"width\":230,\"height\":60,\"caption\":\"Estrat\u00e9gia Concursos\"},\"image\":{\"@id\":\"https:\/\/www.estrategiaconcursos.com.br\/blog\/#\/schema\/logo\/image\/\"},\"sameAs\":[\"https:\/\/x.com\/EstratConcursos\"]},{\"@type\":\"Person\",\"@id\":\"https:\/\/www.estrategiaconcursos.com.br\/blog\/#\/schema\/person\/2865ec132c3404c9912015dd7a24eb1e\",\"name\":\"Brunno Lima\",\"image\":{\"@type\":\"ImageObject\",\"inLanguage\":\"pt-BR\",\"@id\":\"https:\/\/secure.gravatar.com\/avatar\/d40b472e5e2856222d4a4a1c3ee2189ed7d7a9f67dc3343b880cc1889a7bd6af?s=96&d=mm&r=g\",\"url\":\"https:\/\/secure.gravatar.com\/avatar\/d40b472e5e2856222d4a4a1c3ee2189ed7d7a9f67dc3343b880cc1889a7bd6af?s=96&d=mm&r=g\",\"contentUrl\":\"https:\/\/secure.gravatar.com\/avatar\/d40b472e5e2856222d4a4a1c3ee2189ed7d7a9f67dc3343b880cc1889a7bd6af?s=96&d=mm&r=g\",\"caption\":\"Brunno Lima\"},\"url\":\"https:\/\/www.estrategiaconcursos.com.br\/blog\/author\/brunnoestrategiaconcursos-com-br\/\"}]}<\/script>\n<!-- \/ Yoast SEO Premium plugin. -->","yoast_head_json":{"title":"Concurso CRO AC: candidatos s\u00e3o convocados para realiza\u00e7\u00e3o das provas","robots":{"index":"index","follow":"follow","max-snippet":"max-snippet:-1","max-image-preview":"max-image-preview:large","max-video-preview":"max-video-preview:-1"},"canonical":"https:\/\/www.estrategiaconcursos.com.br\/blog\/concurso-cro-ac-prova-objetiva-e-discursiva\/","og_locale":"pt_BR","og_type":"article","og_title":"Concurso CRO AC: candidatos s\u00e3o convocados para realiza\u00e7\u00e3o das provas","og_description":"O Conselho Regional de Odontologia publicou nesta quarta-feira, 04 de setembro, o edital de convoca\u00e7\u00e3o dos candidatos para as provas objetiva e discursiva no dia 08 de setembro, no per\u00edodo da tarde. Vale lembrar, que o concurso CRO AC oferta&nbsp;3 vagas imediatas&nbsp;e&nbsp;227 em cadastro de reserva para cargos de n\u00edvel fundamental, m\u00e9dio, m\u00e9dio\/t\u00e9cnico e superior. [&hellip;]","og_url":"https:\/\/www.estrategiaconcursos.com.br\/blog\/concurso-cro-ac-prova-objetiva-e-discursiva\/","og_site_name":"Estrat\u00e9gia Concursos","article_published_time":"2019-09-04T12:05:34+00:00","article_modified_time":"2019-09-04T12:22:04+00:00","og_image":[{"width":400,"height":209,"url":"https:\/\/dhg1h5j42swfq.cloudfront.net\/2019\/06\/28084103\/CRO-AC-e1561722078458.jpg","type":"image\/jpeg"}],"author":"Brunno Lima","twitter_card":"summary_large_image","twitter_creator":"@EstratConcursos","twitter_site":"@EstratConcursos","twitter_misc":{"Escrito por":"Brunno Lima","Est. tempo de leitura":"1 minuto"},"schema":{"@context":"https:\/\/schema.org","@graph":[{"@type":"NewsArticle","@id":"https:\/\/www.estrategiaconcursos.com.br\/blog\/concurso-cro-ac-prova-objetiva-e-discursiva\/#article","isPartOf":{"@id":"https:\/\/www.estrategiaconcursos.com.br\/blog\/concurso-cro-ac-prova-objetiva-e-discursiva\/"},"author":{"name":"Brunno Lima","@id":"https:\/\/www.estrategiaconcursos.com.br\/blog\/#\/schema\/person\/2865ec132c3404c9912015dd7a24eb1e"},"headline":"Concurso CRO AC: candidatos s\u00e3o convocados para realiza\u00e7\u00e3o das provas","datePublished":"2019-09-04T12:05:34+00:00","dateModified":"2019-09-04T12:22:04+00:00","mainEntityOfPage":{"@id":"https:\/\/www.estrategiaconcursos.com.br\/blog\/concurso-cro-ac-prova-objetiva-e-discursiva\/"},"wordCount":302,"commentCount":0,"publisher":{"@id":"https:\/\/www.estrategiaconcursos.com.br\/blog\/#organization"},"image":{"@id":"https:\/\/www.estrategiaconcursos.com.br\/blog\/concurso-cro-ac-prova-objetiva-e-discursiva\/#primaryimage"},"thumbnailUrl":"https:\/\/dhg1h5j42swfq.cloudfront.net\/2019\/06\/28084103\/CRO-AC-e1561722078458.jpg","articleSection":["Concursos P\u00fablicos"],"inLanguage":"pt-BR","potentialAction":[{"@type":"CommentAction","name":"Comment","target":["https:\/\/www.estrategiaconcursos.com.br\/blog\/concurso-cro-ac-prova-objetiva-e-discursiva\/#respond"]}],"copyrightYear":"2019","copyrightHolder":{"@id":"https:\/\/www.estrategiaconcursos.com.br\/blog\/#organization"}},{"@type":"WebPage","@id":"https:\/\/www.estrategiaconcursos.com.br\/blog\/concurso-cro-ac-prova-objetiva-e-discursiva\/","url":"https:\/\/www.estrategiaconcursos.com.br\/blog\/concurso-cro-ac-prova-objetiva-e-discursiva\/","name":"Concurso CRO AC: candidatos s\u00e3o convocados para realiza\u00e7\u00e3o das provas","isPartOf":{"@id":"https:\/\/www.estrategiaconcursos.com.br\/blog\/#website"},"primaryImageOfPage":{"@id":"https:\/\/www.estrategiaconcursos.com.br\/blog\/concurso-cro-ac-prova-objetiva-e-discursiva\/#primaryimage"},"image":{"@id":"https:\/\/www.estrategiaconcursos.com.br\/blog\/concurso-cro-ac-prova-objetiva-e-discursiva\/#primaryimage"},"thumbnailUrl":"https:\/\/dhg1h5j42swfq.cloudfront.net\/2019\/06\/28084103\/CRO-AC-e1561722078458.jpg","datePublished":"2019-09-04T12:05:34+00:00","dateModified":"2019-09-04T12:22:04+00:00","breadcrumb":{"@id":"https:\/\/www.estrategiaconcursos.com.br\/blog\/concurso-cro-ac-prova-objetiva-e-discursiva\/#breadcrumb"},"inLanguage":"pt-BR","potentialAction":[{"@type":"ReadAction","target":["https:\/\/www.estrategiaconcursos.com.br\/blog\/concurso-cro-ac-prova-objetiva-e-discursiva\/"]}]},{"@type":"ImageObject","inLanguage":"pt-BR","@id":"https:\/\/www.estrategiaconcursos.com.br\/blog\/concurso-cro-ac-prova-objetiva-e-discursiva\/#primaryimage","url":"https:\/\/dhg1h5j42swfq.cloudfront.net\/2019\/06\/28084103\/CRO-AC-e1561722078458.jpg","contentUrl":"https:\/\/dhg1h5j42swfq.cloudfront.net\/2019\/06\/28084103\/CRO-AC-e1561722078458.jpg","width":400,"height":209,"caption":"Concurso CRO AC"},{"@type":"BreadcrumbList","@id":"https:\/\/www.estrategiaconcursos.com.br\/blog\/concurso-cro-ac-prova-objetiva-e-discursiva\/#breadcrumb","itemListElement":[{"@type":"ListItem","position":1,"name":"In\u00edcio","item":"https:\/\/www.estrategiaconcursos.com.br\/blog\/"},{"@type":"ListItem","position":2,"name":"Concurso CRO AC: candidatos s\u00e3o convocados para realiza\u00e7\u00e3o das provas"}]},{"@type":"WebSite","@id":"https:\/\/www.estrategiaconcursos.com.br\/blog\/#website","url":"https:\/\/www.estrategiaconcursos.com.br\/blog\/","name":"Estrat\u00e9gia Concursos","description":"O blog da Estrat\u00e9gia Concursos traz not\u00edcias sobre concursos e artigos de professores oferecendo cursos para concursos (pdf + videaulas) no site.","publisher":{"@id":"https:\/\/www.estrategiaconcursos.com.br\/blog\/#organization"},"potentialAction":[{"@type":"SearchAction","target":{"@type":"EntryPoint","urlTemplate":"https:\/\/www.estrategiaconcursos.com.br\/blog\/?s={search_term_string}"},"query-input":{"@type":"PropertyValueSpecification","valueRequired":true,"valueName":"search_term_string"}}],"inLanguage":"pt-BR"},{"@type":"Organization","@id":"https:\/\/www.estrategiaconcursos.com.br\/blog\/#organization","name":"Estrat\u00e9gia Concursos","url":"https:\/\/www.estrategiaconcursos.com.br\/blog\/","logo":{"@type":"ImageObject","inLanguage":"pt-BR","@id":"https:\/\/www.estrategiaconcursos.com.br\/blog\/#\/schema\/logo\/image\/","url":"https:\/\/dhg1h5j42swfq.cloudfront.net\/2025\/06\/03203428\/logo_concursos-1.jpg","contentUrl":"https:\/\/dhg1h5j42swfq.cloudfront.net\/2025\/06\/03203428\/logo_concursos-1.jpg","width":230,"height":60,"caption":"Estrat\u00e9gia Concursos"},"image":{"@id":"https:\/\/www.estrategiaconcursos.com.br\/blog\/#\/schema\/logo\/image\/"},"sameAs":["https:\/\/x.com\/EstratConcursos"]},{"@type":"Person","@id":"https:\/\/www.estrategiaconcursos.com.br\/blog\/#\/schema\/person\/2865ec132c3404c9912015dd7a24eb1e","name":"Brunno Lima","image":{"@type":"ImageObject","inLanguage":"pt-BR","@id":"https:\/\/secure.gravatar.com\/avatar\/d40b472e5e2856222d4a4a1c3ee2189ed7d7a9f67dc3343b880cc1889a7bd6af?s=96&d=mm&r=g","url":"https:\/\/secure.gravatar.com\/avatar\/d40b472e5e2856222d4a4a1c3ee2189ed7d7a9f67dc3343b880cc1889a7bd6af?s=96&d=mm&r=g","contentUrl":"https:\/\/secure.gravatar.com\/avatar\/d40b472e5e2856222d4a4a1c3ee2189ed7d7a9f67dc3343b880cc1889a7bd6af?s=96&d=mm&r=g","caption":"Brunno Lima"},"url":"https:\/\/www.estrategiaconcursos.com.br\/blog\/author\/brunnoestrategiaconcursos-com-br\/"}]}},"_links":{"self":[{"href":"https:\/\/www.estrategiaconcursos.com.br\/blog\/wp-json\/wp\/v2\/posts\/416262","targetHints":{"allow":["GET"]}}],"collection":[{"href":"https:\/\/www.estrategiaconcursos.com.br\/blog\/wp-json\/wp\/v2\/posts"}],"about":[{"href":"https:\/\/www.estrategiaconcursos.com.br\/blog\/wp-json\/wp\/v2\/types\/post"}],"author":[{"embeddable":true,"href":"https:\/\/www.estrategiaconcursos.com.br\/blog\/wp-json\/wp\/v2\/users\/741"}],"replies":[{"embeddable":true,"href":"https:\/\/www.estrategiaconcursos.com.br\/blog\/wp-json\/wp\/v2\/comments?post=416262"}],"version-history":[{"count":6,"href":"https:\/\/www.estrategiaconcursos.com.br\/blog\/wp-json\/wp\/v2\/posts\/416262\/revisions"}],"predecessor-version":[{"id":416295,"href":"https:\/\/www.estrategiaconcursos.com.br\/blog\/wp-json\/wp\/v2\/posts\/416262\/revisions\/416295"}],"wp:featuredmedia":[{"embeddable":true,"href":"https:\/\/www.estrategiaconcursos.com.br\/blog\/wp-json\/wp\/v2\/media\/392642"}],"wp:attachment":[{"href":"https:\/\/www.estrategiaconcursos.com.br\/blog\/wp-json\/wp\/v2\/media?parent=416262"}],"wp:term":[{"taxonomy":"category","embeddable":true,"href":"https:\/\/www.estrategiaconcursos.com.br\/blog\/wp-json\/wp\/v2\/categories?post=416262"},{"taxonomy":"post_tag","embeddable":true,"href":"https:\/\/www.estrategiaconcursos.com.br\/blog\/wp-json\/wp\/v2\/tags?post=416262"},{"taxonomy":"tax_estado","embeddable":true,"href":"https:\/\/www.estrategiaconcursos.com.br\/blog\/wp-json\/wp\/v2\/tax_estado?post=416262"}],"curies":[{"name":"wp","href":"https:\/\/api.w.org\/{rel}","templated":true}]}}