{"id":416220,"date":"2019-03-12T00:00:39","date_gmt":"2019-03-12T03:00:39","guid":{"rendered":"https:\/\/www.estrategiaconcursos.com.br\/blog\/?p=416220"},"modified":"2021-03-08T14:15:16","modified_gmt":"2021-03-08T17:15:16","slug":"edital-magistratura-rj","status":"publish","type":"post","link":"https:\/\/www.estrategiaconcursos.com.br\/blog\/edital-magistratura-rj\/","title":{"rendered":"Edital Magistratura RJ"},"content":{"rendered":"\n<h2 class=\"wp-block-heading\"><em>S\u00e3o ofertadas 50 vagas para Juiz Substituto<\/em><\/h2>\n\n\n\n<p>As provas escritas do concurso Magistratura RJ foram canceladas. A Desembargadora Leila Maria Rodrigues Pinto de Carvalho e Albuquerque,   Presidente da Comiss\u00e3o do concurso, decidiu por cancelar o exame devido ao avan\u00e7o do Coronav\u00edrus (COVID-19).<\/p>\n\n\n\n<p>O exame que seria realizado no dia 22 de mar\u00e7o de 2020, agora ser\u00e1 remarco e os candidatos saber\u00e3o a nova data com anteced\u00eancia. <\/p>\n\n\n\n<div class=\"wp-block-image\"><figure class=\"aligncenter size-large is-resized\"><img loading=\"lazy\" decoding=\"async\" src=\"https:\/\/dhg1h5j42swfq.cloudfront.net\/2020\/03\/14085720\/cancelamento-tj-rj.png\" alt=\"\" class=\"wp-image-492370\" width=\"495\" height=\"185\" srcset=\"https:\/\/dhg1h5j42swfq.cloudfront.net\/2020\/03\/14085720\/cancelamento-tj-rj.png 753w, https:\/\/dhg1h5j42swfq.cloudfront.net\/2020\/03\/14085720\/cancelamento-tj-rj-300x113.png 300w, https:\/\/dhg1h5j42swfq.cloudfront.net\/2020\/03\/14085720\/cancelamento-tj-rj-610x229.png 610w\" sizes=\"auto, (max-width: 495px) 100vw, 495px\" \/><\/figure><\/div>\n\n\n\n<p>Vale lembrar que a segunda etapa os candidatos iriam enfrentar&nbsp;<strong>dois tipos de prova<\/strong>: uma prova discursiva e outra&nbsp;<strong>pr\u00e1tica de senten\u00e7a<\/strong>.<\/p>\n\n\n\n<p>Na prova discursiva, os candidatos dever\u00e3o resolver 25 quest\u00f5es discursivas. J\u00e1 na pr\u00e1tica de senten\u00e7a, os candidatos precisar\u00e3o elaborar&nbsp;<strong>duas senten\u00e7as<\/strong>, uma de natureza&nbsp;<strong>c\u00edvel<\/strong>&nbsp;e outra&nbsp;<strong>criminal<\/strong>.<\/p>\n\n\n\n<p><strong><em>Confira abaixo a lista de candidatos convocados:<\/em><\/strong><\/p>\n\n\n\n<p style=\"background-color:#fff834;font-size:23px\" class=\"has-background has-text-align-center\"><a href=\"https:\/\/trello-attachments.s3.amazonaws.com\/5b58e1496cd37eb9a1dc29a2\/5e4d0d3a900377792533286a\/5f57745d281c421b581f7e9b74324b15\/Magistratura_RJ_-_Habilitados.pdf\"><strong>Lista de convocados para a prova escrita<\/strong><\/a><\/p>\n\n\n\n<p>O <strong>Tribunal de Justi\u00e7a do Rio de Janeiro <\/strong>divulgou tamb\u00e9m os gabaritos definitivos da primeira etapa do <strong>XLVIII Concurso da Magistratura<\/strong>, realizada em 15 de dezembro.<\/p>\n\n\n\n<p> De acordo com o documento divulgado, foram realizadas quatro vers\u00f5es de provas. A prova objetiva seletiva foi aplicada na cidade do Rio de Janeiro e foi composta por <strong>80 quest\u00f5es<\/strong> de m\u00faltipla escolha com cinco alternativas. <\/p>\n\n\n\n<p>Para ser aprovado, o candidato deve alcan\u00e7ar o aproveitamento m\u00ednimo de 60% no total da prova e 30% em cada um dos <strong>tr\u00eas blocos<\/strong> de disciplinas. Ser\u00e3o convocados para as provas escritas os candidatos classificados at\u00e9 a 300\u00aa posi\u00e7\u00e3o na lista de ampla concorr\u00eancia.<\/p>\n\n\n\n<p>O edital do concurso foi publicado em setembro de 2019 e oferta <strong>50 vagas imediatas<\/strong> para o cargo de Juiz Substituto, com remunera\u00e7\u00e3o inicial de R$ 30.404,42. Para ingressar na carreira \u00e9 necess\u00e1rio ser bacharel em Direito e comprovar o exerc\u00edcio tr\u00eas anos de atividade jur\u00eddica at\u00e9 a inscri\u00e7\u00e3o definitiva.<\/p>\n\n\n\n<p>Confira abaixo o gabarito definitivo da prova objetiva:<\/p>\n\n\n\n<p style=\"font-size:23px\" class=\"has-background has-text-align-center has-luminous-vivid-amber-background-color\"><a href=\"https:\/\/trello-attachments.s3.amazonaws.com\/5b58e1496cd37eb9a1dc29a2\/5e4145195056320476f5990d\/19a46ae46a3f64d5a63e0fb1c5e22f37\/Magistratura_RJ_-_Gabarito_definitivo_e_resultado_1_%C2%AA_fase.pdf\">Gabarito definitivo &#8211; Magistratura RJ<\/a><\/p>\n\n\n\n<h2 class=\"wp-block-heading\">Edital Magistratura RJ: vagas<\/h2>\n\n\n\n<p><\/p>\n\n\n\n<figure class=\"wp-block-table is-style-stripes\"><table class=\"has-subtle-pale-blue-background-color has-fixed-layout has-background\"><tbody><tr><td>Total<\/td><td>AC<\/td><td>PcD<\/td><td>Negros<\/td><td>Hipossuficientes<\/td><\/tr><tr><td>50<\/td><td>32<\/td><td>3<\/td><td>10<\/td><td>5<\/td><\/tr><\/tbody><\/table><\/figure>\n\n\n\n<p><\/p>\n\n\n\n<h2 class=\"wp-block-heading\">Edital Magistratura RJ: principais datas<\/h2>\n\n\n\n<p class=\"has-background has-very-light-gray-background-color\"><strong>Inscri\u00e7\u00e3o preliminar<\/strong>: <s>18\/09 a 25\/10\/19<\/s><br \/><strong>Isen\u00e7\u00e3o<\/strong>: <s>18 a 20\/09\/19<\/s><br \/><strong>Locais de prova<\/strong>: <s>26\/11\/19<\/s><br \/><strong>Prova objetiva<\/strong>: <s>15\/12\/19<\/s><\/p>\n\n\n\n<h2 class=\"wp-block-heading\">Edital Magistratura RJ: etapas do certame<\/h2>\n\n\n\n<ol class=\"wp-block-list\"><li>Inscri\u00e7\u00e3o preliminar<\/li><li>Prova objetiva seletiva (eliminat\u00f3ria e classificat\u00f3ria);<\/li><li>Provas escritas (eliminat\u00f3rias e classificat\u00f3rias);<\/li><li>Inscri\u00e7\u00e3o definitiva, sindic\u00e2ncia da vida pregressa e investiga\u00e7\u00e3o social, exames de sanidade f\u00edsica e mental, avalia\u00e7\u00e3o psicol\u00f3gica (eliminat\u00f3rias);<\/li><li>Prova oral (eliminat\u00f3ria e classificat\u00f3ria);<\/li><li>Avalia\u00e7\u00e3o de T\u00edtulos (classificat\u00f3ria).<\/li><\/ol>\n\n\n\n<h2 class=\"wp-block-heading\">Edital Magistratura RJ: requisitos do cargo<\/h2>\n\n\n\n<p>Para ingressar na carreira da Magistratura \u00e9 necess\u00e1rio ser <strong>bacharel em Direito<\/strong> e ter completado pelo menos <strong>tr\u00eas anos <\/strong>de exerc\u00edcio de <strong>atividade jur\u00eddica<\/strong>, completados at\u00e9 o tempo da inscri\u00e7\u00e3o definitiva (ap\u00f3s as provas escritas).<\/p>\n\n\n\n<h3 class=\"wp-block-heading\">Atividades aceitas (Resolu\u00e7\u00e3o 75\/09 CNJ):<\/h3>\n\n\n\n<ul class=\"wp-block-list\"><li>Atividade exercida com exclusividade por bacharel em Direito.<\/li><li>Exerc\u00edcio da advocacia, com participa\u00e7\u00e3o anual m\u00ednima de 5 atos privativos de advogado em causas ou quest\u00f5es distintas.<\/li><li>Exerc\u00edcio de cargos, empregos e fun\u00e7\u00f5es (inclusive magist\u00e9rio) que exigem o uso preponderante de conhecimento jur\u00eddico.<\/li><li>Exerc\u00edcio da fun\u00e7\u00e3o de conciliador junto ao Poder Judici\u00e1rio por no m\u00ednimo 16 horas mensais e durante 1 ano.<br \/>Exerc\u00edcio de media\u00e7\u00e3o ou de arbitragem na composi\u00e7\u00e3o de lit\u00edgios (16 horas, 1 ano).<\/li><\/ul>\n\n\n\n<p>Quer um guia completo sobre atividade jur\u00eddica em concursos p\u00fablicos?&nbsp;<a rel=\"noopener noreferrer\" href=\"https:\/\/www.estrategiaconcursos.com.br\/blog\/atividade-juridica-concursos-publicos\/\" target=\"_blank\">Clique aqui<\/a>.<\/p>\n\n\n\n<h3 class=\"wp-block-heading\" id=\"remuneracao\">Remunera\u00e7\u00e3o<\/h3>\n\n\n\n<figure class=\"wp-block-table is-style-stripes\"><table class=\"has-subtle-pale-blue-background-color has-fixed-layout has-background\"><tbody><tr><td><strong>Membros da Magistratura<\/strong><\/td><td><strong>Subs\u00eddio<\/strong><\/td><\/tr><tr><td>Desembargador<\/td><td>R$ 35.462,22<\/td><\/tr><tr><td>Juiz de Direito de Entr\u00e2ncia Especial<\/td><td>R$ 33.689,11<\/td><\/tr><tr><td>Juiz de Direito de Entr\u00e2ncia Comum<\/td><td>R$ 32.004,65<\/td><\/tr><tr><td>Juiz Substituto<\/td><td>R$ 30.404,42<\/td><\/tr><\/tbody><\/table><\/figure>\n\n\n\n<h2 class=\"wp-block-heading\">Edital Magistratura RJ: prova objetiva seletiva<\/h2>\n\n\n\n<p>Ser\u00e1 composta por 80 quest\u00f5es objetivas de m\u00faltipla escolha (1,25 ponto por quest\u00e3o) divididas em tr\u00eas blocos de disciplinas.<\/p>\n\n\n\n<p>Esta prova ter\u00e1 dura\u00e7\u00e3o m\u00e1xima de <strong>5 horas<\/strong>. Para ser aprovado \u00e9 necess\u00e1rio atingir o aproveitamento m\u00ednimo de <strong>60% no total da prova<\/strong> e <strong>30% por bloco de disciplina<\/strong>.<\/p>\n\n\n\n<p>Al\u00e9m disso, ser\u00e3o convocados para a pr\u00f3xima etapa os classificados dentro das seguintes coloca\u00e7\u00f5es:<\/p>\n\n\n\n<ul class=\"wp-block-list\"><li>Se o concurso tiver at\u00e9 1.500 inscritos: 200\u00aa posi\u00e7\u00e3o.<\/li><li>Se o concurso tiver mais que 1.500 inscritos: 300\u00aa posi\u00e7\u00e3o.<\/li><\/ul>\n\n\n\n<h3 class=\"wp-block-heading\">Blocos de disciplinas<\/h3>\n\n\n\n<h2 class=\"wp-block-heading\"><\/h2>\n\n\n\n<figure class=\"wp-block-table is-style-stripes\"><table class=\"has-subtle-pale-blue-background-color has-fixed-layout has-background\"><tbody><tr><td><b>Bloco I<\/b><\/td><td><b>Bloco II<\/b><\/td><td><b>Bloco III<\/b><\/td><\/tr><tr><td>Direito Civil<\/td><td>Direito Penal<\/td><td>Direito Administrativo<\/td><\/tr><tr><td>Processo Civil<\/td><td>Processo Penal<\/td><td>Direito Ambiental<\/td><\/tr><tr><td>Direito do Consumidor<\/td><td>Direito Eleitoral<\/td><td>Direito Tribut\u00e1rio<\/td><\/tr><tr><td>Direito da Crian\u00e7a e do Adolescente<\/td><td>Direito Constitucional<\/td><td>Direito Empresarial<\/td><\/tr><\/tbody><\/table><\/figure>\n\n\n\n<p><\/p>\n\n\n\n<h2 class=\"wp-block-heading\">Edital Magistratura RJ: provas escritas<\/h2>\n\n\n\n<h3 class=\"wp-block-heading\">Informa\u00e7\u00f5es b\u00e1sicas<\/h3>\n\n\n\n<p><strong>Dura\u00e7\u00e3o de cada prova<\/strong>: 5h.<\/p>\n\n\n\n<p><strong>Notas m\u00ednimas e m\u00e1ximas (por prova):<\/strong><\/p>\n\n\n\n<ul class=\"wp-block-list\"><li>Nota m\u00e1xima: 10 pontos.<\/li><li>Nota m\u00ednima: 6 pontos.<\/li><\/ul>\n\n\n\n<p><strong>Aplica\u00e7\u00e3o<\/strong>: em dias distintos.<\/p>\n\n\n\n<p><strong>Consulta<\/strong>: legisla\u00e7\u00e3o n\u00e3o anotada ou comentada.<\/p>\n\n\n\n<p><strong>Convocados para a pr\u00f3xima fase<\/strong>: candidatos que atingirem a nota m\u00ednima em cada uma das tr\u00eas provas.<\/p>\n\n\n\n<h3 class=\"wp-block-heading\">Prova discursiva<\/h3>\n\n\n\n<p>Esta prova consistir\u00e1 na resolu\u00e7\u00e3o de <strong>25 quest\u00f5es dissertativas<\/strong> (0,40 ponto cada) que versar\u00e3o sobre as disciplinas do programa (blocos I, II e III) esobre No\u00e7\u00f5es Gerais de Direito e Forma\u00e7\u00e3o Human\u00edstica.<\/p>\n\n\n\n<h3 class=\"wp-block-heading\">Prova pr\u00e1tica de senten\u00e7a<\/h3>\n\n\n\n<p>Esta prova consistir\u00e1 na lavratura de <strong>duas senten\u00e7as<\/strong>, realizadas em dias distintos, uma senten\u00e7a <strong>c\u00edvel<\/strong> e outra <strong>criminal<\/strong>.<\/p>\n\n\n\n<h2 class=\"wp-block-heading\">Edital Magistratura RJ: Prova oral<\/h2>\n\n\n\n<p>Na prova oral, os candidatos ser\u00e3o arguidos em <strong>sess\u00e3o p\u00fablica<\/strong> pela comiss\u00e3o examinadora acerca de temas do programa do edital do concurso.<\/p>\n\n\n\n<p>A ordem das argui\u00e7\u00f5es ser\u00e1 definida por sorteio realizado com at\u00e9 24 horas de anteced\u00eancia da prova oral. Os examinadores dispor\u00e3o, cada um, de at\u00e9 15 minutos para arguir os candidatos.<\/p>\n\n\n\n<p>Cada examinador atribuir\u00e1 uma nota de 0 a 10 pontos pela argui\u00e7\u00e3o. A nota final da prova oral ser\u00e1 a m\u00e9dia aritm\u00e9tica simples das pontua\u00e7\u00f5es. Para ser aprovado \u00e9 necess\u00e1rio atingir a m\u00e9dia m\u00ednima de <strong>6 pontos<\/strong>.<\/p>\n\n\n\n<h2 class=\"wp-block-heading\">Edital Magistratura RJ: avalia\u00e7\u00e3o de t\u00edtulos<\/h2>\n\n\n\n<p>Embora a avalia\u00e7\u00e3o de t\u00edtulos seja a \u00faltima etapa antes do resultado final do concurso, os candidatos dever\u00e3o apresentar a documenta\u00e7\u00e3o no tempo da <strong>inscri\u00e7\u00e3o definitiva<\/strong>. Os pontos ser\u00e3o calculados e divulgados ap\u00f3s a prova oral.<\/p>\n\n\n\n<p>Confira a distribui\u00e7\u00e3o das pontua\u00e7\u00f5es:<\/p>\n\n\n\n<p><em>Exerc\u00edcio de cargo, emprego ou fun\u00e7\u00e3o p\u00fablica privativa de bacharel em Direito pelo per\u00edodo m\u00ednimo de 1 ano:<\/em><\/p>\n\n\n\n<ul class=\"wp-block-list\"><li><strong>Judicatura (Juiz)<\/strong>: at\u00e9 3 anos \u2013 2,0 pontos; acima de 3 anos \u2013 2,5 pontos;<\/li><li><strong>Pretor, Minist\u00e9rio P\u00fablico, Defensoria P\u00fablica, Advocacia Geral da Uni\u00e3o, Procuradoria (Procurador) de qualquer \u00f3rg\u00e3o ou entidade da Administra\u00e7\u00e3o P\u00fablica direta ou indireta de qualquer dos Poderes da Uni\u00e3o, dos Estados, do Distrito Federal e dos Munic\u00edpios: <\/strong>at\u00e9 3 anos \u2013 1,5 ponto; acima de 3 anos \u2013 2,0 pontos.<\/li><\/ul>\n\n\n\n<p><em>Exerc\u00edcio do Magist\u00e9rio Superior na \u00e1rea jur\u00eddica pelo per\u00edodo m\u00ednimo de 5 anos<\/em>:<\/p>\n\n\n\n<ul class=\"wp-block-list\"><li><strong>a)<\/strong>&nbsp;mediante admiss\u00e3o no corpo docente por concurso ou processo seletivo p\u00fablico de provas e\/ou t\u00edtulos \u2013 1,5 ponto;<\/li><li><strong>b)<\/strong>&nbsp;mediante admiss\u00e3o no corpo docente sem concurso ou processo seletivo p\u00fablico de provas e\/ou t\u00edtulos \u2013 0,5 ponto.<\/li><\/ul>\n\n\n\n<p><em>Exerc\u00edcio de outro cargo, emprego ou fun\u00e7\u00e3o p\u00fablica privativa de bacharel em Direito n\u00e3o previsto no inciso I, pelo per\u00edodo m\u00ednimo de 1 ano<\/em>:<\/p>\n\n\n\n<ul class=\"wp-block-list\"><li><strong>a)<\/strong>&nbsp;mediante admiss\u00e3o por concurso: at\u00e9 3 anos \u2013 0,5 ponto; acima de 3 anos \u2013 1,0 ponto;<\/li><li><strong>b)<\/strong>&nbsp;mediante admiss\u00e3o sem concurso: at\u00e9 3 anos \u2013 0,25 de ponto; acima de 3 anos \u2013 0,5 ponto.<\/li><\/ul>\n\n\n\n<p><em>Exerc\u00edcio efetivo da advocacia pelo per\u00edodo m\u00ednimo de 3 anos: at\u00e9 5 anos \u2013 0,5 ponto; entre 5 e 8 anos \u2013 1,0 ponto; acima de 8 anos \u2013 1,5 ponto<\/em>.<\/p>\n\n\n\n<p><em>Aprova\u00e7\u00e3o em concurso p\u00fablico, desde que n\u00e3o tenha sido utilizado para pontuar anteriormente<\/em>:<\/p>\n\n\n\n<ul class=\"wp-block-list\"><li><strong>a)<\/strong>&nbsp;Judicatura (Juiz\/Pretor), Minist\u00e9rio P\u00fablico, Defensoria P\u00fablica, Advocacia-Geral da Uni\u00e3o, Procuradoria (Procurador) de qualquer \u00f3rg\u00e3o ou entidade da Administra\u00e7\u00e3o P\u00fablica direta ou indireta de qualquer dos Poderes da Uni\u00e3o, dos Estados, do DF e dos Munic\u00edpios \u2013 0,5 ponto.&nbsp;<\/li><li><strong>b)<\/strong>&nbsp;outro concurso p\u00fablico para cargo, emprego ou fun\u00e7\u00e3o privativa de bacharel em Direito n\u00e3o especificada anteriormente \u2013 0,25 de ponto;<\/li><\/ul>\n\n\n\n<p><em>Diplomas em Cursos de P\u00f3s-Gradua\u00e7\u00e3o<\/em>:<\/p>\n\n\n\n<ul class=\"wp-block-list\"><li><strong>a)<\/strong>&nbsp;Doutorado reconhecido ou revalidado: em Direito ou em Ci\u00eancias Sociais ou Humanas \u2013 2,0 pontos;&nbsp;<\/li><li><strong>b)<\/strong>&nbsp;Mestrado reconhecido ou revalidado: em Direito ou em Ci\u00eancias Sociais ou Humanas \u2013 1,5 ponto;<\/li><li><strong>c)<\/strong>&nbsp;Especializa\u00e7\u00e3o em Direito, na forma da legisla\u00e7\u00e3o educacional em vigor, com carga hor\u00e1ria m\u00ednima de 360 horas-aula, cuja avalia\u00e7\u00e3o haja considerado monografia de final de curso \u2013 0,5 (meio) ponto.<\/li><\/ul>\n\n\n\n<p><em>Gradua\u00e7\u00e3o em qualquer curso superior reconhecido ou curso regular de prepara\u00e7\u00e3o \u00e0 Magistratura ou ao Minist\u00e9rio P\u00fablico, com dura\u00e7\u00e3o m\u00ednima de 1 ano, carga hor\u00e1ria m\u00ednima de 720 horas-aula, frequ\u00eancia m\u00ednima de 75% e nota de aproveitamento \u2013 0,5 ponto.<\/em><\/p>\n\n\n\n<p><em>Curso de extens\u00e3o sobre mat\u00e9ria jur\u00eddica de mais de 100 horas-aula, com nota de aproveitamento ou trabalho de conclus\u00e3o de curso e frequ\u00eancia m\u00ednima de 75% \u2013 0,25 de ponto<\/em>;<\/p>\n\n\n\n<p><em>Publica\u00e7\u00e3o de obras jur\u00eddicas:<\/em><\/p>\n\n\n\n<ul class=\"wp-block-list\"><li><strong>a)<\/strong>&nbsp;livro jur\u00eddico de autoria exclusiva do candidato com apreci\u00e1vel conte\u00fado jur\u00eddico \u2013 0,75 de ponto;<\/li><li><strong>b)<\/strong>&nbsp;artigo ou trabalho publicado em obra jur\u00eddica coletiva ou revista jur\u00eddica especializada, com conselho editorial, de apreci\u00e1vel conte\u00fado jur\u00eddico: 0,25 de ponto.<\/li><\/ul>\n\n\n\n<p><em>L\u00e1urea universit\u00e1ria no curso de Bacharelado em Direito \u2013 0,5 ponto.<\/em><\/p>\n\n\n\n<p><em>Participa\u00e7\u00e3o em banca examinadora de concurso p\u00fablico para o provimento de cargo da magistratura, Minist\u00e9rio P\u00fablico, Advocacia P\u00fablica, Defensoria P\u00fablica ou de cargo de docente em institui\u00e7\u00e3o p\u00fablica de ensino superior \u2013 0,75 de ponto.<\/em><\/p>\n\n\n\n<p><em>Exerc\u00edcio, no m\u00ednimo durante 1 ano, das atribui\u00e7\u00f5es de conciliador nos juizados especiais, ou na presta\u00e7\u00e3o de assist\u00eancia jur\u00eddica volunt\u00e1ria \u2013 0,5 ponto.<\/em><\/p>\n\n\n\n<h2 class=\"wp-block-heading\">Edital Magistratura RJ: c\u00e1lculo da nota final<\/h2>\n\n\n\n<p>A nota final do concurso \u00e9 calculada por meio de uma&nbsp;<strong>m\u00e9dia ponderada,&nbsp;<\/strong>respeitando os seguintes pesos:<\/p>\n\n\n\n<ul class=\"wp-block-list\"><li>Prova objetiva: peso 1;<\/li><li>Primeira e segunda prova escrita: peso 3 para cada prova;<\/li><li>Prova oral: peso 2;<\/li><li>Prova de t\u00edtulos: peso 1.<\/li><\/ul>\n\n\n\n<h2 class=\"wp-block-heading\">Aul\u00e3o Magistratura RJ<\/h2>\n\n\n\n<p><em><strong>Nesta quarta-feira, 4 de setembro,<\/strong><\/em> a equipe de professores do Estrat\u00e9gia Concursos desenvolveu uma aula para tirar d\u00favidas e dar dicas sobre o certame. <\/p>\n\n\n\n<p>O evento ser\u00e1 ministrado pelo professor Ricardo Torques \u00e0 partir das 19:00. Voc\u00ea acompanha <strong><em>ao vivo e gratuitamente <\/em><\/strong>atrav\u00e9s do c<em>anal do Estrat\u00e9gia Concursos no Youtube. <\/em><\/p>\n\n\n\n<p style=\"font-size:25px\" class=\"has-background has-text-align-center has-very-light-gray-background-color\"><a rel=\"noreferrer noopener\" aria-label=\"Clique aqui para mais informa\u00e7\u00f5es sobre o concurso Magistratura RJ (abre numa nova aba)\" href=\"https:\/\/www.estrategiaconcursos.com.br\/blog\/concurso-magistratura-rj\/\" target=\"_blank\"><strong>Clique aqui para mais informa\u00e7\u00f5es sobre o concurso Magistratura RJ<\/strong><\/a><\/p>\n\n\n\n<p style=\"font-size:25px\" class=\"has-background has-text-align-center has-luminous-vivid-amber-background-color\"><strong><a href=\"https:\/\/www.estrategiaconcursos.com.br\/cursosPorConcurso\/tj-rj-tribunal-de-justica-do-rio-de-janeiro\/\" target=\"_blank\" rel=\"noreferrer noopener\" aria-label=\"Curso Magistratura RJ (abre numa nova aba)\">Curso Magistratura RJ<\/a><\/strong><\/p>\n\n\n\n<p class=\"has-background has-text-align-center has-medium-font-size has-pale-cyan-blue-background-color\"><strong><a href=\"https:\/\/www.estrategiaconcursos.com.br\/blog\/concursos-abertos\/\">CONCURSOS ABERTOS<\/a><\/strong><\/p>\n\n\n\n<p class=\"has-background has-text-align-center has-medium-font-size has-pale-cyan-blue-background-color\"><a href=\"https:\/\/www.estrategiaconcursos.com.br\/blog\/concursos-2019\/\"><strong>CONCURSOS 2019<\/strong><\/a><\/p>\n\n\n\n<p class=\"has-background has-text-align-center has-medium-font-size has-pale-cyan-blue-background-color\"><a href=\"https:\/\/www.estrategiaconcursos.com.br\/blog\/concursos-2020\/\"><strong>CONCURSOS<\/strong><\/a><strong><a href=\"https:\/\/www.estrategiaconcursos.com.br\/blog\/concursos-2020\/\">&nbsp;2020<\/a><\/strong><\/p>\n\n\n\n<p class=\"has-background has-text-align-center has-medium-font-size has-pale-cyan-blue-background-color\"><strong><a href=\"https:\/\/www.estrategiaconcursos.com.br\/blog\/concursos-de-direito\/\" target=\"_blank\" rel=\"noreferrer noopener\" aria-label=\"CONCURSOS DE DIREITO (abre numa nova aba)\">CONCURSOS DE DIREITO<\/a><\/strong><\/p>\n\n\n\n<figure class=\"wp-block-image\"><img loading=\"lazy\" decoding=\"async\" width=\"300\" height=\"102\" src=\"https:\/\/dhg1h5j42swfq.cloudfront.net\/2017\/03\/28152500\/coruja-ficha-tecnica-300x102.png\" alt=\"Ficha t\u00e9cnica concurso Magistratura RJ\" class=\"wp-image-68542\"\/><\/figure>\n\n\n\n<p><strong>\u25baInforma\u00e7\u00f5es sobre o edital  Magistratura RJ<\/strong><\/p>\n\n\n\n<p>\u25ba<strong>Data prevista<\/strong>: 15\/12\/2019 (1\u00aa etapa)<br \/>\u25ba<strong>Vagas<\/strong>: 50<br \/>\u25ba<strong>Cargos<\/strong>: Juiz Substituto<br \/>\u25ba<strong>Lota\u00e7\u00f5es<\/strong>: Rio de Janeiro<br \/>\u25ba<strong>Banca<\/strong>: Vunesp<br \/>\u25ba<strong>Escolaridade<\/strong>: Bacharelado em Direito + 3 anos de atividade jur\u00eddica<br \/>\u25ba<strong>Regulamento<\/strong>: <a rel=\"noreferrer noopener\" aria-label=\"Regulamento Concurso Magistratura RJ 2019 (abre numa nova aba)\" href=\"https:\/\/dhg1h5j42swfq.cloudfront.net\/2019\/06\/11094156\/Regulamento-Concurso-Magistratura-RJ-2019.pdf\" target=\"_blank\">Regulamento Concurso Magistratura RJ 2019<\/a><\/p>\n\n\n\n<p> \u25ba<strong>Edital:<\/strong><\/p>\n\n\n\n<div class=\"wp-block-file\"><a href=\"https:\/\/dhg1h5j42swfq.cloudfront.net\/2019\/09\/04075036\/Edital-Magistratura-RJ-2019.pdf\" target=\"_blank\" rel=\"noreferrer noopener\"><strong>Edital Magistratura RJ 2019<\/strong><\/a><a href=\"https:\/\/dhg1h5j42swfq.cloudfront.net\/2019\/09\/04075036\/Edital-Magistratura-RJ-2019.pdf\" class=\"wp-block-file__button\" download>Baixar<\/a><\/div>\n\n\n\n<p><em>Ascom Estrat\u00e9gia<\/em><br \/>ascomestrategia@gmail.com<\/p>\n\n\n\n<p><\/p>\n","protected":false},"excerpt":{"rendered":"<p>S\u00e3o ofertadas 50 vagas para Juiz Substituto As provas escritas do concurso Magistratura RJ foram canceladas. A Desembargadora Leila Maria Rodrigues Pinto de Carvalho e Albuquerque, Presidente da Comiss\u00e3o do concurso, decidiu por cancelar o exame devido ao avan\u00e7o do Coronav\u00edrus (COVID-19). O exame que seria realizado no dia 22 de mar\u00e7o de 2020, agora [&hellip;]<\/p>\n","protected":false},"author":180,"featured_media":413363,"comment_status":"open","ping_status":"closed","sticky":false,"template":"","format":"standard","meta":{"post_tipo":"article","footnotes":""},"categories":[1],"tags":[],"tax_estado":[],"class_list":["post-416220","post","type-post","status-publish","format-standard","has-post-thumbnail","hentry","category-cursos-e-concursos"],"acf":[],"yoast_head":"<!-- This site is optimized with the Yoast SEO Premium plugin v27.2 (Yoast SEO v27.2) - https:\/\/yoast.com\/product\/yoast-seo-premium-wordpress\/ -->\n<title>Edital Magistratura RJ<\/title>\n<meta name=\"robots\" content=\"index, follow, max-snippet:-1, max-image-preview:large, max-video-preview:-1\" \/>\n<link rel=\"canonical\" href=\"https:\/\/www.estrategiaconcursos.com.br\/blog\/edital-magistratura-rj\/\" \/>\n<meta property=\"og:locale\" content=\"pt_BR\" \/>\n<meta property=\"og:type\" content=\"article\" \/>\n<meta property=\"og:title\" content=\"Edital Magistratura RJ\" \/>\n<meta property=\"og:description\" content=\"S\u00e3o ofertadas 50 vagas para Juiz Substituto As provas escritas do concurso Magistratura RJ foram canceladas. A Desembargadora Leila Maria Rodrigues Pinto de Carvalho e Albuquerque, Presidente da Comiss\u00e3o do concurso, decidiu por cancelar o exame devido ao avan\u00e7o do Coronav\u00edrus (COVID-19). O exame que seria realizado no dia 22 de mar\u00e7o de 2020, agora [&hellip;]\" \/>\n<meta property=\"og:url\" content=\"https:\/\/www.estrategiaconcursos.com.br\/blog\/edital-magistratura-rj\/\" \/>\n<meta property=\"og:site_name\" content=\"Estrat\u00e9gia Concursos\" \/>\n<meta property=\"article:author\" content=\"https:\/\/www.facebook.com\/ricardo.s.torques\" \/>\n<meta property=\"article:published_time\" content=\"2019-03-12T03:00:39+00:00\" \/>\n<meta property=\"article:modified_time\" content=\"2021-03-08T17:15:16+00:00\" \/>\n<meta property=\"og:image\" content=\"https:\/\/dhg1h5j42swfq.cloudfront.net\/2019\/08\/27101859\/Magistratura-RJ.jpg\" \/>\n\t<meta property=\"og:image:width\" content=\"1200\" \/>\n\t<meta property=\"og:image:height\" content=\"628\" \/>\n\t<meta property=\"og:image:type\" content=\"image\/jpeg\" \/>\n<meta name=\"author\" content=\"Ricardo Torques\" \/>\n<meta name=\"twitter:card\" content=\"summary_large_image\" \/>\n<meta name=\"twitter:creator\" content=\"@EstratConcursos\" \/>\n<meta name=\"twitter:site\" content=\"@EstratConcursos\" \/>\n<meta name=\"twitter:label1\" content=\"Escrito por\" \/>\n\t<meta name=\"twitter:data1\" content=\"Ricardo Torques\" \/>\n\t<meta name=\"twitter:label2\" content=\"Est. tempo de leitura\" \/>\n\t<meta name=\"twitter:data2\" content=\"9 minutos\" \/>\n<script type=\"application\/ld+json\" class=\"yoast-schema-graph\">{\"@context\":\"https:\/\/schema.org\",\"@graph\":[{\"@type\":\"NewsArticle\",\"@id\":\"https:\/\/www.estrategiaconcursos.com.br\/blog\/edital-magistratura-rj\/#article\",\"isPartOf\":{\"@id\":\"https:\/\/www.estrategiaconcursos.com.br\/blog\/edital-magistratura-rj\/\"},\"author\":{\"name\":\"Ricardo Torques\",\"@id\":\"https:\/\/www.estrategiaconcursos.com.br\/blog\/#\/schema\/person\/aa39cf5ddb518e5bdce27c35788405e2\"},\"headline\":\"Edital Magistratura RJ\",\"datePublished\":\"2019-03-12T03:00:39+00:00\",\"dateModified\":\"2021-03-08T17:15:16+00:00\",\"mainEntityOfPage\":{\"@id\":\"https:\/\/www.estrategiaconcursos.com.br\/blog\/edital-magistratura-rj\/\"},\"wordCount\":1783,\"commentCount\":0,\"publisher\":{\"@id\":\"https:\/\/www.estrategiaconcursos.com.br\/blog\/#organization\"},\"image\":{\"@id\":\"https:\/\/www.estrategiaconcursos.com.br\/blog\/edital-magistratura-rj\/#primaryimage\"},\"thumbnailUrl\":\"https:\/\/dhg1h5j42swfq.cloudfront.net\/2019\/08\/27101859\/Magistratura-RJ.jpg\",\"articleSection\":[\"Concursos P\u00fablicos\"],\"inLanguage\":\"pt-BR\",\"potentialAction\":[{\"@type\":\"CommentAction\",\"name\":\"Comment\",\"target\":[\"https:\/\/www.estrategiaconcursos.com.br\/blog\/edital-magistratura-rj\/#respond\"]}],\"copyrightYear\":\"2019\",\"copyrightHolder\":{\"@id\":\"https:\/\/www.estrategiaconcursos.com.br\/blog\/#organization\"}},{\"@type\":\"WebPage\",\"@id\":\"https:\/\/www.estrategiaconcursos.com.br\/blog\/edital-magistratura-rj\/\",\"url\":\"https:\/\/www.estrategiaconcursos.com.br\/blog\/edital-magistratura-rj\/\",\"name\":\"Edital Magistratura RJ\",\"isPartOf\":{\"@id\":\"https:\/\/www.estrategiaconcursos.com.br\/blog\/#website\"},\"primaryImageOfPage\":{\"@id\":\"https:\/\/www.estrategiaconcursos.com.br\/blog\/edital-magistratura-rj\/#primaryimage\"},\"image\":{\"@id\":\"https:\/\/www.estrategiaconcursos.com.br\/blog\/edital-magistratura-rj\/#primaryimage\"},\"thumbnailUrl\":\"https:\/\/dhg1h5j42swfq.cloudfront.net\/2019\/08\/27101859\/Magistratura-RJ.jpg\",\"datePublished\":\"2019-03-12T03:00:39+00:00\",\"dateModified\":\"2021-03-08T17:15:16+00:00\",\"breadcrumb\":{\"@id\":\"https:\/\/www.estrategiaconcursos.com.br\/blog\/edital-magistratura-rj\/#breadcrumb\"},\"inLanguage\":\"pt-BR\",\"potentialAction\":[{\"@type\":\"ReadAction\",\"target\":[\"https:\/\/www.estrategiaconcursos.com.br\/blog\/edital-magistratura-rj\/\"]}]},{\"@type\":\"ImageObject\",\"inLanguage\":\"pt-BR\",\"@id\":\"https:\/\/www.estrategiaconcursos.com.br\/blog\/edital-magistratura-rj\/#primaryimage\",\"url\":\"https:\/\/dhg1h5j42swfq.cloudfront.net\/2019\/08\/27101859\/Magistratura-RJ.jpg\",\"contentUrl\":\"https:\/\/dhg1h5j42swfq.cloudfront.net\/2019\/08\/27101859\/Magistratura-RJ.jpg\",\"width\":1200,\"height\":628,\"caption\":\"concurso magistratura rj\"},{\"@type\":\"BreadcrumbList\",\"@id\":\"https:\/\/www.estrategiaconcursos.com.br\/blog\/edital-magistratura-rj\/#breadcrumb\",\"itemListElement\":[{\"@type\":\"ListItem\",\"position\":1,\"name\":\"In\u00edcio\",\"item\":\"https:\/\/www.estrategiaconcursos.com.br\/blog\/\"},{\"@type\":\"ListItem\",\"position\":2,\"name\":\"Edital Magistratura RJ\"}]},{\"@type\":\"WebSite\",\"@id\":\"https:\/\/www.estrategiaconcursos.com.br\/blog\/#website\",\"url\":\"https:\/\/www.estrategiaconcursos.com.br\/blog\/\",\"name\":\"Estrat\u00e9gia Concursos\",\"description\":\"O blog da Estrat\u00e9gia Concursos traz not\u00edcias sobre concursos e artigos de professores oferecendo cursos para concursos (pdf + videaulas) no site.\",\"publisher\":{\"@id\":\"https:\/\/www.estrategiaconcursos.com.br\/blog\/#organization\"},\"potentialAction\":[{\"@type\":\"SearchAction\",\"target\":{\"@type\":\"EntryPoint\",\"urlTemplate\":\"https:\/\/www.estrategiaconcursos.com.br\/blog\/?s={search_term_string}\"},\"query-input\":{\"@type\":\"PropertyValueSpecification\",\"valueRequired\":true,\"valueName\":\"search_term_string\"}}],\"inLanguage\":\"pt-BR\"},{\"@type\":\"Organization\",\"@id\":\"https:\/\/www.estrategiaconcursos.com.br\/blog\/#organization\",\"name\":\"Estrat\u00e9gia Concursos\",\"url\":\"https:\/\/www.estrategiaconcursos.com.br\/blog\/\",\"logo\":{\"@type\":\"ImageObject\",\"inLanguage\":\"pt-BR\",\"@id\":\"https:\/\/www.estrategiaconcursos.com.br\/blog\/#\/schema\/logo\/image\/\",\"url\":\"https:\/\/dhg1h5j42swfq.cloudfront.net\/2025\/06\/03203428\/logo_concursos-1.jpg\",\"contentUrl\":\"https:\/\/dhg1h5j42swfq.cloudfront.net\/2025\/06\/03203428\/logo_concursos-1.jpg\",\"width\":230,\"height\":60,\"caption\":\"Estrat\u00e9gia Concursos\"},\"image\":{\"@id\":\"https:\/\/www.estrategiaconcursos.com.br\/blog\/#\/schema\/logo\/image\/\"},\"sameAs\":[\"https:\/\/x.com\/EstratConcursos\"]},{\"@type\":\"Person\",\"@id\":\"https:\/\/www.estrategiaconcursos.com.br\/blog\/#\/schema\/person\/aa39cf5ddb518e5bdce27c35788405e2\",\"name\":\"Ricardo Torques\",\"image\":{\"@type\":\"ImageObject\",\"inLanguage\":\"pt-BR\",\"@id\":\"https:\/\/secure.gravatar.com\/avatar\/ce9ac6c3cff25fe86d15ed568ebc64d1724baf5c0693133bcb1f6073f712f92a?s=96&d=mm&r=g\",\"url\":\"https:\/\/secure.gravatar.com\/avatar\/ce9ac6c3cff25fe86d15ed568ebc64d1724baf5c0693133bcb1f6073f712f92a?s=96&d=mm&r=g\",\"contentUrl\":\"https:\/\/secure.gravatar.com\/avatar\/ce9ac6c3cff25fe86d15ed568ebc64d1724baf5c0693133bcb1f6073f712f92a?s=96&d=mm&r=g\",\"caption\":\"Ricardo Torques\"},\"sameAs\":[\"https:\/\/www.facebook.com\/ricardo.s.torques\"],\"url\":\"https:\/\/www.estrategiaconcursos.com.br\/blog\/author\/ricardotorquesestrategiaconcursos-com-br\/\"}]}<\/script>\n<!-- \/ Yoast SEO Premium plugin. -->","yoast_head_json":{"title":"Edital Magistratura RJ","robots":{"index":"index","follow":"follow","max-snippet":"max-snippet:-1","max-image-preview":"max-image-preview:large","max-video-preview":"max-video-preview:-1"},"canonical":"https:\/\/www.estrategiaconcursos.com.br\/blog\/edital-magistratura-rj\/","og_locale":"pt_BR","og_type":"article","og_title":"Edital Magistratura RJ","og_description":"S\u00e3o ofertadas 50 vagas para Juiz Substituto As provas escritas do concurso Magistratura RJ foram canceladas. A Desembargadora Leila Maria Rodrigues Pinto de Carvalho e Albuquerque, Presidente da Comiss\u00e3o do concurso, decidiu por cancelar o exame devido ao avan\u00e7o do Coronav\u00edrus (COVID-19). O exame que seria realizado no dia 22 de mar\u00e7o de 2020, agora [&hellip;]","og_url":"https:\/\/www.estrategiaconcursos.com.br\/blog\/edital-magistratura-rj\/","og_site_name":"Estrat\u00e9gia Concursos","article_author":"https:\/\/www.facebook.com\/ricardo.s.torques","article_published_time":"2019-03-12T03:00:39+00:00","article_modified_time":"2021-03-08T17:15:16+00:00","og_image":[{"width":1200,"height":628,"url":"https:\/\/dhg1h5j42swfq.cloudfront.net\/2019\/08\/27101859\/Magistratura-RJ.jpg","type":"image\/jpeg"}],"author":"Ricardo Torques","twitter_card":"summary_large_image","twitter_creator":"@EstratConcursos","twitter_site":"@EstratConcursos","twitter_misc":{"Escrito por":"Ricardo Torques","Est. tempo de leitura":"9 minutos"},"schema":{"@context":"https:\/\/schema.org","@graph":[{"@type":"NewsArticle","@id":"https:\/\/www.estrategiaconcursos.com.br\/blog\/edital-magistratura-rj\/#article","isPartOf":{"@id":"https:\/\/www.estrategiaconcursos.com.br\/blog\/edital-magistratura-rj\/"},"author":{"name":"Ricardo Torques","@id":"https:\/\/www.estrategiaconcursos.com.br\/blog\/#\/schema\/person\/aa39cf5ddb518e5bdce27c35788405e2"},"headline":"Edital Magistratura RJ","datePublished":"2019-03-12T03:00:39+00:00","dateModified":"2021-03-08T17:15:16+00:00","mainEntityOfPage":{"@id":"https:\/\/www.estrategiaconcursos.com.br\/blog\/edital-magistratura-rj\/"},"wordCount":1783,"commentCount":0,"publisher":{"@id":"https:\/\/www.estrategiaconcursos.com.br\/blog\/#organization"},"image":{"@id":"https:\/\/www.estrategiaconcursos.com.br\/blog\/edital-magistratura-rj\/#primaryimage"},"thumbnailUrl":"https:\/\/dhg1h5j42swfq.cloudfront.net\/2019\/08\/27101859\/Magistratura-RJ.jpg","articleSection":["Concursos P\u00fablicos"],"inLanguage":"pt-BR","potentialAction":[{"@type":"CommentAction","name":"Comment","target":["https:\/\/www.estrategiaconcursos.com.br\/blog\/edital-magistratura-rj\/#respond"]}],"copyrightYear":"2019","copyrightHolder":{"@id":"https:\/\/www.estrategiaconcursos.com.br\/blog\/#organization"}},{"@type":"WebPage","@id":"https:\/\/www.estrategiaconcursos.com.br\/blog\/edital-magistratura-rj\/","url":"https:\/\/www.estrategiaconcursos.com.br\/blog\/edital-magistratura-rj\/","name":"Edital Magistratura RJ","isPartOf":{"@id":"https:\/\/www.estrategiaconcursos.com.br\/blog\/#website"},"primaryImageOfPage":{"@id":"https:\/\/www.estrategiaconcursos.com.br\/blog\/edital-magistratura-rj\/#primaryimage"},"image":{"@id":"https:\/\/www.estrategiaconcursos.com.br\/blog\/edital-magistratura-rj\/#primaryimage"},"thumbnailUrl":"https:\/\/dhg1h5j42swfq.cloudfront.net\/2019\/08\/27101859\/Magistratura-RJ.jpg","datePublished":"2019-03-12T03:00:39+00:00","dateModified":"2021-03-08T17:15:16+00:00","breadcrumb":{"@id":"https:\/\/www.estrategiaconcursos.com.br\/blog\/edital-magistratura-rj\/#breadcrumb"},"inLanguage":"pt-BR","potentialAction":[{"@type":"ReadAction","target":["https:\/\/www.estrategiaconcursos.com.br\/blog\/edital-magistratura-rj\/"]}]},{"@type":"ImageObject","inLanguage":"pt-BR","@id":"https:\/\/www.estrategiaconcursos.com.br\/blog\/edital-magistratura-rj\/#primaryimage","url":"https:\/\/dhg1h5j42swfq.cloudfront.net\/2019\/08\/27101859\/Magistratura-RJ.jpg","contentUrl":"https:\/\/dhg1h5j42swfq.cloudfront.net\/2019\/08\/27101859\/Magistratura-RJ.jpg","width":1200,"height":628,"caption":"concurso magistratura rj"},{"@type":"BreadcrumbList","@id":"https:\/\/www.estrategiaconcursos.com.br\/blog\/edital-magistratura-rj\/#breadcrumb","itemListElement":[{"@type":"ListItem","position":1,"name":"In\u00edcio","item":"https:\/\/www.estrategiaconcursos.com.br\/blog\/"},{"@type":"ListItem","position":2,"name":"Edital Magistratura RJ"}]},{"@type":"WebSite","@id":"https:\/\/www.estrategiaconcursos.com.br\/blog\/#website","url":"https:\/\/www.estrategiaconcursos.com.br\/blog\/","name":"Estrat\u00e9gia Concursos","description":"O blog da Estrat\u00e9gia Concursos traz not\u00edcias sobre concursos e artigos de professores oferecendo cursos para concursos (pdf + videaulas) no site.","publisher":{"@id":"https:\/\/www.estrategiaconcursos.com.br\/blog\/#organization"},"potentialAction":[{"@type":"SearchAction","target":{"@type":"EntryPoint","urlTemplate":"https:\/\/www.estrategiaconcursos.com.br\/blog\/?s={search_term_string}"},"query-input":{"@type":"PropertyValueSpecification","valueRequired":true,"valueName":"search_term_string"}}],"inLanguage":"pt-BR"},{"@type":"Organization","@id":"https:\/\/www.estrategiaconcursos.com.br\/blog\/#organization","name":"Estrat\u00e9gia Concursos","url":"https:\/\/www.estrategiaconcursos.com.br\/blog\/","logo":{"@type":"ImageObject","inLanguage":"pt-BR","@id":"https:\/\/www.estrategiaconcursos.com.br\/blog\/#\/schema\/logo\/image\/","url":"https:\/\/dhg1h5j42swfq.cloudfront.net\/2025\/06\/03203428\/logo_concursos-1.jpg","contentUrl":"https:\/\/dhg1h5j42swfq.cloudfront.net\/2025\/06\/03203428\/logo_concursos-1.jpg","width":230,"height":60,"caption":"Estrat\u00e9gia Concursos"},"image":{"@id":"https:\/\/www.estrategiaconcursos.com.br\/blog\/#\/schema\/logo\/image\/"},"sameAs":["https:\/\/x.com\/EstratConcursos"]},{"@type":"Person","@id":"https:\/\/www.estrategiaconcursos.com.br\/blog\/#\/schema\/person\/aa39cf5ddb518e5bdce27c35788405e2","name":"Ricardo Torques","image":{"@type":"ImageObject","inLanguage":"pt-BR","@id":"https:\/\/secure.gravatar.com\/avatar\/ce9ac6c3cff25fe86d15ed568ebc64d1724baf5c0693133bcb1f6073f712f92a?s=96&d=mm&r=g","url":"https:\/\/secure.gravatar.com\/avatar\/ce9ac6c3cff25fe86d15ed568ebc64d1724baf5c0693133bcb1f6073f712f92a?s=96&d=mm&r=g","contentUrl":"https:\/\/secure.gravatar.com\/avatar\/ce9ac6c3cff25fe86d15ed568ebc64d1724baf5c0693133bcb1f6073f712f92a?s=96&d=mm&r=g","caption":"Ricardo Torques"},"sameAs":["https:\/\/www.facebook.com\/ricardo.s.torques"],"url":"https:\/\/www.estrategiaconcursos.com.br\/blog\/author\/ricardotorquesestrategiaconcursos-com-br\/"}]}},"_links":{"self":[{"href":"https:\/\/www.estrategiaconcursos.com.br\/blog\/wp-json\/wp\/v2\/posts\/416220","targetHints":{"allow":["GET"]}}],"collection":[{"href":"https:\/\/www.estrategiaconcursos.com.br\/blog\/wp-json\/wp\/v2\/posts"}],"about":[{"href":"https:\/\/www.estrategiaconcursos.com.br\/blog\/wp-json\/wp\/v2\/types\/post"}],"author":[{"embeddable":true,"href":"https:\/\/www.estrategiaconcursos.com.br\/blog\/wp-json\/wp\/v2\/users\/180"}],"replies":[{"embeddable":true,"href":"https:\/\/www.estrategiaconcursos.com.br\/blog\/wp-json\/wp\/v2\/comments?post=416220"}],"version-history":[{"count":11,"href":"https:\/\/www.estrategiaconcursos.com.br\/blog\/wp-json\/wp\/v2\/posts\/416220\/revisions"}],"predecessor-version":[{"id":492373,"href":"https:\/\/www.estrategiaconcursos.com.br\/blog\/wp-json\/wp\/v2\/posts\/416220\/revisions\/492373"}],"wp:featuredmedia":[{"embeddable":true,"href":"https:\/\/www.estrategiaconcursos.com.br\/blog\/wp-json\/wp\/v2\/media\/413363"}],"wp:attachment":[{"href":"https:\/\/www.estrategiaconcursos.com.br\/blog\/wp-json\/wp\/v2\/media?parent=416220"}],"wp:term":[{"taxonomy":"category","embeddable":true,"href":"https:\/\/www.estrategiaconcursos.com.br\/blog\/wp-json\/wp\/v2\/categories?post=416220"},{"taxonomy":"post_tag","embeddable":true,"href":"https:\/\/www.estrategiaconcursos.com.br\/blog\/wp-json\/wp\/v2\/tags?post=416220"},{"taxonomy":"tax_estado","embeddable":true,"href":"https:\/\/www.estrategiaconcursos.com.br\/blog\/wp-json\/wp\/v2\/tax_estado?post=416220"}],"curies":[{"name":"wp","href":"https:\/\/api.w.org\/{rel}","templated":true}]}}