{"id":416169,"date":"2021-12-02T12:00:00","date_gmt":"2021-12-02T15:00:00","guid":{"rendered":"https:\/\/www.estrategiaconcursos.com.br\/blog\/?p=416169"},"modified":"2021-12-02T14:03:18","modified_gmt":"2021-12-02T17:03:18","slug":"concurso-iap-pr","status":"publish","type":"post","link":"https:\/\/www.estrategiaconcursos.com.br\/blog\/concurso-iap-pr\/","title":{"rendered":"Concurso IAP PR: 130 aprovados s\u00e3o convocados!"},"content":{"rendered":"\n<p>A Secretaria do Desenvolvimento Sustent\u00e1vel e do Turismo do Paran\u00e1 publicou a lista de convoca\u00e7\u00e3o dos\u00a0<strong>130<\/strong> <strong>aprovados <\/strong>no<strong> concurso IAP PR<\/strong>. Confira a lista abaixo:<\/p>\n\n\n\n<p class=\"has-text-align-center has-background\" style=\"background-color:#d6e0e8\"><a href=\"https:\/\/dhg1h5j42swfq.cloudfront.net\/2021\/12\/02123014\/9811bd1b9dac03470d600d99d89ed010.pdf\" target=\"_blank\" rel=\"noreferrer noopener nofollow\"><strong>Lista de convocados<\/strong><\/a><\/p>\n\n\n\n<p>Os aprovados dever\u00e3o encaminhar os respectivos documentos necess\u00e1rios e exigidos previamente no edital. As contrata\u00e7\u00f5es ser\u00e3o feitas entre 20 de dezembro de 2021 e 20 de janeiro de 2022\u00a0<\/p>\n\n\n\n<p>A sele\u00e7\u00e3o segue <strong>v\u00e1lida at\u00e9 novembro de 2023<\/strong>, podendo ser prorrogada uma \u00fanica vez, pelo mesmo per\u00edodo, se necess\u00e1rio.<\/p>\n\n\n\n<p>Vale lembrar que o edital ofertou <strong>130 vagas<\/strong>, distribu\u00eddas entre os cargos de<strong> Agente de Execu\u00e7\u00e3o<\/strong> e <strong>Agente Profissional.<\/strong> Para participar do certame foi necess\u00e1rio possuir n\u00edveis m\u00e9dio\/t\u00e9cnico e\/ou superior.<\/p>\n\n\n\n<ul id=\"block-ee678516-e9d1-48bd-b327-7b9acd55f0fd\" class=\"has-luminous-vivid-amber-to-luminous-vivid-orange-gradient-background has-background wp-block-list\"><li><strong>IAP PR<\/strong>&nbsp;\u2013&nbsp;<strong>Agente de Execu\u00e7\u00e3o e Agente Profissional <\/strong><\/li><li><strong>Status:<\/strong>&nbsp;Concurso homologado\/convoca\u00e7\u00f5es anunciadas<\/li><li><strong>Banca: <\/strong><a href=\"https:\/\/www.ibfc.org.br\/concurso\/concurso_selecionado\/367\" target=\"_blank\" rel=\"noreferrer noopener\">IBFC<\/a><\/li><li><strong>Vagas:&nbsp;<\/strong>130 <\/li><li><strong>Sal\u00e1rio inicial:<\/strong>&nbsp;R$ 1.554,33 a R$ 3.730,42<\/li><li><strong>Edital<\/strong>: <a rel=\"noreferrer noopener nofollow\" href=\"https:\/\/dhg1h5j42swfq.cloudfront.net\/2020\/02\/14095451\/Geral-1.pdf\" target=\"_blank\">Edital IAP PR<\/a><\/li><\/ul>\n\n\n\n<p>Neste artigo voc\u00ea encontra as principais informa\u00e7\u00f5es sobre o <strong>Concurso da IAP PR<\/strong>. Acompanhe os t\u00f3picos abaixo e n\u00e3o perca nenhum detalhe:<\/p>\n\n\n\n<ul class=\"wp-block-list\" id=\"indice\"><li><a href=\"#status\">Distribui\u00e7\u00e3o das vagas<\/a><\/li><li><a href=\"#etapas\">Etapas do concurso<\/a><ul><li><a href=\"#prova-objetiva\">Prova Objetiva<\/a><\/li><\/ul><\/li><li><a href=\"#orgao\">Conhe\u00e7a o \u00f3rg\u00e3o<\/a><\/li><li><a href=\"#cursos-assinatura\">Cursos e Assinatura<\/a><\/li><li><a href=\"#ficha\">Ficha T\u00e9cnica<\/a><\/li><\/ul>\n\n\n\n<div class=\"container\" id=\"boxes\">\n  <div class=\"row\">\n\n    <div class=\"col-sm\">\n      <div class=\"banner-estrategia\" id=\"box-assinatura\">\n        <h3 class=\"titulo-assinatura\">Cursos para concursos<\/h3>\n        <p class=\"subtitulo-assinatura\">Conhe\u00e7a os cursos<\/p>\n        <div class=\"box-botao\">\n          <a class=\"btn-assinatura\" target=\"_blank\" href=\"https:\/\/www.estrategiaconcursos.com.br\/cursos\/\" role=\"button\" rel=\"noopener noreferrer\">Conhe\u00e7a mais<\/a>\n        <\/div>\n      <\/div>\n     \n    <\/div>\n\n  <\/div>\n<\/div>\n\n\n\n<h2 class=\"wp-block-heading\" id=\"status\">Distribui\u00e7\u00e3o das vagas do concurso IAP<\/h2>\n\n\n\n<figure class=\"wp-block-table is-style-stripes\"><table class=\"has-background has-fixed-layout\" style=\"background-color:#e7f5fe\"><thead><tr><th class=\"has-text-align-center\" data-align=\"center\"><strong>Cargos<\/strong><\/th><th class=\"has-text-align-center\" data-align=\"center\"><strong>Vagas<\/strong><\/th><th class=\"has-text-align-center\" data-align=\"center\"><strong>Escolaridade<\/strong><\/th><th class=\"has-text-align-center\" data-align=\"center\">Sal\u00e1rios<\/th><\/tr><\/thead><tbody><tr><td class=\"has-text-align-center\" data-align=\"center\"><strong>Agente de Execu\u00e7\u00e3o<\/strong>\/T\u00e9cnico de Manejo e Meio Ambiente<\/td><td class=\"has-text-align-center\" data-align=\"center\">26<\/td><td class=\"has-text-align-center\" data-align=\"center\">N\u00edvel m\u00e9dio\/t\u00e9cnico<\/td><td class=\"has-text-align-center\" data-align=\"center\">R$ 1.554,33* <\/td><\/tr><tr><td class=\"has-text-align-center\" data-align=\"center\"><strong>Agente Profissional<\/strong>\/Arquiteto, Bi\u00f3logo, Engenheiro Agr\u00f4nomo, Engenheiro Cartogr\u00e1fico, Engenheiro Civil, Engenheiro Florestal, Engenheiro Qu\u00edmico, Ge\u00f3grafo, Ge\u00f3logo, Qu\u00edmico, Soci\u00f3logo e M\u00e9dico Veterin\u00e1rio.<\/td><td class=\"has-text-align-center\" data-align=\"center\">104<\/td><td class=\"has-text-align-center\" data-align=\"center\">N\u00edvel superior<\/td><td class=\"has-text-align-center\" data-align=\"center\">R$ 3.730,42* <\/td><\/tr><\/tbody><\/table><\/figure>\n\n\n\n<p><strong><em>*<\/em><\/strong><em>O servidor contratado deve receber vencimento base mais gratifica\u00e7\u00e3o<\/em><\/p>\n\n\n\n<h2 class=\"wp-block-heading\" id=\"etapas\">Etapas do Concurso IAP PR<\/h2>\n\n\n\n<p>As etapas do concurso, com exce\u00e7\u00e3o da Visita T\u00e9cnica e Prova de T\u00edtulos, foram realizadas nas cidades de <strong>Cascavel<\/strong>, <strong>Curitiba <\/strong>e <strong>Maring\u00e1<\/strong>, no Estado do Paran\u00e1. <\/p>\n\n\n\n<ol class=\"wp-block-list\"><li><strong>Prova Objetiva<\/strong> (eliminat\u00f3rio e classificat\u00f3rio);<\/li><li><strong>Avalia\u00e7\u00e3o M\u00e9dica<\/strong> (eliminat\u00f3rio).<\/li><\/ol>\n\n\n\n<h2 class=\"wp-block-heading\" id=\"prova-objetiva\">Prova Objetiva do Concurso IAP<\/h2>\n\n\n\n<p>A Prova Objetiva foi composta por 40 quest\u00f5es de m\u00faltipla escolha, com cinco alternativas cada, distribu\u00eddas da seguinte forma para ambos os cargos: <\/p>\n\n\n\n<ul class=\"wp-block-list\"><li>L\u00edngua Portuguesa &#8211; 5 quest\u00f5es, peso 0,25 <\/li><li>Racioc\u00ednio L\u00f3gico &#8211; 5 quest\u00f5es, peso 0,25 <\/li><li>Conhecimentos Gerais &#8211; 10 quest\u00f5es, peso 0,25 <\/li><li>Conhecimentos Espec\u00edficos &#8211; 20 quest\u00f5es, peso 0,25 <\/li><\/ul>\n\n\n\n<p><strong>Foi considerado habilitado o candidato que atingise as seguintes pontua\u00e7\u00f5es m\u00ednimas:<\/strong><\/p>\n\n\n\n<ul class=\"wp-block-list\"><li>1 acerto na \u00e1rea de L\u00edngua Portuguesa (0,25 pontos); <\/li><li>1 acerto na \u00e1rea de Racioc\u00ednio L\u00f3gico (0,25 pontos); <\/li><li>5 acertos na \u00e1rea de Conhecimentos Gerais (1,25 pontos); <\/li><li>12 acertos na \u00e1rea de Conhecimentos Espec\u00edficos (3 pontos); e <\/li><li>24 acertos no total da Prova Objetiva (6 pontos). <\/li><\/ul>\n\n\n\n<h2 class=\"wp-block-heading\" id=\"orgao\">Conhe\u00e7a o IAP PR<\/h2>\n\n\n\n<p>O Instituto Ambiental do Paran\u00e1 \u00e9 uma entidade aut\u00e1rquica institu\u00edda em 1992, com a cria\u00e7\u00e3o da Secretaria de Estado de Meio Ambiente. \u00c9 sucessor de institui\u00e7\u00f5es como o Instituto de Terras, Cartografia e Florestas &#8211; ITCF, criado em 1923 a partir da Inspetoria de Terras e Coloniza\u00e7\u00e3o.<\/p>\n\n\n\n<p>H\u00e1 mais de 100 anos, o Estado do Paran\u00e1, vem desenvolvendo o seu servi\u00e7o de cartografia oficial, originariamente atrav\u00e9s do antigo DGTC \u2013 Departamento de Geografia, Terras e Coloniza\u00e7\u00e3o. A interven\u00e7\u00e3o no processo de disciplinamento da ocupa\u00e7\u00e3o do territ\u00f3rio foi adotada no ano de 1892, com a edi\u00e7\u00e3o da Lei de Terras de n\u00ba 68. <\/p>\n\n\n\n<hr class=\"wp-block-separator\"\/>\n\n\n\n<h2 class=\"has-text-align-center wp-block-heading\" id=\"cursos-assinatura\">Cursos para o concurso IAP PR<\/h2>\n\n\n\n<div class=\"container\" id=\"boxes\">\n  <div class=\"row\">\n\n    <div class=\"col-sm\">\n      <div class=\"banner-estrategia\" id=\"box-assinatura\">\n        <h3 class=\"titulo-assinatura\">Cursos para concursos<\/h3>\n        <p class=\"subtitulo-assinatura\">Conhe\u00e7a os cursos<\/p>\n        <div class=\"box-botao\">\n          <a class=\"btn-assinatura\" target=\"_blank\" href=\"https:\/\/www.estrategiaconcursos.com.br\/cursos\/\" role=\"button\" rel=\"noopener noreferrer\">Conhe\u00e7a mais<\/a>\n        <\/div>\n      <\/div>\n     \n    <\/div>\n\n  <\/div>\n<\/div>\n\n\n\n<div class=\"container\" id=\"boxes\">\n  <div class=\"row\">\n\n    <div class=\"col-sm\">\n      <div class=\"estrategia\" id=\"box-assinatura\">\n        <h3 class=\"titulo-assinatura\">Assinatura Concursos<\/h3>\n        <p class=\"subtitulo-assinatura\">Assinatura de 1 ano ou 2 anos<\/p>\n        <div class=\"box-botao\">\n          <a class=\"btn-assinatura\" target=\"_blank\" href=\"https:\/\/www.estrategiaconcursos.com.br\/assinaturas\/\" role=\"button\" rel=\"noopener noreferrer\">ASSINE AGORA<\/a>\n        <\/div>\n      <\/div><\/div><\/div><\/div>\n\n\n\n<h2 class=\"has-text-align-center wp-block-heading\">Quer saber tudo sobre concursos previstos?<br \/>Confira nossos artigos!<\/h2>\n\n\n\n<ul class=\"wp-block-list\"><li><a target=\"_blank\" href=\"https:\/\/www.estrategiaconcursos.com.br\/blog\/concursos-abertos\/\" rel=\"noreferrer noopener\">Concursos abertos<\/a><\/li><li><a target=\"_blank\" href=\"https:\/\/www.estrategiaconcursos.com.br\/blog\/concursos-2021\/\" rel=\"noreferrer noopener\">Concursos 2021<\/a><\/li><li><a target=\"_blank\" href=\"https:\/\/www.estrategiaconcursos.com.br\/blog\/concursos-2022\/\" rel=\"noreferrer noopener\">Concursos 2022<\/a><\/li><\/ul>\n\n\n\n<figure class=\"wp-block-image is-resized\"><img loading=\"lazy\" decoding=\"async\" src=\"https:\/\/dhg1h5j42swfq.cloudfront.net\/2020\/12\/27121704\/ficha-tecnica-1024x632.png\" alt=\"Ficha t\u00e9cnica concurso IAP PR\" width=\"262\" height=\"161\"\/><\/figure>\n\n\n\n<h3 class=\"wp-block-heading\" id=\"ficha\"><strong>Informa\u00e7\u00f5es do concurso IAP PR<\/strong><\/h3>\n\n\n\n<ul class=\"wp-block-list\"><li><strong>Vagas:&nbsp;<\/strong>130<\/li><li><strong>Cargos:<\/strong> Agente Profissional e Agente de Execu\u00e7\u00e3o <\/li><li><strong>Banca:<\/strong>&nbsp;IBFC<\/li><li><strong>Escolaridade:&nbsp;<\/strong>N\u00edveis m\u00e9dio\/t\u00e9cnico e superior<\/li><li><strong>Edital<\/strong>: <a rel=\"noreferrer noopener nofollow\" href=\"https:\/\/dhg1h5j42swfq.cloudfront.net\/2020\/02\/14095451\/Geral-1.pdf\" target=\"_blank\">Edital IAP PR<\/a> | <a href=\"https:\/\/dhg1h5j42swfq.cloudfront.net\/2020\/04\/17141924\/Retifica%C3%A7%C3%A3o-1-1.pdf\" target=\"_blank\" rel=\"noreferrer noopener nofollow\">Retifica\u00e7\u00e3o I<\/a> | <a href=\"https:\/\/dhg1h5j42swfq.cloudfront.net\/2020\/04\/17141927\/Retifica%C3%A7%C3%A3o-2.pdf\" target=\"_blank\" rel=\"noreferrer noopener nofollow\">Retifica\u00e7\u00e3o II<\/a> <\/li><\/ul>\n","protected":false},"excerpt":{"rendered":"<p>A Secretaria do Desenvolvimento Sustent\u00e1vel e do Turismo do Paran\u00e1 publicou a lista de convoca\u00e7\u00e3o dos\u00a0130 aprovados no concurso IAP PR. Confira a lista abaixo: Lista de convocados Os aprovados dever\u00e3o encaminhar os respectivos documentos necess\u00e1rios e exigidos previamente no edital. As contrata\u00e7\u00f5es ser\u00e3o feitas entre 20 de dezembro de 2021 e 20 de janeiro [&hellip;]<\/p>\n","protected":false},"author":1,"featured_media":787311,"comment_status":"open","ping_status":"closed","sticky":false,"template":"","format":"standard","meta":{"post_tipo":"news_page","footnotes":""},"categories":[214992],"tags":[],"tax_estado":[219981],"class_list":["post-416169","post","type-post","status-publish","format-standard","has-post-thumbnail","hentry","category-concursos-administrativos","tax_estado-pr"],"acf":[],"yoast_head":"<!-- This site is optimized with the Yoast SEO Premium plugin v27.2 (Yoast SEO v27.2) - https:\/\/yoast.com\/product\/yoast-seo-premium-wordpress\/ -->\n<title>Concurso IAP PR: 130 aprovados s\u00e3o convocados!<\/title>\n<meta name=\"description\" content=\"Concurso IAP PR: 130 candidatos aprovados s\u00e3o convocados. Para saber tudo sobre a sele\u00e7\u00e3o, acesse agora mesmo esse artigo!\" \/>\n<meta name=\"robots\" content=\"index, follow, max-snippet:-1, max-image-preview:large, max-video-preview:-1\" \/>\n<link rel=\"canonical\" href=\"https:\/\/www.estrategiaconcursos.com.br\/blog\/concurso-iap-pr\/\" \/>\n<meta property=\"og:locale\" content=\"pt_BR\" \/>\n<meta property=\"og:type\" content=\"article\" \/>\n<meta property=\"og:title\" content=\"Concurso IAP PR: 130 aprovados s\u00e3o convocados!\" \/>\n<meta property=\"og:description\" content=\"Concurso IAP PR: 130 candidatos aprovados s\u00e3o convocados. Para saber tudo sobre a sele\u00e7\u00e3o, acesse agora mesmo esse artigo!\" \/>\n<meta property=\"og:url\" content=\"https:\/\/www.estrategiaconcursos.com.br\/blog\/concurso-iap-pr\/\" \/>\n<meta property=\"og:site_name\" content=\"Estrat\u00e9gia Concursos\" \/>\n<meta property=\"article:author\" content=\"https:\/\/www.facebook.com\/EstrategiaConcursos\" \/>\n<meta property=\"article:published_time\" content=\"2021-12-02T15:00:00+00:00\" \/>\n<meta property=\"article:modified_time\" content=\"2021-12-02T17:03:18+00:00\" \/>\n<meta property=\"og:image\" content=\"https:\/\/dhg1h5j42swfq.cloudfront.net\/2021\/07\/05155705\/iap_pr.jpg\" \/>\n\t<meta property=\"og:image:width\" content=\"768\" \/>\n\t<meta property=\"og:image:height\" content=\"432\" \/>\n\t<meta property=\"og:image:type\" content=\"image\/jpeg\" \/>\n<meta name=\"author\" content=\"Coordena\u00e7\u00e3o\" \/>\n<meta name=\"twitter:card\" content=\"summary_large_image\" \/>\n<meta name=\"twitter:creator\" content=\"@EstratConcursos\" \/>\n<meta name=\"twitter:site\" content=\"@EstratConcursos\" \/>\n<meta name=\"twitter:label1\" content=\"Escrito por\" \/>\n\t<meta name=\"twitter:data1\" content=\"Coordena\u00e7\u00e3o\" \/>\n\t<meta name=\"twitter:label2\" content=\"Est. tempo de leitura\" \/>\n\t<meta name=\"twitter:data2\" content=\"3 minutos\" \/>\n<script type=\"application\/ld+json\" class=\"yoast-schema-graph\">{\"@context\":\"https:\/\/schema.org\",\"@graph\":[{\"@type\":\"NewsArticle\",\"@id\":\"https:\/\/www.estrategiaconcursos.com.br\/blog\/concurso-iap-pr\/#article\",\"isPartOf\":{\"@id\":\"https:\/\/www.estrategiaconcursos.com.br\/blog\/concurso-iap-pr\/\"},\"author\":{\"name\":\"Coordena\u00e7\u00e3o\",\"@id\":\"https:\/\/www.estrategiaconcursos.com.br\/blog\/#\/schema\/person\/b4a388c97673c5f483d72185668afa1f\"},\"headline\":\"Concurso IAP PR: 130 aprovados s\u00e3o convocados!\",\"datePublished\":\"2021-12-02T15:00:00+00:00\",\"dateModified\":\"2021-12-02T17:03:18+00:00\",\"mainEntityOfPage\":{\"@id\":\"https:\/\/www.estrategiaconcursos.com.br\/blog\/concurso-iap-pr\/\"},\"wordCount\":634,\"commentCount\":18,\"publisher\":{\"@id\":\"https:\/\/www.estrategiaconcursos.com.br\/blog\/#organization\"},\"image\":{\"@id\":\"https:\/\/www.estrategiaconcursos.com.br\/blog\/concurso-iap-pr\/#primaryimage\"},\"thumbnailUrl\":\"https:\/\/dhg1h5j42swfq.cloudfront.net\/2021\/07\/05155705\/iap_pr.jpg\",\"articleSection\":[\"Executivo (Administrativa)\"],\"inLanguage\":\"pt-BR\",\"potentialAction\":[{\"@type\":\"CommentAction\",\"name\":\"Comment\",\"target\":[\"https:\/\/www.estrategiaconcursos.com.br\/blog\/concurso-iap-pr\/#respond\"]}],\"copyrightYear\":\"2021\",\"copyrightHolder\":{\"@id\":\"https:\/\/www.estrategiaconcursos.com.br\/blog\/#organization\"}},{\"@type\":\"WebPage\",\"@id\":\"https:\/\/www.estrategiaconcursos.com.br\/blog\/concurso-iap-pr\/\",\"url\":\"https:\/\/www.estrategiaconcursos.com.br\/blog\/concurso-iap-pr\/\",\"name\":\"Concurso IAP PR: 130 aprovados s\u00e3o convocados!\",\"isPartOf\":{\"@id\":\"https:\/\/www.estrategiaconcursos.com.br\/blog\/#website\"},\"primaryImageOfPage\":{\"@id\":\"https:\/\/www.estrategiaconcursos.com.br\/blog\/concurso-iap-pr\/#primaryimage\"},\"image\":{\"@id\":\"https:\/\/www.estrategiaconcursos.com.br\/blog\/concurso-iap-pr\/#primaryimage\"},\"thumbnailUrl\":\"https:\/\/dhg1h5j42swfq.cloudfront.net\/2021\/07\/05155705\/iap_pr.jpg\",\"datePublished\":\"2021-12-02T15:00:00+00:00\",\"dateModified\":\"2021-12-02T17:03:18+00:00\",\"description\":\"Concurso IAP PR: 130 candidatos aprovados s\u00e3o convocados. Para saber tudo sobre a sele\u00e7\u00e3o, acesse agora mesmo esse artigo!\",\"breadcrumb\":{\"@id\":\"https:\/\/www.estrategiaconcursos.com.br\/blog\/concurso-iap-pr\/#breadcrumb\"},\"inLanguage\":\"pt-BR\",\"potentialAction\":[{\"@type\":\"ReadAction\",\"target\":[\"https:\/\/www.estrategiaconcursos.com.br\/blog\/concurso-iap-pr\/\"]}]},{\"@type\":\"ImageObject\",\"inLanguage\":\"pt-BR\",\"@id\":\"https:\/\/www.estrategiaconcursos.com.br\/blog\/concurso-iap-pr\/#primaryimage\",\"url\":\"https:\/\/dhg1h5j42swfq.cloudfront.net\/2021\/07\/05155705\/iap_pr.jpg\",\"contentUrl\":\"https:\/\/dhg1h5j42swfq.cloudfront.net\/2021\/07\/05155705\/iap_pr.jpg\",\"width\":768,\"height\":432},{\"@type\":\"BreadcrumbList\",\"@id\":\"https:\/\/www.estrategiaconcursos.com.br\/blog\/concurso-iap-pr\/#breadcrumb\",\"itemListElement\":[{\"@type\":\"ListItem\",\"position\":1,\"name\":\"In\u00edcio\",\"item\":\"https:\/\/www.estrategiaconcursos.com.br\/blog\/\"},{\"@type\":\"ListItem\",\"position\":2,\"name\":\"Concurso IAP PR: 130 aprovados s\u00e3o convocados!\"}]},{\"@type\":\"WebSite\",\"@id\":\"https:\/\/www.estrategiaconcursos.com.br\/blog\/#website\",\"url\":\"https:\/\/www.estrategiaconcursos.com.br\/blog\/\",\"name\":\"Estrat\u00e9gia Concursos\",\"description\":\"O blog da Estrat\u00e9gia Concursos traz not\u00edcias sobre concursos e artigos de professores oferecendo cursos para concursos (pdf + videaulas) no site.\",\"publisher\":{\"@id\":\"https:\/\/www.estrategiaconcursos.com.br\/blog\/#organization\"},\"potentialAction\":[{\"@type\":\"SearchAction\",\"target\":{\"@type\":\"EntryPoint\",\"urlTemplate\":\"https:\/\/www.estrategiaconcursos.com.br\/blog\/?s={search_term_string}\"},\"query-input\":{\"@type\":\"PropertyValueSpecification\",\"valueRequired\":true,\"valueName\":\"search_term_string\"}}],\"inLanguage\":\"pt-BR\"},{\"@type\":\"Organization\",\"@id\":\"https:\/\/www.estrategiaconcursos.com.br\/blog\/#organization\",\"name\":\"Estrat\u00e9gia Concursos\",\"url\":\"https:\/\/www.estrategiaconcursos.com.br\/blog\/\",\"logo\":{\"@type\":\"ImageObject\",\"inLanguage\":\"pt-BR\",\"@id\":\"https:\/\/www.estrategiaconcursos.com.br\/blog\/#\/schema\/logo\/image\/\",\"url\":\"https:\/\/dhg1h5j42swfq.cloudfront.net\/2025\/06\/03203428\/logo_concursos-1.jpg\",\"contentUrl\":\"https:\/\/dhg1h5j42swfq.cloudfront.net\/2025\/06\/03203428\/logo_concursos-1.jpg\",\"width\":230,\"height\":60,\"caption\":\"Estrat\u00e9gia Concursos\"},\"image\":{\"@id\":\"https:\/\/www.estrategiaconcursos.com.br\/blog\/#\/schema\/logo\/image\/\"},\"sameAs\":[\"https:\/\/x.com\/EstratConcursos\"]},{\"@type\":\"Person\",\"@id\":\"https:\/\/www.estrategiaconcursos.com.br\/blog\/#\/schema\/person\/b4a388c97673c5f483d72185668afa1f\",\"name\":\"Coordena\u00e7\u00e3o\",\"image\":{\"@type\":\"ImageObject\",\"inLanguage\":\"pt-BR\",\"@id\":\"https:\/\/secure.gravatar.com\/avatar\/b720319e4c9a967eb58678d110f4fe35452fc5d5f97b202bac7b8acceb18c6ad?s=96&d=mm&r=g\",\"url\":\"https:\/\/secure.gravatar.com\/avatar\/b720319e4c9a967eb58678d110f4fe35452fc5d5f97b202bac7b8acceb18c6ad?s=96&d=mm&r=g\",\"contentUrl\":\"https:\/\/secure.gravatar.com\/avatar\/b720319e4c9a967eb58678d110f4fe35452fc5d5f97b202bac7b8acceb18c6ad?s=96&d=mm&r=g\",\"caption\":\"Coordena\u00e7\u00e3o\"},\"sameAs\":[\"https:\/\/www.facebook.com\/EstrategiaConcursos\",\"https:\/\/x.com\/EstratConcursos\"],\"url\":\"https:\/\/www.estrategiaconcursos.com.br\/blog\/author\/estrategia2013\/\"}]}<\/script>\n<!-- \/ Yoast SEO Premium plugin. -->","yoast_head_json":{"title":"Concurso IAP PR: 130 aprovados s\u00e3o convocados!","description":"Concurso IAP PR: 130 candidatos aprovados s\u00e3o convocados. Para saber tudo sobre a sele\u00e7\u00e3o, acesse agora mesmo esse artigo!","robots":{"index":"index","follow":"follow","max-snippet":"max-snippet:-1","max-image-preview":"max-image-preview:large","max-video-preview":"max-video-preview:-1"},"canonical":"https:\/\/www.estrategiaconcursos.com.br\/blog\/concurso-iap-pr\/","og_locale":"pt_BR","og_type":"article","og_title":"Concurso IAP PR: 130 aprovados s\u00e3o convocados!","og_description":"Concurso IAP PR: 130 candidatos aprovados s\u00e3o convocados. Para saber tudo sobre a sele\u00e7\u00e3o, acesse agora mesmo esse artigo!","og_url":"https:\/\/www.estrategiaconcursos.com.br\/blog\/concurso-iap-pr\/","og_site_name":"Estrat\u00e9gia Concursos","article_author":"https:\/\/www.facebook.com\/EstrategiaConcursos","article_published_time":"2021-12-02T15:00:00+00:00","article_modified_time":"2021-12-02T17:03:18+00:00","og_image":[{"width":768,"height":432,"url":"https:\/\/dhg1h5j42swfq.cloudfront.net\/2021\/07\/05155705\/iap_pr.jpg","type":"image\/jpeg"}],"author":"Coordena\u00e7\u00e3o","twitter_card":"summary_large_image","twitter_creator":"@EstratConcursos","twitter_site":"@EstratConcursos","twitter_misc":{"Escrito por":"Coordena\u00e7\u00e3o","Est. tempo de leitura":"3 minutos"},"schema":{"@context":"https:\/\/schema.org","@graph":[{"@type":"NewsArticle","@id":"https:\/\/www.estrategiaconcursos.com.br\/blog\/concurso-iap-pr\/#article","isPartOf":{"@id":"https:\/\/www.estrategiaconcursos.com.br\/blog\/concurso-iap-pr\/"},"author":{"name":"Coordena\u00e7\u00e3o","@id":"https:\/\/www.estrategiaconcursos.com.br\/blog\/#\/schema\/person\/b4a388c97673c5f483d72185668afa1f"},"headline":"Concurso IAP PR: 130 aprovados s\u00e3o convocados!","datePublished":"2021-12-02T15:00:00+00:00","dateModified":"2021-12-02T17:03:18+00:00","mainEntityOfPage":{"@id":"https:\/\/www.estrategiaconcursos.com.br\/blog\/concurso-iap-pr\/"},"wordCount":634,"commentCount":18,"publisher":{"@id":"https:\/\/www.estrategiaconcursos.com.br\/blog\/#organization"},"image":{"@id":"https:\/\/www.estrategiaconcursos.com.br\/blog\/concurso-iap-pr\/#primaryimage"},"thumbnailUrl":"https:\/\/dhg1h5j42swfq.cloudfront.net\/2021\/07\/05155705\/iap_pr.jpg","articleSection":["Executivo (Administrativa)"],"inLanguage":"pt-BR","potentialAction":[{"@type":"CommentAction","name":"Comment","target":["https:\/\/www.estrategiaconcursos.com.br\/blog\/concurso-iap-pr\/#respond"]}],"copyrightYear":"2021","copyrightHolder":{"@id":"https:\/\/www.estrategiaconcursos.com.br\/blog\/#organization"}},{"@type":"WebPage","@id":"https:\/\/www.estrategiaconcursos.com.br\/blog\/concurso-iap-pr\/","url":"https:\/\/www.estrategiaconcursos.com.br\/blog\/concurso-iap-pr\/","name":"Concurso IAP PR: 130 aprovados s\u00e3o convocados!","isPartOf":{"@id":"https:\/\/www.estrategiaconcursos.com.br\/blog\/#website"},"primaryImageOfPage":{"@id":"https:\/\/www.estrategiaconcursos.com.br\/blog\/concurso-iap-pr\/#primaryimage"},"image":{"@id":"https:\/\/www.estrategiaconcursos.com.br\/blog\/concurso-iap-pr\/#primaryimage"},"thumbnailUrl":"https:\/\/dhg1h5j42swfq.cloudfront.net\/2021\/07\/05155705\/iap_pr.jpg","datePublished":"2021-12-02T15:00:00+00:00","dateModified":"2021-12-02T17:03:18+00:00","description":"Concurso IAP PR: 130 candidatos aprovados s\u00e3o convocados. Para saber tudo sobre a sele\u00e7\u00e3o, acesse agora mesmo esse artigo!","breadcrumb":{"@id":"https:\/\/www.estrategiaconcursos.com.br\/blog\/concurso-iap-pr\/#breadcrumb"},"inLanguage":"pt-BR","potentialAction":[{"@type":"ReadAction","target":["https:\/\/www.estrategiaconcursos.com.br\/blog\/concurso-iap-pr\/"]}]},{"@type":"ImageObject","inLanguage":"pt-BR","@id":"https:\/\/www.estrategiaconcursos.com.br\/blog\/concurso-iap-pr\/#primaryimage","url":"https:\/\/dhg1h5j42swfq.cloudfront.net\/2021\/07\/05155705\/iap_pr.jpg","contentUrl":"https:\/\/dhg1h5j42swfq.cloudfront.net\/2021\/07\/05155705\/iap_pr.jpg","width":768,"height":432},{"@type":"BreadcrumbList","@id":"https:\/\/www.estrategiaconcursos.com.br\/blog\/concurso-iap-pr\/#breadcrumb","itemListElement":[{"@type":"ListItem","position":1,"name":"In\u00edcio","item":"https:\/\/www.estrategiaconcursos.com.br\/blog\/"},{"@type":"ListItem","position":2,"name":"Concurso IAP PR: 130 aprovados s\u00e3o convocados!"}]},{"@type":"WebSite","@id":"https:\/\/www.estrategiaconcursos.com.br\/blog\/#website","url":"https:\/\/www.estrategiaconcursos.com.br\/blog\/","name":"Estrat\u00e9gia Concursos","description":"O blog da Estrat\u00e9gia Concursos traz not\u00edcias sobre concursos e artigos de professores oferecendo cursos para concursos (pdf + videaulas) no site.","publisher":{"@id":"https:\/\/www.estrategiaconcursos.com.br\/blog\/#organization"},"potentialAction":[{"@type":"SearchAction","target":{"@type":"EntryPoint","urlTemplate":"https:\/\/www.estrategiaconcursos.com.br\/blog\/?s={search_term_string}"},"query-input":{"@type":"PropertyValueSpecification","valueRequired":true,"valueName":"search_term_string"}}],"inLanguage":"pt-BR"},{"@type":"Organization","@id":"https:\/\/www.estrategiaconcursos.com.br\/blog\/#organization","name":"Estrat\u00e9gia Concursos","url":"https:\/\/www.estrategiaconcursos.com.br\/blog\/","logo":{"@type":"ImageObject","inLanguage":"pt-BR","@id":"https:\/\/www.estrategiaconcursos.com.br\/blog\/#\/schema\/logo\/image\/","url":"https:\/\/dhg1h5j42swfq.cloudfront.net\/2025\/06\/03203428\/logo_concursos-1.jpg","contentUrl":"https:\/\/dhg1h5j42swfq.cloudfront.net\/2025\/06\/03203428\/logo_concursos-1.jpg","width":230,"height":60,"caption":"Estrat\u00e9gia Concursos"},"image":{"@id":"https:\/\/www.estrategiaconcursos.com.br\/blog\/#\/schema\/logo\/image\/"},"sameAs":["https:\/\/x.com\/EstratConcursos"]},{"@type":"Person","@id":"https:\/\/www.estrategiaconcursos.com.br\/blog\/#\/schema\/person\/b4a388c97673c5f483d72185668afa1f","name":"Coordena\u00e7\u00e3o","image":{"@type":"ImageObject","inLanguage":"pt-BR","@id":"https:\/\/secure.gravatar.com\/avatar\/b720319e4c9a967eb58678d110f4fe35452fc5d5f97b202bac7b8acceb18c6ad?s=96&d=mm&r=g","url":"https:\/\/secure.gravatar.com\/avatar\/b720319e4c9a967eb58678d110f4fe35452fc5d5f97b202bac7b8acceb18c6ad?s=96&d=mm&r=g","contentUrl":"https:\/\/secure.gravatar.com\/avatar\/b720319e4c9a967eb58678d110f4fe35452fc5d5f97b202bac7b8acceb18c6ad?s=96&d=mm&r=g","caption":"Coordena\u00e7\u00e3o"},"sameAs":["https:\/\/www.facebook.com\/EstrategiaConcursos","https:\/\/x.com\/EstratConcursos"],"url":"https:\/\/www.estrategiaconcursos.com.br\/blog\/author\/estrategia2013\/"}]}},"_links":{"self":[{"href":"https:\/\/www.estrategiaconcursos.com.br\/blog\/wp-json\/wp\/v2\/posts\/416169","targetHints":{"allow":["GET"]}}],"collection":[{"href":"https:\/\/www.estrategiaconcursos.com.br\/blog\/wp-json\/wp\/v2\/posts"}],"about":[{"href":"https:\/\/www.estrategiaconcursos.com.br\/blog\/wp-json\/wp\/v2\/types\/post"}],"author":[{"embeddable":true,"href":"https:\/\/www.estrategiaconcursos.com.br\/blog\/wp-json\/wp\/v2\/users\/1"}],"replies":[{"embeddable":true,"href":"https:\/\/www.estrategiaconcursos.com.br\/blog\/wp-json\/wp\/v2\/comments?post=416169"}],"version-history":[{"count":56,"href":"https:\/\/www.estrategiaconcursos.com.br\/blog\/wp-json\/wp\/v2\/posts\/416169\/revisions"}],"predecessor-version":[{"id":920852,"href":"https:\/\/www.estrategiaconcursos.com.br\/blog\/wp-json\/wp\/v2\/posts\/416169\/revisions\/920852"}],"wp:featuredmedia":[{"embeddable":true,"href":"https:\/\/www.estrategiaconcursos.com.br\/blog\/wp-json\/wp\/v2\/media\/787311"}],"wp:attachment":[{"href":"https:\/\/www.estrategiaconcursos.com.br\/blog\/wp-json\/wp\/v2\/media?parent=416169"}],"wp:term":[{"taxonomy":"category","embeddable":true,"href":"https:\/\/www.estrategiaconcursos.com.br\/blog\/wp-json\/wp\/v2\/categories?post=416169"},{"taxonomy":"post_tag","embeddable":true,"href":"https:\/\/www.estrategiaconcursos.com.br\/blog\/wp-json\/wp\/v2\/tags?post=416169"},{"taxonomy":"tax_estado","embeddable":true,"href":"https:\/\/www.estrategiaconcursos.com.br\/blog\/wp-json\/wp\/v2\/tax_estado?post=416169"}],"curies":[{"name":"wp","href":"https:\/\/api.w.org\/{rel}","templated":true}]}}