{"id":415918,"date":"2019-09-03T12:20:06","date_gmt":"2019-09-03T15:20:06","guid":{"rendered":"https:\/\/www.estrategiaconcursos.com.br\/blog\/?p=415918"},"modified":"2019-09-03T13:49:08","modified_gmt":"2019-09-03T16:49:08","slug":"concurso-pm-pr-e-pc-pr-editais-serao-anunciados","status":"publish","type":"post","link":"https:\/\/www.estrategiaconcursos.com.br\/blog\/concurso-pm-pr-e-pc-pr-editais-serao-anunciados\/","title":{"rendered":"Concurso PM PR e PC PR: Editais ser\u00e3o anunciados nesta quarta-feira (04)"},"content":{"rendered":"\n<p>Est\u00e1 previsto para acontecer nesta quarta-feira, 04 de setembro, o evento para abertura dos concursos para a Pol\u00edcia Civil e Pol\u00edcia Militar do Paran\u00e1.<\/p>\n\n\n\n<p>A solenidade ocorrer\u00e1 no Quartel do Comando Geral da Pol\u00edcia Militar, \u00e0s 11:30 e contar\u00e1 com a presen\u00e7a do governador do estado, Carlos Massa Ratinho J\u00fanior.<\/p>\n\n\n\n<p>De acordo com o governador, este ser\u00e1 um dos maiores concursos j\u00e1 realizados para a \u00e1rea policial. Acompanhe e fique por dentro!<\/p>\n\n\n\n<h2 class=\"wp-block-heading\">O concurso da Pol\u00edcia Militar e da Pol\u00edcia Civil do Paran\u00e1<\/h2>\n\n\n\n<h3 class=\"wp-block-heading\">Pol\u00edcia Militar<\/h3>\n\n\n\n<p>Ser\u00e1 o segundo certame realizado em 2019 pela corpora\u00e7\u00e3o, mas dessa vez o edital ser\u00e1 para o cargo de Soldado com previs\u00e3o de 2.400 vagas.  <\/p>\n\n\n\n<p>De acordo com a PM PR, a expectativa \u00e9 que o edital seja publicado at\u00e9 o final do ano. A corpora\u00e7\u00e3o trabalha agora para contratar a banca organizadora do certame, que promete ser um dos maiores concursos para a \u00e1rea policial em 2019. <\/p>\n\n\n\n<h4 class=\"wp-block-heading\" id=\"remuneracao\">Remunera\u00e7\u00e3o<\/h4>\n\n\n\n<p>Ap\u00f3s ingressar como Soldado de 2\u00aa Classe, o militar estadual \u00e9 matriculado no Curso de Forma\u00e7\u00e3o de Soldados, composto por aulas te\u00f3ricas e pr\u00e1ticas e, ao final, considerado aprovado ser\u00e1 promovido a Soldado de 1\u00aa Classe.<\/p>\n\n\n\n<ul class=\"wp-block-list\"><li>Vencimento b\u00e1sico Soldado 2\u00aa Classe:&nbsp;<strong>R$ 1.895,72<\/strong><\/li><li>Vencimento b\u00e1sico Soldado 1\u00aa Classe:&nbsp;<strong>R$ 4.180,07<\/strong><\/li><\/ul>\n\n\n\n<h3 class=\"wp-block-heading\">Pol\u00edcia Civil<\/h3>\n\n\n\n<p>O governador do Estado do Paran\u00e1, Carlos Massa Ratinho Junior, anunciou no dia 03 de julho, a prepara\u00e7\u00e3o de um novo certame para a Pol\u00edcia Civil do Paran\u00e1. <\/p>\n\n\n\n<p>O concurso ter\u00e1 a oferta de&nbsp;<strong>400 vagas<\/strong>&nbsp;para cargos como Delegado, Investigador e Papiloscopistas, todos de n\u00edvel superior. <\/p>\n\n\n\n<h4 class=\"wp-block-heading\" id=\"remuneracao\"><strong>Remunera\u00e7\u00e3o<\/strong><\/h4>\n\n\n\n<p>A remunera\u00e7\u00e3o inicial do cargo de Delegado \u00e9 de R$&nbsp;17.921,62 e abaixo voc\u00ea confere a tabela remunerat\u00f3ria para os cargos de Investigador, Escriv\u00e3o e Papiloscopista da Pol\u00edcia Civil do Paran\u00e1.<\/p>\n\n\n\n<figure class=\"wp-block-image\"><img loading=\"lazy\" decoding=\"async\" width=\"983\" height=\"191\" src=\"https:\/\/dhg1h5j42swfq.cloudfront.net\/2019\/06\/06140832\/image39.png\" alt=\"quadro remunerat\u00f3rio para investigador do concurso pc pr\" class=\"wp-image-384640\" srcset=\"https:\/\/dhg1h5j42swfq.cloudfront.net\/2019\/06\/06140832\/image39.png 983w, https:\/\/dhg1h5j42swfq.cloudfront.net\/2019\/06\/06140832\/image39.png 300w, https:\/\/dhg1h5j42swfq.cloudfront.net\/2019\/06\/06140832\/image39.png 768w, https:\/\/dhg1h5j42swfq.cloudfront.net\/2019\/06\/06140832\/image39.png 610w\" sizes=\"auto, (max-width: 983px) 100vw, 983px\" \/><\/figure>\n\n\n\n<figure class=\"wp-block-image\"><img loading=\"lazy\" decoding=\"async\" width=\"983\" height=\"161\" src=\"https:\/\/dhg1h5j42swfq.cloudfront.net\/2019\/06\/06140809\/image38.png\" alt=\"quadro remunerat\u00f3rio dos cargos escriv\u00e3o e papiloscopista.\" class=\"wp-image-384639\" srcset=\"https:\/\/dhg1h5j42swfq.cloudfront.net\/2019\/06\/06140809\/image38.png 983w, https:\/\/dhg1h5j42swfq.cloudfront.net\/2019\/06\/06140809\/image38.png 300w, https:\/\/dhg1h5j42swfq.cloudfront.net\/2019\/06\/06140809\/image38.png 768w, https:\/\/dhg1h5j42swfq.cloudfront.net\/2019\/06\/06140809\/image38.png 610w\" sizes=\"auto, (max-width: 983px) 100vw, 983px\" \/><\/figure>\n\n\n\n<h2 class=\"wp-block-heading\" id=\"cursos-assinatura\">Quer saber mais sobre cada um dos certames? Acesse e confira:<\/h2>\n\n\n\n<p style=\"text-align:center\" class=\"has-background has-light-green-cyan-background-color\"><a href=\"https:\/\/www.estrategiaconcursos.com.br\/blog\/concurso-pm-pr\/\"><strong>Pol\u00edcia Militar do Paran\u00e1<\/strong><\/a><\/p>\n\n\n\n<p style=\"text-align:center\" class=\"has-background has-light-green-cyan-background-color\"><a href=\"https:\/\/www.estrategiaconcursos.com.br\/blog\/concurso-policia-civil-pr\/\"><strong>Pol\u00edcia Civil do Paran\u00e1<\/strong><\/a><\/p>\n\n\n\n<p style=\"text-align:center\" class=\"has-background has-light-green-cyan-background-color\"><a href=\"https:\/\/www.estrategiaconcursos.com.br\/blog\/concurso-delegado-pr\/\"><strong>Delegado Paran\u00e1<\/strong><\/a><\/p>\n\n\n\n<h2 class=\"wp-block-heading\"><strong><em>Quer estudar para os concursos policiais do Paran\u00e1?<\/em><\/strong><\/h2>\n\n\n\n<p><em><strong>Gostou desta oportunidade e deseja come\u00e7ar se preparar agora mesmo? Ent\u00e3o, confira os nossos cursos e comece a estudar:<\/strong><\/em><\/p>\n\n\n\n<p style=\"text-align:center\" class=\"has-background has-medium-font-size has-luminous-vivid-amber-background-color\"><a href=\"https:\/\/www.estrategiaconcursos.com.br\/cursosPorConcurso\/pm-pr\/\"><strong>Curso PM PR<\/strong><\/a><\/p>\n\n\n\n<p style=\"text-align:center\" class=\"has-background has-medium-font-size has-luminous-vivid-amber-background-color\"><a href=\"https:\/\/www.estrategiaconcursos.com.br\/cursosPorConcurso\/policia-civil-do-parana-pc-pr\/\"><strong>Curso PC PR<\/strong><\/a><\/p>\n\n\n\n<p style=\"text-align:center\"><em><strong>Assinatura Anual Ilimitada*<\/strong><\/em><\/p>\n\n\n\n<p><em>Prepare-se com o melhor material e com quem mais aprova em Concursos P\u00fablicos em todo o pa\u00eds. Assine agora a nossa Assinatura Anual e tenha acesso ilimitado* a todos os nossos cursos.<\/em><\/p>\n\n\n\n<p style=\"text-align:center\" class=\"has-background has-light-green-cyan-background-color\"><strong>ASSINE AGORA&nbsp;\u2013&nbsp;<\/strong><a rel=\"noreferrer noopener\" href=\"https:\/\/www.estrategiaconcursos.com.br\/assinaturas\/\" target=\"_blank\"><strong>Assinatura Ilimitada<\/strong><\/a><\/p>\n\n\n\n<p style=\"text-align:center\" class=\"has-background has-pale-cyan-blue-background-color\"><strong><a href=\"https:\/\/www.estrategiaconcursos.com.br\/blog\/concursos-abertos\/\">CONCURSOS ABERTOS<\/a><\/strong><\/p>\n\n\n\n<p style=\"text-align:center\" class=\"has-background has-pale-cyan-blue-background-color\"><a href=\"https:\/\/www.estrategiaconcursos.com.br\/blog\/concursos-2019\/\"><strong>CONCURSOS 2019<\/strong><\/a><\/p>\n\n\n\n<p style=\"text-align:center\" class=\"has-background has-pale-cyan-blue-background-color\"><a href=\"https:\/\/www.estrategiaconcursos.com.br\/blog\/concursos-2020\/\"><strong>CONCURSOS<\/strong><\/a><strong><a href=\"https:\/\/www.estrategiaconcursos.com.br\/blog\/concursos-2020\/\">&nbsp;2020<\/a><\/strong><\/p>\n","protected":false},"excerpt":{"rendered":"<p>Est\u00e1 previsto para acontecer nesta quarta-feira, 04 de setembro, o evento para abertura dos concursos para a Pol\u00edcia Civil e Pol\u00edcia Militar do Paran\u00e1. A solenidade ocorrer\u00e1 no Quartel do Comando Geral da Pol\u00edcia Militar, \u00e0s 11:30 e contar\u00e1 com a presen\u00e7a do governador do estado, Carlos Massa Ratinho J\u00fanior. De acordo com o governador, [&hellip;]<\/p>\n","protected":false},"author":552,"featured_media":108599,"comment_status":"open","ping_status":"closed","sticky":false,"template":"","format":"standard","meta":{"post_tipo":"article","footnotes":""},"categories":[1],"tags":[],"tax_estado":[],"class_list":["post-415918","post","type-post","status-publish","format-standard","has-post-thumbnail","hentry","category-cursos-e-concursos"],"acf":[],"yoast_head":"<!-- This site is optimized with the Yoast SEO Premium plugin v27.2 (Yoast SEO v27.2) - https:\/\/yoast.com\/product\/yoast-seo-premium-wordpress\/ -->\n<title>Concurso PM PR e PC PR: Editais ser\u00e3o anunciados nesta quarta-feira (04)<\/title>\n<meta name=\"description\" content=\"Editais est\u00e3o perto de sair e expectativa aumenta com evento de lan\u00e7amento. Confira todas as informa\u00e7\u00f5es e garanta sua vaga nestes certame!\" \/>\n<meta name=\"robots\" content=\"index, follow, max-snippet:-1, max-image-preview:large, max-video-preview:-1\" \/>\n<link rel=\"canonical\" href=\"https:\/\/www.estrategiaconcursos.com.br\/blog\/concurso-pm-pr-e-pc-pr-editais-serao-anunciados\/\" \/>\n<meta property=\"og:locale\" content=\"pt_BR\" \/>\n<meta property=\"og:type\" content=\"article\" \/>\n<meta property=\"og:title\" content=\"Concurso PM PR e PC PR: Editais ser\u00e3o anunciados nesta quarta-feira (04)\" \/>\n<meta property=\"og:description\" content=\"Editais est\u00e3o perto de sair e expectativa aumenta com evento de lan\u00e7amento. Confira todas as informa\u00e7\u00f5es e garanta sua vaga nestes certame!\" \/>\n<meta property=\"og:url\" content=\"https:\/\/www.estrategiaconcursos.com.br\/blog\/concurso-pm-pr-e-pc-pr-editais-serao-anunciados\/\" \/>\n<meta property=\"og:site_name\" content=\"Estrat\u00e9gia Concursos\" \/>\n<meta property=\"article:published_time\" content=\"2019-09-03T15:20:06+00:00\" \/>\n<meta property=\"article:modified_time\" content=\"2019-09-03T16:49:08+00:00\" \/>\n<meta property=\"og:image\" content=\"https:\/\/dhg1h5j42swfq.cloudfront.net\/2018\/03\/01231724\/seguranca-publica-1170x628_c.jpg\" \/>\n\t<meta property=\"og:image:width\" content=\"1170\" \/>\n\t<meta property=\"og:image:height\" content=\"628\" \/>\n\t<meta property=\"og:image:type\" content=\"image\/jpeg\" \/>\n<meta name=\"author\" content=\"Paulo Bilynskyj\" \/>\n<meta name=\"twitter:card\" content=\"summary_large_image\" \/>\n<meta name=\"twitter:creator\" content=\"@EstratConcursos\" \/>\n<meta name=\"twitter:site\" content=\"@EstratConcursos\" \/>\n<meta name=\"twitter:label1\" content=\"Escrito por\" \/>\n\t<meta name=\"twitter:data1\" content=\"Paulo Bilynskyj\" \/>\n\t<meta name=\"twitter:label2\" content=\"Est. tempo de leitura\" \/>\n\t<meta name=\"twitter:data2\" content=\"2 minutos\" \/>\n<script type=\"application\/ld+json\" class=\"yoast-schema-graph\">{\"@context\":\"https:\/\/schema.org\",\"@graph\":[{\"@type\":\"NewsArticle\",\"@id\":\"https:\/\/www.estrategiaconcursos.com.br\/blog\/concurso-pm-pr-e-pc-pr-editais-serao-anunciados\/#article\",\"isPartOf\":{\"@id\":\"https:\/\/www.estrategiaconcursos.com.br\/blog\/concurso-pm-pr-e-pc-pr-editais-serao-anunciados\/\"},\"author\":{\"name\":\"Paulo Bilynskyj\",\"@id\":\"https:\/\/www.estrategiaconcursos.com.br\/blog\/#\/schema\/person\/a630b15e36f45b4c21fed01219843cb5\"},\"headline\":\"Concurso PM PR e PC PR: Editais ser\u00e3o anunciados nesta quarta-feira (04)\",\"datePublished\":\"2019-09-03T15:20:06+00:00\",\"dateModified\":\"2019-09-03T16:49:08+00:00\",\"mainEntityOfPage\":{\"@id\":\"https:\/\/www.estrategiaconcursos.com.br\/blog\/concurso-pm-pr-e-pc-pr-editais-serao-anunciados\/\"},\"wordCount\":418,\"commentCount\":1,\"publisher\":{\"@id\":\"https:\/\/www.estrategiaconcursos.com.br\/blog\/#organization\"},\"image\":{\"@id\":\"https:\/\/www.estrategiaconcursos.com.br\/blog\/concurso-pm-pr-e-pc-pr-editais-serao-anunciados\/#primaryimage\"},\"thumbnailUrl\":\"https:\/\/dhg1h5j42swfq.cloudfront.net\/2018\/03\/01231724\/seguranca-publica-1170x628_c.jpg\",\"articleSection\":[\"Concursos P\u00fablicos\"],\"inLanguage\":\"pt-BR\",\"potentialAction\":[{\"@type\":\"CommentAction\",\"name\":\"Comment\",\"target\":[\"https:\/\/www.estrategiaconcursos.com.br\/blog\/concurso-pm-pr-e-pc-pr-editais-serao-anunciados\/#respond\"]}],\"copyrightYear\":\"2019\",\"copyrightHolder\":{\"@id\":\"https:\/\/www.estrategiaconcursos.com.br\/blog\/#organization\"}},{\"@type\":\"WebPage\",\"@id\":\"https:\/\/www.estrategiaconcursos.com.br\/blog\/concurso-pm-pr-e-pc-pr-editais-serao-anunciados\/\",\"url\":\"https:\/\/www.estrategiaconcursos.com.br\/blog\/concurso-pm-pr-e-pc-pr-editais-serao-anunciados\/\",\"name\":\"Concurso PM PR e PC PR: Editais ser\u00e3o anunciados nesta quarta-feira (04)\",\"isPartOf\":{\"@id\":\"https:\/\/www.estrategiaconcursos.com.br\/blog\/#website\"},\"primaryImageOfPage\":{\"@id\":\"https:\/\/www.estrategiaconcursos.com.br\/blog\/concurso-pm-pr-e-pc-pr-editais-serao-anunciados\/#primaryimage\"},\"image\":{\"@id\":\"https:\/\/www.estrategiaconcursos.com.br\/blog\/concurso-pm-pr-e-pc-pr-editais-serao-anunciados\/#primaryimage\"},\"thumbnailUrl\":\"https:\/\/dhg1h5j42swfq.cloudfront.net\/2018\/03\/01231724\/seguranca-publica-1170x628_c.jpg\",\"datePublished\":\"2019-09-03T15:20:06+00:00\",\"dateModified\":\"2019-09-03T16:49:08+00:00\",\"description\":\"Editais est\u00e3o perto de sair e expectativa aumenta com evento de lan\u00e7amento. Confira todas as informa\u00e7\u00f5es e garanta sua vaga nestes certame!\",\"breadcrumb\":{\"@id\":\"https:\/\/www.estrategiaconcursos.com.br\/blog\/concurso-pm-pr-e-pc-pr-editais-serao-anunciados\/#breadcrumb\"},\"inLanguage\":\"pt-BR\",\"potentialAction\":[{\"@type\":\"ReadAction\",\"target\":[\"https:\/\/www.estrategiaconcursos.com.br\/blog\/concurso-pm-pr-e-pc-pr-editais-serao-anunciados\/\"]}]},{\"@type\":\"ImageObject\",\"inLanguage\":\"pt-BR\",\"@id\":\"https:\/\/www.estrategiaconcursos.com.br\/blog\/concurso-pm-pr-e-pc-pr-editais-serao-anunciados\/#primaryimage\",\"url\":\"https:\/\/dhg1h5j42swfq.cloudfront.net\/2018\/03\/01231724\/seguranca-publica-1170x628_c.jpg\",\"contentUrl\":\"https:\/\/dhg1h5j42swfq.cloudfront.net\/2018\/03\/01231724\/seguranca-publica-1170x628_c.jpg\",\"width\":1170,\"height\":628},{\"@type\":\"BreadcrumbList\",\"@id\":\"https:\/\/www.estrategiaconcursos.com.br\/blog\/concurso-pm-pr-e-pc-pr-editais-serao-anunciados\/#breadcrumb\",\"itemListElement\":[{\"@type\":\"ListItem\",\"position\":1,\"name\":\"In\u00edcio\",\"item\":\"https:\/\/www.estrategiaconcursos.com.br\/blog\/\"},{\"@type\":\"ListItem\",\"position\":2,\"name\":\"Concurso PM PR e PC PR: Editais ser\u00e3o anunciados nesta quarta-feira (04)\"}]},{\"@type\":\"WebSite\",\"@id\":\"https:\/\/www.estrategiaconcursos.com.br\/blog\/#website\",\"url\":\"https:\/\/www.estrategiaconcursos.com.br\/blog\/\",\"name\":\"Estrat\u00e9gia Concursos\",\"description\":\"O blog da Estrat\u00e9gia Concursos traz not\u00edcias sobre concursos e artigos de professores oferecendo cursos para concursos (pdf + videaulas) no site.\",\"publisher\":{\"@id\":\"https:\/\/www.estrategiaconcursos.com.br\/blog\/#organization\"},\"potentialAction\":[{\"@type\":\"SearchAction\",\"target\":{\"@type\":\"EntryPoint\",\"urlTemplate\":\"https:\/\/www.estrategiaconcursos.com.br\/blog\/?s={search_term_string}\"},\"query-input\":{\"@type\":\"PropertyValueSpecification\",\"valueRequired\":true,\"valueName\":\"search_term_string\"}}],\"inLanguage\":\"pt-BR\"},{\"@type\":\"Organization\",\"@id\":\"https:\/\/www.estrategiaconcursos.com.br\/blog\/#organization\",\"name\":\"Estrat\u00e9gia Concursos\",\"url\":\"https:\/\/www.estrategiaconcursos.com.br\/blog\/\",\"logo\":{\"@type\":\"ImageObject\",\"inLanguage\":\"pt-BR\",\"@id\":\"https:\/\/www.estrategiaconcursos.com.br\/blog\/#\/schema\/logo\/image\/\",\"url\":\"https:\/\/dhg1h5j42swfq.cloudfront.net\/2025\/06\/03203428\/logo_concursos-1.jpg\",\"contentUrl\":\"https:\/\/dhg1h5j42swfq.cloudfront.net\/2025\/06\/03203428\/logo_concursos-1.jpg\",\"width\":230,\"height\":60,\"caption\":\"Estrat\u00e9gia Concursos\"},\"image\":{\"@id\":\"https:\/\/www.estrategiaconcursos.com.br\/blog\/#\/schema\/logo\/image\/\"},\"sameAs\":[\"https:\/\/x.com\/EstratConcursos\"]},{\"@type\":\"Person\",\"@id\":\"https:\/\/www.estrategiaconcursos.com.br\/blog\/#\/schema\/person\/a630b15e36f45b4c21fed01219843cb5\",\"name\":\"Paulo Bilynskyj\",\"image\":{\"@type\":\"ImageObject\",\"inLanguage\":\"pt-BR\",\"@id\":\"https:\/\/secure.gravatar.com\/avatar\/37e21f70c9042e7456beffdc6d31fe051f3f6dcbf252f69343a791b144852057?s=96&d=mm&r=g\",\"url\":\"https:\/\/secure.gravatar.com\/avatar\/37e21f70c9042e7456beffdc6d31fe051f3f6dcbf252f69343a791b144852057?s=96&d=mm&r=g\",\"contentUrl\":\"https:\/\/secure.gravatar.com\/avatar\/37e21f70c9042e7456beffdc6d31fe051f3f6dcbf252f69343a791b144852057?s=96&d=mm&r=g\",\"caption\":\"Paulo Bilynskyj\"},\"url\":\"https:\/\/www.estrategiaconcursos.com.br\/blog\/author\/pbilynskyjgmail-com\/\"}]}<\/script>\n<!-- \/ Yoast SEO Premium plugin. -->","yoast_head_json":{"title":"Concurso PM PR e PC PR: Editais ser\u00e3o anunciados nesta quarta-feira (04)","description":"Editais est\u00e3o perto de sair e expectativa aumenta com evento de lan\u00e7amento. Confira todas as informa\u00e7\u00f5es e garanta sua vaga nestes certame!","robots":{"index":"index","follow":"follow","max-snippet":"max-snippet:-1","max-image-preview":"max-image-preview:large","max-video-preview":"max-video-preview:-1"},"canonical":"https:\/\/www.estrategiaconcursos.com.br\/blog\/concurso-pm-pr-e-pc-pr-editais-serao-anunciados\/","og_locale":"pt_BR","og_type":"article","og_title":"Concurso PM PR e PC PR: Editais ser\u00e3o anunciados nesta quarta-feira (04)","og_description":"Editais est\u00e3o perto de sair e expectativa aumenta com evento de lan\u00e7amento. Confira todas as informa\u00e7\u00f5es e garanta sua vaga nestes certame!","og_url":"https:\/\/www.estrategiaconcursos.com.br\/blog\/concurso-pm-pr-e-pc-pr-editais-serao-anunciados\/","og_site_name":"Estrat\u00e9gia Concursos","article_published_time":"2019-09-03T15:20:06+00:00","article_modified_time":"2019-09-03T16:49:08+00:00","og_image":[{"width":1170,"height":628,"url":"https:\/\/dhg1h5j42swfq.cloudfront.net\/2018\/03\/01231724\/seguranca-publica-1170x628_c.jpg","type":"image\/jpeg"}],"author":"Paulo Bilynskyj","twitter_card":"summary_large_image","twitter_creator":"@EstratConcursos","twitter_site":"@EstratConcursos","twitter_misc":{"Escrito por":"Paulo Bilynskyj","Est. tempo de leitura":"2 minutos"},"schema":{"@context":"https:\/\/schema.org","@graph":[{"@type":"NewsArticle","@id":"https:\/\/www.estrategiaconcursos.com.br\/blog\/concurso-pm-pr-e-pc-pr-editais-serao-anunciados\/#article","isPartOf":{"@id":"https:\/\/www.estrategiaconcursos.com.br\/blog\/concurso-pm-pr-e-pc-pr-editais-serao-anunciados\/"},"author":{"name":"Paulo Bilynskyj","@id":"https:\/\/www.estrategiaconcursos.com.br\/blog\/#\/schema\/person\/a630b15e36f45b4c21fed01219843cb5"},"headline":"Concurso PM PR e PC PR: Editais ser\u00e3o anunciados nesta quarta-feira (04)","datePublished":"2019-09-03T15:20:06+00:00","dateModified":"2019-09-03T16:49:08+00:00","mainEntityOfPage":{"@id":"https:\/\/www.estrategiaconcursos.com.br\/blog\/concurso-pm-pr-e-pc-pr-editais-serao-anunciados\/"},"wordCount":418,"commentCount":1,"publisher":{"@id":"https:\/\/www.estrategiaconcursos.com.br\/blog\/#organization"},"image":{"@id":"https:\/\/www.estrategiaconcursos.com.br\/blog\/concurso-pm-pr-e-pc-pr-editais-serao-anunciados\/#primaryimage"},"thumbnailUrl":"https:\/\/dhg1h5j42swfq.cloudfront.net\/2018\/03\/01231724\/seguranca-publica-1170x628_c.jpg","articleSection":["Concursos P\u00fablicos"],"inLanguage":"pt-BR","potentialAction":[{"@type":"CommentAction","name":"Comment","target":["https:\/\/www.estrategiaconcursos.com.br\/blog\/concurso-pm-pr-e-pc-pr-editais-serao-anunciados\/#respond"]}],"copyrightYear":"2019","copyrightHolder":{"@id":"https:\/\/www.estrategiaconcursos.com.br\/blog\/#organization"}},{"@type":"WebPage","@id":"https:\/\/www.estrategiaconcursos.com.br\/blog\/concurso-pm-pr-e-pc-pr-editais-serao-anunciados\/","url":"https:\/\/www.estrategiaconcursos.com.br\/blog\/concurso-pm-pr-e-pc-pr-editais-serao-anunciados\/","name":"Concurso PM PR e PC PR: Editais ser\u00e3o anunciados nesta quarta-feira (04)","isPartOf":{"@id":"https:\/\/www.estrategiaconcursos.com.br\/blog\/#website"},"primaryImageOfPage":{"@id":"https:\/\/www.estrategiaconcursos.com.br\/blog\/concurso-pm-pr-e-pc-pr-editais-serao-anunciados\/#primaryimage"},"image":{"@id":"https:\/\/www.estrategiaconcursos.com.br\/blog\/concurso-pm-pr-e-pc-pr-editais-serao-anunciados\/#primaryimage"},"thumbnailUrl":"https:\/\/dhg1h5j42swfq.cloudfront.net\/2018\/03\/01231724\/seguranca-publica-1170x628_c.jpg","datePublished":"2019-09-03T15:20:06+00:00","dateModified":"2019-09-03T16:49:08+00:00","description":"Editais est\u00e3o perto de sair e expectativa aumenta com evento de lan\u00e7amento. Confira todas as informa\u00e7\u00f5es e garanta sua vaga nestes certame!","breadcrumb":{"@id":"https:\/\/www.estrategiaconcursos.com.br\/blog\/concurso-pm-pr-e-pc-pr-editais-serao-anunciados\/#breadcrumb"},"inLanguage":"pt-BR","potentialAction":[{"@type":"ReadAction","target":["https:\/\/www.estrategiaconcursos.com.br\/blog\/concurso-pm-pr-e-pc-pr-editais-serao-anunciados\/"]}]},{"@type":"ImageObject","inLanguage":"pt-BR","@id":"https:\/\/www.estrategiaconcursos.com.br\/blog\/concurso-pm-pr-e-pc-pr-editais-serao-anunciados\/#primaryimage","url":"https:\/\/dhg1h5j42swfq.cloudfront.net\/2018\/03\/01231724\/seguranca-publica-1170x628_c.jpg","contentUrl":"https:\/\/dhg1h5j42swfq.cloudfront.net\/2018\/03\/01231724\/seguranca-publica-1170x628_c.jpg","width":1170,"height":628},{"@type":"BreadcrumbList","@id":"https:\/\/www.estrategiaconcursos.com.br\/blog\/concurso-pm-pr-e-pc-pr-editais-serao-anunciados\/#breadcrumb","itemListElement":[{"@type":"ListItem","position":1,"name":"In\u00edcio","item":"https:\/\/www.estrategiaconcursos.com.br\/blog\/"},{"@type":"ListItem","position":2,"name":"Concurso PM PR e PC PR: Editais ser\u00e3o anunciados nesta quarta-feira (04)"}]},{"@type":"WebSite","@id":"https:\/\/www.estrategiaconcursos.com.br\/blog\/#website","url":"https:\/\/www.estrategiaconcursos.com.br\/blog\/","name":"Estrat\u00e9gia Concursos","description":"O blog da Estrat\u00e9gia Concursos traz not\u00edcias sobre concursos e artigos de professores oferecendo cursos para concursos (pdf + videaulas) no site.","publisher":{"@id":"https:\/\/www.estrategiaconcursos.com.br\/blog\/#organization"},"potentialAction":[{"@type":"SearchAction","target":{"@type":"EntryPoint","urlTemplate":"https:\/\/www.estrategiaconcursos.com.br\/blog\/?s={search_term_string}"},"query-input":{"@type":"PropertyValueSpecification","valueRequired":true,"valueName":"search_term_string"}}],"inLanguage":"pt-BR"},{"@type":"Organization","@id":"https:\/\/www.estrategiaconcursos.com.br\/blog\/#organization","name":"Estrat\u00e9gia Concursos","url":"https:\/\/www.estrategiaconcursos.com.br\/blog\/","logo":{"@type":"ImageObject","inLanguage":"pt-BR","@id":"https:\/\/www.estrategiaconcursos.com.br\/blog\/#\/schema\/logo\/image\/","url":"https:\/\/dhg1h5j42swfq.cloudfront.net\/2025\/06\/03203428\/logo_concursos-1.jpg","contentUrl":"https:\/\/dhg1h5j42swfq.cloudfront.net\/2025\/06\/03203428\/logo_concursos-1.jpg","width":230,"height":60,"caption":"Estrat\u00e9gia Concursos"},"image":{"@id":"https:\/\/www.estrategiaconcursos.com.br\/blog\/#\/schema\/logo\/image\/"},"sameAs":["https:\/\/x.com\/EstratConcursos"]},{"@type":"Person","@id":"https:\/\/www.estrategiaconcursos.com.br\/blog\/#\/schema\/person\/a630b15e36f45b4c21fed01219843cb5","name":"Paulo Bilynskyj","image":{"@type":"ImageObject","inLanguage":"pt-BR","@id":"https:\/\/secure.gravatar.com\/avatar\/37e21f70c9042e7456beffdc6d31fe051f3f6dcbf252f69343a791b144852057?s=96&d=mm&r=g","url":"https:\/\/secure.gravatar.com\/avatar\/37e21f70c9042e7456beffdc6d31fe051f3f6dcbf252f69343a791b144852057?s=96&d=mm&r=g","contentUrl":"https:\/\/secure.gravatar.com\/avatar\/37e21f70c9042e7456beffdc6d31fe051f3f6dcbf252f69343a791b144852057?s=96&d=mm&r=g","caption":"Paulo Bilynskyj"},"url":"https:\/\/www.estrategiaconcursos.com.br\/blog\/author\/pbilynskyjgmail-com\/"}]}},"_links":{"self":[{"href":"https:\/\/www.estrategiaconcursos.com.br\/blog\/wp-json\/wp\/v2\/posts\/415918","targetHints":{"allow":["GET"]}}],"collection":[{"href":"https:\/\/www.estrategiaconcursos.com.br\/blog\/wp-json\/wp\/v2\/posts"}],"about":[{"href":"https:\/\/www.estrategiaconcursos.com.br\/blog\/wp-json\/wp\/v2\/types\/post"}],"author":[{"embeddable":true,"href":"https:\/\/www.estrategiaconcursos.com.br\/blog\/wp-json\/wp\/v2\/users\/552"}],"replies":[{"embeddable":true,"href":"https:\/\/www.estrategiaconcursos.com.br\/blog\/wp-json\/wp\/v2\/comments?post=415918"}],"version-history":[{"count":5,"href":"https:\/\/www.estrategiaconcursos.com.br\/blog\/wp-json\/wp\/v2\/posts\/415918\/revisions"}],"predecessor-version":[{"id":416009,"href":"https:\/\/www.estrategiaconcursos.com.br\/blog\/wp-json\/wp\/v2\/posts\/415918\/revisions\/416009"}],"wp:featuredmedia":[{"embeddable":true,"href":"https:\/\/www.estrategiaconcursos.com.br\/blog\/wp-json\/wp\/v2\/media\/108599"}],"wp:attachment":[{"href":"https:\/\/www.estrategiaconcursos.com.br\/blog\/wp-json\/wp\/v2\/media?parent=415918"}],"wp:term":[{"taxonomy":"category","embeddable":true,"href":"https:\/\/www.estrategiaconcursos.com.br\/blog\/wp-json\/wp\/v2\/categories?post=415918"},{"taxonomy":"post_tag","embeddable":true,"href":"https:\/\/www.estrategiaconcursos.com.br\/blog\/wp-json\/wp\/v2\/tags?post=415918"},{"taxonomy":"tax_estado","embeddable":true,"href":"https:\/\/www.estrategiaconcursos.com.br\/blog\/wp-json\/wp\/v2\/tax_estado?post=415918"}],"curies":[{"name":"wp","href":"https:\/\/api.w.org\/{rel}","templated":true}]}}