{"id":415873,"date":"2019-09-03T11:15:05","date_gmt":"2019-09-03T14:15:05","guid":{"rendered":"https:\/\/www.estrategiaconcursos.com.br\/blog\/?p=415873"},"modified":"2023-06-19T10:50:35","modified_gmt":"2023-06-19T13:50:35","slug":"concurso-mpu-orgao-faz-convocacao-nacional-para-o-cargo-de-analista","status":"publish","type":"post","link":"https:\/\/www.estrategiaconcursos.com.br\/blog\/concurso-mpu-orgao-faz-convocacao-nacional-para-o-cargo-de-analista\/","title":{"rendered":"Concurso MPU: \u00f3rg\u00e3o faz convoca\u00e7\u00e3o nacional para o cargo de Analista"},"content":{"rendered":"\n<p>Foi divulgado nesta semana o edital de convoca\u00e7\u00e3o N\u00ba 14 de candidatos aprovados no&nbsp;<em><strong>Concurso MPU<\/strong><\/em>, realizado em 2018. De acordo com o documento, os candidatos aos cargos Analista do Minist\u00e9rio P\u00fablico da Uni\u00e3o precisam optar pelas localidades de atua\u00e7\u00e3o ofertadas.<\/p>\n\n\n\n<p>Para concluir a op\u00e7\u00e3o, os candidatos dever\u00e3o preencher um formul\u00e1rio com as instru\u00e7\u00f5es que foram enviadas por e-mail para cada candidato que foi convocado pelo \u00f3rg\u00e3o. <\/p>\n\n\n\n<p>Para n\u00e3o perder a inscri\u00e7\u00e3o o candidato deve ficar atento ao e-mail, pois o preenchimento deve ser feito no prazo de dois dias \u00fateis. Vale lembrar, que a vaga ofertada \u00e9 para lota\u00e7\u00e3o em Rio branco, no Acre. <\/p>\n\n\n\n<p>De acordo com o edital, a remunera\u00e7\u00e3o inicial do cargo de Analista \u00e9 de&nbsp;R$11.259,81. Al\u00e9m da remunera\u00e7\u00e3o fixada, sabe-se que os servidores do MPU fazem jus a:<\/p>\n\n\n\n<ul class=\"wp-block-list\">\n<li>Aux\u00edlio alimenta\u00e7\u00e3o: em torno de R$900,00;<\/li>\n\n\n\n<li>Adicional de qualifica\u00e7\u00e3o: de 1% a 12,5%, conforme a qualifica\u00e7\u00e3o (de cursos de treinamento a doutorado);<\/li>\n\n\n\n<li>Fun\u00e7\u00f5es gratificadas e cargos em comiss\u00e3o: a partir de R$600 por m\u00eas.<\/li>\n<\/ul>\n\n\n\n<p><em>Quer saber mais sobre o certame: Clique no link abaixo e fique por dentro de tudo!<\/em><\/p>\n\n\n\n<p class=\"has-text-align-center has-pale-cyan-blue-background-color has-background\" style=\"font-size:clamp(15.197px, 0.95rem + ((1vw - 3.2px) * 0.765), 23px);px\"><strong><em>Mais informa\u00e7\u00f5es: <\/em><\/strong><a href=\"https:\/\/www.estrategiaconcursos.com.br\/blog\/concurso-mpu\/\"><strong><em>Concurso MPU<\/em><\/strong><\/a><\/p>\n\n\n\n<p class=\"has-text-align-center has-luminous-vivid-amber-background-color has-background\" style=\"font-size:clamp(15.197px, 0.95rem + ((1vw - 3.2px) * 0.765), 23px);px\"><strong><em><a rel=\"noreferrer noopener\" href=\"https:\/\/www.estrategiaconcursos.com.br\/cursosPorConcurso\/mpu-ministerio-publico-da-uniao\/\" target=\"_blank\">CURSO MPU<\/a><\/em><\/strong><\/p>\n\n\n\n<p class=\"has-text-align-center\"><em><strong>Assinatura Anual Ilimitada*<\/strong><\/em><\/p>\n\n\n\n<p class=\"has-text-align-center\"><em>Prepare-se com o melhor material e com quem mais aprova em&nbsp;Concursos P\u00fablicos&nbsp;de todo o pa\u00eds. Assine agora a nossa Assinatura Anual e tenha acesso ilimitado* a todos os nossos cursos.<\/em><\/p>\n\n\n\n<p class=\"has-text-align-center\"><strong>ASSINE AGORA<\/strong>&nbsp;\u2013&nbsp;<a rel=\"noreferrer noopener\" href=\"https:\/\/www.estrategiaconcursos.com.br\/assinaturas\" target=\"_blank\"><strong>Assinatura Ilimitada<\/strong><\/a><\/p>\n\n\n\n<p class=\"has-text-align-center\"><strong><em>Fique por dentro dos concursos vigentes:<\/em><\/strong><\/p>\n\n\n\n<p class=\"has-text-align-center has-pale-cyan-blue-background-color has-background\" style=\"font-size:clamp(15.197px, 0.95rem + ((1vw - 3.2px) * 0.765), 23px);px\"><strong><a href=\"https:\/\/www.estrategiaconcursos.com.br\/blog\/concursos-abertos\/\" target=\"_blank\" rel=\"noreferrer noopener\">CONCURSOS ABERTOS<\/a><\/strong><\/p>\n","protected":false},"excerpt":{"rendered":"<p>Foi divulgado nesta semana o edital de convoca\u00e7\u00e3o N\u00ba 14 de candidatos aprovados no&nbsp;Concurso MPU, realizado em 2018. De acordo com o documento, os candidatos aos cargos Analista do Minist\u00e9rio P\u00fablico da Uni\u00e3o precisam optar pelas localidades de atua\u00e7\u00e3o ofertadas. Para concluir a op\u00e7\u00e3o, os candidatos dever\u00e3o preencher um formul\u00e1rio com as instru\u00e7\u00f5es que foram [&hellip;]<\/p>\n","protected":false},"author":13,"featured_media":148957,"comment_status":"open","ping_status":"closed","sticky":false,"template":"","format":"standard","meta":{"post_tipo":"article","footnotes":""},"categories":[1],"tags":[],"tax_estado":[],"class_list":["post-415873","post","type-post","status-publish","format-standard","has-post-thumbnail","hentry","category-cursos-e-concursos"],"acf":[],"yoast_head":"<!-- This site is optimized with the Yoast SEO Premium plugin v27.2 (Yoast SEO v27.2) - https:\/\/yoast.com\/product\/yoast-seo-premium-wordpress\/ -->\n<title>Concurso MPU: \u00f3rg\u00e3o faz convoca\u00e7\u00e3o nacional para o cargo de Analista<\/title>\n<meta name=\"robots\" content=\"index, follow, max-snippet:-1, max-image-preview:large, max-video-preview:-1\" \/>\n<link rel=\"canonical\" href=\"https:\/\/www.estrategiaconcursos.com.br\/blog\/concurso-mpu-orgao-faz-convocacao-nacional-para-o-cargo-de-analista\/\" \/>\n<meta property=\"og:locale\" content=\"pt_BR\" \/>\n<meta property=\"og:type\" content=\"article\" \/>\n<meta property=\"og:title\" content=\"Concurso MPU: \u00f3rg\u00e3o faz convoca\u00e7\u00e3o nacional para o cargo de Analista\" \/>\n<meta property=\"og:description\" content=\"Foi divulgado nesta semana o edital de convoca\u00e7\u00e3o N\u00ba 14 de candidatos aprovados no&nbsp;Concurso MPU, realizado em 2018. De acordo com o documento, os candidatos aos cargos Analista do Minist\u00e9rio P\u00fablico da Uni\u00e3o precisam optar pelas localidades de atua\u00e7\u00e3o ofertadas. Para concluir a op\u00e7\u00e3o, os candidatos dever\u00e3o preencher um formul\u00e1rio com as instru\u00e7\u00f5es que foram [&hellip;]\" \/>\n<meta property=\"og:url\" content=\"https:\/\/www.estrategiaconcursos.com.br\/blog\/concurso-mpu-orgao-faz-convocacao-nacional-para-o-cargo-de-analista\/\" \/>\n<meta property=\"og:site_name\" content=\"Estrat\u00e9gia Concursos\" \/>\n<meta property=\"article:author\" content=\"https:\/\/www.facebook.com\/heber.economia\" \/>\n<meta property=\"article:published_time\" content=\"2019-09-03T14:15:05+00:00\" \/>\n<meta property=\"article:modified_time\" content=\"2023-06-19T13:50:35+00:00\" \/>\n<meta property=\"og:image\" content=\"https:\/\/dhg1h5j42swfq.cloudfront.net\/2018\/10\/25160918\/concurso-mpu-e1523628548317.png\" \/>\n\t<meta property=\"og:image:width\" content=\"400\" \/>\n\t<meta property=\"og:image:height\" content=\"209\" \/>\n\t<meta property=\"og:image:type\" content=\"image\/png\" \/>\n<meta name=\"author\" content=\"Heber Carvalho\" \/>\n<meta name=\"twitter:card\" content=\"summary_large_image\" \/>\n<meta name=\"twitter:creator\" content=\"@https:\/\/twitter.com\/EstratConcursos\" \/>\n<meta name=\"twitter:site\" content=\"@EstratConcursos\" \/>\n<meta name=\"twitter:label1\" content=\"Escrito por\" \/>\n\t<meta name=\"twitter:data1\" content=\"Heber Carvalho\" \/>\n\t<meta name=\"twitter:label2\" content=\"Est. tempo de leitura\" \/>\n\t<meta name=\"twitter:data2\" content=\"1 minuto\" \/>\n<script type=\"application\/ld+json\" class=\"yoast-schema-graph\">{\"@context\":\"https:\/\/schema.org\",\"@graph\":[{\"@type\":\"NewsArticle\",\"@id\":\"https:\/\/www.estrategiaconcursos.com.br\/blog\/concurso-mpu-orgao-faz-convocacao-nacional-para-o-cargo-de-analista\/#article\",\"isPartOf\":{\"@id\":\"https:\/\/www.estrategiaconcursos.com.br\/blog\/concurso-mpu-orgao-faz-convocacao-nacional-para-o-cargo-de-analista\/\"},\"author\":{\"name\":\"Heber Carvalho\",\"@id\":\"https:\/\/www.estrategiaconcursos.com.br\/blog\/#\/schema\/person\/555176e5fb81029706226eaf88b58f77\"},\"headline\":\"Concurso MPU: \u00f3rg\u00e3o faz convoca\u00e7\u00e3o nacional para o cargo de Analista\",\"datePublished\":\"2019-09-03T14:15:05+00:00\",\"dateModified\":\"2023-06-19T13:50:35+00:00\",\"mainEntityOfPage\":{\"@id\":\"https:\/\/www.estrategiaconcursos.com.br\/blog\/concurso-mpu-orgao-faz-convocacao-nacional-para-o-cargo-de-analista\/\"},\"wordCount\":275,\"commentCount\":0,\"publisher\":{\"@id\":\"https:\/\/www.estrategiaconcursos.com.br\/blog\/#organization\"},\"image\":{\"@id\":\"https:\/\/www.estrategiaconcursos.com.br\/blog\/concurso-mpu-orgao-faz-convocacao-nacional-para-o-cargo-de-analista\/#primaryimage\"},\"thumbnailUrl\":\"https:\/\/dhg1h5j42swfq.cloudfront.net\/2018\/10\/25160918\/concurso-mpu-e1523628548317.png\",\"articleSection\":[\"Concursos P\u00fablicos\"],\"inLanguage\":\"pt-BR\",\"potentialAction\":[{\"@type\":\"CommentAction\",\"name\":\"Comment\",\"target\":[\"https:\/\/www.estrategiaconcursos.com.br\/blog\/concurso-mpu-orgao-faz-convocacao-nacional-para-o-cargo-de-analista\/#respond\"]}],\"copyrightYear\":\"2019\",\"copyrightHolder\":{\"@id\":\"https:\/\/www.estrategiaconcursos.com.br\/blog\/#organization\"}},{\"@type\":\"WebPage\",\"@id\":\"https:\/\/www.estrategiaconcursos.com.br\/blog\/concurso-mpu-orgao-faz-convocacao-nacional-para-o-cargo-de-analista\/\",\"url\":\"https:\/\/www.estrategiaconcursos.com.br\/blog\/concurso-mpu-orgao-faz-convocacao-nacional-para-o-cargo-de-analista\/\",\"name\":\"Concurso MPU: \u00f3rg\u00e3o faz convoca\u00e7\u00e3o nacional para o cargo de Analista\",\"isPartOf\":{\"@id\":\"https:\/\/www.estrategiaconcursos.com.br\/blog\/#website\"},\"primaryImageOfPage\":{\"@id\":\"https:\/\/www.estrategiaconcursos.com.br\/blog\/concurso-mpu-orgao-faz-convocacao-nacional-para-o-cargo-de-analista\/#primaryimage\"},\"image\":{\"@id\":\"https:\/\/www.estrategiaconcursos.com.br\/blog\/concurso-mpu-orgao-faz-convocacao-nacional-para-o-cargo-de-analista\/#primaryimage\"},\"thumbnailUrl\":\"https:\/\/dhg1h5j42swfq.cloudfront.net\/2018\/10\/25160918\/concurso-mpu-e1523628548317.png\",\"datePublished\":\"2019-09-03T14:15:05+00:00\",\"dateModified\":\"2023-06-19T13:50:35+00:00\",\"breadcrumb\":{\"@id\":\"https:\/\/www.estrategiaconcursos.com.br\/blog\/concurso-mpu-orgao-faz-convocacao-nacional-para-o-cargo-de-analista\/#breadcrumb\"},\"inLanguage\":\"pt-BR\",\"potentialAction\":[{\"@type\":\"ReadAction\",\"target\":[\"https:\/\/www.estrategiaconcursos.com.br\/blog\/concurso-mpu-orgao-faz-convocacao-nacional-para-o-cargo-de-analista\/\"]}]},{\"@type\":\"ImageObject\",\"inLanguage\":\"pt-BR\",\"@id\":\"https:\/\/www.estrategiaconcursos.com.br\/blog\/concurso-mpu-orgao-faz-convocacao-nacional-para-o-cargo-de-analista\/#primaryimage\",\"url\":\"https:\/\/dhg1h5j42swfq.cloudfront.net\/2018\/10\/25160918\/concurso-mpu-e1523628548317.png\",\"contentUrl\":\"https:\/\/dhg1h5j42swfq.cloudfront.net\/2018\/10\/25160918\/concurso-mpu-e1523628548317.png\",\"width\":400,\"height\":209,\"caption\":\"mpu\"},{\"@type\":\"BreadcrumbList\",\"@id\":\"https:\/\/www.estrategiaconcursos.com.br\/blog\/concurso-mpu-orgao-faz-convocacao-nacional-para-o-cargo-de-analista\/#breadcrumb\",\"itemListElement\":[{\"@type\":\"ListItem\",\"position\":1,\"name\":\"In\u00edcio\",\"item\":\"https:\/\/www.estrategiaconcursos.com.br\/blog\/\"},{\"@type\":\"ListItem\",\"position\":2,\"name\":\"Concurso MPU: \u00f3rg\u00e3o faz convoca\u00e7\u00e3o nacional para o cargo de Analista\"}]},{\"@type\":\"WebSite\",\"@id\":\"https:\/\/www.estrategiaconcursos.com.br\/blog\/#website\",\"url\":\"https:\/\/www.estrategiaconcursos.com.br\/blog\/\",\"name\":\"Estrat\u00e9gia Concursos\",\"description\":\"O blog da Estrat\u00e9gia Concursos traz not\u00edcias sobre concursos e artigos de professores oferecendo cursos para concursos (pdf + videaulas) no site.\",\"publisher\":{\"@id\":\"https:\/\/www.estrategiaconcursos.com.br\/blog\/#organization\"},\"potentialAction\":[{\"@type\":\"SearchAction\",\"target\":{\"@type\":\"EntryPoint\",\"urlTemplate\":\"https:\/\/www.estrategiaconcursos.com.br\/blog\/?s={search_term_string}\"},\"query-input\":{\"@type\":\"PropertyValueSpecification\",\"valueRequired\":true,\"valueName\":\"search_term_string\"}}],\"inLanguage\":\"pt-BR\"},{\"@type\":\"Organization\",\"@id\":\"https:\/\/www.estrategiaconcursos.com.br\/blog\/#organization\",\"name\":\"Estrat\u00e9gia Concursos\",\"url\":\"https:\/\/www.estrategiaconcursos.com.br\/blog\/\",\"logo\":{\"@type\":\"ImageObject\",\"inLanguage\":\"pt-BR\",\"@id\":\"https:\/\/www.estrategiaconcursos.com.br\/blog\/#\/schema\/logo\/image\/\",\"url\":\"https:\/\/dhg1h5j42swfq.cloudfront.net\/2025\/06\/03203428\/logo_concursos-1.jpg\",\"contentUrl\":\"https:\/\/dhg1h5j42swfq.cloudfront.net\/2025\/06\/03203428\/logo_concursos-1.jpg\",\"width\":230,\"height\":60,\"caption\":\"Estrat\u00e9gia Concursos\"},\"image\":{\"@id\":\"https:\/\/www.estrategiaconcursos.com.br\/blog\/#\/schema\/logo\/image\/\"},\"sameAs\":[\"https:\/\/x.com\/EstratConcursos\"]},{\"@type\":\"Person\",\"@id\":\"https:\/\/www.estrategiaconcursos.com.br\/blog\/#\/schema\/person\/555176e5fb81029706226eaf88b58f77\",\"name\":\"Heber Carvalho\",\"image\":{\"@type\":\"ImageObject\",\"inLanguage\":\"pt-BR\",\"@id\":\"https:\/\/secure.gravatar.com\/avatar\/7fb00f951b5b5ef6352d915a4dd32e75828f1e329e22967291a52e461270e40a?s=96&d=mm&r=g\",\"url\":\"https:\/\/secure.gravatar.com\/avatar\/7fb00f951b5b5ef6352d915a4dd32e75828f1e329e22967291a52e461270e40a?s=96&d=mm&r=g\",\"contentUrl\":\"https:\/\/secure.gravatar.com\/avatar\/7fb00f951b5b5ef6352d915a4dd32e75828f1e329e22967291a52e461270e40a?s=96&d=mm&r=g\",\"caption\":\"Heber Carvalho\"},\"sameAs\":[\"https:\/\/www.facebook.com\/heber.economia\",\"https:\/\/x.com\/https:\/\/twitter.com\/EstratConcursos\"],\"url\":\"https:\/\/www.estrategiaconcursos.com.br\/blog\/author\/hebercarvalhoestrategiaconcursos-com-br\/\"}]}<\/script>\n<!-- \/ Yoast SEO Premium plugin. -->","yoast_head_json":{"title":"Concurso MPU: \u00f3rg\u00e3o faz convoca\u00e7\u00e3o nacional para o cargo de Analista","robots":{"index":"index","follow":"follow","max-snippet":"max-snippet:-1","max-image-preview":"max-image-preview:large","max-video-preview":"max-video-preview:-1"},"canonical":"https:\/\/www.estrategiaconcursos.com.br\/blog\/concurso-mpu-orgao-faz-convocacao-nacional-para-o-cargo-de-analista\/","og_locale":"pt_BR","og_type":"article","og_title":"Concurso MPU: \u00f3rg\u00e3o faz convoca\u00e7\u00e3o nacional para o cargo de Analista","og_description":"Foi divulgado nesta semana o edital de convoca\u00e7\u00e3o N\u00ba 14 de candidatos aprovados no&nbsp;Concurso MPU, realizado em 2018. De acordo com o documento, os candidatos aos cargos Analista do Minist\u00e9rio P\u00fablico da Uni\u00e3o precisam optar pelas localidades de atua\u00e7\u00e3o ofertadas. Para concluir a op\u00e7\u00e3o, os candidatos dever\u00e3o preencher um formul\u00e1rio com as instru\u00e7\u00f5es que foram [&hellip;]","og_url":"https:\/\/www.estrategiaconcursos.com.br\/blog\/concurso-mpu-orgao-faz-convocacao-nacional-para-o-cargo-de-analista\/","og_site_name":"Estrat\u00e9gia Concursos","article_author":"https:\/\/www.facebook.com\/heber.economia","article_published_time":"2019-09-03T14:15:05+00:00","article_modified_time":"2023-06-19T13:50:35+00:00","og_image":[{"width":400,"height":209,"url":"https:\/\/dhg1h5j42swfq.cloudfront.net\/2018\/10\/25160918\/concurso-mpu-e1523628548317.png","type":"image\/png"}],"author":"Heber Carvalho","twitter_card":"summary_large_image","twitter_creator":"@https:\/\/twitter.com\/EstratConcursos","twitter_site":"@EstratConcursos","twitter_misc":{"Escrito por":"Heber Carvalho","Est. tempo de leitura":"1 minuto"},"schema":{"@context":"https:\/\/schema.org","@graph":[{"@type":"NewsArticle","@id":"https:\/\/www.estrategiaconcursos.com.br\/blog\/concurso-mpu-orgao-faz-convocacao-nacional-para-o-cargo-de-analista\/#article","isPartOf":{"@id":"https:\/\/www.estrategiaconcursos.com.br\/blog\/concurso-mpu-orgao-faz-convocacao-nacional-para-o-cargo-de-analista\/"},"author":{"name":"Heber Carvalho","@id":"https:\/\/www.estrategiaconcursos.com.br\/blog\/#\/schema\/person\/555176e5fb81029706226eaf88b58f77"},"headline":"Concurso MPU: \u00f3rg\u00e3o faz convoca\u00e7\u00e3o nacional para o cargo de Analista","datePublished":"2019-09-03T14:15:05+00:00","dateModified":"2023-06-19T13:50:35+00:00","mainEntityOfPage":{"@id":"https:\/\/www.estrategiaconcursos.com.br\/blog\/concurso-mpu-orgao-faz-convocacao-nacional-para-o-cargo-de-analista\/"},"wordCount":275,"commentCount":0,"publisher":{"@id":"https:\/\/www.estrategiaconcursos.com.br\/blog\/#organization"},"image":{"@id":"https:\/\/www.estrategiaconcursos.com.br\/blog\/concurso-mpu-orgao-faz-convocacao-nacional-para-o-cargo-de-analista\/#primaryimage"},"thumbnailUrl":"https:\/\/dhg1h5j42swfq.cloudfront.net\/2018\/10\/25160918\/concurso-mpu-e1523628548317.png","articleSection":["Concursos P\u00fablicos"],"inLanguage":"pt-BR","potentialAction":[{"@type":"CommentAction","name":"Comment","target":["https:\/\/www.estrategiaconcursos.com.br\/blog\/concurso-mpu-orgao-faz-convocacao-nacional-para-o-cargo-de-analista\/#respond"]}],"copyrightYear":"2019","copyrightHolder":{"@id":"https:\/\/www.estrategiaconcursos.com.br\/blog\/#organization"}},{"@type":"WebPage","@id":"https:\/\/www.estrategiaconcursos.com.br\/blog\/concurso-mpu-orgao-faz-convocacao-nacional-para-o-cargo-de-analista\/","url":"https:\/\/www.estrategiaconcursos.com.br\/blog\/concurso-mpu-orgao-faz-convocacao-nacional-para-o-cargo-de-analista\/","name":"Concurso MPU: \u00f3rg\u00e3o faz convoca\u00e7\u00e3o nacional para o cargo de Analista","isPartOf":{"@id":"https:\/\/www.estrategiaconcursos.com.br\/blog\/#website"},"primaryImageOfPage":{"@id":"https:\/\/www.estrategiaconcursos.com.br\/blog\/concurso-mpu-orgao-faz-convocacao-nacional-para-o-cargo-de-analista\/#primaryimage"},"image":{"@id":"https:\/\/www.estrategiaconcursos.com.br\/blog\/concurso-mpu-orgao-faz-convocacao-nacional-para-o-cargo-de-analista\/#primaryimage"},"thumbnailUrl":"https:\/\/dhg1h5j42swfq.cloudfront.net\/2018\/10\/25160918\/concurso-mpu-e1523628548317.png","datePublished":"2019-09-03T14:15:05+00:00","dateModified":"2023-06-19T13:50:35+00:00","breadcrumb":{"@id":"https:\/\/www.estrategiaconcursos.com.br\/blog\/concurso-mpu-orgao-faz-convocacao-nacional-para-o-cargo-de-analista\/#breadcrumb"},"inLanguage":"pt-BR","potentialAction":[{"@type":"ReadAction","target":["https:\/\/www.estrategiaconcursos.com.br\/blog\/concurso-mpu-orgao-faz-convocacao-nacional-para-o-cargo-de-analista\/"]}]},{"@type":"ImageObject","inLanguage":"pt-BR","@id":"https:\/\/www.estrategiaconcursos.com.br\/blog\/concurso-mpu-orgao-faz-convocacao-nacional-para-o-cargo-de-analista\/#primaryimage","url":"https:\/\/dhg1h5j42swfq.cloudfront.net\/2018\/10\/25160918\/concurso-mpu-e1523628548317.png","contentUrl":"https:\/\/dhg1h5j42swfq.cloudfront.net\/2018\/10\/25160918\/concurso-mpu-e1523628548317.png","width":400,"height":209,"caption":"mpu"},{"@type":"BreadcrumbList","@id":"https:\/\/www.estrategiaconcursos.com.br\/blog\/concurso-mpu-orgao-faz-convocacao-nacional-para-o-cargo-de-analista\/#breadcrumb","itemListElement":[{"@type":"ListItem","position":1,"name":"In\u00edcio","item":"https:\/\/www.estrategiaconcursos.com.br\/blog\/"},{"@type":"ListItem","position":2,"name":"Concurso MPU: \u00f3rg\u00e3o faz convoca\u00e7\u00e3o nacional para o cargo de Analista"}]},{"@type":"WebSite","@id":"https:\/\/www.estrategiaconcursos.com.br\/blog\/#website","url":"https:\/\/www.estrategiaconcursos.com.br\/blog\/","name":"Estrat\u00e9gia Concursos","description":"O blog da Estrat\u00e9gia Concursos traz not\u00edcias sobre concursos e artigos de professores oferecendo cursos para concursos (pdf + videaulas) no site.","publisher":{"@id":"https:\/\/www.estrategiaconcursos.com.br\/blog\/#organization"},"potentialAction":[{"@type":"SearchAction","target":{"@type":"EntryPoint","urlTemplate":"https:\/\/www.estrategiaconcursos.com.br\/blog\/?s={search_term_string}"},"query-input":{"@type":"PropertyValueSpecification","valueRequired":true,"valueName":"search_term_string"}}],"inLanguage":"pt-BR"},{"@type":"Organization","@id":"https:\/\/www.estrategiaconcursos.com.br\/blog\/#organization","name":"Estrat\u00e9gia Concursos","url":"https:\/\/www.estrategiaconcursos.com.br\/blog\/","logo":{"@type":"ImageObject","inLanguage":"pt-BR","@id":"https:\/\/www.estrategiaconcursos.com.br\/blog\/#\/schema\/logo\/image\/","url":"https:\/\/dhg1h5j42swfq.cloudfront.net\/2025\/06\/03203428\/logo_concursos-1.jpg","contentUrl":"https:\/\/dhg1h5j42swfq.cloudfront.net\/2025\/06\/03203428\/logo_concursos-1.jpg","width":230,"height":60,"caption":"Estrat\u00e9gia Concursos"},"image":{"@id":"https:\/\/www.estrategiaconcursos.com.br\/blog\/#\/schema\/logo\/image\/"},"sameAs":["https:\/\/x.com\/EstratConcursos"]},{"@type":"Person","@id":"https:\/\/www.estrategiaconcursos.com.br\/blog\/#\/schema\/person\/555176e5fb81029706226eaf88b58f77","name":"Heber Carvalho","image":{"@type":"ImageObject","inLanguage":"pt-BR","@id":"https:\/\/secure.gravatar.com\/avatar\/7fb00f951b5b5ef6352d915a4dd32e75828f1e329e22967291a52e461270e40a?s=96&d=mm&r=g","url":"https:\/\/secure.gravatar.com\/avatar\/7fb00f951b5b5ef6352d915a4dd32e75828f1e329e22967291a52e461270e40a?s=96&d=mm&r=g","contentUrl":"https:\/\/secure.gravatar.com\/avatar\/7fb00f951b5b5ef6352d915a4dd32e75828f1e329e22967291a52e461270e40a?s=96&d=mm&r=g","caption":"Heber Carvalho"},"sameAs":["https:\/\/www.facebook.com\/heber.economia","https:\/\/x.com\/https:\/\/twitter.com\/EstratConcursos"],"url":"https:\/\/www.estrategiaconcursos.com.br\/blog\/author\/hebercarvalhoestrategiaconcursos-com-br\/"}]}},"_links":{"self":[{"href":"https:\/\/www.estrategiaconcursos.com.br\/blog\/wp-json\/wp\/v2\/posts\/415873","targetHints":{"allow":["GET"]}}],"collection":[{"href":"https:\/\/www.estrategiaconcursos.com.br\/blog\/wp-json\/wp\/v2\/posts"}],"about":[{"href":"https:\/\/www.estrategiaconcursos.com.br\/blog\/wp-json\/wp\/v2\/types\/post"}],"author":[{"embeddable":true,"href":"https:\/\/www.estrategiaconcursos.com.br\/blog\/wp-json\/wp\/v2\/users\/13"}],"replies":[{"embeddable":true,"href":"https:\/\/www.estrategiaconcursos.com.br\/blog\/wp-json\/wp\/v2\/comments?post=415873"}],"version-history":[{"count":3,"href":"https:\/\/www.estrategiaconcursos.com.br\/blog\/wp-json\/wp\/v2\/posts\/415873\/revisions"}],"predecessor-version":[{"id":1234505,"href":"https:\/\/www.estrategiaconcursos.com.br\/blog\/wp-json\/wp\/v2\/posts\/415873\/revisions\/1234505"}],"wp:featuredmedia":[{"embeddable":true,"href":"https:\/\/www.estrategiaconcursos.com.br\/blog\/wp-json\/wp\/v2\/media\/148957"}],"wp:attachment":[{"href":"https:\/\/www.estrategiaconcursos.com.br\/blog\/wp-json\/wp\/v2\/media?parent=415873"}],"wp:term":[{"taxonomy":"category","embeddable":true,"href":"https:\/\/www.estrategiaconcursos.com.br\/blog\/wp-json\/wp\/v2\/categories?post=415873"},{"taxonomy":"post_tag","embeddable":true,"href":"https:\/\/www.estrategiaconcursos.com.br\/blog\/wp-json\/wp\/v2\/tags?post=415873"},{"taxonomy":"tax_estado","embeddable":true,"href":"https:\/\/www.estrategiaconcursos.com.br\/blog\/wp-json\/wp\/v2\/tax_estado?post=415873"}],"curies":[{"name":"wp","href":"https:\/\/api.w.org\/{rel}","templated":true}]}}