{"id":415724,"date":"2019-09-03T09:54:01","date_gmt":"2019-09-03T12:54:01","guid":{"rendered":"https:\/\/www.estrategiaconcursos.com.br\/blog\/?p=415724"},"modified":"2023-06-26T10:34:53","modified_gmt":"2023-06-26T13:34:53","slug":"edital-fundac-pb","status":"publish","type":"post","link":"https:\/\/www.estrategiaconcursos.com.br\/blog\/edital-fundac-pb\/","title":{"rendered":"Edital Fundac PB: saiu edital com 400 vagas para Agente Socioeducativo"},"content":{"rendered":"\n<p>Foi publicado nesta ter\u00e7a-feira, 3 de setembro, no Di\u00e1rio Oficial do estado o <strong>Edital FUNDAC PB<\/strong> da Funda\u00e7\u00e3o Desenvolvimento da Crian\u00e7a e do Adolescente. <\/p>\n\n\n\n<p>O certame visa ofertar aos candidatos&nbsp;<em><strong>400 vagas<\/strong> pra n\u00edvel m\u00e9dio\/t\u00e9cnico<\/em> destinadas ao cargo de Agente Socioeducativo.<\/p>\n\n\n\n<p>Desse total, 348 s\u00e3o para o sexo masculino e 52 vagas para o sexo feminino.<\/p>\n\n\n\n<h2 class=\"wp-block-heading\" id=\"principais\">Principais informa\u00e7\u00f5es do concurso Fundac PB<\/h2>\n\n\n\n<p>Os candidatos interessados pelas vagas do certame devem se<strong>&nbsp;inscrever<\/strong>&nbsp;no site da banca organizadora <em>IBADE<\/em>, entre os dias<strong> 4 de setembro e 7 de outubro<\/strong>. Ap\u00f3s realizar a inscri\u00e7\u00e3o, os concurseiros dever\u00e3o pagar a taxa estabelecida abaixo:<\/p>\n\n\n\n<ul class=\"wp-block-list\">\n<li> <strong><em>R$ 56,00  &#8211; Agente Socioeducativo <\/em><\/strong><\/li>\n<\/ul>\n\n\n\n<p>Os candidatos que necessitarem da&nbsp;<strong><em>isen\u00e7\u00e3o da taxa de inscri\u00e7\u00e3o<\/em><\/strong>&nbsp;devem solicitar atrav\u00e9s do portal online da <em>IBADE<\/em> entre os dias&nbsp;<strong>5 e 11 de setembro<\/strong>. A&nbsp;<em>prova objetiva<\/em>&nbsp;est\u00e1 agendada para o dia<strong>&nbsp;27 de outubro<\/strong>.<\/p>\n\n\n\n<h3 class=\"wp-block-heading\">Principais Datas<\/h3>\n\n\n\n<p class=\"has-very-light-gray-background-color has-background\"><strong><em>Inscri\u00e7\u00f5es<\/em><\/strong><em>: 4 de setembro at\u00e9 7 de outubro<\/em> <em><br \/><\/em><strong><em>Isen\u00e7\u00e3o da taxa<\/em><\/strong><em>: 5 a 11 de setembro <br \/><\/em><strong><em>Prova objetiva<\/em><\/strong><em>: 27 de outubro <\/em><\/p>\n\n\n\n<h2 class=\"wp-block-heading\" id=\"cargos\">Cargos, vagas e remunera\u00e7\u00e3o <\/h2>\n\n\n\n<p>S\u00e3o oferecidas <strong>400 vagas<\/strong> para o cargo de Agente Socioeducativo, que exige forma\u00e7\u00e3o de n\u00edvel m\u00e9dio\/t\u00e9cnico. <\/p>\n\n\n\n<p>A regi\u00e3o com o maior n\u00famero de oportunidades ofertadas \u00e9 a <strong>\u00e1rea I<\/strong>, com vagas para os munic\u00edpios de Jo\u00e3o Pessoa, Bayeux, Cabedelo, Santa Rita, Mamanguape, Rio Tinto, Sap\u00e9, Itabaiana e Guarabira. <\/p>\n\n\n\n<p>A remunera\u00e7\u00e3o inicial \u00e9 de <strong>R$ 1.617,20 + 20% de adicional noturno<\/strong>, sendo esse sal\u00e1rio fragmentado em R$ 998,00 (Vencimento B\u00e1sico), R$ 399,20 (Gratifica\u00e7\u00e3o de Atividade Especial e de Risco) e R$ 220,00 (Aux\u00edlio Alimenta\u00e7\u00e3o).<\/p>\n\n\n\n<p class=\"has-text-align-center\"><strong>Acompanhe abaixo as \u00e1reas de lota\u00e7\u00e3o e quantidade de vagas.<\/strong><\/p>\n\n\n\n<figure class=\"wp-block-table is-style-stripes\"><table class=\"has-subtle-pale-pink-background-color has-background has-fixed-layout\"><tbody><tr><td><strong>\u00c1REA<\/strong><\/td><td><strong>VAGAS<\/strong><\/td><td><strong>POR G\u00caNERO<\/strong><\/td><\/tr><tr><td><strong> \u00c1REA-I<\/strong> ( Jo\u00e3o Pessoa, Bayeux, Cabedelo, Santa Rita, Mamanguape, Rio Tinto, Sap\u00e9, Itabaiana e Guarabira)  <\/td><td><strong> 277 <\/strong><\/td><td>Masculino &#8211; 237<br \/>Feminino &#8211; 40<\/td><\/tr><tr><td> <strong>\u00c1REA-II <\/strong>( Lagoa Seca, Campina Grande, Alagoa Grande, Bananeiras e Monteiro)<\/td><td><strong> 88 <\/strong><\/td><td> <br \/>Masculino &#8211; 82<br \/>Feminino &#8211; 06 <\/td><\/tr><tr><td><strong> \u00c1REA-III<\/strong> ( Sousa, Santa Luzia, Patos, Pianc\u00f3, Itaporanga, Concei\u00e7\u00e3o, Uira\u00fana e Cajazeiras)<\/td><td> <strong>35 <\/strong><\/td><td> <br \/>Masculino &#8211; 29<br \/>Feminino &#8211; 06<\/td><\/tr><\/tbody><\/table><\/figure>\n\n\n\n<h2 class=\"wp-block-heading\" id=\"etapas\">Etapas do Edital FUNDAC PB<\/h2>\n\n\n\n<p>O edital traz as seguintes etapas para o cargo de Agente Socioeducativo:<\/p>\n\n\n\n<ul class=\"wp-block-list\">\n<li>Provas Objetivas <\/li>\n\n\n\n<li>Provas de T\u00edtulos<\/li>\n\n\n\n<li>Prova de Capacidade F\u00edsica<\/li>\n\n\n\n<li>Exame Psicot\u00e9cnico<\/li>\n\n\n\n<li>Investiga\u00e7\u00e3o Social <\/li>\n\n\n\n<li>Curso de Forma\u00e7\u00e3o Profissional.  <\/li>\n<\/ul>\n\n\n\n<p>Lembrando que para concorrer a uma vaga \u00e9 necess\u00e1rio Ensino M\u00e9dio, T\u00e9cnico Equivalente completo reconhecido pelo MEC. <\/p>\n\n\n\n<h2 class=\"wp-block-heading\" id=\"objetiva\">Prova Objetiva <\/h2>\n\n\n\n<p> A prova objetiva, de car\u00e1ter eliminat\u00f3rio e classificat\u00f3rio,&nbsp;ser\u00e1 constitu\u00edda de quest\u00f5es de m\u00faltipla escolha, com 5 alternativas cada uma. Ser\u00e3o<strong> 50 quest\u00f5es<\/strong>, difundidas nas disciplinas de:<\/p>\n\n\n\n<ul class=\"wp-block-list\">\n<li>L\u00edngua Portuguesa &#8211; 10 quest\u00f5es (valor 2,5)<\/li>\n\n\n\n<li>Hist\u00f3ria da Para\u00edba &#8211; 05 quest\u00f5es (valor 2,0) <\/li>\n\n\n\n<li>Direitos Humanos &#8211; 10 quest\u00f5es (valor 1,5)<\/li>\n\n\n\n<li>Conhecimentos Espec\u00edficos &#8211; 25 quest\u00f5es (valor 2,0)<\/li>\n<\/ul>\n\n\n\n<p>Ser\u00e1 eliminado do concurso da Fundac PB o candidato que n\u00e3o obtiver, pelo menos, 50% dos pontos da Prova Objetiva e\/ou obtiver nota zero em qualquer uma das disciplinas.<\/p>\n\n\n\n<h2 class=\"wp-block-heading\">Prova de T\u00edtulos<\/h2>\n\n\n\n<p>Participar\u00e3o desta Fase todos os candidatos aptos na Prova Objetiva, exceto os candidatos que se declararam com defici\u00eancia e foram reprovados na per\u00edcia m\u00e9dica.<\/p>\n\n\n\n<figure class=\"wp-block-table is-style-regular\"><table class=\"has-subtle-pale-blue-background-color has-background has-fixed-layout\"><tbody><tr><td> <br \/><strong>ITEM <\/strong><\/td><td> <br \/><strong>DISCRIMINA\u00c7\u00c3O  <\/strong><\/td><td> <br \/><strong>VALOR DO T\u00cdTULO <\/strong><\/td><td> <br \/><strong>VALOR M\u00c1XIMO DOS T\u00cdTULOS<\/strong> <\/td><\/tr><tr><td>A<\/td><td> <br \/>A Experi\u00eancia Profissional: Exerc\u00edcio de atividade pofissional na Administra\u00e7\u00e3o P\u00fablica ou Privada, na \u00e1rea de forma\u00e7\u00e3o espec\u00edfica do cargo a que concorre. <\/td><td> <br \/>0,25 por ano Completo, sem sobreposi\u00e7\u00e3o de tempo <\/td><td> <br \/>2,50 <\/td><\/tr><tr><td>B<\/td><td> <br \/>Cursos de Capacita\u00e7\u00e3o: Cursos com carga hor\u00e1ria acima de 40h\/aula na \u00e1rea de socioeduca\u00e7\u00e3o, n\u00e3o cumul\u00e1veis <\/td><td> <br \/>0,50 <\/td><td> <br \/>2,50 <\/td><\/tr><tr><td><\/td><td>Total<\/td><td><\/td><td><\/td><\/tr><\/tbody><\/table><\/figure>\n\n\n\n<h2 class=\"wp-block-heading\">Prova de Capacidade F\u00edsica<\/h2>\n\n\n\n<p>A Prova de Capacidade F\u00edsica &#8211; TAF possui car\u00e1ter eliminat\u00f3rio e tem por objetivo avaliar a agilidade, resist\u00eancia muscular e aer\u00f3bica do candidato, consideradas indispens\u00e1veis ao exerc\u00edcio de suas atividades.<\/p>\n\n\n\n<p> Os exerc\u00edcios f\u00edsicos para a realiza\u00e7\u00e3o da Prova de Capacidade F\u00edsica- TAF ser\u00e3o os seguintes: <\/p>\n\n\n\n<figure class=\"wp-block-image\"><img loading=\"lazy\" decoding=\"async\" width=\"894\" height=\"252\" src=\"https:\/\/dhg1h5j42swfq.cloudfront.net\/2019\/09\/03131533\/FUNDAC-TAF.png.png\" alt=\"\" class=\"wp-image-415985\" srcset=\"https:\/\/dhg1h5j42swfq.cloudfront.net\/2019\/09\/03131533\/FUNDAC-TAF.png.png 894w, https:\/\/dhg1h5j42swfq.cloudfront.net\/2019\/09\/03131533\/FUNDAC-TAF.png.png 300w, https:\/\/dhg1h5j42swfq.cloudfront.net\/2019\/09\/03131533\/FUNDAC-TAF.png.png 768w, https:\/\/dhg1h5j42swfq.cloudfront.net\/2019\/09\/03131533\/FUNDAC-TAF.png.png 610w\" sizes=\"auto, (max-width: 894px) 100vw, 894px\" \/><\/figure>\n\n\n\n<h2 class=\"wp-block-heading\"> Exame Psicot\u00e9cnico<\/h2>\n\n\n\n<p>Todos os candidatos considerados APTOS na Prova de Capacidade F\u00edsica &#8211; TAF ser\u00e3o convocados para o Exame Psicot\u00e9cnico, de presen\u00e7a obrigat\u00f3ria e de car\u00e1ter eliminat\u00f3rio, a ser realizado nos dias, locais e hor\u00e1rios informados no Ato da Convoca\u00e7\u00e3o, a ser divulgado no site do IBADE.<\/p>\n\n\n\n<h2 class=\"wp-block-heading\">Do Curso de Forma\u00e7\u00e3o do Edital FUNDAC PB<\/h2>\n\n\n\n<p>Ser\u00e1 realizado Curso de Forma\u00e7\u00e3o, de car\u00e1ter eliminat\u00f3rio, sob a responsabilidade do IBADE. Participar\u00e3o desta fase os candidatos aprovados nas fases anteriores, dentro do posicionamento indicado abaixo, obedecida, rigorosamente, a ordem de classifica\u00e7\u00e3o: Legenda: *AC \u2013 Ampla concorr\u00eancia \/ ** PCD \u2013 Pessoa com defici\u00eancia.<\/p>\n\n\n\n<p> <\/p>\n\n\n\n<figure class=\"wp-block-image is-resized\"><img loading=\"lazy\" decoding=\"async\" src=\"https:\/\/dhg1h5j42swfq.cloudfront.net\/2019\/09\/03131841\/curso-fundac.png.png\" alt=\"\" class=\"wp-image-415987\" width=\"645\" height=\"159\" srcset=\"https:\/\/dhg1h5j42swfq.cloudfront.net\/2019\/09\/03131841\/curso-fundac.png.png 885w, https:\/\/dhg1h5j42swfq.cloudfront.net\/2019\/09\/03131841\/curso-fundac.png.png 300w, https:\/\/dhg1h5j42swfq.cloudfront.net\/2019\/09\/03131841\/curso-fundac.png.png 768w, https:\/\/dhg1h5j42swfq.cloudfront.net\/2019\/09\/03131841\/curso-fundac.png.png 610w\" sizes=\"auto, (max-width: 645px) 100vw, 645px\" \/><\/figure>\n\n\n\n<p class=\"has-text-align-center\"><strong><em>Gostou da oportunidade e quer saber mais? Acesse a mat\u00e9ria completa<\/em><\/strong>:<\/p>\n\n\n\n<p class=\"has-text-align-center has-luminous-vivid-amber-background-color has-background\" style=\"font-size:clamp(16.293px, 1.018rem + ((1vw - 3.2px) * 0.854), 25px);px\"><a href=\"https:\/\/www.estrategiaconcursos.com.br\/blog\/concurso-fundac-pb\/\"><strong>Fundac PB 2019<\/strong><\/a><\/p>\n\n\n\n<h3 class=\"wp-block-heading\" id=\"cursos-assinatura\"><strong><em>Quer estudar para o Concurso Fundac PB?<\/em><\/strong><\/h3>\n\n\n\n<p><em><strong>Gostou desta oportunidade e deseja come\u00e7ar se preparar agora mesmo? Ent\u00e3o, confira os nossos cursos e comece a estudar:<\/strong><\/em><\/p>\n\n\n\n<p class=\"has-text-align-center has-light-green-cyan-background-color has-background\" style=\"font-size:clamp(16.293px, 1.018rem + ((1vw - 3.2px) * 0.854), 25px);px\"><strong><a rel=\"noreferrer noopener\" href=\"https:\/\/www.estrategiaconcursos.com.br\/cursos\/concurso\/\" target=\"_blank\">CURSO<\/a><\/strong><a href=\"https:\/\/www.estrategiaconcursos.com.br\/cursos\/concurso\/\">S FUNDAC PB<\/a><\/p>\n\n\n\n<p class=\"has-text-align-center\"><em><strong>Assinatura Anual Ilimitada*<\/strong><\/em><\/p>\n\n\n\n<p class=\"has-text-align-center\"><em>Prepare-se com o melhor material e com quem mais aprova em Concursos P\u00fablicos em todo o pa\u00eds. Assine agora a nossa Assinatura Anual e tenha acesso ilimitado* a todos os nossos cursos.<\/em><\/p>\n\n\n\n<p class=\"has-text-align-center has-very-light-gray-background-color has-background\" style=\"font-size:clamp(16.293px, 1.018rem + ((1vw - 3.2px) * 0.854), 25px);px\"><strong>ASSINE AGORA&nbsp;\u2013&nbsp;<\/strong><a rel=\"noreferrer noopener\" href=\"https:\/\/www.estrategiaconcursos.com.br\/assinaturas\" target=\"_blank\"><strong>Assinatura Ilimitada<\/strong><\/a><\/p>\n\n\n\n<p class=\"has-text-align-center\"><strong><em>Fique por dentro dos concursos vigentes:<\/em><\/strong><\/p>\n\n\n\n<p class=\"has-text-align-center has-pale-cyan-blue-background-color has-background\" style=\"font-size:clamp(16.293px, 1.018rem + ((1vw - 3.2px) * 0.854), 25px);px\"><strong><a href=\"https:\/\/www.estrategiaconcursos.com.br\/blog\/concursos-abertos\/\" target=\"_blank\" rel=\"noreferrer noopener\">CONCURSOS ABERTOS<\/a><\/strong><\/p>\n\n\n\n<figure class=\"wp-block-image\"><img loading=\"lazy\" decoding=\"async\" width=\"300\" height=\"102\" src=\"https:\/\/dhg1h5j42swfq.cloudfront.net\/2017\/03\/28152500\/coruja-ficha-tecnica-300x102.png\" alt=\"Ficha t\u00e9cnica do concurso Fundac PB\" class=\"wp-image-68542\"\/><\/figure>\n\n\n\n<h4 class=\"wp-block-heading\" id=\"ficha-tecnica\"><strong>Informa\u00e7\u00f5es sobre o concurso Fundac PB<\/strong><\/h4>\n\n\n\n<p>\u25ba<strong>Data prevista<\/strong>:  27 de outubro  <br \/>\u25ba<strong>Vagas<\/strong>: 400<br \/>\u25ba<strong>Cargos<\/strong>: Agente Socioeducativo&nbsp;<br \/>\u25ba<strong>Banca<\/strong>: IBADE<br \/>\u25ba<strong>Escolaridade<\/strong>: N\u00edvel m\u00e9dio\/t\u00e9cnico<br \/>\u25ba<strong>\u00daltimo Edital<\/strong>:&nbsp;<strong><a href=\"https:\/\/dhg1h5j42swfq.cloudfront.net\/2019\/09\/03094118\/EDITAL_FUNDAC_PB.pdf\">Fundac PB 2019<\/a><\/strong><\/p>\n\n\n\n<p><em>Ascom Estrat\u00e9gia<\/em><br \/>ascomestrategia@gmail.com<\/p>\n","protected":false},"excerpt":{"rendered":"<p>Foi publicado nesta ter\u00e7a-feira, 3 de setembro, no Di\u00e1rio Oficial do estado o Edital FUNDAC PB da Funda\u00e7\u00e3o Desenvolvimento da Crian\u00e7a e do Adolescente. O certame visa ofertar aos candidatos&nbsp;400 vagas pra n\u00edvel m\u00e9dio\/t\u00e9cnico destinadas ao cargo de Agente Socioeducativo. Desse total, 348 s\u00e3o para o sexo masculino e 52 vagas para o sexo feminino. [&hellip;]<\/p>\n","protected":false},"author":13,"featured_media":376359,"comment_status":"open","ping_status":"closed","sticky":false,"template":"","format":"standard","meta":{"post_tipo":"article","footnotes":""},"categories":[1],"tags":[],"tax_estado":[],"class_list":["post-415724","post","type-post","status-publish","format-standard","has-post-thumbnail","hentry","category-cursos-e-concursos"],"acf":[],"yoast_head":"<!-- This site is optimized with the Yoast SEO Premium plugin v27.2 (Yoast SEO v27.2) - https:\/\/yoast.com\/product\/yoast-seo-premium-wordpress\/ -->\n<title>Edital Fundac PB: saiu edital com 400 vagas para Agente Socioeducativo<\/title>\n<meta name=\"robots\" content=\"index, follow, max-snippet:-1, max-image-preview:large, max-video-preview:-1\" \/>\n<link rel=\"canonical\" href=\"https:\/\/www.estrategiaconcursos.com.br\/blog\/edital-fundac-pb\/\" \/>\n<meta property=\"og:locale\" content=\"pt_BR\" \/>\n<meta property=\"og:type\" content=\"article\" \/>\n<meta property=\"og:title\" content=\"Edital Fundac PB: saiu edital com 400 vagas para Agente Socioeducativo\" \/>\n<meta property=\"og:description\" content=\"Foi publicado nesta ter\u00e7a-feira, 3 de setembro, no Di\u00e1rio Oficial do estado o Edital FUNDAC PB da Funda\u00e7\u00e3o Desenvolvimento da Crian\u00e7a e do Adolescente. O certame visa ofertar aos candidatos&nbsp;400 vagas pra n\u00edvel m\u00e9dio\/t\u00e9cnico destinadas ao cargo de Agente Socioeducativo. Desse total, 348 s\u00e3o para o sexo masculino e 52 vagas para o sexo feminino. [&hellip;]\" \/>\n<meta property=\"og:url\" content=\"https:\/\/www.estrategiaconcursos.com.br\/blog\/edital-fundac-pb\/\" \/>\n<meta property=\"og:site_name\" content=\"Estrat\u00e9gia Concursos\" \/>\n<meta property=\"article:author\" content=\"https:\/\/www.facebook.com\/heber.economia\" \/>\n<meta property=\"article:published_time\" content=\"2019-09-03T12:54:01+00:00\" \/>\n<meta property=\"article:modified_time\" content=\"2023-06-26T13:34:53+00:00\" \/>\n<meta property=\"og:image\" content=\"https:\/\/dhg1h5j42swfq.cloudfront.net\/2019\/05\/22091947\/saiu-edital-1024x536-e1559223622269.jpg\" \/>\n\t<meta property=\"og:image:width\" content=\"400\" \/>\n\t<meta property=\"og:image:height\" content=\"209\" \/>\n\t<meta property=\"og:image:type\" content=\"image\/jpeg\" \/>\n<meta name=\"author\" content=\"Heber Carvalho\" \/>\n<meta name=\"twitter:card\" content=\"summary_large_image\" \/>\n<meta name=\"twitter:creator\" content=\"@https:\/\/twitter.com\/EstratConcursos\" \/>\n<meta name=\"twitter:site\" content=\"@EstratConcursos\" \/>\n<meta name=\"twitter:label1\" content=\"Escrito por\" \/>\n\t<meta name=\"twitter:data1\" content=\"Heber Carvalho\" \/>\n\t<meta name=\"twitter:label2\" content=\"Est. tempo de leitura\" \/>\n\t<meta name=\"twitter:data2\" content=\"5 minutos\" \/>\n<script type=\"application\/ld+json\" class=\"yoast-schema-graph\">{\"@context\":\"https:\/\/schema.org\",\"@graph\":[{\"@type\":\"NewsArticle\",\"@id\":\"https:\/\/www.estrategiaconcursos.com.br\/blog\/edital-fundac-pb\/#article\",\"isPartOf\":{\"@id\":\"https:\/\/www.estrategiaconcursos.com.br\/blog\/edital-fundac-pb\/\"},\"author\":{\"name\":\"Heber Carvalho\",\"@id\":\"https:\/\/www.estrategiaconcursos.com.br\/blog\/#\/schema\/person\/555176e5fb81029706226eaf88b58f77\"},\"headline\":\"Edital Fundac PB: saiu edital com 400 vagas para Agente Socioeducativo\",\"datePublished\":\"2019-09-03T12:54:01+00:00\",\"dateModified\":\"2023-06-26T13:34:53+00:00\",\"mainEntityOfPage\":{\"@id\":\"https:\/\/www.estrategiaconcursos.com.br\/blog\/edital-fundac-pb\/\"},\"wordCount\":916,\"commentCount\":0,\"publisher\":{\"@id\":\"https:\/\/www.estrategiaconcursos.com.br\/blog\/#organization\"},\"image\":{\"@id\":\"https:\/\/www.estrategiaconcursos.com.br\/blog\/edital-fundac-pb\/#primaryimage\"},\"thumbnailUrl\":\"https:\/\/dhg1h5j42swfq.cloudfront.net\/2019\/05\/22091947\/saiu-edital-1024x536-e1559223622269.jpg\",\"articleSection\":[\"Concursos P\u00fablicos\"],\"inLanguage\":\"pt-BR\",\"potentialAction\":[{\"@type\":\"CommentAction\",\"name\":\"Comment\",\"target\":[\"https:\/\/www.estrategiaconcursos.com.br\/blog\/edital-fundac-pb\/#respond\"]}],\"copyrightYear\":\"2019\",\"copyrightHolder\":{\"@id\":\"https:\/\/www.estrategiaconcursos.com.br\/blog\/#organization\"}},{\"@type\":\"WebPage\",\"@id\":\"https:\/\/www.estrategiaconcursos.com.br\/blog\/edital-fundac-pb\/\",\"url\":\"https:\/\/www.estrategiaconcursos.com.br\/blog\/edital-fundac-pb\/\",\"name\":\"Edital Fundac PB: saiu edital com 400 vagas para Agente Socioeducativo\",\"isPartOf\":{\"@id\":\"https:\/\/www.estrategiaconcursos.com.br\/blog\/#website\"},\"primaryImageOfPage\":{\"@id\":\"https:\/\/www.estrategiaconcursos.com.br\/blog\/edital-fundac-pb\/#primaryimage\"},\"image\":{\"@id\":\"https:\/\/www.estrategiaconcursos.com.br\/blog\/edital-fundac-pb\/#primaryimage\"},\"thumbnailUrl\":\"https:\/\/dhg1h5j42swfq.cloudfront.net\/2019\/05\/22091947\/saiu-edital-1024x536-e1559223622269.jpg\",\"datePublished\":\"2019-09-03T12:54:01+00:00\",\"dateModified\":\"2023-06-26T13:34:53+00:00\",\"breadcrumb\":{\"@id\":\"https:\/\/www.estrategiaconcursos.com.br\/blog\/edital-fundac-pb\/#breadcrumb\"},\"inLanguage\":\"pt-BR\",\"potentialAction\":[{\"@type\":\"ReadAction\",\"target\":[\"https:\/\/www.estrategiaconcursos.com.br\/blog\/edital-fundac-pb\/\"]}]},{\"@type\":\"ImageObject\",\"inLanguage\":\"pt-BR\",\"@id\":\"https:\/\/www.estrategiaconcursos.com.br\/blog\/edital-fundac-pb\/#primaryimage\",\"url\":\"https:\/\/dhg1h5j42swfq.cloudfront.net\/2019\/05\/22091947\/saiu-edital-1024x536-e1559223622269.jpg\",\"contentUrl\":\"https:\/\/dhg1h5j42swfq.cloudfront.net\/2019\/05\/22091947\/saiu-edital-1024x536-e1559223622269.jpg\",\"width\":400,\"height\":209,\"caption\":\"Concurso Advogado GHC RS\"},{\"@type\":\"BreadcrumbList\",\"@id\":\"https:\/\/www.estrategiaconcursos.com.br\/blog\/edital-fundac-pb\/#breadcrumb\",\"itemListElement\":[{\"@type\":\"ListItem\",\"position\":1,\"name\":\"In\u00edcio\",\"item\":\"https:\/\/www.estrategiaconcursos.com.br\/blog\/\"},{\"@type\":\"ListItem\",\"position\":2,\"name\":\"Edital Fundac PB: saiu edital com 400 vagas para Agente Socioeducativo\"}]},{\"@type\":\"WebSite\",\"@id\":\"https:\/\/www.estrategiaconcursos.com.br\/blog\/#website\",\"url\":\"https:\/\/www.estrategiaconcursos.com.br\/blog\/\",\"name\":\"Estrat\u00e9gia Concursos\",\"description\":\"O blog da Estrat\u00e9gia Concursos traz not\u00edcias sobre concursos e artigos de professores oferecendo cursos para concursos (pdf + videaulas) no site.\",\"publisher\":{\"@id\":\"https:\/\/www.estrategiaconcursos.com.br\/blog\/#organization\"},\"potentialAction\":[{\"@type\":\"SearchAction\",\"target\":{\"@type\":\"EntryPoint\",\"urlTemplate\":\"https:\/\/www.estrategiaconcursos.com.br\/blog\/?s={search_term_string}\"},\"query-input\":{\"@type\":\"PropertyValueSpecification\",\"valueRequired\":true,\"valueName\":\"search_term_string\"}}],\"inLanguage\":\"pt-BR\"},{\"@type\":\"Organization\",\"@id\":\"https:\/\/www.estrategiaconcursos.com.br\/blog\/#organization\",\"name\":\"Estrat\u00e9gia Concursos\",\"url\":\"https:\/\/www.estrategiaconcursos.com.br\/blog\/\",\"logo\":{\"@type\":\"ImageObject\",\"inLanguage\":\"pt-BR\",\"@id\":\"https:\/\/www.estrategiaconcursos.com.br\/blog\/#\/schema\/logo\/image\/\",\"url\":\"https:\/\/dhg1h5j42swfq.cloudfront.net\/2025\/06\/03203428\/logo_concursos-1.jpg\",\"contentUrl\":\"https:\/\/dhg1h5j42swfq.cloudfront.net\/2025\/06\/03203428\/logo_concursos-1.jpg\",\"width\":230,\"height\":60,\"caption\":\"Estrat\u00e9gia Concursos\"},\"image\":{\"@id\":\"https:\/\/www.estrategiaconcursos.com.br\/blog\/#\/schema\/logo\/image\/\"},\"sameAs\":[\"https:\/\/x.com\/EstratConcursos\"]},{\"@type\":\"Person\",\"@id\":\"https:\/\/www.estrategiaconcursos.com.br\/blog\/#\/schema\/person\/555176e5fb81029706226eaf88b58f77\",\"name\":\"Heber Carvalho\",\"image\":{\"@type\":\"ImageObject\",\"inLanguage\":\"pt-BR\",\"@id\":\"https:\/\/secure.gravatar.com\/avatar\/7fb00f951b5b5ef6352d915a4dd32e75828f1e329e22967291a52e461270e40a?s=96&d=mm&r=g\",\"url\":\"https:\/\/secure.gravatar.com\/avatar\/7fb00f951b5b5ef6352d915a4dd32e75828f1e329e22967291a52e461270e40a?s=96&d=mm&r=g\",\"contentUrl\":\"https:\/\/secure.gravatar.com\/avatar\/7fb00f951b5b5ef6352d915a4dd32e75828f1e329e22967291a52e461270e40a?s=96&d=mm&r=g\",\"caption\":\"Heber Carvalho\"},\"sameAs\":[\"https:\/\/www.facebook.com\/heber.economia\",\"https:\/\/x.com\/https:\/\/twitter.com\/EstratConcursos\"],\"url\":\"https:\/\/www.estrategiaconcursos.com.br\/blog\/author\/hebercarvalhoestrategiaconcursos-com-br\/\"}]}<\/script>\n<!-- \/ Yoast SEO Premium plugin. -->","yoast_head_json":{"title":"Edital Fundac PB: saiu edital com 400 vagas para Agente Socioeducativo","robots":{"index":"index","follow":"follow","max-snippet":"max-snippet:-1","max-image-preview":"max-image-preview:large","max-video-preview":"max-video-preview:-1"},"canonical":"https:\/\/www.estrategiaconcursos.com.br\/blog\/edital-fundac-pb\/","og_locale":"pt_BR","og_type":"article","og_title":"Edital Fundac PB: saiu edital com 400 vagas para Agente Socioeducativo","og_description":"Foi publicado nesta ter\u00e7a-feira, 3 de setembro, no Di\u00e1rio Oficial do estado o Edital FUNDAC PB da Funda\u00e7\u00e3o Desenvolvimento da Crian\u00e7a e do Adolescente. O certame visa ofertar aos candidatos&nbsp;400 vagas pra n\u00edvel m\u00e9dio\/t\u00e9cnico destinadas ao cargo de Agente Socioeducativo. Desse total, 348 s\u00e3o para o sexo masculino e 52 vagas para o sexo feminino. [&hellip;]","og_url":"https:\/\/www.estrategiaconcursos.com.br\/blog\/edital-fundac-pb\/","og_site_name":"Estrat\u00e9gia Concursos","article_author":"https:\/\/www.facebook.com\/heber.economia","article_published_time":"2019-09-03T12:54:01+00:00","article_modified_time":"2023-06-26T13:34:53+00:00","og_image":[{"width":400,"height":209,"url":"https:\/\/dhg1h5j42swfq.cloudfront.net\/2019\/05\/22091947\/saiu-edital-1024x536-e1559223622269.jpg","type":"image\/jpeg"}],"author":"Heber Carvalho","twitter_card":"summary_large_image","twitter_creator":"@https:\/\/twitter.com\/EstratConcursos","twitter_site":"@EstratConcursos","twitter_misc":{"Escrito por":"Heber Carvalho","Est. tempo de leitura":"5 minutos"},"schema":{"@context":"https:\/\/schema.org","@graph":[{"@type":"NewsArticle","@id":"https:\/\/www.estrategiaconcursos.com.br\/blog\/edital-fundac-pb\/#article","isPartOf":{"@id":"https:\/\/www.estrategiaconcursos.com.br\/blog\/edital-fundac-pb\/"},"author":{"name":"Heber Carvalho","@id":"https:\/\/www.estrategiaconcursos.com.br\/blog\/#\/schema\/person\/555176e5fb81029706226eaf88b58f77"},"headline":"Edital Fundac PB: saiu edital com 400 vagas para Agente Socioeducativo","datePublished":"2019-09-03T12:54:01+00:00","dateModified":"2023-06-26T13:34:53+00:00","mainEntityOfPage":{"@id":"https:\/\/www.estrategiaconcursos.com.br\/blog\/edital-fundac-pb\/"},"wordCount":916,"commentCount":0,"publisher":{"@id":"https:\/\/www.estrategiaconcursos.com.br\/blog\/#organization"},"image":{"@id":"https:\/\/www.estrategiaconcursos.com.br\/blog\/edital-fundac-pb\/#primaryimage"},"thumbnailUrl":"https:\/\/dhg1h5j42swfq.cloudfront.net\/2019\/05\/22091947\/saiu-edital-1024x536-e1559223622269.jpg","articleSection":["Concursos P\u00fablicos"],"inLanguage":"pt-BR","potentialAction":[{"@type":"CommentAction","name":"Comment","target":["https:\/\/www.estrategiaconcursos.com.br\/blog\/edital-fundac-pb\/#respond"]}],"copyrightYear":"2019","copyrightHolder":{"@id":"https:\/\/www.estrategiaconcursos.com.br\/blog\/#organization"}},{"@type":"WebPage","@id":"https:\/\/www.estrategiaconcursos.com.br\/blog\/edital-fundac-pb\/","url":"https:\/\/www.estrategiaconcursos.com.br\/blog\/edital-fundac-pb\/","name":"Edital Fundac PB: saiu edital com 400 vagas para Agente Socioeducativo","isPartOf":{"@id":"https:\/\/www.estrategiaconcursos.com.br\/blog\/#website"},"primaryImageOfPage":{"@id":"https:\/\/www.estrategiaconcursos.com.br\/blog\/edital-fundac-pb\/#primaryimage"},"image":{"@id":"https:\/\/www.estrategiaconcursos.com.br\/blog\/edital-fundac-pb\/#primaryimage"},"thumbnailUrl":"https:\/\/dhg1h5j42swfq.cloudfront.net\/2019\/05\/22091947\/saiu-edital-1024x536-e1559223622269.jpg","datePublished":"2019-09-03T12:54:01+00:00","dateModified":"2023-06-26T13:34:53+00:00","breadcrumb":{"@id":"https:\/\/www.estrategiaconcursos.com.br\/blog\/edital-fundac-pb\/#breadcrumb"},"inLanguage":"pt-BR","potentialAction":[{"@type":"ReadAction","target":["https:\/\/www.estrategiaconcursos.com.br\/blog\/edital-fundac-pb\/"]}]},{"@type":"ImageObject","inLanguage":"pt-BR","@id":"https:\/\/www.estrategiaconcursos.com.br\/blog\/edital-fundac-pb\/#primaryimage","url":"https:\/\/dhg1h5j42swfq.cloudfront.net\/2019\/05\/22091947\/saiu-edital-1024x536-e1559223622269.jpg","contentUrl":"https:\/\/dhg1h5j42swfq.cloudfront.net\/2019\/05\/22091947\/saiu-edital-1024x536-e1559223622269.jpg","width":400,"height":209,"caption":"Concurso Advogado GHC RS"},{"@type":"BreadcrumbList","@id":"https:\/\/www.estrategiaconcursos.com.br\/blog\/edital-fundac-pb\/#breadcrumb","itemListElement":[{"@type":"ListItem","position":1,"name":"In\u00edcio","item":"https:\/\/www.estrategiaconcursos.com.br\/blog\/"},{"@type":"ListItem","position":2,"name":"Edital Fundac PB: saiu edital com 400 vagas para Agente Socioeducativo"}]},{"@type":"WebSite","@id":"https:\/\/www.estrategiaconcursos.com.br\/blog\/#website","url":"https:\/\/www.estrategiaconcursos.com.br\/blog\/","name":"Estrat\u00e9gia Concursos","description":"O blog da Estrat\u00e9gia Concursos traz not\u00edcias sobre concursos e artigos de professores oferecendo cursos para concursos (pdf + videaulas) no site.","publisher":{"@id":"https:\/\/www.estrategiaconcursos.com.br\/blog\/#organization"},"potentialAction":[{"@type":"SearchAction","target":{"@type":"EntryPoint","urlTemplate":"https:\/\/www.estrategiaconcursos.com.br\/blog\/?s={search_term_string}"},"query-input":{"@type":"PropertyValueSpecification","valueRequired":true,"valueName":"search_term_string"}}],"inLanguage":"pt-BR"},{"@type":"Organization","@id":"https:\/\/www.estrategiaconcursos.com.br\/blog\/#organization","name":"Estrat\u00e9gia Concursos","url":"https:\/\/www.estrategiaconcursos.com.br\/blog\/","logo":{"@type":"ImageObject","inLanguage":"pt-BR","@id":"https:\/\/www.estrategiaconcursos.com.br\/blog\/#\/schema\/logo\/image\/","url":"https:\/\/dhg1h5j42swfq.cloudfront.net\/2025\/06\/03203428\/logo_concursos-1.jpg","contentUrl":"https:\/\/dhg1h5j42swfq.cloudfront.net\/2025\/06\/03203428\/logo_concursos-1.jpg","width":230,"height":60,"caption":"Estrat\u00e9gia Concursos"},"image":{"@id":"https:\/\/www.estrategiaconcursos.com.br\/blog\/#\/schema\/logo\/image\/"},"sameAs":["https:\/\/x.com\/EstratConcursos"]},{"@type":"Person","@id":"https:\/\/www.estrategiaconcursos.com.br\/blog\/#\/schema\/person\/555176e5fb81029706226eaf88b58f77","name":"Heber Carvalho","image":{"@type":"ImageObject","inLanguage":"pt-BR","@id":"https:\/\/secure.gravatar.com\/avatar\/7fb00f951b5b5ef6352d915a4dd32e75828f1e329e22967291a52e461270e40a?s=96&d=mm&r=g","url":"https:\/\/secure.gravatar.com\/avatar\/7fb00f951b5b5ef6352d915a4dd32e75828f1e329e22967291a52e461270e40a?s=96&d=mm&r=g","contentUrl":"https:\/\/secure.gravatar.com\/avatar\/7fb00f951b5b5ef6352d915a4dd32e75828f1e329e22967291a52e461270e40a?s=96&d=mm&r=g","caption":"Heber Carvalho"},"sameAs":["https:\/\/www.facebook.com\/heber.economia","https:\/\/x.com\/https:\/\/twitter.com\/EstratConcursos"],"url":"https:\/\/www.estrategiaconcursos.com.br\/blog\/author\/hebercarvalhoestrategiaconcursos-com-br\/"}]}},"_links":{"self":[{"href":"https:\/\/www.estrategiaconcursos.com.br\/blog\/wp-json\/wp\/v2\/posts\/415724","targetHints":{"allow":["GET"]}}],"collection":[{"href":"https:\/\/www.estrategiaconcursos.com.br\/blog\/wp-json\/wp\/v2\/posts"}],"about":[{"href":"https:\/\/www.estrategiaconcursos.com.br\/blog\/wp-json\/wp\/v2\/types\/post"}],"author":[{"embeddable":true,"href":"https:\/\/www.estrategiaconcursos.com.br\/blog\/wp-json\/wp\/v2\/users\/13"}],"replies":[{"embeddable":true,"href":"https:\/\/www.estrategiaconcursos.com.br\/blog\/wp-json\/wp\/v2\/comments?post=415724"}],"version-history":[{"count":16,"href":"https:\/\/www.estrategiaconcursos.com.br\/blog\/wp-json\/wp\/v2\/posts\/415724\/revisions"}],"predecessor-version":[{"id":1238729,"href":"https:\/\/www.estrategiaconcursos.com.br\/blog\/wp-json\/wp\/v2\/posts\/415724\/revisions\/1238729"}],"wp:featuredmedia":[{"embeddable":true,"href":"https:\/\/www.estrategiaconcursos.com.br\/blog\/wp-json\/wp\/v2\/media\/376359"}],"wp:attachment":[{"href":"https:\/\/www.estrategiaconcursos.com.br\/blog\/wp-json\/wp\/v2\/media?parent=415724"}],"wp:term":[{"taxonomy":"category","embeddable":true,"href":"https:\/\/www.estrategiaconcursos.com.br\/blog\/wp-json\/wp\/v2\/categories?post=415724"},{"taxonomy":"post_tag","embeddable":true,"href":"https:\/\/www.estrategiaconcursos.com.br\/blog\/wp-json\/wp\/v2\/tags?post=415724"},{"taxonomy":"tax_estado","embeddable":true,"href":"https:\/\/www.estrategiaconcursos.com.br\/blog\/wp-json\/wp\/v2\/tax_estado?post=415724"}],"curies":[{"name":"wp","href":"https:\/\/api.w.org\/{rel}","templated":true}]}}