{"id":415489,"date":"2019-09-02T17:15:47","date_gmt":"2019-09-02T20:15:47","guid":{"rendered":"https:\/\/www.estrategiaconcursos.com.br\/blog\/?p=415489"},"modified":"2023-06-20T13:35:54","modified_gmt":"2023-06-20T16:35:54","slug":"concurso-samu-mg-inscricoes-para-o-certame-terminam-hoje","status":"publish","type":"post","link":"https:\/\/www.estrategiaconcursos.com.br\/blog\/concurso-samu-mg-inscricoes-para-o-certame-terminam-hoje\/","title":{"rendered":"Concurso SAMU MG: inscri\u00e7\u00f5es para o certame terminam hoje"},"content":{"rendered":"\n<p>Terminam hoje, 2 de setembro, as inscri\u00e7\u00f5es para o concurso do SAMU Minas Gerais. Os candidatos interessados em participar do processo seletivo t\u00eam at\u00e9 hoje para se inscrever no site da banca examinadora, a FADENOR.<\/p>\n\n\n\n<p>A<strong>&nbsp;taxa de inscri\u00e7\u00e3o<\/strong>&nbsp;cobrada no concurso varia conforme o grau de forma\u00e7\u00e3o do candidato.&nbsp;Para o n\u00edvel m\u00e9dio, a taxa \u00e9 de R$ 60,00, j\u00e1 para o t\u00e9cnico, ficou estabelecido em R$ 95,00 e para n\u00edvel superior \u00e9 de R$ 130,00.<\/p>\n\n\n\n<p>Lembrando que a \u00fanica etapa comum a todos os concorrentes \u00e9 a prova objetiva. A realiza\u00e7\u00e3o do exame est\u00e1 prevista para o dia<strong>&nbsp;13 de outubro de 2019<\/strong>, no per\u00edodo da manh\u00e3. O exame ser\u00e1 composto de&nbsp;30 quest\u00f5es&nbsp;com as seguintes disciplinas de L\u00edngua Portuguesa, Conhecimentos Espec\u00edficos e No\u00e7\u00f5es de Procedimentos e Normas do SAMU.<\/p>\n\n\n\n<p>J\u00e1 a Prova de T\u00edtulos acontecer\u00e1 nos dias&nbsp;<strong>29 de outubro a 05 de novembro<\/strong>. A prova possui total m\u00e1ximo de 10 pontos, e avaliar\u00e1 os t\u00edtulos de Forma\u00e7\u00e3o Profissional e de Experi\u00eancia Profissional.<\/p>\n\n\n\n<p>Al\u00e9m disso, haver\u00e1 a Prova Pr\u00e1tica que ainda n\u00e3o tem nada definida, por isso os candidatos dever\u00e3o ficar atentos ao site da banca organizadora. Todos os cargos far\u00e3o a prova pr\u00e1tica e ela ser\u00e1 aplicada na cidade de Montes Claros.<\/p>\n\n\n\n<p class=\"has-text-align-center has-light-green-cyan-background-color has-background\" style=\"font-size:clamp(16.293px, 1.018rem + ((1vw - 3.2px) * 0.854), 25px);px\"><strong>Saiba mais: <\/strong><a rel=\"noreferrer noopener\" aria-label=\"Concurso SAMU MG (abre numa nova aba)\" href=\"https:\/\/www.estrategiaconcursos.com.br\/blog\/concurso-samu-mg-2\/\" target=\"_blank\"><strong>Concurso SAMU MG<\/strong><\/a><\/p>\n\n\n\n<p class=\"has-text-align-center\"><em><strong>Quer estudar para o concurso SAMU MG?<\/strong><\/em><\/p>\n\n\n\n<p class=\"has-text-align-center\"><em><strong>Gostou dessa oportunidade e deseja come\u00e7ar a se preparar agora mesmo? Confira abaixo nosso curso exclusivo para esse concurso e inicie seus estudos!<\/strong><\/em><\/p>\n\n\n\n<p class=\"has-text-align-center has-luminous-vivid-amber-background-color has-background\" style=\"font-size:clamp(16.293px, 1.018rem + ((1vw - 3.2px) * 0.854), 25px);px\"><a rel=\"noreferrer noopener\" href=\"https:\/\/www.estrategiaconcursos.com.br\/cursos\/concurso\/\" target=\"_blank\"><strong><em>Curso para concurso<\/em><\/strong><\/a><\/p>\n\n\n\n<p class=\"has-text-align-center\"><em><strong>Assinatura Anual Ilimitada*<\/strong><\/em><\/p>\n\n\n\n<p class=\"has-text-align-center\"><em>Prepare-se com o melhor material e com quem mais aprova em Concursos P\u00fablicos em todo o pa\u00eds. Assine agora a nossa Assinatura Anual e tenha acesso ilimitado* a todos os nossos cursos.<\/em><\/p>\n\n\n\n<p class=\"has-text-align-center has-light-green-cyan-background-color has-background\" style=\"font-size:clamp(16.293px, 1.018rem + ((1vw - 3.2px) * 0.854), 25px);px\"><strong>ASSINE AGORA<\/strong>&nbsp;\u2013&nbsp;<a rel=\"noreferrer noopener\" href=\"https:\/\/www.estrategiaconcursos.com.br\/assinaturas\" target=\"_blank\"><strong>Assinatura Ilimitada<\/strong><\/a><\/p>\n\n\n\n<p class=\"has-text-align-center has-pale-cyan-blue-background-color has-background\" style=\"font-size:clamp(16.293px, 1.018rem + ((1vw - 3.2px) * 0.854), 25px);px\"><strong><a href=\"https:\/\/www.estrategiaconcursos.com.br\/blog\/concursos-abertos\/\">CONCURSOS ABERTOS<\/a><\/strong><\/p>\n","protected":false},"excerpt":{"rendered":"<p>Terminam hoje, 2 de setembro, as inscri\u00e7\u00f5es para o concurso do SAMU Minas Gerais. Os candidatos interessados em participar do processo seletivo t\u00eam at\u00e9 hoje para se inscrever no site da banca examinadora, a FADENOR. A&nbsp;taxa de inscri\u00e7\u00e3o&nbsp;cobrada no concurso varia conforme o grau de forma\u00e7\u00e3o do candidato.&nbsp;Para o n\u00edvel m\u00e9dio, a taxa \u00e9 de [&hellip;]<\/p>\n","protected":false},"author":13,"featured_media":0,"comment_status":"open","ping_status":"closed","sticky":false,"template":"","format":"standard","meta":{"post_tipo":"article","footnotes":""},"categories":[1],"tags":[],"tax_estado":[],"class_list":["post-415489","post","type-post","status-publish","format-standard","hentry","category-cursos-e-concursos"],"acf":[],"yoast_head":"<!-- This site is optimized with the Yoast SEO Premium plugin v27.2 (Yoast SEO v27.2) - https:\/\/yoast.com\/product\/yoast-seo-premium-wordpress\/ -->\n<title>Concurso SAMU MG: inscri\u00e7\u00f5es para o certame terminam hoje<\/title>\n<meta name=\"robots\" content=\"index, follow, max-snippet:-1, max-image-preview:large, max-video-preview:-1\" \/>\n<link rel=\"canonical\" href=\"https:\/\/www.estrategiaconcursos.com.br\/blog\/concurso-samu-mg-inscricoes-para-o-certame-terminam-hoje\/\" \/>\n<meta property=\"og:locale\" content=\"pt_BR\" \/>\n<meta property=\"og:type\" content=\"article\" \/>\n<meta property=\"og:title\" content=\"Concurso SAMU MG: inscri\u00e7\u00f5es para o certame terminam hoje\" \/>\n<meta property=\"og:description\" content=\"Terminam hoje, 2 de setembro, as inscri\u00e7\u00f5es para o concurso do SAMU Minas Gerais. Os candidatos interessados em participar do processo seletivo t\u00eam at\u00e9 hoje para se inscrever no site da banca examinadora, a FADENOR. A&nbsp;taxa de inscri\u00e7\u00e3o&nbsp;cobrada no concurso varia conforme o grau de forma\u00e7\u00e3o do candidato.&nbsp;Para o n\u00edvel m\u00e9dio, a taxa \u00e9 de [&hellip;]\" \/>\n<meta property=\"og:url\" content=\"https:\/\/www.estrategiaconcursos.com.br\/blog\/concurso-samu-mg-inscricoes-para-o-certame-terminam-hoje\/\" \/>\n<meta property=\"og:site_name\" content=\"Estrat\u00e9gia Concursos\" \/>\n<meta property=\"article:author\" content=\"https:\/\/www.facebook.com\/heber.economia\" \/>\n<meta property=\"article:published_time\" content=\"2019-09-02T20:15:47+00:00\" \/>\n<meta property=\"article:modified_time\" content=\"2023-06-20T16:35:54+00:00\" \/>\n<meta name=\"author\" content=\"Heber Carvalho\" \/>\n<meta name=\"twitter:card\" content=\"summary_large_image\" \/>\n<meta name=\"twitter:creator\" content=\"@https:\/\/twitter.com\/EstratConcursos\" \/>\n<meta name=\"twitter:site\" content=\"@EstratConcursos\" \/>\n<meta name=\"twitter:label1\" content=\"Escrito por\" \/>\n\t<meta name=\"twitter:data1\" content=\"Heber Carvalho\" \/>\n\t<meta name=\"twitter:label2\" content=\"Est. tempo de leitura\" \/>\n\t<meta name=\"twitter:data2\" content=\"2 minutos\" \/>\n<script type=\"application\/ld+json\" class=\"yoast-schema-graph\">{\"@context\":\"https:\/\/schema.org\",\"@graph\":[{\"@type\":\"NewsArticle\",\"@id\":\"https:\/\/www.estrategiaconcursos.com.br\/blog\/concurso-samu-mg-inscricoes-para-o-certame-terminam-hoje\/#article\",\"isPartOf\":{\"@id\":\"https:\/\/www.estrategiaconcursos.com.br\/blog\/concurso-samu-mg-inscricoes-para-o-certame-terminam-hoje\/\"},\"author\":{\"name\":\"Heber Carvalho\",\"@id\":\"https:\/\/www.estrategiaconcursos.com.br\/blog\/#\/schema\/person\/555176e5fb81029706226eaf88b58f77\"},\"headline\":\"Concurso SAMU MG: inscri\u00e7\u00f5es para o certame terminam hoje\",\"datePublished\":\"2019-09-02T20:15:47+00:00\",\"dateModified\":\"2023-06-20T16:35:54+00:00\",\"mainEntityOfPage\":{\"@id\":\"https:\/\/www.estrategiaconcursos.com.br\/blog\/concurso-samu-mg-inscricoes-para-o-certame-terminam-hoje\/\"},\"wordCount\":320,\"commentCount\":0,\"publisher\":{\"@id\":\"https:\/\/www.estrategiaconcursos.com.br\/blog\/#organization\"},\"articleSection\":[\"Concursos P\u00fablicos\"],\"inLanguage\":\"pt-BR\",\"potentialAction\":[{\"@type\":\"CommentAction\",\"name\":\"Comment\",\"target\":[\"https:\/\/www.estrategiaconcursos.com.br\/blog\/concurso-samu-mg-inscricoes-para-o-certame-terminam-hoje\/#respond\"]}],\"copyrightYear\":\"2019\",\"copyrightHolder\":{\"@id\":\"https:\/\/www.estrategiaconcursos.com.br\/blog\/#organization\"}},{\"@type\":\"WebPage\",\"@id\":\"https:\/\/www.estrategiaconcursos.com.br\/blog\/concurso-samu-mg-inscricoes-para-o-certame-terminam-hoje\/\",\"url\":\"https:\/\/www.estrategiaconcursos.com.br\/blog\/concurso-samu-mg-inscricoes-para-o-certame-terminam-hoje\/\",\"name\":\"Concurso SAMU MG: inscri\u00e7\u00f5es para o certame terminam hoje\",\"isPartOf\":{\"@id\":\"https:\/\/www.estrategiaconcursos.com.br\/blog\/#website\"},\"datePublished\":\"2019-09-02T20:15:47+00:00\",\"dateModified\":\"2023-06-20T16:35:54+00:00\",\"breadcrumb\":{\"@id\":\"https:\/\/www.estrategiaconcursos.com.br\/blog\/concurso-samu-mg-inscricoes-para-o-certame-terminam-hoje\/#breadcrumb\"},\"inLanguage\":\"pt-BR\",\"potentialAction\":[{\"@type\":\"ReadAction\",\"target\":[\"https:\/\/www.estrategiaconcursos.com.br\/blog\/concurso-samu-mg-inscricoes-para-o-certame-terminam-hoje\/\"]}]},{\"@type\":\"BreadcrumbList\",\"@id\":\"https:\/\/www.estrategiaconcursos.com.br\/blog\/concurso-samu-mg-inscricoes-para-o-certame-terminam-hoje\/#breadcrumb\",\"itemListElement\":[{\"@type\":\"ListItem\",\"position\":1,\"name\":\"In\u00edcio\",\"item\":\"https:\/\/www.estrategiaconcursos.com.br\/blog\/\"},{\"@type\":\"ListItem\",\"position\":2,\"name\":\"Concurso SAMU MG: inscri\u00e7\u00f5es para o certame terminam hoje\"}]},{\"@type\":\"WebSite\",\"@id\":\"https:\/\/www.estrategiaconcursos.com.br\/blog\/#website\",\"url\":\"https:\/\/www.estrategiaconcursos.com.br\/blog\/\",\"name\":\"Estrat\u00e9gia Concursos\",\"description\":\"O blog da Estrat\u00e9gia Concursos traz not\u00edcias sobre concursos e artigos de professores oferecendo cursos para concursos (pdf + videaulas) no site.\",\"publisher\":{\"@id\":\"https:\/\/www.estrategiaconcursos.com.br\/blog\/#organization\"},\"potentialAction\":[{\"@type\":\"SearchAction\",\"target\":{\"@type\":\"EntryPoint\",\"urlTemplate\":\"https:\/\/www.estrategiaconcursos.com.br\/blog\/?s={search_term_string}\"},\"query-input\":{\"@type\":\"PropertyValueSpecification\",\"valueRequired\":true,\"valueName\":\"search_term_string\"}}],\"inLanguage\":\"pt-BR\"},{\"@type\":\"Organization\",\"@id\":\"https:\/\/www.estrategiaconcursos.com.br\/blog\/#organization\",\"name\":\"Estrat\u00e9gia Concursos\",\"url\":\"https:\/\/www.estrategiaconcursos.com.br\/blog\/\",\"logo\":{\"@type\":\"ImageObject\",\"inLanguage\":\"pt-BR\",\"@id\":\"https:\/\/www.estrategiaconcursos.com.br\/blog\/#\/schema\/logo\/image\/\",\"url\":\"https:\/\/dhg1h5j42swfq.cloudfront.net\/2025\/06\/03203428\/logo_concursos-1.jpg\",\"contentUrl\":\"https:\/\/dhg1h5j42swfq.cloudfront.net\/2025\/06\/03203428\/logo_concursos-1.jpg\",\"width\":230,\"height\":60,\"caption\":\"Estrat\u00e9gia Concursos\"},\"image\":{\"@id\":\"https:\/\/www.estrategiaconcursos.com.br\/blog\/#\/schema\/logo\/image\/\"},\"sameAs\":[\"https:\/\/x.com\/EstratConcursos\"]},{\"@type\":\"Person\",\"@id\":\"https:\/\/www.estrategiaconcursos.com.br\/blog\/#\/schema\/person\/555176e5fb81029706226eaf88b58f77\",\"name\":\"Heber Carvalho\",\"image\":{\"@type\":\"ImageObject\",\"inLanguage\":\"pt-BR\",\"@id\":\"https:\/\/secure.gravatar.com\/avatar\/7fb00f951b5b5ef6352d915a4dd32e75828f1e329e22967291a52e461270e40a?s=96&d=mm&r=g\",\"url\":\"https:\/\/secure.gravatar.com\/avatar\/7fb00f951b5b5ef6352d915a4dd32e75828f1e329e22967291a52e461270e40a?s=96&d=mm&r=g\",\"contentUrl\":\"https:\/\/secure.gravatar.com\/avatar\/7fb00f951b5b5ef6352d915a4dd32e75828f1e329e22967291a52e461270e40a?s=96&d=mm&r=g\",\"caption\":\"Heber Carvalho\"},\"sameAs\":[\"https:\/\/www.facebook.com\/heber.economia\",\"https:\/\/x.com\/https:\/\/twitter.com\/EstratConcursos\"],\"url\":\"https:\/\/www.estrategiaconcursos.com.br\/blog\/author\/hebercarvalhoestrategiaconcursos-com-br\/\"}]}<\/script>\n<!-- \/ Yoast SEO Premium plugin. -->","yoast_head_json":{"title":"Concurso SAMU MG: inscri\u00e7\u00f5es para o certame terminam hoje","robots":{"index":"index","follow":"follow","max-snippet":"max-snippet:-1","max-image-preview":"max-image-preview:large","max-video-preview":"max-video-preview:-1"},"canonical":"https:\/\/www.estrategiaconcursos.com.br\/blog\/concurso-samu-mg-inscricoes-para-o-certame-terminam-hoje\/","og_locale":"pt_BR","og_type":"article","og_title":"Concurso SAMU MG: inscri\u00e7\u00f5es para o certame terminam hoje","og_description":"Terminam hoje, 2 de setembro, as inscri\u00e7\u00f5es para o concurso do SAMU Minas Gerais. Os candidatos interessados em participar do processo seletivo t\u00eam at\u00e9 hoje para se inscrever no site da banca examinadora, a FADENOR. A&nbsp;taxa de inscri\u00e7\u00e3o&nbsp;cobrada no concurso varia conforme o grau de forma\u00e7\u00e3o do candidato.&nbsp;Para o n\u00edvel m\u00e9dio, a taxa \u00e9 de [&hellip;]","og_url":"https:\/\/www.estrategiaconcursos.com.br\/blog\/concurso-samu-mg-inscricoes-para-o-certame-terminam-hoje\/","og_site_name":"Estrat\u00e9gia Concursos","article_author":"https:\/\/www.facebook.com\/heber.economia","article_published_time":"2019-09-02T20:15:47+00:00","article_modified_time":"2023-06-20T16:35:54+00:00","author":"Heber Carvalho","twitter_card":"summary_large_image","twitter_creator":"@https:\/\/twitter.com\/EstratConcursos","twitter_site":"@EstratConcursos","twitter_misc":{"Escrito por":"Heber Carvalho","Est. tempo de leitura":"2 minutos"},"schema":{"@context":"https:\/\/schema.org","@graph":[{"@type":"NewsArticle","@id":"https:\/\/www.estrategiaconcursos.com.br\/blog\/concurso-samu-mg-inscricoes-para-o-certame-terminam-hoje\/#article","isPartOf":{"@id":"https:\/\/www.estrategiaconcursos.com.br\/blog\/concurso-samu-mg-inscricoes-para-o-certame-terminam-hoje\/"},"author":{"name":"Heber Carvalho","@id":"https:\/\/www.estrategiaconcursos.com.br\/blog\/#\/schema\/person\/555176e5fb81029706226eaf88b58f77"},"headline":"Concurso SAMU MG: inscri\u00e7\u00f5es para o certame terminam hoje","datePublished":"2019-09-02T20:15:47+00:00","dateModified":"2023-06-20T16:35:54+00:00","mainEntityOfPage":{"@id":"https:\/\/www.estrategiaconcursos.com.br\/blog\/concurso-samu-mg-inscricoes-para-o-certame-terminam-hoje\/"},"wordCount":320,"commentCount":0,"publisher":{"@id":"https:\/\/www.estrategiaconcursos.com.br\/blog\/#organization"},"articleSection":["Concursos P\u00fablicos"],"inLanguage":"pt-BR","potentialAction":[{"@type":"CommentAction","name":"Comment","target":["https:\/\/www.estrategiaconcursos.com.br\/blog\/concurso-samu-mg-inscricoes-para-o-certame-terminam-hoje\/#respond"]}],"copyrightYear":"2019","copyrightHolder":{"@id":"https:\/\/www.estrategiaconcursos.com.br\/blog\/#organization"}},{"@type":"WebPage","@id":"https:\/\/www.estrategiaconcursos.com.br\/blog\/concurso-samu-mg-inscricoes-para-o-certame-terminam-hoje\/","url":"https:\/\/www.estrategiaconcursos.com.br\/blog\/concurso-samu-mg-inscricoes-para-o-certame-terminam-hoje\/","name":"Concurso SAMU MG: inscri\u00e7\u00f5es para o certame terminam hoje","isPartOf":{"@id":"https:\/\/www.estrategiaconcursos.com.br\/blog\/#website"},"datePublished":"2019-09-02T20:15:47+00:00","dateModified":"2023-06-20T16:35:54+00:00","breadcrumb":{"@id":"https:\/\/www.estrategiaconcursos.com.br\/blog\/concurso-samu-mg-inscricoes-para-o-certame-terminam-hoje\/#breadcrumb"},"inLanguage":"pt-BR","potentialAction":[{"@type":"ReadAction","target":["https:\/\/www.estrategiaconcursos.com.br\/blog\/concurso-samu-mg-inscricoes-para-o-certame-terminam-hoje\/"]}]},{"@type":"BreadcrumbList","@id":"https:\/\/www.estrategiaconcursos.com.br\/blog\/concurso-samu-mg-inscricoes-para-o-certame-terminam-hoje\/#breadcrumb","itemListElement":[{"@type":"ListItem","position":1,"name":"In\u00edcio","item":"https:\/\/www.estrategiaconcursos.com.br\/blog\/"},{"@type":"ListItem","position":2,"name":"Concurso SAMU MG: inscri\u00e7\u00f5es para o certame terminam hoje"}]},{"@type":"WebSite","@id":"https:\/\/www.estrategiaconcursos.com.br\/blog\/#website","url":"https:\/\/www.estrategiaconcursos.com.br\/blog\/","name":"Estrat\u00e9gia Concursos","description":"O blog da Estrat\u00e9gia Concursos traz not\u00edcias sobre concursos e artigos de professores oferecendo cursos para concursos (pdf + videaulas) no site.","publisher":{"@id":"https:\/\/www.estrategiaconcursos.com.br\/blog\/#organization"},"potentialAction":[{"@type":"SearchAction","target":{"@type":"EntryPoint","urlTemplate":"https:\/\/www.estrategiaconcursos.com.br\/blog\/?s={search_term_string}"},"query-input":{"@type":"PropertyValueSpecification","valueRequired":true,"valueName":"search_term_string"}}],"inLanguage":"pt-BR"},{"@type":"Organization","@id":"https:\/\/www.estrategiaconcursos.com.br\/blog\/#organization","name":"Estrat\u00e9gia Concursos","url":"https:\/\/www.estrategiaconcursos.com.br\/blog\/","logo":{"@type":"ImageObject","inLanguage":"pt-BR","@id":"https:\/\/www.estrategiaconcursos.com.br\/blog\/#\/schema\/logo\/image\/","url":"https:\/\/dhg1h5j42swfq.cloudfront.net\/2025\/06\/03203428\/logo_concursos-1.jpg","contentUrl":"https:\/\/dhg1h5j42swfq.cloudfront.net\/2025\/06\/03203428\/logo_concursos-1.jpg","width":230,"height":60,"caption":"Estrat\u00e9gia Concursos"},"image":{"@id":"https:\/\/www.estrategiaconcursos.com.br\/blog\/#\/schema\/logo\/image\/"},"sameAs":["https:\/\/x.com\/EstratConcursos"]},{"@type":"Person","@id":"https:\/\/www.estrategiaconcursos.com.br\/blog\/#\/schema\/person\/555176e5fb81029706226eaf88b58f77","name":"Heber Carvalho","image":{"@type":"ImageObject","inLanguage":"pt-BR","@id":"https:\/\/secure.gravatar.com\/avatar\/7fb00f951b5b5ef6352d915a4dd32e75828f1e329e22967291a52e461270e40a?s=96&d=mm&r=g","url":"https:\/\/secure.gravatar.com\/avatar\/7fb00f951b5b5ef6352d915a4dd32e75828f1e329e22967291a52e461270e40a?s=96&d=mm&r=g","contentUrl":"https:\/\/secure.gravatar.com\/avatar\/7fb00f951b5b5ef6352d915a4dd32e75828f1e329e22967291a52e461270e40a?s=96&d=mm&r=g","caption":"Heber Carvalho"},"sameAs":["https:\/\/www.facebook.com\/heber.economia","https:\/\/x.com\/https:\/\/twitter.com\/EstratConcursos"],"url":"https:\/\/www.estrategiaconcursos.com.br\/blog\/author\/hebercarvalhoestrategiaconcursos-com-br\/"}]}},"_links":{"self":[{"href":"https:\/\/www.estrategiaconcursos.com.br\/blog\/wp-json\/wp\/v2\/posts\/415489","targetHints":{"allow":["GET"]}}],"collection":[{"href":"https:\/\/www.estrategiaconcursos.com.br\/blog\/wp-json\/wp\/v2\/posts"}],"about":[{"href":"https:\/\/www.estrategiaconcursos.com.br\/blog\/wp-json\/wp\/v2\/types\/post"}],"author":[{"embeddable":true,"href":"https:\/\/www.estrategiaconcursos.com.br\/blog\/wp-json\/wp\/v2\/users\/13"}],"replies":[{"embeddable":true,"href":"https:\/\/www.estrategiaconcursos.com.br\/blog\/wp-json\/wp\/v2\/comments?post=415489"}],"version-history":[{"count":5,"href":"https:\/\/www.estrategiaconcursos.com.br\/blog\/wp-json\/wp\/v2\/posts\/415489\/revisions"}],"predecessor-version":[{"id":1235627,"href":"https:\/\/www.estrategiaconcursos.com.br\/blog\/wp-json\/wp\/v2\/posts\/415489\/revisions\/1235627"}],"wp:attachment":[{"href":"https:\/\/www.estrategiaconcursos.com.br\/blog\/wp-json\/wp\/v2\/media?parent=415489"}],"wp:term":[{"taxonomy":"category","embeddable":true,"href":"https:\/\/www.estrategiaconcursos.com.br\/blog\/wp-json\/wp\/v2\/categories?post=415489"},{"taxonomy":"post_tag","embeddable":true,"href":"https:\/\/www.estrategiaconcursos.com.br\/blog\/wp-json\/wp\/v2\/tags?post=415489"},{"taxonomy":"tax_estado","embeddable":true,"href":"https:\/\/www.estrategiaconcursos.com.br\/blog\/wp-json\/wp\/v2\/tax_estado?post=415489"}],"curies":[{"name":"wp","href":"https:\/\/api.w.org\/{rel}","templated":true}]}}