{"id":415483,"date":"2019-10-02T03:41:17","date_gmt":"2019-10-02T06:41:17","guid":{"rendered":"https:\/\/www.estrategiaconcursos.com.br\/blog\/?p=415483"},"modified":"2019-11-08T17:36:55","modified_gmt":"2019-11-08T20:36:55","slug":"concurso-prefeitura-de-cruz-das-almas","status":"publish","type":"post","link":"https:\/\/www.estrategiaconcursos.com.br\/blog\/concurso-prefeitura-de-cruz-das-almas\/","title":{"rendered":"Edital Prefeitura de Cruz das Almas: inscri\u00e7\u00f5es encerradas para 145 vagas"},"content":{"rendered":"\n<p>O concurso <strong>Prefeitura de Cruz das Almas<\/strong>, localizada no munic\u00edpio da Bahia, est\u00e1 com suas inscri\u00e7\u00f5es oficialmente encerradas. O certame, publicado no final de agosto, oferta <strong>145 vagas<\/strong> para diversos cargos de n\u00edvel fundamental, m\u00e9dio e superior.<\/p>\n\n\n\n<p>Aqueles interessados em garantir sua inscri\u00e7\u00e3o puderam acessar o site da banca organizadora, a<strong> Funda\u00e7\u00e3o CEFET Bahia<\/strong> at\u00e9 o dia 02 de outubro. Agora, a pr\u00f3xima etapa \u00e9 a realiza\u00e7\u00e3o da prova objetiva, que deve acontecer do dia 27 de outubro, no per\u00edodo da manh\u00e3.<\/p>\n\n\n\n<p>Ao longo deste artigo voc\u00ea confere mais detalhes sobre o concurso Prefeitura Cruz das Almas como distribui\u00e7\u00e3o das vagas, etapas de prova, disciplinas exigidas, entre outros.<\/p>\n\n\n\n<ul class=\"wp-block-list\"><li><strong><em><a href=\"#datas\">Principais datas do concurso<\/a><\/em><\/strong><\/li><li><strong><em><a href=\"#vagas\">Distribui\u00e7\u00e3o das vagas<\/a><\/em><\/strong><\/li><li><strong><em><a href=\"#requisitos\">Requisitos dos cargos<\/a><\/em><\/strong><\/li><li><strong><em><a href=\"#atribuicoes\">Atribui\u00e7\u00f5es dos cargo<\/a><\/em><\/strong><\/li><li><strong><em><a href=\"#etapas\">Etapas do concurso<\/a><\/em><\/strong><\/li><li><strong><em><a href=\"#cursos-assinatura\">Assinatura ilimitada e cursos<\/a><\/em><\/strong><\/li><\/ul>\n\n\n\n<h2 class=\"wp-block-heading\" id=\"datas\">Principais datas do concurso Prefeitura de Cruz das Almas<\/h2>\n\n\n\n<ul class=\"wp-block-list\"><li><strong>Inscri\u00e7\u00f5es: <\/strong>30\/08 a 02\/10 [ENCERRADO]<\/li><li><strong>Pagamento da taxa de inscri\u00e7\u00e3o: <\/strong>at\u00e9 03\/10<ul><li>N\u00edvel superior: R$ 80,00<\/li><li>N\u00edvel m\u00e9dio: R$ 70,00<\/li><li>N\u00edvel fundamental: R$ 60,00<\/li><\/ul><\/li><li><strong>Data prevista da prova:<\/strong> 27\/10 (manh\u00e3)<\/li><\/ul>\n\n\n\n<h2 class=\"wp-block-heading\" id=\"vagas\">Distribui\u00e7\u00e3o das vagas do concurso Prefeitura de Cruz das Almas<\/h2>\n\n\n\n<h4 class=\"wp-block-heading\"><em>Cargos de n\u00edvel fundamental:<\/em><\/h4>\n\n\n\n<p><\/p>\n\n\n\n<table class=\"wp-block-table has-subtle-pale-blue-background-color has-fixed-layout has-background is-style-stripes\"><tbody><tr><td><strong>Cargo<\/strong> <\/td><td><strong>N\u00ba de vagas<\/strong>  <\/td><td><strong>Remunera\u00e7\u00e3o<\/strong>  <\/td><td><strong>Carga hor\u00e1ria<\/strong>  <\/td><\/tr><tr><td>Agente de Servi\u00e7os Gerais <\/td><td>20<\/td><td>R$ 998,00 <\/td><td>40h<\/td><\/tr><tr><td>Agente de Vigil\u00e2ncia <\/td><td>17<\/td><td>R$ 998,00 <\/td><td>40h<\/td><\/tr><tr><td>Merendeira <\/td><td>20<\/td><td>R$998,00 <\/td><td>40h<\/td><\/tr><tr><td>Motorista de Ve\u00edculos Leves<\/td><td>8<\/td><td>R$ 1.084,86 <\/td><td>40h<\/td><\/tr><tr><td>Motorista de Ve\u00edculos Pesados <\/td><td>5<\/td><td>R$ 1.084,86  <\/td><td>40h<\/td><\/tr><tr><td>Operador de Motoniveladora <\/td><td>1<\/td><td>R$ 1.153,98 <\/td><td>40h<\/td><\/tr><tr><td>Operador de Retroescavadeira <\/td><td>1<\/td><td>R$ 1.153,98 <\/td><td>40h<\/td><\/tr><\/tbody><\/table>\n\n\n\n<h4 class=\"wp-block-heading\"><em>Cargos de n\u00edvel m\u00e9dio:<\/em><\/h4>\n\n\n\n<p><\/p>\n\n\n\n<table class=\"wp-block-table has-subtle-pale-blue-background-color has-fixed-layout has-background is-style-stripes\"><tbody><tr><td><strong>Cargo<\/strong><\/td><td><strong>N\u00ba de vagas<\/strong> <\/td><td><strong>Remunera\u00e7\u00e3o<\/strong> <\/td><td><strong>Carga hor\u00e1ria<\/strong> <\/td><\/tr><tr><td>Agente de Tr\u00e2nsito e Transporte <\/td><td>4<\/td><td>R$ 1.084,86 <\/td><td>40h<\/td><\/tr><tr><td>Assistente Administrativo <\/td><td>12<\/td><td>R$ 1.084,86  <\/td><td>40h<\/td><\/tr><tr><td>Secret\u00e1ria Escolar <\/td><td>4<\/td><td>R$ 1.084,86 <\/td><td>40h<\/td><\/tr><tr><td>Auxiliar de creche <\/td><td>6<\/td><td>R$ 998,00 <\/td><td>40h<\/td><\/tr><tr><td>Guarda Municipal<\/td><td>14<\/td><td>R$ 998,00 <\/td><td>40h<\/td><\/tr><\/tbody><\/table>\n\n\n\n<h4 class=\"wp-block-heading\"><em>Cargos de n\u00edvel superior:<\/em><\/h4>\n\n\n\n<p><\/p>\n\n\n\n<table class=\"wp-block-table has-subtle-pale-blue-background-color has-fixed-layout has-background is-style-stripes\"><tbody><tr><td><strong>Cargo<\/strong><\/td><td><strong>N\u00ba de vagas<\/strong><\/td><td><strong>Remunera\u00e7\u00e3o<\/strong><\/td><td><strong>Carga hor\u00e1ria<\/strong><\/td><\/tr><tr><td>Assistente Social <\/td><td>2<\/td><td>R$ 1.526,37 <\/td><td>30h <\/td><\/tr><tr><td>Auditor Fiscal de Tributos <\/td><td>2<\/td><td>R$ 2.978,23 + at\u00e9 50% de gratifica\u00e7\u00e3o <\/td><td>40h <\/td><\/tr><tr><td>Nutricionista <\/td><td>1<\/td><td>R$ 1.762,11 <\/td><td>40h <\/td><\/tr><tr><td>Pedagogo  <\/td><td>2<\/td><td>R$ 3.069,29 <\/td><td>20h  <\/td><\/tr><tr><td>Professor de Educa\u00e7\u00e3o F\u00edsica <\/td><td>4<\/td><td>R$ 1.534,63 <\/td><td>20h <\/td><\/tr><tr><td>Professor de Hist\u00f3ria <\/td><td>4<\/td><td>R$ 1.534,63 <\/td><td>20h <\/td><\/tr><tr><td>Professor de Ingl\u00eas <\/td><td>2<\/td><td>R$ 1.534,63 <\/td><td>20h <\/td><\/tr><tr><td>Professor de L\u00edngua Portuguesa  <\/td><td>7<\/td><td>R$ 1.534,63 <\/td><td>20h <\/td><\/tr><tr><td>Professor de Matem\u00e1tica <\/td><td>6<\/td><td>R$ 1.534,63 <\/td><td>20h<\/td><\/tr><tr><td>Professor de Ci\u00eancias Naturais <\/td><td>3<\/td><td>R$ 1.534,63  <\/td><td>20h <\/td><\/tr><\/tbody><\/table>\n\n\n\n<h2 class=\"wp-block-heading\" id=\"requisitos\">Requisitos dos cargos do concurso Prefeitura de Cruz das Almas<\/h2>\n\n\n\n<p><strong>Assistente Social: <\/strong>Curso Superior completo em Servi\u00e7o Social, inscri\u00e7\u00e3o no respectivo \u00f3rg\u00e3o de classe e experi\u00eancia m\u00ednima de um ano nas atribui\u00e7\u00f5es correlatas ao cargo.   <\/p>\n\n\n\n<p><strong>Auditor Fiscal de Tributos:<\/strong> Curso Superior completo em Ci\u00eancias Cont\u00e1beis, Economia, Direito ou Administra\u00e7\u00e3o, experi\u00eancia m\u00ednima de um ano nas atribui\u00e7\u00f5es correlatas ao cargo e inscri\u00e7\u00e3o no respectivo \u00f3rg\u00e3o.  <\/p>\n\n\n\n<p><strong>Nutricionista: <\/strong>Curso Superior completo em Nutri\u00e7\u00e3o, inscri\u00e7\u00e3o no respectivo \u00f3rg\u00e3o de classe e experi\u00eancia m\u00ednima de um ano nas atribui\u00e7\u00f5es correlatas ao cargo. <\/p>\n\n\n\n<p><strong>Pedagogo: <\/strong>Curso Superior completo em Pedagogia. <\/p>\n\n\n\n<p><strong>Professor: <\/strong>Curso Superior completo de Licenciatura, com forma\u00e7\u00e3o pedag\u00f3gica, nos termos da legisla\u00e7\u00e3o vigente. <\/p>\n\n\n\n<p><strong>Agente de Tr\u00e2nsito e Transporte: <\/strong>Ensino M\u00e9dio Completo, Carteira Nacional de Habilita\u00e7\u00e3o (CNH), categoria no m\u00ednimo A e B, n\u00e3o estar cumprindo pena de suspens\u00e3o do direito de dirigir, n\u00e3o estar com a CNH cassada decorrente de crime de tr\u00e2nsito. <\/p>\n\n\n\n<p><strong>Assistente Administrativo: <\/strong>Ensino M\u00e9dio Completo mais conhecimento espec\u00edfico das atribui\u00e7\u00f5es exigidas para o cargo. <\/p>\n\n\n\n<p><strong>Secret\u00e1ria Escolar,<\/strong> <strong>Auxiliar de creche<\/strong>, <strong>Guarda Municipal: <\/strong>Ensino M\u00e9dio Completo. <\/p>\n\n\n\n<p><strong>Agente de Servi\u00e7os Gerais,<\/strong> <strong>Agente de Vigil\u00e2ncia, Merendeira:<\/strong> Ensino fundamental completo. <\/p>\n\n\n\n<p><strong>Motorista de Ve\u00edculos Leves: <\/strong>Ensino fundamental completo, Carteira Nacional de Habilita\u00e7\u00e3o (CNH), categoria B ou superior. <\/p>\n\n\n\n<p><strong>Motorista de Ve\u00edculos Pesados:<\/strong> Ensino fundamental completo, Carteira Nacional de Habilita\u00e7\u00e3o (CNH), categoria D ou superior. <\/p>\n\n\n\n<p><strong>Operador de Motoniveladora:<\/strong> Ensino Fundamental Completo e curso b\u00e1sico de qualifica\u00e7\u00e3o profissional de at\u00e9 duzentas horas, Carteira Nacional de Habilita\u00e7\u00e3o (CNH), categoria D ou superior. <\/p>\n\n\n\n<p><strong>Operador de Retroescavadeira:<\/strong> Ensino Fundamental Completo e curso b\u00e1sico de qualifica\u00e7\u00e3o profissional de at\u00e9 duzentas horas, Carteira Nacional de Habilita\u00e7\u00e3o (CNH), categoria D ou superior. <\/p>\n\n\n\n<h2 class=\"wp-block-heading\" id=\"atribuicoes\">Atribui\u00e7\u00f5es dos cargos do concurso Prefeitura de Cruz das Almas <\/h2>\n\n\n\n<p><strong>Assistente Social: <\/strong>Prestar servi\u00e7os de \u00e2mbito social a indiv\u00edduos e grupos identificando e analisando seus problemas e necessidades materiais, financeiras e psicossociais para prevenir ou eliminar desajustes, promovendo a integra\u00e7\u00e3o dos servidores municipais e da comunidade. <\/p>\n\n\n\n<p><strong>Nutricionista<\/strong>: Planejar, coordenar e supervisionar servi\u00e7os ou programas relativos \u00e0 educa\u00e7\u00e3o alimentar. Nutri\u00e7\u00e3o diet\u00e9tica para indiv\u00edduos ou coletividade da Secretaria de Educa\u00e7\u00e3o do Munic\u00edpio. <\/p>\n\n\n\n<p><strong>Pedagogo: <\/strong>Implementar a execu\u00e7\u00e3o, avaliar e coordenar a constru\u00e7\u00e3o do projeto pedag\u00f3gico de escolas de educa\u00e7\u00e3o infantil, de ensino fundamental com a equipe escolar. Viabilizar o trabalho pedag\u00f3gico coletivo e facilitar o processo comunicativo da comunidade escolar e de associa\u00e7\u00f5es a ela vinculadas. <\/p>\n\n\n\n<p><strong>Assistente Administrativo: <\/strong>Executar servi\u00e7os administrativos diversos, mediante controles atrav\u00e9s de formul\u00e1rios, atendimento ao p\u00fablico, digita\u00e7\u00e3o e outros servi\u00e7os de natureza similar, resolvendo os assuntos mais simples obedecendo a instru\u00e7\u00f5es detalhadas. <\/p>\n\n\n\n<p><strong>Secret\u00e1ria Escolar:<\/strong> Executar tarefas relativas \u00e0 anota\u00e7\u00e3o, reda\u00e7\u00e3o, digita\u00e7\u00e3o e organiza\u00e7\u00e3o de documentos e a outros servi\u00e7os de escrit\u00f3rio, como: recep\u00e7\u00e3o, registro de compromissos e informa\u00e7\u00f5es, principalmente junto aos cargos diretivos da escola, procedendo segundo normas espec\u00edficas rotineiras ou de acordo com seu pr\u00f3prio crit\u00e9rio, para assegurar e agilizar o fluxo de trabalhos administrativos da escola. <\/p>\n\n\n\n<p><strong>Auxiliar de creche: <\/strong>Cuidar de alunos na faixa de 0 a 3 anos: acompanhar a sua utiliza\u00e7\u00e3o e zelar pela sua guarda, com a participa\u00e7\u00e3o da crian\u00e7a; estimular o desenvolvimento da crian\u00e7a, respeitando seus valores, sua individualidade e sua faixa et\u00e1ria; participar das reuni\u00f5es de estudo em busca de uma melhor qualidade no atendimento. Observar o estado geral dos alunos; acompanhar e assessorar o processo de alimenta\u00e7\u00e3o, sono e higiene da crian\u00e7a; desenvolver atividades pedag\u00f3gicas e recreativas com as crian\u00e7as, observando e registrando os fatos ocorridos durante a atividade, a fim de garantir o bem-estar e o desenvolvimento sadio das mesmas; participar da manuten\u00e7\u00e3o das condi\u00e7\u00f5es ambientais.  <\/p>\n\n\n\n<p><strong>Guarda Municipal: <\/strong>Exercer guarda diurna e noturna nas reparti\u00e7\u00f5es municipais, monumentos, parques e outros, zelando pela conserva\u00e7\u00e3o e manuten\u00e7\u00e3o do bem p\u00fablico. <\/p>\n\n\n\n<p><strong>Agente de Servi\u00e7os Gerais:<\/strong> Executar servi\u00e7os de apoio, limpeza, conserva\u00e7\u00e3o e manuten\u00e7\u00e3o de bens materiais, servir bebidas, lanches, merendas, dentre outros. <\/p>\n\n\n\n<p><strong>Agente de Vigil\u00e2ncia: <\/strong>Exercer vigil\u00e2ncia em estabelecimentos p\u00fablicos, percorrendo-os sistematicamente e inspecionando suas depend\u00eancias para evitar inc\u00eandios, roubos e outras anormalidades bem como controlar e orientar o acesso de pessoas aos pr\u00e9dios e demais instala\u00e7\u00f5es. <\/p>\n\n\n\n<p><strong>Merendeira:<\/strong> Elaborar e distribuir a merenda escolar. <\/p>\n\n\n\n<p><strong>Motorista de Ve\u00edculos Leves: <\/strong>Dirigir ve\u00edculos transportando pessoas, cargas e materiais aos locais pr\u00e9-estabelecidos. <\/p>\n\n\n\n<p><strong>Motorista de Ve\u00edculos Pesados: <\/strong>Dirigir ve\u00edculos transportando cargas e materiais. <\/p>\n\n\n\n<p><strong>Operador de Motoniveladora:<\/strong> Planejar o trabalho, realizar manuten\u00e7\u00e3o b\u00e1sica de m\u00e1quinas pesadas e as operarem. Remover solo e material org\u00e2nico \u201cbota-fora\u201d, drenar solos e executar constru\u00e7\u00e3o de aterros. Realizar acabamento em pavimentos e cravar estacas. <\/p>\n\n\n\n<p><strong>Operador de Retroescavadeira: <\/strong>Planejar o trabalho, realizar manuten\u00e7\u00e3o b\u00e1sica de m\u00e1quinas pesadas e as operarem. Remover solo e material org\u00e2nico \u201cbota-fora\u201d, drenar solos e executar constru\u00e7\u00e3o de aterros. Realizar acabamento em pavimentos e cravar estacas. <\/p>\n\n\n\n<p><strong>Agente de Tr\u00e2nsito e Transporte: <\/strong><\/p>\n\n\n\n<ul class=\"wp-block-list\"><li>Executar as tarefas relativas \u00e0 fiscaliza\u00e7\u00e3o de tr\u00e2nsito, autuar e aplicar as medidas cab\u00edveis, por infra\u00e7\u00e3o de circula\u00e7\u00e3o, estacionamento e parada previstas no C\u00f3digo de Tr\u00e2nsito Brasileiro (CTB), no exerc\u00edcio regular do poder de pol\u00edcia de tr\u00e2nsito;<\/li><li>Orientar e prestar atendimento aos cidad\u00e3os referentes \u00e0s normas de tr\u00e2nsito e atender reclama\u00e7\u00f5es relativas a ve\u00edculos estacionados em locais irregulares; <\/li><li>Realizar rondas ostensivas objetivando inibir o cometimento de infra\u00e7\u00f5es e orientar o tr\u00e2nsito pr\u00f3ximo a locais de grande movimenta\u00e7\u00e3o de pedestres&#8230;<\/li><\/ul>\n\n\n\n<p><strong>Auditor Fiscal de Tributos<\/strong><\/p>\n\n\n\n<ul class=\"wp-block-list\"><li>Constituir cr\u00e9dito tribut\u00e1rio, mediante lan\u00e7amento por homologa\u00e7\u00e3o, declara\u00e7\u00e3o, de of\u00edcio, inclusive por emiss\u00e3o eletr\u00f4nica e demais modalidades; proceder revis\u00e3o de of\u00edcio e homologar, quando for o caso, nos termos da legisla\u00e7\u00e3o tribut\u00e1ria. <\/li><li>Rever o lan\u00e7amento e modific\u00e1-lo, quando for o caso, nos termos da legisla\u00e7\u00e3o tribut\u00e1ria; estimar e arbitrar a base de c\u00e1lculo dos impostos municipais; promover o acompanhamento e a apura\u00e7\u00e3o do \u00cdndice do Valor Adicionado \u2013 IVA, para fins de determina\u00e7\u00e3o do \u00edndice de participa\u00e7\u00e3o do Munic\u00edpio da parcela dos 25% do ICMS destinado aos munic\u00edpios.<\/li><li>Apresentar estudos e sugest\u00f5es para o aperfei\u00e7oamento da legisla\u00e7\u00e3o tribut\u00e1ria municipal e para o aprimoramento ou implanta\u00e7\u00e3o de novas rotinas e procedimentos, sistemas informatizados e atividades de intelig\u00eancia fiscal&#8230;  <\/li><\/ul>\n\n\n\n<h2 class=\"wp-block-heading\" id=\"etapas\">Etapas do concurso Prefeitura de Cruz das Almas<\/h2>\n\n\n\n<ul class=\"wp-block-list\"><li><strong>1\u00aa Etapa:<\/strong> Prova Objetiva (classificat\u00f3rio e eliminat\u00f3rio); <\/li><li><strong>2\u00aa Etapa: <\/strong>Prova de T\u00edtulos somente para os cargos de n\u00edvel superior (classificat\u00f3rio).<\/li><\/ul>\n\n\n\n<h3 class=\"wp-block-heading\">Prova Objetiva<\/h3>\n\n\n\n<p>Com dura\u00e7\u00e3o de 3 horas (a partir das 9h), a prova objetiva ser\u00e1 realizada no munic\u00edpio de Cruz das Almas ou Santo Ant\u00f4nio de Jesus. <\/p>\n\n\n\n<h4 class=\"wp-block-heading\"><em>Para cargos de n\u00edvel fundamental<\/em><\/h4>\n\n\n\n<ul class=\"wp-block-list\"><li><strong>Conhecimentos Gerais <\/strong>(L\u00edngua Portuguesa e Matem\u00e1tica)<ul><li>9 quest\u00f5es com peso 1<\/li><li>12 quest\u00f5es com peso 2<\/li><li>9 quest\u00f5es com peso 3<\/li><\/ul><\/li><li><strong>Conhecimentos Espec\u00edficos<\/strong><ul><li>3 quest\u00f5es com peso 1<\/li><li>4 quest\u00f5es com peso 2<\/li><li>3 quest\u00f5es com peso 3 <\/li><\/ul><\/li><\/ul>\n\n\n\n<h4 class=\"wp-block-heading\"><em>Para cargos de n\u00edvel m\u00e9dio e superior<\/em><\/h4>\n\n\n\n<ul class=\"wp-block-list\"><li><strong>Conhecimentos Gerais <\/strong>(L\u00edngua Portuguesa e No\u00e7\u00f5es de Inform\u00e1tica) <ul><li>6 quest\u00f5es com peso 1<\/li><li>8 quest\u00f5es com peso 2<\/li><li>6 quest\u00f5es com peso 3<\/li><\/ul><\/li><li><strong>Conhecimentos Espec\u00edficos<\/strong><ul><li>3 quest\u00f5es com peso 1<\/li><li>4 quest\u00f5es com peso 2<\/li><li>3 quest\u00f5es com peso 3 <\/li><\/ul><\/li><\/ul>\n\n\n\n<h3 class=\"wp-block-heading\">Prova de T\u00edtulos  <\/h3>\n\n\n\n<p>A Prova de T\u00edtulos ser\u00e1 aplicada para os candidatos habilitados na 1\u00aa Etapa para os cargos de N\u00edvel Superior, convocados por aviso espec\u00edfico que estabelecer\u00e1 o prazo de entrega, a forma, os procedimentos e as condi\u00e7\u00f5es para admissibilidade dos t\u00edtulos.<\/p>\n\n\n\n<p>Conforme o edital, a entrega dos t\u00edtulos (via Sedex) est\u00e1 prevista para acontecer entre os dias 25 e 27 de novembro. A an\u00e1lise desses t\u00edtulos deve ocorrer entre 28 de novembro e 09 de dezembro.<\/p>\n\n\n\n<h4 class=\"wp-block-heading\"><em>Magist\u00e9rio<\/em><\/h4>\n\n\n\n<div class=\"wp-block-image\"><figure class=\"aligncenter\"><img loading=\"lazy\" decoding=\"async\" width=\"812\" height=\"385\" src=\"https:\/\/dhg1h5j42swfq.cloudfront.net\/2019\/09\/02163221\/magist.jpg.jpg\" alt=\"  Concurso Prefeitura de Cruz das Almas: Avalia\u00e7\u00e3o de T\u00edtulos Magist\u00e9rio\" class=\"wp-image-415509\" srcset=\"https:\/\/dhg1h5j42swfq.cloudfront.net\/2019\/09\/02163221\/magist.jpg.jpg 812w, https:\/\/dhg1h5j42swfq.cloudfront.net\/2019\/09\/02163221\/magist.jpg.jpg 300w, https:\/\/dhg1h5j42swfq.cloudfront.net\/2019\/09\/02163221\/magist.jpg.jpg 768w, https:\/\/dhg1h5j42swfq.cloudfront.net\/2019\/09\/02163221\/magist.jpg.jpg 610w\" sizes=\"auto, (max-width: 812px) 100vw, 812px\" \/><figcaption>  Concurso Prefeitura de Cruz das Almas: Avalia\u00e7\u00e3o de T\u00edtulos Magist\u00e9rio<\/figcaption><\/figure><\/div>\n\n\n\n<h4 class=\"wp-block-heading\"><em>Nutricionista<\/em><\/h4>\n\n\n\n<div class=\"wp-block-image\"><figure class=\"aligncenter\"><img loading=\"lazy\" decoding=\"async\" width=\"814\" height=\"348\" src=\"https:\/\/dhg1h5j42swfq.cloudfront.net\/2019\/09\/02163535\/nutri-min.jpg.jpg\" alt=\"  Concurso Prefeitura de Cruz das Almas: Avalia\u00e7\u00e3o de T\u00edtulos Nutricionista\" class=\"wp-image-415513\" srcset=\"https:\/\/dhg1h5j42swfq.cloudfront.net\/2019\/09\/02163535\/nutri-min.jpg.jpg 814w, https:\/\/dhg1h5j42swfq.cloudfront.net\/2019\/09\/02163535\/nutri-min.jpg.jpg 300w, https:\/\/dhg1h5j42swfq.cloudfront.net\/2019\/09\/02163535\/nutri-min.jpg.jpg 768w, https:\/\/dhg1h5j42swfq.cloudfront.net\/2019\/09\/02163535\/nutri-min.jpg.jpg 610w\" sizes=\"auto, (max-width: 814px) 100vw, 814px\" \/><figcaption>  Concurso Prefeitura de Cruz das Almas: Avalia\u00e7\u00e3o de T\u00edtulos Nutricionista<\/figcaption><\/figure><\/div>\n\n\n\n<h4 class=\"wp-block-heading\"><em>Auditor de Tributos<\/em><\/h4>\n\n\n\n<div class=\"wp-block-image\"><figure class=\"aligncenter\"><img loading=\"lazy\" decoding=\"async\" width=\"815\" height=\"149\" src=\"https:\/\/dhg1h5j42swfq.cloudfront.net\/2019\/09\/02163558\/aud-min.jpg.jpg\" alt=\"Concurso Prefeitura de Cruz das Almas: Avalia\u00e7\u00e3o de T\u00edtulos Auditor de Tributos\" class=\"wp-image-415514\" srcset=\"https:\/\/dhg1h5j42swfq.cloudfront.net\/2019\/09\/02163558\/aud-min.jpg.jpg 815w, https:\/\/dhg1h5j42swfq.cloudfront.net\/2019\/09\/02163558\/aud-min.jpg.jpg 300w, https:\/\/dhg1h5j42swfq.cloudfront.net\/2019\/09\/02163558\/aud-min.jpg.jpg 768w, https:\/\/dhg1h5j42swfq.cloudfront.net\/2019\/09\/02163558\/aud-min.jpg.jpg 610w\" sizes=\"auto, (max-width: 815px) 100vw, 815px\" \/><figcaption>Concurso Prefeitura de Cruz das Almas: Avalia\u00e7\u00e3o de T\u00edtulos Auditor de Tributos<\/figcaption><\/figure><\/div>\n\n\n\n<h2 class=\"wp-block-heading\" id=\"cursos-assinatura\">Quer estudar para o concurso <strong>Prefeitura de Cruz das Almas<\/strong>?<\/h2>\n\n\n\n<p style=\"text-align:center\">Gostou dessa oportunidade e deseja se preparar para o concurso Prefeitura de Cruz das Almas? O Estrat\u00e9gia Concurso j\u00e1 possui cursos relacionados ao certame! Confira:<\/p>\n\n\n\n<p style=\"font-size:25px;text-align:center\"><strong><a rel=\"noreferrer noopener\" aria-label=\"Curso Prefeitura de Cruz das Almas  (abre numa nova aba)\" href=\"https:\/\/www.estrategiaconcursos.com.br\/cursosPorConcurso\/prefeitura-municipal-de-cruz-das-almas-ba-guarda-municipal\/\" target=\"_blank\"><em>Curso Prefeitura de Cruz das Almas<\/em><\/a><\/strong><\/p>\n\n\n\n<p style=\"font-size:25px;text-align:center\"><strong><a rel=\"noreferrer noopener\" aria-label=\"Curso ISS Cruz das Almas  (abre numa nova aba)\" href=\"https:\/\/www.estrategiaconcursos.com.br\/cursosPorConcurso\/prefeitura-municipal-e-iss-cruz-das-almas-ba\/\" target=\"_blank\"><em>Curso ISS Cruz das Almas<\/em><\/a><\/strong><\/p>\n\n\n\n<p style=\"text-align:center\"><strong><em>Assinatura ilimitada*<\/em><\/strong><\/p>\n\n\n\n<p style=\"text-align:center\"><em>Prepare-se com o melhor material e com quem mais aprova em Concursos P\u00fablicos em todo o pa\u00eds. Assine agora a nossa Assinatura Anual e tenha acesso ilimitado* a todos os nossos cursos.<\/em><\/p>\n\n\n\n<p style=\"text-align:center\" class=\"has-background has-medium-font-size has-light-green-cyan-background-color\"><strong>ASSINE AGORA<\/strong>&nbsp;\u2013&nbsp;<a rel=\"noreferrer noopener\" href=\"https:\/\/www.estrategiaconcursos.com.br\/assinaturas\" target=\"_blank\"><strong>Assinatura Ilimitada<\/strong><\/a><\/p>\n\n\n\n<p style=\"text-align:center\" class=\"has-background has-medium-font-size has-pale-cyan-blue-background-color\"><strong><a href=\"https:\/\/www.estrategiaconcursos.com.br\/blog\/concursos-abertos\/\">CONCURSOS ABERTOS<\/a><\/strong><\/p>\n\n\n\n<p style=\"text-align:center\" class=\"has-background has-medium-font-size has-pale-cyan-blue-background-color\"><a href=\"https:\/\/www.estrategiaconcursos.com.br\/blog\/concursos-2019\/\"><strong>CONCURSOS 2019<\/strong><\/a><\/p>\n\n\n\n<p style=\"text-align:center\" class=\"has-background has-medium-font-size has-pale-cyan-blue-background-color\"><a href=\"https:\/\/www.estrategiaconcursos.com.br\/blog\/concursos-2020\/\"><strong>CONCURSOS<\/strong><\/a><strong><a href=\"https:\/\/www.estrategiaconcursos.com.br\/blog\/concursos-2020\/\">&nbsp;2020<\/a><\/strong><\/p>\n\n\n\n<figure class=\"wp-block-image\"><img loading=\"lazy\" decoding=\"async\" width=\"300\" height=\"102\" src=\"https:\/\/dhg1h5j42swfq.cloudfront.net\/2017\/03\/28152500\/coruja-ficha-tecnica-300x102.png\" alt=\"Ficha t\u00e9cnica concurso Prefeitura de Cruz das Almas\" class=\"wp-image-68542\"\/><\/figure>\n\n\n\n<h4 class=\"wp-block-heading\" id=\"ficha-tecnica\"><strong>Informa\u00e7\u00f5es do pr\u00f3ximo concurso <\/strong><\/h4>\n\n\n\n<p>\u25ba<strong>Data prevista da prova<\/strong>: 27 de outubro<br \/>\u25ba<strong>Vagas<\/strong>: 145<br \/>\u25ba<strong>Cargos<\/strong>: V\u00e1rios<br \/>\u25ba<strong>Banca<\/strong>: Funda\u00e7\u00e3o CEFET Bahia<br \/>\u25ba<strong>Escolaridade<\/strong>: N\u00edvel fundamental, m\u00e9dio e superior<br \/>\u25ba<strong>Edital<\/strong>: <a rel=\"noreferrer noopener\" aria-label=\"Edital Prefeitura de Cruz das Almas (abre numa nova aba)\" href=\"https:\/\/dhg1h5j42swfq.cloudfront.net\/2019\/09\/02155224\/Edital_Cruz_das_Almas_2019_1.pdf\" target=\"_blank\">Edital Prefeitura de Cruz das Almas<\/a><strong>  <\/strong><\/p>\n\n\n\n<p><em>Ascom Estrat\u00e9gia<br \/>ascomestrategia@gmail.com<\/em><\/p>\n","protected":false},"excerpt":{"rendered":"<p>O concurso Prefeitura de Cruz das Almas, localizada no munic\u00edpio da Bahia, est\u00e1 com suas inscri\u00e7\u00f5es oficialmente encerradas. O certame, publicado no final de agosto, oferta 145 vagas para diversos cargos de n\u00edvel fundamental, m\u00e9dio e superior. Aqueles interessados em garantir sua inscri\u00e7\u00e3o puderam acessar o site da banca organizadora, a Funda\u00e7\u00e3o CEFET Bahia at\u00e9 [&hellip;]<\/p>\n","protected":false},"author":260,"featured_media":376359,"comment_status":"open","ping_status":"closed","sticky":false,"template":"","format":"standard","meta":{"post_tipo":"article","footnotes":""},"categories":[1],"tags":[],"tax_estado":[],"class_list":["post-415483","post","type-post","status-publish","format-standard","has-post-thumbnail","hentry","category-cursos-e-concursos"],"acf":[],"yoast_head":"<!-- This site is optimized with the Yoast SEO Premium plugin v27.2 (Yoast SEO v27.2) - https:\/\/yoast.com\/product\/yoast-seo-premium-wordpress\/ -->\n<title>Edital Prefeitura de Cruz das Almas: inscri\u00e7\u00f5es encerradas para 145 vagas<\/title>\n<meta name=\"description\" content=\"Concurso Prefeitura de Cruz das Almas: edital oferta 145 vagas para cargos de n\u00edvel fundamental, m\u00e9dio e superior. Provas previstas para o final de outubro.\" \/>\n<meta name=\"robots\" content=\"index, follow, max-snippet:-1, max-image-preview:large, max-video-preview:-1\" \/>\n<link rel=\"canonical\" href=\"https:\/\/www.estrategiaconcursos.com.br\/blog\/concurso-prefeitura-de-cruz-das-almas\/\" \/>\n<meta property=\"og:locale\" content=\"pt_BR\" \/>\n<meta property=\"og:type\" content=\"article\" \/>\n<meta property=\"og:title\" content=\"Edital Prefeitura de Cruz das Almas: inscri\u00e7\u00f5es encerradas para 145 vagas\" \/>\n<meta property=\"og:description\" content=\"Concurso Prefeitura de Cruz das Almas: edital oferta 145 vagas para cargos de n\u00edvel fundamental, m\u00e9dio e superior. Provas previstas para o final de outubro.\" \/>\n<meta property=\"og:url\" content=\"https:\/\/www.estrategiaconcursos.com.br\/blog\/concurso-prefeitura-de-cruz-das-almas\/\" \/>\n<meta property=\"og:site_name\" content=\"Estrat\u00e9gia Concursos\" \/>\n<meta property=\"article:published_time\" content=\"2019-10-02T06:41:17+00:00\" \/>\n<meta property=\"article:modified_time\" content=\"2019-11-08T20:36:55+00:00\" \/>\n<meta property=\"og:image\" content=\"https:\/\/dhg1h5j42swfq.cloudfront.net\/2019\/05\/22091947\/saiu-edital-1024x536-e1559223622269.jpg\" \/>\n\t<meta property=\"og:image:width\" content=\"400\" \/>\n\t<meta property=\"og:image:height\" content=\"209\" \/>\n\t<meta property=\"og:image:type\" content=\"image\/jpeg\" \/>\n<meta name=\"author\" content=\"Diego Cerqueira Berbert Vasconcelos\" \/>\n<meta name=\"twitter:card\" content=\"summary_large_image\" \/>\n<meta name=\"twitter:creator\" content=\"@EstratConcursos\" \/>\n<meta name=\"twitter:site\" content=\"@EstratConcursos\" \/>\n<meta name=\"twitter:label1\" content=\"Escrito por\" \/>\n\t<meta name=\"twitter:data1\" content=\"Diego Cerqueira Berbert Vasconcelos\" \/>\n\t<meta name=\"twitter:label2\" content=\"Est. tempo de leitura\" \/>\n\t<meta name=\"twitter:data2\" content=\"9 minutos\" \/>\n<script type=\"application\/ld+json\" class=\"yoast-schema-graph\">{\"@context\":\"https:\/\/schema.org\",\"@graph\":[{\"@type\":\"NewsArticle\",\"@id\":\"https:\/\/www.estrategiaconcursos.com.br\/blog\/concurso-prefeitura-de-cruz-das-almas\/#article\",\"isPartOf\":{\"@id\":\"https:\/\/www.estrategiaconcursos.com.br\/blog\/concurso-prefeitura-de-cruz-das-almas\/\"},\"author\":{\"name\":\"Diego Cerqueira Berbert Vasconcelos\",\"@id\":\"https:\/\/www.estrategiaconcursos.com.br\/blog\/#\/schema\/person\/7fbf898fd336f5ce58a961518beff68c\"},\"headline\":\"Edital Prefeitura de Cruz das Almas: inscri\u00e7\u00f5es encerradas para 145 vagas\",\"datePublished\":\"2019-10-02T06:41:17+00:00\",\"dateModified\":\"2019-11-08T20:36:55+00:00\",\"mainEntityOfPage\":{\"@id\":\"https:\/\/www.estrategiaconcursos.com.br\/blog\/concurso-prefeitura-de-cruz-das-almas\/\"},\"wordCount\":1895,\"commentCount\":0,\"publisher\":{\"@id\":\"https:\/\/www.estrategiaconcursos.com.br\/blog\/#organization\"},\"image\":{\"@id\":\"https:\/\/www.estrategiaconcursos.com.br\/blog\/concurso-prefeitura-de-cruz-das-almas\/#primaryimage\"},\"thumbnailUrl\":\"https:\/\/dhg1h5j42swfq.cloudfront.net\/2019\/05\/22091947\/saiu-edital-1024x536-e1559223622269.jpg\",\"articleSection\":[\"Concursos P\u00fablicos\"],\"inLanguage\":\"pt-BR\",\"potentialAction\":[{\"@type\":\"CommentAction\",\"name\":\"Comment\",\"target\":[\"https:\/\/www.estrategiaconcursos.com.br\/blog\/concurso-prefeitura-de-cruz-das-almas\/#respond\"]}],\"copyrightYear\":\"2019\",\"copyrightHolder\":{\"@id\":\"https:\/\/www.estrategiaconcursos.com.br\/blog\/#organization\"}},{\"@type\":\"WebPage\",\"@id\":\"https:\/\/www.estrategiaconcursos.com.br\/blog\/concurso-prefeitura-de-cruz-das-almas\/\",\"url\":\"https:\/\/www.estrategiaconcursos.com.br\/blog\/concurso-prefeitura-de-cruz-das-almas\/\",\"name\":\"Edital Prefeitura de Cruz das Almas: inscri\u00e7\u00f5es encerradas para 145 vagas\",\"isPartOf\":{\"@id\":\"https:\/\/www.estrategiaconcursos.com.br\/blog\/#website\"},\"primaryImageOfPage\":{\"@id\":\"https:\/\/www.estrategiaconcursos.com.br\/blog\/concurso-prefeitura-de-cruz-das-almas\/#primaryimage\"},\"image\":{\"@id\":\"https:\/\/www.estrategiaconcursos.com.br\/blog\/concurso-prefeitura-de-cruz-das-almas\/#primaryimage\"},\"thumbnailUrl\":\"https:\/\/dhg1h5j42swfq.cloudfront.net\/2019\/05\/22091947\/saiu-edital-1024x536-e1559223622269.jpg\",\"datePublished\":\"2019-10-02T06:41:17+00:00\",\"dateModified\":\"2019-11-08T20:36:55+00:00\",\"description\":\"Concurso Prefeitura de Cruz das Almas: edital oferta 145 vagas para cargos de n\u00edvel fundamental, m\u00e9dio e superior. Provas previstas para o final de outubro.\",\"breadcrumb\":{\"@id\":\"https:\/\/www.estrategiaconcursos.com.br\/blog\/concurso-prefeitura-de-cruz-das-almas\/#breadcrumb\"},\"inLanguage\":\"pt-BR\",\"potentialAction\":[{\"@type\":\"ReadAction\",\"target\":[\"https:\/\/www.estrategiaconcursos.com.br\/blog\/concurso-prefeitura-de-cruz-das-almas\/\"]}]},{\"@type\":\"ImageObject\",\"inLanguage\":\"pt-BR\",\"@id\":\"https:\/\/www.estrategiaconcursos.com.br\/blog\/concurso-prefeitura-de-cruz-das-almas\/#primaryimage\",\"url\":\"https:\/\/dhg1h5j42swfq.cloudfront.net\/2019\/05\/22091947\/saiu-edital-1024x536-e1559223622269.jpg\",\"contentUrl\":\"https:\/\/dhg1h5j42swfq.cloudfront.net\/2019\/05\/22091947\/saiu-edital-1024x536-e1559223622269.jpg\",\"width\":400,\"height\":209,\"caption\":\"Concurso Advogado GHC RS\"},{\"@type\":\"BreadcrumbList\",\"@id\":\"https:\/\/www.estrategiaconcursos.com.br\/blog\/concurso-prefeitura-de-cruz-das-almas\/#breadcrumb\",\"itemListElement\":[{\"@type\":\"ListItem\",\"position\":1,\"name\":\"In\u00edcio\",\"item\":\"https:\/\/www.estrategiaconcursos.com.br\/blog\/\"},{\"@type\":\"ListItem\",\"position\":2,\"name\":\"Edital Prefeitura de Cruz das Almas: inscri\u00e7\u00f5es encerradas para 145 vagas\"}]},{\"@type\":\"WebSite\",\"@id\":\"https:\/\/www.estrategiaconcursos.com.br\/blog\/#website\",\"url\":\"https:\/\/www.estrategiaconcursos.com.br\/blog\/\",\"name\":\"Estrat\u00e9gia Concursos\",\"description\":\"O blog da Estrat\u00e9gia Concursos traz not\u00edcias sobre concursos e artigos de professores oferecendo cursos para concursos (pdf + videaulas) no site.\",\"publisher\":{\"@id\":\"https:\/\/www.estrategiaconcursos.com.br\/blog\/#organization\"},\"potentialAction\":[{\"@type\":\"SearchAction\",\"target\":{\"@type\":\"EntryPoint\",\"urlTemplate\":\"https:\/\/www.estrategiaconcursos.com.br\/blog\/?s={search_term_string}\"},\"query-input\":{\"@type\":\"PropertyValueSpecification\",\"valueRequired\":true,\"valueName\":\"search_term_string\"}}],\"inLanguage\":\"pt-BR\"},{\"@type\":\"Organization\",\"@id\":\"https:\/\/www.estrategiaconcursos.com.br\/blog\/#organization\",\"name\":\"Estrat\u00e9gia Concursos\",\"url\":\"https:\/\/www.estrategiaconcursos.com.br\/blog\/\",\"logo\":{\"@type\":\"ImageObject\",\"inLanguage\":\"pt-BR\",\"@id\":\"https:\/\/www.estrategiaconcursos.com.br\/blog\/#\/schema\/logo\/image\/\",\"url\":\"https:\/\/dhg1h5j42swfq.cloudfront.net\/2025\/06\/03203428\/logo_concursos-1.jpg\",\"contentUrl\":\"https:\/\/dhg1h5j42swfq.cloudfront.net\/2025\/06\/03203428\/logo_concursos-1.jpg\",\"width\":230,\"height\":60,\"caption\":\"Estrat\u00e9gia Concursos\"},\"image\":{\"@id\":\"https:\/\/www.estrategiaconcursos.com.br\/blog\/#\/schema\/logo\/image\/\"},\"sameAs\":[\"https:\/\/x.com\/EstratConcursos\"]},{\"@type\":\"Person\",\"@id\":\"https:\/\/www.estrategiaconcursos.com.br\/blog\/#\/schema\/person\/7fbf898fd336f5ce58a961518beff68c\",\"name\":\"Diego Cerqueira Berbert Vasconcelos\",\"image\":{\"@type\":\"ImageObject\",\"inLanguage\":\"pt-BR\",\"@id\":\"https:\/\/secure.gravatar.com\/avatar\/ed2d045a7390980cad1a92d24dcc39d10ef55b88fcb9fb9c047979bf4ddeb1ce?s=96&d=mm&r=g\",\"url\":\"https:\/\/secure.gravatar.com\/avatar\/ed2d045a7390980cad1a92d24dcc39d10ef55b88fcb9fb9c047979bf4ddeb1ce?s=96&d=mm&r=g\",\"contentUrl\":\"https:\/\/secure.gravatar.com\/avatar\/ed2d045a7390980cad1a92d24dcc39d10ef55b88fcb9fb9c047979bf4ddeb1ce?s=96&d=mm&r=g\",\"caption\":\"Diego Cerqueira Berbert Vasconcelos\"},\"url\":\"https:\/\/www.estrategiaconcursos.com.br\/blog\/author\/diegocerqueiraestrategiaconcursos-com-br\/\"}]}<\/script>\n<!-- \/ Yoast SEO Premium plugin. -->","yoast_head_json":{"title":"Edital Prefeitura de Cruz das Almas: inscri\u00e7\u00f5es encerradas para 145 vagas","description":"Concurso Prefeitura de Cruz das Almas: edital oferta 145 vagas para cargos de n\u00edvel fundamental, m\u00e9dio e superior. Provas previstas para o final de outubro.","robots":{"index":"index","follow":"follow","max-snippet":"max-snippet:-1","max-image-preview":"max-image-preview:large","max-video-preview":"max-video-preview:-1"},"canonical":"https:\/\/www.estrategiaconcursos.com.br\/blog\/concurso-prefeitura-de-cruz-das-almas\/","og_locale":"pt_BR","og_type":"article","og_title":"Edital Prefeitura de Cruz das Almas: inscri\u00e7\u00f5es encerradas para 145 vagas","og_description":"Concurso Prefeitura de Cruz das Almas: edital oferta 145 vagas para cargos de n\u00edvel fundamental, m\u00e9dio e superior. Provas previstas para o final de outubro.","og_url":"https:\/\/www.estrategiaconcursos.com.br\/blog\/concurso-prefeitura-de-cruz-das-almas\/","og_site_name":"Estrat\u00e9gia Concursos","article_published_time":"2019-10-02T06:41:17+00:00","article_modified_time":"2019-11-08T20:36:55+00:00","og_image":[{"width":400,"height":209,"url":"https:\/\/dhg1h5j42swfq.cloudfront.net\/2019\/05\/22091947\/saiu-edital-1024x536-e1559223622269.jpg","type":"image\/jpeg"}],"author":"Diego Cerqueira Berbert Vasconcelos","twitter_card":"summary_large_image","twitter_creator":"@EstratConcursos","twitter_site":"@EstratConcursos","twitter_misc":{"Escrito por":"Diego Cerqueira Berbert Vasconcelos","Est. tempo de leitura":"9 minutos"},"schema":{"@context":"https:\/\/schema.org","@graph":[{"@type":"NewsArticle","@id":"https:\/\/www.estrategiaconcursos.com.br\/blog\/concurso-prefeitura-de-cruz-das-almas\/#article","isPartOf":{"@id":"https:\/\/www.estrategiaconcursos.com.br\/blog\/concurso-prefeitura-de-cruz-das-almas\/"},"author":{"name":"Diego Cerqueira Berbert Vasconcelos","@id":"https:\/\/www.estrategiaconcursos.com.br\/blog\/#\/schema\/person\/7fbf898fd336f5ce58a961518beff68c"},"headline":"Edital Prefeitura de Cruz das Almas: inscri\u00e7\u00f5es encerradas para 145 vagas","datePublished":"2019-10-02T06:41:17+00:00","dateModified":"2019-11-08T20:36:55+00:00","mainEntityOfPage":{"@id":"https:\/\/www.estrategiaconcursos.com.br\/blog\/concurso-prefeitura-de-cruz-das-almas\/"},"wordCount":1895,"commentCount":0,"publisher":{"@id":"https:\/\/www.estrategiaconcursos.com.br\/blog\/#organization"},"image":{"@id":"https:\/\/www.estrategiaconcursos.com.br\/blog\/concurso-prefeitura-de-cruz-das-almas\/#primaryimage"},"thumbnailUrl":"https:\/\/dhg1h5j42swfq.cloudfront.net\/2019\/05\/22091947\/saiu-edital-1024x536-e1559223622269.jpg","articleSection":["Concursos P\u00fablicos"],"inLanguage":"pt-BR","potentialAction":[{"@type":"CommentAction","name":"Comment","target":["https:\/\/www.estrategiaconcursos.com.br\/blog\/concurso-prefeitura-de-cruz-das-almas\/#respond"]}],"copyrightYear":"2019","copyrightHolder":{"@id":"https:\/\/www.estrategiaconcursos.com.br\/blog\/#organization"}},{"@type":"WebPage","@id":"https:\/\/www.estrategiaconcursos.com.br\/blog\/concurso-prefeitura-de-cruz-das-almas\/","url":"https:\/\/www.estrategiaconcursos.com.br\/blog\/concurso-prefeitura-de-cruz-das-almas\/","name":"Edital Prefeitura de Cruz das Almas: inscri\u00e7\u00f5es encerradas para 145 vagas","isPartOf":{"@id":"https:\/\/www.estrategiaconcursos.com.br\/blog\/#website"},"primaryImageOfPage":{"@id":"https:\/\/www.estrategiaconcursos.com.br\/blog\/concurso-prefeitura-de-cruz-das-almas\/#primaryimage"},"image":{"@id":"https:\/\/www.estrategiaconcursos.com.br\/blog\/concurso-prefeitura-de-cruz-das-almas\/#primaryimage"},"thumbnailUrl":"https:\/\/dhg1h5j42swfq.cloudfront.net\/2019\/05\/22091947\/saiu-edital-1024x536-e1559223622269.jpg","datePublished":"2019-10-02T06:41:17+00:00","dateModified":"2019-11-08T20:36:55+00:00","description":"Concurso Prefeitura de Cruz das Almas: edital oferta 145 vagas para cargos de n\u00edvel fundamental, m\u00e9dio e superior. Provas previstas para o final de outubro.","breadcrumb":{"@id":"https:\/\/www.estrategiaconcursos.com.br\/blog\/concurso-prefeitura-de-cruz-das-almas\/#breadcrumb"},"inLanguage":"pt-BR","potentialAction":[{"@type":"ReadAction","target":["https:\/\/www.estrategiaconcursos.com.br\/blog\/concurso-prefeitura-de-cruz-das-almas\/"]}]},{"@type":"ImageObject","inLanguage":"pt-BR","@id":"https:\/\/www.estrategiaconcursos.com.br\/blog\/concurso-prefeitura-de-cruz-das-almas\/#primaryimage","url":"https:\/\/dhg1h5j42swfq.cloudfront.net\/2019\/05\/22091947\/saiu-edital-1024x536-e1559223622269.jpg","contentUrl":"https:\/\/dhg1h5j42swfq.cloudfront.net\/2019\/05\/22091947\/saiu-edital-1024x536-e1559223622269.jpg","width":400,"height":209,"caption":"Concurso Advogado GHC RS"},{"@type":"BreadcrumbList","@id":"https:\/\/www.estrategiaconcursos.com.br\/blog\/concurso-prefeitura-de-cruz-das-almas\/#breadcrumb","itemListElement":[{"@type":"ListItem","position":1,"name":"In\u00edcio","item":"https:\/\/www.estrategiaconcursos.com.br\/blog\/"},{"@type":"ListItem","position":2,"name":"Edital Prefeitura de Cruz das Almas: inscri\u00e7\u00f5es encerradas para 145 vagas"}]},{"@type":"WebSite","@id":"https:\/\/www.estrategiaconcursos.com.br\/blog\/#website","url":"https:\/\/www.estrategiaconcursos.com.br\/blog\/","name":"Estrat\u00e9gia Concursos","description":"O blog da Estrat\u00e9gia Concursos traz not\u00edcias sobre concursos e artigos de professores oferecendo cursos para concursos (pdf + videaulas) no site.","publisher":{"@id":"https:\/\/www.estrategiaconcursos.com.br\/blog\/#organization"},"potentialAction":[{"@type":"SearchAction","target":{"@type":"EntryPoint","urlTemplate":"https:\/\/www.estrategiaconcursos.com.br\/blog\/?s={search_term_string}"},"query-input":{"@type":"PropertyValueSpecification","valueRequired":true,"valueName":"search_term_string"}}],"inLanguage":"pt-BR"},{"@type":"Organization","@id":"https:\/\/www.estrategiaconcursos.com.br\/blog\/#organization","name":"Estrat\u00e9gia Concursos","url":"https:\/\/www.estrategiaconcursos.com.br\/blog\/","logo":{"@type":"ImageObject","inLanguage":"pt-BR","@id":"https:\/\/www.estrategiaconcursos.com.br\/blog\/#\/schema\/logo\/image\/","url":"https:\/\/dhg1h5j42swfq.cloudfront.net\/2025\/06\/03203428\/logo_concursos-1.jpg","contentUrl":"https:\/\/dhg1h5j42swfq.cloudfront.net\/2025\/06\/03203428\/logo_concursos-1.jpg","width":230,"height":60,"caption":"Estrat\u00e9gia Concursos"},"image":{"@id":"https:\/\/www.estrategiaconcursos.com.br\/blog\/#\/schema\/logo\/image\/"},"sameAs":["https:\/\/x.com\/EstratConcursos"]},{"@type":"Person","@id":"https:\/\/www.estrategiaconcursos.com.br\/blog\/#\/schema\/person\/7fbf898fd336f5ce58a961518beff68c","name":"Diego Cerqueira Berbert Vasconcelos","image":{"@type":"ImageObject","inLanguage":"pt-BR","@id":"https:\/\/secure.gravatar.com\/avatar\/ed2d045a7390980cad1a92d24dcc39d10ef55b88fcb9fb9c047979bf4ddeb1ce?s=96&d=mm&r=g","url":"https:\/\/secure.gravatar.com\/avatar\/ed2d045a7390980cad1a92d24dcc39d10ef55b88fcb9fb9c047979bf4ddeb1ce?s=96&d=mm&r=g","contentUrl":"https:\/\/secure.gravatar.com\/avatar\/ed2d045a7390980cad1a92d24dcc39d10ef55b88fcb9fb9c047979bf4ddeb1ce?s=96&d=mm&r=g","caption":"Diego Cerqueira Berbert Vasconcelos"},"url":"https:\/\/www.estrategiaconcursos.com.br\/blog\/author\/diegocerqueiraestrategiaconcursos-com-br\/"}]}},"_links":{"self":[{"href":"https:\/\/www.estrategiaconcursos.com.br\/blog\/wp-json\/wp\/v2\/posts\/415483","targetHints":{"allow":["GET"]}}],"collection":[{"href":"https:\/\/www.estrategiaconcursos.com.br\/blog\/wp-json\/wp\/v2\/posts"}],"about":[{"href":"https:\/\/www.estrategiaconcursos.com.br\/blog\/wp-json\/wp\/v2\/types\/post"}],"author":[{"embeddable":true,"href":"https:\/\/www.estrategiaconcursos.com.br\/blog\/wp-json\/wp\/v2\/users\/260"}],"replies":[{"embeddable":true,"href":"https:\/\/www.estrategiaconcursos.com.br\/blog\/wp-json\/wp\/v2\/comments?post=415483"}],"version-history":[{"count":7,"href":"https:\/\/www.estrategiaconcursos.com.br\/blog\/wp-json\/wp\/v2\/posts\/415483\/revisions"}],"predecessor-version":[{"id":429559,"href":"https:\/\/www.estrategiaconcursos.com.br\/blog\/wp-json\/wp\/v2\/posts\/415483\/revisions\/429559"}],"wp:featuredmedia":[{"embeddable":true,"href":"https:\/\/www.estrategiaconcursos.com.br\/blog\/wp-json\/wp\/v2\/media\/376359"}],"wp:attachment":[{"href":"https:\/\/www.estrategiaconcursos.com.br\/blog\/wp-json\/wp\/v2\/media?parent=415483"}],"wp:term":[{"taxonomy":"category","embeddable":true,"href":"https:\/\/www.estrategiaconcursos.com.br\/blog\/wp-json\/wp\/v2\/categories?post=415483"},{"taxonomy":"post_tag","embeddable":true,"href":"https:\/\/www.estrategiaconcursos.com.br\/blog\/wp-json\/wp\/v2\/tags?post=415483"},{"taxonomy":"tax_estado","embeddable":true,"href":"https:\/\/www.estrategiaconcursos.com.br\/blog\/wp-json\/wp\/v2\/tax_estado?post=415483"}],"curies":[{"name":"wp","href":"https:\/\/api.w.org\/{rel}","templated":true}]}}