{"id":41520,"date":"2016-06-16T14:06:36","date_gmt":"2016-06-16T17:06:36","guid":{"rendered":"http:\/\/www.estrategiaconcursos.com.br\/blog\/?p=41520"},"modified":"2016-07-22T18:17:46","modified_gmt":"2016-07-22T21:17:46","slug":"gabarito-pcpe-agente-e-escrivao-de-policia-prova-de-portugues-comentada","status":"publish","type":"post","link":"https:\/\/www.estrategiaconcursos.com.br\/blog\/gabarito-pcpe-agente-e-escrivao-de-policia-prova-de-portugues-comentada\/","title":{"rendered":"GABARITO PCPE. Agente e Escriv\u00e3o de pol\u00edcia. Prova de Portugu\u00eas comentada."},"content":{"rendered":"<p style=\"text-align: justify\">Ol\u00e1, caros amigos do Estrat\u00e9gia Concursos! Tudo bem?<\/p>\n<p style=\"text-align: justify\">Venho aqui comentar com voc\u00eas as quest\u00f5es de <strong><span style=\"text-decoration: underline\">Portugu\u00eas<\/span> <\/strong>que fizeram parte da prova da <span style=\"color: #800080\"><em><strong>Pol\u00edcia Civil de Pernambuco<\/strong><\/em><\/span>, que ocorreu no dia 12\/06\/2016, cargos de <span style=\"color: #800080\"><em><strong>Agente e Escriv\u00e3o de Pol\u00edcia.<\/strong><\/em><\/span><\/p>\n<p style=\"text-align: justify\">\nCompletamente dentro do esperado, o Cespe\/Unb trouxe quest\u00f5es de interpreta\u00e7\u00e3o textual, reescritura de trechos, uso da v\u00edrgula, an\u00e1lise sint\u00e1tica, uso do &#8220;se&#8221;, conjun\u00e7\u00f5es\u00a0 e reda\u00e7\u00e3o oficial!<\/p>\n<p style=\"text-align: justify\">Vamos para as quest\u00f5es!<\/p>\n<p style=\"text-align: justify\"><strong>Texto CG1A01AAA<\/strong><br \/>\nO crime organizado n\u00e3o \u00e9 um fen\u00f4meno recente. Encontramos ind\u00edcios dele nos grandes grupos contrabandistas do antigo regime na Europa, nas atividades dos piratas e cors\u00e1rios e nas grandes redes de recepta\u00e7\u00e3o da Inglaterra do s\u00e9culo XVIII. A diferen\u00e7a dos nossos dias \u00e9 que as organiza\u00e7\u00f5es criminosas se tornaram mais precisas, mais profissionais.<br \/>\nUm erro na an\u00e1lise do fen\u00f4meno \u00e9 a suposi\u00e7\u00e3o de que tudo \u00e9 crime organizado. Mesmo quando se trata de uma pequena apreens\u00e3o de crack em um local remoto, alguns \u00f3rg\u00e3os da imprensa falam em crime organizado. Em muitos casos, o varejo do tr\u00e1fico \u00e9 um dos crimes mais desorganizados que existe. \u00c9 praticado por um usu\u00e1rio que compra de algu\u00e9m umas poucas pedras de crack e fuma a metade. Ele n\u00e3o tem chefe, parceiros, nem capital de giro. Possui apenas a necessidade de suprir o v\u00edcio. No outro extremo, fica o grande traficante, muitas vezes um indiv\u00edduo que nem mesmo v\u00ea a droga. S\u00f3 utiliza seu dinheiro para financiar o tr\u00e1fico ou seus contatos para facilitar as transa\u00e7\u00f5es. A organiza\u00e7\u00e3o criminosa envolvida com o tr\u00e1fico de drogas fica, na maior parte das vezes, entre esses dois extremos. \u00c9 constitu\u00edda de pequenos e m\u00e9dios traficantes e uns poucos traficantes de grande porte.<br \/>\nNas outras atividades criminosas, a situa\u00e7\u00e3o \u00e9 a mesma. O crime pode ser praticado por um indiv\u00edduo, uma quadrilha ou uma organiza\u00e7\u00e3o. Portanto, n\u00e3o \u00e9 a modalidade do crime que identifica a exist\u00eancia de crime organizado.<br \/>\nGuaracy Mingardi. Intelig\u00eancia policial e crime organizado. In: Renato S\u00e9rgio de Lima e Liana de Paula (Orgs.). Seguran\u00e7a p\u00fablica e viol\u00eancia: o Estado est\u00e1 cumprindo seu papel? S\u00e3o Paulo: Contexto, 2006, p. 42 (com adapta\u00e7\u00f5es).<\/p>\n<p style=\"text-align: justify\"><span style=\"color: #ff00ff\"><strong>INTERPRETA\u00c7\u00c3O TEXTUAL<\/strong><\/span><br \/>\n01. De acordo com o texto CG1A01AAA,<br \/>\nA) poucas s\u00e3o as modalidades de crime que podem ser tipificadas como crime organizado.<br \/>\nB) nem sempre o que o senso comum sup\u00f5e ser crime organizado \u00e9 de fato crime organizado.<br \/>\nC) h\u00e1 registros da associa\u00e7\u00e3o de pessoas para o cometimento de crimes desde a Antiguidade.<br \/>\nD) as primeiras organiza\u00e7\u00f5es criminosas estruturavam-se de modo totalmente impreciso e amador, em compara\u00e7\u00e3o com as organiza\u00e7\u00f5es criminosas da atualidade.<br \/>\nE) o conceito da express\u00e3o crime organizado foi distorcido porque a imprensa passou a empreg\u00e1-la para tratar de qualquer crime que envolva entorpecentes.<\/p>\n<p style=\"text-align: justify\"><span style=\"color: #333399\"><em>Coment\u00e1rio: a \u00fanica alternativa que condiz com o texto \u00e9 a B, pois o autor defende justamente a ideia de que nem tudo que chamamos de crime organizado est\u00e1 adequadamente classificado assim. Comprove no seguinte trecho: \u201cUm erro na an\u00e1lise do fen\u00f4meno \u00e9 a suposi\u00e7\u00e3o de que tudo \u00e9 crime organizado\u201d.<\/em><\/span><br \/>\n<span style=\"color: #333399\"><em> Vejamos as outras alternativas:<\/em><\/span><br \/>\n<span style=\"color: #333399\"><em> A) n\u00e3o foi falado no texto que os crimes organizados s\u00e3o poucos.<\/em><\/span><br \/>\n<span style=\"color: #333399\"><em> C) o texto cita o antigo regime na Europa, n\u00e3o a antiguidade.<\/em><\/span><br \/>\n<span style=\"color: #333399\"><em> D) infere-se do texto que as organiza\u00e7\u00f5es criminosas de antigamente eram menos precisas e profissionais, n\u00e3o TOTALMENTE assim. A alternativa est\u00e1 extrapolando na interpreta\u00e7\u00e3o.<\/em><\/span><br \/>\n<span style=\"color: #333399\"><em> E) O texto n\u00e3o cita a imprensa nem a distor\u00e7\u00e3o do conceito da express\u00e3o crime organizado.<\/em><\/span><br \/>\n<span style=\"color: #333399\"><em> GABARITO: B<\/em><\/span><\/p>\n<p><span style=\"color: #ff00ff\"><strong>REESCRITURA DE TRECHOS<\/strong><\/span><br \/>\n2. Em cada uma das op\u00e7\u00f5es a seguir, \u00e9 apresentado um trecho do texto CG1A01AAA, seguido de uma proposta de reescritura. Assinale a op\u00e7\u00e3o em que a reescritura proposta mant\u00e9m a corre\u00e7\u00e3o gramatical do texto e o sentido original do trecho.<br \/>\nA) \u201cO crime pode ser praticado por um indiv\u00edduo, uma quadrilha ou uma organiza\u00e7\u00e3o\u201d (l. 24 e 25): O crime ser praticado por um indiv\u00edduo, uma quadrilha ou uma organiza\u00e7\u00e3o \u00e9 permitido<br \/>\nB) \u201cMesmo quando se trata de uma pequena apreens\u00e3o de crack em um local remoto\u201d (l. 9 e 10): Ainda que trata-se de uma pequena apreens\u00e3o de crack em um local distante<br \/>\nC) \u201co varejo do tr\u00e1fico \u00e9 um dos crimes mais desorganizados que existe\u201d (l. 12 e 13): o varejo do tr\u00e1fico \u00e9 um dos crimes mais desorganizados que existem<br \/>\nD) \u201cmuitas vezes um indiv\u00edduo que nem mesmo v\u00ea a droga\u201d (l. 17 e 18): muitas vezes um indiv\u00edduo que se quer enxerga a droga<br \/>\nE) \u201cS\u00f3 utiliza seu dinheiro para financiar o tr\u00e1fico ou seus contatos para facilitar as transa\u00e7\u00f5es\u201d (l. 18 e 19): S\u00f3 utiliza seu dinheiro ou seus contatos para financiar o tr\u00e1fico ou para facilitar as transa\u00e7\u00f5es<\/p>\n<p style=\"text-align: justify\"><span style=\"color: #333399\"><em>Coment\u00e1rio:<\/em><\/span><br \/>\n<span style=\"color: #333399\"><em> A alternativa que apresenta reescrita correta \u00e9 a letra C, em que o sujeito do verbo existir \u00e9 \u201cum dos crimes\u201d, o que possibilita que o termo \u201cexistem\u201d concorde tanto com o numeral \u201cum\u201d quanto com o termo \u201ccrimes\u201d.<\/em><\/span><br \/>\n<span style=\"color: #333399\"><em> Analisando as reescritas de cada uma das demais alternativas e destacando os erros, temos:<\/em><\/span><br \/>\n<span style=\"color: #333399\"><em> Em A, \u201cO crime ser praticado por um indiv\u00edduo, uma quadrilha ou uma organiza\u00e7\u00e3o <span style=\"color: #ff0000\">\u00e9 permitido<\/span>.\u201d A express\u00e3o \u201c\u00e9 permitido\u201d n\u00e3o pode substituir \u201cpode\u201d. O termo \u201cpode\u201d indica ideia de possibilidade, significando no contexto que h\u00e1 a possibilidade de o crime ser praticado tanto por apenas um indiv\u00edduo quanto por um grupo deles ou por uma organiza\u00e7\u00e3o.<\/em><\/span><br \/>\n<span style=\"color: #333399\"><em> Em B &#8211; \u201cAinda <span style=\"color: #ff0000\">que trata-se<\/span> de uma pequena apreens\u00e3o de crack em um local distante\u201d \u2013 mantendo o sentido original e a corre\u00e7\u00e3o gramatical do texto, a reescrita deveria ser: \u2018Ainda que se trate de uma pequena apreens\u00e3o de crack em um local distante\u2019, em que o pronome \u201cse\u201d fica na posi\u00e7\u00e3o procl\u00edtica por ter sido atra\u00eddo pelo \u201cque\u201d e o verbo \u201ctrate\u201d \u00e9 conjugado em combina\u00e7\u00e3o com o termo \u201cainda que\u201d. O termo \u201cdistante\u201d \u00e9 sin\u00f4nimo de \u201cremoto\u201d e poderia substitui-lo.<\/em><\/span><br \/>\n<span style=\"color: #333399\"><em> Na alternativa D \u2013 \u201cmuitas vezes um indiv\u00edduo que <span style=\"color: #ff0000\">se quer enxerga<\/span> a droga\u201d \u2013 a substitui\u00e7\u00e3o acarretaria erro gramatical, uma vez que a express\u00e3o correta \u00e9 \u2018sequer\u2019, significando \u2018ao menos\u2019. Al\u00e9m disso \u201cenxerga\u201d n\u00e3o pode substituir \u201cv\u00ea\u201d, uma vez que seus significados s\u00e3o diferentes: \u201cv\u00ea\u201d, no contexto, significa \u2018n\u00e3o tem contato com\u2019 e \u201cenxerga\u201d , encaixado no contexto, significaria tem impossibilidade de ver.<\/em><\/span><br \/>\n<span style=\"color: #333399\"><em> J\u00e1 em E \u2013 \u201cS\u00f3 utiliza seu dinheiro ou seus contatos para financiar o tr\u00e1fico ou para facilitar as transa\u00e7\u00f5es\u201d \u2013 h\u00e1 erro porque, no texto original, tem-se a afirma\u00e7\u00e3o de que os contatos facilitam as transa\u00e7\u00f5es, mas n\u00e3o se pode inferir que tamb\u00e9m financiam o tr\u00e1fico, como ficou entendido a partir dessa reescrita. Sendo assim, a reescrita alteraria o sentido original do texto.<\/em><\/span><br \/>\n<span style=\"color: #333399\"><em> GABARITO: C<\/em><\/span><\/p>\n<p style=\"text-align: justify\"><span style=\"color: #ff00ff\"><strong>USO DA V\u00cdRGULA<\/strong><\/span><br \/>\n3. No texto CG1A01AAA, isola um trecho de natureza explicativa a v\u00edrgula empregada logo ap\u00f3s<br \/>\nA) \u201ctraficante\u201d (L.17).<br \/>\nB) \u201cvezes\u201d (L.21).<br \/>\nC) \u201cindiv\u00edduo\u201d (L.24).<br \/>\nD) \u201cremoto\u201d (L.10).<br \/>\nE) \u201ccasos\u201d (L.12).<\/p>\n<p style=\"text-align: justify\"><span style=\"color: #000080\"><em>Coment\u00e1rio:<\/em><\/span><br \/>\n<span style=\"color: #000080\"><em> A. Correta &#8211; No trecho \u201cNo outro extremo, fica o grande <strong>traficante,<\/strong> muitas vezes um indiv\u00edduo que nem mesmo v\u00ea a droga.\u201d, a v\u00edrgula isola uma ora\u00e7\u00e3o explicativa.<\/em><\/span><br \/>\n<span style=\"color: #000080\"><em> B. Errada \u2013 No techo \u201cA organiza\u00e7\u00e3o criminosa envolvida com o tr\u00e1fico de drogas fica, na maior parte das <strong>vezes,<\/strong> entre esses dois extremos.\u201d, as v\u00edrgulas antes de \u201cna\u201d e depois de \u201cvezes\u201d isola uma express\u00e3o adverbial deslocada na ora\u00e7\u00e3o.<\/em><\/span><br \/>\n<span style=\"color: #000080\"><em> C. Errada \u2013 Em \u201cO crime pode ser praticado por um <strong>indiv\u00edduo,<\/strong> uma quadrilha ou uma organiza\u00e7\u00e3o.\u201d, a v\u00edrgula separa express\u00f5es coordenadas.<\/em><\/span><br \/>\n<span style=\"color: #000080\"><em> D. Errada \u2013 No per\u00edodo \u201cMesmo quando se trata de uma pequena apreens\u00e3o de crack em um local <strong>remoto,<\/strong> alguns \u00f3rg\u00e3os da imprensa falam em crime organizado.\u201d, a v\u00edrgula separa uma ora\u00e7\u00e3o subordinada localizada antes da ora\u00e7\u00e3o principal.<\/em><\/span><br \/>\n<span style=\"color: #000080\"><em> E. Errada \u2013 No fragmento \u201cEm muitos <strong>casos,<\/strong> o varejo do tr\u00e1fico \u00e9 um dos crimes mais desorganizados que existe.\u201d, a v\u00edrgula isola uma express\u00e3o adverbial.<\/em><\/span><br \/>\n<span style=\"color: #000080\"><em> GABARITO: A<\/em><\/span><\/p>\n<p style=\"text-align: justify\"><span style=\"color: #ff00ff\"><strong>AN\u00c1LISE SINT\u00c1TICA<\/strong><\/span><br \/>\n4. No texto CG1A01AAA, funciona como complemento nominal a ora\u00e7\u00e3o<br \/>\nA) \u201cque identifica a exist\u00eancia de crime organizado\u201d (L.26).<br \/>\nB) \u201cque as organiza\u00e7\u00f5es criminosas se tornaram mais precisas, mais profissionais\u201d (L. 5 a 7).<br \/>\nC) \u201cde que tudo \u00e9 crime organizado\u201d (L. 8 e 9).<br \/>\nD) \u201cpara facilitar as transa\u00e7\u00f5es\u201d (L.19).<br \/>\nE) \u201cque compra de algu\u00e9m umas poucas pedras de crack\u201d (L. 13 e 14).<\/p>\n<p style=\"text-align: justify\"><span style=\"color: #000080\"><em>Coment\u00e1rio:<\/em><\/span><br \/>\n<span style=\"color: #000080\"><em> A. Errada \u2013 \u201cPortanto, n\u00e3o \u00e9 a modalidade do crime que identifica a exist\u00eancia de crime organizado.\u201d \u2013 o ora\u00e7\u00e3o \u201cidentifica a exist\u00eancia de crime organizado\u201d, \u00e9 um predicado verbal introduzido pelo pronome relativo \u201cque\u201d.<\/em><\/span><br \/>\n<span style=\"color: #000080\"><em> B. Errada \u2013 Na frase: \u201cA diferen\u00e7a dos nossos dias \u00e9 que <span style=\"color: #ff0000\"><strong>as organiza\u00e7\u00f5es criminosas se tornaram mais precisas, mais profissionais.<\/strong><\/span>\u201d, a ora\u00e7\u00e3o em destaque \u00e9 subordinada predicativa.<\/em><\/span><br \/>\n<span style=\"color: #000080\"><em> C. Correta \u2013 Em \u201cUm erro na an\u00e1lise do fen\u00f4meno \u00e9 a suposi\u00e7\u00e3o <strong><span style=\"color: #ff0000\">de que tudo \u00e9 crime organizado<\/span><\/strong>.\u201d, a frase em destaque \u00e9 subordinada completiva nominal.<\/em><\/span><br \/>\n<span style=\"color: #000080\"><em> D. Errada \u2013 No trecho \u201cS\u00f3 utiliza seu dinheiro para financiar o tr\u00e1fico ou seus contatos <span style=\"color: #ff0000\"><strong>para facilitar as transa\u00e7\u00f5es<\/strong><\/span>.\u201d, a frase em destaque \u00e9 adverbial final.<\/em><\/span><br \/>\n<span style=\"color: #000080\"><em> E. Errada &#8211; A ora\u00e7\u00e3o \u201cque compra de algu\u00e9m umas poucas pedras de crack\u201d retirada do trecho \u201c\u00c9 praticado por um usu\u00e1rio que compra de algu\u00e9m umas poucas pedras de crack e fuma a metade.\u201d exerce fun\u00e7\u00e3o restritiva em rela\u00e7\u00e3o ao termo \u201cusu\u00e1rio\u201d.<\/em><\/span><br \/>\n<span style=\"color: #000080\"><em> GABARITO: C<\/em><\/span><\/p>\n<p style=\"text-align: justify\"><strong>Texto CG1A01BBB<\/strong><\/p>\n<p style=\"text-align: justify\">N\u00e3o s\u00e3o muitas as experi\u00eancias exitosas de pol\u00edticas p\u00fablicas de redu\u00e7\u00e3o de homic\u00eddios no Brasil nos \u00faltimos vinte anos, e poucas s\u00e3o aquelas que tiveram continuidade. O Pacto pela Vida, pol\u00edtica de seguran\u00e7a p\u00fablica implantada no estado de Pernambuco em 2007, \u00e9 identificado como uma pol\u00edtica p\u00fablica exitosa.<br \/>\nO Pacto Pela Vida \u00e9 um programa do governo do estado de Pernambuco que visa \u00e0 redu\u00e7\u00e3o da criminalidade e ao controle da viol\u00eancia. A decis\u00e3o ou vontade pol\u00edtica de eleger a seguran\u00e7a p\u00fablica como prioridade \u00e9 o primeiro marco que se deve destacar quando se pensa em recuperar a mem\u00f3ria dessa pol\u00edtica, sobretudo quando se considera o fato de que o tema da seguran\u00e7a p\u00fablica, no Brasil, tem sido historicamente negligenciado. Muitas autoridades p\u00fablicas n\u00e3o s\u00f3 evitam associar-se ao assunto como tamb\u00e9m o tratam de modo simplista, como uma quest\u00e3o que diz respeito apenas \u00e0 pol\u00edcia.<br \/>\nO Pacto pela Vida, entendido como um grande concerto de a\u00e7\u00f5es com o objetivo de reduzir a viol\u00eancia e, em especial, os crimes contra a vida, foi apresentado \u00e0 sociedade no in\u00edcio do m\u00eas de maio de 2007. Em seu bojo, foram estabelecidos os principais valores que orientaram a constru\u00e7\u00e3o da pol\u00edtica de seguran\u00e7a, a prioridade do combate aos crimes violentos letais intencionais e a meta de reduzir em 12% ao ano, em Pernambuco, a taxa desses crimes.<br \/>\nDesse modo, definiu-se, no estado, um novo paradigma de seguran\u00e7a p\u00fablica, que se baseou na consolida\u00e7\u00e3o dos valores descritos acima (que estavam em disputa tanto do ponto de vista institucional quanto da sociedade), no estabelecimento de prioridades b\u00e1sicas (como o foco na redu\u00e7\u00e3o dos crimes contra a vida) e no intenso debate com a sociedade civil. A implementa\u00e7\u00e3o do Pacto Pela Vida foi respons\u00e1vel pela diminui\u00e7\u00e3o de quase 40% dos homic\u00eddios no estado entre janeiro de 2007 e junho de 2013.<br \/>\nJos\u00e9 Luiz Ratton et al. O Pacto Pela Vida e a redu\u00e7\u00e3o de homic\u00eddios em Pernambuco. Rio de Janeiro: Instituto Igarap\u00e9, 2014. Internet: (com adapta\u00e7\u00f5es).<\/p>\n<p style=\"text-align: justify\"><span style=\"color: #ff00ff\"><strong>INTERPRETA\u00c7\u00c3O TEXTUAL<\/strong><\/span><br \/>\n5. O Pacto pela Vida \u00e9 caracterizado no texto CG1A01BBB como uma pol\u00edtica exitosa porque<br \/>\nA) teve como objetivos a redu\u00e7\u00e3o da criminalidade e o controle da viol\u00eancia no estado de Pernambuco.<br \/>\nB) tratou a quest\u00e3o da viol\u00eancia como um problema social complexo e inaugurou uma estrat\u00e9gia de conten\u00e7\u00e3o desse problema compat\u00edvel com sua complexidade.<br \/>\nC) definiu, no estado de Pernambuco, um novo paradigma de seguran\u00e7a p\u00fablica, embasado em uma rede de a\u00e7\u00f5es de combate e de repress\u00e3o \u00e0 viol\u00eancia.<br \/>\nD) foi fruto de um plano acertado que elegeu a \u00e1rea da seguran\u00e7a p\u00fablica como prioridade.<br \/>\nE) resultou em uma redu\u00e7\u00e3o vis\u00edvel no n\u00famero de crimes contra a vida no estado de Pernambuco.<\/p>\n<p style=\"text-align: justify\"><span style=\"color: #333399\"><em>Coment\u00e1rio:<\/em><\/span><br \/>\n<span style=\"color: #333399\"><em> O trecho \u201cA implementa\u00e7\u00e3o do Pacto Pela Vida foi respons\u00e1vel pela diminui\u00e7\u00e3o de quase 40% dos homic\u00eddios no estado entre janeiro de 2007 e junho de 2013.\u201d, retirado do \u00faltimo par\u00e1grafo do texto, confirma ser a alternativa E a correta, uma vez que o \u00edndice de redu\u00e7\u00e3o de \u201cquase 40%\u201d comprova o \u00eaxito do programa.<\/em><\/span><br \/>\n<span style=\"color: #333399\"><em> As demais alternativas podem ser inferidas do texto, mas n\u00e3o comprovam o \u00eaxito do programa. Apenas a alternativa C apresenta uma inverdade relativa ao texto, pois n\u00e3o est\u00e1 presente nele e nem podemos inferir que houve a\u00e7\u00f5es de repress\u00e3o \u00e0 viol\u00eancia. Verificamos que h\u00e1 no texto informa\u00e7\u00f5es sobre a\u00e7\u00f5es de redu\u00e7\u00e3o e de combate \u00e0 viol\u00eancia.<\/em><\/span><br \/>\n<span style=\"color: #333399\"><em> GABARITO: E<\/em><\/span><\/p>\n<p style=\"text-align: justify\"><span style=\"color: #ff00ff\"><strong>USO DO &#8220;SE&#8221;<\/strong><\/span><br \/>\n6. No texto CG1A01BBB, a part\u00edcula \u201cse\u201d foi empregada para indeterminar o sujeito em<br \/>\nA \u201cse pensa\u201d (L.11).<br \/>\nB \u201cse considera\u201d (L.12).<br \/>\nC \u201cassociar-se\u201d (L.15).<br \/>\nD \u201cdefiniu-se\u201d (L.25).<br \/>\nE \u201cse deve destacar\u201d (L.11).<\/p>\n<p style=\"text-align: justify\"><span style=\"color: #333399\"><em>Coment\u00e1rio:<\/em><\/span><br \/>\n<span style=\"color: #333399\"><em> O \u201cse\u201d no trecho \u201cprimeiro marco que se deve destacar quando se pensa em recuperar a mem\u00f3ria dessa pol\u00edtica\u201d, ocorre duas vezes, mas assume fun\u00e7\u00f5es distintas em cada uma: em \u201cse deve destacar\u201d ele \u00e9 part\u00edcula apassivadora (o que elimina a letra E) e em \u201cse pensa\u201d \u00e9 \u00edndice de indetermina\u00e7\u00e3o do sujeito. Portanto, a alternativa A \u00e9 a correta para esta quest\u00e3o.<\/em><\/span><br \/>\n<span style=\"color: #333399\"><em> Nas demais alternativas:<\/em><\/span><br \/>\n<span style=\"color: #333399\"><em> B. \u201cse considera\u201d \u2013 part\u00edcula apassivadora<\/em><\/span><br \/>\n<span style=\"color: #333399\"><em> C. \u201cassociar-se\u201d \u2013 pronome reflexivo<\/em><\/span><br \/>\n<span style=\"color: #333399\"><em> D. \u201cdefiniu-se\u201d &#8211; part\u00edcula apassivadora<\/em><\/span><br \/>\n<span style=\"color: #333399\"><em> GABARITO: A<\/em><\/span><\/p>\n<p style=\"text-align: justify\"><span style=\"color: #ff00ff\"><strong>CONJUN\u00c7\u00d5ES<\/strong><\/span><br \/>\n7. No trecho \u201cMuitas autoridades p\u00fablicas n\u00e3o s\u00f3 evitam associar-se ao assunto como tamb\u00e9m o tratam de modo simplista\u201d (L. 14 a 16), do texto CG1A01BBB, o voc\u00e1bulo \u201ccomo\u201d integra uma express\u00e3o que introduz no per\u00edodo uma ideia de<br \/>\nA) proporcionalidade.<br \/>\nB) adi\u00e7\u00e3o.<br \/>\nC) compara\u00e7\u00e3o.<br \/>\nD) explica\u00e7\u00e3o.<br \/>\nE) oposi\u00e7\u00e3o.<\/p>\n<p style=\"text-align: justify\"><span style=\"color: #333399\"><em>Coment\u00e1rio:<\/em><\/span><br \/>\n<span style=\"color: #333399\"><em> O par conjuntivo \u201cn\u00e3o s\u00f3&#8230; como tamb\u00e9m\u201d, que consta no fragmento destacado, indica ideia de adi\u00e7\u00e3o, ou seja, no contexto, as autoridades p\u00fablicas evitam associar-se e tratam o assunto de forma simplista.<\/em><\/span><br \/>\n<span style=\"color: #333399\"><em> GABARITO: B<\/em><\/span><\/p>\n<p style=\"text-align: justify\"><strong><span style=\"color: #ff00ff\">CLASSE DE PALAVRAS (ADV\u00c9RBIO)<\/span><\/strong><\/p>\n<p style=\"text-align: justify\">8. Assinale a op\u00e7\u00e3o na qual a palavra apresentada no texto CG1A01BBB classifica-se, do ponto de vista morfossint\u00e1tico, como adv\u00e9rbio.<br \/>\nA \u201chistoricamente\u201d (R.13)<br \/>\nB \u201cmodo\u201d (R.15)<br \/>\nC \u201cintenso\u201d (R.30)<br \/>\nD \u201cmuitas\u201d (R.1)<br \/>\nE \u201cquando\u201d (R.11)<\/p>\n<p style=\"text-align: justify\"><span style=\"color: #333399\"><em>Coment\u00e1rio:<\/em><\/span><br \/>\n<span style=\"color: #333399\"><em> Analisando as alternativas, a \u00fanica que traz um termo que funciona como adv\u00e9rbio no contexto \u00e9 a letra A: \u201chistoricamente\u201d. O que pode ser confirmado no trecho: \u201csobretudo quando se considera o fato de que o 13 tema da seguran\u00e7a p\u00fablica, no Brasil, tem sido historicamente negligenciado.\u201d<\/em><\/span><br \/>\n<span style=\"color: #333399\"><em> Nas letras B e C \u201cmodo\u201d e \u201cintenso\u201d s\u00e3o substantivos.<\/em><\/span><br \/>\n<span style=\"color: #333399\"><em> Na alternativa D, \u201cmuitas\u201d \u00e9 um adjetivo.<\/em><\/span><br \/>\n<span style=\"color: #333399\"><em> E em E, \u201cquando\u201d \u00e9 uma conjun\u00e7\u00e3o.<\/em><\/span><br \/>\n<span style=\"color: #333399\"><em> GABARITO: A<\/em><\/span><\/p>\n<p style=\"text-align: justify\"><strong><span style=\"color: #ff00ff\">REDA\u00c7\u00c3O OFICIAL<\/span><\/strong><br \/>\n9. De acordo com o Manual de Reda\u00e7\u00e3o da Presid\u00eancia da Rep\u00fablica (MRPR), o aviso e o of\u00edcio s\u00e3o<br \/>\nA) modalidades de comunica\u00e7\u00e3o entre unidades administrativas de um mesmo \u00f3rg\u00e3o.<br \/>\nB) instrumentos de comunica\u00e7\u00e3o oficial entre os chefes dos poderes p\u00fablicos.<br \/>\nC) documentos que compartilham a mesma diagrama\u00e7\u00e3o, uma vez que seguem o padr\u00e3o of\u00edcio.<br \/>\nD) expedientes utilizados para o tratamento de assuntos oficiais entre \u00f3rg\u00e3os da administra\u00e7\u00e3o p\u00fablica e particulares.<br \/>\nE) correspond\u00eancias usualmente remetidas por particulares a \u00f3rg\u00e3os do servi\u00e7o p\u00fablico.<\/p>\n<p style=\"text-align: justify\"><span style=\"color: #333399\"><em>Coment\u00e1rio:<\/em><\/span><br \/>\n<span style=\"color: #333399\"><em> De acordo com o Manual, a \u00fanica alternativa correta \u00e9 a letra C. Nas demais alternativas h\u00e1 erro porque:<\/em><\/span><br \/>\n<span style=\"color: #333399\"><em> &#8211; em A, consta no Manual que tanto aviso quanto of\u00edcio \u201ct\u00eam como finalidade o tratamento de assuntos oficiais pelos \u00f3rg\u00e3os da Administra\u00e7\u00e3o P\u00fablica entre si e, no caso do of\u00edcio, tamb\u00e9m com particulares.\u201d, o que implica dizer que ambos s\u00e3o modalidades de comunica\u00e7\u00e3o entre \u00f3rg\u00e3os da Administra\u00e7\u00e3o e n\u00e3o de um mesmo \u00f3rg\u00e3o.<\/em><\/span><br \/>\n<span style=\"color: #333399\"><em> &#8211; segundo o Manual, \u201co aviso \u00e9 expedido exclusivamente por Ministros de Estado, para autoridades de mesma hierarquia, ao passo que o of\u00edcio \u00e9 expedido para e pelas demais autoridades.\u201d, ou seja, \u00e9 errada a afirma\u00e7\u00e3o de que ambos s\u00e3o instrumentos de comunica\u00e7\u00e3o entre os chefes de poder como \u00e9 afirmado em B.<\/em><\/span><br \/>\n<span style=\"color: #333399\"><em> &#8211; em D, o erro est\u00e1 em afirmar que ambos s\u00e3o utilizados para o tratamento com particulares. Segundo o Manual, apenas o of\u00edcio pode ser utilizado para esse fim, al\u00e9m do trato de assuntos oficiais entre \u00f3rg\u00e3os da administra\u00e7\u00e3o p\u00fablica.<\/em><\/span><br \/>\n<span style=\"color: #333399\"><em> &#8211; no Manual consta que \u201co aviso \u00e9 expedido exclusivamente por Ministros de Estado\u201d, o que torna errada a afirma\u00e7\u00e3o da alternativa E.<\/em><\/span><br \/>\n<span style=\"color: #333399\"><em> GABARITO: C<\/em><\/span><\/p>\n<p style=\"text-align: justify\"><strong><span style=\"color: #ff00ff\">REDA\u00c7\u00c3O OFICIAL<\/span><\/strong><br \/>\n10. Considerando as disposi\u00e7\u00f5es do MRPR, assinale a op\u00e7\u00e3o que apresenta o vocativo adequado para ser empregado em um expediente cujo destinat\u00e1rio seja um delegado de pol\u00edcia civil.<br \/>\nA) Magn\u00edfico Delegado,<br \/>\nB) Dign\u00edssimo Delegado,<br \/>\nC) Senhor Delegado,<br \/>\nD) Excelent\u00edssimo Senhor Delegado,<br \/>\nE) Ilustr\u00edssimo Senhor Delegado,<\/p>\n<p style=\"text-align: justify\">\n<span style=\"color: #333399\"><em>Coment\u00e1rio:<\/em><\/span><br \/>\n<span style=\"color: #333399\"><em> O vocativo a ser utilizado em correspond\u00eancias endere\u00e7adas ao delegado \u00e9 \u201cSenhor Delegado,\u201d como consta na alternativa C.<\/em><\/span><br \/>\n<span style=\"color: #333399\"><em> GABARITO: C<\/em><\/span><\/p>\n<p style=\"text-align: justify\">11<br \/>\nAo Senhor<br \/>\nAnt\u00f4nio Santos<br \/>\nAvenida Beira Mar, n.\u00ba 5000<br \/>\n50.000-000 \u2014 Recife. PE<\/p>\n<p style=\"text-align: justify\"><strong><span style=\"color: #ff00ff\">REDA\u00c7\u00c3O OFICIAL<\/span><\/strong><\/p>\n<p style=\"text-align: justify\">11. Considerando as informa\u00e7\u00f5es apresentadas, assinale a op\u00e7\u00e3o correta.<br \/>\nA) As informa\u00e7\u00f5es em apre\u00e7o poderiam adequadamente compor o endere\u00e7amento designado no envelope de uma comunica\u00e7\u00e3o cujo destinat\u00e1rio fosse o governador do estado de Pernambuco, por exemplo.<br \/>\nB) As informa\u00e7\u00f5es apresentadas poderiam constar de um aviso, uma vez que, nesse tipo de expediente, \u00e9 necess\u00e1rio incluir, na identifica\u00e7\u00e3o do destinat\u00e1rio, o endere\u00e7o para onde a correspond\u00eancia ser\u00e1 remetida.<br \/>\nC) Caso essas informa\u00e7\u00f5es constassem de um envelope de comunica\u00e7\u00e3o a ser enviada pela Secretaria de Defesa Social do Estado de Pernambuco para pessoa n\u00e3o pertencente ao \u00f3rg\u00e3o, a men\u00e7\u00e3o ao cargo do destinat\u00e1rio no envelope seria obrigat\u00f3ria.<br \/>\nD) Caso Ant\u00f4nio Santos fosse ministro da Defesa, o trecho Ao Senhor deveria ser substitu\u00eddo por A Vossa Excel\u00eancia.<br \/>\nE) Tais informa\u00e7\u00f5es s\u00e3o adequadas para compor o cabe\u00e7alho de um of\u00edcio.UES<\/p>\n<p style=\"text-align: justify\"><span style=\"color: #000080\"><em>Coment\u00e1rio:<\/em><\/span><br \/>\n<span style=\"color: #000080\"><em> A alternativa correta \u00e9 a letra A.<\/em><\/span><br \/>\n<span style=\"color: #000080\"><em> A letra B est\u00e1 errada porque o aviso \u00e9 um expediente utilizado exclusivamente por Ministros do Estado, portanto o vocativo deveria ser Senhor Ministro Ant\u00f4nio Santos.<\/em><\/span><br \/>\n<span style=\"color: #000080\"><em> A afirmativa que consta na letra C est\u00e1 errada porque a men\u00e7\u00e3o do cargo s\u00f3 seria obrigat\u00f3ria se a correspond\u00eancia fosse endere\u00e7ada a algum outro \u00f3rg\u00e3o, mas n\u00e3o seria necess\u00e1ria se fosse endere\u00e7ada a um particular.<\/em><\/span><br \/>\n<span style=\"color: #000080\"><em> D est\u00e1 errada porque, se a correspond\u00eancia fosse para o Ministro da Defesa, o vocativo deveria ser Senhor Ministro Ant\u00f4nio Santos.<\/em><\/span><br \/>\n<span style=\"color: #000080\"><em> No cabe\u00e7alho de um of\u00edcio, o vocativo deveria ser Senhor Ant\u00f4nio Santos. Alternativa E, portanto, tamb\u00e9m est\u00e1 errada.<\/em><\/span><br \/>\n<span style=\"color: #000080\"><em> GABARITO: A<\/em><\/span><\/p>\n<p style=\"text-align: justify\"><span style=\"color: #ff00ff\"><strong>REDA\u00c7\u00c3O OFICIAL<\/strong><\/span><\/p>\n<p style=\"text-align: justify\">12. Considerando que, conforme o MRPR, a finalidade do fecho de comunica\u00e7\u00f5es oficiais \u00e9 arrematar o texto e saudar o destinat\u00e1rio, assinale a op\u00e7\u00e3o que cont\u00e9m o fecho a ser empregado corretamente em correspond\u00eancia oficial a ser subscrita por um delegado de pol\u00edcia civil e remetida para o secret\u00e1rio de Defesa Social do Estado de Pernambuco.<br \/>\nA) Gentilmente,<br \/>\nB) Respeitosamente,<br \/>\nC) Cordialmente,<br \/>\nD) Sinceramente,<br \/>\nE) Atenciosamente,<\/p>\n<p style=\"text-align: justify\"><span style=\"color: #000080\"><em>Coment\u00e1rio:<\/em><\/span><br \/>\n<span style=\"color: #000080\"><em> Consta no Manual que \u201cpara autoridades superiores, inclusive o Presidente da Rep\u00fablica\u201d o fecho a ser adotado \u00e9 Respeitosamente.<\/em><\/span><\/p>\n<p><span style=\"color: #000080\"><em>Relembrando:<\/em><\/span><\/p>\n<p><span style=\"color: #000080\"><em>\u00danicos dois fechos poss\u00edveis em expedientes oficiais:<\/em><\/span><\/p>\n<p><span style=\"color: #000080\"><em>&#8211; para autoridades superiores, inclusive o Presidente da Rep\u00fablica:<\/em><\/span><\/p>\n<p><span style=\"color: #000080\"><em>\u00a0\u00a0\u00a0\u00a0\u00a0\u00a0\u00a0\u00a0 Respeitosamente,<\/em><\/span><\/p>\n<p><span style=\"color: #000080\"><em>&#8211; para autoridades de mesma hierarquia ou de hierarquia inferior:<\/em><\/span><\/p>\n<p><span style=\"color: #000080\"><em>\u00a0\u00a0\u00a0\u00a0\u00a0\u00a0\u00a0\u00a0 Atenciosamente,<\/em><\/span><\/p>\n<p style=\"text-align: justify\">\n<span style=\"color: #000080\"><em> GABARITO: B<\/em><\/span><\/p>\n<p style=\"text-align: justify\">Por hoje \u00e9 s\u00f3, meu queridos!<\/p>\n<p style=\"text-align: justify\">Desejo sorte para todos!!<\/p>\n<p style=\"text-align: justify\">Abra\u00e7o,<\/p>\n<p style=\"text-align: justify\">Rafaela Freitas<\/p>\n<p style=\"text-align: justify\">Conhe\u00e7a os meus cursos: <a href=\"https:\/\/www.estrategiaconcursos.com.br\/cursosPorProfessor\/rafaela-freitas-3351\/\" target=\"_blank\">LINK<\/a><\/p>\n<p style=\"text-align: justify\">P\u00e1gina no Facebook: <a href=\"https:\/\/www.facebook.com\/palavreandocomrafafreitas\/?fref=ts\" target=\"_blank\">LINK<\/a><\/p>\n<p style=\"text-align: justify\">E-mail: professorarafaelafreitas@gmail.com<\/p>\n","protected":false},"excerpt":{"rendered":"<p>Ol\u00e1, caros amigos do Estrat\u00e9gia Concursos! Tudo bem? Venho aqui comentar com voc\u00eas as quest\u00f5es de Portugu\u00eas que fizeram parte da prova da Pol\u00edcia Civil de Pernambuco, que ocorreu no dia 12\/06\/2016, cargos de Agente e Escriv\u00e3o de Pol\u00edcia. Completamente dentro do esperado, o Cespe\/Unb trouxe quest\u00f5es de interpreta\u00e7\u00e3o textual, reescritura de trechos, uso da [&hellip;]<\/p>\n","protected":false},"author":190,"featured_media":0,"comment_status":"open","ping_status":"open","sticky":false,"template":"","format":"standard","meta":{"post_tipo":"article","footnotes":""},"categories":[1,1988],"tags":[26,1867,1844,1549,1864,1866],"tax_estado":[],"class_list":["post-41520","post","type-post","status-publish","format-standard","hentry","category-cursos-e-concursos","category-policia","tag-cespe","tag-cespe-pcpe","tag-gabarito-pc-pe","tag-pcpe","tag-portugues-pcpe","tag-prova-comentada-pcpe"],"acf":[],"yoast_head":"<!-- This site is optimized with the Yoast SEO Premium plugin v27.2 (Yoast SEO v27.2) - https:\/\/yoast.com\/product\/yoast-seo-premium-wordpress\/ -->\n<title>GABARITO PCPE. Agente e Escriv\u00e3o de pol\u00edcia. Prova de Portugu\u00eas comentada.<\/title>\n<meta name=\"robots\" content=\"index, follow, max-snippet:-1, max-image-preview:large, max-video-preview:-1\" \/>\n<link rel=\"canonical\" href=\"https:\/\/www.estrategiaconcursos.com.br\/blog\/gabarito-pcpe-agente-e-escrivao-de-policia-prova-de-portugues-comentada\/\" \/>\n<meta property=\"og:locale\" content=\"pt_BR\" \/>\n<meta property=\"og:type\" content=\"article\" \/>\n<meta property=\"og:title\" content=\"GABARITO PCPE. Agente e Escriv\u00e3o de pol\u00edcia. Prova de Portugu\u00eas comentada.\" \/>\n<meta property=\"og:description\" content=\"Ol\u00e1, caros amigos do Estrat\u00e9gia Concursos! Tudo bem? Venho aqui comentar com voc\u00eas as quest\u00f5es de Portugu\u00eas que fizeram parte da prova da Pol\u00edcia Civil de Pernambuco, que ocorreu no dia 12\/06\/2016, cargos de Agente e Escriv\u00e3o de Pol\u00edcia. Completamente dentro do esperado, o Cespe\/Unb trouxe quest\u00f5es de interpreta\u00e7\u00e3o textual, reescritura de trechos, uso da [&hellip;]\" \/>\n<meta property=\"og:url\" content=\"https:\/\/www.estrategiaconcursos.com.br\/blog\/gabarito-pcpe-agente-e-escrivao-de-policia-prova-de-portugues-comentada\/\" \/>\n<meta property=\"og:site_name\" content=\"Estrat\u00e9gia Concursos\" \/>\n<meta property=\"article:published_time\" content=\"2016-06-16T17:06:36+00:00\" \/>\n<meta property=\"article:modified_time\" content=\"2016-07-22T21:17:46+00:00\" \/>\n<meta name=\"author\" content=\"Rafaela Freitas\" \/>\n<meta name=\"twitter:card\" content=\"summary_large_image\" \/>\n<meta name=\"twitter:creator\" content=\"@EstratConcursos\" \/>\n<meta name=\"twitter:site\" content=\"@EstratConcursos\" \/>\n<meta name=\"twitter:label1\" content=\"Escrito por\" \/>\n\t<meta name=\"twitter:data1\" content=\"Rafaela Freitas\" \/>\n\t<meta name=\"twitter:label2\" content=\"Est. tempo de leitura\" \/>\n\t<meta name=\"twitter:data2\" content=\"17 minutos\" \/>\n<script type=\"application\/ld+json\" class=\"yoast-schema-graph\">{\"@context\":\"https:\/\/schema.org\",\"@graph\":[{\"@type\":\"NewsArticle\",\"@id\":\"https:\/\/www.estrategiaconcursos.com.br\/blog\/gabarito-pcpe-agente-e-escrivao-de-policia-prova-de-portugues-comentada\/#article\",\"isPartOf\":{\"@id\":\"https:\/\/www.estrategiaconcursos.com.br\/blog\/gabarito-pcpe-agente-e-escrivao-de-policia-prova-de-portugues-comentada\/\"},\"author\":{\"name\":\"Rafaela Freitas\",\"@id\":\"https:\/\/www.estrategiaconcursos.com.br\/blog\/#\/schema\/person\/b91f2c79fa09f992bd34e4182afb626c\"},\"headline\":\"GABARITO PCPE. Agente e Escriv\u00e3o de pol\u00edcia. Prova de Portugu\u00eas comentada.\",\"datePublished\":\"2016-06-16T17:06:36+00:00\",\"dateModified\":\"2016-07-22T21:17:46+00:00\",\"mainEntityOfPage\":{\"@id\":\"https:\/\/www.estrategiaconcursos.com.br\/blog\/gabarito-pcpe-agente-e-escrivao-de-policia-prova-de-portugues-comentada\/\"},\"wordCount\":3455,\"commentCount\":0,\"publisher\":{\"@id\":\"https:\/\/www.estrategiaconcursos.com.br\/blog\/#organization\"},\"keywords\":[\"CESPE\",\"CESPE PCPE\",\"Gabarito PC PE\",\"PCPE\",\"PORTUGU\u00caS PCPE\",\"PROVA COMENTADA PCPE\"],\"articleSection\":[\"Concursos P\u00fablicos\",\"Policial (Agente, Escriv\u00e3o e Investigador)\"],\"inLanguage\":\"pt-BR\",\"potentialAction\":[{\"@type\":\"CommentAction\",\"name\":\"Comment\",\"target\":[\"https:\/\/www.estrategiaconcursos.com.br\/blog\/gabarito-pcpe-agente-e-escrivao-de-policia-prova-de-portugues-comentada\/#respond\"]}],\"copyrightYear\":\"2016\",\"copyrightHolder\":{\"@id\":\"https:\/\/www.estrategiaconcursos.com.br\/blog\/#organization\"}},{\"@type\":\"WebPage\",\"@id\":\"https:\/\/www.estrategiaconcursos.com.br\/blog\/gabarito-pcpe-agente-e-escrivao-de-policia-prova-de-portugues-comentada\/\",\"url\":\"https:\/\/www.estrategiaconcursos.com.br\/blog\/gabarito-pcpe-agente-e-escrivao-de-policia-prova-de-portugues-comentada\/\",\"name\":\"GABARITO PCPE. Agente e Escriv\u00e3o de pol\u00edcia. Prova de Portugu\u00eas comentada.\",\"isPartOf\":{\"@id\":\"https:\/\/www.estrategiaconcursos.com.br\/blog\/#website\"},\"datePublished\":\"2016-06-16T17:06:36+00:00\",\"dateModified\":\"2016-07-22T21:17:46+00:00\",\"breadcrumb\":{\"@id\":\"https:\/\/www.estrategiaconcursos.com.br\/blog\/gabarito-pcpe-agente-e-escrivao-de-policia-prova-de-portugues-comentada\/#breadcrumb\"},\"inLanguage\":\"pt-BR\",\"potentialAction\":[{\"@type\":\"ReadAction\",\"target\":[\"https:\/\/www.estrategiaconcursos.com.br\/blog\/gabarito-pcpe-agente-e-escrivao-de-policia-prova-de-portugues-comentada\/\"]}]},{\"@type\":\"BreadcrumbList\",\"@id\":\"https:\/\/www.estrategiaconcursos.com.br\/blog\/gabarito-pcpe-agente-e-escrivao-de-policia-prova-de-portugues-comentada\/#breadcrumb\",\"itemListElement\":[{\"@type\":\"ListItem\",\"position\":1,\"name\":\"In\u00edcio\",\"item\":\"https:\/\/www.estrategiaconcursos.com.br\/blog\/\"},{\"@type\":\"ListItem\",\"position\":2,\"name\":\"GABARITO PCPE. Agente e Escriv\u00e3o de pol\u00edcia. Prova de Portugu\u00eas comentada.\"}]},{\"@type\":\"WebSite\",\"@id\":\"https:\/\/www.estrategiaconcursos.com.br\/blog\/#website\",\"url\":\"https:\/\/www.estrategiaconcursos.com.br\/blog\/\",\"name\":\"Estrat\u00e9gia Concursos\",\"description\":\"O blog da Estrat\u00e9gia Concursos traz not\u00edcias sobre concursos e artigos de professores oferecendo cursos para concursos (pdf + videaulas) no site.\",\"publisher\":{\"@id\":\"https:\/\/www.estrategiaconcursos.com.br\/blog\/#organization\"},\"potentialAction\":[{\"@type\":\"SearchAction\",\"target\":{\"@type\":\"EntryPoint\",\"urlTemplate\":\"https:\/\/www.estrategiaconcursos.com.br\/blog\/?s={search_term_string}\"},\"query-input\":{\"@type\":\"PropertyValueSpecification\",\"valueRequired\":true,\"valueName\":\"search_term_string\"}}],\"inLanguage\":\"pt-BR\"},{\"@type\":\"Organization\",\"@id\":\"https:\/\/www.estrategiaconcursos.com.br\/blog\/#organization\",\"name\":\"Estrat\u00e9gia Concursos\",\"url\":\"https:\/\/www.estrategiaconcursos.com.br\/blog\/\",\"logo\":{\"@type\":\"ImageObject\",\"inLanguage\":\"pt-BR\",\"@id\":\"https:\/\/www.estrategiaconcursos.com.br\/blog\/#\/schema\/logo\/image\/\",\"url\":\"https:\/\/dhg1h5j42swfq.cloudfront.net\/2025\/06\/03203428\/logo_concursos-1.jpg\",\"contentUrl\":\"https:\/\/dhg1h5j42swfq.cloudfront.net\/2025\/06\/03203428\/logo_concursos-1.jpg\",\"width\":230,\"height\":60,\"caption\":\"Estrat\u00e9gia Concursos\"},\"image\":{\"@id\":\"https:\/\/www.estrategiaconcursos.com.br\/blog\/#\/schema\/logo\/image\/\"},\"sameAs\":[\"https:\/\/x.com\/EstratConcursos\"]},{\"@type\":\"Person\",\"@id\":\"https:\/\/www.estrategiaconcursos.com.br\/blog\/#\/schema\/person\/b91f2c79fa09f992bd34e4182afb626c\",\"name\":\"Rafaela Freitas\",\"image\":{\"@type\":\"ImageObject\",\"inLanguage\":\"pt-BR\",\"@id\":\"https:\/\/secure.gravatar.com\/avatar\/97ece78bdb320995d343d6c012a26475a2b8b6a591c52fbbd62c62640f68911e?s=96&d=mm&r=g\",\"url\":\"https:\/\/secure.gravatar.com\/avatar\/97ece78bdb320995d343d6c012a26475a2b8b6a591c52fbbd62c62640f68911e?s=96&d=mm&r=g\",\"contentUrl\":\"https:\/\/secure.gravatar.com\/avatar\/97ece78bdb320995d343d6c012a26475a2b8b6a591c52fbbd62c62640f68911e?s=96&d=mm&r=g\",\"caption\":\"Rafaela Freitas\"},\"url\":\"https:\/\/www.estrategiaconcursos.com.br\/blog\/author\/rafaelafreitasestrategiaconcursos-com-br\/\"}]}<\/script>\n<!-- \/ Yoast SEO Premium plugin. -->","yoast_head_json":{"title":"GABARITO PCPE. Agente e Escriv\u00e3o de pol\u00edcia. Prova de Portugu\u00eas comentada.","robots":{"index":"index","follow":"follow","max-snippet":"max-snippet:-1","max-image-preview":"max-image-preview:large","max-video-preview":"max-video-preview:-1"},"canonical":"https:\/\/www.estrategiaconcursos.com.br\/blog\/gabarito-pcpe-agente-e-escrivao-de-policia-prova-de-portugues-comentada\/","og_locale":"pt_BR","og_type":"article","og_title":"GABARITO PCPE. Agente e Escriv\u00e3o de pol\u00edcia. Prova de Portugu\u00eas comentada.","og_description":"Ol\u00e1, caros amigos do Estrat\u00e9gia Concursos! Tudo bem? Venho aqui comentar com voc\u00eas as quest\u00f5es de Portugu\u00eas que fizeram parte da prova da Pol\u00edcia Civil de Pernambuco, que ocorreu no dia 12\/06\/2016, cargos de Agente e Escriv\u00e3o de Pol\u00edcia. Completamente dentro do esperado, o Cespe\/Unb trouxe quest\u00f5es de interpreta\u00e7\u00e3o textual, reescritura de trechos, uso da [&hellip;]","og_url":"https:\/\/www.estrategiaconcursos.com.br\/blog\/gabarito-pcpe-agente-e-escrivao-de-policia-prova-de-portugues-comentada\/","og_site_name":"Estrat\u00e9gia Concursos","article_published_time":"2016-06-16T17:06:36+00:00","article_modified_time":"2016-07-22T21:17:46+00:00","author":"Rafaela Freitas","twitter_card":"summary_large_image","twitter_creator":"@EstratConcursos","twitter_site":"@EstratConcursos","twitter_misc":{"Escrito por":"Rafaela Freitas","Est. tempo de leitura":"17 minutos"},"schema":{"@context":"https:\/\/schema.org","@graph":[{"@type":"NewsArticle","@id":"https:\/\/www.estrategiaconcursos.com.br\/blog\/gabarito-pcpe-agente-e-escrivao-de-policia-prova-de-portugues-comentada\/#article","isPartOf":{"@id":"https:\/\/www.estrategiaconcursos.com.br\/blog\/gabarito-pcpe-agente-e-escrivao-de-policia-prova-de-portugues-comentada\/"},"author":{"name":"Rafaela Freitas","@id":"https:\/\/www.estrategiaconcursos.com.br\/blog\/#\/schema\/person\/b91f2c79fa09f992bd34e4182afb626c"},"headline":"GABARITO PCPE. Agente e Escriv\u00e3o de pol\u00edcia. Prova de Portugu\u00eas comentada.","datePublished":"2016-06-16T17:06:36+00:00","dateModified":"2016-07-22T21:17:46+00:00","mainEntityOfPage":{"@id":"https:\/\/www.estrategiaconcursos.com.br\/blog\/gabarito-pcpe-agente-e-escrivao-de-policia-prova-de-portugues-comentada\/"},"wordCount":3455,"commentCount":0,"publisher":{"@id":"https:\/\/www.estrategiaconcursos.com.br\/blog\/#organization"},"keywords":["CESPE","CESPE PCPE","Gabarito PC PE","PCPE","PORTUGU\u00caS PCPE","PROVA COMENTADA PCPE"],"articleSection":["Concursos P\u00fablicos","Policial (Agente, Escriv\u00e3o e Investigador)"],"inLanguage":"pt-BR","potentialAction":[{"@type":"CommentAction","name":"Comment","target":["https:\/\/www.estrategiaconcursos.com.br\/blog\/gabarito-pcpe-agente-e-escrivao-de-policia-prova-de-portugues-comentada\/#respond"]}],"copyrightYear":"2016","copyrightHolder":{"@id":"https:\/\/www.estrategiaconcursos.com.br\/blog\/#organization"}},{"@type":"WebPage","@id":"https:\/\/www.estrategiaconcursos.com.br\/blog\/gabarito-pcpe-agente-e-escrivao-de-policia-prova-de-portugues-comentada\/","url":"https:\/\/www.estrategiaconcursos.com.br\/blog\/gabarito-pcpe-agente-e-escrivao-de-policia-prova-de-portugues-comentada\/","name":"GABARITO PCPE. Agente e Escriv\u00e3o de pol\u00edcia. Prova de Portugu\u00eas comentada.","isPartOf":{"@id":"https:\/\/www.estrategiaconcursos.com.br\/blog\/#website"},"datePublished":"2016-06-16T17:06:36+00:00","dateModified":"2016-07-22T21:17:46+00:00","breadcrumb":{"@id":"https:\/\/www.estrategiaconcursos.com.br\/blog\/gabarito-pcpe-agente-e-escrivao-de-policia-prova-de-portugues-comentada\/#breadcrumb"},"inLanguage":"pt-BR","potentialAction":[{"@type":"ReadAction","target":["https:\/\/www.estrategiaconcursos.com.br\/blog\/gabarito-pcpe-agente-e-escrivao-de-policia-prova-de-portugues-comentada\/"]}]},{"@type":"BreadcrumbList","@id":"https:\/\/www.estrategiaconcursos.com.br\/blog\/gabarito-pcpe-agente-e-escrivao-de-policia-prova-de-portugues-comentada\/#breadcrumb","itemListElement":[{"@type":"ListItem","position":1,"name":"In\u00edcio","item":"https:\/\/www.estrategiaconcursos.com.br\/blog\/"},{"@type":"ListItem","position":2,"name":"GABARITO PCPE. Agente e Escriv\u00e3o de pol\u00edcia. Prova de Portugu\u00eas comentada."}]},{"@type":"WebSite","@id":"https:\/\/www.estrategiaconcursos.com.br\/blog\/#website","url":"https:\/\/www.estrategiaconcursos.com.br\/blog\/","name":"Estrat\u00e9gia Concursos","description":"O blog da Estrat\u00e9gia Concursos traz not\u00edcias sobre concursos e artigos de professores oferecendo cursos para concursos (pdf + videaulas) no site.","publisher":{"@id":"https:\/\/www.estrategiaconcursos.com.br\/blog\/#organization"},"potentialAction":[{"@type":"SearchAction","target":{"@type":"EntryPoint","urlTemplate":"https:\/\/www.estrategiaconcursos.com.br\/blog\/?s={search_term_string}"},"query-input":{"@type":"PropertyValueSpecification","valueRequired":true,"valueName":"search_term_string"}}],"inLanguage":"pt-BR"},{"@type":"Organization","@id":"https:\/\/www.estrategiaconcursos.com.br\/blog\/#organization","name":"Estrat\u00e9gia Concursos","url":"https:\/\/www.estrategiaconcursos.com.br\/blog\/","logo":{"@type":"ImageObject","inLanguage":"pt-BR","@id":"https:\/\/www.estrategiaconcursos.com.br\/blog\/#\/schema\/logo\/image\/","url":"https:\/\/dhg1h5j42swfq.cloudfront.net\/2025\/06\/03203428\/logo_concursos-1.jpg","contentUrl":"https:\/\/dhg1h5j42swfq.cloudfront.net\/2025\/06\/03203428\/logo_concursos-1.jpg","width":230,"height":60,"caption":"Estrat\u00e9gia Concursos"},"image":{"@id":"https:\/\/www.estrategiaconcursos.com.br\/blog\/#\/schema\/logo\/image\/"},"sameAs":["https:\/\/x.com\/EstratConcursos"]},{"@type":"Person","@id":"https:\/\/www.estrategiaconcursos.com.br\/blog\/#\/schema\/person\/b91f2c79fa09f992bd34e4182afb626c","name":"Rafaela Freitas","image":{"@type":"ImageObject","inLanguage":"pt-BR","@id":"https:\/\/secure.gravatar.com\/avatar\/97ece78bdb320995d343d6c012a26475a2b8b6a591c52fbbd62c62640f68911e?s=96&d=mm&r=g","url":"https:\/\/secure.gravatar.com\/avatar\/97ece78bdb320995d343d6c012a26475a2b8b6a591c52fbbd62c62640f68911e?s=96&d=mm&r=g","contentUrl":"https:\/\/secure.gravatar.com\/avatar\/97ece78bdb320995d343d6c012a26475a2b8b6a591c52fbbd62c62640f68911e?s=96&d=mm&r=g","caption":"Rafaela Freitas"},"url":"https:\/\/www.estrategiaconcursos.com.br\/blog\/author\/rafaelafreitasestrategiaconcursos-com-br\/"}]}},"_links":{"self":[{"href":"https:\/\/www.estrategiaconcursos.com.br\/blog\/wp-json\/wp\/v2\/posts\/41520","targetHints":{"allow":["GET"]}}],"collection":[{"href":"https:\/\/www.estrategiaconcursos.com.br\/blog\/wp-json\/wp\/v2\/posts"}],"about":[{"href":"https:\/\/www.estrategiaconcursos.com.br\/blog\/wp-json\/wp\/v2\/types\/post"}],"author":[{"embeddable":true,"href":"https:\/\/www.estrategiaconcursos.com.br\/blog\/wp-json\/wp\/v2\/users\/190"}],"replies":[{"embeddable":true,"href":"https:\/\/www.estrategiaconcursos.com.br\/blog\/wp-json\/wp\/v2\/comments?post=41520"}],"version-history":[{"count":4,"href":"https:\/\/www.estrategiaconcursos.com.br\/blog\/wp-json\/wp\/v2\/posts\/41520\/revisions"}],"predecessor-version":[{"id":41544,"href":"https:\/\/www.estrategiaconcursos.com.br\/blog\/wp-json\/wp\/v2\/posts\/41520\/revisions\/41544"}],"wp:attachment":[{"href":"https:\/\/www.estrategiaconcursos.com.br\/blog\/wp-json\/wp\/v2\/media?parent=41520"}],"wp:term":[{"taxonomy":"category","embeddable":true,"href":"https:\/\/www.estrategiaconcursos.com.br\/blog\/wp-json\/wp\/v2\/categories?post=41520"},{"taxonomy":"post_tag","embeddable":true,"href":"https:\/\/www.estrategiaconcursos.com.br\/blog\/wp-json\/wp\/v2\/tags?post=41520"},{"taxonomy":"tax_estado","embeddable":true,"href":"https:\/\/www.estrategiaconcursos.com.br\/blog\/wp-json\/wp\/v2\/tax_estado?post=41520"}],"curies":[{"name":"wp","href":"https:\/\/api.w.org\/{rel}","templated":true}]}}