{"id":41509,"date":"2016-09-30T14:30:10","date_gmt":"2016-09-30T17:30:10","guid":{"rendered":"http:\/\/www.estrategiaconcursos.com.br\/blog\/?p=41509"},"modified":"2019-04-09T15:39:29","modified_gmt":"2019-04-09T18:39:29","slug":"segunda-fase-oab-2","status":"publish","type":"post","link":"https:\/\/www.estrategiaconcursos.com.br\/blog\/segunda-fase-oab-2\/","title":{"rendered":"Qual \u00e1rea escolher para a segunda fase OAB"},"content":{"rendered":"<p><span style=\"color: #000080;\"><strong><a href=\"https:\/\/dhg1h5j42swfq.cloudfront.net\/2016\/06\/16113138\/como-escolher-a-%C3%A1rea-da-segunda-fase.png\" rel=\"attachment wp-att-41526\"><img loading=\"lazy\" decoding=\"async\" class=\"size-medium wp-image-41526 alignleft\" src=\"https:\/\/dhg1h5j42swfq.cloudfront.net\/2016\/06\/16113138\/como-escolher-a-%C3%A1rea-da-segunda-fase.png\" alt=\"como escolher a \u00e1rea da segunda fase\" width=\"300\" height=\"157\" srcset=\"https:\/\/dhg1h5j42swfq.cloudfront.net\/2016\/06\/16113138\/como-escolher-a-%C3%A1rea-da-segunda-fase.png 1200w, https:\/\/dhg1h5j42swfq.cloudfront.net\/2016\/06\/16113138\/como-escolher-a-%C3%A1rea-da-segunda-fase.png 300w, https:\/\/dhg1h5j42swfq.cloudfront.net\/2016\/06\/16113138\/como-escolher-a-%C3%A1rea-da-segunda-fase.png 768w, https:\/\/dhg1h5j42swfq.cloudfront.net\/2016\/06\/16113138\/como-escolher-a-%C3%A1rea-da-segunda-fase.png 1024w, https:\/\/dhg1h5j42swfq.cloudfront.net\/2016\/06\/16113138\/como-escolher-a-%C3%A1rea-da-segunda-fase.png 500w\" sizes=\"auto, (max-width: 300px) 100vw, 300px\" \/><\/a>[Qual \u00e1rea escolher para a segunda fase OAB]<\/strong><\/span><\/p>\n<p>Nessa semana tivemos a publica\u00e7\u00e3o do edital do XXI Exame de Ordem. As inscri\u00e7\u00f5es j\u00e1 est\u00e3o abertas e voc\u00ea dever\u00e1 optar desde j\u00e1 por uma dentre as 7 \u00e1reas dispon\u00edveis para fazer a prova pr\u00e1tico-profissional, caso aprovado.<\/p>\n<p>Muitos examinandos t\u00eam d\u00favidas quanto a \u00e1rea escolher.<\/p>\n<p>Muito se fala tamb\u00e9m sobre provas mais f\u00e1ceis que outras. Direito Constitucional \u00e9 realmente dif\u00edcil? Direito do Trabalho \u00e9 a \u00e1rea mais f\u00e1cil para ser aprovado.<\/p>\n<p>Se voc\u00ea tem d\u00favidas como essa, acesse o link abaixo e confira um artigo completo que publicamos no Estrat\u00e9gia OAB, nosso site espec\u00edfico voltado exclusivamente para o Exame de Ordem:<\/p>\n<p><span style=\"color: #0000ff;\"><strong><a style=\"color: #0000ff;\" href=\"http:\/\/www.estrategiaoab.com.br\/\" target=\"_blank\" rel=\"noopener noreferrer\">http:\/\/www.estrategiaoab.com.br\/<\/a><\/strong><\/span><\/p>\n<p>Nesse canal, temos dicas, planos de estudos, not\u00edcias e an\u00e1lise da jurisprud\u00eancia relevante dos tribunais superiores.<\/p>\n<p>Quanto ao artigo sobre a segunda fase, acesse-o diretamente aqui:<\/p>\n<p><span style=\"color: #0000ff;\"><strong><a style=\"color: #0000ff;\" href=\"http:\/\/www.estrategiaoab.com.br\/que-area-escolher-para-2a-fase-oab\/\" target=\"_blank\" rel=\"noopener noreferrer\">Que \u00e1rea escolher para a 2\u00aa Fase OAB?<\/a><\/strong><\/span><\/p>\n<p>&nbsp;<\/p>\n<p>Se voc\u00ea est\u00e1 se preparando para o XXI Exame de Ordem, n\u00e3o deixe conhecer nosso projeto <a href=\"https:\/\/www.youtube.com\/watch?v=mAhHuxBjMjc&amp;list=PL_R-F0SJS63_ARkcP241MDfeZWEP76ka8\" target=\"_blank\" rel=\"noopener noreferrer\">200 Quest\u00f5es Comentadas para a OAB<\/a>.<\/p>\n<p>Falando em primeira fase, confira <strong><a href=\"https:\/\/www.estrategiaconcursos.com.br\/cursosPorConcurso\/exame-de-ordem-oab-146\/\" target=\"_blank\" rel=\"noopener noreferrer\">aqui<\/a><\/strong> nossos cursos para a prova objetiva do Exame de Ordem.<\/p>\n<p>&nbsp;<\/p>\n<p>Acompanhe nossas publica\u00e7\u00f5es aqui no Estrat\u00e9gia Concursos ou siga-nos no Facebook ou Instagram:<\/p>\n<p><a href=\"https:\/\/www.facebook.com\/oabestrategia\"><strong>Facebook Estrat\u00e9gia OAB<\/strong><\/a><\/p>\n<p><strong><a href=\"https:\/\/www.instagram.com\/estrategiaoab\/\">Instagram Estrat\u00e9gia OAB<\/a><\/strong><\/p>\n<p>&nbsp;<\/p>\n<p>Acompanhe-nos tamb\u00e9m no\u00a0<strong><a href=\"https:\/\/www.periscope.tv\/estrategiaoab\">Periscope<\/a>:<\/strong><\/p>\n<p><strong><a href=\"https:\/\/www.periscope.tv\/estrategiaoab\">@estrategiaoab<\/a><\/strong><\/p>\n<p>Caso voc\u00ea tenha alguma d\u00favida, deixe seu coment\u00e1rio abaixo, responderemos todos!<\/p>\n<p>Forte abra\u00e7o e excelentes estudos!<\/p>\n<p style=\"text-align: right;\">Ricardo Torques<\/p>\n<p style=\"text-align: right;\">Professor e Coordenador Estrat\u00e9gia OAB<\/p>\n","protected":false},"excerpt":{"rendered":"<p>[Qual \u00e1rea escolher para a segunda fase OAB] Nessa semana tivemos a publica\u00e7\u00e3o do edital do XXI Exame de Ordem. As inscri\u00e7\u00f5es j\u00e1 est\u00e3o abertas e voc\u00ea dever\u00e1 optar desde j\u00e1 por uma dentre as 7 \u00e1reas dispon\u00edveis para fazer a prova pr\u00e1tico-profissional, caso aprovado. Muitos examinandos t\u00eam d\u00favidas quanto a \u00e1rea escolher. Muito se [&hellip;]<\/p>\n","protected":false},"author":180,"featured_media":0,"comment_status":"open","ping_status":"open","sticky":false,"template":"","format":"standard","meta":{"post_tipo":"article","footnotes":""},"categories":[1],"tags":[71,1615],"tax_estado":[],"class_list":["post-41509","post","type-post","status-publish","format-standard","hentry","category-cursos-e-concursos","tag-oab","tag-segunda-fase-oab"],"acf":[],"yoast_head":"<!-- This site is optimized with the Yoast SEO Premium plugin v27.2 (Yoast SEO v27.2) - https:\/\/yoast.com\/product\/yoast-seo-premium-wordpress\/ -->\n<title>Qual \u00e1rea escolher para a segunda fase OAB<\/title>\n<meta name=\"robots\" content=\"index, follow, max-snippet:-1, max-image-preview:large, max-video-preview:-1\" \/>\n<link rel=\"canonical\" href=\"https:\/\/www.estrategiaconcursos.com.br\/blog\/segunda-fase-oab-2\/\" \/>\n<meta property=\"og:locale\" content=\"pt_BR\" \/>\n<meta property=\"og:type\" content=\"article\" \/>\n<meta property=\"og:title\" content=\"Qual \u00e1rea escolher para a segunda fase OAB\" \/>\n<meta property=\"og:description\" content=\"[Qual \u00e1rea escolher para a segunda fase OAB] Nessa semana tivemos a publica\u00e7\u00e3o do edital do XXI Exame de Ordem. As inscri\u00e7\u00f5es j\u00e1 est\u00e3o abertas e voc\u00ea dever\u00e1 optar desde j\u00e1 por uma dentre as 7 \u00e1reas dispon\u00edveis para fazer a prova pr\u00e1tico-profissional, caso aprovado. Muitos examinandos t\u00eam d\u00favidas quanto a \u00e1rea escolher. Muito se [&hellip;]\" \/>\n<meta property=\"og:url\" content=\"https:\/\/www.estrategiaconcursos.com.br\/blog\/segunda-fase-oab-2\/\" \/>\n<meta property=\"og:site_name\" content=\"Estrat\u00e9gia Concursos\" \/>\n<meta property=\"article:author\" content=\"https:\/\/www.facebook.com\/ricardo.s.torques\" \/>\n<meta property=\"article:published_time\" content=\"2016-09-30T17:30:10+00:00\" \/>\n<meta property=\"article:modified_time\" content=\"2019-04-09T18:39:29+00:00\" \/>\n<meta name=\"author\" content=\"Ricardo Torques\" \/>\n<meta name=\"twitter:card\" content=\"summary_large_image\" \/>\n<meta name=\"twitter:creator\" content=\"@EstratConcursos\" \/>\n<meta name=\"twitter:site\" content=\"@EstratConcursos\" \/>\n<meta name=\"twitter:label1\" content=\"Escrito por\" \/>\n\t<meta name=\"twitter:data1\" content=\"Ricardo Torques\" \/>\n\t<meta name=\"twitter:label2\" content=\"Est. tempo de leitura\" \/>\n\t<meta name=\"twitter:data2\" content=\"1 minuto\" \/>\n<script type=\"application\/ld+json\" class=\"yoast-schema-graph\">{\"@context\":\"https:\/\/schema.org\",\"@graph\":[{\"@type\":\"NewsArticle\",\"@id\":\"https:\/\/www.estrategiaconcursos.com.br\/blog\/segunda-fase-oab-2\/#article\",\"isPartOf\":{\"@id\":\"https:\/\/www.estrategiaconcursos.com.br\/blog\/segunda-fase-oab-2\/\"},\"author\":{\"name\":\"Ricardo Torques\",\"@id\":\"https:\/\/www.estrategiaconcursos.com.br\/blog\/#\/schema\/person\/aa39cf5ddb518e5bdce27c35788405e2\"},\"headline\":\"Qual \u00e1rea escolher para a segunda fase OAB\",\"datePublished\":\"2016-09-30T17:30:10+00:00\",\"dateModified\":\"2019-04-09T18:39:29+00:00\",\"mainEntityOfPage\":{\"@id\":\"https:\/\/www.estrategiaconcursos.com.br\/blog\/segunda-fase-oab-2\/\"},\"wordCount\":267,\"commentCount\":0,\"publisher\":{\"@id\":\"https:\/\/www.estrategiaconcursos.com.br\/blog\/#organization\"},\"keywords\":[\"OAB\",\"segunda fase OAB\"],\"articleSection\":[\"Concursos P\u00fablicos\"],\"inLanguage\":\"pt-BR\",\"potentialAction\":[{\"@type\":\"CommentAction\",\"name\":\"Comment\",\"target\":[\"https:\/\/www.estrategiaconcursos.com.br\/blog\/segunda-fase-oab-2\/#respond\"]}],\"copyrightYear\":\"2016\",\"copyrightHolder\":{\"@id\":\"https:\/\/www.estrategiaconcursos.com.br\/blog\/#organization\"}},{\"@type\":\"WebPage\",\"@id\":\"https:\/\/www.estrategiaconcursos.com.br\/blog\/segunda-fase-oab-2\/\",\"url\":\"https:\/\/www.estrategiaconcursos.com.br\/blog\/segunda-fase-oab-2\/\",\"name\":\"Qual \u00e1rea escolher para a segunda fase OAB\",\"isPartOf\":{\"@id\":\"https:\/\/www.estrategiaconcursos.com.br\/blog\/#website\"},\"datePublished\":\"2016-09-30T17:30:10+00:00\",\"dateModified\":\"2019-04-09T18:39:29+00:00\",\"breadcrumb\":{\"@id\":\"https:\/\/www.estrategiaconcursos.com.br\/blog\/segunda-fase-oab-2\/#breadcrumb\"},\"inLanguage\":\"pt-BR\",\"potentialAction\":[{\"@type\":\"ReadAction\",\"target\":[\"https:\/\/www.estrategiaconcursos.com.br\/blog\/segunda-fase-oab-2\/\"]}]},{\"@type\":\"BreadcrumbList\",\"@id\":\"https:\/\/www.estrategiaconcursos.com.br\/blog\/segunda-fase-oab-2\/#breadcrumb\",\"itemListElement\":[{\"@type\":\"ListItem\",\"position\":1,\"name\":\"In\u00edcio\",\"item\":\"https:\/\/www.estrategiaconcursos.com.br\/blog\/\"},{\"@type\":\"ListItem\",\"position\":2,\"name\":\"Qual \u00e1rea escolher para a segunda fase OAB\"}]},{\"@type\":\"WebSite\",\"@id\":\"https:\/\/www.estrategiaconcursos.com.br\/blog\/#website\",\"url\":\"https:\/\/www.estrategiaconcursos.com.br\/blog\/\",\"name\":\"Estrat\u00e9gia Concursos\",\"description\":\"O blog da Estrat\u00e9gia Concursos traz not\u00edcias sobre concursos e artigos de professores oferecendo cursos para concursos (pdf + videaulas) no site.\",\"publisher\":{\"@id\":\"https:\/\/www.estrategiaconcursos.com.br\/blog\/#organization\"},\"potentialAction\":[{\"@type\":\"SearchAction\",\"target\":{\"@type\":\"EntryPoint\",\"urlTemplate\":\"https:\/\/www.estrategiaconcursos.com.br\/blog\/?s={search_term_string}\"},\"query-input\":{\"@type\":\"PropertyValueSpecification\",\"valueRequired\":true,\"valueName\":\"search_term_string\"}}],\"inLanguage\":\"pt-BR\"},{\"@type\":\"Organization\",\"@id\":\"https:\/\/www.estrategiaconcursos.com.br\/blog\/#organization\",\"name\":\"Estrat\u00e9gia Concursos\",\"url\":\"https:\/\/www.estrategiaconcursos.com.br\/blog\/\",\"logo\":{\"@type\":\"ImageObject\",\"inLanguage\":\"pt-BR\",\"@id\":\"https:\/\/www.estrategiaconcursos.com.br\/blog\/#\/schema\/logo\/image\/\",\"url\":\"https:\/\/dhg1h5j42swfq.cloudfront.net\/2025\/06\/03203428\/logo_concursos-1.jpg\",\"contentUrl\":\"https:\/\/dhg1h5j42swfq.cloudfront.net\/2025\/06\/03203428\/logo_concursos-1.jpg\",\"width\":230,\"height\":60,\"caption\":\"Estrat\u00e9gia Concursos\"},\"image\":{\"@id\":\"https:\/\/www.estrategiaconcursos.com.br\/blog\/#\/schema\/logo\/image\/\"},\"sameAs\":[\"https:\/\/x.com\/EstratConcursos\"]},{\"@type\":\"Person\",\"@id\":\"https:\/\/www.estrategiaconcursos.com.br\/blog\/#\/schema\/person\/aa39cf5ddb518e5bdce27c35788405e2\",\"name\":\"Ricardo Torques\",\"image\":{\"@type\":\"ImageObject\",\"inLanguage\":\"pt-BR\",\"@id\":\"https:\/\/secure.gravatar.com\/avatar\/ce9ac6c3cff25fe86d15ed568ebc64d1724baf5c0693133bcb1f6073f712f92a?s=96&d=mm&r=g\",\"url\":\"https:\/\/secure.gravatar.com\/avatar\/ce9ac6c3cff25fe86d15ed568ebc64d1724baf5c0693133bcb1f6073f712f92a?s=96&d=mm&r=g\",\"contentUrl\":\"https:\/\/secure.gravatar.com\/avatar\/ce9ac6c3cff25fe86d15ed568ebc64d1724baf5c0693133bcb1f6073f712f92a?s=96&d=mm&r=g\",\"caption\":\"Ricardo Torques\"},\"sameAs\":[\"https:\/\/www.facebook.com\/ricardo.s.torques\"],\"url\":\"https:\/\/www.estrategiaconcursos.com.br\/blog\/author\/ricardotorquesestrategiaconcursos-com-br\/\"}]}<\/script>\n<!-- \/ Yoast SEO Premium plugin. -->","yoast_head_json":{"title":"Qual \u00e1rea escolher para a segunda fase OAB","robots":{"index":"index","follow":"follow","max-snippet":"max-snippet:-1","max-image-preview":"max-image-preview:large","max-video-preview":"max-video-preview:-1"},"canonical":"https:\/\/www.estrategiaconcursos.com.br\/blog\/segunda-fase-oab-2\/","og_locale":"pt_BR","og_type":"article","og_title":"Qual \u00e1rea escolher para a segunda fase OAB","og_description":"[Qual \u00e1rea escolher para a segunda fase OAB] Nessa semana tivemos a publica\u00e7\u00e3o do edital do XXI Exame de Ordem. As inscri\u00e7\u00f5es j\u00e1 est\u00e3o abertas e voc\u00ea dever\u00e1 optar desde j\u00e1 por uma dentre as 7 \u00e1reas dispon\u00edveis para fazer a prova pr\u00e1tico-profissional, caso aprovado. Muitos examinandos t\u00eam d\u00favidas quanto a \u00e1rea escolher. Muito se [&hellip;]","og_url":"https:\/\/www.estrategiaconcursos.com.br\/blog\/segunda-fase-oab-2\/","og_site_name":"Estrat\u00e9gia Concursos","article_author":"https:\/\/www.facebook.com\/ricardo.s.torques","article_published_time":"2016-09-30T17:30:10+00:00","article_modified_time":"2019-04-09T18:39:29+00:00","author":"Ricardo Torques","twitter_card":"summary_large_image","twitter_creator":"@EstratConcursos","twitter_site":"@EstratConcursos","twitter_misc":{"Escrito por":"Ricardo Torques","Est. tempo de leitura":"1 minuto"},"schema":{"@context":"https:\/\/schema.org","@graph":[{"@type":"NewsArticle","@id":"https:\/\/www.estrategiaconcursos.com.br\/blog\/segunda-fase-oab-2\/#article","isPartOf":{"@id":"https:\/\/www.estrategiaconcursos.com.br\/blog\/segunda-fase-oab-2\/"},"author":{"name":"Ricardo Torques","@id":"https:\/\/www.estrategiaconcursos.com.br\/blog\/#\/schema\/person\/aa39cf5ddb518e5bdce27c35788405e2"},"headline":"Qual \u00e1rea escolher para a segunda fase OAB","datePublished":"2016-09-30T17:30:10+00:00","dateModified":"2019-04-09T18:39:29+00:00","mainEntityOfPage":{"@id":"https:\/\/www.estrategiaconcursos.com.br\/blog\/segunda-fase-oab-2\/"},"wordCount":267,"commentCount":0,"publisher":{"@id":"https:\/\/www.estrategiaconcursos.com.br\/blog\/#organization"},"keywords":["OAB","segunda fase OAB"],"articleSection":["Concursos P\u00fablicos"],"inLanguage":"pt-BR","potentialAction":[{"@type":"CommentAction","name":"Comment","target":["https:\/\/www.estrategiaconcursos.com.br\/blog\/segunda-fase-oab-2\/#respond"]}],"copyrightYear":"2016","copyrightHolder":{"@id":"https:\/\/www.estrategiaconcursos.com.br\/blog\/#organization"}},{"@type":"WebPage","@id":"https:\/\/www.estrategiaconcursos.com.br\/blog\/segunda-fase-oab-2\/","url":"https:\/\/www.estrategiaconcursos.com.br\/blog\/segunda-fase-oab-2\/","name":"Qual \u00e1rea escolher para a segunda fase OAB","isPartOf":{"@id":"https:\/\/www.estrategiaconcursos.com.br\/blog\/#website"},"datePublished":"2016-09-30T17:30:10+00:00","dateModified":"2019-04-09T18:39:29+00:00","breadcrumb":{"@id":"https:\/\/www.estrategiaconcursos.com.br\/blog\/segunda-fase-oab-2\/#breadcrumb"},"inLanguage":"pt-BR","potentialAction":[{"@type":"ReadAction","target":["https:\/\/www.estrategiaconcursos.com.br\/blog\/segunda-fase-oab-2\/"]}]},{"@type":"BreadcrumbList","@id":"https:\/\/www.estrategiaconcursos.com.br\/blog\/segunda-fase-oab-2\/#breadcrumb","itemListElement":[{"@type":"ListItem","position":1,"name":"In\u00edcio","item":"https:\/\/www.estrategiaconcursos.com.br\/blog\/"},{"@type":"ListItem","position":2,"name":"Qual \u00e1rea escolher para a segunda fase OAB"}]},{"@type":"WebSite","@id":"https:\/\/www.estrategiaconcursos.com.br\/blog\/#website","url":"https:\/\/www.estrategiaconcursos.com.br\/blog\/","name":"Estrat\u00e9gia Concursos","description":"O blog da Estrat\u00e9gia Concursos traz not\u00edcias sobre concursos e artigos de professores oferecendo cursos para concursos (pdf + videaulas) no site.","publisher":{"@id":"https:\/\/www.estrategiaconcursos.com.br\/blog\/#organization"},"potentialAction":[{"@type":"SearchAction","target":{"@type":"EntryPoint","urlTemplate":"https:\/\/www.estrategiaconcursos.com.br\/blog\/?s={search_term_string}"},"query-input":{"@type":"PropertyValueSpecification","valueRequired":true,"valueName":"search_term_string"}}],"inLanguage":"pt-BR"},{"@type":"Organization","@id":"https:\/\/www.estrategiaconcursos.com.br\/blog\/#organization","name":"Estrat\u00e9gia Concursos","url":"https:\/\/www.estrategiaconcursos.com.br\/blog\/","logo":{"@type":"ImageObject","inLanguage":"pt-BR","@id":"https:\/\/www.estrategiaconcursos.com.br\/blog\/#\/schema\/logo\/image\/","url":"https:\/\/dhg1h5j42swfq.cloudfront.net\/2025\/06\/03203428\/logo_concursos-1.jpg","contentUrl":"https:\/\/dhg1h5j42swfq.cloudfront.net\/2025\/06\/03203428\/logo_concursos-1.jpg","width":230,"height":60,"caption":"Estrat\u00e9gia Concursos"},"image":{"@id":"https:\/\/www.estrategiaconcursos.com.br\/blog\/#\/schema\/logo\/image\/"},"sameAs":["https:\/\/x.com\/EstratConcursos"]},{"@type":"Person","@id":"https:\/\/www.estrategiaconcursos.com.br\/blog\/#\/schema\/person\/aa39cf5ddb518e5bdce27c35788405e2","name":"Ricardo Torques","image":{"@type":"ImageObject","inLanguage":"pt-BR","@id":"https:\/\/secure.gravatar.com\/avatar\/ce9ac6c3cff25fe86d15ed568ebc64d1724baf5c0693133bcb1f6073f712f92a?s=96&d=mm&r=g","url":"https:\/\/secure.gravatar.com\/avatar\/ce9ac6c3cff25fe86d15ed568ebc64d1724baf5c0693133bcb1f6073f712f92a?s=96&d=mm&r=g","contentUrl":"https:\/\/secure.gravatar.com\/avatar\/ce9ac6c3cff25fe86d15ed568ebc64d1724baf5c0693133bcb1f6073f712f92a?s=96&d=mm&r=g","caption":"Ricardo Torques"},"sameAs":["https:\/\/www.facebook.com\/ricardo.s.torques"],"url":"https:\/\/www.estrategiaconcursos.com.br\/blog\/author\/ricardotorquesestrategiaconcursos-com-br\/"}]}},"_links":{"self":[{"href":"https:\/\/www.estrategiaconcursos.com.br\/blog\/wp-json\/wp\/v2\/posts\/41509","targetHints":{"allow":["GET"]}}],"collection":[{"href":"https:\/\/www.estrategiaconcursos.com.br\/blog\/wp-json\/wp\/v2\/posts"}],"about":[{"href":"https:\/\/www.estrategiaconcursos.com.br\/blog\/wp-json\/wp\/v2\/types\/post"}],"author":[{"embeddable":true,"href":"https:\/\/www.estrategiaconcursos.com.br\/blog\/wp-json\/wp\/v2\/users\/180"}],"replies":[{"embeddable":true,"href":"https:\/\/www.estrategiaconcursos.com.br\/blog\/wp-json\/wp\/v2\/comments?post=41509"}],"version-history":[{"count":10,"href":"https:\/\/www.estrategiaconcursos.com.br\/blog\/wp-json\/wp\/v2\/posts\/41509\/revisions"}],"predecessor-version":[{"id":181938,"href":"https:\/\/www.estrategiaconcursos.com.br\/blog\/wp-json\/wp\/v2\/posts\/41509\/revisions\/181938"}],"wp:attachment":[{"href":"https:\/\/www.estrategiaconcursos.com.br\/blog\/wp-json\/wp\/v2\/media?parent=41509"}],"wp:term":[{"taxonomy":"category","embeddable":true,"href":"https:\/\/www.estrategiaconcursos.com.br\/blog\/wp-json\/wp\/v2\/categories?post=41509"},{"taxonomy":"post_tag","embeddable":true,"href":"https:\/\/www.estrategiaconcursos.com.br\/blog\/wp-json\/wp\/v2\/tags?post=41509"},{"taxonomy":"tax_estado","embeddable":true,"href":"https:\/\/www.estrategiaconcursos.com.br\/blog\/wp-json\/wp\/v2\/tax_estado?post=41509"}],"curies":[{"name":"wp","href":"https:\/\/api.w.org\/{rel}","templated":true}]}}