{"id":415085,"date":"2019-09-02T07:33:33","date_gmt":"2019-09-02T10:33:33","guid":{"rendered":"https:\/\/www.estrategiaconcursos.com.br\/blog\/?p=415085"},"modified":"2019-09-05T10:12:45","modified_gmt":"2019-09-05T13:12:45","slug":"concursos-abertos-02-09-19","status":"publish","type":"post","link":"https:\/\/www.estrategiaconcursos.com.br\/blog\/concursos-abertos-02-09-19\/","title":{"rendered":"Concursos Abertos: confira os novos editais publicados em todo o pa\u00eds"},"content":{"rendered":"\n<p>Nove novos editais foram publicados na \u00faltima semana, com <strong>9592 <\/strong>vagas<strong> para <\/strong>v\u00e1rios n\u00edveis de escolaridade. S\u00e3o oportunidades  para a \u00e1rea da Educa\u00e7\u00e3o, Carreiras Jur\u00eddicas, Sa\u00fade, Legislativo e \u00e1reas administrativas.<\/p>\n\n\n\n<h2 class=\"wp-block-heading\">Concurso Guarda de Ananindeua PA<\/h2>\n\n\n\n<p>S\u00e3o ofertadas <strong>60 vagas<\/strong> para o concurso p\u00fablico para Guarda Municipal do munic\u00edpio de Ananindeua no estado do Par\u00e1, pr\u00f3ximo \u00e0 capital Bel\u00e9m. Os candidatos devem ter Ensino M\u00e9dio Completo e efetuar o pagamento da taxa de inscri\u00e7\u00e3o no valor de R$ 80,00.<\/p>\n\n\n\n<p><strong>Inscri\u00e7\u00f5es<\/strong>: 05 de setembro a 18 de outubro de 2019 <br \/><strong>Isen\u00e7\u00e3o da taxa:<\/strong> 5 de setembro a 6 de setembro de 2019<br \/><strong>Prova Objetiva<\/strong>: 01 de dezembro de 2019<br \/><strong>Banca<\/strong>: Cetap <br \/><strong>Mais informa\u00e7\u00f5es<\/strong>: <strong><a rel=\"noreferrer noopener\" href=\"https:\/\/dhg1h5j42swfq.cloudfront.net\/2019\/08\/30113627\/guarda.pdf\" target=\"_blank\">Guarda de Ananindeua<\/a><\/strong> <\/p>\n\n\n\n<h2 class=\"wp-block-heading\">Concurso Fundac PB<\/h2>\n\n\n\n<p>A Funda\u00e7\u00e3o Desenvolvimento da Crian\u00e7a e do Adolescente \u201cAlice de Almeida\u201d (FUNDAC) oferece <strong>400 vagas<\/strong>&nbsp;<strong>para o cargo de Agente Socioeducativo.<\/strong> \u00c9 necess\u00e1rio ter Ensino M\u00e9dio Completo para prestar o certame.<\/p>\n\n\n\n<ul class=\"wp-block-list\"><li><strong>Per\u00edodo de inscri\u00e7\u00f5es:<\/strong> 04\/09 a 07\/10\/2019 <\/li><li><strong>Data da prova<\/strong>: 27\/10\/2019<\/li><li><strong>Taxa de inscri\u00e7\u00e3o<\/strong>: <strong><em>R$ 56,00 \u2013 Agente Socioeducativo<\/em><\/strong> <\/li><li><strong>Mais informa\u00e7\u00f5es &#8211; <\/strong> <strong><a href=\"https:\/\/www.estrategiaconcursos.com.br\/blog\/concurso-fundac-pb\/\" target=\"_blank\" rel=\"noreferrer noopener\" aria-label=\"Concurso Fundac PB (abre numa nova aba)\">Concurso Fundac PB<\/a><\/strong><\/li><\/ul>\n\n\n\n<h2 class=\"wp-block-heading\">Concurso Assembleia Legislativa do Amap\u00e1 (AP)<\/h2>\n\n\n\n<p>A Assembleia Legislativa do Amap\u00e1 lan\u00e7ou edital com <strong><em>129 vagas<\/em><\/strong> para cargos de n\u00edvel m\u00e9dio e superior. A remunera\u00e7\u00e3o inicial vai de  R$ 3.798,34 a R$ 11.395,01, al\u00e9m de adicionais e benef\u00edcios.<\/p>\n\n\n\n<ul class=\"wp-block-list\"><li><strong>Per\u00edodo de inscri\u00e7\u00f5es:<\/strong> 23\/09 a 30\/10<\/li><li><strong>Data da prova<\/strong>:  02\/01<\/li><li><strong>Taxa de inscri\u00e7\u00e3o<\/strong>: R$ 80; R$ 90,00; R$ 110; R$ 140<\/li><li><strong>Mais informa\u00e7\u00f5es &#8211; <\/strong> <strong><a rel=\"noreferrer noopener\" aria-label=\" (abre numa nova aba)\" href=\"https:\/\/www.estrategiaconcursos.com.br\/blog\/concurso-alap\/\" target=\"_blank\">Concurso ALAP<\/a><\/strong><\/li><\/ul>\n\n\n\n<h2 class=\"wp-block-heading\"><strong>Tribunal de Justi\u00e7a da Bahia (BA)<\/strong><\/h2>\n\n\n\n<p>O <strong>Tribunal de Justi\u00e7a da Bahia (TJ BA)<\/strong> divulgou o edital do seu processo seletivo para <strong>Ju\u00edzes Leigos<\/strong> e <strong>Conciliadores<\/strong> com <strong>7.627 vagas<\/strong> distribu\u00eddas entre as comarcas do Estado. Remunera\u00e7\u00f5es de R$ 3.581,83 a R$ 9.895,76.<\/p>\n\n\n\n<ul class=\"wp-block-list\"><li><strong>Per\u00edodo de inscri\u00e7\u00f5es:<\/strong> 9 a 23\/09<\/li><li><strong>Data da prova<\/strong>:  27\/10<\/li><li><strong>Taxa de inscri\u00e7\u00e3o<\/strong>: R$ 60,00 e R$ 100,00<\/li><li><strong>Mais informa\u00e7\u00f5es &#8211; <\/strong><a href=\"https:\/\/www.estrategiaconcursos.com.br\/blog\/edital-tj-ba-leigo\/\" target=\"_blank\" rel=\"noreferrer noopener\" aria-label=\" (abre numa nova aba)\"> <\/a><strong><a href=\"https:\/\/www.estrategiaconcursos.com.br\/blog\/edital-tj-ba-leigo\/\" target=\"_blank\" rel=\"noreferrer noopener\" aria-label=\" (abre numa nova aba)\">Concurso TJ BA<\/a><\/strong><\/li><\/ul>\n\n\n\n<h2 class=\"wp-block-heading\">Concurso Prefeitura de S\u00e3o Jos\u00e9 dos Campos (SP)<\/h2>\n\n\n\n<p>O edital da Prefeitura de S\u00e3o Jos\u00e9 dos Campos (SP) oferta 44 vagas e cadastro de reserva para cargos de n\u00edvel m\u00e9dio e superior. As oportunidades tem remunera\u00e7\u00e3o inicial de R$1.870,29 a R$ 8.781,07.<\/p>\n\n\n\n<ul class=\"wp-block-list\"><li><strong>Per\u00edodo de inscri\u00e7\u00f5es:<\/strong> 09\/09 a 14\/10<\/li><li><strong>Data da prova<\/strong>:17\/11 (Agente Educador) e 01\/12 (demais cargos)<\/li><li><strong>Taxa de inscri\u00e7\u00e3o:<\/strong> R$ 55,00; R$ 65,00; R$ 75,00; R$ 85,00<\/li><li><strong>Mais informa\u00e7\u00f5es &#8211; <a href=\"https:\/\/www.estrategiaconcursos.com.br\/blog\/edital-prefeitura-sao-jose-dos-campos\/\" target=\"_blank\" rel=\"noreferrer noopener\" aria-label=\"Concurso Prefeitura S\u00e3o Jos\u00e9 dos Campos (abre numa nova aba)\">Concurso Prefeitura S\u00e3o Jos\u00e9 dos Campos<\/a><\/strong><\/li><\/ul>\n\n\n\n<h2 class=\"wp-block-heading\">Concurso Prefeitura de Alagoinhas (BA)<\/h2>\n\n\n\n<p>O edital da Prefeitura de Alagoinhas (BA) oferta <strong><em>545 vagas<\/em><\/strong> para o Magist\u00e9rio municipal e para o quadro de servidores do Executivo. A remunera\u00e7\u00e3o inicial varia de R$ 1.165,47 e R$ 2.817,47.<\/p>\n\n\n\n<ul class=\"wp-block-list\"><li><strong>Per\u00edodo de inscri\u00e7\u00f5es:<\/strong> 02\/09 a 01\/10<\/li><li><strong>Data da prova: <\/strong>24\/11\/2019 (Professor) e 19\/01\/2020 (Demais cargos)<\/li><li><strong>Taxa de inscri\u00e7\u00e3o:<\/strong> R$ 58,00 a R$ 44,00<\/li><li><strong>Mais informa\u00e7\u00f5es &#8211; <a href=\"https:\/\/www.estrategiaconcursos.com.br\/blog\/edital-prefeitura-de-alagoinhas\/\" target=\"_blank\" rel=\"noreferrer noopener\" aria-label=\"Concurso Prefeitura de Alagoinhas (abre numa nova aba)\">Concurso Prefeitura de Alagoinhas<\/a><\/strong><\/li><\/ul>\n\n\n\n<h2 class=\"wp-block-heading\">Concurso Prefeitura de Itanha\u00e9m (SP)<\/h2>\n\n\n\n<p>A Prefeitura de Itanha\u00e9m lan\u00e7ou edital com <strong><em>200 vagas<\/em> <\/strong>para Agente Comunit\u00e1rio de Sa\u00fade (N\u00edvel M\u00e9dio). A remunera\u00e7\u00e3o inicial \u00e9 de R$ 1.322,00 a <\/p>\n\n\n\n<ul class=\"wp-block-list\"><li><strong>Per\u00edodo de inscri\u00e7\u00f5es:<\/strong> 20\/08 a 09\/09<\/li><li><strong>Data da prova: <\/strong>29\/09<\/li><li><strong>Taxa de inscri\u00e7\u00e3o:<\/strong> R$ 53,00<\/li><li><strong>Mais informa\u00e7\u00f5es &#8211; <a href=\"https:\/\/www.estrategiaconcursos.com.br\/blog\/concurso-prefeitura-de-itanhaem\/\" target=\"_blank\" rel=\"noreferrer noopener\" aria-label=\"Concurso Prefeitura de Itanha\u00e9m (abre numa nova aba)\">Concurso Prefeitura de Itanha\u00e9m<\/a><\/strong><\/li><\/ul>\n\n\n\n<h2 class=\"wp-block-heading\">Concurso Prefeitura de Cap\u00e3o da Canoa (RS)<\/h2>\n\n\n\n<p>O edital do concurso da Prefeitura de Cap\u00e3o da Canoa (RS) oferece <em><strong>219 vagas <\/strong><\/em>para cargos de fundamental, m\u00e9dio\/t\u00e9cnico e superior.  As remunera\u00e7\u00f5es iniciais v\u00e3o de  R$ 1.381,31  a R$ 5.226,62.<\/p>\n\n\n\n<ul class=\"wp-block-list\"><li><strong>Per\u00edodo de inscri\u00e7\u00f5es:<\/strong> 26\/08 a 24\/09<\/li><li>Data da prova: 26 e 27\/10<\/li><li><strong>Taxa de inscri\u00e7\u00e3o:<\/strong> R$ 65,00 e R$ 85,00<\/li><li><strong>Mais informa\u00e7\u00f5es &#8211; <a href=\"https:\/\/www.estrategiaconcursos.com.br\/blog\/concurso-prefeitura-de-capao-da-canoa-rs\/\" target=\"_blank\" rel=\"noreferrer noopener\" aria-label=\"Concurso Prefeitura de Cap\u00e3o da Canoa (abre numa nova aba)\">Concurso Prefeitura de Cap\u00e3o da Canoa<\/a><\/strong><\/li><\/ul>\n\n\n\n<h2 class=\"wp-block-heading\">Concurso Prefeitura de Cabo de Santo Agostinho (BA)<\/h2>\n\n\n\n<p>O edital da prefeitura de Cabo de Santo Agostinho prev\u00ea <strong><em>737 vagas<\/em><\/strong> para cargos n\u00edvel m\u00e9dio e superior. A remunera\u00e7\u00e3o inicial varia entre R$998,00 e R$ 11.406,43. <\/p>\n\n\n\n<ul class=\"wp-block-list\"><li><strong>Per\u00edodo de inscri\u00e7\u00f5es:<\/strong>  30\/08 a 247\/09<\/li><li><strong>Data da prova: <\/strong>24\/11<\/li><li>Taxa de inscri\u00e7\u00e3o:  R$47,00 e R$ 57,00.<\/li><li><strong>Mais informa\u00e7\u00f5es &#8211; <a rel=\"noreferrer noopener\" aria-label=\"Concurso Prefeitura de Cabo de Santo Agostinho (abre numa nova aba)\" href=\"https:\/\/www.estrategiaconcursos.com.br\/blog\/concurso-prefeitura-cabo-de-santo-agostinho\/\" target=\"_blank\">Concurso Prefeitura de Cabo de Santo Agostinho<\/a><\/strong><\/li><\/ul>\n\n\n\n<h2 class=\"wp-block-heading\">Concurso C\u00e2mara de Montes Claros (MG)<\/h2>\n\n\n\n<p>A C\u00e2mara Municipal de Montes Claros (MG) lan\u00e7ou edital com <strong><em>13 vagas <\/em><\/strong> e cadastro de reserva para cargos de n\u00edvel m\u00e9dio e superior. A remunera\u00e7\u00e3o inicial \u00e9 de R$ 2.042,75 a R$ 8.783,53.<\/p>\n\n\n\n<ul class=\"wp-block-list\"><li><strong>Per\u00edodo de inscri\u00e7\u00f5es:<\/strong> 31\/10 a 03\/12<\/li><li>Data da prova:  12\/01\/2020 <\/li><li><strong>Taxa de inscri\u00e7\u00e3o:<\/strong> R$ 55 a R$ 90<\/li><li><strong>Mais informa\u00e7\u00f5es &#8211; <\/strong> <a rel=\"noreferrer noopener\" aria-label=\"Concurso C\u00e2mara de Montes Claros  (abre numa nova aba)\" href=\"https:\/\/www.estrategiaconcursos.com.br\/blog\/concurso-camara-de-montes-claros\/\" target=\"_blank\"><strong>Concurso C\u00e2mara de Montes Claros<\/strong> <\/a><\/li><\/ul>\n\n\n\n<h2 class=\"wp-block-heading\">Concurso EMDEC Campinas (SP)<\/h2>\n\n\n\n<p>A Empresa de Desenvolvimento de Campinas (SP) lan\u00e7ou edital comn <strong>18 vagas <\/strong>imediatas para cargos de n\u00edvel m\u00e9dio, m\u00e9dio\/t\u00e9cnico e superior.  As remunera\u00e7\u00f50es iniciais variam entre R$ 2.127,67 e R$ 6.047,38.<\/p>\n\n\n\n<ul class=\"wp-block-list\"><li><strong>Per\u00edodo de inscri\u00e7\u00f5es:<\/strong> 29\/08 a 25\/09<\/li><li><strong>Data da prova: <\/strong>20\/1R$ 50,00 e R$ 65,00.<\/li><li><strong>Mais informa\u00e7\u00f5es &#8211; <a rel=\"noreferrer noopener\" aria-label=\"Concurso EMDEC Campinas (abre numa nova aba)\" href=\"https:\/\/www.estrategiaconcursos.com.br\/blog\/concurso-emdec-campinas\/\" target=\"_blank\">Concurso EMDEC Campinas<\/a><\/strong><\/li><\/ul>\n\n\n\n<h2 class=\"wp-block-heading\">Concurso Prefeitura de Campo Belo <\/h2>\n\n\n\n<p>O concurso Prefeitura de Campo Belo oferta 98 vagas para diversos cargos de n\u00edvel de forma\u00e7\u00e3o <strong>fundamental, m\u00e9dio e superior. <\/strong>Lembrando que a organiza\u00e7\u00e3o do certame ficar\u00e1 a cargo da Funda\u00e7\u00e3o de Desenvolvimento da Pesquisa, a <strong><em>Fundep<\/em><\/strong>.  <\/p>\n\n\n\n<ul class=\"wp-block-list\"><li><strong>Per\u00edodo de inscri\u00e7\u00f5es:<\/strong> 2 de setembro a 2 de outubro <\/li><li><strong>Data da prova: <\/strong>17 de novembro&nbsp;de 2019 <\/li><li><strong>Mais informa\u00e7\u00f5es &#8211; <\/strong><a rel=\"noreferrer noopener\" aria-label=\"Concurso Prefeitura de Campo Belo (abre numa nova aba)\" href=\"https:\/\/www.estrategiaconcursos.com.br\/blog\/concurso-prefeitura-de-campo-belo\/\" target=\"_blank\"><strong>Concurso Prefeitura de Campo Belo<\/strong><\/a><\/li><\/ul>\n\n\n\n<p style=\"font-size:25px;text-align:center\"><em><strong>Assinatura Anual Ilimitada*<\/strong><\/em><\/p>\n\n\n\n<p style=\"text-align:center\"><em>Prepare-se com o melhor material e com quem mais aprova em Concursos P\u00fablicos em todo o pa\u00eds. Assine agora a nossa Assinatura Anual e tenha acesso ilimitado* a todos os nossos cursos.<\/em><\/p>\n\n\n\n<p style=\"text-align:center\" class=\"has-background has-light-green-cyan-background-color\"><strong>ASSINE AGORA<\/strong>&nbsp;\u2013&nbsp;<a rel=\"noreferrer noopener\" href=\"https:\/\/www.estrategiaconcursos.com.br\/assinaturas\" target=\"_blank\"><strong>Assinatura Ilimitada<\/strong><\/a><\/p>\n\n\n\n<p style=\"text-align:center\" class=\"has-background has-medium-font-size has-pale-cyan-blue-background-color\"><strong><a href=\"https:\/\/www.estrategiaconcursos.com.br\/blog\/concursos-abertos\/\">CONCURSOS ABERTOS<\/a><\/strong><\/p>\n\n\n\n<p style=\"text-align:center\" class=\"has-background has-medium-font-size has-pale-cyan-blue-background-color\"><a href=\"https:\/\/www.estrategiaconcursos.com.br\/blog\/concursos-2019\/\"><strong>CONCURSOS 2019<\/strong><\/a><\/p>\n\n\n\n<p style=\"text-align:center\" class=\"has-background has-medium-font-size has-pale-cyan-blue-background-color\"><a href=\"https:\/\/www.estrategiaconcursos.com.br\/blog\/concursos-2020\/\"><strong>CONCURSOS<\/strong><\/a><strong><a href=\"https:\/\/www.estrategiaconcursos.com.br\/blog\/concursos-2020\/\">&nbsp;2020<\/a><\/strong><\/p>\n\n\n\n<p><br \/><em>Ascom Estrat\u00e9gia<br \/><\/em>ascomestrategia@gmail.com<\/p>\n","protected":false},"excerpt":{"rendered":"<p>Nove novos editais foram publicados na \u00faltima semana, com 9592 vagas para v\u00e1rios n\u00edveis de escolaridade. S\u00e3o oportunidades para a \u00e1rea da Educa\u00e7\u00e3o, Carreiras Jur\u00eddicas, Sa\u00fade, Legislativo e \u00e1reas administrativas. Concurso Guarda de Ananindeua PA S\u00e3o ofertadas 60 vagas para o concurso p\u00fablico para Guarda Municipal do munic\u00edpio de Ananindeua no estado do Par\u00e1, pr\u00f3ximo [&hellip;]<\/p>\n","protected":false},"author":188,"featured_media":364742,"comment_status":"open","ping_status":"closed","sticky":false,"template":"","format":"standard","meta":{"post_tipo":"article","footnotes":""},"categories":[1],"tags":[],"tax_estado":[],"class_list":["post-415085","post","type-post","status-publish","format-standard","has-post-thumbnail","hentry","category-cursos-e-concursos"],"acf":[],"yoast_head":"<!-- This site is optimized with the Yoast SEO Premium plugin v27.2 (Yoast SEO v27.2) - https:\/\/yoast.com\/product\/yoast-seo-premium-wordpress\/ -->\n<title>Concursos Abertos: confira os novos editais publicados em todo o pa\u00eds<\/title>\n<meta name=\"robots\" content=\"index, follow, max-snippet:-1, max-image-preview:large, max-video-preview:-1\" \/>\n<link rel=\"canonical\" href=\"https:\/\/www.estrategiaconcursos.com.br\/blog\/concursos-abertos-02-09-19\/\" \/>\n<meta property=\"og:locale\" content=\"pt_BR\" \/>\n<meta property=\"og:type\" content=\"article\" \/>\n<meta property=\"og:title\" content=\"Concursos Abertos: confira os novos editais publicados em todo o pa\u00eds\" \/>\n<meta property=\"og:description\" content=\"Nove novos editais foram publicados na \u00faltima semana, com 9592 vagas para v\u00e1rios n\u00edveis de escolaridade. S\u00e3o oportunidades para a \u00e1rea da Educa\u00e7\u00e3o, Carreiras Jur\u00eddicas, Sa\u00fade, Legislativo e \u00e1reas administrativas. Concurso Guarda de Ananindeua PA S\u00e3o ofertadas 60 vagas para o concurso p\u00fablico para Guarda Municipal do munic\u00edpio de Ananindeua no estado do Par\u00e1, pr\u00f3ximo [&hellip;]\" \/>\n<meta property=\"og:url\" content=\"https:\/\/www.estrategiaconcursos.com.br\/blog\/concursos-abertos-02-09-19\/\" \/>\n<meta property=\"og:site_name\" content=\"Estrat\u00e9gia Concursos\" \/>\n<meta property=\"article:published_time\" content=\"2019-09-02T10:33:33+00:00\" \/>\n<meta property=\"article:modified_time\" content=\"2019-09-05T13:12:45+00:00\" \/>\n<meta property=\"og:image\" content=\"https:\/\/dhg1h5j42swfq.cloudfront.net\/2019\/04\/20085844\/Concursos-abertos2-e1555761535855.jpg\" \/>\n\t<meta property=\"og:image:width\" content=\"400\" \/>\n\t<meta property=\"og:image:height\" content=\"209\" \/>\n\t<meta property=\"og:image:type\" content=\"image\/jpeg\" \/>\n<meta name=\"author\" content=\"Tha\u00eds Mendes (Jornalista)\" \/>\n<meta name=\"twitter:card\" content=\"summary_large_image\" \/>\n<meta name=\"twitter:creator\" content=\"@EstratConcursos\" \/>\n<meta name=\"twitter:site\" content=\"@EstratConcursos\" \/>\n<meta name=\"twitter:label1\" content=\"Escrito por\" \/>\n\t<meta name=\"twitter:data1\" content=\"Tha\u00eds Mendes (Jornalista)\" \/>\n\t<meta name=\"twitter:label2\" content=\"Est. tempo de leitura\" \/>\n\t<meta name=\"twitter:data2\" content=\"4 minutos\" \/>\n<script type=\"application\/ld+json\" class=\"yoast-schema-graph\">{\"@context\":\"https:\/\/schema.org\",\"@graph\":[{\"@type\":\"NewsArticle\",\"@id\":\"https:\/\/www.estrategiaconcursos.com.br\/blog\/concursos-abertos-02-09-19\/#article\",\"isPartOf\":{\"@id\":\"https:\/\/www.estrategiaconcursos.com.br\/blog\/concursos-abertos-02-09-19\/\"},\"author\":{\"name\":\"Tha\u00eds Mendes (Jornalista)\",\"@id\":\"https:\/\/www.estrategiaconcursos.com.br\/blog\/#\/schema\/person\/b69f846fcb6f09c1b651569e30b6e865\"},\"headline\":\"Concursos Abertos: confira os novos editais publicados em todo o pa\u00eds\",\"datePublished\":\"2019-09-02T10:33:33+00:00\",\"dateModified\":\"2019-09-05T13:12:45+00:00\",\"mainEntityOfPage\":{\"@id\":\"https:\/\/www.estrategiaconcursos.com.br\/blog\/concursos-abertos-02-09-19\/\"},\"wordCount\":904,\"commentCount\":1,\"publisher\":{\"@id\":\"https:\/\/www.estrategiaconcursos.com.br\/blog\/#organization\"},\"image\":{\"@id\":\"https:\/\/www.estrategiaconcursos.com.br\/blog\/concursos-abertos-02-09-19\/#primaryimage\"},\"thumbnailUrl\":\"https:\/\/dhg1h5j42swfq.cloudfront.net\/2019\/04\/20085844\/Concursos-abertos2-e1555761535855.jpg\",\"articleSection\":[\"Concursos P\u00fablicos\"],\"inLanguage\":\"pt-BR\",\"potentialAction\":[{\"@type\":\"CommentAction\",\"name\":\"Comment\",\"target\":[\"https:\/\/www.estrategiaconcursos.com.br\/blog\/concursos-abertos-02-09-19\/#respond\"]}],\"copyrightYear\":\"2019\",\"copyrightHolder\":{\"@id\":\"https:\/\/www.estrategiaconcursos.com.br\/blog\/#organization\"}},{\"@type\":\"WebPage\",\"@id\":\"https:\/\/www.estrategiaconcursos.com.br\/blog\/concursos-abertos-02-09-19\/\",\"url\":\"https:\/\/www.estrategiaconcursos.com.br\/blog\/concursos-abertos-02-09-19\/\",\"name\":\"Concursos Abertos: confira os novos editais publicados em todo o pa\u00eds\",\"isPartOf\":{\"@id\":\"https:\/\/www.estrategiaconcursos.com.br\/blog\/#website\"},\"primaryImageOfPage\":{\"@id\":\"https:\/\/www.estrategiaconcursos.com.br\/blog\/concursos-abertos-02-09-19\/#primaryimage\"},\"image\":{\"@id\":\"https:\/\/www.estrategiaconcursos.com.br\/blog\/concursos-abertos-02-09-19\/#primaryimage\"},\"thumbnailUrl\":\"https:\/\/dhg1h5j42swfq.cloudfront.net\/2019\/04\/20085844\/Concursos-abertos2-e1555761535855.jpg\",\"datePublished\":\"2019-09-02T10:33:33+00:00\",\"dateModified\":\"2019-09-05T13:12:45+00:00\",\"breadcrumb\":{\"@id\":\"https:\/\/www.estrategiaconcursos.com.br\/blog\/concursos-abertos-02-09-19\/#breadcrumb\"},\"inLanguage\":\"pt-BR\",\"potentialAction\":[{\"@type\":\"ReadAction\",\"target\":[\"https:\/\/www.estrategiaconcursos.com.br\/blog\/concursos-abertos-02-09-19\/\"]}]},{\"@type\":\"ImageObject\",\"inLanguage\":\"pt-BR\",\"@id\":\"https:\/\/www.estrategiaconcursos.com.br\/blog\/concursos-abertos-02-09-19\/#primaryimage\",\"url\":\"https:\/\/dhg1h5j42swfq.cloudfront.net\/2019\/04\/20085844\/Concursos-abertos2-e1555761535855.jpg\",\"contentUrl\":\"https:\/\/dhg1h5j42swfq.cloudfront.net\/2019\/04\/20085844\/Concursos-abertos2-e1555761535855.jpg\",\"width\":400,\"height\":209,\"caption\":\"Concursos abertos\"},{\"@type\":\"BreadcrumbList\",\"@id\":\"https:\/\/www.estrategiaconcursos.com.br\/blog\/concursos-abertos-02-09-19\/#breadcrumb\",\"itemListElement\":[{\"@type\":\"ListItem\",\"position\":1,\"name\":\"In\u00edcio\",\"item\":\"https:\/\/www.estrategiaconcursos.com.br\/blog\/\"},{\"@type\":\"ListItem\",\"position\":2,\"name\":\"Concursos Abertos: confira os novos editais publicados em todo o pa\u00eds\"}]},{\"@type\":\"WebSite\",\"@id\":\"https:\/\/www.estrategiaconcursos.com.br\/blog\/#website\",\"url\":\"https:\/\/www.estrategiaconcursos.com.br\/blog\/\",\"name\":\"Estrat\u00e9gia Concursos\",\"description\":\"O blog da Estrat\u00e9gia Concursos traz not\u00edcias sobre concursos e artigos de professores oferecendo cursos para concursos (pdf + videaulas) no site.\",\"publisher\":{\"@id\":\"https:\/\/www.estrategiaconcursos.com.br\/blog\/#organization\"},\"potentialAction\":[{\"@type\":\"SearchAction\",\"target\":{\"@type\":\"EntryPoint\",\"urlTemplate\":\"https:\/\/www.estrategiaconcursos.com.br\/blog\/?s={search_term_string}\"},\"query-input\":{\"@type\":\"PropertyValueSpecification\",\"valueRequired\":true,\"valueName\":\"search_term_string\"}}],\"inLanguage\":\"pt-BR\"},{\"@type\":\"Organization\",\"@id\":\"https:\/\/www.estrategiaconcursos.com.br\/blog\/#organization\",\"name\":\"Estrat\u00e9gia Concursos\",\"url\":\"https:\/\/www.estrategiaconcursos.com.br\/blog\/\",\"logo\":{\"@type\":\"ImageObject\",\"inLanguage\":\"pt-BR\",\"@id\":\"https:\/\/www.estrategiaconcursos.com.br\/blog\/#\/schema\/logo\/image\/\",\"url\":\"https:\/\/dhg1h5j42swfq.cloudfront.net\/2025\/06\/03203428\/logo_concursos-1.jpg\",\"contentUrl\":\"https:\/\/dhg1h5j42swfq.cloudfront.net\/2025\/06\/03203428\/logo_concursos-1.jpg\",\"width\":230,\"height\":60,\"caption\":\"Estrat\u00e9gia Concursos\"},\"image\":{\"@id\":\"https:\/\/www.estrategiaconcursos.com.br\/blog\/#\/schema\/logo\/image\/\"},\"sameAs\":[\"https:\/\/x.com\/EstratConcursos\"]},{\"@type\":\"Person\",\"@id\":\"https:\/\/www.estrategiaconcursos.com.br\/blog\/#\/schema\/person\/b69f846fcb6f09c1b651569e30b6e865\",\"name\":\"Tha\u00eds Mendes (Jornalista)\",\"image\":{\"@type\":\"ImageObject\",\"inLanguage\":\"pt-BR\",\"@id\":\"https:\/\/secure.gravatar.com\/avatar\/3c9c4f2eb3e762ee925852cf3188d5507fcec36cfe4fdee47acd4135266a8614?s=96&d=mm&r=g\",\"url\":\"https:\/\/secure.gravatar.com\/avatar\/3c9c4f2eb3e762ee925852cf3188d5507fcec36cfe4fdee47acd4135266a8614?s=96&d=mm&r=g\",\"contentUrl\":\"https:\/\/secure.gravatar.com\/avatar\/3c9c4f2eb3e762ee925852cf3188d5507fcec36cfe4fdee47acd4135266a8614?s=96&d=mm&r=g\",\"caption\":\"Tha\u00eds Mendes (Jornalista)\"},\"url\":\"https:\/\/www.estrategiaconcursos.com.br\/blog\/author\/comunicacaoestrategiaconcursos-com-br\/\"}]}<\/script>\n<!-- \/ Yoast SEO Premium plugin. -->","yoast_head_json":{"title":"Concursos Abertos: confira os novos editais publicados em todo o pa\u00eds","robots":{"index":"index","follow":"follow","max-snippet":"max-snippet:-1","max-image-preview":"max-image-preview:large","max-video-preview":"max-video-preview:-1"},"canonical":"https:\/\/www.estrategiaconcursos.com.br\/blog\/concursos-abertos-02-09-19\/","og_locale":"pt_BR","og_type":"article","og_title":"Concursos Abertos: confira os novos editais publicados em todo o pa\u00eds","og_description":"Nove novos editais foram publicados na \u00faltima semana, com 9592 vagas para v\u00e1rios n\u00edveis de escolaridade. S\u00e3o oportunidades para a \u00e1rea da Educa\u00e7\u00e3o, Carreiras Jur\u00eddicas, Sa\u00fade, Legislativo e \u00e1reas administrativas. Concurso Guarda de Ananindeua PA S\u00e3o ofertadas 60 vagas para o concurso p\u00fablico para Guarda Municipal do munic\u00edpio de Ananindeua no estado do Par\u00e1, pr\u00f3ximo [&hellip;]","og_url":"https:\/\/www.estrategiaconcursos.com.br\/blog\/concursos-abertos-02-09-19\/","og_site_name":"Estrat\u00e9gia Concursos","article_published_time":"2019-09-02T10:33:33+00:00","article_modified_time":"2019-09-05T13:12:45+00:00","og_image":[{"width":400,"height":209,"url":"https:\/\/dhg1h5j42swfq.cloudfront.net\/2019\/04\/20085844\/Concursos-abertos2-e1555761535855.jpg","type":"image\/jpeg"}],"author":"Tha\u00eds Mendes (Jornalista)","twitter_card":"summary_large_image","twitter_creator":"@EstratConcursos","twitter_site":"@EstratConcursos","twitter_misc":{"Escrito por":"Tha\u00eds Mendes (Jornalista)","Est. tempo de leitura":"4 minutos"},"schema":{"@context":"https:\/\/schema.org","@graph":[{"@type":"NewsArticle","@id":"https:\/\/www.estrategiaconcursos.com.br\/blog\/concursos-abertos-02-09-19\/#article","isPartOf":{"@id":"https:\/\/www.estrategiaconcursos.com.br\/blog\/concursos-abertos-02-09-19\/"},"author":{"name":"Tha\u00eds Mendes (Jornalista)","@id":"https:\/\/www.estrategiaconcursos.com.br\/blog\/#\/schema\/person\/b69f846fcb6f09c1b651569e30b6e865"},"headline":"Concursos Abertos: confira os novos editais publicados em todo o pa\u00eds","datePublished":"2019-09-02T10:33:33+00:00","dateModified":"2019-09-05T13:12:45+00:00","mainEntityOfPage":{"@id":"https:\/\/www.estrategiaconcursos.com.br\/blog\/concursos-abertos-02-09-19\/"},"wordCount":904,"commentCount":1,"publisher":{"@id":"https:\/\/www.estrategiaconcursos.com.br\/blog\/#organization"},"image":{"@id":"https:\/\/www.estrategiaconcursos.com.br\/blog\/concursos-abertos-02-09-19\/#primaryimage"},"thumbnailUrl":"https:\/\/dhg1h5j42swfq.cloudfront.net\/2019\/04\/20085844\/Concursos-abertos2-e1555761535855.jpg","articleSection":["Concursos P\u00fablicos"],"inLanguage":"pt-BR","potentialAction":[{"@type":"CommentAction","name":"Comment","target":["https:\/\/www.estrategiaconcursos.com.br\/blog\/concursos-abertos-02-09-19\/#respond"]}],"copyrightYear":"2019","copyrightHolder":{"@id":"https:\/\/www.estrategiaconcursos.com.br\/blog\/#organization"}},{"@type":"WebPage","@id":"https:\/\/www.estrategiaconcursos.com.br\/blog\/concursos-abertos-02-09-19\/","url":"https:\/\/www.estrategiaconcursos.com.br\/blog\/concursos-abertos-02-09-19\/","name":"Concursos Abertos: confira os novos editais publicados em todo o pa\u00eds","isPartOf":{"@id":"https:\/\/www.estrategiaconcursos.com.br\/blog\/#website"},"primaryImageOfPage":{"@id":"https:\/\/www.estrategiaconcursos.com.br\/blog\/concursos-abertos-02-09-19\/#primaryimage"},"image":{"@id":"https:\/\/www.estrategiaconcursos.com.br\/blog\/concursos-abertos-02-09-19\/#primaryimage"},"thumbnailUrl":"https:\/\/dhg1h5j42swfq.cloudfront.net\/2019\/04\/20085844\/Concursos-abertos2-e1555761535855.jpg","datePublished":"2019-09-02T10:33:33+00:00","dateModified":"2019-09-05T13:12:45+00:00","breadcrumb":{"@id":"https:\/\/www.estrategiaconcursos.com.br\/blog\/concursos-abertos-02-09-19\/#breadcrumb"},"inLanguage":"pt-BR","potentialAction":[{"@type":"ReadAction","target":["https:\/\/www.estrategiaconcursos.com.br\/blog\/concursos-abertos-02-09-19\/"]}]},{"@type":"ImageObject","inLanguage":"pt-BR","@id":"https:\/\/www.estrategiaconcursos.com.br\/blog\/concursos-abertos-02-09-19\/#primaryimage","url":"https:\/\/dhg1h5j42swfq.cloudfront.net\/2019\/04\/20085844\/Concursos-abertos2-e1555761535855.jpg","contentUrl":"https:\/\/dhg1h5j42swfq.cloudfront.net\/2019\/04\/20085844\/Concursos-abertos2-e1555761535855.jpg","width":400,"height":209,"caption":"Concursos abertos"},{"@type":"BreadcrumbList","@id":"https:\/\/www.estrategiaconcursos.com.br\/blog\/concursos-abertos-02-09-19\/#breadcrumb","itemListElement":[{"@type":"ListItem","position":1,"name":"In\u00edcio","item":"https:\/\/www.estrategiaconcursos.com.br\/blog\/"},{"@type":"ListItem","position":2,"name":"Concursos Abertos: confira os novos editais publicados em todo o pa\u00eds"}]},{"@type":"WebSite","@id":"https:\/\/www.estrategiaconcursos.com.br\/blog\/#website","url":"https:\/\/www.estrategiaconcursos.com.br\/blog\/","name":"Estrat\u00e9gia Concursos","description":"O blog da Estrat\u00e9gia Concursos traz not\u00edcias sobre concursos e artigos de professores oferecendo cursos para concursos (pdf + videaulas) no site.","publisher":{"@id":"https:\/\/www.estrategiaconcursos.com.br\/blog\/#organization"},"potentialAction":[{"@type":"SearchAction","target":{"@type":"EntryPoint","urlTemplate":"https:\/\/www.estrategiaconcursos.com.br\/blog\/?s={search_term_string}"},"query-input":{"@type":"PropertyValueSpecification","valueRequired":true,"valueName":"search_term_string"}}],"inLanguage":"pt-BR"},{"@type":"Organization","@id":"https:\/\/www.estrategiaconcursos.com.br\/blog\/#organization","name":"Estrat\u00e9gia Concursos","url":"https:\/\/www.estrategiaconcursos.com.br\/blog\/","logo":{"@type":"ImageObject","inLanguage":"pt-BR","@id":"https:\/\/www.estrategiaconcursos.com.br\/blog\/#\/schema\/logo\/image\/","url":"https:\/\/dhg1h5j42swfq.cloudfront.net\/2025\/06\/03203428\/logo_concursos-1.jpg","contentUrl":"https:\/\/dhg1h5j42swfq.cloudfront.net\/2025\/06\/03203428\/logo_concursos-1.jpg","width":230,"height":60,"caption":"Estrat\u00e9gia Concursos"},"image":{"@id":"https:\/\/www.estrategiaconcursos.com.br\/blog\/#\/schema\/logo\/image\/"},"sameAs":["https:\/\/x.com\/EstratConcursos"]},{"@type":"Person","@id":"https:\/\/www.estrategiaconcursos.com.br\/blog\/#\/schema\/person\/b69f846fcb6f09c1b651569e30b6e865","name":"Tha\u00eds Mendes (Jornalista)","image":{"@type":"ImageObject","inLanguage":"pt-BR","@id":"https:\/\/secure.gravatar.com\/avatar\/3c9c4f2eb3e762ee925852cf3188d5507fcec36cfe4fdee47acd4135266a8614?s=96&d=mm&r=g","url":"https:\/\/secure.gravatar.com\/avatar\/3c9c4f2eb3e762ee925852cf3188d5507fcec36cfe4fdee47acd4135266a8614?s=96&d=mm&r=g","contentUrl":"https:\/\/secure.gravatar.com\/avatar\/3c9c4f2eb3e762ee925852cf3188d5507fcec36cfe4fdee47acd4135266a8614?s=96&d=mm&r=g","caption":"Tha\u00eds Mendes (Jornalista)"},"url":"https:\/\/www.estrategiaconcursos.com.br\/blog\/author\/comunicacaoestrategiaconcursos-com-br\/"}]}},"_links":{"self":[{"href":"https:\/\/www.estrategiaconcursos.com.br\/blog\/wp-json\/wp\/v2\/posts\/415085","targetHints":{"allow":["GET"]}}],"collection":[{"href":"https:\/\/www.estrategiaconcursos.com.br\/blog\/wp-json\/wp\/v2\/posts"}],"about":[{"href":"https:\/\/www.estrategiaconcursos.com.br\/blog\/wp-json\/wp\/v2\/types\/post"}],"author":[{"embeddable":true,"href":"https:\/\/www.estrategiaconcursos.com.br\/blog\/wp-json\/wp\/v2\/users\/188"}],"replies":[{"embeddable":true,"href":"https:\/\/www.estrategiaconcursos.com.br\/blog\/wp-json\/wp\/v2\/comments?post=415085"}],"version-history":[{"count":6,"href":"https:\/\/www.estrategiaconcursos.com.br\/blog\/wp-json\/wp\/v2\/posts\/415085\/revisions"}],"predecessor-version":[{"id":416771,"href":"https:\/\/www.estrategiaconcursos.com.br\/blog\/wp-json\/wp\/v2\/posts\/415085\/revisions\/416771"}],"wp:featuredmedia":[{"embeddable":true,"href":"https:\/\/www.estrategiaconcursos.com.br\/blog\/wp-json\/wp\/v2\/media\/364742"}],"wp:attachment":[{"href":"https:\/\/www.estrategiaconcursos.com.br\/blog\/wp-json\/wp\/v2\/media?parent=415085"}],"wp:term":[{"taxonomy":"category","embeddable":true,"href":"https:\/\/www.estrategiaconcursos.com.br\/blog\/wp-json\/wp\/v2\/categories?post=415085"},{"taxonomy":"post_tag","embeddable":true,"href":"https:\/\/www.estrategiaconcursos.com.br\/blog\/wp-json\/wp\/v2\/tags?post=415085"},{"taxonomy":"tax_estado","embeddable":true,"href":"https:\/\/www.estrategiaconcursos.com.br\/blog\/wp-json\/wp\/v2\/tax_estado?post=415085"}],"curies":[{"name":"wp","href":"https:\/\/api.w.org\/{rel}","templated":true}]}}