{"id":415035,"date":"2019-09-02T00:02:29","date_gmt":"2019-09-02T03:02:29","guid":{"rendered":"https:\/\/www.estrategiaconcursos.com.br\/blog\/?p=415035"},"modified":"2019-09-09T18:27:49","modified_gmt":"2019-09-09T21:27:49","slug":"mensagem-aos-assinantes-11-devemos-focar-apenas-em-alunos-avancados","status":"publish","type":"post","link":"https:\/\/www.estrategiaconcursos.com.br\/blog\/mensagem-aos-assinantes-11-devemos-focar-apenas-em-alunos-avancados\/","title":{"rendered":"Mensagem aos Assinantes 11: devemos focar apenas em alunos avan\u00e7ados?"},"content":{"rendered":"\n<p>Ol\u00e1, pessoal! Tudo bem?<\/p>\n\n\n\n<p>Aqui \u00e9 o <strong>Ricardo Vale<\/strong>, professor e Diretor Pedag\u00f3gico do Estrat\u00e9gia Concursos. <\/p>\n\n\n\n<p>Mais uma semana est\u00e1 se iniciando e estamos aqui com uma nova mensagem aos assinantes. As mensagens anteriores est\u00e3o no link abaixo:<\/p>\n\n\n\n<ul class=\"wp-block-list\"><li><strong><a href=\"https:\/\/www.estrategiaconcursos.com.br\/blog\/mensagem-aos-assinantes-001\/\">Mensagem 001<\/a><\/strong><\/li><li><a href=\"https:\/\/www.estrategiaconcursos.com.br\/blog\/mensagem-aos-assinantes-002\/\"><strong>Mensagem 002<\/strong><\/a><\/li><li><strong><a href=\"https:\/\/www.estrategiaconcursos.com.br\/blog\/mensagem-aos-assinantes-003-mapas-mentais-como-comecar-e-outros\/\">Mensagem 003<\/a><\/strong><\/li><li><a href=\"https:\/\/www.estrategiaconcursos.com.br\/blog\/mensagem-aos-assinantes-004-2a-semana-especial-dos-concursos-e-outros\/\"><strong>Mensagem 004<\/strong><\/a><\/li><li><a href=\"https:\/\/www.estrategiaconcursos.com.br\/blog\/mensagem-aos-assinantes-005-voce-nem-sabe-que-possui-esses-beneficios\/\"><strong>Mensagem 005<\/strong><\/a><\/li><li><a href=\"https:\/\/www.estrategiaconcursos.com.br\/blog\/mensagem-aos-assinantes-006-quais-sao-nossos-projetos\/\"><strong>Mensagem 006<\/strong><\/a><\/li><li><a href=\"https:\/\/www.estrategiaconcursos.com.br\/blog\/mensagem-aos-assinantes-007-respondendo-perguntas-novos-professores\/\"><strong>Mensagem 007<\/strong><\/a><\/li><li><a href=\"https:\/\/www.estrategiaconcursos.com.br\/blog\/mensagem-aos-assinantes-008-o-dilema-mais-dificil-de-todos\/\"><strong>Mensagem 008<\/strong><\/a><\/li><li><a href=\"https:\/\/www.estrategiaconcursos.com.br\/blog\/mensagem-aos-assinantes-009-verdades-duras-sobre-os-trts-sonho-grande\/\"><strong>Mensagem 009<\/strong><\/a><\/li><li><a href=\"https:\/\/www.estrategiaconcursos.com.br\/blog\/mensagem-aos-assinantes-10-proxima-revisao-acelerada-programacao-de-simulados\/\"><strong>Mensagem 010<\/strong><\/a><\/li><\/ul>\n\n\n\n<h2 class=\"wp-block-heading\">Perspectivas de Concursos para 2020<\/h2>\n\n\n<figure class=\"wp-block-embed-youtube wp-block-embed is-type-video is-provider-youtube wp-embed-aspect-16-9 wp-has-aspect-ratio\"><div class=\"lyte-wrapper\" style=\"width:853px;max-width:100%;margin:5px;\"><div class=\"lyMe\" id=\"WYL_WaLX5miWjsc\"><div id=\"lyte_WaLX5miWjsc\" data-src=\"\/\/i.ytimg.com\/vi\/WaLX5miWjsc\/hqdefault.jpg\" class=\"pL\"><div class=\"tC\"><div class=\"tT\"><\/div><\/div><div class=\"play\"><\/div><div class=\"ctrl\"><div class=\"Lctrl\"><\/div><div class=\"Rctrl\"><\/div><\/div><\/div><noscript><a href=\"https:\/\/youtu.be\/WaLX5miWjsc\" rel=\"nofollow\"><img loading=\"lazy\" decoding=\"async\" src=\"https:\/\/i.ytimg.com\/vi\/WaLX5miWjsc\/0.jpg\" alt=\"YouTube video thumbnail\" width=\"853\" height=\"460\" \/><br \/>Assista a este v\u00eddeo no YouTube<\/a><\/noscript><\/div><\/div><div class=\"lL\" style=\"max-width:100%;width:853px;margin:5px;\"><\/div><figcaption>Transmiss\u00e3o Ao Vivo sobre o PLOA 2020<\/figcaption><\/figure>\n\n\n<p>N\u00e3o \u00e9 novidade pra ningu\u00e9m que os concursos do Poder Executivo federal <strong>est\u00e3o suspensos<\/strong>. Isso nos deixa todos bastante chateados, pois quer\u00edamos mesmo \u00e9 que sa\u00edssem os editais dos maiores concursos do Brasil: Receita Federal, INSS, Banco Central, CGU, dentre outros. <\/p>\n\n\n\n<p>Na \u00faltima sexta-feira, por\u00e9m, o Poder Executivo encaminhou ao Congresso Nacional o PLOA 2020. Isso nos deu alguma esperan\u00e7a de que os concursos do Poder Executivo federal possam retornar em 2020. <\/p>\n\n\n\n<p>No PLOA 2020, h\u00e1 previs\u00e3o de que ser\u00e3o <strong>providos 30.305 cargos <\/strong>no Poder Executivo federal. A maior parte desses cargos \u00e9 destinado a Universidades Federais (19.520 provimentos autorizados). <\/p>\n\n\n\n<p>Mas h\u00e1 autoriza\u00e7\u00e3o no PLOA 2020 para <strong>outros 6509 provimentos<\/strong>. \u00c9 esse o n\u00famero que mais interessa aos concurseiros em geral, pois aqui podem estar Receita Federal, INSS, BACEN, CGU, IBGE, IBAMA, STN, CVM, PF, PRF, dentre outros. <\/p>\n\n\n\n<p>Aproveito para deixar bem claro que o or\u00e7amento p\u00fablico \u00e9 apenas <strong>autorizativo<\/strong>. Em outras palavras, n\u00e3o h\u00e1 nenhuma garantia de que esses concursos ir\u00e3o acontecer em 2020. Mas as esperan\u00e7as de todos n\u00f3s aumentaram&#8230;.<\/p>\n\n\n\n<p style=\"text-align:center\" class=\"has-medium-font-size\"><strong>SAIBA MAIS<\/strong>: <em><a href=\"https:\/\/www.estrategiaconcursos.com.br\/blog\/concursos-2020-ploa-e-encaminhado-ao-congresso-nacional-com-mais-de-32-000-vagas-autorizadas\/\">An\u00e1lise detalhada do PLOA 2020<\/a><\/em><\/p>\n\n\n\n<h2 class=\"wp-block-heading\">Devemos focar apenas em alunos avan\u00e7ados? <\/h2>\n\n\n\n<p>No Estrat\u00e9gia, temos um p\u00fablico muito <strong>heterog\u00eaneo<\/strong>. H\u00e1 alunos em diferentes momentos de sua prepara\u00e7\u00e3o: <strong>iniciantes, intermedi\u00e1rios e avan\u00e7ados<\/strong>. <\/p>\n\n\n\n<p>Alguns est\u00e3o apenas come\u00e7ando nos estudos e tiveram uma forma\u00e7\u00e3o escolar bem ruim. Outros j\u00e1 est\u00e3o praticamente prontos para serem aprovados. <\/p>\n\n\n\n<p>Em virtude dessa heterogeneidade do p\u00fablico, considero que minha fun\u00e7\u00e3o como Diretor Pedag\u00f3gico \u00e9 uma das mais complexas da empresa. Precisamos produzir conte\u00fado para <strong>alunos iniciantes<\/strong> (chegam novos alunos o tempo todo!), mas tamb\u00e9m produzir muito conte\u00fado para <strong>alunos avan\u00e7ados<\/strong>. <\/p>\n\n\n\n<p>Para os <strong>alunos avan\u00e7ados<\/strong>, temos desenvolvido in\u00fameros produtos: Simulados In\u00e9ditos, Passo Estrat\u00e9gico, Revis\u00e3o Acelerada, dentre outros. Eu diria, ali\u00e1s, que fazer isso \u00e9 o que mais gostamos. <\/p>\n\n\n\n<p>Alguns alunos me deram, ainda, a ideia de criarmos as &#8220;<strong>Rodadas Avan\u00e7adas de Simulados<\/strong>&#8220;. Ser\u00e1 o nosso pr\u00f3ximo projeto. Ser\u00e3o Simulados <strong>PROIBIDOS<\/strong> para alunos iniciantes e intermedi\u00e1rios, sob pena de ficarem traumatizados! :) Voc\u00eas v\u00e3o ver!<\/p>\n\n\n\n<p>Esta semana, por\u00e9m, \u00e9 especialmente dedicada \u00e0queles alunos que t\u00eam dificuldade&#8230; Sabemos que muitos n\u00e3o tiveram uma forma\u00e7\u00e3o escolar adequada e, em virtude disso, precisam de ajuda para dar os primeiros passos em disciplinas b\u00e1sicas, como Portugu\u00eas e Matem\u00e1tica.<\/p>\n\n\n\n<p>Se voc\u00ea \u00e9 um <strong>aluno iniciante<\/strong>, acompanhe as aulas que ir\u00e3o acontecer essa semana. Veja a programa\u00e7\u00e3o:<\/p>\n\n\n\n<ul class=\"wp-block-list\"><li><strong>Segunda-feira 02\/09 (14:00)<\/strong> &#8211; Portugu\u00eas &#8211; Prof\u00aa Adriana Figueiredo<\/li><li><strong>Segunda-feira 02\/09 (19:00) <\/strong>&#8211; Matem\u00e1tica &#8211; Prof. Brunno Lima<\/li><li><strong>Ter\u00e7a-feira 03\/09 (14:00)<\/strong> &#8211; Portugu\u00eas &#8211; Prof\u00aa Adriana Figueiredo<\/li><li><strong>Ter\u00e7a-feira 03\/09 (19:00)<\/strong> &#8211; Matem\u00e1tica &#8211; Prof. Brunno Lima<\/li><li><strong>Quarta-feira 04\/09 (19:00) <\/strong>&#8211; Atualidades &#8211; Prof. Rodolfo Gracioli<\/li><li><strong>Quinta-feira 05\/09 (08:30)<\/strong> &#8211; Portugu\u00eas + Matem\u00e1tica &#8211; Prof\u00aa Adriana Figueiredo e Prof. Brunno Lima<\/li><li><strong>Sexta-feira 06\/09 (14:00) <\/strong>&#8211; Matem\u00e1tica &#8211; Prof. Brunno Lima<\/li><li><strong>Sexta-feira 06\/09 (19:00) <\/strong>&#8211; Introdu\u00e7\u00e3o ao Estudo do Direito &#8211; Prof. Paulo Sousa<\/li><\/ul>\n\n\n\n<h2 class=\"wp-block-heading\">Resposta aos Assinantes<\/h2>\n\n\n\n<div class=\"wp-block-image\"><figure class=\"aligncenter is-resized\"><img loading=\"lazy\" decoding=\"async\" src=\"https:\/\/dhg1h5j42swfq.cloudfront.net\/2019\/09\/02000156\/Captura-de-Tela-2019-09-01-a%CC%80s-23.55.49.png\" alt=\"\" class=\"wp-image-415079\" width=\"419\" height=\"417\" srcset=\"https:\/\/dhg1h5j42swfq.cloudfront.net\/2019\/09\/02000156\/Captura-de-Tela-2019-09-01-a%CC%80s-23.55.49.png 1204w, https:\/\/dhg1h5j42swfq.cloudfront.net\/2019\/09\/02000156\/Captura-de-Tela-2019-09-01-a%CC%80s-23.55.49.png 150w, https:\/\/dhg1h5j42swfq.cloudfront.net\/2019\/09\/02000156\/Captura-de-Tela-2019-09-01-a%CC%80s-23.55.49.png 300w, https:\/\/dhg1h5j42swfq.cloudfront.net\/2019\/09\/02000156\/Captura-de-Tela-2019-09-01-a%CC%80s-23.55.49.png 768w, https:\/\/dhg1h5j42swfq.cloudfront.net\/2019\/09\/02000156\/Captura-de-Tela-2019-09-01-a%CC%80s-23.55.49.png 1024w, https:\/\/dhg1h5j42swfq.cloudfront.net\/2019\/09\/02000156\/Captura-de-Tela-2019-09-01-a%CC%80s-23.55.49.png 610w\" sizes=\"auto, (max-width: 419px) 100vw, 419px\" \/><\/figure><\/div>\n\n\n\n<p>Como j\u00e1 \u00e9 nosso costume, vamos responder algumas perguntas\/d\u00favidas de nossos assinantes. Vejamos!<\/p>\n\n\n\n<p>O <strong>Karlos <\/strong>elogiou os v\u00eddeos das trajet\u00f3rias de professores e aprovados e pediu que fa\u00e7amos mais!<\/p>\n\n\n\n<div class=\"wp-block-image\"><figure class=\"aligncenter is-resized\"><img loading=\"lazy\" decoding=\"async\" src=\"https:\/\/dhg1h5j42swfq.cloudfront.net\/2019\/09\/01233434\/Captura-de-Tela-2019-09-01-a%CC%80s-23.33.39.png\" alt=\"\" class=\"wp-image-415071\" width=\"808\" height=\"119\" srcset=\"https:\/\/dhg1h5j42swfq.cloudfront.net\/2019\/09\/01233434\/Captura-de-Tela-2019-09-01-a%CC%80s-23.33.39.png 1562w, https:\/\/dhg1h5j42swfq.cloudfront.net\/2019\/09\/01233434\/Captura-de-Tela-2019-09-01-a%CC%80s-23.33.39.png 300w, https:\/\/dhg1h5j42swfq.cloudfront.net\/2019\/09\/01233434\/Captura-de-Tela-2019-09-01-a%CC%80s-23.33.39.png 768w, https:\/\/dhg1h5j42swfq.cloudfront.net\/2019\/09\/01233434\/Captura-de-Tela-2019-09-01-a%CC%80s-23.33.39.png 1024w, https:\/\/dhg1h5j42swfq.cloudfront.net\/2019\/09\/01233434\/Captura-de-Tela-2019-09-01-a%CC%80s-23.33.39.png 610w\" sizes=\"auto, (max-width: 808px) 100vw, 808px\" \/><\/figure><\/div>\n\n\n\n<p><strong>Resposta<\/strong>: Oi, Karlos! Fico muito feliz que voc\u00ea goste dos v\u00eddeos com as trajet\u00f3rias dos professores. Nosso objetivo \u00e9 produzir v\u00eddeos de hist\u00f3rias com outros professores e alunos. Pode deixar conosco. A Renata e a Tha\u00eds, nossas jornalistas, est\u00e3o super focadas nisso!! <\/p>\n\n\n\n<p>&#8230;.<\/p>\n\n\n\n<p>A <strong>Gabriela <\/strong>perguntou sobre os Simulados TJ\/RS!<\/p>\n\n\n\n<figure class=\"wp-block-image is-resized\"><img loading=\"lazy\" decoding=\"async\" src=\"https:\/\/dhg1h5j42swfq.cloudfront.net\/2019\/09\/01233737\/Captura-de-Tela-2019-09-01-a%CC%80s-23.37.26.png\" alt=\"\" class=\"wp-image-415072\" width=\"853\" height=\"65\" srcset=\"https:\/\/dhg1h5j42swfq.cloudfront.net\/2019\/09\/01233737\/Captura-de-Tela-2019-09-01-a%CC%80s-23.37.26.png 1582w, https:\/\/dhg1h5j42swfq.cloudfront.net\/2019\/09\/01233737\/Captura-de-Tela-2019-09-01-a%CC%80s-23.37.26.png 300w, https:\/\/dhg1h5j42swfq.cloudfront.net\/2019\/09\/01233737\/Captura-de-Tela-2019-09-01-a%CC%80s-23.37.26.png 768w, https:\/\/dhg1h5j42swfq.cloudfront.net\/2019\/09\/01233737\/Captura-de-Tela-2019-09-01-a%CC%80s-23.37.26.png 1024w, https:\/\/dhg1h5j42swfq.cloudfront.net\/2019\/09\/01233737\/Captura-de-Tela-2019-09-01-a%CC%80s-23.37.26.png 610w\" sizes=\"auto, (max-width: 853px) 100vw, 853px\" \/><\/figure>\n\n\n\n<p><strong>Resposta<\/strong>: Os alunos t\u00eam gostado muito dos nossos Simulados com quest\u00f5es in\u00e9ditas. Ap\u00f3s a publica\u00e7\u00e3o do edital do TJ\/RS, certamente faremos v\u00e1rios Simulados. Estamos aguardando o edital para deixar esses Simulados compat\u00edveis com o novo conte\u00fado program\u00e1tico.<strong> OBSERVA\u00c7\u00c3O<\/strong>: Todos os concursos mais relevantes ter\u00e3o Simulados in\u00e9ditos. Entendemos que isso \u00e9 algo fundamental para nossos alunos mais avan\u00e7ados. <\/p>\n\n\n\n<p>&#8230;.<\/p>\n\n\n\n<p>A <strong>Ana Carolina<\/strong> fez algumas sugest\u00f5es e trouxe d\u00favidas sobre a &#8220;Revis\u00e3o Acelerada TRF 3&#8221;. <\/p>\n\n\n\n<div class=\"wp-block-image\"><figure class=\"aligncenter is-resized\"><img loading=\"lazy\" decoding=\"async\" src=\"https:\/\/dhg1h5j42swfq.cloudfront.net\/2019\/09\/01233915\/Captura-de-Tela-2019-09-01-a%CC%80s-23.39.02.png\" alt=\"\" class=\"wp-image-415073\" width=\"804\" height=\"238\" srcset=\"https:\/\/dhg1h5j42swfq.cloudfront.net\/2019\/09\/01233915\/Captura-de-Tela-2019-09-01-a%CC%80s-23.39.02.png 300w, https:\/\/dhg1h5j42swfq.cloudfront.net\/2019\/09\/01233915\/Captura-de-Tela-2019-09-01-a%CC%80s-23.39.02.png 768w\" sizes=\"auto, (max-width: 804px) 100vw, 804px\" \/><\/figure><\/div>\n\n\n\n<p><strong>Resposta<\/strong>: Oi, Ana! Muito obrigado pelos elogios \u00e0 ideia das &#8220;mensagens aos assinantes&#8221;. De fato, a renova\u00e7\u00e3o da assinatura ser\u00e1 pelo mesmo pre\u00e7o que voc\u00ea pagou inicialmente. Ent\u00e3o, pode ficar tranquila! <strong>Sobre o APP<\/strong> do Estrat\u00e9gia, traremos novidades muito em breve. Sobre a &#8220;<strong>Revis\u00e3o Acelerada TRF3&#8243;<\/strong>, ela \u00e9 um <strong>curso<\/strong> dentro do Pacote do TRF3. <\/p>\n\n\n\n<p>&#8230;<\/p>\n\n\n\n<p>A <strong>Mila<\/strong> e o <strong>Igor<\/strong> est\u00e3o pedindo Revis\u00f5es Aceleradas para outros concursos. <\/p>\n\n\n\n<div class=\"wp-block-image\"><figure class=\"aligncenter is-resized\"><img loading=\"lazy\" decoding=\"async\" src=\"https:\/\/dhg1h5j42swfq.cloudfront.net\/2019\/09\/01234330\/Captura-de-Tela-2019-09-01-a%CC%80s-23.43.20.png\" alt=\"\" class=\"wp-image-415075\" width=\"788\" height=\"123\" srcset=\"https:\/\/dhg1h5j42swfq.cloudfront.net\/2019\/09\/01234330\/Captura-de-Tela-2019-09-01-a%CC%80s-23.43.20.png 300w, https:\/\/dhg1h5j42swfq.cloudfront.net\/2019\/09\/01234330\/Captura-de-Tela-2019-09-01-a%CC%80s-23.43.20.png 768w, https:\/\/dhg1h5j42swfq.cloudfront.net\/2019\/09\/01234330\/Captura-de-Tela-2019-09-01-a%CC%80s-23.43.20.png 610w\" sizes=\"auto, (max-width: 788px) 100vw, 788px\" \/><\/figure><\/div>\n\n\n\n<p><strong>Resposta<\/strong>: J\u00e1 estamos programando a Revis\u00e3o Acelerada PCDF. Sobre a Revis\u00e3o Acelerada ISS Uberl\u00e2ndia, \u00e9 uma boa ideia. Vou analisar a viabilidade de fazermos.<\/p>\n\n\n\n<p>&#8230;<\/p>\n\n\n\n<p>O <strong>Rodrigo<\/strong> fez um elogio \u00e0 did\u00e1tica do Prof. Marcondes Fortaleza (Contabilidade) e uma cr\u00edtica \u00e0 demora na disponibiliza\u00e7\u00e3o das aulas.<\/p>\n\n\n\n<figure class=\"wp-block-image is-resized\"><img loading=\"lazy\" decoding=\"async\" src=\"https:\/\/dhg1h5j42swfq.cloudfront.net\/2019\/09\/01234545\/Captura-de-Tela-2019-09-01-a%CC%80s-23.45.28.png\" alt=\"\" class=\"wp-image-415076\" width=\"809\" height=\"138\" srcset=\"https:\/\/dhg1h5j42swfq.cloudfront.net\/2019\/09\/01234545\/Captura-de-Tela-2019-09-01-a%CC%80s-23.45.28.png 1580w, https:\/\/dhg1h5j42swfq.cloudfront.net\/2019\/09\/01234545\/Captura-de-Tela-2019-09-01-a%CC%80s-23.45.28.png 300w, https:\/\/dhg1h5j42swfq.cloudfront.net\/2019\/09\/01234545\/Captura-de-Tela-2019-09-01-a%CC%80s-23.45.28.png 768w, https:\/\/dhg1h5j42swfq.cloudfront.net\/2019\/09\/01234545\/Captura-de-Tela-2019-09-01-a%CC%80s-23.45.28.png 1024w, https:\/\/dhg1h5j42swfq.cloudfront.net\/2019\/09\/01234545\/Captura-de-Tela-2019-09-01-a%CC%80s-23.45.28.png 610w\" sizes=\"auto, (max-width: 809px) 100vw, 809px\" \/><\/figure>\n\n\n\n<p><strong>Resposta:<\/strong> Oi, Rodrigo! Tudo joia? Muito obrigado pelo feedback! O Marcondes \u00e9 mesmo imbat\u00edvel. Reconhe\u00e7o que tivemos alguns problemas e atrasamos a libera\u00e7\u00e3o das aulas. J\u00e1 ajustamos nossos processos internos e isso n\u00e3o vai mais se repetir. Vamos liberar as aulas na plataforma com cada vez maior rapidez. A meta ser\u00e1 liberar dentro de 24h. Vamos chegar l\u00e1! <\/p>\n\n\n\n<p>&#8230;<\/p>\n\n\n\n<h2 class=\"wp-block-heading\">Mensagem da Semana<\/h2>\n\n\n\n<div class=\"wp-block-image\"><figure class=\"aligncenter is-resized\"><img loading=\"lazy\" decoding=\"async\" src=\"https:\/\/dhg1h5j42swfq.cloudfront.net\/2019\/09\/01235435\/Captura-de-Tela-2019-09-01-a%CC%80s-23.54.17.png\" alt=\"\" class=\"wp-image-415077\" width=\"385\" height=\"329\" srcset=\"https:\/\/dhg1h5j42swfq.cloudfront.net\/2019\/09\/01235435\/Captura-de-Tela-2019-09-01-a%CC%80s-23.54.17.png 1164w, https:\/\/dhg1h5j42swfq.cloudfront.net\/2019\/09\/01235435\/Captura-de-Tela-2019-09-01-a%CC%80s-23.54.17.png 300w, https:\/\/dhg1h5j42swfq.cloudfront.net\/2019\/09\/01235435\/Captura-de-Tela-2019-09-01-a%CC%80s-23.54.17.png 768w, https:\/\/dhg1h5j42swfq.cloudfront.net\/2019\/09\/01235435\/Captura-de-Tela-2019-09-01-a%CC%80s-23.54.17.png 1024w, https:\/\/dhg1h5j42swfq.cloudfront.net\/2019\/09\/01235435\/Captura-de-Tela-2019-09-01-a%CC%80s-23.54.17.png 610w\" sizes=\"auto, (max-width: 385px) 100vw, 385px\" \/><\/figure><\/div>\n\n\n\n<p>Abra\u00e7os,<\/p>\n\n\n\n<p><strong>Ricardo Vale<\/strong><\/p>\n\n\n\n<p><strong>Instagram<\/strong>:&nbsp;<a href=\"https:\/\/www.instagram.com\/profricardovale\/\">@profricardovale<\/a><\/p>\n\n\n\n<p style=\"text-align:center\" class=\"has-medium-font-size\"><strong><em>Assinatura ilimitada*<\/em><\/strong><\/p>\n\n\n\n<p style=\"text-align:center\"><em>Prepare-se com o melhor material e com quem mais aprova em Concursos P\u00fablicos em todo o pa\u00eds. Assine agora a nossa Assinatura Anual e tenha acesso ilimitado* a todos os nossos cursos.<\/em><\/p>\n\n\n\n<p style=\"font-size:22px;text-align:center\" class=\"has-background has-luminous-vivid-amber-background-color\"><strong>ASSINE AGORA<\/strong>&nbsp;\u2013&nbsp;<a rel=\"noreferrer noopener\" href=\"https:\/\/www.estrategiaconcursos.com.br\/assinaturas\" target=\"_blank\"><strong>Assinatura Ilimitada<\/strong><\/a><\/p>\n\n\n\n<p style=\"font-size:23px;text-align:center\" class=\"has-background has-pale-cyan-blue-background-color\"><strong><a href=\"https:\/\/www.estrategiaconcursos.com.br\/blog\/concursos-abertos\/\">CONCURSOS ABERTOS<\/a><\/strong><\/p>\n\n\n\n<p style=\"font-size:23px;text-align:center\" class=\"has-background has-pale-cyan-blue-background-color\"><a href=\"https:\/\/www.estrategiaconcursos.com.br\/blog\/concursos-2019\/\"><strong>CONCURSOS 2019<\/strong><\/a><\/p>\n\n\n\n<p style=\"font-size:23px;text-align:center\" class=\"has-background has-pale-cyan-blue-background-color\"><a href=\"https:\/\/www.estrategiaconcursos.com.br\/blog\/concursos-2020\/\"><strong>CONCURSOS<\/strong><\/a><strong><a href=\"https:\/\/www.estrategiaconcursos.com.br\/blog\/concursos-2020\/\">&nbsp;2020<\/a><\/strong><\/p>\n","protected":false},"excerpt":{"rendered":"<p>Ol\u00e1, pessoal! Tudo bem? Aqui \u00e9 o Ricardo Vale, professor e Diretor Pedag\u00f3gico do Estrat\u00e9gia Concursos. Mais uma semana est\u00e1 se iniciando e estamos aqui com uma nova mensagem aos assinantes. As mensagens anteriores est\u00e3o no link abaixo: Mensagem 001 Mensagem 002 Mensagem 003 Mensagem 004 Mensagem 005 Mensagem 006 Mensagem 007 Mensagem 008 Mensagem [&hellip;]<\/p>\n","protected":false},"author":26,"featured_media":0,"comment_status":"open","ping_status":"closed","sticky":false,"template":"","format":"standard","meta":{"post_tipo":"article","footnotes":""},"categories":[1],"tags":[],"tax_estado":[],"class_list":["post-415035","post","type-post","status-publish","format-standard","hentry","category-cursos-e-concursos"],"acf":[],"yoast_head":"<!-- This site is optimized with the Yoast SEO Premium plugin v27.2 (Yoast SEO v27.2) - https:\/\/yoast.com\/product\/yoast-seo-premium-wordpress\/ -->\n<title>Mensagem aos Assinantes 11: devemos focar apenas em alunos avan\u00e7ados?<\/title>\n<meta name=\"robots\" content=\"index, follow, max-snippet:-1, max-image-preview:large, max-video-preview:-1\" \/>\n<link rel=\"canonical\" href=\"https:\/\/www.estrategiaconcursos.com.br\/blog\/mensagem-aos-assinantes-11-devemos-focar-apenas-em-alunos-avancados\/\" \/>\n<meta property=\"og:locale\" content=\"pt_BR\" \/>\n<meta property=\"og:type\" content=\"article\" \/>\n<meta property=\"og:title\" content=\"Mensagem aos Assinantes 11: devemos focar apenas em alunos avan\u00e7ados?\" \/>\n<meta property=\"og:description\" content=\"Ol\u00e1, pessoal! Tudo bem? Aqui \u00e9 o Ricardo Vale, professor e Diretor Pedag\u00f3gico do Estrat\u00e9gia Concursos. Mais uma semana est\u00e1 se iniciando e estamos aqui com uma nova mensagem aos assinantes. As mensagens anteriores est\u00e3o no link abaixo: Mensagem 001 Mensagem 002 Mensagem 003 Mensagem 004 Mensagem 005 Mensagem 006 Mensagem 007 Mensagem 008 Mensagem [&hellip;]\" \/>\n<meta property=\"og:url\" content=\"https:\/\/www.estrategiaconcursos.com.br\/blog\/mensagem-aos-assinantes-11-devemos-focar-apenas-em-alunos-avancados\/\" \/>\n<meta property=\"og:site_name\" content=\"Estrat\u00e9gia Concursos\" \/>\n<meta property=\"article:author\" content=\"https:\/\/www.facebook.com\/rvale01\" \/>\n<meta property=\"article:published_time\" content=\"2019-09-02T03:02:29+00:00\" \/>\n<meta property=\"article:modified_time\" content=\"2019-09-09T21:27:49+00:00\" \/>\n<meta name=\"author\" content=\"Ricardo Vale\" \/>\n<meta name=\"twitter:card\" content=\"summary_large_image\" \/>\n<meta name=\"twitter:creator\" content=\"@https:\/\/twitter.com\/EstratConcursos\" \/>\n<meta name=\"twitter:site\" content=\"@EstratConcursos\" \/>\n<meta name=\"twitter:label1\" content=\"Escrito por\" \/>\n\t<meta name=\"twitter:data1\" content=\"Ricardo Vale\" \/>\n\t<meta name=\"twitter:label2\" content=\"Est. tempo de leitura\" \/>\n\t<meta name=\"twitter:data2\" content=\"5 minutos\" \/>\n<script type=\"application\/ld+json\" class=\"yoast-schema-graph\">{\"@context\":\"https:\/\/schema.org\",\"@graph\":[{\"@type\":\"NewsArticle\",\"@id\":\"https:\/\/www.estrategiaconcursos.com.br\/blog\/mensagem-aos-assinantes-11-devemos-focar-apenas-em-alunos-avancados\/#article\",\"isPartOf\":{\"@id\":\"https:\/\/www.estrategiaconcursos.com.br\/blog\/mensagem-aos-assinantes-11-devemos-focar-apenas-em-alunos-avancados\/\"},\"author\":{\"name\":\"Ricardo Vale\",\"@id\":\"https:\/\/www.estrategiaconcursos.com.br\/blog\/#\/schema\/person\/c32e47dba2159cafe7796a9569a6ff7e\"},\"headline\":\"Mensagem aos Assinantes 11: devemos focar apenas em alunos avan\u00e7ados?\",\"datePublished\":\"2019-09-02T03:02:29+00:00\",\"dateModified\":\"2019-09-09T21:27:49+00:00\",\"mainEntityOfPage\":{\"@id\":\"https:\/\/www.estrategiaconcursos.com.br\/blog\/mensagem-aos-assinantes-11-devemos-focar-apenas-em-alunos-avancados\/\"},\"wordCount\":992,\"commentCount\":33,\"publisher\":{\"@id\":\"https:\/\/www.estrategiaconcursos.com.br\/blog\/#organization\"},\"articleSection\":[\"Concursos P\u00fablicos\"],\"inLanguage\":\"pt-BR\",\"potentialAction\":[{\"@type\":\"CommentAction\",\"name\":\"Comment\",\"target\":[\"https:\/\/www.estrategiaconcursos.com.br\/blog\/mensagem-aos-assinantes-11-devemos-focar-apenas-em-alunos-avancados\/#respond\"]}],\"copyrightYear\":\"2019\",\"copyrightHolder\":{\"@id\":\"https:\/\/www.estrategiaconcursos.com.br\/blog\/#organization\"}},{\"@type\":\"WebPage\",\"@id\":\"https:\/\/www.estrategiaconcursos.com.br\/blog\/mensagem-aos-assinantes-11-devemos-focar-apenas-em-alunos-avancados\/\",\"url\":\"https:\/\/www.estrategiaconcursos.com.br\/blog\/mensagem-aos-assinantes-11-devemos-focar-apenas-em-alunos-avancados\/\",\"name\":\"Mensagem aos Assinantes 11: devemos focar apenas em alunos avan\u00e7ados?\",\"isPartOf\":{\"@id\":\"https:\/\/www.estrategiaconcursos.com.br\/blog\/#website\"},\"datePublished\":\"2019-09-02T03:02:29+00:00\",\"dateModified\":\"2019-09-09T21:27:49+00:00\",\"breadcrumb\":{\"@id\":\"https:\/\/www.estrategiaconcursos.com.br\/blog\/mensagem-aos-assinantes-11-devemos-focar-apenas-em-alunos-avancados\/#breadcrumb\"},\"inLanguage\":\"pt-BR\",\"potentialAction\":[{\"@type\":\"ReadAction\",\"target\":[\"https:\/\/www.estrategiaconcursos.com.br\/blog\/mensagem-aos-assinantes-11-devemos-focar-apenas-em-alunos-avancados\/\"]}]},{\"@type\":\"BreadcrumbList\",\"@id\":\"https:\/\/www.estrategiaconcursos.com.br\/blog\/mensagem-aos-assinantes-11-devemos-focar-apenas-em-alunos-avancados\/#breadcrumb\",\"itemListElement\":[{\"@type\":\"ListItem\",\"position\":1,\"name\":\"In\u00edcio\",\"item\":\"https:\/\/www.estrategiaconcursos.com.br\/blog\/\"},{\"@type\":\"ListItem\",\"position\":2,\"name\":\"Mensagem aos Assinantes 11: devemos focar apenas em alunos avan\u00e7ados?\"}]},{\"@type\":\"WebSite\",\"@id\":\"https:\/\/www.estrategiaconcursos.com.br\/blog\/#website\",\"url\":\"https:\/\/www.estrategiaconcursos.com.br\/blog\/\",\"name\":\"Estrat\u00e9gia Concursos\",\"description\":\"O blog da Estrat\u00e9gia Concursos traz not\u00edcias sobre concursos e artigos de professores oferecendo cursos para concursos (pdf + videaulas) no site.\",\"publisher\":{\"@id\":\"https:\/\/www.estrategiaconcursos.com.br\/blog\/#organization\"},\"potentialAction\":[{\"@type\":\"SearchAction\",\"target\":{\"@type\":\"EntryPoint\",\"urlTemplate\":\"https:\/\/www.estrategiaconcursos.com.br\/blog\/?s={search_term_string}\"},\"query-input\":{\"@type\":\"PropertyValueSpecification\",\"valueRequired\":true,\"valueName\":\"search_term_string\"}}],\"inLanguage\":\"pt-BR\"},{\"@type\":\"Organization\",\"@id\":\"https:\/\/www.estrategiaconcursos.com.br\/blog\/#organization\",\"name\":\"Estrat\u00e9gia Concursos\",\"url\":\"https:\/\/www.estrategiaconcursos.com.br\/blog\/\",\"logo\":{\"@type\":\"ImageObject\",\"inLanguage\":\"pt-BR\",\"@id\":\"https:\/\/www.estrategiaconcursos.com.br\/blog\/#\/schema\/logo\/image\/\",\"url\":\"https:\/\/dhg1h5j42swfq.cloudfront.net\/2025\/06\/03203428\/logo_concursos-1.jpg\",\"contentUrl\":\"https:\/\/dhg1h5j42swfq.cloudfront.net\/2025\/06\/03203428\/logo_concursos-1.jpg\",\"width\":230,\"height\":60,\"caption\":\"Estrat\u00e9gia Concursos\"},\"image\":{\"@id\":\"https:\/\/www.estrategiaconcursos.com.br\/blog\/#\/schema\/logo\/image\/\"},\"sameAs\":[\"https:\/\/x.com\/EstratConcursos\"]},{\"@type\":\"Person\",\"@id\":\"https:\/\/www.estrategiaconcursos.com.br\/blog\/#\/schema\/person\/c32e47dba2159cafe7796a9569a6ff7e\",\"name\":\"Ricardo Vale\",\"image\":{\"@type\":\"ImageObject\",\"inLanguage\":\"pt-BR\",\"@id\":\"https:\/\/secure.gravatar.com\/avatar\/e5a5658c798bb49dd53314263f59f38c192d73370fb65839a372c2ae9027be74?s=96&d=mm&r=g\",\"url\":\"https:\/\/secure.gravatar.com\/avatar\/e5a5658c798bb49dd53314263f59f38c192d73370fb65839a372c2ae9027be74?s=96&d=mm&r=g\",\"contentUrl\":\"https:\/\/secure.gravatar.com\/avatar\/e5a5658c798bb49dd53314263f59f38c192d73370fb65839a372c2ae9027be74?s=96&d=mm&r=g\",\"caption\":\"Ricardo Vale\"},\"sameAs\":[\"https:\/\/www.facebook.com\/rvale01\",\"https:\/\/x.com\/https:\/\/twitter.com\/EstratConcursos\"],\"url\":\"https:\/\/www.estrategiaconcursos.com.br\/blog\/author\/ricardovaleestrategiaconcursos-com-br\/\"}]}<\/script>\n<!-- \/ Yoast SEO Premium plugin. -->","yoast_head_json":{"title":"Mensagem aos Assinantes 11: devemos focar apenas em alunos avan\u00e7ados?","robots":{"index":"index","follow":"follow","max-snippet":"max-snippet:-1","max-image-preview":"max-image-preview:large","max-video-preview":"max-video-preview:-1"},"canonical":"https:\/\/www.estrategiaconcursos.com.br\/blog\/mensagem-aos-assinantes-11-devemos-focar-apenas-em-alunos-avancados\/","og_locale":"pt_BR","og_type":"article","og_title":"Mensagem aos Assinantes 11: devemos focar apenas em alunos avan\u00e7ados?","og_description":"Ol\u00e1, pessoal! Tudo bem? Aqui \u00e9 o Ricardo Vale, professor e Diretor Pedag\u00f3gico do Estrat\u00e9gia Concursos. Mais uma semana est\u00e1 se iniciando e estamos aqui com uma nova mensagem aos assinantes. As mensagens anteriores est\u00e3o no link abaixo: Mensagem 001 Mensagem 002 Mensagem 003 Mensagem 004 Mensagem 005 Mensagem 006 Mensagem 007 Mensagem 008 Mensagem [&hellip;]","og_url":"https:\/\/www.estrategiaconcursos.com.br\/blog\/mensagem-aos-assinantes-11-devemos-focar-apenas-em-alunos-avancados\/","og_site_name":"Estrat\u00e9gia Concursos","article_author":"https:\/\/www.facebook.com\/rvale01","article_published_time":"2019-09-02T03:02:29+00:00","article_modified_time":"2019-09-09T21:27:49+00:00","author":"Ricardo Vale","twitter_card":"summary_large_image","twitter_creator":"@https:\/\/twitter.com\/EstratConcursos","twitter_site":"@EstratConcursos","twitter_misc":{"Escrito por":"Ricardo Vale","Est. tempo de leitura":"5 minutos"},"schema":{"@context":"https:\/\/schema.org","@graph":[{"@type":"NewsArticle","@id":"https:\/\/www.estrategiaconcursos.com.br\/blog\/mensagem-aos-assinantes-11-devemos-focar-apenas-em-alunos-avancados\/#article","isPartOf":{"@id":"https:\/\/www.estrategiaconcursos.com.br\/blog\/mensagem-aos-assinantes-11-devemos-focar-apenas-em-alunos-avancados\/"},"author":{"name":"Ricardo Vale","@id":"https:\/\/www.estrategiaconcursos.com.br\/blog\/#\/schema\/person\/c32e47dba2159cafe7796a9569a6ff7e"},"headline":"Mensagem aos Assinantes 11: devemos focar apenas em alunos avan\u00e7ados?","datePublished":"2019-09-02T03:02:29+00:00","dateModified":"2019-09-09T21:27:49+00:00","mainEntityOfPage":{"@id":"https:\/\/www.estrategiaconcursos.com.br\/blog\/mensagem-aos-assinantes-11-devemos-focar-apenas-em-alunos-avancados\/"},"wordCount":992,"commentCount":33,"publisher":{"@id":"https:\/\/www.estrategiaconcursos.com.br\/blog\/#organization"},"articleSection":["Concursos P\u00fablicos"],"inLanguage":"pt-BR","potentialAction":[{"@type":"CommentAction","name":"Comment","target":["https:\/\/www.estrategiaconcursos.com.br\/blog\/mensagem-aos-assinantes-11-devemos-focar-apenas-em-alunos-avancados\/#respond"]}],"copyrightYear":"2019","copyrightHolder":{"@id":"https:\/\/www.estrategiaconcursos.com.br\/blog\/#organization"}},{"@type":"WebPage","@id":"https:\/\/www.estrategiaconcursos.com.br\/blog\/mensagem-aos-assinantes-11-devemos-focar-apenas-em-alunos-avancados\/","url":"https:\/\/www.estrategiaconcursos.com.br\/blog\/mensagem-aos-assinantes-11-devemos-focar-apenas-em-alunos-avancados\/","name":"Mensagem aos Assinantes 11: devemos focar apenas em alunos avan\u00e7ados?","isPartOf":{"@id":"https:\/\/www.estrategiaconcursos.com.br\/blog\/#website"},"datePublished":"2019-09-02T03:02:29+00:00","dateModified":"2019-09-09T21:27:49+00:00","breadcrumb":{"@id":"https:\/\/www.estrategiaconcursos.com.br\/blog\/mensagem-aos-assinantes-11-devemos-focar-apenas-em-alunos-avancados\/#breadcrumb"},"inLanguage":"pt-BR","potentialAction":[{"@type":"ReadAction","target":["https:\/\/www.estrategiaconcursos.com.br\/blog\/mensagem-aos-assinantes-11-devemos-focar-apenas-em-alunos-avancados\/"]}]},{"@type":"BreadcrumbList","@id":"https:\/\/www.estrategiaconcursos.com.br\/blog\/mensagem-aos-assinantes-11-devemos-focar-apenas-em-alunos-avancados\/#breadcrumb","itemListElement":[{"@type":"ListItem","position":1,"name":"In\u00edcio","item":"https:\/\/www.estrategiaconcursos.com.br\/blog\/"},{"@type":"ListItem","position":2,"name":"Mensagem aos Assinantes 11: devemos focar apenas em alunos avan\u00e7ados?"}]},{"@type":"WebSite","@id":"https:\/\/www.estrategiaconcursos.com.br\/blog\/#website","url":"https:\/\/www.estrategiaconcursos.com.br\/blog\/","name":"Estrat\u00e9gia Concursos","description":"O blog da Estrat\u00e9gia Concursos traz not\u00edcias sobre concursos e artigos de professores oferecendo cursos para concursos (pdf + videaulas) no site.","publisher":{"@id":"https:\/\/www.estrategiaconcursos.com.br\/blog\/#organization"},"potentialAction":[{"@type":"SearchAction","target":{"@type":"EntryPoint","urlTemplate":"https:\/\/www.estrategiaconcursos.com.br\/blog\/?s={search_term_string}"},"query-input":{"@type":"PropertyValueSpecification","valueRequired":true,"valueName":"search_term_string"}}],"inLanguage":"pt-BR"},{"@type":"Organization","@id":"https:\/\/www.estrategiaconcursos.com.br\/blog\/#organization","name":"Estrat\u00e9gia Concursos","url":"https:\/\/www.estrategiaconcursos.com.br\/blog\/","logo":{"@type":"ImageObject","inLanguage":"pt-BR","@id":"https:\/\/www.estrategiaconcursos.com.br\/blog\/#\/schema\/logo\/image\/","url":"https:\/\/dhg1h5j42swfq.cloudfront.net\/2025\/06\/03203428\/logo_concursos-1.jpg","contentUrl":"https:\/\/dhg1h5j42swfq.cloudfront.net\/2025\/06\/03203428\/logo_concursos-1.jpg","width":230,"height":60,"caption":"Estrat\u00e9gia Concursos"},"image":{"@id":"https:\/\/www.estrategiaconcursos.com.br\/blog\/#\/schema\/logo\/image\/"},"sameAs":["https:\/\/x.com\/EstratConcursos"]},{"@type":"Person","@id":"https:\/\/www.estrategiaconcursos.com.br\/blog\/#\/schema\/person\/c32e47dba2159cafe7796a9569a6ff7e","name":"Ricardo Vale","image":{"@type":"ImageObject","inLanguage":"pt-BR","@id":"https:\/\/secure.gravatar.com\/avatar\/e5a5658c798bb49dd53314263f59f38c192d73370fb65839a372c2ae9027be74?s=96&d=mm&r=g","url":"https:\/\/secure.gravatar.com\/avatar\/e5a5658c798bb49dd53314263f59f38c192d73370fb65839a372c2ae9027be74?s=96&d=mm&r=g","contentUrl":"https:\/\/secure.gravatar.com\/avatar\/e5a5658c798bb49dd53314263f59f38c192d73370fb65839a372c2ae9027be74?s=96&d=mm&r=g","caption":"Ricardo Vale"},"sameAs":["https:\/\/www.facebook.com\/rvale01","https:\/\/x.com\/https:\/\/twitter.com\/EstratConcursos"],"url":"https:\/\/www.estrategiaconcursos.com.br\/blog\/author\/ricardovaleestrategiaconcursos-com-br\/"}]}},"_links":{"self":[{"href":"https:\/\/www.estrategiaconcursos.com.br\/blog\/wp-json\/wp\/v2\/posts\/415035","targetHints":{"allow":["GET"]}}],"collection":[{"href":"https:\/\/www.estrategiaconcursos.com.br\/blog\/wp-json\/wp\/v2\/posts"}],"about":[{"href":"https:\/\/www.estrategiaconcursos.com.br\/blog\/wp-json\/wp\/v2\/types\/post"}],"author":[{"embeddable":true,"href":"https:\/\/www.estrategiaconcursos.com.br\/blog\/wp-json\/wp\/v2\/users\/26"}],"replies":[{"embeddable":true,"href":"https:\/\/www.estrategiaconcursos.com.br\/blog\/wp-json\/wp\/v2\/comments?post=415035"}],"version-history":[{"count":7,"href":"https:\/\/www.estrategiaconcursos.com.br\/blog\/wp-json\/wp\/v2\/posts\/415035\/revisions"}],"predecessor-version":[{"id":415084,"href":"https:\/\/www.estrategiaconcursos.com.br\/blog\/wp-json\/wp\/v2\/posts\/415035\/revisions\/415084"}],"wp:attachment":[{"href":"https:\/\/www.estrategiaconcursos.com.br\/blog\/wp-json\/wp\/v2\/media?parent=415035"}],"wp:term":[{"taxonomy":"category","embeddable":true,"href":"https:\/\/www.estrategiaconcursos.com.br\/blog\/wp-json\/wp\/v2\/categories?post=415035"},{"taxonomy":"post_tag","embeddable":true,"href":"https:\/\/www.estrategiaconcursos.com.br\/blog\/wp-json\/wp\/v2\/tags?post=415035"},{"taxonomy":"tax_estado","embeddable":true,"href":"https:\/\/www.estrategiaconcursos.com.br\/blog\/wp-json\/wp\/v2\/tax_estado?post=415035"}],"curies":[{"name":"wp","href":"https:\/\/api.w.org\/{rel}","templated":true}]}}