{"id":415024,"date":"2019-09-01T16:22:55","date_gmt":"2019-09-01T19:22:55","guid":{"rendered":"https:\/\/www.estrategiaconcursos.com.br\/blog\/?p=415024"},"modified":"2022-09-08T16:28:30","modified_gmt":"2022-09-08T19:28:30","slug":"voce-quer-tirar-nota-10-na-redacao-da-fcc-veja-os-resultados-de-nossos-alunos-no-concurso-do-detran-sp","status":"publish","type":"post","link":"https:\/\/www.estrategiaconcursos.com.br\/blog\/voce-quer-tirar-nota-10-na-redacao-da-fcc-veja-os-resultados-de-nossos-alunos-no-concurso-do-detran-sp\/","title":{"rendered":"Voc\u00ea quer tirar nota 10 na reda\u00e7\u00e3o da FCC? Veja os resultados de nossos alunos no concurso do DETRAN-SP"},"content":{"rendered":"\n<p>Ol\u00e1, pessoal! Tudo em paz?<\/p>\n\n\n\n<p>Essa semana que passou me deixou muito feliz, pois os resultados de nossos alunos na reda\u00e7\u00e3o do concurso do DETRAN-SP foram excelentes! E quem fez esse concurso sabe que a nota da reda\u00e7\u00e3o mais uma vez foi decisiva &#8211; d\u00e9cimos colocaram os candidatos nas primeiras coloca\u00e7\u00f5es.<\/p>\n\n\n\n<p>A m\u00e9dia da FCC continua em torno de 7.5, por\u00e9m, a m\u00e9dia de nossos alunos que tiveram a reda\u00e7\u00e3o corrigida, ficou em torno de 8.5 &#8211; muitos tiraram nota 9! Haaa, n\u00e3o poderia me esquecer, tivemos mais uma nota m\u00e1xima (10), que vou analisar aqui neste artigo :)<\/p>\n\n\n\n<figure class=\"wp-block-image\"><img loading=\"lazy\" decoding=\"async\" width=\"271\" height=\"391\" src=\"https:\/\/dhg1h5j42swfq.cloudfront.net\/2019\/09\/01104246\/image5.png\" alt=\"\" class=\"wp-image-415030\" srcset=\"https:\/\/dhg1h5j42swfq.cloudfront.net\/2019\/09\/01104246\/image5.png 271w, https:\/\/dhg1h5j42swfq.cloudfront.net\/2019\/09\/01104246\/image5.png 208w\" sizes=\"auto, (max-width: 271px) 100vw, 271px\" \/><\/figure>\n\n\n\n<figure class=\"wp-block-image\"><img loading=\"lazy\" decoding=\"async\" width=\"280\" height=\"346\" src=\"https:\/\/dhg1h5j42swfq.cloudfront.net\/2019\/09\/01103915\/image.png\" alt=\"\" class=\"wp-image-415025\" srcset=\"https:\/\/dhg1h5j42swfq.cloudfront.net\/2019\/09\/01103915\/image.png 280w, https:\/\/dhg1h5j42swfq.cloudfront.net\/2019\/09\/01103915\/image.png 243w\" sizes=\"auto, (max-width: 280px) 100vw, 280px\" \/><\/figure>\n\n\n\n<figure class=\"wp-block-image\"><img loading=\"lazy\" decoding=\"async\" width=\"280\" height=\"384\" src=\"https:\/\/dhg1h5j42swfq.cloudfront.net\/2019\/09\/01104049\/image1.png\" alt=\"\" class=\"wp-image-415026\" srcset=\"https:\/\/dhg1h5j42swfq.cloudfront.net\/2019\/09\/01104049\/image1.png 280w, https:\/\/dhg1h5j42swfq.cloudfront.net\/2019\/09\/01104049\/image1.png 219w\" sizes=\"auto, (max-width: 280px) 100vw, 280px\" \/><\/figure>\n\n\n\n<figure class=\"wp-block-image\"><img loading=\"lazy\" decoding=\"async\" width=\"273\" height=\"385\" src=\"https:\/\/dhg1h5j42swfq.cloudfront.net\/2019\/09\/01104121\/image2.png\" alt=\"\" class=\"wp-image-415027\" srcset=\"https:\/\/dhg1h5j42swfq.cloudfront.net\/2019\/09\/01104121\/image2.png 273w, https:\/\/dhg1h5j42swfq.cloudfront.net\/2019\/09\/01104121\/image2.png 213w\" sizes=\"auto, (max-width: 273px) 100vw, 273px\" \/><\/figure>\n\n\n\n<figure class=\"wp-block-image\"><img loading=\"lazy\" decoding=\"async\" width=\"277\" height=\"378\" src=\"https:\/\/dhg1h5j42swfq.cloudfront.net\/2019\/09\/01104145\/image3.png\" alt=\"\" class=\"wp-image-415028\" srcset=\"https:\/\/dhg1h5j42swfq.cloudfront.net\/2019\/09\/01104145\/image3.png 277w, https:\/\/dhg1h5j42swfq.cloudfront.net\/2019\/09\/01104145\/image3.png 220w\" sizes=\"auto, (max-width: 277px) 100vw, 277px\" \/><\/figure>\n\n\n\n<figure class=\"wp-block-image\"><img loading=\"lazy\" decoding=\"async\" width=\"287\" height=\"389\" src=\"https:\/\/dhg1h5j42swfq.cloudfront.net\/2019\/09\/01104206\/image4.png\" alt=\"\" class=\"wp-image-415029\" srcset=\"https:\/\/dhg1h5j42swfq.cloudfront.net\/2019\/09\/01104206\/image4.png 287w, https:\/\/dhg1h5j42swfq.cloudfront.net\/2019\/09\/01104206\/image4.png 221w\" sizes=\"auto, (max-width: 287px) 100vw, 287px\" \/><\/figure>\n\n\n\n<figure class=\"wp-block-image\"><img loading=\"lazy\" decoding=\"async\" width=\"280\" height=\"390\" src=\"https:\/\/dhg1h5j42swfq.cloudfront.net\/2019\/09\/01104319\/image6.png\" alt=\"\" class=\"wp-image-415031\" srcset=\"https:\/\/dhg1h5j42swfq.cloudfront.net\/2019\/09\/01104319\/image6.png 280w, https:\/\/dhg1h5j42swfq.cloudfront.net\/2019\/09\/01104319\/image6.png 215w\" sizes=\"auto, (max-width: 280px) 100vw, 280px\" \/><\/figure>\n\n\n\n<p>Agora, aconteceu algo muito bacana mesmo! N\u00e3o \u00e9 nem tanto pela nota m\u00e1xima, mas sim pelas condi\u00e7\u00f5es que levaram \u00e0 nota m\u00e1xima. O Igor tirou 10 e me enviou a seguinte mensagem &#8211; deixo aqui para voc\u00ea analisar:<\/p>\n\n\n\n<figure class=\"wp-block-image\"><img loading=\"lazy\" decoding=\"async\" width=\"275\" height=\"341\" src=\"https:\/\/dhg1h5j42swfq.cloudfront.net\/2019\/09\/01104446\/image7.png\" alt=\"\" class=\"wp-image-415032\" srcset=\"https:\/\/dhg1h5j42swfq.cloudfront.net\/2019\/09\/01104446\/image7.png 275w, https:\/\/dhg1h5j42swfq.cloudfront.net\/2019\/09\/01104446\/image7.png 242w\" sizes=\"auto, (max-width: 275px) 100vw, 275px\" \/><\/figure>\n\n\n\n<p><strong>Que tal a gente analisar a reda\u00e7\u00e3o do Igor que, muito gentilmente, nos permitiu o uso pedag\u00f3gico de sua reda\u00e7\u00e3o? Vamos l\u00e1!<\/strong><\/p>\n\n\n\n<figure class=\"wp-block-image\"><img loading=\"lazy\" decoding=\"async\" width=\"629\" height=\"624\" src=\"https:\/\/dhg1h5j42swfq.cloudfront.net\/2019\/09\/01104841\/image8.png\" alt=\"\" class=\"wp-image-415033\" srcset=\"https:\/\/dhg1h5j42swfq.cloudfront.net\/2019\/09\/01104841\/image8.png 629w, https:\/\/dhg1h5j42swfq.cloudfront.net\/2019\/09\/01104841\/image8.png 150w, https:\/\/dhg1h5j42swfq.cloudfront.net\/2019\/09\/01104841\/image8.png 300w, https:\/\/dhg1h5j42swfq.cloudfront.net\/2019\/09\/01104841\/image8.png 610w\" sizes=\"auto, (max-width: 629px) 100vw, 629px\" \/><\/figure>\n\n\n\n<p><strong>Estrutura nota 10: <\/strong><\/p>\n\n\n\n<p>A estrutura da reda\u00e7\u00e3o est\u00e1 impec\u00e1vel: obedeceu o limite de linhas (foram 30 linhas escritas), respeitou as regras de paragrafa\u00e7\u00e3o, a letra est\u00e1  leg\u00edvel e a divis\u00e3o do texto em 4 par\u00e1grafos contemplou introdu\u00e7\u00e3o (apresenta\u00e7\u00e3o da tese), desenvolvimento (argumentos pertinentes ao tema) e conclus\u00e3o (retomada da tese mais proposta de solu\u00e7\u00e3o). Ademais, o candidato selecionou informa\u00e7\u00f5es relevantes e defendeu seus argumentos mostrando repert\u00f3rio sociocultural. A progress\u00e3o textual e a articula\u00e7\u00e3o entre par\u00e1grafos e frase foram atendidas por meio do uso correto de conectivos, pronomes e conjun\u00e7\u00f5es.<\/p>\n\n\n\n<p><strong>Conte\u00fado nota 10:<\/strong><\/p>\n\n\n\n<p>O Igor j\u00e1 entrou de &#8220;sola&#8221; na banca logo na introdu\u00e7\u00e3o, contextualizando a import\u00e2ncia do espa\u00e7o urbano a partir das reflex\u00f5es do fil\u00f3sofo cl\u00e1ssico Arist\u00f3teles, que defendia a felicidade como fim das a\u00e7\u00f5es humanas. Nessa perspectiva, o Igor utilizou duas palavras que fizeram a diferen\u00e7a: <strong>cidadania e direito \u00e0 cidade<\/strong> &#8211; quem j\u00e1 fez algum curso comigo ou assistiu \u00e0s aulas gratuitas v\u00e3o lembrar que eu digo que esses termos s\u00e3o &#8220;m\u00e1gicos&#8221;. Al\u00e9m disso, os dois t\u00f3picos mencionados na tese (segrega\u00e7\u00e3o socioespacial e precariedade no sistema de locomo\u00e7\u00e3o) foram abordados no desenvolvimento.<\/p>\n\n\n\n<p>No segundo par\u00e1grafo, o candidato mostrou a depend\u00eancia da malha rodovi\u00e1ria no Brasil, destacando as consequ\u00eancias e a falta de investimentos em modais alternativos, al\u00e9m de apontar outras falhas. Para fundamentar esse argumento utilizou o recurso argumentativo da exemplifica\u00e7\u00e3o a partir dos dados do IPEA, mostrando que a perda de tempo em congestionamentos impacta outras atividades importantes para o ser humano: diminui\u00e7\u00e3o de seu lazer, por exemplo.<\/p>\n\n\n\n<p>J\u00e1 no terceiro par\u00e1grafo, defendeu um t\u00f3pico que, insistentemente, eu aponto nas aulas: <strong>o espa\u00e7o urbano n\u00e3o inclui as pessoas com defici\u00eancia<\/strong>. Nesse sentido, segundo a reflex\u00e3o do Igor, o Estado n\u00e3o promove a <strong>alteridade<\/strong> (mais uma palavra-chave &#8220;m\u00e1gica&#8221;), j\u00e1 que n\u00e3o faculta a inclus\u00e3o e com isso n\u00e3o proporciona a felicidade.<\/p>\n\n\n\n<p>Por fim, na conclus\u00e3o, o candidato retoma a tese (com palavras distintas), refor\u00e7ando que o espa\u00e7o urbano n\u00e3o pode ser entendido como somente o fluir do tr\u00e2nsito, mas sim como espa\u00e7o de inclus\u00e3o, destacando a import\u00e2ncia da<strong> democratiza\u00e7\u00e3o (direito \u00e0 cidade)<\/strong>. Ap\u00f3s a retomada da tese, o candidato se preocupou em ter atitude \u00e9tica-cidad\u00e3, indicando poss\u00edveis caminhos para atenuar o problema.<\/p>\n\n\n\n<p>Gostaram da reda\u00e7\u00e3o do Igor? Particularmente, achei top!<\/p>\n\n\n\n<p>Reda\u00e7\u00e3o \u00e9 isso, pessoal: incorporar as t\u00e9cnicas do texto dissertativo-argumentativo, ampliar o repert\u00f3rio sociocultural (isso faz toda a diferen\u00e7a) e treinar bastante.<\/p>\n\n\n\n<p>Em breve, vou fazer um aul\u00e3o ao vivo para analisar as diversas reda\u00e7\u00f5es do concurso do DETRAN-SP de nossos alunos, mostrando acertos e erros, e at\u00e9 falhas cometidas pelos examinadores da FCC, com o intuito de contribuir cada vez mais com os nosso alunos.<\/p>\n\n\n\n<p><strong>Redes Sociais<\/strong><\/p>\n\n\n\n<p><strong>Instagram:<\/strong> profraphaelreis<\/p>\n\n\n\n<p><strong>YouTube:<\/strong> professor Raphael Reis<\/p>\n\n\n\n<p><strong>E-mail:<\/strong> profraphaelreis@gmail.com<\/p>\n\n\n\n<p><strong>Nossos cursos:<\/strong><\/p>\n\n\n\n<p><a href=\"https:\/\/www.estrategiaconcursos.com.br\/curso\/ciencias-humanas-para-redacao-2019\/\">Ci\u00eancias Humanas para Reda\u00e7\u00e3o<\/a><\/p>\n\n\n\n<p><a href=\"https:\/\/www.estrategiaconcursos.com.br\/curso\/redacao-p-tj-ma-tecnico-judiciario-todas-as-areas-3-correcoes-por-aluno-pos-edital\/\">TJMA<\/a> <\/p>\n\n\n\n<p>T<a href=\"https:\/\/www.estrategiaconcursos.com.br\/curso\/curso-de-redacao-p-trf-3-regiao-tecnico-jud-administrativa-6-correcoes-por-aluno-2019\/\">RF-3<\/a><\/p>\n\n\n\n<p><a href=\"https:\/\/www.estrategiaconcursos.com.br\/curso\/redacao-p-ale-sp-todos-os-cargos-com-correcao\/\">ALE-SP<\/a><\/p>\n\n\n\n<p><a href=\"https:\/\/www.estrategiaconcursos.com.br\/blog\/author\/profraphaelreisgmail-com\/\">Artigos publicados no Estrat\u00e9gia<\/a><\/p>\n\n\n\n<p><strong>Biografia: <\/strong><\/p>\n\n\n\n<p>Raphael Reis \u00e9 professor do Estrat\u00e9gia Concursos desde 2016 e leciona os seguintes conte\u00fados: Reda\u00e7\u00e3o (macroestrutura), Hist\u00f3ria, Filosofia e Sociologia. \u00c9 graduado em Hist\u00f3ria (UFJF) com especializa\u00e7\u00e3o em Pol\u00edticas P\u00fablicas e Gest\u00e3o Social (UFJF) e mestre em Sociologia da Educa\u00e7\u00e3o (UFJF).<\/p>\n\n\n\n<p>Nos \u00faltimos anos tem se especializado na reda\u00e7\u00e3o da FCC, que \u00e9 considerada como a prova discursiva mais dif\u00edcil do Brasil! Em 2017, percebendo que a grande dificuldade dos candidatos que fazem a prova discursiva da Funda\u00e7\u00e3o Carlos Chagas (FCC) \u00e9 a parte de conte\u00fado, criou o curso in\u00e9dito e inovador de <a href=\"https:\/\/www.estrategiaconcursos.com.br\/curso\/ciencias-humanas-para-redacao-2019\/\">Ci\u00eancias Humanas para Reda\u00e7\u00e3o<\/a>, que j\u00e1 atendeu milhares de alunos e t\u00eam contribu\u00eddo decisivamente para a melhoria das notas. Al\u00e9m disso, \u00e9 autor do e-book best-seller <a href=\"https:\/\/www.hotmart.com\/product\/25-conceitos-para-usar-na-redacao-concursos\/K37848335O?cd=1&amp;utm_expid=.bTdDhGQLRzGWwEmPzVvrlQ.1&amp;utm_referrer=\">25 conceitos para usar na reda\u00e7\u00e3o<\/a> e editor da revista de atualidades Centro do Mundo.<\/p>\n\n\n<p><!--EndFragment--><\/p>","protected":false},"excerpt":{"rendered":"<p>Ol\u00e1, pessoal! Tudo em paz? Essa semana que passou me deixou muito feliz, pois os resultados de nossos alunos na reda\u00e7\u00e3o do concurso do DETRAN-SP foram excelentes! E quem fez esse concurso sabe que a nota da reda\u00e7\u00e3o mais uma vez foi decisiva &#8211; d\u00e9cimos colocaram os candidatos nas primeiras coloca\u00e7\u00f5es. A m\u00e9dia da FCC [&hellip;]<\/p>\n","protected":false},"author":384,"featured_media":0,"comment_status":"open","ping_status":"closed","sticky":false,"template":"","format":"standard","meta":{"post_tipo":"article","footnotes":""},"categories":[1],"tags":[],"tax_estado":[],"class_list":["post-415024","post","type-post","status-publish","format-standard","hentry","category-cursos-e-concursos"],"acf":[],"yoast_head":"<!-- This site is optimized with the Yoast SEO Premium plugin v27.2 (Yoast SEO v27.2) - https:\/\/yoast.com\/product\/yoast-seo-premium-wordpress\/ -->\n<title>Voc\u00ea quer tirar nota 10 na reda\u00e7\u00e3o da FCC? Veja os resultados de nossos alunos no concurso do DETRAN-SP<\/title>\n<meta name=\"robots\" content=\"index, follow, max-snippet:-1, max-image-preview:large, max-video-preview:-1\" \/>\n<link rel=\"canonical\" href=\"https:\/\/www.estrategiaconcursos.com.br\/blog\/voce-quer-tirar-nota-10-na-redacao-da-fcc-veja-os-resultados-de-nossos-alunos-no-concurso-do-detran-sp\/\" \/>\n<meta property=\"og:locale\" content=\"pt_BR\" \/>\n<meta property=\"og:type\" content=\"article\" \/>\n<meta property=\"og:title\" content=\"Voc\u00ea quer tirar nota 10 na reda\u00e7\u00e3o da FCC? Veja os resultados de nossos alunos no concurso do DETRAN-SP\" \/>\n<meta property=\"og:description\" content=\"Ol\u00e1, pessoal! Tudo em paz? Essa semana que passou me deixou muito feliz, pois os resultados de nossos alunos na reda\u00e7\u00e3o do concurso do DETRAN-SP foram excelentes! E quem fez esse concurso sabe que a nota da reda\u00e7\u00e3o mais uma vez foi decisiva &#8211; d\u00e9cimos colocaram os candidatos nas primeiras coloca\u00e7\u00f5es. A m\u00e9dia da FCC [&hellip;]\" \/>\n<meta property=\"og:url\" content=\"https:\/\/www.estrategiaconcursos.com.br\/blog\/voce-quer-tirar-nota-10-na-redacao-da-fcc-veja-os-resultados-de-nossos-alunos-no-concurso-do-detran-sp\/\" \/>\n<meta property=\"og:site_name\" content=\"Estrat\u00e9gia Concursos\" \/>\n<meta property=\"article:published_time\" content=\"2019-09-01T19:22:55+00:00\" \/>\n<meta property=\"article:modified_time\" content=\"2022-09-08T19:28:30+00:00\" \/>\n<meta property=\"og:image\" content=\"https:\/\/www.estrategiaconcursos.com.br\/blog\/wp-content\/uploads\/2019\/09\/image5.png\" \/>\n<meta name=\"author\" content=\"Raphael de Oliveira Reis\" \/>\n<meta name=\"twitter:card\" content=\"summary_large_image\" \/>\n<meta name=\"twitter:creator\" content=\"@EstratConcursos\" \/>\n<meta name=\"twitter:site\" content=\"@EstratConcursos\" \/>\n<meta name=\"twitter:label1\" content=\"Escrito por\" \/>\n\t<meta name=\"twitter:data1\" content=\"Raphael de Oliveira Reis\" \/>\n\t<meta name=\"twitter:label2\" content=\"Est. tempo de leitura\" \/>\n\t<meta name=\"twitter:data2\" content=\"4 minutos\" \/>\n<script type=\"application\/ld+json\" class=\"yoast-schema-graph\">{\"@context\":\"https:\/\/schema.org\",\"@graph\":[{\"@type\":\"NewsArticle\",\"@id\":\"https:\/\/www.estrategiaconcursos.com.br\/blog\/voce-quer-tirar-nota-10-na-redacao-da-fcc-veja-os-resultados-de-nossos-alunos-no-concurso-do-detran-sp\/#article\",\"isPartOf\":{\"@id\":\"https:\/\/www.estrategiaconcursos.com.br\/blog\/voce-quer-tirar-nota-10-na-redacao-da-fcc-veja-os-resultados-de-nossos-alunos-no-concurso-do-detran-sp\/\"},\"author\":{\"name\":\"Raphael de Oliveira Reis\",\"@id\":\"https:\/\/www.estrategiaconcursos.com.br\/blog\/#\/schema\/person\/b49a1a49e5ef8a9f8d3268e74404a911\"},\"headline\":\"Voc\u00ea quer tirar nota 10 na reda\u00e7\u00e3o da FCC? Veja os resultados de nossos alunos no concurso do DETRAN-SP\",\"datePublished\":\"2019-09-01T19:22:55+00:00\",\"dateModified\":\"2022-09-08T19:28:30+00:00\",\"mainEntityOfPage\":{\"@id\":\"https:\/\/www.estrategiaconcursos.com.br\/blog\/voce-quer-tirar-nota-10-na-redacao-da-fcc-veja-os-resultados-de-nossos-alunos-no-concurso-do-detran-sp\/\"},\"wordCount\":863,\"commentCount\":7,\"publisher\":{\"@id\":\"https:\/\/www.estrategiaconcursos.com.br\/blog\/#organization\"},\"image\":{\"@id\":\"https:\/\/www.estrategiaconcursos.com.br\/blog\/voce-quer-tirar-nota-10-na-redacao-da-fcc-veja-os-resultados-de-nossos-alunos-no-concurso-do-detran-sp\/#primaryimage\"},\"thumbnailUrl\":\"https:\/\/www.estrategiaconcursos.com.br\/blog\/wp-content\/uploads\/2019\/09\/image5.png\",\"articleSection\":[\"Concursos P\u00fablicos\"],\"inLanguage\":\"pt-BR\",\"potentialAction\":[{\"@type\":\"CommentAction\",\"name\":\"Comment\",\"target\":[\"https:\/\/www.estrategiaconcursos.com.br\/blog\/voce-quer-tirar-nota-10-na-redacao-da-fcc-veja-os-resultados-de-nossos-alunos-no-concurso-do-detran-sp\/#respond\"]}],\"copyrightYear\":\"2019\",\"copyrightHolder\":{\"@id\":\"https:\/\/www.estrategiaconcursos.com.br\/blog\/#organization\"}},{\"@type\":\"WebPage\",\"@id\":\"https:\/\/www.estrategiaconcursos.com.br\/blog\/voce-quer-tirar-nota-10-na-redacao-da-fcc-veja-os-resultados-de-nossos-alunos-no-concurso-do-detran-sp\/\",\"url\":\"https:\/\/www.estrategiaconcursos.com.br\/blog\/voce-quer-tirar-nota-10-na-redacao-da-fcc-veja-os-resultados-de-nossos-alunos-no-concurso-do-detran-sp\/\",\"name\":\"Voc\u00ea quer tirar nota 10 na reda\u00e7\u00e3o da FCC? Veja os resultados de nossos alunos no concurso do DETRAN-SP\",\"isPartOf\":{\"@id\":\"https:\/\/www.estrategiaconcursos.com.br\/blog\/#website\"},\"primaryImageOfPage\":{\"@id\":\"https:\/\/www.estrategiaconcursos.com.br\/blog\/voce-quer-tirar-nota-10-na-redacao-da-fcc-veja-os-resultados-de-nossos-alunos-no-concurso-do-detran-sp\/#primaryimage\"},\"image\":{\"@id\":\"https:\/\/www.estrategiaconcursos.com.br\/blog\/voce-quer-tirar-nota-10-na-redacao-da-fcc-veja-os-resultados-de-nossos-alunos-no-concurso-do-detran-sp\/#primaryimage\"},\"thumbnailUrl\":\"https:\/\/www.estrategiaconcursos.com.br\/blog\/wp-content\/uploads\/2019\/09\/image5.png\",\"datePublished\":\"2019-09-01T19:22:55+00:00\",\"dateModified\":\"2022-09-08T19:28:30+00:00\",\"breadcrumb\":{\"@id\":\"https:\/\/www.estrategiaconcursos.com.br\/blog\/voce-quer-tirar-nota-10-na-redacao-da-fcc-veja-os-resultados-de-nossos-alunos-no-concurso-do-detran-sp\/#breadcrumb\"},\"inLanguage\":\"pt-BR\",\"potentialAction\":[{\"@type\":\"ReadAction\",\"target\":[\"https:\/\/www.estrategiaconcursos.com.br\/blog\/voce-quer-tirar-nota-10-na-redacao-da-fcc-veja-os-resultados-de-nossos-alunos-no-concurso-do-detran-sp\/\"]}]},{\"@type\":\"ImageObject\",\"inLanguage\":\"pt-BR\",\"@id\":\"https:\/\/www.estrategiaconcursos.com.br\/blog\/voce-quer-tirar-nota-10-na-redacao-da-fcc-veja-os-resultados-de-nossos-alunos-no-concurso-do-detran-sp\/#primaryimage\",\"url\":\"https:\/\/dhg1h5j42swfq.cloudfront.net\/2019\/09\/01104246\/image5.png\",\"contentUrl\":\"https:\/\/dhg1h5j42swfq.cloudfront.net\/2019\/09\/01104246\/image5.png\",\"width\":271,\"height\":391},{\"@type\":\"BreadcrumbList\",\"@id\":\"https:\/\/www.estrategiaconcursos.com.br\/blog\/voce-quer-tirar-nota-10-na-redacao-da-fcc-veja-os-resultados-de-nossos-alunos-no-concurso-do-detran-sp\/#breadcrumb\",\"itemListElement\":[{\"@type\":\"ListItem\",\"position\":1,\"name\":\"In\u00edcio\",\"item\":\"https:\/\/www.estrategiaconcursos.com.br\/blog\/\"},{\"@type\":\"ListItem\",\"position\":2,\"name\":\"Voc\u00ea quer tirar nota 10 na reda\u00e7\u00e3o da FCC? Veja os resultados de nossos alunos no concurso do DETRAN-SP\"}]},{\"@type\":\"WebSite\",\"@id\":\"https:\/\/www.estrategiaconcursos.com.br\/blog\/#website\",\"url\":\"https:\/\/www.estrategiaconcursos.com.br\/blog\/\",\"name\":\"Estrat\u00e9gia Concursos\",\"description\":\"O blog da Estrat\u00e9gia Concursos traz not\u00edcias sobre concursos e artigos de professores oferecendo cursos para concursos (pdf + videaulas) no site.\",\"publisher\":{\"@id\":\"https:\/\/www.estrategiaconcursos.com.br\/blog\/#organization\"},\"potentialAction\":[{\"@type\":\"SearchAction\",\"target\":{\"@type\":\"EntryPoint\",\"urlTemplate\":\"https:\/\/www.estrategiaconcursos.com.br\/blog\/?s={search_term_string}\"},\"query-input\":{\"@type\":\"PropertyValueSpecification\",\"valueRequired\":true,\"valueName\":\"search_term_string\"}}],\"inLanguage\":\"pt-BR\"},{\"@type\":\"Organization\",\"@id\":\"https:\/\/www.estrategiaconcursos.com.br\/blog\/#organization\",\"name\":\"Estrat\u00e9gia Concursos\",\"url\":\"https:\/\/www.estrategiaconcursos.com.br\/blog\/\",\"logo\":{\"@type\":\"ImageObject\",\"inLanguage\":\"pt-BR\",\"@id\":\"https:\/\/www.estrategiaconcursos.com.br\/blog\/#\/schema\/logo\/image\/\",\"url\":\"https:\/\/dhg1h5j42swfq.cloudfront.net\/2025\/06\/03203428\/logo_concursos-1.jpg\",\"contentUrl\":\"https:\/\/dhg1h5j42swfq.cloudfront.net\/2025\/06\/03203428\/logo_concursos-1.jpg\",\"width\":230,\"height\":60,\"caption\":\"Estrat\u00e9gia Concursos\"},\"image\":{\"@id\":\"https:\/\/www.estrategiaconcursos.com.br\/blog\/#\/schema\/logo\/image\/\"},\"sameAs\":[\"https:\/\/x.com\/EstratConcursos\"]},{\"@type\":\"Person\",\"@id\":\"https:\/\/www.estrategiaconcursos.com.br\/blog\/#\/schema\/person\/b49a1a49e5ef8a9f8d3268e74404a911\",\"name\":\"Raphael de Oliveira Reis\",\"image\":{\"@type\":\"ImageObject\",\"inLanguage\":\"pt-BR\",\"@id\":\"https:\/\/secure.gravatar.com\/avatar\/b1c5789180fc7bfb5103ec006c301370c02393e37aa13c55f6d72f05fcc76b3b?s=96&d=mm&r=g\",\"url\":\"https:\/\/secure.gravatar.com\/avatar\/b1c5789180fc7bfb5103ec006c301370c02393e37aa13c55f6d72f05fcc76b3b?s=96&d=mm&r=g\",\"contentUrl\":\"https:\/\/secure.gravatar.com\/avatar\/b1c5789180fc7bfb5103ec006c301370c02393e37aa13c55f6d72f05fcc76b3b?s=96&d=mm&r=g\",\"caption\":\"Raphael de Oliveira Reis\"},\"url\":\"https:\/\/www.estrategiaconcursos.com.br\/blog\/author\/profraphaelreisgmail-com\/\"}]}<\/script>\n<!-- \/ Yoast SEO Premium plugin. -->","yoast_head_json":{"title":"Voc\u00ea quer tirar nota 10 na reda\u00e7\u00e3o da FCC? Veja os resultados de nossos alunos no concurso do DETRAN-SP","robots":{"index":"index","follow":"follow","max-snippet":"max-snippet:-1","max-image-preview":"max-image-preview:large","max-video-preview":"max-video-preview:-1"},"canonical":"https:\/\/www.estrategiaconcursos.com.br\/blog\/voce-quer-tirar-nota-10-na-redacao-da-fcc-veja-os-resultados-de-nossos-alunos-no-concurso-do-detran-sp\/","og_locale":"pt_BR","og_type":"article","og_title":"Voc\u00ea quer tirar nota 10 na reda\u00e7\u00e3o da FCC? Veja os resultados de nossos alunos no concurso do DETRAN-SP","og_description":"Ol\u00e1, pessoal! Tudo em paz? Essa semana que passou me deixou muito feliz, pois os resultados de nossos alunos na reda\u00e7\u00e3o do concurso do DETRAN-SP foram excelentes! E quem fez esse concurso sabe que a nota da reda\u00e7\u00e3o mais uma vez foi decisiva &#8211; d\u00e9cimos colocaram os candidatos nas primeiras coloca\u00e7\u00f5es. A m\u00e9dia da FCC [&hellip;]","og_url":"https:\/\/www.estrategiaconcursos.com.br\/blog\/voce-quer-tirar-nota-10-na-redacao-da-fcc-veja-os-resultados-de-nossos-alunos-no-concurso-do-detran-sp\/","og_site_name":"Estrat\u00e9gia Concursos","article_published_time":"2019-09-01T19:22:55+00:00","article_modified_time":"2022-09-08T19:28:30+00:00","og_image":[{"url":"https:\/\/www.estrategiaconcursos.com.br\/blog\/wp-content\/uploads\/2019\/09\/image5.png","type":"","width":"","height":""}],"author":"Raphael de Oliveira Reis","twitter_card":"summary_large_image","twitter_creator":"@EstratConcursos","twitter_site":"@EstratConcursos","twitter_misc":{"Escrito por":"Raphael de Oliveira Reis","Est. tempo de leitura":"4 minutos"},"schema":{"@context":"https:\/\/schema.org","@graph":[{"@type":"NewsArticle","@id":"https:\/\/www.estrategiaconcursos.com.br\/blog\/voce-quer-tirar-nota-10-na-redacao-da-fcc-veja-os-resultados-de-nossos-alunos-no-concurso-do-detran-sp\/#article","isPartOf":{"@id":"https:\/\/www.estrategiaconcursos.com.br\/blog\/voce-quer-tirar-nota-10-na-redacao-da-fcc-veja-os-resultados-de-nossos-alunos-no-concurso-do-detran-sp\/"},"author":{"name":"Raphael de Oliveira Reis","@id":"https:\/\/www.estrategiaconcursos.com.br\/blog\/#\/schema\/person\/b49a1a49e5ef8a9f8d3268e74404a911"},"headline":"Voc\u00ea quer tirar nota 10 na reda\u00e7\u00e3o da FCC? Veja os resultados de nossos alunos no concurso do DETRAN-SP","datePublished":"2019-09-01T19:22:55+00:00","dateModified":"2022-09-08T19:28:30+00:00","mainEntityOfPage":{"@id":"https:\/\/www.estrategiaconcursos.com.br\/blog\/voce-quer-tirar-nota-10-na-redacao-da-fcc-veja-os-resultados-de-nossos-alunos-no-concurso-do-detran-sp\/"},"wordCount":863,"commentCount":7,"publisher":{"@id":"https:\/\/www.estrategiaconcursos.com.br\/blog\/#organization"},"image":{"@id":"https:\/\/www.estrategiaconcursos.com.br\/blog\/voce-quer-tirar-nota-10-na-redacao-da-fcc-veja-os-resultados-de-nossos-alunos-no-concurso-do-detran-sp\/#primaryimage"},"thumbnailUrl":"https:\/\/www.estrategiaconcursos.com.br\/blog\/wp-content\/uploads\/2019\/09\/image5.png","articleSection":["Concursos P\u00fablicos"],"inLanguage":"pt-BR","potentialAction":[{"@type":"CommentAction","name":"Comment","target":["https:\/\/www.estrategiaconcursos.com.br\/blog\/voce-quer-tirar-nota-10-na-redacao-da-fcc-veja-os-resultados-de-nossos-alunos-no-concurso-do-detran-sp\/#respond"]}],"copyrightYear":"2019","copyrightHolder":{"@id":"https:\/\/www.estrategiaconcursos.com.br\/blog\/#organization"}},{"@type":"WebPage","@id":"https:\/\/www.estrategiaconcursos.com.br\/blog\/voce-quer-tirar-nota-10-na-redacao-da-fcc-veja-os-resultados-de-nossos-alunos-no-concurso-do-detran-sp\/","url":"https:\/\/www.estrategiaconcursos.com.br\/blog\/voce-quer-tirar-nota-10-na-redacao-da-fcc-veja-os-resultados-de-nossos-alunos-no-concurso-do-detran-sp\/","name":"Voc\u00ea quer tirar nota 10 na reda\u00e7\u00e3o da FCC? Veja os resultados de nossos alunos no concurso do DETRAN-SP","isPartOf":{"@id":"https:\/\/www.estrategiaconcursos.com.br\/blog\/#website"},"primaryImageOfPage":{"@id":"https:\/\/www.estrategiaconcursos.com.br\/blog\/voce-quer-tirar-nota-10-na-redacao-da-fcc-veja-os-resultados-de-nossos-alunos-no-concurso-do-detran-sp\/#primaryimage"},"image":{"@id":"https:\/\/www.estrategiaconcursos.com.br\/blog\/voce-quer-tirar-nota-10-na-redacao-da-fcc-veja-os-resultados-de-nossos-alunos-no-concurso-do-detran-sp\/#primaryimage"},"thumbnailUrl":"https:\/\/www.estrategiaconcursos.com.br\/blog\/wp-content\/uploads\/2019\/09\/image5.png","datePublished":"2019-09-01T19:22:55+00:00","dateModified":"2022-09-08T19:28:30+00:00","breadcrumb":{"@id":"https:\/\/www.estrategiaconcursos.com.br\/blog\/voce-quer-tirar-nota-10-na-redacao-da-fcc-veja-os-resultados-de-nossos-alunos-no-concurso-do-detran-sp\/#breadcrumb"},"inLanguage":"pt-BR","potentialAction":[{"@type":"ReadAction","target":["https:\/\/www.estrategiaconcursos.com.br\/blog\/voce-quer-tirar-nota-10-na-redacao-da-fcc-veja-os-resultados-de-nossos-alunos-no-concurso-do-detran-sp\/"]}]},{"@type":"ImageObject","inLanguage":"pt-BR","@id":"https:\/\/www.estrategiaconcursos.com.br\/blog\/voce-quer-tirar-nota-10-na-redacao-da-fcc-veja-os-resultados-de-nossos-alunos-no-concurso-do-detran-sp\/#primaryimage","url":"https:\/\/dhg1h5j42swfq.cloudfront.net\/2019\/09\/01104246\/image5.png","contentUrl":"https:\/\/dhg1h5j42swfq.cloudfront.net\/2019\/09\/01104246\/image5.png","width":271,"height":391},{"@type":"BreadcrumbList","@id":"https:\/\/www.estrategiaconcursos.com.br\/blog\/voce-quer-tirar-nota-10-na-redacao-da-fcc-veja-os-resultados-de-nossos-alunos-no-concurso-do-detran-sp\/#breadcrumb","itemListElement":[{"@type":"ListItem","position":1,"name":"In\u00edcio","item":"https:\/\/www.estrategiaconcursos.com.br\/blog\/"},{"@type":"ListItem","position":2,"name":"Voc\u00ea quer tirar nota 10 na reda\u00e7\u00e3o da FCC? Veja os resultados de nossos alunos no concurso do DETRAN-SP"}]},{"@type":"WebSite","@id":"https:\/\/www.estrategiaconcursos.com.br\/blog\/#website","url":"https:\/\/www.estrategiaconcursos.com.br\/blog\/","name":"Estrat\u00e9gia Concursos","description":"O blog da Estrat\u00e9gia Concursos traz not\u00edcias sobre concursos e artigos de professores oferecendo cursos para concursos (pdf + videaulas) no site.","publisher":{"@id":"https:\/\/www.estrategiaconcursos.com.br\/blog\/#organization"},"potentialAction":[{"@type":"SearchAction","target":{"@type":"EntryPoint","urlTemplate":"https:\/\/www.estrategiaconcursos.com.br\/blog\/?s={search_term_string}"},"query-input":{"@type":"PropertyValueSpecification","valueRequired":true,"valueName":"search_term_string"}}],"inLanguage":"pt-BR"},{"@type":"Organization","@id":"https:\/\/www.estrategiaconcursos.com.br\/blog\/#organization","name":"Estrat\u00e9gia Concursos","url":"https:\/\/www.estrategiaconcursos.com.br\/blog\/","logo":{"@type":"ImageObject","inLanguage":"pt-BR","@id":"https:\/\/www.estrategiaconcursos.com.br\/blog\/#\/schema\/logo\/image\/","url":"https:\/\/dhg1h5j42swfq.cloudfront.net\/2025\/06\/03203428\/logo_concursos-1.jpg","contentUrl":"https:\/\/dhg1h5j42swfq.cloudfront.net\/2025\/06\/03203428\/logo_concursos-1.jpg","width":230,"height":60,"caption":"Estrat\u00e9gia Concursos"},"image":{"@id":"https:\/\/www.estrategiaconcursos.com.br\/blog\/#\/schema\/logo\/image\/"},"sameAs":["https:\/\/x.com\/EstratConcursos"]},{"@type":"Person","@id":"https:\/\/www.estrategiaconcursos.com.br\/blog\/#\/schema\/person\/b49a1a49e5ef8a9f8d3268e74404a911","name":"Raphael de Oliveira Reis","image":{"@type":"ImageObject","inLanguage":"pt-BR","@id":"https:\/\/secure.gravatar.com\/avatar\/b1c5789180fc7bfb5103ec006c301370c02393e37aa13c55f6d72f05fcc76b3b?s=96&d=mm&r=g","url":"https:\/\/secure.gravatar.com\/avatar\/b1c5789180fc7bfb5103ec006c301370c02393e37aa13c55f6d72f05fcc76b3b?s=96&d=mm&r=g","contentUrl":"https:\/\/secure.gravatar.com\/avatar\/b1c5789180fc7bfb5103ec006c301370c02393e37aa13c55f6d72f05fcc76b3b?s=96&d=mm&r=g","caption":"Raphael de Oliveira Reis"},"url":"https:\/\/www.estrategiaconcursos.com.br\/blog\/author\/profraphaelreisgmail-com\/"}]}},"_links":{"self":[{"href":"https:\/\/www.estrategiaconcursos.com.br\/blog\/wp-json\/wp\/v2\/posts\/415024","targetHints":{"allow":["GET"]}}],"collection":[{"href":"https:\/\/www.estrategiaconcursos.com.br\/blog\/wp-json\/wp\/v2\/posts"}],"about":[{"href":"https:\/\/www.estrategiaconcursos.com.br\/blog\/wp-json\/wp\/v2\/types\/post"}],"author":[{"embeddable":true,"href":"https:\/\/www.estrategiaconcursos.com.br\/blog\/wp-json\/wp\/v2\/users\/384"}],"replies":[{"embeddable":true,"href":"https:\/\/www.estrategiaconcursos.com.br\/blog\/wp-json\/wp\/v2\/comments?post=415024"}],"version-history":[{"count":4,"href":"https:\/\/www.estrategiaconcursos.com.br\/blog\/wp-json\/wp\/v2\/posts\/415024\/revisions"}],"predecessor-version":[{"id":1091531,"href":"https:\/\/www.estrategiaconcursos.com.br\/blog\/wp-json\/wp\/v2\/posts\/415024\/revisions\/1091531"}],"wp:attachment":[{"href":"https:\/\/www.estrategiaconcursos.com.br\/blog\/wp-json\/wp\/v2\/media?parent=415024"}],"wp:term":[{"taxonomy":"category","embeddable":true,"href":"https:\/\/www.estrategiaconcursos.com.br\/blog\/wp-json\/wp\/v2\/categories?post=415024"},{"taxonomy":"post_tag","embeddable":true,"href":"https:\/\/www.estrategiaconcursos.com.br\/blog\/wp-json\/wp\/v2\/tags?post=415024"},{"taxonomy":"tax_estado","embeddable":true,"href":"https:\/\/www.estrategiaconcursos.com.br\/blog\/wp-json\/wp\/v2\/tax_estado?post=415024"}],"curies":[{"name":"wp","href":"https:\/\/api.w.org\/{rel}","templated":true}]}}