{"id":414986,"date":"2019-08-31T12:31:35","date_gmt":"2019-08-31T15:31:35","guid":{"rendered":"https:\/\/www.estrategiaconcursos.com.br\/blog\/?p=414986"},"modified":"2023-01-06T11:21:20","modified_gmt":"2023-01-06T14:21:20","slug":"entrevista-felipe-abreu-aprovado-em-6o-lugar-na-sefaz-ba-para-auditor-fiscal-area-administracao-tributaria","status":"publish","type":"post","link":"https:\/\/www.estrategiaconcursos.com.br\/blog\/entrevista-felipe-abreu-aprovado-em-6o-lugar-na-sefaz-ba-para-auditor-fiscal-area-administracao-tributaria\/","title":{"rendered":"ENTREVISTA: Felipe Abreu &#8211; Aprovado em 6\u00ba lugar na SEFAZ BA para Auditor Fiscal \/ \u00e1rea Administra\u00e7\u00e3o Tribut\u00e1ria"},"content":{"rendered":"\n<figure class=\"wp-block-image alignleft is-resized\"><img loading=\"lazy\" decoding=\"async\" src=\"https:\/\/dhg1h5j42swfq.cloudfront.net\/2019\/08\/31112850\/FOTO-FELIPE-ABREU.jpg\" alt=\"\" class=\"wp-image-414975\" width=\"212\" height=\"173\" srcset=\"https:\/\/dhg1h5j42swfq.cloudfront.net\/2019\/08\/31112850\/FOTO-FELIPE-ABREU.jpg 2412w, https:\/\/dhg1h5j42swfq.cloudfront.net\/2019\/08\/31112850\/FOTO-FELIPE-ABREU.jpg 300w, https:\/\/dhg1h5j42swfq.cloudfront.net\/2019\/08\/31112850\/FOTO-FELIPE-ABREU.jpg 768w, https:\/\/dhg1h5j42swfq.cloudfront.net\/2019\/08\/31112850\/FOTO-FELIPE-ABREU.jpg 1024w, https:\/\/dhg1h5j42swfq.cloudfront.net\/2019\/08\/31112850\/FOTO-FELIPE-ABREU.jpg 610w\" sizes=\"auto, (max-width: 212px) 100vw, 212px\" \/><\/figure>\n\n\n\n<p class=\"has-text-align-center\"> <strong><em>&#8220;A aprova\u00e7\u00e3o chega para quem estuda. \u00c9 uma jornada de for\u00e7a bruta, de resist\u00eancia e cada um tem seu tempo. Os que se mant\u00eam firmes, colhem os resultados!&#8221;<\/em><\/strong><\/p>\n\n\n\n<p>Confira nossa entrevista com Felipe Sim\u00f5es de Vasconcelos Abreu, aprovado em 6\u00ba lugar no concurso da Secretaria da Fazenda do Estado da Bahia para o cargo de Auditor Fiscal \/ \u00e1rea Administra\u00e7\u00e3o Tribut\u00e1ria (concurso em andamento): <\/p>\n\n\n\n<p><strong>Estrat\u00e9gia Concursos: Conte-nos um pouco sobre voc\u00ea, para que nossos leitores possam te conhecer melhor. Voc\u00ea \u00e9 formado em que \u00e1rea? Qual sua idade? De onde voc\u00ea \u00e9? <\/strong><\/p>\n\n\n\n<p><strong>Felipe Sim\u00f5es de Vasconcelos Abreu:<\/strong> Tenho 26 anos e sou Engenheiro Civil formado pela Federal da Bahia (dez\/16), Sou nascido e moro em Salvador. <\/p>\n\n\n\n<p><strong>Estrat\u00e9gia: O que te levou a tomar a decis\u00e3o de come\u00e7ar a estudar para concursos?<\/strong><\/p>\n\n\n\n<p><strong>Felipe:<\/strong> S\u00f3 tomei essa decis\u00e3o mais de um ano depois de formado. Nunca tinha pensado em estudar para concursos durante a minha gradua\u00e7\u00e3o, mas depois de estagiar na \u00e1rea e trabalhar como engenheiro, vi que n\u00e3o era o caminho que queria seguir (nunca fui apaixonado pela carreira). A partir do momento que minha namorada come\u00e7ou a estudar para concursos (ela foi a grande incentivadora), conheci mais sobre esse mundo e vi que no setor p\u00fablico \u00e9 poss\u00edvel conciliar uma carreira s\u00f3lida com qualidade de vida e boas remunera\u00e7\u00f5es. Foi ent\u00e3o que decidi me dedicar exclusivamente aos estudos.<\/p>\n\n\n\n<p><strong>Estrat\u00e9gia: Durante sua caminhada como concurseiro, voc\u00ea trabalhava e estudava (como conciliava trabalho e estudos?), ou se dedicava inteiramente aos estudos para concurso?<\/strong> <\/p>\n\n\n\n<p><strong>Felipe:<\/strong> Me dediquei inteiramente aos estudos desde o princ\u00edpio. Larguei o trabalho para isso. <\/p>\n\n\n\n<p><strong>Estrat\u00e9gia: Quantos e em quais concursos j\u00e1 foi aprovado? Qual o \u00faltimo? Em qual cargo e em que coloca\u00e7\u00e3o?<\/strong><\/p>\n\n\n\n<p><strong>Felipe:<\/strong> Fui aprovado no ISS Curitiba, fora das vagas, empatado em 18\u00ba lugar. Ainda estou aguardando o resultado do teste psicol\u00f3gico que foi exigido nesse concurso. <\/p>\n\n\n\n<p>Fui aprovado na SEFAZ\/BA, em 6\u00ba lugar para Administra\u00e7\u00e3o Tribut\u00e1ria, dentro das vagas. Mas ressalto que ainda n\u00e3o foram analisados os recursos da prova discursiva, logo, \u00e9 poss\u00edvel que a minha coloca\u00e7\u00e3o mude.<\/p>\n\n\n\n<p><strong>Estrat\u00e9gia: Qual foi sua sensa\u00e7\u00e3o ao ver seu nome na lista dos aprovados\/classificados?<\/strong><\/p>\n\n\n\n<p><strong>Felipe:<\/strong> Foi uma sensa\u00e7\u00e3o de al\u00edvio e orgulho ao mesmo tempo. Demora um pouco para cair a ficha. <\/p>\n\n\n\n<p><strong>Estrat\u00e9gia: Como era sua vida social durante a prepara\u00e7\u00e3o para concursos? Voc\u00ea sa\u00eda com amigos, fam\u00edlia, etc? Ou adotou uma postura radical, abdicando do conv\u00edvio social?<\/strong><\/p>\n\n\n\n<p><strong>Felipe:<\/strong> No come\u00e7o da prepara\u00e7\u00e3o, eu substitui as horas que me dedicaria ao trabalho por horas de dedica\u00e7\u00e3o aos estudos. Come\u00e7ava a estudar \u00e0s 08h e terminava \u00e0s 18h. Mantive as noites livres para atividades f\u00edsicas e para terminar um curso de P\u00f3s-gradua\u00e7\u00e3o que estava fazendo. Tamb\u00e9m n\u00e3o estudava aos finais de semana. <\/p>\n\n\n\n<p>Nesse per\u00edodo, considero que minha vida social foi normal: n\u00e3o deixei de frequentar anivers\u00e1rios de amigos e parentes nem fiquei trancado em casa, mas tamb\u00e9m n\u00e3o sou de sair muito.<\/p>\n\n\n\n<p>No p\u00f3s-edital da SEFAZ\/BA (o concurso que eu queria), a abordagem mudou. Passei a come\u00e7ar mais cedo e terminar mais tarde durante o dia, bem como deixei duas noites livres durante a semana exclusivamente para resolver quest\u00f5es. Passei a estudar tamb\u00e9m nas manh\u00e3s de s\u00e1bados e domingos. N\u00e3o fiquei sem estudar nenhum dia de p\u00f3s-edital, mesmo com uma carga hor\u00e1ria bem desgastante. N\u00e3o considero que isso seja sustent\u00e1vel ao longo prazo, s\u00f3 recomendo mesmo para a reta final.<\/p>\n\n\n\n<p><strong>Estrat\u00e9gia: Voc\u00ea \u00e9 casado? Tem filhos? Namora? Mora com seus pais? Sua fam\u00edlia entendeu e apoiou sua caminhada como concurseiro? Se sim, de que forma? <\/strong><\/p>\n\n\n\n<p><strong>Felipe:<\/strong> N\u00e3o sou casado nem tenho filhos, mas namoro. Moro com minha m\u00e3e e meu padrasto, al\u00e9m de dois irm\u00e3os mais novos. No come\u00e7o meus pais se surpreenderam com a not\u00edcia, pois sempre trabalharam no setor privado, mas deram total apoio na minha decis\u00e3o.<\/p>\n\n\n\n<p><strong>Estrat\u00e9gia: Voc\u00ea acha que vale a pena fazer outros concursos, com foco diferente daquele concurso que \u00e9 realmente seu objetivo maior? <\/strong><\/p>\n\n\n\n<p><strong>Felipe:<\/strong> Depende. Se forem outros concursos de uma\nmesma \u00e1rea de atua\u00e7\u00e3o, como \u00e1rea fiscal, acho bastante v\u00e1lido. As mat\u00e9rias\nb\u00e1sicas n\u00e3o se alteram muito e \u00e9 poss\u00edvel encaixar as espec\u00edficas (legisla\u00e7\u00f5es\nmuniciais, estaduais etc.) no ciclo de estudos. <\/p>\n\n\n\n<p>J\u00e1 concursos de outras \u00e1reas, n\u00e3o acho\nque valham a pena. Durante minha prepara\u00e7\u00e3o prestei diversos concursos,\ninclusive de outras \u00e1reas, e s\u00f3 os que contribu\u00edram positivamente foram os da\n\u00e1rea fiscal.<\/p>\n\n\n\n<p><strong>Estrat\u00e9gia: Voc\u00ea estudou por quanto tempo direcionado ao concurso que foi aprovado? <\/strong><\/p>\n\n\n\n<p><strong>Felipe:<\/strong> Comecei a estudar em junho de 2018 para a Receita Federal, mas j\u00e1 tinha em mente que iria prestar os maiores concursos estaduais e municipais que tinham previs\u00e3o de abrir. A partir da SEFAZ\/GO, s\u00f3 estudei com editais publicados e assim que o edital da SEFAZ\/BA saiu, em fevereiro\/19, me dediquei exclusivamente a esse concurso.  <\/p>\n\n\n\n<p><strong>Estrat\u00e9gia: Chegou a estudar sem ter edital na pra\u00e7a? Durante esse tempo, como voc\u00ea fazia para manter a disciplina nos estudos?<\/strong><\/p>\n\n\n\n<p><strong>Felipe:<\/strong> Estudei apenas por poucos meses sem edital na pra\u00e7a, logo quando comecei a prepara\u00e7\u00e3o. Procurei iniciar com uma carga hor\u00e1ria de estudos menor (30h brutas\/semana), para ir me acostumando a estudar progressivamente. Aproveitei esse per\u00edodo para entender a fundo as mat\u00e9rias do ciclo b\u00e1sico da \u00e1rea fiscal (Constitucional, Administrativo, Tribut\u00e1rio, Auditoria e Contabilidade). Considero que come\u00e7ar devagar e aumentar o ritmo progressivamente foi essencial para manter a disciplina. <\/p>\n\n\n\n<p><strong>Estrat\u00e9gia: Que materiais voc\u00ea usou em sua prepara\u00e7\u00e3o para o concurso? Aulas presenciais, telepresenciais, livros, cursos em PDF, videoaulas? Quais foram as principais vantagens e desvantagens de cada um?<\/strong><\/p>\n\n\n\n<p><strong>Felipe:<\/strong> Antes de come\u00e7ar os estudos, tinha d\u00favidas se conseguiria me manter disciplinado (nunca tive o h\u00e1bito de sentar e estudar). Nesse per\u00edodo eu estudava em um cursinho preparat\u00f3rio presencial pela manh\u00e3 e em casa, pelo material do Estrat\u00e9gia, \u00e0 tarde. A inten\u00e7\u00e3o era usar o cursinho para me for\u00e7ar a acordar cedo e estudar, por\u00e9m n\u00e3o recomendo, em hip\u00f3tese alguma, que algu\u00e9m fa\u00e7a algo parecido! Vi que o cursinho na verdade me atrasava, os professores e materiais n\u00e3o tinham a mesma qualidade do Estrat\u00e9gia, fora o tempo e dinheiro que perdia com deslocamento. Depois da prova da SEFAZ\/GO, percebi que o melhor caminho era estudar em casa mesmo.<\/p>\n\n\n\n<p>Nunca estudei por livros, porque considero que n\u00e3o s\u00e3o eficientes quando o assunto \u00e9 concurso p\u00fablico. Meu tempo de estudo era dividido em PDF\u2019s (o melhor material de prepara\u00e7\u00e3o, mas o mais desgastante), videoaulas (menos eficiente, por\u00e9m mais c\u00f4modo) e resolu\u00e7\u00e3o de quest\u00f5es por um site espec\u00edfico (ideal para revis\u00f5es). Estimo que 30% da minha prepara\u00e7\u00e3o foi por videoaulas.<\/p>\n\n\n\n<p><strong>Estrat\u00e9gia: Como conheceu o Estrat\u00e9gia Concursos? <\/strong><\/p>\n\n\n\n<p><strong>Felipe:<\/strong> Eu avisei que sairia do trabalho com 30 dias de anteced\u00eancia, ent\u00e3o aproveitei esse \u00faltimo m\u00eas para pesquisar na internet como e por onde estudar. Eventualmente conheci o Estrat\u00e9gia e acabei escolhendo-o pelos altos \u00edndices de aprova\u00e7\u00e3o. <\/p>\n\n\n\n<p><strong>Estrat\u00e9gia: Uma das principais dificuldades de todo o concursando \u00e9 a quantidade de assuntos que devem ser memorizados. Como voc\u00ea fez para estudar todo o conte\u00fado do concurso? Falando de modo mais espec\u00edfico: voc\u00ea estudava v\u00e1rias mat\u00e9rias ao mesmo tempo? Quantas? Costumava fazer resumos? Focava mais em exerc\u00edcios, ou na leitura e releitura da teoria? Como montou seu plano de estudos? Quantas horas por dia costumava estudar?<\/strong><\/p>\n\n\n\n<p><strong>Felipe:<\/strong> Para estudar todo o conte\u00fado n\u00e3o teve segredo: tempo e dedica\u00e7\u00e3o.<\/p>\n\n\n\n<p>No per\u00edodo pr\u00e9-edital, eu s\u00f3 estudava duas mat\u00e9rias por dia, uma por turno. Lia um ou dois PDF\u2019s (a depender do tamanho) de cada mat\u00e9ria, grifava e resolvia todas as quest\u00f5es da aula. Depois assistia as videoaulas e, se sobrasse tempo, eu resolvia quest\u00f5es adicionais. Nessa fase eu j\u00e1 buscava fazer 40h brutas de estudo por semana, mas bater essa meta era exce\u00e7\u00e3o! <\/p>\n\n\n\n<p>No per\u00edodo p\u00f3s-edital da SEFAZ\/BA, eu j\u00e1 tinha estudado todas as mat\u00e9rias do ciclo b\u00e1sico, ent\u00e3o lia apenas os PDF\u2019s do que ainda n\u00e3o tinha visto. Fiz revis\u00f5es dos assuntos que considerava mais importante pelos grifos que fazia nas aulas e por quest\u00f5es. Tamb\u00e9m foquei bastante nos temas mais cobrados pela banca do concurso (FCC), com resolu\u00e7\u00f5es de baterias de quest\u00f5es espec\u00edficas de cada um e li mais de vinte vezes a legisla\u00e7\u00e3o tribut\u00e1ria da Bahia cobrada no edital &#8211; pois era a mat\u00e9ria mais relevante do concurso. Nessa fase, minha meta era 55h brutas por semana e completei esse objetivo quase todas as semanas de p\u00f3s-edital.<\/p>\n\n\n\n<p>Nunca fiz resumos nem mapas mentais. Na minha vis\u00e3o, n\u00e3o trazem benef\u00edcios que compensem o tempo de elabora\u00e7\u00e3o. Tamb\u00e9m n\u00e3o usei um coach e nenhum m\u00e9todo padr\u00e3o de revis\u00f5es. Gostava de ter o controle do que ia estudar cada dia.<\/p>\n\n\n\n<p>&nbsp;Um ponto um pouco diferente na minha prepara\u00e7\u00e3o: criei um grupo de Whatsapp comigo mesmo (basta criar um com outra pessoa e depois exclu\u00ed-la) para escrever as respostas das d\u00favidas que tinha com mais frequ\u00eancia. \u00c9 comum errar o mesmo assunto mais de uma vez, por isso, quando via que tinha dificuldade para me lembrar de determinado tema, escrevia no grupo as respostas ou dicas de memoriza\u00e7\u00e3o. Fica bem interessante depois de alguns coment\u00e1rios, porque voc\u00ea passa a ter um caderno de d\u00favidas que est\u00e1 sempre em m\u00e3os.<\/p>\n\n\n\n<p><strong>Estrat\u00e9gia: Voc\u00ea tinha mais dificuldades em alguma(s) disciplina(s)? Quais? Como voc\u00ea fez para superar estas dificuldades?<\/strong><\/p>\n\n\n\n<p><strong>Felipe:<\/strong> Tive dificuldades com Contabilidade, Entender as conven\u00e7\u00f5es \u00e9 complicado no come\u00e7o e, principalmente, com Tecnologia da Informa\u00e7\u00e3o. Sempre era minha pior mat\u00e9ria nas provas. <\/p>\n\n\n\n<p>O que fiz para mitigar foi resolver mais quest\u00f5es dessas duas mat\u00e9rias, al\u00e9m de estuda-las no come\u00e7o do dia, quando a mente est\u00e1 mais descansada.<\/p>\n\n\n\n<p><strong>Estrat\u00e9gia: A reta final \u00e9 sempre um per\u00edodo estressante. Como foi sua rotina de estudos na semana que antecedeu a prova? E v\u00e9spera de prova: foi dia de descanso ou dia de estudo?<\/strong><\/p>\n\n\n\n<p><strong>Felipe:<\/strong> Na semana que antecedeu a prova eu j\u00e1 tinha batido o edital. Procurei resolver quest\u00f5es dos temas mais cobrados pela FCC nas principais mat\u00e9rias e assisti quase todos os v\u00eddeos que o Estrat\u00e9gia lan\u00e7ou como \u201cHora da Verdade SEFAZ\/BA\u201d. Eram revis\u00f5es dos principais assuntos cobrados pela banca em v\u00e1rias mat\u00e9rias. Foi muito bom para lembrar de temas que j\u00e1 tinha visto h\u00e1 algum tempo.<\/p>\n\n\n\n<p>Na v\u00e9spera de todas as provas que eu fiz da \u00e1rea fiscal, eu assistia a revis\u00e3o de v\u00e9spera (ou parte dela) no canal do YouTube do Estrat\u00e9gia. V\u00e1rias vezes os professores conseguiram acertar apostas de quest\u00f5es que seriam cobradas.<\/p>\n\n\n\n<p><strong>Estrat\u00e9gia: No seu concurso, tivemos, al\u00e9m das provas objetivas, as provas discursivas. Como foi seu estudo para esta importante parte do certame? O que voc\u00ea aconselha?<\/strong><\/p>\n\n\n\n<p><strong>Felipe:<\/strong> Eu j\u00e1 tinha feito algumas reda\u00e7\u00f5es at\u00e9 a minha prova, mas nunca nenhuma tinha sido corrigida. Como n\u00e3o sabia se meu desempenho era bom na parte escrita, comprei o pacote separado de corre\u00e7\u00f5es de discursivas do Estrat\u00e9gia e escrevia os textos aos finais de semana. O conselho que eu posso dar \u00e9 praticar e verificar seu desempenho. Acho bastante v\u00e1lido fazer um curso com corre\u00e7\u00f5es.<\/p>\n\n\n\n<p><strong>Estrat\u00e9gia: Se voc\u00ea tivesse que apontar ERROS em sua prepara\u00e7\u00e3o (se \u00e9 que houve), quais seriam? Diga-nos tamb\u00e9m quais foram os maiores ACERTOS?<\/strong><\/p>\n\n\n\n<p><strong>Felipe:<\/strong> Vou listar os erros e acertos com base na\nminha experi\u00eancia pessoal, n\u00e3o necessariamente v\u00e3o se aplicar a todos os\nconcurseiros. Cada um tem suas prefer\u00eancias.<\/p>\n\n\n\n<p>ERROS:<\/p>\n\n\n\n<p>&#8211; ter feito um cursinho preparat\u00f3rio\npresencial (fiquei 3 meses);<\/p>\n\n\n\n<p>&#8211; n\u00e3o me dedicar 100% aos concursos\np\u00fablicos logo de cara (em 2018 ainda cheguei a participar de v\u00e1rios processos\nseletivos para trainee, que tomaram muito tempo de estudo);<\/p>\n\n\n\n<p>&#8211; imprimir material para estudar (ler e\nmarcar pelo computador \u00e9 muito mais pr\u00e1tico);<\/p>\n\n\n\n<p>&#8211; fazer provas de concursos de outras\n\u00e1reas (fiz PF, t\u00e9cnico do MPU, AGU n\u00edvel m\u00e9dio&#8230;);<\/p>\n\n\n\n<p>&#8211; ler pouca lei \u201cseca\u201d (n\u00e3o vale a pena\nsair lendo todas as leis do edital, mas teria sido bom ter lido mais vezes a Constitui\u00e7\u00e3o\ne o CTN pelo menos).<\/p>\n\n\n\n<p>ACERTOS:<\/p>\n\n\n\n<p>&#8211; fazer v\u00e1rias provas de concursos da\n\u00e1rea fiscal;<\/p>\n\n\n\n<p>&#8211; assistir videoaulas intercaladas com\nleitura de PDF\u2019s (\u00e9 uma forma de estudo passiva, mas que te ajuda a seguir\nestudando por mais tempo);<\/p>\n\n\n\n<p>&#8211; estudar para a banca do concurso (cada\nbanca tem assuntos favoritos e abordagens diferentes, a FCC, em especial, \u00e9 a\nmais previs\u00edvel);<\/p>\n\n\n\n<p>&#8211; estudar as mat\u00e9rias do ciclo b\u00e1sico com\nmais calma e revisando mais (ajudou a mant\u00ea-las na mem\u00f3ria por mais tempo);<\/p>\n\n\n\n<p>&#8211; iniciar a prepara\u00e7\u00e3o com metas mais\ntranquilas e ir aumentando progressivamente (come\u00e7ar muito forte pode\nassustar&#8230;);<\/p>\n\n\n\n<p>&#8211; aumentar o ritmo no p\u00f3s-edital (\u00e9 a\nreta final, agora o ritmo n\u00e3o precisa ser sustent\u00e1vel no longo prazo);<\/p>\n\n\n\n<p>&#8211; fazer muitas quest\u00f5es.<\/p>\n\n\n\n<p><strong>Estrat\u00e9gia: O que foi mais dif\u00edcil nessa caminhada rumo \u00e0 aprova\u00e7\u00e3o? Chegou a pensar, por algum momento, em desistir? Se sim, como fez para seguir em frente? <\/strong><\/p>\n\n\n\n<p><strong>Felipe:<\/strong> O mais dif\u00edcil foi o dia a dia. Ter disciplina para estudar mesmo em dias ruins, com a mente cansada \u00e9 muito dif\u00edcil, por\u00e9m necess\u00e1rio. Cheguei a pensar em desistir, \u00e9 normal. Para seguir em frente lembrava dos motivos que me levaram a buscar uma carreira no setor p\u00fablico. O apoio de minha m\u00e3e e de minha namorada foi muito importante nessas horas. <\/p>\n\n\n\n<p><strong>Estrat\u00e9gia: Qual foi sua principal motiva\u00e7\u00e3o?<\/strong> <\/p>\n\n\n\n<p><strong>Felipe:<\/strong> A principal motiva\u00e7\u00e3o foi ingressar em uma carreira que me permitisse conciliar vida particular com profissional e que, ainda assim, fosse desafiadora. Remunera\u00e7\u00e3o e estabilidade tamb\u00e9m foram muito importantes. <\/p>\n\n\n\n<p><strong>Estrat\u00e9gia: Por fim, o que voc\u00ea aconselharia a algu\u00e9m que est\u00e1 iniciando seus estudos para concurso? Deixe-nos sua mensagem para todos aqueles que um dia almejam chegar aonde voc\u00ea chegou!<\/strong><\/p>\n\n\n\n<p><strong>Felipe:<\/strong> Aconselharia que se informe ao m\u00e1ximo\nsobre o mundo dos concursos, antes mesmo de come\u00e7ar a estudar: qual concurso\nquer fazer? Tem previs\u00e3o de sair? H\u00e1 concursos similares? Aceitaria faz\u00ea-los? O\nque os aprovados no \u00faltimo concurso fizeram para passar? Quanto tempo estudaram\nem m\u00e9dia? Que material utilizaram? Essas s\u00e3o informa\u00e7\u00f5es importantes para que\nquem est\u00e1 iniciando possa se planejar.<\/p>\n\n\n\n<p>Por fim, a aprova\u00e7\u00e3o chega para quem estuda. \u00c9 uma jornada de for\u00e7a bruta, de resist\u00eancia e cada um tem seu tempo, mas os que se mant\u00eam firmes, colhem os resultados! <\/p>\n\n\n\n<p><strong>Confira\noutras entrevistas em:<\/strong><\/p>\n\n\n\n<p><a href=\"https:\/\/www.estrategiaconcursos.com.br\/depoimentos\/\" target=\"_blank\" rel=\"noreferrer noopener\">Depoimentos de Aprovados<\/a><\/p>\n\n\n\n<p><a href=\"https:\/\/www.estrategiaconcursos.com.br\/cursos\/concurso\" target=\"_blank\" rel=\"noreferrer noopener\">Cursos Online para Concursos<\/a><\/p>\n\n\n\n<p><strong><em>Foi aprovado e deseja dividir com a gente e com\noutros concurseiros como foi sua trajet\u00f3ria at\u00e9 a aprova\u00e7\u00e3o?! Mande um e-mail\npara:&nbsp;<\/em><\/strong><strong>comunicacao@estrategiaconcursos.com.br<\/strong><\/p>\n\n\n\n<p>Abra\u00e7os,<\/p>\n\n\n\n<p>Tha\u00eds\nMendes<\/p>\n","protected":false},"excerpt":{"rendered":"<p>&#8220;A aprova\u00e7\u00e3o chega para quem estuda. \u00c9 uma jornada de for\u00e7a bruta, de resist\u00eancia e cada um tem seu tempo. Os que se mant\u00eam firmes, colhem os resultados!&#8221; Confira nossa entrevista com Felipe Sim\u00f5es de Vasconcelos Abreu, aprovado em 6\u00ba lugar no concurso da Secretaria da Fazenda do Estado da Bahia para o cargo de [&hellip;]<\/p>\n","protected":false},"author":1,"featured_media":414993,"comment_status":"open","ping_status":"closed","sticky":false,"template":"","format":"standard","meta":{"post_tipo":"news","footnotes":""},"categories":[1],"tags":[],"tax_estado":[],"class_list":["post-414986","post","type-post","status-publish","format-standard","has-post-thumbnail","hentry","category-cursos-e-concursos"],"acf":[],"yoast_head":"<!-- This site is optimized with the Yoast SEO Premium plugin v27.2 (Yoast SEO v27.2) - https:\/\/yoast.com\/product\/yoast-seo-premium-wordpress\/ -->\n<title>ENTREVISTA: Felipe Abreu - Aprovado em 6\u00ba lugar na SEFAZ BA para Auditor Fiscal \/ \u00e1rea Administra\u00e7\u00e3o Tribut\u00e1ria<\/title>\n<meta name=\"robots\" content=\"index, follow, max-snippet:-1, max-image-preview:large, max-video-preview:-1\" \/>\n<link rel=\"canonical\" href=\"https:\/\/www.estrategiaconcursos.com.br\/blog\/entrevista-felipe-abreu-aprovado-em-6o-lugar-na-sefaz-ba-para-auditor-fiscal-area-administracao-tributaria\/\" \/>\n<meta property=\"og:locale\" content=\"pt_BR\" \/>\n<meta property=\"og:type\" content=\"article\" \/>\n<meta property=\"og:title\" content=\"ENTREVISTA: Felipe Abreu - Aprovado em 6\u00ba lugar na SEFAZ BA para Auditor Fiscal \/ \u00e1rea Administra\u00e7\u00e3o Tribut\u00e1ria\" \/>\n<meta property=\"og:description\" content=\"&#8220;A aprova\u00e7\u00e3o chega para quem estuda. \u00c9 uma jornada de for\u00e7a bruta, de resist\u00eancia e cada um tem seu tempo. Os que se mant\u00eam firmes, colhem os resultados!&#8221; Confira nossa entrevista com Felipe Sim\u00f5es de Vasconcelos Abreu, aprovado em 6\u00ba lugar no concurso da Secretaria da Fazenda do Estado da Bahia para o cargo de [&hellip;]\" \/>\n<meta property=\"og:url\" content=\"https:\/\/www.estrategiaconcursos.com.br\/blog\/entrevista-felipe-abreu-aprovado-em-6o-lugar-na-sefaz-ba-para-auditor-fiscal-area-administracao-tributaria\/\" \/>\n<meta property=\"og:site_name\" content=\"Estrat\u00e9gia Concursos\" \/>\n<meta property=\"article:author\" content=\"https:\/\/www.facebook.com\/EstrategiaConcursos\" \/>\n<meta property=\"article:published_time\" content=\"2019-08-31T15:31:35+00:00\" \/>\n<meta property=\"article:modified_time\" content=\"2023-01-06T14:21:20+00:00\" \/>\n<meta property=\"og:image\" content=\"https:\/\/dhg1h5j42swfq.cloudfront.net\/2019\/08\/31123318\/Felipe-home1.jpg\" \/>\n\t<meta property=\"og:image:width\" content=\"2410\" \/>\n\t<meta property=\"og:image:height\" content=\"1311\" \/>\n\t<meta property=\"og:image:type\" content=\"image\/jpeg\" \/>\n<meta name=\"author\" content=\"Coordena\u00e7\u00e3o\" \/>\n<meta name=\"twitter:card\" content=\"summary_large_image\" \/>\n<meta name=\"twitter:creator\" content=\"@EstratConcursos\" \/>\n<meta name=\"twitter:site\" content=\"@EstratConcursos\" \/>\n<meta name=\"twitter:label1\" content=\"Escrito por\" \/>\n\t<meta name=\"twitter:data1\" content=\"Coordena\u00e7\u00e3o\" \/>\n\t<meta name=\"twitter:label2\" content=\"Est. tempo de leitura\" \/>\n\t<meta name=\"twitter:data2\" content=\"13 minutos\" \/>\n<script type=\"application\/ld+json\" class=\"yoast-schema-graph\">{\"@context\":\"https:\/\/schema.org\",\"@graph\":[{\"@type\":\"NewsArticle\",\"@id\":\"https:\/\/www.estrategiaconcursos.com.br\/blog\/entrevista-felipe-abreu-aprovado-em-6o-lugar-na-sefaz-ba-para-auditor-fiscal-area-administracao-tributaria\/#article\",\"isPartOf\":{\"@id\":\"https:\/\/www.estrategiaconcursos.com.br\/blog\/entrevista-felipe-abreu-aprovado-em-6o-lugar-na-sefaz-ba-para-auditor-fiscal-area-administracao-tributaria\/\"},\"author\":{\"name\":\"Coordena\u00e7\u00e3o\",\"@id\":\"https:\/\/www.estrategiaconcursos.com.br\/blog\/#\/schema\/person\/b4a388c97673c5f483d72185668afa1f\"},\"headline\":\"ENTREVISTA: Felipe Abreu &#8211; Aprovado em 6\u00ba lugar na SEFAZ BA para Auditor Fiscal \/ \u00e1rea Administra\u00e7\u00e3o Tribut\u00e1ria\",\"datePublished\":\"2019-08-31T15:31:35+00:00\",\"dateModified\":\"2023-01-06T14:21:20+00:00\",\"mainEntityOfPage\":{\"@id\":\"https:\/\/www.estrategiaconcursos.com.br\/blog\/entrevista-felipe-abreu-aprovado-em-6o-lugar-na-sefaz-ba-para-auditor-fiscal-area-administracao-tributaria\/\"},\"wordCount\":2629,\"commentCount\":0,\"publisher\":{\"@id\":\"https:\/\/www.estrategiaconcursos.com.br\/blog\/#organization\"},\"image\":{\"@id\":\"https:\/\/www.estrategiaconcursos.com.br\/blog\/entrevista-felipe-abreu-aprovado-em-6o-lugar-na-sefaz-ba-para-auditor-fiscal-area-administracao-tributaria\/#primaryimage\"},\"thumbnailUrl\":\"https:\/\/dhg1h5j42swfq.cloudfront.net\/2019\/08\/31123318\/Felipe-home1.jpg\",\"articleSection\":[\"Concursos P\u00fablicos\"],\"inLanguage\":\"pt-BR\",\"potentialAction\":[{\"@type\":\"CommentAction\",\"name\":\"Comment\",\"target\":[\"https:\/\/www.estrategiaconcursos.com.br\/blog\/entrevista-felipe-abreu-aprovado-em-6o-lugar-na-sefaz-ba-para-auditor-fiscal-area-administracao-tributaria\/#respond\"]}],\"copyrightYear\":\"2019\",\"copyrightHolder\":{\"@id\":\"https:\/\/www.estrategiaconcursos.com.br\/blog\/#organization\"}},{\"@type\":\"WebPage\",\"@id\":\"https:\/\/www.estrategiaconcursos.com.br\/blog\/entrevista-felipe-abreu-aprovado-em-6o-lugar-na-sefaz-ba-para-auditor-fiscal-area-administracao-tributaria\/\",\"url\":\"https:\/\/www.estrategiaconcursos.com.br\/blog\/entrevista-felipe-abreu-aprovado-em-6o-lugar-na-sefaz-ba-para-auditor-fiscal-area-administracao-tributaria\/\",\"name\":\"ENTREVISTA: Felipe Abreu - Aprovado em 6\u00ba lugar na SEFAZ BA para Auditor Fiscal \/ \u00e1rea Administra\u00e7\u00e3o Tribut\u00e1ria\",\"isPartOf\":{\"@id\":\"https:\/\/www.estrategiaconcursos.com.br\/blog\/#website\"},\"primaryImageOfPage\":{\"@id\":\"https:\/\/www.estrategiaconcursos.com.br\/blog\/entrevista-felipe-abreu-aprovado-em-6o-lugar-na-sefaz-ba-para-auditor-fiscal-area-administracao-tributaria\/#primaryimage\"},\"image\":{\"@id\":\"https:\/\/www.estrategiaconcursos.com.br\/blog\/entrevista-felipe-abreu-aprovado-em-6o-lugar-na-sefaz-ba-para-auditor-fiscal-area-administracao-tributaria\/#primaryimage\"},\"thumbnailUrl\":\"https:\/\/dhg1h5j42swfq.cloudfront.net\/2019\/08\/31123318\/Felipe-home1.jpg\",\"datePublished\":\"2019-08-31T15:31:35+00:00\",\"dateModified\":\"2023-01-06T14:21:20+00:00\",\"breadcrumb\":{\"@id\":\"https:\/\/www.estrategiaconcursos.com.br\/blog\/entrevista-felipe-abreu-aprovado-em-6o-lugar-na-sefaz-ba-para-auditor-fiscal-area-administracao-tributaria\/#breadcrumb\"},\"inLanguage\":\"pt-BR\",\"potentialAction\":[{\"@type\":\"ReadAction\",\"target\":[\"https:\/\/www.estrategiaconcursos.com.br\/blog\/entrevista-felipe-abreu-aprovado-em-6o-lugar-na-sefaz-ba-para-auditor-fiscal-area-administracao-tributaria\/\"]}]},{\"@type\":\"ImageObject\",\"inLanguage\":\"pt-BR\",\"@id\":\"https:\/\/www.estrategiaconcursos.com.br\/blog\/entrevista-felipe-abreu-aprovado-em-6o-lugar-na-sefaz-ba-para-auditor-fiscal-area-administracao-tributaria\/#primaryimage\",\"url\":\"https:\/\/dhg1h5j42swfq.cloudfront.net\/2019\/08\/31123318\/Felipe-home1.jpg\",\"contentUrl\":\"https:\/\/dhg1h5j42swfq.cloudfront.net\/2019\/08\/31123318\/Felipe-home1.jpg\",\"width\":2410,\"height\":1311},{\"@type\":\"BreadcrumbList\",\"@id\":\"https:\/\/www.estrategiaconcursos.com.br\/blog\/entrevista-felipe-abreu-aprovado-em-6o-lugar-na-sefaz-ba-para-auditor-fiscal-area-administracao-tributaria\/#breadcrumb\",\"itemListElement\":[{\"@type\":\"ListItem\",\"position\":1,\"name\":\"In\u00edcio\",\"item\":\"https:\/\/www.estrategiaconcursos.com.br\/blog\/\"},{\"@type\":\"ListItem\",\"position\":2,\"name\":\"ENTREVISTA: Felipe Abreu &#8211; Aprovado em 6\u00ba lugar na SEFAZ BA para Auditor Fiscal \/ \u00e1rea Administra\u00e7\u00e3o Tribut\u00e1ria\"}]},{\"@type\":\"WebSite\",\"@id\":\"https:\/\/www.estrategiaconcursos.com.br\/blog\/#website\",\"url\":\"https:\/\/www.estrategiaconcursos.com.br\/blog\/\",\"name\":\"Estrat\u00e9gia Concursos\",\"description\":\"O blog da Estrat\u00e9gia Concursos traz not\u00edcias sobre concursos e artigos de professores oferecendo cursos para concursos (pdf + videaulas) no site.\",\"publisher\":{\"@id\":\"https:\/\/www.estrategiaconcursos.com.br\/blog\/#organization\"},\"potentialAction\":[{\"@type\":\"SearchAction\",\"target\":{\"@type\":\"EntryPoint\",\"urlTemplate\":\"https:\/\/www.estrategiaconcursos.com.br\/blog\/?s={search_term_string}\"},\"query-input\":{\"@type\":\"PropertyValueSpecification\",\"valueRequired\":true,\"valueName\":\"search_term_string\"}}],\"inLanguage\":\"pt-BR\"},{\"@type\":\"Organization\",\"@id\":\"https:\/\/www.estrategiaconcursos.com.br\/blog\/#organization\",\"name\":\"Estrat\u00e9gia Concursos\",\"url\":\"https:\/\/www.estrategiaconcursos.com.br\/blog\/\",\"logo\":{\"@type\":\"ImageObject\",\"inLanguage\":\"pt-BR\",\"@id\":\"https:\/\/www.estrategiaconcursos.com.br\/blog\/#\/schema\/logo\/image\/\",\"url\":\"https:\/\/dhg1h5j42swfq.cloudfront.net\/2025\/06\/03203428\/logo_concursos-1.jpg\",\"contentUrl\":\"https:\/\/dhg1h5j42swfq.cloudfront.net\/2025\/06\/03203428\/logo_concursos-1.jpg\",\"width\":230,\"height\":60,\"caption\":\"Estrat\u00e9gia Concursos\"},\"image\":{\"@id\":\"https:\/\/www.estrategiaconcursos.com.br\/blog\/#\/schema\/logo\/image\/\"},\"sameAs\":[\"https:\/\/x.com\/EstratConcursos\"]},{\"@type\":\"Person\",\"@id\":\"https:\/\/www.estrategiaconcursos.com.br\/blog\/#\/schema\/person\/b4a388c97673c5f483d72185668afa1f\",\"name\":\"Coordena\u00e7\u00e3o\",\"image\":{\"@type\":\"ImageObject\",\"inLanguage\":\"pt-BR\",\"@id\":\"https:\/\/secure.gravatar.com\/avatar\/b720319e4c9a967eb58678d110f4fe35452fc5d5f97b202bac7b8acceb18c6ad?s=96&d=mm&r=g\",\"url\":\"https:\/\/secure.gravatar.com\/avatar\/b720319e4c9a967eb58678d110f4fe35452fc5d5f97b202bac7b8acceb18c6ad?s=96&d=mm&r=g\",\"contentUrl\":\"https:\/\/secure.gravatar.com\/avatar\/b720319e4c9a967eb58678d110f4fe35452fc5d5f97b202bac7b8acceb18c6ad?s=96&d=mm&r=g\",\"caption\":\"Coordena\u00e7\u00e3o\"},\"sameAs\":[\"https:\/\/www.facebook.com\/EstrategiaConcursos\",\"https:\/\/x.com\/EstratConcursos\"],\"url\":\"https:\/\/www.estrategiaconcursos.com.br\/blog\/author\/estrategia2013\/\"}]}<\/script>\n<!-- \/ Yoast SEO Premium plugin. -->","yoast_head_json":{"title":"ENTREVISTA: Felipe Abreu - Aprovado em 6\u00ba lugar na SEFAZ BA para Auditor Fiscal \/ \u00e1rea Administra\u00e7\u00e3o Tribut\u00e1ria","robots":{"index":"index","follow":"follow","max-snippet":"max-snippet:-1","max-image-preview":"max-image-preview:large","max-video-preview":"max-video-preview:-1"},"canonical":"https:\/\/www.estrategiaconcursos.com.br\/blog\/entrevista-felipe-abreu-aprovado-em-6o-lugar-na-sefaz-ba-para-auditor-fiscal-area-administracao-tributaria\/","og_locale":"pt_BR","og_type":"article","og_title":"ENTREVISTA: Felipe Abreu - Aprovado em 6\u00ba lugar na SEFAZ BA para Auditor Fiscal \/ \u00e1rea Administra\u00e7\u00e3o Tribut\u00e1ria","og_description":"&#8220;A aprova\u00e7\u00e3o chega para quem estuda. \u00c9 uma jornada de for\u00e7a bruta, de resist\u00eancia e cada um tem seu tempo. Os que se mant\u00eam firmes, colhem os resultados!&#8221; Confira nossa entrevista com Felipe Sim\u00f5es de Vasconcelos Abreu, aprovado em 6\u00ba lugar no concurso da Secretaria da Fazenda do Estado da Bahia para o cargo de [&hellip;]","og_url":"https:\/\/www.estrategiaconcursos.com.br\/blog\/entrevista-felipe-abreu-aprovado-em-6o-lugar-na-sefaz-ba-para-auditor-fiscal-area-administracao-tributaria\/","og_site_name":"Estrat\u00e9gia Concursos","article_author":"https:\/\/www.facebook.com\/EstrategiaConcursos","article_published_time":"2019-08-31T15:31:35+00:00","article_modified_time":"2023-01-06T14:21:20+00:00","og_image":[{"width":2410,"height":1311,"url":"https:\/\/dhg1h5j42swfq.cloudfront.net\/2019\/08\/31123318\/Felipe-home1.jpg","type":"image\/jpeg"}],"author":"Coordena\u00e7\u00e3o","twitter_card":"summary_large_image","twitter_creator":"@EstratConcursos","twitter_site":"@EstratConcursos","twitter_misc":{"Escrito por":"Coordena\u00e7\u00e3o","Est. tempo de leitura":"13 minutos"},"schema":{"@context":"https:\/\/schema.org","@graph":[{"@type":"NewsArticle","@id":"https:\/\/www.estrategiaconcursos.com.br\/blog\/entrevista-felipe-abreu-aprovado-em-6o-lugar-na-sefaz-ba-para-auditor-fiscal-area-administracao-tributaria\/#article","isPartOf":{"@id":"https:\/\/www.estrategiaconcursos.com.br\/blog\/entrevista-felipe-abreu-aprovado-em-6o-lugar-na-sefaz-ba-para-auditor-fiscal-area-administracao-tributaria\/"},"author":{"name":"Coordena\u00e7\u00e3o","@id":"https:\/\/www.estrategiaconcursos.com.br\/blog\/#\/schema\/person\/b4a388c97673c5f483d72185668afa1f"},"headline":"ENTREVISTA: Felipe Abreu &#8211; Aprovado em 6\u00ba lugar na SEFAZ BA para Auditor Fiscal \/ \u00e1rea Administra\u00e7\u00e3o Tribut\u00e1ria","datePublished":"2019-08-31T15:31:35+00:00","dateModified":"2023-01-06T14:21:20+00:00","mainEntityOfPage":{"@id":"https:\/\/www.estrategiaconcursos.com.br\/blog\/entrevista-felipe-abreu-aprovado-em-6o-lugar-na-sefaz-ba-para-auditor-fiscal-area-administracao-tributaria\/"},"wordCount":2629,"commentCount":0,"publisher":{"@id":"https:\/\/www.estrategiaconcursos.com.br\/blog\/#organization"},"image":{"@id":"https:\/\/www.estrategiaconcursos.com.br\/blog\/entrevista-felipe-abreu-aprovado-em-6o-lugar-na-sefaz-ba-para-auditor-fiscal-area-administracao-tributaria\/#primaryimage"},"thumbnailUrl":"https:\/\/dhg1h5j42swfq.cloudfront.net\/2019\/08\/31123318\/Felipe-home1.jpg","articleSection":["Concursos P\u00fablicos"],"inLanguage":"pt-BR","potentialAction":[{"@type":"CommentAction","name":"Comment","target":["https:\/\/www.estrategiaconcursos.com.br\/blog\/entrevista-felipe-abreu-aprovado-em-6o-lugar-na-sefaz-ba-para-auditor-fiscal-area-administracao-tributaria\/#respond"]}],"copyrightYear":"2019","copyrightHolder":{"@id":"https:\/\/www.estrategiaconcursos.com.br\/blog\/#organization"}},{"@type":"WebPage","@id":"https:\/\/www.estrategiaconcursos.com.br\/blog\/entrevista-felipe-abreu-aprovado-em-6o-lugar-na-sefaz-ba-para-auditor-fiscal-area-administracao-tributaria\/","url":"https:\/\/www.estrategiaconcursos.com.br\/blog\/entrevista-felipe-abreu-aprovado-em-6o-lugar-na-sefaz-ba-para-auditor-fiscal-area-administracao-tributaria\/","name":"ENTREVISTA: Felipe Abreu - Aprovado em 6\u00ba lugar na SEFAZ BA para Auditor Fiscal \/ \u00e1rea Administra\u00e7\u00e3o Tribut\u00e1ria","isPartOf":{"@id":"https:\/\/www.estrategiaconcursos.com.br\/blog\/#website"},"primaryImageOfPage":{"@id":"https:\/\/www.estrategiaconcursos.com.br\/blog\/entrevista-felipe-abreu-aprovado-em-6o-lugar-na-sefaz-ba-para-auditor-fiscal-area-administracao-tributaria\/#primaryimage"},"image":{"@id":"https:\/\/www.estrategiaconcursos.com.br\/blog\/entrevista-felipe-abreu-aprovado-em-6o-lugar-na-sefaz-ba-para-auditor-fiscal-area-administracao-tributaria\/#primaryimage"},"thumbnailUrl":"https:\/\/dhg1h5j42swfq.cloudfront.net\/2019\/08\/31123318\/Felipe-home1.jpg","datePublished":"2019-08-31T15:31:35+00:00","dateModified":"2023-01-06T14:21:20+00:00","breadcrumb":{"@id":"https:\/\/www.estrategiaconcursos.com.br\/blog\/entrevista-felipe-abreu-aprovado-em-6o-lugar-na-sefaz-ba-para-auditor-fiscal-area-administracao-tributaria\/#breadcrumb"},"inLanguage":"pt-BR","potentialAction":[{"@type":"ReadAction","target":["https:\/\/www.estrategiaconcursos.com.br\/blog\/entrevista-felipe-abreu-aprovado-em-6o-lugar-na-sefaz-ba-para-auditor-fiscal-area-administracao-tributaria\/"]}]},{"@type":"ImageObject","inLanguage":"pt-BR","@id":"https:\/\/www.estrategiaconcursos.com.br\/blog\/entrevista-felipe-abreu-aprovado-em-6o-lugar-na-sefaz-ba-para-auditor-fiscal-area-administracao-tributaria\/#primaryimage","url":"https:\/\/dhg1h5j42swfq.cloudfront.net\/2019\/08\/31123318\/Felipe-home1.jpg","contentUrl":"https:\/\/dhg1h5j42swfq.cloudfront.net\/2019\/08\/31123318\/Felipe-home1.jpg","width":2410,"height":1311},{"@type":"BreadcrumbList","@id":"https:\/\/www.estrategiaconcursos.com.br\/blog\/entrevista-felipe-abreu-aprovado-em-6o-lugar-na-sefaz-ba-para-auditor-fiscal-area-administracao-tributaria\/#breadcrumb","itemListElement":[{"@type":"ListItem","position":1,"name":"In\u00edcio","item":"https:\/\/www.estrategiaconcursos.com.br\/blog\/"},{"@type":"ListItem","position":2,"name":"ENTREVISTA: Felipe Abreu &#8211; Aprovado em 6\u00ba lugar na SEFAZ BA para Auditor Fiscal \/ \u00e1rea Administra\u00e7\u00e3o Tribut\u00e1ria"}]},{"@type":"WebSite","@id":"https:\/\/www.estrategiaconcursos.com.br\/blog\/#website","url":"https:\/\/www.estrategiaconcursos.com.br\/blog\/","name":"Estrat\u00e9gia Concursos","description":"O blog da Estrat\u00e9gia Concursos traz not\u00edcias sobre concursos e artigos de professores oferecendo cursos para concursos (pdf + videaulas) no site.","publisher":{"@id":"https:\/\/www.estrategiaconcursos.com.br\/blog\/#organization"},"potentialAction":[{"@type":"SearchAction","target":{"@type":"EntryPoint","urlTemplate":"https:\/\/www.estrategiaconcursos.com.br\/blog\/?s={search_term_string}"},"query-input":{"@type":"PropertyValueSpecification","valueRequired":true,"valueName":"search_term_string"}}],"inLanguage":"pt-BR"},{"@type":"Organization","@id":"https:\/\/www.estrategiaconcursos.com.br\/blog\/#organization","name":"Estrat\u00e9gia Concursos","url":"https:\/\/www.estrategiaconcursos.com.br\/blog\/","logo":{"@type":"ImageObject","inLanguage":"pt-BR","@id":"https:\/\/www.estrategiaconcursos.com.br\/blog\/#\/schema\/logo\/image\/","url":"https:\/\/dhg1h5j42swfq.cloudfront.net\/2025\/06\/03203428\/logo_concursos-1.jpg","contentUrl":"https:\/\/dhg1h5j42swfq.cloudfront.net\/2025\/06\/03203428\/logo_concursos-1.jpg","width":230,"height":60,"caption":"Estrat\u00e9gia Concursos"},"image":{"@id":"https:\/\/www.estrategiaconcursos.com.br\/blog\/#\/schema\/logo\/image\/"},"sameAs":["https:\/\/x.com\/EstratConcursos"]},{"@type":"Person","@id":"https:\/\/www.estrategiaconcursos.com.br\/blog\/#\/schema\/person\/b4a388c97673c5f483d72185668afa1f","name":"Coordena\u00e7\u00e3o","image":{"@type":"ImageObject","inLanguage":"pt-BR","@id":"https:\/\/secure.gravatar.com\/avatar\/b720319e4c9a967eb58678d110f4fe35452fc5d5f97b202bac7b8acceb18c6ad?s=96&d=mm&r=g","url":"https:\/\/secure.gravatar.com\/avatar\/b720319e4c9a967eb58678d110f4fe35452fc5d5f97b202bac7b8acceb18c6ad?s=96&d=mm&r=g","contentUrl":"https:\/\/secure.gravatar.com\/avatar\/b720319e4c9a967eb58678d110f4fe35452fc5d5f97b202bac7b8acceb18c6ad?s=96&d=mm&r=g","caption":"Coordena\u00e7\u00e3o"},"sameAs":["https:\/\/www.facebook.com\/EstrategiaConcursos","https:\/\/x.com\/EstratConcursos"],"url":"https:\/\/www.estrategiaconcursos.com.br\/blog\/author\/estrategia2013\/"}]}},"_links":{"self":[{"href":"https:\/\/www.estrategiaconcursos.com.br\/blog\/wp-json\/wp\/v2\/posts\/414986","targetHints":{"allow":["GET"]}}],"collection":[{"href":"https:\/\/www.estrategiaconcursos.com.br\/blog\/wp-json\/wp\/v2\/posts"}],"about":[{"href":"https:\/\/www.estrategiaconcursos.com.br\/blog\/wp-json\/wp\/v2\/types\/post"}],"author":[{"embeddable":true,"href":"https:\/\/www.estrategiaconcursos.com.br\/blog\/wp-json\/wp\/v2\/users\/1"}],"replies":[{"embeddable":true,"href":"https:\/\/www.estrategiaconcursos.com.br\/blog\/wp-json\/wp\/v2\/comments?post=414986"}],"version-history":[{"count":5,"href":"https:\/\/www.estrategiaconcursos.com.br\/blog\/wp-json\/wp\/v2\/posts\/414986\/revisions"}],"predecessor-version":[{"id":1148497,"href":"https:\/\/www.estrategiaconcursos.com.br\/blog\/wp-json\/wp\/v2\/posts\/414986\/revisions\/1148497"}],"wp:featuredmedia":[{"embeddable":true,"href":"https:\/\/www.estrategiaconcursos.com.br\/blog\/wp-json\/wp\/v2\/media\/414993"}],"wp:attachment":[{"href":"https:\/\/www.estrategiaconcursos.com.br\/blog\/wp-json\/wp\/v2\/media?parent=414986"}],"wp:term":[{"taxonomy":"category","embeddable":true,"href":"https:\/\/www.estrategiaconcursos.com.br\/blog\/wp-json\/wp\/v2\/categories?post=414986"},{"taxonomy":"post_tag","embeddable":true,"href":"https:\/\/www.estrategiaconcursos.com.br\/blog\/wp-json\/wp\/v2\/tags?post=414986"},{"taxonomy":"tax_estado","embeddable":true,"href":"https:\/\/www.estrategiaconcursos.com.br\/blog\/wp-json\/wp\/v2\/tax_estado?post=414986"}],"curies":[{"name":"wp","href":"https:\/\/api.w.org\/{rel}","templated":true}]}}