{"id":414947,"date":"2019-08-30T19:00:20","date_gmt":"2019-08-30T22:00:20","guid":{"rendered":"https:\/\/www.estrategiaconcursos.com.br\/blog\/?p=414947"},"modified":"2019-11-08T16:33:08","modified_gmt":"2019-11-08T19:33:08","slug":"concurso-sao-jose-dos-campos-procurador","status":"publish","type":"post","link":"https:\/\/www.estrategiaconcursos.com.br\/blog\/concurso-sao-jose-dos-campos-procurador\/","title":{"rendered":"Concurso PGM S\u00e3o Jos\u00e9 dos Campos: saiu edital com sal\u00e1rio de R$8 mil"},"content":{"rendered":"\n<p>Foi publicado o edital do concurso PGM S\u00e3o Jos\u00e9 dos Campos para o cargo de <strong>Procurador<\/strong>, com a oferta de 01 vaga imediata para o cargo. Al\u00e9m disso, a Prefeitura oferece outras 43 vagas para oportunidades de n\u00edvel m\u00e9dio e superior. <\/p>\n\n\n\n<p>Acompanhe neste artigo as principais informa\u00e7\u00f5es sobre este edital e saiba mais sobre o cargo de Procurador. Confira os t\u00f3picos:<\/p>\n\n\n\n<ul class=\"wp-block-list\"><li><strong><em><a href=\"#status-atual\">Status atual do concurso<\/a><\/em><\/strong><\/li><li><strong><em><a href=\"#cargo\">Conhe\u00e7a o cargo de Procurador<\/a><\/em><\/strong><\/li><li><strong><em><a href=\"#etapas\">Etapas<\/a><\/em><\/strong><\/li><li><strong><em><a href=\"#provas\">Provas<\/a><\/em><\/strong><\/li><li><strong><em><a href=\"#conteudo\">Conte\u00fado program\u00e1tico<\/a><\/em><\/strong><\/li><li><strong><em><a href=\"#julgamento\">Julgamento das provas<\/a><\/em><\/strong><\/li><li><strong><em><a href=\"#cursos-assinatura\">Cursos e Assinatura ilimitada<\/a><\/em><\/strong><\/li><li><strong><em><a href=\"#ficha-tecnica\">Ficha t\u00e9cnica<\/a><\/em><\/strong><\/li><\/ul>\n\n\n\n<h2 class=\"wp-block-heading\" id=\"status-atual\">Status atual do concurso PGM S\u00e3o Jos\u00e9 dos Campos<\/h2>\n\n\n\n<p>A Prefeitura Municipal de S\u00e3o Jos\u00e9 dos Campos publicou o edital de seu novo concurso p\u00fablico. O destaque neste artigo vai para o cargo de Procurador, o qual \u00e9 ofertada uma vaga imediata.<\/p>\n\n\n\n<p>Os interessados devem realizar as inscri\u00e7\u00f5es no site da Funda\u00e7\u00e3o Vunesp, banca organizadora do certame, entre os dias <strong>09 de setembro a 14 de outubro<\/strong>. O valor determinado para taxa deste cargo \u00e9 de R$ 82,00.<\/p>\n\n\n\n<p>O candidato nomeado prestar\u00e1 servi\u00e7os na Prefeitura, dentro do hor\u00e1rio estabelecido pela Administra\u00e7\u00e3o, podendo ser diurno e\/ou noturno, em dias de semana, s\u00e1bados, domingos e\/ou feriados, obedecida a jornada semanal de trabalho. <\/p>\n\n\n\n<h3 class=\"wp-block-heading\">Principais datas<\/h3>\n\n\n\n<p class=\"has-background has-very-light-gray-background-color\"><strong>Inscri\u00e7\u00f5es<\/strong>: 09 de setembro a 14 de outubro <br \/><strong>Provas<\/strong>: 01 de dezembro<\/p>\n\n\n\n<h2 class=\"wp-block-heading\" id=\"cargo\">Concurso PGM S\u00e3o Jos\u00e9 dos Campos: conhe\u00e7a o cargo<\/h2>\n\n\n\n<p>Para ingressar no cargo de Procurador, o candidato precisa possuir forma\u00e7\u00e3o de Ensino Superior Completo em Direito e Registro na Ordem dos Advogados do Brasil \u2013 OAB.<\/p>\n\n\n\n<p>O vencimento inicial oferecido \u00e9 de R$ 8.781,07, al\u00e9m da Gratifica\u00e7\u00e3o de Dedica\u00e7\u00e3o Exclusiva (GDE), de car\u00e1ter opcional, criada pela Lei Complementar n\u00ba 455\/2011, no valor de R$ 2.634,32.<\/p>\n\n\n\n<p>De acordo com Portal da Transpar\u00eancia da Prefeitura, os servidores que ocupam o cargo de Procurador, atualmente, recebem sal\u00e1rios que variam de R$ 10.990,50 a R$ 21.468,33.<\/p>\n\n\n\n<h3 class=\"wp-block-heading\">Atribui\u00e7\u00f5es do cargo<\/h3>\n\n\n\n<ul class=\"wp-block-list\"><li>Prestar assist\u00eancia jur\u00eddica \u00e0 municipalidade, representar judicial e extrajudicialmente o Munic\u00edpio, atuando em todos os atos do processo<\/li><li>Elaborar pareceres, minutas, projetos de lei, decretos e veto<\/li><li>Executar atividades inerentes ao planejamento, execu\u00e7\u00e3o e monitoramento de processos, procedimentos e informa\u00e7\u00f5es para efici\u00eancia e efetividade da gest\u00e3o municipal em sua \u00e1rea de atua\u00e7\u00e3o  <\/li><\/ul>\n\n\n\n<h2 class=\"wp-block-heading\" id=\"etapas\">Etapas do concurso PGM S\u00e3o Jos\u00e9 dos Campos<\/h2>\n\n\n\n<p>O concurso PGM S\u00e3o Jos\u00e9 dos Campos ser\u00e1 constitu\u00eddo por dois tipos de provas, ambas de car\u00e1ter eliminat\u00f3rio e classificat\u00f3rio, sendo elas:<\/p>\n\n\n\n<ul class=\"wp-block-list\"><li><strong>Prova Objetiva:<\/strong><ul><li><em>Conhecimentos Espec\u00edficos &#8211; 80 quest\u00f5es<\/em><\/li><li><strong>Data<\/strong>: 01 de dezembro<\/li><li><strong>Turno<\/strong>: manh\u00e3<\/li><li><strong>Dura\u00e7\u00e3o<\/strong>: 4 horas<\/li><\/ul><\/li><\/ul>\n\n\n\n<ul class=\"wp-block-list\"><li><strong>Prova Pr\u00e1tico-Profissional:<\/strong><ul><li><em>Pe\u00e7a Processual  <\/em><\/li><li><strong>Data<\/strong>: 01 de dezembro<\/li><li><strong>Turno<\/strong>: tarde<\/li><li><strong>Dura\u00e7\u00e3o<\/strong>: 2 horas<\/li><\/ul><\/li><\/ul>\n\n\n\n<h3 class=\"wp-block-heading\" id=\"provas\">Provas<\/h3>\n\n\n\n<p>A <strong>prova objetiva<\/strong> visa avaliar o grau de conhecimento geral do candidato. Al\u00e9m da capacidade de an\u00e1lise, entendimento e interpreta\u00e7\u00e3o de informa\u00e7\u00f5es, habilidade de trabalhar com estrutura l\u00f3gica das rela\u00e7\u00f5es, capacidade dedutiva e conhecimentos t\u00e9cnicos espec\u00edficos do cargo.<\/p>\n\n\n\n<p>Este exame \u00e9 formado por quest\u00f5es de m\u00faltipla escolha, com 5 alternativas cada uma, sendo apenas uma alternativa correta. <\/p>\n\n\n\n<p>A <strong>prova pr\u00e1tico-profissional<\/strong> destina-se a avaliar o dom\u00ednio do conhecimento jur\u00eddico e da pr\u00e1tica processual, o desenvolvimento do tema na estrutura proposta. <\/p>\n\n\n\n<p>Al\u00e9m disso, visa distinguir o dom\u00ednio da norma-padr\u00e3o, a adequa\u00e7\u00e3o da linguagem, a articula\u00e7\u00e3o do racioc\u00ednio jur\u00eddico e a capacidade de argumenta\u00e7\u00e3o, necess\u00e1rios ao desempenho do cargo. <\/p>\n\n\n\n<h3 class=\"wp-block-heading\" id=\"conteudo\">Conte\u00fado program\u00e1tico<\/h3>\n\n\n\n<p style=\"font-size:18px\"><em><strong>Conhecimentos Espec\u00edficos<\/strong><\/em><\/p>\n\n\n\n<ul class=\"wp-block-list\"><li><em>Direito Constitucional  <\/em><\/li><li><em>Direito Administrativo  <\/em><\/li><li><em>Direito Civil  <\/em><\/li><li><em>Direito Processual Civil  <\/em><\/li><li><em>Direitos Difusos e Coletivos  <\/em><\/li><li><em>Direito Tribut\u00e1rio  <\/em><\/li><li><em>Direito Financeiro  <\/em><\/li><li><em>Direito Penal e Legisla\u00e7\u00e3o Penal Especial  <\/em><\/li><li><em>Direito Processual Penal  <\/em><\/li><li><em>Legisla\u00e7\u00e3o Municipal  <\/em><\/li><\/ul>\n\n\n\n<h2 class=\"wp-block-heading\" id=\"julgamento\">Concurso PGM S\u00e3o Jos\u00e9 dos Campos: julgamento das provas<\/h2>\n\n\n\n<p><strong><em>Prova Objetiva<\/em><\/strong><\/p>\n\n\n\n<p>A prova objetiva ser\u00e1 avaliada na escala de 0 a 100 pontos. Ser\u00e1 considerado habilitado, o candidato que obtiver nota igual ou superior a 50 pontos. <\/p>\n\n\n\n<p><strong><em>Prova Pr\u00e1tico-Profissional<\/em><\/strong><\/p>\n\n\n\n<p>Ser\u00e1 corrigida a prova pr\u00e1tico-profissional dos 70 primeiros candidatos mais bem habilitados na prova objetiva, na propor\u00e7\u00e3o constante no quadro adiante: <\/p>\n\n\n\n<p style=\"background-color:#e4f5ff;text-align:center\" class=\"has-background\"><strong>Quantidade de provas pr\u00e1tico-profissional que ser\u00e3o corrigidas <\/strong><\/p>\n\n\n\n<table class=\"wp-block-table aligncenter has-subtle-pale-blue-background-color has-fixed-layout has-background is-style-stripes\"><tbody><tr><td><strong> Ampla Concorr\u00eancia <\/strong><\/td><td><strong> Candidatos Deficientes  <\/strong><\/td><\/tr><tr><td> 60  <\/td><td> 10  <\/td><\/tr><\/tbody><\/table>\n\n\n\n<h2 class=\"wp-block-heading\" style=\"text-align:center\" id=\"cursos-assinatura\"><br \/><strong><em>Quer estudar para o Concurso PGM S\u00e3o Jos\u00e9 dos Campos?<\/em><\/strong><\/h2>\n\n\n\n<p style=\"text-align:center\"><em>Gostou desta oportunidade e deseja come\u00e7ar se preparar agora mesmo? Ent\u00e3o, acompanhe nossa p\u00e1gina, pois em breve o Estrat\u00e9gia lan\u00e7ar\u00e1 curso para este concurso:<\/em><\/p>\n\n\n\n<p style=\"font-size:23px;text-align:center\" class=\"has-background has-light-green-cyan-background-color\"><strong><a rel=\"noreferrer noopener\" aria-label=\"Curso S\u00e3o Jos\u00e9 dos Campos Procurador (abre numa nova aba)\" href=\"https:\/\/www.estrategiaconcursos.com.br\/cursosPorConcurso\/prefeitura-municipal-de-sao-jose-dos-campos-sp\/\" target=\"_blank\">Curso PGM S\u00e3o Jos\u00e9 dos Campos<\/a><\/strong><\/p>\n\n\n\n<p style=\"text-align:center\" class=\"has-medium-font-size\"><em><strong>Assinatura Anual Ilimitada*<\/strong><\/em><\/p>\n\n\n\n<p style=\"text-align:center\"><em>Prepare-se com o melhor material e com quem mais aprova em Concursos P\u00fablicos em todo o pa\u00eds. Assine agora a nossa Assinatura Anual e tenha acesso ilimitado* a todos os nossos cursos.<\/em><\/p>\n\n\n\n<p style=\"font-size:22px;text-align:center\" class=\"has-background has-luminous-vivid-amber-background-color\"><strong>ASSINE AGORA<\/strong>&nbsp;\u2013&nbsp;<strong><a href=\"https:\/\/www.estrategiaconcursos.com.br\/assinaturas\" target=\"_blank\" rel=\"noreferrer noopener\" aria-label=\"Assinatura Ilimitada (abre numa nova aba)\">Assinatura Ilimitada<\/a><\/strong><\/p>\n\n\n\n<p style=\"text-align:center\" class=\"has-medium-font-size\"><em><strong>Fique por dentro de todos os concursos<\/strong><\/em>:<\/p>\n\n\n\n<p style=\"font-size:22px;text-align:center\" class=\"has-background has-pale-cyan-blue-background-color\"><a rel=\"noreferrer noopener\" aria-label=\"Concursos abertos (abre numa nova aba)\" href=\"https:\/\/www.estrategiaconcursos.com.br\/blog\/concursos-abertos\/\" target=\"_blank\"><strong>Concursos abertos<\/strong><\/a><\/p>\n\n\n\n<p style=\"font-size:22px;text-align:center\" class=\"has-background has-pale-cyan-blue-background-color\"><a rel=\"noreferrer noopener\" aria-label=\"Concursos 2019 (abre numa nova aba)\" href=\"https:\/\/www.estrategiaconcursos.com.br\/blog\/concursos-2019\/\" target=\"_blank\"><strong>Concursos 2019<\/strong><\/a><\/p>\n\n\n\n<p style=\"font-size:22px;text-align:center\" class=\"has-background has-pale-cyan-blue-background-color\"><a rel=\"noreferrer noopener\" aria-label=\"Concursos 2020 (abre numa nova aba)\" href=\"https:\/\/www.estrategiaconcursos.com.br\/blog\/concursos-2020\/\" target=\"_blank\"><strong>Concursos 2020<\/strong><\/a><\/p>\n\n\n\n<figure class=\"wp-block-image\"><img loading=\"lazy\" decoding=\"async\" width=\"300\" height=\"102\" src=\"https:\/\/dhg1h5j42swfq.cloudfront.net\/2017\/03\/28152500\/coruja-ficha-tecnica-300x102.png\" alt=\"Ficha t\u00e9cnica do concurso PGM S\u00e3o Jos\u00e9 dos Campos \" class=\"wp-image-68542\"\/><\/figure>\n\n\n\n<h3 class=\"wp-block-heading\" id=\"ficha-tecnica\"><strong>Informa\u00e7\u00f5es sobre o concurso PGM S\u00e3o Jos\u00e9 dos Campos <\/strong><\/h3>\n\n\n\n<p>\u25ba<strong>Inscri\u00e7\u00f5es<\/strong>: 09 de setembro a 14 de outubro <br \/>\u25ba<strong>Provas<\/strong>: 01 de dezembro<br \/>\u25ba<strong>Vagas<\/strong>: 01<br \/>\u25ba<strong>Cargo<\/strong>: Procurador<br \/>\u25ba<strong>Banca<\/strong>: Vunesp<br \/>\u25ba<strong>Escolaridade<\/strong>: N\u00edvel superior<br \/>\u25ba<strong>Edital<\/strong>: <strong><a rel=\"noreferrer noopener\" aria-label=\"Edital SJC - Procurador (abre numa nova aba)\" href=\"https:\/\/documento.vunesp.com.br\/documento\/stream\/MTMyNDc5MA%3d%3d\" target=\"_blank\">Edital SJC &#8211; Procurador<\/a><\/strong><br \/>\u25ba<strong>Outras oportunidades<\/strong>: <a rel=\"noreferrer noopener\" aria-label=\"Concurso S\u00e3o Jos\u00e9 dos Campos - 2019 (abre numa nova aba)\" href=\"https:\/\/www.estrategiaconcursos.com.br\/blog\/edital-prefeitura-sao-jose-dos-campos\/\" target=\"_blank\"><strong>Concurso S\u00e3o Jos\u00e9 dos Campos &#8211; 2019<\/strong><\/a><\/p>\n\n\n\n<p><em>Ascom Estrat\u00e9gia<\/em><br \/>ascomestrategia@gmail.com<\/p>\n","protected":false},"excerpt":{"rendered":"<p>Foi publicado o edital do concurso PGM S\u00e3o Jos\u00e9 dos Campos para o cargo de Procurador, com a oferta de 01 vaga imediata para o cargo. Al\u00e9m disso, a Prefeitura oferece outras 43 vagas para oportunidades de n\u00edvel m\u00e9dio e superior. Acompanhe neste artigo as principais informa\u00e7\u00f5es sobre este edital e saiba mais sobre o [&hellip;]<\/p>\n","protected":false},"author":1,"featured_media":146144,"comment_status":"open","ping_status":"closed","sticky":false,"template":"","format":"standard","meta":{"post_tipo":"news","footnotes":""},"categories":[1,2185],"tags":[],"tax_estado":[],"class_list":["post-414947","post","type-post","status-publish","format-standard","has-post-thumbnail","hentry","category-cursos-e-concursos","category-carreiras-juridicas"],"acf":[],"yoast_head":"<!-- This site is optimized with the Yoast SEO Premium plugin v27.2 (Yoast SEO v27.2) - https:\/\/yoast.com\/product\/yoast-seo-premium-wordpress\/ -->\n<title>Concurso PGM S\u00e3o Jos\u00e9 dos Campos: saiu edital com sal\u00e1rio de R$8 mil<\/title>\n<meta name=\"description\" content=\"Concurso PGM S\u00e3o Jos\u00e9 dos Campos: Publicado edital com vaga para Procurador do munic\u00edpio e sal\u00e1rio inicial de R$ 8 mil. Saiba mais!\" \/>\n<meta name=\"robots\" content=\"index, follow, max-snippet:-1, max-image-preview:large, max-video-preview:-1\" \/>\n<link rel=\"canonical\" href=\"https:\/\/www.estrategiaconcursos.com.br\/blog\/concurso-sao-jose-dos-campos-procurador\/\" \/>\n<meta property=\"og:locale\" content=\"pt_BR\" \/>\n<meta property=\"og:type\" content=\"article\" \/>\n<meta property=\"og:title\" content=\"Concurso PGM S\u00e3o Jos\u00e9 dos Campos: saiu edital com sal\u00e1rio de R$8 mil\" \/>\n<meta property=\"og:description\" content=\"Concurso PGM S\u00e3o Jos\u00e9 dos Campos: Publicado edital com vaga para Procurador do munic\u00edpio e sal\u00e1rio inicial de R$ 8 mil. Saiba mais!\" \/>\n<meta property=\"og:url\" content=\"https:\/\/www.estrategiaconcursos.com.br\/blog\/concurso-sao-jose-dos-campos-procurador\/\" \/>\n<meta property=\"og:site_name\" content=\"Estrat\u00e9gia Concursos\" \/>\n<meta property=\"article:author\" content=\"https:\/\/www.facebook.com\/EstrategiaConcursos\" \/>\n<meta property=\"article:published_time\" content=\"2019-08-30T22:00:20+00:00\" \/>\n<meta property=\"article:modified_time\" content=\"2019-11-08T19:33:08+00:00\" \/>\n<meta property=\"og:image\" content=\"https:\/\/dhg1h5j42swfq.cloudfront.net\/2018\/10\/08173718\/saiu-edital.jpg\" \/>\n\t<meta property=\"og:image:width\" content=\"400\" \/>\n\t<meta property=\"og:image:height\" content=\"209\" \/>\n\t<meta property=\"og:image:type\" content=\"image\/jpeg\" \/>\n<meta name=\"author\" content=\"Coordena\u00e7\u00e3o\" \/>\n<meta name=\"twitter:card\" content=\"summary_large_image\" \/>\n<meta name=\"twitter:creator\" content=\"@EstratConcursos\" \/>\n<meta name=\"twitter:site\" content=\"@EstratConcursos\" \/>\n<meta name=\"twitter:label1\" content=\"Escrito por\" \/>\n\t<meta name=\"twitter:data1\" content=\"Coordena\u00e7\u00e3o\" \/>\n\t<meta name=\"twitter:label2\" content=\"Est. tempo de leitura\" \/>\n\t<meta name=\"twitter:data2\" content=\"4 minutos\" \/>\n<script type=\"application\/ld+json\" class=\"yoast-schema-graph\">{\"@context\":\"https:\/\/schema.org\",\"@graph\":[{\"@type\":\"NewsArticle\",\"@id\":\"https:\/\/www.estrategiaconcursos.com.br\/blog\/concurso-sao-jose-dos-campos-procurador\/#article\",\"isPartOf\":{\"@id\":\"https:\/\/www.estrategiaconcursos.com.br\/blog\/concurso-sao-jose-dos-campos-procurador\/\"},\"author\":{\"name\":\"Coordena\u00e7\u00e3o\",\"@id\":\"https:\/\/www.estrategiaconcursos.com.br\/blog\/#\/schema\/person\/b4a388c97673c5f483d72185668afa1f\"},\"headline\":\"Concurso PGM S\u00e3o Jos\u00e9 dos Campos: saiu edital com sal\u00e1rio de R$8 mil\",\"datePublished\":\"2019-08-30T22:00:20+00:00\",\"dateModified\":\"2019-11-08T19:33:08+00:00\",\"mainEntityOfPage\":{\"@id\":\"https:\/\/www.estrategiaconcursos.com.br\/blog\/concurso-sao-jose-dos-campos-procurador\/\"},\"wordCount\":848,\"commentCount\":0,\"publisher\":{\"@id\":\"https:\/\/www.estrategiaconcursos.com.br\/blog\/#organization\"},\"image\":{\"@id\":\"https:\/\/www.estrategiaconcursos.com.br\/blog\/concurso-sao-jose-dos-campos-procurador\/#primaryimage\"},\"thumbnailUrl\":\"https:\/\/dhg1h5j42swfq.cloudfront.net\/2018\/10\/08173718\/saiu-edital.jpg\",\"articleSection\":[\"Concursos P\u00fablicos\",\"Jur\u00eddico\"],\"inLanguage\":\"pt-BR\",\"potentialAction\":[{\"@type\":\"CommentAction\",\"name\":\"Comment\",\"target\":[\"https:\/\/www.estrategiaconcursos.com.br\/blog\/concurso-sao-jose-dos-campos-procurador\/#respond\"]}],\"copyrightYear\":\"2019\",\"copyrightHolder\":{\"@id\":\"https:\/\/www.estrategiaconcursos.com.br\/blog\/#organization\"}},{\"@type\":\"WebPage\",\"@id\":\"https:\/\/www.estrategiaconcursos.com.br\/blog\/concurso-sao-jose-dos-campos-procurador\/\",\"url\":\"https:\/\/www.estrategiaconcursos.com.br\/blog\/concurso-sao-jose-dos-campos-procurador\/\",\"name\":\"Concurso PGM S\u00e3o Jos\u00e9 dos Campos: saiu edital com sal\u00e1rio de R$8 mil\",\"isPartOf\":{\"@id\":\"https:\/\/www.estrategiaconcursos.com.br\/blog\/#website\"},\"primaryImageOfPage\":{\"@id\":\"https:\/\/www.estrategiaconcursos.com.br\/blog\/concurso-sao-jose-dos-campos-procurador\/#primaryimage\"},\"image\":{\"@id\":\"https:\/\/www.estrategiaconcursos.com.br\/blog\/concurso-sao-jose-dos-campos-procurador\/#primaryimage\"},\"thumbnailUrl\":\"https:\/\/dhg1h5j42swfq.cloudfront.net\/2018\/10\/08173718\/saiu-edital.jpg\",\"datePublished\":\"2019-08-30T22:00:20+00:00\",\"dateModified\":\"2019-11-08T19:33:08+00:00\",\"description\":\"Concurso PGM S\u00e3o Jos\u00e9 dos Campos: Publicado edital com vaga para Procurador do munic\u00edpio e sal\u00e1rio inicial de R$ 8 mil. Saiba mais!\",\"breadcrumb\":{\"@id\":\"https:\/\/www.estrategiaconcursos.com.br\/blog\/concurso-sao-jose-dos-campos-procurador\/#breadcrumb\"},\"inLanguage\":\"pt-BR\",\"potentialAction\":[{\"@type\":\"ReadAction\",\"target\":[\"https:\/\/www.estrategiaconcursos.com.br\/blog\/concurso-sao-jose-dos-campos-procurador\/\"]}]},{\"@type\":\"ImageObject\",\"inLanguage\":\"pt-BR\",\"@id\":\"https:\/\/www.estrategiaconcursos.com.br\/blog\/concurso-sao-jose-dos-campos-procurador\/#primaryimage\",\"url\":\"https:\/\/dhg1h5j42swfq.cloudfront.net\/2018\/10\/08173718\/saiu-edital.jpg\",\"contentUrl\":\"https:\/\/dhg1h5j42swfq.cloudfront.net\/2018\/10\/08173718\/saiu-edital.jpg\",\"width\":400,\"height\":209,\"caption\":\"CONCURSO CRESS DF\"},{\"@type\":\"BreadcrumbList\",\"@id\":\"https:\/\/www.estrategiaconcursos.com.br\/blog\/concurso-sao-jose-dos-campos-procurador\/#breadcrumb\",\"itemListElement\":[{\"@type\":\"ListItem\",\"position\":1,\"name\":\"In\u00edcio\",\"item\":\"https:\/\/www.estrategiaconcursos.com.br\/blog\/\"},{\"@type\":\"ListItem\",\"position\":2,\"name\":\"Concurso PGM S\u00e3o Jos\u00e9 dos Campos: saiu edital com sal\u00e1rio de R$8 mil\"}]},{\"@type\":\"WebSite\",\"@id\":\"https:\/\/www.estrategiaconcursos.com.br\/blog\/#website\",\"url\":\"https:\/\/www.estrategiaconcursos.com.br\/blog\/\",\"name\":\"Estrat\u00e9gia Concursos\",\"description\":\"O blog da Estrat\u00e9gia Concursos traz not\u00edcias sobre concursos e artigos de professores oferecendo cursos para concursos (pdf + videaulas) no site.\",\"publisher\":{\"@id\":\"https:\/\/www.estrategiaconcursos.com.br\/blog\/#organization\"},\"potentialAction\":[{\"@type\":\"SearchAction\",\"target\":{\"@type\":\"EntryPoint\",\"urlTemplate\":\"https:\/\/www.estrategiaconcursos.com.br\/blog\/?s={search_term_string}\"},\"query-input\":{\"@type\":\"PropertyValueSpecification\",\"valueRequired\":true,\"valueName\":\"search_term_string\"}}],\"inLanguage\":\"pt-BR\"},{\"@type\":\"Organization\",\"@id\":\"https:\/\/www.estrategiaconcursos.com.br\/blog\/#organization\",\"name\":\"Estrat\u00e9gia Concursos\",\"url\":\"https:\/\/www.estrategiaconcursos.com.br\/blog\/\",\"logo\":{\"@type\":\"ImageObject\",\"inLanguage\":\"pt-BR\",\"@id\":\"https:\/\/www.estrategiaconcursos.com.br\/blog\/#\/schema\/logo\/image\/\",\"url\":\"https:\/\/dhg1h5j42swfq.cloudfront.net\/2025\/06\/03203428\/logo_concursos-1.jpg\",\"contentUrl\":\"https:\/\/dhg1h5j42swfq.cloudfront.net\/2025\/06\/03203428\/logo_concursos-1.jpg\",\"width\":230,\"height\":60,\"caption\":\"Estrat\u00e9gia Concursos\"},\"image\":{\"@id\":\"https:\/\/www.estrategiaconcursos.com.br\/blog\/#\/schema\/logo\/image\/\"},\"sameAs\":[\"https:\/\/x.com\/EstratConcursos\"]},{\"@type\":\"Person\",\"@id\":\"https:\/\/www.estrategiaconcursos.com.br\/blog\/#\/schema\/person\/b4a388c97673c5f483d72185668afa1f\",\"name\":\"Coordena\u00e7\u00e3o\",\"image\":{\"@type\":\"ImageObject\",\"inLanguage\":\"pt-BR\",\"@id\":\"https:\/\/secure.gravatar.com\/avatar\/b720319e4c9a967eb58678d110f4fe35452fc5d5f97b202bac7b8acceb18c6ad?s=96&d=mm&r=g\",\"url\":\"https:\/\/secure.gravatar.com\/avatar\/b720319e4c9a967eb58678d110f4fe35452fc5d5f97b202bac7b8acceb18c6ad?s=96&d=mm&r=g\",\"contentUrl\":\"https:\/\/secure.gravatar.com\/avatar\/b720319e4c9a967eb58678d110f4fe35452fc5d5f97b202bac7b8acceb18c6ad?s=96&d=mm&r=g\",\"caption\":\"Coordena\u00e7\u00e3o\"},\"sameAs\":[\"https:\/\/www.facebook.com\/EstrategiaConcursos\",\"https:\/\/x.com\/EstratConcursos\"],\"url\":\"https:\/\/www.estrategiaconcursos.com.br\/blog\/author\/estrategia2013\/\"}]}<\/script>\n<!-- \/ Yoast SEO Premium plugin. -->","yoast_head_json":{"title":"Concurso PGM S\u00e3o Jos\u00e9 dos Campos: saiu edital com sal\u00e1rio de R$8 mil","description":"Concurso PGM S\u00e3o Jos\u00e9 dos Campos: Publicado edital com vaga para Procurador do munic\u00edpio e sal\u00e1rio inicial de R$ 8 mil. Saiba mais!","robots":{"index":"index","follow":"follow","max-snippet":"max-snippet:-1","max-image-preview":"max-image-preview:large","max-video-preview":"max-video-preview:-1"},"canonical":"https:\/\/www.estrategiaconcursos.com.br\/blog\/concurso-sao-jose-dos-campos-procurador\/","og_locale":"pt_BR","og_type":"article","og_title":"Concurso PGM S\u00e3o Jos\u00e9 dos Campos: saiu edital com sal\u00e1rio de R$8 mil","og_description":"Concurso PGM S\u00e3o Jos\u00e9 dos Campos: Publicado edital com vaga para Procurador do munic\u00edpio e sal\u00e1rio inicial de R$ 8 mil. Saiba mais!","og_url":"https:\/\/www.estrategiaconcursos.com.br\/blog\/concurso-sao-jose-dos-campos-procurador\/","og_site_name":"Estrat\u00e9gia Concursos","article_author":"https:\/\/www.facebook.com\/EstrategiaConcursos","article_published_time":"2019-08-30T22:00:20+00:00","article_modified_time":"2019-11-08T19:33:08+00:00","og_image":[{"width":400,"height":209,"url":"https:\/\/dhg1h5j42swfq.cloudfront.net\/2018\/10\/08173718\/saiu-edital.jpg","type":"image\/jpeg"}],"author":"Coordena\u00e7\u00e3o","twitter_card":"summary_large_image","twitter_creator":"@EstratConcursos","twitter_site":"@EstratConcursos","twitter_misc":{"Escrito por":"Coordena\u00e7\u00e3o","Est. tempo de leitura":"4 minutos"},"schema":{"@context":"https:\/\/schema.org","@graph":[{"@type":"NewsArticle","@id":"https:\/\/www.estrategiaconcursos.com.br\/blog\/concurso-sao-jose-dos-campos-procurador\/#article","isPartOf":{"@id":"https:\/\/www.estrategiaconcursos.com.br\/blog\/concurso-sao-jose-dos-campos-procurador\/"},"author":{"name":"Coordena\u00e7\u00e3o","@id":"https:\/\/www.estrategiaconcursos.com.br\/blog\/#\/schema\/person\/b4a388c97673c5f483d72185668afa1f"},"headline":"Concurso PGM S\u00e3o Jos\u00e9 dos Campos: saiu edital com sal\u00e1rio de R$8 mil","datePublished":"2019-08-30T22:00:20+00:00","dateModified":"2019-11-08T19:33:08+00:00","mainEntityOfPage":{"@id":"https:\/\/www.estrategiaconcursos.com.br\/blog\/concurso-sao-jose-dos-campos-procurador\/"},"wordCount":848,"commentCount":0,"publisher":{"@id":"https:\/\/www.estrategiaconcursos.com.br\/blog\/#organization"},"image":{"@id":"https:\/\/www.estrategiaconcursos.com.br\/blog\/concurso-sao-jose-dos-campos-procurador\/#primaryimage"},"thumbnailUrl":"https:\/\/dhg1h5j42swfq.cloudfront.net\/2018\/10\/08173718\/saiu-edital.jpg","articleSection":["Concursos P\u00fablicos","Jur\u00eddico"],"inLanguage":"pt-BR","potentialAction":[{"@type":"CommentAction","name":"Comment","target":["https:\/\/www.estrategiaconcursos.com.br\/blog\/concurso-sao-jose-dos-campos-procurador\/#respond"]}],"copyrightYear":"2019","copyrightHolder":{"@id":"https:\/\/www.estrategiaconcursos.com.br\/blog\/#organization"}},{"@type":"WebPage","@id":"https:\/\/www.estrategiaconcursos.com.br\/blog\/concurso-sao-jose-dos-campos-procurador\/","url":"https:\/\/www.estrategiaconcursos.com.br\/blog\/concurso-sao-jose-dos-campos-procurador\/","name":"Concurso PGM S\u00e3o Jos\u00e9 dos Campos: saiu edital com sal\u00e1rio de R$8 mil","isPartOf":{"@id":"https:\/\/www.estrategiaconcursos.com.br\/blog\/#website"},"primaryImageOfPage":{"@id":"https:\/\/www.estrategiaconcursos.com.br\/blog\/concurso-sao-jose-dos-campos-procurador\/#primaryimage"},"image":{"@id":"https:\/\/www.estrategiaconcursos.com.br\/blog\/concurso-sao-jose-dos-campos-procurador\/#primaryimage"},"thumbnailUrl":"https:\/\/dhg1h5j42swfq.cloudfront.net\/2018\/10\/08173718\/saiu-edital.jpg","datePublished":"2019-08-30T22:00:20+00:00","dateModified":"2019-11-08T19:33:08+00:00","description":"Concurso PGM S\u00e3o Jos\u00e9 dos Campos: Publicado edital com vaga para Procurador do munic\u00edpio e sal\u00e1rio inicial de R$ 8 mil. Saiba mais!","breadcrumb":{"@id":"https:\/\/www.estrategiaconcursos.com.br\/blog\/concurso-sao-jose-dos-campos-procurador\/#breadcrumb"},"inLanguage":"pt-BR","potentialAction":[{"@type":"ReadAction","target":["https:\/\/www.estrategiaconcursos.com.br\/blog\/concurso-sao-jose-dos-campos-procurador\/"]}]},{"@type":"ImageObject","inLanguage":"pt-BR","@id":"https:\/\/www.estrategiaconcursos.com.br\/blog\/concurso-sao-jose-dos-campos-procurador\/#primaryimage","url":"https:\/\/dhg1h5j42swfq.cloudfront.net\/2018\/10\/08173718\/saiu-edital.jpg","contentUrl":"https:\/\/dhg1h5j42swfq.cloudfront.net\/2018\/10\/08173718\/saiu-edital.jpg","width":400,"height":209,"caption":"CONCURSO CRESS DF"},{"@type":"BreadcrumbList","@id":"https:\/\/www.estrategiaconcursos.com.br\/blog\/concurso-sao-jose-dos-campos-procurador\/#breadcrumb","itemListElement":[{"@type":"ListItem","position":1,"name":"In\u00edcio","item":"https:\/\/www.estrategiaconcursos.com.br\/blog\/"},{"@type":"ListItem","position":2,"name":"Concurso PGM S\u00e3o Jos\u00e9 dos Campos: saiu edital com sal\u00e1rio de R$8 mil"}]},{"@type":"WebSite","@id":"https:\/\/www.estrategiaconcursos.com.br\/blog\/#website","url":"https:\/\/www.estrategiaconcursos.com.br\/blog\/","name":"Estrat\u00e9gia Concursos","description":"O blog da Estrat\u00e9gia Concursos traz not\u00edcias sobre concursos e artigos de professores oferecendo cursos para concursos (pdf + videaulas) no site.","publisher":{"@id":"https:\/\/www.estrategiaconcursos.com.br\/blog\/#organization"},"potentialAction":[{"@type":"SearchAction","target":{"@type":"EntryPoint","urlTemplate":"https:\/\/www.estrategiaconcursos.com.br\/blog\/?s={search_term_string}"},"query-input":{"@type":"PropertyValueSpecification","valueRequired":true,"valueName":"search_term_string"}}],"inLanguage":"pt-BR"},{"@type":"Organization","@id":"https:\/\/www.estrategiaconcursos.com.br\/blog\/#organization","name":"Estrat\u00e9gia Concursos","url":"https:\/\/www.estrategiaconcursos.com.br\/blog\/","logo":{"@type":"ImageObject","inLanguage":"pt-BR","@id":"https:\/\/www.estrategiaconcursos.com.br\/blog\/#\/schema\/logo\/image\/","url":"https:\/\/dhg1h5j42swfq.cloudfront.net\/2025\/06\/03203428\/logo_concursos-1.jpg","contentUrl":"https:\/\/dhg1h5j42swfq.cloudfront.net\/2025\/06\/03203428\/logo_concursos-1.jpg","width":230,"height":60,"caption":"Estrat\u00e9gia Concursos"},"image":{"@id":"https:\/\/www.estrategiaconcursos.com.br\/blog\/#\/schema\/logo\/image\/"},"sameAs":["https:\/\/x.com\/EstratConcursos"]},{"@type":"Person","@id":"https:\/\/www.estrategiaconcursos.com.br\/blog\/#\/schema\/person\/b4a388c97673c5f483d72185668afa1f","name":"Coordena\u00e7\u00e3o","image":{"@type":"ImageObject","inLanguage":"pt-BR","@id":"https:\/\/secure.gravatar.com\/avatar\/b720319e4c9a967eb58678d110f4fe35452fc5d5f97b202bac7b8acceb18c6ad?s=96&d=mm&r=g","url":"https:\/\/secure.gravatar.com\/avatar\/b720319e4c9a967eb58678d110f4fe35452fc5d5f97b202bac7b8acceb18c6ad?s=96&d=mm&r=g","contentUrl":"https:\/\/secure.gravatar.com\/avatar\/b720319e4c9a967eb58678d110f4fe35452fc5d5f97b202bac7b8acceb18c6ad?s=96&d=mm&r=g","caption":"Coordena\u00e7\u00e3o"},"sameAs":["https:\/\/www.facebook.com\/EstrategiaConcursos","https:\/\/x.com\/EstratConcursos"],"url":"https:\/\/www.estrategiaconcursos.com.br\/blog\/author\/estrategia2013\/"}]}},"_links":{"self":[{"href":"https:\/\/www.estrategiaconcursos.com.br\/blog\/wp-json\/wp\/v2\/posts\/414947","targetHints":{"allow":["GET"]}}],"collection":[{"href":"https:\/\/www.estrategiaconcursos.com.br\/blog\/wp-json\/wp\/v2\/posts"}],"about":[{"href":"https:\/\/www.estrategiaconcursos.com.br\/blog\/wp-json\/wp\/v2\/types\/post"}],"author":[{"embeddable":true,"href":"https:\/\/www.estrategiaconcursos.com.br\/blog\/wp-json\/wp\/v2\/users\/1"}],"replies":[{"embeddable":true,"href":"https:\/\/www.estrategiaconcursos.com.br\/blog\/wp-json\/wp\/v2\/comments?post=414947"}],"version-history":[{"count":12,"href":"https:\/\/www.estrategiaconcursos.com.br\/blog\/wp-json\/wp\/v2\/posts\/414947\/revisions"}],"predecessor-version":[{"id":415822,"href":"https:\/\/www.estrategiaconcursos.com.br\/blog\/wp-json\/wp\/v2\/posts\/414947\/revisions\/415822"}],"wp:featuredmedia":[{"embeddable":true,"href":"https:\/\/www.estrategiaconcursos.com.br\/blog\/wp-json\/wp\/v2\/media\/146144"}],"wp:attachment":[{"href":"https:\/\/www.estrategiaconcursos.com.br\/blog\/wp-json\/wp\/v2\/media?parent=414947"}],"wp:term":[{"taxonomy":"category","embeddable":true,"href":"https:\/\/www.estrategiaconcursos.com.br\/blog\/wp-json\/wp\/v2\/categories?post=414947"},{"taxonomy":"post_tag","embeddable":true,"href":"https:\/\/www.estrategiaconcursos.com.br\/blog\/wp-json\/wp\/v2\/tags?post=414947"},{"taxonomy":"tax_estado","embeddable":true,"href":"https:\/\/www.estrategiaconcursos.com.br\/blog\/wp-json\/wp\/v2\/tax_estado?post=414947"}],"curies":[{"name":"wp","href":"https:\/\/api.w.org\/{rel}","templated":true}]}}