{"id":414819,"date":"2019-08-30T17:12:42","date_gmt":"2019-08-30T20:12:42","guid":{"rendered":"https:\/\/www.estrategiaconcursos.com.br\/blog\/?p=414819"},"modified":"2019-08-30T17:12:45","modified_gmt":"2019-08-30T20:12:45","slug":"concurso-prf-resultado-da-1-fase","status":"publish","type":"post","link":"https:\/\/www.estrategiaconcursos.com.br\/blog\/concurso-prf-resultado-da-1-fase\/","title":{"rendered":"Concurso PRF: saiu resultado da 1\u00b0 fase e convoca\u00e7\u00e3o para curso de forma\u00e7\u00e3o"},"content":{"rendered":"\n<p>Os candidatos do concurso p\u00fablico da Pol\u00edcia Rodovi\u00e1ria Federal receberam nesta sexta-feira, 30 de agosto o resultado da primeira etapa do certame. A primeira fase era constitu\u00edda de Prova objetiva e Discursiva, Exame de capacidade f\u00edsica, Avalia\u00e7\u00e3o de Sa\u00fade, Avalia\u00e7\u00e3o psicol\u00f3gica, Avalia\u00e7\u00e3o de t\u00edtulos e Investiga\u00e7\u00e3o Social.<\/p>\n\n\n\n<p>Al\u00e9m disso, os concurseiros aprovados foram convocados para realizar a matr\u00edcula no\u00a0<strong>curso de forma\u00e7\u00e3o profissional<\/strong>\u00a0(CFP) do concurso da Pol\u00edcia Rodovi\u00e1ria Federal.\u00a0 <\/p>\n\n\n\n<p>O curso de forma\u00e7\u00e3o da PRF tem car\u00e1ter&nbsp;<strong>eliminat\u00f3rio<\/strong>&nbsp;e&nbsp;<strong>classificat\u00f3rio<\/strong>. O candidato matriculado no curso de forma\u00e7\u00e3o far\u00e1 jus, a t\u00edtulo de aux\u00edlio financeiro, a&nbsp;<strong>50% do subs\u00eddio<\/strong>&nbsp;da classe inicial do cargo de Policial Rodovi\u00e1rio Federal.<\/p>\n\n\n\n<p>Caso o candidato possua cargo ou emprego p\u00fablico, poder\u00e1 optar, durante o curso de forma\u00e7\u00e3o, por receber a remunera\u00e7\u00e3o do \u00f3rg\u00e3o ou entidade de origem.<\/p>\n\n\n\n<p>Para que o candidato seja aprovado no Curso de Forma\u00e7\u00e3o, ele precisar\u00e1 obter a\u00a0<strong>nota m\u00ednima de 6,0 pontos em cada avalia\u00e7\u00e3o.\u00a0<\/strong>Al\u00e9m\u00a0disso, a sua\u00a0<strong>m\u00e9dia geral<\/strong>\u00a0precisa ser\u00a0<strong>acima de 7,0 pontos<\/strong>.<\/p>\n\n\n\n<p><em>No link abaixo voc\u00ea confere a lista de convoca\u00e7\u00e3o para o curso de forma\u00e7\u00e3o: <\/em><\/p>\n\n\n\n<p style=\"font-size:25px;text-align:center\"><a href=\"https:\/\/trello-attachments.s3.amazonaws.com\/5b58e1496cd37eb9a1dc29a2\/5d68f175b8aa5d34ac4ec4c6\/735c6a7b27b68dceba8d64a0c9981bd5\/Resultado_PRF_-_T%C3%ADtulos%2C_Final_da_1%C2%AA_etapa_e_convoca%C3%A7%C3%A3o_para_o_CFP.pdf\"><strong><em>PRF &#8211; Convoca\u00e7\u00e3o <\/em><\/strong><\/a><\/p>\n\n\n\n<p><em>Quer saber mais sobre o concurso? Clique no link abaixo e fique por dentro de tudo!<\/em><\/p>\n\n\n\n<p style=\"font-size:23px;text-align:center\" class=\"has-background has-pale-cyan-blue-background-color\"><strong><em>Mais informa\u00e7\u00f5es: <\/em><\/strong><span style=\"text-decoration: underline;\"><a href=\"https:\/\/www.estrategiaconcursos.com.br\/blog\/concurso-prf-3\/\"><strong><em>Concurso PRF<\/em><\/strong><\/a><\/span><\/p>\n\n\n\n<h3 class=\"wp-block-heading\" style=\"text-align:center\" id=\"cursos-assinatura\"><strong><em>Que tal estudar para o Concurso PRF?<\/em><\/strong><\/h3>\n\n\n\n<p style=\"text-align:center\"><em><strong>Confira os nossos cursos&nbsp;<\/strong><\/em><strong>e o Vade Mecum estrat\u00e9gico PRF<\/strong><em><strong>. Comece a estudar agora!<\/strong><\/em><\/p>\n\n\n\n<p style=\"font-size:23px;text-align:center\" class=\"has-background has-luminous-vivid-amber-background-color\"><a rel=\"noreferrer noopener\" href=\"https:\/\/www.estrategiaconcursos.com.br\/cursosPorConcurso\/prf-policial-rodoviario-federal\/\" target=\"_blank\"><strong>CURSO PRF<\/strong><\/a><\/p>\n\n\n\n<p style=\"font-size:23px;text-align:center\" class=\"has-background has-luminous-vivid-amber-background-color\"><a rel=\"noreferrer noopener\" href=\"https:\/\/www.estrategiaconcursos.com.br\/gratis\/vade-mecum-prf\/\" target=\"_blank\"><strong>Vade Mecum PRF \u2013 Material Gratuito<\/strong><\/a><\/p>\n\n\n\n<p style=\"text-align:center\"><em><strong>Assinatura Anual Ilimitada*<\/strong><\/em><\/p>\n\n\n\n<p style=\"text-align:center\"><em>Prepare-se com o melhor material e com quem mais aprova em Concursos P\u00fablicos em todo o pa\u00eds. Assine agora a nossa Assinatura Anual e tenha acesso ilimitado* a todos os nossos cursos.<\/em><\/p>\n\n\n\n<p style=\"font-size:25px;text-align:center\" class=\"has-background has-light-green-cyan-background-color\"><strong>ASSINE AGORA<\/strong>&nbsp;\u2013&nbsp;<a rel=\"noreferrer noopener\" href=\"https:\/\/www.estrategiaconcursos.com.br\/assinaturas\/\" target=\"_blank\"><strong>Assinatura Ilimitada<\/strong><\/a><\/p>\n\n\n\n<p style=\"font-size:23px;text-align:center\" class=\"has-background has-pale-cyan-blue-background-color\"><strong><a href=\"https:\/\/www.estrategiaconcursos.com.br\/blog\/concursos-abertos\/\">CONCURSOS ABERTOS<\/a><\/strong><\/p>\n\n\n\n<p style=\"font-size:23px;text-align:center\" class=\"has-background has-pale-cyan-blue-background-color\"><a href=\"https:\/\/www.estrategiaconcursos.com.br\/blog\/concursos-2019\/\"><strong>CONCURSOS 2019<\/strong><\/a><\/p>\n\n\n\n<p style=\"font-size:23px;text-align:center\" class=\"has-background has-pale-cyan-blue-background-color\"><a href=\"https:\/\/www.estrategiaconcursos.com.br\/blog\/concursos-2020\/\"><strong>CONCURSOS<\/strong><\/a><strong><a href=\"https:\/\/www.estrategiaconcursos.com.br\/blog\/concursos-2020\/\">&nbsp;2020<\/a><\/strong><\/p>\n","protected":false},"excerpt":{"rendered":"<p>Os candidatos do concurso p\u00fablico da Pol\u00edcia Rodovi\u00e1ria Federal receberam nesta sexta-feira, 30 de agosto o resultado da primeira etapa do certame. A primeira fase era constitu\u00edda de Prova objetiva e Discursiva, Exame de capacidade f\u00edsica, Avalia\u00e7\u00e3o de Sa\u00fade, Avalia\u00e7\u00e3o psicol\u00f3gica, Avalia\u00e7\u00e3o de t\u00edtulos e Investiga\u00e7\u00e3o Social. Al\u00e9m disso, os concurseiros aprovados foram convocados para [&hellip;]<\/p>\n","protected":false},"author":552,"featured_media":164458,"comment_status":"open","ping_status":"closed","sticky":false,"template":"","format":"standard","meta":{"post_tipo":"article","footnotes":""},"categories":[1],"tags":[],"tax_estado":[],"class_list":["post-414819","post","type-post","status-publish","format-standard","has-post-thumbnail","hentry","category-cursos-e-concursos"],"acf":[],"yoast_head":"<!-- This site is optimized with the Yoast SEO Premium plugin v27.2 (Yoast SEO v27.2) - https:\/\/yoast.com\/product\/yoast-seo-premium-wordpress\/ -->\n<title>Concurso PRF: saiu resultado da 1\u00b0 fase e convoca\u00e7\u00e3o para curso de forma\u00e7\u00e3o<\/title>\n<meta name=\"robots\" content=\"index, follow, max-snippet:-1, max-image-preview:large, max-video-preview:-1\" \/>\n<link rel=\"canonical\" href=\"https:\/\/www.estrategiaconcursos.com.br\/blog\/concurso-prf-resultado-da-1-fase\/\" \/>\n<meta property=\"og:locale\" content=\"pt_BR\" \/>\n<meta property=\"og:type\" content=\"article\" \/>\n<meta property=\"og:title\" content=\"Concurso PRF: saiu resultado da 1\u00b0 fase e convoca\u00e7\u00e3o para curso de forma\u00e7\u00e3o\" \/>\n<meta property=\"og:description\" content=\"Os candidatos do concurso p\u00fablico da Pol\u00edcia Rodovi\u00e1ria Federal receberam nesta sexta-feira, 30 de agosto o resultado da primeira etapa do certame. A primeira fase era constitu\u00edda de Prova objetiva e Discursiva, Exame de capacidade f\u00edsica, Avalia\u00e7\u00e3o de Sa\u00fade, Avalia\u00e7\u00e3o psicol\u00f3gica, Avalia\u00e7\u00e3o de t\u00edtulos e Investiga\u00e7\u00e3o Social. Al\u00e9m disso, os concurseiros aprovados foram convocados para [&hellip;]\" \/>\n<meta property=\"og:url\" content=\"https:\/\/www.estrategiaconcursos.com.br\/blog\/concurso-prf-resultado-da-1-fase\/\" \/>\n<meta property=\"og:site_name\" content=\"Estrat\u00e9gia Concursos\" \/>\n<meta property=\"article:published_time\" content=\"2019-08-30T20:12:42+00:00\" \/>\n<meta property=\"article:modified_time\" content=\"2019-08-30T20:12:45+00:00\" \/>\n<meta property=\"og:image\" content=\"https:\/\/dhg1h5j42swfq.cloudfront.net\/2019\/02\/05092251\/recursos-provas-objetivas-prf-e1556895345550.jpg\" \/>\n\t<meta property=\"og:image:width\" content=\"400\" \/>\n\t<meta property=\"og:image:height\" content=\"212\" \/>\n\t<meta property=\"og:image:type\" content=\"image\/jpeg\" \/>\n<meta name=\"author\" content=\"Paulo Bilynskyj\" \/>\n<meta name=\"twitter:card\" content=\"summary_large_image\" \/>\n<meta name=\"twitter:creator\" content=\"@EstratConcursos\" \/>\n<meta name=\"twitter:site\" content=\"@EstratConcursos\" \/>\n<meta name=\"twitter:label1\" content=\"Escrito por\" \/>\n\t<meta name=\"twitter:data1\" content=\"Paulo Bilynskyj\" \/>\n\t<meta name=\"twitter:label2\" content=\"Est. tempo de leitura\" \/>\n\t<meta name=\"twitter:data2\" content=\"2 minutos\" \/>\n<script type=\"application\/ld+json\" class=\"yoast-schema-graph\">{\"@context\":\"https:\/\/schema.org\",\"@graph\":[{\"@type\":\"NewsArticle\",\"@id\":\"https:\/\/www.estrategiaconcursos.com.br\/blog\/concurso-prf-resultado-da-1-fase\/#article\",\"isPartOf\":{\"@id\":\"https:\/\/www.estrategiaconcursos.com.br\/blog\/concurso-prf-resultado-da-1-fase\/\"},\"author\":{\"name\":\"Paulo Bilynskyj\",\"@id\":\"https:\/\/www.estrategiaconcursos.com.br\/blog\/#\/schema\/person\/a630b15e36f45b4c21fed01219843cb5\"},\"headline\":\"Concurso PRF: saiu resultado da 1\u00b0 fase e convoca\u00e7\u00e3o para curso de forma\u00e7\u00e3o\",\"datePublished\":\"2019-08-30T20:12:42+00:00\",\"dateModified\":\"2019-08-30T20:12:45+00:00\",\"mainEntityOfPage\":{\"@id\":\"https:\/\/www.estrategiaconcursos.com.br\/blog\/concurso-prf-resultado-da-1-fase\/\"},\"wordCount\":336,\"commentCount\":0,\"publisher\":{\"@id\":\"https:\/\/www.estrategiaconcursos.com.br\/blog\/#organization\"},\"image\":{\"@id\":\"https:\/\/www.estrategiaconcursos.com.br\/blog\/concurso-prf-resultado-da-1-fase\/#primaryimage\"},\"thumbnailUrl\":\"https:\/\/dhg1h5j42swfq.cloudfront.net\/2019\/02\/05092251\/recursos-provas-objetivas-prf-e1556895345550.jpg\",\"articleSection\":[\"Concursos P\u00fablicos\"],\"inLanguage\":\"pt-BR\",\"potentialAction\":[{\"@type\":\"CommentAction\",\"name\":\"Comment\",\"target\":[\"https:\/\/www.estrategiaconcursos.com.br\/blog\/concurso-prf-resultado-da-1-fase\/#respond\"]}],\"copyrightYear\":\"2019\",\"copyrightHolder\":{\"@id\":\"https:\/\/www.estrategiaconcursos.com.br\/blog\/#organization\"}},{\"@type\":\"WebPage\",\"@id\":\"https:\/\/www.estrategiaconcursos.com.br\/blog\/concurso-prf-resultado-da-1-fase\/\",\"url\":\"https:\/\/www.estrategiaconcursos.com.br\/blog\/concurso-prf-resultado-da-1-fase\/\",\"name\":\"Concurso PRF: saiu resultado da 1\u00b0 fase e convoca\u00e7\u00e3o para curso de forma\u00e7\u00e3o\",\"isPartOf\":{\"@id\":\"https:\/\/www.estrategiaconcursos.com.br\/blog\/#website\"},\"primaryImageOfPage\":{\"@id\":\"https:\/\/www.estrategiaconcursos.com.br\/blog\/concurso-prf-resultado-da-1-fase\/#primaryimage\"},\"image\":{\"@id\":\"https:\/\/www.estrategiaconcursos.com.br\/blog\/concurso-prf-resultado-da-1-fase\/#primaryimage\"},\"thumbnailUrl\":\"https:\/\/dhg1h5j42swfq.cloudfront.net\/2019\/02\/05092251\/recursos-provas-objetivas-prf-e1556895345550.jpg\",\"datePublished\":\"2019-08-30T20:12:42+00:00\",\"dateModified\":\"2019-08-30T20:12:45+00:00\",\"breadcrumb\":{\"@id\":\"https:\/\/www.estrategiaconcursos.com.br\/blog\/concurso-prf-resultado-da-1-fase\/#breadcrumb\"},\"inLanguage\":\"pt-BR\",\"potentialAction\":[{\"@type\":\"ReadAction\",\"target\":[\"https:\/\/www.estrategiaconcursos.com.br\/blog\/concurso-prf-resultado-da-1-fase\/\"]}]},{\"@type\":\"ImageObject\",\"inLanguage\":\"pt-BR\",\"@id\":\"https:\/\/www.estrategiaconcursos.com.br\/blog\/concurso-prf-resultado-da-1-fase\/#primaryimage\",\"url\":\"https:\/\/dhg1h5j42swfq.cloudfront.net\/2019\/02\/05092251\/recursos-provas-objetivas-prf-e1556895345550.jpg\",\"contentUrl\":\"https:\/\/dhg1h5j42swfq.cloudfront.net\/2019\/02\/05092251\/recursos-provas-objetivas-prf-e1556895345550.jpg\",\"width\":400,\"height\":212,\"caption\":\"para ser um prf\"},{\"@type\":\"BreadcrumbList\",\"@id\":\"https:\/\/www.estrategiaconcursos.com.br\/blog\/concurso-prf-resultado-da-1-fase\/#breadcrumb\",\"itemListElement\":[{\"@type\":\"ListItem\",\"position\":1,\"name\":\"In\u00edcio\",\"item\":\"https:\/\/www.estrategiaconcursos.com.br\/blog\/\"},{\"@type\":\"ListItem\",\"position\":2,\"name\":\"Concurso PRF: saiu resultado da 1\u00b0 fase e convoca\u00e7\u00e3o para curso de forma\u00e7\u00e3o\"}]},{\"@type\":\"WebSite\",\"@id\":\"https:\/\/www.estrategiaconcursos.com.br\/blog\/#website\",\"url\":\"https:\/\/www.estrategiaconcursos.com.br\/blog\/\",\"name\":\"Estrat\u00e9gia Concursos\",\"description\":\"O blog da Estrat\u00e9gia Concursos traz not\u00edcias sobre concursos e artigos de professores oferecendo cursos para concursos (pdf + videaulas) no site.\",\"publisher\":{\"@id\":\"https:\/\/www.estrategiaconcursos.com.br\/blog\/#organization\"},\"potentialAction\":[{\"@type\":\"SearchAction\",\"target\":{\"@type\":\"EntryPoint\",\"urlTemplate\":\"https:\/\/www.estrategiaconcursos.com.br\/blog\/?s={search_term_string}\"},\"query-input\":{\"@type\":\"PropertyValueSpecification\",\"valueRequired\":true,\"valueName\":\"search_term_string\"}}],\"inLanguage\":\"pt-BR\"},{\"@type\":\"Organization\",\"@id\":\"https:\/\/www.estrategiaconcursos.com.br\/blog\/#organization\",\"name\":\"Estrat\u00e9gia Concursos\",\"url\":\"https:\/\/www.estrategiaconcursos.com.br\/blog\/\",\"logo\":{\"@type\":\"ImageObject\",\"inLanguage\":\"pt-BR\",\"@id\":\"https:\/\/www.estrategiaconcursos.com.br\/blog\/#\/schema\/logo\/image\/\",\"url\":\"https:\/\/dhg1h5j42swfq.cloudfront.net\/2025\/06\/03203428\/logo_concursos-1.jpg\",\"contentUrl\":\"https:\/\/dhg1h5j42swfq.cloudfront.net\/2025\/06\/03203428\/logo_concursos-1.jpg\",\"width\":230,\"height\":60,\"caption\":\"Estrat\u00e9gia Concursos\"},\"image\":{\"@id\":\"https:\/\/www.estrategiaconcursos.com.br\/blog\/#\/schema\/logo\/image\/\"},\"sameAs\":[\"https:\/\/x.com\/EstratConcursos\"]},{\"@type\":\"Person\",\"@id\":\"https:\/\/www.estrategiaconcursos.com.br\/blog\/#\/schema\/person\/a630b15e36f45b4c21fed01219843cb5\",\"name\":\"Paulo Bilynskyj\",\"image\":{\"@type\":\"ImageObject\",\"inLanguage\":\"pt-BR\",\"@id\":\"https:\/\/secure.gravatar.com\/avatar\/37e21f70c9042e7456beffdc6d31fe051f3f6dcbf252f69343a791b144852057?s=96&d=mm&r=g\",\"url\":\"https:\/\/secure.gravatar.com\/avatar\/37e21f70c9042e7456beffdc6d31fe051f3f6dcbf252f69343a791b144852057?s=96&d=mm&r=g\",\"contentUrl\":\"https:\/\/secure.gravatar.com\/avatar\/37e21f70c9042e7456beffdc6d31fe051f3f6dcbf252f69343a791b144852057?s=96&d=mm&r=g\",\"caption\":\"Paulo Bilynskyj\"},\"url\":\"https:\/\/www.estrategiaconcursos.com.br\/blog\/author\/pbilynskyjgmail-com\/\"}]}<\/script>\n<!-- \/ Yoast SEO Premium plugin. -->","yoast_head_json":{"title":"Concurso PRF: saiu resultado da 1\u00b0 fase e convoca\u00e7\u00e3o para curso de forma\u00e7\u00e3o","robots":{"index":"index","follow":"follow","max-snippet":"max-snippet:-1","max-image-preview":"max-image-preview:large","max-video-preview":"max-video-preview:-1"},"canonical":"https:\/\/www.estrategiaconcursos.com.br\/blog\/concurso-prf-resultado-da-1-fase\/","og_locale":"pt_BR","og_type":"article","og_title":"Concurso PRF: saiu resultado da 1\u00b0 fase e convoca\u00e7\u00e3o para curso de forma\u00e7\u00e3o","og_description":"Os candidatos do concurso p\u00fablico da Pol\u00edcia Rodovi\u00e1ria Federal receberam nesta sexta-feira, 30 de agosto o resultado da primeira etapa do certame. A primeira fase era constitu\u00edda de Prova objetiva e Discursiva, Exame de capacidade f\u00edsica, Avalia\u00e7\u00e3o de Sa\u00fade, Avalia\u00e7\u00e3o psicol\u00f3gica, Avalia\u00e7\u00e3o de t\u00edtulos e Investiga\u00e7\u00e3o Social. Al\u00e9m disso, os concurseiros aprovados foram convocados para [&hellip;]","og_url":"https:\/\/www.estrategiaconcursos.com.br\/blog\/concurso-prf-resultado-da-1-fase\/","og_site_name":"Estrat\u00e9gia Concursos","article_published_time":"2019-08-30T20:12:42+00:00","article_modified_time":"2019-08-30T20:12:45+00:00","og_image":[{"width":400,"height":212,"url":"https:\/\/dhg1h5j42swfq.cloudfront.net\/2019\/02\/05092251\/recursos-provas-objetivas-prf-e1556895345550.jpg","type":"image\/jpeg"}],"author":"Paulo Bilynskyj","twitter_card":"summary_large_image","twitter_creator":"@EstratConcursos","twitter_site":"@EstratConcursos","twitter_misc":{"Escrito por":"Paulo Bilynskyj","Est. tempo de leitura":"2 minutos"},"schema":{"@context":"https:\/\/schema.org","@graph":[{"@type":"NewsArticle","@id":"https:\/\/www.estrategiaconcursos.com.br\/blog\/concurso-prf-resultado-da-1-fase\/#article","isPartOf":{"@id":"https:\/\/www.estrategiaconcursos.com.br\/blog\/concurso-prf-resultado-da-1-fase\/"},"author":{"name":"Paulo Bilynskyj","@id":"https:\/\/www.estrategiaconcursos.com.br\/blog\/#\/schema\/person\/a630b15e36f45b4c21fed01219843cb5"},"headline":"Concurso PRF: saiu resultado da 1\u00b0 fase e convoca\u00e7\u00e3o para curso de forma\u00e7\u00e3o","datePublished":"2019-08-30T20:12:42+00:00","dateModified":"2019-08-30T20:12:45+00:00","mainEntityOfPage":{"@id":"https:\/\/www.estrategiaconcursos.com.br\/blog\/concurso-prf-resultado-da-1-fase\/"},"wordCount":336,"commentCount":0,"publisher":{"@id":"https:\/\/www.estrategiaconcursos.com.br\/blog\/#organization"},"image":{"@id":"https:\/\/www.estrategiaconcursos.com.br\/blog\/concurso-prf-resultado-da-1-fase\/#primaryimage"},"thumbnailUrl":"https:\/\/dhg1h5j42swfq.cloudfront.net\/2019\/02\/05092251\/recursos-provas-objetivas-prf-e1556895345550.jpg","articleSection":["Concursos P\u00fablicos"],"inLanguage":"pt-BR","potentialAction":[{"@type":"CommentAction","name":"Comment","target":["https:\/\/www.estrategiaconcursos.com.br\/blog\/concurso-prf-resultado-da-1-fase\/#respond"]}],"copyrightYear":"2019","copyrightHolder":{"@id":"https:\/\/www.estrategiaconcursos.com.br\/blog\/#organization"}},{"@type":"WebPage","@id":"https:\/\/www.estrategiaconcursos.com.br\/blog\/concurso-prf-resultado-da-1-fase\/","url":"https:\/\/www.estrategiaconcursos.com.br\/blog\/concurso-prf-resultado-da-1-fase\/","name":"Concurso PRF: saiu resultado da 1\u00b0 fase e convoca\u00e7\u00e3o para curso de forma\u00e7\u00e3o","isPartOf":{"@id":"https:\/\/www.estrategiaconcursos.com.br\/blog\/#website"},"primaryImageOfPage":{"@id":"https:\/\/www.estrategiaconcursos.com.br\/blog\/concurso-prf-resultado-da-1-fase\/#primaryimage"},"image":{"@id":"https:\/\/www.estrategiaconcursos.com.br\/blog\/concurso-prf-resultado-da-1-fase\/#primaryimage"},"thumbnailUrl":"https:\/\/dhg1h5j42swfq.cloudfront.net\/2019\/02\/05092251\/recursos-provas-objetivas-prf-e1556895345550.jpg","datePublished":"2019-08-30T20:12:42+00:00","dateModified":"2019-08-30T20:12:45+00:00","breadcrumb":{"@id":"https:\/\/www.estrategiaconcursos.com.br\/blog\/concurso-prf-resultado-da-1-fase\/#breadcrumb"},"inLanguage":"pt-BR","potentialAction":[{"@type":"ReadAction","target":["https:\/\/www.estrategiaconcursos.com.br\/blog\/concurso-prf-resultado-da-1-fase\/"]}]},{"@type":"ImageObject","inLanguage":"pt-BR","@id":"https:\/\/www.estrategiaconcursos.com.br\/blog\/concurso-prf-resultado-da-1-fase\/#primaryimage","url":"https:\/\/dhg1h5j42swfq.cloudfront.net\/2019\/02\/05092251\/recursos-provas-objetivas-prf-e1556895345550.jpg","contentUrl":"https:\/\/dhg1h5j42swfq.cloudfront.net\/2019\/02\/05092251\/recursos-provas-objetivas-prf-e1556895345550.jpg","width":400,"height":212,"caption":"para ser um prf"},{"@type":"BreadcrumbList","@id":"https:\/\/www.estrategiaconcursos.com.br\/blog\/concurso-prf-resultado-da-1-fase\/#breadcrumb","itemListElement":[{"@type":"ListItem","position":1,"name":"In\u00edcio","item":"https:\/\/www.estrategiaconcursos.com.br\/blog\/"},{"@type":"ListItem","position":2,"name":"Concurso PRF: saiu resultado da 1\u00b0 fase e convoca\u00e7\u00e3o para curso de forma\u00e7\u00e3o"}]},{"@type":"WebSite","@id":"https:\/\/www.estrategiaconcursos.com.br\/blog\/#website","url":"https:\/\/www.estrategiaconcursos.com.br\/blog\/","name":"Estrat\u00e9gia Concursos","description":"O blog da Estrat\u00e9gia Concursos traz not\u00edcias sobre concursos e artigos de professores oferecendo cursos para concursos (pdf + videaulas) no site.","publisher":{"@id":"https:\/\/www.estrategiaconcursos.com.br\/blog\/#organization"},"potentialAction":[{"@type":"SearchAction","target":{"@type":"EntryPoint","urlTemplate":"https:\/\/www.estrategiaconcursos.com.br\/blog\/?s={search_term_string}"},"query-input":{"@type":"PropertyValueSpecification","valueRequired":true,"valueName":"search_term_string"}}],"inLanguage":"pt-BR"},{"@type":"Organization","@id":"https:\/\/www.estrategiaconcursos.com.br\/blog\/#organization","name":"Estrat\u00e9gia Concursos","url":"https:\/\/www.estrategiaconcursos.com.br\/blog\/","logo":{"@type":"ImageObject","inLanguage":"pt-BR","@id":"https:\/\/www.estrategiaconcursos.com.br\/blog\/#\/schema\/logo\/image\/","url":"https:\/\/dhg1h5j42swfq.cloudfront.net\/2025\/06\/03203428\/logo_concursos-1.jpg","contentUrl":"https:\/\/dhg1h5j42swfq.cloudfront.net\/2025\/06\/03203428\/logo_concursos-1.jpg","width":230,"height":60,"caption":"Estrat\u00e9gia Concursos"},"image":{"@id":"https:\/\/www.estrategiaconcursos.com.br\/blog\/#\/schema\/logo\/image\/"},"sameAs":["https:\/\/x.com\/EstratConcursos"]},{"@type":"Person","@id":"https:\/\/www.estrategiaconcursos.com.br\/blog\/#\/schema\/person\/a630b15e36f45b4c21fed01219843cb5","name":"Paulo Bilynskyj","image":{"@type":"ImageObject","inLanguage":"pt-BR","@id":"https:\/\/secure.gravatar.com\/avatar\/37e21f70c9042e7456beffdc6d31fe051f3f6dcbf252f69343a791b144852057?s=96&d=mm&r=g","url":"https:\/\/secure.gravatar.com\/avatar\/37e21f70c9042e7456beffdc6d31fe051f3f6dcbf252f69343a791b144852057?s=96&d=mm&r=g","contentUrl":"https:\/\/secure.gravatar.com\/avatar\/37e21f70c9042e7456beffdc6d31fe051f3f6dcbf252f69343a791b144852057?s=96&d=mm&r=g","caption":"Paulo Bilynskyj"},"url":"https:\/\/www.estrategiaconcursos.com.br\/blog\/author\/pbilynskyjgmail-com\/"}]}},"_links":{"self":[{"href":"https:\/\/www.estrategiaconcursos.com.br\/blog\/wp-json\/wp\/v2\/posts\/414819","targetHints":{"allow":["GET"]}}],"collection":[{"href":"https:\/\/www.estrategiaconcursos.com.br\/blog\/wp-json\/wp\/v2\/posts"}],"about":[{"href":"https:\/\/www.estrategiaconcursos.com.br\/blog\/wp-json\/wp\/v2\/types\/post"}],"author":[{"embeddable":true,"href":"https:\/\/www.estrategiaconcursos.com.br\/blog\/wp-json\/wp\/v2\/users\/552"}],"replies":[{"embeddable":true,"href":"https:\/\/www.estrategiaconcursos.com.br\/blog\/wp-json\/wp\/v2\/comments?post=414819"}],"version-history":[{"count":2,"href":"https:\/\/www.estrategiaconcursos.com.br\/blog\/wp-json\/wp\/v2\/posts\/414819\/revisions"}],"predecessor-version":[{"id":414832,"href":"https:\/\/www.estrategiaconcursos.com.br\/blog\/wp-json\/wp\/v2\/posts\/414819\/revisions\/414832"}],"wp:featuredmedia":[{"embeddable":true,"href":"https:\/\/www.estrategiaconcursos.com.br\/blog\/wp-json\/wp\/v2\/media\/164458"}],"wp:attachment":[{"href":"https:\/\/www.estrategiaconcursos.com.br\/blog\/wp-json\/wp\/v2\/media?parent=414819"}],"wp:term":[{"taxonomy":"category","embeddable":true,"href":"https:\/\/www.estrategiaconcursos.com.br\/blog\/wp-json\/wp\/v2\/categories?post=414819"},{"taxonomy":"post_tag","embeddable":true,"href":"https:\/\/www.estrategiaconcursos.com.br\/blog\/wp-json\/wp\/v2\/tags?post=414819"},{"taxonomy":"tax_estado","embeddable":true,"href":"https:\/\/www.estrategiaconcursos.com.br\/blog\/wp-json\/wp\/v2\/tax_estado?post=414819"}],"curies":[{"name":"wp","href":"https:\/\/api.w.org\/{rel}","templated":true}]}}