{"id":41463,"date":"2016-06-15T19:22:24","date_gmt":"2016-06-15T22:22:24","guid":{"rendered":"http:\/\/www.estrategiaconcursos.com.br\/blog\/?p=41463"},"modified":"2016-06-15T19:22:24","modified_gmt":"2016-06-15T22:22:24","slug":"prova-mprs-e-possivel-recurso","status":"publish","type":"post","link":"https:\/\/www.estrategiaconcursos.com.br\/blog\/prova-mprs-e-possivel-recurso\/","title":{"rendered":"Prova Portugu\u00eas MPRS 2016: \u00e9 poss\u00edvel recurso"},"content":{"rendered":"<p>Na prova Portugu\u00eas MPRS 2016, \u00e9 poss\u00edvel recurso em uma quest\u00e3o.<\/p>\n<p>Na prova de Agente Administrativo, cabe recurso contra o gabarito da quest\u00e3o 5.<\/p>\n<p>Considere as seguintes propostas de altera\u00e7\u00e3o dos tempos verbais do texto<\/p>\n<p><strong>I.\u00a0<\/strong>Altera\u00e7\u00e3o de <em>se sentia<\/em> por <em>estava se sentindo<\/em>.<\/p>\n<p><strong>II.\u00a0<\/strong>Altera\u00e7\u00e3o de <em>esquecera-os<\/em> por <em>esqueceu-os<\/em>.<\/p>\n<p><strong>III. <\/strong>Altera\u00e7\u00e3o de <em>tinha perdido<\/em> por <em>perdera<\/em>.<\/p>\n<p>Quais altera\u00e7\u00f5es est\u00e3o corretas?<\/p>\n<p><strong>(A) <\/strong>Apenas I.<\/p>\n<p><strong>(B) <\/strong>Apenas II.<\/p>\n<p><strong>(C) <\/strong>Apenas I e III.<\/p>\n<p><strong>(D) <\/strong>Apenas II e III.<\/p>\n<p><strong>(E) <\/strong>I, II e III.<\/p>\n<p><strong>Coment\u00e1rio<\/strong>: Tais verbos encontram-se nestes segmentos:<\/p>\n<p><em>Estavam cansados da viagem; ela, gr\u00e1vida, n\u00e3o <u>se sentia<\/u> bem. <\/em><\/p>\n<p>A troca pelo mesmo tempo verbal (pret\u00e9rito imperfeito do indicativo), de \u201csentia\u201d por \u201cestava\u201d, apenas mudou um verbo simples para locu\u00e7\u00e3o verbal, mas o sentido mant\u00e9m-se o mesmo, pois esse tempo verbal mant\u00e9m, nas duas estruturas, uma regularidade no passado.<\/p>\n<p><em>O homem disse que n\u00e3o tinha, na pressa da viagem <u>esquecera-os<\/u>. <\/em><\/p>\n<p>O verbo \u201cesquecera\u201d encontra-se no tempo pret\u00e9rito mais-que-perfeito do indicativo, tempo que normalmente usamos para destacar uma a\u00e7\u00e3o anterior a outra tamb\u00e9m no passado. Mas esse tempo n\u00e3o \u00e9 obrigat\u00f3rio, isto \u00e9, o fato de usarmos o verbo &#8220;esqueceu&#8221; (pret\u00e9rito perfeito do indicativo) n\u00e3o nos faz pensar que esta a\u00e7\u00e3o ocorreria no mesmo n\u00edvel temporal das demais a\u00e7\u00f5es do per\u00edodo. Assim, a mudan\u00e7a do pret\u00e9rito mais-que-perfeito do indicativo (esquecera) pelo pret\u00e9rito perfeito do indicativo (\u201cesqueceu\u201d) n\u00e3o prejudica o texto.<\/p>\n<p>Mas a banca colocou essa afirma\u00e7\u00e3o como errada, pois deu como gabarito a alternativa (C).<\/p>\n<p><em>E foi a\u00ed que o gerente come\u00e7ou a achar que <u>tinha perdido<\/u> h\u00f3spedes importantes \u2013 os mais importantes j\u00e1 chegados a Bel\u00e9m de Nazar\u00e9. <\/em><\/p>\n<p>A locu\u00e7\u00e3o verbal \u201ctinha perdido\u201d encontra-se no pret\u00e9rito mais-que-perfeito composto e pode ser substitu\u00eddo pelo seu tempo simples \u201cesquecera\u201d sem preju\u00edzo gramatical ou de sentido.<\/p>\n<p>Assim, o ideal seria a alternativa (E) como a correta.<\/p>\n<p>Vamos a um texto simples e r\u00e1pido para o recurso:<\/p>\n<p>Senhor Examinador,<\/p>\n<p>Em rela\u00e7\u00e3o \u00e0 quest\u00e3o 5 da prova de\u00a0Agente Administrativo, pede-se\u00a0considerar o que se exp\u00f5e abaixo:<\/p>\n<p>No fragmento &#8220;<em>O homem disse que n\u00e3o tinha, na pressa da viagem <u>esquecera-os<\/u>.&#8221;, <\/em>o\u00a0verbo \u201cesquecera\u201d encontra-se no tempo pret\u00e9rito mais-que-perfeito do indicativo, tempo que normalmente usamos para <strong>destacar<\/strong> uma a\u00e7\u00e3o anterior a outra tamb\u00e9m no passado. <strong>Mas esse tempo n\u00e3o \u00e9 obrigat\u00f3rio<\/strong>, isto \u00e9, o fato de usarmos o verbo &#8220;esqueceu&#8221; (pret\u00e9rito perfeito do indicativo) n\u00e3o nos faz pensar que esta a\u00e7\u00e3o ocorreria no mesmo n\u00edvel temporal das demais a\u00e7\u00f5es do per\u00edodo. Assim, a mudan\u00e7a do pret\u00e9rito mais-que-perfeito do indicativo (esquecera) pelo pret\u00e9rito perfeito do indicativo (\u201cesqueceu\u201d) n\u00e3o prejudica o texto.<\/p>\n<p>Com base nesse argumento, pede-se a mudan\u00e7a do gabarito da alternativa (C) para (E), pois todas as trocas verbais est\u00e3o corretas.<\/p>\n<p>Bom, meus amigos, espero que a banca do MPRS considere esse argumento, pois n\u00e3o podemos, de maneira alguma, obrigar o emprego do pret\u00e9rito mais-que-perfeito. Esse tamb\u00e9m \u00e9 o entendimento de bancas renomadas, como\u00a0FCC, CESPE, ESAF, dentre outras.<\/p>\n<p>Mas, como sabemos, cabe \u00e0 ser ponder\u00e1vel na an\u00e1lise, pois ela \u00e9 soberana na decis\u00e3o.<\/p>\n<p>Espero ter ajudado!<\/p>\n<p>Se houver alguma d\u00favida nesta prova, basta enviar um e-mail para pedagogico@terrorportugues.com.br<\/p>\n<p>Grande abra\u00e7o a todos!<\/p>\n<p>D\u00e9cio Terror<\/p>\n","protected":false},"excerpt":{"rendered":"<p>Na prova Portugu\u00eas MPRS 2016, \u00e9 poss\u00edvel recurso em uma quest\u00e3o. Na prova de Agente Administrativo, cabe recurso contra o gabarito da quest\u00e3o 5. Considere as seguintes propostas de altera\u00e7\u00e3o dos tempos verbais do texto I.\u00a0Altera\u00e7\u00e3o de se sentia por estava se sentindo. II.\u00a0Altera\u00e7\u00e3o de esquecera-os por esqueceu-os. III. Altera\u00e7\u00e3o de tinha perdido por perdera. [&hellip;]<\/p>\n","protected":false},"author":214,"featured_media":0,"comment_status":"open","ping_status":"open","sticky":false,"template":"","format":"standard","meta":{"post_tipo":"article","footnotes":""},"categories":[1],"tags":[331,1859,8,1860,1861],"tax_estado":[],"class_list":["post-41463","post","type-post","status-publish","format-standard","hentry","category-cursos-e-concursos","tag-gabarito","tag-mprs","tag-recurso","tag-recurso-mprs","tag-recurso-portugues"],"acf":[],"yoast_head":"<!-- This site is optimized with the Yoast SEO Premium plugin v27.2 (Yoast SEO v27.2) - https:\/\/yoast.com\/product\/yoast-seo-premium-wordpress\/ -->\n<title>Prova Portugu\u00eas MPRS 2016: \u00e9 poss\u00edvel recurso<\/title>\n<meta name=\"description\" content=\"Na prova de Agente Administrativo, cabe recurso contra o gabarito da quest\u00e3o 5\" \/>\n<meta name=\"robots\" content=\"index, follow, max-snippet:-1, max-image-preview:large, max-video-preview:-1\" \/>\n<link rel=\"canonical\" href=\"https:\/\/www.estrategiaconcursos.com.br\/blog\/prova-mprs-e-possivel-recurso\/\" \/>\n<meta property=\"og:locale\" content=\"pt_BR\" \/>\n<meta property=\"og:type\" content=\"article\" \/>\n<meta property=\"og:title\" content=\"Prova Portugu\u00eas MPRS 2016: \u00e9 poss\u00edvel recurso\" \/>\n<meta property=\"og:description\" content=\"Na prova de Agente Administrativo MPRS 2016, cabe recurso contra o gabarito da quest\u00e3o 5.\" \/>\n<meta property=\"og:url\" content=\"https:\/\/www.estrategiaconcursos.com.br\/blog\/prova-mprs-e-possivel-recurso\/\" \/>\n<meta property=\"og:site_name\" content=\"Estrat\u00e9gia Concursos\" \/>\n<meta property=\"article:published_time\" content=\"2016-06-15T22:22:24+00:00\" \/>\n<meta name=\"author\" content=\"D\u00e9cio Terror Filho\" \/>\n<meta name=\"twitter:card\" content=\"summary_large_image\" \/>\n<meta name=\"twitter:title\" content=\"Prova Portugu\u00eas MPRS 2016: \u00e9 poss\u00edvel recurso\" \/>\n<meta name=\"twitter:creator\" content=\"@EstratConcursos\" \/>\n<meta name=\"twitter:site\" content=\"@EstratConcursos\" \/>\n<meta name=\"twitter:label1\" content=\"Escrito por\" \/>\n\t<meta name=\"twitter:data1\" content=\"D\u00e9cio Terror Filho\" \/>\n\t<meta name=\"twitter:label2\" content=\"Est. tempo de leitura\" \/>\n\t<meta name=\"twitter:data2\" content=\"3 minutos\" \/>\n<script type=\"application\/ld+json\" class=\"yoast-schema-graph\">{\"@context\":\"https:\/\/schema.org\",\"@graph\":[{\"@type\":\"NewsArticle\",\"@id\":\"https:\/\/www.estrategiaconcursos.com.br\/blog\/prova-mprs-e-possivel-recurso\/#article\",\"isPartOf\":{\"@id\":\"https:\/\/www.estrategiaconcursos.com.br\/blog\/prova-mprs-e-possivel-recurso\/\"},\"author\":{\"name\":\"D\u00e9cio Terror Filho\",\"@id\":\"https:\/\/www.estrategiaconcursos.com.br\/blog\/#\/schema\/person\/e8165364027a31208914fc77c3314727\"},\"headline\":\"Prova Portugu\u00eas MPRS 2016: \u00e9 poss\u00edvel recurso\",\"datePublished\":\"2016-06-15T22:22:24+00:00\",\"mainEntityOfPage\":{\"@id\":\"https:\/\/www.estrategiaconcursos.com.br\/blog\/prova-mprs-e-possivel-recurso\/\"},\"wordCount\":587,\"commentCount\":0,\"publisher\":{\"@id\":\"https:\/\/www.estrategiaconcursos.com.br\/blog\/#organization\"},\"keywords\":[\"Gabarito\",\"MPRS\",\"Recurso\",\"recurso MPRS\",\"recurso Portugu\u00eas\"],\"articleSection\":[\"Concursos P\u00fablicos\"],\"inLanguage\":\"pt-BR\",\"potentialAction\":[{\"@type\":\"CommentAction\",\"name\":\"Comment\",\"target\":[\"https:\/\/www.estrategiaconcursos.com.br\/blog\/prova-mprs-e-possivel-recurso\/#respond\"]}],\"copyrightYear\":\"2016\",\"copyrightHolder\":{\"@id\":\"https:\/\/www.estrategiaconcursos.com.br\/blog\/#organization\"}},{\"@type\":\"WebPage\",\"@id\":\"https:\/\/www.estrategiaconcursos.com.br\/blog\/prova-mprs-e-possivel-recurso\/\",\"url\":\"https:\/\/www.estrategiaconcursos.com.br\/blog\/prova-mprs-e-possivel-recurso\/\",\"name\":\"Prova Portugu\u00eas MPRS 2016: \u00e9 poss\u00edvel recurso\",\"isPartOf\":{\"@id\":\"https:\/\/www.estrategiaconcursos.com.br\/blog\/#website\"},\"datePublished\":\"2016-06-15T22:22:24+00:00\",\"description\":\"Na prova de Agente Administrativo, cabe recurso contra o gabarito da quest\u00e3o 5\",\"breadcrumb\":{\"@id\":\"https:\/\/www.estrategiaconcursos.com.br\/blog\/prova-mprs-e-possivel-recurso\/#breadcrumb\"},\"inLanguage\":\"pt-BR\",\"potentialAction\":[{\"@type\":\"ReadAction\",\"target\":[\"https:\/\/www.estrategiaconcursos.com.br\/blog\/prova-mprs-e-possivel-recurso\/\"]}]},{\"@type\":\"BreadcrumbList\",\"@id\":\"https:\/\/www.estrategiaconcursos.com.br\/blog\/prova-mprs-e-possivel-recurso\/#breadcrumb\",\"itemListElement\":[{\"@type\":\"ListItem\",\"position\":1,\"name\":\"In\u00edcio\",\"item\":\"https:\/\/www.estrategiaconcursos.com.br\/blog\/\"},{\"@type\":\"ListItem\",\"position\":2,\"name\":\"Prova Portugu\u00eas MPRS 2016: \u00e9 poss\u00edvel recurso\"}]},{\"@type\":\"WebSite\",\"@id\":\"https:\/\/www.estrategiaconcursos.com.br\/blog\/#website\",\"url\":\"https:\/\/www.estrategiaconcursos.com.br\/blog\/\",\"name\":\"Estrat\u00e9gia Concursos\",\"description\":\"O blog da Estrat\u00e9gia Concursos traz not\u00edcias sobre concursos e artigos de professores oferecendo cursos para concursos (pdf + videaulas) no site.\",\"publisher\":{\"@id\":\"https:\/\/www.estrategiaconcursos.com.br\/blog\/#organization\"},\"potentialAction\":[{\"@type\":\"SearchAction\",\"target\":{\"@type\":\"EntryPoint\",\"urlTemplate\":\"https:\/\/www.estrategiaconcursos.com.br\/blog\/?s={search_term_string}\"},\"query-input\":{\"@type\":\"PropertyValueSpecification\",\"valueRequired\":true,\"valueName\":\"search_term_string\"}}],\"inLanguage\":\"pt-BR\"},{\"@type\":\"Organization\",\"@id\":\"https:\/\/www.estrategiaconcursos.com.br\/blog\/#organization\",\"name\":\"Estrat\u00e9gia Concursos\",\"url\":\"https:\/\/www.estrategiaconcursos.com.br\/blog\/\",\"logo\":{\"@type\":\"ImageObject\",\"inLanguage\":\"pt-BR\",\"@id\":\"https:\/\/www.estrategiaconcursos.com.br\/blog\/#\/schema\/logo\/image\/\",\"url\":\"https:\/\/dhg1h5j42swfq.cloudfront.net\/2025\/06\/03203428\/logo_concursos-1.jpg\",\"contentUrl\":\"https:\/\/dhg1h5j42swfq.cloudfront.net\/2025\/06\/03203428\/logo_concursos-1.jpg\",\"width\":230,\"height\":60,\"caption\":\"Estrat\u00e9gia Concursos\"},\"image\":{\"@id\":\"https:\/\/www.estrategiaconcursos.com.br\/blog\/#\/schema\/logo\/image\/\"},\"sameAs\":[\"https:\/\/x.com\/EstratConcursos\"]},{\"@type\":\"Person\",\"@id\":\"https:\/\/www.estrategiaconcursos.com.br\/blog\/#\/schema\/person\/e8165364027a31208914fc77c3314727\",\"name\":\"D\u00e9cio Terror Filho\",\"image\":{\"@type\":\"ImageObject\",\"inLanguage\":\"pt-BR\",\"@id\":\"https:\/\/secure.gravatar.com\/avatar\/a5b78e734de7c6482e965926e78344deb81abbc34282a3c9536cbb1a59728a37?s=96&d=mm&r=g\",\"url\":\"https:\/\/secure.gravatar.com\/avatar\/a5b78e734de7c6482e965926e78344deb81abbc34282a3c9536cbb1a59728a37?s=96&d=mm&r=g\",\"contentUrl\":\"https:\/\/secure.gravatar.com\/avatar\/a5b78e734de7c6482e965926e78344deb81abbc34282a3c9536cbb1a59728a37?s=96&d=mm&r=g\",\"caption\":\"D\u00e9cio Terror Filho\"},\"url\":\"https:\/\/www.estrategiaconcursos.com.br\/blog\/author\/contatoterrorportugues-com-br\/\"}]}<\/script>\n<!-- \/ Yoast SEO Premium plugin. -->","yoast_head_json":{"title":"Prova Portugu\u00eas MPRS 2016: \u00e9 poss\u00edvel recurso","description":"Na prova de Agente Administrativo, cabe recurso contra o gabarito da quest\u00e3o 5","robots":{"index":"index","follow":"follow","max-snippet":"max-snippet:-1","max-image-preview":"max-image-preview:large","max-video-preview":"max-video-preview:-1"},"canonical":"https:\/\/www.estrategiaconcursos.com.br\/blog\/prova-mprs-e-possivel-recurso\/","og_locale":"pt_BR","og_type":"article","og_title":"Prova Portugu\u00eas MPRS 2016: \u00e9 poss\u00edvel recurso","og_description":"Na prova de Agente Administrativo MPRS 2016, cabe recurso contra o gabarito da quest\u00e3o 5.","og_url":"https:\/\/www.estrategiaconcursos.com.br\/blog\/prova-mprs-e-possivel-recurso\/","og_site_name":"Estrat\u00e9gia Concursos","article_published_time":"2016-06-15T22:22:24+00:00","author":"D\u00e9cio Terror Filho","twitter_card":"summary_large_image","twitter_title":"Prova Portugu\u00eas MPRS 2016: \u00e9 poss\u00edvel recurso","twitter_creator":"@EstratConcursos","twitter_site":"@EstratConcursos","twitter_misc":{"Escrito por":"D\u00e9cio Terror Filho","Est. tempo de leitura":"3 minutos"},"schema":{"@context":"https:\/\/schema.org","@graph":[{"@type":"NewsArticle","@id":"https:\/\/www.estrategiaconcursos.com.br\/blog\/prova-mprs-e-possivel-recurso\/#article","isPartOf":{"@id":"https:\/\/www.estrategiaconcursos.com.br\/blog\/prova-mprs-e-possivel-recurso\/"},"author":{"name":"D\u00e9cio Terror Filho","@id":"https:\/\/www.estrategiaconcursos.com.br\/blog\/#\/schema\/person\/e8165364027a31208914fc77c3314727"},"headline":"Prova Portugu\u00eas MPRS 2016: \u00e9 poss\u00edvel recurso","datePublished":"2016-06-15T22:22:24+00:00","mainEntityOfPage":{"@id":"https:\/\/www.estrategiaconcursos.com.br\/blog\/prova-mprs-e-possivel-recurso\/"},"wordCount":587,"commentCount":0,"publisher":{"@id":"https:\/\/www.estrategiaconcursos.com.br\/blog\/#organization"},"keywords":["Gabarito","MPRS","Recurso","recurso MPRS","recurso Portugu\u00eas"],"articleSection":["Concursos P\u00fablicos"],"inLanguage":"pt-BR","potentialAction":[{"@type":"CommentAction","name":"Comment","target":["https:\/\/www.estrategiaconcursos.com.br\/blog\/prova-mprs-e-possivel-recurso\/#respond"]}],"copyrightYear":"2016","copyrightHolder":{"@id":"https:\/\/www.estrategiaconcursos.com.br\/blog\/#organization"}},{"@type":"WebPage","@id":"https:\/\/www.estrategiaconcursos.com.br\/blog\/prova-mprs-e-possivel-recurso\/","url":"https:\/\/www.estrategiaconcursos.com.br\/blog\/prova-mprs-e-possivel-recurso\/","name":"Prova Portugu\u00eas MPRS 2016: \u00e9 poss\u00edvel recurso","isPartOf":{"@id":"https:\/\/www.estrategiaconcursos.com.br\/blog\/#website"},"datePublished":"2016-06-15T22:22:24+00:00","description":"Na prova de Agente Administrativo, cabe recurso contra o gabarito da quest\u00e3o 5","breadcrumb":{"@id":"https:\/\/www.estrategiaconcursos.com.br\/blog\/prova-mprs-e-possivel-recurso\/#breadcrumb"},"inLanguage":"pt-BR","potentialAction":[{"@type":"ReadAction","target":["https:\/\/www.estrategiaconcursos.com.br\/blog\/prova-mprs-e-possivel-recurso\/"]}]},{"@type":"BreadcrumbList","@id":"https:\/\/www.estrategiaconcursos.com.br\/blog\/prova-mprs-e-possivel-recurso\/#breadcrumb","itemListElement":[{"@type":"ListItem","position":1,"name":"In\u00edcio","item":"https:\/\/www.estrategiaconcursos.com.br\/blog\/"},{"@type":"ListItem","position":2,"name":"Prova Portugu\u00eas MPRS 2016: \u00e9 poss\u00edvel recurso"}]},{"@type":"WebSite","@id":"https:\/\/www.estrategiaconcursos.com.br\/blog\/#website","url":"https:\/\/www.estrategiaconcursos.com.br\/blog\/","name":"Estrat\u00e9gia Concursos","description":"O blog da Estrat\u00e9gia Concursos traz not\u00edcias sobre concursos e artigos de professores oferecendo cursos para concursos (pdf + videaulas) no site.","publisher":{"@id":"https:\/\/www.estrategiaconcursos.com.br\/blog\/#organization"},"potentialAction":[{"@type":"SearchAction","target":{"@type":"EntryPoint","urlTemplate":"https:\/\/www.estrategiaconcursos.com.br\/blog\/?s={search_term_string}"},"query-input":{"@type":"PropertyValueSpecification","valueRequired":true,"valueName":"search_term_string"}}],"inLanguage":"pt-BR"},{"@type":"Organization","@id":"https:\/\/www.estrategiaconcursos.com.br\/blog\/#organization","name":"Estrat\u00e9gia Concursos","url":"https:\/\/www.estrategiaconcursos.com.br\/blog\/","logo":{"@type":"ImageObject","inLanguage":"pt-BR","@id":"https:\/\/www.estrategiaconcursos.com.br\/blog\/#\/schema\/logo\/image\/","url":"https:\/\/dhg1h5j42swfq.cloudfront.net\/2025\/06\/03203428\/logo_concursos-1.jpg","contentUrl":"https:\/\/dhg1h5j42swfq.cloudfront.net\/2025\/06\/03203428\/logo_concursos-1.jpg","width":230,"height":60,"caption":"Estrat\u00e9gia Concursos"},"image":{"@id":"https:\/\/www.estrategiaconcursos.com.br\/blog\/#\/schema\/logo\/image\/"},"sameAs":["https:\/\/x.com\/EstratConcursos"]},{"@type":"Person","@id":"https:\/\/www.estrategiaconcursos.com.br\/blog\/#\/schema\/person\/e8165364027a31208914fc77c3314727","name":"D\u00e9cio Terror Filho","image":{"@type":"ImageObject","inLanguage":"pt-BR","@id":"https:\/\/secure.gravatar.com\/avatar\/a5b78e734de7c6482e965926e78344deb81abbc34282a3c9536cbb1a59728a37?s=96&d=mm&r=g","url":"https:\/\/secure.gravatar.com\/avatar\/a5b78e734de7c6482e965926e78344deb81abbc34282a3c9536cbb1a59728a37?s=96&d=mm&r=g","contentUrl":"https:\/\/secure.gravatar.com\/avatar\/a5b78e734de7c6482e965926e78344deb81abbc34282a3c9536cbb1a59728a37?s=96&d=mm&r=g","caption":"D\u00e9cio Terror Filho"},"url":"https:\/\/www.estrategiaconcursos.com.br\/blog\/author\/contatoterrorportugues-com-br\/"}]}},"_links":{"self":[{"href":"https:\/\/www.estrategiaconcursos.com.br\/blog\/wp-json\/wp\/v2\/posts\/41463","targetHints":{"allow":["GET"]}}],"collection":[{"href":"https:\/\/www.estrategiaconcursos.com.br\/blog\/wp-json\/wp\/v2\/posts"}],"about":[{"href":"https:\/\/www.estrategiaconcursos.com.br\/blog\/wp-json\/wp\/v2\/types\/post"}],"author":[{"embeddable":true,"href":"https:\/\/www.estrategiaconcursos.com.br\/blog\/wp-json\/wp\/v2\/users\/214"}],"replies":[{"embeddable":true,"href":"https:\/\/www.estrategiaconcursos.com.br\/blog\/wp-json\/wp\/v2\/comments?post=41463"}],"version-history":[{"count":2,"href":"https:\/\/www.estrategiaconcursos.com.br\/blog\/wp-json\/wp\/v2\/posts\/41463\/revisions"}],"predecessor-version":[{"id":41470,"href":"https:\/\/www.estrategiaconcursos.com.br\/blog\/wp-json\/wp\/v2\/posts\/41463\/revisions\/41470"}],"wp:attachment":[{"href":"https:\/\/www.estrategiaconcursos.com.br\/blog\/wp-json\/wp\/v2\/media?parent=41463"}],"wp:term":[{"taxonomy":"category","embeddable":true,"href":"https:\/\/www.estrategiaconcursos.com.br\/blog\/wp-json\/wp\/v2\/categories?post=41463"},{"taxonomy":"post_tag","embeddable":true,"href":"https:\/\/www.estrategiaconcursos.com.br\/blog\/wp-json\/wp\/v2\/tags?post=41463"},{"taxonomy":"tax_estado","embeddable":true,"href":"https:\/\/www.estrategiaconcursos.com.br\/blog\/wp-json\/wp\/v2\/tax_estado?post=41463"}],"curies":[{"name":"wp","href":"https:\/\/api.w.org\/{rel}","templated":true}]}}