{"id":414615,"date":"2019-08-30T14:21:37","date_gmt":"2019-08-30T17:21:37","guid":{"rendered":"https:\/\/www.estrategiaconcursos.com.br\/blog\/?p=414615"},"modified":"2019-11-08T17:39:40","modified_gmt":"2019-11-08T20:39:40","slug":"concurso-prefeitura-de-campinas-convocacao-para-as-provas","status":"publish","type":"post","link":"https:\/\/www.estrategiaconcursos.com.br\/blog\/concurso-prefeitura-de-campinas-convocacao-para-as-provas\/","title":{"rendered":"Concurso Prefeitura de Campinas: publicada convoca\u00e7\u00e3o para as provas"},"content":{"rendered":"\n<p>Foi publicada no Di\u00e1rio Oficial desta sexta-feira, 30, a convoca\u00e7\u00e3o para as provas do novo concurso promovido pela Prefeitura de Campinas. Ao todo o edital do certame oferta <strong>266  vagas<\/strong>.<\/p>\n\n\n\n<p>A publica\u00e7\u00e3o enfatiza que as provas objetivas ser\u00e3o aplicadas nos dia <strong>8 e 15 de setembro<\/strong>, a depender do cargo pretendido. Confira as datas e hor\u00e1rios das provas do concurso<\/p>\n\n\n\n<h4 class=\"wp-block-heading\">Para os cargos de Coordenador Pedag\u00f3gico e Professor de Educa\u00e7\u00e3o B\u00e1sica (II)<\/h4>\n\n\n\n<ul class=\"wp-block-list\"><li>Data da prova: 08\/09 (domingo)<\/li><li>Hor\u00e1rio de Apresenta\u00e7\u00e3o: 7 horas <\/li><li>Hor\u00e1rio de Fechamento dos Port\u00f5es<strong>:<\/strong> 8 horas<\/li><li>Tempo de Dura\u00e7\u00e3o das Provas: 4 (quatro) horas<\/li><\/ul>\n\n\n\n<h4 class=\"wp-block-heading\">Para os cargos de Professor De Educa\u00e7\u00e3o B\u00e1sica I &#8211; Educa\u00e7\u00e3o Infantil, Professor De Educa\u00e7\u00e3o B\u00e1sica III &#8211; Geografia, Professor De Educa\u00e7\u00e3o B\u00e1sica III  &#8211; Matem\u00e1tica, Professor De Educa\u00e7\u00e3o B\u00e1sica IV &#8211; Educa\u00e7\u00e3o Especial E Supervisor Educacional<\/h4>\n\n\n\n<ul class=\"wp-block-list\"><li>Data da prova: 08\/09 (domingo)<\/li><li>Hor\u00e1rio de Apresenta\u00e7\u00e3o: <em>13 horas <\/em><\/li><li>Hor\u00e1rio de Fechamento dos Port\u00f5es: <em>14 horas<\/em><\/li><li>Tempo de Dura\u00e7\u00e3o das Provas: <em>4 (quatro) horas <\/em><\/li><\/ul>\n\n\n\n<h4 class=\"wp-block-heading\">Para os cargos de M\u00e9dico (todas as especialidades)<\/h4>\n\n\n\n<ul class=\"wp-block-list\"><li>DATA DA PROVA: 15.09.2019 (DOMINGO)<\/li><li>Hor\u00e1rio de Apresenta\u00e7\u00e3o: 7 horas <\/li><li>Hor\u00e1rio de Fechamento dos Port\u00f5es: 8 horas <\/li><li>Tempo de Dura\u00e7\u00e3o das Prova: 3 (tr\u00eas) horas <\/li><\/ul>\n\n\n\n<h4 class=\"wp-block-heading\">Para os cargos de DENTISTA, ENFERMEIRO, FARMAC\u00caUTICO, FISIOTERAPEUTA, M\u00c9DICO VETERIN\u00c1RIO, NUTRICIONISTA e PSIC\u00d3LOGO: <\/h4>\n\n\n\n<ul class=\"wp-block-list\"><li>Hor\u00e1rio de Apresenta\u00e7\u00e3o: 7 horas<\/li><li> Hor\u00e1rio de Fechamento dos Port\u00f5es: 8 horas <\/li><li>Tempo de Dura\u00e7\u00e3o das Provas: 3 (tr\u00eas) horas<\/li><\/ul>\n\n\n\n<h4 class=\"wp-block-heading\"><strong>Para o cargo de GUARDA MUNICIPAL<\/strong><\/h4>\n\n\n\n<ul class=\"wp-block-list\"><li> DATA DA PROVA: 15.09.2019 (DOMINGO)<\/li><li> Hor\u00e1rio de Apresenta\u00e7\u00e3o: 13 horas <\/li><li>Hor\u00e1rio de Fechamento dos Port\u00f5es: 14 horas <\/li><li>Tempo de Dura\u00e7\u00e3o das Prova: 3 (tr\u00eas) horas <\/li><\/ul>\n\n\n\n<h4 class=\"wp-block-heading\"> Para os cargos de AUXILIAR EM SA\u00daDE BUCAL, AGENTE DE APOIO \u00c0 SA\u00daDE (FARM\u00c1CIA) e T\u00c9CNICO EM AN\u00c1LISES CL\u00cdNICAS <\/h4>\n\n\n\n<ul class=\"wp-block-list\"><li>Hor\u00e1rio de Apresenta\u00e7\u00e3o: 13 horas <\/li><li>Hor\u00e1rio de Fechamento dos Port\u00f5es: 14 horas<\/li><li> Tempo de Dura\u00e7\u00e3o das Provas: 3 (tr\u00eas) horas <\/li><\/ul>\n\n\n\n<h4 class=\"wp-block-heading\">Para o cargo de FISCAL TRIBUT\u00c1RIO<\/h4>\n\n\n\n<ul class=\"wp-block-list\"><li> DATA DA PROVA: 08.09.2019 (DOMINGO) <\/li><li>Hor\u00e1rio de Apresenta\u00e7\u00e3o: 7 horas <\/li><li>Hor\u00e1rio de Fechamento dos Port\u00f5es: 8 horas <\/li><li>Tempo de Dura\u00e7\u00e3o das Prova: 3 (tr\u00eas) horas <\/li><\/ul>\n\n\n\n<h4 class=\"wp-block-heading\">Para o cargo de AUDITOR FISCAL TRIBUT\u00c1RIO<\/h4>\n\n\n\n<ul class=\"wp-block-list\"><li> DATA DAS PROVAS: 15.09.2019 (DOMINGO)<\/li><li>Realiza\u00e7\u00e3o da prova de Conhecimentos Gerais e Conhecimentos Espec\u00edficos (1):<ul><li> Hor\u00e1rio de Apresenta\u00e7\u00e3o: 7 horas <\/li><li>Hor\u00e1rio de Fechamento dos Port\u00f5es: 8 horas <\/li><li>Tempo de Dura\u00e7\u00e3o das Provas: 4 (quatro) horas  <\/li><\/ul><\/li><li>Realiza\u00e7\u00e3o da prova de Conhecimentos Espec\u00edficos (2): <ul><li>Hor\u00e1rio de Apresenta\u00e7\u00e3o: 13 horas <\/li><li>Hor\u00e1rio de Fechamento dos Port\u00f5es: 14 horas <\/li><li>Tempo de Dura\u00e7\u00e3o das Provas: 4 (quatro) horas<\/li><\/ul><\/li><\/ul>\n\n\n\n<h4 class=\"wp-block-heading\">Para os cargos de EXATAS<\/h4>\n\n\n\n<ul class=\"wp-block-list\"><li> DATA DAS PROVAS OBJETIVA E DE REDA\u00c7\u00c3O, QUANDO FOR O CASO: 08.09.2019 (DOMINGO) <\/li><li>Hor\u00e1rio de Apresenta\u00e7\u00e3o: 13 horas <\/li><li>Hor\u00e1rio de Fechamento dos Port\u00f5es: <\/li><li>Tempo de Dura\u00e7\u00e3o das Provas:<ul><li> 3 (tr\u00eas) horas para os cargos de ANALISTA DE TECNOLOGIA DA INFORMA\u00c7\u00c3O, DESENHISTA, T\u00c9CNICO EM AGRIMENSURA e T\u00c9CNICO EM EDIFICA\u00c7\u00d5ES <\/li><li>Tempo de Dura\u00e7\u00e3o das Provas: 4 (quatro) horas para os cargos de: ARQUITETO, ENGENHEIRO &#8211; AMBIENTAL, ENGENHEIRO &#8211; CIVIL, ENGENHEIRO &#8211; EL\u00c9TRICA, ENGENHEIRO &#8211; SA\u00daDE E SEGURAN\u00c7A DO TRABALHO e T\u00c9CNICO EM SEGURAN\u00c7A DO TRABALHO.<\/li><\/ul><\/li><\/ul>\n\n\n\n<h4 class=\"wp-block-heading\"> Para os cargos de AGENTE ADMINISTRATIVO<\/h4>\n\n\n\n<ul class=\"wp-block-list\"><li>  Data das provas: 08.09.2019 (DOMINGO)  <\/li><li>Hor\u00e1rio de Apresenta\u00e7\u00e3o: 7 horas <\/li><li>Hor\u00e1rio de Fechamento dos Port\u00f5es: 8 horas<\/li><li>Tempo de Dura\u00e7\u00e3o das Provas: 4 (quatro) horas <\/li><\/ul>\n\n\n\n<h4 class=\"wp-block-heading\">Para os cargos de AGENTE DE FISCALIZA\u00c7\u00c3O, ANALISTA DE GEST\u00c3O DE PESSOAS,CONTADOR, ECONOMISTA e ESPECIALISTA EM INFORMA\u00c7\u00c3O &#8211; BIBLIOTECONOMIA: <\/h4>\n\n\n\n<ul class=\"wp-block-list\"><li>Hor\u00e1rio de Apresenta\u00e7\u00e3o: 13 horas <\/li><li>Hor\u00e1rio de Fechamento dos Port\u00f5es: 14 horas <\/li><li>Tempo de Dura\u00e7\u00e3o das Provas: 4 (quatro) horas <\/li><\/ul>\n\n\n\n<h4 class=\"wp-block-heading\">Para os cargos de  AUDITOR DE CONTROLE INTERNO: <\/h4>\n\n\n\n<ul class=\"wp-block-list\"><li>Data da prova: 15.09.2019 (DOMINGO) <\/li><li>Hor\u00e1rio de Apresenta\u00e7\u00e3o: 13 horas <\/li><li>Hor\u00e1rio de Fechamento dos Port\u00f5es: 14 horas <\/li><li>Tempo de Dura\u00e7\u00e3o das Provas: 4 (quatro) horas <\/li><\/ul>\n\n\n\n<p>O edital do concurso da Prefeitura de Campinas registrou <strong>103.552<\/strong>&nbsp;candidatos inscritos, totalizando uma concorr\u00eancia geral de 389,29 candidatos por vaga. <\/p>\n\n\n\n<p>Vale lembrar que a Prefeitura de Campinas tamb\u00e9m publicou um edital com vagas para a \u00c1rea da Sa\u00fade. Ao todo s\u00e3o <strong>31 oportunidades<\/strong> distribu\u00eddas entre cargos de n\u00edvel m\u00e9dio e superior. <\/p>\n\n\n\n<p style=\"font-size:25px;text-align:center\" class=\"has-background has-luminous-vivid-amber-background-color\"><strong>Confira mais detalhes: <a rel=\"noreferrer noopener\" aria-label=\"Concurso Prefeitura de Campinas (abre numa nova aba)\" href=\"https:\/\/www.estrategiaconcursos.com.br\/blog\/concurso-prefeitura-de-campinas\/\" target=\"_blank\">Concurso Prefeitura de Campinas<\/a><\/strong><\/p>\n\n\n\n<h2 class=\"wp-block-heading\" style=\"text-align:center\" id=\"cursos\">Prepare-se para o concurso Prefeitura de Campinas<\/h2>\n\n\n\n<p style=\"text-align:center\"><em>Gostou dessa oportunidade e quer se preparar melhor? Acesse nossos cursos:<\/em><\/p>\n\n\n\n<p style=\"text-align:center\" class=\"has-background has-medium-font-size has-luminous-vivid-amber-background-color\"><strong><a href=\"https:\/\/www.estrategiaconcursos.com.br\/pesquisa\/?q=prefeitura+de+campinas\" target=\"_blank\" rel=\"noreferrer noopener\">CURSO PREFEITURA DE CAMPINAS<\/a><\/strong><\/p>\n\n\n\n<p style=\"text-align:center\"><em><strong>Assinatura Anual Ilimitada*<\/strong><\/em><\/p>\n\n\n\n<p style=\"text-align:center\"><em>Prepare-se com o melhor material e com quem mais aprova em Concursos P\u00fablicos em todo o pa\u00eds. Assine agora a nossa Assinatura Anual e tenha acesso ilimitado* a todos os nossos cursos.<\/em><\/p>\n\n\n\n<p style=\"font-size:25px;text-align:center\" class=\"has-background has-light-green-cyan-background-color\"><strong>ASSINE AGORA<\/strong>&nbsp;\u2013&nbsp;<a rel=\"noreferrer noopener\" href=\"https:\/\/www.estrategiaconcursos.com.br\/assinaturas\" target=\"_blank\"><strong>Assinatura Ilimitada<\/strong><\/a><\/p>\n\n\n\n<p style=\"text-align:center\" class=\"has-background has-medium-font-size has-pale-cyan-blue-background-color\"><strong><a href=\"https:\/\/www.estrategiaconcursos.com.br\/blog\/concursos-abertos\/\">CONCURSOS ABERTOS<\/a><\/strong><\/p>\n\n\n\n<p style=\"text-align:center\" class=\"has-background has-medium-font-size has-pale-cyan-blue-background-color\"><a href=\"https:\/\/www.estrategiaconcursos.com.br\/blog\/concursos-2019\/\"><strong>CONCURSOS 2019<\/strong><\/a><\/p>\n\n\n\n<p style=\"text-align:center\" class=\"has-background has-medium-font-size has-pale-cyan-blue-background-color\"><a href=\"https:\/\/www.estrategiaconcursos.com.br\/blog\/concursos-2020\/\"><strong>CONCURSOS<\/strong><\/a><strong><a href=\"https:\/\/www.estrategiaconcursos.com.br\/blog\/concursos-2020\/\">&nbsp;2020<\/a><\/strong><\/p>\n","protected":false},"excerpt":{"rendered":"<p>Foi publicada no Di\u00e1rio Oficial desta sexta-feira, 30, a convoca\u00e7\u00e3o para as provas do novo concurso promovido pela Prefeitura de Campinas. Ao todo o edital do certame oferta 266 vagas. A publica\u00e7\u00e3o enfatiza que as provas objetivas ser\u00e3o aplicadas nos dia 8 e 15 de setembro, a depender do cargo pretendido. Confira as datas e [&hellip;]<\/p>\n","protected":false},"author":93,"featured_media":0,"comment_status":"open","ping_status":"closed","sticky":false,"template":"","format":"standard","meta":{"post_tipo":"article","footnotes":""},"categories":[1],"tags":[],"tax_estado":[],"class_list":["post-414615","post","type-post","status-publish","format-standard","hentry","category-cursos-e-concursos"],"acf":[],"yoast_head":"<!-- This site is optimized with the Yoast SEO Premium plugin v27.2 (Yoast SEO v27.2) - https:\/\/yoast.com\/product\/yoast-seo-premium-wordpress\/ -->\n<title>Concurso Prefeitura de Campinas: publicada convoca\u00e7\u00e3o para as provas<\/title>\n<meta name=\"robots\" content=\"index, follow, max-snippet:-1, max-image-preview:large, max-video-preview:-1\" \/>\n<link rel=\"canonical\" href=\"https:\/\/www.estrategiaconcursos.com.br\/blog\/concurso-prefeitura-de-campinas-convocacao-para-as-provas\/\" \/>\n<meta property=\"og:locale\" content=\"pt_BR\" \/>\n<meta property=\"og:type\" content=\"article\" \/>\n<meta property=\"og:title\" content=\"Concurso Prefeitura de Campinas: publicada convoca\u00e7\u00e3o para as provas\" \/>\n<meta property=\"og:description\" content=\"Foi publicada no Di\u00e1rio Oficial desta sexta-feira, 30, a convoca\u00e7\u00e3o para as provas do novo concurso promovido pela Prefeitura de Campinas. Ao todo o edital do certame oferta 266 vagas. A publica\u00e7\u00e3o enfatiza que as provas objetivas ser\u00e3o aplicadas nos dia 8 e 15 de setembro, a depender do cargo pretendido. Confira as datas e [&hellip;]\" \/>\n<meta property=\"og:url\" content=\"https:\/\/www.estrategiaconcursos.com.br\/blog\/concurso-prefeitura-de-campinas-convocacao-para-as-provas\/\" \/>\n<meta property=\"og:site_name\" content=\"Estrat\u00e9gia Concursos\" \/>\n<meta property=\"article:published_time\" content=\"2019-08-30T17:21:37+00:00\" \/>\n<meta property=\"article:modified_time\" content=\"2019-11-08T20:39:40+00:00\" \/>\n<meta name=\"author\" content=\"Vinicius Silva\" \/>\n<meta name=\"twitter:card\" content=\"summary_large_image\" \/>\n<meta name=\"twitter:creator\" content=\"@EstratConcursos\" \/>\n<meta name=\"twitter:site\" content=\"@EstratConcursos\" \/>\n<meta name=\"twitter:label1\" content=\"Escrito por\" \/>\n\t<meta name=\"twitter:data1\" content=\"Vinicius Silva\" \/>\n\t<meta name=\"twitter:label2\" content=\"Est. tempo de leitura\" \/>\n\t<meta name=\"twitter:data2\" content=\"4 minutos\" \/>\n<script type=\"application\/ld+json\" class=\"yoast-schema-graph\">{\"@context\":\"https:\/\/schema.org\",\"@graph\":[{\"@type\":\"NewsArticle\",\"@id\":\"https:\/\/www.estrategiaconcursos.com.br\/blog\/concurso-prefeitura-de-campinas-convocacao-para-as-provas\/#article\",\"isPartOf\":{\"@id\":\"https:\/\/www.estrategiaconcursos.com.br\/blog\/concurso-prefeitura-de-campinas-convocacao-para-as-provas\/\"},\"author\":{\"name\":\"Vinicius Silva\",\"@id\":\"https:\/\/www.estrategiaconcursos.com.br\/blog\/#\/schema\/person\/20030622a981f9a942ad6b3561fe4ca4\"},\"headline\":\"Concurso Prefeitura de Campinas: publicada convoca\u00e7\u00e3o para as provas\",\"datePublished\":\"2019-08-30T17:21:37+00:00\",\"dateModified\":\"2019-11-08T20:39:40+00:00\",\"mainEntityOfPage\":{\"@id\":\"https:\/\/www.estrategiaconcursos.com.br\/blog\/concurso-prefeitura-de-campinas-convocacao-para-as-provas\/\"},\"wordCount\":797,\"commentCount\":0,\"publisher\":{\"@id\":\"https:\/\/www.estrategiaconcursos.com.br\/blog\/#organization\"},\"articleSection\":[\"Concursos P\u00fablicos\"],\"inLanguage\":\"pt-BR\",\"potentialAction\":[{\"@type\":\"CommentAction\",\"name\":\"Comment\",\"target\":[\"https:\/\/www.estrategiaconcursos.com.br\/blog\/concurso-prefeitura-de-campinas-convocacao-para-as-provas\/#respond\"]}],\"copyrightYear\":\"2019\",\"copyrightHolder\":{\"@id\":\"https:\/\/www.estrategiaconcursos.com.br\/blog\/#organization\"}},{\"@type\":\"WebPage\",\"@id\":\"https:\/\/www.estrategiaconcursos.com.br\/blog\/concurso-prefeitura-de-campinas-convocacao-para-as-provas\/\",\"url\":\"https:\/\/www.estrategiaconcursos.com.br\/blog\/concurso-prefeitura-de-campinas-convocacao-para-as-provas\/\",\"name\":\"Concurso Prefeitura de Campinas: publicada convoca\u00e7\u00e3o para as provas\",\"isPartOf\":{\"@id\":\"https:\/\/www.estrategiaconcursos.com.br\/blog\/#website\"},\"datePublished\":\"2019-08-30T17:21:37+00:00\",\"dateModified\":\"2019-11-08T20:39:40+00:00\",\"breadcrumb\":{\"@id\":\"https:\/\/www.estrategiaconcursos.com.br\/blog\/concurso-prefeitura-de-campinas-convocacao-para-as-provas\/#breadcrumb\"},\"inLanguage\":\"pt-BR\",\"potentialAction\":[{\"@type\":\"ReadAction\",\"target\":[\"https:\/\/www.estrategiaconcursos.com.br\/blog\/concurso-prefeitura-de-campinas-convocacao-para-as-provas\/\"]}]},{\"@type\":\"BreadcrumbList\",\"@id\":\"https:\/\/www.estrategiaconcursos.com.br\/blog\/concurso-prefeitura-de-campinas-convocacao-para-as-provas\/#breadcrumb\",\"itemListElement\":[{\"@type\":\"ListItem\",\"position\":1,\"name\":\"In\u00edcio\",\"item\":\"https:\/\/www.estrategiaconcursos.com.br\/blog\/\"},{\"@type\":\"ListItem\",\"position\":2,\"name\":\"Concurso Prefeitura de Campinas: publicada convoca\u00e7\u00e3o para as provas\"}]},{\"@type\":\"WebSite\",\"@id\":\"https:\/\/www.estrategiaconcursos.com.br\/blog\/#website\",\"url\":\"https:\/\/www.estrategiaconcursos.com.br\/blog\/\",\"name\":\"Estrat\u00e9gia Concursos\",\"description\":\"O blog da Estrat\u00e9gia Concursos traz not\u00edcias sobre concursos e artigos de professores oferecendo cursos para concursos (pdf + videaulas) no site.\",\"publisher\":{\"@id\":\"https:\/\/www.estrategiaconcursos.com.br\/blog\/#organization\"},\"potentialAction\":[{\"@type\":\"SearchAction\",\"target\":{\"@type\":\"EntryPoint\",\"urlTemplate\":\"https:\/\/www.estrategiaconcursos.com.br\/blog\/?s={search_term_string}\"},\"query-input\":{\"@type\":\"PropertyValueSpecification\",\"valueRequired\":true,\"valueName\":\"search_term_string\"}}],\"inLanguage\":\"pt-BR\"},{\"@type\":\"Organization\",\"@id\":\"https:\/\/www.estrategiaconcursos.com.br\/blog\/#organization\",\"name\":\"Estrat\u00e9gia Concursos\",\"url\":\"https:\/\/www.estrategiaconcursos.com.br\/blog\/\",\"logo\":{\"@type\":\"ImageObject\",\"inLanguage\":\"pt-BR\",\"@id\":\"https:\/\/www.estrategiaconcursos.com.br\/blog\/#\/schema\/logo\/image\/\",\"url\":\"https:\/\/dhg1h5j42swfq.cloudfront.net\/2025\/06\/03203428\/logo_concursos-1.jpg\",\"contentUrl\":\"https:\/\/dhg1h5j42swfq.cloudfront.net\/2025\/06\/03203428\/logo_concursos-1.jpg\",\"width\":230,\"height\":60,\"caption\":\"Estrat\u00e9gia Concursos\"},\"image\":{\"@id\":\"https:\/\/www.estrategiaconcursos.com.br\/blog\/#\/schema\/logo\/image\/\"},\"sameAs\":[\"https:\/\/x.com\/EstratConcursos\"]},{\"@type\":\"Person\",\"@id\":\"https:\/\/www.estrategiaconcursos.com.br\/blog\/#\/schema\/person\/20030622a981f9a942ad6b3561fe4ca4\",\"name\":\"Vinicius Silva\",\"image\":{\"@type\":\"ImageObject\",\"inLanguage\":\"pt-BR\",\"@id\":\"https:\/\/secure.gravatar.com\/avatar\/604d9670a4c7eea71feaa4381f3ae97e148292ac402671c5944aa67a3d127663?s=96&d=mm&r=g\",\"url\":\"https:\/\/secure.gravatar.com\/avatar\/604d9670a4c7eea71feaa4381f3ae97e148292ac402671c5944aa67a3d127663?s=96&d=mm&r=g\",\"contentUrl\":\"https:\/\/secure.gravatar.com\/avatar\/604d9670a4c7eea71feaa4381f3ae97e148292ac402671c5944aa67a3d127663?s=96&d=mm&r=g\",\"caption\":\"Vinicius Silva\"},\"url\":\"https:\/\/www.estrategiaconcursos.com.br\/blog\/author\/viniciussilvaestrategiaconcursos-com-br\/\"}]}<\/script>\n<!-- \/ Yoast SEO Premium plugin. -->","yoast_head_json":{"title":"Concurso Prefeitura de Campinas: publicada convoca\u00e7\u00e3o para as provas","robots":{"index":"index","follow":"follow","max-snippet":"max-snippet:-1","max-image-preview":"max-image-preview:large","max-video-preview":"max-video-preview:-1"},"canonical":"https:\/\/www.estrategiaconcursos.com.br\/blog\/concurso-prefeitura-de-campinas-convocacao-para-as-provas\/","og_locale":"pt_BR","og_type":"article","og_title":"Concurso Prefeitura de Campinas: publicada convoca\u00e7\u00e3o para as provas","og_description":"Foi publicada no Di\u00e1rio Oficial desta sexta-feira, 30, a convoca\u00e7\u00e3o para as provas do novo concurso promovido pela Prefeitura de Campinas. Ao todo o edital do certame oferta 266 vagas. A publica\u00e7\u00e3o enfatiza que as provas objetivas ser\u00e3o aplicadas nos dia 8 e 15 de setembro, a depender do cargo pretendido. Confira as datas e [&hellip;]","og_url":"https:\/\/www.estrategiaconcursos.com.br\/blog\/concurso-prefeitura-de-campinas-convocacao-para-as-provas\/","og_site_name":"Estrat\u00e9gia Concursos","article_published_time":"2019-08-30T17:21:37+00:00","article_modified_time":"2019-11-08T20:39:40+00:00","author":"Vinicius Silva","twitter_card":"summary_large_image","twitter_creator":"@EstratConcursos","twitter_site":"@EstratConcursos","twitter_misc":{"Escrito por":"Vinicius Silva","Est. tempo de leitura":"4 minutos"},"schema":{"@context":"https:\/\/schema.org","@graph":[{"@type":"NewsArticle","@id":"https:\/\/www.estrategiaconcursos.com.br\/blog\/concurso-prefeitura-de-campinas-convocacao-para-as-provas\/#article","isPartOf":{"@id":"https:\/\/www.estrategiaconcursos.com.br\/blog\/concurso-prefeitura-de-campinas-convocacao-para-as-provas\/"},"author":{"name":"Vinicius Silva","@id":"https:\/\/www.estrategiaconcursos.com.br\/blog\/#\/schema\/person\/20030622a981f9a942ad6b3561fe4ca4"},"headline":"Concurso Prefeitura de Campinas: publicada convoca\u00e7\u00e3o para as provas","datePublished":"2019-08-30T17:21:37+00:00","dateModified":"2019-11-08T20:39:40+00:00","mainEntityOfPage":{"@id":"https:\/\/www.estrategiaconcursos.com.br\/blog\/concurso-prefeitura-de-campinas-convocacao-para-as-provas\/"},"wordCount":797,"commentCount":0,"publisher":{"@id":"https:\/\/www.estrategiaconcursos.com.br\/blog\/#organization"},"articleSection":["Concursos P\u00fablicos"],"inLanguage":"pt-BR","potentialAction":[{"@type":"CommentAction","name":"Comment","target":["https:\/\/www.estrategiaconcursos.com.br\/blog\/concurso-prefeitura-de-campinas-convocacao-para-as-provas\/#respond"]}],"copyrightYear":"2019","copyrightHolder":{"@id":"https:\/\/www.estrategiaconcursos.com.br\/blog\/#organization"}},{"@type":"WebPage","@id":"https:\/\/www.estrategiaconcursos.com.br\/blog\/concurso-prefeitura-de-campinas-convocacao-para-as-provas\/","url":"https:\/\/www.estrategiaconcursos.com.br\/blog\/concurso-prefeitura-de-campinas-convocacao-para-as-provas\/","name":"Concurso Prefeitura de Campinas: publicada convoca\u00e7\u00e3o para as provas","isPartOf":{"@id":"https:\/\/www.estrategiaconcursos.com.br\/blog\/#website"},"datePublished":"2019-08-30T17:21:37+00:00","dateModified":"2019-11-08T20:39:40+00:00","breadcrumb":{"@id":"https:\/\/www.estrategiaconcursos.com.br\/blog\/concurso-prefeitura-de-campinas-convocacao-para-as-provas\/#breadcrumb"},"inLanguage":"pt-BR","potentialAction":[{"@type":"ReadAction","target":["https:\/\/www.estrategiaconcursos.com.br\/blog\/concurso-prefeitura-de-campinas-convocacao-para-as-provas\/"]}]},{"@type":"BreadcrumbList","@id":"https:\/\/www.estrategiaconcursos.com.br\/blog\/concurso-prefeitura-de-campinas-convocacao-para-as-provas\/#breadcrumb","itemListElement":[{"@type":"ListItem","position":1,"name":"In\u00edcio","item":"https:\/\/www.estrategiaconcursos.com.br\/blog\/"},{"@type":"ListItem","position":2,"name":"Concurso Prefeitura de Campinas: publicada convoca\u00e7\u00e3o para as provas"}]},{"@type":"WebSite","@id":"https:\/\/www.estrategiaconcursos.com.br\/blog\/#website","url":"https:\/\/www.estrategiaconcursos.com.br\/blog\/","name":"Estrat\u00e9gia Concursos","description":"O blog da Estrat\u00e9gia Concursos traz not\u00edcias sobre concursos e artigos de professores oferecendo cursos para concursos (pdf + videaulas) no site.","publisher":{"@id":"https:\/\/www.estrategiaconcursos.com.br\/blog\/#organization"},"potentialAction":[{"@type":"SearchAction","target":{"@type":"EntryPoint","urlTemplate":"https:\/\/www.estrategiaconcursos.com.br\/blog\/?s={search_term_string}"},"query-input":{"@type":"PropertyValueSpecification","valueRequired":true,"valueName":"search_term_string"}}],"inLanguage":"pt-BR"},{"@type":"Organization","@id":"https:\/\/www.estrategiaconcursos.com.br\/blog\/#organization","name":"Estrat\u00e9gia Concursos","url":"https:\/\/www.estrategiaconcursos.com.br\/blog\/","logo":{"@type":"ImageObject","inLanguage":"pt-BR","@id":"https:\/\/www.estrategiaconcursos.com.br\/blog\/#\/schema\/logo\/image\/","url":"https:\/\/dhg1h5j42swfq.cloudfront.net\/2025\/06\/03203428\/logo_concursos-1.jpg","contentUrl":"https:\/\/dhg1h5j42swfq.cloudfront.net\/2025\/06\/03203428\/logo_concursos-1.jpg","width":230,"height":60,"caption":"Estrat\u00e9gia Concursos"},"image":{"@id":"https:\/\/www.estrategiaconcursos.com.br\/blog\/#\/schema\/logo\/image\/"},"sameAs":["https:\/\/x.com\/EstratConcursos"]},{"@type":"Person","@id":"https:\/\/www.estrategiaconcursos.com.br\/blog\/#\/schema\/person\/20030622a981f9a942ad6b3561fe4ca4","name":"Vinicius Silva","image":{"@type":"ImageObject","inLanguage":"pt-BR","@id":"https:\/\/secure.gravatar.com\/avatar\/604d9670a4c7eea71feaa4381f3ae97e148292ac402671c5944aa67a3d127663?s=96&d=mm&r=g","url":"https:\/\/secure.gravatar.com\/avatar\/604d9670a4c7eea71feaa4381f3ae97e148292ac402671c5944aa67a3d127663?s=96&d=mm&r=g","contentUrl":"https:\/\/secure.gravatar.com\/avatar\/604d9670a4c7eea71feaa4381f3ae97e148292ac402671c5944aa67a3d127663?s=96&d=mm&r=g","caption":"Vinicius Silva"},"url":"https:\/\/www.estrategiaconcursos.com.br\/blog\/author\/viniciussilvaestrategiaconcursos-com-br\/"}]}},"_links":{"self":[{"href":"https:\/\/www.estrategiaconcursos.com.br\/blog\/wp-json\/wp\/v2\/posts\/414615","targetHints":{"allow":["GET"]}}],"collection":[{"href":"https:\/\/www.estrategiaconcursos.com.br\/blog\/wp-json\/wp\/v2\/posts"}],"about":[{"href":"https:\/\/www.estrategiaconcursos.com.br\/blog\/wp-json\/wp\/v2\/types\/post"}],"author":[{"embeddable":true,"href":"https:\/\/www.estrategiaconcursos.com.br\/blog\/wp-json\/wp\/v2\/users\/93"}],"replies":[{"embeddable":true,"href":"https:\/\/www.estrategiaconcursos.com.br\/blog\/wp-json\/wp\/v2\/comments?post=414615"}],"version-history":[{"count":5,"href":"https:\/\/www.estrategiaconcursos.com.br\/blog\/wp-json\/wp\/v2\/posts\/414615\/revisions"}],"predecessor-version":[{"id":414764,"href":"https:\/\/www.estrategiaconcursos.com.br\/blog\/wp-json\/wp\/v2\/posts\/414615\/revisions\/414764"}],"wp:attachment":[{"href":"https:\/\/www.estrategiaconcursos.com.br\/blog\/wp-json\/wp\/v2\/media?parent=414615"}],"wp:term":[{"taxonomy":"category","embeddable":true,"href":"https:\/\/www.estrategiaconcursos.com.br\/blog\/wp-json\/wp\/v2\/categories?post=414615"},{"taxonomy":"post_tag","embeddable":true,"href":"https:\/\/www.estrategiaconcursos.com.br\/blog\/wp-json\/wp\/v2\/tags?post=414615"},{"taxonomy":"tax_estado","embeddable":true,"href":"https:\/\/www.estrategiaconcursos.com.br\/blog\/wp-json\/wp\/v2\/tax_estado?post=414615"}],"curies":[{"name":"wp","href":"https:\/\/api.w.org\/{rel}","templated":true}]}}