{"id":414545,"date":"2019-09-06T16:10:47","date_gmt":"2019-09-06T19:10:47","guid":{"rendered":"https:\/\/www.estrategiaconcursos.com.br\/blog\/?p=414545"},"modified":"2023-02-01T13:53:09","modified_gmt":"2023-02-01T16:53:09","slug":"edital-trf-3","status":"publish","type":"post","link":"https:\/\/www.estrategiaconcursos.com.br\/blog\/edital-trf-3\/","title":{"rendered":"Edital TRF 3 \u00e9 PUBLICADO: Vagas para T\u00e9cnico e Analista Judici\u00e1rio"},"content":{"rendered":"\n<h2 class=\"wp-block-heading\">Edital TRF 3 prev\u00ea provas em dezembro de 2019<\/h2>\n\n\n\n<p>Foi publicado o esperado <strong>edital TRF 3\u00aa Regi\u00e3o (SP e MS) <\/strong>com vagas para os cargos de T\u00e9cnico Judici\u00e1rio e Analista Judici\u00e1rio. O <strong>concurso TRF 3 <\/strong>prev\u00ea a oferta de <strong>9 vagas imediatas<\/strong> e <strong>cadastro de reserva<\/strong>.<\/p>\n\n\n\n<p>Os interessados poder\u00e3o se inscrever entre os dias <strong>12 de setembro <\/strong>e <strong>2 de outubro de 2019<\/strong>, exclusivamente pela internet, no portal da Funda\u00e7\u00e3o Carlos Chagas. A taxa de inscri\u00e7\u00e3o \u00e9 de R$ 85,00 para o cargo de T\u00e9cnico e R$ 95,00 para Analista, podendo ser paga at\u00e9 o dia 2 de outubro.<\/p>\n\n\n\n<p>O concurso TRF 3 ter\u00e1 provas objetiva e discursiva, aplicadas nas capitais do Mato Grosso do Sul e de S\u00e3o Paulo no dia 1\u00ba de dezembro de 2019.<\/p>\n\n\n\n<h2 class=\"wp-block-heading\">Edital TRF 3: principais datas<\/h2>\n\n\n\n<p class=\"has-very-light-gray-background-color has-background\"><strong>Inscri\u00e7\u00f5es:<\/strong> 12\/09 a 02\/10<br \/><strong>Isen\u00e7\u00e3o<\/strong>: 12 a 16\/09<br \/><strong>Pagamento da taxa<\/strong>: at\u00e9 02\/10<br \/><strong>Provas<\/strong>: 01\/12<br \/><strong>Divulga\u00e7\u00e3o do gabarito<\/strong>: 02\/12<\/p>\n\n\n\n<h2 class=\"wp-block-heading\">Edital TRF 3: quadro de vagas<\/h2>\n\n\n\n<h3 class=\"wp-block-heading\">TRF 3 (Sede)<\/h3>\n\n\n\n<p><\/p>\n\n\n\n<figure class=\"wp-block-table is-style-stripes\"><table class=\"has-subtle-pale-blue-background-color has-background\"><tbody><tr><td><strong>Cargo<\/strong><\/td><td><strong>Escolaridade<\/strong><\/td><td><strong>Vagas<\/strong><\/td><\/tr><tr><td>T\u00e9cnico Judici\u00e1rio &#8211; \u00c1rea Administrativa<\/td><td>N\u00edvel M\u00e9dio<\/td><td> 1+CR<\/td><\/tr><tr><td>T\u00e9cnico Judici\u00e1ria &#8211; \u00c1rea Apoio Especializado &#8211; Inform\u00e1tica<\/td><td>N\u00edvel M\u00e9dio<\/td><td>1+CR<\/td><\/tr><tr><td>Analista Judici\u00e1rio &#8211; \u00c1rea Judici\u00e1ria<\/td><td>N\u00edvel Superior<\/td><td>1+CR<\/td><\/tr><tr><td>Analista Judici\u00e1rio &#8211; \u00c1rea Apoio Especializado &#8211; Inform\u00e1tica<\/td><td>N\u00edvel Superior<\/td><td>1+CR<\/td><\/tr><\/tbody><\/table><\/figure>\n\n\n\n<p><\/p>\n\n\n\n<h3 class=\"wp-block-heading\">Se\u00e7\u00e3o Judici\u00e1ria de S\u00e3o Paulo (Capital e Interior)<\/h3>\n\n\n\n<p><\/p>\n\n\n\n<figure class=\"wp-block-table is-style-stripes\"><table class=\"has-subtle-pale-blue-background-color has-background\"><tbody><tr><td><strong>Cargo<\/strong><\/td><td><strong>Escolaridade<\/strong><\/td><td><strong>Vagas<\/strong><\/td><\/tr><tr><td>T\u00e9cnico Judici\u00e1rio &#8211; \u00c1rea Administrativa<\/td><td>N\u00edvel M\u00e9dio<\/td><td> 2+CR<\/td><\/tr><tr><td>Analista Judici\u00e1rio &#8211; \u00c1rea Judici\u00e1ria<\/td><td>N\u00edvel Superior<\/td><td>2+CR<\/td><\/tr><\/tbody><\/table><\/figure>\n\n\n\n<p><\/p>\n\n\n\n<h3 class=\"wp-block-heading\">Se\u00e7\u00e3o Judici\u00e1ria do Mato Grosso do Sul<\/h3>\n\n\n\n<p><\/p>\n\n\n\n<figure class=\"wp-block-table is-style-stripes\"><table class=\"has-subtle-pale-blue-background-color has-background\"><tbody><tr><td><strong>Cargo<\/strong><\/td><td><strong>Escolaridade<\/strong><\/td><td><strong>Vagas<\/strong><\/td><\/tr><tr><td>T\u00e9cnico Judici\u00e1rio &#8211; \u00c1rea Administrativa<\/td><td>N\u00edvel M\u00e9dio<\/td><td> 1+CR<\/td><\/tr><\/tbody><\/table><\/figure>\n\n\n\n<p><\/p>\n\n\n\n<h2 class=\"wp-block-heading\">Sal\u00e1rios e Benef\u00edcios TRF 3<\/h2>\n\n\n\n<p>O sal\u00e1rio dos servidores do TRF 3 \u00e9 composta pela soma do vencimento b\u00e1sico e Gratifica\u00e7\u00e3o de Atividade Judici\u00e1ria de 108% (GAJ). <\/p>\n\n\n\n<p>Outras gratifica\u00e7\u00f5es  podem ser adicionadas ao vencimento, aumentando ainda mais o valor real.<\/p>\n\n\n\n<figure class=\"wp-block-table is-style-stripes\"><table class=\"has-subtle-pale-blue-background-color has-background\"><tbody><tr><td><strong>Cargo<\/strong><\/td><td><strong>Inicial<\/strong><\/td><td><strong>Final<\/strong><\/td><\/tr><tr><td> <strong>Analista Judici\u00e1rio (vencimento b\u00e1sico + GAJ)<\/strong><\/td><td> R$&nbsp;12.455,30 <\/td><td> <br \/>R$ 18.701,52 <\/td><\/tr><tr><td> <strong>T\u00e9cnico Judici\u00e1rio (vencimento b\u00e1sico + GAJ)<\/strong> <\/td><td> R$&nbsp;7.591,37 <\/td><td> R$ 11.398,39 <\/td><\/tr><\/tbody><\/table><\/figure>\n\n\n\n<p>Al\u00e9m da remunera\u00e7\u00e3o, os servidores do TRF 3 t\u00eam direito aos seguintes benef\u00edcios:<\/p>\n\n\n\n<ul class=\"wp-block-list\">\n<li>Aux\u00edlio alimenta\u00e7\u00e3o:&nbsp;R$ 910,08<\/li>\n\n\n\n<li>Assist\u00eancia pr\u00e9-escolar:&nbsp;R$ 719,62<\/li>\n\n\n\n<li>Assist\u00eancia m\u00e9dica e odontol\u00f3gica (Participa\u00e7\u00e3o Uni\u00e3o):&nbsp;R$ 215,00<\/li>\n\n\n\n<li>Aux\u00edlio-transporte<\/li>\n<\/ul>\n\n\n\n<h2 class=\"wp-block-heading\">Etapas do Concurso TRF 3<\/h2>\n\n\n\n<h3 class=\"wp-block-heading\">Analista Judici\u00e1rio (todas as especialidades)<\/h3>\n\n\n\n<ul class=\"wp-block-list\">\n<li><strong>Prova objetiva (eliminat\u00f3ria e classificat\u00f3ria)<\/strong>\n<ul class=\"wp-block-list\">\n<li>Conhecimentos gerais: 20 quest\u00f5es; peso 1<\/li>\n\n\n\n<li>Conhecimentos espec\u00edficos 40 quest\u00f5es; peso 3<\/li>\n<\/ul>\n<\/li>\n\n\n\n<li><strong>Prova discursiva: Estudo de Caso (2 quest\u00f5es), peso 1 (eliminat\u00f3ria e classificat\u00f3ria)<\/strong><\/li>\n<\/ul>\n\n\n\n<h3 class=\"wp-block-heading\">T\u00e9cnico Judici\u00e1rio &#8211; \u00c1rea Administrativa<\/h3>\n\n\n\n<ul class=\"wp-block-list\">\n<li><strong>Prova objetiva (eliminat\u00f3ria e classificat\u00f3ria)<\/strong>\n<ul class=\"wp-block-list\">\n<li> Conhecimentos gerais: 20 quest\u00f5es; peso 1<\/li>\n\n\n\n<li>Conhecimentos espec\u00edficos 40 quest\u00f5es; peso 3 <\/li>\n<\/ul>\n<\/li>\n\n\n\n<li><strong>Prova discursiva: Reda\u00e7\u00e3o, peso 1 (eliminat\u00f3ria e classificat\u00f3ria)<\/strong><\/li>\n<\/ul>\n\n\n\n<h3 class=\"wp-block-heading\">T\u00e9cnico Judici\u00e1rio &#8211; \u00c1rea Apoio Especializado &#8211; Inform\u00e1tica<\/h3>\n\n\n\n<ul class=\"wp-block-list\">\n<li><strong>Prova objetiva (eliminat\u00f3ria e classificat\u00f3ria)<\/strong>\n<ul class=\"wp-block-list\">\n<li>Conhecimentos gerais: 20 quest\u00f5es; peso 1<\/li>\n\n\n\n<li>Conhecimentos espec\u00edficos 40 quest\u00f5es; peso 3 <\/li>\n<\/ul>\n<\/li>\n\n\n\n<li><strong>Prova discursiva: Estudo de Caso (2 quest\u00f5es), peso 1 (eliminat\u00f3ria e classificat\u00f3ria)<\/strong><\/li>\n<\/ul>\n\n\n\n<h2 class=\"wp-block-heading\">Provas TRF 3<\/h2>\n\n\n\n<h3 class=\"wp-block-heading\">Estrutura das provas<\/h3>\n\n\n\n<p>As <strong>provas objetivas<\/strong> ser\u00e3o compostas por <strong>60 quest\u00f5es de m\u00faltipla escolha<\/strong> com cinco alternativas e ter\u00e3o dura\u00e7\u00e3o m\u00e1xima de <strong>4h30<\/strong>.<\/p>\n\n\n\n<p>As <strong>provas<\/strong> <strong>discursivas <\/strong>ser\u00e3o aplicadas em conjunto com a prova objetiva, no mesmo dia e turno. <\/p>\n\n\n\n<p>O <strong>estudo de caso<\/strong> ser\u00e1 aplicado para os cargos de Analista Judici\u00e1rio (todas as \u00e1reas\/especialidades) e para o cargo de T\u00e9cnico Judici\u00e1rio (Apoio Especializado\/Inform\u00e1tica). A <strong>reda\u00e7\u00e3o<\/strong> ser\u00e1 aplicada apenas para o cargo de T\u00e9cnico Judici\u00e1rio (\u00c1rea Administrativa).<\/p>\n\n\n\n<h4 class=\"wp-block-heading\">Aplica\u00e7\u00e3o das provas<\/h4>\n\n\n\n<ul class=\"wp-block-list\">\n<li><strong>MANH\u00c3<\/strong> &#8211; cargos de T\u00e9cnico Judici\u00e1rio &#8211; todas as \u00c1reas\/Especialidades;<\/li>\n\n\n\n<li><strong>TARDE<\/strong> &#8211; cargos de Analista Judici\u00e1rio &#8211; todas as \u00c1reas\/Especialidades.<\/li>\n<\/ul>\n\n\n\n<h3 class=\"wp-block-heading\">Notas m\u00ednimas<\/h3>\n\n\n\n<h4 class=\"wp-block-heading\">Prova objetiva<\/h4>\n\n\n\n<ul class=\"wp-block-list\">\n<li>Conhecimentos gerais: 50%<\/li>\n\n\n\n<li>Conhecimentos espec\u00edficos: 50%<\/li>\n<\/ul>\n\n\n\n<h4 class=\"wp-block-heading\">Prova discursiva (Estudo de Caso\/Reda\u00e7\u00e3o)<\/h4>\n\n\n\n<ul class=\"wp-block-list\">\n<li>Nota m\u00e1xima: 10 pontos;<\/li>\n\n\n\n<li>Nota m\u00ednima: 5 pontos.<\/li>\n<\/ul>\n\n\n\n<h3 class=\"wp-block-heading\">Provas discursivas corrigidas<\/h3>\n\n\n\n<h3 class=\"wp-block-heading\">TRF 3 (Sede e Capital &#8211; S\u00e3o Paulo\/SP)<\/h3>\n\n\n\n<p><\/p>\n\n\n\n<figure class=\"wp-block-table is-style-stripes\"><table class=\"has-subtle-pale-blue-background-color has-background\"><tbody><tr><td><strong>Cargo<\/strong><\/td><td><strong>AC<\/strong><\/td><td><strong>Negros<\/strong><\/td><\/tr><tr><td>T\u00e9cnico Judici\u00e1rio &#8211; \u00c1rea Administrativa<\/td><td>160<\/td><td>32<\/td><\/tr><tr><td>T\u00e9cnico Judici\u00e1ria &#8211; \u00c1rea Apoio Especializado &#8211; Inform\u00e1tica<\/td><td>20<\/td><td>04<\/td><\/tr><tr><td>Analista Judici\u00e1rio &#8211; \u00c1rea Judici\u00e1ria<\/td><td>160<\/td><td>32<\/td><\/tr><tr><td>Analista Judici\u00e1rio &#8211; \u00c1rea Apoio Especializado &#8211; Inform\u00e1tica<\/td><td>20<\/td><td>04<\/td><\/tr><\/tbody><\/table><\/figure>\n\n\n\n<p><\/p>\n\n\n\n<h3 class=\"wp-block-heading\">Se\u00e7\u00e3o Judici\u00e1ria de S\u00e3o Paulo (Capital e Interior)<\/h3>\n\n\n\n<p><\/p>\n\n\n\n<figure class=\"wp-block-table is-style-stripes\"><table class=\"has-subtle-pale-blue-background-color has-background\"><tbody><tr><td><strong>Cargo<\/strong><\/td><td><strong>AC<\/strong><\/td><td><strong>Negros<\/strong><\/td><\/tr><tr><td>T\u00e9cnico Judici\u00e1rio &#8211; \u00c1rea Administrativa<\/td><td>360<\/td><td>32<\/td><\/tr><tr><td>Analista Judici\u00e1rio &#8211; \u00c1rea Judici\u00e1ria<\/td><td>240<\/td><td>38<\/td><\/tr><\/tbody><\/table><\/figure>\n\n\n\n<p><\/p>\n\n\n\n<h3 class=\"wp-block-heading\">Se\u00e7\u00e3o Judici\u00e1ria do Mato Grosso do Sul<\/h3>\n\n\n\n<p><\/p>\n\n\n\n<figure class=\"wp-block-table is-style-stripes\"><table class=\"has-subtle-pale-blue-background-color has-background\"><tbody><tr><td><strong>Cargo<\/strong><\/td><td><strong>AC<\/strong><\/td><td><strong>Negros<\/strong><\/td><\/tr><tr><td>T\u00e9cnico Judici\u00e1rio &#8211; \u00c1rea Administrativa<\/td><td>30<\/td><td>06<\/td><\/tr><\/tbody><\/table><\/figure>\n\n\n\n<p><\/p>\n\n\n\n<h2 class=\"wp-block-heading\">Edital TRF 3: disciplinas<\/h2>\n\n\n\n<h4 class=\"wp-block-heading\">Analista Judici\u00e1rio &#8211; \u00c1rea Judici\u00e1ria<\/h4>\n\n\n\n<ul class=\"wp-block-list\">\n<li><strong>Conhecimentos Gerais<\/strong>\n<ul class=\"wp-block-list\">\n<li>L\u00edngua Portuguesa<\/li>\n\n\n\n<li>Racioc\u00ednio L\u00f3gico-Matem\u00e1tico<\/li>\n\n\n\n<li>No\u00e7\u00f5es dos Direitos das pessoas com defici\u00eancia (Lei 13.146\/2016)<\/li>\n\n\n\n<li>Gest\u00e3o P\u00fablica\n<ul class=\"wp-block-list\">\n<li>No\u00e7\u00f5es de Sustentabilidade<\/li>\n\n\n\n<li>No\u00e7\u00f5es de Governan\u00e7a Corporativa<\/li>\n<\/ul>\n<\/li>\n<\/ul>\n<\/li>\n\n\n\n<li><strong>Conhecimentos Espec\u00edficos<\/strong>\n<ul class=\"wp-block-list\">\n<li>Direito Civil<\/li>\n\n\n\n<li>Direito Processual Civil<\/li>\n\n\n\n<li>Direito Penal<\/li>\n\n\n\n<li>Direito Processual Penal<\/li>\n\n\n\n<li>Direito Administrativo<\/li>\n\n\n\n<li>Direito Constitucional<\/li>\n\n\n\n<li>Direito Previdenci\u00e1rio<\/li>\n\n\n\n<li>Direito Tribut\u00e1rio<\/li>\n<\/ul>\n<\/li>\n<\/ul>\n\n\n\n<h4 class=\"wp-block-heading\">Analista Judici\u00e1rio &#8211; \u00c1rea Apoio Especializado &#8211; Inform\u00e1tica<\/h4>\n\n\n\n<ul class=\"wp-block-list\">\n<li><strong>Conhecimentos Gerais<\/strong>\n<ul class=\"wp-block-list\">\n<li>L\u00edngua Portuguesa<\/li>\n\n\n\n<li>Racioc\u00ednio L\u00f3gico-Matem\u00e1tico<\/li>\n\n\n\n<li>No\u00e7\u00f5es de Direito Penal<\/li>\n\n\n\n<li>No\u00e7\u00f5es de Direito Administrativo<\/li>\n\n\n\n<li>No\u00e7\u00f5es de Direito Constitucional<\/li>\n\n\n\n<li> No\u00e7\u00f5es dos Direitos das pessoas com defici\u00eancia (Lei 13.146\/2016) <\/li>\n\n\n\n<li>Gest\u00e3o P\u00fablica\n<ul class=\"wp-block-list\">\n<li>No\u00e7\u00f5es de Sustentabilidade<\/li>\n\n\n\n<li>No\u00e7\u00f5es de Governan\u00e7a Corporativa <\/li>\n<\/ul>\n<\/li>\n<\/ul>\n<\/li>\n\n\n\n<li><strong>Conhecimentos Espec\u00edficos<\/strong>\n<ul class=\"wp-block-list\">\n<li>Conceitos de engenharia de software <\/li>\n\n\n\n<li>  Metodologia de Desenvolvimento de Sistemas<\/li>\n\n\n\n<li> Programa\u00e7\u00e3o<\/li>\n\n\n\n<li> Fundamentos da linguagem <\/li>\n\n\n\n<li> Manuten\u00e7\u00e3o de Sistemas <\/li>\n\n\n\n<li> Qualidade do software<\/li>\n\n\n\n<li> Arquitetura <\/li>\n<\/ul>\n<\/li>\n<\/ul>\n\n\n\n<h4 class=\"wp-block-heading\">T\u00e9cnico Judici\u00e1rio &#8211; \u00c1rea Administrativa<\/h4>\n\n\n\n<ul class=\"wp-block-list\">\n<li><strong>Conhecimentos Gerais<\/strong>\n<ul class=\"wp-block-list\">\n<li>L\u00edngua Portuguesa<\/li>\n\n\n\n<li>Racioc\u00ednio L\u00f3gico-Matem\u00e1tico<\/li>\n\n\n\n<li> No\u00e7\u00f5es dos Direitos das pessoas com defici\u00eancia (Lei 13.146\/2016) <\/li>\n\n\n\n<li>Gest\u00e3o P\u00fablica\n<ul class=\"wp-block-list\">\n<li>No\u00e7\u00f5es de Sustentabilidade<\/li>\n\n\n\n<li>No\u00e7\u00f5es de Governan\u00e7a Corporativa  <\/li>\n<\/ul>\n<\/li>\n<\/ul>\n<\/li>\n<\/ul>\n\n\n\n<ul class=\"wp-block-list\">\n<li><strong>Conhecimentos Espec\u00edficos<\/strong>\n<ul class=\"wp-block-list\">\n<li> No\u00e7\u00f5es de Direito Processual Civil<\/li>\n\n\n\n<li>No\u00e7\u00f5es de Direito Processual Penal<\/li>\n\n\n\n<li>No\u00e7\u00f5es de Direito Administrativo<\/li>\n\n\n\n<li>No\u00e7\u00f5es de Direito Constitucional<\/li>\n\n\n\n<li>No\u00e7\u00f5es de  Direito Previdenci\u00e1rio <\/li>\n\n\n\n<li>No\u00e7\u00f5es de  Direito Tribut\u00e1rio <\/li>\n<\/ul>\n<\/li>\n<\/ul>\n\n\n\n<h4 class=\"wp-block-heading\">T\u00e9cnico Judici\u00e1rio &#8211; \u00c1rea Apoio Especializado &#8211; Inform\u00e1tica<\/h4>\n\n\n\n<ul class=\"wp-block-list\">\n<li><strong>Conhecimentos Gerais<\/strong>\n<ul class=\"wp-block-list\">\n<li>No\u00e7\u00f5es de Direito Penal<\/li>\n\n\n\n<li>No\u00e7\u00f5es de Direito Administrativo<\/li>\n\n\n\n<li>No\u00e7\u00f5es de Direito Constitucional<\/li>\n\n\n\n<li> No\u00e7\u00f5es dos Direitos das pessoas com defici\u00eancia (Lei 13.146\/2016) <\/li>\n\n\n\n<li>Gest\u00e3o P\u00fablica\n<ul class=\"wp-block-list\">\n<li>No\u00e7\u00f5es de Sustentabilidade<\/li>\n\n\n\n<li>No\u00e7\u00f5es de Governan\u00e7a Corporativa <\/li>\n<\/ul>\n<\/li>\n<\/ul>\n<\/li>\n<\/ul>\n\n\n\n<ul class=\"wp-block-list\">\n<li><strong>Conhecimentos Espec\u00edficos<\/strong>\n<ul class=\"wp-block-list\">\n<li> Conte\u00fado Desenvolvimento <\/li>\n\n\n\n<li> Programa\u00e7\u00e3o<\/li>\n\n\n\n<li> Conte\u00fado Infraestrutura<\/li>\n\n\n\n<li>Gest\u00e3o e Governan\u00e7a de TI<\/li>\n<\/ul>\n<\/li>\n<\/ul>\n\n\n\n<p class=\"has-text-align-center has-light-green-cyan-background-color has-background\" style=\"font-size:clamp(16.293px, 1.018rem + ((1vw - 3.2px) * 0.854), 25px);px\">Mais informa\u00e7\u00f5es sobre o <a rel=\"noreferrer noopener\" aria-label=\"Clique aqui para mais informa\u00e7\u00f5es sobre o concurso TRF 3 (abre numa nova aba)\" href=\"https:\/\/www.estrategiaconcursos.com.br\/blog\/concurso-trf-3\/\" target=\"_blank\">Concurso TRF 3<\/a><\/p>\n\n\n\n<h2 class=\"wp-block-heading\" id=\"assinatura-e-cursos\">Como estudar para o Concurso TRF 3?<\/h2>\n\n\n\n<p class=\"has-text-align-left\"><em>Gostou desta oportunidade e deseja come\u00e7ar se preparar agora mesmo? Ent\u00e3o, confira os nossos cursos focados no edital TRF 3 e comece a estudar:<\/em><\/p>\n\n\n\n<p class=\"has-text-align-center has-luminous-vivid-amber-background-color has-background\" style=\"font-size:clamp(16.293px, 1.018rem + ((1vw - 3.2px) * 0.854), 25px);px\"><span class=\"underline\" style=\"text-decoration: underline\"><strong><a href=\"https:\/\/www.estrategiaconcursos.com.br\/cursosPorConcurso\/trf-3-regiao-sao-paulo-e-mato-grosso-do-sul-219\/\" target=\"_blank\" rel=\"noreferrer noopener\" aria-label=\"CURSO TRF 3 (abre numa nova aba)\">CURSO TRF 3<\/a><\/strong><\/span><\/p>\n\n\n\n<p class=\"has-text-align-center\" style=\"font-size:clamp(16.293px, 1.018rem + ((1vw - 3.2px) * 0.854), 25px);px\"><em><strong>Assinatura Anual Ilimitada*<\/strong><\/em><\/p>\n\n\n\n<p class=\"has-text-align-center\"><em>Prepare-se com o melhor material e com quem mais aprova em Concursos P\u00fablicos em todo o pa\u00eds. Assine agora a nossa Assinatura Anual e tenha acesso ilimitado* a todos os nossos cursos.<\/em><\/p>\n\n\n\n<p class=\"has-text-align-center has-light-green-cyan-background-color has-background\" style=\"font-size:clamp(16.293px, 1.018rem + ((1vw - 3.2px) * 0.854), 25px);px\"><strong>ASSINE AGORA<\/strong> &#8211; <span style=\"text-decoration: underline\" class=\"underline\"><a href=\"https:\/\/www.estrategiaconcursos.com.br\/assinaturas\" target=\"_blank\" rel=\"noreferrer noopener\" aria-label=\" (opens in a new tab)\">Assinatura Ilimitada<\/a><\/span><\/p>\n\n\n\n<figure class=\"wp-block-image\"><img loading=\"lazy\" decoding=\"async\" width=\"300\" height=\"102\" src=\"https:\/\/dhg1h5j42swfq.cloudfront.net\/2017\/03\/28152500\/coruja-ficha-tecnica-300x102.png\" alt=\"Ficha T\u00e9cnica Edital TRF 3\" class=\"wp-image-68542\"\/><\/figure>\n\n\n\n<h4 class=\"wp-block-heading\"> <strong>\u2666 Informa\u00e7\u00f5es do Edital&nbsp;TRF&nbsp;3<\/strong><\/h4>\n\n\n\n<p><strong>\u25baData<\/strong>:  01\/12\/2019<br \/><strong>\u25baVagas:&nbsp;<\/strong>9 + CR<br \/><strong>\u25baCargos:&nbsp;<\/strong>Analista Judici\u00e1rio e T\u00e9cnico Judici\u00e1rio<br \/><strong>\u25baLota\u00e7\u00f5es: <\/strong>S\u00e3o Paulo e Mato Grosso do Sul<br \/><strong>\u25baBanca: <\/strong>FCC<\/p>\n\n\n\n<p><strong>\u25baEdital:<\/strong><\/p>\n\n\n\n<div class=\"wp-block-file\"><a id=\"wp-block-file--media-0ae7c239-6cf4-4748-a381-8c8638867450\" href=\"https:\/\/dhg1h5j42swfq.cloudfront.net\/2019\/09\/06064458\/Edital-TRF-3-2019.pdf\" target=\"_blank\" rel=\"noreferrer noopener\"><strong>Edital TRF 3 2019<\/strong><\/a><a href=\"https:\/\/dhg1h5j42swfq.cloudfront.net\/2019\/09\/06064458\/Edital-TRF-3-2019.pdf\" class=\"wp-block-file__button wp-element-button\" download aria-describedby=\"wp-block-file--media-0ae7c239-6cf4-4748-a381-8c8638867450\">Baixar<\/a><\/div>\n\n\n\n<p>Ascom Estrat\u00e9gia<br \/>ascomestrategia@gmail.com<\/p>\n\n\n\n<hr class=\"wp-block-separator has-css-opacity\"\/>\n\n\n\n<p class=\"has-text-align-center has-pale-cyan-blue-background-color has-background\"><strong><a href=\"https:\/\/www.estrategiaconcursos.com.br\/blog\/concursos-abertos\/\">CONCURSOS ABERTOS<\/a><\/strong><\/p>\n\n\n\n<p class=\"has-text-align-center has-pale-cyan-blue-background-color has-background\"><a href=\"https:\/\/www.estrategiaconcursos.com.br\/blog\/concursos-2019\/\"><strong>CONCURSOS 2019<\/strong><\/a><\/p>\n\n\n\n<p class=\"has-text-align-center has-pale-cyan-blue-background-color has-background\"><a href=\"https:\/\/www.estrategiaconcursos.com.br\/blog\/concursos-2020\/\"><strong>CONCURSOS<\/strong><\/a><strong><a href=\"https:\/\/www.estrategiaconcursos.com.br\/blog\/concursos-2020\/\">&nbsp;2020<\/a><\/strong><\/p>\n","protected":false},"excerpt":{"rendered":"<p>Edital TRF 3 prev\u00ea provas em dezembro de 2019 Foi publicado o esperado edital TRF 3\u00aa Regi\u00e3o (SP e MS) com vagas para os cargos de T\u00e9cnico Judici\u00e1rio e Analista Judici\u00e1rio. O concurso TRF 3 prev\u00ea a oferta de 9 vagas imediatas e cadastro de reserva. Os interessados poder\u00e3o se inscrever entre os dias 12 [&hellip;]<\/p>\n","protected":false},"author":1,"featured_media":376359,"comment_status":"open","ping_status":"closed","sticky":false,"template":"","format":"standard","meta":{"post_tipo":"news","footnotes":""},"categories":[1,1984],"tags":[1197],"tax_estado":[],"class_list":["post-414545","post","type-post","status-publish","format-standard","has-post-thumbnail","hentry","category-cursos-e-concursos","category-tribunais","tag-concurso-trf-3"],"acf":[],"yoast_head":"<!-- This site is optimized with the Yoast SEO Premium plugin v27.2 (Yoast SEO v27.2) - https:\/\/yoast.com\/product\/yoast-seo-premium-wordpress\/ -->\n<title>Edital TRF 3 PUBLICADO: Vagas para T\u00e9cnico e Analista<\/title>\n<meta name=\"description\" content=\"Edital TRF 3: saiu o esperado Edital do Concurso TRF 3 com 9 vagas para T\u00e9cnico Judici\u00e1rio e Analista Judici\u00e1rio. Confira a an\u00e1lise aqui!\" \/>\n<meta name=\"robots\" content=\"index, follow, max-snippet:-1, max-image-preview:large, max-video-preview:-1\" \/>\n<link rel=\"canonical\" href=\"https:\/\/www.estrategiaconcursos.com.br\/blog\/edital-trf-3\/\" \/>\n<meta property=\"og:locale\" content=\"pt_BR\" \/>\n<meta property=\"og:type\" content=\"article\" \/>\n<meta property=\"og:title\" content=\"Edital TRF 3 \u00e9 PUBLICADO: Vagas para T\u00e9cnico e Analista Judici\u00e1rio\" \/>\n<meta property=\"og:description\" content=\"Edital TRF 3: saiu o esperado Edital do Concurso TRF 3 com 9 vagas para T\u00e9cnico Judici\u00e1rio e Analista Judici\u00e1rio. Confira a an\u00e1lise aqui!\" \/>\n<meta property=\"og:url\" content=\"https:\/\/www.estrategiaconcursos.com.br\/blog\/edital-trf-3\/\" \/>\n<meta property=\"og:site_name\" content=\"Estrat\u00e9gia Concursos\" \/>\n<meta property=\"article:author\" content=\"https:\/\/www.facebook.com\/EstrategiaConcursos\" \/>\n<meta property=\"article:published_time\" content=\"2019-09-06T19:10:47+00:00\" \/>\n<meta property=\"article:modified_time\" content=\"2023-02-01T16:53:09+00:00\" \/>\n<meta property=\"og:image\" content=\"https:\/\/dhg1h5j42swfq.cloudfront.net\/2019\/05\/22091947\/saiu-edital-1024x536-e1559223622269.jpg\" \/>\n\t<meta property=\"og:image:width\" content=\"400\" \/>\n\t<meta property=\"og:image:height\" content=\"209\" \/>\n\t<meta property=\"og:image:type\" content=\"image\/jpeg\" \/>\n<meta name=\"author\" content=\"Coordena\u00e7\u00e3o\" \/>\n<meta name=\"twitter:card\" content=\"summary_large_image\" \/>\n<meta name=\"twitter:creator\" content=\"@EstratConcursos\" \/>\n<meta name=\"twitter:site\" content=\"@EstratConcursos\" \/>\n<meta name=\"twitter:label1\" content=\"Escrito por\" \/>\n\t<meta name=\"twitter:data1\" content=\"Coordena\u00e7\u00e3o\" \/>\n\t<meta name=\"twitter:label2\" content=\"Est. tempo de leitura\" \/>\n\t<meta name=\"twitter:data2\" content=\"6 minutos\" \/>\n<script type=\"application\/ld+json\" class=\"yoast-schema-graph\">{\"@context\":\"https:\/\/schema.org\",\"@graph\":[{\"@type\":\"NewsArticle\",\"@id\":\"https:\/\/www.estrategiaconcursos.com.br\/blog\/edital-trf-3\/#article\",\"isPartOf\":{\"@id\":\"https:\/\/www.estrategiaconcursos.com.br\/blog\/edital-trf-3\/\"},\"author\":{\"name\":\"Coordena\u00e7\u00e3o\",\"@id\":\"https:\/\/www.estrategiaconcursos.com.br\/blog\/#\/schema\/person\/b4a388c97673c5f483d72185668afa1f\"},\"headline\":\"Edital TRF 3 \u00e9 PUBLICADO: Vagas para T\u00e9cnico e Analista Judici\u00e1rio\",\"datePublished\":\"2019-09-06T19:10:47+00:00\",\"dateModified\":\"2023-02-01T16:53:09+00:00\",\"mainEntityOfPage\":{\"@id\":\"https:\/\/www.estrategiaconcursos.com.br\/blog\/edital-trf-3\/\"},\"wordCount\":1176,\"commentCount\":0,\"publisher\":{\"@id\":\"https:\/\/www.estrategiaconcursos.com.br\/blog\/#organization\"},\"image\":{\"@id\":\"https:\/\/www.estrategiaconcursos.com.br\/blog\/edital-trf-3\/#primaryimage\"},\"thumbnailUrl\":\"https:\/\/dhg1h5j42swfq.cloudfront.net\/2019\/05\/22091947\/saiu-edital-1024x536-e1559223622269.jpg\",\"keywords\":[\"concurso trf 3\"],\"articleSection\":[\"Concursos P\u00fablicos\",\"Tribunais\"],\"inLanguage\":\"pt-BR\",\"potentialAction\":[{\"@type\":\"CommentAction\",\"name\":\"Comment\",\"target\":[\"https:\/\/www.estrategiaconcursos.com.br\/blog\/edital-trf-3\/#respond\"]}],\"copyrightYear\":\"2019\",\"copyrightHolder\":{\"@id\":\"https:\/\/www.estrategiaconcursos.com.br\/blog\/#organization\"}},{\"@type\":\"WebPage\",\"@id\":\"https:\/\/www.estrategiaconcursos.com.br\/blog\/edital-trf-3\/\",\"url\":\"https:\/\/www.estrategiaconcursos.com.br\/blog\/edital-trf-3\/\",\"name\":\"Edital TRF 3 PUBLICADO: Vagas para T\u00e9cnico e Analista\",\"isPartOf\":{\"@id\":\"https:\/\/www.estrategiaconcursos.com.br\/blog\/#website\"},\"primaryImageOfPage\":{\"@id\":\"https:\/\/www.estrategiaconcursos.com.br\/blog\/edital-trf-3\/#primaryimage\"},\"image\":{\"@id\":\"https:\/\/www.estrategiaconcursos.com.br\/blog\/edital-trf-3\/#primaryimage\"},\"thumbnailUrl\":\"https:\/\/dhg1h5j42swfq.cloudfront.net\/2019\/05\/22091947\/saiu-edital-1024x536-e1559223622269.jpg\",\"datePublished\":\"2019-09-06T19:10:47+00:00\",\"dateModified\":\"2023-02-01T16:53:09+00:00\",\"description\":\"Edital TRF 3: saiu o esperado Edital do Concurso TRF 3 com 9 vagas para T\u00e9cnico Judici\u00e1rio e Analista Judici\u00e1rio. Confira a an\u00e1lise aqui!\",\"breadcrumb\":{\"@id\":\"https:\/\/www.estrategiaconcursos.com.br\/blog\/edital-trf-3\/#breadcrumb\"},\"inLanguage\":\"pt-BR\",\"potentialAction\":[{\"@type\":\"ReadAction\",\"target\":[\"https:\/\/www.estrategiaconcursos.com.br\/blog\/edital-trf-3\/\"]}]},{\"@type\":\"ImageObject\",\"inLanguage\":\"pt-BR\",\"@id\":\"https:\/\/www.estrategiaconcursos.com.br\/blog\/edital-trf-3\/#primaryimage\",\"url\":\"https:\/\/dhg1h5j42swfq.cloudfront.net\/2019\/05\/22091947\/saiu-edital-1024x536-e1559223622269.jpg\",\"contentUrl\":\"https:\/\/dhg1h5j42swfq.cloudfront.net\/2019\/05\/22091947\/saiu-edital-1024x536-e1559223622269.jpg\",\"width\":400,\"height\":209,\"caption\":\"Concurso Advogado GHC RS\"},{\"@type\":\"BreadcrumbList\",\"@id\":\"https:\/\/www.estrategiaconcursos.com.br\/blog\/edital-trf-3\/#breadcrumb\",\"itemListElement\":[{\"@type\":\"ListItem\",\"position\":1,\"name\":\"In\u00edcio\",\"item\":\"https:\/\/www.estrategiaconcursos.com.br\/blog\/\"},{\"@type\":\"ListItem\",\"position\":2,\"name\":\"Edital TRF 3 \u00e9 PUBLICADO: Vagas para T\u00e9cnico e Analista Judici\u00e1rio\"}]},{\"@type\":\"WebSite\",\"@id\":\"https:\/\/www.estrategiaconcursos.com.br\/blog\/#website\",\"url\":\"https:\/\/www.estrategiaconcursos.com.br\/blog\/\",\"name\":\"Estrat\u00e9gia Concursos\",\"description\":\"O blog da Estrat\u00e9gia Concursos traz not\u00edcias sobre concursos e artigos de professores oferecendo cursos para concursos (pdf + videaulas) no site.\",\"publisher\":{\"@id\":\"https:\/\/www.estrategiaconcursos.com.br\/blog\/#organization\"},\"potentialAction\":[{\"@type\":\"SearchAction\",\"target\":{\"@type\":\"EntryPoint\",\"urlTemplate\":\"https:\/\/www.estrategiaconcursos.com.br\/blog\/?s={search_term_string}\"},\"query-input\":{\"@type\":\"PropertyValueSpecification\",\"valueRequired\":true,\"valueName\":\"search_term_string\"}}],\"inLanguage\":\"pt-BR\"},{\"@type\":\"Organization\",\"@id\":\"https:\/\/www.estrategiaconcursos.com.br\/blog\/#organization\",\"name\":\"Estrat\u00e9gia Concursos\",\"url\":\"https:\/\/www.estrategiaconcursos.com.br\/blog\/\",\"logo\":{\"@type\":\"ImageObject\",\"inLanguage\":\"pt-BR\",\"@id\":\"https:\/\/www.estrategiaconcursos.com.br\/blog\/#\/schema\/logo\/image\/\",\"url\":\"https:\/\/dhg1h5j42swfq.cloudfront.net\/2025\/06\/03203428\/logo_concursos-1.jpg\",\"contentUrl\":\"https:\/\/dhg1h5j42swfq.cloudfront.net\/2025\/06\/03203428\/logo_concursos-1.jpg\",\"width\":230,\"height\":60,\"caption\":\"Estrat\u00e9gia Concursos\"},\"image\":{\"@id\":\"https:\/\/www.estrategiaconcursos.com.br\/blog\/#\/schema\/logo\/image\/\"},\"sameAs\":[\"https:\/\/x.com\/EstratConcursos\"]},{\"@type\":\"Person\",\"@id\":\"https:\/\/www.estrategiaconcursos.com.br\/blog\/#\/schema\/person\/b4a388c97673c5f483d72185668afa1f\",\"name\":\"Coordena\u00e7\u00e3o\",\"image\":{\"@type\":\"ImageObject\",\"inLanguage\":\"pt-BR\",\"@id\":\"https:\/\/secure.gravatar.com\/avatar\/b720319e4c9a967eb58678d110f4fe35452fc5d5f97b202bac7b8acceb18c6ad?s=96&d=mm&r=g\",\"url\":\"https:\/\/secure.gravatar.com\/avatar\/b720319e4c9a967eb58678d110f4fe35452fc5d5f97b202bac7b8acceb18c6ad?s=96&d=mm&r=g\",\"contentUrl\":\"https:\/\/secure.gravatar.com\/avatar\/b720319e4c9a967eb58678d110f4fe35452fc5d5f97b202bac7b8acceb18c6ad?s=96&d=mm&r=g\",\"caption\":\"Coordena\u00e7\u00e3o\"},\"sameAs\":[\"https:\/\/www.facebook.com\/EstrategiaConcursos\",\"https:\/\/x.com\/EstratConcursos\"],\"url\":\"https:\/\/www.estrategiaconcursos.com.br\/blog\/author\/estrategia2013\/\"}]}<\/script>\n<!-- \/ Yoast SEO Premium plugin. -->","yoast_head_json":{"title":"Edital TRF 3 PUBLICADO: Vagas para T\u00e9cnico e Analista","description":"Edital TRF 3: saiu o esperado Edital do Concurso TRF 3 com 9 vagas para T\u00e9cnico Judici\u00e1rio e Analista Judici\u00e1rio. Confira a an\u00e1lise aqui!","robots":{"index":"index","follow":"follow","max-snippet":"max-snippet:-1","max-image-preview":"max-image-preview:large","max-video-preview":"max-video-preview:-1"},"canonical":"https:\/\/www.estrategiaconcursos.com.br\/blog\/edital-trf-3\/","og_locale":"pt_BR","og_type":"article","og_title":"Edital TRF 3 \u00e9 PUBLICADO: Vagas para T\u00e9cnico e Analista Judici\u00e1rio","og_description":"Edital TRF 3: saiu o esperado Edital do Concurso TRF 3 com 9 vagas para T\u00e9cnico Judici\u00e1rio e Analista Judici\u00e1rio. Confira a an\u00e1lise aqui!","og_url":"https:\/\/www.estrategiaconcursos.com.br\/blog\/edital-trf-3\/","og_site_name":"Estrat\u00e9gia Concursos","article_author":"https:\/\/www.facebook.com\/EstrategiaConcursos","article_published_time":"2019-09-06T19:10:47+00:00","article_modified_time":"2023-02-01T16:53:09+00:00","og_image":[{"width":400,"height":209,"url":"https:\/\/dhg1h5j42swfq.cloudfront.net\/2019\/05\/22091947\/saiu-edital-1024x536-e1559223622269.jpg","type":"image\/jpeg"}],"author":"Coordena\u00e7\u00e3o","twitter_card":"summary_large_image","twitter_creator":"@EstratConcursos","twitter_site":"@EstratConcursos","twitter_misc":{"Escrito por":"Coordena\u00e7\u00e3o","Est. tempo de leitura":"6 minutos"},"schema":{"@context":"https:\/\/schema.org","@graph":[{"@type":"NewsArticle","@id":"https:\/\/www.estrategiaconcursos.com.br\/blog\/edital-trf-3\/#article","isPartOf":{"@id":"https:\/\/www.estrategiaconcursos.com.br\/blog\/edital-trf-3\/"},"author":{"name":"Coordena\u00e7\u00e3o","@id":"https:\/\/www.estrategiaconcursos.com.br\/blog\/#\/schema\/person\/b4a388c97673c5f483d72185668afa1f"},"headline":"Edital TRF 3 \u00e9 PUBLICADO: Vagas para T\u00e9cnico e Analista Judici\u00e1rio","datePublished":"2019-09-06T19:10:47+00:00","dateModified":"2023-02-01T16:53:09+00:00","mainEntityOfPage":{"@id":"https:\/\/www.estrategiaconcursos.com.br\/blog\/edital-trf-3\/"},"wordCount":1176,"commentCount":0,"publisher":{"@id":"https:\/\/www.estrategiaconcursos.com.br\/blog\/#organization"},"image":{"@id":"https:\/\/www.estrategiaconcursos.com.br\/blog\/edital-trf-3\/#primaryimage"},"thumbnailUrl":"https:\/\/dhg1h5j42swfq.cloudfront.net\/2019\/05\/22091947\/saiu-edital-1024x536-e1559223622269.jpg","keywords":["concurso trf 3"],"articleSection":["Concursos P\u00fablicos","Tribunais"],"inLanguage":"pt-BR","potentialAction":[{"@type":"CommentAction","name":"Comment","target":["https:\/\/www.estrategiaconcursos.com.br\/blog\/edital-trf-3\/#respond"]}],"copyrightYear":"2019","copyrightHolder":{"@id":"https:\/\/www.estrategiaconcursos.com.br\/blog\/#organization"}},{"@type":"WebPage","@id":"https:\/\/www.estrategiaconcursos.com.br\/blog\/edital-trf-3\/","url":"https:\/\/www.estrategiaconcursos.com.br\/blog\/edital-trf-3\/","name":"Edital TRF 3 PUBLICADO: Vagas para T\u00e9cnico e Analista","isPartOf":{"@id":"https:\/\/www.estrategiaconcursos.com.br\/blog\/#website"},"primaryImageOfPage":{"@id":"https:\/\/www.estrategiaconcursos.com.br\/blog\/edital-trf-3\/#primaryimage"},"image":{"@id":"https:\/\/www.estrategiaconcursos.com.br\/blog\/edital-trf-3\/#primaryimage"},"thumbnailUrl":"https:\/\/dhg1h5j42swfq.cloudfront.net\/2019\/05\/22091947\/saiu-edital-1024x536-e1559223622269.jpg","datePublished":"2019-09-06T19:10:47+00:00","dateModified":"2023-02-01T16:53:09+00:00","description":"Edital TRF 3: saiu o esperado Edital do Concurso TRF 3 com 9 vagas para T\u00e9cnico Judici\u00e1rio e Analista Judici\u00e1rio. Confira a an\u00e1lise aqui!","breadcrumb":{"@id":"https:\/\/www.estrategiaconcursos.com.br\/blog\/edital-trf-3\/#breadcrumb"},"inLanguage":"pt-BR","potentialAction":[{"@type":"ReadAction","target":["https:\/\/www.estrategiaconcursos.com.br\/blog\/edital-trf-3\/"]}]},{"@type":"ImageObject","inLanguage":"pt-BR","@id":"https:\/\/www.estrategiaconcursos.com.br\/blog\/edital-trf-3\/#primaryimage","url":"https:\/\/dhg1h5j42swfq.cloudfront.net\/2019\/05\/22091947\/saiu-edital-1024x536-e1559223622269.jpg","contentUrl":"https:\/\/dhg1h5j42swfq.cloudfront.net\/2019\/05\/22091947\/saiu-edital-1024x536-e1559223622269.jpg","width":400,"height":209,"caption":"Concurso Advogado GHC RS"},{"@type":"BreadcrumbList","@id":"https:\/\/www.estrategiaconcursos.com.br\/blog\/edital-trf-3\/#breadcrumb","itemListElement":[{"@type":"ListItem","position":1,"name":"In\u00edcio","item":"https:\/\/www.estrategiaconcursos.com.br\/blog\/"},{"@type":"ListItem","position":2,"name":"Edital TRF 3 \u00e9 PUBLICADO: Vagas para T\u00e9cnico e Analista Judici\u00e1rio"}]},{"@type":"WebSite","@id":"https:\/\/www.estrategiaconcursos.com.br\/blog\/#website","url":"https:\/\/www.estrategiaconcursos.com.br\/blog\/","name":"Estrat\u00e9gia Concursos","description":"O blog da Estrat\u00e9gia Concursos traz not\u00edcias sobre concursos e artigos de professores oferecendo cursos para concursos (pdf + videaulas) no site.","publisher":{"@id":"https:\/\/www.estrategiaconcursos.com.br\/blog\/#organization"},"potentialAction":[{"@type":"SearchAction","target":{"@type":"EntryPoint","urlTemplate":"https:\/\/www.estrategiaconcursos.com.br\/blog\/?s={search_term_string}"},"query-input":{"@type":"PropertyValueSpecification","valueRequired":true,"valueName":"search_term_string"}}],"inLanguage":"pt-BR"},{"@type":"Organization","@id":"https:\/\/www.estrategiaconcursos.com.br\/blog\/#organization","name":"Estrat\u00e9gia Concursos","url":"https:\/\/www.estrategiaconcursos.com.br\/blog\/","logo":{"@type":"ImageObject","inLanguage":"pt-BR","@id":"https:\/\/www.estrategiaconcursos.com.br\/blog\/#\/schema\/logo\/image\/","url":"https:\/\/dhg1h5j42swfq.cloudfront.net\/2025\/06\/03203428\/logo_concursos-1.jpg","contentUrl":"https:\/\/dhg1h5j42swfq.cloudfront.net\/2025\/06\/03203428\/logo_concursos-1.jpg","width":230,"height":60,"caption":"Estrat\u00e9gia Concursos"},"image":{"@id":"https:\/\/www.estrategiaconcursos.com.br\/blog\/#\/schema\/logo\/image\/"},"sameAs":["https:\/\/x.com\/EstratConcursos"]},{"@type":"Person","@id":"https:\/\/www.estrategiaconcursos.com.br\/blog\/#\/schema\/person\/b4a388c97673c5f483d72185668afa1f","name":"Coordena\u00e7\u00e3o","image":{"@type":"ImageObject","inLanguage":"pt-BR","@id":"https:\/\/secure.gravatar.com\/avatar\/b720319e4c9a967eb58678d110f4fe35452fc5d5f97b202bac7b8acceb18c6ad?s=96&d=mm&r=g","url":"https:\/\/secure.gravatar.com\/avatar\/b720319e4c9a967eb58678d110f4fe35452fc5d5f97b202bac7b8acceb18c6ad?s=96&d=mm&r=g","contentUrl":"https:\/\/secure.gravatar.com\/avatar\/b720319e4c9a967eb58678d110f4fe35452fc5d5f97b202bac7b8acceb18c6ad?s=96&d=mm&r=g","caption":"Coordena\u00e7\u00e3o"},"sameAs":["https:\/\/www.facebook.com\/EstrategiaConcursos","https:\/\/x.com\/EstratConcursos"],"url":"https:\/\/www.estrategiaconcursos.com.br\/blog\/author\/estrategia2013\/"}]}},"_links":{"self":[{"href":"https:\/\/www.estrategiaconcursos.com.br\/blog\/wp-json\/wp\/v2\/posts\/414545","targetHints":{"allow":["GET"]}}],"collection":[{"href":"https:\/\/www.estrategiaconcursos.com.br\/blog\/wp-json\/wp\/v2\/posts"}],"about":[{"href":"https:\/\/www.estrategiaconcursos.com.br\/blog\/wp-json\/wp\/v2\/types\/post"}],"author":[{"embeddable":true,"href":"https:\/\/www.estrategiaconcursos.com.br\/blog\/wp-json\/wp\/v2\/users\/1"}],"replies":[{"embeddable":true,"href":"https:\/\/www.estrategiaconcursos.com.br\/blog\/wp-json\/wp\/v2\/comments?post=414545"}],"version-history":[{"count":23,"href":"https:\/\/www.estrategiaconcursos.com.br\/blog\/wp-json\/wp\/v2\/posts\/414545\/revisions"}],"predecessor-version":[{"id":1162995,"href":"https:\/\/www.estrategiaconcursos.com.br\/blog\/wp-json\/wp\/v2\/posts\/414545\/revisions\/1162995"}],"wp:featuredmedia":[{"embeddable":true,"href":"https:\/\/www.estrategiaconcursos.com.br\/blog\/wp-json\/wp\/v2\/media\/376359"}],"wp:attachment":[{"href":"https:\/\/www.estrategiaconcursos.com.br\/blog\/wp-json\/wp\/v2\/media?parent=414545"}],"wp:term":[{"taxonomy":"category","embeddable":true,"href":"https:\/\/www.estrategiaconcursos.com.br\/blog\/wp-json\/wp\/v2\/categories?post=414545"},{"taxonomy":"post_tag","embeddable":true,"href":"https:\/\/www.estrategiaconcursos.com.br\/blog\/wp-json\/wp\/v2\/tags?post=414545"},{"taxonomy":"tax_estado","embeddable":true,"href":"https:\/\/www.estrategiaconcursos.com.br\/blog\/wp-json\/wp\/v2\/tax_estado?post=414545"}],"curies":[{"name":"wp","href":"https:\/\/api.w.org\/{rel}","templated":true}]}}