{"id":414531,"date":"2021-10-27T23:59:00","date_gmt":"2021-10-28T02:59:00","guid":{"rendered":"https:\/\/www.estrategiaconcursos.com.br\/blog\/?p=414531"},"modified":"2024-01-11T14:52:46","modified_gmt":"2024-01-11T17:52:46","slug":"concurso-prefeitura-ananindeua","status":"publish","type":"post","link":"https:\/\/www.estrategiaconcursos.com.br\/blog\/concurso-prefeitura-ananindeua\/","title":{"rendered":"Concurso Prefeitura de Ananindeua: inscri\u00e7\u00f5es encerradas"},"content":{"rendered":"\n<p>Aten\u00e7\u00e3o, corujas! O concurso da&nbsp;<strong>Prefeitura de Ananindeua<\/strong>, munic\u00edpio do estado do Par\u00e1, foi&nbsp;<strong>retomado<\/strong> para todos os cargos ofertados!<\/p>\n\n\n\n<p>Com isso, um novo <a href=\"https:\/\/www.cetapnet.com.br\/uploads\/229\/concursos\/154\/anexos\/LDqlyZjkAulnt7sA7MColPjf8EIgBcaIgvrO9ib4.pdf\" target=\"_blank\" rel=\"noreferrer noopener\">cronograma<\/a> foi divulgado. Importante destacar que o per\u00edodo de inscri\u00e7\u00f5es j\u00e1 foi encerrado. As provas est\u00e3o previstas para acontecerem no dia&nbsp;<strong>19 de dezembro<\/strong>. <\/p>\n\n\n\n<p>O edital oferta <strong>199 vagas para diversos cargos<\/strong> de n\u00edveis fundamental, m\u00e9dio, t\u00e9cnico e superior. Al\u00e9m destas, s\u00e3o oferecidas oportunidades para forma\u00e7\u00e3o de cadastro reserva.<\/p>\n\n\n\n<ul class=\"has-luminous-vivid-amber-to-luminous-vivid-orange-gradient-background has-background wp-block-list\">\n<li><strong>Prefeitura de Ananindeua PA<\/strong><\/li>\n\n\n\n<li><strong>Status<\/strong>: Inscri\u00e7\u00f5es encerradas<\/li>\n\n\n\n<li><strong>Provas<\/strong>: 19\/12<\/li>\n\n\n\n<li><strong>Banca<\/strong>: CETAP<\/li>\n\n\n\n<li><strong>Vagas<\/strong>: 199 + CR<\/li>\n\n\n\n<li><strong>Sal\u00e1rio<\/strong>: R$ 1.100,00 a R$ 1.426,45<\/li>\n\n\n\n<li><strong>Edital<\/strong>:&nbsp;<a href=\"https:\/\/dhg1h5j42swfq.cloudfront.net\/2021\/10\/28083148\/edital.pdf\" target=\"_blank\" rel=\"noreferrer noopener nofollow\">Edital de Ananindeua<\/a><\/li>\n<\/ul>\n\n\n\n<p>Segundo um documento publicado anteriormente, foram exclu\u00eddas as tr\u00eas vagas para o cargo de Pedagogo Administra\u00e7\u00e3o Supervis\u00e3o e Orienta\u00e7\u00e3o Escolar. <\/p>\n\n\n\n<p>A fim de te deixar sempre por dentro das informa\u00e7\u00f5es, elaboramos esse artigo com as principais not\u00edcias e novidades sobre o concurso da Prefeitura de Ananindeua. Acompanhe os t\u00f3picos abaixo e n\u00e3o perca nenhum detalhe:<\/p>\n\n\n\n<ul class=\"wp-block-list\" id=\"indice\">\n<li><a href=\"#principais-datas\">Principais datas<\/a><\/li>\n\n\n\n<li><a href=\"#cargos-vagas\">Cargos e vagas<\/a>\n<ul class=\"wp-block-list\">\n<li><a href=\"#fundamental\">N\u00edvel fundamental<\/a><\/li>\n\n\n\n<li><a href=\"#medio\">N\u00edvel m\u00e9dio e t\u00e9cnico<\/a><\/li>\n\n\n\n<li><a href=\"#superior\">N\u00edvel superior<\/a><\/li>\n<\/ul>\n<\/li>\n\n\n\n<li><a href=\"#provas\">Provas do concurso<\/a><\/li>\n\n\n\n<li><a href=\"#cursos-assinatura\">Cursos e Assinatura<\/a><\/li>\n\n\n\n<li><a href=\"#ficha-tecnica\">Ficha t\u00e9cnica<\/a><\/li>\n<\/ul>\n\n\n\n<div class=\"container\" id=\"boxes\">\n  <div class=\"row\">\n\n    <div class=\"col-sm\">\n      <div class=\"banner-estrategia\" id=\"box-assinatura\">\n        <h3 class=\"titulo-assinatura\">Concurso Prefeitura de Ananindeua<\/h3>\n        <p class=\"subtitulo-assinatura\">Estude conosco<\/p>\n        <div class=\"box-botao\">\n          <a class=\"btn-assinatura\" target=\"_blank\" href=\"https:\/\/www.estrategiaconcursos.com.br\/cursosPorConcurso\/prefeitura-municipal-de-ananindeua-pa\/\" role=\"button\" rel=\"noopener noreferrer\">Conhe\u00e7a os cursos<\/a>\n        <\/div>\n      <\/div>\n    \n    <\/div>\n\n  <\/div>\n<\/div>\n\n\n\n<p>Confira abaixo a mat\u00e9ria que preparamos com as principais informa\u00e7\u00f5es acerca do concurso Prefeitura de Ananindeua.<\/p>\n\n\n\n<h2 class=\"wp-block-heading\" id=\"principais-datas\">Principais datas do concurso Prefeitura de Ananindeua<\/h2>\n\n\n\n<ul style=\"background-color:#e2e8ee\" class=\"has-background wp-block-list\">\n<li><strong>Inscri\u00e7\u00f5es<\/strong>: <s>13 de setembro a 27 de outubro<\/s><\/li>\n\n\n\n<li><strong>Isen\u00e7\u00e3o da taxa<\/strong>: <s>13 a 15 de setembro<\/s><\/li>\n\n\n\n<li><strong>Prova<\/strong>: 19 de dezembro<\/li>\n<\/ul>\n\n\n\n<h2 class=\"wp-block-heading\" id=\"cargos-vagas\">Cargos e vagas do concurso Prefeitura de Ananindeua<\/h2>\n\n\n\n<h3 class=\"wp-block-heading\" id=\"fundamental\">N\u00edvel fundamental<\/h3>\n\n\n\n<figure class=\"wp-block-table aligncenter is-style-stripes\"><table class=\"has-background has-fixed-layout\" style=\"background-color:#e7f5fe\"><tbody><tr><td class=\"has-text-align-center\" data-align=\"center\"> <strong>CARGO<\/strong> <\/td><td class=\"has-text-align-center\" data-align=\"center\"> <strong>VAGAS<\/strong> <\/td><td class=\"has-text-align-center\" data-align=\"center\"> <strong>REMUNERA\u00c7\u00c3O<\/strong> <\/td><\/tr><tr><td class=\"has-text-align-center\" data-align=\"center\">Auxiliar Municipal &#8211; Mensageria e Protocolo  <\/td><td class=\"has-text-align-center\" data-align=\"center\">18+02 CR <\/td><td class=\"has-text-align-center\" data-align=\"center\">R$ 1.100 + R$ 400 aux\u00edlio alimenta\u00e7\u00e3o<\/td><\/tr><tr><td class=\"has-text-align-center\" data-align=\"center\">Auxiliar Municipal &#8211; Servi\u00e7os Gerais  <\/td><td class=\"has-text-align-center\" data-align=\"center\">12+02 CR <\/td><td class=\"has-text-align-center\" data-align=\"center\">R$ 1.100 + R$ 400 aux\u00edlio alimenta\u00e7\u00e3o   <\/td><\/tr><\/tbody><\/table><\/figure>\n\n\n\n<h3 class=\"wp-block-heading\" id=\"medio\">N\u00edvel m\u00e9dio e t\u00e9cnico<\/h3>\n\n\n\n<figure class=\"wp-block-table is-style-stripes\"><table class=\"has-background has-fixed-layout\" style=\"background-color:#e7f5fe\"><tbody><tr><td class=\"has-text-align-center\" data-align=\"center\"> <strong>CARGO<\/strong> <\/td><td class=\"has-text-align-center\" data-align=\"center\"> <strong>VAGAS<\/strong> <\/td><td class=\"has-text-align-center\" data-align=\"center\"> <strong>REMUNERA\u00c7\u00c3O<\/strong> <\/td><\/tr><tr><td class=\"has-text-align-center\" data-align=\"center\">  T\u00e9cnico Municipal &#8211; Secretariado  <\/td><td class=\"has-text-align-center\" data-align=\"center\"> 30+03 CR <\/td><td class=\"has-text-align-center\" data-align=\"center\">R$ 1.100 + R$ 400 aux\u00edlio alimenta\u00e7\u00e3o    <\/td><\/tr><tr><td class=\"has-text-align-center\" data-align=\"center\">  T\u00e9cnico Municipal &#8211; Enfermagem  <\/td><td class=\"has-text-align-center\" data-align=\"center\"> 75+09 CR <\/td><td class=\"has-text-align-center\" data-align=\"center\">R$ 1.100 + R$ 400 aux\u00edlio alimenta\u00e7\u00e3o <\/td><\/tr><tr><td class=\"has-text-align-center\" data-align=\"center\">  T\u00e9cnico Municipal &#8211; Higiene Bucal  <\/td><td class=\"has-text-align-center\" data-align=\"center\"> 08+03 CR <\/td><td class=\"has-text-align-center\" data-align=\"center\">R$ 1.100 + R$ 400 aux\u00edlio alimenta\u00e7\u00e3o <\/td><\/tr><tr><td class=\"has-text-align-center\" data-align=\"center\">  T\u00e9cnico Municipal &#8211; Laborat\u00f3rio  <\/td><td class=\"has-text-align-center\" data-align=\"center\"> 02+02 CR <\/td><td class=\"has-text-align-center\" data-align=\"center\">R$ 1.100 + R$ 400 aux\u00edlio alimenta\u00e7\u00e3o  <\/td><\/tr><\/tbody><\/table><\/figure>\n\n\n\n<h3 class=\"wp-block-heading\" id=\"superior\">N\u00edvel superior<\/h3>\n\n\n\n<figure class=\"wp-block-table is-style-stripes\"><table class=\"has-background has-fixed-layout\" style=\"background-color:#e7f5fe\"><tbody><tr><td class=\"has-text-align-center\" data-align=\"center\"> <strong>CARGO<\/strong> <\/td><td class=\"has-text-align-center\" data-align=\"center\"> <strong>VAGAS<\/strong> <\/td><td class=\"has-text-align-center\" data-align=\"center\"> <strong>REMUNERA\u00c7\u00c3O<\/strong> <\/td><\/tr><tr><td class=\"has-text-align-center\" data-align=\"center\">  Analista Municipal &#8211; Enfermagem  <\/td><td class=\"has-text-align-center\" data-align=\"center\"> 20+04 CR <\/td><td class=\"has-text-align-center\" data-align=\"center\">R$ 1.426,45 + R$ 400 aux\u00edlio alimenta\u00e7\u00e3o   <\/td><\/tr><tr><td class=\"has-text-align-center\" data-align=\"center\">  Analista Municipal &#8211; Ginecologia e Obstetr\u00edcia  <\/td><td class=\"has-text-align-center\" data-align=\"center\"> 02+01 CR <\/td><td class=\"has-text-align-center\" data-align=\"center\">R$ 1.426,45  + R$ 400 aux\u00edlio alimenta\u00e7\u00e3o   <\/td><\/tr><tr><td class=\"has-text-align-center\" data-align=\"center\">  Analista Municipal &#8211; Pediatra  <\/td><td class=\"has-text-align-center\" data-align=\"center\"> 02+01 CR <\/td><td class=\"has-text-align-center\" data-align=\"center\">R$ 1.426,45 + R$ 400 aux\u00edlio alimenta\u00e7\u00e3o    <\/td><\/tr><tr><td class=\"has-text-align-center\" data-align=\"center\">  Analista Municipal &#8211; Psiquiatria  <\/td><td class=\"has-text-align-center\" data-align=\"center\"> 05+03 CR <\/td><td class=\"has-text-align-center\" data-align=\"center\">R$ 1.426,45  + R$ 400 aux\u00edlio alimenta\u00e7\u00e3o   <\/td><\/tr><tr><td class=\"has-text-align-center\" data-align=\"center\">  Analista Municipal &#8211; Odontologia Geral  <\/td><td class=\"has-text-align-center\" data-align=\"center\"> 02+02 CR <\/td><td class=\"has-text-align-center\" data-align=\"center\">R$ 1.426,45 + R$ 400 aux\u00edlio alimenta\u00e7\u00e3o   <\/td><\/tr><tr><td class=\"has-text-align-center\" data-align=\"center\">  Analista Municipal &#8211; Assist\u00eancia Social  <\/td><td class=\"has-text-align-center\" data-align=\"center\"> 05+03 CR <\/td><td class=\"has-text-align-center\" data-align=\"center\">R$ 1.426,45 + R$ 400 aux\u00edlio alimenta\u00e7\u00e3o   <\/td><\/tr><tr><td class=\"has-text-align-center\" data-align=\"center\">  Analista Municipal &#8211; Fisioterapia  <\/td><td class=\"has-text-align-center\" data-align=\"center\"> 02+02 CR <\/td><td class=\"has-text-align-center\" data-align=\"center\">R$ 1.398,49 + R$ 400 aux\u00edlio alimenta\u00e7\u00e3o   <\/td><\/tr><tr><td class=\"has-text-align-center\" data-align=\"center\">  Analista Municipal &#8211; Psicologia em Sa\u00fade  <\/td><td class=\"has-text-align-center\" data-align=\"center\"> 11+05 CR <\/td><td class=\"has-text-align-center\" data-align=\"center\">R$ 1.398,49 + R$ 400 aux\u00edlio alimenta\u00e7\u00e3o   <\/td><\/tr><tr><td class=\"has-text-align-center\" data-align=\"center\">  Analista Municipal &#8211; Terapia Ocupacional  <\/td><td class=\"has-text-align-center\" data-align=\"center\"> 03+01 CR <\/td><td class=\"has-text-align-center\" data-align=\"center\">R$ 1.398,49 + R$ 400 aux\u00edlio alimenta\u00e7\u00e3o   <\/td><\/tr><tr><td class=\"has-text-align-center\" data-align=\"center\">  M\u00e9dico do Trabalho <\/td><td class=\"has-text-align-center\" data-align=\"center\"> 02+01 CR <\/td><td class=\"has-text-align-center\" data-align=\"center\">R$ 1.426,45 + R$ 400 aux\u00edlio alimenta\u00e7\u00e3o   <\/td><\/tr><\/tbody><\/table><\/figure>\n\n\n\n<p>Importante ressaltar que al\u00e9m da remunera\u00e7\u00e3o e do aux\u00edlio de alimenta\u00e7\u00e3o, os servidores contam com outras vantagens espec\u00edficas de acordo com o estabelecido na Lei n\u00ba 2.176 de 07 de dezembro de 2005 e Lei n\u00ba 2.177 de 07 de dezembro de 2005.<\/p>\n\n\n\n<h2 class=\"wp-block-heading\" id=\"etapas\">Prova Objetiva do concurso Prefeitura de Ananindeua <\/h2>\n\n\n\n<p>Com dura\u00e7\u00e3o de 3 horas e 30 minutos, o concurso Prefeitura de Ananindeua ser\u00e1 constitu\u00eddo por uma \u00fanica etapa, de <strong>Prova Objetiva<\/strong>. O exame ter\u00e1 quest\u00f5es de m\u00faltipla escolha, de car\u00e1ter eliminat\u00f3rio e classificat\u00f3rio. <\/p>\n\n\n\n<p>A Prova Objetiva de M\u00faltipla Escolha valer\u00e1 de 0 a 10 pontos. <\/p>\n\n\n\n<ul class=\"wp-block-list\">\n<li><strong>Cargos de N\u00edvel Fundamental: <\/strong>\n<ul class=\"wp-block-list\">\n<li><em>L\u00edngua Portuguesa &#8211; 20 <\/em><\/li>\n\n\n\n<li><em>Matem\u00e1tica &#8211; 20 <\/em><\/li>\n\n\n\n<li><em>Atualidades &#8211; 05 <\/em><\/li>\n\n\n\n<li><em>Legisla\u00e7\u00e3o &#8211; 05 <\/em><\/li>\n<\/ul>\n<\/li>\n<\/ul>\n\n\n\n<ul class=\"wp-block-list\">\n<li><strong>Cargos de N\u00edvel M\u00e9dio:<\/strong>\n<ul class=\"wp-block-list\">\n<li><em>L\u00edngua Portuguesa &#8211; 20 <\/em><\/li>\n\n\n\n<li><em>Matem\u00e1tica e Racioc\u00ednio L\u00f3gico &#8211; 10 <\/em><\/li>\n\n\n\n<li><em>Inform\u00e1tica &#8211; 05 <\/em><\/li>\n\n\n\n<li><em>Atualidades &#8211; 05 <\/em><\/li>\n\n\n\n<li><em>Legisla\u00e7\u00e3o &#8211; 10 <\/em><\/li>\n<\/ul>\n<\/li>\n<\/ul>\n\n\n\n<ul class=\"wp-block-list\">\n<li><strong>Cargos de N\u00edvel M\u00e9dio T\u00e9cnico:<\/strong>\n<ul class=\"wp-block-list\">\n<li><em>L\u00edngua Portuguesa &#8211; 20 <\/em><\/li>\n\n\n\n<li><em>Matem\u00e1tica e Racioc\u00ednio L\u00f3gico &#8211; 10 <\/em><\/li>\n\n\n\n<li><em>Inform\u00e1tica &#8211; 05 <\/em><\/li>\n\n\n\n<li><em>Atualidades &#8211; 05 <\/em><\/li>\n\n\n\n<li><em>Legisla\u00e7\u00e3o &#8211; 05 <\/em><\/li>\n\n\n\n<li><em>Conhecimentos Espec\u00edficos &#8211; 05  <\/em><\/li>\n<\/ul>\n<\/li>\n<\/ul>\n\n\n\n<ul class=\"wp-block-list\">\n<li><strong>Cargos de N\u00edvel Superior:  <\/strong>\n<ul class=\"wp-block-list\">\n<li><em>L\u00edngua Portuguesa &#8211; 10 <\/em><\/li>\n\n\n\n<li><em>Inform\u00e1tica &#8211; 05 <\/em><\/li>\n\n\n\n<li><em>Atualidades &#8211; 05 <\/em><\/li>\n\n\n\n<li><em>Legisla\u00e7\u00e3o &#8211; 10 <\/em><\/li>\n\n\n\n<li><em>Conhecimentos Espec\u00edficos &#8211; 20 <\/em><\/li>\n<\/ul>\n<\/li>\n<\/ul>\n\n\n\n<p>Ser\u00e1 considerado aprovado o candidato que obtiver na Prova Objetiva, rendimento igual ou superior a 6 pontos e que obtiver nota que o classifique para a quantidade total de vagas efetivas somado com o cadastro de reserva ofertado para ao cargo a que estiver concorrendo.<\/p>\n\n\n\n<hr class=\"wp-block-separator has-css-opacity\"\/>\n\n\n\n<h2 class=\"wp-block-heading has-text-align-center\" id=\"cursos-assinatura\">Quer estudar para o concurso Prefeitura de Ananindeua?<\/h2>\n\n\n\n<div class=\"container\" id=\"boxes\">\n  <div class=\"row\">\n\n    <div class=\"col-sm\">\n      <div class=\"banner-estrategia\" id=\"box-assinatura\">\n        <h3 class=\"titulo-assinatura\">Concurso Prefeitura de Ananindeua<\/h3>\n        <p class=\"subtitulo-assinatura\">Estude conosco<\/p>\n        <div class=\"box-botao\">\n          <a class=\"btn-assinatura\" target=\"_blank\" href=\"https:\/\/www.estrategiaconcursos.com.br\/cursosPorConcurso\/prefeitura-municipal-de-ananindeua-pa\/\" role=\"button\" rel=\"noopener noreferrer\">Conhe\u00e7a os cursos<\/a>\n        <\/div>\n      <\/div>\n    \n    <\/div>\n\n  <\/div>\n<\/div>\n\n\n\n<div class=\"container\" id=\"boxes\">\n  <div class=\"row\">\n\n    <div class=\"col-sm\">\n      <div class=\"estrategia\" id=\"box-assinatura\">\n        <h3 class=\"titulo-assinatura\">Assinatura Concursos<\/h3>\n        <p class=\"subtitulo-assinatura\">Assinatura de 1 ano ou 2 anos<\/p>\n        <div class=\"box-botao\">\n          <a class=\"btn-assinatura\" target=\"_blank\" href=\"https:\/\/www.estrategiaconcursos.com.br\/assinaturas\/\" role=\"button\" rel=\"noopener noreferrer\">ASSINE AGORA<\/a>\n        <\/div>\n      <\/div>\n     \n    <\/div><\/div><\/div>\n\n\n\n<h2 class=\"wp-block-heading has-text-align-center\" id=\"h-quer-saber-tudo-sobre-concursos-previstos-confira-nossos-artigos\">Quer saber tudo sobre concursos previstos?<br \/>Confira nossos artigos!<\/h2>\n\n\n\n<ul class=\"wp-block-list\">\n<li><a href=\"https:\/\/www.estrategiaconcursos.com.br\/blog\/concursos-abertos\/\" target=\"_blank\" rel=\"noreferrer noopener\">Concursos abertos<\/a><\/li>\n\n\n\n<li><a href=\"https:\/\/www.estrategiaconcursos.com.br\/blog\/concursos-prefeituras\/\">Concursos prefeituras<\/a><\/li>\n<\/ul>\n\n\n\n<figure class=\"wp-block-image is-resized\"><img decoding=\"async\" src=\"https:\/\/dhg1h5j42swfq.cloudfront.net\/2021\/05\/10150159\/ficha-tecnica-1-1024x632-1-6.png\" alt=\"Ficha t\u00e9cnica do Concurso Sefaz CE\" style=\"width:231px;height:142px\"\/><\/figure>\n\n\n\n<h3 class=\"wp-block-heading\" id=\"ficha-tecnica\">Informa\u00e7\u00f5es do concurso Prefeitura de Ananindeua-PA<\/h3>\n\n\n\n<ul class=\"wp-block-list\">\n<li><strong>Provas<\/strong>: 19\/12\/2021<\/li>\n\n\n\n<li><strong>Vagas<\/strong>: 199 + CR<\/li>\n\n\n\n<li><strong>Cargos<\/strong>: Diversos<\/li>\n\n\n\n<li><strong>Banca<\/strong>: CETAP<\/li>\n\n\n\n<li><strong>Escolaridade<\/strong>: N\u00edvel fundamental, m\u00e9dio, t\u00e9cnico e superior<\/li>\n\n\n\n<li><strong>Edital<\/strong>:&nbsp;<a href=\"https:\/\/dhg1h5j42swfq.cloudfront.net\/2021\/10\/28083148\/edital.pdf\" target=\"_blank\" rel=\"noreferrer noopener nofollow\">Edital de Ananindeua<\/a><\/li>\n<\/ul>\n","protected":false},"excerpt":{"rendered":"<p>Aten\u00e7\u00e3o, corujas! O concurso da&nbsp;Prefeitura de Ananindeua, munic\u00edpio do estado do Par\u00e1, foi&nbsp;retomado para todos os cargos ofertados! Com isso, um novo cronograma foi divulgado. Importante destacar que o per\u00edodo de inscri\u00e7\u00f5es j\u00e1 foi encerrado. As provas est\u00e3o previstas para acontecerem no dia&nbsp;19 de dezembro. O edital oferta 199 vagas para diversos cargos de n\u00edveis [&hellip;]<\/p>\n","protected":false},"author":1,"featured_media":417767,"comment_status":"open","ping_status":"closed","sticky":false,"template":"","format":"standard","meta":{"post_tipo":"news_page","footnotes":""},"categories":[214992],"tags":[],"tax_estado":[219977],"class_list":["post-414531","post","type-post","status-publish","format-standard","has-post-thumbnail","hentry","category-concursos-administrativos","tax_estado-pa"],"acf":[],"yoast_head":"<!-- This site is optimized with the Yoast SEO Premium plugin v27.2 (Yoast SEO v27.2) - https:\/\/yoast.com\/product\/yoast-seo-premium-wordpress\/ -->\n<title>Concurso Prefeitura de Ananindeua: inscri\u00e7\u00f5es encerradas<\/title>\n<meta name=\"description\" content=\"Concurso Prefeitura de Ananindeua - PA: certame \u00e9 retomado e as inscri\u00e7\u00f5es est\u00e3o encerradas. Provas em dezembro. Confira todos os detalhes!\" \/>\n<meta name=\"robots\" content=\"index, follow, max-snippet:-1, max-image-preview:large, max-video-preview:-1\" \/>\n<link rel=\"canonical\" href=\"https:\/\/www.estrategiaconcursos.com.br\/blog\/concurso-prefeitura-ananindeua\/\" \/>\n<meta property=\"og:locale\" content=\"pt_BR\" \/>\n<meta property=\"og:type\" content=\"article\" \/>\n<meta property=\"og:title\" content=\"Concurso Prefeitura de Ananindeua: inscri\u00e7\u00f5es encerradas\" \/>\n<meta property=\"og:description\" content=\"Concurso Prefeitura de Ananindeua - PA: certame \u00e9 retomado e as inscri\u00e7\u00f5es est\u00e3o encerradas. Provas em dezembro. Confira todos os detalhes!\" \/>\n<meta property=\"og:url\" content=\"https:\/\/www.estrategiaconcursos.com.br\/blog\/concurso-prefeitura-ananindeua\/\" \/>\n<meta property=\"og:site_name\" content=\"Estrat\u00e9gia Concursos\" \/>\n<meta property=\"article:author\" content=\"https:\/\/www.facebook.com\/EstrategiaConcursos\" \/>\n<meta property=\"article:published_time\" content=\"2021-10-28T02:59:00+00:00\" \/>\n<meta property=\"article:modified_time\" content=\"2024-01-11T17:52:46+00:00\" \/>\n<meta property=\"og:image\" content=\"https:\/\/dhg1h5j42swfq.cloudfront.net\/2019\/08\/09094203\/Prefeitura-de-Ananindeua-PA.jpg\" \/>\n\t<meta property=\"og:image:width\" content=\"1200\" \/>\n\t<meta property=\"og:image:height\" content=\"628\" \/>\n\t<meta property=\"og:image:type\" content=\"image\/jpeg\" \/>\n<meta name=\"author\" content=\"Coordena\u00e7\u00e3o\" \/>\n<meta name=\"twitter:card\" content=\"summary_large_image\" \/>\n<meta name=\"twitter:creator\" content=\"@EstratConcursos\" \/>\n<meta name=\"twitter:site\" content=\"@EstratConcursos\" \/>\n<meta name=\"twitter:label1\" content=\"Escrito por\" \/>\n\t<meta name=\"twitter:data1\" content=\"Coordena\u00e7\u00e3o\" \/>\n\t<meta name=\"twitter:label2\" content=\"Est. tempo de leitura\" \/>\n\t<meta name=\"twitter:data2\" content=\"4 minutos\" \/>\n<script type=\"application\/ld+json\" class=\"yoast-schema-graph\">{\"@context\":\"https:\/\/schema.org\",\"@graph\":[{\"@type\":\"NewsArticle\",\"@id\":\"https:\/\/www.estrategiaconcursos.com.br\/blog\/concurso-prefeitura-ananindeua\/#article\",\"isPartOf\":{\"@id\":\"https:\/\/www.estrategiaconcursos.com.br\/blog\/concurso-prefeitura-ananindeua\/\"},\"author\":{\"name\":\"Coordena\u00e7\u00e3o\",\"@id\":\"https:\/\/www.estrategiaconcursos.com.br\/blog\/#\/schema\/person\/b4a388c97673c5f483d72185668afa1f\"},\"headline\":\"Concurso Prefeitura de Ananindeua: inscri\u00e7\u00f5es encerradas\",\"datePublished\":\"2021-10-28T02:59:00+00:00\",\"dateModified\":\"2024-01-11T17:52:46+00:00\",\"mainEntityOfPage\":{\"@id\":\"https:\/\/www.estrategiaconcursos.com.br\/blog\/concurso-prefeitura-ananindeua\/\"},\"wordCount\":795,\"commentCount\":6,\"publisher\":{\"@id\":\"https:\/\/www.estrategiaconcursos.com.br\/blog\/#organization\"},\"image\":{\"@id\":\"https:\/\/www.estrategiaconcursos.com.br\/blog\/concurso-prefeitura-ananindeua\/#primaryimage\"},\"thumbnailUrl\":\"https:\/\/dhg1h5j42swfq.cloudfront.net\/2019\/08\/09094203\/Prefeitura-de-Ananindeua-PA.jpg\",\"articleSection\":[\"Executivo (Administrativa)\"],\"inLanguage\":\"pt-BR\",\"potentialAction\":[{\"@type\":\"CommentAction\",\"name\":\"Comment\",\"target\":[\"https:\/\/www.estrategiaconcursos.com.br\/blog\/concurso-prefeitura-ananindeua\/#respond\"]}],\"copyrightYear\":\"2021\",\"copyrightHolder\":{\"@id\":\"https:\/\/www.estrategiaconcursos.com.br\/blog\/#organization\"}},{\"@type\":\"WebPage\",\"@id\":\"https:\/\/www.estrategiaconcursos.com.br\/blog\/concurso-prefeitura-ananindeua\/\",\"url\":\"https:\/\/www.estrategiaconcursos.com.br\/blog\/concurso-prefeitura-ananindeua\/\",\"name\":\"Concurso Prefeitura de Ananindeua: inscri\u00e7\u00f5es encerradas\",\"isPartOf\":{\"@id\":\"https:\/\/www.estrategiaconcursos.com.br\/blog\/#website\"},\"primaryImageOfPage\":{\"@id\":\"https:\/\/www.estrategiaconcursos.com.br\/blog\/concurso-prefeitura-ananindeua\/#primaryimage\"},\"image\":{\"@id\":\"https:\/\/www.estrategiaconcursos.com.br\/blog\/concurso-prefeitura-ananindeua\/#primaryimage\"},\"thumbnailUrl\":\"https:\/\/dhg1h5j42swfq.cloudfront.net\/2019\/08\/09094203\/Prefeitura-de-Ananindeua-PA.jpg\",\"datePublished\":\"2021-10-28T02:59:00+00:00\",\"dateModified\":\"2024-01-11T17:52:46+00:00\",\"description\":\"Concurso Prefeitura de Ananindeua - PA: certame \u00e9 retomado e as inscri\u00e7\u00f5es est\u00e3o encerradas. Provas em dezembro. Confira todos os detalhes!\",\"breadcrumb\":{\"@id\":\"https:\/\/www.estrategiaconcursos.com.br\/blog\/concurso-prefeitura-ananindeua\/#breadcrumb\"},\"inLanguage\":\"pt-BR\",\"potentialAction\":[{\"@type\":\"ReadAction\",\"target\":[\"https:\/\/www.estrategiaconcursos.com.br\/blog\/concurso-prefeitura-ananindeua\/\"]}]},{\"@type\":\"ImageObject\",\"inLanguage\":\"pt-BR\",\"@id\":\"https:\/\/www.estrategiaconcursos.com.br\/blog\/concurso-prefeitura-ananindeua\/#primaryimage\",\"url\":\"https:\/\/dhg1h5j42swfq.cloudfront.net\/2019\/08\/09094203\/Prefeitura-de-Ananindeua-PA.jpg\",\"contentUrl\":\"https:\/\/dhg1h5j42swfq.cloudfront.net\/2019\/08\/09094203\/Prefeitura-de-Ananindeua-PA.jpg\",\"width\":1200,\"height\":628,\"caption\":\"concurso Prefeitura de Ananindeua\"},{\"@type\":\"BreadcrumbList\",\"@id\":\"https:\/\/www.estrategiaconcursos.com.br\/blog\/concurso-prefeitura-ananindeua\/#breadcrumb\",\"itemListElement\":[{\"@type\":\"ListItem\",\"position\":1,\"name\":\"In\u00edcio\",\"item\":\"https:\/\/www.estrategiaconcursos.com.br\/blog\/\"},{\"@type\":\"ListItem\",\"position\":2,\"name\":\"Concurso Prefeitura de Ananindeua: inscri\u00e7\u00f5es encerradas\"}]},{\"@type\":\"WebSite\",\"@id\":\"https:\/\/www.estrategiaconcursos.com.br\/blog\/#website\",\"url\":\"https:\/\/www.estrategiaconcursos.com.br\/blog\/\",\"name\":\"Estrat\u00e9gia Concursos\",\"description\":\"O blog da Estrat\u00e9gia Concursos traz not\u00edcias sobre concursos e artigos de professores oferecendo cursos para concursos (pdf + videaulas) no site.\",\"publisher\":{\"@id\":\"https:\/\/www.estrategiaconcursos.com.br\/blog\/#organization\"},\"potentialAction\":[{\"@type\":\"SearchAction\",\"target\":{\"@type\":\"EntryPoint\",\"urlTemplate\":\"https:\/\/www.estrategiaconcursos.com.br\/blog\/?s={search_term_string}\"},\"query-input\":{\"@type\":\"PropertyValueSpecification\",\"valueRequired\":true,\"valueName\":\"search_term_string\"}}],\"inLanguage\":\"pt-BR\"},{\"@type\":\"Organization\",\"@id\":\"https:\/\/www.estrategiaconcursos.com.br\/blog\/#organization\",\"name\":\"Estrat\u00e9gia Concursos\",\"url\":\"https:\/\/www.estrategiaconcursos.com.br\/blog\/\",\"logo\":{\"@type\":\"ImageObject\",\"inLanguage\":\"pt-BR\",\"@id\":\"https:\/\/www.estrategiaconcursos.com.br\/blog\/#\/schema\/logo\/image\/\",\"url\":\"https:\/\/dhg1h5j42swfq.cloudfront.net\/2025\/06\/03203428\/logo_concursos-1.jpg\",\"contentUrl\":\"https:\/\/dhg1h5j42swfq.cloudfront.net\/2025\/06\/03203428\/logo_concursos-1.jpg\",\"width\":230,\"height\":60,\"caption\":\"Estrat\u00e9gia Concursos\"},\"image\":{\"@id\":\"https:\/\/www.estrategiaconcursos.com.br\/blog\/#\/schema\/logo\/image\/\"},\"sameAs\":[\"https:\/\/x.com\/EstratConcursos\"]},{\"@type\":\"Person\",\"@id\":\"https:\/\/www.estrategiaconcursos.com.br\/blog\/#\/schema\/person\/b4a388c97673c5f483d72185668afa1f\",\"name\":\"Coordena\u00e7\u00e3o\",\"image\":{\"@type\":\"ImageObject\",\"inLanguage\":\"pt-BR\",\"@id\":\"https:\/\/secure.gravatar.com\/avatar\/b720319e4c9a967eb58678d110f4fe35452fc5d5f97b202bac7b8acceb18c6ad?s=96&d=mm&r=g\",\"url\":\"https:\/\/secure.gravatar.com\/avatar\/b720319e4c9a967eb58678d110f4fe35452fc5d5f97b202bac7b8acceb18c6ad?s=96&d=mm&r=g\",\"contentUrl\":\"https:\/\/secure.gravatar.com\/avatar\/b720319e4c9a967eb58678d110f4fe35452fc5d5f97b202bac7b8acceb18c6ad?s=96&d=mm&r=g\",\"caption\":\"Coordena\u00e7\u00e3o\"},\"sameAs\":[\"https:\/\/www.facebook.com\/EstrategiaConcursos\",\"https:\/\/x.com\/EstratConcursos\"],\"url\":\"https:\/\/www.estrategiaconcursos.com.br\/blog\/author\/estrategia2013\/\"}]}<\/script>\n<!-- \/ Yoast SEO Premium plugin. -->","yoast_head_json":{"title":"Concurso Prefeitura de Ananindeua: inscri\u00e7\u00f5es encerradas","description":"Concurso Prefeitura de Ananindeua - PA: certame \u00e9 retomado e as inscri\u00e7\u00f5es est\u00e3o encerradas. Provas em dezembro. Confira todos os detalhes!","robots":{"index":"index","follow":"follow","max-snippet":"max-snippet:-1","max-image-preview":"max-image-preview:large","max-video-preview":"max-video-preview:-1"},"canonical":"https:\/\/www.estrategiaconcursos.com.br\/blog\/concurso-prefeitura-ananindeua\/","og_locale":"pt_BR","og_type":"article","og_title":"Concurso Prefeitura de Ananindeua: inscri\u00e7\u00f5es encerradas","og_description":"Concurso Prefeitura de Ananindeua - PA: certame \u00e9 retomado e as inscri\u00e7\u00f5es est\u00e3o encerradas. Provas em dezembro. Confira todos os detalhes!","og_url":"https:\/\/www.estrategiaconcursos.com.br\/blog\/concurso-prefeitura-ananindeua\/","og_site_name":"Estrat\u00e9gia Concursos","article_author":"https:\/\/www.facebook.com\/EstrategiaConcursos","article_published_time":"2021-10-28T02:59:00+00:00","article_modified_time":"2024-01-11T17:52:46+00:00","og_image":[{"width":1200,"height":628,"url":"https:\/\/dhg1h5j42swfq.cloudfront.net\/2019\/08\/09094203\/Prefeitura-de-Ananindeua-PA.jpg","type":"image\/jpeg"}],"author":"Coordena\u00e7\u00e3o","twitter_card":"summary_large_image","twitter_creator":"@EstratConcursos","twitter_site":"@EstratConcursos","twitter_misc":{"Escrito por":"Coordena\u00e7\u00e3o","Est. tempo de leitura":"4 minutos"},"schema":{"@context":"https:\/\/schema.org","@graph":[{"@type":"NewsArticle","@id":"https:\/\/www.estrategiaconcursos.com.br\/blog\/concurso-prefeitura-ananindeua\/#article","isPartOf":{"@id":"https:\/\/www.estrategiaconcursos.com.br\/blog\/concurso-prefeitura-ananindeua\/"},"author":{"name":"Coordena\u00e7\u00e3o","@id":"https:\/\/www.estrategiaconcursos.com.br\/blog\/#\/schema\/person\/b4a388c97673c5f483d72185668afa1f"},"headline":"Concurso Prefeitura de Ananindeua: inscri\u00e7\u00f5es encerradas","datePublished":"2021-10-28T02:59:00+00:00","dateModified":"2024-01-11T17:52:46+00:00","mainEntityOfPage":{"@id":"https:\/\/www.estrategiaconcursos.com.br\/blog\/concurso-prefeitura-ananindeua\/"},"wordCount":795,"commentCount":6,"publisher":{"@id":"https:\/\/www.estrategiaconcursos.com.br\/blog\/#organization"},"image":{"@id":"https:\/\/www.estrategiaconcursos.com.br\/blog\/concurso-prefeitura-ananindeua\/#primaryimage"},"thumbnailUrl":"https:\/\/dhg1h5j42swfq.cloudfront.net\/2019\/08\/09094203\/Prefeitura-de-Ananindeua-PA.jpg","articleSection":["Executivo (Administrativa)"],"inLanguage":"pt-BR","potentialAction":[{"@type":"CommentAction","name":"Comment","target":["https:\/\/www.estrategiaconcursos.com.br\/blog\/concurso-prefeitura-ananindeua\/#respond"]}],"copyrightYear":"2021","copyrightHolder":{"@id":"https:\/\/www.estrategiaconcursos.com.br\/blog\/#organization"}},{"@type":"WebPage","@id":"https:\/\/www.estrategiaconcursos.com.br\/blog\/concurso-prefeitura-ananindeua\/","url":"https:\/\/www.estrategiaconcursos.com.br\/blog\/concurso-prefeitura-ananindeua\/","name":"Concurso Prefeitura de Ananindeua: inscri\u00e7\u00f5es encerradas","isPartOf":{"@id":"https:\/\/www.estrategiaconcursos.com.br\/blog\/#website"},"primaryImageOfPage":{"@id":"https:\/\/www.estrategiaconcursos.com.br\/blog\/concurso-prefeitura-ananindeua\/#primaryimage"},"image":{"@id":"https:\/\/www.estrategiaconcursos.com.br\/blog\/concurso-prefeitura-ananindeua\/#primaryimage"},"thumbnailUrl":"https:\/\/dhg1h5j42swfq.cloudfront.net\/2019\/08\/09094203\/Prefeitura-de-Ananindeua-PA.jpg","datePublished":"2021-10-28T02:59:00+00:00","dateModified":"2024-01-11T17:52:46+00:00","description":"Concurso Prefeitura de Ananindeua - PA: certame \u00e9 retomado e as inscri\u00e7\u00f5es est\u00e3o encerradas. Provas em dezembro. Confira todos os detalhes!","breadcrumb":{"@id":"https:\/\/www.estrategiaconcursos.com.br\/blog\/concurso-prefeitura-ananindeua\/#breadcrumb"},"inLanguage":"pt-BR","potentialAction":[{"@type":"ReadAction","target":["https:\/\/www.estrategiaconcursos.com.br\/blog\/concurso-prefeitura-ananindeua\/"]}]},{"@type":"ImageObject","inLanguage":"pt-BR","@id":"https:\/\/www.estrategiaconcursos.com.br\/blog\/concurso-prefeitura-ananindeua\/#primaryimage","url":"https:\/\/dhg1h5j42swfq.cloudfront.net\/2019\/08\/09094203\/Prefeitura-de-Ananindeua-PA.jpg","contentUrl":"https:\/\/dhg1h5j42swfq.cloudfront.net\/2019\/08\/09094203\/Prefeitura-de-Ananindeua-PA.jpg","width":1200,"height":628,"caption":"concurso Prefeitura de Ananindeua"},{"@type":"BreadcrumbList","@id":"https:\/\/www.estrategiaconcursos.com.br\/blog\/concurso-prefeitura-ananindeua\/#breadcrumb","itemListElement":[{"@type":"ListItem","position":1,"name":"In\u00edcio","item":"https:\/\/www.estrategiaconcursos.com.br\/blog\/"},{"@type":"ListItem","position":2,"name":"Concurso Prefeitura de Ananindeua: inscri\u00e7\u00f5es encerradas"}]},{"@type":"WebSite","@id":"https:\/\/www.estrategiaconcursos.com.br\/blog\/#website","url":"https:\/\/www.estrategiaconcursos.com.br\/blog\/","name":"Estrat\u00e9gia Concursos","description":"O blog da Estrat\u00e9gia Concursos traz not\u00edcias sobre concursos e artigos de professores oferecendo cursos para concursos (pdf + videaulas) no site.","publisher":{"@id":"https:\/\/www.estrategiaconcursos.com.br\/blog\/#organization"},"potentialAction":[{"@type":"SearchAction","target":{"@type":"EntryPoint","urlTemplate":"https:\/\/www.estrategiaconcursos.com.br\/blog\/?s={search_term_string}"},"query-input":{"@type":"PropertyValueSpecification","valueRequired":true,"valueName":"search_term_string"}}],"inLanguage":"pt-BR"},{"@type":"Organization","@id":"https:\/\/www.estrategiaconcursos.com.br\/blog\/#organization","name":"Estrat\u00e9gia Concursos","url":"https:\/\/www.estrategiaconcursos.com.br\/blog\/","logo":{"@type":"ImageObject","inLanguage":"pt-BR","@id":"https:\/\/www.estrategiaconcursos.com.br\/blog\/#\/schema\/logo\/image\/","url":"https:\/\/dhg1h5j42swfq.cloudfront.net\/2025\/06\/03203428\/logo_concursos-1.jpg","contentUrl":"https:\/\/dhg1h5j42swfq.cloudfront.net\/2025\/06\/03203428\/logo_concursos-1.jpg","width":230,"height":60,"caption":"Estrat\u00e9gia Concursos"},"image":{"@id":"https:\/\/www.estrategiaconcursos.com.br\/blog\/#\/schema\/logo\/image\/"},"sameAs":["https:\/\/x.com\/EstratConcursos"]},{"@type":"Person","@id":"https:\/\/www.estrategiaconcursos.com.br\/blog\/#\/schema\/person\/b4a388c97673c5f483d72185668afa1f","name":"Coordena\u00e7\u00e3o","image":{"@type":"ImageObject","inLanguage":"pt-BR","@id":"https:\/\/secure.gravatar.com\/avatar\/b720319e4c9a967eb58678d110f4fe35452fc5d5f97b202bac7b8acceb18c6ad?s=96&d=mm&r=g","url":"https:\/\/secure.gravatar.com\/avatar\/b720319e4c9a967eb58678d110f4fe35452fc5d5f97b202bac7b8acceb18c6ad?s=96&d=mm&r=g","contentUrl":"https:\/\/secure.gravatar.com\/avatar\/b720319e4c9a967eb58678d110f4fe35452fc5d5f97b202bac7b8acceb18c6ad?s=96&d=mm&r=g","caption":"Coordena\u00e7\u00e3o"},"sameAs":["https:\/\/www.facebook.com\/EstrategiaConcursos","https:\/\/x.com\/EstratConcursos"],"url":"https:\/\/www.estrategiaconcursos.com.br\/blog\/author\/estrategia2013\/"}]}},"_links":{"self":[{"href":"https:\/\/www.estrategiaconcursos.com.br\/blog\/wp-json\/wp\/v2\/posts\/414531","targetHints":{"allow":["GET"]}}],"collection":[{"href":"https:\/\/www.estrategiaconcursos.com.br\/blog\/wp-json\/wp\/v2\/posts"}],"about":[{"href":"https:\/\/www.estrategiaconcursos.com.br\/blog\/wp-json\/wp\/v2\/types\/post"}],"author":[{"embeddable":true,"href":"https:\/\/www.estrategiaconcursos.com.br\/blog\/wp-json\/wp\/v2\/users\/1"}],"replies":[{"embeddable":true,"href":"https:\/\/www.estrategiaconcursos.com.br\/blog\/wp-json\/wp\/v2\/comments?post=414531"}],"version-history":[{"count":67,"href":"https:\/\/www.estrategiaconcursos.com.br\/blog\/wp-json\/wp\/v2\/posts\/414531\/revisions"}],"predecessor-version":[{"id":1334397,"href":"https:\/\/www.estrategiaconcursos.com.br\/blog\/wp-json\/wp\/v2\/posts\/414531\/revisions\/1334397"}],"wp:featuredmedia":[{"embeddable":true,"href":"https:\/\/www.estrategiaconcursos.com.br\/blog\/wp-json\/wp\/v2\/media\/417767"}],"wp:attachment":[{"href":"https:\/\/www.estrategiaconcursos.com.br\/blog\/wp-json\/wp\/v2\/media?parent=414531"}],"wp:term":[{"taxonomy":"category","embeddable":true,"href":"https:\/\/www.estrategiaconcursos.com.br\/blog\/wp-json\/wp\/v2\/categories?post=414531"},{"taxonomy":"post_tag","embeddable":true,"href":"https:\/\/www.estrategiaconcursos.com.br\/blog\/wp-json\/wp\/v2\/tags?post=414531"},{"taxonomy":"tax_estado","embeddable":true,"href":"https:\/\/www.estrategiaconcursos.com.br\/blog\/wp-json\/wp\/v2\/tax_estado?post=414531"}],"curies":[{"name":"wp","href":"https:\/\/api.w.org\/{rel}","templated":true}]}}