{"id":414035,"date":"2019-09-23T05:29:38","date_gmt":"2019-09-23T08:29:38","guid":{"rendered":"https:\/\/www.estrategiaconcursos.com.br\/blog\/?p=414035"},"modified":"2023-03-10T10:45:19","modified_gmt":"2023-03-10T13:45:19","slug":"edital-concurso-alap","status":"publish","type":"post","link":"https:\/\/www.estrategiaconcursos.com.br\/blog\/edital-concurso-alap\/","title":{"rendered":"Concurso ALAP: inscri\u00e7\u00f5es encerradas!"},"content":{"rendered":"\n<p>O edital do novo concurso p\u00fablico da<strong> Assembleia Legislativa do Amap\u00e1<\/strong>, com oferta de<strong> 129 vagas<\/strong> imediatas, distribu\u00eddas entre cargos de n\u00edvel m\u00e9dio, t\u00e9cnico e superior est\u00e1 com as inscri\u00e7\u00f5es encerradas.<\/p>\n\n\n\n<p>A banca organizadora respons\u00e1vel pelo certame \u00e9 a Funda\u00e7\u00e3o Carlos Chagas, FCC. As <em>inscri\u00e7\u00f5es <\/em> foram realizadas atrav\u00e9s do site da banca entre os dias <strong>23 de setembro e 30 de outubro<\/strong>. A taxa de inscri\u00e7\u00e3o foi de <em>R$ 80, R$ 90, R$ 110 ou R$ 140<\/em>, conforme a escolaridade.<\/p>\n\n\n\n<p>O <a href=\"https:\/\/youtu.be\/axChOv5oRdY\" target=\"_blank\" rel=\"noreferrer noopener\">edital<\/a> foi publicado no Di\u00e1rio Oficial, mas voc\u00ea confere todas as informa\u00e7\u00f5es sobre o certame, como distribui\u00e7\u00e3o das vagas, remunera\u00e7\u00e3o, etapas de prova, entre outros, ao longo deste artigo. Ao final, disponibilizamos o link para os nossos cursos.<\/p>\n\n\n\n<h2 class=\"wp-block-heading\">Principais datas do edital ALAP<\/h2>\n\n\n\n<p class=\"has-very-light-gray-background-color has-background\"><strong>Per\u00edodo de inscri\u00e7\u00f5es<\/strong>: de 23 de setembro at\u00e9 30 de outubro<br \/><strong>Isen\u00e7\u00e3o de pagamento<\/strong>: 23 a 27 de setembro<br \/><strong>Taxa de inscri\u00e7\u00f5es:<\/strong> <br \/>     Categoria Advogado Legislativo: R$ 140<br \/>     Categoria Analista Legislativo: R$ 110<br \/>     Categoria Assistente Legislativo: R$ 90<br \/>     Categoria Auxiliar Legislativo: R$ 80<br \/><strong>Provas objetivas e discursivas:<\/strong> 02 de fevereiro de 2020<br \/><strong>Provas discursivas (Analista e Advogado):<\/strong> 02 de maio de 2020<\/p>\n\n\n\n<h2 class=\"wp-block-heading\">Cargos, vagas e remunera\u00e7\u00f5es<\/h2>\n\n\n\n<p>No total, o edital do concurso ALAP oferta 129 vagas imediatas e forma\u00e7\u00e3o de cadastro reserva, distribu\u00eddas entre diversos cargos e especialidades. Confira abaixo a rela\u00e7\u00e3o completa:<\/p>\n\n\n\n<h3 class=\"wp-block-heading\">N\u00edvel superior &#8211; Advogado legislativo <\/h3>\n\n\n\n<p><strong><em>(Subs\u00eddio de R$ 11.395,01 + Aux\u00edlio Alimenta\u00e7\u00e3o de R$ 1.000,00) <\/em><\/strong><\/p>\n\n\n\n<ul class=\"wp-block-list\">\n<li> Procurador &#8211; 03<\/li>\n<\/ul>\n\n\n\n<h3 class=\"wp-block-heading\">N\u00edvel Superior &#8211; Analista Legislativo <\/h3>\n\n\n\n<p><strong><em>(Subs\u00eddio de R$ 10.128,90 + Aux\u00edlio Alimenta\u00e7\u00e3o de R$ 1.000,00)<\/em><\/strong><\/p>\n\n\n\n<ul class=\"wp-block-list\">\n<li>T\u00e9cnico Legislativo &#8211; 20<\/li>\n\n\n\n<li>Assessor Jur\u00eddico Legislativo &#8211; 03<\/li>\n\n\n\n<li>Administrador &#8211; CR<\/li>\n\n\n\n<li>Biblioteconomista &#8211; 02<\/li>\n\n\n\n<li>Psic\u00f3logo &#8211; 02<\/li>\n\n\n\n<li>Assistente Social  &#8211; 02<\/li>\n\n\n\n<li>Pedagogo &#8211; 02<\/li>\n\n\n\n<li>Enfermeiro &#8211; 02<\/li>\n\n\n\n<li>Contador &#8211; 04<\/li>\n\n\n\n<li>Economista &#8211; 01<\/li>\n\n\n\n<li>T\u00e9cnico de Controle Interno  &#8211; 06<\/li>\n\n\n\n<li>Comunicador Social\/Jornalismo &#8211; 02<\/li>\n\n\n\n<li>Comunicador Social\/Publicidade e Propaganda &#8211; 02<\/li>\n\n\n\n<li>Comunicador Social\/Rela\u00e7\u00f5es P\u00fablicas &#8211; 02<\/li>\n\n\n\n<li>Administrador de Rede e Telecomunica\u00e7\u00f5es &#8211; 02<\/li>\n\n\n\n<li>Desenvolvedor de Banco de Dados &#8211; 02<\/li>\n\n\n\n<li>Desenvolvedor de Sistemas &#8211; 02<\/li>\n\n\n\n<li>T\u00e9cnico de Seguran\u00e7a da Informa\u00e7\u00e3o &#8211; 02<\/li>\n<\/ul>\n\n\n\n<h3 class=\"wp-block-heading\">N\u00edvel m\u00e9dio especializado &#8211; Assistente Legislativo<\/h3>\n\n\n\n<p><strong><em>(Subs\u00eddio de R$ 5.064,45 + Aux\u00edlio Alimenta\u00e7\u00e3o de R$ 1.000,00)<\/em><\/strong><\/p>\n\n\n\n<ul class=\"wp-block-list\">\n<li>Assistente Administrativo &#8211; 13<\/li>\n\n\n\n<li>Assistente de Opera\u00e7\u00f5es T\u00e9cnicas &#8211; 06<\/li>\n\n\n\n<li>Assistente de Seguran\u00e7a &#8211; 16<\/li>\n\n\n\n<li>Assistente de Registro de Imagens &#8211; 06<\/li>\n\n\n\n<li>Assistente Legislativo &#8211; 01<\/li>\n\n\n\n<li>Assistente de Contabilidade &#8211; 06<\/li>\n\n\n\n<li>Assistente de Inform\u00e1tica &#8211; 10<\/li>\n<\/ul>\n\n\n\n<h3 class=\"wp-block-heading\">N\u00edvel m\u00e9dio completo &#8211; Auxiliar Legislativo<\/h3>\n\n\n\n<p><strong><em>(Subs\u00eddio de R$ 3.798,34 + Aux\u00edlio Alimenta\u00e7\u00e3o de R$ 1.000,00)<\/em><\/strong><\/p>\n\n\n\n<ul class=\"wp-block-list\">\n<li>Auxiliar Operacional &#8211; 04<\/li>\n\n\n\n<li>Auxiliar de Transportes &#8211; 06<\/li>\n<\/ul>\n\n\n\n<h2 class=\"wp-block-heading\">Etapas do concurso<\/h2>\n\n\n\n<p>O concurso ALAP consistir\u00e1 de Provas Objetivas e Discursivas, realizadas na cidade de Macap\u00e1\/AP, da seguinte forma:<\/p>\n\n\n\n<ul class=\"wp-block-list\">\n<li><strong>Provas Objetivas<\/strong> para todas os cargos e as <strong>Provas Discursivas<\/strong> (somente para Assistente e Auxiliar Legislativo): dia <strong>02 de fevereiro 2020<\/strong>, nos seguintes per\u00edodos:\n<ul class=\"wp-block-list\">\n<li>Per\u00edodo da <strong>MANH\u00c3<\/strong>: Auxiliar Legislativo e Analista Legislativo <\/li>\n\n\n\n<li>Per\u00edodo da <strong>TARDE<\/strong>: Advogado Legislativo &#8211; Procurador e Assistente Legislativo <\/li>\n<\/ul>\n<\/li>\n<\/ul>\n\n\n\n<ul class=\"wp-block-list\">\n<li><strong>Provas Discursivas<\/strong> somente para os cargos de Analista Legislativo e Advogado Legislativo &#8211; Procurador: dia <strong>24 de maio 2020<\/strong>, nos seguintes per\u00edodos:\n<ul class=\"wp-block-list\">\n<li>Per\u00edodo da <strong>MANH\u00c3<\/strong>: Analista Legislativo  <\/li>\n\n\n\n<li>Per\u00edodo da <strong>TARDE<\/strong>: Advogado Legislativo &#8211; Procurador <\/li>\n<\/ul>\n<\/li>\n<\/ul>\n\n\n\n<h2 class=\"wp-block-heading\">Provas<\/h2>\n\n\n\n<p>As <strong>Provas Objetivas<\/strong> ser\u00e3o de car\u00e1ter habilitat\u00f3rio e classificat\u00f3rio, composto por quest\u00f5es de m\u00faltipla escolha, com cinco alternativas cada quest\u00e3o.<\/p>\n\n\n\n<p>A <strong>Prova Discursiva<\/strong> <strong>\u2013<\/strong> <strong>Estudo de Caso<\/strong> constar\u00e1 de 02 quest\u00f5es pr\u00e1ticas, para as quais o candidato dever\u00e1 apresentar, por escrito, as solu\u00e7\u00f5es. Deve ser observado o limite m\u00e1ximo de 15 a 30 linhas, a depender do cargo.<\/p>\n\n\n\n<p>Na <strong>Prova Discursiva<\/strong> <strong>\u2013 Reda\u00e7\u00e3o<\/strong> devem ser observados os limites <em>m\u00ednimo de 20 linhas e m\u00e1ximo de 30 linhas<\/em>, sob pena de perda de pontos a serem atribu\u00eddos \u00e0 Reda\u00e7\u00e3o. A prova ter\u00e1 car\u00e1ter eliminat\u00f3rio e classificat\u00f3rio e ser\u00e1 avaliada na escala de 0 a 10 pontos, considerando-se habilitado o candidato que nela obtiver nota igual ou superior a 6 pontos.  <\/p>\n\n\n\n<p>A <strong>Prova Discursiva \u2013 Pe\u00e7a Processual ou Parecer<\/strong> para a o cargo de Procurador, ser\u00e1 de car\u00e1ter habilitat\u00f3rio e classificat\u00f3rio e compreender\u00e1 de 1 quest\u00e3o. Durante a realiza\u00e7\u00e3o da Prova Discursiva-Pe\u00e7a Processual ou Parecer ser\u00e1 permitida consulta \u00e0 legisla\u00e7\u00e3o.<\/p>\n\n\n\n<figure class=\"wp-block-image aligncenter is-resized\"><img loading=\"lazy\" decoding=\"async\" src=\"https:\/\/dhg1h5j42swfq.cloudfront.net\/2019\/08\/29171458\/image116.png\" alt=\"\" class=\"wp-image-414357\" width=\"689\" height=\"442\" srcset=\"https:\/\/dhg1h5j42swfq.cloudfront.net\/2019\/08\/29171458\/image116.png 991w, https:\/\/dhg1h5j42swfq.cloudfront.net\/2019\/08\/29171458\/image116.png 300w, https:\/\/dhg1h5j42swfq.cloudfront.net\/2019\/08\/29171458\/image116.png 768w, https:\/\/dhg1h5j42swfq.cloudfront.net\/2019\/08\/29171458\/image116.png 610w\" sizes=\"auto, (max-width: 689px) 100vw, 689px\" \/><\/figure>\n\n\n\n<figure class=\"wp-block-image aligncenter is-resized\"><img loading=\"lazy\" decoding=\"async\" src=\"https:\/\/dhg1h5j42swfq.cloudfront.net\/2019\/08\/29171528\/image117.png\" alt=\"\" class=\"wp-image-414358\" width=\"692\" height=\"432\" srcset=\"https:\/\/dhg1h5j42swfq.cloudfront.net\/2019\/08\/29171528\/image117.png 989w, https:\/\/dhg1h5j42swfq.cloudfront.net\/2019\/08\/29171528\/image117.png 300w, https:\/\/dhg1h5j42swfq.cloudfront.net\/2019\/08\/29171528\/image117.png 768w, https:\/\/dhg1h5j42swfq.cloudfront.net\/2019\/08\/29171528\/image117.png 610w\" sizes=\"auto, (max-width: 692px) 100vw, 692px\" \/><\/figure>\n\n\n\n<figure class=\"wp-block-image aligncenter is-resized\"><img loading=\"lazy\" decoding=\"async\" src=\"https:\/\/dhg1h5j42swfq.cloudfront.net\/2019\/08\/29171548\/image118.png\" alt=\"\" class=\"wp-image-414359\" width=\"695\" height=\"587\" srcset=\"https:\/\/dhg1h5j42swfq.cloudfront.net\/2019\/08\/29171548\/image118.png 996w, https:\/\/dhg1h5j42swfq.cloudfront.net\/2019\/08\/29171548\/image118.png 300w, https:\/\/dhg1h5j42swfq.cloudfront.net\/2019\/08\/29171548\/image118.png 768w, https:\/\/dhg1h5j42swfq.cloudfront.net\/2019\/08\/29171548\/image118.png 610w\" sizes=\"auto, (max-width: 695px) 100vw, 695px\" \/><\/figure>\n\n\n\n<h3 class=\"wp-block-heading\">Prova de T\u00edtulos<\/h3>\n\n\n\n<p><strong><em>CATEGORIA DE ADVOGADO LEGISLATIVO \u2013 ESPECIALIDADE: PROCURADOR <\/em><\/strong><\/p>\n\n\n\n<ul class=\"wp-block-list\">\n<li><strong>A)<\/strong> Diploma, devidamente registrado, ou certificado\/declara\u00e7\u00e3o de conclus\u00e3o de curso de P\u00f3s-Gradua\u00e7\u00e3o &#8220;<em>stricto sensu<\/em>&#8220;, em n\u00edvel de <strong>Doutorado <\/strong>em Direito, acompanhado do Hist\u00f3rico Escolar &#8211; 0,75 pontos<\/li>\n\n\n\n<li><strong>B)<\/strong> Diploma, devidamente registrado, ou certificado\/declara\u00e7\u00e3o de conclus\u00e3o de curso de P\u00f3s-Gradua\u00e7\u00e3o &#8220;<em>stricto sensu<\/em>&#8220;, em n\u00edvel de <strong>Mestrado <\/strong>em Direito, acompanhado do Hist\u00f3rico Escolar &#8211; 0,50 pontos<\/li>\n\n\n\n<li><strong>C)<\/strong> Certificado de conclus\u00e3o de curso de P\u00f3s-Gradua\u00e7\u00e3o \u201c<em>lato sensu<\/em>\u201d, em n\u00edvel de <strong>especializa\u00e7\u00e3o <\/strong>na \u00e1rea jur\u00eddica, com carga hor\u00e1ria m\u00ednima de 360 horas, acompanhado do Hist\u00f3rico Escolar onde constem disciplinas cursadas e respectiva carga hor\u00e1ria &#8211; 0,25 pontos<\/li>\n<\/ul>\n\n\n\n<p><strong><em>CATEGORIA DE ANALISTA LEGISLATIVO TODAS AS \u00c1REAS<\/em><\/strong><\/p>\n\n\n\n<ul class=\"wp-block-list\">\n<li><strong>A) <\/strong>Diploma, devidamente registrado, ou certificado\/declara\u00e7\u00e3o de conclus\u00e3o de curso de P\u00f3s-Gradua\u00e7\u00e3o &#8220;<em>stricto sensu<\/em>&#8220;, em n\u00edvel de <strong>Doutorado<\/strong>, acompanhado do Hist\u00f3rico Escolar. Reconhecido pelo Minist\u00e9rio da Educa\u00e7\u00e3o &#8211; 0,75 pontos<\/li>\n\n\n\n<li><strong>B) <\/strong>Diploma, devidamente registrado, ou certificado\/declara\u00e7\u00e3o de conclus\u00e3o de curso de P\u00f3s-Gradua\u00e7\u00e3o &#8220;<em>stricto sensu<\/em>&#8220;, em n\u00edvel de <strong>Mestrado<\/strong>, acompanhado do Hist\u00f3rico Escolar. Reconhecido pelo Minist\u00e9rio da Educa\u00e7\u00e3o &#8211; 0,50 pontos<\/li>\n\n\n\n<li><strong>C) <\/strong>Certificado de conclus\u00e3o de curso de P\u00f3s-Gradua\u00e7\u00e3o \u201c<em>lato sensu<\/em>\u201d, em n\u00edvel de <strong>especializa\u00e7\u00e3o <\/strong>na \u00e1rea de conhecimento relativa ao cargo para o qual est\u00e1 concorrendo, com carga hor\u00e1ria m\u00ednima de 360 horas, acompanhado do Hist\u00f3rico Escolar onde constem disciplinas cursadas e respectiva carga hor\u00e1ria &#8211; 0,25 pontos<\/li>\n<\/ul>\n\n\n\n<p class=\"has-text-align-center has-very-light-gray-background-color has-background has-medium-font-size\"><strong>Confira nosso artigo completo e saiba mais: <a aria-label=\"Concurso ALAP (abre numa nova aba)\" href=\"https:\/\/www.estrategiaconcursos.com.br\/blog\/concurso-alap\/\" target=\"_blank\" rel=\"noreferrer noopener\">Concurso ALAP<\/a><\/strong><\/p>\n\n\n\n<p class=\"has-text-align-center\"><em><strong>Gostou desta oportunidade e deseja come\u00e7ar se preparar agora mesmo? Ent\u00e3o, confira os nossos cursos e comece a estudar para ALAP:<\/strong><\/em><\/p>\n\n\n\n<p class=\"has-text-align-center has-luminous-vivid-amber-background-color has-background\" style=\"font-size:clamp(16.293px, 1.018rem + ((1vw - 3.2px) * 0.854), 25px);px\"><a href=\"https:\/\/www.estrategiaconcursos.com.br\/cursosPorConcurso\/assembleia-legislativa-do-estado-do-amapa-al-ap\/\" target=\"_blank\" rel=\"noreferrer noopener\"><strong>CURSO ALAP<\/strong><\/a><\/p>\n\n\n\n<p class=\"has-text-align-center\"><em><strong>Assinatura Anual Ilimitada*<\/strong><\/em><\/p>\n\n\n\n<p class=\"has-text-align-center\"><em>Prepare-se com o melhor material e com quem mais aprova em Concursos P\u00fablicos em todo o pa\u00eds. Assine agora a nossa Assinatura Anual e tenha acesso ilimitado* a todos os nossos cursos.<\/em><\/p>\n\n\n\n<p class=\"has-text-align-center has-light-green-cyan-background-color has-background has-medium-font-size\"><strong>ASSINE AGORA<\/strong>&nbsp;\u2013&nbsp;<a href=\"https:\/\/www.estrategiaconcursos.com.br\/assinaturas\" target=\"_blank\" rel=\"noreferrer noopener\"><strong>Assinatura Ilimitada<\/strong><\/a><\/p>\n\n\n\n<p class=\"has-text-align-center has-pale-cyan-blue-background-color has-background has-medium-font-size\"><strong><a href=\"https:\/\/www.estrategiaconcursos.com.br\/blog\/concursos-abertos\/\">CONCURSOS ABERTOS<\/a><\/strong><\/p>\n\n\n\n<p class=\"has-text-align-center has-pale-cyan-blue-background-color has-background has-medium-font-size\"><a href=\"https:\/\/www.estrategiaconcursos.com.br\/blog\/concursos-2019\/\"><strong>CONCURSOS 2019<\/strong><\/a><\/p>\n\n\n\n<p class=\"has-text-align-center has-pale-cyan-blue-background-color has-background has-medium-font-size\"><a href=\"https:\/\/www.estrategiaconcursos.com.br\/blog\/concursos-2020\/\"><strong>CONCURSOS<\/strong><\/a><strong><a href=\"https:\/\/www.estrategiaconcursos.com.br\/blog\/concursos-2020\/\">&nbsp;2020<\/a><\/strong><\/p>\n\n\n\n<figure class=\"wp-block-image\"><img loading=\"lazy\" decoding=\"async\" width=\"300\" height=\"102\" src=\"https:\/\/dhg1h5j42swfq.cloudfront.net\/2017\/03\/28152500\/coruja-ficha-tecnica-300x102.png\" alt=\"Ficha t\u00e9cnica \" class=\"wp-image-68542\"\/><\/figure>\n\n\n\n<h4 class=\"wp-block-heading\" id=\"ficha\"><strong>\u2666Informa\u00e7\u00f5es do concurso ALAP<\/strong><\/h4>\n\n\n\n<p>\u25ba<strong>Inscri\u00e7\u00f5es:<\/strong> 23 de setembro at\u00e9 30 de outubro <br \/><strong>\u25baProvas objetivas e discursivas:<\/strong> 02 de fevereiro de 2020<br \/>\u25ba<strong>Provas discursivas (Analista e Advogado):<\/strong> 02 de maio de 2020 <br \/><strong>\u25baVagas:<\/strong>&nbsp;129<br \/><strong>\u25baLota\u00e7\u00f5es:&nbsp;<\/strong>Amap\u00e1<br \/><strong>\u25baBanca:&nbsp;<\/strong>FCC<br \/><strong>\u25baRequisito:&nbsp;<\/strong>N\u00edvel m\u00e9dio e superior<br \/><strong>\u25baEdital:<\/strong>&nbsp;<strong><a aria-label=\"Edital ALAP 2019 (abre numa nova aba)\" href=\"https:\/\/www.concursosfcc.com.br\/concursos\/aleap119\/edital_de_abertura_site_aleap119.pdf\" target=\"_blank\" rel=\"noreferrer noopener\">Edital ALAP 2019<\/a><\/strong><\/p>\n\n\n\n<p><br \/><em>Ascom Estrat\u00e9gia<\/em><br \/>ascomestrategia@gmail.com<\/p>\n","protected":false},"excerpt":{"rendered":"<p>O edital do novo concurso p\u00fablico da Assembleia Legislativa do Amap\u00e1, com oferta de 129 vagas imediatas, distribu\u00eddas entre cargos de n\u00edvel m\u00e9dio, t\u00e9cnico e superior est\u00e1 com as inscri\u00e7\u00f5es encerradas. A banca organizadora respons\u00e1vel pelo certame \u00e9 a Funda\u00e7\u00e3o Carlos Chagas, FCC. As inscri\u00e7\u00f5es foram realizadas atrav\u00e9s do site da banca entre os dias [&hellip;]<\/p>\n","protected":false},"author":260,"featured_media":378499,"comment_status":"open","ping_status":"closed","sticky":false,"template":"","format":"standard","meta":{"post_tipo":"article","footnotes":""},"categories":[1],"tags":[],"tax_estado":[],"class_list":["post-414035","post","type-post","status-publish","format-standard","has-post-thumbnail","hentry","category-cursos-e-concursos"],"acf":[],"yoast_head":"<!-- This site is optimized with the Yoast SEO Premium plugin v27.2 (Yoast SEO v27.2) - https:\/\/yoast.com\/product\/yoast-seo-premium-wordpress\/ -->\n<title>Concurso ALAP: inscri\u00e7\u00f5es encerradas!<\/title>\n<meta name=\"robots\" content=\"index, follow, max-snippet:-1, max-image-preview:large, max-video-preview:-1\" \/>\n<link rel=\"canonical\" href=\"https:\/\/www.estrategiaconcursos.com.br\/blog\/edital-concurso-alap\/\" \/>\n<meta property=\"og:locale\" content=\"pt_BR\" \/>\n<meta property=\"og:type\" content=\"article\" \/>\n<meta property=\"og:title\" content=\"Concurso ALAP: inscri\u00e7\u00f5es encerradas!\" \/>\n<meta property=\"og:description\" content=\"O edital do novo concurso p\u00fablico da Assembleia Legislativa do Amap\u00e1, com oferta de 129 vagas imediatas, distribu\u00eddas entre cargos de n\u00edvel m\u00e9dio, t\u00e9cnico e superior est\u00e1 com as inscri\u00e7\u00f5es encerradas. A banca organizadora respons\u00e1vel pelo certame \u00e9 a Funda\u00e7\u00e3o Carlos Chagas, FCC. As inscri\u00e7\u00f5es foram realizadas atrav\u00e9s do site da banca entre os dias [&hellip;]\" \/>\n<meta property=\"og:url\" content=\"https:\/\/www.estrategiaconcursos.com.br\/blog\/edital-concurso-alap\/\" \/>\n<meta property=\"og:site_name\" content=\"Estrat\u00e9gia Concursos\" \/>\n<meta property=\"article:published_time\" content=\"2019-09-23T08:29:38+00:00\" \/>\n<meta property=\"article:modified_time\" content=\"2023-03-10T13:45:19+00:00\" \/>\n<meta property=\"og:image\" content=\"https:\/\/dhg1h5j42swfq.cloudfront.net\/2019\/05\/27092909\/saiu-edital-1024x5362.jpg\" \/>\n\t<meta property=\"og:image:width\" content=\"1024\" \/>\n\t<meta property=\"og:image:height\" content=\"536\" \/>\n\t<meta property=\"og:image:type\" content=\"image\/jpeg\" \/>\n<meta name=\"author\" content=\"Diego Cerqueira Berbert Vasconcelos\" \/>\n<meta name=\"twitter:card\" content=\"summary_large_image\" \/>\n<meta name=\"twitter:creator\" content=\"@EstratConcursos\" \/>\n<meta name=\"twitter:site\" content=\"@EstratConcursos\" \/>\n<meta name=\"twitter:label1\" content=\"Escrito por\" \/>\n\t<meta name=\"twitter:data1\" content=\"Diego Cerqueira Berbert Vasconcelos\" \/>\n\t<meta name=\"twitter:label2\" content=\"Est. tempo de leitura\" \/>\n\t<meta name=\"twitter:data2\" content=\"5 minutos\" \/>\n<script type=\"application\/ld+json\" class=\"yoast-schema-graph\">{\"@context\":\"https:\/\/schema.org\",\"@graph\":[{\"@type\":\"NewsArticle\",\"@id\":\"https:\/\/www.estrategiaconcursos.com.br\/blog\/edital-concurso-alap\/#article\",\"isPartOf\":{\"@id\":\"https:\/\/www.estrategiaconcursos.com.br\/blog\/edital-concurso-alap\/\"},\"author\":{\"name\":\"Diego Cerqueira Berbert Vasconcelos\",\"@id\":\"https:\/\/www.estrategiaconcursos.com.br\/blog\/#\/schema\/person\/7fbf898fd336f5ce58a961518beff68c\"},\"headline\":\"Concurso ALAP: inscri\u00e7\u00f5es encerradas!\",\"datePublished\":\"2019-09-23T08:29:38+00:00\",\"dateModified\":\"2023-03-10T13:45:19+00:00\",\"mainEntityOfPage\":{\"@id\":\"https:\/\/www.estrategiaconcursos.com.br\/blog\/edital-concurso-alap\/\"},\"wordCount\":1078,\"commentCount\":11,\"publisher\":{\"@id\":\"https:\/\/www.estrategiaconcursos.com.br\/blog\/#organization\"},\"image\":{\"@id\":\"https:\/\/www.estrategiaconcursos.com.br\/blog\/edital-concurso-alap\/#primaryimage\"},\"thumbnailUrl\":\"https:\/\/dhg1h5j42swfq.cloudfront.net\/2019\/05\/27092909\/saiu-edital-1024x5362.jpg\",\"articleSection\":[\"Concursos P\u00fablicos\"],\"inLanguage\":\"pt-BR\",\"potentialAction\":[{\"@type\":\"CommentAction\",\"name\":\"Comment\",\"target\":[\"https:\/\/www.estrategiaconcursos.com.br\/blog\/edital-concurso-alap\/#respond\"]}],\"copyrightYear\":\"2019\",\"copyrightHolder\":{\"@id\":\"https:\/\/www.estrategiaconcursos.com.br\/blog\/#organization\"}},{\"@type\":\"WebPage\",\"@id\":\"https:\/\/www.estrategiaconcursos.com.br\/blog\/edital-concurso-alap\/\",\"url\":\"https:\/\/www.estrategiaconcursos.com.br\/blog\/edital-concurso-alap\/\",\"name\":\"Concurso ALAP: inscri\u00e7\u00f5es encerradas!\",\"isPartOf\":{\"@id\":\"https:\/\/www.estrategiaconcursos.com.br\/blog\/#website\"},\"primaryImageOfPage\":{\"@id\":\"https:\/\/www.estrategiaconcursos.com.br\/blog\/edital-concurso-alap\/#primaryimage\"},\"image\":{\"@id\":\"https:\/\/www.estrategiaconcursos.com.br\/blog\/edital-concurso-alap\/#primaryimage\"},\"thumbnailUrl\":\"https:\/\/dhg1h5j42swfq.cloudfront.net\/2019\/05\/27092909\/saiu-edital-1024x5362.jpg\",\"datePublished\":\"2019-09-23T08:29:38+00:00\",\"dateModified\":\"2023-03-10T13:45:19+00:00\",\"breadcrumb\":{\"@id\":\"https:\/\/www.estrategiaconcursos.com.br\/blog\/edital-concurso-alap\/#breadcrumb\"},\"inLanguage\":\"pt-BR\",\"potentialAction\":[{\"@type\":\"ReadAction\",\"target\":[\"https:\/\/www.estrategiaconcursos.com.br\/blog\/edital-concurso-alap\/\"]}]},{\"@type\":\"ImageObject\",\"inLanguage\":\"pt-BR\",\"@id\":\"https:\/\/www.estrategiaconcursos.com.br\/blog\/edital-concurso-alap\/#primaryimage\",\"url\":\"https:\/\/dhg1h5j42swfq.cloudfront.net\/2019\/05\/27092909\/saiu-edital-1024x5362.jpg\",\"contentUrl\":\"https:\/\/dhg1h5j42swfq.cloudfront.net\/2019\/05\/27092909\/saiu-edital-1024x5362.jpg\",\"width\":1024,\"height\":536,\"caption\":\"concurso SEED PR\"},{\"@type\":\"BreadcrumbList\",\"@id\":\"https:\/\/www.estrategiaconcursos.com.br\/blog\/edital-concurso-alap\/#breadcrumb\",\"itemListElement\":[{\"@type\":\"ListItem\",\"position\":1,\"name\":\"In\u00edcio\",\"item\":\"https:\/\/www.estrategiaconcursos.com.br\/blog\/\"},{\"@type\":\"ListItem\",\"position\":2,\"name\":\"Concurso ALAP: inscri\u00e7\u00f5es encerradas!\"}]},{\"@type\":\"WebSite\",\"@id\":\"https:\/\/www.estrategiaconcursos.com.br\/blog\/#website\",\"url\":\"https:\/\/www.estrategiaconcursos.com.br\/blog\/\",\"name\":\"Estrat\u00e9gia Concursos\",\"description\":\"O blog da Estrat\u00e9gia Concursos traz not\u00edcias sobre concursos e artigos de professores oferecendo cursos para concursos (pdf + videaulas) no site.\",\"publisher\":{\"@id\":\"https:\/\/www.estrategiaconcursos.com.br\/blog\/#organization\"},\"potentialAction\":[{\"@type\":\"SearchAction\",\"target\":{\"@type\":\"EntryPoint\",\"urlTemplate\":\"https:\/\/www.estrategiaconcursos.com.br\/blog\/?s={search_term_string}\"},\"query-input\":{\"@type\":\"PropertyValueSpecification\",\"valueRequired\":true,\"valueName\":\"search_term_string\"}}],\"inLanguage\":\"pt-BR\"},{\"@type\":\"Organization\",\"@id\":\"https:\/\/www.estrategiaconcursos.com.br\/blog\/#organization\",\"name\":\"Estrat\u00e9gia Concursos\",\"url\":\"https:\/\/www.estrategiaconcursos.com.br\/blog\/\",\"logo\":{\"@type\":\"ImageObject\",\"inLanguage\":\"pt-BR\",\"@id\":\"https:\/\/www.estrategiaconcursos.com.br\/blog\/#\/schema\/logo\/image\/\",\"url\":\"https:\/\/dhg1h5j42swfq.cloudfront.net\/2025\/06\/03203428\/logo_concursos-1.jpg\",\"contentUrl\":\"https:\/\/dhg1h5j42swfq.cloudfront.net\/2025\/06\/03203428\/logo_concursos-1.jpg\",\"width\":230,\"height\":60,\"caption\":\"Estrat\u00e9gia Concursos\"},\"image\":{\"@id\":\"https:\/\/www.estrategiaconcursos.com.br\/blog\/#\/schema\/logo\/image\/\"},\"sameAs\":[\"https:\/\/x.com\/EstratConcursos\"]},{\"@type\":\"Person\",\"@id\":\"https:\/\/www.estrategiaconcursos.com.br\/blog\/#\/schema\/person\/7fbf898fd336f5ce58a961518beff68c\",\"name\":\"Diego Cerqueira Berbert Vasconcelos\",\"image\":{\"@type\":\"ImageObject\",\"inLanguage\":\"pt-BR\",\"@id\":\"https:\/\/secure.gravatar.com\/avatar\/ed2d045a7390980cad1a92d24dcc39d10ef55b88fcb9fb9c047979bf4ddeb1ce?s=96&d=mm&r=g\",\"url\":\"https:\/\/secure.gravatar.com\/avatar\/ed2d045a7390980cad1a92d24dcc39d10ef55b88fcb9fb9c047979bf4ddeb1ce?s=96&d=mm&r=g\",\"contentUrl\":\"https:\/\/secure.gravatar.com\/avatar\/ed2d045a7390980cad1a92d24dcc39d10ef55b88fcb9fb9c047979bf4ddeb1ce?s=96&d=mm&r=g\",\"caption\":\"Diego Cerqueira Berbert Vasconcelos\"},\"url\":\"https:\/\/www.estrategiaconcursos.com.br\/blog\/author\/diegocerqueiraestrategiaconcursos-com-br\/\"}]}<\/script>\n<!-- \/ Yoast SEO Premium plugin. -->","yoast_head_json":{"title":"Concurso ALAP: inscri\u00e7\u00f5es encerradas!","robots":{"index":"index","follow":"follow","max-snippet":"max-snippet:-1","max-image-preview":"max-image-preview:large","max-video-preview":"max-video-preview:-1"},"canonical":"https:\/\/www.estrategiaconcursos.com.br\/blog\/edital-concurso-alap\/","og_locale":"pt_BR","og_type":"article","og_title":"Concurso ALAP: inscri\u00e7\u00f5es encerradas!","og_description":"O edital do novo concurso p\u00fablico da Assembleia Legislativa do Amap\u00e1, com oferta de 129 vagas imediatas, distribu\u00eddas entre cargos de n\u00edvel m\u00e9dio, t\u00e9cnico e superior est\u00e1 com as inscri\u00e7\u00f5es encerradas. A banca organizadora respons\u00e1vel pelo certame \u00e9 a Funda\u00e7\u00e3o Carlos Chagas, FCC. As inscri\u00e7\u00f5es foram realizadas atrav\u00e9s do site da banca entre os dias [&hellip;]","og_url":"https:\/\/www.estrategiaconcursos.com.br\/blog\/edital-concurso-alap\/","og_site_name":"Estrat\u00e9gia Concursos","article_published_time":"2019-09-23T08:29:38+00:00","article_modified_time":"2023-03-10T13:45:19+00:00","og_image":[{"width":1024,"height":536,"url":"https:\/\/dhg1h5j42swfq.cloudfront.net\/2019\/05\/27092909\/saiu-edital-1024x5362.jpg","type":"image\/jpeg"}],"author":"Diego Cerqueira Berbert Vasconcelos","twitter_card":"summary_large_image","twitter_creator":"@EstratConcursos","twitter_site":"@EstratConcursos","twitter_misc":{"Escrito por":"Diego Cerqueira Berbert Vasconcelos","Est. tempo de leitura":"5 minutos"},"schema":{"@context":"https:\/\/schema.org","@graph":[{"@type":"NewsArticle","@id":"https:\/\/www.estrategiaconcursos.com.br\/blog\/edital-concurso-alap\/#article","isPartOf":{"@id":"https:\/\/www.estrategiaconcursos.com.br\/blog\/edital-concurso-alap\/"},"author":{"name":"Diego Cerqueira Berbert Vasconcelos","@id":"https:\/\/www.estrategiaconcursos.com.br\/blog\/#\/schema\/person\/7fbf898fd336f5ce58a961518beff68c"},"headline":"Concurso ALAP: inscri\u00e7\u00f5es encerradas!","datePublished":"2019-09-23T08:29:38+00:00","dateModified":"2023-03-10T13:45:19+00:00","mainEntityOfPage":{"@id":"https:\/\/www.estrategiaconcursos.com.br\/blog\/edital-concurso-alap\/"},"wordCount":1078,"commentCount":11,"publisher":{"@id":"https:\/\/www.estrategiaconcursos.com.br\/blog\/#organization"},"image":{"@id":"https:\/\/www.estrategiaconcursos.com.br\/blog\/edital-concurso-alap\/#primaryimage"},"thumbnailUrl":"https:\/\/dhg1h5j42swfq.cloudfront.net\/2019\/05\/27092909\/saiu-edital-1024x5362.jpg","articleSection":["Concursos P\u00fablicos"],"inLanguage":"pt-BR","potentialAction":[{"@type":"CommentAction","name":"Comment","target":["https:\/\/www.estrategiaconcursos.com.br\/blog\/edital-concurso-alap\/#respond"]}],"copyrightYear":"2019","copyrightHolder":{"@id":"https:\/\/www.estrategiaconcursos.com.br\/blog\/#organization"}},{"@type":"WebPage","@id":"https:\/\/www.estrategiaconcursos.com.br\/blog\/edital-concurso-alap\/","url":"https:\/\/www.estrategiaconcursos.com.br\/blog\/edital-concurso-alap\/","name":"Concurso ALAP: inscri\u00e7\u00f5es encerradas!","isPartOf":{"@id":"https:\/\/www.estrategiaconcursos.com.br\/blog\/#website"},"primaryImageOfPage":{"@id":"https:\/\/www.estrategiaconcursos.com.br\/blog\/edital-concurso-alap\/#primaryimage"},"image":{"@id":"https:\/\/www.estrategiaconcursos.com.br\/blog\/edital-concurso-alap\/#primaryimage"},"thumbnailUrl":"https:\/\/dhg1h5j42swfq.cloudfront.net\/2019\/05\/27092909\/saiu-edital-1024x5362.jpg","datePublished":"2019-09-23T08:29:38+00:00","dateModified":"2023-03-10T13:45:19+00:00","breadcrumb":{"@id":"https:\/\/www.estrategiaconcursos.com.br\/blog\/edital-concurso-alap\/#breadcrumb"},"inLanguage":"pt-BR","potentialAction":[{"@type":"ReadAction","target":["https:\/\/www.estrategiaconcursos.com.br\/blog\/edital-concurso-alap\/"]}]},{"@type":"ImageObject","inLanguage":"pt-BR","@id":"https:\/\/www.estrategiaconcursos.com.br\/blog\/edital-concurso-alap\/#primaryimage","url":"https:\/\/dhg1h5j42swfq.cloudfront.net\/2019\/05\/27092909\/saiu-edital-1024x5362.jpg","contentUrl":"https:\/\/dhg1h5j42swfq.cloudfront.net\/2019\/05\/27092909\/saiu-edital-1024x5362.jpg","width":1024,"height":536,"caption":"concurso SEED PR"},{"@type":"BreadcrumbList","@id":"https:\/\/www.estrategiaconcursos.com.br\/blog\/edital-concurso-alap\/#breadcrumb","itemListElement":[{"@type":"ListItem","position":1,"name":"In\u00edcio","item":"https:\/\/www.estrategiaconcursos.com.br\/blog\/"},{"@type":"ListItem","position":2,"name":"Concurso ALAP: inscri\u00e7\u00f5es encerradas!"}]},{"@type":"WebSite","@id":"https:\/\/www.estrategiaconcursos.com.br\/blog\/#website","url":"https:\/\/www.estrategiaconcursos.com.br\/blog\/","name":"Estrat\u00e9gia Concursos","description":"O blog da Estrat\u00e9gia Concursos traz not\u00edcias sobre concursos e artigos de professores oferecendo cursos para concursos (pdf + videaulas) no site.","publisher":{"@id":"https:\/\/www.estrategiaconcursos.com.br\/blog\/#organization"},"potentialAction":[{"@type":"SearchAction","target":{"@type":"EntryPoint","urlTemplate":"https:\/\/www.estrategiaconcursos.com.br\/blog\/?s={search_term_string}"},"query-input":{"@type":"PropertyValueSpecification","valueRequired":true,"valueName":"search_term_string"}}],"inLanguage":"pt-BR"},{"@type":"Organization","@id":"https:\/\/www.estrategiaconcursos.com.br\/blog\/#organization","name":"Estrat\u00e9gia Concursos","url":"https:\/\/www.estrategiaconcursos.com.br\/blog\/","logo":{"@type":"ImageObject","inLanguage":"pt-BR","@id":"https:\/\/www.estrategiaconcursos.com.br\/blog\/#\/schema\/logo\/image\/","url":"https:\/\/dhg1h5j42swfq.cloudfront.net\/2025\/06\/03203428\/logo_concursos-1.jpg","contentUrl":"https:\/\/dhg1h5j42swfq.cloudfront.net\/2025\/06\/03203428\/logo_concursos-1.jpg","width":230,"height":60,"caption":"Estrat\u00e9gia Concursos"},"image":{"@id":"https:\/\/www.estrategiaconcursos.com.br\/blog\/#\/schema\/logo\/image\/"},"sameAs":["https:\/\/x.com\/EstratConcursos"]},{"@type":"Person","@id":"https:\/\/www.estrategiaconcursos.com.br\/blog\/#\/schema\/person\/7fbf898fd336f5ce58a961518beff68c","name":"Diego Cerqueira Berbert Vasconcelos","image":{"@type":"ImageObject","inLanguage":"pt-BR","@id":"https:\/\/secure.gravatar.com\/avatar\/ed2d045a7390980cad1a92d24dcc39d10ef55b88fcb9fb9c047979bf4ddeb1ce?s=96&d=mm&r=g","url":"https:\/\/secure.gravatar.com\/avatar\/ed2d045a7390980cad1a92d24dcc39d10ef55b88fcb9fb9c047979bf4ddeb1ce?s=96&d=mm&r=g","contentUrl":"https:\/\/secure.gravatar.com\/avatar\/ed2d045a7390980cad1a92d24dcc39d10ef55b88fcb9fb9c047979bf4ddeb1ce?s=96&d=mm&r=g","caption":"Diego Cerqueira Berbert Vasconcelos"},"url":"https:\/\/www.estrategiaconcursos.com.br\/blog\/author\/diegocerqueiraestrategiaconcursos-com-br\/"}]}},"_links":{"self":[{"href":"https:\/\/www.estrategiaconcursos.com.br\/blog\/wp-json\/wp\/v2\/posts\/414035","targetHints":{"allow":["GET"]}}],"collection":[{"href":"https:\/\/www.estrategiaconcursos.com.br\/blog\/wp-json\/wp\/v2\/posts"}],"about":[{"href":"https:\/\/www.estrategiaconcursos.com.br\/blog\/wp-json\/wp\/v2\/types\/post"}],"author":[{"embeddable":true,"href":"https:\/\/www.estrategiaconcursos.com.br\/blog\/wp-json\/wp\/v2\/users\/260"}],"replies":[{"embeddable":true,"href":"https:\/\/www.estrategiaconcursos.com.br\/blog\/wp-json\/wp\/v2\/comments?post=414035"}],"version-history":[{"count":16,"href":"https:\/\/www.estrategiaconcursos.com.br\/blog\/wp-json\/wp\/v2\/posts\/414035\/revisions"}],"predecessor-version":[{"id":1184781,"href":"https:\/\/www.estrategiaconcursos.com.br\/blog\/wp-json\/wp\/v2\/posts\/414035\/revisions\/1184781"}],"wp:featuredmedia":[{"embeddable":true,"href":"https:\/\/www.estrategiaconcursos.com.br\/blog\/wp-json\/wp\/v2\/media\/378499"}],"wp:attachment":[{"href":"https:\/\/www.estrategiaconcursos.com.br\/blog\/wp-json\/wp\/v2\/media?parent=414035"}],"wp:term":[{"taxonomy":"category","embeddable":true,"href":"https:\/\/www.estrategiaconcursos.com.br\/blog\/wp-json\/wp\/v2\/categories?post=414035"},{"taxonomy":"post_tag","embeddable":true,"href":"https:\/\/www.estrategiaconcursos.com.br\/blog\/wp-json\/wp\/v2\/tags?post=414035"},{"taxonomy":"tax_estado","embeddable":true,"href":"https:\/\/www.estrategiaconcursos.com.br\/blog\/wp-json\/wp\/v2\/tax_estado?post=414035"}],"curies":[{"name":"wp","href":"https:\/\/api.w.org\/{rel}","templated":true}]}}