{"id":413744,"date":"2019-08-28T12:58:09","date_gmt":"2019-08-28T15:58:09","guid":{"rendered":"https:\/\/www.estrategiaconcursos.com.br\/blog\/?p=413744"},"modified":"2019-08-28T12:58:47","modified_gmt":"2019-08-28T15:58:47","slug":"concurso-inss-acao-movida-pelo-mpf","status":"publish","type":"post","link":"https:\/\/www.estrategiaconcursos.com.br\/blog\/concurso-inss-acao-movida-pelo-mpf\/","title":{"rendered":"Concurso INSS: audi\u00eancia marcada para 2 de outubro pode decidir futuro certame"},"content":{"rendered":"\n<p>O certame do Instituto Nacional de Seguro Social &#8211; INSS &#8211; \u00e9 hoje um dos certames mais aguardados do pa\u00eds e o \u00f3rg\u00e3o que possui um dos maiores d\u00e9ficits em seu quadro funcional.<\/p>\n\n\n\n<p>A necessidade de realiza\u00e7\u00e3o de um novo certame fez com que o Minist\u00e9rio P\u00fablico Federal, por meio da Procuradoria da Rep\u00fablica do Distrito Federal, ajuizasse no in\u00edcio de agosto, uma A\u00e7\u00e3o Civil P\u00fablica solicitando a realiza\u00e7\u00e3o do certame em regime de urg\u00eancia.<\/p>\n\n\n\n<p>Esta medida foi tomada ap\u00f3s o Minist\u00e9rio da Economia negar o pedido do INSS e a recomenda\u00e7\u00e3o do MPF para realizar um novo concurso, alegando conten\u00e7\u00e3o de despesas na Administra\u00e7\u00e3o P\u00fablica. <\/p>\n\n\n\n<p>Vale lembrar que o Instituto possui um <strong>d\u00e9ficit de mais de 19 mil<\/strong> servidores e que, de acordo com o pr\u00f3prio \u00f3rg\u00e3o, est\u00e1 a beira de um colapso do servi\u00e7o p\u00fablico, visto que mais de 4 mil servidores j\u00e1 possuem o direito \u00e0 aposentadoria.<\/p>\n\n\n\n<p>Desta forma, foi marcada para <strong>02 de outubro uma Audi\u00eancia de Concilia\u00e7\u00e3o<\/strong>, visando encontrar um consenso para que as partes interessadas sejam beneficiadas e atendidas.<\/p>\n\n\n\n<p>Na audi\u00eancia, ser\u00e3o ouvidas pessoas com experi\u00eancia e conhecimento do tema em discuss\u00e3o, de maneira a subsidiar a decis\u00e3o do juiz.\u00a0 <\/p>\n\n\n\n<h2 class=\"wp-block-heading\">A A\u00e7\u00e3o Civil P\u00fablica<\/h2>\n\n\n\n<p>Em nota, o MPF informou que ajuizou a a\u00e7\u00e3o a fim de que, em at\u00e9 45 dias, recrutem<strong> temporariamente <\/strong>agentes p\u00fablicos em  um n\u00famero suficiente para suprir as demandas acumuladas h\u00e1 mais de 60 dias no \u00f3rg\u00e3o.<\/p>\n\n\n\n<p>Al\u00e9m disso, pediu em car\u00e1ter de urg\u00eancia que seja realizado concurso para provimento de cargos efetivos vagos, visto que em 2013 o Tribunal de Contas da Uni\u00e3o &#8211; TCU &#8211; realizou auditoria operacional e alertou os \u00f3rg\u00e3os competentes do risco de estafa do quadro funcional.<\/p>\n\n\n\n<p>O pr\u00f3prio INSS publicou notas t\u00e9cnicas em 2015, 2017 e 2018 relatando a situa\u00e7\u00e3o que a autarquia enfrentava e contou, tamb\u00e9m, com an\u00e1lise da CGU, constatando a demora na conclus\u00e3o dos processos, mesmo ap\u00f3s a implementa\u00e7\u00e3o do INSS Digital.  <\/p>\n\n\n\n<p style=\"text-align:center\" class=\"has-background has-very-light-gray-background-color\"><em>A equipe do Estrat\u00e9gia Concursos seguir\u00e1 acompanhando as movimenta\u00e7\u00f5es e as decis\u00f5es que ser\u00e3o proferidas no dia 02 de outubro de 2019 para deixar voc\u00ea atualizado!<\/em><\/p>\n\n\n\n<p>Confira abaixo a A\u00e7\u00e3o Civil P\u00fablica na \u00edntegra:<\/p>\n\n\n\n<div class=\"wp-block-file\"><a href=\"https:\/\/dhg1h5j42swfq.cloudfront.net\/2019\/08\/28124211\/Inicial-ACP-SERV-INSS.pdf\" target=\"_blank\" rel=\"noreferrer noopener\">Inicial-ACP-SERV-INSS<\/a><a href=\"https:\/\/dhg1h5j42swfq.cloudfront.net\/2019\/08\/28124211\/Inicial-ACP-SERV-INSS.pdf\" class=\"wp-block-file__button\" download>Baixar<\/a><\/div>\n\n\n\n<p><em>Quer saber mais sobre o certame? Clique no link abaixo e fique por dentro de tudo! <\/em><\/p>\n\n\n\n<p style=\"font-size:23px;text-align:center\" class=\"has-background has-pale-cyan-blue-background-color\"><strong><em>Mais informa\u00e7\u00f5es: <\/em><\/strong><span style=\"text-decoration: underline;\"><a href=\"https:\/\/www.estrategiaconcursos.com.br\/blog\/concurso-inss-2\/\"><strong><em>Concurso INSS<\/em><\/strong><\/a><\/span><\/p>\n\n\n\n<h2 class=\"wp-block-heading\" style=\"text-align:center\" id=\"curso\"><strong><em>Quer estudar para Concurso INSS?<\/em><\/strong><\/h2>\n\n\n\n<p style=\"text-align:center\"><em><strong>Gostou desta oportunidade e deseja come\u00e7ar se preparar agora mesmo? Ent\u00e3o, confira os nossos cursos e comece a estudar para o concurso INSS:<\/strong><\/em><\/p>\n\n\n\n<p style=\"font-size:23px;text-align:center\" class=\"has-background has-luminous-vivid-amber-background-color\"><a href=\"https:\/\/www.estrategiaconcursos.com.br\/cursosPorConcurso\/inss-tecnico-do-seguro-social-101\/\" target=\"_blank\" rel=\"noreferrer noopener\">CURSO INSS<\/a><\/p>\n\n\n\n<p style=\"text-align:center\"><em><strong>Assinatura Anual Ilimitada*<\/strong><\/em><\/p>\n\n\n\n<p style=\"text-align:center\"><em>Prepare-se com o melhor material e com quem mais aprova em Concursos P\u00fablicos em todo o pa\u00eds. Assine agora a nossa Assinatura Anual e tenha acesso ilimitado a todos os nossos cursos.<\/em><\/p>\n\n\n\n<p style=\"font-size:23px;text-align:center\" class=\"has-background has-light-green-cyan-background-color\"><strong>ASSINE AGORA<\/strong>&nbsp;\u2013&nbsp;<a rel=\"noreferrer noopener\" href=\"https:\/\/www.estrategiaconcursos.com.br\/assinaturas\/\" target=\"_blank\">Assinatura Ilimitada<\/a><\/p>\n\n\n\n<p style=\"font-size:23px;text-align:center\" class=\"has-background has-pale-cyan-blue-background-color\"><strong><a href=\"https:\/\/www.estrategiaconcursos.com.br\/blog\/concursos-abertos\/\">CONCURSOS ABERTOS<\/a><\/strong><\/p>\n\n\n\n<p style=\"font-size:23px;text-align:center\" class=\"has-background has-pale-cyan-blue-background-color\"><a href=\"https:\/\/www.estrategiaconcursos.com.br\/blog\/concursos-2019\/\"><strong>CONCURSOS 2019<\/strong><\/a><\/p>\n\n\n\n<p style=\"font-size:23px;text-align:center\" class=\"has-background has-pale-cyan-blue-background-color\"><a href=\"https:\/\/www.estrategiaconcursos.com.br\/blog\/concursos-2020\/\"><strong>CONCURSOS<\/strong><\/a><strong><a href=\"https:\/\/www.estrategiaconcursos.com.br\/blog\/concursos-2020\/\">&nbsp;2020<\/a><\/strong><\/p>\n","protected":false},"excerpt":{"rendered":"<p>O certame do Instituto Nacional de Seguro Social &#8211; INSS &#8211; \u00e9 hoje um dos certames mais aguardados do pa\u00eds e o \u00f3rg\u00e3o que possui um dos maiores d\u00e9ficits em seu quadro funcional. A necessidade de realiza\u00e7\u00e3o de um novo certame fez com que o Minist\u00e9rio P\u00fablico Federal, por meio da Procuradoria da Rep\u00fablica do [&hellip;]<\/p>\n","protected":false},"author":306,"featured_media":166149,"comment_status":"open","ping_status":"closed","sticky":false,"template":"","format":"standard","meta":{"post_tipo":"article","footnotes":""},"categories":[1],"tags":[],"tax_estado":[],"class_list":["post-413744","post","type-post","status-publish","format-standard","has-post-thumbnail","hentry","category-cursos-e-concursos"],"acf":[],"yoast_head":"<!-- This site is optimized with the Yoast SEO Premium plugin v27.2 (Yoast SEO v27.2) - https:\/\/yoast.com\/product\/yoast-seo-premium-wordpress\/ -->\n<title>Concurso INSS: audi\u00eancia marcada para 2 de outubro pode decidir futuro certame<\/title>\n<meta name=\"description\" content=\"Com audi\u00eancia de concilia\u00e7\u00e3o marcada para 02 de outubro, futuro do INSS pode ser definido. Confira tudo sobre o certame e saia na frente!\" \/>\n<meta name=\"robots\" content=\"index, follow, max-snippet:-1, max-image-preview:large, max-video-preview:-1\" \/>\n<link rel=\"canonical\" href=\"https:\/\/www.estrategiaconcursos.com.br\/blog\/concurso-inss-acao-movida-pelo-mpf\/\" \/>\n<meta property=\"og:locale\" content=\"pt_BR\" \/>\n<meta property=\"og:type\" content=\"article\" \/>\n<meta property=\"og:title\" content=\"Concurso INSS: audi\u00eancia marcada para 2 de outubro pode decidir futuro certame\" \/>\n<meta property=\"og:description\" content=\"Com audi\u00eancia de concilia\u00e7\u00e3o marcada para 02 de outubro, futuro do INSS pode ser definido. Confira tudo sobre o certame e saia na frente!\" \/>\n<meta property=\"og:url\" content=\"https:\/\/www.estrategiaconcursos.com.br\/blog\/concurso-inss-acao-movida-pelo-mpf\/\" \/>\n<meta property=\"og:site_name\" content=\"Estrat\u00e9gia Concursos\" \/>\n<meta property=\"article:author\" content=\"https:\/\/www.facebook.com\/leandrosignoriatualidades\/\" \/>\n<meta property=\"article:published_time\" content=\"2019-08-28T15:58:09+00:00\" \/>\n<meta property=\"article:modified_time\" content=\"2019-08-28T15:58:47+00:00\" \/>\n<meta property=\"og:image\" content=\"https:\/\/dhg1h5j42swfq.cloudfront.net\/2019\/02\/14151433\/Captuinssrar-min.jpg\" \/>\n\t<meta property=\"og:image:width\" content=\"1200\" \/>\n\t<meta property=\"og:image:height\" content=\"627\" \/>\n\t<meta property=\"og:image:type\" content=\"image\/jpeg\" \/>\n<meta name=\"author\" content=\"Leandro Signori\" \/>\n<meta name=\"twitter:card\" content=\"summary_large_image\" \/>\n<meta name=\"twitter:creator\" content=\"@EstratConcursos\" \/>\n<meta name=\"twitter:site\" content=\"@EstratConcursos\" \/>\n<meta name=\"twitter:label1\" content=\"Escrito por\" \/>\n\t<meta name=\"twitter:data1\" content=\"Leandro Signori\" \/>\n\t<meta name=\"twitter:label2\" content=\"Est. tempo de leitura\" \/>\n\t<meta name=\"twitter:data2\" content=\"2 minutos\" \/>\n<script type=\"application\/ld+json\" class=\"yoast-schema-graph\">{\"@context\":\"https:\/\/schema.org\",\"@graph\":[{\"@type\":\"NewsArticle\",\"@id\":\"https:\/\/www.estrategiaconcursos.com.br\/blog\/concurso-inss-acao-movida-pelo-mpf\/#article\",\"isPartOf\":{\"@id\":\"https:\/\/www.estrategiaconcursos.com.br\/blog\/concurso-inss-acao-movida-pelo-mpf\/\"},\"author\":{\"name\":\"Leandro Signori\",\"@id\":\"https:\/\/www.estrategiaconcursos.com.br\/blog\/#\/schema\/person\/d2e7d78de4b9d6ba51cc24fd558a7f42\"},\"headline\":\"Concurso INSS: audi\u00eancia marcada para 2 de outubro pode decidir futuro certame\",\"datePublished\":\"2019-08-28T15:58:09+00:00\",\"dateModified\":\"2019-08-28T15:58:47+00:00\",\"mainEntityOfPage\":{\"@id\":\"https:\/\/www.estrategiaconcursos.com.br\/blog\/concurso-inss-acao-movida-pelo-mpf\/\"},\"wordCount\":512,\"commentCount\":0,\"publisher\":{\"@id\":\"https:\/\/www.estrategiaconcursos.com.br\/blog\/#organization\"},\"image\":{\"@id\":\"https:\/\/www.estrategiaconcursos.com.br\/blog\/concurso-inss-acao-movida-pelo-mpf\/#primaryimage\"},\"thumbnailUrl\":\"https:\/\/dhg1h5j42swfq.cloudfront.net\/2019\/02\/14151433\/Captuinssrar-min.jpg\",\"articleSection\":[\"Concursos P\u00fablicos\"],\"inLanguage\":\"pt-BR\",\"potentialAction\":[{\"@type\":\"CommentAction\",\"name\":\"Comment\",\"target\":[\"https:\/\/www.estrategiaconcursos.com.br\/blog\/concurso-inss-acao-movida-pelo-mpf\/#respond\"]}],\"copyrightYear\":\"2019\",\"copyrightHolder\":{\"@id\":\"https:\/\/www.estrategiaconcursos.com.br\/blog\/#organization\"}},{\"@type\":\"WebPage\",\"@id\":\"https:\/\/www.estrategiaconcursos.com.br\/blog\/concurso-inss-acao-movida-pelo-mpf\/\",\"url\":\"https:\/\/www.estrategiaconcursos.com.br\/blog\/concurso-inss-acao-movida-pelo-mpf\/\",\"name\":\"Concurso INSS: audi\u00eancia marcada para 2 de outubro pode decidir futuro certame\",\"isPartOf\":{\"@id\":\"https:\/\/www.estrategiaconcursos.com.br\/blog\/#website\"},\"primaryImageOfPage\":{\"@id\":\"https:\/\/www.estrategiaconcursos.com.br\/blog\/concurso-inss-acao-movida-pelo-mpf\/#primaryimage\"},\"image\":{\"@id\":\"https:\/\/www.estrategiaconcursos.com.br\/blog\/concurso-inss-acao-movida-pelo-mpf\/#primaryimage\"},\"thumbnailUrl\":\"https:\/\/dhg1h5j42swfq.cloudfront.net\/2019\/02\/14151433\/Captuinssrar-min.jpg\",\"datePublished\":\"2019-08-28T15:58:09+00:00\",\"dateModified\":\"2019-08-28T15:58:47+00:00\",\"description\":\"Com audi\u00eancia de concilia\u00e7\u00e3o marcada para 02 de outubro, futuro do INSS pode ser definido. Confira tudo sobre o certame e saia na frente!\",\"breadcrumb\":{\"@id\":\"https:\/\/www.estrategiaconcursos.com.br\/blog\/concurso-inss-acao-movida-pelo-mpf\/#breadcrumb\"},\"inLanguage\":\"pt-BR\",\"potentialAction\":[{\"@type\":\"ReadAction\",\"target\":[\"https:\/\/www.estrategiaconcursos.com.br\/blog\/concurso-inss-acao-movida-pelo-mpf\/\"]}]},{\"@type\":\"ImageObject\",\"inLanguage\":\"pt-BR\",\"@id\":\"https:\/\/www.estrategiaconcursos.com.br\/blog\/concurso-inss-acao-movida-pelo-mpf\/#primaryimage\",\"url\":\"https:\/\/dhg1h5j42swfq.cloudfront.net\/2019\/02\/14151433\/Captuinssrar-min.jpg\",\"contentUrl\":\"https:\/\/dhg1h5j42swfq.cloudfront.net\/2019\/02\/14151433\/Captuinssrar-min.jpg\",\"width\":1200,\"height\":627,\"caption\":\"Instituto Nacional do Seguro Social\"},{\"@type\":\"BreadcrumbList\",\"@id\":\"https:\/\/www.estrategiaconcursos.com.br\/blog\/concurso-inss-acao-movida-pelo-mpf\/#breadcrumb\",\"itemListElement\":[{\"@type\":\"ListItem\",\"position\":1,\"name\":\"In\u00edcio\",\"item\":\"https:\/\/www.estrategiaconcursos.com.br\/blog\/\"},{\"@type\":\"ListItem\",\"position\":2,\"name\":\"Concurso INSS: audi\u00eancia marcada para 2 de outubro pode decidir futuro certame\"}]},{\"@type\":\"WebSite\",\"@id\":\"https:\/\/www.estrategiaconcursos.com.br\/blog\/#website\",\"url\":\"https:\/\/www.estrategiaconcursos.com.br\/blog\/\",\"name\":\"Estrat\u00e9gia Concursos\",\"description\":\"O blog da Estrat\u00e9gia Concursos traz not\u00edcias sobre concursos e artigos de professores oferecendo cursos para concursos (pdf + videaulas) no site.\",\"publisher\":{\"@id\":\"https:\/\/www.estrategiaconcursos.com.br\/blog\/#organization\"},\"potentialAction\":[{\"@type\":\"SearchAction\",\"target\":{\"@type\":\"EntryPoint\",\"urlTemplate\":\"https:\/\/www.estrategiaconcursos.com.br\/blog\/?s={search_term_string}\"},\"query-input\":{\"@type\":\"PropertyValueSpecification\",\"valueRequired\":true,\"valueName\":\"search_term_string\"}}],\"inLanguage\":\"pt-BR\"},{\"@type\":\"Organization\",\"@id\":\"https:\/\/www.estrategiaconcursos.com.br\/blog\/#organization\",\"name\":\"Estrat\u00e9gia Concursos\",\"url\":\"https:\/\/www.estrategiaconcursos.com.br\/blog\/\",\"logo\":{\"@type\":\"ImageObject\",\"inLanguage\":\"pt-BR\",\"@id\":\"https:\/\/www.estrategiaconcursos.com.br\/blog\/#\/schema\/logo\/image\/\",\"url\":\"https:\/\/dhg1h5j42swfq.cloudfront.net\/2025\/06\/03203428\/logo_concursos-1.jpg\",\"contentUrl\":\"https:\/\/dhg1h5j42swfq.cloudfront.net\/2025\/06\/03203428\/logo_concursos-1.jpg\",\"width\":230,\"height\":60,\"caption\":\"Estrat\u00e9gia Concursos\"},\"image\":{\"@id\":\"https:\/\/www.estrategiaconcursos.com.br\/blog\/#\/schema\/logo\/image\/\"},\"sameAs\":[\"https:\/\/x.com\/EstratConcursos\"]},{\"@type\":\"Person\",\"@id\":\"https:\/\/www.estrategiaconcursos.com.br\/blog\/#\/schema\/person\/d2e7d78de4b9d6ba51cc24fd558a7f42\",\"name\":\"Leandro Signori\",\"image\":{\"@type\":\"ImageObject\",\"inLanguage\":\"pt-BR\",\"@id\":\"https:\/\/secure.gravatar.com\/avatar\/aa2ef98e93764dcf1758f52d2792d4b3e4089ee25bc520608dde62ad802ae541?s=96&d=mm&r=g\",\"url\":\"https:\/\/secure.gravatar.com\/avatar\/aa2ef98e93764dcf1758f52d2792d4b3e4089ee25bc520608dde62ad802ae541?s=96&d=mm&r=g\",\"contentUrl\":\"https:\/\/secure.gravatar.com\/avatar\/aa2ef98e93764dcf1758f52d2792d4b3e4089ee25bc520608dde62ad802ae541?s=96&d=mm&r=g\",\"caption\":\"Leandro Signori\"},\"description\":\"Licenciado em Geografia pela Universidade Federal do Rio Grande do Sul (UFRGS) e Bacharel em Geografia pela Uniceub (Bras\u00edlia). Como servidor p\u00fablico, foi funcion\u00e1rio da Prefeitura de S\u00e3o Leopoldo (RS), Prefeitura de Porto Alegre (RS), Companhia Riograndense de Saneamento (Corsan) e Minist\u00e9rio da Integra\u00e7\u00e3o Nacional. \u00c9 professor de Geografia para o ensino m\u00e9dio na rede particular de ensino. Leciona as disciplinas de Atualidades, Conhecimentos Gerais, Geografia, Realidade Brasileira e Hist\u00f3ria, em cursos on line e presenciais preparat\u00f3rios para concursos p\u00fablicos.\",\"sameAs\":[\"https:\/\/www.facebook.com\/leandrosignoriatualidades\/\"],\"url\":\"https:\/\/www.estrategiaconcursos.com.br\/blog\/author\/leandroestrategiaconcursos-com-br\/\"}]}<\/script>\n<!-- \/ Yoast SEO Premium plugin. -->","yoast_head_json":{"title":"Concurso INSS: audi\u00eancia marcada para 2 de outubro pode decidir futuro certame","description":"Com audi\u00eancia de concilia\u00e7\u00e3o marcada para 02 de outubro, futuro do INSS pode ser definido. Confira tudo sobre o certame e saia na frente!","robots":{"index":"index","follow":"follow","max-snippet":"max-snippet:-1","max-image-preview":"max-image-preview:large","max-video-preview":"max-video-preview:-1"},"canonical":"https:\/\/www.estrategiaconcursos.com.br\/blog\/concurso-inss-acao-movida-pelo-mpf\/","og_locale":"pt_BR","og_type":"article","og_title":"Concurso INSS: audi\u00eancia marcada para 2 de outubro pode decidir futuro certame","og_description":"Com audi\u00eancia de concilia\u00e7\u00e3o marcada para 02 de outubro, futuro do INSS pode ser definido. Confira tudo sobre o certame e saia na frente!","og_url":"https:\/\/www.estrategiaconcursos.com.br\/blog\/concurso-inss-acao-movida-pelo-mpf\/","og_site_name":"Estrat\u00e9gia Concursos","article_author":"https:\/\/www.facebook.com\/leandrosignoriatualidades\/","article_published_time":"2019-08-28T15:58:09+00:00","article_modified_time":"2019-08-28T15:58:47+00:00","og_image":[{"width":1200,"height":627,"url":"https:\/\/dhg1h5j42swfq.cloudfront.net\/2019\/02\/14151433\/Captuinssrar-min.jpg","type":"image\/jpeg"}],"author":"Leandro Signori","twitter_card":"summary_large_image","twitter_creator":"@EstratConcursos","twitter_site":"@EstratConcursos","twitter_misc":{"Escrito por":"Leandro Signori","Est. tempo de leitura":"2 minutos"},"schema":{"@context":"https:\/\/schema.org","@graph":[{"@type":"NewsArticle","@id":"https:\/\/www.estrategiaconcursos.com.br\/blog\/concurso-inss-acao-movida-pelo-mpf\/#article","isPartOf":{"@id":"https:\/\/www.estrategiaconcursos.com.br\/blog\/concurso-inss-acao-movida-pelo-mpf\/"},"author":{"name":"Leandro Signori","@id":"https:\/\/www.estrategiaconcursos.com.br\/blog\/#\/schema\/person\/d2e7d78de4b9d6ba51cc24fd558a7f42"},"headline":"Concurso INSS: audi\u00eancia marcada para 2 de outubro pode decidir futuro certame","datePublished":"2019-08-28T15:58:09+00:00","dateModified":"2019-08-28T15:58:47+00:00","mainEntityOfPage":{"@id":"https:\/\/www.estrategiaconcursos.com.br\/blog\/concurso-inss-acao-movida-pelo-mpf\/"},"wordCount":512,"commentCount":0,"publisher":{"@id":"https:\/\/www.estrategiaconcursos.com.br\/blog\/#organization"},"image":{"@id":"https:\/\/www.estrategiaconcursos.com.br\/blog\/concurso-inss-acao-movida-pelo-mpf\/#primaryimage"},"thumbnailUrl":"https:\/\/dhg1h5j42swfq.cloudfront.net\/2019\/02\/14151433\/Captuinssrar-min.jpg","articleSection":["Concursos P\u00fablicos"],"inLanguage":"pt-BR","potentialAction":[{"@type":"CommentAction","name":"Comment","target":["https:\/\/www.estrategiaconcursos.com.br\/blog\/concurso-inss-acao-movida-pelo-mpf\/#respond"]}],"copyrightYear":"2019","copyrightHolder":{"@id":"https:\/\/www.estrategiaconcursos.com.br\/blog\/#organization"}},{"@type":"WebPage","@id":"https:\/\/www.estrategiaconcursos.com.br\/blog\/concurso-inss-acao-movida-pelo-mpf\/","url":"https:\/\/www.estrategiaconcursos.com.br\/blog\/concurso-inss-acao-movida-pelo-mpf\/","name":"Concurso INSS: audi\u00eancia marcada para 2 de outubro pode decidir futuro certame","isPartOf":{"@id":"https:\/\/www.estrategiaconcursos.com.br\/blog\/#website"},"primaryImageOfPage":{"@id":"https:\/\/www.estrategiaconcursos.com.br\/blog\/concurso-inss-acao-movida-pelo-mpf\/#primaryimage"},"image":{"@id":"https:\/\/www.estrategiaconcursos.com.br\/blog\/concurso-inss-acao-movida-pelo-mpf\/#primaryimage"},"thumbnailUrl":"https:\/\/dhg1h5j42swfq.cloudfront.net\/2019\/02\/14151433\/Captuinssrar-min.jpg","datePublished":"2019-08-28T15:58:09+00:00","dateModified":"2019-08-28T15:58:47+00:00","description":"Com audi\u00eancia de concilia\u00e7\u00e3o marcada para 02 de outubro, futuro do INSS pode ser definido. Confira tudo sobre o certame e saia na frente!","breadcrumb":{"@id":"https:\/\/www.estrategiaconcursos.com.br\/blog\/concurso-inss-acao-movida-pelo-mpf\/#breadcrumb"},"inLanguage":"pt-BR","potentialAction":[{"@type":"ReadAction","target":["https:\/\/www.estrategiaconcursos.com.br\/blog\/concurso-inss-acao-movida-pelo-mpf\/"]}]},{"@type":"ImageObject","inLanguage":"pt-BR","@id":"https:\/\/www.estrategiaconcursos.com.br\/blog\/concurso-inss-acao-movida-pelo-mpf\/#primaryimage","url":"https:\/\/dhg1h5j42swfq.cloudfront.net\/2019\/02\/14151433\/Captuinssrar-min.jpg","contentUrl":"https:\/\/dhg1h5j42swfq.cloudfront.net\/2019\/02\/14151433\/Captuinssrar-min.jpg","width":1200,"height":627,"caption":"Instituto Nacional do Seguro Social"},{"@type":"BreadcrumbList","@id":"https:\/\/www.estrategiaconcursos.com.br\/blog\/concurso-inss-acao-movida-pelo-mpf\/#breadcrumb","itemListElement":[{"@type":"ListItem","position":1,"name":"In\u00edcio","item":"https:\/\/www.estrategiaconcursos.com.br\/blog\/"},{"@type":"ListItem","position":2,"name":"Concurso INSS: audi\u00eancia marcada para 2 de outubro pode decidir futuro certame"}]},{"@type":"WebSite","@id":"https:\/\/www.estrategiaconcursos.com.br\/blog\/#website","url":"https:\/\/www.estrategiaconcursos.com.br\/blog\/","name":"Estrat\u00e9gia Concursos","description":"O blog da Estrat\u00e9gia Concursos traz not\u00edcias sobre concursos e artigos de professores oferecendo cursos para concursos (pdf + videaulas) no site.","publisher":{"@id":"https:\/\/www.estrategiaconcursos.com.br\/blog\/#organization"},"potentialAction":[{"@type":"SearchAction","target":{"@type":"EntryPoint","urlTemplate":"https:\/\/www.estrategiaconcursos.com.br\/blog\/?s={search_term_string}"},"query-input":{"@type":"PropertyValueSpecification","valueRequired":true,"valueName":"search_term_string"}}],"inLanguage":"pt-BR"},{"@type":"Organization","@id":"https:\/\/www.estrategiaconcursos.com.br\/blog\/#organization","name":"Estrat\u00e9gia Concursos","url":"https:\/\/www.estrategiaconcursos.com.br\/blog\/","logo":{"@type":"ImageObject","inLanguage":"pt-BR","@id":"https:\/\/www.estrategiaconcursos.com.br\/blog\/#\/schema\/logo\/image\/","url":"https:\/\/dhg1h5j42swfq.cloudfront.net\/2025\/06\/03203428\/logo_concursos-1.jpg","contentUrl":"https:\/\/dhg1h5j42swfq.cloudfront.net\/2025\/06\/03203428\/logo_concursos-1.jpg","width":230,"height":60,"caption":"Estrat\u00e9gia Concursos"},"image":{"@id":"https:\/\/www.estrategiaconcursos.com.br\/blog\/#\/schema\/logo\/image\/"},"sameAs":["https:\/\/x.com\/EstratConcursos"]},{"@type":"Person","@id":"https:\/\/www.estrategiaconcursos.com.br\/blog\/#\/schema\/person\/d2e7d78de4b9d6ba51cc24fd558a7f42","name":"Leandro Signori","image":{"@type":"ImageObject","inLanguage":"pt-BR","@id":"https:\/\/secure.gravatar.com\/avatar\/aa2ef98e93764dcf1758f52d2792d4b3e4089ee25bc520608dde62ad802ae541?s=96&d=mm&r=g","url":"https:\/\/secure.gravatar.com\/avatar\/aa2ef98e93764dcf1758f52d2792d4b3e4089ee25bc520608dde62ad802ae541?s=96&d=mm&r=g","contentUrl":"https:\/\/secure.gravatar.com\/avatar\/aa2ef98e93764dcf1758f52d2792d4b3e4089ee25bc520608dde62ad802ae541?s=96&d=mm&r=g","caption":"Leandro Signori"},"description":"Licenciado em Geografia pela Universidade Federal do Rio Grande do Sul (UFRGS) e Bacharel em Geografia pela Uniceub (Bras\u00edlia). Como servidor p\u00fablico, foi funcion\u00e1rio da Prefeitura de S\u00e3o Leopoldo (RS), Prefeitura de Porto Alegre (RS), Companhia Riograndense de Saneamento (Corsan) e Minist\u00e9rio da Integra\u00e7\u00e3o Nacional. \u00c9 professor de Geografia para o ensino m\u00e9dio na rede particular de ensino. Leciona as disciplinas de Atualidades, Conhecimentos Gerais, Geografia, Realidade Brasileira e Hist\u00f3ria, em cursos on line e presenciais preparat\u00f3rios para concursos p\u00fablicos.","sameAs":["https:\/\/www.facebook.com\/leandrosignoriatualidades\/"],"url":"https:\/\/www.estrategiaconcursos.com.br\/blog\/author\/leandroestrategiaconcursos-com-br\/"}]}},"_links":{"self":[{"href":"https:\/\/www.estrategiaconcursos.com.br\/blog\/wp-json\/wp\/v2\/posts\/413744","targetHints":{"allow":["GET"]}}],"collection":[{"href":"https:\/\/www.estrategiaconcursos.com.br\/blog\/wp-json\/wp\/v2\/posts"}],"about":[{"href":"https:\/\/www.estrategiaconcursos.com.br\/blog\/wp-json\/wp\/v2\/types\/post"}],"author":[{"embeddable":true,"href":"https:\/\/www.estrategiaconcursos.com.br\/blog\/wp-json\/wp\/v2\/users\/306"}],"replies":[{"embeddable":true,"href":"https:\/\/www.estrategiaconcursos.com.br\/blog\/wp-json\/wp\/v2\/comments?post=413744"}],"version-history":[{"count":14,"href":"https:\/\/www.estrategiaconcursos.com.br\/blog\/wp-json\/wp\/v2\/posts\/413744\/revisions"}],"predecessor-version":[{"id":413916,"href":"https:\/\/www.estrategiaconcursos.com.br\/blog\/wp-json\/wp\/v2\/posts\/413744\/revisions\/413916"}],"wp:featuredmedia":[{"embeddable":true,"href":"https:\/\/www.estrategiaconcursos.com.br\/blog\/wp-json\/wp\/v2\/media\/166149"}],"wp:attachment":[{"href":"https:\/\/www.estrategiaconcursos.com.br\/blog\/wp-json\/wp\/v2\/media?parent=413744"}],"wp:term":[{"taxonomy":"category","embeddable":true,"href":"https:\/\/www.estrategiaconcursos.com.br\/blog\/wp-json\/wp\/v2\/categories?post=413744"},{"taxonomy":"post_tag","embeddable":true,"href":"https:\/\/www.estrategiaconcursos.com.br\/blog\/wp-json\/wp\/v2\/tags?post=413744"},{"taxonomy":"tax_estado","embeddable":true,"href":"https:\/\/www.estrategiaconcursos.com.br\/blog\/wp-json\/wp\/v2\/tax_estado?post=413744"}],"curies":[{"name":"wp","href":"https:\/\/api.w.org\/{rel}","templated":true}]}}