{"id":413634,"date":"2019-10-26T07:00:35","date_gmt":"2019-10-26T10:00:35","guid":{"rendered":"https:\/\/www.estrategiaconcursos.com.br\/blog\/?p=413634"},"modified":"2019-11-08T17:32:09","modified_gmt":"2019-11-08T20:32:09","slug":"concurso-prefeitura-de-capao-da-canoa-rs","status":"publish","type":"post","link":"https:\/\/www.estrategiaconcursos.com.br\/blog\/concurso-prefeitura-de-capao-da-canoa-rs\/","title":{"rendered":"Concurso Prefeitura de Cap\u00e3o da Canoa RS: aplica provas neste s\u00e1bado (26) e domingo (27)"},"content":{"rendered":"\n<h2 class=\"wp-block-heading\"><em>S\u00e3o 219 vagas imediatas + CR<\/em><\/h2>\n\n\n\n<p>As provas do concurso p\u00fablico da Prefeitura de Cap\u00e3o da Canoa munic\u00edpio localizado no litoral norte do estado do Rio Grande do Sul come\u00e7am neste s\u00e1bado, 26 de outubro e terminam no domingo, 27 de outubro. <\/p>\n\n\n\n<p>O certame visa ofertar <strong>219 vagas mais cadastro de reserva <\/strong>para cargos que exigem forma\u00e7\u00e3o em n\u00edvel fundamental, t\u00e9cnico, m\u00e9dio e superior.<\/p>\n\n\n\n<ul class=\"wp-block-list\"><li><strong><em><a href=\"#datas\">Principais datas<\/a><\/em><\/strong><\/li><li><strong><em><a href=\"#vagas\">Vagas e remunera\u00e7\u00e3o<\/a><\/em><\/strong><\/li><li><strong><em><a href=\"#etapas\">Etapas do concurso<\/a><\/em><\/strong><\/li><li><strong><em><a href=\"#assinatura-e-cursos\">Assinatura ilimitada e cursos<\/a><\/em><\/strong><\/li><\/ul>\n\n\n\n<h2 class=\"wp-block-heading\" id=\"datas\">Principais datas do Concurso Prefeitura Cap\u00e3o da Canoa<\/h2>\n\n\n\n<ul class=\"wp-block-list\"><li><strong>Inscri\u00e7\u00e3o<\/strong>: 26 de agosto a 24 de setembro <\/li><li><strong>Taxa de inscri\u00e7\u00e3o:<\/strong><ul><li><em>Superior: <\/em>R$ 120,00<\/li><li><em>T\u00e9cnico e M\u00e9dio: <\/em>R$ 85,00<\/li><li><em>Fundamental: <\/em>R$ 65,00<\/li><\/ul><\/li><li><strong>Prova:<\/strong> 26 e 27 de outubro<\/li><\/ul>\n\n\n\n<h2 class=\"wp-block-heading\" id=\"vagas\">Cargos, vagas e remunera\u00e7\u00f5es do Concurso Prefeitura Cap\u00e3o da Canoa<\/h2>\n\n\n\n<h3 class=\"wp-block-heading\">N\u00edvel Fundamental<\/h3>\n\n\n\n<ul class=\"wp-block-list\"><li><strong>Operador de M\u00e1quina Pesada:<\/strong> (02 vagas + CR) &#8211; R$ 1.530,65 <\/li><li><strong>Padeiro: <\/strong>CR &#8211; R$ 1.381,31 <\/li><li><strong>Motorista de Ve\u00edculos Pesados: <\/strong>(03 vagas + CR) &#8211; R$ 1.530,65 <\/li><li><strong>Motorista de Ve\u00edculos Leves:<\/strong> (08 vagas + CR) &#8211; R$ 1.381,31 <\/li><li><strong>Instalador Hidr\u00e1ulico: <\/strong>CR &#8211; R$ 1.617,77 <\/li><\/ul>\n\n\n\n<h3 class=\"wp-block-heading\">N\u00edvel M\u00e9dio\/ T\u00e9cnico<\/h3>\n\n\n\n<ul class=\"wp-block-list\"><li><strong>Secret\u00e1rio de Escola:<\/strong> (04 vagas + CR) &#8211; R$ 1.866,65 <\/li><li><strong>Orientador\/Educador Social: <\/strong>(04 vagas + CR) &#8211; R$ 1.866,65 <\/li><li><strong>Operador de Usina de Asfalto:<\/strong> (01 vaga + CR) &#8211; R$ 2.364,43 <\/li><li><strong>Fiscal: <\/strong>(02 vagas + CR) &#8211; R$ 2.862,20 <\/li><li><strong>Auxiliar de Farm\u00e1cia:<\/strong> (04 vagas + CR) &#8211; R$ 1.866,65 <\/li><li><strong>Auxiliar de Educa\u00e7\u00e3o Infantil:<\/strong> (10 vagas + CR) &#8211; R$ 1.866,65 <\/li><li><strong>Auxiliar de Educa\u00e7\u00e3o Especial: <\/strong>(10 vagas + CR) &#8211; R$ 1.866,65 <\/li><li><strong>Auxiliar de Disciplina:<\/strong> (07 vagas + CR) &#8211; R$ 1.866,65 <\/li><li><strong>Auxiliar de Biblioteca: <\/strong>(03 vagas + CR) &#8211; R$ 1.866,65 <\/li><li><strong>Agente de Prote\u00e7\u00e3o, Defesa Civil, Habita\u00e7\u00e3o e Cidadania:<\/strong> (01 vaga) &#8211; R$ 1.959,99 <\/li><li><strong>Agente de Apoio na \u00c1rea Alimentar:<\/strong> (30 vagas + CR) &#8211; R$ 1.381,31 <\/li><li><strong>Agente Administrativo: <\/strong>(20 vagas + CR) &#8211; R$ 1.866,65  <\/li><li><strong>Eletrot\u00e9cnico: <\/strong>CR &#8211; R$ 3.272,86  <\/li><li><strong>Top\u00f3grafo:<\/strong> (01 vaga + CR) &#8211; R$ 2.414,21 <\/li><li><strong>T\u00e9cnico em Seguran\u00e7a do Trabalho: <\/strong>CR &#8211; R$ 3.272,86 <\/li><li><strong>T\u00e9cnico em Sa\u00fade Bucal: <\/strong>CR &#8211; R$ 1.866,65 <\/li><li><strong>T\u00e9cnico em Inform\u00e1tica:<\/strong> CR &#8211; R$ 3.272,86<\/li><li><strong>T\u00e9cnico em Enfermagem II: <\/strong>(04 vagas + CR) &#8211; R$ 2.172,67    <\/li><li><strong>T\u00e9cnico em Edifica\u00e7\u00f5es: <\/strong>CR &#8211; R$ 3.272,86 <\/li><li><strong>T\u00e9cnico em Contabilidade:<\/strong> (02 vagas + CR) &#8211; R$ 3.272,86 <\/li><li><strong>T\u00e9cnico em Administra\u00e7\u00e3o: <\/strong>CR &#8211; R$ 3.272,86 <\/li><li><strong>T\u00e9cnico de Raio X: <\/strong>CR &#8211; R$ 3.061,31 <\/li><li><strong>T\u00e9cnico Agr\u00edcola<\/strong>: CR &#8211; R$ 3.272,86 <\/li><li><strong>Instrutor de Inform\u00e1tica: <\/strong>(02 vagas + CR) &#8211; R$ 1.866,65  <\/li><li><strong>Agente Fiscal da Receita Municipal: <\/strong>(01 vaga + CR) &#8211; R$ 2.862,20<strong><em> <\/em><\/strong><\/li><\/ul>\n\n\n\n<h3 class=\"wp-block-heading\">N\u00edvel Superior<\/h3>\n\n\n\n<ul class=\"wp-block-list\"><li><strong>Advogado:<\/strong> (02 vagas + CR) &#8211; R$ 4.977,74 <\/li><li><strong>Analista de Tecnologia da Informa\u00e7\u00e3o: <\/strong>(01 vaga + CR) &#8211; R$ 4.977,74  <\/li><li><strong>Arquiteto e Urbanista:<\/strong> (01 vaga + CR) &#8211; R$ 4.977,74 <\/li><li><strong>Assistente Social II: <\/strong>(03 vagas + CR) &#8211; R$ 5.226,62 <\/li><li><strong>Bi\u00f3logo II:<\/strong> (01 vaga + CR) &#8211; R$ 5.226,62 <\/li><li><strong>Cirurgi\u00e3o Dentista:<\/strong> CR &#8211; R$ 5.226,62  <\/li><li><strong>Enfermeiro II:<\/strong> (02 vagas + CR) &#8211; R$ 5.226,62 <\/li><li><strong>Engenheiro Civil: <\/strong>CR &#8211; R$ 4.977,74  <\/li><li><strong>Engenheiro Qu\u00edmico:<\/strong> CR &#8211; R$ 4.977,74 <\/li><li><strong>Farmac\u00eautico II: <\/strong>CR &#8211; R$ 5.226,62 <\/li><li><strong>Fisioterapeuta II: <\/strong>CR &#8211; R$ 5.226,62 <\/li><li><strong>Fonoaudi\u00f3logo II: <\/strong>(01 vaga + CR) &#8211; R$ 5.226,62 <\/li><li><strong>Ge\u00f3logo:<\/strong> CR &#8211; R$ 4.977,74 <\/li><li><strong>M\u00e9dico Cl\u00ednico Geral:<\/strong> CR &#8211; R$ 4.977,74 <\/li><li><strong>M\u00e9dico Ginecologista Obst\u00e9trico:<\/strong> CR &#8211; R$ 4.977,74 <\/li><li><strong>M\u00e9dico Pediatra:<\/strong> CR &#8211; R$ 4.977,74 <\/li><li><strong>M\u00e9dico Psiquiatra:<\/strong> CR &#8211; R$ 4.977,74 <\/li><li><strong>M\u00e9dico Veterin\u00e1rio II:<\/strong> (01 vaga + CR) &#8211; R$ 5.226,62 <\/li><li><strong>Nutricionista: <\/strong>CR &#8211; R$ 4.977,74 <\/li><li><strong>Orientador Educacional:<\/strong> (03 vagas + CR) &#8211; R$ 2.026,99 <\/li><li><strong>Professor do Ensino Fundamental &#8211; Anos Iniciais:<\/strong> (15 vagas + CR) &#8211; R$ 2.026,99 <\/li><li><strong>Professor de Artes:<\/strong> (17 vagas + CR) &#8211; R$ 2.026,99  <\/li><li><strong>Professor de Ci\u00eancias:<\/strong> (02 vagas + CR) &#8211; R$ 2.026,99<\/li><li><strong>Professor de Educa\u00e7\u00e3o Especial: <\/strong>(10 vagas + CR) &#8211; R$ 2.026,99 <\/li><li><strong>Professor de Educa\u00e7\u00e3o Infantil: <\/strong>(20 vagas + CR) &#8211; R$ 2.026,99 <\/li><li><strong>Professor de Educa\u00e7\u00e3o F\u00edsica: <\/strong>(04 vagas + CR) &#8211; R$ 2.026,99 <\/li><li><strong>Professor de Geografia:<\/strong> (02 vagas + CR) &#8211; R$ 2.026,99 <\/li><li><strong>Professor de Hist\u00f3ria: <\/strong>(02 vagas + CR) &#8211; R$ 2.026,99  <\/li><li><strong>Professor de L\u00edngua Espanhola: <\/strong>CR &#8211; R$ 2.026,99 <\/li><li><strong>Professor de L\u00edngua Inglesa: <\/strong>(01 vaga + CR) &#8211; R$ 2.026,99 <\/li><li><strong>Professor de L\u00edngua Portuguesa: <\/strong>(03 vagas + CR) &#8211; R$ 2.026,99 <\/li><li><strong>Professor de Matem\u00e1tica:<\/strong> (04 vagas + CR) &#8211; R$ 2.026,99 <\/li><li><strong>Professor de M\u00fasica: <\/strong>CR &#8211; R$ 2.026,99 <\/li><li><strong>Professor de Religi\u00e3o:<\/strong> CR &#8211; R$ 2.026,99 <\/li><li><strong>Professor de Turismo:<\/strong> CR &#8211; R$ 2.026,99 <\/li><li><strong>Profissional de Educa\u00e7\u00e3o F\u00edsica:<\/strong> CR &#8211; R$ 2.862,20 <\/li><li><strong>Psic\u00f3logo II: <\/strong>(02 vagas + CR) &#8211; R$ 5.226,62 <\/li><li><strong>Psicopedagogo:<\/strong> CR &#8211; R$ 4.977,74   <\/li><li><strong>Supervisor Escolar:<\/strong> (03 vagas + CR) &#8211; R$ 2.026,99 <\/li><li><strong>Terapeuta Ocupacional II: <\/strong>CR &#8211; R$ 5.226,62  <\/li><li><strong>Turism\u00f3logo:<\/strong> CR &#8211; R$ 4.977,74 <\/li><\/ul>\n\n\n\n<h2 class=\"wp-block-heading\" id=\"etapas\">Etapas do concurso Prefeitura de Cap\u00e3o da Canoa RS<\/h2>\n\n\n\n<p>Todos os cargos ser\u00e3o submetidos \u00e0 uma prova objetiva que tem o n\u00famero de quest\u00f5es variado de acordo com o cargo espec\u00edfico.<\/p>\n\n\n\n<p>Algumas especialidades tamb\u00e9m passar\u00e3o por provas pr\u00e1ticas e avalia\u00e7\u00e3o de t\u00edtulos. Confira abaixo a estrutura de prova de cada cargo:<\/p>\n\n\n\n<h4 class=\"wp-block-heading\">N\u00edvel superior completo &#8211; Exceto cargos de Professores, Orientador Educacional e Supervisor Escolar <\/h4>\n\n\n\n<ul class=\"wp-block-list\"><li>L\u00edngua Portuguesa &#8211; 10 quest\u00f5es (peso 2,50)<\/li><li>Legisla\u00e7\u00e3o &#8211; 10 quest\u00f5es (peso 2,50)<\/li><li>Conhecimentos Gerais &#8211; 5 quest\u00f5es (peso 2,50)<\/li><li>Matem\u00e1tica\/Racioc\u00ednio L\u00f3gico &#8211; 5 quest\u00f5es (peso 2,50)<\/li><li>Conhecimentos Espec\u00edficos &#8211; 10 quest\u00f5es (peso 2,50) <\/li><\/ul>\n\n\n\n<p><strong>Pontua\u00e7\u00e3o m\u00ednima:<\/strong> 50 pontos<br \/><strong>Valor m\u00e1ximo:<\/strong> 100 pontos<\/p>\n\n\n\n<h4 class=\"wp-block-heading\">Cargos de Orientador Educacional e Supervisor Escolar <\/h4>\n\n\n\n<ul class=\"wp-block-list\"><li>L\u00edngua Portuguesa &#8211; 10 quest\u00f5es  (peso 2,50)<\/li><li>Legisla\u00e7\u00e3o\/Estrutura e Funcionamento &#8211; 10 quest\u00f5es (peso 2,50)<\/li><li>Fundamentos da Educa\u00e7\u00e3o &#8211; 10 quest\u00f5es (peso 2,50)<\/li><li>Conhecimentos Espec\u00edficos &#8211; 10 quest\u00f5es (peso 2,50)<\/li><\/ul>\n\n\n\n<p><strong>Pontua\u00e7\u00e3o m\u00ednima<\/strong>: 50 pontos<br \/><strong>Valor m\u00e1ximo:<\/strong> 100 pontos <\/p>\n\n\n\n<h4 class=\"wp-block-heading\">Professores &#8211; Cargos de c\u00f3digo 21 a 35<\/h4>\n\n\n\n<ul class=\"wp-block-list\"><li>L\u00edngua Portuguesa &#8211; 10 quest\u00f5es  (peso 2,25)<\/li><li>Legisla\u00e7\u00e3o\/Estrutura e Funcionamento &#8211; 10 quest\u00f5es (peso 2,25)<\/li><li>Fundamentos da Educa\u00e7\u00e3o &#8211; 10 quest\u00f5es (peso 2,25)<\/li><li>Conhecimentos Espec\u00edficos &#8211; 10 quest\u00f5es (peso 2,25)<\/li><\/ul>\n\n\n\n<p><strong>Pontua\u00e7\u00e3o m\u00ednima<\/strong>: 45 pontos<br \/><strong>Valor m\u00e1ximo:<\/strong> 90 pontos  <\/p>\n\n\n\n<h4 class=\"wp-block-heading\">N\u00edvel T\u00e9cnico <\/h4>\n\n\n\n<ul class=\"wp-block-list\"><li>L\u00edngua Portuguesa &#8211; 10 quest\u00f5es (peso 2,50)<\/li><li>Legisla\u00e7\u00e3o &#8211; 10 quest\u00f5es (peso 2,50)<\/li><li>Conhecimentos Gerais &#8211; 5 quest\u00f5es (peso 2,50)<\/li><li>Matem\u00e1tica\/Racioc\u00ednio L\u00f3gico &#8211; 5 quest\u00f5es (peso 2,50)<\/li><li>Conhecimentos Espec\u00edficos &#8211; 10 quest\u00f5es (peso 2,50)<\/li><\/ul>\n\n\n\n<p><strong>Pontua\u00e7\u00e3o m\u00ednima:<\/strong> 50 pontos<br \/><strong>Valor m\u00e1ximo:<\/strong> 100 pontos <\/p>\n\n\n\n<h4 class=\"wp-block-heading\">N\u00edvel M\u00e9dio &#8211; Exceto cargos de Auxiliar de Educa\u00e7\u00e3o Especial, Auxiliar de Educa\u00e7\u00e3o Infantil e Orientador\/Educador Social <\/h4>\n\n\n\n<ul class=\"wp-block-list\"><li>L\u00edngua Portuguesa &#8211; 15 quest\u00f5es (peso 2,50)<\/li><li>Legisla\u00e7\u00e3o &#8211; 10 quest\u00f5es (peso 2,50)<\/li><li>Conhecimentos Gerais &#8211; 5 quest\u00f5es (peso 2,50)<\/li><li>Matem\u00e1tica\/Racioc\u00ednio L\u00f3gico &#8211; 10 quest\u00f5es (peso 2,50)<\/li><\/ul>\n\n\n\n<p><strong>Pontua\u00e7\u00e3o m\u00ednima:<\/strong> 50 pontos<br \/><strong>Valor m\u00e1ximo:<\/strong> 100 pontos  <\/p>\n\n\n\n<h4 class=\"wp-block-heading\">Cargos de Auxiliar de Educa\u00e7\u00e3o Especial, Auxiliar de Educa\u00e7\u00e3o Infantil e Orientador\/Educador Social<\/h4>\n\n\n\n<ul class=\"wp-block-list\"><li>L\u00edngua Portuguesa &#8211; 10 quest\u00f5es (peso 2,50)<\/li><li>Legisla\u00e7\u00e3o &#8211; 10 quest\u00f5es (peso 2,50)<\/li><li>Conhecimentos Gerais &#8211; 5 quest\u00f5es (peso 2,50)<\/li><li>Matem\u00e1tica\/Racioc\u00ednio L\u00f3gico &#8211; 5 quest\u00f5es (peso 2,50)<\/li><li>Conhecimentos Espec\u00edficos &#8211; 10 quest\u00f5es (peso 2,50)<\/li><\/ul>\n\n\n\n<p><strong>Pontua\u00e7\u00e3o m\u00ednima:<\/strong> 50 pontos<br \/><strong>Valor m\u00e1ximo:<\/strong> 100 pontos  <\/p>\n\n\n\n<h4 class=\"wp-block-heading\">N\u00edvel Fundamental Completo e Incompleto<\/h4>\n\n\n\n<ul class=\"wp-block-list\"><li>L\u00edngua Portuguesa &#8211; 15 quest\u00f5es (peso 2,50)<\/li><li>Legisla\u00e7\u00e3o &#8211; 10 quest\u00f5es (peso 2,50)<\/li><li>Conhecimentos Gerais &#8211; 5 quest\u00f5es (peso 2,50)<\/li><li>Matem\u00e1tica\/Racioc\u00ednio L\u00f3gico &#8211; 10 quest\u00f5es (peso 2,50)<\/li><\/ul>\n\n\n\n<p><strong>Pontua\u00e7\u00e3o m\u00ednima:<\/strong> 50 pontos<br \/><strong>Valor m\u00e1ximo:<\/strong> 100 pontos   <\/p>\n\n\n\n<p>Caso aprovados nas provas objetivas, os candidatos aos cargos de Professores passar\u00e3o por uma avalia\u00e7\u00e3o de t\u00edtulos.<\/p>\n\n\n\n<p>J\u00e1 os candidatos aos cargos de Operador de Usina de Asfalto, Padeiro e Operador de M\u00e1quina Pesada, Motorista de Ve\u00edculos Leves e Motorista de Ve\u00edculos Pesados, ao serem aprovados nas provas objetivas ser\u00e3o submetidos \u00e0 provas pr\u00e1ticas.<\/p>\n\n\n\n<h2 class=\"wp-block-heading\" id=\"assinatura-e-cursos\">Assinatura ilimitada e cursos para o concurso Prefeitura Cap\u00e3o da Canoa RS<\/h2>\n\n\n\n<p style=\"font-size:25px;text-align:center\" class=\"has-background has-luminous-vivid-amber-background-color\"><a href=\"https:\/\/www.estrategiaconcursos.com.br\/cursosPorConcurso\/prefeitura-municipal-de-capao-da-canoa-rs\/\" target=\"_blank\" rel=\"noreferrer noopener\" aria-label=\"CURSO PREFEITURA CAP\u00c3O DA CANOA (abre numa nova aba)\">CURSO PREFEITURA CAP\u00c3O DA CANOA<\/a><\/p>\n\n\n\n<h2 class=\"wp-block-heading\" style=\"text-align:center\">Assinatura ilimitada*<\/h2>\n\n\n\n<p style=\"text-align:center\"><em>Prepare-se com o melhor material e com quem mais aprova em Concursos P\u00fablicos em todo o pa\u00eds. Assine agora a nossa Assinatura Anual e tenha acesso ilimitado* a todos os nossos cursos.<\/em><\/p>\n\n\n\n<p style=\"font-size:25px;text-align:center\" class=\"has-background has-light-green-cyan-background-color\"><strong>ASSINE AGORA<\/strong>&nbsp;\u2013&nbsp;<a rel=\"noreferrer noopener\" href=\"https:\/\/www.estrategiaconcursos.com.br\/assinaturas\" target=\"_blank\"><strong>Assinatura Ilimitada<\/strong><\/a><\/p>\n\n\n\n<p style=\"text-align:center\" class=\"has-background has-medium-font-size has-pale-cyan-blue-background-color\"><strong><a href=\"https:\/\/www.estrategiaconcursos.com.br\/blog\/concursos-abertos\/\">CONCURSOS ABERTOS<\/a><\/strong><\/p>\n\n\n\n<p style=\"text-align:center\" class=\"has-background has-medium-font-size has-pale-cyan-blue-background-color\"><a href=\"https:\/\/www.estrategiaconcursos.com.br\/blog\/concursos-2019\/\"><strong>CONCURSOS 2019<\/strong><\/a><\/p>\n\n\n\n<p style=\"text-align:center\" class=\"has-background has-medium-font-size has-pale-cyan-blue-background-color\"><a href=\"https:\/\/www.estrategiaconcursos.com.br\/blog\/concursos-2020\/\"><strong>CONCURSOS<\/strong><\/a><strong><a href=\"https:\/\/www.estrategiaconcursos.com.br\/blog\/concursos-2020\/\">&nbsp;2020<\/a><\/strong><\/p>\n\n\n\n<figure class=\"wp-block-image\"><img decoding=\"async\" src=\"https:\/\/dhg1h5j42swfq.cloudfront.net\/2017\/03\/28152500\/coruja-ficha-tecnica-300x102.png\" alt=\"Ficha T\u00e9cnica concurso prefeitura de cap\u00e3o da canoa\"\/><\/figure>\n\n\n\n<p><strong>Informa\u00e7\u00f5es do pr\u00f3ximo Concurso&nbsp;Prefeitura de Cap\u00e3o da Canoa RS<\/strong><\/p>\n\n\n\n<p>\u25ba<strong>Data:&nbsp;<\/strong>26 e 27 de outubro <strong><br \/>\u25baVagas:&nbsp;<\/strong>219 imediatas + Cadastro de Reserva<br \/><strong>\u25baCargos:&nbsp;<\/strong>Diversos <strong><br \/>\u25baLota\u00e7\u00f5es:&nbsp;<\/strong>Cap\u00e3o da Canoa &#8211; RS <strong><br \/>\u25baBanca:&nbsp;<\/strong>FUNDATEC<strong><br \/>\u25baEscolaridade:&nbsp;<\/strong>N\u00edvel fundamental, m\u00e9dio, m\u00e9dio\/t\u00e9cnico e superior<br \/><strong>\u25ba<\/strong> <strong><a rel=\"noreferrer noopener\" aria-label=\"Edital Cap\u00e3o da Canoa RS (abre numa nova aba)\" href=\"https:\/\/dhg1h5j42swfq.cloudfront.net\/2019\/08\/27195536\/Edital-Cap%C3%A3o-da-Canoa-RS.pdf\" target=\"_blank\">Edital Cap\u00e3o da Canoa RS<\/a><\/strong><\/p>\n\n\n\n<p><br \/><em>Ascom Estrat\u00e9gia<br \/><\/em>ascomestrategia@gmail.com<\/p>\n","protected":false},"excerpt":{"rendered":"<p>S\u00e3o 219 vagas imediatas + CR As provas do concurso p\u00fablico da Prefeitura de Cap\u00e3o da Canoa munic\u00edpio localizado no litoral norte do estado do Rio Grande do Sul come\u00e7am neste s\u00e1bado, 26 de outubro e terminam no domingo, 27 de outubro. O certame visa ofertar 219 vagas mais cadastro de reserva para cargos que [&hellip;]<\/p>\n","protected":false},"author":93,"featured_media":378499,"comment_status":"open","ping_status":"closed","sticky":false,"template":"","format":"standard","meta":{"post_tipo":"article","footnotes":""},"categories":[1],"tags":[],"tax_estado":[],"class_list":["post-413634","post","type-post","status-publish","format-standard","has-post-thumbnail","hentry","category-cursos-e-concursos"],"acf":[],"yoast_head":"<!-- This site is optimized with the Yoast SEO Premium plugin v27.2 (Yoast SEO v27.2) - https:\/\/yoast.com\/product\/yoast-seo-premium-wordpress\/ -->\n<title>Concurso Prefeitura de Cap\u00e3o da Canoa RS: aplica provas neste s\u00e1bado (26) e domingo (27)<\/title>\n<meta name=\"description\" content=\"Concurso Prefeitura de Cap\u00e3o da Canoa (RS): \u00faltimo dia de inscri\u00e7\u00f5es com 219 vagas imediatas mais cadastro de reserva para cargos em todas as escolaridades.\" \/>\n<meta name=\"robots\" content=\"index, follow, max-snippet:-1, max-image-preview:large, max-video-preview:-1\" \/>\n<link rel=\"canonical\" href=\"https:\/\/www.estrategiaconcursos.com.br\/blog\/concurso-prefeitura-de-capao-da-canoa-rs\/\" \/>\n<meta property=\"og:locale\" content=\"pt_BR\" \/>\n<meta property=\"og:type\" content=\"article\" \/>\n<meta property=\"og:title\" content=\"Concurso Prefeitura de Cap\u00e3o da Canoa RS: aplica provas neste s\u00e1bado (26) e domingo (27)\" \/>\n<meta property=\"og:description\" content=\"Concurso Prefeitura de Cap\u00e3o da Canoa (RS): \u00faltimo dia de inscri\u00e7\u00f5es com 219 vagas imediatas mais cadastro de reserva para cargos em todas as escolaridades.\" \/>\n<meta property=\"og:url\" content=\"https:\/\/www.estrategiaconcursos.com.br\/blog\/concurso-prefeitura-de-capao-da-canoa-rs\/\" \/>\n<meta property=\"og:site_name\" content=\"Estrat\u00e9gia Concursos\" \/>\n<meta property=\"article:published_time\" content=\"2019-10-26T10:00:35+00:00\" \/>\n<meta property=\"article:modified_time\" content=\"2019-11-08T20:32:09+00:00\" \/>\n<meta property=\"og:image\" content=\"https:\/\/dhg1h5j42swfq.cloudfront.net\/2019\/05\/27092909\/saiu-edital-1024x5362.jpg\" \/>\n\t<meta property=\"og:image:width\" content=\"1024\" \/>\n\t<meta property=\"og:image:height\" content=\"536\" \/>\n\t<meta property=\"og:image:type\" content=\"image\/jpeg\" \/>\n<meta name=\"author\" content=\"Vinicius Silva\" \/>\n<meta name=\"twitter:card\" content=\"summary_large_image\" \/>\n<meta name=\"twitter:creator\" content=\"@EstratConcursos\" \/>\n<meta name=\"twitter:site\" content=\"@EstratConcursos\" \/>\n<meta name=\"twitter:label1\" content=\"Escrito por\" \/>\n\t<meta name=\"twitter:data1\" content=\"Vinicius Silva\" \/>\n\t<meta name=\"twitter:label2\" content=\"Est. tempo de leitura\" \/>\n\t<meta name=\"twitter:data2\" content=\"6 minutos\" \/>\n<script type=\"application\/ld+json\" class=\"yoast-schema-graph\">{\"@context\":\"https:\/\/schema.org\",\"@graph\":[{\"@type\":\"NewsArticle\",\"@id\":\"https:\/\/www.estrategiaconcursos.com.br\/blog\/concurso-prefeitura-de-capao-da-canoa-rs\/#article\",\"isPartOf\":{\"@id\":\"https:\/\/www.estrategiaconcursos.com.br\/blog\/concurso-prefeitura-de-capao-da-canoa-rs\/\"},\"author\":{\"name\":\"Vinicius Silva\",\"@id\":\"https:\/\/www.estrategiaconcursos.com.br\/blog\/#\/schema\/person\/20030622a981f9a942ad6b3561fe4ca4\"},\"headline\":\"Concurso Prefeitura de Cap\u00e3o da Canoa RS: aplica provas neste s\u00e1bado (26) e domingo (27)\",\"datePublished\":\"2019-10-26T10:00:35+00:00\",\"dateModified\":\"2019-11-08T20:32:09+00:00\",\"mainEntityOfPage\":{\"@id\":\"https:\/\/www.estrategiaconcursos.com.br\/blog\/concurso-prefeitura-de-capao-da-canoa-rs\/\"},\"wordCount\":1301,\"commentCount\":0,\"publisher\":{\"@id\":\"https:\/\/www.estrategiaconcursos.com.br\/blog\/#organization\"},\"image\":{\"@id\":\"https:\/\/www.estrategiaconcursos.com.br\/blog\/concurso-prefeitura-de-capao-da-canoa-rs\/#primaryimage\"},\"thumbnailUrl\":\"https:\/\/dhg1h5j42swfq.cloudfront.net\/2019\/05\/27092909\/saiu-edital-1024x5362.jpg\",\"articleSection\":[\"Concursos P\u00fablicos\"],\"inLanguage\":\"pt-BR\",\"potentialAction\":[{\"@type\":\"CommentAction\",\"name\":\"Comment\",\"target\":[\"https:\/\/www.estrategiaconcursos.com.br\/blog\/concurso-prefeitura-de-capao-da-canoa-rs\/#respond\"]}],\"copyrightYear\":\"2019\",\"copyrightHolder\":{\"@id\":\"https:\/\/www.estrategiaconcursos.com.br\/blog\/#organization\"}},{\"@type\":\"WebPage\",\"@id\":\"https:\/\/www.estrategiaconcursos.com.br\/blog\/concurso-prefeitura-de-capao-da-canoa-rs\/\",\"url\":\"https:\/\/www.estrategiaconcursos.com.br\/blog\/concurso-prefeitura-de-capao-da-canoa-rs\/\",\"name\":\"Concurso Prefeitura de Cap\u00e3o da Canoa RS: aplica provas neste s\u00e1bado (26) e domingo (27)\",\"isPartOf\":{\"@id\":\"https:\/\/www.estrategiaconcursos.com.br\/blog\/#website\"},\"primaryImageOfPage\":{\"@id\":\"https:\/\/www.estrategiaconcursos.com.br\/blog\/concurso-prefeitura-de-capao-da-canoa-rs\/#primaryimage\"},\"image\":{\"@id\":\"https:\/\/www.estrategiaconcursos.com.br\/blog\/concurso-prefeitura-de-capao-da-canoa-rs\/#primaryimage\"},\"thumbnailUrl\":\"https:\/\/dhg1h5j42swfq.cloudfront.net\/2019\/05\/27092909\/saiu-edital-1024x5362.jpg\",\"datePublished\":\"2019-10-26T10:00:35+00:00\",\"dateModified\":\"2019-11-08T20:32:09+00:00\",\"description\":\"Concurso Prefeitura de Cap\u00e3o da Canoa (RS): \u00faltimo dia de inscri\u00e7\u00f5es com 219 vagas imediatas mais cadastro de reserva para cargos em todas as escolaridades.\",\"breadcrumb\":{\"@id\":\"https:\/\/www.estrategiaconcursos.com.br\/blog\/concurso-prefeitura-de-capao-da-canoa-rs\/#breadcrumb\"},\"inLanguage\":\"pt-BR\",\"potentialAction\":[{\"@type\":\"ReadAction\",\"target\":[\"https:\/\/www.estrategiaconcursos.com.br\/blog\/concurso-prefeitura-de-capao-da-canoa-rs\/\"]}]},{\"@type\":\"ImageObject\",\"inLanguage\":\"pt-BR\",\"@id\":\"https:\/\/www.estrategiaconcursos.com.br\/blog\/concurso-prefeitura-de-capao-da-canoa-rs\/#primaryimage\",\"url\":\"https:\/\/dhg1h5j42swfq.cloudfront.net\/2019\/05\/27092909\/saiu-edital-1024x5362.jpg\",\"contentUrl\":\"https:\/\/dhg1h5j42swfq.cloudfront.net\/2019\/05\/27092909\/saiu-edital-1024x5362.jpg\",\"width\":1024,\"height\":536,\"caption\":\"concurso SEED PR\"},{\"@type\":\"BreadcrumbList\",\"@id\":\"https:\/\/www.estrategiaconcursos.com.br\/blog\/concurso-prefeitura-de-capao-da-canoa-rs\/#breadcrumb\",\"itemListElement\":[{\"@type\":\"ListItem\",\"position\":1,\"name\":\"In\u00edcio\",\"item\":\"https:\/\/www.estrategiaconcursos.com.br\/blog\/\"},{\"@type\":\"ListItem\",\"position\":2,\"name\":\"Concurso Prefeitura de Cap\u00e3o da Canoa RS: aplica provas neste s\u00e1bado (26) e domingo (27)\"}]},{\"@type\":\"WebSite\",\"@id\":\"https:\/\/www.estrategiaconcursos.com.br\/blog\/#website\",\"url\":\"https:\/\/www.estrategiaconcursos.com.br\/blog\/\",\"name\":\"Estrat\u00e9gia Concursos\",\"description\":\"O blog da Estrat\u00e9gia Concursos traz not\u00edcias sobre concursos e artigos de professores oferecendo cursos para concursos (pdf + videaulas) no site.\",\"publisher\":{\"@id\":\"https:\/\/www.estrategiaconcursos.com.br\/blog\/#organization\"},\"potentialAction\":[{\"@type\":\"SearchAction\",\"target\":{\"@type\":\"EntryPoint\",\"urlTemplate\":\"https:\/\/www.estrategiaconcursos.com.br\/blog\/?s={search_term_string}\"},\"query-input\":{\"@type\":\"PropertyValueSpecification\",\"valueRequired\":true,\"valueName\":\"search_term_string\"}}],\"inLanguage\":\"pt-BR\"},{\"@type\":\"Organization\",\"@id\":\"https:\/\/www.estrategiaconcursos.com.br\/blog\/#organization\",\"name\":\"Estrat\u00e9gia Concursos\",\"url\":\"https:\/\/www.estrategiaconcursos.com.br\/blog\/\",\"logo\":{\"@type\":\"ImageObject\",\"inLanguage\":\"pt-BR\",\"@id\":\"https:\/\/www.estrategiaconcursos.com.br\/blog\/#\/schema\/logo\/image\/\",\"url\":\"https:\/\/dhg1h5j42swfq.cloudfront.net\/2025\/06\/03203428\/logo_concursos-1.jpg\",\"contentUrl\":\"https:\/\/dhg1h5j42swfq.cloudfront.net\/2025\/06\/03203428\/logo_concursos-1.jpg\",\"width\":230,\"height\":60,\"caption\":\"Estrat\u00e9gia Concursos\"},\"image\":{\"@id\":\"https:\/\/www.estrategiaconcursos.com.br\/blog\/#\/schema\/logo\/image\/\"},\"sameAs\":[\"https:\/\/x.com\/EstratConcursos\"]},{\"@type\":\"Person\",\"@id\":\"https:\/\/www.estrategiaconcursos.com.br\/blog\/#\/schema\/person\/20030622a981f9a942ad6b3561fe4ca4\",\"name\":\"Vinicius Silva\",\"image\":{\"@type\":\"ImageObject\",\"inLanguage\":\"pt-BR\",\"@id\":\"https:\/\/secure.gravatar.com\/avatar\/604d9670a4c7eea71feaa4381f3ae97e148292ac402671c5944aa67a3d127663?s=96&d=mm&r=g\",\"url\":\"https:\/\/secure.gravatar.com\/avatar\/604d9670a4c7eea71feaa4381f3ae97e148292ac402671c5944aa67a3d127663?s=96&d=mm&r=g\",\"contentUrl\":\"https:\/\/secure.gravatar.com\/avatar\/604d9670a4c7eea71feaa4381f3ae97e148292ac402671c5944aa67a3d127663?s=96&d=mm&r=g\",\"caption\":\"Vinicius Silva\"},\"url\":\"https:\/\/www.estrategiaconcursos.com.br\/blog\/author\/viniciussilvaestrategiaconcursos-com-br\/\"}]}<\/script>\n<!-- \/ Yoast SEO Premium plugin. -->","yoast_head_json":{"title":"Concurso Prefeitura de Cap\u00e3o da Canoa RS: aplica provas neste s\u00e1bado (26) e domingo (27)","description":"Concurso Prefeitura de Cap\u00e3o da Canoa (RS): \u00faltimo dia de inscri\u00e7\u00f5es com 219 vagas imediatas mais cadastro de reserva para cargos em todas as escolaridades.","robots":{"index":"index","follow":"follow","max-snippet":"max-snippet:-1","max-image-preview":"max-image-preview:large","max-video-preview":"max-video-preview:-1"},"canonical":"https:\/\/www.estrategiaconcursos.com.br\/blog\/concurso-prefeitura-de-capao-da-canoa-rs\/","og_locale":"pt_BR","og_type":"article","og_title":"Concurso Prefeitura de Cap\u00e3o da Canoa RS: aplica provas neste s\u00e1bado (26) e domingo (27)","og_description":"Concurso Prefeitura de Cap\u00e3o da Canoa (RS): \u00faltimo dia de inscri\u00e7\u00f5es com 219 vagas imediatas mais cadastro de reserva para cargos em todas as escolaridades.","og_url":"https:\/\/www.estrategiaconcursos.com.br\/blog\/concurso-prefeitura-de-capao-da-canoa-rs\/","og_site_name":"Estrat\u00e9gia Concursos","article_published_time":"2019-10-26T10:00:35+00:00","article_modified_time":"2019-11-08T20:32:09+00:00","og_image":[{"width":1024,"height":536,"url":"https:\/\/dhg1h5j42swfq.cloudfront.net\/2019\/05\/27092909\/saiu-edital-1024x5362.jpg","type":"image\/jpeg"}],"author":"Vinicius Silva","twitter_card":"summary_large_image","twitter_creator":"@EstratConcursos","twitter_site":"@EstratConcursos","twitter_misc":{"Escrito por":"Vinicius Silva","Est. tempo de leitura":"6 minutos"},"schema":{"@context":"https:\/\/schema.org","@graph":[{"@type":"NewsArticle","@id":"https:\/\/www.estrategiaconcursos.com.br\/blog\/concurso-prefeitura-de-capao-da-canoa-rs\/#article","isPartOf":{"@id":"https:\/\/www.estrategiaconcursos.com.br\/blog\/concurso-prefeitura-de-capao-da-canoa-rs\/"},"author":{"name":"Vinicius Silva","@id":"https:\/\/www.estrategiaconcursos.com.br\/blog\/#\/schema\/person\/20030622a981f9a942ad6b3561fe4ca4"},"headline":"Concurso Prefeitura de Cap\u00e3o da Canoa RS: aplica provas neste s\u00e1bado (26) e domingo (27)","datePublished":"2019-10-26T10:00:35+00:00","dateModified":"2019-11-08T20:32:09+00:00","mainEntityOfPage":{"@id":"https:\/\/www.estrategiaconcursos.com.br\/blog\/concurso-prefeitura-de-capao-da-canoa-rs\/"},"wordCount":1301,"commentCount":0,"publisher":{"@id":"https:\/\/www.estrategiaconcursos.com.br\/blog\/#organization"},"image":{"@id":"https:\/\/www.estrategiaconcursos.com.br\/blog\/concurso-prefeitura-de-capao-da-canoa-rs\/#primaryimage"},"thumbnailUrl":"https:\/\/dhg1h5j42swfq.cloudfront.net\/2019\/05\/27092909\/saiu-edital-1024x5362.jpg","articleSection":["Concursos P\u00fablicos"],"inLanguage":"pt-BR","potentialAction":[{"@type":"CommentAction","name":"Comment","target":["https:\/\/www.estrategiaconcursos.com.br\/blog\/concurso-prefeitura-de-capao-da-canoa-rs\/#respond"]}],"copyrightYear":"2019","copyrightHolder":{"@id":"https:\/\/www.estrategiaconcursos.com.br\/blog\/#organization"}},{"@type":"WebPage","@id":"https:\/\/www.estrategiaconcursos.com.br\/blog\/concurso-prefeitura-de-capao-da-canoa-rs\/","url":"https:\/\/www.estrategiaconcursos.com.br\/blog\/concurso-prefeitura-de-capao-da-canoa-rs\/","name":"Concurso Prefeitura de Cap\u00e3o da Canoa RS: aplica provas neste s\u00e1bado (26) e domingo (27)","isPartOf":{"@id":"https:\/\/www.estrategiaconcursos.com.br\/blog\/#website"},"primaryImageOfPage":{"@id":"https:\/\/www.estrategiaconcursos.com.br\/blog\/concurso-prefeitura-de-capao-da-canoa-rs\/#primaryimage"},"image":{"@id":"https:\/\/www.estrategiaconcursos.com.br\/blog\/concurso-prefeitura-de-capao-da-canoa-rs\/#primaryimage"},"thumbnailUrl":"https:\/\/dhg1h5j42swfq.cloudfront.net\/2019\/05\/27092909\/saiu-edital-1024x5362.jpg","datePublished":"2019-10-26T10:00:35+00:00","dateModified":"2019-11-08T20:32:09+00:00","description":"Concurso Prefeitura de Cap\u00e3o da Canoa (RS): \u00faltimo dia de inscri\u00e7\u00f5es com 219 vagas imediatas mais cadastro de reserva para cargos em todas as escolaridades.","breadcrumb":{"@id":"https:\/\/www.estrategiaconcursos.com.br\/blog\/concurso-prefeitura-de-capao-da-canoa-rs\/#breadcrumb"},"inLanguage":"pt-BR","potentialAction":[{"@type":"ReadAction","target":["https:\/\/www.estrategiaconcursos.com.br\/blog\/concurso-prefeitura-de-capao-da-canoa-rs\/"]}]},{"@type":"ImageObject","inLanguage":"pt-BR","@id":"https:\/\/www.estrategiaconcursos.com.br\/blog\/concurso-prefeitura-de-capao-da-canoa-rs\/#primaryimage","url":"https:\/\/dhg1h5j42swfq.cloudfront.net\/2019\/05\/27092909\/saiu-edital-1024x5362.jpg","contentUrl":"https:\/\/dhg1h5j42swfq.cloudfront.net\/2019\/05\/27092909\/saiu-edital-1024x5362.jpg","width":1024,"height":536,"caption":"concurso SEED PR"},{"@type":"BreadcrumbList","@id":"https:\/\/www.estrategiaconcursos.com.br\/blog\/concurso-prefeitura-de-capao-da-canoa-rs\/#breadcrumb","itemListElement":[{"@type":"ListItem","position":1,"name":"In\u00edcio","item":"https:\/\/www.estrategiaconcursos.com.br\/blog\/"},{"@type":"ListItem","position":2,"name":"Concurso Prefeitura de Cap\u00e3o da Canoa RS: aplica provas neste s\u00e1bado (26) e domingo (27)"}]},{"@type":"WebSite","@id":"https:\/\/www.estrategiaconcursos.com.br\/blog\/#website","url":"https:\/\/www.estrategiaconcursos.com.br\/blog\/","name":"Estrat\u00e9gia Concursos","description":"O blog da Estrat\u00e9gia Concursos traz not\u00edcias sobre concursos e artigos de professores oferecendo cursos para concursos (pdf + videaulas) no site.","publisher":{"@id":"https:\/\/www.estrategiaconcursos.com.br\/blog\/#organization"},"potentialAction":[{"@type":"SearchAction","target":{"@type":"EntryPoint","urlTemplate":"https:\/\/www.estrategiaconcursos.com.br\/blog\/?s={search_term_string}"},"query-input":{"@type":"PropertyValueSpecification","valueRequired":true,"valueName":"search_term_string"}}],"inLanguage":"pt-BR"},{"@type":"Organization","@id":"https:\/\/www.estrategiaconcursos.com.br\/blog\/#organization","name":"Estrat\u00e9gia Concursos","url":"https:\/\/www.estrategiaconcursos.com.br\/blog\/","logo":{"@type":"ImageObject","inLanguage":"pt-BR","@id":"https:\/\/www.estrategiaconcursos.com.br\/blog\/#\/schema\/logo\/image\/","url":"https:\/\/dhg1h5j42swfq.cloudfront.net\/2025\/06\/03203428\/logo_concursos-1.jpg","contentUrl":"https:\/\/dhg1h5j42swfq.cloudfront.net\/2025\/06\/03203428\/logo_concursos-1.jpg","width":230,"height":60,"caption":"Estrat\u00e9gia Concursos"},"image":{"@id":"https:\/\/www.estrategiaconcursos.com.br\/blog\/#\/schema\/logo\/image\/"},"sameAs":["https:\/\/x.com\/EstratConcursos"]},{"@type":"Person","@id":"https:\/\/www.estrategiaconcursos.com.br\/blog\/#\/schema\/person\/20030622a981f9a942ad6b3561fe4ca4","name":"Vinicius Silva","image":{"@type":"ImageObject","inLanguage":"pt-BR","@id":"https:\/\/secure.gravatar.com\/avatar\/604d9670a4c7eea71feaa4381f3ae97e148292ac402671c5944aa67a3d127663?s=96&d=mm&r=g","url":"https:\/\/secure.gravatar.com\/avatar\/604d9670a4c7eea71feaa4381f3ae97e148292ac402671c5944aa67a3d127663?s=96&d=mm&r=g","contentUrl":"https:\/\/secure.gravatar.com\/avatar\/604d9670a4c7eea71feaa4381f3ae97e148292ac402671c5944aa67a3d127663?s=96&d=mm&r=g","caption":"Vinicius Silva"},"url":"https:\/\/www.estrategiaconcursos.com.br\/blog\/author\/viniciussilvaestrategiaconcursos-com-br\/"}]}},"_links":{"self":[{"href":"https:\/\/www.estrategiaconcursos.com.br\/blog\/wp-json\/wp\/v2\/posts\/413634","targetHints":{"allow":["GET"]}}],"collection":[{"href":"https:\/\/www.estrategiaconcursos.com.br\/blog\/wp-json\/wp\/v2\/posts"}],"about":[{"href":"https:\/\/www.estrategiaconcursos.com.br\/blog\/wp-json\/wp\/v2\/types\/post"}],"author":[{"embeddable":true,"href":"https:\/\/www.estrategiaconcursos.com.br\/blog\/wp-json\/wp\/v2\/users\/93"}],"replies":[{"embeddable":true,"href":"https:\/\/www.estrategiaconcursos.com.br\/blog\/wp-json\/wp\/v2\/comments?post=413634"}],"version-history":[{"count":22,"href":"https:\/\/www.estrategiaconcursos.com.br\/blog\/wp-json\/wp\/v2\/posts\/413634\/revisions"}],"predecessor-version":[{"id":440433,"href":"https:\/\/www.estrategiaconcursos.com.br\/blog\/wp-json\/wp\/v2\/posts\/413634\/revisions\/440433"}],"wp:featuredmedia":[{"embeddable":true,"href":"https:\/\/www.estrategiaconcursos.com.br\/blog\/wp-json\/wp\/v2\/media\/378499"}],"wp:attachment":[{"href":"https:\/\/www.estrategiaconcursos.com.br\/blog\/wp-json\/wp\/v2\/media?parent=413634"}],"wp:term":[{"taxonomy":"category","embeddable":true,"href":"https:\/\/www.estrategiaconcursos.com.br\/blog\/wp-json\/wp\/v2\/categories?post=413634"},{"taxonomy":"post_tag","embeddable":true,"href":"https:\/\/www.estrategiaconcursos.com.br\/blog\/wp-json\/wp\/v2\/tags?post=413634"},{"taxonomy":"tax_estado","embeddable":true,"href":"https:\/\/www.estrategiaconcursos.com.br\/blog\/wp-json\/wp\/v2\/tax_estado?post=413634"}],"curies":[{"name":"wp","href":"https:\/\/api.w.org\/{rel}","templated":true}]}}