{"id":413309,"date":"2019-08-27T09:45:18","date_gmt":"2019-08-27T12:45:18","guid":{"rendered":"https:\/\/www.estrategiaconcursos.com.br\/blog\/?p=413309"},"modified":"2019-08-27T09:45:19","modified_gmt":"2019-08-27T12:45:19","slug":"concurso-if-baiano-inscricoes-prorrogadas","status":"publish","type":"post","link":"https:\/\/www.estrategiaconcursos.com.br\/blog\/concurso-if-baiano-inscricoes-prorrogadas\/","title":{"rendered":"Concurso IF Baiano: INSCRI\u00c7\u00d5ES prorrogadas at\u00e9 hoje (27)"},"content":{"rendered":"\n<h2 class=\"wp-block-heading\">Taxa de inscri\u00e7\u00e3o poder\u00e1 ser paga at\u00e9 quarta-feira (28)<\/h2>\n\n\n\n<p>O <strong>Instituto Federal de Educa\u00e7\u00e3o, Ci\u00eancia e Tecnologia Baiano<\/strong> divulgou nesta ter\u00e7a-feira, 27 de agosto, a prorroga\u00e7\u00e3o das inscri\u00e7\u00f5es do concurso p\u00fablico para T\u00e9cnico Administrativo em Educa\u00e7\u00e3o e Professor  do Ensino B\u00e1sico, Cient\u00edfico e Tecnol\u00f3gico.<\/p>\n\n\n\n<p>Os interessados poder\u00e3o se inscrever at\u00e9 as <strong>23:59<\/strong> de hoje (27) e realizar o pagamento da taxa de inscri\u00e7\u00e3o at\u00e9 a quarta-feira, 28 de agosto. Todo o processo deve ser feito via internet, no portal do IDECAN, banca organizadora do certame.<\/p>\n\n\n\n<p>Confira as altera\u00e7\u00f5es no cronograma do concurso:<\/p>\n\n\n\n<table class=\"wp-block-table has-subtle-pale-blue-background-color has-background is-style-stripes\"><tbody><tr><\/tr><tr><td><strong>ATIVIDADE<\/strong><\/td><td><strong>PER\u00cdODO<\/strong><\/td><\/tr><tr><td>Inscri\u00e7\u00f5es via internet<\/td><td>At\u00e9 23h59 do dia 27\/08\/2019<\/td><\/tr><tr><td>Postagem ou entrega do laudo m\u00e9dico do candidato com defici\u00eancia que desejar concorrer \u00e0s vagas reservadas para os candidatos com defici\u00eancia.<\/td><td>At\u00e9 28\/08\/2019<\/td><\/tr><tr><td>Pagamento da taxa de inscri\u00e7\u00e3o<\/td><td>At\u00e9 28\/08\/2019<\/td><\/tr><\/tbody><\/table>\n\n\n\n<p><\/p>\n\n\n\n<h2 class=\"wp-block-heading\">Quadro de vagas<\/h2>\n\n\n\n<h3 class=\"wp-block-heading\">N\u00edvel T\u00e9cnico<\/h3>\n\n\n\n<ul class=\"wp-block-list\"><li><em>T\u00e9cnico em Assuntos Educacionais -2 vagas<\/em><\/li><li><em>Assistente em Administra\u00e7\u00e3o 12 vagas<\/em><\/li><li><em>T\u00e9cnico de Laborat\u00f3rio\/Biologia \u2013 1 vaga<\/em><\/li><li><em>T\u00e9cnico de Laborat\u00f3rio\/Inform\u00e1tica \u2013 1 vaga<\/em><\/li><li><em>T\u00e9cnico em Audiovisual \u2013 2 vagas<\/em><\/li><li><em>T\u00e9cnico em Artes Gr\u00e1ficas \u2013 1 vaga<\/em><\/li><li><em>T\u00e9cnico em Tecnologia da Informa\u00e7\u00e3o \u2013 3 vagas<\/em><\/li><li><em>T\u00e9cnico de Seguran\u00e7a do Trabalho \u2013 1 vaga<\/em><\/li><\/ul>\n\n\n\n<h3 class=\"wp-block-heading\">N\u00edvel Superior<\/h3>\n\n\n\n<ul class=\"wp-block-list\"><li><em>Administrador \u2013 1 vaga<\/em><\/li><li><em>Contador -1 vaga<\/em><\/li><li><em>Odont\u00f3logo -1 vaga<\/em><\/li><li><em>Pedagogo \u2013 1 vaga<\/em><\/li><\/ul>\n\n\n\n<h3 class=\"wp-block-heading\">N\u00edvel Superior (Professor)<\/h3>\n\n\n\n<ul class=\"wp-block-list\"><li><em>Administra\u00e7\u00e3o \u2013 2 vaga<\/em>s<\/li><li><em>Agrimensura \u2013 3 vagas<\/em><\/li><li><em>Ci\u00eancia e Tecnologia de Alimentos<strong>&nbsp;\u2013&nbsp;<\/strong>3 vagas<\/em><\/li><li><em>Agronomia \u2013 3 vagas<\/em><\/li><li><em>Biologia \u2013 2 vagas<\/em><\/li><li><em>Inform\u00e1tica \u2013 2 vagas<\/em><\/li><li><em>Licenciatura nem Letras \/ Libras \u2013 2 vagas<\/em><\/li><li><em>Licenciatura em Educa\u00e7\u00e3o F\u00edsica \u2013 1 vaga<\/em><\/li><li><em>Licenciatura em Geografia \u2013 1 vaga<\/em><\/li><li><em>Licenciatura em F\u00edsica \u2013 1 vaga<\/em><\/li><li><em>Licenciatura em Matem\u00e1tica \u2013 2 vagas<\/em><\/li><li><em>Licenciatura em Pedagogia \u2013 2 vagas<\/em><\/li><li><em>Licenciatura em Qu\u00edmica \u2013 1 vagas<\/em><\/li><li><em>Nutri\u00e7\u00e3o \u2013 1 vaga<\/em><\/li><li><em>Sociologia \u2013 1 vaga<\/em><\/li><\/ul>\n\n\n\n<p style=\"font-size:25px;text-align:center\" class=\"has-background has-luminous-vivid-amber-background-color\"><a rel=\"noreferrer noopener\" aria-label=\"Clique aqui para mais informa\u00e7\u00f5es sobre o IF Baiano (abre numa nova aba)\" href=\"https:\/\/www.estrategiaconcursos.com.br\/blog\/concurso-ifbaiano\/\" target=\"_blank\"><strong>Clique aqui para mais informa\u00e7\u00f5es sobre o IF Baiano<\/strong><\/a><\/p>\n\n\n\n<p style=\"font-size:25px;text-align:center\" class=\"has-background has-light-green-cyan-background-color\"><a rel=\"noreferrer noopener\" aria-label=\"CURSO IF BAIANO (abre numa nova aba)\" href=\"https:\/\/www.estrategiaconcursos.com.br\/cursosPorConcurso\/if-baiano-instituto-federal-de-educacao-ciencia-e-tecnologia-baiano\/\" target=\"_blank\"><strong>CURSO IF BAIANO<\/strong><\/a><\/p>\n\n\n\n<p style=\"font-size:25px;text-align:center\"><em><strong>Assinatura Anual Ilimitada*<\/strong><\/em><\/p>\n\n\n\n<p style=\"text-align:center\"><em>Prepare-se com o melhor material e com quem mais aprova em&nbsp;Concursos P\u00fablicos de todo o pa\u00eds. Assine agora a nossa Assinatura Anual e tenha acesso ilimitado a todos os nossos cursos.<\/em><\/p>\n\n\n\n<p style=\"font-size:25px;text-align:center\" class=\"has-background has-light-green-cyan-background-color\"><strong>ASSINE AGORA<\/strong>&nbsp;\u2013&nbsp;<a rel=\"noreferrer noopener\" href=\"https:\/\/www.estrategiaconcursos.com.br\/assinaturas\" target=\"_blank\"><strong>Assinatura Ilimitada<\/strong><\/a><\/p>\n\n\n\n<p style=\"text-align:center\"><strong><em>Fique por dentro dos concursos vigentes:<\/em><\/strong><\/p>\n\n\n\n<p style=\"font-size:23px;text-align:center\" class=\"has-background has-pale-cyan-blue-background-color\"><strong><a href=\"https:\/\/www.estrategiaconcursos.com.br\/blog\/concursos-abertos\/\" target=\"_blank\" rel=\"noreferrer noopener\">CONCURSOS ABERTOS<\/a><\/strong><\/p>\n\n\n\n<p style=\"font-size:23px;text-align:center\" class=\"has-background has-pale-cyan-blue-background-color\"><strong><a href=\"https:\/\/www.estrategiaconcursos.com.br\/blog\/concursos-2019\/\" target=\"_blank\" rel=\"noreferrer noopener\">CONCURSOS 2019<\/a><\/strong><\/p>\n\n\n\n<p style=\"font-size:23px;text-align:center\" class=\"has-background has-pale-cyan-blue-background-color\"><strong><a href=\"https:\/\/www.estrategiaconcursos.com.br\/blog\/concursos-2020\/\" target=\"_blank\" rel=\"noreferrer noopener\">CONCURSOS&nbsp;2020<\/a><\/strong><\/p>\n","protected":false},"excerpt":{"rendered":"<p>Taxa de inscri\u00e7\u00e3o poder\u00e1 ser paga at\u00e9 quarta-feira (28) O Instituto Federal de Educa\u00e7\u00e3o, Ci\u00eancia e Tecnologia Baiano divulgou nesta ter\u00e7a-feira, 27 de agosto, a prorroga\u00e7\u00e3o das inscri\u00e7\u00f5es do concurso p\u00fablico para T\u00e9cnico Administrativo em Educa\u00e7\u00e3o e Professor do Ensino B\u00e1sico, Cient\u00edfico e Tecnol\u00f3gico. Os interessados poder\u00e3o se inscrever at\u00e9 as 23:59 de hoje (27) [&hellip;]<\/p>\n","protected":false},"author":93,"featured_media":413319,"comment_status":"open","ping_status":"closed","sticky":false,"template":"","format":"standard","meta":{"post_tipo":"article","footnotes":""},"categories":[1],"tags":[],"tax_estado":[],"class_list":["post-413309","post","type-post","status-publish","format-standard","has-post-thumbnail","hentry","category-cursos-e-concursos"],"acf":[],"yoast_head":"<!-- This site is optimized with the Yoast SEO Premium plugin v27.2 (Yoast SEO v27.2) - https:\/\/yoast.com\/product\/yoast-seo-premium-wordpress\/ -->\n<title>Concurso IF Baiano: INSCRI\u00c7\u00d5ES prorrogadas at\u00e9 hoje (27)<\/title>\n<meta name=\"robots\" content=\"index, follow, max-snippet:-1, max-image-preview:large, max-video-preview:-1\" \/>\n<link rel=\"canonical\" href=\"https:\/\/www.estrategiaconcursos.com.br\/blog\/concurso-if-baiano-inscricoes-prorrogadas\/\" \/>\n<meta property=\"og:locale\" content=\"pt_BR\" \/>\n<meta property=\"og:type\" content=\"article\" \/>\n<meta property=\"og:title\" content=\"Concurso IF Baiano: INSCRI\u00c7\u00d5ES prorrogadas at\u00e9 hoje (27)\" \/>\n<meta property=\"og:description\" content=\"Taxa de inscri\u00e7\u00e3o poder\u00e1 ser paga at\u00e9 quarta-feira (28) O Instituto Federal de Educa\u00e7\u00e3o, Ci\u00eancia e Tecnologia Baiano divulgou nesta ter\u00e7a-feira, 27 de agosto, a prorroga\u00e7\u00e3o das inscri\u00e7\u00f5es do concurso p\u00fablico para T\u00e9cnico Administrativo em Educa\u00e7\u00e3o e Professor do Ensino B\u00e1sico, Cient\u00edfico e Tecnol\u00f3gico. Os interessados poder\u00e3o se inscrever at\u00e9 as 23:59 de hoje (27) [&hellip;]\" \/>\n<meta property=\"og:url\" content=\"https:\/\/www.estrategiaconcursos.com.br\/blog\/concurso-if-baiano-inscricoes-prorrogadas\/\" \/>\n<meta property=\"og:site_name\" content=\"Estrat\u00e9gia Concursos\" \/>\n<meta property=\"article:published_time\" content=\"2019-08-27T12:45:18+00:00\" \/>\n<meta property=\"article:modified_time\" content=\"2019-08-27T12:45:19+00:00\" \/>\n<meta property=\"og:image\" content=\"https:\/\/dhg1h5j42swfq.cloudfront.net\/2019\/08\/27094130\/IF_BAIANO.jpg\" \/>\n\t<meta property=\"og:image:width\" content=\"1200\" \/>\n\t<meta property=\"og:image:height\" content=\"628\" \/>\n\t<meta property=\"og:image:type\" content=\"image\/jpeg\" \/>\n<meta name=\"author\" content=\"Vinicius Silva\" \/>\n<meta name=\"twitter:card\" content=\"summary_large_image\" \/>\n<meta name=\"twitter:creator\" content=\"@EstratConcursos\" \/>\n<meta name=\"twitter:site\" content=\"@EstratConcursos\" \/>\n<meta name=\"twitter:label1\" content=\"Escrito por\" \/>\n\t<meta name=\"twitter:data1\" content=\"Vinicius Silva\" \/>\n\t<meta name=\"twitter:label2\" content=\"Est. tempo de leitura\" \/>\n\t<meta name=\"twitter:data2\" content=\"2 minutos\" \/>\n<script type=\"application\/ld+json\" class=\"yoast-schema-graph\">{\"@context\":\"https:\/\/schema.org\",\"@graph\":[{\"@type\":\"NewsArticle\",\"@id\":\"https:\/\/www.estrategiaconcursos.com.br\/blog\/concurso-if-baiano-inscricoes-prorrogadas\/#article\",\"isPartOf\":{\"@id\":\"https:\/\/www.estrategiaconcursos.com.br\/blog\/concurso-if-baiano-inscricoes-prorrogadas\/\"},\"author\":{\"name\":\"Vinicius Silva\",\"@id\":\"https:\/\/www.estrategiaconcursos.com.br\/blog\/#\/schema\/person\/20030622a981f9a942ad6b3561fe4ca4\"},\"headline\":\"Concurso IF Baiano: INSCRI\u00c7\u00d5ES prorrogadas at\u00e9 hoje (27)\",\"datePublished\":\"2019-08-27T12:45:18+00:00\",\"dateModified\":\"2019-08-27T12:45:19+00:00\",\"mainEntityOfPage\":{\"@id\":\"https:\/\/www.estrategiaconcursos.com.br\/blog\/concurso-if-baiano-inscricoes-prorrogadas\/\"},\"wordCount\":362,\"commentCount\":0,\"publisher\":{\"@id\":\"https:\/\/www.estrategiaconcursos.com.br\/blog\/#organization\"},\"image\":{\"@id\":\"https:\/\/www.estrategiaconcursos.com.br\/blog\/concurso-if-baiano-inscricoes-prorrogadas\/#primaryimage\"},\"thumbnailUrl\":\"https:\/\/dhg1h5j42swfq.cloudfront.net\/2019\/08\/27094130\/IF_BAIANO.jpg\",\"articleSection\":[\"Concursos P\u00fablicos\"],\"inLanguage\":\"pt-BR\",\"potentialAction\":[{\"@type\":\"CommentAction\",\"name\":\"Comment\",\"target\":[\"https:\/\/www.estrategiaconcursos.com.br\/blog\/concurso-if-baiano-inscricoes-prorrogadas\/#respond\"]}],\"copyrightYear\":\"2019\",\"copyrightHolder\":{\"@id\":\"https:\/\/www.estrategiaconcursos.com.br\/blog\/#organization\"}},{\"@type\":\"WebPage\",\"@id\":\"https:\/\/www.estrategiaconcursos.com.br\/blog\/concurso-if-baiano-inscricoes-prorrogadas\/\",\"url\":\"https:\/\/www.estrategiaconcursos.com.br\/blog\/concurso-if-baiano-inscricoes-prorrogadas\/\",\"name\":\"Concurso IF Baiano: INSCRI\u00c7\u00d5ES prorrogadas at\u00e9 hoje (27)\",\"isPartOf\":{\"@id\":\"https:\/\/www.estrategiaconcursos.com.br\/blog\/#website\"},\"primaryImageOfPage\":{\"@id\":\"https:\/\/www.estrategiaconcursos.com.br\/blog\/concurso-if-baiano-inscricoes-prorrogadas\/#primaryimage\"},\"image\":{\"@id\":\"https:\/\/www.estrategiaconcursos.com.br\/blog\/concurso-if-baiano-inscricoes-prorrogadas\/#primaryimage\"},\"thumbnailUrl\":\"https:\/\/dhg1h5j42swfq.cloudfront.net\/2019\/08\/27094130\/IF_BAIANO.jpg\",\"datePublished\":\"2019-08-27T12:45:18+00:00\",\"dateModified\":\"2019-08-27T12:45:19+00:00\",\"breadcrumb\":{\"@id\":\"https:\/\/www.estrategiaconcursos.com.br\/blog\/concurso-if-baiano-inscricoes-prorrogadas\/#breadcrumb\"},\"inLanguage\":\"pt-BR\",\"potentialAction\":[{\"@type\":\"ReadAction\",\"target\":[\"https:\/\/www.estrategiaconcursos.com.br\/blog\/concurso-if-baiano-inscricoes-prorrogadas\/\"]}]},{\"@type\":\"ImageObject\",\"inLanguage\":\"pt-BR\",\"@id\":\"https:\/\/www.estrategiaconcursos.com.br\/blog\/concurso-if-baiano-inscricoes-prorrogadas\/#primaryimage\",\"url\":\"https:\/\/dhg1h5j42swfq.cloudfront.net\/2019\/08\/27094130\/IF_BAIANO.jpg\",\"contentUrl\":\"https:\/\/dhg1h5j42swfq.cloudfront.net\/2019\/08\/27094130\/IF_BAIANO.jpg\",\"width\":1200,\"height\":628,\"caption\":\"concurso if baiano\"},{\"@type\":\"BreadcrumbList\",\"@id\":\"https:\/\/www.estrategiaconcursos.com.br\/blog\/concurso-if-baiano-inscricoes-prorrogadas\/#breadcrumb\",\"itemListElement\":[{\"@type\":\"ListItem\",\"position\":1,\"name\":\"In\u00edcio\",\"item\":\"https:\/\/www.estrategiaconcursos.com.br\/blog\/\"},{\"@type\":\"ListItem\",\"position\":2,\"name\":\"Concurso IF Baiano: INSCRI\u00c7\u00d5ES prorrogadas at\u00e9 hoje (27)\"}]},{\"@type\":\"WebSite\",\"@id\":\"https:\/\/www.estrategiaconcursos.com.br\/blog\/#website\",\"url\":\"https:\/\/www.estrategiaconcursos.com.br\/blog\/\",\"name\":\"Estrat\u00e9gia Concursos\",\"description\":\"O blog da Estrat\u00e9gia Concursos traz not\u00edcias sobre concursos e artigos de professores oferecendo cursos para concursos (pdf + videaulas) no site.\",\"publisher\":{\"@id\":\"https:\/\/www.estrategiaconcursos.com.br\/blog\/#organization\"},\"potentialAction\":[{\"@type\":\"SearchAction\",\"target\":{\"@type\":\"EntryPoint\",\"urlTemplate\":\"https:\/\/www.estrategiaconcursos.com.br\/blog\/?s={search_term_string}\"},\"query-input\":{\"@type\":\"PropertyValueSpecification\",\"valueRequired\":true,\"valueName\":\"search_term_string\"}}],\"inLanguage\":\"pt-BR\"},{\"@type\":\"Organization\",\"@id\":\"https:\/\/www.estrategiaconcursos.com.br\/blog\/#organization\",\"name\":\"Estrat\u00e9gia Concursos\",\"url\":\"https:\/\/www.estrategiaconcursos.com.br\/blog\/\",\"logo\":{\"@type\":\"ImageObject\",\"inLanguage\":\"pt-BR\",\"@id\":\"https:\/\/www.estrategiaconcursos.com.br\/blog\/#\/schema\/logo\/image\/\",\"url\":\"https:\/\/dhg1h5j42swfq.cloudfront.net\/2025\/06\/03203428\/logo_concursos-1.jpg\",\"contentUrl\":\"https:\/\/dhg1h5j42swfq.cloudfront.net\/2025\/06\/03203428\/logo_concursos-1.jpg\",\"width\":230,\"height\":60,\"caption\":\"Estrat\u00e9gia Concursos\"},\"image\":{\"@id\":\"https:\/\/www.estrategiaconcursos.com.br\/blog\/#\/schema\/logo\/image\/\"},\"sameAs\":[\"https:\/\/x.com\/EstratConcursos\"]},{\"@type\":\"Person\",\"@id\":\"https:\/\/www.estrategiaconcursos.com.br\/blog\/#\/schema\/person\/20030622a981f9a942ad6b3561fe4ca4\",\"name\":\"Vinicius Silva\",\"image\":{\"@type\":\"ImageObject\",\"inLanguage\":\"pt-BR\",\"@id\":\"https:\/\/secure.gravatar.com\/avatar\/604d9670a4c7eea71feaa4381f3ae97e148292ac402671c5944aa67a3d127663?s=96&d=mm&r=g\",\"url\":\"https:\/\/secure.gravatar.com\/avatar\/604d9670a4c7eea71feaa4381f3ae97e148292ac402671c5944aa67a3d127663?s=96&d=mm&r=g\",\"contentUrl\":\"https:\/\/secure.gravatar.com\/avatar\/604d9670a4c7eea71feaa4381f3ae97e148292ac402671c5944aa67a3d127663?s=96&d=mm&r=g\",\"caption\":\"Vinicius Silva\"},\"url\":\"https:\/\/www.estrategiaconcursos.com.br\/blog\/author\/viniciussilvaestrategiaconcursos-com-br\/\"}]}<\/script>\n<!-- \/ Yoast SEO Premium plugin. -->","yoast_head_json":{"title":"Concurso IF Baiano: INSCRI\u00c7\u00d5ES prorrogadas at\u00e9 hoje (27)","robots":{"index":"index","follow":"follow","max-snippet":"max-snippet:-1","max-image-preview":"max-image-preview:large","max-video-preview":"max-video-preview:-1"},"canonical":"https:\/\/www.estrategiaconcursos.com.br\/blog\/concurso-if-baiano-inscricoes-prorrogadas\/","og_locale":"pt_BR","og_type":"article","og_title":"Concurso IF Baiano: INSCRI\u00c7\u00d5ES prorrogadas at\u00e9 hoje (27)","og_description":"Taxa de inscri\u00e7\u00e3o poder\u00e1 ser paga at\u00e9 quarta-feira (28) O Instituto Federal de Educa\u00e7\u00e3o, Ci\u00eancia e Tecnologia Baiano divulgou nesta ter\u00e7a-feira, 27 de agosto, a prorroga\u00e7\u00e3o das inscri\u00e7\u00f5es do concurso p\u00fablico para T\u00e9cnico Administrativo em Educa\u00e7\u00e3o e Professor do Ensino B\u00e1sico, Cient\u00edfico e Tecnol\u00f3gico. Os interessados poder\u00e3o se inscrever at\u00e9 as 23:59 de hoje (27) [&hellip;]","og_url":"https:\/\/www.estrategiaconcursos.com.br\/blog\/concurso-if-baiano-inscricoes-prorrogadas\/","og_site_name":"Estrat\u00e9gia Concursos","article_published_time":"2019-08-27T12:45:18+00:00","article_modified_time":"2019-08-27T12:45:19+00:00","og_image":[{"width":1200,"height":628,"url":"https:\/\/dhg1h5j42swfq.cloudfront.net\/2019\/08\/27094130\/IF_BAIANO.jpg","type":"image\/jpeg"}],"author":"Vinicius Silva","twitter_card":"summary_large_image","twitter_creator":"@EstratConcursos","twitter_site":"@EstratConcursos","twitter_misc":{"Escrito por":"Vinicius Silva","Est. tempo de leitura":"2 minutos"},"schema":{"@context":"https:\/\/schema.org","@graph":[{"@type":"NewsArticle","@id":"https:\/\/www.estrategiaconcursos.com.br\/blog\/concurso-if-baiano-inscricoes-prorrogadas\/#article","isPartOf":{"@id":"https:\/\/www.estrategiaconcursos.com.br\/blog\/concurso-if-baiano-inscricoes-prorrogadas\/"},"author":{"name":"Vinicius Silva","@id":"https:\/\/www.estrategiaconcursos.com.br\/blog\/#\/schema\/person\/20030622a981f9a942ad6b3561fe4ca4"},"headline":"Concurso IF Baiano: INSCRI\u00c7\u00d5ES prorrogadas at\u00e9 hoje (27)","datePublished":"2019-08-27T12:45:18+00:00","dateModified":"2019-08-27T12:45:19+00:00","mainEntityOfPage":{"@id":"https:\/\/www.estrategiaconcursos.com.br\/blog\/concurso-if-baiano-inscricoes-prorrogadas\/"},"wordCount":362,"commentCount":0,"publisher":{"@id":"https:\/\/www.estrategiaconcursos.com.br\/blog\/#organization"},"image":{"@id":"https:\/\/www.estrategiaconcursos.com.br\/blog\/concurso-if-baiano-inscricoes-prorrogadas\/#primaryimage"},"thumbnailUrl":"https:\/\/dhg1h5j42swfq.cloudfront.net\/2019\/08\/27094130\/IF_BAIANO.jpg","articleSection":["Concursos P\u00fablicos"],"inLanguage":"pt-BR","potentialAction":[{"@type":"CommentAction","name":"Comment","target":["https:\/\/www.estrategiaconcursos.com.br\/blog\/concurso-if-baiano-inscricoes-prorrogadas\/#respond"]}],"copyrightYear":"2019","copyrightHolder":{"@id":"https:\/\/www.estrategiaconcursos.com.br\/blog\/#organization"}},{"@type":"WebPage","@id":"https:\/\/www.estrategiaconcursos.com.br\/blog\/concurso-if-baiano-inscricoes-prorrogadas\/","url":"https:\/\/www.estrategiaconcursos.com.br\/blog\/concurso-if-baiano-inscricoes-prorrogadas\/","name":"Concurso IF Baiano: INSCRI\u00c7\u00d5ES prorrogadas at\u00e9 hoje (27)","isPartOf":{"@id":"https:\/\/www.estrategiaconcursos.com.br\/blog\/#website"},"primaryImageOfPage":{"@id":"https:\/\/www.estrategiaconcursos.com.br\/blog\/concurso-if-baiano-inscricoes-prorrogadas\/#primaryimage"},"image":{"@id":"https:\/\/www.estrategiaconcursos.com.br\/blog\/concurso-if-baiano-inscricoes-prorrogadas\/#primaryimage"},"thumbnailUrl":"https:\/\/dhg1h5j42swfq.cloudfront.net\/2019\/08\/27094130\/IF_BAIANO.jpg","datePublished":"2019-08-27T12:45:18+00:00","dateModified":"2019-08-27T12:45:19+00:00","breadcrumb":{"@id":"https:\/\/www.estrategiaconcursos.com.br\/blog\/concurso-if-baiano-inscricoes-prorrogadas\/#breadcrumb"},"inLanguage":"pt-BR","potentialAction":[{"@type":"ReadAction","target":["https:\/\/www.estrategiaconcursos.com.br\/blog\/concurso-if-baiano-inscricoes-prorrogadas\/"]}]},{"@type":"ImageObject","inLanguage":"pt-BR","@id":"https:\/\/www.estrategiaconcursos.com.br\/blog\/concurso-if-baiano-inscricoes-prorrogadas\/#primaryimage","url":"https:\/\/dhg1h5j42swfq.cloudfront.net\/2019\/08\/27094130\/IF_BAIANO.jpg","contentUrl":"https:\/\/dhg1h5j42swfq.cloudfront.net\/2019\/08\/27094130\/IF_BAIANO.jpg","width":1200,"height":628,"caption":"concurso if baiano"},{"@type":"BreadcrumbList","@id":"https:\/\/www.estrategiaconcursos.com.br\/blog\/concurso-if-baiano-inscricoes-prorrogadas\/#breadcrumb","itemListElement":[{"@type":"ListItem","position":1,"name":"In\u00edcio","item":"https:\/\/www.estrategiaconcursos.com.br\/blog\/"},{"@type":"ListItem","position":2,"name":"Concurso IF Baiano: INSCRI\u00c7\u00d5ES prorrogadas at\u00e9 hoje (27)"}]},{"@type":"WebSite","@id":"https:\/\/www.estrategiaconcursos.com.br\/blog\/#website","url":"https:\/\/www.estrategiaconcursos.com.br\/blog\/","name":"Estrat\u00e9gia Concursos","description":"O blog da Estrat\u00e9gia Concursos traz not\u00edcias sobre concursos e artigos de professores oferecendo cursos para concursos (pdf + videaulas) no site.","publisher":{"@id":"https:\/\/www.estrategiaconcursos.com.br\/blog\/#organization"},"potentialAction":[{"@type":"SearchAction","target":{"@type":"EntryPoint","urlTemplate":"https:\/\/www.estrategiaconcursos.com.br\/blog\/?s={search_term_string}"},"query-input":{"@type":"PropertyValueSpecification","valueRequired":true,"valueName":"search_term_string"}}],"inLanguage":"pt-BR"},{"@type":"Organization","@id":"https:\/\/www.estrategiaconcursos.com.br\/blog\/#organization","name":"Estrat\u00e9gia Concursos","url":"https:\/\/www.estrategiaconcursos.com.br\/blog\/","logo":{"@type":"ImageObject","inLanguage":"pt-BR","@id":"https:\/\/www.estrategiaconcursos.com.br\/blog\/#\/schema\/logo\/image\/","url":"https:\/\/dhg1h5j42swfq.cloudfront.net\/2025\/06\/03203428\/logo_concursos-1.jpg","contentUrl":"https:\/\/dhg1h5j42swfq.cloudfront.net\/2025\/06\/03203428\/logo_concursos-1.jpg","width":230,"height":60,"caption":"Estrat\u00e9gia Concursos"},"image":{"@id":"https:\/\/www.estrategiaconcursos.com.br\/blog\/#\/schema\/logo\/image\/"},"sameAs":["https:\/\/x.com\/EstratConcursos"]},{"@type":"Person","@id":"https:\/\/www.estrategiaconcursos.com.br\/blog\/#\/schema\/person\/20030622a981f9a942ad6b3561fe4ca4","name":"Vinicius Silva","image":{"@type":"ImageObject","inLanguage":"pt-BR","@id":"https:\/\/secure.gravatar.com\/avatar\/604d9670a4c7eea71feaa4381f3ae97e148292ac402671c5944aa67a3d127663?s=96&d=mm&r=g","url":"https:\/\/secure.gravatar.com\/avatar\/604d9670a4c7eea71feaa4381f3ae97e148292ac402671c5944aa67a3d127663?s=96&d=mm&r=g","contentUrl":"https:\/\/secure.gravatar.com\/avatar\/604d9670a4c7eea71feaa4381f3ae97e148292ac402671c5944aa67a3d127663?s=96&d=mm&r=g","caption":"Vinicius Silva"},"url":"https:\/\/www.estrategiaconcursos.com.br\/blog\/author\/viniciussilvaestrategiaconcursos-com-br\/"}]}},"_links":{"self":[{"href":"https:\/\/www.estrategiaconcursos.com.br\/blog\/wp-json\/wp\/v2\/posts\/413309","targetHints":{"allow":["GET"]}}],"collection":[{"href":"https:\/\/www.estrategiaconcursos.com.br\/blog\/wp-json\/wp\/v2\/posts"}],"about":[{"href":"https:\/\/www.estrategiaconcursos.com.br\/blog\/wp-json\/wp\/v2\/types\/post"}],"author":[{"embeddable":true,"href":"https:\/\/www.estrategiaconcursos.com.br\/blog\/wp-json\/wp\/v2\/users\/93"}],"replies":[{"embeddable":true,"href":"https:\/\/www.estrategiaconcursos.com.br\/blog\/wp-json\/wp\/v2\/comments?post=413309"}],"version-history":[{"count":2,"href":"https:\/\/www.estrategiaconcursos.com.br\/blog\/wp-json\/wp\/v2\/posts\/413309\/revisions"}],"predecessor-version":[{"id":413322,"href":"https:\/\/www.estrategiaconcursos.com.br\/blog\/wp-json\/wp\/v2\/posts\/413309\/revisions\/413322"}],"wp:featuredmedia":[{"embeddable":true,"href":"https:\/\/www.estrategiaconcursos.com.br\/blog\/wp-json\/wp\/v2\/media\/413319"}],"wp:attachment":[{"href":"https:\/\/www.estrategiaconcursos.com.br\/blog\/wp-json\/wp\/v2\/media?parent=413309"}],"wp:term":[{"taxonomy":"category","embeddable":true,"href":"https:\/\/www.estrategiaconcursos.com.br\/blog\/wp-json\/wp\/v2\/categories?post=413309"},{"taxonomy":"post_tag","embeddable":true,"href":"https:\/\/www.estrategiaconcursos.com.br\/blog\/wp-json\/wp\/v2\/tags?post=413309"},{"taxonomy":"tax_estado","embeddable":true,"href":"https:\/\/www.estrategiaconcursos.com.br\/blog\/wp-json\/wp\/v2\/tax_estado?post=413309"}],"curies":[{"name":"wp","href":"https:\/\/api.w.org\/{rel}","templated":true}]}}