{"id":413041,"date":"2019-08-26T13:57:12","date_gmt":"2019-08-26T16:57:12","guid":{"rendered":"https:\/\/www.estrategiaconcursos.com.br\/blog\/?p=413041"},"modified":"2019-09-03T08:34:19","modified_gmt":"2019-09-03T11:34:19","slug":"concurso-alepi-edital-sera-publicado-na-proxima-segunda-feira-02-de-setembro","status":"publish","type":"post","link":"https:\/\/www.estrategiaconcursos.com.br\/blog\/concurso-alepi-edital-sera-publicado-na-proxima-segunda-feira-02-de-setembro\/","title":{"rendered":"Concurso ALEPI: Edital ser\u00e1 publicado na pr\u00f3xima segunda-feira, 02 de setembro"},"content":{"rendered":"\n<p>O edital para o concurso da Assembleia Legislativa do Piau\u00ed &#8211; ALEPI estava previsto para ser publicado nesta segunda-feira, 26 de agosto, mas teremos que aguardar mais uma semana.<\/p>\n\n\n\n<p>Isso por que a organizadora do certame, a Universidade Federal do Piau\u00ed, informou que o lan\u00e7amento ocorrer\u00e1 na pr\u00f3xima segunda-feira, 02 de setembro, com previs\u00e3o de provas em janeiro de 2020.  <\/p>\n\n\n\n<h2 class=\"wp-block-heading\">Cargos e vagas<\/h2>\n\n\n\n<p>Este\u00a0ser\u00e1 o terceiro concurso realizado pelo Legislativo e ter\u00e1 oferta de 41 vagas para os cargos de consultor legislativo, de n\u00edvel superior e assessor t\u00e9cnico legislativo, de n\u00edvel m\u00e9dio. <\/p>\n\n\n\n<p> Entre os cargos que ser\u00e3o oferecidos est\u00e3o jornalista, radialista, redator de Ata; contador, analista de sistema; assistente legislativo, taqu\u00edgrafo e bibliotec\u00e1rio.\u00a0 <\/p>\n\n\n\n<h4 class=\"wp-block-heading\"><em>N\u00edvel M\u00e9dio:<\/em><\/h4>\n\n\n\n<p>Assistente T\u00e9cnico \u2013 Qualifica\u00e7\u00e3o em Taquigrafia<br \/>Assistente T\u00e9cnico \u2013 T\u00e9cnico em Inform\u00e1tica<br \/>Assistente T\u00e9cnico \u2013 Conhecimento em Cerimonial P\u00fablico<br \/>Assistente T\u00e9cnico \u2013 Qualifica\u00e7\u00e3o em Radio Difus\u00e3o<br \/>Assistente T\u00e9cnico<\/p>\n\n\n\n<h4 class=\"wp-block-heading\"><em>N\u00edvel Superior:<\/em><\/h4>\n\n\n\n<p>Consultor Legislativo \u2013 Ci\u00eancias Jur\u00eddicas<br \/>Consultor Legislativo \u2013 Letras \/Portugu\u00eas<br \/>Consultor Legislativo \u2013 An\u00e1lise de sistemas<br \/>Consultor Legislativo \u2013 Contabilidade<br \/>Consultor Legislativo \u2013 Comunica\u00e7\u00e3o Social\/Jornalismo<br \/>Consultor Legislativo \u2013 Biblioteconomia<\/p>\n\n\n\n<p>O \u00faltimo concurso da Assembleia Legislativa aconteceu h\u00e1 cinco anos, e na oportunidade foram oferecidas vagas para os cargos de consultor legislativo, consultor especializado e fisioterapeuta. <\/p>\n\n\n\n<h2 class=\"wp-block-heading\">Remunera\u00e7\u00e3o<\/h2>\n\n\n\n<p>A estrutura remunerat\u00f3ria atual da Assembleia Legislativa do Piau\u00ed n\u00e3o est\u00e1 dispon\u00edvel. A remunera\u00e7\u00e3o inicial prevista no edital de 2012 para o cargo de\u00a0<strong>Consultor T\u00e9cnico Especializado era de R$ 4.720,46<\/strong>\u00a0para uma carga hor\u00e1ria de 30 horas semanais. <\/p>\n\n\n\n<p style=\"text-align:center\"><strong>Quer saber mais sobre este certame, etapas, cargos e vagas? Confira a mat\u00e9ria completa:<\/strong><\/p>\n\n\n\n<p style=\"text-align:center\" class=\"has-background has-medium-font-size has-light-green-cyan-background-color\"><a href=\"https:\/\/www.estrategiaconcursos.com.br\/blog\/concurso-alepi\/\"><strong>Assembleia Legislativa do Piau\u00ed<\/strong><\/a><\/p>\n\n\n\n<h2 class=\"wp-block-heading\" style=\"text-align:center\" id=\"cursos-assinatura\">Quer estudar para o concurso ALEPI?<\/h2>\n\n\n\n<p style=\"text-align:center\"><strong>Gostou dessa oportunidade e deseja se preparar para o concurso ALEPI? O Estrat\u00e9gia Concurso j\u00e1 possui cursos relacionados ao certame! Confira:<\/strong><\/p>\n\n\n\n<p style=\"text-align:center\" class=\"has-background has-medium-font-size has-luminous-vivid-amber-background-color\"><strong><a rel=\"noreferrer noopener\" href=\"https:\/\/www.estrategiaconcursos.com.br\/cursosPorConcurso\/assembleia-legislativa-do-piaui-ale-pi\/\" target=\"_blank\">Curso ALEPI<\/a><\/strong><\/p>\n\n\n\n<p style=\"text-align:center\"><strong><em>Assinatura ilimitada*<\/em><\/strong><\/p>\n\n\n\n<p style=\"text-align:center\"><em>Prepare-se com o melhor material e com quem mais aprova em Concursos P\u00fablicos em todo o pa\u00eds. Assine agora a nossa Assinatura Anual e tenha acesso ilimitado* a todos os nossos cursos.<\/em><\/p>\n\n\n\n<p class=\"has-background has-light-green-cyan-background-color\"><strong>ASSINE AGORA<\/strong>&nbsp;\u2013&nbsp;<a rel=\"noreferrer noopener\" href=\"https:\/\/www.estrategiaconcursos.com.br\/assinaturas\" target=\"_blank\"><strong>Assinatura Ilimitada<\/strong><\/a><\/p>\n\n\n\n<p style=\"text-align:center\" class=\"has-background has-pale-cyan-blue-background-color\"><strong><a href=\"https:\/\/www.estrategiaconcursos.com.br\/blog\/concursos-abertos\/\">CONCURSOS ABERTOS<\/a><\/strong><\/p>\n\n\n\n<p style=\"text-align:center\" class=\"has-background has-pale-cyan-blue-background-color\"><a href=\"https:\/\/www.estrategiaconcursos.com.br\/blog\/concursos-2019\/\"><strong>CONCURSOS 2019<\/strong><\/a><\/p>\n\n\n\n<p style=\"text-align:center\" class=\"has-background has-pale-cyan-blue-background-color\"><a href=\"https:\/\/www.estrategiaconcursos.com.br\/blog\/concursos-2020\/\"><strong>CONCURSOS<\/strong><\/a><strong><a href=\"https:\/\/www.estrategiaconcursos.com.br\/blog\/concursos-2020\/\">&nbsp;2020<\/a><\/strong><\/p>\n","protected":false},"excerpt":{"rendered":"<p>O edital para o concurso da Assembleia Legislativa do Piau\u00ed &#8211; ALEPI estava previsto para ser publicado nesta segunda-feira, 26 de agosto, mas teremos que aguardar mais uma semana. Isso por que a organizadora do certame, a Universidade Federal do Piau\u00ed, informou que o lan\u00e7amento ocorrer\u00e1 na pr\u00f3xima segunda-feira, 02 de setembro, com previs\u00e3o de [&hellip;]<\/p>\n","protected":false},"author":657,"featured_media":171804,"comment_status":"open","ping_status":"closed","sticky":false,"template":"","format":"standard","meta":{"post_tipo":"article","footnotes":""},"categories":[1],"tags":[],"tax_estado":[],"class_list":["post-413041","post","type-post","status-publish","format-standard","has-post-thumbnail","hentry","category-cursos-e-concursos"],"acf":[],"yoast_head":"<!-- This site is optimized with the Yoast SEO Premium plugin v27.2 (Yoast SEO v27.2) - https:\/\/yoast.com\/product\/yoast-seo-premium-wordpress\/ -->\n<title>Concurso ALEPI: Edital ser\u00e1 publicado na pr\u00f3xima segunda-feira, 02 de setembro<\/title>\n<meta name=\"description\" content=\"Edital previsto para 02 de setembro traz 41 vagas para m\u00e9dio e superior. Confira todas as informa\u00e7\u00f5es sobre o certame da Assembleia Legislativa do Piau\u00ed!\" \/>\n<meta name=\"robots\" content=\"index, follow, max-snippet:-1, max-image-preview:large, max-video-preview:-1\" \/>\n<link rel=\"canonical\" href=\"https:\/\/www.estrategiaconcursos.com.br\/blog\/concurso-alepi-edital-sera-publicado-na-proxima-segunda-feira-02-de-setembro\/\" \/>\n<meta property=\"og:locale\" content=\"pt_BR\" \/>\n<meta property=\"og:type\" content=\"article\" \/>\n<meta property=\"og:title\" content=\"Concurso ALEPI: Edital ser\u00e1 publicado na pr\u00f3xima segunda-feira, 02 de setembro\" \/>\n<meta property=\"og:description\" content=\"Edital previsto para 02 de setembro traz 41 vagas para m\u00e9dio e superior. Confira todas as informa\u00e7\u00f5es sobre o certame da Assembleia Legislativa do Piau\u00ed!\" \/>\n<meta property=\"og:url\" content=\"https:\/\/www.estrategiaconcursos.com.br\/blog\/concurso-alepi-edital-sera-publicado-na-proxima-segunda-feira-02-de-setembro\/\" \/>\n<meta property=\"og:site_name\" content=\"Estrat\u00e9gia Concursos\" \/>\n<meta property=\"article:published_time\" content=\"2019-08-26T16:57:12+00:00\" \/>\n<meta property=\"article:modified_time\" content=\"2019-09-03T11:34:19+00:00\" \/>\n<meta property=\"og:image\" content=\"https:\/\/dhg1h5j42swfq.cloudfront.net\/2019\/03\/16092536\/concurso-alepi.png\" \/>\n\t<meta property=\"og:image:width\" content=\"400\" \/>\n\t<meta property=\"og:image:height\" content=\"209\" \/>\n\t<meta property=\"og:image:type\" content=\"image\/png\" \/>\n<meta name=\"author\" content=\"Nat\u00e1lia Scarano\" \/>\n<meta name=\"twitter:card\" content=\"summary_large_image\" \/>\n<meta name=\"twitter:creator\" content=\"@EstratConcursos\" \/>\n<meta name=\"twitter:site\" content=\"@EstratConcursos\" \/>\n<meta name=\"twitter:label1\" content=\"Escrito por\" \/>\n\t<meta name=\"twitter:data1\" content=\"Nat\u00e1lia Scarano\" \/>\n\t<meta name=\"twitter:label2\" content=\"Est. tempo de leitura\" \/>\n\t<meta name=\"twitter:data2\" content=\"2 minutos\" \/>\n<script type=\"application\/ld+json\" class=\"yoast-schema-graph\">{\"@context\":\"https:\/\/schema.org\",\"@graph\":[{\"@type\":\"NewsArticle\",\"@id\":\"https:\/\/www.estrategiaconcursos.com.br\/blog\/concurso-alepi-edital-sera-publicado-na-proxima-segunda-feira-02-de-setembro\/#article\",\"isPartOf\":{\"@id\":\"https:\/\/www.estrategiaconcursos.com.br\/blog\/concurso-alepi-edital-sera-publicado-na-proxima-segunda-feira-02-de-setembro\/\"},\"author\":{\"name\":\"Nat\u00e1lia Scarano\",\"@id\":\"https:\/\/www.estrategiaconcursos.com.br\/blog\/#\/schema\/person\/751aedf909a9d10cb23ce6ac527ce0f2\"},\"headline\":\"Concurso ALEPI: Edital ser\u00e1 publicado na pr\u00f3xima segunda-feira, 02 de setembro\",\"datePublished\":\"2019-08-26T16:57:12+00:00\",\"dateModified\":\"2019-09-03T11:34:19+00:00\",\"mainEntityOfPage\":{\"@id\":\"https:\/\/www.estrategiaconcursos.com.br\/blog\/concurso-alepi-edital-sera-publicado-na-proxima-segunda-feira-02-de-setembro\/\"},\"wordCount\":360,\"commentCount\":0,\"publisher\":{\"@id\":\"https:\/\/www.estrategiaconcursos.com.br\/blog\/#organization\"},\"image\":{\"@id\":\"https:\/\/www.estrategiaconcursos.com.br\/blog\/concurso-alepi-edital-sera-publicado-na-proxima-segunda-feira-02-de-setembro\/#primaryimage\"},\"thumbnailUrl\":\"https:\/\/dhg1h5j42swfq.cloudfront.net\/2019\/03\/16092536\/concurso-alepi.png\",\"articleSection\":[\"Concursos P\u00fablicos\"],\"inLanguage\":\"pt-BR\",\"potentialAction\":[{\"@type\":\"CommentAction\",\"name\":\"Comment\",\"target\":[\"https:\/\/www.estrategiaconcursos.com.br\/blog\/concurso-alepi-edital-sera-publicado-na-proxima-segunda-feira-02-de-setembro\/#respond\"]}],\"copyrightYear\":\"2019\",\"copyrightHolder\":{\"@id\":\"https:\/\/www.estrategiaconcursos.com.br\/blog\/#organization\"}},{\"@type\":\"WebPage\",\"@id\":\"https:\/\/www.estrategiaconcursos.com.br\/blog\/concurso-alepi-edital-sera-publicado-na-proxima-segunda-feira-02-de-setembro\/\",\"url\":\"https:\/\/www.estrategiaconcursos.com.br\/blog\/concurso-alepi-edital-sera-publicado-na-proxima-segunda-feira-02-de-setembro\/\",\"name\":\"Concurso ALEPI: Edital ser\u00e1 publicado na pr\u00f3xima segunda-feira, 02 de setembro\",\"isPartOf\":{\"@id\":\"https:\/\/www.estrategiaconcursos.com.br\/blog\/#website\"},\"primaryImageOfPage\":{\"@id\":\"https:\/\/www.estrategiaconcursos.com.br\/blog\/concurso-alepi-edital-sera-publicado-na-proxima-segunda-feira-02-de-setembro\/#primaryimage\"},\"image\":{\"@id\":\"https:\/\/www.estrategiaconcursos.com.br\/blog\/concurso-alepi-edital-sera-publicado-na-proxima-segunda-feira-02-de-setembro\/#primaryimage\"},\"thumbnailUrl\":\"https:\/\/dhg1h5j42swfq.cloudfront.net\/2019\/03\/16092536\/concurso-alepi.png\",\"datePublished\":\"2019-08-26T16:57:12+00:00\",\"dateModified\":\"2019-09-03T11:34:19+00:00\",\"description\":\"Edital previsto para 02 de setembro traz 41 vagas para m\u00e9dio e superior. Confira todas as informa\u00e7\u00f5es sobre o certame da Assembleia Legislativa do Piau\u00ed!\",\"breadcrumb\":{\"@id\":\"https:\/\/www.estrategiaconcursos.com.br\/blog\/concurso-alepi-edital-sera-publicado-na-proxima-segunda-feira-02-de-setembro\/#breadcrumb\"},\"inLanguage\":\"pt-BR\",\"potentialAction\":[{\"@type\":\"ReadAction\",\"target\":[\"https:\/\/www.estrategiaconcursos.com.br\/blog\/concurso-alepi-edital-sera-publicado-na-proxima-segunda-feira-02-de-setembro\/\"]}]},{\"@type\":\"ImageObject\",\"inLanguage\":\"pt-BR\",\"@id\":\"https:\/\/www.estrategiaconcursos.com.br\/blog\/concurso-alepi-edital-sera-publicado-na-proxima-segunda-feira-02-de-setembro\/#primaryimage\",\"url\":\"https:\/\/dhg1h5j42swfq.cloudfront.net\/2019\/03\/16092536\/concurso-alepi.png\",\"contentUrl\":\"https:\/\/dhg1h5j42swfq.cloudfront.net\/2019\/03\/16092536\/concurso-alepi.png\",\"width\":400,\"height\":209,\"caption\":\"concurso alepi\"},{\"@type\":\"BreadcrumbList\",\"@id\":\"https:\/\/www.estrategiaconcursos.com.br\/blog\/concurso-alepi-edital-sera-publicado-na-proxima-segunda-feira-02-de-setembro\/#breadcrumb\",\"itemListElement\":[{\"@type\":\"ListItem\",\"position\":1,\"name\":\"In\u00edcio\",\"item\":\"https:\/\/www.estrategiaconcursos.com.br\/blog\/\"},{\"@type\":\"ListItem\",\"position\":2,\"name\":\"Concurso ALEPI: Edital ser\u00e1 publicado na pr\u00f3xima segunda-feira, 02 de setembro\"}]},{\"@type\":\"WebSite\",\"@id\":\"https:\/\/www.estrategiaconcursos.com.br\/blog\/#website\",\"url\":\"https:\/\/www.estrategiaconcursos.com.br\/blog\/\",\"name\":\"Estrat\u00e9gia Concursos\",\"description\":\"O blog da Estrat\u00e9gia Concursos traz not\u00edcias sobre concursos e artigos de professores oferecendo cursos para concursos (pdf + videaulas) no site.\",\"publisher\":{\"@id\":\"https:\/\/www.estrategiaconcursos.com.br\/blog\/#organization\"},\"potentialAction\":[{\"@type\":\"SearchAction\",\"target\":{\"@type\":\"EntryPoint\",\"urlTemplate\":\"https:\/\/www.estrategiaconcursos.com.br\/blog\/?s={search_term_string}\"},\"query-input\":{\"@type\":\"PropertyValueSpecification\",\"valueRequired\":true,\"valueName\":\"search_term_string\"}}],\"inLanguage\":\"pt-BR\"},{\"@type\":\"Organization\",\"@id\":\"https:\/\/www.estrategiaconcursos.com.br\/blog\/#organization\",\"name\":\"Estrat\u00e9gia Concursos\",\"url\":\"https:\/\/www.estrategiaconcursos.com.br\/blog\/\",\"logo\":{\"@type\":\"ImageObject\",\"inLanguage\":\"pt-BR\",\"@id\":\"https:\/\/www.estrategiaconcursos.com.br\/blog\/#\/schema\/logo\/image\/\",\"url\":\"https:\/\/dhg1h5j42swfq.cloudfront.net\/2025\/06\/03203428\/logo_concursos-1.jpg\",\"contentUrl\":\"https:\/\/dhg1h5j42swfq.cloudfront.net\/2025\/06\/03203428\/logo_concursos-1.jpg\",\"width\":230,\"height\":60,\"caption\":\"Estrat\u00e9gia Concursos\"},\"image\":{\"@id\":\"https:\/\/www.estrategiaconcursos.com.br\/blog\/#\/schema\/logo\/image\/\"},\"sameAs\":[\"https:\/\/x.com\/EstratConcursos\"]},{\"@type\":\"Person\",\"@id\":\"https:\/\/www.estrategiaconcursos.com.br\/blog\/#\/schema\/person\/751aedf909a9d10cb23ce6ac527ce0f2\",\"name\":\"Nat\u00e1lia Scarano\",\"image\":{\"@type\":\"ImageObject\",\"inLanguage\":\"pt-BR\",\"@id\":\"https:\/\/secure.gravatar.com\/avatar\/8a889b8db3dbd227a1a78627357ec8fe64f5e99189d1889a270127828ab372ac?s=96&d=mm&r=g\",\"url\":\"https:\/\/secure.gravatar.com\/avatar\/8a889b8db3dbd227a1a78627357ec8fe64f5e99189d1889a270127828ab372ac?s=96&d=mm&r=g\",\"contentUrl\":\"https:\/\/secure.gravatar.com\/avatar\/8a889b8db3dbd227a1a78627357ec8fe64f5e99189d1889a270127828ab372ac?s=96&d=mm&r=g\",\"caption\":\"Nat\u00e1lia Scarano\"},\"description\":\"Jornalista, formada e p\u00f3s graduada pelo IESB, faz parte do time de jornalistas do Estrat\u00e9gia desde 2017. Possui familiaridade com as \u00e1reas de Tribunais, Defensorias, Procuradorias, Minist\u00e9rios P\u00fablicos, Conselhos, Educa\u00e7\u00e3o, \u00c1rea de Seguran\u00e7a, concursos de Carreiras Jur\u00eddicas e OAB. Experi\u00eancia em marketing digital, assessoria de comunica\u00e7\u00e3o e institucional na \u00e1rea privada e p\u00fablica, com atua\u00e7\u00e3o em \u00f3rg\u00e3os como CGU, Cofen e CNM.\",\"url\":\"https:\/\/www.estrategiaconcursos.com.br\/blog\/author\/natalia-scaranoestrategiaconcursos-com-br\/\"}]}<\/script>\n<!-- \/ Yoast SEO Premium plugin. -->","yoast_head_json":{"title":"Concurso ALEPI: Edital ser\u00e1 publicado na pr\u00f3xima segunda-feira, 02 de setembro","description":"Edital previsto para 02 de setembro traz 41 vagas para m\u00e9dio e superior. Confira todas as informa\u00e7\u00f5es sobre o certame da Assembleia Legislativa do Piau\u00ed!","robots":{"index":"index","follow":"follow","max-snippet":"max-snippet:-1","max-image-preview":"max-image-preview:large","max-video-preview":"max-video-preview:-1"},"canonical":"https:\/\/www.estrategiaconcursos.com.br\/blog\/concurso-alepi-edital-sera-publicado-na-proxima-segunda-feira-02-de-setembro\/","og_locale":"pt_BR","og_type":"article","og_title":"Concurso ALEPI: Edital ser\u00e1 publicado na pr\u00f3xima segunda-feira, 02 de setembro","og_description":"Edital previsto para 02 de setembro traz 41 vagas para m\u00e9dio e superior. Confira todas as informa\u00e7\u00f5es sobre o certame da Assembleia Legislativa do Piau\u00ed!","og_url":"https:\/\/www.estrategiaconcursos.com.br\/blog\/concurso-alepi-edital-sera-publicado-na-proxima-segunda-feira-02-de-setembro\/","og_site_name":"Estrat\u00e9gia Concursos","article_published_time":"2019-08-26T16:57:12+00:00","article_modified_time":"2019-09-03T11:34:19+00:00","og_image":[{"width":400,"height":209,"url":"https:\/\/dhg1h5j42swfq.cloudfront.net\/2019\/03\/16092536\/concurso-alepi.png","type":"image\/png"}],"author":"Nat\u00e1lia Scarano","twitter_card":"summary_large_image","twitter_creator":"@EstratConcursos","twitter_site":"@EstratConcursos","twitter_misc":{"Escrito por":"Nat\u00e1lia Scarano","Est. tempo de leitura":"2 minutos"},"schema":{"@context":"https:\/\/schema.org","@graph":[{"@type":"NewsArticle","@id":"https:\/\/www.estrategiaconcursos.com.br\/blog\/concurso-alepi-edital-sera-publicado-na-proxima-segunda-feira-02-de-setembro\/#article","isPartOf":{"@id":"https:\/\/www.estrategiaconcursos.com.br\/blog\/concurso-alepi-edital-sera-publicado-na-proxima-segunda-feira-02-de-setembro\/"},"author":{"name":"Nat\u00e1lia Scarano","@id":"https:\/\/www.estrategiaconcursos.com.br\/blog\/#\/schema\/person\/751aedf909a9d10cb23ce6ac527ce0f2"},"headline":"Concurso ALEPI: Edital ser\u00e1 publicado na pr\u00f3xima segunda-feira, 02 de setembro","datePublished":"2019-08-26T16:57:12+00:00","dateModified":"2019-09-03T11:34:19+00:00","mainEntityOfPage":{"@id":"https:\/\/www.estrategiaconcursos.com.br\/blog\/concurso-alepi-edital-sera-publicado-na-proxima-segunda-feira-02-de-setembro\/"},"wordCount":360,"commentCount":0,"publisher":{"@id":"https:\/\/www.estrategiaconcursos.com.br\/blog\/#organization"},"image":{"@id":"https:\/\/www.estrategiaconcursos.com.br\/blog\/concurso-alepi-edital-sera-publicado-na-proxima-segunda-feira-02-de-setembro\/#primaryimage"},"thumbnailUrl":"https:\/\/dhg1h5j42swfq.cloudfront.net\/2019\/03\/16092536\/concurso-alepi.png","articleSection":["Concursos P\u00fablicos"],"inLanguage":"pt-BR","potentialAction":[{"@type":"CommentAction","name":"Comment","target":["https:\/\/www.estrategiaconcursos.com.br\/blog\/concurso-alepi-edital-sera-publicado-na-proxima-segunda-feira-02-de-setembro\/#respond"]}],"copyrightYear":"2019","copyrightHolder":{"@id":"https:\/\/www.estrategiaconcursos.com.br\/blog\/#organization"}},{"@type":"WebPage","@id":"https:\/\/www.estrategiaconcursos.com.br\/blog\/concurso-alepi-edital-sera-publicado-na-proxima-segunda-feira-02-de-setembro\/","url":"https:\/\/www.estrategiaconcursos.com.br\/blog\/concurso-alepi-edital-sera-publicado-na-proxima-segunda-feira-02-de-setembro\/","name":"Concurso ALEPI: Edital ser\u00e1 publicado na pr\u00f3xima segunda-feira, 02 de setembro","isPartOf":{"@id":"https:\/\/www.estrategiaconcursos.com.br\/blog\/#website"},"primaryImageOfPage":{"@id":"https:\/\/www.estrategiaconcursos.com.br\/blog\/concurso-alepi-edital-sera-publicado-na-proxima-segunda-feira-02-de-setembro\/#primaryimage"},"image":{"@id":"https:\/\/www.estrategiaconcursos.com.br\/blog\/concurso-alepi-edital-sera-publicado-na-proxima-segunda-feira-02-de-setembro\/#primaryimage"},"thumbnailUrl":"https:\/\/dhg1h5j42swfq.cloudfront.net\/2019\/03\/16092536\/concurso-alepi.png","datePublished":"2019-08-26T16:57:12+00:00","dateModified":"2019-09-03T11:34:19+00:00","description":"Edital previsto para 02 de setembro traz 41 vagas para m\u00e9dio e superior. Confira todas as informa\u00e7\u00f5es sobre o certame da Assembleia Legislativa do Piau\u00ed!","breadcrumb":{"@id":"https:\/\/www.estrategiaconcursos.com.br\/blog\/concurso-alepi-edital-sera-publicado-na-proxima-segunda-feira-02-de-setembro\/#breadcrumb"},"inLanguage":"pt-BR","potentialAction":[{"@type":"ReadAction","target":["https:\/\/www.estrategiaconcursos.com.br\/blog\/concurso-alepi-edital-sera-publicado-na-proxima-segunda-feira-02-de-setembro\/"]}]},{"@type":"ImageObject","inLanguage":"pt-BR","@id":"https:\/\/www.estrategiaconcursos.com.br\/blog\/concurso-alepi-edital-sera-publicado-na-proxima-segunda-feira-02-de-setembro\/#primaryimage","url":"https:\/\/dhg1h5j42swfq.cloudfront.net\/2019\/03\/16092536\/concurso-alepi.png","contentUrl":"https:\/\/dhg1h5j42swfq.cloudfront.net\/2019\/03\/16092536\/concurso-alepi.png","width":400,"height":209,"caption":"concurso alepi"},{"@type":"BreadcrumbList","@id":"https:\/\/www.estrategiaconcursos.com.br\/blog\/concurso-alepi-edital-sera-publicado-na-proxima-segunda-feira-02-de-setembro\/#breadcrumb","itemListElement":[{"@type":"ListItem","position":1,"name":"In\u00edcio","item":"https:\/\/www.estrategiaconcursos.com.br\/blog\/"},{"@type":"ListItem","position":2,"name":"Concurso ALEPI: Edital ser\u00e1 publicado na pr\u00f3xima segunda-feira, 02 de setembro"}]},{"@type":"WebSite","@id":"https:\/\/www.estrategiaconcursos.com.br\/blog\/#website","url":"https:\/\/www.estrategiaconcursos.com.br\/blog\/","name":"Estrat\u00e9gia Concursos","description":"O blog da Estrat\u00e9gia Concursos traz not\u00edcias sobre concursos e artigos de professores oferecendo cursos para concursos (pdf + videaulas) no site.","publisher":{"@id":"https:\/\/www.estrategiaconcursos.com.br\/blog\/#organization"},"potentialAction":[{"@type":"SearchAction","target":{"@type":"EntryPoint","urlTemplate":"https:\/\/www.estrategiaconcursos.com.br\/blog\/?s={search_term_string}"},"query-input":{"@type":"PropertyValueSpecification","valueRequired":true,"valueName":"search_term_string"}}],"inLanguage":"pt-BR"},{"@type":"Organization","@id":"https:\/\/www.estrategiaconcursos.com.br\/blog\/#organization","name":"Estrat\u00e9gia Concursos","url":"https:\/\/www.estrategiaconcursos.com.br\/blog\/","logo":{"@type":"ImageObject","inLanguage":"pt-BR","@id":"https:\/\/www.estrategiaconcursos.com.br\/blog\/#\/schema\/logo\/image\/","url":"https:\/\/dhg1h5j42swfq.cloudfront.net\/2025\/06\/03203428\/logo_concursos-1.jpg","contentUrl":"https:\/\/dhg1h5j42swfq.cloudfront.net\/2025\/06\/03203428\/logo_concursos-1.jpg","width":230,"height":60,"caption":"Estrat\u00e9gia Concursos"},"image":{"@id":"https:\/\/www.estrategiaconcursos.com.br\/blog\/#\/schema\/logo\/image\/"},"sameAs":["https:\/\/x.com\/EstratConcursos"]},{"@type":"Person","@id":"https:\/\/www.estrategiaconcursos.com.br\/blog\/#\/schema\/person\/751aedf909a9d10cb23ce6ac527ce0f2","name":"Nat\u00e1lia Scarano","image":{"@type":"ImageObject","inLanguage":"pt-BR","@id":"https:\/\/secure.gravatar.com\/avatar\/8a889b8db3dbd227a1a78627357ec8fe64f5e99189d1889a270127828ab372ac?s=96&d=mm&r=g","url":"https:\/\/secure.gravatar.com\/avatar\/8a889b8db3dbd227a1a78627357ec8fe64f5e99189d1889a270127828ab372ac?s=96&d=mm&r=g","contentUrl":"https:\/\/secure.gravatar.com\/avatar\/8a889b8db3dbd227a1a78627357ec8fe64f5e99189d1889a270127828ab372ac?s=96&d=mm&r=g","caption":"Nat\u00e1lia Scarano"},"description":"Jornalista, formada e p\u00f3s graduada pelo IESB, faz parte do time de jornalistas do Estrat\u00e9gia desde 2017. Possui familiaridade com as \u00e1reas de Tribunais, Defensorias, Procuradorias, Minist\u00e9rios P\u00fablicos, Conselhos, Educa\u00e7\u00e3o, \u00c1rea de Seguran\u00e7a, concursos de Carreiras Jur\u00eddicas e OAB. Experi\u00eancia em marketing digital, assessoria de comunica\u00e7\u00e3o e institucional na \u00e1rea privada e p\u00fablica, com atua\u00e7\u00e3o em \u00f3rg\u00e3os como CGU, Cofen e CNM.","url":"https:\/\/www.estrategiaconcursos.com.br\/blog\/author\/natalia-scaranoestrategiaconcursos-com-br\/"}]}},"_links":{"self":[{"href":"https:\/\/www.estrategiaconcursos.com.br\/blog\/wp-json\/wp\/v2\/posts\/413041","targetHints":{"allow":["GET"]}}],"collection":[{"href":"https:\/\/www.estrategiaconcursos.com.br\/blog\/wp-json\/wp\/v2\/posts"}],"about":[{"href":"https:\/\/www.estrategiaconcursos.com.br\/blog\/wp-json\/wp\/v2\/types\/post"}],"author":[{"embeddable":true,"href":"https:\/\/www.estrategiaconcursos.com.br\/blog\/wp-json\/wp\/v2\/users\/657"}],"replies":[{"embeddable":true,"href":"https:\/\/www.estrategiaconcursos.com.br\/blog\/wp-json\/wp\/v2\/comments?post=413041"}],"version-history":[{"count":1,"href":"https:\/\/www.estrategiaconcursos.com.br\/blog\/wp-json\/wp\/v2\/posts\/413041\/revisions"}],"predecessor-version":[{"id":413052,"href":"https:\/\/www.estrategiaconcursos.com.br\/blog\/wp-json\/wp\/v2\/posts\/413041\/revisions\/413052"}],"wp:featuredmedia":[{"embeddable":true,"href":"https:\/\/www.estrategiaconcursos.com.br\/blog\/wp-json\/wp\/v2\/media\/171804"}],"wp:attachment":[{"href":"https:\/\/www.estrategiaconcursos.com.br\/blog\/wp-json\/wp\/v2\/media?parent=413041"}],"wp:term":[{"taxonomy":"category","embeddable":true,"href":"https:\/\/www.estrategiaconcursos.com.br\/blog\/wp-json\/wp\/v2\/categories?post=413041"},{"taxonomy":"post_tag","embeddable":true,"href":"https:\/\/www.estrategiaconcursos.com.br\/blog\/wp-json\/wp\/v2\/tags?post=413041"},{"taxonomy":"tax_estado","embeddable":true,"href":"https:\/\/www.estrategiaconcursos.com.br\/blog\/wp-json\/wp\/v2\/tax_estado?post=413041"}],"curies":[{"name":"wp","href":"https:\/\/api.w.org\/{rel}","templated":true}]}}