{"id":413022,"date":"2019-08-26T12:50:29","date_gmt":"2019-08-26T15:50:29","guid":{"rendered":"https:\/\/www.estrategiaconcursos.com.br\/blog\/?p=413022"},"modified":"2019-08-26T12:50:32","modified_gmt":"2019-08-26T15:50:32","slug":"brb-prova-de-nivel-superior-comentarios-de-conhecimentos-sobre-o-distrito-federal-e-sobre-a-ride-recurso","status":"publish","type":"post","link":"https:\/\/www.estrategiaconcursos.com.br\/blog\/brb-prova-de-nivel-superior-comentarios-de-conhecimentos-sobre-o-distrito-federal-e-sobre-a-ride-recurso\/","title":{"rendered":"BRB &#8211; Prova de N\u00edvel Superior &#8211; Coment\u00e1rios de CONHECIMENTOS SOBRE O DISTRITO FEDERAL E SOBRE A RIDE &#8211; RECURSO"},"content":{"rendered":"\n<p>Ol\u00e1 pessoal,<\/p>\n\n\n\n<p>Tudo bem com voc\u00eas? Foram duas quest\u00f5es\nda nossa disciplina. Como foram? Acertaram as duas? ?<\/p>\n\n\n\n<p>Verifiquem se a ordem das afirmativas das quest\u00f5es que estou comentando \u00e9 a mesma ordem das afirmativas da prova de voc\u00eas.<\/p>\n\n\n\n<p>Entendo que pode caber recurso na quest\u00e3o 20, pois a afirmativa \u201cD\u201d tamb\u00e9m estaria correta. Ela esta mal elaborada pelo examinador. Na minha disciplina, o examinador, infelizmente, tem um hist\u00f3rico, de se atrapalhar, de n\u00e3o elaborar adequadamente o texto de algumas das quest\u00f5es. V\u00e1rias quest\u00f5es j\u00e1 foram anuladas em provas de outros concursos, por incorre\u00e7\u00f5es do examinador.<\/p>\n\n\n\n<p>Quem estudou adequadamente pelo meu\ncurso acertou o gabarito da quest\u00e3o 20. Por\u00e9m, n\u00e3o posso deixar de ser preciso nos\nmeus ensinamentos. Vejam o que comentei na quest\u00e3o. Quem achar que cabe\nrecurso, pode recorrer nesta quest\u00e3o.<\/p>\n\n\n\n<p>Vamos aos coment\u00e1rios.<\/p>\n\n\n\n<p><strong>Quest\u00e3o\n19<\/strong><\/p>\n\n\n\n<table class=\"wp-block-table\"><tbody><tr><td>Renda, Pobreza e Desigualdade &#8211; Munic\u00edpio &#8211; Bras\u00edlia &#8211; DF   <\/td><\/tr><tr><td>\n  <strong>&nbsp;<\/strong>\n  <\/td><td><strong>1991<\/strong>   <\/td><td>\n  <strong>2000<\/strong>\n  <\/td><td>\n  <strong>2010<\/strong>\n  <\/td><\/tr><tr><td>\n  Renda <em>per capita<\/em><strong><\/strong>\n  <\/td><td>916,00   <\/td><td>1.199,44   <\/td><td>1.715,11   <\/td><\/tr><tr><td>\n  % de extremamente pobres\n  <\/td><td> 3,99   <\/td><td>\n  3,28\n  <\/td><td>\n  1,19\n  <\/td><\/tr><tr><td>\n  % de pobres\n  <\/td><td>14,97   <\/td><td>\n  12,28\n  <\/td><td>\n  4,93\n  <\/td><\/tr><tr><td>\n  \u00cdndice de Gini\n  <\/td><td> 0,62   <\/td><td>\n  0,63\n  <\/td><td>\n  0,63\n  <\/td><\/tr><\/tbody><\/table>\n\n\n\n<p style=\"text-align:center\">Fonte:\nPNUD, Ipea e FJP. Dispon\u00edvel em: &lt;http:\/\/www.atlasbrasil.org.br&gt;. Acesso\nem: 23 maio 2019.<\/p>\n\n\n\n<p>Em rela\u00e7\u00e3o\naos dados apresentados, assinale a alternativa correta.<\/p>\n\n\n\n<p><strong>(A)\n<\/strong>A renda m\u00e9dia <em>per capita <\/em>de Bras\u00edlia cresceu\n51% nas d\u00e9cadas apresentadas na tabela.<\/p>\n\n\n\n<p><strong>(B)\n<\/strong>O grau de concentra\u00e7\u00e3o de renda em Bras\u00edlia cresceu\nem 2010, quando comparado com o ano de 1991.<\/p>\n\n\n\n<p><strong>(C)\n<\/strong>A taxa m\u00e9dia de crescimento foi de 4,04% entre 1991\ne 2000.<\/p>\n\n\n\n<p><strong>(D)\n<\/strong>A propor\u00e7\u00e3o de pessoas pobres em Bras\u00edlia aumentou significativamente\nna \u00faltima d\u00e9cada apresentada.<\/p>\n\n\n\n<p><strong>(E)\n<\/strong>A diferen\u00e7a entre os rendimentos dos mais pobres e dos\nmais ricos reduziu drasticamente nas d\u00e9cadas apresentadas na tabela.<\/p>\n\n\n\n<p><strong>COMENT\u00c1RIOS:<\/strong><\/p>\n\n\n\n<p>Quest\u00e3o\nmuito f\u00e1cil, para respond\u00ea-la, bastava analisar a tabela. Na quest\u00e3o, o\nexaminador define Bras\u00edlia como sendo todo o Distrito Federal. Legalmente,\nBras\u00edlia n\u00e3o \u00e9 um munic\u00edpio, mas isso n\u00e3o invalida a quest\u00e3o. O examinador deve\nter pegado os dados de algum site comparativo entre munic\u00edpios do Brasil. Em\ncompara\u00e7\u00f5es entre munic\u00edpios, Bras\u00edlia aparece como sendo um munic\u00edpio. <\/p>\n\n\n\n<p><strong>(A)\nIncorreta. <\/strong>Pode-se verificar na tabela que a renda\nm\u00e9dia <em>per capita <\/em>de Bras\u00edlia cresceu mais de 80% entre as d\u00e9cadas de\n1991 e 2010. O DF possui a maior renda m\u00e9dia <em>per capita<\/em> do Brasil. <\/p>\n\n\n\n<p><strong>(B)\nCorreta. <\/strong>Quem foi meu aluno estudou o que \u00e9 o \u00cdndice de Gini. Conforme a\ntabela, o indicador cresceu em 2010 \u2013 0,63 &#8211; quando\ncomparado com o ano de 1991 \u2013 0,62. Foi um aumento muito pequeno, mas cresceu.<\/p>\n\n\n\n<p><strong>(C)\nIncorreta. <\/strong>Afirmativa sem nexo. Taxa m\u00e9dia de\ncrescimento de qual par\u00e2metro? O examinador n\u00e3o informou. Pegadinha para\nenganar os distra\u00eddos.<\/p>\n\n\n\n<p><strong>(D)\nIncorreta. <\/strong>Conforme a tabela, a propor\u00e7\u00e3o de\npessoas pobres diminuiu significativamente em 2010, em compara\u00e7\u00e3o com o ano\n2000. <\/p>\n\n\n\n<p><strong>(E)\nIncorreta. <\/strong>Conforme o \u00cdndice de Gini, a diferen\u00e7a\nentre os rendimentos dos mais pobres e dos mais ricos teve um pequeno aumento\nentre 1991 e 2010. <\/p>\n\n\n\n<p><strong>Gabarito:\nB<\/strong><\/p>\n\n\n\n<p><strong>Quest\u00e3o\n20<\/strong><\/p>\n\n\n\n<p>A\nConstitui\u00e7\u00e3o vigente produz uma significativa revolu\u00e7\u00e3o na natureza jur\u00eddica e\npol\u00edtica do Distrito Federal (DF). A Rep\u00fablica Federativa do Brasil \u00e9 formada\npela uni\u00e3o indissol\u00favel dos estados, dos munic\u00edpios e tamb\u00e9m do DF.<br \/>\nDispon\u00edvel em: &lt;http:\/\/www2.senado.leg.br&gt;. Acesso em: 23 maio 2019, com\nadapta\u00e7\u00f5es.<\/p>\n\n\n\n<p>Quanto\n\u00e0 natureza jur\u00eddica e pol\u00edtica do DF, assinale a alternativa correta.<\/p>\n\n\n\n<p><strong>(A)\n<\/strong>O DF, por for\u00e7a de lei, ainda n\u00e3o possui autonomia pol\u00edtico-administrativa.<\/p>\n\n\n\n<p><strong>(B)\n<\/strong>O DF pode, conforme a lei, ser divido em\nmunic\u00edpios.<\/p>\n\n\n\n<p><strong>(C)\n<\/strong>O DF pode, segundo a lei, realizar elei\u00e7\u00f5es gerais para\nadministradores regionais.<\/p>\n\n\n\n<p><strong>(D)\n<\/strong>O texto constitucional oferece ao DF as\ncompet\u00eancias legislativas reservadas aos munic\u00edpios, sem representa\u00e7\u00e3o no\nCongresso Nacional.<\/p>\n\n\n\n<p><strong>(E)\n<\/strong>O DF possui uma natureza singular, h\u00edbrida, de estado\ne tamb\u00e9m de munic\u00edpio.<\/p>\n\n\n\n<p><strong>COMENT\u00c1RIOS: <\/strong><\/p>\n\n\n\n<p><strong>(A) Incorreta. <\/strong>O DF possui autonomia pol\u00edtico-administrativa nos termos da Constitui\u00e7\u00e3o Federal. Possui capacidade de auto-organiza\u00e7\u00e3o, autolegisla\u00e7\u00e3o, autogoverno e autoadministra\u00e7\u00e3o. <\/p>\n\n\n\n<p><strong>(B) Incorreta. <\/strong>Conforme\na Constitui\u00e7\u00e3o Federal, o DF n\u00e3o pode ser dividido em munic\u00edpios.<\/p>\n\n\n\n<p><strong>(C)\nIncorreta. <\/strong>O artigo 10\u00ba,\u00a7 1\u00ba da\nLei Org\u00e2nica do Distrito Federal (LODF) estabelece que \u201ca lei dispor\u00e1 sobre a\nparticipa\u00e7\u00e3o popular no processo de escolha do Administrador Regional\u201d. A Lei\nn\u00ba 6.260\/2019 regulamente este dispositivo. Ela \u201cdisp\u00f5e sobre a\nparticipa\u00e7\u00e3o popular no processo de escolha de administrador regional e d\u00e1\noutras provid\u00eancias. O artigo 1\u00ba da norma diz que \u201ccada administra\u00e7\u00e3o\nregional \u00e9 chefiada por um administrador regional, nomeado pelo Governador,\nap\u00f3s ser escolhido pela popula\u00e7\u00e3o na forma desta Lei\u201d. O artigo 11\nestabelece que podem \u201cvotar no processo de escolha do administrador regional\nqualquer eleitor inscrito em se\u00e7\u00e3o eleitoral da regi\u00e3o administrativa\nrespectiva\u201d. Vejam que a LODF e a lei em quest\u00e3o fazem refer\u00eancia \u00e0\nparticipa\u00e7\u00e3o popular. Embora a lei disponha sobre uma vota\u00e7\u00e3o, quem nomeia o eleito\n\u00e9 o Governador do Distrito Federal. Que tamb\u00e9m tem o poder de exonera-lo. O\nadministrador regional continua sendo um cargo em comiss\u00e3o. Assim, podemos\nentender que existe uma vota\u00e7\u00e3o, por meio da participa\u00e7\u00e3o popular, mas n\u00e3o\nseria exatamente uma elei\u00e7\u00e3o geral em sentido estrito. &nbsp;<\/p>\n\n\n\n<p><strong>(D) Incorreta. <\/strong>\u00a0Disp\u00f5e o artigo 32\u00ba, \u00a7 1\u00ba da Constitui\u00e7\u00e3o Federal que <strong>ao Distrito Federal s\u00e3o atribu\u00eddas as compet\u00eancias legislativas reservadas aos estados e munic\u00edpios<\/strong>. Mas esta afirmativa pode ser questionada, pode ser considerada como correta tamb\u00e9m. Assim, <strong>cabe recurso solicitando a anula\u00e7\u00e3o da quest\u00e3o, por ela ter duas afirmativas corretas<\/strong>. \u00a0A afirmativa diz que \u201co texto constitucional oferece ao DF as compet\u00eancias legislativas reservadas aos munic\u00edpios\u201d. Est\u00e1 certo, n\u00e3o precisa citar tamb\u00e9m que cabe ao DF as compet\u00eancias legislativas reservadas aos estados. O fato de n\u00e3o citar, n\u00e3o a torna incorreta. Estaria incorreta se afirmasse que o texto constitucional oferece ao DF somente as compet\u00eancias legislativas reservadas aos munic\u00edpios. E isso a afirmativa n\u00e3o diz. A segunda parte da afirmativa tamb\u00e9m est\u00e1 correta. Os munic\u00edpios n\u00e3o possuem representa\u00e7\u00e3o no Congresso Nacional. A C\u00e2mara dos Deputados \u00e9 composta de representantes do povo (artigo 45 da Constitui\u00e7\u00e3o Federal) e o Senado Federal \u00e9 composto de representantes dos Estados e do Distrito Federal (artigo 46 da Constitui\u00e7\u00e3o Federal). Ou seja, quem tem representa\u00e7\u00e3o no Congresso Nacional \u00e9 o povo e os Estados e o Distrito Federal. Os munic\u00edpios n\u00e3o t\u00eam representa\u00e7\u00e3o no Congresso Nacional.<\/p>\n\n\n\n<p><strong>(E) <\/strong><strong>Correta. <\/strong>O DF possui uma natureza singular, h\u00edbrida, acumula\nas compet\u00eancias executivas e legislativas reservadas aos estados e munic\u00edpios, nos\ntermos da Constitui\u00e7\u00e3o do Brasil de 1988.<\/p>\n\n\n\n<p><strong>Gabarito:\nE<\/strong><\/p>\n\n\n\n<p>Sucesso no concurso!<\/p>\n\n\n\n<p>Professor Leandro\nSignori<br \/>\n<br \/>\n<\/p>\n","protected":false},"excerpt":{"rendered":"<p>Ol\u00e1 pessoal, Tudo bem com voc\u00eas? Foram duas quest\u00f5es da nossa disciplina. Como foram? Acertaram as duas? ? Verifiquem se a ordem das afirmativas das quest\u00f5es que estou comentando \u00e9 a mesma ordem das afirmativas da prova de voc\u00eas. Entendo que pode caber recurso na quest\u00e3o 20, pois a afirmativa \u201cD\u201d tamb\u00e9m estaria correta. Ela [&hellip;]<\/p>\n","protected":false},"author":306,"featured_media":0,"comment_status":"open","ping_status":"closed","sticky":false,"template":"","format":"standard","meta":{"post_tipo":"article","footnotes":""},"categories":[2313,1],"tags":[],"tax_estado":[],"class_list":["post-413022","post","type-post","status-publish","format-standard","hentry","category-carreiras-bancarias","category-cursos-e-concursos"],"acf":[],"yoast_head":"<!-- This site is optimized with the Yoast SEO Premium plugin v27.2 (Yoast SEO v27.2) - https:\/\/yoast.com\/product\/yoast-seo-premium-wordpress\/ -->\n<title>BRB - Prova de N\u00edvel Superior - Coment\u00e1rios de CONHECIMENTOS SOBRE O DISTRITO FEDERAL E SOBRE A RIDE - RECURSO<\/title>\n<meta name=\"robots\" content=\"index, follow, max-snippet:-1, max-image-preview:large, max-video-preview:-1\" \/>\n<link rel=\"canonical\" href=\"https:\/\/www.estrategiaconcursos.com.br\/blog\/brb-prova-de-nivel-superior-comentarios-de-conhecimentos-sobre-o-distrito-federal-e-sobre-a-ride-recurso\/\" \/>\n<meta property=\"og:locale\" content=\"pt_BR\" \/>\n<meta property=\"og:type\" content=\"article\" \/>\n<meta property=\"og:title\" content=\"BRB - Prova de N\u00edvel Superior - Coment\u00e1rios de CONHECIMENTOS SOBRE O DISTRITO FEDERAL E SOBRE A RIDE - RECURSO\" \/>\n<meta property=\"og:description\" content=\"Ol\u00e1 pessoal, Tudo bem com voc\u00eas? Foram duas quest\u00f5es da nossa disciplina. Como foram? Acertaram as duas? ? Verifiquem se a ordem das afirmativas das quest\u00f5es que estou comentando \u00e9 a mesma ordem das afirmativas da prova de voc\u00eas. Entendo que pode caber recurso na quest\u00e3o 20, pois a afirmativa \u201cD\u201d tamb\u00e9m estaria correta. Ela [&hellip;]\" \/>\n<meta property=\"og:url\" content=\"https:\/\/www.estrategiaconcursos.com.br\/blog\/brb-prova-de-nivel-superior-comentarios-de-conhecimentos-sobre-o-distrito-federal-e-sobre-a-ride-recurso\/\" \/>\n<meta property=\"og:site_name\" content=\"Estrat\u00e9gia Concursos\" \/>\n<meta property=\"article:author\" content=\"https:\/\/www.facebook.com\/leandrosignoriatualidades\/\" \/>\n<meta property=\"article:published_time\" content=\"2019-08-26T15:50:29+00:00\" \/>\n<meta property=\"article:modified_time\" content=\"2019-08-26T15:50:32+00:00\" \/>\n<meta name=\"author\" content=\"Leandro Signori\" \/>\n<meta name=\"twitter:card\" content=\"summary_large_image\" \/>\n<meta name=\"twitter:creator\" content=\"@EstratConcursos\" \/>\n<meta name=\"twitter:site\" content=\"@EstratConcursos\" \/>\n<meta name=\"twitter:label1\" content=\"Escrito por\" \/>\n\t<meta name=\"twitter:data1\" content=\"Leandro Signori\" \/>\n\t<meta name=\"twitter:label2\" content=\"Est. tempo de leitura\" \/>\n\t<meta name=\"twitter:data2\" content=\"6 minutos\" \/>\n<script type=\"application\/ld+json\" class=\"yoast-schema-graph\">{\"@context\":\"https:\/\/schema.org\",\"@graph\":[{\"@type\":\"NewsArticle\",\"@id\":\"https:\/\/www.estrategiaconcursos.com.br\/blog\/brb-prova-de-nivel-superior-comentarios-de-conhecimentos-sobre-o-distrito-federal-e-sobre-a-ride-recurso\/#article\",\"isPartOf\":{\"@id\":\"https:\/\/www.estrategiaconcursos.com.br\/blog\/brb-prova-de-nivel-superior-comentarios-de-conhecimentos-sobre-o-distrito-federal-e-sobre-a-ride-recurso\/\"},\"author\":{\"name\":\"Leandro Signori\",\"@id\":\"https:\/\/www.estrategiaconcursos.com.br\/blog\/#\/schema\/person\/d2e7d78de4b9d6ba51cc24fd558a7f42\"},\"headline\":\"BRB &#8211; Prova de N\u00edvel Superior &#8211; Coment\u00e1rios de CONHECIMENTOS SOBRE O DISTRITO FEDERAL E SOBRE A RIDE &#8211; RECURSO\",\"datePublished\":\"2019-08-26T15:50:29+00:00\",\"dateModified\":\"2019-08-26T15:50:32+00:00\",\"mainEntityOfPage\":{\"@id\":\"https:\/\/www.estrategiaconcursos.com.br\/blog\/brb-prova-de-nivel-superior-comentarios-de-conhecimentos-sobre-o-distrito-federal-e-sobre-a-ride-recurso\/\"},\"wordCount\":1167,\"commentCount\":0,\"publisher\":{\"@id\":\"https:\/\/www.estrategiaconcursos.com.br\/blog\/#organization\"},\"articleSection\":[\"Banc\u00e1ria (BB, CEF e Bancos Estaduais)\",\"Concursos P\u00fablicos\"],\"inLanguage\":\"pt-BR\",\"potentialAction\":[{\"@type\":\"CommentAction\",\"name\":\"Comment\",\"target\":[\"https:\/\/www.estrategiaconcursos.com.br\/blog\/brb-prova-de-nivel-superior-comentarios-de-conhecimentos-sobre-o-distrito-federal-e-sobre-a-ride-recurso\/#respond\"]}],\"copyrightYear\":\"2019\",\"copyrightHolder\":{\"@id\":\"https:\/\/www.estrategiaconcursos.com.br\/blog\/#organization\"}},{\"@type\":\"WebPage\",\"@id\":\"https:\/\/www.estrategiaconcursos.com.br\/blog\/brb-prova-de-nivel-superior-comentarios-de-conhecimentos-sobre-o-distrito-federal-e-sobre-a-ride-recurso\/\",\"url\":\"https:\/\/www.estrategiaconcursos.com.br\/blog\/brb-prova-de-nivel-superior-comentarios-de-conhecimentos-sobre-o-distrito-federal-e-sobre-a-ride-recurso\/\",\"name\":\"BRB - Prova de N\u00edvel Superior - Coment\u00e1rios de CONHECIMENTOS SOBRE O DISTRITO FEDERAL E SOBRE A RIDE - RECURSO\",\"isPartOf\":{\"@id\":\"https:\/\/www.estrategiaconcursos.com.br\/blog\/#website\"},\"datePublished\":\"2019-08-26T15:50:29+00:00\",\"dateModified\":\"2019-08-26T15:50:32+00:00\",\"breadcrumb\":{\"@id\":\"https:\/\/www.estrategiaconcursos.com.br\/blog\/brb-prova-de-nivel-superior-comentarios-de-conhecimentos-sobre-o-distrito-federal-e-sobre-a-ride-recurso\/#breadcrumb\"},\"inLanguage\":\"pt-BR\",\"potentialAction\":[{\"@type\":\"ReadAction\",\"target\":[\"https:\/\/www.estrategiaconcursos.com.br\/blog\/brb-prova-de-nivel-superior-comentarios-de-conhecimentos-sobre-o-distrito-federal-e-sobre-a-ride-recurso\/\"]}]},{\"@type\":\"BreadcrumbList\",\"@id\":\"https:\/\/www.estrategiaconcursos.com.br\/blog\/brb-prova-de-nivel-superior-comentarios-de-conhecimentos-sobre-o-distrito-federal-e-sobre-a-ride-recurso\/#breadcrumb\",\"itemListElement\":[{\"@type\":\"ListItem\",\"position\":1,\"name\":\"In\u00edcio\",\"item\":\"https:\/\/www.estrategiaconcursos.com.br\/blog\/\"},{\"@type\":\"ListItem\",\"position\":2,\"name\":\"BRB &#8211; Prova de N\u00edvel Superior &#8211; Coment\u00e1rios de CONHECIMENTOS SOBRE O DISTRITO FEDERAL E SOBRE A RIDE &#8211; RECURSO\"}]},{\"@type\":\"WebSite\",\"@id\":\"https:\/\/www.estrategiaconcursos.com.br\/blog\/#website\",\"url\":\"https:\/\/www.estrategiaconcursos.com.br\/blog\/\",\"name\":\"Estrat\u00e9gia Concursos\",\"description\":\"O blog da Estrat\u00e9gia Concursos traz not\u00edcias sobre concursos e artigos de professores oferecendo cursos para concursos (pdf + videaulas) no site.\",\"publisher\":{\"@id\":\"https:\/\/www.estrategiaconcursos.com.br\/blog\/#organization\"},\"potentialAction\":[{\"@type\":\"SearchAction\",\"target\":{\"@type\":\"EntryPoint\",\"urlTemplate\":\"https:\/\/www.estrategiaconcursos.com.br\/blog\/?s={search_term_string}\"},\"query-input\":{\"@type\":\"PropertyValueSpecification\",\"valueRequired\":true,\"valueName\":\"search_term_string\"}}],\"inLanguage\":\"pt-BR\"},{\"@type\":\"Organization\",\"@id\":\"https:\/\/www.estrategiaconcursos.com.br\/blog\/#organization\",\"name\":\"Estrat\u00e9gia Concursos\",\"url\":\"https:\/\/www.estrategiaconcursos.com.br\/blog\/\",\"logo\":{\"@type\":\"ImageObject\",\"inLanguage\":\"pt-BR\",\"@id\":\"https:\/\/www.estrategiaconcursos.com.br\/blog\/#\/schema\/logo\/image\/\",\"url\":\"https:\/\/dhg1h5j42swfq.cloudfront.net\/2025\/06\/03203428\/logo_concursos-1.jpg\",\"contentUrl\":\"https:\/\/dhg1h5j42swfq.cloudfront.net\/2025\/06\/03203428\/logo_concursos-1.jpg\",\"width\":230,\"height\":60,\"caption\":\"Estrat\u00e9gia Concursos\"},\"image\":{\"@id\":\"https:\/\/www.estrategiaconcursos.com.br\/blog\/#\/schema\/logo\/image\/\"},\"sameAs\":[\"https:\/\/x.com\/EstratConcursos\"]},{\"@type\":\"Person\",\"@id\":\"https:\/\/www.estrategiaconcursos.com.br\/blog\/#\/schema\/person\/d2e7d78de4b9d6ba51cc24fd558a7f42\",\"name\":\"Leandro Signori\",\"image\":{\"@type\":\"ImageObject\",\"inLanguage\":\"pt-BR\",\"@id\":\"https:\/\/secure.gravatar.com\/avatar\/aa2ef98e93764dcf1758f52d2792d4b3e4089ee25bc520608dde62ad802ae541?s=96&d=mm&r=g\",\"url\":\"https:\/\/secure.gravatar.com\/avatar\/aa2ef98e93764dcf1758f52d2792d4b3e4089ee25bc520608dde62ad802ae541?s=96&d=mm&r=g\",\"contentUrl\":\"https:\/\/secure.gravatar.com\/avatar\/aa2ef98e93764dcf1758f52d2792d4b3e4089ee25bc520608dde62ad802ae541?s=96&d=mm&r=g\",\"caption\":\"Leandro Signori\"},\"description\":\"Licenciado em Geografia pela Universidade Federal do Rio Grande do Sul (UFRGS) e Bacharel em Geografia pela Uniceub (Bras\u00edlia). Como servidor p\u00fablico, foi funcion\u00e1rio da Prefeitura de S\u00e3o Leopoldo (RS), Prefeitura de Porto Alegre (RS), Companhia Riograndense de Saneamento (Corsan) e Minist\u00e9rio da Integra\u00e7\u00e3o Nacional. \u00c9 professor de Geografia para o ensino m\u00e9dio na rede particular de ensino. Leciona as disciplinas de Atualidades, Conhecimentos Gerais, Geografia, Realidade Brasileira e Hist\u00f3ria, em cursos on line e presenciais preparat\u00f3rios para concursos p\u00fablicos.\",\"sameAs\":[\"https:\/\/www.facebook.com\/leandrosignoriatualidades\/\"],\"url\":\"https:\/\/www.estrategiaconcursos.com.br\/blog\/author\/leandroestrategiaconcursos-com-br\/\"}]}<\/script>\n<!-- \/ Yoast SEO Premium plugin. -->","yoast_head_json":{"title":"BRB - Prova de N\u00edvel Superior - Coment\u00e1rios de CONHECIMENTOS SOBRE O DISTRITO FEDERAL E SOBRE A RIDE - RECURSO","robots":{"index":"index","follow":"follow","max-snippet":"max-snippet:-1","max-image-preview":"max-image-preview:large","max-video-preview":"max-video-preview:-1"},"canonical":"https:\/\/www.estrategiaconcursos.com.br\/blog\/brb-prova-de-nivel-superior-comentarios-de-conhecimentos-sobre-o-distrito-federal-e-sobre-a-ride-recurso\/","og_locale":"pt_BR","og_type":"article","og_title":"BRB - Prova de N\u00edvel Superior - Coment\u00e1rios de CONHECIMENTOS SOBRE O DISTRITO FEDERAL E SOBRE A RIDE - RECURSO","og_description":"Ol\u00e1 pessoal, Tudo bem com voc\u00eas? Foram duas quest\u00f5es da nossa disciplina. Como foram? Acertaram as duas? ? Verifiquem se a ordem das afirmativas das quest\u00f5es que estou comentando \u00e9 a mesma ordem das afirmativas da prova de voc\u00eas. Entendo que pode caber recurso na quest\u00e3o 20, pois a afirmativa \u201cD\u201d tamb\u00e9m estaria correta. Ela [&hellip;]","og_url":"https:\/\/www.estrategiaconcursos.com.br\/blog\/brb-prova-de-nivel-superior-comentarios-de-conhecimentos-sobre-o-distrito-federal-e-sobre-a-ride-recurso\/","og_site_name":"Estrat\u00e9gia Concursos","article_author":"https:\/\/www.facebook.com\/leandrosignoriatualidades\/","article_published_time":"2019-08-26T15:50:29+00:00","article_modified_time":"2019-08-26T15:50:32+00:00","author":"Leandro Signori","twitter_card":"summary_large_image","twitter_creator":"@EstratConcursos","twitter_site":"@EstratConcursos","twitter_misc":{"Escrito por":"Leandro Signori","Est. tempo de leitura":"6 minutos"},"schema":{"@context":"https:\/\/schema.org","@graph":[{"@type":"NewsArticle","@id":"https:\/\/www.estrategiaconcursos.com.br\/blog\/brb-prova-de-nivel-superior-comentarios-de-conhecimentos-sobre-o-distrito-federal-e-sobre-a-ride-recurso\/#article","isPartOf":{"@id":"https:\/\/www.estrategiaconcursos.com.br\/blog\/brb-prova-de-nivel-superior-comentarios-de-conhecimentos-sobre-o-distrito-federal-e-sobre-a-ride-recurso\/"},"author":{"name":"Leandro Signori","@id":"https:\/\/www.estrategiaconcursos.com.br\/blog\/#\/schema\/person\/d2e7d78de4b9d6ba51cc24fd558a7f42"},"headline":"BRB &#8211; Prova de N\u00edvel Superior &#8211; Coment\u00e1rios de CONHECIMENTOS SOBRE O DISTRITO FEDERAL E SOBRE A RIDE &#8211; RECURSO","datePublished":"2019-08-26T15:50:29+00:00","dateModified":"2019-08-26T15:50:32+00:00","mainEntityOfPage":{"@id":"https:\/\/www.estrategiaconcursos.com.br\/blog\/brb-prova-de-nivel-superior-comentarios-de-conhecimentos-sobre-o-distrito-federal-e-sobre-a-ride-recurso\/"},"wordCount":1167,"commentCount":0,"publisher":{"@id":"https:\/\/www.estrategiaconcursos.com.br\/blog\/#organization"},"articleSection":["Banc\u00e1ria (BB, CEF e Bancos Estaduais)","Concursos P\u00fablicos"],"inLanguage":"pt-BR","potentialAction":[{"@type":"CommentAction","name":"Comment","target":["https:\/\/www.estrategiaconcursos.com.br\/blog\/brb-prova-de-nivel-superior-comentarios-de-conhecimentos-sobre-o-distrito-federal-e-sobre-a-ride-recurso\/#respond"]}],"copyrightYear":"2019","copyrightHolder":{"@id":"https:\/\/www.estrategiaconcursos.com.br\/blog\/#organization"}},{"@type":"WebPage","@id":"https:\/\/www.estrategiaconcursos.com.br\/blog\/brb-prova-de-nivel-superior-comentarios-de-conhecimentos-sobre-o-distrito-federal-e-sobre-a-ride-recurso\/","url":"https:\/\/www.estrategiaconcursos.com.br\/blog\/brb-prova-de-nivel-superior-comentarios-de-conhecimentos-sobre-o-distrito-federal-e-sobre-a-ride-recurso\/","name":"BRB - Prova de N\u00edvel Superior - Coment\u00e1rios de CONHECIMENTOS SOBRE O DISTRITO FEDERAL E SOBRE A RIDE - RECURSO","isPartOf":{"@id":"https:\/\/www.estrategiaconcursos.com.br\/blog\/#website"},"datePublished":"2019-08-26T15:50:29+00:00","dateModified":"2019-08-26T15:50:32+00:00","breadcrumb":{"@id":"https:\/\/www.estrategiaconcursos.com.br\/blog\/brb-prova-de-nivel-superior-comentarios-de-conhecimentos-sobre-o-distrito-federal-e-sobre-a-ride-recurso\/#breadcrumb"},"inLanguage":"pt-BR","potentialAction":[{"@type":"ReadAction","target":["https:\/\/www.estrategiaconcursos.com.br\/blog\/brb-prova-de-nivel-superior-comentarios-de-conhecimentos-sobre-o-distrito-federal-e-sobre-a-ride-recurso\/"]}]},{"@type":"BreadcrumbList","@id":"https:\/\/www.estrategiaconcursos.com.br\/blog\/brb-prova-de-nivel-superior-comentarios-de-conhecimentos-sobre-o-distrito-federal-e-sobre-a-ride-recurso\/#breadcrumb","itemListElement":[{"@type":"ListItem","position":1,"name":"In\u00edcio","item":"https:\/\/www.estrategiaconcursos.com.br\/blog\/"},{"@type":"ListItem","position":2,"name":"BRB &#8211; Prova de N\u00edvel Superior &#8211; Coment\u00e1rios de CONHECIMENTOS SOBRE O DISTRITO FEDERAL E SOBRE A RIDE &#8211; RECURSO"}]},{"@type":"WebSite","@id":"https:\/\/www.estrategiaconcursos.com.br\/blog\/#website","url":"https:\/\/www.estrategiaconcursos.com.br\/blog\/","name":"Estrat\u00e9gia Concursos","description":"O blog da Estrat\u00e9gia Concursos traz not\u00edcias sobre concursos e artigos de professores oferecendo cursos para concursos (pdf + videaulas) no site.","publisher":{"@id":"https:\/\/www.estrategiaconcursos.com.br\/blog\/#organization"},"potentialAction":[{"@type":"SearchAction","target":{"@type":"EntryPoint","urlTemplate":"https:\/\/www.estrategiaconcursos.com.br\/blog\/?s={search_term_string}"},"query-input":{"@type":"PropertyValueSpecification","valueRequired":true,"valueName":"search_term_string"}}],"inLanguage":"pt-BR"},{"@type":"Organization","@id":"https:\/\/www.estrategiaconcursos.com.br\/blog\/#organization","name":"Estrat\u00e9gia Concursos","url":"https:\/\/www.estrategiaconcursos.com.br\/blog\/","logo":{"@type":"ImageObject","inLanguage":"pt-BR","@id":"https:\/\/www.estrategiaconcursos.com.br\/blog\/#\/schema\/logo\/image\/","url":"https:\/\/dhg1h5j42swfq.cloudfront.net\/2025\/06\/03203428\/logo_concursos-1.jpg","contentUrl":"https:\/\/dhg1h5j42swfq.cloudfront.net\/2025\/06\/03203428\/logo_concursos-1.jpg","width":230,"height":60,"caption":"Estrat\u00e9gia Concursos"},"image":{"@id":"https:\/\/www.estrategiaconcursos.com.br\/blog\/#\/schema\/logo\/image\/"},"sameAs":["https:\/\/x.com\/EstratConcursos"]},{"@type":"Person","@id":"https:\/\/www.estrategiaconcursos.com.br\/blog\/#\/schema\/person\/d2e7d78de4b9d6ba51cc24fd558a7f42","name":"Leandro Signori","image":{"@type":"ImageObject","inLanguage":"pt-BR","@id":"https:\/\/secure.gravatar.com\/avatar\/aa2ef98e93764dcf1758f52d2792d4b3e4089ee25bc520608dde62ad802ae541?s=96&d=mm&r=g","url":"https:\/\/secure.gravatar.com\/avatar\/aa2ef98e93764dcf1758f52d2792d4b3e4089ee25bc520608dde62ad802ae541?s=96&d=mm&r=g","contentUrl":"https:\/\/secure.gravatar.com\/avatar\/aa2ef98e93764dcf1758f52d2792d4b3e4089ee25bc520608dde62ad802ae541?s=96&d=mm&r=g","caption":"Leandro Signori"},"description":"Licenciado em Geografia pela Universidade Federal do Rio Grande do Sul (UFRGS) e Bacharel em Geografia pela Uniceub (Bras\u00edlia). Como servidor p\u00fablico, foi funcion\u00e1rio da Prefeitura de S\u00e3o Leopoldo (RS), Prefeitura de Porto Alegre (RS), Companhia Riograndense de Saneamento (Corsan) e Minist\u00e9rio da Integra\u00e7\u00e3o Nacional. \u00c9 professor de Geografia para o ensino m\u00e9dio na rede particular de ensino. Leciona as disciplinas de Atualidades, Conhecimentos Gerais, Geografia, Realidade Brasileira e Hist\u00f3ria, em cursos on line e presenciais preparat\u00f3rios para concursos p\u00fablicos.","sameAs":["https:\/\/www.facebook.com\/leandrosignoriatualidades\/"],"url":"https:\/\/www.estrategiaconcursos.com.br\/blog\/author\/leandroestrategiaconcursos-com-br\/"}]}},"_links":{"self":[{"href":"https:\/\/www.estrategiaconcursos.com.br\/blog\/wp-json\/wp\/v2\/posts\/413022","targetHints":{"allow":["GET"]}}],"collection":[{"href":"https:\/\/www.estrategiaconcursos.com.br\/blog\/wp-json\/wp\/v2\/posts"}],"about":[{"href":"https:\/\/www.estrategiaconcursos.com.br\/blog\/wp-json\/wp\/v2\/types\/post"}],"author":[{"embeddable":true,"href":"https:\/\/www.estrategiaconcursos.com.br\/blog\/wp-json\/wp\/v2\/users\/306"}],"replies":[{"embeddable":true,"href":"https:\/\/www.estrategiaconcursos.com.br\/blog\/wp-json\/wp\/v2\/comments?post=413022"}],"version-history":[{"count":2,"href":"https:\/\/www.estrategiaconcursos.com.br\/blog\/wp-json\/wp\/v2\/posts\/413022\/revisions"}],"predecessor-version":[{"id":413025,"href":"https:\/\/www.estrategiaconcursos.com.br\/blog\/wp-json\/wp\/v2\/posts\/413022\/revisions\/413025"}],"wp:attachment":[{"href":"https:\/\/www.estrategiaconcursos.com.br\/blog\/wp-json\/wp\/v2\/media?parent=413022"}],"wp:term":[{"taxonomy":"category","embeddable":true,"href":"https:\/\/www.estrategiaconcursos.com.br\/blog\/wp-json\/wp\/v2\/categories?post=413022"},{"taxonomy":"post_tag","embeddable":true,"href":"https:\/\/www.estrategiaconcursos.com.br\/blog\/wp-json\/wp\/v2\/tags?post=413022"},{"taxonomy":"tax_estado","embeddable":true,"href":"https:\/\/www.estrategiaconcursos.com.br\/blog\/wp-json\/wp\/v2\/tax_estado?post=413022"}],"curies":[{"name":"wp","href":"https:\/\/api.w.org\/{rel}","templated":true}]}}