{"id":413000,"date":"2019-09-02T01:00:45","date_gmt":"2019-09-02T04:00:45","guid":{"rendered":"https:\/\/www.estrategiaconcursos.com.br\/blog\/?p=413000"},"modified":"2019-11-08T17:39:40","modified_gmt":"2019-11-08T20:39:40","slug":"edital-prefeitura-de-alagoinhas","status":"publish","type":"post","link":"https:\/\/www.estrategiaconcursos.com.br\/blog\/edital-prefeitura-de-alagoinhas\/","title":{"rendered":"Edital Prefeitura de Alagoinhas: com 549 vagas inscri\u00e7\u00f5es est\u00e3o encerradas"},"content":{"rendered":"\n<p>As inscri\u00e7\u00f5es do concurso p\u00fablico da Prefeitura de Alagoinhas se encerraram oficialmente dia 1\u00ba de outubro. Todo o procedimento p\u00f4de ser feito no site da banca organizadora a <strong>AIETEC &#8211; Instituto Consultec. <\/strong> <\/p>\n\n\n\n<p>O concurso oferta um total de 549 vagas para n\u00edvel m\u00e9dio, t\u00e9cnico e superior. No in\u00edcio do ano foi publicado um primeiro edital, mas foi cancelado ap\u00f3s aplica\u00e7\u00e3o das provas, por motivos de fraude. Assim, uma nova organizadora foi escolhida e os candidatos puderam requerer a taxa de inscri\u00e7\u00e3o de volta.<\/p>\n\n\n\n<p>Abaixo voc\u00ea confere todas as principais informa\u00e7\u00f5es sobre este edital e pode se preparar da melhor forma.<\/p>\n\n\n\n<h2 class=\"wp-block-heading\">Principais informa\u00e7\u00f5es do Edital Prefeitura de Alagoinhas<\/h2>\n\n\n\n<p class=\"has-background has-very-light-gray-background-color\"><strong>Inscri\u00e7\u00f5es:<\/strong> 02\/09 at\u00e9 01\/10 [ENCERRADO]<br \/><strong>Valor: <\/strong><br \/>R$44,00 para m\u00e9dio e t\u00e9cnico<br \/>R$58,00 para superior<strong><br \/>Data da Prova Objetiva:<\/strong> <br \/>&#8211; Para Professor &#8211; 24 de novembro no turno matutino<br \/>&#8211; Para os demais cargos &#8211; 19 de janeiro de 2020, sendo matutino para N\u00edvel M\u00e9dio e T\u00e9cnico e, vespertino, para N\u00edvel Superior <\/p>\n\n\n\n<h2 class=\"wp-block-heading\">Valida\u00e7\u00e3o de inscri\u00e7\u00e3o do \u00faltimo concurso<\/h2>\n\n\n\n<p>Os candidatos inscritos, por meio do <strong><em>Edital 01\/2019<\/em><\/strong> (edital cancelado), que tiveram as inscri\u00e7\u00f5es homologadas, <strong>e n\u00e3o fizeram solicita\u00e7\u00e3o de devolu\u00e7\u00e3o<\/strong> da Taxa de Inscri\u00e7\u00e3o, puderam validar a sua inscri\u00e7\u00e3o, concorrendo \u00e0s vagas ofertadas no <em><strong>Edital 02\/2019, <\/strong><\/em>no per\u00edodo de <strong>02\/09 a 01\/10\/2019<\/strong>.<strong> <\/strong><\/p>\n\n\n\n<h2 class=\"wp-block-heading\">Cargos, vagas e remunera\u00e7\u00f5es do Edital Prefeitura de Alagoinhas<\/h2>\n\n\n\n<p><strong>N\u00edvel Superior<\/strong><\/p>\n\n\n\n<figure class=\"wp-block-image\"><img loading=\"lazy\" decoding=\"async\" width=\"697\" height=\"606\" src=\"https:\/\/dhg1h5j42swfq.cloudfront.net\/2019\/08\/26121801\/superior-alagoinhas.png.png\" alt=\"\" class=\"wp-image-413012\" srcset=\"https:\/\/dhg1h5j42swfq.cloudfront.net\/2019\/08\/26121801\/superior-alagoinhas.png.png 697w, https:\/\/dhg1h5j42swfq.cloudfront.net\/2019\/08\/26121801\/superior-alagoinhas.png.png 300w, https:\/\/dhg1h5j42swfq.cloudfront.net\/2019\/08\/26121801\/superior-alagoinhas.png.png 610w\" sizes=\"auto, (max-width: 697px) 100vw, 697px\" \/><\/figure>\n\n\n\n<p><strong>N\u00edvel M\u00e9dio<\/strong><\/p>\n\n\n\n<figure class=\"wp-block-image\"><img decoding=\"async\" src=\"https:\/\/dhg1h5j42swfq.cloudfront.net\/2019\/08\/26121917\/m%C3%A9dio-alagoinhas.png.png\" alt=\"\" class=\"wp-image-413013\"\/><\/figure>\n\n\n\n<figure class=\"wp-block-image\"><img loading=\"lazy\" decoding=\"async\" width=\"689\" height=\"488\" src=\"https:\/\/dhg1h5j42swfq.cloudfront.net\/2019\/08\/26121930\/medio-alagoinhas-2.png.png\" alt=\"\" class=\"wp-image-413014\" srcset=\"https:\/\/dhg1h5j42swfq.cloudfront.net\/2019\/08\/26121930\/medio-alagoinhas-2.png.png 689w, https:\/\/dhg1h5j42swfq.cloudfront.net\/2019\/08\/26121930\/medio-alagoinhas-2.png.png 300w, https:\/\/dhg1h5j42swfq.cloudfront.net\/2019\/08\/26121930\/medio-alagoinhas-2.png.png 610w\" sizes=\"auto, (max-width: 689px) 100vw, 689px\" \/><\/figure>\n\n\n\n<p><strong>N\u00edvel T\u00e9cnico<\/strong><\/p>\n\n\n\n<figure class=\"wp-block-image\"><img decoding=\"async\" src=\"https:\/\/dhg1h5j42swfq.cloudfront.net\/2019\/08\/26122039\/t%C3%A9cnico-alagoinhas.png.png\" alt=\"\" class=\"wp-image-413015\"\/><\/figure>\n\n\n\n<figure class=\"wp-block-image\"><img decoding=\"async\" src=\"https:\/\/dhg1h5j42swfq.cloudfront.net\/2019\/08\/26122052\/t%C3%A9cnico-alagoinhas1.png.png\" alt=\"\" class=\"wp-image-413016\"\/><\/figure>\n\n\n\n<h2 class=\"wp-block-heading\">Etapas e Fases do Edital Prefeitura de Alagoinhas<\/h2>\n\n\n\n<p>O certame ser\u00e1 realizado, em todas as Etapas definidas, exclusivamente, no Munic\u00edpio de Alagoinhas, conforme o que se segue: <\/p>\n\n\n\n<p class=\"has-medium-font-size\"><strong>Primeira Etapa<\/strong> <\/p>\n\n\n\n<p><strong><em>Prova Objetiva <\/em><\/strong>&#8211; para todos os Cargos<br \/><strong><em>Prova Discursiva<\/em><\/strong> \u2013 Reda\u00e7\u00e3o &#8211; APENAS para os cargos de Professor<\/p>\n\n\n\n<p>PROFESSOR<\/p>\n\n\n\n<ul class=\"wp-block-list\"><li> Conhecimentos B\u00e1sicos<ul><li> L\u00edngua Portuguesa &#8211; 10 quest\u00f5es <\/li><li>Conhecimentos Gerais\/Atualidades &#8211; 05 quest\u00f5es<\/li><li>Inform\u00e1tica B\u00e1sica &#8211; 05 quest\u00f5es <\/li><li>Racioc\u00ednio L\u00f3gico Matem\u00e1tico &#8211; 10 quest\u00f5es<\/li><li>Conhecimentos Pedag\u00f3gicos &#8211; 10 quest\u00f5es<\/li><\/ul><\/li><li>Conhecimentos Espec\u00edficos &#8211; Por Cargo &#8211; 20 quest\u00f5es <\/li><li>Discursiva \u2013 Reda\u00e7\u00e3o 20 pontos  <\/li><\/ul>\n\n\n\n<p>CARGOS DE N\u00cdVEL M\u00c9DIO E T\u00c9CNICO<\/p>\n\n\n\n<ul class=\"wp-block-list\"><li> Conhecimentos B\u00e1sicos<ul><li> L\u00edngua Portuguesa &#8211; 10 quest\u00f5es <\/li><li>Conhecimentos Gerais\/Atualidades &#8211; 05 quest\u00f5es<\/li><li>Inform\u00e1tica B\u00e1sica &#8211; 10 quest\u00f5es <\/li><li>Racioc\u00ednio L\u00f3gico Matem\u00e1tico &#8211; 10 quest\u00f5es<\/li><\/ul><\/li><li>Conhecimentos Espec\u00edficos &#8211; Por Cargo &#8211; 15 quest\u00f5es<\/li><\/ul>\n\n\n\n<p> CARGOS DE N\u00cdVEL SUPERIOR  <\/p>\n\n\n\n<ul class=\"wp-block-list\"><li> Conhecimentos B\u00e1sicos<ul><li> L\u00edngua Portuguesa &#8211; 10 quest\u00f5es <\/li><li>Conhecimentos Gerais\/Atualidades &#8211; 10 quest\u00f5es<\/li><li>Inform\u00e1tica B\u00e1sica &#8211; 10 quest\u00f5es <\/li><li>Racioc\u00ednio L\u00f3gico Matem\u00e1tico &#8211; 10 quest\u00f5es<\/li><\/ul><\/li><li>Conhecimentos Espec\u00edficos &#8211; Por Cargo &#8211; 20 quest\u00f5es<\/li><\/ul>\n\n\n\n<p>COORDENADOR PEDAG\u00d3GICO e TRADUTOR E INT\u00c9RPRETE DA LINGUAGEM BRASILEIRA DE SINAIS &#8211; LIBRAS, N\u00cdVEL II <\/p>\n\n\n\n<ul class=\"wp-block-list\"><li>Conhecimentos B\u00e1sicos<ul><li> L\u00edngua Portuguesa &#8211; 10 quest\u00f5es <\/li><li>Conhecimentos Gerais\/Atualidades &#8211; 05 quest\u00f5es<\/li><li>Inform\u00e1tica B\u00e1sica &#8211; 05 quest\u00f5es <\/li><li>Racioc\u00ednio L\u00f3gico Matem\u00e1tico &#8211; 10 quest\u00f5es<\/li><li>Conhecimentos Pedag\u00f3gicos &#8211; 10 quest\u00f5es<\/li><\/ul><\/li><li>Conhecimentos Espec\u00edficos &#8211; Por Cargo &#8211; 20 quest\u00f5es <\/li><\/ul>\n\n\n\n<p><strong>a)<\/strong> O candidato de N\u00edvel Superior que n\u00e3o atingir rendimento m\u00ednimo de 40% (quarenta por cento) da pontua\u00e7\u00e3o global da Prova de Conhecimentos de acordo com o especificado neste Edital; <br \/><strong>b)<\/strong> O candidato de N\u00edvel de M\u00e9dio e T\u00e9cnico que n\u00e3o atingir o rendimento m\u00ednimo da pontua\u00e7\u00e3o global de 30% (trinta por cento) da Prova de Conhecimentos <\/p>\n\n\n\n<p class=\"has-medium-font-size\"><strong>Segunda Etapa<\/strong><\/p>\n\n\n\n<p>Para os <em><strong>Cargos de N\u00edvel Superior<\/strong><\/em> &#8211;  constitu\u00edda de Prova de T\u00edtulos <\/p>\n\n\n\n<p>Ser\u00e3o convocados os primeiros classificados na primeira etapa, na propor\u00e7\u00e3o de 05 vezes o n\u00famero total de vagas previstas, incluindo os empatados em ultima posi\u00e7\u00e3o, ficando os demais candidatos exclu\u00eddos.<\/p>\n\n\n\n<p>Para os <strong><em>Cargos de Motorista Categoria D e Operador de M\u00e1quinas e Equipamentos<\/em><\/strong> &#8211; constitu\u00edda de Prova Pr\u00e1tica, aplicada exclusivamente para os candidatos n\u00e3o eliminados na Prova Objetiva, sendo convocados os primeiros classificados, na propor\u00e7\u00e3o de 05 vezes o n\u00famero total de vagas previstas, incluindo os empatados em \u00faltima posi\u00e7\u00e3o, ficando os demais candidatos exclu\u00eddos do Concurso, conceituando nessa Etapa o candidato como APTO ou INAPTO para o exerc\u00edcio do Cargo; <\/p>\n\n\n\n<p><em>A prova valer\u00e1 100 pontos, e ser\u00e1 considerado APTO o candidato que somar pontua\u00e7\u00e3o igual ou superior a 40 (quarenta) pontos. <\/em><\/p>\n\n\n\n<p>Para o <strong><em>Cargo de Tradutor e Int\u00e9rprete da Linguagem Brasileira de Sinais. LIBRAS<\/em><\/strong> \u2013N\u00edvel I, constitu\u00edda de Prova Pr\u00e1tica de Car\u00e1ter eliminat\u00f3rio, aplicada exclusivamente para os candidatos n\u00e3o eliminados na Prova Objetiva, sendo convocados os primeiros classificados, na propor\u00e7\u00e3o de 03 vezes o n\u00famero total de vagas previstas, incluindo os empatados em \u00faltima posi\u00e7\u00e3o, ficando os demais candidatos exclu\u00eddos do Concurso, conceituando nessa Etapa o candidato como APTO ou INAPTO para o exerc\u00edcio do Cargo.<\/p>\n\n\n\n<h2 class=\"wp-block-heading\">Envio de T\u00edtulos do Edital Prefeitura de Alagoinhas<\/h2>\n\n\n\n<p>Estar\u00e1 aberto o sistema de envio eletr\u00f4nico de documentos (upload) para a Prova de T\u00edtulo do Concurso Publico da Prefeitura de Alagoinhas conforme Cronograma a seguir: <\/p>\n\n\n\n<p><strong>a)<\/strong> Para os Cargos de Professor: No per\u00edodo de <strong><em>02 a 08\/01\/2020<\/em><\/strong> das 9h \u00e0s 00h; <strong>b)<\/strong> Para os Demais Cargos de N\u00edvel Superior: No per\u00edodo de <em><strong>03 a 09\/03\/2020, <\/strong><\/em>das 9h \u00e0s 00h. <\/p>\n\n\n\n<figure class=\"wp-block-image\"><img loading=\"lazy\" decoding=\"async\" width=\"713\" height=\"724\" src=\"https:\/\/dhg1h5j42swfq.cloudfront.net\/2019\/08\/26124207\/tit-alagoinhas.png.png\" alt=\"\" class=\"wp-image-413023\" srcset=\"https:\/\/dhg1h5j42swfq.cloudfront.net\/2019\/08\/26124207\/tit-alagoinhas.png.png 713w, https:\/\/dhg1h5j42swfq.cloudfront.net\/2019\/08\/26124207\/tit-alagoinhas.png.png 295w, https:\/\/dhg1h5j42swfq.cloudfront.net\/2019\/08\/26124207\/tit-alagoinhas.png.png 610w\" sizes=\"auto, (max-width: 713px) 100vw, 713px\" \/><\/figure>\n\n\n\n<figure class=\"wp-block-image\"><img loading=\"lazy\" decoding=\"async\" width=\"300\" height=\"102\" src=\"https:\/\/dhg1h5j42swfq.cloudfront.net\/2019\/06\/19170128\/coruja-ficha-tecnica.png\" alt=\"J RS\" class=\"wp-image-389742\"\/><\/figure>\n\n\n\n<h3 class=\"wp-block-heading\" id=\"ficha-tecnica\">Ficha t\u00e9cnica do Edital Prefeitura de Alagoinhas &#8211; BA<\/h3>\n\n\n\n<p><strong>\u2666Informa\u00e7\u00f5es do Edital<\/strong><br \/>\u25ba<strong>Data:&nbsp;<\/strong>24 de novembro 2019 e 19 de janeiro 2020<br \/>\u25ba<strong>Vagas:<\/strong>&nbsp;549<br \/>\u25ba<strong>Cargos:<\/strong>&nbsp;diversos<br \/>\u25ba<strong>Banca:<\/strong>&nbsp;Consultec<br \/>\u25ba<strong>Escolaridade:&nbsp;<\/strong>N\u00edvel M\u00e9dio, T\u00e9cnico e Superior<\/p>\n\n\n\n<div class=\"wp-block-file\"><a href=\"https:\/\/dhg1h5j42swfq.cloudfront.net\/2019\/08\/26125037\/EDITAL_002_2019_DA_ABERTURA_DE_INSCRICOES_23082019.pdf.pdf\" target=\"_blank\" rel=\"noreferrer noopener\">EDITAL_002_2019_DA_ABERTURA_DE_INSCRICOES_23082019.pdf<\/a><a href=\"https:\/\/dhg1h5j42swfq.cloudfront.net\/2019\/08\/26125037\/EDITAL_002_2019_DA_ABERTURA_DE_INSCRICOES_23082019.pdf.pdf\" class=\"wp-block-file__button\" download>Baixar<\/a><\/div>\n\n\n\n<p style=\"text-align:center\"><strong><em>Gostou dessa oportunidade e quer saber mais? Acesse a mat\u00e9ria completa do concurso:<\/em><\/strong><\/p>\n\n\n\n<p style=\"text-align:center\" class=\"has-background has-medium-font-size has-luminous-vivid-amber-background-color\"><a href=\"https:\/\/www.estrategiaconcursos.com.br\/blog\/concurso-prefeitura-de-alagoinhas-ba\/\"><strong>Prefeitura de Alagoinhas &#8211; BA<\/strong><\/a><\/p>\n\n\n\n<p style=\"text-align:center\"><em><strong>Assinatura Anual Ilimitada*<\/strong><\/em><\/p>\n\n\n\n<p style=\"text-align:center\"><em>Prepare-se com o melhor material e com quem mais aprova em Concursos P\u00fablicos em todo o pa\u00eds. Assine agora a nossa Assinatura Anual e tenha acesso ilimitado* a todos os nossos cursos.<\/em><\/p>\n\n\n\n<p style=\"text-align:center\" class=\"has-background has-light-green-cyan-background-color\"><strong>ASSINE AGORA<\/strong>&nbsp;\u2013&nbsp;<strong><a href=\"https:\/\/www.estrategiaconcursos.com.br\/assinaturas\" target=\"_blank\" rel=\"noreferrer noopener\">Assinatura Ilimitada<\/a><\/strong><\/p>\n\n\n\n<p style=\"text-align:center\"><em><strong>Fique por dentro de todos os concursos<\/strong><\/em>:<\/p>\n\n\n\n<p style=\"text-align:center\" class=\"has-background has-pale-cyan-blue-background-color\"><strong><a href=\"https:\/\/www.estrategiaconcursos.com.br\/blog\/concursos-abertos\/\" target=\"_blank\" rel=\"noreferrer noopener\">Concursos abertos<\/a><\/strong><\/p>\n\n\n\n<p style=\"text-align:center\" class=\"has-background has-pale-cyan-blue-background-color\"><strong><a href=\"https:\/\/www.estrategiaconcursos.com.br\/blog\/concursos-2019\/\" target=\"_blank\" rel=\"noreferrer noopener\">Concursos 2019<\/a><\/strong><\/p>\n\n\n\n<p style=\"text-align:center\" class=\"has-background has-pale-cyan-blue-background-color\"><a rel=\"noreferrer noopener\" href=\"https:\/\/www.estrategiaconcursos.com.br\/blog\/concursos-2020\/\" target=\"_blank\"><strong>Concursos 2020<\/strong><\/a><\/p>\n","protected":false},"excerpt":{"rendered":"<p>As inscri\u00e7\u00f5es do concurso p\u00fablico da Prefeitura de Alagoinhas se encerraram oficialmente dia 1\u00ba de outubro. Todo o procedimento p\u00f4de ser feito no site da banca organizadora a AIETEC &#8211; Instituto Consultec. O concurso oferta um total de 549 vagas para n\u00edvel m\u00e9dio, t\u00e9cnico e superior. No in\u00edcio do ano foi publicado um primeiro edital, [&hellip;]<\/p>\n","protected":false},"author":1,"featured_media":146144,"comment_status":"open","ping_status":"closed","sticky":false,"template":"","format":"standard","meta":{"post_tipo":"news","footnotes":""},"categories":[1],"tags":[],"tax_estado":[],"class_list":["post-413000","post","type-post","status-publish","format-standard","has-post-thumbnail","hentry","category-cursos-e-concursos"],"acf":[],"yoast_head":"<!-- This site is optimized with the Yoast SEO Premium plugin v27.2 (Yoast SEO v27.2) - https:\/\/yoast.com\/product\/yoast-seo-premium-wordpress\/ -->\n<title>Edital Prefeitura de Alagoinhas: com 549 vagas inscri\u00e7\u00f5es est\u00e3o encerradas<\/title>\n<meta name=\"description\" content=\"Edital Prefeitura de Alagoinhas: com mais de 500 vagas para diversos cargos e fun\u00e7\u00f5es, inscri\u00e7\u00f5es est\u00e3o oficialmente encerradas. Confira mais detalhes.\" \/>\n<meta name=\"robots\" content=\"index, follow, max-snippet:-1, max-image-preview:large, max-video-preview:-1\" \/>\n<link rel=\"canonical\" href=\"https:\/\/www.estrategiaconcursos.com.br\/blog\/edital-prefeitura-de-alagoinhas\/\" \/>\n<meta property=\"og:locale\" content=\"pt_BR\" \/>\n<meta property=\"og:type\" content=\"article\" \/>\n<meta property=\"og:title\" content=\"Edital Prefeitura de Alagoinhas: com 549 vagas inscri\u00e7\u00f5es est\u00e3o encerradas\" \/>\n<meta property=\"og:description\" content=\"Edital Prefeitura de Alagoinhas: com mais de 500 vagas para diversos cargos e fun\u00e7\u00f5es, inscri\u00e7\u00f5es est\u00e3o oficialmente encerradas. Confira mais detalhes.\" \/>\n<meta property=\"og:url\" content=\"https:\/\/www.estrategiaconcursos.com.br\/blog\/edital-prefeitura-de-alagoinhas\/\" \/>\n<meta property=\"og:site_name\" content=\"Estrat\u00e9gia Concursos\" \/>\n<meta property=\"article:author\" content=\"https:\/\/www.facebook.com\/EstrategiaConcursos\" \/>\n<meta property=\"article:published_time\" content=\"2019-09-02T04:00:45+00:00\" \/>\n<meta property=\"article:modified_time\" content=\"2019-11-08T20:39:40+00:00\" \/>\n<meta property=\"og:image\" content=\"https:\/\/dhg1h5j42swfq.cloudfront.net\/2018\/10\/08173718\/saiu-edital.jpg\" \/>\n\t<meta property=\"og:image:width\" content=\"400\" \/>\n\t<meta property=\"og:image:height\" content=\"209\" \/>\n\t<meta property=\"og:image:type\" content=\"image\/jpeg\" \/>\n<meta name=\"author\" content=\"Coordena\u00e7\u00e3o\" \/>\n<meta name=\"twitter:card\" content=\"summary_large_image\" \/>\n<meta name=\"twitter:creator\" content=\"@EstratConcursos\" \/>\n<meta name=\"twitter:site\" content=\"@EstratConcursos\" \/>\n<meta name=\"twitter:label1\" content=\"Escrito por\" \/>\n\t<meta name=\"twitter:data1\" content=\"Coordena\u00e7\u00e3o\" \/>\n\t<meta name=\"twitter:label2\" content=\"Est. tempo de leitura\" \/>\n\t<meta name=\"twitter:data2\" content=\"5 minutos\" \/>\n<script type=\"application\/ld+json\" class=\"yoast-schema-graph\">{\"@context\":\"https:\/\/schema.org\",\"@graph\":[{\"@type\":\"NewsArticle\",\"@id\":\"https:\/\/www.estrategiaconcursos.com.br\/blog\/edital-prefeitura-de-alagoinhas\/#article\",\"isPartOf\":{\"@id\":\"https:\/\/www.estrategiaconcursos.com.br\/blog\/edital-prefeitura-de-alagoinhas\/\"},\"author\":{\"name\":\"Coordena\u00e7\u00e3o\",\"@id\":\"https:\/\/www.estrategiaconcursos.com.br\/blog\/#\/schema\/person\/b4a388c97673c5f483d72185668afa1f\"},\"headline\":\"Edital Prefeitura de Alagoinhas: com 549 vagas inscri\u00e7\u00f5es est\u00e3o encerradas\",\"datePublished\":\"2019-09-02T04:00:45+00:00\",\"dateModified\":\"2019-11-08T20:39:40+00:00\",\"mainEntityOfPage\":{\"@id\":\"https:\/\/www.estrategiaconcursos.com.br\/blog\/edital-prefeitura-de-alagoinhas\/\"},\"wordCount\":1001,\"commentCount\":0,\"publisher\":{\"@id\":\"https:\/\/www.estrategiaconcursos.com.br\/blog\/#organization\"},\"image\":{\"@id\":\"https:\/\/www.estrategiaconcursos.com.br\/blog\/edital-prefeitura-de-alagoinhas\/#primaryimage\"},\"thumbnailUrl\":\"https:\/\/dhg1h5j42swfq.cloudfront.net\/2018\/10\/08173718\/saiu-edital.jpg\",\"articleSection\":[\"Concursos P\u00fablicos\"],\"inLanguage\":\"pt-BR\",\"potentialAction\":[{\"@type\":\"CommentAction\",\"name\":\"Comment\",\"target\":[\"https:\/\/www.estrategiaconcursos.com.br\/blog\/edital-prefeitura-de-alagoinhas\/#respond\"]}],\"copyrightYear\":\"2019\",\"copyrightHolder\":{\"@id\":\"https:\/\/www.estrategiaconcursos.com.br\/blog\/#organization\"}},{\"@type\":\"WebPage\",\"@id\":\"https:\/\/www.estrategiaconcursos.com.br\/blog\/edital-prefeitura-de-alagoinhas\/\",\"url\":\"https:\/\/www.estrategiaconcursos.com.br\/blog\/edital-prefeitura-de-alagoinhas\/\",\"name\":\"Edital Prefeitura de Alagoinhas: com 549 vagas inscri\u00e7\u00f5es est\u00e3o encerradas\",\"isPartOf\":{\"@id\":\"https:\/\/www.estrategiaconcursos.com.br\/blog\/#website\"},\"primaryImageOfPage\":{\"@id\":\"https:\/\/www.estrategiaconcursos.com.br\/blog\/edital-prefeitura-de-alagoinhas\/#primaryimage\"},\"image\":{\"@id\":\"https:\/\/www.estrategiaconcursos.com.br\/blog\/edital-prefeitura-de-alagoinhas\/#primaryimage\"},\"thumbnailUrl\":\"https:\/\/dhg1h5j42swfq.cloudfront.net\/2018\/10\/08173718\/saiu-edital.jpg\",\"datePublished\":\"2019-09-02T04:00:45+00:00\",\"dateModified\":\"2019-11-08T20:39:40+00:00\",\"description\":\"Edital Prefeitura de Alagoinhas: com mais de 500 vagas para diversos cargos e fun\u00e7\u00f5es, inscri\u00e7\u00f5es est\u00e3o oficialmente encerradas. Confira mais detalhes.\",\"breadcrumb\":{\"@id\":\"https:\/\/www.estrategiaconcursos.com.br\/blog\/edital-prefeitura-de-alagoinhas\/#breadcrumb\"},\"inLanguage\":\"pt-BR\",\"potentialAction\":[{\"@type\":\"ReadAction\",\"target\":[\"https:\/\/www.estrategiaconcursos.com.br\/blog\/edital-prefeitura-de-alagoinhas\/\"]}]},{\"@type\":\"ImageObject\",\"inLanguage\":\"pt-BR\",\"@id\":\"https:\/\/www.estrategiaconcursos.com.br\/blog\/edital-prefeitura-de-alagoinhas\/#primaryimage\",\"url\":\"https:\/\/dhg1h5j42swfq.cloudfront.net\/2018\/10\/08173718\/saiu-edital.jpg\",\"contentUrl\":\"https:\/\/dhg1h5j42swfq.cloudfront.net\/2018\/10\/08173718\/saiu-edital.jpg\",\"width\":400,\"height\":209,\"caption\":\"CONCURSO CRESS DF\"},{\"@type\":\"BreadcrumbList\",\"@id\":\"https:\/\/www.estrategiaconcursos.com.br\/blog\/edital-prefeitura-de-alagoinhas\/#breadcrumb\",\"itemListElement\":[{\"@type\":\"ListItem\",\"position\":1,\"name\":\"In\u00edcio\",\"item\":\"https:\/\/www.estrategiaconcursos.com.br\/blog\/\"},{\"@type\":\"ListItem\",\"position\":2,\"name\":\"Edital Prefeitura de Alagoinhas: com 549 vagas inscri\u00e7\u00f5es est\u00e3o encerradas\"}]},{\"@type\":\"WebSite\",\"@id\":\"https:\/\/www.estrategiaconcursos.com.br\/blog\/#website\",\"url\":\"https:\/\/www.estrategiaconcursos.com.br\/blog\/\",\"name\":\"Estrat\u00e9gia Concursos\",\"description\":\"O blog da Estrat\u00e9gia Concursos traz not\u00edcias sobre concursos e artigos de professores oferecendo cursos para concursos (pdf + videaulas) no site.\",\"publisher\":{\"@id\":\"https:\/\/www.estrategiaconcursos.com.br\/blog\/#organization\"},\"potentialAction\":[{\"@type\":\"SearchAction\",\"target\":{\"@type\":\"EntryPoint\",\"urlTemplate\":\"https:\/\/www.estrategiaconcursos.com.br\/blog\/?s={search_term_string}\"},\"query-input\":{\"@type\":\"PropertyValueSpecification\",\"valueRequired\":true,\"valueName\":\"search_term_string\"}}],\"inLanguage\":\"pt-BR\"},{\"@type\":\"Organization\",\"@id\":\"https:\/\/www.estrategiaconcursos.com.br\/blog\/#organization\",\"name\":\"Estrat\u00e9gia Concursos\",\"url\":\"https:\/\/www.estrategiaconcursos.com.br\/blog\/\",\"logo\":{\"@type\":\"ImageObject\",\"inLanguage\":\"pt-BR\",\"@id\":\"https:\/\/www.estrategiaconcursos.com.br\/blog\/#\/schema\/logo\/image\/\",\"url\":\"https:\/\/dhg1h5j42swfq.cloudfront.net\/2025\/06\/03203428\/logo_concursos-1.jpg\",\"contentUrl\":\"https:\/\/dhg1h5j42swfq.cloudfront.net\/2025\/06\/03203428\/logo_concursos-1.jpg\",\"width\":230,\"height\":60,\"caption\":\"Estrat\u00e9gia Concursos\"},\"image\":{\"@id\":\"https:\/\/www.estrategiaconcursos.com.br\/blog\/#\/schema\/logo\/image\/\"},\"sameAs\":[\"https:\/\/x.com\/EstratConcursos\"]},{\"@type\":\"Person\",\"@id\":\"https:\/\/www.estrategiaconcursos.com.br\/blog\/#\/schema\/person\/b4a388c97673c5f483d72185668afa1f\",\"name\":\"Coordena\u00e7\u00e3o\",\"image\":{\"@type\":\"ImageObject\",\"inLanguage\":\"pt-BR\",\"@id\":\"https:\/\/secure.gravatar.com\/avatar\/b720319e4c9a967eb58678d110f4fe35452fc5d5f97b202bac7b8acceb18c6ad?s=96&d=mm&r=g\",\"url\":\"https:\/\/secure.gravatar.com\/avatar\/b720319e4c9a967eb58678d110f4fe35452fc5d5f97b202bac7b8acceb18c6ad?s=96&d=mm&r=g\",\"contentUrl\":\"https:\/\/secure.gravatar.com\/avatar\/b720319e4c9a967eb58678d110f4fe35452fc5d5f97b202bac7b8acceb18c6ad?s=96&d=mm&r=g\",\"caption\":\"Coordena\u00e7\u00e3o\"},\"sameAs\":[\"https:\/\/www.facebook.com\/EstrategiaConcursos\",\"https:\/\/x.com\/EstratConcursos\"],\"url\":\"https:\/\/www.estrategiaconcursos.com.br\/blog\/author\/estrategia2013\/\"}]}<\/script>\n<!-- \/ Yoast SEO Premium plugin. -->","yoast_head_json":{"title":"Edital Prefeitura de Alagoinhas: com 549 vagas inscri\u00e7\u00f5es est\u00e3o encerradas","description":"Edital Prefeitura de Alagoinhas: com mais de 500 vagas para diversos cargos e fun\u00e7\u00f5es, inscri\u00e7\u00f5es est\u00e3o oficialmente encerradas. Confira mais detalhes.","robots":{"index":"index","follow":"follow","max-snippet":"max-snippet:-1","max-image-preview":"max-image-preview:large","max-video-preview":"max-video-preview:-1"},"canonical":"https:\/\/www.estrategiaconcursos.com.br\/blog\/edital-prefeitura-de-alagoinhas\/","og_locale":"pt_BR","og_type":"article","og_title":"Edital Prefeitura de Alagoinhas: com 549 vagas inscri\u00e7\u00f5es est\u00e3o encerradas","og_description":"Edital Prefeitura de Alagoinhas: com mais de 500 vagas para diversos cargos e fun\u00e7\u00f5es, inscri\u00e7\u00f5es est\u00e3o oficialmente encerradas. Confira mais detalhes.","og_url":"https:\/\/www.estrategiaconcursos.com.br\/blog\/edital-prefeitura-de-alagoinhas\/","og_site_name":"Estrat\u00e9gia Concursos","article_author":"https:\/\/www.facebook.com\/EstrategiaConcursos","article_published_time":"2019-09-02T04:00:45+00:00","article_modified_time":"2019-11-08T20:39:40+00:00","og_image":[{"width":400,"height":209,"url":"https:\/\/dhg1h5j42swfq.cloudfront.net\/2018\/10\/08173718\/saiu-edital.jpg","type":"image\/jpeg"}],"author":"Coordena\u00e7\u00e3o","twitter_card":"summary_large_image","twitter_creator":"@EstratConcursos","twitter_site":"@EstratConcursos","twitter_misc":{"Escrito por":"Coordena\u00e7\u00e3o","Est. tempo de leitura":"5 minutos"},"schema":{"@context":"https:\/\/schema.org","@graph":[{"@type":"NewsArticle","@id":"https:\/\/www.estrategiaconcursos.com.br\/blog\/edital-prefeitura-de-alagoinhas\/#article","isPartOf":{"@id":"https:\/\/www.estrategiaconcursos.com.br\/blog\/edital-prefeitura-de-alagoinhas\/"},"author":{"name":"Coordena\u00e7\u00e3o","@id":"https:\/\/www.estrategiaconcursos.com.br\/blog\/#\/schema\/person\/b4a388c97673c5f483d72185668afa1f"},"headline":"Edital Prefeitura de Alagoinhas: com 549 vagas inscri\u00e7\u00f5es est\u00e3o encerradas","datePublished":"2019-09-02T04:00:45+00:00","dateModified":"2019-11-08T20:39:40+00:00","mainEntityOfPage":{"@id":"https:\/\/www.estrategiaconcursos.com.br\/blog\/edital-prefeitura-de-alagoinhas\/"},"wordCount":1001,"commentCount":0,"publisher":{"@id":"https:\/\/www.estrategiaconcursos.com.br\/blog\/#organization"},"image":{"@id":"https:\/\/www.estrategiaconcursos.com.br\/blog\/edital-prefeitura-de-alagoinhas\/#primaryimage"},"thumbnailUrl":"https:\/\/dhg1h5j42swfq.cloudfront.net\/2018\/10\/08173718\/saiu-edital.jpg","articleSection":["Concursos P\u00fablicos"],"inLanguage":"pt-BR","potentialAction":[{"@type":"CommentAction","name":"Comment","target":["https:\/\/www.estrategiaconcursos.com.br\/blog\/edital-prefeitura-de-alagoinhas\/#respond"]}],"copyrightYear":"2019","copyrightHolder":{"@id":"https:\/\/www.estrategiaconcursos.com.br\/blog\/#organization"}},{"@type":"WebPage","@id":"https:\/\/www.estrategiaconcursos.com.br\/blog\/edital-prefeitura-de-alagoinhas\/","url":"https:\/\/www.estrategiaconcursos.com.br\/blog\/edital-prefeitura-de-alagoinhas\/","name":"Edital Prefeitura de Alagoinhas: com 549 vagas inscri\u00e7\u00f5es est\u00e3o encerradas","isPartOf":{"@id":"https:\/\/www.estrategiaconcursos.com.br\/blog\/#website"},"primaryImageOfPage":{"@id":"https:\/\/www.estrategiaconcursos.com.br\/blog\/edital-prefeitura-de-alagoinhas\/#primaryimage"},"image":{"@id":"https:\/\/www.estrategiaconcursos.com.br\/blog\/edital-prefeitura-de-alagoinhas\/#primaryimage"},"thumbnailUrl":"https:\/\/dhg1h5j42swfq.cloudfront.net\/2018\/10\/08173718\/saiu-edital.jpg","datePublished":"2019-09-02T04:00:45+00:00","dateModified":"2019-11-08T20:39:40+00:00","description":"Edital Prefeitura de Alagoinhas: com mais de 500 vagas para diversos cargos e fun\u00e7\u00f5es, inscri\u00e7\u00f5es est\u00e3o oficialmente encerradas. Confira mais detalhes.","breadcrumb":{"@id":"https:\/\/www.estrategiaconcursos.com.br\/blog\/edital-prefeitura-de-alagoinhas\/#breadcrumb"},"inLanguage":"pt-BR","potentialAction":[{"@type":"ReadAction","target":["https:\/\/www.estrategiaconcursos.com.br\/blog\/edital-prefeitura-de-alagoinhas\/"]}]},{"@type":"ImageObject","inLanguage":"pt-BR","@id":"https:\/\/www.estrategiaconcursos.com.br\/blog\/edital-prefeitura-de-alagoinhas\/#primaryimage","url":"https:\/\/dhg1h5j42swfq.cloudfront.net\/2018\/10\/08173718\/saiu-edital.jpg","contentUrl":"https:\/\/dhg1h5j42swfq.cloudfront.net\/2018\/10\/08173718\/saiu-edital.jpg","width":400,"height":209,"caption":"CONCURSO CRESS DF"},{"@type":"BreadcrumbList","@id":"https:\/\/www.estrategiaconcursos.com.br\/blog\/edital-prefeitura-de-alagoinhas\/#breadcrumb","itemListElement":[{"@type":"ListItem","position":1,"name":"In\u00edcio","item":"https:\/\/www.estrategiaconcursos.com.br\/blog\/"},{"@type":"ListItem","position":2,"name":"Edital Prefeitura de Alagoinhas: com 549 vagas inscri\u00e7\u00f5es est\u00e3o encerradas"}]},{"@type":"WebSite","@id":"https:\/\/www.estrategiaconcursos.com.br\/blog\/#website","url":"https:\/\/www.estrategiaconcursos.com.br\/blog\/","name":"Estrat\u00e9gia Concursos","description":"O blog da Estrat\u00e9gia Concursos traz not\u00edcias sobre concursos e artigos de professores oferecendo cursos para concursos (pdf + videaulas) no site.","publisher":{"@id":"https:\/\/www.estrategiaconcursos.com.br\/blog\/#organization"},"potentialAction":[{"@type":"SearchAction","target":{"@type":"EntryPoint","urlTemplate":"https:\/\/www.estrategiaconcursos.com.br\/blog\/?s={search_term_string}"},"query-input":{"@type":"PropertyValueSpecification","valueRequired":true,"valueName":"search_term_string"}}],"inLanguage":"pt-BR"},{"@type":"Organization","@id":"https:\/\/www.estrategiaconcursos.com.br\/blog\/#organization","name":"Estrat\u00e9gia Concursos","url":"https:\/\/www.estrategiaconcursos.com.br\/blog\/","logo":{"@type":"ImageObject","inLanguage":"pt-BR","@id":"https:\/\/www.estrategiaconcursos.com.br\/blog\/#\/schema\/logo\/image\/","url":"https:\/\/dhg1h5j42swfq.cloudfront.net\/2025\/06\/03203428\/logo_concursos-1.jpg","contentUrl":"https:\/\/dhg1h5j42swfq.cloudfront.net\/2025\/06\/03203428\/logo_concursos-1.jpg","width":230,"height":60,"caption":"Estrat\u00e9gia Concursos"},"image":{"@id":"https:\/\/www.estrategiaconcursos.com.br\/blog\/#\/schema\/logo\/image\/"},"sameAs":["https:\/\/x.com\/EstratConcursos"]},{"@type":"Person","@id":"https:\/\/www.estrategiaconcursos.com.br\/blog\/#\/schema\/person\/b4a388c97673c5f483d72185668afa1f","name":"Coordena\u00e7\u00e3o","image":{"@type":"ImageObject","inLanguage":"pt-BR","@id":"https:\/\/secure.gravatar.com\/avatar\/b720319e4c9a967eb58678d110f4fe35452fc5d5f97b202bac7b8acceb18c6ad?s=96&d=mm&r=g","url":"https:\/\/secure.gravatar.com\/avatar\/b720319e4c9a967eb58678d110f4fe35452fc5d5f97b202bac7b8acceb18c6ad?s=96&d=mm&r=g","contentUrl":"https:\/\/secure.gravatar.com\/avatar\/b720319e4c9a967eb58678d110f4fe35452fc5d5f97b202bac7b8acceb18c6ad?s=96&d=mm&r=g","caption":"Coordena\u00e7\u00e3o"},"sameAs":["https:\/\/www.facebook.com\/EstrategiaConcursos","https:\/\/x.com\/EstratConcursos"],"url":"https:\/\/www.estrategiaconcursos.com.br\/blog\/author\/estrategia2013\/"}]}},"_links":{"self":[{"href":"https:\/\/www.estrategiaconcursos.com.br\/blog\/wp-json\/wp\/v2\/posts\/413000","targetHints":{"allow":["GET"]}}],"collection":[{"href":"https:\/\/www.estrategiaconcursos.com.br\/blog\/wp-json\/wp\/v2\/posts"}],"about":[{"href":"https:\/\/www.estrategiaconcursos.com.br\/blog\/wp-json\/wp\/v2\/types\/post"}],"author":[{"embeddable":true,"href":"https:\/\/www.estrategiaconcursos.com.br\/blog\/wp-json\/wp\/v2\/users\/1"}],"replies":[{"embeddable":true,"href":"https:\/\/www.estrategiaconcursos.com.br\/blog\/wp-json\/wp\/v2\/comments?post=413000"}],"version-history":[{"count":6,"href":"https:\/\/www.estrategiaconcursos.com.br\/blog\/wp-json\/wp\/v2\/posts\/413000\/revisions"}],"predecessor-version":[{"id":428994,"href":"https:\/\/www.estrategiaconcursos.com.br\/blog\/wp-json\/wp\/v2\/posts\/413000\/revisions\/428994"}],"wp:featuredmedia":[{"embeddable":true,"href":"https:\/\/www.estrategiaconcursos.com.br\/blog\/wp-json\/wp\/v2\/media\/146144"}],"wp:attachment":[{"href":"https:\/\/www.estrategiaconcursos.com.br\/blog\/wp-json\/wp\/v2\/media?parent=413000"}],"wp:term":[{"taxonomy":"category","embeddable":true,"href":"https:\/\/www.estrategiaconcursos.com.br\/blog\/wp-json\/wp\/v2\/categories?post=413000"},{"taxonomy":"post_tag","embeddable":true,"href":"https:\/\/www.estrategiaconcursos.com.br\/blog\/wp-json\/wp\/v2\/tags?post=413000"},{"taxonomy":"tax_estado","embeddable":true,"href":"https:\/\/www.estrategiaconcursos.com.br\/blog\/wp-json\/wp\/v2\/tax_estado?post=413000"}],"curies":[{"name":"wp","href":"https:\/\/api.w.org\/{rel}","templated":true}]}}