{"id":412897,"date":"2019-09-02T14:15:16","date_gmt":"2019-09-02T17:15:16","guid":{"rendered":"https:\/\/www.estrategiaconcursos.com.br\/blog\/?p=412897"},"modified":"2023-10-11T14:33:19","modified_gmt":"2023-10-11T17:33:19","slug":"edital-concurso-alepi","status":"publish","type":"post","link":"https:\/\/www.estrategiaconcursos.com.br\/blog\/edital-concurso-alepi\/","title":{"rendered":"Edital ALEPI: edital com 41 vagas j\u00e1 est\u00e1 com inscri\u00e7\u00f5es abertas!"},"content":{"rendered":"\n<h2 class=\"wp-block-heading\"><em>Provas do certame est\u00e3o previstas para janeiro de 2020<\/em><\/h2>\n\n\n\n<p>O edital do concurso p\u00fablico da <strong>Assembleia Legislativa do Piau\u00ed<\/strong> foi publicado ainda em agosto e oferta <strong>41 vagas imediatas <\/strong>para os cargos de Assistente T\u00e9cnico e Consultor Legislativo, que exigem respectivamente o n\u00edvel m\u00e9dio e superior.<\/p>\n\n\n\n<p>Aqueles que desejam se inscrever no certame podem acessar o site da banca organizadora, a Universidade Federal do Piau\u00ed &#8211; UFPI\/ COPESE, entre os dias <strong>24 de setembro e 6 de novembro<\/strong>, al\u00e9m de pagar uma taxa fixada no valor de R$ 70,00 e R$ 120,00 conforme o cargo\/escolaridade.<\/p>\n\n\n\n<p>O edital foi publicado no Di\u00e1rio Oficial do Estado, mas voc\u00ea confere todas as informa\u00e7\u00f5es sobre o concurso ao longo deste artigo. Ao final, est\u00e1 dispon\u00edvel o edital ALEPI e nossos cursos para voc\u00ea garantir a t\u00e3o sonhada vaga.<\/p>\n\n\n\n<h2 class=\"wp-block-heading\">Principais datas do edital ALEPI<\/h2>\n\n\n\n<p class=\"has-very-light-gray-background-color has-background\"><strong>Inscri\u00e7\u00f5es:<\/strong>  <em>24 de setembro e 6 de novembro <\/em><br \/><strong>Taxa de inscri\u00e7\u00e3o:<\/strong> <br \/><em>N\u00edvel m\u00e9dio:<\/em> <em>R$ 70,00<br \/>N\u00edvel superior: R$ 120,00<\/em><br \/><strong>Isen\u00e7\u00e3o da taxa:<\/strong><em> 24 de setembro a 3 de outubro<\/em><br \/><strong>Data prevista da prova:<\/strong> <em>12 de janeiro<\/em><\/p>\n\n\n\n<h2 class=\"wp-block-heading\">Distribui\u00e7\u00e3o das vagas<\/h2>\n\n\n\n<h4 class=\"wp-block-heading\"><em>N\u00edvel M\u00e9dio (R$ 2.310,14):<\/em><\/h4>\n\n\n\n<p>04 vagas: Assistente T\u00e9cnico \u2013 Qualifica\u00e7\u00e3o em Taquigrafia<br \/>04 vagas: Assistente T\u00e9cnico \u2013 T\u00e9cnico em Inform\u00e1tica<br \/>04 vagas: Assistente T\u00e9cnico \u2013 Conhecimento em Cerimonial P\u00fablico<br \/>04 vagas: Assistente T\u00e9cnico \u2013 Qualifica\u00e7\u00e3o em Radio Difus\u00e3o<br \/>04 vagas: Assistente T\u00e9cnico<\/p>\n\n\n\n<h4 class=\"wp-block-heading\"><em>N\u00edvel Superior (R$ 4.068,39):<\/em><\/h4>\n\n\n\n<p>04 vagas: Consultor Legislativo \u2013 Ci\u00eancias Jur\u00eddicas<br \/>04 vagas: Consultor Legislativo \u2013 Letras \/Portugu\u00eas<br \/>04 vagas: Consultor Legislativo \u2013 An\u00e1lise de sistemas<br \/>03 vagas: Consultor Legislativo \u2013 Contabilidade<br \/>04 vagas: Consultor Legislativo \u2013 Comunica\u00e7\u00e3o Social\/Jornalismo<br \/>01 vaga: Consultor Legislativo \u2013 Biblioteconomia<\/p>\n\n\n\n<h2 class=\"wp-block-heading\">Etapas do certame<\/h2>\n\n\n\n<p>Al\u00e9m da Prova Escrita Objetivo e a Reda\u00e7\u00e3o, haver\u00e1 a Avalia\u00e7\u00e3o de T\u00edtulos que atribuir\u00e1 pontos para N\u00edvel Superior (Tempo de Servi\u00e7o P\u00fablico, Especializa\u00e7\u00e3o ou MBA, Mestrado e Doutorado) e N\u00edvel M\u00e9dio ( Tempo de Servi\u00e7o P\u00fablico e Gradua\u00e7\u00e3o).<\/p>\n\n\n\n<h3 class=\"wp-block-heading\">Prova Objetiva<\/h3>\n\n\n\n<p>A Prova Escrita Objetiva juntamente com a Reda\u00e7\u00e3o, acontecer\u00e1 no dia 12 de janeiro e ser\u00e1 aplicada na cidade de Teresina, Piaui. As provas ter\u00e3o dura\u00e7\u00e3o total de 5 horas.<\/p>\n\n\n\n<h2 class=\"wp-block-heading\">Informa\u00e7\u00f5es do \u00faltimo concurso<\/h2>\n\n\n\n<p>O \u00faltimo <a href=\"https:\/\/www.estrategiaconcursos.com.br\/blog\/concurso-alepi\/\" target=\"_blank\" rel=\"noreferrer noopener\">concurso da ALEPI<\/a> foi realizado em 2012, tamb\u00e9m sob organiza\u00e7\u00e3o da UFPI. Na ocasi\u00e3o foram ofertadas 04 vagas para o cargo de Consultor T\u00e9cnico Especializado. A validade do concurso foi de apenas um ano ap\u00f3s a homologa\u00e7\u00e3o do resultado final. <\/p>\n\n\n\n<h3 class=\"wp-block-heading\" id=\"nota-corte\">Nota de corte do \u00faltimo concurso <\/h3>\n\n\n\n<figure class=\"wp-block-table is-style-stripes\"><table class=\"has-subtle-pale-blue-background-color has-background has-fixed-layout\"><tbody><tr><td><strong>LP<\/strong><\/td><td><strong>INF<\/strong><\/td><td><strong>CON. ESP<\/strong><\/td><td><strong>TOTAL<\/strong><\/td><td><strong>CLASS.<\/strong><\/td><\/tr><tr><td>9<\/td><td>9<\/td><td>28<\/td><td>46<\/td><td>1\u00ba<\/td><\/tr><tr><td>8<\/td><td>9<\/td><td>28<\/td><td>45<\/td><td>2\u00ba<\/td><\/tr><tr><td>10<\/td><td>8<\/td><td>26<\/td><td>44<\/td><td>3\u00ba<\/td><\/tr><tr><td>8<\/td><td>10<\/td><td>26<\/td><td>44<\/td><td>4\u00ba<\/td><\/tr><tr><td>10<\/td><td>9<\/td><td>25<\/td><td>44<\/td><td>5\u00ba<\/td><\/tr><tr><td>9<\/td><td>10<\/td><td>25<\/td><td>44<\/td><td>6\u00ba<\/td><\/tr><\/tbody><\/table><\/figure>\n\n\n\n<h2 class=\"wp-block-heading\" id=\"cursos-assinatura\">Quer estudar para o concurso ALEPI?<\/h2>\n\n\n\n<p>Gostou dessa oportunidade e deseja se preparar para o concurso ALEPI? O Estrat\u00e9gia Concurso j\u00e1 possui cursos relacionados ao certame! Confira:<\/p>\n\n\n\n<p class=\"has-text-align-center\" style=\"font-size:clamp(18.959px, 1.185rem + ((1vw - 3.2px) * 1.082), 30px);px\"><strong><a rel=\"noreferrer noopener\" href=\"https:\/\/www.estrategiaconcursos.com.br\/cursosPorConcurso\/assembleia-legislativa-do-piaui-ale-pi\/\" target=\"_blank\"><em>Curso ALEPI<\/em><\/a><\/strong><\/p>\n\n\n\n<p class=\"has-text-align-center\"><strong><em>Assinatura ilimitada*<\/em><\/strong><\/p>\n\n\n\n<p class=\"has-text-align-center\"><em>Prepare-se com o melhor material e com quem mais aprova em Concursos P\u00fablicos em todo o pa\u00eds. Assine agora a nossa Assinatura Anual e tenha acesso ilimitado* a todos os nossos cursos.<\/em><\/p>\n\n\n\n<p class=\"has-text-align-center has-background\" style=\"background-color:#7bdbb57a\"><strong>ASSINE AGORA<\/strong>&nbsp;\u2013&nbsp;<a rel=\"noreferrer noopener\" href=\"https:\/\/www.estrategiaconcursos.com.br\/assinaturas\" target=\"_blank\"><strong>Assinatura Ilimitada<\/strong><\/a><\/p>\n\n\n\n<p class=\"has-text-align-center has-background has-medium-font-size\" style=\"background-color:#8dd2fc6e\"><strong><a href=\"https:\/\/www.estrategiaconcursos.com.br\/blog\/concursos-abertos\/\">CONCURSOS ABERTOS<\/a><\/strong><\/p>\n\n\n\n<p class=\"has-text-align-center has-background has-medium-font-size\" style=\"background-color:#8dd2fc78\"><strong><a href=\"https:\/\/www.estrategiaconcursos.com.br\/blog\/concursos-2024\/\" target=\"_blank\" rel=\"noreferrer noopener\">CONCURSOS\u00a02024<\/a><\/strong><\/p>\n\n\n\n<figure class=\"wp-block-image\"><img loading=\"lazy\" decoding=\"async\" width=\"300\" height=\"102\" src=\"https:\/\/dhg1h5j42swfq.cloudfront.net\/2017\/03\/28152500\/coruja-ficha-tecnica-300x102.png\" alt=\"Ficha t\u00e9cnica edital ALEPI\" class=\"wp-image-68542\"\/><\/figure>\n\n\n\n<h4 class=\"wp-block-heading\" id=\"ficha-tecnica\"><strong>Informa\u00e7\u00f5es do concurso ALEPI<\/strong><\/h4>\n\n\n\n<p>\u25ba<strong>Data prevista<\/strong> <strong>da prova:<\/strong> 12 de janeiro de 2020<br \/>\u25ba<strong>Vagas<\/strong>: 41<br \/>\u25ba<strong>Cargos<\/strong>: Assistente T\u00e9cnico e Consultor Legislativo&nbsp;<br \/>\u25ba<strong>Banca<\/strong>: UFPI\/COPESE<br \/>\u25ba<strong>Escolaridade<\/strong>: N\u00edvel m\u00e9dio e superior<br \/>\u25ba<strong>Edital<\/strong>:&nbsp;Edital ALEPI 2019<\/p>\n\n\n\n<p><em>Ascom Estrat\u00e9gia<br \/>ascomestrategia@gmail.com<\/em><\/p>\n","protected":false},"excerpt":{"rendered":"<p>Provas do certame est\u00e3o previstas para janeiro de 2020 O edital do concurso p\u00fablico da Assembleia Legislativa do Piau\u00ed foi publicado ainda em agosto e oferta 41 vagas imediatas para os cargos de Assistente T\u00e9cnico e Consultor Legislativo, que exigem respectivamente o n\u00edvel m\u00e9dio e superior. Aqueles que desejam se inscrever no certame podem acessar [&hellip;]<\/p>\n","protected":false},"author":26,"featured_media":146144,"comment_status":"open","ping_status":"closed","sticky":false,"template":"","format":"standard","meta":{"post_tipo":"article","footnotes":""},"categories":[1],"tags":[],"tax_estado":[],"class_list":["post-412897","post","type-post","status-publish","format-standard","has-post-thumbnail","hentry","category-cursos-e-concursos"],"acf":[],"yoast_head":"<!-- This site is optimized with the Yoast SEO Premium plugin v27.2 (Yoast SEO v27.2) - https:\/\/yoast.com\/product\/yoast-seo-premium-wordpress\/ -->\n<title>Edital ALEPI: edital com 41 vagas j\u00e1 est\u00e1 com inscri\u00e7\u00f5es abertas!<\/title>\n<meta name=\"description\" content=\"Foi publicado o edital do concurso p\u00fablico da Assembleia Legislativa do Piau\u00ed. S\u00e3o 41 vagas para os cargos de Assistente T\u00e9cnico e Consultor Legislativo.\" \/>\n<meta name=\"robots\" content=\"index, follow, max-snippet:-1, max-image-preview:large, max-video-preview:-1\" \/>\n<link rel=\"canonical\" href=\"https:\/\/www.estrategiaconcursos.com.br\/blog\/edital-concurso-alepi\/\" \/>\n<meta property=\"og:locale\" content=\"pt_BR\" \/>\n<meta property=\"og:type\" content=\"article\" \/>\n<meta property=\"og:title\" content=\"Edital ALEPI: edital com 41 vagas j\u00e1 est\u00e1 com inscri\u00e7\u00f5es abertas!\" \/>\n<meta property=\"og:description\" content=\"Foi publicado o edital do concurso p\u00fablico da Assembleia Legislativa do Piau\u00ed. S\u00e3o 41 vagas para os cargos de Assistente T\u00e9cnico e Consultor Legislativo.\" \/>\n<meta property=\"og:url\" content=\"https:\/\/www.estrategiaconcursos.com.br\/blog\/edital-concurso-alepi\/\" \/>\n<meta property=\"og:site_name\" content=\"Estrat\u00e9gia Concursos\" \/>\n<meta property=\"article:author\" content=\"https:\/\/www.facebook.com\/rvale01\" \/>\n<meta property=\"article:published_time\" content=\"2019-09-02T17:15:16+00:00\" \/>\n<meta property=\"article:modified_time\" content=\"2023-10-11T17:33:19+00:00\" \/>\n<meta property=\"og:image\" content=\"https:\/\/dhg1h5j42swfq.cloudfront.net\/2018\/10\/08173718\/saiu-edital.jpg\" \/>\n\t<meta property=\"og:image:width\" content=\"400\" \/>\n\t<meta property=\"og:image:height\" content=\"209\" \/>\n\t<meta property=\"og:image:type\" content=\"image\/jpeg\" \/>\n<meta name=\"author\" content=\"Ricardo Vale\" \/>\n<meta name=\"twitter:card\" content=\"summary_large_image\" \/>\n<meta name=\"twitter:creator\" content=\"@https:\/\/twitter.com\/EstratConcursos\" \/>\n<meta name=\"twitter:site\" content=\"@EstratConcursos\" \/>\n<meta name=\"twitter:label1\" content=\"Escrito por\" \/>\n\t<meta name=\"twitter:data1\" content=\"Ricardo Vale\" \/>\n\t<meta name=\"twitter:label2\" content=\"Est. tempo de leitura\" \/>\n\t<meta name=\"twitter:data2\" content=\"3 minutos\" \/>\n<script type=\"application\/ld+json\" class=\"yoast-schema-graph\">{\"@context\":\"https:\/\/schema.org\",\"@graph\":[{\"@type\":\"NewsArticle\",\"@id\":\"https:\/\/www.estrategiaconcursos.com.br\/blog\/edital-concurso-alepi\/#article\",\"isPartOf\":{\"@id\":\"https:\/\/www.estrategiaconcursos.com.br\/blog\/edital-concurso-alepi\/\"},\"author\":{\"name\":\"Ricardo Vale\",\"@id\":\"https:\/\/www.estrategiaconcursos.com.br\/blog\/#\/schema\/person\/c32e47dba2159cafe7796a9569a6ff7e\"},\"headline\":\"Edital ALEPI: edital com 41 vagas j\u00e1 est\u00e1 com inscri\u00e7\u00f5es abertas!\",\"datePublished\":\"2019-09-02T17:15:16+00:00\",\"dateModified\":\"2023-10-11T17:33:19+00:00\",\"mainEntityOfPage\":{\"@id\":\"https:\/\/www.estrategiaconcursos.com.br\/blog\/edital-concurso-alepi\/\"},\"wordCount\":543,\"commentCount\":0,\"publisher\":{\"@id\":\"https:\/\/www.estrategiaconcursos.com.br\/blog\/#organization\"},\"image\":{\"@id\":\"https:\/\/www.estrategiaconcursos.com.br\/blog\/edital-concurso-alepi\/#primaryimage\"},\"thumbnailUrl\":\"https:\/\/dhg1h5j42swfq.cloudfront.net\/2018\/10\/08173718\/saiu-edital.jpg\",\"articleSection\":[\"Concursos P\u00fablicos\"],\"inLanguage\":\"pt-BR\",\"potentialAction\":[{\"@type\":\"CommentAction\",\"name\":\"Comment\",\"target\":[\"https:\/\/www.estrategiaconcursos.com.br\/blog\/edital-concurso-alepi\/#respond\"]}],\"copyrightYear\":\"2019\",\"copyrightHolder\":{\"@id\":\"https:\/\/www.estrategiaconcursos.com.br\/blog\/#organization\"}},{\"@type\":\"WebPage\",\"@id\":\"https:\/\/www.estrategiaconcursos.com.br\/blog\/edital-concurso-alepi\/\",\"url\":\"https:\/\/www.estrategiaconcursos.com.br\/blog\/edital-concurso-alepi\/\",\"name\":\"Edital ALEPI: edital com 41 vagas j\u00e1 est\u00e1 com inscri\u00e7\u00f5es abertas!\",\"isPartOf\":{\"@id\":\"https:\/\/www.estrategiaconcursos.com.br\/blog\/#website\"},\"primaryImageOfPage\":{\"@id\":\"https:\/\/www.estrategiaconcursos.com.br\/blog\/edital-concurso-alepi\/#primaryimage\"},\"image\":{\"@id\":\"https:\/\/www.estrategiaconcursos.com.br\/blog\/edital-concurso-alepi\/#primaryimage\"},\"thumbnailUrl\":\"https:\/\/dhg1h5j42swfq.cloudfront.net\/2018\/10\/08173718\/saiu-edital.jpg\",\"datePublished\":\"2019-09-02T17:15:16+00:00\",\"dateModified\":\"2023-10-11T17:33:19+00:00\",\"description\":\"Foi publicado o edital do concurso p\u00fablico da Assembleia Legislativa do Piau\u00ed. S\u00e3o 41 vagas para os cargos de Assistente T\u00e9cnico e Consultor Legislativo.\",\"breadcrumb\":{\"@id\":\"https:\/\/www.estrategiaconcursos.com.br\/blog\/edital-concurso-alepi\/#breadcrumb\"},\"inLanguage\":\"pt-BR\",\"potentialAction\":[{\"@type\":\"ReadAction\",\"target\":[\"https:\/\/www.estrategiaconcursos.com.br\/blog\/edital-concurso-alepi\/\"]}]},{\"@type\":\"ImageObject\",\"inLanguage\":\"pt-BR\",\"@id\":\"https:\/\/www.estrategiaconcursos.com.br\/blog\/edital-concurso-alepi\/#primaryimage\",\"url\":\"https:\/\/dhg1h5j42swfq.cloudfront.net\/2018\/10\/08173718\/saiu-edital.jpg\",\"contentUrl\":\"https:\/\/dhg1h5j42swfq.cloudfront.net\/2018\/10\/08173718\/saiu-edital.jpg\",\"width\":400,\"height\":209,\"caption\":\"CONCURSO CRESS DF\"},{\"@type\":\"BreadcrumbList\",\"@id\":\"https:\/\/www.estrategiaconcursos.com.br\/blog\/edital-concurso-alepi\/#breadcrumb\",\"itemListElement\":[{\"@type\":\"ListItem\",\"position\":1,\"name\":\"In\u00edcio\",\"item\":\"https:\/\/www.estrategiaconcursos.com.br\/blog\/\"},{\"@type\":\"ListItem\",\"position\":2,\"name\":\"Edital ALEPI: edital com 41 vagas j\u00e1 est\u00e1 com inscri\u00e7\u00f5es abertas!\"}]},{\"@type\":\"WebSite\",\"@id\":\"https:\/\/www.estrategiaconcursos.com.br\/blog\/#website\",\"url\":\"https:\/\/www.estrategiaconcursos.com.br\/blog\/\",\"name\":\"Estrat\u00e9gia Concursos\",\"description\":\"O blog da Estrat\u00e9gia Concursos traz not\u00edcias sobre concursos e artigos de professores oferecendo cursos para concursos (pdf + videaulas) no site.\",\"publisher\":{\"@id\":\"https:\/\/www.estrategiaconcursos.com.br\/blog\/#organization\"},\"potentialAction\":[{\"@type\":\"SearchAction\",\"target\":{\"@type\":\"EntryPoint\",\"urlTemplate\":\"https:\/\/www.estrategiaconcursos.com.br\/blog\/?s={search_term_string}\"},\"query-input\":{\"@type\":\"PropertyValueSpecification\",\"valueRequired\":true,\"valueName\":\"search_term_string\"}}],\"inLanguage\":\"pt-BR\"},{\"@type\":\"Organization\",\"@id\":\"https:\/\/www.estrategiaconcursos.com.br\/blog\/#organization\",\"name\":\"Estrat\u00e9gia Concursos\",\"url\":\"https:\/\/www.estrategiaconcursos.com.br\/blog\/\",\"logo\":{\"@type\":\"ImageObject\",\"inLanguage\":\"pt-BR\",\"@id\":\"https:\/\/www.estrategiaconcursos.com.br\/blog\/#\/schema\/logo\/image\/\",\"url\":\"https:\/\/dhg1h5j42swfq.cloudfront.net\/2025\/06\/03203428\/logo_concursos-1.jpg\",\"contentUrl\":\"https:\/\/dhg1h5j42swfq.cloudfront.net\/2025\/06\/03203428\/logo_concursos-1.jpg\",\"width\":230,\"height\":60,\"caption\":\"Estrat\u00e9gia Concursos\"},\"image\":{\"@id\":\"https:\/\/www.estrategiaconcursos.com.br\/blog\/#\/schema\/logo\/image\/\"},\"sameAs\":[\"https:\/\/x.com\/EstratConcursos\"]},{\"@type\":\"Person\",\"@id\":\"https:\/\/www.estrategiaconcursos.com.br\/blog\/#\/schema\/person\/c32e47dba2159cafe7796a9569a6ff7e\",\"name\":\"Ricardo Vale\",\"image\":{\"@type\":\"ImageObject\",\"inLanguage\":\"pt-BR\",\"@id\":\"https:\/\/secure.gravatar.com\/avatar\/e5a5658c798bb49dd53314263f59f38c192d73370fb65839a372c2ae9027be74?s=96&d=mm&r=g\",\"url\":\"https:\/\/secure.gravatar.com\/avatar\/e5a5658c798bb49dd53314263f59f38c192d73370fb65839a372c2ae9027be74?s=96&d=mm&r=g\",\"contentUrl\":\"https:\/\/secure.gravatar.com\/avatar\/e5a5658c798bb49dd53314263f59f38c192d73370fb65839a372c2ae9027be74?s=96&d=mm&r=g\",\"caption\":\"Ricardo Vale\"},\"sameAs\":[\"https:\/\/www.facebook.com\/rvale01\",\"https:\/\/x.com\/https:\/\/twitter.com\/EstratConcursos\"],\"url\":\"https:\/\/www.estrategiaconcursos.com.br\/blog\/author\/ricardovaleestrategiaconcursos-com-br\/\"}]}<\/script>\n<!-- \/ Yoast SEO Premium plugin. -->","yoast_head_json":{"title":"Edital ALEPI: edital com 41 vagas j\u00e1 est\u00e1 com inscri\u00e7\u00f5es abertas!","description":"Foi publicado o edital do concurso p\u00fablico da Assembleia Legislativa do Piau\u00ed. S\u00e3o 41 vagas para os cargos de Assistente T\u00e9cnico e Consultor Legislativo.","robots":{"index":"index","follow":"follow","max-snippet":"max-snippet:-1","max-image-preview":"max-image-preview:large","max-video-preview":"max-video-preview:-1"},"canonical":"https:\/\/www.estrategiaconcursos.com.br\/blog\/edital-concurso-alepi\/","og_locale":"pt_BR","og_type":"article","og_title":"Edital ALEPI: edital com 41 vagas j\u00e1 est\u00e1 com inscri\u00e7\u00f5es abertas!","og_description":"Foi publicado o edital do concurso p\u00fablico da Assembleia Legislativa do Piau\u00ed. S\u00e3o 41 vagas para os cargos de Assistente T\u00e9cnico e Consultor Legislativo.","og_url":"https:\/\/www.estrategiaconcursos.com.br\/blog\/edital-concurso-alepi\/","og_site_name":"Estrat\u00e9gia Concursos","article_author":"https:\/\/www.facebook.com\/rvale01","article_published_time":"2019-09-02T17:15:16+00:00","article_modified_time":"2023-10-11T17:33:19+00:00","og_image":[{"width":400,"height":209,"url":"https:\/\/dhg1h5j42swfq.cloudfront.net\/2018\/10\/08173718\/saiu-edital.jpg","type":"image\/jpeg"}],"author":"Ricardo Vale","twitter_card":"summary_large_image","twitter_creator":"@https:\/\/twitter.com\/EstratConcursos","twitter_site":"@EstratConcursos","twitter_misc":{"Escrito por":"Ricardo Vale","Est. tempo de leitura":"3 minutos"},"schema":{"@context":"https:\/\/schema.org","@graph":[{"@type":"NewsArticle","@id":"https:\/\/www.estrategiaconcursos.com.br\/blog\/edital-concurso-alepi\/#article","isPartOf":{"@id":"https:\/\/www.estrategiaconcursos.com.br\/blog\/edital-concurso-alepi\/"},"author":{"name":"Ricardo Vale","@id":"https:\/\/www.estrategiaconcursos.com.br\/blog\/#\/schema\/person\/c32e47dba2159cafe7796a9569a6ff7e"},"headline":"Edital ALEPI: edital com 41 vagas j\u00e1 est\u00e1 com inscri\u00e7\u00f5es abertas!","datePublished":"2019-09-02T17:15:16+00:00","dateModified":"2023-10-11T17:33:19+00:00","mainEntityOfPage":{"@id":"https:\/\/www.estrategiaconcursos.com.br\/blog\/edital-concurso-alepi\/"},"wordCount":543,"commentCount":0,"publisher":{"@id":"https:\/\/www.estrategiaconcursos.com.br\/blog\/#organization"},"image":{"@id":"https:\/\/www.estrategiaconcursos.com.br\/blog\/edital-concurso-alepi\/#primaryimage"},"thumbnailUrl":"https:\/\/dhg1h5j42swfq.cloudfront.net\/2018\/10\/08173718\/saiu-edital.jpg","articleSection":["Concursos P\u00fablicos"],"inLanguage":"pt-BR","potentialAction":[{"@type":"CommentAction","name":"Comment","target":["https:\/\/www.estrategiaconcursos.com.br\/blog\/edital-concurso-alepi\/#respond"]}],"copyrightYear":"2019","copyrightHolder":{"@id":"https:\/\/www.estrategiaconcursos.com.br\/blog\/#organization"}},{"@type":"WebPage","@id":"https:\/\/www.estrategiaconcursos.com.br\/blog\/edital-concurso-alepi\/","url":"https:\/\/www.estrategiaconcursos.com.br\/blog\/edital-concurso-alepi\/","name":"Edital ALEPI: edital com 41 vagas j\u00e1 est\u00e1 com inscri\u00e7\u00f5es abertas!","isPartOf":{"@id":"https:\/\/www.estrategiaconcursos.com.br\/blog\/#website"},"primaryImageOfPage":{"@id":"https:\/\/www.estrategiaconcursos.com.br\/blog\/edital-concurso-alepi\/#primaryimage"},"image":{"@id":"https:\/\/www.estrategiaconcursos.com.br\/blog\/edital-concurso-alepi\/#primaryimage"},"thumbnailUrl":"https:\/\/dhg1h5j42swfq.cloudfront.net\/2018\/10\/08173718\/saiu-edital.jpg","datePublished":"2019-09-02T17:15:16+00:00","dateModified":"2023-10-11T17:33:19+00:00","description":"Foi publicado o edital do concurso p\u00fablico da Assembleia Legislativa do Piau\u00ed. S\u00e3o 41 vagas para os cargos de Assistente T\u00e9cnico e Consultor Legislativo.","breadcrumb":{"@id":"https:\/\/www.estrategiaconcursos.com.br\/blog\/edital-concurso-alepi\/#breadcrumb"},"inLanguage":"pt-BR","potentialAction":[{"@type":"ReadAction","target":["https:\/\/www.estrategiaconcursos.com.br\/blog\/edital-concurso-alepi\/"]}]},{"@type":"ImageObject","inLanguage":"pt-BR","@id":"https:\/\/www.estrategiaconcursos.com.br\/blog\/edital-concurso-alepi\/#primaryimage","url":"https:\/\/dhg1h5j42swfq.cloudfront.net\/2018\/10\/08173718\/saiu-edital.jpg","contentUrl":"https:\/\/dhg1h5j42swfq.cloudfront.net\/2018\/10\/08173718\/saiu-edital.jpg","width":400,"height":209,"caption":"CONCURSO CRESS DF"},{"@type":"BreadcrumbList","@id":"https:\/\/www.estrategiaconcursos.com.br\/blog\/edital-concurso-alepi\/#breadcrumb","itemListElement":[{"@type":"ListItem","position":1,"name":"In\u00edcio","item":"https:\/\/www.estrategiaconcursos.com.br\/blog\/"},{"@type":"ListItem","position":2,"name":"Edital ALEPI: edital com 41 vagas j\u00e1 est\u00e1 com inscri\u00e7\u00f5es abertas!"}]},{"@type":"WebSite","@id":"https:\/\/www.estrategiaconcursos.com.br\/blog\/#website","url":"https:\/\/www.estrategiaconcursos.com.br\/blog\/","name":"Estrat\u00e9gia Concursos","description":"O blog da Estrat\u00e9gia Concursos traz not\u00edcias sobre concursos e artigos de professores oferecendo cursos para concursos (pdf + videaulas) no site.","publisher":{"@id":"https:\/\/www.estrategiaconcursos.com.br\/blog\/#organization"},"potentialAction":[{"@type":"SearchAction","target":{"@type":"EntryPoint","urlTemplate":"https:\/\/www.estrategiaconcursos.com.br\/blog\/?s={search_term_string}"},"query-input":{"@type":"PropertyValueSpecification","valueRequired":true,"valueName":"search_term_string"}}],"inLanguage":"pt-BR"},{"@type":"Organization","@id":"https:\/\/www.estrategiaconcursos.com.br\/blog\/#organization","name":"Estrat\u00e9gia Concursos","url":"https:\/\/www.estrategiaconcursos.com.br\/blog\/","logo":{"@type":"ImageObject","inLanguage":"pt-BR","@id":"https:\/\/www.estrategiaconcursos.com.br\/blog\/#\/schema\/logo\/image\/","url":"https:\/\/dhg1h5j42swfq.cloudfront.net\/2025\/06\/03203428\/logo_concursos-1.jpg","contentUrl":"https:\/\/dhg1h5j42swfq.cloudfront.net\/2025\/06\/03203428\/logo_concursos-1.jpg","width":230,"height":60,"caption":"Estrat\u00e9gia Concursos"},"image":{"@id":"https:\/\/www.estrategiaconcursos.com.br\/blog\/#\/schema\/logo\/image\/"},"sameAs":["https:\/\/x.com\/EstratConcursos"]},{"@type":"Person","@id":"https:\/\/www.estrategiaconcursos.com.br\/blog\/#\/schema\/person\/c32e47dba2159cafe7796a9569a6ff7e","name":"Ricardo Vale","image":{"@type":"ImageObject","inLanguage":"pt-BR","@id":"https:\/\/secure.gravatar.com\/avatar\/e5a5658c798bb49dd53314263f59f38c192d73370fb65839a372c2ae9027be74?s=96&d=mm&r=g","url":"https:\/\/secure.gravatar.com\/avatar\/e5a5658c798bb49dd53314263f59f38c192d73370fb65839a372c2ae9027be74?s=96&d=mm&r=g","contentUrl":"https:\/\/secure.gravatar.com\/avatar\/e5a5658c798bb49dd53314263f59f38c192d73370fb65839a372c2ae9027be74?s=96&d=mm&r=g","caption":"Ricardo Vale"},"sameAs":["https:\/\/www.facebook.com\/rvale01","https:\/\/x.com\/https:\/\/twitter.com\/EstratConcursos"],"url":"https:\/\/www.estrategiaconcursos.com.br\/blog\/author\/ricardovaleestrategiaconcursos-com-br\/"}]}},"_links":{"self":[{"href":"https:\/\/www.estrategiaconcursos.com.br\/blog\/wp-json\/wp\/v2\/posts\/412897","targetHints":{"allow":["GET"]}}],"collection":[{"href":"https:\/\/www.estrategiaconcursos.com.br\/blog\/wp-json\/wp\/v2\/posts"}],"about":[{"href":"https:\/\/www.estrategiaconcursos.com.br\/blog\/wp-json\/wp\/v2\/types\/post"}],"author":[{"embeddable":true,"href":"https:\/\/www.estrategiaconcursos.com.br\/blog\/wp-json\/wp\/v2\/users\/26"}],"replies":[{"embeddable":true,"href":"https:\/\/www.estrategiaconcursos.com.br\/blog\/wp-json\/wp\/v2\/comments?post=412897"}],"version-history":[{"count":13,"href":"https:\/\/www.estrategiaconcursos.com.br\/blog\/wp-json\/wp\/v2\/posts\/412897\/revisions"}],"predecessor-version":[{"id":1291519,"href":"https:\/\/www.estrategiaconcursos.com.br\/blog\/wp-json\/wp\/v2\/posts\/412897\/revisions\/1291519"}],"wp:featuredmedia":[{"embeddable":true,"href":"https:\/\/www.estrategiaconcursos.com.br\/blog\/wp-json\/wp\/v2\/media\/146144"}],"wp:attachment":[{"href":"https:\/\/www.estrategiaconcursos.com.br\/blog\/wp-json\/wp\/v2\/media?parent=412897"}],"wp:term":[{"taxonomy":"category","embeddable":true,"href":"https:\/\/www.estrategiaconcursos.com.br\/blog\/wp-json\/wp\/v2\/categories?post=412897"},{"taxonomy":"post_tag","embeddable":true,"href":"https:\/\/www.estrategiaconcursos.com.br\/blog\/wp-json\/wp\/v2\/tags?post=412897"},{"taxonomy":"tax_estado","embeddable":true,"href":"https:\/\/www.estrategiaconcursos.com.br\/blog\/wp-json\/wp\/v2\/tax_estado?post=412897"}],"curies":[{"name":"wp","href":"https:\/\/api.w.org\/{rel}","templated":true}]}}