{"id":412758,"date":"2019-08-26T08:00:42","date_gmt":"2019-08-26T11:00:42","guid":{"rendered":"https:\/\/www.estrategiaconcursos.com.br\/blog\/?p=412758"},"modified":"2019-08-24T11:22:25","modified_gmt":"2019-08-24T14:22:25","slug":"concursos-abertos-26-08-19","status":"publish","type":"post","link":"https:\/\/www.estrategiaconcursos.com.br\/blog\/concursos-abertos-26-08-19\/","title":{"rendered":"Concursos Abertos: confira os concursos mais recentes por todo o pa\u00eds"},"content":{"rendered":"\n<p>Doze novos editais foram publicados na \u00faltima semana, trazendo mais de 400 vagas para diversos cargos de n\u00edvel fundamental, m\u00e9dio e superior. A <strong>Universidade Federal do Cear\u00e1<\/strong> publicou mais um edital com vagas para T\u00e9cnico-Administrativo em Educa\u00e7\u00e3o.<\/p>\n\n\n\n<p>A <strong>Companhia do Metropolitano de S\u00e3o Paulo<\/strong> est\u00e1 com quatro vagas abertas para cargos de n\u00edvel m\u00e9dio. J\u00e1 o <strong>Minist\u00e9rio P\u00fablico de Goi\u00e1s<\/strong> oferta 40 vagas para Promotor de Justi\u00e7a Substituto. <\/p>\n\n\n\n<p>Para conferir mais novidades sobre os <strong>concursos publicados e com inscri\u00e7\u00f5es abertas<\/strong>, acompanhe ao longo deste artigo um resumo dos certames e seus respectivos links com mais informa\u00e7\u00f5es.<\/p>\n\n\n\n<h3 class=\"wp-block-heading\">Concurso Prefeitura de Campo Limpo Paulista<\/h3>\n\n\n\n<p>O concurso p\u00fablico da Prefeitura de Campo Limpo Paulista oferta\u00a0<em><strong>83 vagas<\/strong><\/em>\u00a0para diversos cargos que abrangem todos os n\u00edveis de escolaridade. As remunera\u00e7\u00f5es variam de R$ 1.343,00 a R$ 6.104,00. <\/p>\n\n\n\n<p style=\"text-align:center\" class=\"has-background has-very-light-gray-background-color\"><strong> Mais informa\u00e7\u00f5es: <a href=\"https:\/\/www.estrategiaconcursos.com.br\/blog\/concurso-campo-limpo-paulista\/\" target=\"_blank\" rel=\"noreferrer noopener\" aria-label=\"Concurso Prefeitura de Campo Limpo Paulista (abre numa nova aba)\">Concurso Prefeitura de Campo Limpo Paulista<\/a> <\/strong><\/p>\n\n\n\n<h3 class=\"wp-block-heading\">Concurso Prefeitura de Presidente Epit\u00e1cio<\/h3>\n\n\n\n<p>O edital do\u00a0concurso p\u00fablico da Prefeitura de Presidente Epit\u00e1cio, munic\u00edpio do Estado de S\u00e3o Paulo, oferta<em><strong>\u00a011 vagas<\/strong><\/em> imediatas e forma\u00e7\u00e3o de cadastro reserva\u00a0para cargos de n\u00edvel fundamental, m\u00e9dio e superior. Os interessados em participar do certame, devem realizar as\u00a0inscri\u00e7\u00f5es\u00a0no site da Unisisp, banca organizadora. <\/p>\n\n\n\n<p style=\"text-align:center\" class=\"has-background has-very-light-gray-background-color\"><strong> Mais informa\u00e7\u00f5es: <a href=\"https:\/\/www.estrategiaconcursos.com.br\/blog\/concurso-prefeitura-de-presidente-epitacio\/\" target=\"_blank\" rel=\"noreferrer noopener\" aria-label=\"Concurso Prefeitura de Presidente Epit\u00e1cio (abre numa nova aba)\">Concurso Prefeitura de Presidente Epit\u00e1cio<\/a> <\/strong><\/p>\n\n\n\n<h3 class=\"wp-block-heading\">Concurso Prefeitura de S\u00e3o Roque<\/h3>\n\n\n\n<p>O edital da\u00a0Prefeitura Municipal da Est\u00e2ncia Tur\u00edstica de S\u00e3o Roque, munic\u00edpio do interior do estado de S\u00e3o Paulo, oferta\u00a0<strong><em>56 vagas<\/em><\/strong>\u00a0para cargos de n\u00edvel superior na \u00e1rea da educa\u00e7\u00e3o. A remunera\u00e7\u00e3o inicial pode chegar a\u00a0R$ 4.693,76\u00a0dependendo do cargo. <\/p>\n\n\n\n<p style=\"text-align:center\" class=\"has-background has-very-light-gray-background-color\"><strong>Mais informa\u00e7\u00f5es: <a href=\"https:\/\/www.estrategiaconcursos.com.br\/blog\/concurso-prefeitura-sao-roque\/\" target=\"_blank\" rel=\"noreferrer noopener\" aria-label=\"Concurso Prefeitura de S\u00e3o Roque (abre numa nova aba)\">Concurso Prefeitura de S\u00e3o Roque<\/a> <\/strong><\/p>\n\n\n\n<h3 class=\"wp-block-heading\">Concurso ISS Cachoeira do Sul<\/h3>\n\n\n\n<p>O edital do concurso p\u00fablico da Prefeitura de Cachoeira do Sul oferta <strong><em>uma vaga <\/em><\/strong>imediata mais cadastro reserva para o cargo de Fiscal Fazend\u00e1rio, que possui remunera\u00e7\u00e3o inicial de R$ 2.962,52. <\/p>\n\n\n\n<p style=\"text-align:center\" class=\"has-background has-very-light-gray-background-color\"><strong>Mais informa\u00e7\u00f5es: <a rel=\"noreferrer noopener\" aria-label=\"Concurso ISS Cachoeiro do Sul  (abre numa nova aba)\" href=\"https:\/\/www.estrategiaconcursos.com.br\/blog\/concurso-iss-cachoeira-do-sul\/\" target=\"_blank\">Concurso ISS Cachoeira do Sul<\/a><\/strong><\/p>\n\n\n\n<h3 class=\"wp-block-heading\">Concurso C\u00e2mara de Chapec\u00f3<\/h3>\n\n\n\n<p>O\u00a0edital do concurso p\u00fablico da C\u00e2mara Municipal de Chapec\u00f3 oferta\u00a0<em><strong>uma vaga<\/strong><\/em>\u00a0imediata e forma\u00e7\u00e3o de cadastro reserva para diversos cargos de\u00a0n\u00edvel fundamental, m\u00e9dio e superior. Os candidatos devem realizar as inscri\u00e7\u00f5es\u00a0atrav\u00e9s do site da banca organizadora, a Objetiva Concursos. <\/p>\n\n\n\n<p style=\"text-align:center\" class=\"has-background has-very-light-gray-background-color\"><strong>Mas informa\u00e7\u00f5es: <a href=\"https:\/\/www.estrategiaconcursos.com.br\/blog\/concurso-camara-municipal-de-chapeco\/\" target=\"_blank\" rel=\"noreferrer noopener\" aria-label=\"Concurso C\u00e2mara de Chapec\u00f3 (abre numa nova aba)\">Concurso C\u00e2mara de Chapec\u00f3<\/a> <\/strong><\/p>\n\n\n\n<h3 class=\"wp-block-heading\">Concurso C\u00e2mara de Montes Claros (MG)<\/h3>\n\n\n\n<p>O edital do concurso p\u00fablico da C\u00e2mara Municipal de Montes Claros oferta <strong><em>13 vagas <\/em><\/strong>para os cargos de Agente do Legislativo, T\u00e9cnico em Tradu\u00e7\u00e3o e Interpreta\u00e7\u00e3o de Libras, Analista do Legislativo e\u00a0Controlador Interno.<\/p>\n\n\n\n<p style=\"text-align:center\" class=\"has-background has-very-light-gray-background-color\"><strong>Mais informa\u00e7\u00f5es: <a rel=\"noreferrer noopener\" aria-label=\"Concurso C\u00e2mara de Montes Claros (abre numa nova aba)\" href=\"https:\/\/www.estrategiaconcursos.com.br\/blog\/concurso-camara-de-montes-claros\/\" target=\"_blank\">Concurso C\u00e2mara de Montes Claros<\/a><\/strong><\/p>\n\n\n\n<h3 class=\"wp-block-heading\">Concurso Seplag Porto Alegre (RS)<\/h3>\n\n\n\n<p>O concurso p\u00fablico da Secretaria Municipal de Planejamento e Gest\u00e3o de Porto Alegre oferta\u00a0<strong><em>uma vaga<\/em><\/strong>\u00a0para o cargo de Auditor de Controle Interno. As inscri\u00e7\u00f5es devem ser realizadas no site da Funda\u00e7\u00e3o Universidade Empresa de Tecnologia e Ci\u00eancias \u2013 Fundatec. <\/p>\n\n\n\n<p style=\"text-align:center\" class=\"has-background has-very-light-gray-background-color\"><strong>Mais informa\u00e7\u00f5es: <a href=\"https:\/\/www.estrategiaconcursos.com.br\/blog\/concurso-seplag-porto-alegre\/\" target=\"_blank\" rel=\"noreferrer noopener\" aria-label=\"Concurso Concurso Seplag Porto Alegre (abre numa nova aba)\">Concurso Concurso Seplag Porto Alegre<\/a> <\/strong><\/p>\n\n\n\n<h3 class=\"wp-block-heading\">Concurso MP GO Promotor<\/h3>\n\n\n\n<p>Foi publicado o edital do concurso p\u00fablico para\u00a0Promotor de Justi\u00e7a Substituto do Minist\u00e9rio P\u00fablico de Goi\u00e1s. S\u00e3o ofertadas<strong><em>\u00a040 vagas<\/em><\/strong>\u00a0para o cargo que exige o n\u00edvel superior em Direito mais comprova\u00e7\u00e3o de, no m\u00ednimo, tr\u00eas anos de atividade jur\u00eddica. <\/p>\n\n\n\n<p style=\"text-align:center\" class=\"has-background has-very-light-gray-background-color\"><strong>Mais informa\u00e7\u00f5es: <a href=\"https:\/\/www.estrategiaconcursos.com.br\/blog\/concurso-mp-go-promotor\/\" target=\"_blank\" rel=\"noreferrer noopener\" aria-label=\"Concurso MP GO Promotor (abre numa nova aba)\">Concurso MP GO Promotor<\/a> <\/strong><\/p>\n\n\n\n<h3 class=\"wp-block-heading\">Concurso UFC<\/h3>\n\n\n\n<p>O concurso p\u00fablico da\u00a0Universidade Federal do Cear\u00e1 oferta <strong><em>26 vagas<\/em><\/strong> para T\u00e9cnico-Administrativo em Educa\u00e7\u00e3o em diversas \u00e1reas de n\u00edvel m\u00e9dio e superior. Aqueles que desejam garantir sua inscri\u00e7\u00e3o devem acessar o site da banca, a Coordenadoria de Concursos (CVV-UFC). <\/p>\n\n\n\n<p style=\"text-align:center\" class=\"has-background has-very-light-gray-background-color\"><strong>Mais informa\u00e7\u00f5es: <a href=\"https:\/\/www.estrategiaconcursos.com.br\/blog\/concurso-ufc\/\" target=\"_blank\" rel=\"noreferrer noopener\" aria-label=\"Concurso UFC (abre numa nova aba)\">Concurso UFC<\/a> <\/strong><\/p>\n\n\n\n<h3 class=\"wp-block-heading\">Concurso CREA TO<\/h3>\n\n\n\n<p>O Conselho Regional de Engenharia e Agronomia do Tocantins oferta\u00a0<strong>159 vagas\u00a0<\/strong>para cargos de\u00a0n\u00edvel fundamental, m\u00e9dio e superior. A banca organizadora do certame \u00e9 o\u00a0Instituto Quadrix. A remunera\u00e7\u00e3o inicial varia entre R$ 1.003,71 a R$ 3.596,89. <\/p>\n\n\n\n<p style=\"text-align:center\" class=\"has-background has-very-light-gray-background-color\"><strong>Mais informa\u00e7\u00f5es: <a href=\"https:\/\/www.estrategiaconcursos.com.br\/blog\/concurso-crea-to\/\" target=\"_blank\" rel=\"noreferrer noopener\" aria-label=\"Concurso CREA TO (abre numa nova aba)\">Concurso CREA TO<\/a> <\/strong><\/p>\n\n\n\n<h3 class=\"wp-block-heading\">Concurso Metr\u00f4 SP<\/h3>\n\n\n\n<p>O concurso do Metr\u00f4 SP oferta\u00a0<em><strong>4 vagas<\/strong><\/em>\u00a0para o cargo de Agente de Seguran\u00e7a Metrovi\u00e1ria I, sendo duas para candidatas do sexo feminino e duas para candidatos do sexo masculino. A organiza\u00e7\u00e3o do certame ficou por conta da Funda\u00e7\u00e3o Carlos Chagas, a FCC. <\/p>\n\n\n\n<p style=\"text-align:center\" class=\"has-background has-very-light-gray-background-color\"><strong>Mais informa\u00e7\u00f5es: <a href=\"https:\/\/www.estrategiaconcursos.com.br\/blog\/concurso-metro-sp-2019\/\" target=\"_blank\" rel=\"noreferrer noopener\" aria-label=\"Concurso Metr\u00f4 SP (abre numa nova aba)\">Concurso Metr\u00f4 SP<\/a> <\/strong><\/p>\n\n\n\n<h3 class=\"wp-block-heading\">Concurso IFFar RS<\/h3>\n\n\n\n<p>O concurso p\u00fablico do Instituto Federal de Ci\u00eancia e Tecnologia Farroupilha (IFFar), no Rio Grande do Sul, oferta\u00a0<strong><em>19 vagas<\/em><\/strong>\u00a0para cargos de n\u00edvel m\u00e9dio e superior. A empresa contratada para organizar o certame foi a\u00a0Funda\u00e7\u00e3o Universidade Empresa de Tecnologia e Ci\u00eancias \u2013 FUNDATEC. <\/p>\n\n\n\n<p style=\"text-align:center\" class=\"has-background has-very-light-gray-background-color\"><strong>Mais informa\u00e7\u00f5es: <a href=\"https:\/\/www.estrategiaconcursos.com.br\/blog\/concurso-iffar-rs\/\" target=\"_blank\" rel=\"noreferrer noopener\" aria-label=\"Concurso IFFar RS (abre numa nova aba)\">Concurso IFFar RS<\/a> <\/strong><\/p>\n\n\n\n<p style=\"text-align:center\"><br \/><em><strong>Assinatura Anual Ilimitada*<\/strong><\/em><\/p>\n\n\n\n<p style=\"text-align:center\"><em>Prepare-se com o melhor material e com quem mais aprova em Concursos P\u00fablicos em todo o pa\u00eds. Assine agora a nossa Assinatura Anual e tenha acesso ilimitado* a todos os nossos cursos.<\/em><\/p>\n\n\n\n<p style=\"text-align:center\" class=\"has-background has-light-green-cyan-background-color\"><strong>ASSINE AGORA<\/strong>&nbsp;\u2013&nbsp;<a rel=\"noreferrer noopener\" href=\"https:\/\/www.estrategiaconcursos.com.br\/assinaturas\" target=\"_blank\"><strong>Assinatura Ilimitada<\/strong><\/a><\/p>\n\n\n\n<p style=\"text-align:center\" class=\"has-background has-medium-font-size has-pale-cyan-blue-background-color\"><strong><a href=\"https:\/\/www.estrategiaconcursos.com.br\/blog\/concursos-abertos\/\">CONCURSOS ABERTOS<\/a><\/strong><\/p>\n\n\n\n<p style=\"text-align:center\" class=\"has-background has-medium-font-size has-pale-cyan-blue-background-color\"><a href=\"https:\/\/www.estrategiaconcursos.com.br\/blog\/concursos-2019\/\"><strong>CONCURSOS 2019<\/strong><\/a><\/p>\n\n\n\n<p style=\"text-align:center\" class=\"has-background has-medium-font-size has-pale-cyan-blue-background-color\"><a href=\"https:\/\/www.estrategiaconcursos.com.br\/blog\/concursos-2020\/\"><strong>CONCURSOS<\/strong><\/a><strong><a href=\"https:\/\/www.estrategiaconcursos.com.br\/blog\/concursos-2020\/\">&nbsp;2020<\/a><\/strong><\/p>\n\n\n\n<p><br \/><em>Ascom Estrat\u00e9gia<br \/><\/em>ascomestrategia@gmail.com<\/p>\n","protected":false},"excerpt":{"rendered":"<p>Doze novos editais foram publicados na \u00faltima semana, trazendo mais de 400 vagas para diversos cargos de n\u00edvel fundamental, m\u00e9dio e superior. A Universidade Federal do Cear\u00e1 publicou mais um edital com vagas para T\u00e9cnico-Administrativo em Educa\u00e7\u00e3o. A Companhia do Metropolitano de S\u00e3o Paulo est\u00e1 com quatro vagas abertas para cargos de n\u00edvel m\u00e9dio. J\u00e1 [&hellip;]<\/p>\n","protected":false},"author":188,"featured_media":364742,"comment_status":"open","ping_status":"closed","sticky":false,"template":"","format":"standard","meta":{"post_tipo":"article","footnotes":""},"categories":[1],"tags":[],"tax_estado":[],"class_list":["post-412758","post","type-post","status-publish","format-standard","has-post-thumbnail","hentry","category-cursos-e-concursos"],"acf":[],"yoast_head":"<!-- This site is optimized with the Yoast SEO Premium plugin v27.2 (Yoast SEO v27.2) - https:\/\/yoast.com\/product\/yoast-seo-premium-wordpress\/ -->\n<title>Concursos Abertos: confira os concursos mais recentes por todo o pa\u00eds<\/title>\n<meta name=\"robots\" content=\"index, follow, max-snippet:-1, max-image-preview:large, max-video-preview:-1\" \/>\n<link rel=\"canonical\" href=\"https:\/\/www.estrategiaconcursos.com.br\/blog\/concursos-abertos-26-08-19\/\" \/>\n<meta property=\"og:locale\" content=\"pt_BR\" \/>\n<meta property=\"og:type\" content=\"article\" \/>\n<meta property=\"og:title\" content=\"Concursos Abertos: confira os concursos mais recentes por todo o pa\u00eds\" \/>\n<meta property=\"og:description\" content=\"Doze novos editais foram publicados na \u00faltima semana, trazendo mais de 400 vagas para diversos cargos de n\u00edvel fundamental, m\u00e9dio e superior. A Universidade Federal do Cear\u00e1 publicou mais um edital com vagas para T\u00e9cnico-Administrativo em Educa\u00e7\u00e3o. A Companhia do Metropolitano de S\u00e3o Paulo est\u00e1 com quatro vagas abertas para cargos de n\u00edvel m\u00e9dio. J\u00e1 [&hellip;]\" \/>\n<meta property=\"og:url\" content=\"https:\/\/www.estrategiaconcursos.com.br\/blog\/concursos-abertos-26-08-19\/\" \/>\n<meta property=\"og:site_name\" content=\"Estrat\u00e9gia Concursos\" \/>\n<meta property=\"article:published_time\" content=\"2019-08-26T11:00:42+00:00\" \/>\n<meta property=\"og:image\" content=\"https:\/\/dhg1h5j42swfq.cloudfront.net\/2019\/04\/20085844\/Concursos-abertos2-e1555761535855.jpg\" \/>\n\t<meta property=\"og:image:width\" content=\"400\" \/>\n\t<meta property=\"og:image:height\" content=\"209\" \/>\n\t<meta property=\"og:image:type\" content=\"image\/jpeg\" \/>\n<meta name=\"author\" content=\"Tha\u00eds Mendes (Jornalista)\" \/>\n<meta name=\"twitter:card\" content=\"summary_large_image\" \/>\n<meta name=\"twitter:creator\" content=\"@EstratConcursos\" \/>\n<meta name=\"twitter:site\" content=\"@EstratConcursos\" \/>\n<meta name=\"twitter:label1\" content=\"Escrito por\" \/>\n\t<meta name=\"twitter:data1\" content=\"Tha\u00eds Mendes (Jornalista)\" \/>\n\t<meta name=\"twitter:label2\" content=\"Est. tempo de leitura\" \/>\n\t<meta name=\"twitter:data2\" content=\"4 minutos\" \/>\n<script type=\"application\/ld+json\" class=\"yoast-schema-graph\">{\"@context\":\"https:\/\/schema.org\",\"@graph\":[{\"@type\":\"NewsArticle\",\"@id\":\"https:\/\/www.estrategiaconcursos.com.br\/blog\/concursos-abertos-26-08-19\/#article\",\"isPartOf\":{\"@id\":\"https:\/\/www.estrategiaconcursos.com.br\/blog\/concursos-abertos-26-08-19\/\"},\"author\":{\"name\":\"Tha\u00eds Mendes (Jornalista)\",\"@id\":\"https:\/\/www.estrategiaconcursos.com.br\/blog\/#\/schema\/person\/b69f846fcb6f09c1b651569e30b6e865\"},\"headline\":\"Concursos Abertos: confira os concursos mais recentes por todo o pa\u00eds\",\"datePublished\":\"2019-08-26T11:00:42+00:00\",\"mainEntityOfPage\":{\"@id\":\"https:\/\/www.estrategiaconcursos.com.br\/blog\/concursos-abertos-26-08-19\/\"},\"wordCount\":849,\"commentCount\":3,\"publisher\":{\"@id\":\"https:\/\/www.estrategiaconcursos.com.br\/blog\/#organization\"},\"image\":{\"@id\":\"https:\/\/www.estrategiaconcursos.com.br\/blog\/concursos-abertos-26-08-19\/#primaryimage\"},\"thumbnailUrl\":\"https:\/\/dhg1h5j42swfq.cloudfront.net\/2019\/04\/20085844\/Concursos-abertos2-e1555761535855.jpg\",\"articleSection\":[\"Concursos P\u00fablicos\"],\"inLanguage\":\"pt-BR\",\"potentialAction\":[{\"@type\":\"CommentAction\",\"name\":\"Comment\",\"target\":[\"https:\/\/www.estrategiaconcursos.com.br\/blog\/concursos-abertos-26-08-19\/#respond\"]}],\"copyrightYear\":\"2019\",\"copyrightHolder\":{\"@id\":\"https:\/\/www.estrategiaconcursos.com.br\/blog\/#organization\"}},{\"@type\":\"WebPage\",\"@id\":\"https:\/\/www.estrategiaconcursos.com.br\/blog\/concursos-abertos-26-08-19\/\",\"url\":\"https:\/\/www.estrategiaconcursos.com.br\/blog\/concursos-abertos-26-08-19\/\",\"name\":\"Concursos Abertos: confira os concursos mais recentes por todo o pa\u00eds\",\"isPartOf\":{\"@id\":\"https:\/\/www.estrategiaconcursos.com.br\/blog\/#website\"},\"primaryImageOfPage\":{\"@id\":\"https:\/\/www.estrategiaconcursos.com.br\/blog\/concursos-abertos-26-08-19\/#primaryimage\"},\"image\":{\"@id\":\"https:\/\/www.estrategiaconcursos.com.br\/blog\/concursos-abertos-26-08-19\/#primaryimage\"},\"thumbnailUrl\":\"https:\/\/dhg1h5j42swfq.cloudfront.net\/2019\/04\/20085844\/Concursos-abertos2-e1555761535855.jpg\",\"datePublished\":\"2019-08-26T11:00:42+00:00\",\"breadcrumb\":{\"@id\":\"https:\/\/www.estrategiaconcursos.com.br\/blog\/concursos-abertos-26-08-19\/#breadcrumb\"},\"inLanguage\":\"pt-BR\",\"potentialAction\":[{\"@type\":\"ReadAction\",\"target\":[\"https:\/\/www.estrategiaconcursos.com.br\/blog\/concursos-abertos-26-08-19\/\"]}]},{\"@type\":\"ImageObject\",\"inLanguage\":\"pt-BR\",\"@id\":\"https:\/\/www.estrategiaconcursos.com.br\/blog\/concursos-abertos-26-08-19\/#primaryimage\",\"url\":\"https:\/\/dhg1h5j42swfq.cloudfront.net\/2019\/04\/20085844\/Concursos-abertos2-e1555761535855.jpg\",\"contentUrl\":\"https:\/\/dhg1h5j42swfq.cloudfront.net\/2019\/04\/20085844\/Concursos-abertos2-e1555761535855.jpg\",\"width\":400,\"height\":209,\"caption\":\"Concursos abertos\"},{\"@type\":\"BreadcrumbList\",\"@id\":\"https:\/\/www.estrategiaconcursos.com.br\/blog\/concursos-abertos-26-08-19\/#breadcrumb\",\"itemListElement\":[{\"@type\":\"ListItem\",\"position\":1,\"name\":\"In\u00edcio\",\"item\":\"https:\/\/www.estrategiaconcursos.com.br\/blog\/\"},{\"@type\":\"ListItem\",\"position\":2,\"name\":\"Concursos Abertos: confira os concursos mais recentes por todo o pa\u00eds\"}]},{\"@type\":\"WebSite\",\"@id\":\"https:\/\/www.estrategiaconcursos.com.br\/blog\/#website\",\"url\":\"https:\/\/www.estrategiaconcursos.com.br\/blog\/\",\"name\":\"Estrat\u00e9gia Concursos\",\"description\":\"O blog da Estrat\u00e9gia Concursos traz not\u00edcias sobre concursos e artigos de professores oferecendo cursos para concursos (pdf + videaulas) no site.\",\"publisher\":{\"@id\":\"https:\/\/www.estrategiaconcursos.com.br\/blog\/#organization\"},\"potentialAction\":[{\"@type\":\"SearchAction\",\"target\":{\"@type\":\"EntryPoint\",\"urlTemplate\":\"https:\/\/www.estrategiaconcursos.com.br\/blog\/?s={search_term_string}\"},\"query-input\":{\"@type\":\"PropertyValueSpecification\",\"valueRequired\":true,\"valueName\":\"search_term_string\"}}],\"inLanguage\":\"pt-BR\"},{\"@type\":\"Organization\",\"@id\":\"https:\/\/www.estrategiaconcursos.com.br\/blog\/#organization\",\"name\":\"Estrat\u00e9gia Concursos\",\"url\":\"https:\/\/www.estrategiaconcursos.com.br\/blog\/\",\"logo\":{\"@type\":\"ImageObject\",\"inLanguage\":\"pt-BR\",\"@id\":\"https:\/\/www.estrategiaconcursos.com.br\/blog\/#\/schema\/logo\/image\/\",\"url\":\"https:\/\/dhg1h5j42swfq.cloudfront.net\/2025\/06\/03203428\/logo_concursos-1.jpg\",\"contentUrl\":\"https:\/\/dhg1h5j42swfq.cloudfront.net\/2025\/06\/03203428\/logo_concursos-1.jpg\",\"width\":230,\"height\":60,\"caption\":\"Estrat\u00e9gia Concursos\"},\"image\":{\"@id\":\"https:\/\/www.estrategiaconcursos.com.br\/blog\/#\/schema\/logo\/image\/\"},\"sameAs\":[\"https:\/\/x.com\/EstratConcursos\"]},{\"@type\":\"Person\",\"@id\":\"https:\/\/www.estrategiaconcursos.com.br\/blog\/#\/schema\/person\/b69f846fcb6f09c1b651569e30b6e865\",\"name\":\"Tha\u00eds Mendes (Jornalista)\",\"image\":{\"@type\":\"ImageObject\",\"inLanguage\":\"pt-BR\",\"@id\":\"https:\/\/secure.gravatar.com\/avatar\/3c9c4f2eb3e762ee925852cf3188d5507fcec36cfe4fdee47acd4135266a8614?s=96&d=mm&r=g\",\"url\":\"https:\/\/secure.gravatar.com\/avatar\/3c9c4f2eb3e762ee925852cf3188d5507fcec36cfe4fdee47acd4135266a8614?s=96&d=mm&r=g\",\"contentUrl\":\"https:\/\/secure.gravatar.com\/avatar\/3c9c4f2eb3e762ee925852cf3188d5507fcec36cfe4fdee47acd4135266a8614?s=96&d=mm&r=g\",\"caption\":\"Tha\u00eds Mendes (Jornalista)\"},\"url\":\"https:\/\/www.estrategiaconcursos.com.br\/blog\/author\/comunicacaoestrategiaconcursos-com-br\/\"}]}<\/script>\n<!-- \/ Yoast SEO Premium plugin. -->","yoast_head_json":{"title":"Concursos Abertos: confira os concursos mais recentes por todo o pa\u00eds","robots":{"index":"index","follow":"follow","max-snippet":"max-snippet:-1","max-image-preview":"max-image-preview:large","max-video-preview":"max-video-preview:-1"},"canonical":"https:\/\/www.estrategiaconcursos.com.br\/blog\/concursos-abertos-26-08-19\/","og_locale":"pt_BR","og_type":"article","og_title":"Concursos Abertos: confira os concursos mais recentes por todo o pa\u00eds","og_description":"Doze novos editais foram publicados na \u00faltima semana, trazendo mais de 400 vagas para diversos cargos de n\u00edvel fundamental, m\u00e9dio e superior. A Universidade Federal do Cear\u00e1 publicou mais um edital com vagas para T\u00e9cnico-Administrativo em Educa\u00e7\u00e3o. A Companhia do Metropolitano de S\u00e3o Paulo est\u00e1 com quatro vagas abertas para cargos de n\u00edvel m\u00e9dio. J\u00e1 [&hellip;]","og_url":"https:\/\/www.estrategiaconcursos.com.br\/blog\/concursos-abertos-26-08-19\/","og_site_name":"Estrat\u00e9gia Concursos","article_published_time":"2019-08-26T11:00:42+00:00","og_image":[{"width":400,"height":209,"url":"https:\/\/dhg1h5j42swfq.cloudfront.net\/2019\/04\/20085844\/Concursos-abertos2-e1555761535855.jpg","type":"image\/jpeg"}],"author":"Tha\u00eds Mendes (Jornalista)","twitter_card":"summary_large_image","twitter_creator":"@EstratConcursos","twitter_site":"@EstratConcursos","twitter_misc":{"Escrito por":"Tha\u00eds Mendes (Jornalista)","Est. tempo de leitura":"4 minutos"},"schema":{"@context":"https:\/\/schema.org","@graph":[{"@type":"NewsArticle","@id":"https:\/\/www.estrategiaconcursos.com.br\/blog\/concursos-abertos-26-08-19\/#article","isPartOf":{"@id":"https:\/\/www.estrategiaconcursos.com.br\/blog\/concursos-abertos-26-08-19\/"},"author":{"name":"Tha\u00eds Mendes (Jornalista)","@id":"https:\/\/www.estrategiaconcursos.com.br\/blog\/#\/schema\/person\/b69f846fcb6f09c1b651569e30b6e865"},"headline":"Concursos Abertos: confira os concursos mais recentes por todo o pa\u00eds","datePublished":"2019-08-26T11:00:42+00:00","mainEntityOfPage":{"@id":"https:\/\/www.estrategiaconcursos.com.br\/blog\/concursos-abertos-26-08-19\/"},"wordCount":849,"commentCount":3,"publisher":{"@id":"https:\/\/www.estrategiaconcursos.com.br\/blog\/#organization"},"image":{"@id":"https:\/\/www.estrategiaconcursos.com.br\/blog\/concursos-abertos-26-08-19\/#primaryimage"},"thumbnailUrl":"https:\/\/dhg1h5j42swfq.cloudfront.net\/2019\/04\/20085844\/Concursos-abertos2-e1555761535855.jpg","articleSection":["Concursos P\u00fablicos"],"inLanguage":"pt-BR","potentialAction":[{"@type":"CommentAction","name":"Comment","target":["https:\/\/www.estrategiaconcursos.com.br\/blog\/concursos-abertos-26-08-19\/#respond"]}],"copyrightYear":"2019","copyrightHolder":{"@id":"https:\/\/www.estrategiaconcursos.com.br\/blog\/#organization"}},{"@type":"WebPage","@id":"https:\/\/www.estrategiaconcursos.com.br\/blog\/concursos-abertos-26-08-19\/","url":"https:\/\/www.estrategiaconcursos.com.br\/blog\/concursos-abertos-26-08-19\/","name":"Concursos Abertos: confira os concursos mais recentes por todo o pa\u00eds","isPartOf":{"@id":"https:\/\/www.estrategiaconcursos.com.br\/blog\/#website"},"primaryImageOfPage":{"@id":"https:\/\/www.estrategiaconcursos.com.br\/blog\/concursos-abertos-26-08-19\/#primaryimage"},"image":{"@id":"https:\/\/www.estrategiaconcursos.com.br\/blog\/concursos-abertos-26-08-19\/#primaryimage"},"thumbnailUrl":"https:\/\/dhg1h5j42swfq.cloudfront.net\/2019\/04\/20085844\/Concursos-abertos2-e1555761535855.jpg","datePublished":"2019-08-26T11:00:42+00:00","breadcrumb":{"@id":"https:\/\/www.estrategiaconcursos.com.br\/blog\/concursos-abertos-26-08-19\/#breadcrumb"},"inLanguage":"pt-BR","potentialAction":[{"@type":"ReadAction","target":["https:\/\/www.estrategiaconcursos.com.br\/blog\/concursos-abertos-26-08-19\/"]}]},{"@type":"ImageObject","inLanguage":"pt-BR","@id":"https:\/\/www.estrategiaconcursos.com.br\/blog\/concursos-abertos-26-08-19\/#primaryimage","url":"https:\/\/dhg1h5j42swfq.cloudfront.net\/2019\/04\/20085844\/Concursos-abertos2-e1555761535855.jpg","contentUrl":"https:\/\/dhg1h5j42swfq.cloudfront.net\/2019\/04\/20085844\/Concursos-abertos2-e1555761535855.jpg","width":400,"height":209,"caption":"Concursos abertos"},{"@type":"BreadcrumbList","@id":"https:\/\/www.estrategiaconcursos.com.br\/blog\/concursos-abertos-26-08-19\/#breadcrumb","itemListElement":[{"@type":"ListItem","position":1,"name":"In\u00edcio","item":"https:\/\/www.estrategiaconcursos.com.br\/blog\/"},{"@type":"ListItem","position":2,"name":"Concursos Abertos: confira os concursos mais recentes por todo o pa\u00eds"}]},{"@type":"WebSite","@id":"https:\/\/www.estrategiaconcursos.com.br\/blog\/#website","url":"https:\/\/www.estrategiaconcursos.com.br\/blog\/","name":"Estrat\u00e9gia Concursos","description":"O blog da Estrat\u00e9gia Concursos traz not\u00edcias sobre concursos e artigos de professores oferecendo cursos para concursos (pdf + videaulas) no site.","publisher":{"@id":"https:\/\/www.estrategiaconcursos.com.br\/blog\/#organization"},"potentialAction":[{"@type":"SearchAction","target":{"@type":"EntryPoint","urlTemplate":"https:\/\/www.estrategiaconcursos.com.br\/blog\/?s={search_term_string}"},"query-input":{"@type":"PropertyValueSpecification","valueRequired":true,"valueName":"search_term_string"}}],"inLanguage":"pt-BR"},{"@type":"Organization","@id":"https:\/\/www.estrategiaconcursos.com.br\/blog\/#organization","name":"Estrat\u00e9gia Concursos","url":"https:\/\/www.estrategiaconcursos.com.br\/blog\/","logo":{"@type":"ImageObject","inLanguage":"pt-BR","@id":"https:\/\/www.estrategiaconcursos.com.br\/blog\/#\/schema\/logo\/image\/","url":"https:\/\/dhg1h5j42swfq.cloudfront.net\/2025\/06\/03203428\/logo_concursos-1.jpg","contentUrl":"https:\/\/dhg1h5j42swfq.cloudfront.net\/2025\/06\/03203428\/logo_concursos-1.jpg","width":230,"height":60,"caption":"Estrat\u00e9gia Concursos"},"image":{"@id":"https:\/\/www.estrategiaconcursos.com.br\/blog\/#\/schema\/logo\/image\/"},"sameAs":["https:\/\/x.com\/EstratConcursos"]},{"@type":"Person","@id":"https:\/\/www.estrategiaconcursos.com.br\/blog\/#\/schema\/person\/b69f846fcb6f09c1b651569e30b6e865","name":"Tha\u00eds Mendes (Jornalista)","image":{"@type":"ImageObject","inLanguage":"pt-BR","@id":"https:\/\/secure.gravatar.com\/avatar\/3c9c4f2eb3e762ee925852cf3188d5507fcec36cfe4fdee47acd4135266a8614?s=96&d=mm&r=g","url":"https:\/\/secure.gravatar.com\/avatar\/3c9c4f2eb3e762ee925852cf3188d5507fcec36cfe4fdee47acd4135266a8614?s=96&d=mm&r=g","contentUrl":"https:\/\/secure.gravatar.com\/avatar\/3c9c4f2eb3e762ee925852cf3188d5507fcec36cfe4fdee47acd4135266a8614?s=96&d=mm&r=g","caption":"Tha\u00eds Mendes (Jornalista)"},"url":"https:\/\/www.estrategiaconcursos.com.br\/blog\/author\/comunicacaoestrategiaconcursos-com-br\/"}]}},"_links":{"self":[{"href":"https:\/\/www.estrategiaconcursos.com.br\/blog\/wp-json\/wp\/v2\/posts\/412758","targetHints":{"allow":["GET"]}}],"collection":[{"href":"https:\/\/www.estrategiaconcursos.com.br\/blog\/wp-json\/wp\/v2\/posts"}],"about":[{"href":"https:\/\/www.estrategiaconcursos.com.br\/blog\/wp-json\/wp\/v2\/types\/post"}],"author":[{"embeddable":true,"href":"https:\/\/www.estrategiaconcursos.com.br\/blog\/wp-json\/wp\/v2\/users\/188"}],"replies":[{"embeddable":true,"href":"https:\/\/www.estrategiaconcursos.com.br\/blog\/wp-json\/wp\/v2\/comments?post=412758"}],"version-history":[{"count":7,"href":"https:\/\/www.estrategiaconcursos.com.br\/blog\/wp-json\/wp\/v2\/posts\/412758\/revisions"}],"predecessor-version":[{"id":412780,"href":"https:\/\/www.estrategiaconcursos.com.br\/blog\/wp-json\/wp\/v2\/posts\/412758\/revisions\/412780"}],"wp:featuredmedia":[{"embeddable":true,"href":"https:\/\/www.estrategiaconcursos.com.br\/blog\/wp-json\/wp\/v2\/media\/364742"}],"wp:attachment":[{"href":"https:\/\/www.estrategiaconcursos.com.br\/blog\/wp-json\/wp\/v2\/media?parent=412758"}],"wp:term":[{"taxonomy":"category","embeddable":true,"href":"https:\/\/www.estrategiaconcursos.com.br\/blog\/wp-json\/wp\/v2\/categories?post=412758"},{"taxonomy":"post_tag","embeddable":true,"href":"https:\/\/www.estrategiaconcursos.com.br\/blog\/wp-json\/wp\/v2\/tags?post=412758"},{"taxonomy":"tax_estado","embeddable":true,"href":"https:\/\/www.estrategiaconcursos.com.br\/blog\/wp-json\/wp\/v2\/tax_estado?post=412758"}],"curies":[{"name":"wp","href":"https:\/\/api.w.org\/{rel}","templated":true}]}}