{"id":412568,"date":"2019-12-23T01:45:39","date_gmt":"2019-12-23T04:45:39","guid":{"rendered":"https:\/\/www.estrategiaconcursos.com.br\/blog\/?p=412568"},"modified":"2025-12-02T10:36:31","modified_gmt":"2025-12-02T13:36:31","slug":"concurso-camara-de-montes-claros","status":"publish","type":"post","link":"https:\/\/www.estrategiaconcursos.com.br\/blog\/concurso-camara-de-montes-claros\/","title":{"rendered":"Concurso C\u00e2mara de Montes Claros: inscri\u00e7\u00f5es est\u00e3o oficialmente encerradas"},"content":{"rendered":"<p><center><a id=\"cta-icon\" href=\"https:\/\/sndflw.com\/i\/camara-morro-garca-grupo\" target=\"_blank\" style=\"background:#29a61a; display:inline-flex; align-items:center; padding:10px 15px; border-radius:6px; color:#fff; text-decoration:none; font-weight:500; font-size:15px;\"><img decoding=\"async\" src=\"https:\/\/dhg1h5j42swfq.cloudfront.net\/2023\/12\/07154107\/whatsapp_13851.png\" alt=\"\" style=\"width:20px; height:20px; margin-right:8px;\"><span>Acesse agora o Grupo de Estudos para o Concurso C\u00e2mara de Montes Claros<\/span><\/a><\/center><\/p>\n\n\n\n<p>Terminaram na \u00faltima ter\u00e7a-feira, 4 de dezembro, as inscri\u00e7\u00f5es para o concurso da C\u00e2mara de Montes Claros que oferta um total de <strong>13 oportunidades<\/strong> e tem como banca organizadora a Funda\u00e7\u00e3o de Apoio ao Desenvolvimento do Ensino Superior do Norte de Minas (<strong>Fadenor<\/strong>).<\/p>\n\n\n\n<p>Agora, os candidatos devem se atentar para a data da prova objetiva, que est\u00e1 marcada para <strong>12 de janeiro<\/strong>. Confira abaixo mais informa\u00e7\u00f5es do concurso:<\/p>\n\n\n\n<ol class=\"wp-block-list\">\n<li><a href=\"#datas-concurso-camara-montes-claros\"><span style=\"text-decoration: underline;\"><strong>Principais datas do concurso<\/strong><\/span><\/a><\/li>\n\n\n\n<li><a href=\"#vagas-concurso-camara-montes-claros\"><span style=\"text-decoration: underline;\"><strong>Cargos e vagas do edital<\/strong><\/span><\/a><\/li>\n\n\n\n<li><a href=\"#requisitos-camara-montes-claros\"><span style=\"text-decoration: underline;\"><strong>Requisitos de ingresso<\/strong><\/span><\/a><\/li>\n\n\n\n<li><a href=\"#etapas-concurso-camara-montes-claros\"><span style=\"text-decoration: underline;\"><strong>Etapas do concurso<\/strong><\/span><\/a><\/li>\n\n\n\n<li><a href=\"#disciplinas-camara-de-montes-claros\"><span style=\"text-decoration: underline;\"><strong>Disciplinas<\/strong><\/span><\/a><\/li>\n\n\n\n<li><a href=\"#cursos-assinatura\"><span style=\"text-decoration: underline;\"><strong>Cursos para a C\u00e2mara de Montes Claros<\/strong><\/span><\/a><\/li>\n\n\n\n<li><a href=\"#ficha-tecnica\"><span style=\"text-decoration: underline;\"><strong>Ficha T\u00e9cnica<\/strong><\/span><\/a><\/li>\n<\/ol>\n\n\n\n<h2 class=\"wp-block-heading\" id=\"datas-concurso-camara-montes-claros\">1) Principais datas do concurso C\u00e2mara de Montes Claros<\/h2>\n\n\n\n<p class=\"has-very-light-gray-background-color has-background\"><strong>Per\u00edodo de inscri\u00e7\u00f5es:<\/strong> <em>de 31\/10 at\u00e9 03\/12<\/em><br \/><strong>Taxa de inscri\u00e7\u00f5es:<\/strong> <em>R$ 55 para n\u00edvel m\u00e9dio; R$ 90 para n\u00edvel superior<\/em><br \/><strong>Per\u00edodo para pedido de isen\u00e7\u00e3o de taxa:<\/strong> <em>de 28\/10\/2019 at\u00e9 30\/10\/2019 <\/em><br \/><strong>Data das provas:<\/strong> <em>12\/01<\/em><\/p>\n\n\n\n<h2 class=\"wp-block-heading\" id=\"vagas-concurso-camara-montes-claros\">2) Cargos e vagas do Concurso C\u00e2mara de Montes Claros<\/h2>\n\n\n\n<p>A oferta total de vagas do concurso C\u00e2mara de Montes Claros <strong>13 vagas imediatas<\/strong>, sendo 8 para n\u00edvel m\u00e9dio e 5 de n\u00edvel superior.<\/p>\n\n\n\n<p>Confira a distribui\u00e7\u00e3o abaixo:<\/p>\n\n\n\n<h4 class=\"wp-block-heading\">N\u00edvel m\u00e9dio<\/h4>\n\n\n\n<p><strong>Cargo<\/strong>: <em>Agente do Legislativo<\/em><br \/><strong>N\u00b0 de vagas:<\/strong> <em>6<\/em><br \/><strong>Jornada de trabalho:<\/strong><em> 30h semanais<\/em><br \/><strong>Remunera\u00e7\u00e3o:<\/strong> <em>R$ 2.042,75 <\/em><\/p>\n\n\n\n<p><strong>Cargo:<\/strong> <em>T\u00e9cnico em Tradu\u00e7\u00e3o e Interpreta\u00e7\u00e3o de Libras <\/em><br \/><strong>N\u00b0 de vagas:<\/strong> <em>2<\/em><br \/><strong>Jornada de trabalho:<\/strong> <em>30h<\/em> <em>semanais<\/em><br \/><strong>Remunera\u00e7\u00e3o:<\/strong> <em>R$ 2.042,75 <\/em><\/p>\n\n\n\n<h4 class=\"wp-block-heading\">N\u00edvel Superior<\/h4>\n\n\n\n<p><strong>Cargo:<\/strong> <em>Analista do Legislativo (Consultor Administrativo)<\/em>  <br \/><strong>N\u00b0 de vagas:<\/strong> <em>2<\/em><br \/><strong>Jornada de trabalho:<\/strong> <em>30h<\/em> <em>semanais<\/em><br \/><strong>Remunera\u00e7\u00e3o:<\/strong><em> R$ 3.529,89 <\/em><\/p>\n\n\n\n<p><strong>Cargo<\/strong>: <em>Analista do Legislativo (Consultor em Direito)  <\/em><br \/><strong>N\u00b0 de vagas:<\/strong><em> 1<\/em><br \/><strong>Jornada de Trabalho:<\/strong> <em>30h<\/em> <em>semanais<\/em><br \/><strong>Remunera\u00e7\u00e3o:<\/strong> <em>R$ 3.529,89<\/em> <\/p>\n\n\n\n<p><strong>Cargo:<\/strong> <em>Analista do Legislativo (Contador) <\/em><br \/><strong>N\u00b0 de vagas:<\/strong> <em>1<\/em><br \/><strong>Jornada de Trabalho:<\/strong> <em>30h<\/em> <em>semanais<\/em><br \/><strong>Remunera\u00e7\u00e3o:<\/strong> <em>R$ 3.529,89<\/em> <\/p>\n\n\n\n<p><strong>Cargo:<\/strong> <em>Controlador Interno <\/em><br \/><strong>N\u00b0 de vagas:<\/strong> <em>1<\/em><br \/><strong>Jornada de Trabalho:<\/strong> <em>40h<\/em> <em>semanais<\/em><br \/><strong>Remunera\u00e7\u00e3o:<\/strong> <em>R$ 8.783,53<\/em> <\/p>\n\n\n\n<h2 class=\"wp-block-heading\" id=\"requisitos-camara-montes-claros\">3) Requisitos dos cargos do concurso C\u00e2mara de Montes Claros <\/h2>\n\n\n\n<p>Al\u00e9m dos n\u00edveis de escolaridade m\u00ednimos obrigat\u00f3rios, alguns cargos tamb\u00e9m exigem forma\u00e7\u00f5es espec\u00edficas. Confira abaixo todos os requisitos referentes a cada especialidade:<\/p>\n\n\n\n<h4 class=\"wp-block-heading\">Agente do Legislativo <\/h4>\n\n\n\n<ul class=\"wp-block-list\">\n<li>Ensino m\u00e9dio completo<\/li>\n<\/ul>\n\n\n\n<h4 class=\"wp-block-heading\">T\u00e9cnico em Tradu\u00e7\u00e3o e Interpreta\u00e7\u00e3o de Libras  <\/h4>\n\n\n\n<ul class=\"wp-block-list\">\n<li>Ensino m\u00e9dio e Certificado de conclus\u00e3o de educa\u00e7\u00e3o profissional t\u00e9cnica de n\u00edvel m\u00e9dio no curso de T\u00e9cnico em Tradu\u00e7\u00e3o e Interpreta\u00e7\u00e3o de Libras; convergentes; ou certificado de conclus\u00e3o de ensino m\u00e9dio, mais certifica\u00e7\u00e3o de qualifica\u00e7\u00e3o profissional de curso livre na \u00e1rea de interpreta\u00e7\u00e3o de libras (exemplo: Guia Int\u00e9rprete; Int\u00e9rprete Gestuno; Tradutor de Libras; Int\u00e9rprete de L\u00edngua de Sinais), fornecido por institui\u00e7\u00e3o de ensino superior reconhecida pelo MEC <\/li>\n<\/ul>\n\n\n\n<h4 class=\"wp-block-heading\">Analista do Legislativo (Consultor Administrativo) <\/h4>\n\n\n\n<ul class=\"wp-block-list\">\n<li>Curso superior de gradua\u00e7\u00e3o (qualquer forma\u00e7\u00e3o) <\/li>\n<\/ul>\n\n\n\n<h4 class=\"wp-block-heading\">Analista do Legislativo (Consultor em Direito) <\/h4>\n\n\n\n<ul class=\"wp-block-list\">\n<li>Curso superior de gradua\u00e7\u00e3o com forma\u00e7\u00e3o em Direito, registro no \u00f3rg\u00e3o de fiscaliza\u00e7\u00e3o profissional competente a pelo menos 03 (tr\u00eas) anos <\/li>\n<\/ul>\n\n\n\n<h4 class=\"wp-block-heading\">Analista do Legislativo (Contador) <\/h4>\n\n\n\n<ul class=\"wp-block-list\">\n<li>Curso superior de gradua\u00e7\u00e3o com forma\u00e7\u00e3o em Ci\u00eancias Cont\u00e1beis e registro no \u00f3rg\u00e3o de fiscaliza\u00e7\u00e3o profissional competente a pelo menos 3 (tr\u00eas) anos <\/li>\n<\/ul>\n\n\n\n<h4 class=\"wp-block-heading\">Controlador Interno <\/h4>\n\n\n\n<ul class=\"wp-block-list\">\n<li>Terceiro grau, com forma\u00e7\u00e3o em Ci\u00eancias Cont\u00e1beis, Administra\u00e7\u00e3o, Ci\u00eancias Econ\u00f4micas e\/ou Direito, com registro na entidade de classe, e experi\u00eancia comprovada de, no m\u00ednimo, 03 (tr\u00eas) anos de atua\u00e7\u00e3o na Administra\u00e7\u00e3o P\u00fablica, na sua \u00e1rea de forma\u00e7\u00e3o <\/li>\n<\/ul>\n\n\n\n<h2 class=\"wp-block-heading\" id=\"etapas-concurso-camara-montes-claros\">4) Etapas do concurso C\u00e2mara de Montes Claros<\/h2>\n\n\n\n<p>Todos os cargos ser\u00e3o submetidos a apenas uma etapa, que consiste em uma prova objetiva composta por 30 quest\u00f5es alternativas. O tempo de aplica\u00e7\u00e3o das provas para todos os cargos ser\u00e1 de 3 horas.<\/p>\n\n\n\n<p>Confira abaixo a estrutura de provas para todos os cargos:<\/p>\n\n\n\n<p><strong>N\u00famero total de quest\u00f5es: 30<\/strong><br \/>&#8211;<em> L\u00edngua Portuguesa: 10 quest\u00f5es &#8211; Peso 3<br \/>&#8211; No\u00e7\u00f5es de inform\u00e1tica: 5 quest\u00f5es &#8211; Peso 2<br \/>&#8211; Conhecimentos Espec\u00edficos: 15 quest\u00f5es &#8211; Peso 4<\/em><br \/><strong>Total de pontos: 100<\/strong><\/p>\n\n\n\n<h2 class=\"wp-block-heading\" id=\"disciplinas-camara-de-montes-claros\">4) Concurso C\u00e2mara de Montes Claros: conhecimentos espec\u00edficos<\/h2>\n\n\n\n<h3 class=\"wp-block-heading\">Assistente do Legislativo<\/h3>\n\n\n\n<ul class=\"wp-block-list\">\n<li> Lei Org\u00e2nica do Munic\u00edpio de Montes Claros<\/li>\n\n\n\n<li>Regimento Interno da C\u00e2mara Municipal de Montes Claros<\/li>\n\n\n\n<li> Estatuto dos Servidores P\u00fablicos Municipais de Montes Claros <\/li>\n<\/ul>\n\n\n\n<h3 class=\"wp-block-heading\">T\u00e9cnico em Tradu\u00e7\u00e3o e Interpreta\u00e7\u00e3o de Libras<\/h3>\n\n\n\n<ul class=\"wp-block-list\">\n<li> Aspectos lingu\u00edsticos da Libras: soletra\u00e7\u00e3o manual ou datilologia; fon\u00e9tica e fonologia dos sinais; estrutura morfol\u00f3gica; estrutura sint\u00e1tica; rela\u00e7\u00f5es sem\u00e2nticas; referencia\u00e7\u00e3o e pragm\u00e1tica; escritas de sinais. <\/li>\n\n\n\n<li>C\u00f3digo de \u00e9tica do tradutor e int\u00e9rprete de L\u00edngua de Sinais. <\/li>\n\n\n\n<li>Legisla\u00e7\u00e3o nacional referente \u00e0 LIBRAS e ao tradutor e int\u00e9rprete de LIBRAS. <\/li>\n\n\n\n<li>Tipos e modos de tradu\u00e7\u00e3o e interpreta\u00e7\u00e3o. <\/li>\n\n\n\n<li>Hist\u00f3ria da Educa\u00e7\u00e3o de Surdos da antiguidade \u00e0 contemporaneidade; o desenvolvimento escolar do surdo. <\/li>\n\n\n\n<li>Atua\u00e7\u00e3o do tradutor e int\u00e9rprete educacional. <\/li>\n\n\n\n<li>Compet\u00eancias e habilidades do profissional tradutor e int\u00e9rprete. <\/li>\n\n\n\n<li>Teorias dos Estudos da Tradu\u00e7\u00e3o e Estudos da Interpreta\u00e7\u00e3o. <\/li>\n\n\n\n<li>Cultura e identidades surdas. <\/li>\n\n\n\n<li>Pol\u00edticas lingu\u00edsticas e surdez. <\/li>\n<\/ul>\n\n\n\n<h3 class=\"wp-block-heading\">Analista do Legislativo (Consultor Administrativo)<\/h3>\n\n\n\n<ul class=\"wp-block-list\">\n<li> Lei Org\u00e2nica do Munic\u00edpio de Montes Claros<\/li>\n\n\n\n<li>Regimento Interno da C\u00e2mara Municipal de Montes Claros<\/li>\n\n\n\n<li> Estatuto dos Servidores P\u00fablicos Municipais de Montes Claros <\/li>\n<\/ul>\n\n\n\n<h3 class=\"wp-block-heading\">Analista do Legislativo (Consultor em Direito)<\/h3>\n\n\n\n<ul class=\"wp-block-list\">\n<li>Direito Administrativo<\/li>\n\n\n\n<li>Direito Constitucional<\/li>\n\n\n\n<li>Direito Civil<\/li>\n\n\n\n<li>Processo Civil<\/li>\n\n\n\n<li>Direito Tribut\u00e1rio e Financeiro<\/li>\n\n\n\n<li>Direito Penal<\/li>\n\n\n\n<li>Direito Municipal<\/li>\n<\/ul>\n\n\n\n<h3 class=\"wp-block-heading\">Analista do Legislativo (Contador)<\/h3>\n\n\n\n<ul class=\"wp-block-list\">\n<li>Contabilidade geral<\/li>\n\n\n\n<li>Contabilidade aplicada ao setor p\u00fablico<\/li>\n\n\n\n<li>Or\u00e7amento P\u00fablico<\/li>\n\n\n\n<li>Lei de Licita\u00e7\u00f5es e Contratos Administrativos<\/li>\n\n\n\n<li>Lei de Responsabilidade Fiscal<\/li>\n\n\n\n<li>Fundamentos de contabilidade tribut\u00e1ria e de legisla\u00e7\u00e3o tribut\u00e1ria<\/li>\n<\/ul>\n\n\n\n<h3 class=\"wp-block-heading\">Controlador Interno<\/h3>\n\n\n\n<ul class=\"wp-block-list\">\n<li>Direito Administrativo e Administra\u00e7\u00e3o P\u00fablica<\/li>\n\n\n\n<li>Contabilidade Geral e P\u00fablica<\/li>\n\n\n\n<li>Administra\u00e7\u00e3o Financeira e Or\u00e7ament\u00e1ria<\/li>\n\n\n\n<li>Direito Tribut\u00e1rio<\/li>\n<\/ul>\n\n\n\n<h2 class=\"wp-block-heading has-text-align-center\" id=\"cursos-assinatura\"><strong><em>Quer estudar para Concurso<\/em><\/strong>&nbsp;<em>C\u00e2mara de Montes Claros<\/em><strong><em>?<\/em><\/strong><\/h2>\n\n\n\n<p class=\"has-text-align-center\"><em>Gostou desta oportunidade e deseja come\u00e7ar se preparar agora mesmo? Ent\u00e3o, acompanhe, pois em breve o Estrat\u00e9gia Concursos ir\u00e1 lan\u00e7ar um curso espec\u00edfico para este concurso:<\/em><\/p>\n\n\n\n<p class=\"has-text-align-center has-luminous-vivid-amber-background-color has-background has-medium-font-size\"><strong><a rel=\"noreferrer noopener\" href=\"https:\/\/www.estrategiaconcursos.com.br\/cursos\/concurso\/\" target=\"_blank\">Curso C\u00e2mara de Montes Claros<\/a><\/strong><\/p>\n\n\n\n<h4 class=\"wp-block-heading has-text-align-center\" id=\"assinatura\"><em><strong>Assinatura Anual Ilimitada*<\/strong><\/em><\/h4>\n\n\n\n<p class=\"has-text-align-center\"><em>Prepare-se com o melhor material e com quem mais aprova em Concursos P\u00fablicos em todo o pa\u00eds. Assine agora a nossa Assinatura Anual e tenha acesso ilimitado* a todos os nossos cursos.<\/em><\/p>\n\n\n\n<p class=\"has-text-align-center has-light-green-cyan-background-color has-background\" style=\"font-size:clamp(16.293px, 1.018rem + ((1vw - 3.2px) * 0.854), 25px);px\"><strong>ASSINE AGORA&nbsp;\u2013&nbsp;<\/strong><a rel=\"noreferrer noopener\" href=\"https:\/\/www.estrategiaconcursos.com.br\/assinaturas\" target=\"_blank\"><strong>Assinatura Ilimitada<\/strong><\/a><\/p>\n\n\n\n<p class=\"has-text-align-center\"><strong><em>Fique por dentro de todos os concursos:<\/em><\/strong><\/p>\n\n\n\n<p class=\"has-text-align-center has-pale-cyan-blue-background-color has-background has-medium-font-size\"><strong><a href=\"https:\/\/www.estrategiaconcursos.com.br\/blog\/concursos-abertos\/\" target=\"_blank\" rel=\"noreferrer noopener\">CONCURSOS ABERTOS<\/a><\/strong><\/p>\n\n\n\n<p class=\"has-text-align-center has-pale-cyan-blue-background-color has-background has-medium-font-size\"><strong><a href=\"https:\/\/www.estrategiaconcursos.com.br\/blog\/concursos-2019\/\" target=\"_blank\" rel=\"noreferrer noopener\">CONCURSOS 2019<\/a><\/strong><\/p>\n\n\n\n<p class=\"has-text-align-center has-pale-cyan-blue-background-color has-background has-medium-font-size\"><strong><a href=\"https:\/\/www.estrategiaconcursos.com.br\/blog\/concursos-2020\/\" target=\"_blank\" rel=\"noreferrer noopener\">CONCURSOS&nbsp;2020<\/a><\/strong><\/p>\n\n\n\n<figure class=\"wp-block-image\"><img loading=\"lazy\" decoding=\"async\" width=\"300\" height=\"102\" src=\"https:\/\/dhg1h5j42swfq.cloudfront.net\/2017\/03\/28152500\/coruja-ficha-tecnica-300x102.png\" alt=\"Ficha T\u00e9cnica concurso ISS Cachoeira do Sul\" class=\"wp-image-68542\"\/><\/figure>\n\n\n\n<h3 class=\"wp-block-heading\" id=\"ficha-tecnica\"><strong>Informa\u00e7\u00f5es do concurso<\/strong>&nbsp;<strong>C\u00e2mara de Montes Claros<\/strong><\/h3>\n\n\n\n<p>\u25ba<strong>Prova:<\/strong>&nbsp;12 de janeiro de 2020<br \/>\u25ba<strong>Vagas<\/strong>: 13 <br \/>\u25ba<strong>Cargos<\/strong>: Agente do Legislativo, T\u00e9cnico em Tradu\u00e7\u00e3o, Analista do Legislativo e Controlador Interno <br \/>\u25ba<strong>Banca<\/strong>: Funda\u00e7\u00e3o de Apoio ao Desenvolvimento do Ensino Superior do Norte de Minas \u2013 Fadenor &nbsp;<br \/>\u25ba<strong>Escolaridade<\/strong>: N\u00edvel m\u00e9dio, t\u00e9cnico e superior<br \/>\u25ba<strong>Edital:&nbsp;<a href=\"https:\/\/dhg1h5j42swfq.cloudfront.net\/2019\/08\/24104027\/edital-concurso-camarademontesclaros-mg1.pdf\" target=\"_blank\" rel=\"noreferrer noopener\" aria-label=\"Edital C\u00e2mara de Montes Claros (abre numa nova aba)\">Edital C\u00e2mara de Montes Claros<\/a><\/strong><\/p>\n","protected":false},"excerpt":{"rendered":"<p>Terminaram na \u00faltima ter\u00e7a-feira, 4 de dezembro, as inscri\u00e7\u00f5es para o concurso da C\u00e2mara de Montes Claros que oferta um total de 13 oportunidades e tem como banca organizadora a Funda\u00e7\u00e3o de Apoio ao Desenvolvimento do Ensino Superior do Norte de Minas (Fadenor). Agora, os candidatos devem se atentar para a data da prova objetiva, [&hellip;]<\/p>\n","protected":false},"author":1,"featured_media":379507,"comment_status":"open","ping_status":"closed","sticky":false,"template":"","format":"standard","meta":{"post_tipo":"news","footnotes":""},"categories":[1],"tags":[],"tax_estado":[],"class_list":["post-412568","post","type-post","status-publish","format-standard","has-post-thumbnail","hentry","category-cursos-e-concursos"],"acf":[],"yoast_head":"<!-- This site is optimized with the Yoast SEO Premium plugin v27.2 (Yoast SEO v27.2) - https:\/\/yoast.com\/product\/yoast-seo-premium-wordpress\/ -->\n<title>Concurso C\u00e2mara de Montes Claros: inscri\u00e7\u00f5es est\u00e3o oficialmente encerradas<\/title>\n<meta name=\"description\" content=\"Foi publicado o edital do novo concurso C\u00e2mara de Montes Claros. S\u00e3o 13 oportunidades paran\u00edvel m\u00e9dio, t\u00e9cnico e superior. Confira todos os detalhes\" \/>\n<meta name=\"robots\" content=\"index, follow, max-snippet:-1, max-image-preview:large, max-video-preview:-1\" \/>\n<link rel=\"canonical\" href=\"https:\/\/www.estrategiaconcursos.com.br\/blog\/concurso-camara-de-montes-claros\/\" \/>\n<meta property=\"og:locale\" content=\"pt_BR\" \/>\n<meta property=\"og:type\" content=\"article\" \/>\n<meta property=\"og:title\" content=\"Concurso C\u00e2mara de Montes Claros: inscri\u00e7\u00f5es est\u00e3o oficialmente encerradas\" \/>\n<meta property=\"og:description\" content=\"Foi publicado o edital do novo concurso C\u00e2mara de Montes Claros. S\u00e3o 13 oportunidades paran\u00edvel m\u00e9dio, t\u00e9cnico e superior. Confira todos os detalhes\" \/>\n<meta property=\"og:url\" content=\"https:\/\/www.estrategiaconcursos.com.br\/blog\/concurso-camara-de-montes-claros\/\" \/>\n<meta property=\"og:site_name\" content=\"Estrat\u00e9gia Concursos\" \/>\n<meta property=\"article:author\" content=\"https:\/\/www.facebook.com\/EstrategiaConcursos\" \/>\n<meta property=\"article:published_time\" content=\"2019-12-23T04:45:39+00:00\" \/>\n<meta property=\"article:modified_time\" content=\"2025-12-02T13:36:31+00:00\" \/>\n<meta property=\"og:image\" content=\"https:\/\/dhg1h5j42swfq.cloudfront.net\/2019\/05\/28172918\/saiu-edital.jpg\" \/>\n\t<meta property=\"og:image:width\" content=\"1024\" \/>\n\t<meta property=\"og:image:height\" content=\"536\" \/>\n\t<meta property=\"og:image:type\" content=\"image\/jpeg\" \/>\n<meta name=\"author\" content=\"Coordena\u00e7\u00e3o\" \/>\n<meta name=\"twitter:card\" content=\"summary_large_image\" \/>\n<meta name=\"twitter:creator\" content=\"@EstratConcursos\" \/>\n<meta name=\"twitter:site\" content=\"@EstratConcursos\" \/>\n<meta name=\"twitter:label1\" content=\"Escrito por\" \/>\n\t<meta name=\"twitter:data1\" content=\"Coordena\u00e7\u00e3o\" \/>\n\t<meta name=\"twitter:label2\" content=\"Est. tempo de leitura\" \/>\n\t<meta name=\"twitter:data2\" content=\"6 minutos\" \/>\n<script type=\"application\/ld+json\" class=\"yoast-schema-graph\">{\"@context\":\"https:\/\/schema.org\",\"@graph\":[{\"@type\":\"NewsArticle\",\"@id\":\"https:\/\/www.estrategiaconcursos.com.br\/blog\/concurso-camara-de-montes-claros\/#article\",\"isPartOf\":{\"@id\":\"https:\/\/www.estrategiaconcursos.com.br\/blog\/concurso-camara-de-montes-claros\/\"},\"author\":{\"name\":\"Coordena\u00e7\u00e3o\",\"@id\":\"https:\/\/www.estrategiaconcursos.com.br\/blog\/#\/schema\/person\/b4a388c97673c5f483d72185668afa1f\"},\"headline\":\"Concurso C\u00e2mara de Montes Claros: inscri\u00e7\u00f5es est\u00e3o oficialmente encerradas\",\"datePublished\":\"2019-12-23T04:45:39+00:00\",\"dateModified\":\"2025-12-02T13:36:31+00:00\",\"mainEntityOfPage\":{\"@id\":\"https:\/\/www.estrategiaconcursos.com.br\/blog\/concurso-camara-de-montes-claros\/\"},\"wordCount\":1154,\"commentCount\":4,\"publisher\":{\"@id\":\"https:\/\/www.estrategiaconcursos.com.br\/blog\/#organization\"},\"image\":{\"@id\":\"https:\/\/www.estrategiaconcursos.com.br\/blog\/concurso-camara-de-montes-claros\/#primaryimage\"},\"thumbnailUrl\":\"https:\/\/dhg1h5j42swfq.cloudfront.net\/2019\/05\/28172918\/saiu-edital.jpg\",\"articleSection\":[\"Concursos P\u00fablicos\"],\"inLanguage\":\"pt-BR\",\"potentialAction\":[{\"@type\":\"CommentAction\",\"name\":\"Comment\",\"target\":[\"https:\/\/www.estrategiaconcursos.com.br\/blog\/concurso-camara-de-montes-claros\/#respond\"]}],\"copyrightYear\":\"2019\",\"copyrightHolder\":{\"@id\":\"https:\/\/www.estrategiaconcursos.com.br\/blog\/#organization\"}},{\"@type\":\"WebPage\",\"@id\":\"https:\/\/www.estrategiaconcursos.com.br\/blog\/concurso-camara-de-montes-claros\/\",\"url\":\"https:\/\/www.estrategiaconcursos.com.br\/blog\/concurso-camara-de-montes-claros\/\",\"name\":\"Concurso C\u00e2mara de Montes Claros: inscri\u00e7\u00f5es est\u00e3o oficialmente encerradas\",\"isPartOf\":{\"@id\":\"https:\/\/www.estrategiaconcursos.com.br\/blog\/#website\"},\"primaryImageOfPage\":{\"@id\":\"https:\/\/www.estrategiaconcursos.com.br\/blog\/concurso-camara-de-montes-claros\/#primaryimage\"},\"image\":{\"@id\":\"https:\/\/www.estrategiaconcursos.com.br\/blog\/concurso-camara-de-montes-claros\/#primaryimage\"},\"thumbnailUrl\":\"https:\/\/dhg1h5j42swfq.cloudfront.net\/2019\/05\/28172918\/saiu-edital.jpg\",\"datePublished\":\"2019-12-23T04:45:39+00:00\",\"dateModified\":\"2025-12-02T13:36:31+00:00\",\"description\":\"Foi publicado o edital do novo concurso C\u00e2mara de Montes Claros. S\u00e3o 13 oportunidades paran\u00edvel m\u00e9dio, t\u00e9cnico e superior. Confira todos os detalhes\",\"breadcrumb\":{\"@id\":\"https:\/\/www.estrategiaconcursos.com.br\/blog\/concurso-camara-de-montes-claros\/#breadcrumb\"},\"inLanguage\":\"pt-BR\",\"potentialAction\":[{\"@type\":\"ReadAction\",\"target\":[\"https:\/\/www.estrategiaconcursos.com.br\/blog\/concurso-camara-de-montes-claros\/\"]}]},{\"@type\":\"ImageObject\",\"inLanguage\":\"pt-BR\",\"@id\":\"https:\/\/www.estrategiaconcursos.com.br\/blog\/concurso-camara-de-montes-claros\/#primaryimage\",\"url\":\"https:\/\/dhg1h5j42swfq.cloudfront.net\/2019\/05\/28172918\/saiu-edital.jpg\",\"contentUrl\":\"https:\/\/dhg1h5j42swfq.cloudfront.net\/2019\/05\/28172918\/saiu-edital.jpg\",\"width\":1024,\"height\":536,\"caption\":\"concurso cremese\"},{\"@type\":\"BreadcrumbList\",\"@id\":\"https:\/\/www.estrategiaconcursos.com.br\/blog\/concurso-camara-de-montes-claros\/#breadcrumb\",\"itemListElement\":[{\"@type\":\"ListItem\",\"position\":1,\"name\":\"In\u00edcio\",\"item\":\"https:\/\/www.estrategiaconcursos.com.br\/blog\/\"},{\"@type\":\"ListItem\",\"position\":2,\"name\":\"Concurso C\u00e2mara de Montes Claros: inscri\u00e7\u00f5es est\u00e3o oficialmente encerradas\"}]},{\"@type\":\"WebSite\",\"@id\":\"https:\/\/www.estrategiaconcursos.com.br\/blog\/#website\",\"url\":\"https:\/\/www.estrategiaconcursos.com.br\/blog\/\",\"name\":\"Estrat\u00e9gia Concursos\",\"description\":\"O blog da Estrat\u00e9gia Concursos traz not\u00edcias sobre concursos e artigos de professores oferecendo cursos para concursos (pdf + videaulas) no site.\",\"publisher\":{\"@id\":\"https:\/\/www.estrategiaconcursos.com.br\/blog\/#organization\"},\"potentialAction\":[{\"@type\":\"SearchAction\",\"target\":{\"@type\":\"EntryPoint\",\"urlTemplate\":\"https:\/\/www.estrategiaconcursos.com.br\/blog\/?s={search_term_string}\"},\"query-input\":{\"@type\":\"PropertyValueSpecification\",\"valueRequired\":true,\"valueName\":\"search_term_string\"}}],\"inLanguage\":\"pt-BR\"},{\"@type\":\"Organization\",\"@id\":\"https:\/\/www.estrategiaconcursos.com.br\/blog\/#organization\",\"name\":\"Estrat\u00e9gia Concursos\",\"url\":\"https:\/\/www.estrategiaconcursos.com.br\/blog\/\",\"logo\":{\"@type\":\"ImageObject\",\"inLanguage\":\"pt-BR\",\"@id\":\"https:\/\/www.estrategiaconcursos.com.br\/blog\/#\/schema\/logo\/image\/\",\"url\":\"https:\/\/dhg1h5j42swfq.cloudfront.net\/2025\/06\/03203428\/logo_concursos-1.jpg\",\"contentUrl\":\"https:\/\/dhg1h5j42swfq.cloudfront.net\/2025\/06\/03203428\/logo_concursos-1.jpg\",\"width\":230,\"height\":60,\"caption\":\"Estrat\u00e9gia Concursos\"},\"image\":{\"@id\":\"https:\/\/www.estrategiaconcursos.com.br\/blog\/#\/schema\/logo\/image\/\"},\"sameAs\":[\"https:\/\/x.com\/EstratConcursos\"]},{\"@type\":\"Person\",\"@id\":\"https:\/\/www.estrategiaconcursos.com.br\/blog\/#\/schema\/person\/b4a388c97673c5f483d72185668afa1f\",\"name\":\"Coordena\u00e7\u00e3o\",\"image\":{\"@type\":\"ImageObject\",\"inLanguage\":\"pt-BR\",\"@id\":\"https:\/\/secure.gravatar.com\/avatar\/b720319e4c9a967eb58678d110f4fe35452fc5d5f97b202bac7b8acceb18c6ad?s=96&d=mm&r=g\",\"url\":\"https:\/\/secure.gravatar.com\/avatar\/b720319e4c9a967eb58678d110f4fe35452fc5d5f97b202bac7b8acceb18c6ad?s=96&d=mm&r=g\",\"contentUrl\":\"https:\/\/secure.gravatar.com\/avatar\/b720319e4c9a967eb58678d110f4fe35452fc5d5f97b202bac7b8acceb18c6ad?s=96&d=mm&r=g\",\"caption\":\"Coordena\u00e7\u00e3o\"},\"sameAs\":[\"https:\/\/www.facebook.com\/EstrategiaConcursos\",\"https:\/\/x.com\/EstratConcursos\"],\"url\":\"https:\/\/www.estrategiaconcursos.com.br\/blog\/author\/estrategia2013\/\"}]}<\/script>\n<!-- \/ Yoast SEO Premium plugin. -->","yoast_head_json":{"title":"Concurso C\u00e2mara de Montes Claros: inscri\u00e7\u00f5es est\u00e3o oficialmente encerradas","description":"Foi publicado o edital do novo concurso C\u00e2mara de Montes Claros. S\u00e3o 13 oportunidades paran\u00edvel m\u00e9dio, t\u00e9cnico e superior. Confira todos os detalhes","robots":{"index":"index","follow":"follow","max-snippet":"max-snippet:-1","max-image-preview":"max-image-preview:large","max-video-preview":"max-video-preview:-1"},"canonical":"https:\/\/www.estrategiaconcursos.com.br\/blog\/concurso-camara-de-montes-claros\/","og_locale":"pt_BR","og_type":"article","og_title":"Concurso C\u00e2mara de Montes Claros: inscri\u00e7\u00f5es est\u00e3o oficialmente encerradas","og_description":"Foi publicado o edital do novo concurso C\u00e2mara de Montes Claros. S\u00e3o 13 oportunidades paran\u00edvel m\u00e9dio, t\u00e9cnico e superior. Confira todos os detalhes","og_url":"https:\/\/www.estrategiaconcursos.com.br\/blog\/concurso-camara-de-montes-claros\/","og_site_name":"Estrat\u00e9gia Concursos","article_author":"https:\/\/www.facebook.com\/EstrategiaConcursos","article_published_time":"2019-12-23T04:45:39+00:00","article_modified_time":"2025-12-02T13:36:31+00:00","og_image":[{"width":1024,"height":536,"url":"https:\/\/dhg1h5j42swfq.cloudfront.net\/2019\/05\/28172918\/saiu-edital.jpg","type":"image\/jpeg"}],"author":"Coordena\u00e7\u00e3o","twitter_card":"summary_large_image","twitter_creator":"@EstratConcursos","twitter_site":"@EstratConcursos","twitter_misc":{"Escrito por":"Coordena\u00e7\u00e3o","Est. tempo de leitura":"6 minutos"},"schema":{"@context":"https:\/\/schema.org","@graph":[{"@type":"NewsArticle","@id":"https:\/\/www.estrategiaconcursos.com.br\/blog\/concurso-camara-de-montes-claros\/#article","isPartOf":{"@id":"https:\/\/www.estrategiaconcursos.com.br\/blog\/concurso-camara-de-montes-claros\/"},"author":{"name":"Coordena\u00e7\u00e3o","@id":"https:\/\/www.estrategiaconcursos.com.br\/blog\/#\/schema\/person\/b4a388c97673c5f483d72185668afa1f"},"headline":"Concurso C\u00e2mara de Montes Claros: inscri\u00e7\u00f5es est\u00e3o oficialmente encerradas","datePublished":"2019-12-23T04:45:39+00:00","dateModified":"2025-12-02T13:36:31+00:00","mainEntityOfPage":{"@id":"https:\/\/www.estrategiaconcursos.com.br\/blog\/concurso-camara-de-montes-claros\/"},"wordCount":1154,"commentCount":4,"publisher":{"@id":"https:\/\/www.estrategiaconcursos.com.br\/blog\/#organization"},"image":{"@id":"https:\/\/www.estrategiaconcursos.com.br\/blog\/concurso-camara-de-montes-claros\/#primaryimage"},"thumbnailUrl":"https:\/\/dhg1h5j42swfq.cloudfront.net\/2019\/05\/28172918\/saiu-edital.jpg","articleSection":["Concursos P\u00fablicos"],"inLanguage":"pt-BR","potentialAction":[{"@type":"CommentAction","name":"Comment","target":["https:\/\/www.estrategiaconcursos.com.br\/blog\/concurso-camara-de-montes-claros\/#respond"]}],"copyrightYear":"2019","copyrightHolder":{"@id":"https:\/\/www.estrategiaconcursos.com.br\/blog\/#organization"}},{"@type":"WebPage","@id":"https:\/\/www.estrategiaconcursos.com.br\/blog\/concurso-camara-de-montes-claros\/","url":"https:\/\/www.estrategiaconcursos.com.br\/blog\/concurso-camara-de-montes-claros\/","name":"Concurso C\u00e2mara de Montes Claros: inscri\u00e7\u00f5es est\u00e3o oficialmente encerradas","isPartOf":{"@id":"https:\/\/www.estrategiaconcursos.com.br\/blog\/#website"},"primaryImageOfPage":{"@id":"https:\/\/www.estrategiaconcursos.com.br\/blog\/concurso-camara-de-montes-claros\/#primaryimage"},"image":{"@id":"https:\/\/www.estrategiaconcursos.com.br\/blog\/concurso-camara-de-montes-claros\/#primaryimage"},"thumbnailUrl":"https:\/\/dhg1h5j42swfq.cloudfront.net\/2019\/05\/28172918\/saiu-edital.jpg","datePublished":"2019-12-23T04:45:39+00:00","dateModified":"2025-12-02T13:36:31+00:00","description":"Foi publicado o edital do novo concurso C\u00e2mara de Montes Claros. S\u00e3o 13 oportunidades paran\u00edvel m\u00e9dio, t\u00e9cnico e superior. Confira todos os detalhes","breadcrumb":{"@id":"https:\/\/www.estrategiaconcursos.com.br\/blog\/concurso-camara-de-montes-claros\/#breadcrumb"},"inLanguage":"pt-BR","potentialAction":[{"@type":"ReadAction","target":["https:\/\/www.estrategiaconcursos.com.br\/blog\/concurso-camara-de-montes-claros\/"]}]},{"@type":"ImageObject","inLanguage":"pt-BR","@id":"https:\/\/www.estrategiaconcursos.com.br\/blog\/concurso-camara-de-montes-claros\/#primaryimage","url":"https:\/\/dhg1h5j42swfq.cloudfront.net\/2019\/05\/28172918\/saiu-edital.jpg","contentUrl":"https:\/\/dhg1h5j42swfq.cloudfront.net\/2019\/05\/28172918\/saiu-edital.jpg","width":1024,"height":536,"caption":"concurso cremese"},{"@type":"BreadcrumbList","@id":"https:\/\/www.estrategiaconcursos.com.br\/blog\/concurso-camara-de-montes-claros\/#breadcrumb","itemListElement":[{"@type":"ListItem","position":1,"name":"In\u00edcio","item":"https:\/\/www.estrategiaconcursos.com.br\/blog\/"},{"@type":"ListItem","position":2,"name":"Concurso C\u00e2mara de Montes Claros: inscri\u00e7\u00f5es est\u00e3o oficialmente encerradas"}]},{"@type":"WebSite","@id":"https:\/\/www.estrategiaconcursos.com.br\/blog\/#website","url":"https:\/\/www.estrategiaconcursos.com.br\/blog\/","name":"Estrat\u00e9gia Concursos","description":"O blog da Estrat\u00e9gia Concursos traz not\u00edcias sobre concursos e artigos de professores oferecendo cursos para concursos (pdf + videaulas) no site.","publisher":{"@id":"https:\/\/www.estrategiaconcursos.com.br\/blog\/#organization"},"potentialAction":[{"@type":"SearchAction","target":{"@type":"EntryPoint","urlTemplate":"https:\/\/www.estrategiaconcursos.com.br\/blog\/?s={search_term_string}"},"query-input":{"@type":"PropertyValueSpecification","valueRequired":true,"valueName":"search_term_string"}}],"inLanguage":"pt-BR"},{"@type":"Organization","@id":"https:\/\/www.estrategiaconcursos.com.br\/blog\/#organization","name":"Estrat\u00e9gia Concursos","url":"https:\/\/www.estrategiaconcursos.com.br\/blog\/","logo":{"@type":"ImageObject","inLanguage":"pt-BR","@id":"https:\/\/www.estrategiaconcursos.com.br\/blog\/#\/schema\/logo\/image\/","url":"https:\/\/dhg1h5j42swfq.cloudfront.net\/2025\/06\/03203428\/logo_concursos-1.jpg","contentUrl":"https:\/\/dhg1h5j42swfq.cloudfront.net\/2025\/06\/03203428\/logo_concursos-1.jpg","width":230,"height":60,"caption":"Estrat\u00e9gia Concursos"},"image":{"@id":"https:\/\/www.estrategiaconcursos.com.br\/blog\/#\/schema\/logo\/image\/"},"sameAs":["https:\/\/x.com\/EstratConcursos"]},{"@type":"Person","@id":"https:\/\/www.estrategiaconcursos.com.br\/blog\/#\/schema\/person\/b4a388c97673c5f483d72185668afa1f","name":"Coordena\u00e7\u00e3o","image":{"@type":"ImageObject","inLanguage":"pt-BR","@id":"https:\/\/secure.gravatar.com\/avatar\/b720319e4c9a967eb58678d110f4fe35452fc5d5f97b202bac7b8acceb18c6ad?s=96&d=mm&r=g","url":"https:\/\/secure.gravatar.com\/avatar\/b720319e4c9a967eb58678d110f4fe35452fc5d5f97b202bac7b8acceb18c6ad?s=96&d=mm&r=g","contentUrl":"https:\/\/secure.gravatar.com\/avatar\/b720319e4c9a967eb58678d110f4fe35452fc5d5f97b202bac7b8acceb18c6ad?s=96&d=mm&r=g","caption":"Coordena\u00e7\u00e3o"},"sameAs":["https:\/\/www.facebook.com\/EstrategiaConcursos","https:\/\/x.com\/EstratConcursos"],"url":"https:\/\/www.estrategiaconcursos.com.br\/blog\/author\/estrategia2013\/"}]}},"_links":{"self":[{"href":"https:\/\/www.estrategiaconcursos.com.br\/blog\/wp-json\/wp\/v2\/posts\/412568","targetHints":{"allow":["GET"]}}],"collection":[{"href":"https:\/\/www.estrategiaconcursos.com.br\/blog\/wp-json\/wp\/v2\/posts"}],"about":[{"href":"https:\/\/www.estrategiaconcursos.com.br\/blog\/wp-json\/wp\/v2\/types\/post"}],"author":[{"embeddable":true,"href":"https:\/\/www.estrategiaconcursos.com.br\/blog\/wp-json\/wp\/v2\/users\/1"}],"replies":[{"embeddable":true,"href":"https:\/\/www.estrategiaconcursos.com.br\/blog\/wp-json\/wp\/v2\/comments?post=412568"}],"version-history":[{"count":8,"href":"https:\/\/www.estrategiaconcursos.com.br\/blog\/wp-json\/wp\/v2\/posts\/412568\/revisions"}],"predecessor-version":[{"id":1678572,"href":"https:\/\/www.estrategiaconcursos.com.br\/blog\/wp-json\/wp\/v2\/posts\/412568\/revisions\/1678572"}],"wp:featuredmedia":[{"embeddable":true,"href":"https:\/\/www.estrategiaconcursos.com.br\/blog\/wp-json\/wp\/v2\/media\/379507"}],"wp:attachment":[{"href":"https:\/\/www.estrategiaconcursos.com.br\/blog\/wp-json\/wp\/v2\/media?parent=412568"}],"wp:term":[{"taxonomy":"category","embeddable":true,"href":"https:\/\/www.estrategiaconcursos.com.br\/blog\/wp-json\/wp\/v2\/categories?post=412568"},{"taxonomy":"post_tag","embeddable":true,"href":"https:\/\/www.estrategiaconcursos.com.br\/blog\/wp-json\/wp\/v2\/tags?post=412568"},{"taxonomy":"tax_estado","embeddable":true,"href":"https:\/\/www.estrategiaconcursos.com.br\/blog\/wp-json\/wp\/v2\/tax_estado?post=412568"}],"curies":[{"name":"wp","href":"https:\/\/api.w.org\/{rel}","templated":true}]}}