{"id":412204,"date":"2019-08-30T00:00:32","date_gmt":"2019-08-30T03:00:32","guid":{"rendered":"https:\/\/www.estrategiaconcursos.com.br\/blog\/?p=412204"},"modified":"2020-12-10T17:44:04","modified_gmt":"2020-12-10T20:44:04","slug":"edital-oab-xxx-exame-de-ordem","status":"publish","type":"post","link":"https:\/\/www.estrategiaconcursos.com.br\/blog\/edital-oab-xxx-exame-de-ordem\/","title":{"rendered":"Edital OAB: saiu edital do XXX Exame de Ordem; inscri\u00e7\u00f5es encerram hoje (30)"},"content":{"rendered":"\n<p>Foi publicado no dia 22 de agosto, o edital do <strong>XXX Exame de Ordem<\/strong>. Trata-se da <strong>terceira<\/strong> e \u00faltima edi\u00e7\u00e3o de 2019 do exame que habilita os bachar\u00e9is em Direito para o exerc\u00edcio da advocacia.<\/p>\n\n\n\n<p>Os interessados podem se inscrever no portal da <strong>Funda\u00e7\u00e3o Get\u00falio Vargas<\/strong> (FGV) at\u00e9 o dia <strong>30 de agosto<\/strong>. Todo o processo deve ser feito via internet, no portal da FGV dedicado ao Exame. O valor da taxa de inscri\u00e7\u00e3o \u00e9 de R$ 260,00.<\/p>\n\n\n\n<p>O Exame da OAB tem <strong>duas fase<\/strong>: a <strong>1\u00aa<\/strong> (prova objetiva) est\u00e1 prevista para ocorrer em <strong>20 de outubro<\/strong> e a <strong>2\u00aa<\/strong> <strong>fase<\/strong> (prova pr\u00e1tico-profissional) foi agendada para <strong>1\u00ba de dezembro de 2019<\/strong>.<\/p>\n\n\n\n<h2 class=\"wp-block-heading\">Edital OAB: principais datas<\/h2>\n\n\n\n<ul class=\"wp-block-list\"><li><strong>Publica\u00e7\u00e3o do Edital de Abertura<\/strong>: 22 de agosto<\/li><li><strong>Per\u00edodo de Inscri\u00e7\u00e3o<\/strong>: 22 a 30 de agosto<\/li><li><strong>Prazo limite para pagamento da taxa<\/strong>: at\u00e9 26 de setembro<\/li><li><strong>Prova Objetiva &#8211; 1\u00aa fase<\/strong>: 20 de outubro<\/li><li><strong>Prova pr\u00e1tico-profissional &#8211; 2\u00aa fase<\/strong>: 01 de dezembro<\/li><\/ul>\n\n\n\n<h2 class=\"wp-block-heading\">Edital OAB: quem pode se inscrever<\/h2>\n\n\n\n<p>O Exame de Ordem pode ser realizado por<strong> bachar\u00e9is em Direito<\/strong>, ainda que pendente a realiza\u00e7\u00e3o da cola\u00e7\u00e3o de grau no curso superior. <\/p>\n\n\n\n<p>Os <strong>estudantes de Direito<\/strong> dos dois \u00faltimos semestres do curso (ou do \u00faltimo ano), tamb\u00e9m podem prestar o Exame.<\/p>\n\n\n\n<p>Portadores de <strong>diploma estrangeiro<\/strong> tamb\u00e9m pode realizar o Exame de Ordem, desde que tenham conclu\u00eddo o procedimento de <strong>revalida\u00e7\u00e3o<\/strong> previsto na legisla\u00e7\u00e3o brasileira.<\/p>\n\n\n\n<h2 class=\"wp-block-heading\">Edital OAB: regras da 1\u00aa fase<\/h2>\n\n\n\n<p>A primeira fase do Exame de Ordem \u00e9 composta por uma <strong>prova objetiva<\/strong> com 80 quest\u00f5es de m\u00faltipla escolha com quatro alternativas. De acordo com o edital, al\u00e9m de exigir conhecimentos das disciplinas do curr\u00edculo m\u00ednimo do curso de Direito, o Exame tamb\u00e9m comporta outras <strong>sete disciplinas<\/strong>:<\/p>\n\n\n\n<ul class=\"wp-block-list\"><li><em>Direitos Humanos;<\/em><\/li><li><em>C\u00f3digo do Consumidor;<\/em><\/li><li><em>Estatuto da Crian\u00e7a e do Adolescente;<\/em><\/li><li><em>Direito Ambiental;<\/em><\/li><li><em>Direito Internacional;<\/em><\/li><li><em>Filosofia do Direito;<\/em><\/li><li><em>Estatuto da Advocacia e da OAB, Regulamento Geral e C\u00f3digo de \u00c9tica e Disciplina da OAB .<\/em><\/li><\/ul>\n\n\n\n<p>Embora o edital OAB n\u00e3o estabele\u00e7a uma distribui\u00e7\u00e3o obrigat\u00f3ria de quest\u00f5es por disciplina, ela tem se mantido constante nos \u00faltimos exames. <\/p>\n\n\n\n<h4 class=\"wp-block-heading\">Abaixo voc\u00ea confere quadro completo das mat\u00e9rias cobradas na 1\u00aa fase do Exame de Ordem.<\/h4>\n\n\n\n<figure class=\"wp-block-table is-style-stripes\"><table class=\"has-subtle-pale-blue-background-color has-fixed-layout has-background\"><tbody><tr><td>\n  <strong>Disciplina<\/strong>\n  <\/td><td>\n  <strong>Quest\u00f5es<\/strong>\n  <\/td><\/tr><tr><td>\n  Direito Administrativo\n  <\/td><td>\n  6\n  <\/td><\/tr><tr><td>\n  Direito Civil\n  <\/td><td>\n  7\n  <\/td><\/tr><tr><td>\n  Direito Processual Civil\n  <\/td><td>\n  7\n  <\/td><\/tr><tr><td>\n  &nbsp;Direito Constitucional\n  <\/td><td>\n  7\n  <\/td><\/tr><tr><td>\n  Direito Empresarial\n  <\/td><td>\n  5\n  <\/td><\/tr><tr><td>\n  Direito Penal\n  <\/td><td>\n  6\n  <\/td><\/tr><tr><td>\n  Direito Processual Penal\n  <\/td><td>\n  6\n  <\/td><\/tr><tr><td>\n  Direito do Trabalho\n  <\/td><td>\n  6\n  <\/td><\/tr><tr><td>\n  Direito Processual do Trabalho\n  <\/td><td>\n  5\n  <\/td><\/tr><tr><td>\n  Direito Tribut\u00e1rio\n  <\/td><td>\n  5\n  <\/td><\/tr><tr><td>\n  Direitos Humanos\n  <\/td><td>\n  2\n  <\/td><\/tr><tr><td>\n  C\u00f3digo de Defesa do Consumidor\n  <\/td><td>\n  2\n  <\/td><\/tr><tr><td>\n  Estatuto da Crian\u00e7a e do Adolescente\n  <\/td><td>\n  2\n  <\/td><\/tr><tr><td>\n  Direito Ambiental\n  <\/td><td>\n  2\n  <\/td><\/tr><tr><td>\n  Direito Internacional\n  <\/td><td>\n  2\n  <\/td><\/tr><tr><td>\n  Filosofia do Direito\n  <\/td><td>\n  2\n  <\/td><\/tr><tr><td>  Estatuto   da Advocacia, Regulamento Geral e C\u00f3digo de \u00c9ti a e Disciplina da OAB   <\/td><td>\n  8\n  <\/td><\/tr><\/tbody><\/table><\/figure>\n\n\n\n<h3 class=\"wp-block-heading\"><strong>Crit\u00e9rios para aprova\u00e7\u00e3o na 1\u00aa fase<\/strong><\/h3>\n\n\n\n<p>Para ser convocado para a 2\u00aa fase do Exame de Ordem, o candidato dever\u00e1 acertar pelo menos <strong>40 quest\u00f5es<\/strong> (50% da prova).<\/p>\n\n\n\n<p class=\"has-text-align-center has-vivid-cyan-blue-color has-very-light-gray-background-color has-text-color has-background\" style=\"font-size:clamp(16.293px, 1.018rem + ((1vw - 3.2px) * 0.854), 25px);px\"><strong><a rel=\"noreferrer noopener\" href=\"https:\/\/www.estrategiaconcursos.com.br\/cursosPorConcurso\/exame-de-ordem-oab-1-fase\/\" target=\"_blank\">Curso OAB 1\u00aa Fase<\/a><\/strong><\/p>\n\n\n\n<h2 class=\"wp-block-heading\">Edital OAB: conhecendo a 2\u00aa fase<\/h2>\n\n\n\n<p>Enquanto a 1\u00aa fase do Exame de Ordem busca avaliar os conhecimentos te\u00f3ricos adquiridos durante o curso de Direito, em todas as disciplinas do curr\u00edculo nacional m\u00ednimo, a 2\u00aa fase exige maior profundidade e especializa\u00e7\u00e3o.<\/p>\n\n\n\n<p>A chamada <strong>prova&nbsp;pr\u00e1tico-profissional<\/strong> avalia a express\u00e3o escrita e as compet\u00eancias pr\u00e1ticas dos futuros operadores do Direito nas \u00e1reas profissionais de sua escolha.<\/p>\n\n\n\n<p>No ato da inscri\u00e7\u00e3o, o candidato deve escolher qual ser\u00e1 a \u00e1rea de concentra\u00e7\u00e3o de sua prova de 2\u00aa fase. S\u00e3o disponibilizadas <strong>sete&nbsp;\u00e1reas<\/strong>:<\/p>\n\n\n\n<ol class=\"wp-block-list\"><li>Direito Administrativo;<\/li><li>Direito Constitucional;<\/li><li>Direito Civil;<\/li><li>Direito do Trabalho;<\/li><li>Direito Empresarial;<\/li><li>Direito Penal; e<\/li><li> Direito Tribut\u00e1rio. <\/li><\/ol>\n\n\n\n<h3 class=\"wp-block-heading\"><strong>A&nbsp;prova&nbsp;pr\u00e1tico-profissional<\/strong><\/h3>\n\n\n\n<p>Esta prova \u00e9 composta por duas partes: uma <strong>pe\u00e7a&nbsp;processual<\/strong>, no valor de 5 pontos e <strong>quatro&nbsp;quest\u00f5es&nbsp;discursivas<\/strong> (valendo 1,25 pontos cada). Para ser aprovado \u00e9 necess\u00e1rio alcan\u00e7ar 60% de aproveitamento (6 pontos).<\/p>\n\n\n\n<p>A 2\u00aa fase tamb\u00e9m tem dura\u00e7\u00e3o de <strong>5&nbsp;horas<\/strong> e, diferentemente da prova objetiva, <strong>permite&nbsp;consulta<\/strong> a legisla\u00e7\u00e3o n\u00e3o comentada ou anotada.<\/p>\n\n\n\n<p>O edital prev\u00ea uma lista de materiais permitidos, confira abaixo:<\/p>\n\n\n\n<ul class=\"wp-block-list\"><li>Legisla\u00e7\u00e3o n\u00e3o comentada, n\u00e3o anotada e n\u00e3o comparada.<\/li><li>C\u00f3digos, inclusive os organizados que n\u00e3o possuam \u00edndices estruturando roteiros de pe\u00e7as processuais, remiss\u00e3o doutrin\u00e1ria, jurisprud\u00eancia, informativos dos tribunais ou quaisquer coment\u00e1rios, anota\u00e7\u00f5es ou compara\u00e7\u00f5es.<\/li><li>S\u00famulas, Enunciados e Orienta\u00e7\u00f5es Jurisprudenciais, inclusive organizados, desde que n\u00e3o estruturem roteiros de pe\u00e7as processuais.<\/li><li>Leis de Introdu\u00e7\u00e3o dos C\u00f3digos.<\/li><li>Instru\u00e7\u00f5es Normativas.<\/li><li>\u00cdndices remissivos, em ordem alfab\u00e9tica ou tem\u00e1ticos, desde que n\u00e3o estruturem roteiros de pe\u00e7as processuais.<\/li><li>Exposi\u00e7\u00e3o de Motivos.<\/li><li>Regimento Interno.<\/li><li>Resolu\u00e7\u00f5es dos Tribunais.<\/li><li>Simples utiliza\u00e7\u00e3o de marca texto, tra\u00e7o ou simples remiss\u00e3o a artigos ou a lei.<\/li><li>Separa\u00e7\u00e3o de c\u00f3digos por clipes.<\/li><li> Utiliza\u00e7\u00e3o de separadores de c\u00f3digos fabricados por editoras ou outras institui\u00e7\u00f5es ligadas ao mercado gr\u00e1fico, desde que com impress\u00e3o que contenha simples remiss\u00e3o a ramos do Direito ou a leis. <\/li><\/ul>\n\n\n\n<p>No <em>blog<\/em> do Estrat\u00e9gia OAB voc\u00ea encontra dois conte\u00fados interessantes sobre os materiais de consulta na 2\u00aa fase:<\/p>\n\n\n\n<ul class=\"wp-block-list\"><li><a rel=\"noreferrer noopener\" aria-label=\"Materiais proibidos e permitidos na 2\u00aa fase (opens in a new tab)\" href=\"https:\/\/www.estrategiaoab.com.br\/o-que-e-permitido-na-prova-pratico-profissional-exame-de-ordem-da-oab\/\" target=\"_blank\"><strong>Materiais proibidos e permitidos na 2\u00aa fase<\/strong><\/a>;<\/li><li><a rel=\"noreferrer noopener\" aria-label=\"Qual Vade&nbsp;Mecum escolher? (opens in a new tab)\" href=\"https:\/\/www.estrategiaoab.com.br\/vade-mecum-oab-2a-fase\/\" target=\"_blank\"><strong>Qual <\/strong><\/a><em><a rel=\"noreferrer noopener\" aria-label=\"Qual Vade&nbsp;Mecum escolher? (opens in a new tab)\" href=\"https:\/\/www.estrategiaoab.com.br\/vade-mecum-oab-2a-fase\/\" target=\"_blank\"><strong>Vade&nbsp;Mecum<\/strong><\/a><\/em><a rel=\"noreferrer noopener\" aria-label=\"Qual Vade&nbsp;Mecum escolher? (opens in a new tab)\" href=\"https:\/\/www.estrategiaoab.com.br\/vade-mecum-oab-2a-fase\/\" target=\"_blank\"><strong> escolher?<\/strong><\/a><\/li><\/ul>\n\n\n\n<p class=\"has-text-align-center has-vivid-cyan-blue-color has-very-light-gray-background-color has-text-color has-background\" style=\"font-size:clamp(16.293px, 1.018rem + ((1vw - 3.2px) * 0.854), 25px);px\"><strong><a rel=\"noreferrer noopener\" href=\"https:\/\/www.estrategiaconcursos.com.br\/cursosPorConcurso\/oab-2-fase-192\/\" target=\"_blank\">Curso OAB 2\u00aa Fase<\/a><\/strong> <\/p>\n\n\n\n<h2 class=\"wp-block-heading\">Edital OAB: a repescagem<\/h2>\n\n\n\n<p>Caso o examinando n\u00e3o logre a aprova\u00e7\u00e3o na 2\u00aa Fase, \u00e9 poss\u00edvel reaproveitar o resultado da prova objetiva para a realiza\u00e7\u00e3o da prova pr\u00e1tico-profissional do Exame&nbsp;<strong>imediatamente subsequente,&nbsp;<\/strong>mediante o pagamento da taxa de inscri\u00e7\u00e3o correspondente<\/p>\n\n\n\n<p>Os examinandos poder\u00e3o, no ato de inscri\u00e7\u00e3o,&nbsp;atualizar seus dados cadastrais. Isso inclui tanto a escolha do local de prova quanto da \u00e1rea da prova pr\u00e1tico-profissional.<\/p>\n\n\n\n<p>Conhe\u00e7a todos os detalhes da repescagem no Exame da OAB clicando&nbsp;<a rel=\"noreferrer noopener\" href=\"http:\/\/www.estrategiaoab.com.br\/repescagem-exame-de-ordem\/\" target=\"_blank\">aqui<\/a>.<\/p>\n\n\n\n<h2 class=\"wp-block-heading\">Baixe o edital<\/h2>\n\n\n\n<div class=\"wp-block-file\"><a href=\"https:\/\/dhg1h5j42swfq.cloudfront.net\/2019\/08\/22152949\/Edital-OAB-XXX-Exame-de-Ordem.pdf\">Edital OAB &#8211; XXX Exame de Ordem<\/a><a href=\"https:\/\/dhg1h5j42swfq.cloudfront.net\/2019\/08\/22152949\/Edital-OAB-XXX-Exame-de-Ordem.pdf\" class=\"wp-block-file__button\" download>Baixar<\/a><\/div>\n\n\n\n<p> \u25ba <strong>Inscri\u00e7\u00f5es<\/strong>:<a rel=\"noreferrer noopener\" aria-label=\" clique aqui (opens in a new tab)\" href=\"http:\/\/oab.fgv.br\/\" target=\"_blank\">clique aqui<\/a>!<\/p>\n\n\n\n<h2 class=\"wp-block-heading\">Nossas redes sociais<\/h2>\n\n\n\n<p><a href=\"https:\/\/www.instagram.com\/estrategiaoab\/\" target=\"_blank\" rel=\"noreferrer noopener\">Instagram Estrat\u00e9gia OAB<\/a><\/p>\n\n\n\n<p><a rel=\"noreferrer noopener\" href=\"https:\/\/www.youtube.com\/channel\/UC7rgrKTSF5aOrBGWOw60ovw\" target=\"_blank\">YouTube do Estrat\u00e9gia OAB<\/a><\/p>\n","protected":false},"excerpt":{"rendered":"<p>Foi publicado no dia 22 de agosto, o edital do XXX Exame de Ordem. Trata-se da terceira e \u00faltima edi\u00e7\u00e3o de 2019 do exame que habilita os bachar\u00e9is em Direito para o exerc\u00edcio da advocacia. Os interessados podem se inscrever no portal da Funda\u00e7\u00e3o Get\u00falio Vargas (FGV) at\u00e9 o dia 30 de agosto. Todo o [&hellip;]<\/p>\n","protected":false},"author":1,"featured_media":412410,"comment_status":"open","ping_status":"closed","sticky":false,"template":"","format":"standard","meta":{"post_tipo":"news","footnotes":""},"categories":[1],"tags":[],"tax_estado":[219963],"class_list":["post-412204","post","type-post","status-publish","format-standard","has-post-thumbnail","hentry","category-cursos-e-concursos","tax_estado-concursos-federais"],"acf":[],"yoast_head":"<!-- This site is optimized with the Yoast SEO Premium plugin v27.2 (Yoast SEO v27.2) - https:\/\/yoast.com\/product\/yoast-seo-premium-wordpress\/ -->\n<title>Edital OAB: saiu edital do XXX Exame de Ordem; inscri\u00e7\u00f5es encerram hoje (30)<\/title>\n<meta name=\"robots\" content=\"index, follow, max-snippet:-1, max-image-preview:large, max-video-preview:-1\" \/>\n<link rel=\"canonical\" href=\"https:\/\/www.estrategiaconcursos.com.br\/blog\/edital-oab-xxx-exame-de-ordem\/\" \/>\n<meta property=\"og:locale\" content=\"pt_BR\" \/>\n<meta property=\"og:type\" content=\"article\" \/>\n<meta property=\"og:title\" content=\"Edital OAB: saiu edital do XXX Exame de Ordem; inscri\u00e7\u00f5es encerram hoje (30)\" \/>\n<meta property=\"og:description\" content=\"Foi publicado no dia 22 de agosto, o edital do XXX Exame de Ordem. Trata-se da terceira e \u00faltima edi\u00e7\u00e3o de 2019 do exame que habilita os bachar\u00e9is em Direito para o exerc\u00edcio da advocacia. Os interessados podem se inscrever no portal da Funda\u00e7\u00e3o Get\u00falio Vargas (FGV) at\u00e9 o dia 30 de agosto. Todo o [&hellip;]\" \/>\n<meta property=\"og:url\" content=\"https:\/\/www.estrategiaconcursos.com.br\/blog\/edital-oab-xxx-exame-de-ordem\/\" \/>\n<meta property=\"og:site_name\" content=\"Estrat\u00e9gia Concursos\" \/>\n<meta property=\"article:author\" content=\"https:\/\/www.facebook.com\/EstrategiaConcursos\" \/>\n<meta property=\"article:published_time\" content=\"2019-08-30T03:00:32+00:00\" \/>\n<meta property=\"article:modified_time\" content=\"2020-12-10T20:44:04+00:00\" \/>\n<meta property=\"og:image\" content=\"https:\/\/dhg1h5j42swfq.cloudfront.net\/2019\/08\/23093223\/saiu-edital-oab-2.jpg\" \/>\n\t<meta property=\"og:image:width\" content=\"400\" \/>\n\t<meta property=\"og:image:height\" content=\"209\" \/>\n\t<meta property=\"og:image:type\" content=\"image\/jpeg\" \/>\n<meta name=\"author\" content=\"Coordena\u00e7\u00e3o\" \/>\n<meta name=\"twitter:card\" content=\"summary_large_image\" \/>\n<meta name=\"twitter:creator\" content=\"@EstratConcursos\" \/>\n<meta name=\"twitter:site\" content=\"@EstratConcursos\" \/>\n<meta name=\"twitter:label1\" content=\"Escrito por\" \/>\n\t<meta name=\"twitter:data1\" content=\"Coordena\u00e7\u00e3o\" \/>\n\t<meta name=\"twitter:label2\" content=\"Est. tempo de leitura\" \/>\n\t<meta name=\"twitter:data2\" content=\"5 minutos\" \/>\n<script type=\"application\/ld+json\" class=\"yoast-schema-graph\">{\"@context\":\"https:\/\/schema.org\",\"@graph\":[{\"@type\":\"NewsArticle\",\"@id\":\"https:\/\/www.estrategiaconcursos.com.br\/blog\/edital-oab-xxx-exame-de-ordem\/#article\",\"isPartOf\":{\"@id\":\"https:\/\/www.estrategiaconcursos.com.br\/blog\/edital-oab-xxx-exame-de-ordem\/\"},\"author\":{\"name\":\"Coordena\u00e7\u00e3o\",\"@id\":\"https:\/\/www.estrategiaconcursos.com.br\/blog\/#\/schema\/person\/b4a388c97673c5f483d72185668afa1f\"},\"headline\":\"Edital OAB: saiu edital do XXX Exame de Ordem; inscri\u00e7\u00f5es encerram hoje (30)\",\"datePublished\":\"2019-08-30T03:00:32+00:00\",\"dateModified\":\"2020-12-10T20:44:04+00:00\",\"mainEntityOfPage\":{\"@id\":\"https:\/\/www.estrategiaconcursos.com.br\/blog\/edital-oab-xxx-exame-de-ordem\/\"},\"wordCount\":978,\"commentCount\":4,\"publisher\":{\"@id\":\"https:\/\/www.estrategiaconcursos.com.br\/blog\/#organization\"},\"image\":{\"@id\":\"https:\/\/www.estrategiaconcursos.com.br\/blog\/edital-oab-xxx-exame-de-ordem\/#primaryimage\"},\"thumbnailUrl\":\"https:\/\/dhg1h5j42swfq.cloudfront.net\/2019\/08\/23093223\/saiu-edital-oab-2.jpg\",\"articleSection\":[\"Concursos P\u00fablicos\"],\"inLanguage\":\"pt-BR\",\"potentialAction\":[{\"@type\":\"CommentAction\",\"name\":\"Comment\",\"target\":[\"https:\/\/www.estrategiaconcursos.com.br\/blog\/edital-oab-xxx-exame-de-ordem\/#respond\"]}],\"copyrightYear\":\"2019\",\"copyrightHolder\":{\"@id\":\"https:\/\/www.estrategiaconcursos.com.br\/blog\/#organization\"}},{\"@type\":\"WebPage\",\"@id\":\"https:\/\/www.estrategiaconcursos.com.br\/blog\/edital-oab-xxx-exame-de-ordem\/\",\"url\":\"https:\/\/www.estrategiaconcursos.com.br\/blog\/edital-oab-xxx-exame-de-ordem\/\",\"name\":\"Edital OAB: saiu edital do XXX Exame de Ordem; inscri\u00e7\u00f5es encerram hoje (30)\",\"isPartOf\":{\"@id\":\"https:\/\/www.estrategiaconcursos.com.br\/blog\/#website\"},\"primaryImageOfPage\":{\"@id\":\"https:\/\/www.estrategiaconcursos.com.br\/blog\/edital-oab-xxx-exame-de-ordem\/#primaryimage\"},\"image\":{\"@id\":\"https:\/\/www.estrategiaconcursos.com.br\/blog\/edital-oab-xxx-exame-de-ordem\/#primaryimage\"},\"thumbnailUrl\":\"https:\/\/dhg1h5j42swfq.cloudfront.net\/2019\/08\/23093223\/saiu-edital-oab-2.jpg\",\"datePublished\":\"2019-08-30T03:00:32+00:00\",\"dateModified\":\"2020-12-10T20:44:04+00:00\",\"breadcrumb\":{\"@id\":\"https:\/\/www.estrategiaconcursos.com.br\/blog\/edital-oab-xxx-exame-de-ordem\/#breadcrumb\"},\"inLanguage\":\"pt-BR\",\"potentialAction\":[{\"@type\":\"ReadAction\",\"target\":[\"https:\/\/www.estrategiaconcursos.com.br\/blog\/edital-oab-xxx-exame-de-ordem\/\"]}]},{\"@type\":\"ImageObject\",\"inLanguage\":\"pt-BR\",\"@id\":\"https:\/\/www.estrategiaconcursos.com.br\/blog\/edital-oab-xxx-exame-de-ordem\/#primaryimage\",\"url\":\"https:\/\/dhg1h5j42swfq.cloudfront.net\/2019\/08\/23093223\/saiu-edital-oab-2.jpg\",\"contentUrl\":\"https:\/\/dhg1h5j42swfq.cloudfront.net\/2019\/08\/23093223\/saiu-edital-oab-2.jpg\",\"width\":400,\"height\":209,\"caption\":\"saiu edital oab\"},{\"@type\":\"BreadcrumbList\",\"@id\":\"https:\/\/www.estrategiaconcursos.com.br\/blog\/edital-oab-xxx-exame-de-ordem\/#breadcrumb\",\"itemListElement\":[{\"@type\":\"ListItem\",\"position\":1,\"name\":\"In\u00edcio\",\"item\":\"https:\/\/www.estrategiaconcursos.com.br\/blog\/\"},{\"@type\":\"ListItem\",\"position\":2,\"name\":\"Edital OAB: saiu edital do XXX Exame de Ordem; inscri\u00e7\u00f5es encerram hoje (30)\"}]},{\"@type\":\"WebSite\",\"@id\":\"https:\/\/www.estrategiaconcursos.com.br\/blog\/#website\",\"url\":\"https:\/\/www.estrategiaconcursos.com.br\/blog\/\",\"name\":\"Estrat\u00e9gia Concursos\",\"description\":\"O blog da Estrat\u00e9gia Concursos traz not\u00edcias sobre concursos e artigos de professores oferecendo cursos para concursos (pdf + videaulas) no site.\",\"publisher\":{\"@id\":\"https:\/\/www.estrategiaconcursos.com.br\/blog\/#organization\"},\"potentialAction\":[{\"@type\":\"SearchAction\",\"target\":{\"@type\":\"EntryPoint\",\"urlTemplate\":\"https:\/\/www.estrategiaconcursos.com.br\/blog\/?s={search_term_string}\"},\"query-input\":{\"@type\":\"PropertyValueSpecification\",\"valueRequired\":true,\"valueName\":\"search_term_string\"}}],\"inLanguage\":\"pt-BR\"},{\"@type\":\"Organization\",\"@id\":\"https:\/\/www.estrategiaconcursos.com.br\/blog\/#organization\",\"name\":\"Estrat\u00e9gia Concursos\",\"url\":\"https:\/\/www.estrategiaconcursos.com.br\/blog\/\",\"logo\":{\"@type\":\"ImageObject\",\"inLanguage\":\"pt-BR\",\"@id\":\"https:\/\/www.estrategiaconcursos.com.br\/blog\/#\/schema\/logo\/image\/\",\"url\":\"https:\/\/dhg1h5j42swfq.cloudfront.net\/2025\/06\/03203428\/logo_concursos-1.jpg\",\"contentUrl\":\"https:\/\/dhg1h5j42swfq.cloudfront.net\/2025\/06\/03203428\/logo_concursos-1.jpg\",\"width\":230,\"height\":60,\"caption\":\"Estrat\u00e9gia Concursos\"},\"image\":{\"@id\":\"https:\/\/www.estrategiaconcursos.com.br\/blog\/#\/schema\/logo\/image\/\"},\"sameAs\":[\"https:\/\/x.com\/EstratConcursos\"]},{\"@type\":\"Person\",\"@id\":\"https:\/\/www.estrategiaconcursos.com.br\/blog\/#\/schema\/person\/b4a388c97673c5f483d72185668afa1f\",\"name\":\"Coordena\u00e7\u00e3o\",\"image\":{\"@type\":\"ImageObject\",\"inLanguage\":\"pt-BR\",\"@id\":\"https:\/\/secure.gravatar.com\/avatar\/b720319e4c9a967eb58678d110f4fe35452fc5d5f97b202bac7b8acceb18c6ad?s=96&d=mm&r=g\",\"url\":\"https:\/\/secure.gravatar.com\/avatar\/b720319e4c9a967eb58678d110f4fe35452fc5d5f97b202bac7b8acceb18c6ad?s=96&d=mm&r=g\",\"contentUrl\":\"https:\/\/secure.gravatar.com\/avatar\/b720319e4c9a967eb58678d110f4fe35452fc5d5f97b202bac7b8acceb18c6ad?s=96&d=mm&r=g\",\"caption\":\"Coordena\u00e7\u00e3o\"},\"sameAs\":[\"https:\/\/www.facebook.com\/EstrategiaConcursos\",\"https:\/\/x.com\/EstratConcursos\"],\"url\":\"https:\/\/www.estrategiaconcursos.com.br\/blog\/author\/estrategia2013\/\"}]}<\/script>\n<!-- \/ Yoast SEO Premium plugin. -->","yoast_head_json":{"title":"Edital OAB: saiu edital do XXX Exame de Ordem; inscri\u00e7\u00f5es encerram hoje (30)","robots":{"index":"index","follow":"follow","max-snippet":"max-snippet:-1","max-image-preview":"max-image-preview:large","max-video-preview":"max-video-preview:-1"},"canonical":"https:\/\/www.estrategiaconcursos.com.br\/blog\/edital-oab-xxx-exame-de-ordem\/","og_locale":"pt_BR","og_type":"article","og_title":"Edital OAB: saiu edital do XXX Exame de Ordem; inscri\u00e7\u00f5es encerram hoje (30)","og_description":"Foi publicado no dia 22 de agosto, o edital do XXX Exame de Ordem. Trata-se da terceira e \u00faltima edi\u00e7\u00e3o de 2019 do exame que habilita os bachar\u00e9is em Direito para o exerc\u00edcio da advocacia. Os interessados podem se inscrever no portal da Funda\u00e7\u00e3o Get\u00falio Vargas (FGV) at\u00e9 o dia 30 de agosto. Todo o [&hellip;]","og_url":"https:\/\/www.estrategiaconcursos.com.br\/blog\/edital-oab-xxx-exame-de-ordem\/","og_site_name":"Estrat\u00e9gia Concursos","article_author":"https:\/\/www.facebook.com\/EstrategiaConcursos","article_published_time":"2019-08-30T03:00:32+00:00","article_modified_time":"2020-12-10T20:44:04+00:00","og_image":[{"width":400,"height":209,"url":"https:\/\/dhg1h5j42swfq.cloudfront.net\/2019\/08\/23093223\/saiu-edital-oab-2.jpg","type":"image\/jpeg"}],"author":"Coordena\u00e7\u00e3o","twitter_card":"summary_large_image","twitter_creator":"@EstratConcursos","twitter_site":"@EstratConcursos","twitter_misc":{"Escrito por":"Coordena\u00e7\u00e3o","Est. tempo de leitura":"5 minutos"},"schema":{"@context":"https:\/\/schema.org","@graph":[{"@type":"NewsArticle","@id":"https:\/\/www.estrategiaconcursos.com.br\/blog\/edital-oab-xxx-exame-de-ordem\/#article","isPartOf":{"@id":"https:\/\/www.estrategiaconcursos.com.br\/blog\/edital-oab-xxx-exame-de-ordem\/"},"author":{"name":"Coordena\u00e7\u00e3o","@id":"https:\/\/www.estrategiaconcursos.com.br\/blog\/#\/schema\/person\/b4a388c97673c5f483d72185668afa1f"},"headline":"Edital OAB: saiu edital do XXX Exame de Ordem; inscri\u00e7\u00f5es encerram hoje (30)","datePublished":"2019-08-30T03:00:32+00:00","dateModified":"2020-12-10T20:44:04+00:00","mainEntityOfPage":{"@id":"https:\/\/www.estrategiaconcursos.com.br\/blog\/edital-oab-xxx-exame-de-ordem\/"},"wordCount":978,"commentCount":4,"publisher":{"@id":"https:\/\/www.estrategiaconcursos.com.br\/blog\/#organization"},"image":{"@id":"https:\/\/www.estrategiaconcursos.com.br\/blog\/edital-oab-xxx-exame-de-ordem\/#primaryimage"},"thumbnailUrl":"https:\/\/dhg1h5j42swfq.cloudfront.net\/2019\/08\/23093223\/saiu-edital-oab-2.jpg","articleSection":["Concursos P\u00fablicos"],"inLanguage":"pt-BR","potentialAction":[{"@type":"CommentAction","name":"Comment","target":["https:\/\/www.estrategiaconcursos.com.br\/blog\/edital-oab-xxx-exame-de-ordem\/#respond"]}],"copyrightYear":"2019","copyrightHolder":{"@id":"https:\/\/www.estrategiaconcursos.com.br\/blog\/#organization"}},{"@type":"WebPage","@id":"https:\/\/www.estrategiaconcursos.com.br\/blog\/edital-oab-xxx-exame-de-ordem\/","url":"https:\/\/www.estrategiaconcursos.com.br\/blog\/edital-oab-xxx-exame-de-ordem\/","name":"Edital OAB: saiu edital do XXX Exame de Ordem; inscri\u00e7\u00f5es encerram hoje (30)","isPartOf":{"@id":"https:\/\/www.estrategiaconcursos.com.br\/blog\/#website"},"primaryImageOfPage":{"@id":"https:\/\/www.estrategiaconcursos.com.br\/blog\/edital-oab-xxx-exame-de-ordem\/#primaryimage"},"image":{"@id":"https:\/\/www.estrategiaconcursos.com.br\/blog\/edital-oab-xxx-exame-de-ordem\/#primaryimage"},"thumbnailUrl":"https:\/\/dhg1h5j42swfq.cloudfront.net\/2019\/08\/23093223\/saiu-edital-oab-2.jpg","datePublished":"2019-08-30T03:00:32+00:00","dateModified":"2020-12-10T20:44:04+00:00","breadcrumb":{"@id":"https:\/\/www.estrategiaconcursos.com.br\/blog\/edital-oab-xxx-exame-de-ordem\/#breadcrumb"},"inLanguage":"pt-BR","potentialAction":[{"@type":"ReadAction","target":["https:\/\/www.estrategiaconcursos.com.br\/blog\/edital-oab-xxx-exame-de-ordem\/"]}]},{"@type":"ImageObject","inLanguage":"pt-BR","@id":"https:\/\/www.estrategiaconcursos.com.br\/blog\/edital-oab-xxx-exame-de-ordem\/#primaryimage","url":"https:\/\/dhg1h5j42swfq.cloudfront.net\/2019\/08\/23093223\/saiu-edital-oab-2.jpg","contentUrl":"https:\/\/dhg1h5j42swfq.cloudfront.net\/2019\/08\/23093223\/saiu-edital-oab-2.jpg","width":400,"height":209,"caption":"saiu edital oab"},{"@type":"BreadcrumbList","@id":"https:\/\/www.estrategiaconcursos.com.br\/blog\/edital-oab-xxx-exame-de-ordem\/#breadcrumb","itemListElement":[{"@type":"ListItem","position":1,"name":"In\u00edcio","item":"https:\/\/www.estrategiaconcursos.com.br\/blog\/"},{"@type":"ListItem","position":2,"name":"Edital OAB: saiu edital do XXX Exame de Ordem; inscri\u00e7\u00f5es encerram hoje (30)"}]},{"@type":"WebSite","@id":"https:\/\/www.estrategiaconcursos.com.br\/blog\/#website","url":"https:\/\/www.estrategiaconcursos.com.br\/blog\/","name":"Estrat\u00e9gia Concursos","description":"O blog da Estrat\u00e9gia Concursos traz not\u00edcias sobre concursos e artigos de professores oferecendo cursos para concursos (pdf + videaulas) no site.","publisher":{"@id":"https:\/\/www.estrategiaconcursos.com.br\/blog\/#organization"},"potentialAction":[{"@type":"SearchAction","target":{"@type":"EntryPoint","urlTemplate":"https:\/\/www.estrategiaconcursos.com.br\/blog\/?s={search_term_string}"},"query-input":{"@type":"PropertyValueSpecification","valueRequired":true,"valueName":"search_term_string"}}],"inLanguage":"pt-BR"},{"@type":"Organization","@id":"https:\/\/www.estrategiaconcursos.com.br\/blog\/#organization","name":"Estrat\u00e9gia Concursos","url":"https:\/\/www.estrategiaconcursos.com.br\/blog\/","logo":{"@type":"ImageObject","inLanguage":"pt-BR","@id":"https:\/\/www.estrategiaconcursos.com.br\/blog\/#\/schema\/logo\/image\/","url":"https:\/\/dhg1h5j42swfq.cloudfront.net\/2025\/06\/03203428\/logo_concursos-1.jpg","contentUrl":"https:\/\/dhg1h5j42swfq.cloudfront.net\/2025\/06\/03203428\/logo_concursos-1.jpg","width":230,"height":60,"caption":"Estrat\u00e9gia Concursos"},"image":{"@id":"https:\/\/www.estrategiaconcursos.com.br\/blog\/#\/schema\/logo\/image\/"},"sameAs":["https:\/\/x.com\/EstratConcursos"]},{"@type":"Person","@id":"https:\/\/www.estrategiaconcursos.com.br\/blog\/#\/schema\/person\/b4a388c97673c5f483d72185668afa1f","name":"Coordena\u00e7\u00e3o","image":{"@type":"ImageObject","inLanguage":"pt-BR","@id":"https:\/\/secure.gravatar.com\/avatar\/b720319e4c9a967eb58678d110f4fe35452fc5d5f97b202bac7b8acceb18c6ad?s=96&d=mm&r=g","url":"https:\/\/secure.gravatar.com\/avatar\/b720319e4c9a967eb58678d110f4fe35452fc5d5f97b202bac7b8acceb18c6ad?s=96&d=mm&r=g","contentUrl":"https:\/\/secure.gravatar.com\/avatar\/b720319e4c9a967eb58678d110f4fe35452fc5d5f97b202bac7b8acceb18c6ad?s=96&d=mm&r=g","caption":"Coordena\u00e7\u00e3o"},"sameAs":["https:\/\/www.facebook.com\/EstrategiaConcursos","https:\/\/x.com\/EstratConcursos"],"url":"https:\/\/www.estrategiaconcursos.com.br\/blog\/author\/estrategia2013\/"}]}},"_links":{"self":[{"href":"https:\/\/www.estrategiaconcursos.com.br\/blog\/wp-json\/wp\/v2\/posts\/412204","targetHints":{"allow":["GET"]}}],"collection":[{"href":"https:\/\/www.estrategiaconcursos.com.br\/blog\/wp-json\/wp\/v2\/posts"}],"about":[{"href":"https:\/\/www.estrategiaconcursos.com.br\/blog\/wp-json\/wp\/v2\/types\/post"}],"author":[{"embeddable":true,"href":"https:\/\/www.estrategiaconcursos.com.br\/blog\/wp-json\/wp\/v2\/users\/1"}],"replies":[{"embeddable":true,"href":"https:\/\/www.estrategiaconcursos.com.br\/blog\/wp-json\/wp\/v2\/comments?post=412204"}],"version-history":[{"count":15,"href":"https:\/\/www.estrategiaconcursos.com.br\/blog\/wp-json\/wp\/v2\/posts\/412204\/revisions"}],"predecessor-version":[{"id":628387,"href":"https:\/\/www.estrategiaconcursos.com.br\/blog\/wp-json\/wp\/v2\/posts\/412204\/revisions\/628387"}],"wp:featuredmedia":[{"embeddable":true,"href":"https:\/\/www.estrategiaconcursos.com.br\/blog\/wp-json\/wp\/v2\/media\/412410"}],"wp:attachment":[{"href":"https:\/\/www.estrategiaconcursos.com.br\/blog\/wp-json\/wp\/v2\/media?parent=412204"}],"wp:term":[{"taxonomy":"category","embeddable":true,"href":"https:\/\/www.estrategiaconcursos.com.br\/blog\/wp-json\/wp\/v2\/categories?post=412204"},{"taxonomy":"post_tag","embeddable":true,"href":"https:\/\/www.estrategiaconcursos.com.br\/blog\/wp-json\/wp\/v2\/tags?post=412204"},{"taxonomy":"tax_estado","embeddable":true,"href":"https:\/\/www.estrategiaconcursos.com.br\/blog\/wp-json\/wp\/v2\/tax_estado?post=412204"}],"curies":[{"name":"wp","href":"https:\/\/api.w.org\/{rel}","templated":true}]}}