{"id":411311,"date":"2019-08-19T12:20:31","date_gmt":"2019-08-19T15:20:31","guid":{"rendered":"https:\/\/www.estrategiaconcursos.com.br\/blog\/?p=411311"},"modified":"2020-01-03T18:09:19","modified_gmt":"2020-01-03T21:09:19","slug":"concurso-pgm-uberlandia","status":"publish","type":"post","link":"https:\/\/www.estrategiaconcursos.com.br\/blog\/concurso-pgm-uberlandia\/","title":{"rendered":"Concurso PGM Uberl\u00e2ndia segue sem previs\u00e3o, ap\u00f3s \u00faltimo edital cancelado"},"content":{"rendered":"\n<p>Ap\u00f3s cancelar o concurso realizado em 2016, a Prefeitura Municipal de Uberl\u00e2ndia publicou um novo edital em julho deste ano, entretanto, n\u00e3o foram ofertadas oportunidades para a Procuradoria Geral do Munic\u00edpio. A expectativa para que um concurso PGM Uberl\u00e2ndia ocorra em breve \u00e9 alta.<\/p>\n\n\n\n<p>Confira neste artigo informa\u00e7\u00f5es sobre o concurso da Procuradoria Geral do Munic\u00edpio de Uberl\u00e2ndia. Acompanhe os t\u00f3picos:<\/p>\n\n\n\n<ul class=\"wp-block-list\"><li><strong><em><a href=\"#status-atual\">Status atual do concurso PGM de Uberl\u00e2ndia<\/a><\/em><\/strong><\/li><li><strong><em><a href=\"#cargo-procurador\">O cargo de Procurador<\/a><\/em><\/strong><\/li><li><strong><em><a href=\"#atribuicoes\">Atribui\u00e7\u00f5es do cargo<\/a><\/em><\/strong><\/li><li><strong><em><a href=\"#ultimo-concurso\">\u00daltimo concurso<\/a><\/em><\/strong><\/li><li><strong><em><a href=\"#etapas-provas\">Etapas e provas<\/a><\/em><\/strong><\/li><li><strong><em><a href=\"#cursos-assinatura\">Cursos e Assinatura ilimitada<\/a><\/em><\/strong><\/li><li><strong><em><a href=\"#ficha-tecnica\">Ficha t\u00e9cnica<\/a><\/em><\/strong><\/li><\/ul>\n\n\n\n<h2 class=\"wp-block-heading\" id=\"status-atual\">Status atual do concurso PGM Uberl\u00e2ndia<\/h2>\n\n\n\n<p>No ano de 2016, a Prefeitura de Uberl\u00e2ndia, localizada no Estado de Minas Gerais, publicou um edital com a oferta de 10 vagas e forma\u00e7\u00e3o de cadastro reserva para o cargo de Advogado Municipal, da especialidade de Procurador. Entretanto, devido irregularidades no edital, o concurso foi cancelado.<\/p>\n\n\n\n<p>Em 2018, o Minist\u00e9rio P\u00fablico notificou a Prefeitura para que fosse realizado um novo certame at\u00e9 dezembro daquele ano. Por\u00e9m, devido a necessidade de altera\u00e7\u00f5es nos Planos de Carreira, n\u00e3o foi poss\u00edvel realiz\u00e1-lo.<\/p>\n\n\n\n<p>O Plano de Cargos e Carreira dos servidores municipais foi aprovado somente em mar\u00e7o pela C\u00e2mara&nbsp;e sancionado no m\u00eas de abril pelo Executivo. <\/p>\n\n\n\n<p>Em julho deste ano, foi publicado um novo edital para provimento de cargos da Prefeitura de Uberl\u00e2ndia, mas n\u00e3o foram ofertadas vagas para a carreira de Procurador. Sendo assim, ainda n\u00e3o h\u00e1 previs\u00e3o para que aconte\u00e7a um novo concurso PGM Uberl\u00e2ndia, mas a expectativa entre os interessados \u00e9 alta.<\/p>\n\n\n\n<h2 class=\"wp-block-heading\" id=\"cargo-procurador\">Concurso PGM Uberl\u00e2ndia: o cargo de Procurador<\/h2>\n\n\n\n<p>O cargo de Procurador Municipal possui 75 vagas, que podem ser providas por concurso p\u00fablico. Para ingressar na carreira, o candidato precisar possuir curso de n\u00edvel superior, com Gradua\u00e7\u00e3o em Direito e Registro profissional ativo. <\/p>\n\n\n\n<p>O valor do vencimento inicial para o cargo de Procurador \u00e9 de R$ 2.804,02. Al\u00e9m disso, o servidor tem direito ao Adicional de Atividade, no valor de R$ 3.966,80 e outras poss\u00edveis gratifica\u00e7\u00f5es.<\/p>\n\n\n\n<h2 class=\"wp-block-heading\" id=\"atribuicoes\">Concurso PGM Uberl\u00e2ndia: atribui\u00e7\u00f5es do cargo de Procurador<\/h2>\n\n\n\n<p>Dentre as principais atribui\u00e7\u00f5es do cargo de Procurador Municipal, est\u00e3o as seguintes atividades:<\/p>\n\n\n\n<ul class=\"wp-block-list\"><li>Representar o Munic\u00edpio na esfera judicial e extrajudicial;<\/li><li>Prestar consultoria e assessoria jur\u00eddica \u00e0 Administra\u00e7\u00e3o P\u00fablica;<\/li><li>Participar, atrav\u00e9s da atividade consultiva, do exerc\u00edcio do controle interno da legalidade dos atos da Administra\u00e7\u00e3o P\u00fablica;<\/li><li>Efetuar a cobran\u00e7a da d\u00edvida ativa do Munic\u00edpio, judicial ou extrajudicialmente;<\/li><li>Analisar minutas de projetos de leis, decretos e demais atos normativos, em conformidade com as normas legais;<\/li><li>Analisar e redigir documentos contratuais de toda esp\u00e9cie, em conformidade com as normas legais;<\/li><li>Atuar em comiss\u00f5es, juntas e como preposto, quando designado;<\/li><li>Elaborar pareceres t\u00e9cnicos em processos administrativos ou correlatos quando designado;<\/li><li>Participar das atividades administrativas, de controle e de apoio referentes \u00e0 sua \u00e1rea de atua\u00e7\u00e3o;<\/li><li>Participar das atividades de treinamento e aperfei\u00e7oamento de pessoal t\u00e9cnico e auxiliar, realizando-as em servi\u00e7o ou ministrando palestras, a fim de contribuir para o desenvolvimento qualitativo dos recursos humanos em sua \u00e1rea de atua\u00e7\u00e3o;<\/li><li>Participar de grupos de trabalho e\/ou reuni\u00f5es com unidades da Administra\u00e7\u00e3o Direta e outros \u00f3rg\u00e3os e entidades p\u00fablicas e particulares, realizando estudos, emitindo pareceres ou fazendo exposi\u00e7\u00f5es sobre situa\u00e7\u00f5es e\/ou problemas identificados, opinando, oferecendo sugest\u00f5es, revisando e discutindo trabalhos t\u00e9cnico-cient\u00edficos, para fins de formula\u00e7\u00e3o de diretrizes, planos e programas de trabalho afetos ao Munic\u00edpio;<\/li><li>Executar outras tarefas da mesma natureza ou n\u00edvel de complexidade associadas ao seu cargo ou ambiente organizacional. <\/li><\/ul>\n\n\n\n<h2 class=\"wp-block-heading\" id=\"ultimo-concurso\">\u00daltimo concurso PGM Uberl\u00e2ndia<\/h2>\n\n\n\n<p>O \u00faltimo concurso p\u00fablico para Procuradoria Geral do Munic\u00edpio de Uberl\u00e2ndia foi iniciado em 2016, entretanto o mesmo foi cancelado, em cumprimento \u00e0 decis\u00e3o proferida pelo TCE, que apontou irregularidades no edital, pedindo, tamb\u00e9m, ajustes no quadro de pessoal.<\/p>\n\n\n\n<p>Para o \u00f3rg\u00e3o, seriam ofertadas 10 vagas imediatas e forma\u00e7\u00e3o de cadastro reserva para o cargo de Advogado Municipal, da especialidade de Procurador Municipal.<\/p>\n\n\n\n<h3 class=\"wp-block-heading\">Sobre o cargo<\/h3>\n\n\n\n<p>O cargo de Advogado Municipal tem como principal requisito diploma de conclus\u00e3o de curso de ensino superior em Bacharelado em Direito e registro na Ordem dos Advogados do Brasil.<\/p>\n\n\n\n<p>A princ\u00edpio, seriam ofertadas 10 vagas imediatas e forma\u00e7\u00e3o de cadastro reserva. A remunera\u00e7\u00e3o b\u00e1sica prevista no edital era de R$ 2.804,02, al\u00e9m de adicional de atividade, para jornada de 30 horas semanais de trabalho.<\/p>\n\n\n\n<h2 class=\"wp-block-heading\" id=\"etapas-provas\">Etapas e provas do \u00faltimo concurso PGM Uberl\u00e2ndia<\/h2>\n\n\n\n<p>A sele\u00e7\u00e3o para o cargo de Advogado Municipal do concurso PGM Uberl\u00e2ndia, cancelado devido irregularidades no edital, seria composto por tr\u00eas etapas:<\/p>\n\n\n\n<ul class=\"wp-block-list\"><li><strong>1\u00aa etapa<\/strong>: Prova Objetiva<\/li><li><strong>2\u00aa etapa<\/strong>: Prova Discursiva<\/li><li><strong>3\u00aa etapa<\/strong>: Prova de T\u00edtulos<\/li><\/ul>\n\n\n\n<p>A prova escrita objetiva era composta por 40 quest\u00f5es de m\u00faltipla escolha. A distribui\u00e7\u00e3o das quest\u00f5es por mat\u00e9ria voc\u00ea verifica abaixo: <\/p>\n\n\n\n<ul class=\"wp-block-list\"><li>L\u00edngua Portuguesa &#8211; 15<\/li><li>Matem\u00e1tica (Racioc\u00ednio L\u00f3gico) &#8211; 05<\/li><li>Inform\u00e1tica B\u00e1sica &#8211; 05<\/li><li>Conhecimentos Espec\u00edficos &#8211; 15<ul><li><em>Direito Constitucional<\/em><\/li><li><em>Direito Administrativo<\/em><\/li><li><em>Direito Civil<\/em><\/li><li><em>Direito do Consumidor<\/em><\/li><li><em>Direito Tribut\u00e1rio<\/em><\/li><li><em>Direito do Trabalho<\/em><\/li><li><em>Direito Processual do Trabalho<\/em><\/li><li><em>Direito Processual Civil<\/em><\/li><li><em>Direito Penal<\/em><\/li><\/ul><\/li><\/ul>\n\n\n\n<h2 class=\"has-text-align-center wp-block-heading\" id=\"cursos-assinatura\"><strong><em>Quer estudar para o concurso PGM Uberl\u00e2ndia?<\/em><\/strong><\/h2>\n\n\n\n<p class=\"has-text-align-center\"><em>Gostou desta oportunidade e deseja come\u00e7ar se preparar agora mesmo? Ent\u00e3o, confira os nossos cursos e comece a estudar:<\/em><\/p>\n\n\n\n<p style=\"font-size:23px\" class=\"has-background has-text-align-center has-light-green-cyan-background-color\"><strong><a href=\"https:\/\/www.estrategiaconcursos.com.br\/cursosPorConcurso\/pgm-uberlandia-mg-procurador-municipal\/\" target=\"_blank\" rel=\"noreferrer noopener\" aria-label=\"Curso PGM Uberl\u00e2ndia (abre numa nova aba)\">Curso PGM Uberl\u00e2ndia<\/a><\/strong><\/p>\n\n\n\n<p class=\"has-text-align-center has-medium-font-size\"><em><strong>Assinatura Anual Ilimitada*<\/strong><\/em><\/p>\n\n\n\n<p class=\"has-text-align-center\"><em>Prepare-se com o melhor material e com quem mais aprova em Concursos P\u00fablicos em todo o pa\u00eds. Assine agora a nossa Assinatura Anual e tenha acesso ilimitado* a todos os nossos cursos.<\/em><\/p>\n\n\n\n<p style=\"font-size:22px\" class=\"has-background has-text-align-center has-luminous-vivid-amber-background-color\"><strong>ASSINE AGORA<\/strong>&nbsp;\u2013&nbsp;<strong><a href=\"https:\/\/www.estrategiaconcursos.com.br\/assinaturas\" target=\"_blank\" rel=\"noreferrer noopener\" aria-label=\"Assinatura Ilimitada (abre numa nova aba)\">Assinatura Ilimitada<\/a><\/strong><\/p>\n\n\n\n<p class=\"has-text-align-center has-medium-font-size\"><em><strong>Fique por dentro de todos os concursos<\/strong><\/em>:<\/p>\n\n\n\n<p style=\"font-size:22px\" class=\"has-background has-text-align-center has-pale-cyan-blue-background-color\"><strong><a rel=\"noreferrer noopener\" aria-label=\"Concursos abertos (abre numa nova aba)\" href=\"https:\/\/www.estrategiaconcursos.com.br\/blog\/concursos-abertos\/\" target=\"_blank\">Concursos abertos<\/a><\/strong><\/p>\n\n\n\n<p style=\"font-size:22px\" class=\"has-background has-text-align-center has-pale-cyan-blue-background-color\"><a rel=\"noreferrer noopener\" aria-label=\"Concursos 2020 (abre numa nova aba)\" href=\"https:\/\/www.estrategiaconcursos.com.br\/blog\/concursos-2020\/\" target=\"_blank\"><strong>Concursos 2020<\/strong><\/a><\/p>\n\n\n\n<figure class=\"wp-block-image\"><img loading=\"lazy\" decoding=\"async\" width=\"300\" height=\"102\" src=\"https:\/\/dhg1h5j42swfq.cloudfront.net\/2017\/03\/28152500\/coruja-ficha-tecnica-300x102.png\" alt=\"Ficha t\u00e9cnica do concurso PGM Uberl\u00e2ndia\" class=\"wp-image-68542\"\/><\/figure>\n\n\n\n<h3 class=\"wp-block-heading\" id=\"ficha-tecnica\"><strong>Informa\u00e7\u00f5es sobre o concurso PGM Uberl\u00e2ndia<\/strong><\/h3>\n\n\n\n<p>\u25ba<strong>Data<\/strong>: A definir<br \/>\u25ba<strong>Vagas<\/strong>: A definir<br \/>\u25ba<strong>Cargo<\/strong>: Procurador<br \/>\u25ba<strong>Escolaridade<\/strong>: N\u00edvel superior<br \/>\u25ba<strong>\u00daltimo Edital<\/strong>: <strong><a rel=\"noreferrer noopener\" aria-label=\"Edital PGM Uberl\u00e2ndia - 2016 [cancelado] (abre numa nova aba)\" href=\"https:\/\/dhg1h5j42swfq.cloudfront.net\/2019\/08\/20182437\/eidtal-uberlandia.pdf\" target=\"_blank\">Edital PGM Uberl\u00e2ndia &#8211; 2016 [cancelado]<\/a><\/strong><\/p>\n\n\n\n<p><em>Ascom Estrat\u00e9gia<\/em><br \/>ascomestrategia@gmail.com<\/p>\n\n\n\n<p style=\"font-size:18px\" class=\"has-text-align-center\"><em><strong>Receba not\u00edcias de Concursos no seu WhatsApp e\/ou Telegram!<\/strong><\/em><\/p>\n\n\n\n<p class=\"has-text-align-center\"><em><strong>Cadastre-se clicando no \u00edcone abaixo<\/strong><\/em><\/p>\n\n\n\n<p class=\"has-background has-text-align-center has-medium-font-size has-very-light-gray-background-color\"><strong><a href=\"https:\/\/www.estrategiaconcursos.com.br\/blog\/noticias-de-concursos-whatsapp-estrategia-concursos\/\" target=\"_blank\" rel=\"noreferrer noopener\" aria-label=\"Not\u00edcias de concursos no seu WhatsApp e\/ou Telegram (abre numa nova aba)\">Not\u00edcias de concursos no seu WhatsApp e\/ou Telegram<\/a><\/strong><\/p>\n","protected":false},"excerpt":{"rendered":"<p>Ap\u00f3s cancelar o concurso realizado em 2016, a Prefeitura Municipal de Uberl\u00e2ndia publicou um novo edital em julho deste ano, entretanto, n\u00e3o foram ofertadas oportunidades para a Procuradoria Geral do Munic\u00edpio. A expectativa para que um concurso PGM Uberl\u00e2ndia ocorra em breve \u00e9 alta. Confira neste artigo informa\u00e7\u00f5es sobre o concurso da Procuradoria Geral do [&hellip;]<\/p>\n","protected":false},"author":1,"featured_media":412273,"comment_status":"open","ping_status":"closed","sticky":false,"template":"","format":"standard","meta":{"post_tipo":"news","footnotes":""},"categories":[1,2185],"tags":[],"tax_estado":[],"class_list":["post-411311","post","type-post","status-publish","format-standard","has-post-thumbnail","hentry","category-cursos-e-concursos","category-carreiras-juridicas"],"acf":[],"yoast_head":"<!-- This site is optimized with the Yoast SEO Premium plugin v27.2 (Yoast SEO v27.2) - https:\/\/yoast.com\/product\/yoast-seo-premium-wordpress\/ -->\n<title>Concurso PGM Uberl\u00e2ndia segue sem previs\u00e3o, ap\u00f3s \u00faltimo edital cancelado<\/title>\n<meta name=\"description\" content=\"Concurso PGM Uberl\u00e2ndia: Prefeitura segue sem previs\u00e3o para novo edital com vagas para Procurador Municipal. Acesse e saiba mais!\" \/>\n<meta name=\"robots\" content=\"index, follow, max-snippet:-1, max-image-preview:large, max-video-preview:-1\" \/>\n<link rel=\"canonical\" href=\"https:\/\/www.estrategiaconcursos.com.br\/blog\/concurso-pgm-uberlandia\/\" \/>\n<meta property=\"og:locale\" content=\"pt_BR\" \/>\n<meta property=\"og:type\" content=\"article\" \/>\n<meta property=\"og:title\" content=\"Concurso PGM Uberl\u00e2ndia segue sem previs\u00e3o, ap\u00f3s \u00faltimo edital cancelado\" \/>\n<meta property=\"og:description\" content=\"Concurso PGM Uberl\u00e2ndia: Prefeitura segue sem previs\u00e3o para novo edital com vagas para Procurador Municipal. Acesse e saiba mais!\" \/>\n<meta property=\"og:url\" content=\"https:\/\/www.estrategiaconcursos.com.br\/blog\/concurso-pgm-uberlandia\/\" \/>\n<meta property=\"og:site_name\" content=\"Estrat\u00e9gia Concursos\" \/>\n<meta property=\"article:author\" content=\"https:\/\/www.facebook.com\/EstrategiaConcursos\" \/>\n<meta property=\"article:published_time\" content=\"2019-08-19T15:20:31+00:00\" \/>\n<meta property=\"article:modified_time\" content=\"2020-01-03T21:09:19+00:00\" \/>\n<meta property=\"og:image\" content=\"https:\/\/dhg1h5j42swfq.cloudfront.net\/2019\/08\/22172441\/PGM-Uberla%CC%82ndia.jpg\" \/>\n\t<meta property=\"og:image:width\" content=\"1200\" \/>\n\t<meta property=\"og:image:height\" content=\"628\" \/>\n\t<meta property=\"og:image:type\" content=\"image\/jpeg\" \/>\n<meta name=\"author\" content=\"Coordena\u00e7\u00e3o\" \/>\n<meta name=\"twitter:card\" content=\"summary_large_image\" \/>\n<meta name=\"twitter:creator\" content=\"@EstratConcursos\" \/>\n<meta name=\"twitter:site\" content=\"@EstratConcursos\" \/>\n<meta name=\"twitter:label1\" content=\"Escrito por\" \/>\n\t<meta name=\"twitter:data1\" content=\"Coordena\u00e7\u00e3o\" \/>\n\t<meta name=\"twitter:label2\" content=\"Est. tempo de leitura\" \/>\n\t<meta name=\"twitter:data2\" content=\"5 minutos\" \/>\n<script type=\"application\/ld+json\" class=\"yoast-schema-graph\">{\"@context\":\"https:\/\/schema.org\",\"@graph\":[{\"@type\":\"NewsArticle\",\"@id\":\"https:\/\/www.estrategiaconcursos.com.br\/blog\/concurso-pgm-uberlandia\/#article\",\"isPartOf\":{\"@id\":\"https:\/\/www.estrategiaconcursos.com.br\/blog\/concurso-pgm-uberlandia\/\"},\"author\":{\"name\":\"Coordena\u00e7\u00e3o\",\"@id\":\"https:\/\/www.estrategiaconcursos.com.br\/blog\/#\/schema\/person\/b4a388c97673c5f483d72185668afa1f\"},\"headline\":\"Concurso PGM Uberl\u00e2ndia segue sem previs\u00e3o, ap\u00f3s \u00faltimo edital cancelado\",\"datePublished\":\"2019-08-19T15:20:31+00:00\",\"dateModified\":\"2020-01-03T21:09:19+00:00\",\"mainEntityOfPage\":{\"@id\":\"https:\/\/www.estrategiaconcursos.com.br\/blog\/concurso-pgm-uberlandia\/\"},\"wordCount\":1034,\"commentCount\":0,\"publisher\":{\"@id\":\"https:\/\/www.estrategiaconcursos.com.br\/blog\/#organization\"},\"image\":{\"@id\":\"https:\/\/www.estrategiaconcursos.com.br\/blog\/concurso-pgm-uberlandia\/#primaryimage\"},\"thumbnailUrl\":\"https:\/\/dhg1h5j42swfq.cloudfront.net\/2019\/08\/22172441\/PGM-Uberla%CC%82ndia.jpg\",\"articleSection\":[\"Concursos P\u00fablicos\",\"Jur\u00eddico\"],\"inLanguage\":\"pt-BR\",\"potentialAction\":[{\"@type\":\"CommentAction\",\"name\":\"Comment\",\"target\":[\"https:\/\/www.estrategiaconcursos.com.br\/blog\/concurso-pgm-uberlandia\/#respond\"]}],\"copyrightYear\":\"2019\",\"copyrightHolder\":{\"@id\":\"https:\/\/www.estrategiaconcursos.com.br\/blog\/#organization\"}},{\"@type\":\"WebPage\",\"@id\":\"https:\/\/www.estrategiaconcursos.com.br\/blog\/concurso-pgm-uberlandia\/\",\"url\":\"https:\/\/www.estrategiaconcursos.com.br\/blog\/concurso-pgm-uberlandia\/\",\"name\":\"Concurso PGM Uberl\u00e2ndia segue sem previs\u00e3o, ap\u00f3s \u00faltimo edital cancelado\",\"isPartOf\":{\"@id\":\"https:\/\/www.estrategiaconcursos.com.br\/blog\/#website\"},\"primaryImageOfPage\":{\"@id\":\"https:\/\/www.estrategiaconcursos.com.br\/blog\/concurso-pgm-uberlandia\/#primaryimage\"},\"image\":{\"@id\":\"https:\/\/www.estrategiaconcursos.com.br\/blog\/concurso-pgm-uberlandia\/#primaryimage\"},\"thumbnailUrl\":\"https:\/\/dhg1h5j42swfq.cloudfront.net\/2019\/08\/22172441\/PGM-Uberla%CC%82ndia.jpg\",\"datePublished\":\"2019-08-19T15:20:31+00:00\",\"dateModified\":\"2020-01-03T21:09:19+00:00\",\"description\":\"Concurso PGM Uberl\u00e2ndia: Prefeitura segue sem previs\u00e3o para novo edital com vagas para Procurador Municipal. Acesse e saiba mais!\",\"breadcrumb\":{\"@id\":\"https:\/\/www.estrategiaconcursos.com.br\/blog\/concurso-pgm-uberlandia\/#breadcrumb\"},\"inLanguage\":\"pt-BR\",\"potentialAction\":[{\"@type\":\"ReadAction\",\"target\":[\"https:\/\/www.estrategiaconcursos.com.br\/blog\/concurso-pgm-uberlandia\/\"]}]},{\"@type\":\"ImageObject\",\"inLanguage\":\"pt-BR\",\"@id\":\"https:\/\/www.estrategiaconcursos.com.br\/blog\/concurso-pgm-uberlandia\/#primaryimage\",\"url\":\"https:\/\/dhg1h5j42swfq.cloudfront.net\/2019\/08\/22172441\/PGM-Uberla%CC%82ndia.jpg\",\"contentUrl\":\"https:\/\/dhg1h5j42swfq.cloudfront.net\/2019\/08\/22172441\/PGM-Uberla%CC%82ndia.jpg\",\"width\":1200,\"height\":628},{\"@type\":\"BreadcrumbList\",\"@id\":\"https:\/\/www.estrategiaconcursos.com.br\/blog\/concurso-pgm-uberlandia\/#breadcrumb\",\"itemListElement\":[{\"@type\":\"ListItem\",\"position\":1,\"name\":\"In\u00edcio\",\"item\":\"https:\/\/www.estrategiaconcursos.com.br\/blog\/\"},{\"@type\":\"ListItem\",\"position\":2,\"name\":\"Concurso PGM Uberl\u00e2ndia segue sem previs\u00e3o, ap\u00f3s \u00faltimo edital cancelado\"}]},{\"@type\":\"WebSite\",\"@id\":\"https:\/\/www.estrategiaconcursos.com.br\/blog\/#website\",\"url\":\"https:\/\/www.estrategiaconcursos.com.br\/blog\/\",\"name\":\"Estrat\u00e9gia Concursos\",\"description\":\"O blog da Estrat\u00e9gia Concursos traz not\u00edcias sobre concursos e artigos de professores oferecendo cursos para concursos (pdf + videaulas) no site.\",\"publisher\":{\"@id\":\"https:\/\/www.estrategiaconcursos.com.br\/blog\/#organization\"},\"potentialAction\":[{\"@type\":\"SearchAction\",\"target\":{\"@type\":\"EntryPoint\",\"urlTemplate\":\"https:\/\/www.estrategiaconcursos.com.br\/blog\/?s={search_term_string}\"},\"query-input\":{\"@type\":\"PropertyValueSpecification\",\"valueRequired\":true,\"valueName\":\"search_term_string\"}}],\"inLanguage\":\"pt-BR\"},{\"@type\":\"Organization\",\"@id\":\"https:\/\/www.estrategiaconcursos.com.br\/blog\/#organization\",\"name\":\"Estrat\u00e9gia Concursos\",\"url\":\"https:\/\/www.estrategiaconcursos.com.br\/blog\/\",\"logo\":{\"@type\":\"ImageObject\",\"inLanguage\":\"pt-BR\",\"@id\":\"https:\/\/www.estrategiaconcursos.com.br\/blog\/#\/schema\/logo\/image\/\",\"url\":\"https:\/\/dhg1h5j42swfq.cloudfront.net\/2025\/06\/03203428\/logo_concursos-1.jpg\",\"contentUrl\":\"https:\/\/dhg1h5j42swfq.cloudfront.net\/2025\/06\/03203428\/logo_concursos-1.jpg\",\"width\":230,\"height\":60,\"caption\":\"Estrat\u00e9gia Concursos\"},\"image\":{\"@id\":\"https:\/\/www.estrategiaconcursos.com.br\/blog\/#\/schema\/logo\/image\/\"},\"sameAs\":[\"https:\/\/x.com\/EstratConcursos\"]},{\"@type\":\"Person\",\"@id\":\"https:\/\/www.estrategiaconcursos.com.br\/blog\/#\/schema\/person\/b4a388c97673c5f483d72185668afa1f\",\"name\":\"Coordena\u00e7\u00e3o\",\"image\":{\"@type\":\"ImageObject\",\"inLanguage\":\"pt-BR\",\"@id\":\"https:\/\/secure.gravatar.com\/avatar\/b720319e4c9a967eb58678d110f4fe35452fc5d5f97b202bac7b8acceb18c6ad?s=96&d=mm&r=g\",\"url\":\"https:\/\/secure.gravatar.com\/avatar\/b720319e4c9a967eb58678d110f4fe35452fc5d5f97b202bac7b8acceb18c6ad?s=96&d=mm&r=g\",\"contentUrl\":\"https:\/\/secure.gravatar.com\/avatar\/b720319e4c9a967eb58678d110f4fe35452fc5d5f97b202bac7b8acceb18c6ad?s=96&d=mm&r=g\",\"caption\":\"Coordena\u00e7\u00e3o\"},\"sameAs\":[\"https:\/\/www.facebook.com\/EstrategiaConcursos\",\"https:\/\/x.com\/EstratConcursos\"],\"url\":\"https:\/\/www.estrategiaconcursos.com.br\/blog\/author\/estrategia2013\/\"}]}<\/script>\n<!-- \/ Yoast SEO Premium plugin. -->","yoast_head_json":{"title":"Concurso PGM Uberl\u00e2ndia segue sem previs\u00e3o, ap\u00f3s \u00faltimo edital cancelado","description":"Concurso PGM Uberl\u00e2ndia: Prefeitura segue sem previs\u00e3o para novo edital com vagas para Procurador Municipal. Acesse e saiba mais!","robots":{"index":"index","follow":"follow","max-snippet":"max-snippet:-1","max-image-preview":"max-image-preview:large","max-video-preview":"max-video-preview:-1"},"canonical":"https:\/\/www.estrategiaconcursos.com.br\/blog\/concurso-pgm-uberlandia\/","og_locale":"pt_BR","og_type":"article","og_title":"Concurso PGM Uberl\u00e2ndia segue sem previs\u00e3o, ap\u00f3s \u00faltimo edital cancelado","og_description":"Concurso PGM Uberl\u00e2ndia: Prefeitura segue sem previs\u00e3o para novo edital com vagas para Procurador Municipal. Acesse e saiba mais!","og_url":"https:\/\/www.estrategiaconcursos.com.br\/blog\/concurso-pgm-uberlandia\/","og_site_name":"Estrat\u00e9gia Concursos","article_author":"https:\/\/www.facebook.com\/EstrategiaConcursos","article_published_time":"2019-08-19T15:20:31+00:00","article_modified_time":"2020-01-03T21:09:19+00:00","og_image":[{"width":1200,"height":628,"url":"https:\/\/dhg1h5j42swfq.cloudfront.net\/2019\/08\/22172441\/PGM-Uberla%CC%82ndia.jpg","type":"image\/jpeg"}],"author":"Coordena\u00e7\u00e3o","twitter_card":"summary_large_image","twitter_creator":"@EstratConcursos","twitter_site":"@EstratConcursos","twitter_misc":{"Escrito por":"Coordena\u00e7\u00e3o","Est. tempo de leitura":"5 minutos"},"schema":{"@context":"https:\/\/schema.org","@graph":[{"@type":"NewsArticle","@id":"https:\/\/www.estrategiaconcursos.com.br\/blog\/concurso-pgm-uberlandia\/#article","isPartOf":{"@id":"https:\/\/www.estrategiaconcursos.com.br\/blog\/concurso-pgm-uberlandia\/"},"author":{"name":"Coordena\u00e7\u00e3o","@id":"https:\/\/www.estrategiaconcursos.com.br\/blog\/#\/schema\/person\/b4a388c97673c5f483d72185668afa1f"},"headline":"Concurso PGM Uberl\u00e2ndia segue sem previs\u00e3o, ap\u00f3s \u00faltimo edital cancelado","datePublished":"2019-08-19T15:20:31+00:00","dateModified":"2020-01-03T21:09:19+00:00","mainEntityOfPage":{"@id":"https:\/\/www.estrategiaconcursos.com.br\/blog\/concurso-pgm-uberlandia\/"},"wordCount":1034,"commentCount":0,"publisher":{"@id":"https:\/\/www.estrategiaconcursos.com.br\/blog\/#organization"},"image":{"@id":"https:\/\/www.estrategiaconcursos.com.br\/blog\/concurso-pgm-uberlandia\/#primaryimage"},"thumbnailUrl":"https:\/\/dhg1h5j42swfq.cloudfront.net\/2019\/08\/22172441\/PGM-Uberla%CC%82ndia.jpg","articleSection":["Concursos P\u00fablicos","Jur\u00eddico"],"inLanguage":"pt-BR","potentialAction":[{"@type":"CommentAction","name":"Comment","target":["https:\/\/www.estrategiaconcursos.com.br\/blog\/concurso-pgm-uberlandia\/#respond"]}],"copyrightYear":"2019","copyrightHolder":{"@id":"https:\/\/www.estrategiaconcursos.com.br\/blog\/#organization"}},{"@type":"WebPage","@id":"https:\/\/www.estrategiaconcursos.com.br\/blog\/concurso-pgm-uberlandia\/","url":"https:\/\/www.estrategiaconcursos.com.br\/blog\/concurso-pgm-uberlandia\/","name":"Concurso PGM Uberl\u00e2ndia segue sem previs\u00e3o, ap\u00f3s \u00faltimo edital cancelado","isPartOf":{"@id":"https:\/\/www.estrategiaconcursos.com.br\/blog\/#website"},"primaryImageOfPage":{"@id":"https:\/\/www.estrategiaconcursos.com.br\/blog\/concurso-pgm-uberlandia\/#primaryimage"},"image":{"@id":"https:\/\/www.estrategiaconcursos.com.br\/blog\/concurso-pgm-uberlandia\/#primaryimage"},"thumbnailUrl":"https:\/\/dhg1h5j42swfq.cloudfront.net\/2019\/08\/22172441\/PGM-Uberla%CC%82ndia.jpg","datePublished":"2019-08-19T15:20:31+00:00","dateModified":"2020-01-03T21:09:19+00:00","description":"Concurso PGM Uberl\u00e2ndia: Prefeitura segue sem previs\u00e3o para novo edital com vagas para Procurador Municipal. Acesse e saiba mais!","breadcrumb":{"@id":"https:\/\/www.estrategiaconcursos.com.br\/blog\/concurso-pgm-uberlandia\/#breadcrumb"},"inLanguage":"pt-BR","potentialAction":[{"@type":"ReadAction","target":["https:\/\/www.estrategiaconcursos.com.br\/blog\/concurso-pgm-uberlandia\/"]}]},{"@type":"ImageObject","inLanguage":"pt-BR","@id":"https:\/\/www.estrategiaconcursos.com.br\/blog\/concurso-pgm-uberlandia\/#primaryimage","url":"https:\/\/dhg1h5j42swfq.cloudfront.net\/2019\/08\/22172441\/PGM-Uberla%CC%82ndia.jpg","contentUrl":"https:\/\/dhg1h5j42swfq.cloudfront.net\/2019\/08\/22172441\/PGM-Uberla%CC%82ndia.jpg","width":1200,"height":628},{"@type":"BreadcrumbList","@id":"https:\/\/www.estrategiaconcursos.com.br\/blog\/concurso-pgm-uberlandia\/#breadcrumb","itemListElement":[{"@type":"ListItem","position":1,"name":"In\u00edcio","item":"https:\/\/www.estrategiaconcursos.com.br\/blog\/"},{"@type":"ListItem","position":2,"name":"Concurso PGM Uberl\u00e2ndia segue sem previs\u00e3o, ap\u00f3s \u00faltimo edital cancelado"}]},{"@type":"WebSite","@id":"https:\/\/www.estrategiaconcursos.com.br\/blog\/#website","url":"https:\/\/www.estrategiaconcursos.com.br\/blog\/","name":"Estrat\u00e9gia Concursos","description":"O blog da Estrat\u00e9gia Concursos traz not\u00edcias sobre concursos e artigos de professores oferecendo cursos para concursos (pdf + videaulas) no site.","publisher":{"@id":"https:\/\/www.estrategiaconcursos.com.br\/blog\/#organization"},"potentialAction":[{"@type":"SearchAction","target":{"@type":"EntryPoint","urlTemplate":"https:\/\/www.estrategiaconcursos.com.br\/blog\/?s={search_term_string}"},"query-input":{"@type":"PropertyValueSpecification","valueRequired":true,"valueName":"search_term_string"}}],"inLanguage":"pt-BR"},{"@type":"Organization","@id":"https:\/\/www.estrategiaconcursos.com.br\/blog\/#organization","name":"Estrat\u00e9gia Concursos","url":"https:\/\/www.estrategiaconcursos.com.br\/blog\/","logo":{"@type":"ImageObject","inLanguage":"pt-BR","@id":"https:\/\/www.estrategiaconcursos.com.br\/blog\/#\/schema\/logo\/image\/","url":"https:\/\/dhg1h5j42swfq.cloudfront.net\/2025\/06\/03203428\/logo_concursos-1.jpg","contentUrl":"https:\/\/dhg1h5j42swfq.cloudfront.net\/2025\/06\/03203428\/logo_concursos-1.jpg","width":230,"height":60,"caption":"Estrat\u00e9gia Concursos"},"image":{"@id":"https:\/\/www.estrategiaconcursos.com.br\/blog\/#\/schema\/logo\/image\/"},"sameAs":["https:\/\/x.com\/EstratConcursos"]},{"@type":"Person","@id":"https:\/\/www.estrategiaconcursos.com.br\/blog\/#\/schema\/person\/b4a388c97673c5f483d72185668afa1f","name":"Coordena\u00e7\u00e3o","image":{"@type":"ImageObject","inLanguage":"pt-BR","@id":"https:\/\/secure.gravatar.com\/avatar\/b720319e4c9a967eb58678d110f4fe35452fc5d5f97b202bac7b8acceb18c6ad?s=96&d=mm&r=g","url":"https:\/\/secure.gravatar.com\/avatar\/b720319e4c9a967eb58678d110f4fe35452fc5d5f97b202bac7b8acceb18c6ad?s=96&d=mm&r=g","contentUrl":"https:\/\/secure.gravatar.com\/avatar\/b720319e4c9a967eb58678d110f4fe35452fc5d5f97b202bac7b8acceb18c6ad?s=96&d=mm&r=g","caption":"Coordena\u00e7\u00e3o"},"sameAs":["https:\/\/www.facebook.com\/EstrategiaConcursos","https:\/\/x.com\/EstratConcursos"],"url":"https:\/\/www.estrategiaconcursos.com.br\/blog\/author\/estrategia2013\/"}]}},"_links":{"self":[{"href":"https:\/\/www.estrategiaconcursos.com.br\/blog\/wp-json\/wp\/v2\/posts\/411311","targetHints":{"allow":["GET"]}}],"collection":[{"href":"https:\/\/www.estrategiaconcursos.com.br\/blog\/wp-json\/wp\/v2\/posts"}],"about":[{"href":"https:\/\/www.estrategiaconcursos.com.br\/blog\/wp-json\/wp\/v2\/types\/post"}],"author":[{"embeddable":true,"href":"https:\/\/www.estrategiaconcursos.com.br\/blog\/wp-json\/wp\/v2\/users\/1"}],"replies":[{"embeddable":true,"href":"https:\/\/www.estrategiaconcursos.com.br\/blog\/wp-json\/wp\/v2\/comments?post=411311"}],"version-history":[{"count":14,"href":"https:\/\/www.estrategiaconcursos.com.br\/blog\/wp-json\/wp\/v2\/posts\/411311\/revisions"}],"predecessor-version":[{"id":465686,"href":"https:\/\/www.estrategiaconcursos.com.br\/blog\/wp-json\/wp\/v2\/posts\/411311\/revisions\/465686"}],"wp:featuredmedia":[{"embeddable":true,"href":"https:\/\/www.estrategiaconcursos.com.br\/blog\/wp-json\/wp\/v2\/media\/412273"}],"wp:attachment":[{"href":"https:\/\/www.estrategiaconcursos.com.br\/blog\/wp-json\/wp\/v2\/media?parent=411311"}],"wp:term":[{"taxonomy":"category","embeddable":true,"href":"https:\/\/www.estrategiaconcursos.com.br\/blog\/wp-json\/wp\/v2\/categories?post=411311"},{"taxonomy":"post_tag","embeddable":true,"href":"https:\/\/www.estrategiaconcursos.com.br\/blog\/wp-json\/wp\/v2\/tags?post=411311"},{"taxonomy":"tax_estado","embeddable":true,"href":"https:\/\/www.estrategiaconcursos.com.br\/blog\/wp-json\/wp\/v2\/tax_estado?post=411311"}],"curies":[{"name":"wp","href":"https:\/\/api.w.org\/{rel}","templated":true}]}}