{"id":410922,"date":"2019-10-01T04:00:00","date_gmt":"2019-10-01T07:00:00","guid":{"rendered":"https:\/\/www.estrategiaconcursos.com.br\/blog\/?p=410922"},"modified":"2021-06-18T11:12:49","modified_gmt":"2021-06-18T14:12:49","slug":"concurso-prefeitura-de-alagoinhas-ba","status":"publish","type":"post","link":"https:\/\/www.estrategiaconcursos.com.br\/blog\/concurso-prefeitura-de-alagoinhas-ba\/","title":{"rendered":"Concurso Prefeitura de Alagoinhas: inscri\u00e7\u00f5es encerradas"},"content":{"rendered":"\n<p>Se encerraram no dia 1\u00ba de outubro, as inscri\u00e7\u00f5es do concurso p\u00fablico da Prefeitura de Alagoinhas, munic\u00edpio do estado da Bahia, que oferta<strong> 549 vagas <\/strong>para diversos cargos de n\u00edvel m\u00e9dio, t\u00e9cnico e superior.<\/p>\n\n\n\n<p>Importante ressaltar que a Prefeitura cancelou o primeiro edital publicado, sendo assim, os candidatos que n\u00e3o pediram reembolso puderam acessar o site da banca para revalidar a inscri\u00e7\u00e3o. Aqueles que pediram o reembolso e ainda n\u00e3o receberam, a SEMAD est\u00e1 filtrando as informa\u00e7\u00f5es recebidas e todos que fizeram a solicita\u00e7\u00e3o ser\u00e3o reembolsados.<\/p>\n\n\n\n<p>Acompanhe neste artigo as principais informa\u00e7\u00f5es sobre este concurso e seu segundo edital. Confira os t\u00f3picos:<\/p>\n\n\n\n<ul class=\"wp-block-list\"><li><strong><a href=\"#edital-concurso\">Edital do concurso<\/a><\/strong><\/li><li><strong><a href=\"#principais-datas\">Principais datas<\/a><\/strong><\/li><li><strong><a href=\"#cargos-vagas\">Cargos e vagas<\/a><\/strong><\/li><li><strong><a href=\"#etapas\">Etapas<\/a><\/strong><\/li><li><strong><a href=\"#provas\">Provas<\/a><\/strong><\/li><li><strong><a href=\"#cursos-assinatura\">Cursos e Assinatura ilimitada<\/a><\/strong><\/li><li><strong><a href=\"#ficha-tecnica\">Ficha t\u00e9cnica<\/a><\/strong><\/li><\/ul>\n\n\n\n<h2 class=\"wp-block-heading\" id=\"edital-concurso\">Edital do concurso Prefeitura de Alagoinhas<\/h2>\n\n\n\n<p>Ap\u00f3s cancelar o primeiro edital publicado, a Prefeitura de Alagoinhas, localizada no Estado da Bahia, divulgou o novo edital de seu concurso p\u00fablico. \u202dNo total, s\u00e3o ofertadas <strong>549 vagas<\/strong>, sendo:<\/p>\n\n\n\n<ul class=\"wp-block-list\"><li><strong>Ampla concorr\u00eancia<\/strong>: 128<\/li><li><strong>PcD<\/strong>: 5<\/li><li><strong>Cadastro de reserva<\/strong>: 392<\/li><li><strong>Reserva de vagas para negros<\/strong>: 24<\/li><\/ul>\n\n\n\n<h2 class=\"wp-block-heading\" id=\"principais-datas\">Principais datas do concurso Prefeitura de Alagoinhas<\/h2>\n\n\n\n<ul class=\"wp-block-list\"><li><strong>Inscri\u00e7\u00f5es<\/strong>: 02 de setembro a 01 de outubro<\/li><li><strong>Provas<\/strong>: 24 de novembro (Professor) || 19 de janeiro de 2020 (demais cargos)<\/li><li><strong>Prova pr\u00e1tica<\/strong>: 06 a 08 de mar\u00e7o de 2020<\/li><\/ul>\n\n\n\n<h2 class=\"wp-block-heading\" id=\"cargos-vagas\">Cargos e vagas do concurso Prefeitura de Alagoinhas<\/h2>\n\n\n\n<p>O concurso Prefeitura de Alagoinhas oferta, ao todo, 549 vagas para cargos de n\u00edvel m\u00e9dio, t\u00e9cnico e superior. Dentre elas, est\u00e3o ampla concorr\u00eancia (128), para pessoas com defici\u00eancia (5), cadastro de reserva (392) e reserva de vagas para negros (24).<\/p>\n\n\n\n<p>As remunera\u00e7\u00f5es variam de R$ 1.165,47 a R$ 2.817,47. Abaixo voc\u00ea verifica todos os cargos oferecidos e suas respectivas vagas detalhadas. <\/p>\n\n\n\n<h3 class=\"wp-block-heading\">N\u00edvel m\u00e9dio<\/h3>\n\n\n\n<ul class=\"wp-block-list\"><li><strong>Assistente Administrativo<\/strong><ul><li><em>ampla concorr\u00eancia: <\/em>18<\/li><li><em>PcD: <\/em>2<\/li><li><em>cadastro reserva: <\/em>60<\/li><li><em>reserva para negros: <\/em>4<\/li><\/ul><\/li><li><strong>Motorista de categoria D<\/strong><ul><li><em>ampla concorr\u00eancia: <\/em>6<\/li><li><em>PcD: &#8211;<\/em><\/li><li><em>cadastro reserva: <\/em>12<\/li><li><em>reserva para negros: <\/em>1<\/li><\/ul><\/li><li><strong>Auxiliar de Classe<\/strong><ul><li><em>ampla concorr\u00eancia: <\/em>9<\/li><li><em>PcD: &#8211;<\/em><\/li><li><em>cadastro reserva: <\/em>45<\/li><li><em>reserva para negros: <\/em>2<\/li><\/ul><\/li><li><strong>Profissional de Apoio de Alunos com Defici\u00eancia<\/strong><ul><li><em>ampla concorr\u00eancia: <\/em>25<\/li><li><em>PcD: &#8211;<\/em><\/li><li><em>cadastro reserva: &#8211;<\/em><\/li><li><em>reserva para negros: <\/em>5<\/li><\/ul><\/li><li><strong>Operador de M\u00e1quinas e Equipamentos<\/strong><ul><li><em>ampla concorr\u00eancia: <\/em>2<\/li><li><em>PcD: &#8211;<\/em><\/li><li><em>cadastro reserva: &#8211;<\/em><\/li><li><em>reserva para negros: &#8211;<\/em><\/li><\/ul><\/li><li><strong>Tradutor e Int\u00e9rprete de Libras &#8211; N\u00edvel I<\/strong><ul><li><em>ampla concorr\u00eancia: <\/em>8<\/li><li><em>PcD: &#8211;<\/em><\/li><li><em>cadastro reserva: <\/em>5<\/li><li><em>reserva para negros: <\/em>2<\/li><\/ul><\/li><\/ul>\n\n\n\n<h3 class=\"wp-block-heading\">N\u00edvel t\u00e9cnico<\/h3>\n\n\n\n<ul class=\"wp-block-list\"><li><strong>T\u00e9cnico em Contabilidade<\/strong><ul><li><em>ampla concorr\u00eancia: <\/em>2<\/li><li><em>PcD: &#8211;<\/em><\/li><li><em>cadastro reserva: <\/em>2<\/li><li><em>reserva para negros: &#8211;<\/em><\/li><\/ul><\/li><li><strong>T\u00e9cnico de Seguran\u00e7a do Trabalho<\/strong><ul><li><em>ampla concorr\u00eancia: <\/em>2<\/li><li><em>PcD: &#8211;<\/em><\/li><li><em>cadastro reserva: &#8211;<\/em><\/li><li><em>reserva para negros: &#8211;<\/em><\/li><\/ul><\/li><\/ul>\n\n\n\n<h3 class=\"wp-block-heading\">N\u00edvel superior<\/h3>\n\n\n\n<ul class=\"wp-block-list\"><li><strong>Analista em Servi\u00e7os e Obras P\u00fablicas &#8211; Arquiteto<\/strong><ul><li><em>ampla concorr\u00eancia: <\/em>2<\/li><li><em>PcD: &#8211;<\/em><\/li><li><em>cadastro reserva:<\/em> 5<\/li><li><em>reserva para negros: &#8211;<\/em><\/li><\/ul><\/li><li><strong>Analista em Administra\u00e7\u00e3o, Finan\u00e7as e Contabilidade &#8211; Administrador<\/strong><ul><li><em>ampla concorr\u00eancia: <\/em>1<\/li><li><em>PcD: &#8211;<\/em><\/li><li><em>cadastro reserva: <\/em>6<\/li><li><em>reserva para negros: &#8211;<\/em><\/li><\/ul><\/li><li><strong>Analista em Administra\u00e7\u00e3o, Finan\u00e7as e Contabilidade &#8211; Contador<\/strong><ul><li><em>ampla concorr\u00eancia: <\/em>1<\/li><li><em>PcD: &#8211;<\/em><\/li><li><em>cadastro reserva: <\/em>5<\/li><li><em>reserva para negros: &#8211;<\/em><\/li><\/ul><\/li><li><strong>Analista de Sistemas Informatizados<\/strong><ul><li><em>ampla concorr\u00eancia: <\/em>2<\/li><li><em>PcD: &#8211;<\/em><\/li><li><em>cadastro reserva:<\/em> 1<\/li><li><em>reserva para negros: &#8211;<\/em><\/li><\/ul><\/li><li><strong>Bibliotec\u00e1rio<\/strong><ul><li><em>ampla concorr\u00eancia: <\/em>1<\/li><li><em>PcD: &#8211;<\/em><\/li><li><em>cadastro reserva: <\/em>4<\/li><li><em>reserva para negros: &#8211;<\/em><\/li><\/ul><\/li><li><strong>Coordenador Pedag\u00f3gico<\/strong><ul><li><em>ampla concorr\u00eancia: <\/em>9<\/li><li><em>PcD:<\/em> 1<\/li><li><em>cadastro reserva: <\/em>40<\/li><li><em>reserva para negros: <\/em>2<\/li><\/ul><\/li><li><strong>Professor de Ensino Fundamental &#8211; S\u00e9ries Iniciais<\/strong><ul><li><em>ampla concorr\u00eancia: <\/em>17<\/li><li><em>PcD: <\/em>2<\/li><li><em>cadastro reserva: <\/em>100<\/li><li><em>reserva para negros:<\/em> 4<\/li><\/ul><\/li><li><strong>Professor de Artes<\/strong><ul><li><em>ampla concorr\u00eancia: <\/em>1<\/li><li><em>PcD: <\/em>&#8211;<\/li><li><em>cadastro reserva: <\/em>5<\/li><li><em>reserva para negros:<\/em> &#8211;<\/li><\/ul><\/li><li><strong>Professor de Letras com Ingl\u00eas <\/strong> <ul><li><em>ampla concorr\u00eancia: <\/em>2<\/li><li><em>PcD: <\/em>&#8211;<\/li><li><em>cadastro reserva: <\/em>20<\/li><li><em>reserva para negros:<\/em> &#8211;<\/li><\/ul><\/li><li><strong>Professor de Ci\u00eancias Biol\u00f3gicas<\/strong><ul><li><em>ampla concorr\u00eancia: <\/em>2<\/li><li><em>PcD: <\/em>&#8211;<\/li><li><em>cadastro reserva: <\/em>5<\/li><li><em>reserva para negros:<\/em> &#8211;<\/li><\/ul><\/li><li><strong>Professor de Hist\u00f3ria<\/strong><ul><li><em>ampla concorr\u00eancia: <\/em>1<\/li><li><em>PcD: <\/em>&#8211;<\/li><li><em>cadastro reserva: <\/em>10<\/li><li><em>reserva para negros: <\/em>&#8211;<\/li><\/ul><\/li><li><strong>Professor de Geografia<\/strong><ul><li><em>ampla concorr\u00eancia: <\/em>1<\/li><li><em>PcD: <\/em>&#8211;<\/li><li><em>cadastro reserva: <\/em>10<\/li><li><em>reserva para negros:<\/em> &#8211;<\/li><\/ul><\/li><li><strong>Professor de Matem\u00e1tica<\/strong><ul><li><em>ampla concorr\u00eancia: <\/em>3<\/li><li><em>PcD: &#8211;<\/em><\/li><li><em>cadastro reserva: <\/em>20<\/li><li><em>reserva para negros:<\/em> 1<\/li><\/ul><\/li><li><strong>Professor de Educa\u00e7\u00e3o F\u00edsica<\/strong><ul><li><em>ampla concorr\u00eancia: <\/em>3<\/li><li><em>PcD: <\/em>&#8211;<\/li><li><em>cadastro reserva: <\/em>15<\/li><li><em>reserva para negros: <\/em>1<\/li><\/ul><\/li><li><strong>Professor de Letras \u2013 Portugu\u00eas<\/strong><ul><li><em>ampla concorr\u00eancia: <\/em>3<\/li><li><em>PcD: <\/em>&#8211;<\/li><li><em>cadastro reserva: <\/em>20<\/li><li><em>reserva para negros:<\/em> 1<\/li><\/ul><\/li><li><strong>Tradutor e Int\u00e9rprete da Libras &#8211; N\u00edvel II<\/strong><ul><li><em>ampla concorr\u00eancia: <\/em>5<\/li><li><em>PcD: <\/em>&#8211;<\/li><li><em>cadastro reserva: <\/em>&#8211;<\/li><li><em>reserva para negros:<\/em> 1<\/li><\/ul><\/li><li><strong>T\u00e9cnico de Suporte \u00e0 Sa\u00fade &#8211; Psic\u00f3logo<\/strong><ul><li><em>ampla concorr\u00eancia: <\/em>2<\/li><li><em>PcD: <\/em>&#8211;<\/li><li><em>cadastro reserva: <\/em>2<\/li><li><em>reserva para negros:<\/em> &#8211;<\/li><\/ul><\/li><\/ul>\n\n\n\n<h2 class=\"wp-block-heading\" id=\"etapas\">Etapas do concurso Prefeitura de Alagoinhas<\/h2>\n\n\n\n<ul class=\"wp-block-list\"><li><strong>Primeira etapa:<\/strong><ul><li>Prova de Conhecimentos <\/li><li>Prova Discursiva \u2013 Reda\u00e7\u00e3o (cargos de Professores)<\/li><\/ul><\/li><li><strong>Segunda etapa: <\/strong><ul><li>para os cargos de N\u00edvel Superior: <em>Prova de T\u00edtulos <\/em><\/li><li>para os cargos de Motorista Categoria D, Operador de M\u00e1quinas e Equipamentos e Tradutor e Int\u00e9rprete de LIBRAS I e II: <em>Prova Pr\u00e1tica <\/em><\/li><\/ul><\/li><\/ul>\n\n\n\n<p>As provas de Conhecimento ser\u00e3o aplicadas em dois momentos distintos: para os cargos de Professor, no dia <strong>24 de novembro<\/strong> e para os demais cargos, no dia <strong>19 de janeiro de 2020<\/strong>.<\/p>\n\n\n\n<h2 class=\"wp-block-heading\" id=\"provas\">Provas do concurso Prefeitura de Alagoinhas<\/h2>\n\n\n\n<h3 class=\"wp-block-heading\">Prova de Conhecimentos<\/h3>\n\n\n\n<p><strong><em>PROFESSOR<\/em><\/strong><\/p>\n\n\n\n<ul class=\"wp-block-list\"><li><strong>Conhecimentos B\u00e1sicos:<\/strong><ul><li><em>L\u00edngua Portuguesa &#8211; 10 <\/em><\/li><li><em>Conhecimentos Gerais\/Atualidades &#8211; 05 <\/em><\/li><li><em>Inform\u00e1tica B\u00e1sica &#8211; 05 <\/em><\/li><li><em>Racioc\u00ednio L\u00f3gico Matem\u00e1tico &#8211; 10 <\/em><\/li><li><em>Conhecimentos Pedag\u00f3gicos &#8211; 10<\/em><\/li><\/ul><\/li><li><strong>Conhecimentos Espec\u00edficos:<\/strong><ul><li><em>Espec\u00edficos &#8211; 20<\/em><\/li><\/ul><\/li><li><strong>Prova Discursiva \u2013 Reda\u00e7\u00e3o  <\/strong><\/li><\/ul>\n\n\n\n<p><strong><em>N\u00cdVEL M\u00c9DIO<\/em><\/strong><\/p>\n\n\n\n<ul class=\"wp-block-list\"><li><strong>Conhecimentos B\u00e1sicos:<\/strong><ul><li><em>L\u00edngua Portuguesa &#8211; 10 <\/em><\/li><li><em>Matem\u00e1tica\/Racioc\u00ednio L\u00f3gico &#8211; 10 <\/em><\/li><li><em>Conhecimentos Gerais\/Atualidades &#8211; 05 <\/em><\/li><li><em>Inform\u00e1tica B\u00e1sica &#8211; 10 <\/em><\/li><\/ul><\/li><li><strong>Conhecimentos Espec\u00edficos:<\/strong><ul><li><em>Espec\u00edficos &#8211; 15 <\/em><\/li><\/ul><\/li><\/ul>\n\n\n\n<p><strong><em>N\u00cdVEL T\u00c9CNICO<\/em><\/strong><\/p>\n\n\n\n<ul class=\"wp-block-list\"><li><strong>Conhecimentos B\u00e1sicos:<\/strong><ul><li><em>L\u00edngua Portuguesa &#8211; 10 <\/em><\/li><li><em>Matem\u00e1tica\/Racioc\u00ednio L\u00f3gico &#8211; 10 <\/em><\/li><li><em>Conhecimentos Gerais\/Atualidades &#8211; 05  <\/em><\/li><li><em>Inform\u00e1tica B\u00e1sica &#8211; 10 <\/em><\/li><\/ul><\/li><li><strong>Conhecimentos Espec\u00edficos:<\/strong><ul><li><em>Espec\u00edficos &#8211; 15 <\/em><\/li><\/ul><\/li><\/ul>\n\n\n\n<p><strong><em>COORDENADOR PEDAG\u00d3GICO E TRADUTOR E INT\u00c9RPRETE DE LIBRAS, N\u00cdVEL II <\/em><\/strong><\/p>\n\n\n\n<ul class=\"wp-block-list\"><li><strong>Conhecimentos B\u00e1sicos:<\/strong><ul><li><em>L\u00edngua Portuguesa &#8211; 10 <\/em><\/li><li><em>Conhecimentos Gerais\/Atualidades &#8211; 05 <\/em><\/li><li><em>Inform\u00e1tica B\u00e1sica &#8211; 05 <\/em><\/li><li><em>Racioc\u00ednio L\u00f3gico Matem\u00e1tico &#8211; 10 <\/em><\/li><li><em>Conhecimentos Pedag\u00f3gicos &#8211; 10 <\/em><\/li><\/ul><\/li><li><strong>Conhecimentos Espec\u00edficos:<\/strong><ul><li><em>Espec\u00edficos &#8211; 20 <\/em><\/li><\/ul><\/li><\/ul>\n\n\n\n<p><strong><em>DEMAIS CARGOS DE N\u00cdVEL SUPERIOR  <\/em><\/strong><\/p>\n\n\n\n<ul class=\"wp-block-list\"><li><strong>Conhecimentos B\u00e1sicos:<\/strong><ul><li><em>L\u00edngua Portuguesa &#8211; 10 <\/em><\/li><li><em>Racioc\u00ednio L\u00f3gico Matem\u00e1tico &#8211; 10 <\/em><\/li><li><em>Conhecimentos Gerais\/Atualidades &#8211; 10 <\/em><\/li><li><em>Inform\u00e1tica B\u00e1sica &#8211; 10 <\/em><\/li><\/ul><\/li><li><strong>Conhecimentos Espec\u00edficos:<\/strong><ul><li><em>Espec\u00edficos &#8211; 20 <\/em><\/li><\/ul><\/li><\/ul>\n\n\n\n<h3 class=\"wp-block-heading\">Prova Discursiva<\/h3>\n\n\n\n<p>Aplicada apenas aos cargos de Professor, o tema da Prova de Reda\u00e7\u00e3o ser\u00e1 de Relev\u00e2ncia Social, Cultural e Hist\u00f3rica, sob forma de textos ou fragmentos de texto de forma argumentativa-dissertativa. <\/p>\n\n\n\n<p>Ser\u00e1 exclu\u00eddo do concurso Prefeitura de Alagoinhas o candidato que obtiver zero na Quest\u00e3o Discursiva \u2013Reda\u00e7\u00e3o.<\/p>\n\n\n\n<h3 class=\"wp-block-heading\">Prova de T\u00edtulos<\/h3>\n\n\n\n<p>A Prova de T\u00edtulos, de car\u00e1ter classificat\u00f3rio, ser\u00e1 aplicada para os candidatos aos cargos de Professor e candidatos inscritos para os cargos de N\u00edvel Superior.<\/p>\n\n\n\n<p><strong>Cargo de Professor e Coordenador Pedag\u00f3gico<\/strong>:<\/p>\n\n\n\n<p><\/p>\n\n\n\n<figure class=\"wp-block-table is-style-stripes\"><table class=\"has-subtle-pale-blue-background-color has-fixed-layout has-background\"><tbody><tr><td> Cursos de Aperfei\u00e7oamento com carga hor\u00e1ria de no m\u00ednimo 180 horas <\/td><td><strong>valor unit\u00e1rio<\/strong>: 1,0<br \/><strong>valor m\u00e1ximo<\/strong>: 2,0<\/td><\/tr><tr><td> Certificado de curso de P\u00f3s-gradua\u00e7\u00e3o em n\u00edvel de Especializa\u00e7\u00e3o, com carga hor\u00e1ria entre 360 a 720 horas com aprova\u00e7\u00e3o de Monografia (se posterior a 2002)<\/td><td><strong>valor unit\u00e1rio<\/strong>: 2,0<br \/><strong>valor m\u00e1ximo<\/strong>: 4,0<\/td><\/tr><tr><td> Diploma de curso de P\u00f3s-gradua\u00e7\u00e3o em n\u00edvel de Mestrado com aprova\u00e7\u00e3o da Disserta\u00e7\u00e3o (Acad\u00eamico ou Profissional), conclu\u00eddo at\u00e9 a data de apresenta\u00e7\u00e3o dos t\u00edtulos, desde que relacionados a \u00e1rea de Educa\u00e7\u00e3o, correspondente ao cargo em disputa <\/td><td><strong>valor unit\u00e1rio e m\u00e1ximo<\/strong>: 5,0<\/td><\/tr><tr><td> Diploma de Doutorado, conclu\u00eddo at\u00e9 a data de apresenta\u00e7\u00e3o dos t\u00edtulos, desde que relacionados a \u00e1rea de Educa\u00e7\u00e3o <\/td><td><strong>valor unit\u00e1rio e m\u00e1ximo<\/strong>: 6,0<\/td><\/tr><tr><td> Tempo de Experi\u00eancia Profissional na \u00e1rea objeto do Concurso P\u00fablico  <\/td><td><strong>valor unit\u00e1rio<\/strong>: 0,5 por per\u00edodo correspondente a 10 meses completos <br \/><strong>valor m\u00e1ximo<\/strong>: 3,0<\/td><\/tr><\/tbody><\/table><\/figure>\n\n\n\n<p><strong>Demais cargos de N\u00edvel Superior<\/strong>:<\/p>\n\n\n\n<figure class=\"wp-block-table is-style-stripes\"><table class=\"has-subtle-pale-blue-background-color has-fixed-layout has-background\"><tbody><tr><td> Cursos de Aperfei\u00e7oamento com carga hor\u00e1ria de no m\u00ednimo 180 horas <\/td><td><strong>valor unit\u00e1rio<\/strong>: 1,0<br \/><strong>valor m\u00e1ximo<\/strong>: 2,0<\/td><\/tr><tr><td> Curso de Especializa\u00e7\u00e3o com carga hor\u00e1ria de no m\u00ednimo 360 horas <\/td><td><strong>valor unit\u00e1rio<\/strong>: 2,0<br \/><strong>valor m\u00e1ximo<\/strong>: 4,0<\/td><\/tr><tr><td> Diploma de curso de P\u00f3s-gradua\u00e7\u00e3o em n\u00edvel de Mestrado com aprova\u00e7\u00e3o da Disserta\u00e7\u00e3o (Acad\u00eamico ou Profissional)  <\/td><td><strong>valor unit\u00e1rio e m\u00e1ximo<\/strong>: 5,0<\/td><\/tr><tr><td> Diploma de Doutorado  <\/td><td><strong>valor unit\u00e1rio e m\u00e1ximo<\/strong>: 6,0<\/td><\/tr><tr><td> Tempo de Experi\u00eancia Profissional na \u00e1rea objeto do Concurso P\u00fablico (em anos) <\/td><td><strong>valor unit\u00e1rio<\/strong>: 1,0 por per\u00edodo correspondente a um ano completo<br \/><strong>valor m\u00e1ximo<\/strong>: 3,0<\/td><\/tr><\/tbody><\/table><\/figure>\n\n\n\n<h3 class=\"wp-block-heading\"><br \/>Prova Pr\u00e1tica<\/h3>\n\n\n\n<p><strong><em>MOTORISTA E OPERADOR DE M\u00c1QUINAS E EQUIPAMENTOS  <\/em><\/strong><\/p>\n\n\n\n<p>A Prova Pr\u00e1tica busca aferir a capacidade de adequa\u00e7\u00e3o funcional e situacional do candidato \u00e0s exig\u00eancias e ao desempenho eficiente das atividades, cuja avalia\u00e7\u00e3o ser\u00e1 realizada de forma apropriada \u00e0 pr\u00e1tica da fun\u00e7\u00e3o e op\u00e7\u00e3o escolhida pelo candidato. <\/p>\n\n\n\n<p>O candidato ser\u00e1 considerado APTO ou INAPTO no final da Avalia\u00e7\u00e3o e n\u00e3o haver\u00e1 segunda chamada. <\/p>\n\n\n\n<p>Esta prova ter\u00e1 car\u00e1ter exclusivamente eliminat\u00f3rio, valendo 100 pontos, e ser\u00e1 considerado APTO o candidato que somar pontua\u00e7\u00e3o igual ou superior a 40 pontos. No in\u00edcio da Prova Pr\u00e1tica ser\u00e1 atribu\u00eddo 100 pontos ao candidato, que ser\u00e3o descontados no decorrer da Prova a depender de cada falta cometida.<\/p>\n\n\n\n<p><strong><em>TRADUTOR E INT\u00c9RPRETE DE LIBRAS &#8211; N\u00edveis I e II  <\/em><\/strong><\/p>\n\n\n\n<p>Para estes cargos, a Prova Pr\u00e1tica ser\u00e1 de car\u00e1ter eliminat\u00f3rio e classificat\u00f3rio, valendo 100 pontos. O teste ser\u00e1 registrado em v\u00eddeo e avaliada por uma Banca Examinadora Especialista. <\/p>\n\n\n\n<p>A Prova ter\u00e1 dura\u00e7\u00e3o de at\u00e9 10 minutos para cada participante e ser\u00e1 composta de tr\u00eas partes: <\/p>\n\n\n\n<ul class=\"wp-block-list\"><li><strong>1\u00aa parte (02 Minutos)<\/strong> &#8211; O candidato dever\u00e1 realizar uma apresenta\u00e7\u00e3o pessoal, em LIBRAS, na qual poder\u00e1 fazer sua identifica\u00e7\u00e3o, falar sobre sua forma\u00e7\u00e3o, a respeito da atua\u00e7\u00e3o junto \u00e0 comunidade surda e sobre sua atua\u00e7\u00e3o profissional<\/li><li><strong>2\u00aa parte (04 minutos)<\/strong> &#8211; O candidato, inicialmente, assistir\u00e1 a um v\u00eddeo, gravado em LIBRAS, e far\u00e1 a tradu\u00e7\u00e3o simult\u00e2nea para a L\u00edngua Portuguesa, na modalidade oral<\/li><li><strong>3\u00aa parte (04 minutos) <\/strong>&#8211; O candidato, inicialmente, assistir\u00e1 a um v\u00eddeo, gravado em L\u00edngua Portuguesa, modalidade oral e far\u00e1 a interpreta\u00e7\u00e3o simult\u00e2nea para a LIBRAS<\/li><\/ul>\n\n\n\n<h2 class=\"has-text-align-center wp-block-heading\" id=\"cursos-assinatura\">Quer estudar para o concurso Prefeitura de Alagoinhas?<\/h2>\n\n\n\n<div class=\"container\" id=\"boxes\">\n  <div class=\"row\">\n\n    <div class=\"col-sm\">\n      <div class=\"banner-estrategia\" id=\"box-assinatura\">\n        <h3 class=\"titulo-assinatura\">Concurso Prefeitura de Alagoinhas<\/h3>\n        <p class=\"subtitulo-assinatura\">Conhe\u00e7a os cursos<\/p>\n        <div class=\"box-botao\">\n          <a class=\"btn-assinatura\" target=\"_blank\" href=\"https:\/\/www.estrategiaconcursos.com.br\/cursos\/concurso\/\" role=\"button\" rel=\"noopener noreferrer\">Conhe\u00e7a mais<\/a>\n        <\/div>\n      <\/div><\/div><\/div><\/div>\n\n\n\n<div class=\"container\" id=\"boxes\">\n  <div class=\"row\">\n\n    <div class=\"col-sm\">\n      <div class=\"estrategia\" id=\"box-assinatura\">\n        <h3 class=\"titulo-assinatura\">Assinatura de Concursos<\/h3>\n        <p class=\"subtitulo-assinatura\">Assinatura de 1 ano ou 2 anos<\/p>\n        <div class=\"box-botao\">\n          <a class=\"btn-assinatura\" target=\"_blank\" href=\"https:\/\/www.estrategiaconcursos.com.br\/assinaturas\/\" role=\"button\" rel=\"noopener noreferrer\">ASSINE AGORA<\/a>\n        <\/div>\n      <\/div>\n\n\n\n<p class=\"has-text-align-center\" id=\"block-1627f801-39be-4532-899c-bee7486d8f71\"><em><strong>Caso voc\u00ea queira acompanhar de perto as novidades nos concursos p\u00fablicos, recomendamos visitar os seguintes artigos<\/strong><\/em>:<\/p>\n\n\n\n<div class=\"container\" id=\"boxes\">\n  <div class=\"row\">\n\n    <div class=\"col-sm\" id=\"boxes-concursos\">\n      <div style=\"background-color: #005DAD;\" class=\"conteudo-concursos\" id=\"box-concursos\">\n        <h3 class=\"titulo-assinatura\">Concursos Abertos<\/h3>\n        <p class=\"subtitulo-assinatura\">Confira os editais publicados<\/p>\n        <div class=\"box-botao\">\n          <a class=\"btn-assinatura\" target=\"_blank\" href=\"https:\/\/www.estrategiaconcursos.com.br\/blog\/concursos-abertos\/\" role=\"button\" rel=\"noopener noreferrer\">Conhe\u00e7a Agora<\/a>\n        <\/div>\n      <\/div>\n    <\/div>\n\n    <div class=\"col-sm\" id=\"boxes-concursos\">\n      <div style=\"background-color: #419FF0;\" class=\"conteudo-concursos\" id=\"box-concursos\">\n        <h3 class=\"titulo-assinatura\">Concursos 2021<\/h3>\n        <p class=\"subtitulo-assinatura\">Confira as oportunidades previstas<\/p>\n        <div class=\"box-botao\">\n          <a class=\"btn-assinatura\" target=\"_blank\" href=\"https:\/\/www.estrategiaconcursos.com.br\/blog\/concursos-2021\/\" role=\"button\" rel=\"noopener noreferrer\">Conhe\u00e7a Agora<\/a>\n        <\/div>\n      <\/div>\n    <\/div>\n\n  <\/div>\n<\/div>\n\n\n\n<hr class=\"wp-block-separator is-style-default\"\/>\n\n\n\n<figure class=\"wp-block-image size-large is-resized\"><img loading=\"lazy\" decoding=\"async\" src=\"https:\/\/dhg1h5j42swfq.cloudfront.net\/2021\/06\/11155630\/ficha-tecnica-2-1024x632.png\" alt=\"\" class=\"wp-image-764985\" width=\"235\" height=\"145\" srcset=\"https:\/\/dhg1h5j42swfq.cloudfront.net\/2021\/06\/11155630\/ficha-tecnica-2-1024x632.png 1024w, https:\/\/dhg1h5j42swfq.cloudfront.net\/2021\/06\/11155630\/ficha-tecnica-2-300x185.png 300w, https:\/\/dhg1h5j42swfq.cloudfront.net\/2021\/06\/11155630\/ficha-tecnica-2-768x474.png 768w, https:\/\/dhg1h5j42swfq.cloudfront.net\/2021\/06\/11155630\/ficha-tecnica-2-1536x948.png 1536w, https:\/\/dhg1h5j42swfq.cloudfront.net\/2021\/06\/11155630\/ficha-tecnica-2-610x377.png 610w, https:\/\/dhg1h5j42swfq.cloudfront.net\/2021\/06\/11155630\/ficha-tecnica-2.png 1571w\" sizes=\"auto, (max-width: 235px) 100vw, 235px\" \/><\/figure>\n\n\n\n<h3 class=\"wp-block-heading\" id=\"ficha-tecnica\"><strong>Informa\u00e7\u00f5es sobre o concurso Prefeitura de Alagoinhas<\/strong><\/h3>\n\n\n\n<p>\u25ba<strong>Prova<\/strong>: 24 de novembro (Professores) | 19 de janeiro de 2020 (demais cargos)<br \/>\u25ba<strong>Vagas<\/strong>: 549 <br \/>\u25ba<strong>Cargos<\/strong>: Diversos<br \/>\u25ba<strong>Banca<\/strong>: AIETEC<br \/>\u25ba<strong>Escolaridade<\/strong>: N\u00edveis m\u00e9dio, t\u00e9cnico e superior<br \/>\u25ba<strong>Edital<\/strong>: <strong><a aria-label=\"Edital Prefeitura de Alagoinhas (abre numa nova aba)\" rel=\"noreferrer noopener\" href=\"http:\/\/www.consultec.com.br\/inscbd\/2005insc\/upload\/EDITAL_002_2019_DA_ABERTURA_DE_INSCRICOES_23082019.PDF\" target=\"_blank\">Edital Prefeitura de Alagoinhas<\/a><\/strong><\/p>\n<\/div><\/div><\/div>","protected":false},"excerpt":{"rendered":"<p>Se encerraram no dia 1\u00ba de outubro, as inscri\u00e7\u00f5es do concurso p\u00fablico da Prefeitura de Alagoinhas, munic\u00edpio do estado da Bahia, que oferta 549 vagas para diversos cargos de n\u00edvel m\u00e9dio, t\u00e9cnico e superior. Importante ressaltar que a Prefeitura cancelou o primeiro edital publicado, sendo assim, os candidatos que n\u00e3o pediram reembolso puderam acessar o [&hellip;]<\/p>\n","protected":false},"author":1,"featured_media":412274,"comment_status":"open","ping_status":"closed","sticky":false,"template":"","format":"standard","meta":{"post_tipo":"news","footnotes":""},"categories":[214992],"tags":[],"tax_estado":[219968],"class_list":["post-410922","post","type-post","status-publish","format-standard","has-post-thumbnail","hentry","category-concursos-administrativos","tax_estado-ba"],"acf":[],"yoast_head":"<!-- This site is optimized with the Yoast SEO Premium plugin v27.2 (Yoast SEO v27.2) - https:\/\/yoast.com\/product\/yoast-seo-premium-wordpress\/ -->\n<title>Concurso Prefeitura de Alagoinhas: inscri\u00e7\u00f5es encerradas<\/title>\n<meta name=\"description\" content=\"Concurso Prefeitura de Alagoinhas: com 549 vagas de n\u00edvel m\u00e9dio, t\u00e9cnico e superior, provas acontecem em novembro e janeiro. Confira mais detalhes.\" \/>\n<meta name=\"robots\" content=\"index, follow, max-snippet:-1, max-image-preview:large, max-video-preview:-1\" \/>\n<link rel=\"canonical\" href=\"https:\/\/www.estrategiaconcursos.com.br\/blog\/concurso-prefeitura-de-alagoinhas-ba\/\" \/>\n<meta property=\"og:locale\" content=\"pt_BR\" \/>\n<meta property=\"og:type\" content=\"article\" \/>\n<meta property=\"og:title\" content=\"Concurso Prefeitura de Alagoinhas: inscri\u00e7\u00f5es encerradas\" \/>\n<meta property=\"og:description\" content=\"Concurso Prefeitura de Alagoinhas: com 549 vagas de n\u00edvel m\u00e9dio, t\u00e9cnico e superior, provas acontecem em novembro e janeiro. Confira mais detalhes.\" \/>\n<meta property=\"og:url\" content=\"https:\/\/www.estrategiaconcursos.com.br\/blog\/concurso-prefeitura-de-alagoinhas-ba\/\" \/>\n<meta property=\"og:site_name\" content=\"Estrat\u00e9gia Concursos\" \/>\n<meta property=\"article:author\" content=\"https:\/\/www.facebook.com\/EstrategiaConcursos\" \/>\n<meta property=\"article:published_time\" content=\"2019-10-01T07:00:00+00:00\" \/>\n<meta property=\"article:modified_time\" content=\"2021-06-18T14:12:49+00:00\" \/>\n<meta property=\"og:image\" content=\"https:\/\/dhg1h5j42swfq.cloudfront.net\/2019\/08\/22172550\/PREFEITURA-DE-ALAGOINHAS-BA.jpg\" \/>\n\t<meta property=\"og:image:width\" content=\"1200\" \/>\n\t<meta property=\"og:image:height\" content=\"628\" \/>\n\t<meta property=\"og:image:type\" content=\"image\/jpeg\" \/>\n<meta name=\"author\" content=\"Coordena\u00e7\u00e3o\" \/>\n<meta name=\"twitter:card\" content=\"summary_large_image\" \/>\n<meta name=\"twitter:creator\" content=\"@EstratConcursos\" \/>\n<meta name=\"twitter:site\" content=\"@EstratConcursos\" \/>\n<meta name=\"twitter:label1\" content=\"Escrito por\" \/>\n\t<meta name=\"twitter:data1\" content=\"Coordena\u00e7\u00e3o\" \/>\n\t<meta name=\"twitter:label2\" content=\"Est. tempo de leitura\" \/>\n\t<meta name=\"twitter:data2\" content=\"7 minutos\" \/>\n<script type=\"application\/ld+json\" class=\"yoast-schema-graph\">{\"@context\":\"https:\/\/schema.org\",\"@graph\":[{\"@type\":\"NewsArticle\",\"@id\":\"https:\/\/www.estrategiaconcursos.com.br\/blog\/concurso-prefeitura-de-alagoinhas-ba\/#article\",\"isPartOf\":{\"@id\":\"https:\/\/www.estrategiaconcursos.com.br\/blog\/concurso-prefeitura-de-alagoinhas-ba\/\"},\"author\":{\"name\":\"Coordena\u00e7\u00e3o\",\"@id\":\"https:\/\/www.estrategiaconcursos.com.br\/blog\/#\/schema\/person\/b4a388c97673c5f483d72185668afa1f\"},\"headline\":\"Concurso Prefeitura de Alagoinhas: inscri\u00e7\u00f5es encerradas\",\"datePublished\":\"2019-10-01T07:00:00+00:00\",\"dateModified\":\"2021-06-18T14:12:49+00:00\",\"mainEntityOfPage\":{\"@id\":\"https:\/\/www.estrategiaconcursos.com.br\/blog\/concurso-prefeitura-de-alagoinhas-ba\/\"},\"wordCount\":1735,\"commentCount\":0,\"publisher\":{\"@id\":\"https:\/\/www.estrategiaconcursos.com.br\/blog\/#organization\"},\"image\":{\"@id\":\"https:\/\/www.estrategiaconcursos.com.br\/blog\/concurso-prefeitura-de-alagoinhas-ba\/#primaryimage\"},\"thumbnailUrl\":\"https:\/\/dhg1h5j42swfq.cloudfront.net\/2019\/08\/22172550\/PREFEITURA-DE-ALAGOINHAS-BA.jpg\",\"articleSection\":[\"Executivo (Administrativa)\"],\"inLanguage\":\"pt-BR\",\"potentialAction\":[{\"@type\":\"CommentAction\",\"name\":\"Comment\",\"target\":[\"https:\/\/www.estrategiaconcursos.com.br\/blog\/concurso-prefeitura-de-alagoinhas-ba\/#respond\"]}],\"copyrightYear\":\"2019\",\"copyrightHolder\":{\"@id\":\"https:\/\/www.estrategiaconcursos.com.br\/blog\/#organization\"}},{\"@type\":\"WebPage\",\"@id\":\"https:\/\/www.estrategiaconcursos.com.br\/blog\/concurso-prefeitura-de-alagoinhas-ba\/\",\"url\":\"https:\/\/www.estrategiaconcursos.com.br\/blog\/concurso-prefeitura-de-alagoinhas-ba\/\",\"name\":\"Concurso Prefeitura de Alagoinhas: inscri\u00e7\u00f5es encerradas\",\"isPartOf\":{\"@id\":\"https:\/\/www.estrategiaconcursos.com.br\/blog\/#website\"},\"primaryImageOfPage\":{\"@id\":\"https:\/\/www.estrategiaconcursos.com.br\/blog\/concurso-prefeitura-de-alagoinhas-ba\/#primaryimage\"},\"image\":{\"@id\":\"https:\/\/www.estrategiaconcursos.com.br\/blog\/concurso-prefeitura-de-alagoinhas-ba\/#primaryimage\"},\"thumbnailUrl\":\"https:\/\/dhg1h5j42swfq.cloudfront.net\/2019\/08\/22172550\/PREFEITURA-DE-ALAGOINHAS-BA.jpg\",\"datePublished\":\"2019-10-01T07:00:00+00:00\",\"dateModified\":\"2021-06-18T14:12:49+00:00\",\"description\":\"Concurso Prefeitura de Alagoinhas: com 549 vagas de n\u00edvel m\u00e9dio, t\u00e9cnico e superior, provas acontecem em novembro e janeiro. Confira mais detalhes.\",\"breadcrumb\":{\"@id\":\"https:\/\/www.estrategiaconcursos.com.br\/blog\/concurso-prefeitura-de-alagoinhas-ba\/#breadcrumb\"},\"inLanguage\":\"pt-BR\",\"potentialAction\":[{\"@type\":\"ReadAction\",\"target\":[\"https:\/\/www.estrategiaconcursos.com.br\/blog\/concurso-prefeitura-de-alagoinhas-ba\/\"]}]},{\"@type\":\"ImageObject\",\"inLanguage\":\"pt-BR\",\"@id\":\"https:\/\/www.estrategiaconcursos.com.br\/blog\/concurso-prefeitura-de-alagoinhas-ba\/#primaryimage\",\"url\":\"https:\/\/dhg1h5j42swfq.cloudfront.net\/2019\/08\/22172550\/PREFEITURA-DE-ALAGOINHAS-BA.jpg\",\"contentUrl\":\"https:\/\/dhg1h5j42swfq.cloudfront.net\/2019\/08\/22172550\/PREFEITURA-DE-ALAGOINHAS-BA.jpg\",\"width\":1200,\"height\":628},{\"@type\":\"BreadcrumbList\",\"@id\":\"https:\/\/www.estrategiaconcursos.com.br\/blog\/concurso-prefeitura-de-alagoinhas-ba\/#breadcrumb\",\"itemListElement\":[{\"@type\":\"ListItem\",\"position\":1,\"name\":\"In\u00edcio\",\"item\":\"https:\/\/www.estrategiaconcursos.com.br\/blog\/\"},{\"@type\":\"ListItem\",\"position\":2,\"name\":\"Concurso Prefeitura de Alagoinhas: inscri\u00e7\u00f5es encerradas\"}]},{\"@type\":\"WebSite\",\"@id\":\"https:\/\/www.estrategiaconcursos.com.br\/blog\/#website\",\"url\":\"https:\/\/www.estrategiaconcursos.com.br\/blog\/\",\"name\":\"Estrat\u00e9gia Concursos\",\"description\":\"O blog da Estrat\u00e9gia Concursos traz not\u00edcias sobre concursos e artigos de professores oferecendo cursos para concursos (pdf + videaulas) no site.\",\"publisher\":{\"@id\":\"https:\/\/www.estrategiaconcursos.com.br\/blog\/#organization\"},\"potentialAction\":[{\"@type\":\"SearchAction\",\"target\":{\"@type\":\"EntryPoint\",\"urlTemplate\":\"https:\/\/www.estrategiaconcursos.com.br\/blog\/?s={search_term_string}\"},\"query-input\":{\"@type\":\"PropertyValueSpecification\",\"valueRequired\":true,\"valueName\":\"search_term_string\"}}],\"inLanguage\":\"pt-BR\"},{\"@type\":\"Organization\",\"@id\":\"https:\/\/www.estrategiaconcursos.com.br\/blog\/#organization\",\"name\":\"Estrat\u00e9gia Concursos\",\"url\":\"https:\/\/www.estrategiaconcursos.com.br\/blog\/\",\"logo\":{\"@type\":\"ImageObject\",\"inLanguage\":\"pt-BR\",\"@id\":\"https:\/\/www.estrategiaconcursos.com.br\/blog\/#\/schema\/logo\/image\/\",\"url\":\"https:\/\/dhg1h5j42swfq.cloudfront.net\/2025\/06\/03203428\/logo_concursos-1.jpg\",\"contentUrl\":\"https:\/\/dhg1h5j42swfq.cloudfront.net\/2025\/06\/03203428\/logo_concursos-1.jpg\",\"width\":230,\"height\":60,\"caption\":\"Estrat\u00e9gia Concursos\"},\"image\":{\"@id\":\"https:\/\/www.estrategiaconcursos.com.br\/blog\/#\/schema\/logo\/image\/\"},\"sameAs\":[\"https:\/\/x.com\/EstratConcursos\"]},{\"@type\":\"Person\",\"@id\":\"https:\/\/www.estrategiaconcursos.com.br\/blog\/#\/schema\/person\/b4a388c97673c5f483d72185668afa1f\",\"name\":\"Coordena\u00e7\u00e3o\",\"image\":{\"@type\":\"ImageObject\",\"inLanguage\":\"pt-BR\",\"@id\":\"https:\/\/secure.gravatar.com\/avatar\/b720319e4c9a967eb58678d110f4fe35452fc5d5f97b202bac7b8acceb18c6ad?s=96&d=mm&r=g\",\"url\":\"https:\/\/secure.gravatar.com\/avatar\/b720319e4c9a967eb58678d110f4fe35452fc5d5f97b202bac7b8acceb18c6ad?s=96&d=mm&r=g\",\"contentUrl\":\"https:\/\/secure.gravatar.com\/avatar\/b720319e4c9a967eb58678d110f4fe35452fc5d5f97b202bac7b8acceb18c6ad?s=96&d=mm&r=g\",\"caption\":\"Coordena\u00e7\u00e3o\"},\"sameAs\":[\"https:\/\/www.facebook.com\/EstrategiaConcursos\",\"https:\/\/x.com\/EstratConcursos\"],\"url\":\"https:\/\/www.estrategiaconcursos.com.br\/blog\/author\/estrategia2013\/\"}]}<\/script>\n<!-- \/ Yoast SEO Premium plugin. -->","yoast_head_json":{"title":"Concurso Prefeitura de Alagoinhas: inscri\u00e7\u00f5es encerradas","description":"Concurso Prefeitura de Alagoinhas: com 549 vagas de n\u00edvel m\u00e9dio, t\u00e9cnico e superior, provas acontecem em novembro e janeiro. Confira mais detalhes.","robots":{"index":"index","follow":"follow","max-snippet":"max-snippet:-1","max-image-preview":"max-image-preview:large","max-video-preview":"max-video-preview:-1"},"canonical":"https:\/\/www.estrategiaconcursos.com.br\/blog\/concurso-prefeitura-de-alagoinhas-ba\/","og_locale":"pt_BR","og_type":"article","og_title":"Concurso Prefeitura de Alagoinhas: inscri\u00e7\u00f5es encerradas","og_description":"Concurso Prefeitura de Alagoinhas: com 549 vagas de n\u00edvel m\u00e9dio, t\u00e9cnico e superior, provas acontecem em novembro e janeiro. Confira mais detalhes.","og_url":"https:\/\/www.estrategiaconcursos.com.br\/blog\/concurso-prefeitura-de-alagoinhas-ba\/","og_site_name":"Estrat\u00e9gia Concursos","article_author":"https:\/\/www.facebook.com\/EstrategiaConcursos","article_published_time":"2019-10-01T07:00:00+00:00","article_modified_time":"2021-06-18T14:12:49+00:00","og_image":[{"width":1200,"height":628,"url":"https:\/\/dhg1h5j42swfq.cloudfront.net\/2019\/08\/22172550\/PREFEITURA-DE-ALAGOINHAS-BA.jpg","type":"image\/jpeg"}],"author":"Coordena\u00e7\u00e3o","twitter_card":"summary_large_image","twitter_creator":"@EstratConcursos","twitter_site":"@EstratConcursos","twitter_misc":{"Escrito por":"Coordena\u00e7\u00e3o","Est. tempo de leitura":"7 minutos"},"schema":{"@context":"https:\/\/schema.org","@graph":[{"@type":"NewsArticle","@id":"https:\/\/www.estrategiaconcursos.com.br\/blog\/concurso-prefeitura-de-alagoinhas-ba\/#article","isPartOf":{"@id":"https:\/\/www.estrategiaconcursos.com.br\/blog\/concurso-prefeitura-de-alagoinhas-ba\/"},"author":{"name":"Coordena\u00e7\u00e3o","@id":"https:\/\/www.estrategiaconcursos.com.br\/blog\/#\/schema\/person\/b4a388c97673c5f483d72185668afa1f"},"headline":"Concurso Prefeitura de Alagoinhas: inscri\u00e7\u00f5es encerradas","datePublished":"2019-10-01T07:00:00+00:00","dateModified":"2021-06-18T14:12:49+00:00","mainEntityOfPage":{"@id":"https:\/\/www.estrategiaconcursos.com.br\/blog\/concurso-prefeitura-de-alagoinhas-ba\/"},"wordCount":1735,"commentCount":0,"publisher":{"@id":"https:\/\/www.estrategiaconcursos.com.br\/blog\/#organization"},"image":{"@id":"https:\/\/www.estrategiaconcursos.com.br\/blog\/concurso-prefeitura-de-alagoinhas-ba\/#primaryimage"},"thumbnailUrl":"https:\/\/dhg1h5j42swfq.cloudfront.net\/2019\/08\/22172550\/PREFEITURA-DE-ALAGOINHAS-BA.jpg","articleSection":["Executivo (Administrativa)"],"inLanguage":"pt-BR","potentialAction":[{"@type":"CommentAction","name":"Comment","target":["https:\/\/www.estrategiaconcursos.com.br\/blog\/concurso-prefeitura-de-alagoinhas-ba\/#respond"]}],"copyrightYear":"2019","copyrightHolder":{"@id":"https:\/\/www.estrategiaconcursos.com.br\/blog\/#organization"}},{"@type":"WebPage","@id":"https:\/\/www.estrategiaconcursos.com.br\/blog\/concurso-prefeitura-de-alagoinhas-ba\/","url":"https:\/\/www.estrategiaconcursos.com.br\/blog\/concurso-prefeitura-de-alagoinhas-ba\/","name":"Concurso Prefeitura de Alagoinhas: inscri\u00e7\u00f5es encerradas","isPartOf":{"@id":"https:\/\/www.estrategiaconcursos.com.br\/blog\/#website"},"primaryImageOfPage":{"@id":"https:\/\/www.estrategiaconcursos.com.br\/blog\/concurso-prefeitura-de-alagoinhas-ba\/#primaryimage"},"image":{"@id":"https:\/\/www.estrategiaconcursos.com.br\/blog\/concurso-prefeitura-de-alagoinhas-ba\/#primaryimage"},"thumbnailUrl":"https:\/\/dhg1h5j42swfq.cloudfront.net\/2019\/08\/22172550\/PREFEITURA-DE-ALAGOINHAS-BA.jpg","datePublished":"2019-10-01T07:00:00+00:00","dateModified":"2021-06-18T14:12:49+00:00","description":"Concurso Prefeitura de Alagoinhas: com 549 vagas de n\u00edvel m\u00e9dio, t\u00e9cnico e superior, provas acontecem em novembro e janeiro. Confira mais detalhes.","breadcrumb":{"@id":"https:\/\/www.estrategiaconcursos.com.br\/blog\/concurso-prefeitura-de-alagoinhas-ba\/#breadcrumb"},"inLanguage":"pt-BR","potentialAction":[{"@type":"ReadAction","target":["https:\/\/www.estrategiaconcursos.com.br\/blog\/concurso-prefeitura-de-alagoinhas-ba\/"]}]},{"@type":"ImageObject","inLanguage":"pt-BR","@id":"https:\/\/www.estrategiaconcursos.com.br\/blog\/concurso-prefeitura-de-alagoinhas-ba\/#primaryimage","url":"https:\/\/dhg1h5j42swfq.cloudfront.net\/2019\/08\/22172550\/PREFEITURA-DE-ALAGOINHAS-BA.jpg","contentUrl":"https:\/\/dhg1h5j42swfq.cloudfront.net\/2019\/08\/22172550\/PREFEITURA-DE-ALAGOINHAS-BA.jpg","width":1200,"height":628},{"@type":"BreadcrumbList","@id":"https:\/\/www.estrategiaconcursos.com.br\/blog\/concurso-prefeitura-de-alagoinhas-ba\/#breadcrumb","itemListElement":[{"@type":"ListItem","position":1,"name":"In\u00edcio","item":"https:\/\/www.estrategiaconcursos.com.br\/blog\/"},{"@type":"ListItem","position":2,"name":"Concurso Prefeitura de Alagoinhas: inscri\u00e7\u00f5es encerradas"}]},{"@type":"WebSite","@id":"https:\/\/www.estrategiaconcursos.com.br\/blog\/#website","url":"https:\/\/www.estrategiaconcursos.com.br\/blog\/","name":"Estrat\u00e9gia Concursos","description":"O blog da Estrat\u00e9gia Concursos traz not\u00edcias sobre concursos e artigos de professores oferecendo cursos para concursos (pdf + videaulas) no site.","publisher":{"@id":"https:\/\/www.estrategiaconcursos.com.br\/blog\/#organization"},"potentialAction":[{"@type":"SearchAction","target":{"@type":"EntryPoint","urlTemplate":"https:\/\/www.estrategiaconcursos.com.br\/blog\/?s={search_term_string}"},"query-input":{"@type":"PropertyValueSpecification","valueRequired":true,"valueName":"search_term_string"}}],"inLanguage":"pt-BR"},{"@type":"Organization","@id":"https:\/\/www.estrategiaconcursos.com.br\/blog\/#organization","name":"Estrat\u00e9gia Concursos","url":"https:\/\/www.estrategiaconcursos.com.br\/blog\/","logo":{"@type":"ImageObject","inLanguage":"pt-BR","@id":"https:\/\/www.estrategiaconcursos.com.br\/blog\/#\/schema\/logo\/image\/","url":"https:\/\/dhg1h5j42swfq.cloudfront.net\/2025\/06\/03203428\/logo_concursos-1.jpg","contentUrl":"https:\/\/dhg1h5j42swfq.cloudfront.net\/2025\/06\/03203428\/logo_concursos-1.jpg","width":230,"height":60,"caption":"Estrat\u00e9gia Concursos"},"image":{"@id":"https:\/\/www.estrategiaconcursos.com.br\/blog\/#\/schema\/logo\/image\/"},"sameAs":["https:\/\/x.com\/EstratConcursos"]},{"@type":"Person","@id":"https:\/\/www.estrategiaconcursos.com.br\/blog\/#\/schema\/person\/b4a388c97673c5f483d72185668afa1f","name":"Coordena\u00e7\u00e3o","image":{"@type":"ImageObject","inLanguage":"pt-BR","@id":"https:\/\/secure.gravatar.com\/avatar\/b720319e4c9a967eb58678d110f4fe35452fc5d5f97b202bac7b8acceb18c6ad?s=96&d=mm&r=g","url":"https:\/\/secure.gravatar.com\/avatar\/b720319e4c9a967eb58678d110f4fe35452fc5d5f97b202bac7b8acceb18c6ad?s=96&d=mm&r=g","contentUrl":"https:\/\/secure.gravatar.com\/avatar\/b720319e4c9a967eb58678d110f4fe35452fc5d5f97b202bac7b8acceb18c6ad?s=96&d=mm&r=g","caption":"Coordena\u00e7\u00e3o"},"sameAs":["https:\/\/www.facebook.com\/EstrategiaConcursos","https:\/\/x.com\/EstratConcursos"],"url":"https:\/\/www.estrategiaconcursos.com.br\/blog\/author\/estrategia2013\/"}]}},"_links":{"self":[{"href":"https:\/\/www.estrategiaconcursos.com.br\/blog\/wp-json\/wp\/v2\/posts\/410922","targetHints":{"allow":["GET"]}}],"collection":[{"href":"https:\/\/www.estrategiaconcursos.com.br\/blog\/wp-json\/wp\/v2\/posts"}],"about":[{"href":"https:\/\/www.estrategiaconcursos.com.br\/blog\/wp-json\/wp\/v2\/types\/post"}],"author":[{"embeddable":true,"href":"https:\/\/www.estrategiaconcursos.com.br\/blog\/wp-json\/wp\/v2\/users\/1"}],"replies":[{"embeddable":true,"href":"https:\/\/www.estrategiaconcursos.com.br\/blog\/wp-json\/wp\/v2\/comments?post=410922"}],"version-history":[{"count":17,"href":"https:\/\/www.estrategiaconcursos.com.br\/blog\/wp-json\/wp\/v2\/posts\/410922\/revisions"}],"predecessor-version":[{"id":770419,"href":"https:\/\/www.estrategiaconcursos.com.br\/blog\/wp-json\/wp\/v2\/posts\/410922\/revisions\/770419"}],"wp:featuredmedia":[{"embeddable":true,"href":"https:\/\/www.estrategiaconcursos.com.br\/blog\/wp-json\/wp\/v2\/media\/412274"}],"wp:attachment":[{"href":"https:\/\/www.estrategiaconcursos.com.br\/blog\/wp-json\/wp\/v2\/media?parent=410922"}],"wp:term":[{"taxonomy":"category","embeddable":true,"href":"https:\/\/www.estrategiaconcursos.com.br\/blog\/wp-json\/wp\/v2\/categories?post=410922"},{"taxonomy":"post_tag","embeddable":true,"href":"https:\/\/www.estrategiaconcursos.com.br\/blog\/wp-json\/wp\/v2\/tags?post=410922"},{"taxonomy":"tax_estado","embeddable":true,"href":"https:\/\/www.estrategiaconcursos.com.br\/blog\/wp-json\/wp\/v2\/tax_estado?post=410922"}],"curies":[{"name":"wp","href":"https:\/\/api.w.org\/{rel}","templated":true}]}}