{"id":410759,"date":"2019-12-02T01:00:45","date_gmt":"2019-12-02T04:00:45","guid":{"rendered":"https:\/\/www.estrategiaconcursos.com.br\/blog\/?p=410759"},"modified":"2019-12-02T16:34:07","modified_gmt":"2019-12-02T19:34:07","slug":"concurso-seme-rio-branco","status":"publish","type":"post","link":"https:\/\/www.estrategiaconcursos.com.br\/blog\/concurso-seme-rio-branco\/","title":{"rendered":"Concurso SEME Rio Branco: REMARCADA data das Provas Objetivas"},"content":{"rendered":"\n<h2 class=\"wp-block-heading\"><em>Novo concurso oferta 553 vagas imediatas<\/em><\/h2>\n\n\n\n<p>As inscri\u00e7\u00f5es para o concurso SEME Rio Branco est\u00e3o encerradas. O \u00f3rg\u00e3o oferta no seu concurso p\u00fablico <strong>553 vagas. <\/strong>O concurso SEME Rio Branco prev\u00ea vagas para Professor, Nutricionista Cuidador Pessoal e Motorista.<\/p>\n\n\n\n<p>Na segunda-feira, 02 de dezembro de 2019,  a banca organizadora, Funda\u00e7\u00e3o de Apoio e Desenvolvimento \u00e0 UFAC \u2013 FUNDAPE, divulgou, dentre outras pequenas altera\u00e7\u00f5es no edital original, a remarca\u00e7\u00e3o da<strong> data da prova objetiva<\/strong>&nbsp;para o dia <strong>29 de dezembro<\/strong>. <\/p>\n\n\n\n<p>Isso porque, em raz\u00e3o de uma falha humana, as provas distribu\u00eddas para aplica\u00e7\u00e3o no dia 17 de novembro de manh\u00e3 foram trocadas pelas que seriam realizadas na parte da tarde (Cuidador Pessoal). <\/p>\n\n\n\n<p>Constatado o equ\u00edvoco, a Comiss\u00e3o do Concurso P\u00fablico recolheu as provas, a fim de que fossem trocadas pela prova correta, por\u00e9m alguns candidatos se exaltaram e se recusaram a faz\u00ea-la, alegando que n\u00e3o havia como saber se tinha havido fraude ou se o sigilo da prova estava resguardado. Por essa raz\u00e3o, a banca optou pela nova aplica\u00e7\u00e3o do certame. <\/p>\n\n\n\n<p>A Prova Objetiva ser\u00e1 composta pelas mat\u00e9rias de L\u00edngua Portuguesa, Matem\u00e1tica, Conhecimentos Gerais\/ Atualidades, legisla\u00e7\u00e3o e Conhecimentos Espec\u00edficos.  <\/p>\n\n\n\n<p>Os novos locais de prova ser\u00e3o divulgados no dia <strong>16 de dezembro<\/strong>. <\/p>\n\n\n\n<ul class=\"wp-block-list\"><li><strong><em><a href=\"#status-atual\">Principais informa\u00e7\u00f5es do edital<\/a><\/em><\/strong><\/li><li><strong><em><a href=\"#ultimo-concurso\">\u00daltimo concurso<\/a><\/em><\/strong><\/li><li><strong><em><a href=\"#etapas\">Etapas<\/a><\/em><\/strong><\/li><li><strong><em><a href=\"#provas\">Provas<\/a><\/em><\/strong><\/li><li><strong><em><a href=\"#prova-titulos\">Prova de t\u00edtulos<\/a><\/em><\/strong><\/li><li><strong><em><a href=\"#assinatura\">Assinatura ilimitada<\/a><\/em><\/strong><\/li><li><strong><em><a href=\"#ficha-tecnica\">Ficha t\u00e9cnica<\/a><\/em><\/strong><\/li><\/ul>\n\n\n\n<h2 class=\"wp-block-heading\" id=\"status-atual\">Principais informa\u00e7\u00f5es do edital do concurso SEME Rio Branco<\/h2>\n\n\n\n<h4 class=\"wp-block-heading\">Principais datas<\/h4>\n\n\n\n<ul class=\"wp-block-list\"><li><strong>Inscri\u00e7\u00f5es<\/strong>: 15\/10 a 03\/11<\/li><li><strong>Isen\u00e7\u00e3o<\/strong>: 16 e 17\/10<\/li><li><strong>Pagamento da taxa<\/strong>: at\u00e9 04\/11<\/li><li><strong>Divulga\u00e7\u00e3o dos locais de prova<\/strong>: 16\/12<\/li><li><strong>Prova objetiva: <\/strong>29\/12<\/li><\/ul>\n\n\n\n<h4 class=\"wp-block-heading\">Vagas<\/h4>\n\n\n\n<h4 class=\"wp-block-heading\"><strong><span style=\"text-decoration: underline;\">N\u00edvel Superior<\/span><\/strong><\/h4>\n\n\n\n<p><\/p>\n\n\n\n<table class=\"wp-block-table has-subtle-pale-blue-background-color has-fixed-layout has-background is-style-stripes\"><tbody><tr><td><strong>Fun\u00e7\u00e3o<\/strong><\/td><td><strong>Requisito<\/strong><\/td><td><strong>Vagas<\/strong><\/td><td><strong>Vagas PCD<\/strong><\/td><td><strong>CH<\/strong><\/td><td><strong>Remunera\u00e7\u00e3o (R$)<\/strong><\/td><\/tr><tr><td>Professor da Educa\u00e7\u00e3o Infantil (Pr\u00e9-Escola)<\/td><td> Diploma, devidamente registrado, em licenciatura plena em pedagogia, fornecido por institui\u00e7\u00e3o de ensino superior reconhecida pelo Minist\u00e9rio da Educa\u00e7\u00e3o. <\/td><td>190<\/td><td>10<\/td><td>25h<\/td><td>2.154,64<\/td><\/tr><tr><td> Professor do Ensino Fundamental (1.\u00ba ao 5.\u00ba ano) ZONA URBANA <\/td><td> (1.\u00ba ao 5.\u00ba ano) ZONA URBANA Diploma, devidamente registrado, de conclus\u00e3o de curso de licenciatura plena em pedagogia para atuar do primeiro ao quinto ano do ensino fundamental, fornecido por institui\u00e7\u00e3o de ensino superior reconhecida pelo Minist\u00e9rio da Educa\u00e7\u00e3o. <\/td><td>131<\/td><td>7<\/td><td>25h<\/td><td>2.154,64<\/td><\/tr><tr><td> Professor do Ensino Fundamental (1.\u00ba ao 5.\u00ba ano) ZONA RURAL <\/td><td> Diploma, devidamente registrado, de conclus\u00e3o de curso de licenciatura plena em pedagogia para atuar do primeiro ao quinto ano do ensino fundamental, fornecido por institui\u00e7\u00e3o de ensino superior reconhecida pelo Minist\u00e9rio da Educa\u00e7\u00e3o. <\/td><td>28<\/td><td>2<\/td><td>25h<\/td><td>2.154,64<\/td><\/tr><tr><td> Professor da Educa\u00e7\u00e3o Especial (Mediador) ZONA URBANA <\/td><td> Diploma, devidamente registrado, de conclus\u00e3o de curso de licenciatura plena em qualquer \u00e1rea de forma\u00e7\u00e3o, fornecido por institui\u00e7\u00e3o de ensino superior reconhecida pelo Minist\u00e9rio da Educa\u00e7\u00e3o e forma\u00e7\u00e3o continuada na \u00e1rea da Educa\u00e7\u00e3o Especial, com carga hor\u00e1ria m\u00ednima de 360h e\/ou especializa\u00e7\u00e3o na \u00e1rea da Educa\u00e7\u00e3o Especial, com carga hor\u00e1ria m\u00ednima de 360h. <\/td><td>69<\/td><td>4<\/td><td>25h<\/td><td>2.154,64<\/td><\/tr><tr><td> Professor da Educa\u00e7\u00e3o Especial (Libras) <\/td><td> Diploma, devidamente registrado, de conclus\u00e3o de curso de licenciatura plena em qualquer \u00e1rea de forma\u00e7\u00e3o, fornecido por institui\u00e7\u00e3o de ensino superior reconhecida pelo Minist\u00e9rio da Educa\u00e7\u00e3o e forma\u00e7\u00e3o continuada na \u00e1rea de Libras, com carga hor\u00e1ria m\u00ednima de 360h e\/ou Prolibras e\/ou especializa\u00e7\u00e3o na \u00e1rea de Libras, com carga hor\u00e1ria m\u00ednima de 360h. <\/td><td>4<\/td><td>1<\/td><td>40h<\/td><td>3.447,35<\/td><\/tr><tr><td> Professor da Educa\u00e7\u00e3o Especial (Bilingue) <\/td><td> Diploma, devidamente registrado, de conclus\u00e3o de curso de licenciatura plena em qualquer \u00e1rea de forma\u00e7\u00e3o, fornecido por institui\u00e7\u00e3o de ensino superior reconhecida pelo Minist\u00e9rio da Educa\u00e7\u00e3o e forma\u00e7\u00e3o continuada na \u00e1rea de Libras, com carga hor\u00e1ria m\u00ednima de 360h e\/ou Prolibras e\/ou especializa\u00e7\u00e3o na \u00e1rea de Libras, com carga hor\u00e1ria m\u00ednima de 360h. <\/td><td>9<\/td><td>1<\/td><td>25h<\/td><td>2.154,64<\/td><\/tr><tr><td> Nutricionista <\/td><td> Diploma devidamente registrado, de conclus\u00e3o de curso de gradua\u00e7\u00e3o em n\u00edvel superior em Nutri\u00e7\u00e3o, fornecido por institui\u00e7\u00e3o de ensino reconhecida pelo MEC e registro no conselho regional da classe. <\/td><td>2<\/td><td>*<\/td><td>30h<\/td><td>1.865,36<\/td><\/tr><\/tbody><\/table>\n\n\n\n<h4 class=\"wp-block-heading\"><span style=\"text-decoration: underline;\">N\u00edvel M\u00e9dio<\/span><\/h4>\n\n\n\n<p><\/p>\n\n\n\n<table class=\"wp-block-table has-subtle-pale-blue-background-color has-fixed-layout has-background is-style-stripes\"><tbody><tr><td><strong>Fun\u00e7\u00e3o<\/strong><\/td><td><strong>Requisito<\/strong><\/td><td><strong>Vagas<\/strong><\/td><td><strong>Vagas PcD<\/strong><\/td><td><strong>CH<\/strong><\/td><td><strong>Remunera\u00e7\u00e3o (R$)<\/strong><\/td><\/tr><tr><td> Cuidador Pessoal <\/td><td> Certificado devidamente registrado de conclus\u00e3o de Ensino M\u00e9dio, fornecido por institui\u00e7\u00e3o reconhecida pelo Conselho Estadual de Educa\u00e7\u00e3o e curso de no\u00e7\u00f5es b\u00e1sicas em sa\u00fade, devidamente registrado pelo \u00f3rg\u00e3o competente. <\/td><td>80<\/td><td>5<\/td><td>35h<\/td><td>1.032,66<\/td><\/tr><\/tbody><\/table>\n\n\n\n<h4 class=\"wp-block-heading\"><span style=\"text-decoration: underline;\">N\u00edvel Fundamental<\/span><\/h4>\n\n\n\n<p><\/p>\n\n\n\n<table class=\"wp-block-table has-subtle-pale-blue-background-color has-fixed-layout has-background is-style-stripes\"><tbody><tr><td><strong>Fun\u00e7\u00e3o<\/strong><\/td><td><strong>Requisito<\/strong><\/td><td><strong>Vagas<\/strong><\/td><td><strong>Vagas PcD<\/strong><\/td><td><strong>CH<\/strong><\/td><td><strong>Remunera\u00e7\u00e3o (R$)<\/strong><\/td><\/tr><tr><td> Motorista <\/td><td> Certificado devidamente registrado, de conclus\u00e3o de curso de n\u00edvel fundamental (antigo primeiro grau), fornecido por institui\u00e7\u00e3o reconhecida pelo Conselho Estadual de Educa\u00e7\u00e3o, e Carteira Nacional de Habilita\u00e7\u00e3o categoria \u201cD\u201d. Certificado de aprova\u00e7\u00e3o em curso especializado, nos termos da regulamenta\u00e7\u00e3o do CONTRAN. Curso de Condutor de Transporte Escolar <\/td><td>9<\/td><td>1<\/td><td>40h<\/td><td> 1.162,80 <\/td><\/tr><\/tbody><\/table>\n\n\n\n<h2 class=\"wp-block-heading\" id=\"etapas\">Etapas do concurso SEME Rio Branco<\/h2>\n\n\n\n<p>O concurso ser\u00e1 composto pelas seguintes etapas:<\/p>\n\n\n\n<ul class=\"wp-block-list\"><li><strong>1\u00aa Etapa<\/strong>: Prova Objetiva<ul><li>de car\u00e1ter eliminat\u00f3rio e classificat\u00f3rio &#8211; para todas as fun\u00e7\u00f5es<\/li><\/ul><\/li><li><strong>2\u00aa Etapa<\/strong>: Prova de T\u00edtulos<ul><li>de car\u00e1ter unicamente classificat\u00f3rio &#8211; somente para as fun\u00e7\u00f5es de Ensino Superior<\/li><\/ul><\/li><li><strong>3\u00aa Etapa<\/strong>: Prova Pr\u00e1tica de Libras<ul><li>de car\u00e1ter eliminat\u00f3rio &#8211; somente para as fun\u00e7\u00f5es de Professor de Educa\u00e7\u00e3o Especial Bil\u00edngue e Professor da Educa\u00e7\u00e3o Especial &#8211; Libras<\/li><\/ul><\/li><\/ul>\n\n\n\n<p>No turno da manh\u00e3 ser\u00e3o aplicadas as provas para os cargos de n\u00edvel superior e no turno da tarde, para os cargos de n\u00edvel m\u00e9dio e fundamental.<\/p>\n\n\n\n<h2 class=\"wp-block-heading\" id=\"provas\">Provas do concurso SEME Rio Branco<\/h2>\n\n\n\n<p>As provas objetivas ser\u00e3o constitu\u00eddas por quest\u00f5es de m\u00faltipla escolha com  cinco alternativas, distribu\u00eddas entre as seguintes disciplinas:<\/p>\n\n\n\n<p><strong>N\u00edvel Superior (manh\u00e3)<\/strong><\/p>\n\n\n\n<p><\/p>\n\n\n\n<table class=\"wp-block-table has-subtle-pale-blue-background-color has-fixed-layout has-background is-style-stripes\"><tbody><tr><td><strong>Disciplina<\/strong><\/td><td><strong>Quest\u00f5es<\/strong><\/td><td><strong>Pontos por quest\u00e3o<\/strong><\/td><td><strong>Total de pontos<\/strong><\/td><\/tr><tr><td>L\u00edngua Portuguesa<\/td><td>10<\/td><td>2<\/td><td>20<\/td><\/tr><tr><td>Matem\u00e1tica<\/td><td>5<\/td><td>1<\/td><td>5<\/td><\/tr><tr><td>Conhecimentos gerais\/Atualidades<\/td><td>5<\/td><td>1<\/td><td>5<\/td><\/tr><tr><td>Legisla\u00e7\u00e3o<\/td><td>10<\/td><td>1<\/td><td>10<\/td><\/tr><tr><td>Conhecimentos espec\u00edficos<\/td><td>30<\/td><td>3<\/td><td>90<\/td><\/tr><tr><td><strong>Total<\/strong><\/td><td>60<\/td><td><\/td><td><strong>130<\/strong><\/td><\/tr><\/tbody><\/table>\n\n\n\n<p><strong>N\u00edvel fundamental e m\u00e9dio (tarde)<\/strong><\/p>\n\n\n\n<p><\/p>\n\n\n\n<table class=\"wp-block-table has-subtle-pale-blue-background-color has-fixed-layout has-background is-style-stripes\"><tbody><tr><td><strong>Disciplina<\/strong><\/td><td><strong>Quest\u00f5es<\/strong><\/td><td><strong>Pontos por quest\u00e3o<\/strong><\/td><td><strong>Total de pontos<\/strong><\/td><\/tr><tr><td>L\u00edngua Portuguesa<\/td><td>10<\/td><td>2<\/td><td>20<\/td><\/tr><tr><td>Matem\u00e1tica<\/td><td>5<\/td><td>1<\/td><td>5<\/td><\/tr><tr><td>Conhecimentos gerais\/Atualidades<\/td><td>5<\/td><td>1<\/td><td>5<\/td><\/tr><tr><td>Conhecimentos espec\u00edficos<\/td><td>30<\/td><td>3<\/td><td>90<\/td><\/tr><tr><td><strong>Total<\/strong><\/td><td>50<\/td><td><\/td><td><strong>120<\/strong><\/td><\/tr><\/tbody><\/table>\n\n\n\n<p>Para se habilitar para as pr\u00f3ximas etapas, o candidato dever\u00e1 atingir a pontua\u00e7\u00e3o m\u00ednima de 50% e se classificar entre as maiores pontua\u00e7\u00f5es dentro de <strong>5 vezes o n\u00famero de vagas<\/strong>.<\/p>\n\n\n\n<h2 class=\"wp-block-heading\" id=\"prova-titulos\">Prova de T\u00edtulos do concurso SEME Rio Branco<\/h2>\n\n\n\n<h4 class=\"wp-block-heading\">T\u00edtulos acad\u00eamicos<\/h4>\n\n\n\n<ul class=\"wp-block-list\"><li><strong>A) <\/strong>P\u00f3s-Gradua\u00e7\u00e3o <em>Stricto Sensu<\/em> &#8211; <strong>Doutorado<\/strong>:<ul><li>valor por t\u00edtulos: 5,00 pontos <\/li><\/ul><\/li><li><strong>B) <\/strong>P\u00f3s-Gradua\u00e7\u00e3o <em>Stricto Sensu<\/em> &#8211; <strong>Mestrado<\/strong>:<ul><li>valor por t\u00edtulo: 3,00 pontos <\/li><\/ul><\/li><li><strong>C) <\/strong>P\u00f3s-Gradua\u00e7\u00e3o <em>Lato Sensu<\/em> (360 horas):<ul><li>valor por t\u00edtulo: 2,00 pontos  <\/li><\/ul><\/li><\/ul>\n\n\n\n<h4 class=\"wp-block-heading\">Experi\u00eancia profissional<\/h4>\n\n\n\n<ul class=\"wp-block-list\"><li>De 1 a 3 anos de experi\u00eancia &#8211; completos &#8211; 1,00 ponto<\/li><li>De 4 a 6 anos de experi\u00eancia &#8211; completos &#8211; 2,00 pontos<\/li><li>De 7 a 9 anos de experi\u00eancia &#8211; completos &#8211; 3,00 pontos<\/li><li>De 10 a 14 anos de experi\u00eancia &#8211; completos &#8211; 4,00 pontos<\/li><li>Acima de 15 anos de experi\u00eancia &#8211; completos &#8211; 5,00 pontos.<\/li><\/ul>\n\n\n\n<h2 class=\"wp-block-heading\" id=\"ultimo-concurso\">\u00daltimo concurso SEME Rio Branco<\/h2>\n\n\n\n<p>O \u00faltimo concurso SEME Rio Branco foi um Processo Seletivo Simplificado para contrata\u00e7\u00e3o tempor\u00e1ria de Professores e Servidores Administrativos. Realizado em 2017, o Instituto Brasileiro de Apoio e Desenvolvimento Executivo \u2013 IBADE foi respons\u00e1vel pela organiza\u00e7\u00e3o.<\/p>\n\n\n\n<p>As remunera\u00e7\u00f5es oferecidas variavam entre R$ 910,00 a R$ 3.064,32.<\/p>\n\n\n\n<h3 class=\"wp-block-heading\">Cargos e vagas<\/h3>\n\n\n\n<h4 class=\"wp-block-heading\"><em>N\u00edvel m\u00e9dio<\/em><\/h4>\n\n\n\n<ul class=\"wp-block-list\"><li><strong>Cuidador Pessoal &#8211; 42<\/strong> <strong>vagas<\/strong><\/li><\/ul>\n\n\n\n<h4 class=\"wp-block-heading\"><em>N\u00edvel superior<\/em><\/h4>\n\n\n\n<ul class=\"wp-block-list\"><li><strong>Nutricionista &#8211; 01<\/strong> <strong>vaga<\/strong><\/li><li><strong>Professor da Educa\u00e7\u00e3o Especial Libras &#8211; 08 vagas<\/strong><\/li><li><strong>Professor de Ensino Fundamental 1\u00ba ao 5\u00ba ano &#8211; ZONA RURAL &#8211; 45<\/strong> <strong>vagas<\/strong><\/li><li><strong>Professor de Ensino Fundamental 1\u00ba ao 5e ano &#8211; ZONA URBANA &#8211; 32<\/strong> <strong>vagas<\/strong><\/li><li><strong>Professor da Educa\u00e7\u00e3o Especial Mediador &#8211; 81<\/strong> <strong>vagas<\/strong><\/li><li><strong>Professor Educa\u00e7\u00e3o Especial Atendimento Educacional Especializado &#8211; AEE &#8211; 01<\/strong> <strong>vaga<\/strong><\/li><li><strong>Professor da Educa\u00e7\u00e3o Infantil Pr\u00e9-Escola \u2013 ZONA URBANA &#8211; 77<\/strong> <strong>vagas<\/strong><\/li><li><strong>Professor de Educa\u00e7\u00e3o Especial Bil\u00edngue &#8211; 04<\/strong> <strong>vagas<\/strong><\/li><\/ul>\n\n\n\n<p style=\"font-size:25px;text-align:center\" class=\"has-background has-light-green-cyan-background-color\"><strong><a href=\"https:\/\/www.estrategiaconcursos.com.br\/cursosPorConcurso\/secretaria-municipal-de-educacao-de-rio-branco-ac-seme-rio-branco\/\" target=\"_blank\" rel=\"noreferrer noopener\" aria-label=\"CURSOS SEME RIO BRANCO (abre numa nova aba)\">CURSOS SEME RIO BRANCO<\/a><\/strong><\/p>\n\n\n\n<h2 class=\"wp-block-heading\" style=\"text-align:center\" id=\"assinatura\"><em><strong>Assinatura Anual Ilimitada*<\/strong><\/em><\/h2>\n\n\n\n<p style=\"text-align:center\"><em>Prepare-se com o melhor material e com quem mais aprova em Concursos P\u00fablicos em todo o pa\u00eds. Assine agora a nossa Assinatura Anual e tenha acesso ilimitado* a todos os nossos cursos.<\/em><\/p>\n\n\n\n<p style=\"text-align:center\" class=\"has-background has-medium-font-size has-luminous-vivid-amber-background-color\"><strong>ASSINE AGORA<\/strong>&nbsp;\u2013&nbsp;<strong><a rel=\"noreferrer noopener\" href=\"https:\/\/www.estrategiaconcursos.com.br\/assinaturas\" target=\"_blank\">Assinatura Ilimitada<\/a><\/strong><\/p>\n\n\n\n<p style=\"font-size:22px;text-align:center\" class=\"has-background has-pale-cyan-blue-background-color\"><strong><a href=\"https:\/\/www.estrategiaconcursos.com.br\/blog\/concursos-abertos\/\">CONCURSOS ABERTOS<\/a><\/strong><\/p>\n\n\n\n<p style=\"font-size:22px;text-align:center\" class=\"has-background has-pale-cyan-blue-background-color\"><a href=\"https:\/\/www.estrategiaconcursos.com.br\/blog\/concursos-2019\/\"><strong>CONCURSOS 2019<\/strong><\/a><\/p>\n\n\n\n<p style=\"font-size:22px;text-align:center\" class=\"has-background has-pale-cyan-blue-background-color\"><a href=\"https:\/\/www.estrategiaconcursos.com.br\/blog\/concursos-2020\/\"><strong>CONCURSOS<\/strong><\/a><strong><a href=\"https:\/\/www.estrategiaconcursos.com.br\/blog\/concursos-2020\/\">&nbsp;2020<\/a><\/strong><\/p>\n\n\n\n<figure class=\"wp-block-image\"><img loading=\"lazy\" decoding=\"async\" width=\"300\" height=\"102\" src=\"https:\/\/dhg1h5j42swfq.cloudfront.net\/2017\/03\/28152500\/coruja-ficha-tecnica-300x102.png\" alt=\"Ficha t\u00e9cnica do concurso SEME Rio Branco\" class=\"wp-image-68542\"\/><\/figure>\n\n\n\n<h4 class=\"wp-block-heading\" id=\"ficha-tecnica\"><strong>Informa\u00e7\u00f5es sobre o concurso SEME Rio Branco<\/strong><\/h4>\n\n\n\n<p>\u25ba<strong>Data<\/strong>: 29\/12\/2019<br \/>\u25ba<strong>Vagas<\/strong>: 553<br \/>\u25ba<strong>Cargos<\/strong>: Cuidador, Nutricionista e Professores<br \/>\u25ba<strong>Banca<\/strong>: FUNDAPE<br \/>\u25ba<strong>Escolaridade<\/strong>: N\u00edvel fundamental, m\u00e9dio e superior<br \/>\u25ba<strong>Edital<\/strong>:<a rel=\"noreferrer noopener\" aria-label=\"l:&nbsp;Edital SEME RIO BRANCO (abre numa nova aba)\" href=\"https:\/\/dhg1h5j42swfq.cloudfront.net\/2019\/10\/15093938\/SEME_RIO_BRNCO_EDITAL1.pdf\" target=\"_blank\">&nbsp;<\/a><strong><a rel=\"noreferrer noopener\" aria-label=\"l:&nbsp;Edital SEME RIO BRANCO (abre numa nova aba)\" href=\"https:\/\/dhg1h5j42swfq.cloudfront.net\/2019\/10\/15093938\/SEME_RIO_BRNCO_EDITAL1.pdf\" target=\"_blank\">Edital SEME RIO BRANCO<\/a><\/strong><\/p>\n\n\n\n<p><em>Ascom Estrat\u00e9gia<\/em><br \/>ascomestrategia@gmail.com<\/p>\n","protected":false},"excerpt":{"rendered":"<p>Novo concurso oferta 553 vagas imediatas As inscri\u00e7\u00f5es para o concurso SEME Rio Branco est\u00e3o encerradas. O \u00f3rg\u00e3o oferta no seu concurso p\u00fablico 553 vagas. O concurso SEME Rio Branco prev\u00ea vagas para Professor, Nutricionista Cuidador Pessoal e Motorista. Na segunda-feira, 02 de dezembro de 2019, a banca organizadora, Funda\u00e7\u00e3o de Apoio e Desenvolvimento \u00e0 [&hellip;]<\/p>\n","protected":false},"author":260,"featured_media":413510,"comment_status":"open","ping_status":"closed","sticky":false,"template":"","format":"standard","meta":{"post_tipo":"article","footnotes":""},"categories":[1],"tags":[],"tax_estado":[],"class_list":["post-410759","post","type-post","status-publish","format-standard","has-post-thumbnail","hentry","category-cursos-e-concursos"],"acf":[],"yoast_head":"<!-- This site is optimized with the Yoast SEO Premium plugin v27.2 (Yoast SEO v27.2) - https:\/\/yoast.com\/product\/yoast-seo-premium-wordpress\/ -->\n<title>Concurso SEME Rio Branco: REMARCADA data das Provas Objetivas<\/title>\n<meta name=\"description\" content=\"Concurso SEME Rio Branco AC: as inscri\u00e7\u00f5es para o concurso p\u00fablico do \u00f3rg\u00e3o est\u00e3o encerradas. Prova dia 17 de novembro. Saiba mais.\" \/>\n<meta name=\"robots\" content=\"index, follow, max-snippet:-1, max-image-preview:large, max-video-preview:-1\" \/>\n<link rel=\"canonical\" href=\"https:\/\/www.estrategiaconcursos.com.br\/blog\/concurso-seme-rio-branco\/\" \/>\n<meta property=\"og:locale\" content=\"pt_BR\" \/>\n<meta property=\"og:type\" content=\"article\" \/>\n<meta property=\"og:title\" content=\"Concurso SEME Rio Branco: REMARCADA data das Provas Objetivas\" \/>\n<meta property=\"og:description\" content=\"Concurso SEME Rio Branco AC: as inscri\u00e7\u00f5es para o concurso p\u00fablico do \u00f3rg\u00e3o est\u00e3o encerradas. Prova dia 17 de novembro. Saiba mais.\" \/>\n<meta property=\"og:url\" content=\"https:\/\/www.estrategiaconcursos.com.br\/blog\/concurso-seme-rio-branco\/\" \/>\n<meta property=\"og:site_name\" content=\"Estrat\u00e9gia Concursos\" \/>\n<meta property=\"article:published_time\" content=\"2019-12-02T04:00:45+00:00\" \/>\n<meta property=\"article:modified_time\" content=\"2019-12-02T19:34:07+00:00\" \/>\n<meta property=\"og:image\" content=\"https:\/\/dhg1h5j42swfq.cloudfront.net\/2019\/08\/27131222\/SEME-RIO-BRANCO.jpg\" \/>\n\t<meta property=\"og:image:width\" content=\"1200\" \/>\n\t<meta property=\"og:image:height\" content=\"628\" \/>\n\t<meta property=\"og:image:type\" content=\"image\/jpeg\" \/>\n<meta name=\"author\" content=\"Diego Cerqueira Berbert Vasconcelos\" \/>\n<meta name=\"twitter:card\" content=\"summary_large_image\" \/>\n<meta name=\"twitter:creator\" content=\"@EstratConcursos\" \/>\n<meta name=\"twitter:site\" content=\"@EstratConcursos\" \/>\n<meta name=\"twitter:label1\" content=\"Escrito por\" \/>\n\t<meta name=\"twitter:data1\" content=\"Diego Cerqueira Berbert Vasconcelos\" \/>\n\t<meta name=\"twitter:label2\" content=\"Est. tempo de leitura\" \/>\n\t<meta name=\"twitter:data2\" content=\"7 minutos\" \/>\n<script type=\"application\/ld+json\" class=\"yoast-schema-graph\">{\"@context\":\"https:\/\/schema.org\",\"@graph\":[{\"@type\":\"NewsArticle\",\"@id\":\"https:\/\/www.estrategiaconcursos.com.br\/blog\/concurso-seme-rio-branco\/#article\",\"isPartOf\":{\"@id\":\"https:\/\/www.estrategiaconcursos.com.br\/blog\/concurso-seme-rio-branco\/\"},\"author\":{\"name\":\"Diego Cerqueira Berbert Vasconcelos\",\"@id\":\"https:\/\/www.estrategiaconcursos.com.br\/blog\/#\/schema\/person\/7fbf898fd336f5ce58a961518beff68c\"},\"headline\":\"Concurso SEME Rio Branco: REMARCADA data das Provas Objetivas\",\"datePublished\":\"2019-12-02T04:00:45+00:00\",\"dateModified\":\"2019-12-02T19:34:07+00:00\",\"mainEntityOfPage\":{\"@id\":\"https:\/\/www.estrategiaconcursos.com.br\/blog\/concurso-seme-rio-branco\/\"},\"wordCount\":1360,\"commentCount\":0,\"publisher\":{\"@id\":\"https:\/\/www.estrategiaconcursos.com.br\/blog\/#organization\"},\"image\":{\"@id\":\"https:\/\/www.estrategiaconcursos.com.br\/blog\/concurso-seme-rio-branco\/#primaryimage\"},\"thumbnailUrl\":\"https:\/\/dhg1h5j42swfq.cloudfront.net\/2019\/08\/27131222\/SEME-RIO-BRANCO.jpg\",\"articleSection\":[\"Concursos P\u00fablicos\"],\"inLanguage\":\"pt-BR\",\"potentialAction\":[{\"@type\":\"CommentAction\",\"name\":\"Comment\",\"target\":[\"https:\/\/www.estrategiaconcursos.com.br\/blog\/concurso-seme-rio-branco\/#respond\"]}],\"copyrightYear\":\"2019\",\"copyrightHolder\":{\"@id\":\"https:\/\/www.estrategiaconcursos.com.br\/blog\/#organization\"}},{\"@type\":\"WebPage\",\"@id\":\"https:\/\/www.estrategiaconcursos.com.br\/blog\/concurso-seme-rio-branco\/\",\"url\":\"https:\/\/www.estrategiaconcursos.com.br\/blog\/concurso-seme-rio-branco\/\",\"name\":\"Concurso SEME Rio Branco: REMARCADA data das Provas Objetivas\",\"isPartOf\":{\"@id\":\"https:\/\/www.estrategiaconcursos.com.br\/blog\/#website\"},\"primaryImageOfPage\":{\"@id\":\"https:\/\/www.estrategiaconcursos.com.br\/blog\/concurso-seme-rio-branco\/#primaryimage\"},\"image\":{\"@id\":\"https:\/\/www.estrategiaconcursos.com.br\/blog\/concurso-seme-rio-branco\/#primaryimage\"},\"thumbnailUrl\":\"https:\/\/dhg1h5j42swfq.cloudfront.net\/2019\/08\/27131222\/SEME-RIO-BRANCO.jpg\",\"datePublished\":\"2019-12-02T04:00:45+00:00\",\"dateModified\":\"2019-12-02T19:34:07+00:00\",\"description\":\"Concurso SEME Rio Branco AC: as inscri\u00e7\u00f5es para o concurso p\u00fablico do \u00f3rg\u00e3o est\u00e3o encerradas. Prova dia 17 de novembro. Saiba mais.\",\"breadcrumb\":{\"@id\":\"https:\/\/www.estrategiaconcursos.com.br\/blog\/concurso-seme-rio-branco\/#breadcrumb\"},\"inLanguage\":\"pt-BR\",\"potentialAction\":[{\"@type\":\"ReadAction\",\"target\":[\"https:\/\/www.estrategiaconcursos.com.br\/blog\/concurso-seme-rio-branco\/\"]}]},{\"@type\":\"ImageObject\",\"inLanguage\":\"pt-BR\",\"@id\":\"https:\/\/www.estrategiaconcursos.com.br\/blog\/concurso-seme-rio-branco\/#primaryimage\",\"url\":\"https:\/\/dhg1h5j42swfq.cloudfront.net\/2019\/08\/27131222\/SEME-RIO-BRANCO.jpg\",\"contentUrl\":\"https:\/\/dhg1h5j42swfq.cloudfront.net\/2019\/08\/27131222\/SEME-RIO-BRANCO.jpg\",\"width\":1200,\"height\":628,\"caption\":\"concurso seme rio branco\"},{\"@type\":\"BreadcrumbList\",\"@id\":\"https:\/\/www.estrategiaconcursos.com.br\/blog\/concurso-seme-rio-branco\/#breadcrumb\",\"itemListElement\":[{\"@type\":\"ListItem\",\"position\":1,\"name\":\"In\u00edcio\",\"item\":\"https:\/\/www.estrategiaconcursos.com.br\/blog\/\"},{\"@type\":\"ListItem\",\"position\":2,\"name\":\"Concurso SEME Rio Branco: REMARCADA data das Provas Objetivas\"}]},{\"@type\":\"WebSite\",\"@id\":\"https:\/\/www.estrategiaconcursos.com.br\/blog\/#website\",\"url\":\"https:\/\/www.estrategiaconcursos.com.br\/blog\/\",\"name\":\"Estrat\u00e9gia Concursos\",\"description\":\"O blog da Estrat\u00e9gia Concursos traz not\u00edcias sobre concursos e artigos de professores oferecendo cursos para concursos (pdf + videaulas) no site.\",\"publisher\":{\"@id\":\"https:\/\/www.estrategiaconcursos.com.br\/blog\/#organization\"},\"potentialAction\":[{\"@type\":\"SearchAction\",\"target\":{\"@type\":\"EntryPoint\",\"urlTemplate\":\"https:\/\/www.estrategiaconcursos.com.br\/blog\/?s={search_term_string}\"},\"query-input\":{\"@type\":\"PropertyValueSpecification\",\"valueRequired\":true,\"valueName\":\"search_term_string\"}}],\"inLanguage\":\"pt-BR\"},{\"@type\":\"Organization\",\"@id\":\"https:\/\/www.estrategiaconcursos.com.br\/blog\/#organization\",\"name\":\"Estrat\u00e9gia Concursos\",\"url\":\"https:\/\/www.estrategiaconcursos.com.br\/blog\/\",\"logo\":{\"@type\":\"ImageObject\",\"inLanguage\":\"pt-BR\",\"@id\":\"https:\/\/www.estrategiaconcursos.com.br\/blog\/#\/schema\/logo\/image\/\",\"url\":\"https:\/\/dhg1h5j42swfq.cloudfront.net\/2025\/06\/03203428\/logo_concursos-1.jpg\",\"contentUrl\":\"https:\/\/dhg1h5j42swfq.cloudfront.net\/2025\/06\/03203428\/logo_concursos-1.jpg\",\"width\":230,\"height\":60,\"caption\":\"Estrat\u00e9gia Concursos\"},\"image\":{\"@id\":\"https:\/\/www.estrategiaconcursos.com.br\/blog\/#\/schema\/logo\/image\/\"},\"sameAs\":[\"https:\/\/x.com\/EstratConcursos\"]},{\"@type\":\"Person\",\"@id\":\"https:\/\/www.estrategiaconcursos.com.br\/blog\/#\/schema\/person\/7fbf898fd336f5ce58a961518beff68c\",\"name\":\"Diego Cerqueira Berbert Vasconcelos\",\"image\":{\"@type\":\"ImageObject\",\"inLanguage\":\"pt-BR\",\"@id\":\"https:\/\/secure.gravatar.com\/avatar\/ed2d045a7390980cad1a92d24dcc39d10ef55b88fcb9fb9c047979bf4ddeb1ce?s=96&d=mm&r=g\",\"url\":\"https:\/\/secure.gravatar.com\/avatar\/ed2d045a7390980cad1a92d24dcc39d10ef55b88fcb9fb9c047979bf4ddeb1ce?s=96&d=mm&r=g\",\"contentUrl\":\"https:\/\/secure.gravatar.com\/avatar\/ed2d045a7390980cad1a92d24dcc39d10ef55b88fcb9fb9c047979bf4ddeb1ce?s=96&d=mm&r=g\",\"caption\":\"Diego Cerqueira Berbert Vasconcelos\"},\"url\":\"https:\/\/www.estrategiaconcursos.com.br\/blog\/author\/diegocerqueiraestrategiaconcursos-com-br\/\"}]}<\/script>\n<!-- \/ Yoast SEO Premium plugin. -->","yoast_head_json":{"title":"Concurso SEME Rio Branco: REMARCADA data das Provas Objetivas","description":"Concurso SEME Rio Branco AC: as inscri\u00e7\u00f5es para o concurso p\u00fablico do \u00f3rg\u00e3o est\u00e3o encerradas. Prova dia 17 de novembro. Saiba mais.","robots":{"index":"index","follow":"follow","max-snippet":"max-snippet:-1","max-image-preview":"max-image-preview:large","max-video-preview":"max-video-preview:-1"},"canonical":"https:\/\/www.estrategiaconcursos.com.br\/blog\/concurso-seme-rio-branco\/","og_locale":"pt_BR","og_type":"article","og_title":"Concurso SEME Rio Branco: REMARCADA data das Provas Objetivas","og_description":"Concurso SEME Rio Branco AC: as inscri\u00e7\u00f5es para o concurso p\u00fablico do \u00f3rg\u00e3o est\u00e3o encerradas. Prova dia 17 de novembro. Saiba mais.","og_url":"https:\/\/www.estrategiaconcursos.com.br\/blog\/concurso-seme-rio-branco\/","og_site_name":"Estrat\u00e9gia Concursos","article_published_time":"2019-12-02T04:00:45+00:00","article_modified_time":"2019-12-02T19:34:07+00:00","og_image":[{"width":1200,"height":628,"url":"https:\/\/dhg1h5j42swfq.cloudfront.net\/2019\/08\/27131222\/SEME-RIO-BRANCO.jpg","type":"image\/jpeg"}],"author":"Diego Cerqueira Berbert Vasconcelos","twitter_card":"summary_large_image","twitter_creator":"@EstratConcursos","twitter_site":"@EstratConcursos","twitter_misc":{"Escrito por":"Diego Cerqueira Berbert Vasconcelos","Est. tempo de leitura":"7 minutos"},"schema":{"@context":"https:\/\/schema.org","@graph":[{"@type":"NewsArticle","@id":"https:\/\/www.estrategiaconcursos.com.br\/blog\/concurso-seme-rio-branco\/#article","isPartOf":{"@id":"https:\/\/www.estrategiaconcursos.com.br\/blog\/concurso-seme-rio-branco\/"},"author":{"name":"Diego Cerqueira Berbert Vasconcelos","@id":"https:\/\/www.estrategiaconcursos.com.br\/blog\/#\/schema\/person\/7fbf898fd336f5ce58a961518beff68c"},"headline":"Concurso SEME Rio Branco: REMARCADA data das Provas Objetivas","datePublished":"2019-12-02T04:00:45+00:00","dateModified":"2019-12-02T19:34:07+00:00","mainEntityOfPage":{"@id":"https:\/\/www.estrategiaconcursos.com.br\/blog\/concurso-seme-rio-branco\/"},"wordCount":1360,"commentCount":0,"publisher":{"@id":"https:\/\/www.estrategiaconcursos.com.br\/blog\/#organization"},"image":{"@id":"https:\/\/www.estrategiaconcursos.com.br\/blog\/concurso-seme-rio-branco\/#primaryimage"},"thumbnailUrl":"https:\/\/dhg1h5j42swfq.cloudfront.net\/2019\/08\/27131222\/SEME-RIO-BRANCO.jpg","articleSection":["Concursos P\u00fablicos"],"inLanguage":"pt-BR","potentialAction":[{"@type":"CommentAction","name":"Comment","target":["https:\/\/www.estrategiaconcursos.com.br\/blog\/concurso-seme-rio-branco\/#respond"]}],"copyrightYear":"2019","copyrightHolder":{"@id":"https:\/\/www.estrategiaconcursos.com.br\/blog\/#organization"}},{"@type":"WebPage","@id":"https:\/\/www.estrategiaconcursos.com.br\/blog\/concurso-seme-rio-branco\/","url":"https:\/\/www.estrategiaconcursos.com.br\/blog\/concurso-seme-rio-branco\/","name":"Concurso SEME Rio Branco: REMARCADA data das Provas Objetivas","isPartOf":{"@id":"https:\/\/www.estrategiaconcursos.com.br\/blog\/#website"},"primaryImageOfPage":{"@id":"https:\/\/www.estrategiaconcursos.com.br\/blog\/concurso-seme-rio-branco\/#primaryimage"},"image":{"@id":"https:\/\/www.estrategiaconcursos.com.br\/blog\/concurso-seme-rio-branco\/#primaryimage"},"thumbnailUrl":"https:\/\/dhg1h5j42swfq.cloudfront.net\/2019\/08\/27131222\/SEME-RIO-BRANCO.jpg","datePublished":"2019-12-02T04:00:45+00:00","dateModified":"2019-12-02T19:34:07+00:00","description":"Concurso SEME Rio Branco AC: as inscri\u00e7\u00f5es para o concurso p\u00fablico do \u00f3rg\u00e3o est\u00e3o encerradas. Prova dia 17 de novembro. Saiba mais.","breadcrumb":{"@id":"https:\/\/www.estrategiaconcursos.com.br\/blog\/concurso-seme-rio-branco\/#breadcrumb"},"inLanguage":"pt-BR","potentialAction":[{"@type":"ReadAction","target":["https:\/\/www.estrategiaconcursos.com.br\/blog\/concurso-seme-rio-branco\/"]}]},{"@type":"ImageObject","inLanguage":"pt-BR","@id":"https:\/\/www.estrategiaconcursos.com.br\/blog\/concurso-seme-rio-branco\/#primaryimage","url":"https:\/\/dhg1h5j42swfq.cloudfront.net\/2019\/08\/27131222\/SEME-RIO-BRANCO.jpg","contentUrl":"https:\/\/dhg1h5j42swfq.cloudfront.net\/2019\/08\/27131222\/SEME-RIO-BRANCO.jpg","width":1200,"height":628,"caption":"concurso seme rio branco"},{"@type":"BreadcrumbList","@id":"https:\/\/www.estrategiaconcursos.com.br\/blog\/concurso-seme-rio-branco\/#breadcrumb","itemListElement":[{"@type":"ListItem","position":1,"name":"In\u00edcio","item":"https:\/\/www.estrategiaconcursos.com.br\/blog\/"},{"@type":"ListItem","position":2,"name":"Concurso SEME Rio Branco: REMARCADA data das Provas Objetivas"}]},{"@type":"WebSite","@id":"https:\/\/www.estrategiaconcursos.com.br\/blog\/#website","url":"https:\/\/www.estrategiaconcursos.com.br\/blog\/","name":"Estrat\u00e9gia Concursos","description":"O blog da Estrat\u00e9gia Concursos traz not\u00edcias sobre concursos e artigos de professores oferecendo cursos para concursos (pdf + videaulas) no site.","publisher":{"@id":"https:\/\/www.estrategiaconcursos.com.br\/blog\/#organization"},"potentialAction":[{"@type":"SearchAction","target":{"@type":"EntryPoint","urlTemplate":"https:\/\/www.estrategiaconcursos.com.br\/blog\/?s={search_term_string}"},"query-input":{"@type":"PropertyValueSpecification","valueRequired":true,"valueName":"search_term_string"}}],"inLanguage":"pt-BR"},{"@type":"Organization","@id":"https:\/\/www.estrategiaconcursos.com.br\/blog\/#organization","name":"Estrat\u00e9gia Concursos","url":"https:\/\/www.estrategiaconcursos.com.br\/blog\/","logo":{"@type":"ImageObject","inLanguage":"pt-BR","@id":"https:\/\/www.estrategiaconcursos.com.br\/blog\/#\/schema\/logo\/image\/","url":"https:\/\/dhg1h5j42swfq.cloudfront.net\/2025\/06\/03203428\/logo_concursos-1.jpg","contentUrl":"https:\/\/dhg1h5j42swfq.cloudfront.net\/2025\/06\/03203428\/logo_concursos-1.jpg","width":230,"height":60,"caption":"Estrat\u00e9gia Concursos"},"image":{"@id":"https:\/\/www.estrategiaconcursos.com.br\/blog\/#\/schema\/logo\/image\/"},"sameAs":["https:\/\/x.com\/EstratConcursos"]},{"@type":"Person","@id":"https:\/\/www.estrategiaconcursos.com.br\/blog\/#\/schema\/person\/7fbf898fd336f5ce58a961518beff68c","name":"Diego Cerqueira Berbert Vasconcelos","image":{"@type":"ImageObject","inLanguage":"pt-BR","@id":"https:\/\/secure.gravatar.com\/avatar\/ed2d045a7390980cad1a92d24dcc39d10ef55b88fcb9fb9c047979bf4ddeb1ce?s=96&d=mm&r=g","url":"https:\/\/secure.gravatar.com\/avatar\/ed2d045a7390980cad1a92d24dcc39d10ef55b88fcb9fb9c047979bf4ddeb1ce?s=96&d=mm&r=g","contentUrl":"https:\/\/secure.gravatar.com\/avatar\/ed2d045a7390980cad1a92d24dcc39d10ef55b88fcb9fb9c047979bf4ddeb1ce?s=96&d=mm&r=g","caption":"Diego Cerqueira Berbert Vasconcelos"},"url":"https:\/\/www.estrategiaconcursos.com.br\/blog\/author\/diegocerqueiraestrategiaconcursos-com-br\/"}]}},"_links":{"self":[{"href":"https:\/\/www.estrategiaconcursos.com.br\/blog\/wp-json\/wp\/v2\/posts\/410759","targetHints":{"allow":["GET"]}}],"collection":[{"href":"https:\/\/www.estrategiaconcursos.com.br\/blog\/wp-json\/wp\/v2\/posts"}],"about":[{"href":"https:\/\/www.estrategiaconcursos.com.br\/blog\/wp-json\/wp\/v2\/types\/post"}],"author":[{"embeddable":true,"href":"https:\/\/www.estrategiaconcursos.com.br\/blog\/wp-json\/wp\/v2\/users\/260"}],"replies":[{"embeddable":true,"href":"https:\/\/www.estrategiaconcursos.com.br\/blog\/wp-json\/wp\/v2\/comments?post=410759"}],"version-history":[{"count":29,"href":"https:\/\/www.estrategiaconcursos.com.br\/blog\/wp-json\/wp\/v2\/posts\/410759\/revisions"}],"predecessor-version":[{"id":454298,"href":"https:\/\/www.estrategiaconcursos.com.br\/blog\/wp-json\/wp\/v2\/posts\/410759\/revisions\/454298"}],"wp:featuredmedia":[{"embeddable":true,"href":"https:\/\/www.estrategiaconcursos.com.br\/blog\/wp-json\/wp\/v2\/media\/413510"}],"wp:attachment":[{"href":"https:\/\/www.estrategiaconcursos.com.br\/blog\/wp-json\/wp\/v2\/media?parent=410759"}],"wp:term":[{"taxonomy":"category","embeddable":true,"href":"https:\/\/www.estrategiaconcursos.com.br\/blog\/wp-json\/wp\/v2\/categories?post=410759"},{"taxonomy":"post_tag","embeddable":true,"href":"https:\/\/www.estrategiaconcursos.com.br\/blog\/wp-json\/wp\/v2\/tags?post=410759"},{"taxonomy":"tax_estado","embeddable":true,"href":"https:\/\/www.estrategiaconcursos.com.br\/blog\/wp-json\/wp\/v2\/tax_estado?post=410759"}],"curies":[{"name":"wp","href":"https:\/\/api.w.org\/{rel}","templated":true}]}}