{"id":410402,"date":"2019-08-16T23:13:41","date_gmt":"2019-08-17T02:13:41","guid":{"rendered":"https:\/\/www.estrategiaconcursos.com.br\/blog\/?p=410402"},"modified":"2019-11-08T16:33:04","modified_gmt":"2019-11-08T19:33:04","slug":"tema-quente-para-pgm-rj-2019-responsabilidade-civil-do-estado-stf-repercussao-geral","status":"publish","type":"post","link":"https:\/\/www.estrategiaconcursos.com.br\/blog\/tema-quente-para-pgm-rj-2019-responsabilidade-civil-do-estado-stf-repercussao-geral\/","title":{"rendered":"Tema quente para PGM-RJ 2019 &#8211; Responsabilidade Civil do Estado &#8211; STF &#8211; Repercuss\u00e3o Geral"},"content":{"rendered":"\n<p>Ol\u00e1,\npessoal!<\/p>\n\n\n\n<p>Meu\nnome \u00e9 Rodrigo Vaslin, sou Juiz Federal do TRF4 e Professor de Processo Civil\ndo Estrat\u00e9gia Concursos.<\/p>\n\n\n\n<p>Neste\nartigo, iremos comentar um tema quente para a prova de Procurador do Munic\u00edpio\ndo Rio de Janeiro, qual seja, composi\u00e7\u00e3o do polo passivo em demandas contra\no ente p\u00fablico, bem como possibilidade do referido ente denunciar \u00e0 lide\no agente p\u00fablico.<\/p>\n\n\n\n<p>Pois\nbem.<\/p>\n\n\n\n<p>A\ndoutrina administrativista destaca que a responsabilidade do Estado, com fulcro\nno art. 37, \u00a76\u00ba, CRFB, \u00e9 fundada na teoria do risco administrativo.<\/p>\n\n\n\n<p>Por\nconta dessa teoria, o Estado poder\u00e1 eximir-se do dever de indenizar caso prove\nalguma causa excludente de responsabilidade:<\/p>\n\n\n\n<p>a)\ncaso fortuito ou for\u00e7a maior;<\/p>\n\n\n\n<p>b)\nculpa exclusiva da v\u00edtima;<\/p>\n\n\n\n<p>c)\nculpa exclusiva de terceiro.<\/p>\n\n\n\n<p>Ademais,\na doutrina ainda faz a seguinte diferencia\u00e7\u00e3o:<\/p>\n\n\n\n<table class=\"wp-block-table\"><tbody><tr><td>\n  <strong>Atos\n  comissivos<\/strong>\n  <\/td><td>\n  <strong>Atos\n  omissivos<\/strong>\n  <\/td><\/tr><tr><td>\n  O dispositivo exige dolo ou culpa\n  para que o agente p\u00fablico responda regressivamente, mas n\u00e3o faz\n  esta mesma exig\u00eancia para que o Estado tenha que indenizar. Logo,\n  interpreta-se que a exig\u00eancia de dolo ou culpa \u00e9 unicamente para a a\u00e7\u00e3o\n  regressiva.\n  Haver\u00e1, portanto, responsabilidade<strong> objetiva<\/strong> do Estado\n  pelos danos que seus agentes p\u00fablicos causarem a terceiros.\n  <\/td><td>\n  Omiss\u00e3o <strong>espec\u00edfica<\/strong>\n  Estado est\u00e1 na condi\u00e7\u00e3o de garante.\n  H\u00e1 responsabilidade <strong>objetiva<\/strong> do Estado, pois ele\n  tem o dever espec\u00edfico de agir.\n  Ex: morte de um detendo em\n  rebeli\u00e3o no pres\u00eddio. O Estado tem o dever espec\u00edfico de proteger a\n  integridade f\u00edsica dos presos que est\u00e3o sob sua cust\u00f3dia.\n  <\/td><td>\n  Omiss\u00e3o <strong>gen\u00e9rica<\/strong>\n  N\u00e3o se exige do Estado uma a\u00e7\u00e3o\n  espec\u00edfica, sendo que sua ina\u00e7\u00e3o n\u00e3o \u00e9 causa direta e imediata da ocorr\u00eancia\n  do dano.\n  H\u00e1 responsabilidade <strong>subjetiva<\/strong>, devendo a v\u00edtima\n  comprovar a falta de servi\u00e7o (<strong>culpa<\/strong>\n  an\u00f4nima) do Estado.\n  Ex: sujeito \u00e9 assaltado e quer do\n  Estado indeniza\u00e7\u00e3o, pois este n\u00e3o cumpriu com seu dever de garantir seguran\u00e7a\n  \u00e0 popula\u00e7\u00e3o. \n  Aqui, a omiss\u00e3o do Estado \u00e9\n  gen\u00e9rica, devendo o sujeito comprovar a culpa do Estado naquele caso concreto\n  que tenha sido causa direta e imediata do seu dano. Como exemplo, comprovar\n  que havia um policial ao lado e que ele n\u00e3o fez nada.\n  H\u00e1 necessidade de demonstrar a\n  falta do servi\u00e7o, a culpa an\u00f4nima do Estado.\n  <\/td><\/tr><\/tbody><\/table>\n\n\n\n<p>Nos\ncasos em que o Estado \u00e9 pode ser responsabilizado, h\u00e1 uma diverg\u00eancia\ndoutrin\u00e1ria sobre <strong>quem dever\u00e1 compor\no polo passivo<\/strong>.<\/p>\n\n\n\n<p><strong>1\u00aa corrente (Celso Ant\u00f4nio, Carvalho\nFilho, STJ<a href=\"#_ftn1\"><strong>[1]<\/strong><\/a>)<\/strong>:\nA v\u00edtima tem a possibilidade de escolher quem dever\u00e1 compor o polo passivo,\npodendo optar por demandar:<\/p>\n\n\n\n<p>i-\nsomente o Estado. Nesse caso, o autor n\u00e3o precisar\u00e1 comprovar dolo ou culpa, j\u00e1\nque a responsabilidade do Estado \u00e9 objetiva.<\/p>\n\n\n\n<p>Doutro\nlado, caso ganhe a contenda, receber\u00e1 apenas por meio de precat\u00f3rios, o que\npoder\u00e1 demorar significativamente. <\/p>\n\n\n\n<p>ii-\nsomente o agente p\u00fablico. Aqui, o autor ter\u00e1 que comprovar o dolo ou culpa, j\u00e1\nque a responsabilidade do agente \u00e9 subjetiva. Em acr\u00e9scimo, caso ganhe a\ncontenda, pode ser que n\u00e3o encontre bens a penhorar em nome do devedor servidor\np\u00fablico.<\/p>\n\n\n\n<p>Doutro\nlado, a execu\u00e7\u00e3o contra o indiv\u00edduo (servidor) \u00e9 mais simples e c\u00e9lere.<\/p>\n\n\n\n<p>iii-\nEstado e agente p\u00fablico, em litiscons\u00f3rcio passivo.<\/p>\n\n\n\n<p><strong>2\u00aa corrente (Jos\u00e9 Afonso da Silva, STF<a href=\"#_ftn2\"><strong>[2]<\/strong><\/a>):\n<\/strong>O\nart. 37, \u00a76\u00ba da CRFB consagrou a tese da dupla garantia, isto \u00e9:<\/p>\n\n\n\n<p>A\nprimeira garantia se dirige ao particular lesado, que poder\u00e1 ajuizar a demanda\ncontra o Estado, que tem recursos para pagar sem ter que provar que o agente\np\u00fablico agiu com dolo ou culpa.<\/p>\n\n\n\n<p>A\nsegunda garantia se destina ao pr\u00f3prio agente p\u00fablico que causou o dano, que s\u00f3\npode ser responsabilizado se for acionado pelo Estado, depois, em demanda regressiva.<\/p>\n\n\n\n<p>Ora,\no agente p\u00fablico atua com base na impessoalidade. E, pela teoria da imputa\u00e7\u00e3o,\no agente p\u00fablico atua em nome do Estado, e n\u00e3o em nome pr\u00f3prio, de modo que n\u00e3o\ndeve ser colocado no polo passivo nessa demanda.<\/p>\n\n\n\n<p>Pois\nbem.<\/p>\n\n\n\n<p>A\nreferida celeuma n\u00e3o tinha sido, at\u00e9 ent\u00e3o, pacificada por meio de um\nprecedente obrigat\u00f3rio, de modo que, em provas objetivas, n\u00e3o se via cobran\u00e7a do\ntema.<\/p>\n\n\n\n<p>O\nm\u00e1ximo que j\u00e1 foi cobrado foi o seguinte:<\/p>\n\n\n\n<p>CESPE\/PGE-AM\/2016:\nPedro, motorista da Secretaria de Sa\u00fade do Estado do Amazonas, conduzia um\nve\u00edculo do referido ente p\u00fablico, quando provocou acidente automobil\u00edstico que\nresultou na incapacidade f\u00edsica e mental de Fl\u00e1vio. Ap\u00f3s a interdi\u00e7\u00e3o de\nFl\u00e1vio, seu advogado pretende ajuizar a\u00e7\u00e3o de repara\u00e7\u00e3o de danos materiais e\nmorais.<\/p>\n\n\n\n<p>Com\nrefer\u00eancia a essa situa\u00e7\u00e3o hipot\u00e9tica, julgue o item que se segue.<\/p>\n\n\n\n<p>A a\u00e7\u00e3o de\nrepara\u00e7\u00e3o de dano exige a forma\u00e7\u00e3o de litiscons\u00f3rcio passivo necess\u00e1rio em que\ndever\u00e3o figurar como demandados o motorista Pedro e a Secretaria de Sa\u00fade do\nEstado do Amazonas.<\/p>\n\n\n\n<p>Percebam\nque, na quest\u00e3o, n\u00e3o foi exigida a ado\u00e7\u00e3o de nenhuma das duas correntes.<\/p>\n\n\n\n<p>Isso\nporque, mesmo que adot\u00e1ssemos a corrente do STJ, o litiscons\u00f3rcio passivo entre\nEstado e agente p\u00fablico n\u00e3o seria necess\u00e1rio, mas sim facultativo.<\/p>\n\n\n\n<p>Mas\namigos, essa quest\u00e3o foi em 2016.<\/p>\n\n\n\n<p>Se\nhoje fosse cobrada, em prova objetiva, uma posi\u00e7\u00e3o sobre essas duas correntes,\nquais voc\u00eas deveriam adotar?<\/p>\n\n\n\n<p>A\nsegunda corrente, sempre defendida pelo STF.<\/p>\n\n\n\n<p>Qual\no motivo?<\/p>\n\n\n\n<p>No dia <strong>14\/08\/2019<\/strong>, ao julgar o RE 1.027.633 em sede de repercuss\u00e3o geral, o STF fixou a seguinte tese:<\/p>\n\n\n\n<p>\u201cA\nteor do disposto no artigo 37 par\u00e1grafo 6\u00ba da Constitui\u00e7\u00e3o Federal, <strong>a a\u00e7\u00e3o por danos causados por agente\np\u00fablico deve ser ajuizada contra o Estado ou a pessoa jur\u00eddica prestadora do\nservi\u00e7o p\u00fablico<\/strong>, sendo parte ileg\u00edtima passiva o autor do ato, assegurado\no direito de regresso pelo Estado contra o respons\u00e1vel em caso de dolo ou culpa\u201d.<\/p>\n\n\n\n<p>Fiquem\nligados, j\u00e1 que o tema responsabilidade civil do Estado \u00e9 queridinho das bancas\nexaminadoras.<\/p>\n\n\n\n<p>Ainda\ndentro desse tema, voc\u00eas poderiam me perguntar: E se o Estado \u00e9 demandado e\nresolve denunciar \u00e0 lide o agente p\u00fablico? Pode?<\/p>\n\n\n\n<p><strong>1\u00aa corrente (restritiva &#8211; Nelson Nery, STF):<\/strong>&nbsp;n\u00e3o \u00e9\npermitida a denuncia\u00e7\u00e3o quando se introduz argumento novo na demanda. No caso\nem exame, o argumento novo seria a culpa ou o dolo do agente, uma vez que a\nresponsabilidade do Estado \u00e9 objetiva e do agente \u00e9 subjetiva.<\/p>\n\n\n\n<p>Embora\na denuncia\u00e7\u00e3o da lide n\u00e3o tenha sido discutida no julgamento do RE 1.027.633, \u00e9\na tese que deve prevalecer. <\/p>\n\n\n\n<p><strong>2\u00aa corrente (ampliativa &#8211; Dinamarco):<\/strong>&nbsp; n\u00e3o\nh\u00e1&nbsp;limita\u00e7\u00e3o legal, uma vez que a reda\u00e7\u00e3o do art. 125, II \u00e9 aberta para\nque se inclua qualquer tipo de garantia. Ademais, para fins de harmoniza\u00e7\u00e3o\nentre julgados, tamb\u00e9m seria interessante essa possibilidade.<\/p>\n\n\n\n<p>Alguns\njulgados do STJ s\u00e3o nesse sentido. Eles chegam a dizer que a\ndenuncia\u00e7\u00e3o da lide n\u00e3o \u00e9 obrigat\u00f3ria (podendo depois entrar com a\u00e7\u00e3o de\nregresso), <strong>mas \u00e9 poss\u00edvel<\/strong>.<\/p>\n\n\n\n<p><em>A&nbsp; jurisprud\u00eancia&nbsp; desta&nbsp;\nCorte&nbsp; firmou entendimento de que,\n<strong>nas a\u00e7\u00f5es&nbsp; indenizat\u00f3rias decorrentes da responsabilidade civil objetiva do&nbsp;\nEstado,&nbsp; n\u00e3o&nbsp; \u00e9&nbsp;\nobrigat\u00f3ria&nbsp; a denuncia\u00e7\u00e3o \u00e0 lide<\/strong>.\nPrecedentes: AgInt&nbsp; no&nbsp; AREsp. 1.071.054\/PI, Rel. Min. NAPOLE\u00c3O NUNES\nMAIA FILHO, DJe&nbsp; 31.8.2017;&nbsp; REsp.&nbsp;\n1.666.024\/BA, Rel. Min. HERMAN BENJAMIN, DJe 30.6.2017. 2.&nbsp; Agravo&nbsp;\nInterno&nbsp; do&nbsp; DEPARTAMENTO&nbsp; NACIONAL DE INFRAESTRUTURA DE\nTRANSPORTES-DNIT desprovido. (AgInt no REsp 1514462\/SP, Rel. Min. Napole\u00e3o\nNunes Maia, d.j. 28\/11\/2017).<\/em><\/p>\n\n\n\n<p>Contudo,\nem outros julgados, o STJ<a href=\"#_ftn3\">[3]<\/a>\nmant\u00e9m decis\u00f5es de Tribunais de segundo grau que indeferem a denuncia\u00e7\u00e3o da\nlide em observ\u00e2ncia ao princ\u00edpio da economia processual e\nobjetivando a celeridade da tutela jurisdicional, uma vez que a parte\nautora ingressou com a a\u00e7\u00e3o de indeniza\u00e7\u00e3o por ato il\u00edcito, com fundamento na\nresponsabilidade objetiva do Estado, enquanto que a responsabilidade do agente\n\u00e9 subjetiva.<\/p>\n\n\n\n<p>Portanto,\nn\u00e3o h\u00e1 um posicionamento t\u00e3o pac\u00edfico do STJ neste momento.<\/p>\n\n\n\n<p><strong>3\u00aa\ncorrente (intermedi\u00e1ria &#8211; Didier): <\/strong>a quest\u00e3o deve ser\nresolvida casuisticamente, pois n\u00e3o h\u00e1 veda\u00e7\u00e3o legal. O&nbsp;juiz deve\navaliar com base na proporcionalidade, verificando se a inclus\u00e3o do\nargumento novo ferir\u00e1 ou n\u00e3o a razo\u00e1vel dura\u00e7\u00e3o do processo.&nbsp;<\/p>\n\n\n\n<p>Vejam\nque a pertin\u00eancia ou n\u00e3o da denuncia\u00e7\u00e3o \u00e0 lide do servidor p\u00fablico caiu,\ninclusive, no \u00faltimo certame da PGM-RJ, em 2011.<\/p>\n\n\n\n<p><em>\u201cExponha o candidato os argumentos\nfavor\u00e1veis e contr\u00e1rios \u00e0 denuncia\u00e7\u00e3o da lide do servidor p\u00fablico est\u00e1vel, pelo\nMunic\u00edpio, na a\u00e7\u00e3o de indeniza\u00e7\u00e3o contra este proposta pela v\u00edtima do ato\nil\u00edcito praticado pelo primeiro\u201d<\/em>.<\/p>\n\n\n\n<p>A\nmeu ver, n\u00e3o h\u00e1 d\u00favida alguma que, em algum momento, essa tem\u00e1tica ser\u00e1 cobrada\nno concurso que est\u00e1 por vir.<\/p>\n\n\n\n<p>Todos\npreparados?<\/p>\n\n\n\n<p>No\nmais, sigo \u00e0 disposi\u00e7\u00e3o pelo instagram @rodrigovaslin e pelo e-mail <a href=\"mailto:rodrigovaslin@gmail.com\">rodrigovaslin@gmail.com<\/a>.<\/p>\n\n\n\n<p>Grande\nabra\u00e7o, meus amigos.<\/p>\n\n\n\n<p>Rodrigo\nVaslin<br \/><\/p>\n\n\n\n<hr class=\"wp-block-separator\" \/>\n\n\n\n<p><a href=\"#_ftnref1\">[1]<\/a> 4\u00aa Turma\ndo STJ no REsp 1.325.862-PR, Rel. Min. Luis Felipe Salom\u00e3o, julgado em 5\/9\/2013.<\/p>\n\n\n\n<p><a href=\"#_ftnref2\">[2]<\/a> 1\u00aa Turma do STF no RE 327904, Rel. Min. Carlos\nBritto, julgado em 15\/08\/2006; RE 344133, Rel. Min. Marco Aur\u00e9lio, julgado em\n09\/09\/2008; RE 720275\/SC, Rel. Min. Dias Toffoli, julgado em 10\/12\/2012<\/p>\n\n\n\n<p><a href=\"#_ftnref3\">[3]<\/a>\nREsp 1348788\/RS, Rel. Min. Diva Malerbi, d.j. 17\/05\/2016.<\/p>\n","protected":false},"excerpt":{"rendered":"<p>Ol\u00e1, pessoal! Meu nome \u00e9 Rodrigo Vaslin, sou Juiz Federal do TRF4 e Professor de Processo Civil do Estrat\u00e9gia Concursos. Neste artigo, iremos comentar um tema quente para a prova de Procurador do Munic\u00edpio do Rio de Janeiro, qual seja, composi\u00e7\u00e3o do polo passivo em demandas contra o ente p\u00fablico, bem como possibilidade do referido [&hellip;]<\/p>\n","protected":false},"author":541,"featured_media":0,"comment_status":"open","ping_status":"closed","sticky":false,"template":"","format":"standard","meta":{"post_tipo":"article","footnotes":""},"categories":[1,2185],"tags":[],"tax_estado":[],"class_list":["post-410402","post","type-post","status-publish","format-standard","hentry","category-cursos-e-concursos","category-carreiras-juridicas"],"acf":[],"yoast_head":"<!-- This site is optimized with the Yoast SEO Premium plugin v27.2 (Yoast SEO v27.2) - https:\/\/yoast.com\/product\/yoast-seo-premium-wordpress\/ -->\n<title>Tema quente para PGM-RJ 2019 - Responsabilidade Civil do Estado - STF - Repercuss\u00e3o Geral<\/title>\n<meta name=\"robots\" content=\"index, follow, max-snippet:-1, max-image-preview:large, max-video-preview:-1\" \/>\n<link rel=\"canonical\" href=\"https:\/\/www.estrategiaconcursos.com.br\/blog\/tema-quente-para-pgm-rj-2019-responsabilidade-civil-do-estado-stf-repercussao-geral\/\" \/>\n<meta property=\"og:locale\" content=\"pt_BR\" \/>\n<meta property=\"og:type\" content=\"article\" \/>\n<meta property=\"og:title\" content=\"Tema quente para PGM-RJ 2019 - Responsabilidade Civil do Estado - STF - Repercuss\u00e3o Geral\" \/>\n<meta property=\"og:description\" content=\"Ol\u00e1, pessoal! Meu nome \u00e9 Rodrigo Vaslin, sou Juiz Federal do TRF4 e Professor de Processo Civil do Estrat\u00e9gia Concursos. Neste artigo, iremos comentar um tema quente para a prova de Procurador do Munic\u00edpio do Rio de Janeiro, qual seja, composi\u00e7\u00e3o do polo passivo em demandas contra o ente p\u00fablico, bem como possibilidade do referido [&hellip;]\" \/>\n<meta property=\"og:url\" content=\"https:\/\/www.estrategiaconcursos.com.br\/blog\/tema-quente-para-pgm-rj-2019-responsabilidade-civil-do-estado-stf-repercussao-geral\/\" \/>\n<meta property=\"og:site_name\" content=\"Estrat\u00e9gia Concursos\" \/>\n<meta property=\"article:published_time\" content=\"2019-08-17T02:13:41+00:00\" \/>\n<meta property=\"article:modified_time\" content=\"2019-11-08T19:33:04+00:00\" \/>\n<meta name=\"author\" content=\"Rodrigo Vaslin\" \/>\n<meta name=\"twitter:card\" content=\"summary_large_image\" \/>\n<meta name=\"twitter:creator\" content=\"@EstratConcursos\" \/>\n<meta name=\"twitter:site\" content=\"@EstratConcursos\" \/>\n<meta name=\"twitter:label1\" content=\"Escrito por\" \/>\n\t<meta name=\"twitter:data1\" content=\"Rodrigo Vaslin\" \/>\n\t<meta name=\"twitter:label2\" content=\"Est. tempo de leitura\" \/>\n\t<meta name=\"twitter:data2\" content=\"8 minutos\" \/>\n<script type=\"application\/ld+json\" class=\"yoast-schema-graph\">{\"@context\":\"https:\/\/schema.org\",\"@graph\":[{\"@type\":\"NewsArticle\",\"@id\":\"https:\/\/www.estrategiaconcursos.com.br\/blog\/tema-quente-para-pgm-rj-2019-responsabilidade-civil-do-estado-stf-repercussao-geral\/#article\",\"isPartOf\":{\"@id\":\"https:\/\/www.estrategiaconcursos.com.br\/blog\/tema-quente-para-pgm-rj-2019-responsabilidade-civil-do-estado-stf-repercussao-geral\/\"},\"author\":{\"name\":\"Rodrigo Vaslin\",\"@id\":\"https:\/\/www.estrategiaconcursos.com.br\/blog\/#\/schema\/person\/24b24eaf8afb633c0a2feb899d337975\"},\"headline\":\"Tema quente para PGM-RJ 2019 &#8211; Responsabilidade Civil do Estado &#8211; STF &#8211; Repercuss\u00e3o Geral\",\"datePublished\":\"2019-08-17T02:13:41+00:00\",\"dateModified\":\"2019-11-08T19:33:04+00:00\",\"mainEntityOfPage\":{\"@id\":\"https:\/\/www.estrategiaconcursos.com.br\/blog\/tema-quente-para-pgm-rj-2019-responsabilidade-civil-do-estado-stf-repercussao-geral\/\"},\"wordCount\":1574,\"commentCount\":3,\"publisher\":{\"@id\":\"https:\/\/www.estrategiaconcursos.com.br\/blog\/#organization\"},\"articleSection\":[\"Concursos P\u00fablicos\",\"Jur\u00eddico\"],\"inLanguage\":\"pt-BR\",\"potentialAction\":[{\"@type\":\"CommentAction\",\"name\":\"Comment\",\"target\":[\"https:\/\/www.estrategiaconcursos.com.br\/blog\/tema-quente-para-pgm-rj-2019-responsabilidade-civil-do-estado-stf-repercussao-geral\/#respond\"]}],\"copyrightYear\":\"2019\",\"copyrightHolder\":{\"@id\":\"https:\/\/www.estrategiaconcursos.com.br\/blog\/#organization\"}},{\"@type\":\"WebPage\",\"@id\":\"https:\/\/www.estrategiaconcursos.com.br\/blog\/tema-quente-para-pgm-rj-2019-responsabilidade-civil-do-estado-stf-repercussao-geral\/\",\"url\":\"https:\/\/www.estrategiaconcursos.com.br\/blog\/tema-quente-para-pgm-rj-2019-responsabilidade-civil-do-estado-stf-repercussao-geral\/\",\"name\":\"Tema quente para PGM-RJ 2019 - Responsabilidade Civil do Estado - STF - Repercuss\u00e3o Geral\",\"isPartOf\":{\"@id\":\"https:\/\/www.estrategiaconcursos.com.br\/blog\/#website\"},\"datePublished\":\"2019-08-17T02:13:41+00:00\",\"dateModified\":\"2019-11-08T19:33:04+00:00\",\"breadcrumb\":{\"@id\":\"https:\/\/www.estrategiaconcursos.com.br\/blog\/tema-quente-para-pgm-rj-2019-responsabilidade-civil-do-estado-stf-repercussao-geral\/#breadcrumb\"},\"inLanguage\":\"pt-BR\",\"potentialAction\":[{\"@type\":\"ReadAction\",\"target\":[\"https:\/\/www.estrategiaconcursos.com.br\/blog\/tema-quente-para-pgm-rj-2019-responsabilidade-civil-do-estado-stf-repercussao-geral\/\"]}]},{\"@type\":\"BreadcrumbList\",\"@id\":\"https:\/\/www.estrategiaconcursos.com.br\/blog\/tema-quente-para-pgm-rj-2019-responsabilidade-civil-do-estado-stf-repercussao-geral\/#breadcrumb\",\"itemListElement\":[{\"@type\":\"ListItem\",\"position\":1,\"name\":\"In\u00edcio\",\"item\":\"https:\/\/www.estrategiaconcursos.com.br\/blog\/\"},{\"@type\":\"ListItem\",\"position\":2,\"name\":\"Tema quente para PGM-RJ 2019 &#8211; Responsabilidade Civil do Estado &#8211; STF &#8211; Repercuss\u00e3o Geral\"}]},{\"@type\":\"WebSite\",\"@id\":\"https:\/\/www.estrategiaconcursos.com.br\/blog\/#website\",\"url\":\"https:\/\/www.estrategiaconcursos.com.br\/blog\/\",\"name\":\"Estrat\u00e9gia Concursos\",\"description\":\"O blog da Estrat\u00e9gia Concursos traz not\u00edcias sobre concursos e artigos de professores oferecendo cursos para concursos (pdf + videaulas) no site.\",\"publisher\":{\"@id\":\"https:\/\/www.estrategiaconcursos.com.br\/blog\/#organization\"},\"potentialAction\":[{\"@type\":\"SearchAction\",\"target\":{\"@type\":\"EntryPoint\",\"urlTemplate\":\"https:\/\/www.estrategiaconcursos.com.br\/blog\/?s={search_term_string}\"},\"query-input\":{\"@type\":\"PropertyValueSpecification\",\"valueRequired\":true,\"valueName\":\"search_term_string\"}}],\"inLanguage\":\"pt-BR\"},{\"@type\":\"Organization\",\"@id\":\"https:\/\/www.estrategiaconcursos.com.br\/blog\/#organization\",\"name\":\"Estrat\u00e9gia Concursos\",\"url\":\"https:\/\/www.estrategiaconcursos.com.br\/blog\/\",\"logo\":{\"@type\":\"ImageObject\",\"inLanguage\":\"pt-BR\",\"@id\":\"https:\/\/www.estrategiaconcursos.com.br\/blog\/#\/schema\/logo\/image\/\",\"url\":\"https:\/\/dhg1h5j42swfq.cloudfront.net\/2025\/06\/03203428\/logo_concursos-1.jpg\",\"contentUrl\":\"https:\/\/dhg1h5j42swfq.cloudfront.net\/2025\/06\/03203428\/logo_concursos-1.jpg\",\"width\":230,\"height\":60,\"caption\":\"Estrat\u00e9gia Concursos\"},\"image\":{\"@id\":\"https:\/\/www.estrategiaconcursos.com.br\/blog\/#\/schema\/logo\/image\/\"},\"sameAs\":[\"https:\/\/x.com\/EstratConcursos\"]},{\"@type\":\"Person\",\"@id\":\"https:\/\/www.estrategiaconcursos.com.br\/blog\/#\/schema\/person\/24b24eaf8afb633c0a2feb899d337975\",\"name\":\"Rodrigo Vaslin\",\"image\":{\"@type\":\"ImageObject\",\"inLanguage\":\"pt-BR\",\"@id\":\"https:\/\/secure.gravatar.com\/avatar\/900d9bf4a7f52b9297b94123a5958634e71b1a6be7409343477893fbeac702c5?s=96&d=mm&r=g\",\"url\":\"https:\/\/secure.gravatar.com\/avatar\/900d9bf4a7f52b9297b94123a5958634e71b1a6be7409343477893fbeac702c5?s=96&d=mm&r=g\",\"contentUrl\":\"https:\/\/secure.gravatar.com\/avatar\/900d9bf4a7f52b9297b94123a5958634e71b1a6be7409343477893fbeac702c5?s=96&d=mm&r=g\",\"caption\":\"Rodrigo Vaslin\"},\"url\":\"https:\/\/www.estrategiaconcursos.com.br\/blog\/author\/rodrigovaslingmail-com\/\"}]}<\/script>\n<!-- \/ Yoast SEO Premium plugin. -->","yoast_head_json":{"title":"Tema quente para PGM-RJ 2019 - Responsabilidade Civil do Estado - STF - Repercuss\u00e3o Geral","robots":{"index":"index","follow":"follow","max-snippet":"max-snippet:-1","max-image-preview":"max-image-preview:large","max-video-preview":"max-video-preview:-1"},"canonical":"https:\/\/www.estrategiaconcursos.com.br\/blog\/tema-quente-para-pgm-rj-2019-responsabilidade-civil-do-estado-stf-repercussao-geral\/","og_locale":"pt_BR","og_type":"article","og_title":"Tema quente para PGM-RJ 2019 - Responsabilidade Civil do Estado - STF - Repercuss\u00e3o Geral","og_description":"Ol\u00e1, pessoal! Meu nome \u00e9 Rodrigo Vaslin, sou Juiz Federal do TRF4 e Professor de Processo Civil do Estrat\u00e9gia Concursos. Neste artigo, iremos comentar um tema quente para a prova de Procurador do Munic\u00edpio do Rio de Janeiro, qual seja, composi\u00e7\u00e3o do polo passivo em demandas contra o ente p\u00fablico, bem como possibilidade do referido [&hellip;]","og_url":"https:\/\/www.estrategiaconcursos.com.br\/blog\/tema-quente-para-pgm-rj-2019-responsabilidade-civil-do-estado-stf-repercussao-geral\/","og_site_name":"Estrat\u00e9gia Concursos","article_published_time":"2019-08-17T02:13:41+00:00","article_modified_time":"2019-11-08T19:33:04+00:00","author":"Rodrigo Vaslin","twitter_card":"summary_large_image","twitter_creator":"@EstratConcursos","twitter_site":"@EstratConcursos","twitter_misc":{"Escrito por":"Rodrigo Vaslin","Est. tempo de leitura":"8 minutos"},"schema":{"@context":"https:\/\/schema.org","@graph":[{"@type":"NewsArticle","@id":"https:\/\/www.estrategiaconcursos.com.br\/blog\/tema-quente-para-pgm-rj-2019-responsabilidade-civil-do-estado-stf-repercussao-geral\/#article","isPartOf":{"@id":"https:\/\/www.estrategiaconcursos.com.br\/blog\/tema-quente-para-pgm-rj-2019-responsabilidade-civil-do-estado-stf-repercussao-geral\/"},"author":{"name":"Rodrigo Vaslin","@id":"https:\/\/www.estrategiaconcursos.com.br\/blog\/#\/schema\/person\/24b24eaf8afb633c0a2feb899d337975"},"headline":"Tema quente para PGM-RJ 2019 &#8211; Responsabilidade Civil do Estado &#8211; STF &#8211; Repercuss\u00e3o Geral","datePublished":"2019-08-17T02:13:41+00:00","dateModified":"2019-11-08T19:33:04+00:00","mainEntityOfPage":{"@id":"https:\/\/www.estrategiaconcursos.com.br\/blog\/tema-quente-para-pgm-rj-2019-responsabilidade-civil-do-estado-stf-repercussao-geral\/"},"wordCount":1574,"commentCount":3,"publisher":{"@id":"https:\/\/www.estrategiaconcursos.com.br\/blog\/#organization"},"articleSection":["Concursos P\u00fablicos","Jur\u00eddico"],"inLanguage":"pt-BR","potentialAction":[{"@type":"CommentAction","name":"Comment","target":["https:\/\/www.estrategiaconcursos.com.br\/blog\/tema-quente-para-pgm-rj-2019-responsabilidade-civil-do-estado-stf-repercussao-geral\/#respond"]}],"copyrightYear":"2019","copyrightHolder":{"@id":"https:\/\/www.estrategiaconcursos.com.br\/blog\/#organization"}},{"@type":"WebPage","@id":"https:\/\/www.estrategiaconcursos.com.br\/blog\/tema-quente-para-pgm-rj-2019-responsabilidade-civil-do-estado-stf-repercussao-geral\/","url":"https:\/\/www.estrategiaconcursos.com.br\/blog\/tema-quente-para-pgm-rj-2019-responsabilidade-civil-do-estado-stf-repercussao-geral\/","name":"Tema quente para PGM-RJ 2019 - Responsabilidade Civil do Estado - STF - Repercuss\u00e3o Geral","isPartOf":{"@id":"https:\/\/www.estrategiaconcursos.com.br\/blog\/#website"},"datePublished":"2019-08-17T02:13:41+00:00","dateModified":"2019-11-08T19:33:04+00:00","breadcrumb":{"@id":"https:\/\/www.estrategiaconcursos.com.br\/blog\/tema-quente-para-pgm-rj-2019-responsabilidade-civil-do-estado-stf-repercussao-geral\/#breadcrumb"},"inLanguage":"pt-BR","potentialAction":[{"@type":"ReadAction","target":["https:\/\/www.estrategiaconcursos.com.br\/blog\/tema-quente-para-pgm-rj-2019-responsabilidade-civil-do-estado-stf-repercussao-geral\/"]}]},{"@type":"BreadcrumbList","@id":"https:\/\/www.estrategiaconcursos.com.br\/blog\/tema-quente-para-pgm-rj-2019-responsabilidade-civil-do-estado-stf-repercussao-geral\/#breadcrumb","itemListElement":[{"@type":"ListItem","position":1,"name":"In\u00edcio","item":"https:\/\/www.estrategiaconcursos.com.br\/blog\/"},{"@type":"ListItem","position":2,"name":"Tema quente para PGM-RJ 2019 &#8211; Responsabilidade Civil do Estado &#8211; STF &#8211; Repercuss\u00e3o Geral"}]},{"@type":"WebSite","@id":"https:\/\/www.estrategiaconcursos.com.br\/blog\/#website","url":"https:\/\/www.estrategiaconcursos.com.br\/blog\/","name":"Estrat\u00e9gia Concursos","description":"O blog da Estrat\u00e9gia Concursos traz not\u00edcias sobre concursos e artigos de professores oferecendo cursos para concursos (pdf + videaulas) no site.","publisher":{"@id":"https:\/\/www.estrategiaconcursos.com.br\/blog\/#organization"},"potentialAction":[{"@type":"SearchAction","target":{"@type":"EntryPoint","urlTemplate":"https:\/\/www.estrategiaconcursos.com.br\/blog\/?s={search_term_string}"},"query-input":{"@type":"PropertyValueSpecification","valueRequired":true,"valueName":"search_term_string"}}],"inLanguage":"pt-BR"},{"@type":"Organization","@id":"https:\/\/www.estrategiaconcursos.com.br\/blog\/#organization","name":"Estrat\u00e9gia Concursos","url":"https:\/\/www.estrategiaconcursos.com.br\/blog\/","logo":{"@type":"ImageObject","inLanguage":"pt-BR","@id":"https:\/\/www.estrategiaconcursos.com.br\/blog\/#\/schema\/logo\/image\/","url":"https:\/\/dhg1h5j42swfq.cloudfront.net\/2025\/06\/03203428\/logo_concursos-1.jpg","contentUrl":"https:\/\/dhg1h5j42swfq.cloudfront.net\/2025\/06\/03203428\/logo_concursos-1.jpg","width":230,"height":60,"caption":"Estrat\u00e9gia Concursos"},"image":{"@id":"https:\/\/www.estrategiaconcursos.com.br\/blog\/#\/schema\/logo\/image\/"},"sameAs":["https:\/\/x.com\/EstratConcursos"]},{"@type":"Person","@id":"https:\/\/www.estrategiaconcursos.com.br\/blog\/#\/schema\/person\/24b24eaf8afb633c0a2feb899d337975","name":"Rodrigo Vaslin","image":{"@type":"ImageObject","inLanguage":"pt-BR","@id":"https:\/\/secure.gravatar.com\/avatar\/900d9bf4a7f52b9297b94123a5958634e71b1a6be7409343477893fbeac702c5?s=96&d=mm&r=g","url":"https:\/\/secure.gravatar.com\/avatar\/900d9bf4a7f52b9297b94123a5958634e71b1a6be7409343477893fbeac702c5?s=96&d=mm&r=g","contentUrl":"https:\/\/secure.gravatar.com\/avatar\/900d9bf4a7f52b9297b94123a5958634e71b1a6be7409343477893fbeac702c5?s=96&d=mm&r=g","caption":"Rodrigo Vaslin"},"url":"https:\/\/www.estrategiaconcursos.com.br\/blog\/author\/rodrigovaslingmail-com\/"}]}},"_links":{"self":[{"href":"https:\/\/www.estrategiaconcursos.com.br\/blog\/wp-json\/wp\/v2\/posts\/410402","targetHints":{"allow":["GET"]}}],"collection":[{"href":"https:\/\/www.estrategiaconcursos.com.br\/blog\/wp-json\/wp\/v2\/posts"}],"about":[{"href":"https:\/\/www.estrategiaconcursos.com.br\/blog\/wp-json\/wp\/v2\/types\/post"}],"author":[{"embeddable":true,"href":"https:\/\/www.estrategiaconcursos.com.br\/blog\/wp-json\/wp\/v2\/users\/541"}],"replies":[{"embeddable":true,"href":"https:\/\/www.estrategiaconcursos.com.br\/blog\/wp-json\/wp\/v2\/comments?post=410402"}],"version-history":[{"count":1,"href":"https:\/\/www.estrategiaconcursos.com.br\/blog\/wp-json\/wp\/v2\/posts\/410402\/revisions"}],"predecessor-version":[{"id":410406,"href":"https:\/\/www.estrategiaconcursos.com.br\/blog\/wp-json\/wp\/v2\/posts\/410402\/revisions\/410406"}],"wp:attachment":[{"href":"https:\/\/www.estrategiaconcursos.com.br\/blog\/wp-json\/wp\/v2\/media?parent=410402"}],"wp:term":[{"taxonomy":"category","embeddable":true,"href":"https:\/\/www.estrategiaconcursos.com.br\/blog\/wp-json\/wp\/v2\/categories?post=410402"},{"taxonomy":"post_tag","embeddable":true,"href":"https:\/\/www.estrategiaconcursos.com.br\/blog\/wp-json\/wp\/v2\/tags?post=410402"},{"taxonomy":"tax_estado","embeddable":true,"href":"https:\/\/www.estrategiaconcursos.com.br\/blog\/wp-json\/wp\/v2\/tax_estado?post=410402"}],"curies":[{"name":"wp","href":"https:\/\/api.w.org\/{rel}","templated":true}]}}