{"id":410211,"date":"2019-08-19T11:52:36","date_gmt":"2019-08-19T14:52:36","guid":{"rendered":"https:\/\/www.estrategiaconcursos.com.br\/blog\/?p=410211"},"modified":"2019-08-20T11:56:41","modified_gmt":"2019-08-20T14:56:41","slug":"mensagem-aos-assinantes-009-verdades-duras-sobre-os-trts-sonho-grande","status":"publish","type":"post","link":"https:\/\/www.estrategiaconcursos.com.br\/blog\/mensagem-aos-assinantes-009-verdades-duras-sobre-os-trts-sonho-grande\/","title":{"rendered":"Mensagem aos Assinantes 009: verdades duras sobre os TRTs + sonho grande!"},"content":{"rendered":"\n<p>Ol\u00e1, pessoal! Tudo joia?<\/p>\n\n\n\n<p>Escrever a mensagem semanal para os assinantes \u00e9 sempre uma grande satisfa\u00e7\u00e3o. <\/p>\n\n\n\n<p>Hoje, <strong>decidi fazer algo diferente<\/strong>. Al\u00e9m de responder mensagens e perguntas de alguns alunos, vou tamb\u00e9m escrever um pouco sobre a vida do concurseiro.<\/p>\n\n\n\n<p style=\"text-align:center\"><em><strong>Mais tarde, realizarei uma transmiss\u00e3o AO VIVO, junto ao professor Lu\u00eds Eduardo, para falar sobre algumas not\u00edcias ruins que precisam ser ditas em 2019 e te ajudar a lidar com os imprevistos. Acompanhe e participe com a gente, gratuitamente, \u00e0s 19:00! <\/strong><\/em><\/p>\n\n\n<figure class=\"wp-block-embed-youtube wp-block-embed is-type-video is-provider-youtube wp-embed-aspect-16-9 wp-has-aspect-ratio\"><div class=\"lyte-wrapper\" style=\"width:853px;max-width:100%;margin:5px;\"><div class=\"lyMe\" id=\"WYL__EwWk6ZI6Ns\"><div id=\"lyte__EwWk6ZI6Ns\" data-src=\"\/\/i.ytimg.com\/vi\/_EwWk6ZI6Ns\/hqdefault.jpg\" class=\"pL\"><div class=\"tC\"><div class=\"tT\"><\/div><\/div><div class=\"play\"><\/div><div class=\"ctrl\"><div class=\"Lctrl\"><\/div><div class=\"Rctrl\"><\/div><\/div><\/div><noscript><a href=\"https:\/\/youtu.be\/_EwWk6ZI6Ns\" rel=\"nofollow\"><img loading=\"lazy\" decoding=\"async\" src=\"https:\/\/i.ytimg.com\/vi\/_EwWk6ZI6Ns\/0.jpg\" alt=\"YouTube video thumbnail\" width=\"853\" height=\"460\" \/><br \/>Assista a este v\u00eddeo no YouTube<\/a><\/noscript><\/div><\/div><div class=\"lL\" style=\"max-width:100%;width:853px;margin:5px;\"><\/div><figcaption><\/figcaption><\/figure>\n\n\n<h2 class=\"wp-block-heading\">Sonho Grande<\/h2>\n\n\n\n<p>Existe uma <strong>m\u00edstica muito grande<\/strong> em torno do &#8220;<em>estudo para concursos<\/em>&#8220;.<\/p>\n\n\n\n<p>Alguns acham que \u00e9 um sacrif\u00edcio enorme estudar 4h ou 5h por dia e ficam dizendo que &#8220;<em>a vida de concurseiro \u00e9 muito dif\u00edcil<\/em>&#8220;. Outros n\u00e3o conseguem nem mesmo achar tempo para se dedicar. <\/p>\n\n\n\n<p><strong>Eu sei que n\u00e3o \u00e9 f\u00e1cil!<\/strong> \u00c9 uma jornada dura, ainda mais quando ningu\u00e9m consegue te entender. <\/p>\n\n\n\n<p>Mas a\u00ed vai uma reflex\u00e3o importante: <\/p>\n\n\n\n<p style=\"text-align:center\"><strong>&#8220;<\/strong><em><strong>A jornada do concurseiro \u00e9 a jornada da vida&#8221;<\/strong><\/em><strong>. <\/strong><\/p>\n\n\n\n<p>Todos aqueles que t\u00eam um <strong>SONHO GRANDE<\/strong> precisam colocar muita dedica\u00e7\u00e3o nos seus projetos. <\/p>\n\n\n\n<p>E \u00e9 absolutamente natural que surjam <strong>mil obst\u00e1culos<\/strong> pelo caminho.<\/p>\n\n\n\n<p>Posso imaginar, por exemplo, a dificuldade enorme que enfrentam as &#8220;<strong>mam\u00e3es concurseiras<\/strong>&#8220;. <\/p>\n\n\n\n<p>A sociedade exige muito de voc\u00eas! E voc\u00eas tamb\u00e9m se cobram demais. Dedicar-se muito aos estudos acaba at\u00e9 gerando um sentimento de culpa, n\u00e3o \u00e9? <\/p>\n\n\n\n<p>Eu sei disso porque &#8220;<em><strong>a jornada do concurseiro \u00e9 a jornada da vida<\/strong><\/em>&#8220;. Nossos alunos enfrentam batalhas dif\u00edceis todos os dias. <\/p>\n\n\n\n<p>Tenho respeito por todas elas. Conhe\u00e7o muitas. J\u00e1 vivi e vivo algumas delas tamb\u00e9m!! <\/p>\n\n\n\n<div class=\"wp-block-image\"><figure class=\"aligncenter is-resized\"><img loading=\"lazy\" decoding=\"async\" src=\"https:\/\/dhg1h5j42swfq.cloudfront.net\/2019\/08\/16112657\/Captura-de-Tela-2019-08-16-a%CC%80s-11.26.33.png\" alt=\"\" class=\"wp-image-410236\" width=\"374\" height=\"313\" srcset=\"https:\/\/dhg1h5j42swfq.cloudfront.net\/2019\/08\/16112657\/Captura-de-Tela-2019-08-16-a%CC%80s-11.26.33.png 1202w, https:\/\/dhg1h5j42swfq.cloudfront.net\/2019\/08\/16112657\/Captura-de-Tela-2019-08-16-a%CC%80s-11.26.33.png 300w, https:\/\/dhg1h5j42swfq.cloudfront.net\/2019\/08\/16112657\/Captura-de-Tela-2019-08-16-a%CC%80s-11.26.33.png 768w, https:\/\/dhg1h5j42swfq.cloudfront.net\/2019\/08\/16112657\/Captura-de-Tela-2019-08-16-a%CC%80s-11.26.33.png 1024w, https:\/\/dhg1h5j42swfq.cloudfront.net\/2019\/08\/16112657\/Captura-de-Tela-2019-08-16-a%CC%80s-11.26.33.png 610w\" sizes=\"auto, (max-width: 374px) 100vw, 374px\" \/><\/figure><\/div>\n\n\n\n<p style=\"text-align:left\">Quero que voc\u00ea construa uma linda hist\u00f3ria! Quero que voc\u00ea tenha um <strong>sonho grande<\/strong> e, mais importante do que isso, <strong>viva o seu pr\u00f3prio sonho<\/strong>. <\/p>\n\n\n\n<p>\u00c9 \u00f3bvio que a todo momento voc\u00ea vai se questionar se est\u00e1 ou n\u00e3o tomando boas decis\u00f5es. <\/p>\n\n\n\n<p>Mas n\u00e3o tenha medo de seguir o seu sonho, mesmo que existam in\u00fameros obst\u00e1culos. <\/p>\n\n\n\n<p style=\"text-align:center\">Agora, me prometa uma coisa: <strong>jogue pra ganhar!<\/strong> <\/p>\n\n\n\n<p style=\"text-align:left\">Ningu\u00e9m sabe ao certo qual ser\u00e1 o final da jornada. <\/p>\n\n\n\n<p>A incerteza \u00e9 a maior de todas as certezas da vida. Mas nessa vida incerta eu tenho uma convic\u00e7\u00e3o absoluta: <\/p>\n\n\n\n<p style=\"text-align:center\"><strong>Todos n\u00f3s podemos nos tornar pessoas melhores<\/strong>. <\/p>\n\n\n\n<p>E isso somente ser\u00e1 poss\u00edvel se n\u00f3s focarmos em quatro grandes \u00e1reas da vida: <strong>sa\u00fade,<\/strong> <strong>trabalho \/ estudo, fam\u00edlia e Deus.<\/strong> <\/p>\n\n\n\n<p>Continue estudando firme e aproveite para agradecer a Deus, inclusive pelas suas batalhas do dia-a-dia. Desejo a voc\u00ea uma excelente semana! Siga o seu sonho! V\u00e1 e ven\u00e7a!  <\/p>\n\n\n\n<h2 class=\"wp-block-heading\">Verdades Duras<\/h2>\n\n\n\n<p>O Brasil vive, h\u00e1 alguns anos, uma grave <strong>crise fiscal<\/strong>. A arrecada\u00e7\u00e3o n\u00e3o \u00e9 suficiente para cobrir as despesas dos cofres p\u00fablicos. <\/p>\n\n\n\n<p>Os concursos do Poder Executivo federal est\u00e3o suspensos desde o in\u00edcio do ano. E <strong>dever\u00e3o continuar suspensos<\/strong> pelo restante de 2019 e pelo primeiro semestre de 2020 tamb\u00e9m. \u00c9 a minha opini\u00e3o&#8230;<\/p>\n\n\n\n<p style=\"text-align:center\"><strong>Isso deve ser motivo de des\u00e2nimo?<\/strong><\/p>\n\n\n\n<p>Com certeza n\u00e3o. Voc\u00ea n\u00e3o pode e n\u00e3o deve se desmotivar com isso. Ao contr\u00e1rio, em algum momento, os grandes concursos do Poder Executivo Federal dever\u00e3o retornar e ser\u00e3o aprovados aqueles que mantiveram o foco durante o per\u00edodo de &#8220;vacas magras&#8221;.<\/p>\n\n\n\n<p>Enquanto o seu concurso dos sonhos n\u00e3o chega, voc\u00ea pode <strong>aproveitar in\u00fameras outras oportunidades<\/strong> que est\u00e3o aparecendo, a maioria delas nas \u00e1reas Policial, Fiscal e Tribunais.<\/p>\n\n\n\n<p>Ali\u00e1s, eu gostaria de falar com voc\u00eas sobre os <strong>Tribunais Regionais do Trabalho (TRTs<\/strong>), que s\u00e3o, sem d\u00favida alguma, os preferidos dos concurseiros da \u00c1rea de Tribunais. <\/p>\n\n\n\n<p>Eu gostaria de usar esse espa\u00e7o para dar boas not\u00edcias para voc\u00ea que \u00e9 concurseiro de TRT. Gostaria muito de dizer que est\u00e3o previstos v\u00e1rios concursos de TRT para os pr\u00f3ximos meses.<\/p>\n\n\n\n<p style=\"text-align:center\"><strong>Infelizmente, isso n\u00e3o \u00e9 verdade. <\/strong><\/p>\n\n\n\n<p>Hoje, n\u00e3o h\u00e1 concursos de TRT previstos para acontecer no curto prazo. Al\u00e9m das restri\u00e7\u00f5es or\u00e7ament\u00e1rias, foi amplamente noticiado pela m\u00eddia que a Reforma Trabalhista resultou em <strong>forte redu\u00e7\u00e3o do estoque de processos trabalhistas<\/strong> na Justi\u00e7a do Trabalho.<\/p>\n\n\n\n<p>Em dezembro de 2017, o estoque de processos pendentes na Justi\u00e7a do Trabalho era de 2,4 milh\u00f5es de processos; em agosto de 2018, estavam aguardando julgamento 1,9 milh\u00f5es de processos. Hoje, segundo dados do TST, o estoque \u00e9 de <strong>958 mil processos pendentes<\/strong>.<\/p>\n\n\n\n<p>Vejam abaixo um <strong><a href=\"https:\/\/www.bbc.com\/portuguese\/brasil-48830450\">gr\u00e1fico da BBC<\/a><\/strong>, que se baseou em informa\u00e7\u00f5es do TST. <\/p>\n\n\n\n<div class=\"wp-block-image\"><figure class=\"aligncenter\"><img decoding=\"async\" src=\"https:\/\/dhg1h5j42swfq.cloudfront.net\/2019\/08\/18225129\/Captura-de-Tela-2019-08-18-a%CC%80s-22.51.11.png\" alt=\"\" class=\"wp-image-410704\"\/><\/figure><\/div>\n\n\n\n<p>Eu at\u00e9 fiz um <em>post<\/em> no meu Instagram, que gerou uma pol\u00eamica enorme entre concurseiros que se preparam para TRTs. <\/p>\n\n\n\n<div class=\"wp-block-image\"><figure class=\"aligncenter is-resized\"><img loading=\"lazy\" decoding=\"async\" src=\"https:\/\/dhg1h5j42swfq.cloudfront.net\/2019\/08\/18221549\/Captura-de-Tela-2019-08-18-a%CC%80s-22.15.30.png\" alt=\"\" class=\"wp-image-410694\" width=\"370\" height=\"366\" srcset=\"https:\/\/dhg1h5j42swfq.cloudfront.net\/2019\/08\/18221549\/Captura-de-Tela-2019-08-18-a%CC%80s-22.15.30.png 1204w, https:\/\/dhg1h5j42swfq.cloudfront.net\/2019\/08\/18221549\/Captura-de-Tela-2019-08-18-a%CC%80s-22.15.30.png 300w, https:\/\/dhg1h5j42swfq.cloudfront.net\/2019\/08\/18221549\/Captura-de-Tela-2019-08-18-a%CC%80s-22.15.30.png 768w, https:\/\/dhg1h5j42swfq.cloudfront.net\/2019\/08\/18221549\/Captura-de-Tela-2019-08-18-a%CC%80s-22.15.30.png 1024w, https:\/\/dhg1h5j42swfq.cloudfront.net\/2019\/08\/18221549\/Captura-de-Tela-2019-08-18-a%CC%80s-22.15.30.png 610w\" sizes=\"auto, (max-width: 370px) 100vw, 370px\" \/><\/figure><\/div>\n\n\n\n<p>Sei que h\u00e1 concurseiros que s\u00e3o <strong>f\u00e3s absolutos<\/strong> de concursos de TRT! \u00c9 um p\u00fablico enorme aqui do Estrat\u00e9gia! Por isso, fa\u00e7o quest\u00e3o que voc\u00eas me interpretem sem deturpa\u00e7\u00f5es. <\/p>\n\n\n\n<p style=\"text-align:center\"><strong>Estou falando pra voc\u00eas desistirem completamente do sonho de serem aprovados em um TRT?<\/strong><\/p>\n\n\n\n<p><strong>Claro que n\u00e3o! <\/strong>Eu acredito, sim, que esses concursos v\u00e3o sair em algum momento. Servidores se aposentam, passam em outros concursos, morrem&#8230; <\/p>\n\n\n\n<p>Mas os concursos de TRT n\u00e3o ir\u00e3o sair em 2019. E, na minha opini\u00e3o, tamb\u00e9m n\u00e3o sair\u00e3o em 2020. O cen\u00e1rio pode at\u00e9 mudar, mas eu n\u00e3o acredito muito nisso n\u00e3o. <\/p>\n\n\n\n<p>Sendo bastante pragm\u00e1tico, h\u00e1 algumas situa\u00e7\u00f5es que me parecem claras aqui:<\/p>\n\n\n\n<ol class=\"wp-block-list\"><li><strong>Voc\u00ea \u00e9 um aluno avan\u00e7ado e seu sonho \u00e9 ingressar em um TRT<\/strong>. Nesse caso, como voc\u00ea j\u00e1 \u00e9 um aluno avan\u00e7ado, fa\u00e7a os outros concursos de Tribunais que est\u00e3o surgindo. Voc\u00ea pode manter o sonho de ser aprovado no TRT, mas n\u00e3o conte com isso por algum tempo.<\/li><li><strong>Voc\u00ea \u00e9 um aluno que est\u00e1 come\u00e7ando agora e tem o sonho de ingressar em um TRT<\/strong>. Siga o seu sonho. O projeto de aprova\u00e7\u00e3o \u00e9 de m\u00e9dio\/longo prazo. A escassez de concursos de TRT em 2019 e, possivelmente em 2020, n\u00e3o interessa muito pra voc\u00ea. <\/li><li><strong>Voc\u00ea \u00e9 um aluno iniciante \/ intermedi\u00e1rio que estava estudando para TRT, mas que tem como objetivo ingressar em qualquer Tribunal. <\/strong>Vale a pena demais fazer uma transi\u00e7\u00e3o para o estudo focado para algum outro Tribunal com perspectivas reais de concurso. <\/li><\/ol>\n\n\n\n<h2 class=\"wp-block-heading\">Respondendo perguntas de assinantes<\/h2>\n\n\n\n<p>O <strong>Pedro<\/strong> deu uma sugest\u00e3o muito relevante!! Vejam: <\/p>\n\n\n\n<figure class=\"wp-block-image is-resized\"><img loading=\"lazy\" decoding=\"async\" src=\"https:\/\/dhg1h5j42swfq.cloudfront.net\/2019\/08\/18222238\/Captura-de-Tela-2019-08-18-a%CC%80s-22.20.26.png\" alt=\"\" class=\"wp-image-410696\" width=\"747\" height=\"67\" srcset=\"https:\/\/dhg1h5j42swfq.cloudfront.net\/2019\/08\/18222238\/Captura-de-Tela-2019-08-18-a%CC%80s-22.20.26.png 1688w, https:\/\/dhg1h5j42swfq.cloudfront.net\/2019\/08\/18222238\/Captura-de-Tela-2019-08-18-a%CC%80s-22.20.26.png 300w, https:\/\/dhg1h5j42swfq.cloudfront.net\/2019\/08\/18222238\/Captura-de-Tela-2019-08-18-a%CC%80s-22.20.26.png 768w, https:\/\/dhg1h5j42swfq.cloudfront.net\/2019\/08\/18222238\/Captura-de-Tela-2019-08-18-a%CC%80s-22.20.26.png 1024w, https:\/\/dhg1h5j42swfq.cloudfront.net\/2019\/08\/18222238\/Captura-de-Tela-2019-08-18-a%CC%80s-22.20.26.png 610w\" sizes=\"auto, (max-width: 747px) 100vw, 747px\" \/><\/figure>\n\n\n\n<p><strong>Resposta<\/strong>: Sugest\u00e3o anotada. Vou convidar os professores para lan\u00e7arem cursos focados apenas em Jurisprud\u00eancia. <\/p>\n\n\n\n<p>&#8230;.<\/p>\n\n\n\n<p>O <strong>Gabriel<\/strong> e f\u00e3 do TEC Concursos e gosta demais da intera\u00e7\u00e3o entre os dois sites. Ele tamb\u00e9m deu sua sugest\u00e3o: <\/p>\n\n\n\n<figure class=\"wp-block-image is-resized\"><img loading=\"lazy\" decoding=\"async\" src=\"https:\/\/dhg1h5j42swfq.cloudfront.net\/2019\/08\/18222648\/Captura-de-Tela-2019-08-18-a%CC%80s-22.26.34.png\" alt=\"\" class=\"wp-image-410698\" width=\"737\" height=\"85\" srcset=\"https:\/\/dhg1h5j42swfq.cloudfront.net\/2019\/08\/18222648\/Captura-de-Tela-2019-08-18-a%CC%80s-22.26.34.png 1772w, https:\/\/dhg1h5j42swfq.cloudfront.net\/2019\/08\/18222648\/Captura-de-Tela-2019-08-18-a%CC%80s-22.26.34.png 300w, https:\/\/dhg1h5j42swfq.cloudfront.net\/2019\/08\/18222648\/Captura-de-Tela-2019-08-18-a%CC%80s-22.26.34.png 768w, https:\/\/dhg1h5j42swfq.cloudfront.net\/2019\/08\/18222648\/Captura-de-Tela-2019-08-18-a%CC%80s-22.26.34.png 1024w, https:\/\/dhg1h5j42swfq.cloudfront.net\/2019\/08\/18222648\/Captura-de-Tela-2019-08-18-a%CC%80s-22.26.34.png 610w\" sizes=\"auto, (max-width: 737px) 100vw, 737px\" \/><\/figure>\n\n\n\n<p><strong>Resposta<\/strong>: O TEC Concursos \u00e9 uma empresa parceira do Estrat\u00e9gia, mas a gest\u00e3o \u00e9 conduzida pelos s\u00f3cios do TEC. Eu gostaria muito que os assinantes do Estrat\u00e9gia tivessem descontos l\u00e1 no TEC, mas eu n\u00e3o mando nada! rsrs&#8230; Comecem uma campanha l\u00e1 junto aos s\u00f3cios do TEC!!! :) Acredito que seria TOP demais!! <\/p>\n\n\n\n<p>&#8230;<\/p>\n\n\n\n<p>O <strong>Paulo<\/strong> sugeriu modifica\u00e7\u00f5es e fez cr\u00edticas \u00e0s Trilhas Estrat\u00e9gicas e ao Passo Estrat\u00e9gico.<\/p>\n\n\n\n<figure class=\"wp-block-image is-resized\"><img loading=\"lazy\" decoding=\"async\" src=\"https:\/\/dhg1h5j42swfq.cloudfront.net\/2019\/08\/18223137\/Captura-de-Tela-2019-08-18-a%CC%80s-22.31.08.png\" alt=\"\" class=\"wp-image-410699\" width=\"697\" height=\"248\" srcset=\"https:\/\/dhg1h5j42swfq.cloudfront.net\/2019\/08\/18223137\/Captura-de-Tela-2019-08-18-a%CC%80s-22.31.08.png 1746w, https:\/\/dhg1h5j42swfq.cloudfront.net\/2019\/08\/18223137\/Captura-de-Tela-2019-08-18-a%CC%80s-22.31.08.png 300w, https:\/\/dhg1h5j42swfq.cloudfront.net\/2019\/08\/18223137\/Captura-de-Tela-2019-08-18-a%CC%80s-22.31.08.png 768w, https:\/\/dhg1h5j42swfq.cloudfront.net\/2019\/08\/18223137\/Captura-de-Tela-2019-08-18-a%CC%80s-22.31.08.png 1024w, https:\/\/dhg1h5j42swfq.cloudfront.net\/2019\/08\/18223137\/Captura-de-Tela-2019-08-18-a%CC%80s-22.31.08.png 610w\" sizes=\"auto, (max-width: 697px) 100vw, 697px\" \/><\/figure>\n\n\n\n<p><strong>Resposta<\/strong>: Muito obrigado pelo feedback, Paulo! <\/p>\n\n\n\n<p><strong>1) <\/strong>Eu n\u00e3o tinha essa vis\u00e3o de que alguns alunos s\u00f3 usavam a Trilha de algumas mat\u00e9rias (e n\u00e3o do curso como um todo!). Vou conversar sobre isso com o coordenador das Trilhas Estrat\u00e9gicas e analisar a viabilidade de alguma mudan\u00e7a. <\/p>\n\n\n\n<p><strong>2) <\/strong>Sobre o Passo Estrat\u00e9gico, tivemos uma reuni\u00e3o nesse \u00faltimo final de semana para debater aperfei\u00e7oamentos desse produto. Eu acredito que talvez possamos compilar uma an\u00e1lise estat\u00edstica completa vinculada ao curso e que possa ser acessada em um lugar \u00fanico. Vou conversar com o coordenador do Passo. <\/p>\n\n\n\n<p>&#8230;<\/p>\n\n\n\n<p>O <strong>Fabiano<\/strong> apresentou cr\u00edticas \u00e0 falta de Simulados espec\u00edficos para a \u00e1rea de TI. <\/p>\n\n\n\n<figure class=\"wp-block-image is-resized\"><img loading=\"lazy\" decoding=\"async\" src=\"https:\/\/dhg1h5j42swfq.cloudfront.net\/2019\/08\/18223738\/Captura-de-Tela-2019-08-18-a%CC%80s-22.37.23.png\" alt=\"\" class=\"wp-image-410700\" width=\"634\" height=\"119\" srcset=\"https:\/\/dhg1h5j42swfq.cloudfront.net\/2019\/08\/18223738\/Captura-de-Tela-2019-08-18-a%CC%80s-22.37.23.png 1770w, https:\/\/dhg1h5j42swfq.cloudfront.net\/2019\/08\/18223738\/Captura-de-Tela-2019-08-18-a%CC%80s-22.37.23.png 300w, https:\/\/dhg1h5j42swfq.cloudfront.net\/2019\/08\/18223738\/Captura-de-Tela-2019-08-18-a%CC%80s-22.37.23.png 1024w\" sizes=\"auto, (max-width: 634px) 100vw, 634px\" \/><\/figure>\n\n\n\n<p><strong>Resposta<\/strong>: Voc\u00ea tem raz\u00e3o, Fabiano! Tenho plena consci\u00eancia de que precisamos aumentar o nosso n\u00famero de eventos na \u00e1rea de TI. Durante esse \u00faltimo m\u00eas, trabalhamos em uma reestrutura\u00e7\u00e3o de nossa equipe de TI e, nas pr\u00f3ximas semanas, voc\u00ea j\u00e1 dever\u00e1 notar que teremos um foco muito maior nos concursos desse nicho espec\u00edfico. <\/p>\n\n\n\n<p>&#8230;.<\/p>\n\n\n\n<p>Pessoal, vou ficando por aqui! Contem conosco nessa jornada!<\/p>\n\n\n\n<h2 class=\"wp-block-heading\">Mensagem da Semana<\/h2>\n\n\n\n<div class=\"wp-block-image\"><figure class=\"aligncenter is-resized\"><img loading=\"lazy\" decoding=\"async\" src=\"https:\/\/dhg1h5j42swfq.cloudfront.net\/2019\/08\/18224434\/Captura-de-Tela-2019-08-18-a%CC%80s-22.44.15.png\" alt=\"\" class=\"wp-image-410701\" width=\"339\" height=\"324\" srcset=\"https:\/\/dhg1h5j42swfq.cloudfront.net\/2019\/08\/18224434\/Captura-de-Tela-2019-08-18-a%CC%80s-22.44.15.png 1200w, https:\/\/dhg1h5j42swfq.cloudfront.net\/2019\/08\/18224434\/Captura-de-Tela-2019-08-18-a%CC%80s-22.44.15.png 300w, https:\/\/dhg1h5j42swfq.cloudfront.net\/2019\/08\/18224434\/Captura-de-Tela-2019-08-18-a%CC%80s-22.44.15.png 768w, https:\/\/dhg1h5j42swfq.cloudfront.net\/2019\/08\/18224434\/Captura-de-Tela-2019-08-18-a%CC%80s-22.44.15.png 1024w, https:\/\/dhg1h5j42swfq.cloudfront.net\/2019\/08\/18224434\/Captura-de-Tela-2019-08-18-a%CC%80s-22.44.15.png 610w\" sizes=\"auto, (max-width: 339px) 100vw, 339px\" \/><\/figure><\/div>\n\n\n\n<p>Abra\u00e7os,<\/p>\n\n\n\n<p><strong>Ricardo Vale<\/strong><\/p>\n\n\n\n<p><strong>Instagram<\/strong>: <a href=\"https:\/\/www.instagram.com\/profricardovale\/\">@profricardovale<\/a><\/p>\n\n\n\n<p style=\"font-size:23px;text-align:center\"><strong><em>Assinatura ilimitada*<\/em><\/strong><\/p>\n\n\n\n<p style=\"text-align:center\"><em>Prepare-se com o melhor material e com quem mais aprova em Concursos P\u00fablicos em todo o pa\u00eds. Assine agora a nossa Assinatura Anual e tenha acesso ilimitado* a todos os nossos cursos.<\/em><\/p>\n\n\n\n<p style=\"font-size:23px;text-align:center\" class=\"has-background has-luminous-vivid-amber-background-color\"><strong>ASSINE AGORA<\/strong>&nbsp;\u2013&nbsp;<a rel=\"noreferrer noopener\" href=\"https:\/\/www.estrategiaconcursos.com.br\/assinaturas\" target=\"_blank\"><strong>Assinatura Ilimitada<\/strong><\/a><\/p>\n\n\n\n<p style=\"font-size:21px;text-align:center\" class=\"has-background has-pale-cyan-blue-background-color\"><strong><a href=\"https:\/\/www.estrategiaconcursos.com.br\/blog\/concursos-abertos\/\">CONCURSOS ABERTOS<\/a><\/strong><\/p>\n\n\n\n<p style=\"font-size:21px;text-align:center\" class=\"has-background has-pale-cyan-blue-background-color\"><a href=\"https:\/\/www.estrategiaconcursos.com.br\/blog\/concursos-2019\/\"><strong>CONCURSOS 2019<\/strong><\/a><\/p>\n\n\n\n<p style=\"font-size:21px;text-align:center\" class=\"has-background has-pale-cyan-blue-background-color\"><a href=\"https:\/\/www.estrategiaconcursos.com.br\/blog\/concursos-2020\/\"><strong>CONCURSOS<\/strong><\/a><strong><a href=\"https:\/\/www.estrategiaconcursos.com.br\/blog\/concursos-2020\/\">&nbsp;2020<\/a><\/strong><\/p>\n","protected":false},"excerpt":{"rendered":"<p>Ol\u00e1, pessoal! Tudo joia? Escrever a mensagem semanal para os assinantes \u00e9 sempre uma grande satisfa\u00e7\u00e3o. Hoje, decidi fazer algo diferente. Al\u00e9m de responder mensagens e perguntas de alguns alunos, vou tamb\u00e9m escrever um pouco sobre a vida do concurseiro. Mais tarde, realizarei uma transmiss\u00e3o AO VIVO, junto ao professor Lu\u00eds Eduardo, para falar sobre [&hellip;]<\/p>\n","protected":false},"author":26,"featured_media":0,"comment_status":"open","ping_status":"closed","sticky":false,"template":"","format":"standard","meta":{"post_tipo":"article","footnotes":""},"categories":[1],"tags":[],"tax_estado":[],"class_list":["post-410211","post","type-post","status-publish","format-standard","hentry","category-cursos-e-concursos"],"acf":[],"yoast_head":"<!-- This site is optimized with the Yoast SEO Premium plugin v27.2 (Yoast SEO v27.2) - https:\/\/yoast.com\/product\/yoast-seo-premium-wordpress\/ -->\n<title>Mensagem aos Assinantes 009: verdades duras sobre os TRTs + sonho grande!<\/title>\n<meta name=\"robots\" content=\"index, follow, max-snippet:-1, max-image-preview:large, max-video-preview:-1\" \/>\n<link rel=\"canonical\" href=\"https:\/\/www.estrategiaconcursos.com.br\/blog\/mensagem-aos-assinantes-009-verdades-duras-sobre-os-trts-sonho-grande\/\" \/>\n<meta property=\"og:locale\" content=\"pt_BR\" \/>\n<meta property=\"og:type\" content=\"article\" \/>\n<meta property=\"og:title\" content=\"Mensagem aos Assinantes 009: verdades duras sobre os TRTs + sonho grande!\" \/>\n<meta property=\"og:description\" content=\"Ol\u00e1, pessoal! Tudo joia? Escrever a mensagem semanal para os assinantes \u00e9 sempre uma grande satisfa\u00e7\u00e3o. Hoje, decidi fazer algo diferente. Al\u00e9m de responder mensagens e perguntas de alguns alunos, vou tamb\u00e9m escrever um pouco sobre a vida do concurseiro. Mais tarde, realizarei uma transmiss\u00e3o AO VIVO, junto ao professor Lu\u00eds Eduardo, para falar sobre [&hellip;]\" \/>\n<meta property=\"og:url\" content=\"https:\/\/www.estrategiaconcursos.com.br\/blog\/mensagem-aos-assinantes-009-verdades-duras-sobre-os-trts-sonho-grande\/\" \/>\n<meta property=\"og:site_name\" content=\"Estrat\u00e9gia Concursos\" \/>\n<meta property=\"article:author\" content=\"https:\/\/www.facebook.com\/rvale01\" \/>\n<meta property=\"article:published_time\" content=\"2019-08-19T14:52:36+00:00\" \/>\n<meta property=\"article:modified_time\" content=\"2019-08-20T14:56:41+00:00\" \/>\n<meta name=\"author\" content=\"Ricardo Vale\" \/>\n<meta name=\"twitter:card\" content=\"summary_large_image\" \/>\n<meta name=\"twitter:creator\" content=\"@https:\/\/twitter.com\/EstratConcursos\" \/>\n<meta name=\"twitter:site\" content=\"@EstratConcursos\" \/>\n<meta name=\"twitter:label1\" content=\"Escrito por\" \/>\n\t<meta name=\"twitter:data1\" content=\"Ricardo Vale\" \/>\n\t<meta name=\"twitter:label2\" content=\"Est. tempo de leitura\" \/>\n\t<meta name=\"twitter:data2\" content=\"7 minutos\" \/>\n<script type=\"application\/ld+json\" class=\"yoast-schema-graph\">{\"@context\":\"https:\/\/schema.org\",\"@graph\":[{\"@type\":\"NewsArticle\",\"@id\":\"https:\/\/www.estrategiaconcursos.com.br\/blog\/mensagem-aos-assinantes-009-verdades-duras-sobre-os-trts-sonho-grande\/#article\",\"isPartOf\":{\"@id\":\"https:\/\/www.estrategiaconcursos.com.br\/blog\/mensagem-aos-assinantes-009-verdades-duras-sobre-os-trts-sonho-grande\/\"},\"author\":{\"name\":\"Ricardo Vale\",\"@id\":\"https:\/\/www.estrategiaconcursos.com.br\/blog\/#\/schema\/person\/c32e47dba2159cafe7796a9569a6ff7e\"},\"headline\":\"Mensagem aos Assinantes 009: verdades duras sobre os TRTs + sonho grande!\",\"datePublished\":\"2019-08-19T14:52:36+00:00\",\"dateModified\":\"2019-08-20T14:56:41+00:00\",\"mainEntityOfPage\":{\"@id\":\"https:\/\/www.estrategiaconcursos.com.br\/blog\/mensagem-aos-assinantes-009-verdades-duras-sobre-os-trts-sonho-grande\/\"},\"wordCount\":1429,\"commentCount\":25,\"publisher\":{\"@id\":\"https:\/\/www.estrategiaconcursos.com.br\/blog\/#organization\"},\"articleSection\":[\"Concursos P\u00fablicos\"],\"inLanguage\":\"pt-BR\",\"potentialAction\":[{\"@type\":\"CommentAction\",\"name\":\"Comment\",\"target\":[\"https:\/\/www.estrategiaconcursos.com.br\/blog\/mensagem-aos-assinantes-009-verdades-duras-sobre-os-trts-sonho-grande\/#respond\"]}],\"copyrightYear\":\"2019\",\"copyrightHolder\":{\"@id\":\"https:\/\/www.estrategiaconcursos.com.br\/blog\/#organization\"}},{\"@type\":\"WebPage\",\"@id\":\"https:\/\/www.estrategiaconcursos.com.br\/blog\/mensagem-aos-assinantes-009-verdades-duras-sobre-os-trts-sonho-grande\/\",\"url\":\"https:\/\/www.estrategiaconcursos.com.br\/blog\/mensagem-aos-assinantes-009-verdades-duras-sobre-os-trts-sonho-grande\/\",\"name\":\"Mensagem aos Assinantes 009: verdades duras sobre os TRTs + sonho grande!\",\"isPartOf\":{\"@id\":\"https:\/\/www.estrategiaconcursos.com.br\/blog\/#website\"},\"datePublished\":\"2019-08-19T14:52:36+00:00\",\"dateModified\":\"2019-08-20T14:56:41+00:00\",\"breadcrumb\":{\"@id\":\"https:\/\/www.estrategiaconcursos.com.br\/blog\/mensagem-aos-assinantes-009-verdades-duras-sobre-os-trts-sonho-grande\/#breadcrumb\"},\"inLanguage\":\"pt-BR\",\"potentialAction\":[{\"@type\":\"ReadAction\",\"target\":[\"https:\/\/www.estrategiaconcursos.com.br\/blog\/mensagem-aos-assinantes-009-verdades-duras-sobre-os-trts-sonho-grande\/\"]}]},{\"@type\":\"BreadcrumbList\",\"@id\":\"https:\/\/www.estrategiaconcursos.com.br\/blog\/mensagem-aos-assinantes-009-verdades-duras-sobre-os-trts-sonho-grande\/#breadcrumb\",\"itemListElement\":[{\"@type\":\"ListItem\",\"position\":1,\"name\":\"In\u00edcio\",\"item\":\"https:\/\/www.estrategiaconcursos.com.br\/blog\/\"},{\"@type\":\"ListItem\",\"position\":2,\"name\":\"Mensagem aos Assinantes 009: verdades duras sobre os TRTs + sonho grande!\"}]},{\"@type\":\"WebSite\",\"@id\":\"https:\/\/www.estrategiaconcursos.com.br\/blog\/#website\",\"url\":\"https:\/\/www.estrategiaconcursos.com.br\/blog\/\",\"name\":\"Estrat\u00e9gia Concursos\",\"description\":\"O blog da Estrat\u00e9gia Concursos traz not\u00edcias sobre concursos e artigos de professores oferecendo cursos para concursos (pdf + videaulas) no site.\",\"publisher\":{\"@id\":\"https:\/\/www.estrategiaconcursos.com.br\/blog\/#organization\"},\"potentialAction\":[{\"@type\":\"SearchAction\",\"target\":{\"@type\":\"EntryPoint\",\"urlTemplate\":\"https:\/\/www.estrategiaconcursos.com.br\/blog\/?s={search_term_string}\"},\"query-input\":{\"@type\":\"PropertyValueSpecification\",\"valueRequired\":true,\"valueName\":\"search_term_string\"}}],\"inLanguage\":\"pt-BR\"},{\"@type\":\"Organization\",\"@id\":\"https:\/\/www.estrategiaconcursos.com.br\/blog\/#organization\",\"name\":\"Estrat\u00e9gia Concursos\",\"url\":\"https:\/\/www.estrategiaconcursos.com.br\/blog\/\",\"logo\":{\"@type\":\"ImageObject\",\"inLanguage\":\"pt-BR\",\"@id\":\"https:\/\/www.estrategiaconcursos.com.br\/blog\/#\/schema\/logo\/image\/\",\"url\":\"https:\/\/dhg1h5j42swfq.cloudfront.net\/2025\/06\/03203428\/logo_concursos-1.jpg\",\"contentUrl\":\"https:\/\/dhg1h5j42swfq.cloudfront.net\/2025\/06\/03203428\/logo_concursos-1.jpg\",\"width\":230,\"height\":60,\"caption\":\"Estrat\u00e9gia Concursos\"},\"image\":{\"@id\":\"https:\/\/www.estrategiaconcursos.com.br\/blog\/#\/schema\/logo\/image\/\"},\"sameAs\":[\"https:\/\/x.com\/EstratConcursos\"]},{\"@type\":\"Person\",\"@id\":\"https:\/\/www.estrategiaconcursos.com.br\/blog\/#\/schema\/person\/c32e47dba2159cafe7796a9569a6ff7e\",\"name\":\"Ricardo Vale\",\"image\":{\"@type\":\"ImageObject\",\"inLanguage\":\"pt-BR\",\"@id\":\"https:\/\/secure.gravatar.com\/avatar\/e5a5658c798bb49dd53314263f59f38c192d73370fb65839a372c2ae9027be74?s=96&d=mm&r=g\",\"url\":\"https:\/\/secure.gravatar.com\/avatar\/e5a5658c798bb49dd53314263f59f38c192d73370fb65839a372c2ae9027be74?s=96&d=mm&r=g\",\"contentUrl\":\"https:\/\/secure.gravatar.com\/avatar\/e5a5658c798bb49dd53314263f59f38c192d73370fb65839a372c2ae9027be74?s=96&d=mm&r=g\",\"caption\":\"Ricardo Vale\"},\"sameAs\":[\"https:\/\/www.facebook.com\/rvale01\",\"https:\/\/x.com\/https:\/\/twitter.com\/EstratConcursos\"],\"url\":\"https:\/\/www.estrategiaconcursos.com.br\/blog\/author\/ricardovaleestrategiaconcursos-com-br\/\"}]}<\/script>\n<!-- \/ Yoast SEO Premium plugin. -->","yoast_head_json":{"title":"Mensagem aos Assinantes 009: verdades duras sobre os TRTs + sonho grande!","robots":{"index":"index","follow":"follow","max-snippet":"max-snippet:-1","max-image-preview":"max-image-preview:large","max-video-preview":"max-video-preview:-1"},"canonical":"https:\/\/www.estrategiaconcursos.com.br\/blog\/mensagem-aos-assinantes-009-verdades-duras-sobre-os-trts-sonho-grande\/","og_locale":"pt_BR","og_type":"article","og_title":"Mensagem aos Assinantes 009: verdades duras sobre os TRTs + sonho grande!","og_description":"Ol\u00e1, pessoal! Tudo joia? Escrever a mensagem semanal para os assinantes \u00e9 sempre uma grande satisfa\u00e7\u00e3o. Hoje, decidi fazer algo diferente. Al\u00e9m de responder mensagens e perguntas de alguns alunos, vou tamb\u00e9m escrever um pouco sobre a vida do concurseiro. Mais tarde, realizarei uma transmiss\u00e3o AO VIVO, junto ao professor Lu\u00eds Eduardo, para falar sobre [&hellip;]","og_url":"https:\/\/www.estrategiaconcursos.com.br\/blog\/mensagem-aos-assinantes-009-verdades-duras-sobre-os-trts-sonho-grande\/","og_site_name":"Estrat\u00e9gia Concursos","article_author":"https:\/\/www.facebook.com\/rvale01","article_published_time":"2019-08-19T14:52:36+00:00","article_modified_time":"2019-08-20T14:56:41+00:00","author":"Ricardo Vale","twitter_card":"summary_large_image","twitter_creator":"@https:\/\/twitter.com\/EstratConcursos","twitter_site":"@EstratConcursos","twitter_misc":{"Escrito por":"Ricardo Vale","Est. tempo de leitura":"7 minutos"},"schema":{"@context":"https:\/\/schema.org","@graph":[{"@type":"NewsArticle","@id":"https:\/\/www.estrategiaconcursos.com.br\/blog\/mensagem-aos-assinantes-009-verdades-duras-sobre-os-trts-sonho-grande\/#article","isPartOf":{"@id":"https:\/\/www.estrategiaconcursos.com.br\/blog\/mensagem-aos-assinantes-009-verdades-duras-sobre-os-trts-sonho-grande\/"},"author":{"name":"Ricardo Vale","@id":"https:\/\/www.estrategiaconcursos.com.br\/blog\/#\/schema\/person\/c32e47dba2159cafe7796a9569a6ff7e"},"headline":"Mensagem aos Assinantes 009: verdades duras sobre os TRTs + sonho grande!","datePublished":"2019-08-19T14:52:36+00:00","dateModified":"2019-08-20T14:56:41+00:00","mainEntityOfPage":{"@id":"https:\/\/www.estrategiaconcursos.com.br\/blog\/mensagem-aos-assinantes-009-verdades-duras-sobre-os-trts-sonho-grande\/"},"wordCount":1429,"commentCount":25,"publisher":{"@id":"https:\/\/www.estrategiaconcursos.com.br\/blog\/#organization"},"articleSection":["Concursos P\u00fablicos"],"inLanguage":"pt-BR","potentialAction":[{"@type":"CommentAction","name":"Comment","target":["https:\/\/www.estrategiaconcursos.com.br\/blog\/mensagem-aos-assinantes-009-verdades-duras-sobre-os-trts-sonho-grande\/#respond"]}],"copyrightYear":"2019","copyrightHolder":{"@id":"https:\/\/www.estrategiaconcursos.com.br\/blog\/#organization"}},{"@type":"WebPage","@id":"https:\/\/www.estrategiaconcursos.com.br\/blog\/mensagem-aos-assinantes-009-verdades-duras-sobre-os-trts-sonho-grande\/","url":"https:\/\/www.estrategiaconcursos.com.br\/blog\/mensagem-aos-assinantes-009-verdades-duras-sobre-os-trts-sonho-grande\/","name":"Mensagem aos Assinantes 009: verdades duras sobre os TRTs + sonho grande!","isPartOf":{"@id":"https:\/\/www.estrategiaconcursos.com.br\/blog\/#website"},"datePublished":"2019-08-19T14:52:36+00:00","dateModified":"2019-08-20T14:56:41+00:00","breadcrumb":{"@id":"https:\/\/www.estrategiaconcursos.com.br\/blog\/mensagem-aos-assinantes-009-verdades-duras-sobre-os-trts-sonho-grande\/#breadcrumb"},"inLanguage":"pt-BR","potentialAction":[{"@type":"ReadAction","target":["https:\/\/www.estrategiaconcursos.com.br\/blog\/mensagem-aos-assinantes-009-verdades-duras-sobre-os-trts-sonho-grande\/"]}]},{"@type":"BreadcrumbList","@id":"https:\/\/www.estrategiaconcursos.com.br\/blog\/mensagem-aos-assinantes-009-verdades-duras-sobre-os-trts-sonho-grande\/#breadcrumb","itemListElement":[{"@type":"ListItem","position":1,"name":"In\u00edcio","item":"https:\/\/www.estrategiaconcursos.com.br\/blog\/"},{"@type":"ListItem","position":2,"name":"Mensagem aos Assinantes 009: verdades duras sobre os TRTs + sonho grande!"}]},{"@type":"WebSite","@id":"https:\/\/www.estrategiaconcursos.com.br\/blog\/#website","url":"https:\/\/www.estrategiaconcursos.com.br\/blog\/","name":"Estrat\u00e9gia Concursos","description":"O blog da Estrat\u00e9gia Concursos traz not\u00edcias sobre concursos e artigos de professores oferecendo cursos para concursos (pdf + videaulas) no site.","publisher":{"@id":"https:\/\/www.estrategiaconcursos.com.br\/blog\/#organization"},"potentialAction":[{"@type":"SearchAction","target":{"@type":"EntryPoint","urlTemplate":"https:\/\/www.estrategiaconcursos.com.br\/blog\/?s={search_term_string}"},"query-input":{"@type":"PropertyValueSpecification","valueRequired":true,"valueName":"search_term_string"}}],"inLanguage":"pt-BR"},{"@type":"Organization","@id":"https:\/\/www.estrategiaconcursos.com.br\/blog\/#organization","name":"Estrat\u00e9gia Concursos","url":"https:\/\/www.estrategiaconcursos.com.br\/blog\/","logo":{"@type":"ImageObject","inLanguage":"pt-BR","@id":"https:\/\/www.estrategiaconcursos.com.br\/blog\/#\/schema\/logo\/image\/","url":"https:\/\/dhg1h5j42swfq.cloudfront.net\/2025\/06\/03203428\/logo_concursos-1.jpg","contentUrl":"https:\/\/dhg1h5j42swfq.cloudfront.net\/2025\/06\/03203428\/logo_concursos-1.jpg","width":230,"height":60,"caption":"Estrat\u00e9gia Concursos"},"image":{"@id":"https:\/\/www.estrategiaconcursos.com.br\/blog\/#\/schema\/logo\/image\/"},"sameAs":["https:\/\/x.com\/EstratConcursos"]},{"@type":"Person","@id":"https:\/\/www.estrategiaconcursos.com.br\/blog\/#\/schema\/person\/c32e47dba2159cafe7796a9569a6ff7e","name":"Ricardo Vale","image":{"@type":"ImageObject","inLanguage":"pt-BR","@id":"https:\/\/secure.gravatar.com\/avatar\/e5a5658c798bb49dd53314263f59f38c192d73370fb65839a372c2ae9027be74?s=96&d=mm&r=g","url":"https:\/\/secure.gravatar.com\/avatar\/e5a5658c798bb49dd53314263f59f38c192d73370fb65839a372c2ae9027be74?s=96&d=mm&r=g","contentUrl":"https:\/\/secure.gravatar.com\/avatar\/e5a5658c798bb49dd53314263f59f38c192d73370fb65839a372c2ae9027be74?s=96&d=mm&r=g","caption":"Ricardo Vale"},"sameAs":["https:\/\/www.facebook.com\/rvale01","https:\/\/x.com\/https:\/\/twitter.com\/EstratConcursos"],"url":"https:\/\/www.estrategiaconcursos.com.br\/blog\/author\/ricardovaleestrategiaconcursos-com-br\/"}]}},"_links":{"self":[{"href":"https:\/\/www.estrategiaconcursos.com.br\/blog\/wp-json\/wp\/v2\/posts\/410211","targetHints":{"allow":["GET"]}}],"collection":[{"href":"https:\/\/www.estrategiaconcursos.com.br\/blog\/wp-json\/wp\/v2\/posts"}],"about":[{"href":"https:\/\/www.estrategiaconcursos.com.br\/blog\/wp-json\/wp\/v2\/types\/post"}],"author":[{"embeddable":true,"href":"https:\/\/www.estrategiaconcursos.com.br\/blog\/wp-json\/wp\/v2\/users\/26"}],"replies":[{"embeddable":true,"href":"https:\/\/www.estrategiaconcursos.com.br\/blog\/wp-json\/wp\/v2\/comments?post=410211"}],"version-history":[{"count":16,"href":"https:\/\/www.estrategiaconcursos.com.br\/blog\/wp-json\/wp\/v2\/posts\/410211\/revisions"}],"predecessor-version":[{"id":411290,"href":"https:\/\/www.estrategiaconcursos.com.br\/blog\/wp-json\/wp\/v2\/posts\/410211\/revisions\/411290"}],"wp:attachment":[{"href":"https:\/\/www.estrategiaconcursos.com.br\/blog\/wp-json\/wp\/v2\/media?parent=410211"}],"wp:term":[{"taxonomy":"category","embeddable":true,"href":"https:\/\/www.estrategiaconcursos.com.br\/blog\/wp-json\/wp\/v2\/categories?post=410211"},{"taxonomy":"post_tag","embeddable":true,"href":"https:\/\/www.estrategiaconcursos.com.br\/blog\/wp-json\/wp\/v2\/tags?post=410211"},{"taxonomy":"tax_estado","embeddable":true,"href":"https:\/\/www.estrategiaconcursos.com.br\/blog\/wp-json\/wp\/v2\/tax_estado?post=410211"}],"curies":[{"name":"wp","href":"https:\/\/api.w.org\/{rel}","templated":true}]}}