{"id":410185,"date":"2019-08-19T08:00:57","date_gmt":"2019-08-19T11:00:57","guid":{"rendered":"https:\/\/www.estrategiaconcursos.com.br\/blog\/?p=410185"},"modified":"2019-08-19T09:45:35","modified_gmt":"2019-08-19T12:45:35","slug":"concursos-abertos-19-08-19","status":"publish","type":"post","link":"https:\/\/www.estrategiaconcursos.com.br\/blog\/concursos-abertos-19-08-19\/","title":{"rendered":"Concursos Abertos: mais de 1.250 novas vagas esta semana"},"content":{"rendered":"\n<p>Novos editais publicados nos \u00faltimos dias somam 1.259 vagas imediatas e para cadastro de reserva. O grande destaque na \u00faltima semana foram os <strong>Conselhos Regionais<\/strong> de Farm\u00e1cia e Nutricionismo. J\u00e1 a <strong>Prefeitura de Betim<\/strong>, munic\u00edpio de Minas Gerais, oferta 392 vagas para diversos cargos de n\u00edvel m\u00e9dio e superior.<\/p>\n\n\n\n<p>Se voc\u00ea est\u00e1 em busca de uma vaga no seu estado, n\u00e3o deixe de conferir os \u00faltimos concursos publicados e ao final, os links para os nossos artigos com os principais panoramas e previs\u00f5es de certames em 2019 e 2020.<\/p>\n\n\n\n<h2 class=\"wp-block-heading\">Concurso CRF BA<\/h2>\n\n\n\n<p>O edital do Concurso do Conselho Regional de Farm\u00e1cia do Estado da Bahia oferta <strong><em>73 vagas<\/em><\/strong>, sendo 14 efetivas mais 59 para cadastro de reserva. Sob organiza\u00e7\u00e3o do Instituto Quadrix, as vagas s\u00e3o para cargos de n\u00edvel m\u00e9dio e superior. <\/p>\n\n\n\n<p style=\"text-align:center\" class=\"has-background has-very-light-gray-background-color\"><strong>Mais informa\u00e7\u00f5es: <a href=\"https:\/\/www.estrategiaconcursos.com.br\/blog\/concurso-crf-ba\/\" target=\"_blank\" rel=\"noreferrer noopener\" aria-label=\"Concurso CRF BA (abre numa nova aba)\">Concurso CRF BA<\/a><\/strong><\/p>\n\n\n\n<h2 class=\"wp-block-heading\">Concurso CRF ES<\/h2>\n\n\n\n<p>O concurso p\u00fablico do Conselho Regional de Farm\u00e1cia do Estado da Bahia oferta <strong><em>9 vagas<\/em><\/strong> imediatas mais <strong><em>171 para cadastro reserva<\/em><\/strong> nos cargos de Assistente Administrativo e Financeiro, T\u00e9cnico de N\u00edvel Superior e Farmac\u00eautico.  <\/p>\n\n\n\n<p style=\"text-align:center\" class=\"has-background has-very-light-gray-background-color\"><strong>Mais informa\u00e7\u00f5es: <a href=\"https:\/\/www.estrategiaconcursos.com.br\/blog\/concurso-crf-ES\/\" target=\"_blank\" rel=\"noreferrer noopener\" aria-label=\"Concurso CRF ES (abre numa nova aba)\">Concurso CRF ES<\/a><\/strong><\/p>\n\n\n\n<h2 class=\"wp-block-heading\">Concurso CRF SE<\/h2>\n\n\n\n<p>O Conselho Regional de Farm\u00e1cia de Sergipe est\u00e1 com concurso aberto com <strong><em>11 vagas<\/em><\/strong> para profissionais de n\u00edveis superior. S\u00e3o vagas para Farmac\u00eautico-Fiscal J\u00fanior e Administrador. As lota\u00e7\u00f5es s\u00e3o para a cidade de Aracaju. <\/p>\n\n\n\n<p style=\"text-align:center\" class=\"has-background has-very-light-gray-background-color\"><strong>Mais informa\u00e7\u00f5es: <a href=\"https:\/\/www.estrategiaconcursos.com.br\/blog\/concurso-crf-se\/\" target=\"_blank\" rel=\"noreferrer noopener\" aria-label=\"Concurso CRF SE (abre numa nova aba)\">Concurso CRF SE<\/a><\/strong><\/p>\n\n\n\n<h2 class=\"wp-block-heading\">Concurso CRN 9 (MG)<\/h2>\n\n\n\n<p>O Conselho Regional de Nutric\u00e3o da 9\u00aa Regi\u00e3o\u00a0(Minas Gerais)\u00a0oferta <strong><em>560 vagas<\/em><\/strong>, sendo 2 imediatas e 558 para cadastro reserva para diversos cargos de n\u00edvel fundamental, m\u00e9dio, m\u00e9dio\/t\u00e9cnico e superior. <\/p>\n\n\n\n<p style=\"text-align:center\" class=\"has-background has-very-light-gray-background-color\"><strong>Mais informa\u00e7\u00f5es: <a href=\"https:\/\/www.estrategiaconcursos.com.br\/blog\/concurso-crn-9-mg\/\" target=\"_blank\" rel=\"noreferrer noopener\" aria-label=\"Concurso CRN 9 (abre numa nova aba)\">Concurso CRN 9<\/a><\/strong><\/p>\n\n\n\n<h2 class=\"wp-block-heading\">Concurso Prefeitura de Betim e ISS Betim (MG)<\/h2>\n\n\n\n<p>A Prefeitura de Betim abriu concurso com <em><strong>392 vagas<\/strong><\/em> para cargos de n\u00edvel m\u00e9dio e superior, com remunera\u00e7\u00f5es de R$ 1.028,54 a R$ 4.952,00. Para o cargo de Auditor Fiscal, s\u00e3o 07 vagas para ampla concorr\u00eancia, candidatos negros e pessoas com defici\u00eancia.&nbsp; <\/p>\n\n\n\n<p style=\"text-align:center\" class=\"has-background has-very-light-gray-background-color\"><strong>Mais informa\u00e7\u00f5es: <a rel=\"noreferrer noopener\" aria-label=\"Concurso Prefeitura de Betim (abre numa nova aba)\" href=\"https:\/\/www.estrategiaconcursos.com.br\/blog\/concurso-prefeitura-betim\/\" target=\"_blank\">Concurso Prefeitura de Betim<\/a> e <a href=\"https:\/\/www.estrategiaconcursos.com.br\/blog\/concurso-iss-betim\/\" target=\"_blank\" rel=\"noreferrer noopener\" aria-label=\"Concurso ISS Betim (abre numa nova aba)\">Concurso ISS Betim<\/a><\/strong><\/p>\n\n\n\n<h2 class=\"wp-block-heading\">Concurso UFRJ (republicado)<\/h2>\n\n\n\n<p>O concurso p\u00fablico da Universidade Federal do Rio de Janeiro foi republicado e teve altera\u00e7\u00f5es no cronograma. S\u00e3o <strong><em>41 vagas <\/em><\/strong>para cargos de classifica\u00e7\u00e3o D e E. Provas em dezembro.<\/p>\n\n\n\n<p style=\"text-align:center\" class=\"has-background has-very-light-gray-background-color\"><strong>Mais informa\u00e7\u00f5es: <a rel=\"noreferrer noopener\" aria-label=\"Concurso UFRJ (abre numa nova aba)\" href=\"https:\/\/www.estrategiaconcursos.com.br\/blog\/concurso-ufrj-2\/\" target=\"_blank\">Concurso UFRJ<\/a><\/strong><\/p>\n\n\n\n<h2 class=\"wp-block-heading\">Concurso IAMSPE (SP)<\/h2>\n\n\n\n<p>O concurso p\u00fablico do&nbsp;Instituto de Assist\u00eancia M\u00e9dica ao Servidor P\u00fablico Estadual do Estado de S\u00e3o Paulo oferta<em><strong> 2 vagas<\/strong><\/em> para o cargo de Agente T\u00e9cnico de Assist\u00eancia \u00e0 Sa\u00fade (F\u00edsico) \u2013 Supervisor de Prote\u00e7\u00e3o Radiol\u00f3gica. <\/p>\n\n\n\n<p style=\"text-align:center\" class=\"has-background has-very-light-gray-background-color\"><strong>Mais informa\u00e7\u00f5es: <a href=\"https:\/\/www.estrategiaconcursos.com.br\/blog\/concurso-iamspe-2\/\" target=\"_blank\" rel=\"noreferrer noopener\" aria-label=\"Concurso IAMSPE (abre numa nova aba)\">Concurso IAMSPE<\/a><\/strong><\/p>\n\n\n\n<p style=\"text-align:center\" class=\"has-background has-medium-font-size has-pale-cyan-blue-background-color\"><strong><a href=\"https:\/\/www.estrategiaconcursos.com.br\/blog\/concursos-abertos\/\">CONCURSOS ABERTOS<\/a><\/strong><\/p>\n\n\n\n<p style=\"text-align:center\" class=\"has-background has-medium-font-size has-pale-cyan-blue-background-color\"><a href=\"https:\/\/www.estrategiaconcursos.com.br\/blog\/concursos-2019\/\"><strong>CONCURSOS 2019<\/strong><\/a><\/p>\n\n\n\n<p style=\"text-align:center\" class=\"has-background has-medium-font-size has-pale-cyan-blue-background-color\"><a href=\"https:\/\/www.estrategiaconcursos.com.br\/blog\/concursos-2020\/\"><strong>CONCURSOS<\/strong><\/a><strong><a href=\"https:\/\/www.estrategiaconcursos.com.br\/blog\/concursos-2020\/\">&nbsp;2020<\/a><\/strong><\/p>\n\n\n\n<p style=\"text-align:center\"><br \/><em><strong>Assinatura Anual Ilimitada*<\/strong><\/em><\/p>\n\n\n\n<p style=\"text-align:center\"><em>Prepare-se com o melhor material e com quem mais aprova em Concursos P\u00fablicos em todo o pa\u00eds. Assine agora a nossa Assinatura Anual e tenha acesso ilimitado* a todos os nossos cursos.<\/em><\/p>\n\n\n\n<p style=\"text-align:center\" class=\"has-background has-light-green-cyan-background-color\"><strong>ASSINE AGORA<\/strong>&nbsp;\u2013&nbsp;<a rel=\"noreferrer noopener\" href=\"https:\/\/www.estrategiaconcursos.com.br\/assinaturas\" target=\"_blank\"><strong>Assinatura Ilimitada<\/strong><\/a><\/p>\n\n\n\n<p><br \/><em>Ascom Estrat\u00e9gia<br \/><\/em>ascomestrategia@gmail.com<\/p>\n","protected":false},"excerpt":{"rendered":"<p>Novos editais publicados nos \u00faltimos dias somam 1.259 vagas imediatas e para cadastro de reserva. O grande destaque na \u00faltima semana foram os Conselhos Regionais de Farm\u00e1cia e Nutricionismo. J\u00e1 a Prefeitura de Betim, munic\u00edpio de Minas Gerais, oferta 392 vagas para diversos cargos de n\u00edvel m\u00e9dio e superior. Se voc\u00ea est\u00e1 em busca de [&hellip;]<\/p>\n","protected":false},"author":188,"featured_media":364742,"comment_status":"open","ping_status":"closed","sticky":false,"template":"","format":"standard","meta":{"post_tipo":"article","footnotes":""},"categories":[1],"tags":[],"tax_estado":[],"class_list":["post-410185","post","type-post","status-publish","format-standard","has-post-thumbnail","hentry","category-cursos-e-concursos"],"acf":[],"yoast_head":"<!-- This site is optimized with the Yoast SEO Premium plugin v27.2 (Yoast SEO v27.2) - https:\/\/yoast.com\/product\/yoast-seo-premium-wordpress\/ -->\n<title>Concursos Abertos: mais de 1.250 novas vagas esta semana<\/title>\n<meta name=\"robots\" content=\"index, follow, max-snippet:-1, max-image-preview:large, max-video-preview:-1\" \/>\n<link rel=\"canonical\" href=\"https:\/\/www.estrategiaconcursos.com.br\/blog\/concursos-abertos-19-08-19\/\" \/>\n<meta property=\"og:locale\" content=\"pt_BR\" \/>\n<meta property=\"og:type\" content=\"article\" \/>\n<meta property=\"og:title\" content=\"Concursos Abertos: mais de 1.250 novas vagas esta semana\" \/>\n<meta property=\"og:description\" content=\"Novos editais publicados nos \u00faltimos dias somam 1.259 vagas imediatas e para cadastro de reserva. O grande destaque na \u00faltima semana foram os Conselhos Regionais de Farm\u00e1cia e Nutricionismo. J\u00e1 a Prefeitura de Betim, munic\u00edpio de Minas Gerais, oferta 392 vagas para diversos cargos de n\u00edvel m\u00e9dio e superior. Se voc\u00ea est\u00e1 em busca de [&hellip;]\" \/>\n<meta property=\"og:url\" content=\"https:\/\/www.estrategiaconcursos.com.br\/blog\/concursos-abertos-19-08-19\/\" \/>\n<meta property=\"og:site_name\" content=\"Estrat\u00e9gia Concursos\" \/>\n<meta property=\"article:published_time\" content=\"2019-08-19T11:00:57+00:00\" \/>\n<meta property=\"article:modified_time\" content=\"2019-08-19T12:45:35+00:00\" \/>\n<meta property=\"og:image\" content=\"https:\/\/dhg1h5j42swfq.cloudfront.net\/2019\/04\/20085844\/Concursos-abertos2-e1555761535855.jpg\" \/>\n\t<meta property=\"og:image:width\" content=\"400\" \/>\n\t<meta property=\"og:image:height\" content=\"209\" \/>\n\t<meta property=\"og:image:type\" content=\"image\/jpeg\" \/>\n<meta name=\"author\" content=\"Tha\u00eds Mendes (Jornalista)\" \/>\n<meta name=\"twitter:card\" content=\"summary_large_image\" \/>\n<meta name=\"twitter:creator\" content=\"@EstratConcursos\" \/>\n<meta name=\"twitter:site\" content=\"@EstratConcursos\" \/>\n<meta name=\"twitter:label1\" content=\"Escrito por\" \/>\n\t<meta name=\"twitter:data1\" content=\"Tha\u00eds Mendes (Jornalista)\" \/>\n\t<meta name=\"twitter:label2\" content=\"Est. tempo de leitura\" \/>\n\t<meta name=\"twitter:data2\" content=\"2 minutos\" \/>\n<script type=\"application\/ld+json\" class=\"yoast-schema-graph\">{\"@context\":\"https:\/\/schema.org\",\"@graph\":[{\"@type\":\"NewsArticle\",\"@id\":\"https:\/\/www.estrategiaconcursos.com.br\/blog\/concursos-abertos-19-08-19\/#article\",\"isPartOf\":{\"@id\":\"https:\/\/www.estrategiaconcursos.com.br\/blog\/concursos-abertos-19-08-19\/\"},\"author\":{\"name\":\"Tha\u00eds Mendes (Jornalista)\",\"@id\":\"https:\/\/www.estrategiaconcursos.com.br\/blog\/#\/schema\/person\/b69f846fcb6f09c1b651569e30b6e865\"},\"headline\":\"Concursos Abertos: mais de 1.250 novas vagas esta semana\",\"datePublished\":\"2019-08-19T11:00:57+00:00\",\"dateModified\":\"2019-08-19T12:45:35+00:00\",\"mainEntityOfPage\":{\"@id\":\"https:\/\/www.estrategiaconcursos.com.br\/blog\/concursos-abertos-19-08-19\/\"},\"wordCount\":499,\"commentCount\":0,\"publisher\":{\"@id\":\"https:\/\/www.estrategiaconcursos.com.br\/blog\/#organization\"},\"image\":{\"@id\":\"https:\/\/www.estrategiaconcursos.com.br\/blog\/concursos-abertos-19-08-19\/#primaryimage\"},\"thumbnailUrl\":\"https:\/\/dhg1h5j42swfq.cloudfront.net\/2019\/04\/20085844\/Concursos-abertos2-e1555761535855.jpg\",\"articleSection\":[\"Concursos P\u00fablicos\"],\"inLanguage\":\"pt-BR\",\"potentialAction\":[{\"@type\":\"CommentAction\",\"name\":\"Comment\",\"target\":[\"https:\/\/www.estrategiaconcursos.com.br\/blog\/concursos-abertos-19-08-19\/#respond\"]}],\"copyrightYear\":\"2019\",\"copyrightHolder\":{\"@id\":\"https:\/\/www.estrategiaconcursos.com.br\/blog\/#organization\"}},{\"@type\":\"WebPage\",\"@id\":\"https:\/\/www.estrategiaconcursos.com.br\/blog\/concursos-abertos-19-08-19\/\",\"url\":\"https:\/\/www.estrategiaconcursos.com.br\/blog\/concursos-abertos-19-08-19\/\",\"name\":\"Concursos Abertos: mais de 1.250 novas vagas esta semana\",\"isPartOf\":{\"@id\":\"https:\/\/www.estrategiaconcursos.com.br\/blog\/#website\"},\"primaryImageOfPage\":{\"@id\":\"https:\/\/www.estrategiaconcursos.com.br\/blog\/concursos-abertos-19-08-19\/#primaryimage\"},\"image\":{\"@id\":\"https:\/\/www.estrategiaconcursos.com.br\/blog\/concursos-abertos-19-08-19\/#primaryimage\"},\"thumbnailUrl\":\"https:\/\/dhg1h5j42swfq.cloudfront.net\/2019\/04\/20085844\/Concursos-abertos2-e1555761535855.jpg\",\"datePublished\":\"2019-08-19T11:00:57+00:00\",\"dateModified\":\"2019-08-19T12:45:35+00:00\",\"breadcrumb\":{\"@id\":\"https:\/\/www.estrategiaconcursos.com.br\/blog\/concursos-abertos-19-08-19\/#breadcrumb\"},\"inLanguage\":\"pt-BR\",\"potentialAction\":[{\"@type\":\"ReadAction\",\"target\":[\"https:\/\/www.estrategiaconcursos.com.br\/blog\/concursos-abertos-19-08-19\/\"]}]},{\"@type\":\"ImageObject\",\"inLanguage\":\"pt-BR\",\"@id\":\"https:\/\/www.estrategiaconcursos.com.br\/blog\/concursos-abertos-19-08-19\/#primaryimage\",\"url\":\"https:\/\/dhg1h5j42swfq.cloudfront.net\/2019\/04\/20085844\/Concursos-abertos2-e1555761535855.jpg\",\"contentUrl\":\"https:\/\/dhg1h5j42swfq.cloudfront.net\/2019\/04\/20085844\/Concursos-abertos2-e1555761535855.jpg\",\"width\":400,\"height\":209,\"caption\":\"Concursos abertos\"},{\"@type\":\"BreadcrumbList\",\"@id\":\"https:\/\/www.estrategiaconcursos.com.br\/blog\/concursos-abertos-19-08-19\/#breadcrumb\",\"itemListElement\":[{\"@type\":\"ListItem\",\"position\":1,\"name\":\"In\u00edcio\",\"item\":\"https:\/\/www.estrategiaconcursos.com.br\/blog\/\"},{\"@type\":\"ListItem\",\"position\":2,\"name\":\"Concursos Abertos: mais de 1.250 novas vagas esta semana\"}]},{\"@type\":\"WebSite\",\"@id\":\"https:\/\/www.estrategiaconcursos.com.br\/blog\/#website\",\"url\":\"https:\/\/www.estrategiaconcursos.com.br\/blog\/\",\"name\":\"Estrat\u00e9gia Concursos\",\"description\":\"O blog da Estrat\u00e9gia Concursos traz not\u00edcias sobre concursos e artigos de professores oferecendo cursos para concursos (pdf + videaulas) no site.\",\"publisher\":{\"@id\":\"https:\/\/www.estrategiaconcursos.com.br\/blog\/#organization\"},\"potentialAction\":[{\"@type\":\"SearchAction\",\"target\":{\"@type\":\"EntryPoint\",\"urlTemplate\":\"https:\/\/www.estrategiaconcursos.com.br\/blog\/?s={search_term_string}\"},\"query-input\":{\"@type\":\"PropertyValueSpecification\",\"valueRequired\":true,\"valueName\":\"search_term_string\"}}],\"inLanguage\":\"pt-BR\"},{\"@type\":\"Organization\",\"@id\":\"https:\/\/www.estrategiaconcursos.com.br\/blog\/#organization\",\"name\":\"Estrat\u00e9gia Concursos\",\"url\":\"https:\/\/www.estrategiaconcursos.com.br\/blog\/\",\"logo\":{\"@type\":\"ImageObject\",\"inLanguage\":\"pt-BR\",\"@id\":\"https:\/\/www.estrategiaconcursos.com.br\/blog\/#\/schema\/logo\/image\/\",\"url\":\"https:\/\/dhg1h5j42swfq.cloudfront.net\/2025\/06\/03203428\/logo_concursos-1.jpg\",\"contentUrl\":\"https:\/\/dhg1h5j42swfq.cloudfront.net\/2025\/06\/03203428\/logo_concursos-1.jpg\",\"width\":230,\"height\":60,\"caption\":\"Estrat\u00e9gia Concursos\"},\"image\":{\"@id\":\"https:\/\/www.estrategiaconcursos.com.br\/blog\/#\/schema\/logo\/image\/\"},\"sameAs\":[\"https:\/\/x.com\/EstratConcursos\"]},{\"@type\":\"Person\",\"@id\":\"https:\/\/www.estrategiaconcursos.com.br\/blog\/#\/schema\/person\/b69f846fcb6f09c1b651569e30b6e865\",\"name\":\"Tha\u00eds Mendes (Jornalista)\",\"image\":{\"@type\":\"ImageObject\",\"inLanguage\":\"pt-BR\",\"@id\":\"https:\/\/secure.gravatar.com\/avatar\/3c9c4f2eb3e762ee925852cf3188d5507fcec36cfe4fdee47acd4135266a8614?s=96&d=mm&r=g\",\"url\":\"https:\/\/secure.gravatar.com\/avatar\/3c9c4f2eb3e762ee925852cf3188d5507fcec36cfe4fdee47acd4135266a8614?s=96&d=mm&r=g\",\"contentUrl\":\"https:\/\/secure.gravatar.com\/avatar\/3c9c4f2eb3e762ee925852cf3188d5507fcec36cfe4fdee47acd4135266a8614?s=96&d=mm&r=g\",\"caption\":\"Tha\u00eds Mendes (Jornalista)\"},\"url\":\"https:\/\/www.estrategiaconcursos.com.br\/blog\/author\/comunicacaoestrategiaconcursos-com-br\/\"}]}<\/script>\n<!-- \/ Yoast SEO Premium plugin. -->","yoast_head_json":{"title":"Concursos Abertos: mais de 1.250 novas vagas esta semana","robots":{"index":"index","follow":"follow","max-snippet":"max-snippet:-1","max-image-preview":"max-image-preview:large","max-video-preview":"max-video-preview:-1"},"canonical":"https:\/\/www.estrategiaconcursos.com.br\/blog\/concursos-abertos-19-08-19\/","og_locale":"pt_BR","og_type":"article","og_title":"Concursos Abertos: mais de 1.250 novas vagas esta semana","og_description":"Novos editais publicados nos \u00faltimos dias somam 1.259 vagas imediatas e para cadastro de reserva. O grande destaque na \u00faltima semana foram os Conselhos Regionais de Farm\u00e1cia e Nutricionismo. J\u00e1 a Prefeitura de Betim, munic\u00edpio de Minas Gerais, oferta 392 vagas para diversos cargos de n\u00edvel m\u00e9dio e superior. Se voc\u00ea est\u00e1 em busca de [&hellip;]","og_url":"https:\/\/www.estrategiaconcursos.com.br\/blog\/concursos-abertos-19-08-19\/","og_site_name":"Estrat\u00e9gia Concursos","article_published_time":"2019-08-19T11:00:57+00:00","article_modified_time":"2019-08-19T12:45:35+00:00","og_image":[{"width":400,"height":209,"url":"https:\/\/dhg1h5j42swfq.cloudfront.net\/2019\/04\/20085844\/Concursos-abertos2-e1555761535855.jpg","type":"image\/jpeg"}],"author":"Tha\u00eds Mendes (Jornalista)","twitter_card":"summary_large_image","twitter_creator":"@EstratConcursos","twitter_site":"@EstratConcursos","twitter_misc":{"Escrito por":"Tha\u00eds Mendes (Jornalista)","Est. tempo de leitura":"2 minutos"},"schema":{"@context":"https:\/\/schema.org","@graph":[{"@type":"NewsArticle","@id":"https:\/\/www.estrategiaconcursos.com.br\/blog\/concursos-abertos-19-08-19\/#article","isPartOf":{"@id":"https:\/\/www.estrategiaconcursos.com.br\/blog\/concursos-abertos-19-08-19\/"},"author":{"name":"Tha\u00eds Mendes (Jornalista)","@id":"https:\/\/www.estrategiaconcursos.com.br\/blog\/#\/schema\/person\/b69f846fcb6f09c1b651569e30b6e865"},"headline":"Concursos Abertos: mais de 1.250 novas vagas esta semana","datePublished":"2019-08-19T11:00:57+00:00","dateModified":"2019-08-19T12:45:35+00:00","mainEntityOfPage":{"@id":"https:\/\/www.estrategiaconcursos.com.br\/blog\/concursos-abertos-19-08-19\/"},"wordCount":499,"commentCount":0,"publisher":{"@id":"https:\/\/www.estrategiaconcursos.com.br\/blog\/#organization"},"image":{"@id":"https:\/\/www.estrategiaconcursos.com.br\/blog\/concursos-abertos-19-08-19\/#primaryimage"},"thumbnailUrl":"https:\/\/dhg1h5j42swfq.cloudfront.net\/2019\/04\/20085844\/Concursos-abertos2-e1555761535855.jpg","articleSection":["Concursos P\u00fablicos"],"inLanguage":"pt-BR","potentialAction":[{"@type":"CommentAction","name":"Comment","target":["https:\/\/www.estrategiaconcursos.com.br\/blog\/concursos-abertos-19-08-19\/#respond"]}],"copyrightYear":"2019","copyrightHolder":{"@id":"https:\/\/www.estrategiaconcursos.com.br\/blog\/#organization"}},{"@type":"WebPage","@id":"https:\/\/www.estrategiaconcursos.com.br\/blog\/concursos-abertos-19-08-19\/","url":"https:\/\/www.estrategiaconcursos.com.br\/blog\/concursos-abertos-19-08-19\/","name":"Concursos Abertos: mais de 1.250 novas vagas esta semana","isPartOf":{"@id":"https:\/\/www.estrategiaconcursos.com.br\/blog\/#website"},"primaryImageOfPage":{"@id":"https:\/\/www.estrategiaconcursos.com.br\/blog\/concursos-abertos-19-08-19\/#primaryimage"},"image":{"@id":"https:\/\/www.estrategiaconcursos.com.br\/blog\/concursos-abertos-19-08-19\/#primaryimage"},"thumbnailUrl":"https:\/\/dhg1h5j42swfq.cloudfront.net\/2019\/04\/20085844\/Concursos-abertos2-e1555761535855.jpg","datePublished":"2019-08-19T11:00:57+00:00","dateModified":"2019-08-19T12:45:35+00:00","breadcrumb":{"@id":"https:\/\/www.estrategiaconcursos.com.br\/blog\/concursos-abertos-19-08-19\/#breadcrumb"},"inLanguage":"pt-BR","potentialAction":[{"@type":"ReadAction","target":["https:\/\/www.estrategiaconcursos.com.br\/blog\/concursos-abertos-19-08-19\/"]}]},{"@type":"ImageObject","inLanguage":"pt-BR","@id":"https:\/\/www.estrategiaconcursos.com.br\/blog\/concursos-abertos-19-08-19\/#primaryimage","url":"https:\/\/dhg1h5j42swfq.cloudfront.net\/2019\/04\/20085844\/Concursos-abertos2-e1555761535855.jpg","contentUrl":"https:\/\/dhg1h5j42swfq.cloudfront.net\/2019\/04\/20085844\/Concursos-abertos2-e1555761535855.jpg","width":400,"height":209,"caption":"Concursos abertos"},{"@type":"BreadcrumbList","@id":"https:\/\/www.estrategiaconcursos.com.br\/blog\/concursos-abertos-19-08-19\/#breadcrumb","itemListElement":[{"@type":"ListItem","position":1,"name":"In\u00edcio","item":"https:\/\/www.estrategiaconcursos.com.br\/blog\/"},{"@type":"ListItem","position":2,"name":"Concursos Abertos: mais de 1.250 novas vagas esta semana"}]},{"@type":"WebSite","@id":"https:\/\/www.estrategiaconcursos.com.br\/blog\/#website","url":"https:\/\/www.estrategiaconcursos.com.br\/blog\/","name":"Estrat\u00e9gia Concursos","description":"O blog da Estrat\u00e9gia Concursos traz not\u00edcias sobre concursos e artigos de professores oferecendo cursos para concursos (pdf + videaulas) no site.","publisher":{"@id":"https:\/\/www.estrategiaconcursos.com.br\/blog\/#organization"},"potentialAction":[{"@type":"SearchAction","target":{"@type":"EntryPoint","urlTemplate":"https:\/\/www.estrategiaconcursos.com.br\/blog\/?s={search_term_string}"},"query-input":{"@type":"PropertyValueSpecification","valueRequired":true,"valueName":"search_term_string"}}],"inLanguage":"pt-BR"},{"@type":"Organization","@id":"https:\/\/www.estrategiaconcursos.com.br\/blog\/#organization","name":"Estrat\u00e9gia Concursos","url":"https:\/\/www.estrategiaconcursos.com.br\/blog\/","logo":{"@type":"ImageObject","inLanguage":"pt-BR","@id":"https:\/\/www.estrategiaconcursos.com.br\/blog\/#\/schema\/logo\/image\/","url":"https:\/\/dhg1h5j42swfq.cloudfront.net\/2025\/06\/03203428\/logo_concursos-1.jpg","contentUrl":"https:\/\/dhg1h5j42swfq.cloudfront.net\/2025\/06\/03203428\/logo_concursos-1.jpg","width":230,"height":60,"caption":"Estrat\u00e9gia Concursos"},"image":{"@id":"https:\/\/www.estrategiaconcursos.com.br\/blog\/#\/schema\/logo\/image\/"},"sameAs":["https:\/\/x.com\/EstratConcursos"]},{"@type":"Person","@id":"https:\/\/www.estrategiaconcursos.com.br\/blog\/#\/schema\/person\/b69f846fcb6f09c1b651569e30b6e865","name":"Tha\u00eds Mendes (Jornalista)","image":{"@type":"ImageObject","inLanguage":"pt-BR","@id":"https:\/\/secure.gravatar.com\/avatar\/3c9c4f2eb3e762ee925852cf3188d5507fcec36cfe4fdee47acd4135266a8614?s=96&d=mm&r=g","url":"https:\/\/secure.gravatar.com\/avatar\/3c9c4f2eb3e762ee925852cf3188d5507fcec36cfe4fdee47acd4135266a8614?s=96&d=mm&r=g","contentUrl":"https:\/\/secure.gravatar.com\/avatar\/3c9c4f2eb3e762ee925852cf3188d5507fcec36cfe4fdee47acd4135266a8614?s=96&d=mm&r=g","caption":"Tha\u00eds Mendes (Jornalista)"},"url":"https:\/\/www.estrategiaconcursos.com.br\/blog\/author\/comunicacaoestrategiaconcursos-com-br\/"}]}},"_links":{"self":[{"href":"https:\/\/www.estrategiaconcursos.com.br\/blog\/wp-json\/wp\/v2\/posts\/410185","targetHints":{"allow":["GET"]}}],"collection":[{"href":"https:\/\/www.estrategiaconcursos.com.br\/blog\/wp-json\/wp\/v2\/posts"}],"about":[{"href":"https:\/\/www.estrategiaconcursos.com.br\/blog\/wp-json\/wp\/v2\/types\/post"}],"author":[{"embeddable":true,"href":"https:\/\/www.estrategiaconcursos.com.br\/blog\/wp-json\/wp\/v2\/users\/188"}],"replies":[{"embeddable":true,"href":"https:\/\/www.estrategiaconcursos.com.br\/blog\/wp-json\/wp\/v2\/comments?post=410185"}],"version-history":[{"count":4,"href":"https:\/\/www.estrategiaconcursos.com.br\/blog\/wp-json\/wp\/v2\/posts\/410185\/revisions"}],"predecessor-version":[{"id":410808,"href":"https:\/\/www.estrategiaconcursos.com.br\/blog\/wp-json\/wp\/v2\/posts\/410185\/revisions\/410808"}],"wp:featuredmedia":[{"embeddable":true,"href":"https:\/\/www.estrategiaconcursos.com.br\/blog\/wp-json\/wp\/v2\/media\/364742"}],"wp:attachment":[{"href":"https:\/\/www.estrategiaconcursos.com.br\/blog\/wp-json\/wp\/v2\/media?parent=410185"}],"wp:term":[{"taxonomy":"category","embeddable":true,"href":"https:\/\/www.estrategiaconcursos.com.br\/blog\/wp-json\/wp\/v2\/categories?post=410185"},{"taxonomy":"post_tag","embeddable":true,"href":"https:\/\/www.estrategiaconcursos.com.br\/blog\/wp-json\/wp\/v2\/tags?post=410185"},{"taxonomy":"tax_estado","embeddable":true,"href":"https:\/\/www.estrategiaconcursos.com.br\/blog\/wp-json\/wp\/v2\/tax_estado?post=410185"}],"curies":[{"name":"wp","href":"https:\/\/api.w.org\/{rel}","templated":true}]}}