{"id":408882,"date":"2019-08-13T11:11:50","date_gmt":"2019-08-13T14:11:50","guid":{"rendered":"https:\/\/www.estrategiaconcursos.com.br\/blog\/?p=408882"},"modified":"2019-11-08T16:33:02","modified_gmt":"2019-11-08T19:33:02","slug":"prova-discursiva-pgm-contagem-analise-e-plano-de-estudos","status":"publish","type":"post","link":"https:\/\/www.estrategiaconcursos.com.br\/blog\/prova-discursiva-pgm-contagem-analise-e-plano-de-estudos\/","title":{"rendered":"Prova Discursiva PGM Contagem &#8211; An\u00e1lise e Plano de Estudos"},"content":{"rendered":"\n<p>Ol\u00e1 meus amigos, tudo bem? Me chamo <strong>Igor Maciel<\/strong> e estou \u00e0 frente dos cursos de discursivas para Procuradorias do Estrat\u00e9gia Carreiras Jur\u00eddicas. Hoje queria comentar com voc\u00eas um pouco sobre a prova discursiva PGM Contagem.<\/p>\n\n\n\n<h3 class=\"wp-block-heading\">1- Gabarito Preliminar<\/h3>\n\n\n\n<p>Inicialmente, voc\u00ea pode fazer o download tanto da prova objetiva quanto do gabarito preliminar nos links a seguir:<\/p>\n\n\n\n<p style=\"text-align:center\"><a href=\"http:\/\/www.gestaodeconcursos.com.br\/site\/common\/BaixarArquivo.aspx?guid=9d3465a3-95d6-4873-aa2f-de7669e46d46\" target=\"_blank\" rel=\"noreferrer noopener\" aria-label=\"Prova Objetiva (abre numa nova aba)\">Prova Objetiva<\/a><\/p>\n\n\n\n<p style=\"text-align:center\"><a href=\"http:\/\/www.gestaodeconcursos.com.br\/site\/common\/BaixarArquivo.aspx?guid=8c53088f-6aee-4e85-a44d-00d4e0c7cf4f\" target=\"_blank\" rel=\"noreferrer noopener\" aria-label=\"Gabarito Preliminar (abre numa nova aba)\">Gabarito Preliminar<\/a><\/p>\n\n\n\n<h3 class=\"wp-block-heading\">2- Possibilidade de Recursos?<\/h3>\n\n\n\n<p>Convido voc\u00eas a uma transmiss\u00e3o que faremos ao Vivo no Canal do Youtube do Estrat\u00e9gia Carreiras Jur\u00eddicas na pr\u00f3xima quarta feira (14\/08), \u00e0s 19 horas para falarmos sobre eventual recurso contra o gabarito preliminar, nota de corte esperada e sobre a Prova Discursiva PGM Contagem.<\/p>\n\n\n<figure class=\"wp-block-embed-youtube wp-block-embed is-type-video is-provider-youtube wp-embed-aspect-16-9 wp-has-aspect-ratio\"><div class=\"lyte-wrapper\" style=\"width:853px;max-width:100%;margin:5px;\"><div class=\"lyMe\" id=\"WYL_vyz8x3OvC4A\"><div id=\"lyte_vyz8x3OvC4A\" data-src=\"\/\/i.ytimg.com\/vi\/vyz8x3OvC4A\/hqdefault.jpg\" class=\"pL\"><div class=\"tC\"><div class=\"tT\"><\/div><\/div><div class=\"play\"><\/div><div class=\"ctrl\"><div class=\"Lctrl\"><\/div><div class=\"Rctrl\"><\/div><\/div><\/div><noscript><a href=\"https:\/\/youtu.be\/vyz8x3OvC4A\" rel=\"nofollow\"><img loading=\"lazy\" decoding=\"async\" src=\"https:\/\/i.ytimg.com\/vi\/vyz8x3OvC4A\/0.jpg\" alt=\"YouTube video thumbnail\" width=\"853\" height=\"460\" \/><br \/>Assista a este v\u00eddeo no YouTube<\/a><\/noscript><\/div><\/div><div class=\"lL\" style=\"max-width:100%;width:853px;margin:5px;\"><\/div><figcaption>Prova Discursiva PGM Contagem<\/figcaption><\/figure>\n\n\n<h3 class=\"wp-block-heading\">3- Prova Discursiva PGM Contagem<\/h3>\n\n\n\n<h4 class=\"wp-block-heading\">3.1 \u2013 Introdu\u00e7\u00e3o<\/h4>\n\n\n\n<p>As bancas de concurso em geral, sejam elas tradicionais (CESPE,\nFCC, VUNESP ou FGV, por exemplo) ou locais (bancas pr\u00f3prias, por exemplo),\ncostumam cobrar em concursos p\u00fablicos aspectos relacionados \u00e0 atua\u00e7\u00e3o <strong>pr\u00e1tica<\/strong> do cargo para o qual se\nest\u00e1 avaliando.<\/p>\n\n\n\n<p>Assim, \u00e9 natural que na prova da PGM Contagem a cobran\u00e7a seja\nbaseada na atua\u00e7\u00e3o pr\u00e1tica do Procurador Municipal, sendo fundamental o estudo\nde temas quentes de Direito Administrativo, de Direito Tribut\u00e1rio e de Direito\nConstitucional, al\u00e9m de Processo Civil aplicado \u00e0 Fazenda P\u00fablica.<\/p>\n\n\n\n<h4 class=\"wp-block-heading\">3.2 \u2013 O Edital da PGM Contagem para a Segunda Fase<\/h4>\n\n\n\n<p>O Edital da PGM Contagem para a Segunda Fase contar\u00e1 com uma prova\ndiscursiva a ser realizada no dia 06 de outubro de 2019, consistindo nas\nseguintes etapas:<\/p>\n\n\n\n<table class=\"wp-block-table aligncenter\"><tbody><tr><td>\n  <strong>Pe\u00e7a Jur\u00eddica sobre<\/strong>\n  <\/td><\/tr><tr><td>\n  Direito Constitucional\n  <\/td><\/tr><tr><td>\n  Direito Administrativo\n  <\/td><\/tr><tr><td>\n  Direito Tribut\u00e1rio\n  <\/td><\/tr><tr><td>\n  Direito Financeiro\n  <\/td><\/tr><tr><td>\n  Processo Civil\n  <\/td><\/tr><\/tbody><\/table>\n\n\n\n<p>Entendo que nesta pe\u00e7a poder\u00e1 ser cobrado tanto um parecer como\numa pe\u00e7a processual (peti\u00e7\u00f5es iniciais, contesta\u00e7\u00e3o e recursos).<\/p>\n\n\n\n<p>Os temas que ser\u00e3o cobrados nas provas discursiva envolver\u00e3o parte\ndo conte\u00fado program\u00e1tico do Edital, sendo certo que a prova permitir\u00e1 a\nconsulta a legisla\u00e7\u00e3o n\u00e3o comentada e n\u00e3o anotada. Eis as mat\u00e9rias cobradas na\nprova:<\/p>\n\n\n\n<table class=\"wp-block-table aligncenter\"><tbody><tr><td>\n  <strong>DISCIPLINA<\/strong>\n  <\/td><\/tr><tr><td>\n  Direito Constitucional\n  <\/td><\/tr><tr><td>\n  Direito Administrativo\n  <\/td><\/tr><tr><td>\n  Direito Financeiro\n  <\/td><\/tr><tr><td>\n  Direito Civil\n  <\/td><\/tr><tr><td>\n  Direito Tribut\u00e1rio\n  <\/td><\/tr><tr><td>\n  Direito Processual Civil\n  <\/td><\/tr><\/tbody><\/table>\n\n\n\n<p><strong>Mas\naten\u00e7\u00e3o!<\/strong><\/p>\n\n\n\n<p>O edital estipulou um limite\nm\u00e1ximo e m\u00ednimo de linhas por pe\u00e7a e quest\u00f5es, sendo certo que ser\u00e3o\ndescontados pontos por reda\u00e7\u00e3o aqu\u00e9m ou al\u00e9m do n\u00famero de linhas estipulado:<\/p>\n\n\n\n<p><strong><em>Pe\u00e7a \u2013 M\u00ednimo 80 linhas e m\u00e1ximo de 150 linhas;<\/em><\/strong><\/p>\n\n\n\n<p><strong><em>Quest\u00e3o \u2013 M\u00ednimo 20 linhas e m\u00e1ximo 30 linhas;<\/em><\/strong><\/p>\n\n\n\n<h4 class=\"wp-block-heading\">3.3 \u2013 \u201cPensando\u201d como um Procurador Municipal<\/h4>\n\n\n\n<p>O estudo para procuradorias exige o que muitos professores chamam\nde um \u201cpensar diferenciado\u201d. Voc\u00ea precisar\u00e1 estudar focando na melhor defesa\npara a administra\u00e7\u00e3o p\u00fablica e como isso poder\u00e1 ser cobrado em prova.<\/p>\n\n\n\n<p>Desta forma, n\u00e3o existe um estudo isolado de cada tema. A an\u00e1lise\ndos conte\u00fados precisa ser feita tomando por base o foco do cargo que ser\u00e1\nexercido.<\/p>\n\n\n\n<p>Especificamente no caso de procuradorias municipais, certamente\nprecisaremos dominar temas quentes que envolvem a atua\u00e7\u00e3o pr\u00e1tica do Munic\u00edpio,\ndentro das principais disciplinas cobradas.<\/p>\n\n\n\n<p>E n\u00e3o apenas isso.<\/p>\n\n\n\n<p>Necess\u00e1rio que o plano de estudos envolva tamb\u00e9m a elabora\u00e7\u00e3o de\nquest\u00f5es discursivas e pe\u00e7as processuais, como uma forma de o aluno chegar\nforte para todas as etapas do concurso, al\u00e9m de aprofundar os \u201ctemas quentes\u201d\npara advocacia p\u00fablica municipal.<\/p>\n\n\n\n<p>Exemplo: O que priorizar no edital de uma PGM em Direito\nConstitucional?<\/p>\n\n\n\n<p>Naturalmente, quest\u00e3o certa na 1\u00aa ou 2\u00aa fase, ser\u00e1 o Controle de\nConstitucionalidade de Normas Municipais.<\/p>\n\n\n\n<p>Se voc\u00ea chegou at\u00e9 aqui na leitura do material e ainda n\u00e3o\ndesistiu, te convido a elaborarmos juntos um plano de estudos, considerando a\nelabora\u00e7\u00e3o de resumos di\u00e1rios com quest\u00f5es discursivas.<\/p>\n\n\n\n<h4 class=\"wp-block-heading\">3.4 \u2013 Algumas d\u00favidas sobre o estudo para a Segunda Fase<\/h4>\n\n\n\n<p>Muitos alunos me enviam mensagens com d\u00favidas muito parecidas e\nqueria hoje tentar sanar a maioria delas. Quais as maiores dores de quem est\u00e1\nestudando para uma prova discursiva de procuradorias? Penso que podemos elencar\nas d\u00favidas da seguinte forma:<\/p>\n\n\n\n<p style=\"text-align:center\"><strong>1- Sou uma fraude. Passei na \u201csorte\u201d pela prova objetiva.<\/strong><\/p>\n\n\n\n<p>Muitos alunos possuem esta s\u00edndrome de inferioridade e realmente\nacreditam que apenas foram aprovados na 1\u00aa fase do concurso em raz\u00e3o do acaso\nou de uma sorte aleat\u00f3ria que levou o Examinador a cobrar apenas o candidato\nestudou.<\/p>\n\n\n\n<p>N\u00e3o \u00e9 bem assim.<\/p>\n\n\n\n<p>Respire fundo.<\/p>\n\n\n\n<p>Voc\u00ea n\u00e3o \u00e9 uma fraude.<\/p>\n\n\n\n<p>Pense quantas pessoas queriam estar no seu lugar exatamente agora,\ncom o n\u00edvel de conhecimento e o volume de conte\u00fado que voc\u00ea acumulou para estar\naqui.<\/p>\n\n\n\n<p>Quantas pessoas n\u00e3o queriam esta \u201csorte\u201d exatamente agora? Afinal,\na imensa maioria dos candidatos sequer atingiu a nota de corte para a segunda\nfase.<\/p>\n\n\n\n<p style=\"text-align:center\"><strong>2- \u00c9 hora de estudar todo o edital novamente.<\/strong><\/p>\n\n\n\n<p>Entendo que este \u00e9 outro erro comum. N\u00e3o vai dar tempo de estudar\ntudo entre a data da prova objetiva e a data marcada para a prova discursiva. O\ntempo ser\u00e1 muito curto e, infelizmente, n\u00e3o \u00e9 hora de tentar cobrir todo o\nedital novamente.<\/p>\n\n\n\n<p>\u00c9 hora, isto sim, de revisar os temas que voc\u00ea acredita que s\u00e3o <strong>quentes<\/strong>\npara a sua procuradoria.<\/p>\n\n\n\n<p>A prova pr\u00e1tica \u00e9 um excelente momento para o Examinador da banca\nverificar se voc\u00ea possui a cabe\u00e7a de advogado p\u00fablico e se voc\u00ea se comportar e\ndefende as principais teses favor\u00e1veis \u00e0 Fazenda P\u00fablica.<\/p>\n\n\n\n<p>O Examinador quer saber se voc\u00ea est\u00e1 preparado para ser advogado\np\u00fablico. Assim, o momento ser\u00e1 de revisar com profundidade os principais\nconte\u00fados da atua\u00e7\u00e3o pr\u00e1tica do concurso que voc\u00ea est\u00e1 prestando.<\/p>\n\n\n\n<p><strong>Como assim, professor?<\/strong><\/p>\n\n\n\n<p><strong>Quero ser Procurador do Munic\u00edpio de Contagem.<\/strong><\/p>\n\n\n\n<p><strong>Ok<\/strong>. <strong>Quais as mat\u00e9rias afetas ao dia a dia destes profissionais dentro\ndo edital?<\/strong><\/p>\n\n\n\n<p>Por exemplo, em Tribut\u00e1rio, priorizarei o estudo do ISSQN (de\ncompet\u00eancia municipal) ou do Imposto de Renda (de compet\u00eancia federal)? Naturalmente,\nnem tudo \u00e9 t\u00e3o simples assim, mas o estudo poder\u00e1 ser afunilado se adotarmos\nalgumas premissas como esta.<\/p>\n\n\n\n<p style=\"text-align:center\"><strong>3- S\u00f3 passa na fase discursiva quem j\u00e1 possui pr\u00e1tica.<\/strong><\/p>\n\n\n\n<p>Falso.<\/p>\n\n\n\n<p>A elabora\u00e7\u00e3o de uma pe\u00e7a pr\u00e1tica em um concurso \u00e9\nconsideravelmente diversa da elabora\u00e7\u00e3o de uma pe\u00e7a em um Tribunal.<\/p>\n\n\n\n<p>Enquanto no Tribunal, voc\u00ea dever\u00e1 utilizar argumentos para\nconvencer um julgador de que o seu cliente tem raz\u00e3o, em um concurso voc\u00ea\nprecisa convencer um examinador de que voc\u00ea possui dom\u00ednio daquele determinado\ntema.<\/p>\n\n\n\n<p>S\u00e3o coisas completamente distintas.<\/p>\n\n\n\n<p>No concurso, de nada adianta voc\u00ea desenvolver uma ultra tese\nvencedora para o seu \u201ccliente\u201d se esta n\u00e3o estiver no espelho de respostas do\nExaminador.<\/p>\n\n\n\n<p>Apesar de a prova ser subjetiva, a sua corre\u00e7\u00e3o \u00e9 \u201cobjetivada\u201d por\num espelho, em uma esp\u00e9cie de \u201ccara \u2013 crach\u00e1\u201d.<\/p>\n\n\n\n<p>Voc\u00ea precisa no concurso procurar elaborar suas respostas para\nfacilitar a compreens\u00e3o do Examinador, isto sim.<\/p>\n\n\n\n<p style=\"text-align:center\"><strong>4- Na prova, preciso transcrever os artigos de lei.<\/strong><\/p>\n\n\n\n<p>Na verdade, n\u00e3o.<\/p>\n\n\n\n<p>O espelho n\u00e3o exige que o candidato transcreva cada dispositivo\nlegal a que fizer refer\u00eancia. De forma objetiva, o espelho exigir\u00e1 que o\ncandidato domine o conte\u00fado discutido e fa\u00e7a a respectiva refer\u00eancia ao\ndispositivo normativo.<\/p>\n\n\n\n<p>A transcri\u00e7\u00e3o do artigo apenas ir\u00e1 gerar a perda das linhas, uma\nvez que este item certamente n\u00e3o estar\u00e1 no espelho. <strong>Assim, n\u00e3o\ntranscreva jamais os dispositivos de lei na \u00edntegra.<\/strong><\/p>\n\n\n\n<p style=\"text-align:center\"><strong>5 \u2013 N\u00e3o preciso treinar a reda\u00e7\u00e3o de pe\u00e7as com caneta.<\/strong><\/p>\n\n\n\n<p>N\u00f3s perdemos o h\u00e1bito de escrever com papel e caneta. Isto \u00e9 um\nfato.<\/p>\n\n\n\n<p>Em um mundo cada vez mais digital, a escrita de um texto com\ncaneta e papel \u00e9 cada vez mais rara.<\/p>\n\n\n\n<p>Contudo, no dia da sua prova, voc\u00ea precisar\u00e1 escrever com papel e\ncaneta. N\u00e3o tem jeito.<\/p>\n\n\n\n<p>Voc\u00ea precisa treinar sua reda\u00e7\u00e3o \u00e0 caneta tanto quanto se dedicar\nao estudo dos temas quentes de procuradorias.<\/p>\n\n\n\n<p>\u00c9 fundamental que voc\u00ea escreva e que voc\u00ea possa ajustar a reda\u00e7\u00e3o\n(qualidade de letra, espa\u00e7amento do texto, recuos&#8230;) ao padr\u00e3o esperado pelo\nexaminador.<\/p>\n\n\n\n<p style=\"text-align:center\"><strong>6- A divis\u00e3o da pe\u00e7a em t\u00f3picos \u00e9 in\u00fatil.<\/strong><\/p>\n\n\n\n<p>De fato, o C\u00f3digo de&nbsp; Processo Civil n\u00e3o exige nos requisitos\nda Peti\u00e7\u00e3o Inicial, por exemplo, que a pe\u00e7a seja dividida em t\u00f3picos.<\/p>\n\n\n\n<p>Contudo, voc\u00ea precisa escrever um texto com foco na leitura do\nExaminador.<\/p>\n\n\n\n<p>Como posso facilitar a leitura do meu texto pelo Examinador para\nque ele possa encontrar mais facilmente os itens do espelho no meu texto?<\/p>\n\n\n\n<p>Exatamente.<\/p>\n\n\n\n<p>Quanto mais t\u00f3picos e subt\u00f3picos a sua pe\u00e7a tiver, mais f\u00e1cil ser\u00e1\npara o Examinador atribuir pontos para voc\u00ea.<\/p>\n\n\n\n<p style=\"text-align:center\"><strong>7- Devo escrever rascunho da pe\u00e7a e depois passar a limpo.<\/strong><\/p>\n\n\n\n<p>De forma alguma.<\/p>\n\n\n\n<p>Costumo brincar que o rascunho do texto ficou l\u00e1 no ensino fundamental.\nSimplesmente voc\u00ea n\u00e3o ter\u00e1 tempo para escrever seu texto em rascunho e depois\npassar a limpo.<\/p>\n\n\n\n<p>Aqui \u00e9 jogo de gente grande.<\/p>\n\n\n\n<p>Utilize o rascunho da prova para fazer um esqueleto da pe\u00e7a com os\napontamentos base que ser\u00e3o desenvolvidos.<\/p>\n\n\n\n<p>Depois, parta para a escrita diretamente.<\/p>\n\n\n\n<p>Concluindo&#8230;<\/p>\n\n\n\n<p>Algumas dicas finais:<\/p>\n\n\n\n<p>1- Escrevam par\u00e1grafos curtos (entre 4 e 5 linhas, no m\u00e1ximo) para\nfacilitar a leitura do Examinador.<\/p>\n\n\n\n<p>2- Aten\u00e7\u00e3o aos borr\u00f5es. Evite, mas se acontecer, passe um tra\u00e7o\nsimples sobre a palavra e escreva-a corretamente ao lado.<\/p>\n\n\n\n<p>3- Pense com a cabe\u00e7a de Procurador. Defenda a Fazenda P\u00fablica com unhas e dentes na <strong>pe\u00e7a processual<\/strong>. Combinado?<\/p>\n\n\n\n<h3 class=\"wp-block-heading\">4- Cursos para PGM Contagem<\/h3>\n\n\n\n<p>Aqui mostro para voc\u00eas nossos cursos para a Prova Discursiva PGM Contagem.<\/p>\n\n\n\n<p style=\"text-align:center\"><a href=\"https:\/\/www.estrategiaconcursos.com.br\/curso\/discursivas-p-pgm-contagem-procurador-com-12-correcoes-e-com-monitoria-pos-edital\/\">https:\/\/www.estrategiaconcursos.com.br\/curso\/discursivas-p-pgm-contagem-procurador-com-12-correcoes-e-com-monitoria-pos-edital\/<\/a><\/p>\n\n\n\n<p style=\"text-align:center\"><a href=\"https:\/\/www.estrategiaconcursos.com.br\/curso\/discursivas-p-pgm-contagem-procurador-sem-correcao-e-monitoria-pos-edital\/\">https:\/\/www.estrategiaconcursos.com.br\/curso\/discursivas-p-pgm-contagem-procurador-sem-correcao-e-monitoria-pos-edital\/<\/a><\/p>\n\n\n\n<p style=\"text-align:center\"><a href=\"https:\/\/www.estrategiaconcursos.com.br\/curso\/discursivas-p-pgm-contagem-procurador-com-12-correcoes-e-sem-monitoria-pos-edital\/\">https:\/\/www.estrategiaconcursos.com.br\/curso\/discursivas-p-pgm-contagem-procurador-com-12-correcoes-e-sem-monitoria-pos-edital\/<\/a><\/p>\n\n\n\n<h3 class=\"wp-block-heading\">5- Simulado Gratuito 01<\/h3>\n\n\n\n<p>Para voc\u00ea que est\u00e1 come\u00e7ando a prepara\u00e7\u00e3o neste momento, disponibilizo um simulado gratuito. Fa\u00e7a o download, tente responder e agendaremos a corre\u00e7\u00e3o ao vivo. O que acham?<\/p>\n\n\n\n<p style=\"text-align:center\"><strong><a href=\"https:\/\/dhg1h5j42swfq.cloudfront.net\/2019\/08\/13151555\/PGM-Contagem-SIMULADO.pdf\" target=\"_blank\" rel=\"noreferrer noopener\" aria-label=\"Simulado Gratuito - PGM Contagem (abre numa nova aba)\">Simulado Gratuito &#8211; PGM Contagem<\/a><\/strong><\/p>\n\n\n\n<div class=\"wp-block-file aligncenter\"><a href=\"https:\/\/dhg1h5j42swfq.cloudfront.net\/2019\/08\/13151555\/PGM-Contagem-SIMULADO.pdf\">Simulado PGM Contagem<\/a><a href=\"https:\/\/dhg1h5j42swfq.cloudfront.net\/2019\/08\/13151555\/PGM-Contagem-SIMULADO.pdf\" class=\"wp-block-file__button\" download>Baixar<\/a><\/div>\n\n\n\n<p>Amigos, corrigiremos nosso Simulado Gratuito neste s\u00e1bado (17\/08), \u00e0s 09 horas no seguinte v\u00eddeo no Youtube:<\/p>\n\n\n\n<figure class=\"wp-block-image\"><img loading=\"lazy\" decoding=\"async\" width=\"795\" height=\"369\" src=\"https:\/\/dhg1h5j42swfq.cloudfront.net\/2019\/08\/16102129\/image59.png\" alt=\"\" class=\"wp-image-410192\" srcset=\"https:\/\/dhg1h5j42swfq.cloudfront.net\/2019\/08\/16102129\/image59.png 795w, https:\/\/dhg1h5j42swfq.cloudfront.net\/2019\/08\/16102129\/image59.png 300w, https:\/\/dhg1h5j42swfq.cloudfront.net\/2019\/08\/16102129\/image59.png 768w, https:\/\/dhg1h5j42swfq.cloudfront.net\/2019\/08\/16102129\/image59.png 610w\" sizes=\"auto, (max-width: 795px) 100vw, 795px\" \/><figcaption>Prova Discursiva PGM Contagem<\/figcaption><\/figure>\n\n\n\n<h3 class=\"wp-block-heading\">6- Simulado Gratuito 02<\/h3>\n\n\n\n<p>Amigos, divulgo para voc\u00eas nosso segundo simulado e, abaixo, o v\u00eddeo com o agendamento da corre\u00e7\u00e3o (faremos no s\u00e1bado, 24\/08, 15 horas).<\/p>\n\n\n\n<div class=\"wp-block-file aligncenter\"><a href=\"https:\/\/dhg1h5j42swfq.cloudfront.net\/2019\/08\/19174932\/Simulado-PGM-Contagem.pdf\">Simulado-Extra 2 PGM-Contagem<\/a><a href=\"https:\/\/dhg1h5j42swfq.cloudfront.net\/2019\/08\/19174932\/Simulado-PGM-Contagem.pdf\" class=\"wp-block-file__button\" download>Baixar<\/a><\/div>\n\n\n<figure class=\"wp-block-embed-youtube wp-block-embed is-type-video is-provider-youtube wp-embed-aspect-4-3 wp-has-aspect-ratio\"><div class=\"lyte-wrapper\" style=\"width:853px;max-width:100%;margin:5px;\"><div class=\"lyMe\" id=\"WYL_lO1dph0MDzg\"><div id=\"lyte_lO1dph0MDzg\" data-src=\"\/\/i.ytimg.com\/vi\/lO1dph0MDzg\/hqdefault.jpg\" class=\"pL\"><div class=\"tC\"><div class=\"tT\"><\/div><\/div><div class=\"play\"><\/div><div class=\"ctrl\"><div class=\"Lctrl\"><\/div><div class=\"Rctrl\"><\/div><\/div><\/div><noscript><a href=\"https:\/\/youtu.be\/lO1dph0MDzg\" rel=\"nofollow\"><img loading=\"lazy\" decoding=\"async\" src=\"https:\/\/i.ytimg.com\/vi\/lO1dph0MDzg\/0.jpg\" alt=\"YouTube video thumbnail\" width=\"853\" height=\"460\" \/><br \/>Assista a este v\u00eddeo no YouTube<\/a><\/noscript><\/div><\/div><div class=\"lL\" style=\"max-width:100%;width:853px;margin:5px;\"><\/div><figcaption><\/figcaption><\/figure>\n\n\n<p>E a\u00ed, o que acharam do nosso plano? <\/p>\n\n\n\n<p>E do nosso simulado?<\/p>\n\n\n\n<p>Me enviem um email (profigormaciel@gmail.com) que podemos discutir os principais pontos.<\/p>\n\n\n\n<p>Combinado?<\/p>\n\n\n\n<p>Abra\u00e7os,<\/p>\n\n\n\n<p style=\"text-align:center\"><strong>Igor Maciel<\/strong><\/p>\n\n\n\n<p><br \/><\/p>\n","protected":false},"excerpt":{"rendered":"<p>Ol\u00e1 meus amigos, tudo bem? Me chamo Igor Maciel e estou \u00e0 frente dos cursos de discursivas para Procuradorias do Estrat\u00e9gia Carreiras Jur\u00eddicas. Hoje queria comentar com voc\u00eas um pouco sobre a prova discursiva PGM Contagem. 1- Gabarito Preliminar Inicialmente, voc\u00ea pode fazer o download tanto da prova objetiva quanto do gabarito preliminar nos links [&hellip;]<\/p>\n","protected":false},"author":317,"featured_media":0,"comment_status":"open","ping_status":"closed","sticky":false,"template":"","format":"standard","meta":{"post_tipo":"article","footnotes":""},"categories":[1,2185],"tags":[],"tax_estado":[],"class_list":["post-408882","post","type-post","status-publish","format-standard","hentry","category-cursos-e-concursos","category-carreiras-juridicas"],"acf":[],"yoast_head":"<!-- This site is optimized with the Yoast SEO Premium plugin v27.2 (Yoast SEO v27.2) - https:\/\/yoast.com\/product\/yoast-seo-premium-wordpress\/ -->\n<title>Prova Discursiva PGM Contagem - An\u00e1lise e Plano de Estudos<\/title>\n<meta name=\"description\" content=\"An\u00e1lise do Edital da Prova Discursiva PGM Contagem, com planejamento de estudos e expectativas de recursos contra o gabarito preliminar da prova objetiva.\" \/>\n<meta name=\"robots\" content=\"index, follow, max-snippet:-1, max-image-preview:large, max-video-preview:-1\" \/>\n<link rel=\"canonical\" href=\"https:\/\/www.estrategiaconcursos.com.br\/blog\/prova-discursiva-pgm-contagem-analise-e-plano-de-estudos\/\" \/>\n<meta property=\"og:locale\" content=\"pt_BR\" \/>\n<meta property=\"og:type\" content=\"article\" \/>\n<meta property=\"og:title\" content=\"Prova Discursiva PGM Contagem - An\u00e1lise e Plano de Estudos\" \/>\n<meta property=\"og:description\" content=\"An\u00e1lise do Edital da Prova Discursiva PGM Contagem, com planejamento de estudos e expectativas de recursos contra o gabarito preliminar da prova objetiva.\" \/>\n<meta property=\"og:url\" content=\"https:\/\/www.estrategiaconcursos.com.br\/blog\/prova-discursiva-pgm-contagem-analise-e-plano-de-estudos\/\" \/>\n<meta property=\"og:site_name\" content=\"Estrat\u00e9gia Concursos\" \/>\n<meta property=\"article:author\" content=\"https:\/\/www.facebook.com\/igor.maciel.1420\" \/>\n<meta property=\"article:published_time\" content=\"2019-08-13T14:11:50+00:00\" \/>\n<meta property=\"article:modified_time\" content=\"2019-11-08T19:33:02+00:00\" \/>\n<meta property=\"og:image\" content=\"https:\/\/www.estrategiaconcursos.com.br\/blog\/wp-content\/uploads\/2019\/08\/image59.png\" \/>\n<meta name=\"author\" content=\"Igor Maciel\" \/>\n<meta name=\"twitter:card\" content=\"summary_large_image\" \/>\n<meta name=\"twitter:creator\" content=\"@EstratConcursos\" \/>\n<meta name=\"twitter:site\" content=\"@EstratConcursos\" \/>\n<meta name=\"twitter:label1\" content=\"Escrito por\" \/>\n\t<meta name=\"twitter:data1\" content=\"Igor Maciel\" \/>\n\t<meta name=\"twitter:label2\" content=\"Est. tempo de leitura\" \/>\n\t<meta name=\"twitter:data2\" content=\"9 minutos\" \/>\n<script type=\"application\/ld+json\" class=\"yoast-schema-graph\">{\"@context\":\"https:\/\/schema.org\",\"@graph\":[{\"@type\":\"NewsArticle\",\"@id\":\"https:\/\/www.estrategiaconcursos.com.br\/blog\/prova-discursiva-pgm-contagem-analise-e-plano-de-estudos\/#article\",\"isPartOf\":{\"@id\":\"https:\/\/www.estrategiaconcursos.com.br\/blog\/prova-discursiva-pgm-contagem-analise-e-plano-de-estudos\/\"},\"author\":{\"name\":\"Igor Maciel\",\"@id\":\"https:\/\/www.estrategiaconcursos.com.br\/blog\/#\/schema\/person\/024d26d5efb06d95dfc04025d7301591\"},\"headline\":\"Prova Discursiva PGM Contagem &#8211; An\u00e1lise e Plano de Estudos\",\"datePublished\":\"2019-08-13T14:11:50+00:00\",\"dateModified\":\"2019-11-08T19:33:02+00:00\",\"mainEntityOfPage\":{\"@id\":\"https:\/\/www.estrategiaconcursos.com.br\/blog\/prova-discursiva-pgm-contagem-analise-e-plano-de-estudos\/\"},\"wordCount\":1773,\"commentCount\":0,\"publisher\":{\"@id\":\"https:\/\/www.estrategiaconcursos.com.br\/blog\/#organization\"},\"image\":{\"@id\":\"https:\/\/www.estrategiaconcursos.com.br\/blog\/prova-discursiva-pgm-contagem-analise-e-plano-de-estudos\/#primaryimage\"},\"thumbnailUrl\":\"https:\/\/www.estrategiaconcursos.com.br\/blog\/wp-content\/uploads\/2019\/08\/image59.png\",\"articleSection\":[\"Concursos P\u00fablicos\",\"Jur\u00eddico\"],\"inLanguage\":\"pt-BR\",\"potentialAction\":[{\"@type\":\"CommentAction\",\"name\":\"Comment\",\"target\":[\"https:\/\/www.estrategiaconcursos.com.br\/blog\/prova-discursiva-pgm-contagem-analise-e-plano-de-estudos\/#respond\"]}],\"copyrightYear\":\"2019\",\"copyrightHolder\":{\"@id\":\"https:\/\/www.estrategiaconcursos.com.br\/blog\/#organization\"}},{\"@type\":\"WebPage\",\"@id\":\"https:\/\/www.estrategiaconcursos.com.br\/blog\/prova-discursiva-pgm-contagem-analise-e-plano-de-estudos\/\",\"url\":\"https:\/\/www.estrategiaconcursos.com.br\/blog\/prova-discursiva-pgm-contagem-analise-e-plano-de-estudos\/\",\"name\":\"Prova Discursiva PGM Contagem - An\u00e1lise e Plano de Estudos\",\"isPartOf\":{\"@id\":\"https:\/\/www.estrategiaconcursos.com.br\/blog\/#website\"},\"primaryImageOfPage\":{\"@id\":\"https:\/\/www.estrategiaconcursos.com.br\/blog\/prova-discursiva-pgm-contagem-analise-e-plano-de-estudos\/#primaryimage\"},\"image\":{\"@id\":\"https:\/\/www.estrategiaconcursos.com.br\/blog\/prova-discursiva-pgm-contagem-analise-e-plano-de-estudos\/#primaryimage\"},\"thumbnailUrl\":\"https:\/\/www.estrategiaconcursos.com.br\/blog\/wp-content\/uploads\/2019\/08\/image59.png\",\"datePublished\":\"2019-08-13T14:11:50+00:00\",\"dateModified\":\"2019-11-08T19:33:02+00:00\",\"description\":\"An\u00e1lise do Edital da Prova Discursiva PGM Contagem, com planejamento de estudos e expectativas de recursos contra o gabarito preliminar da prova objetiva.\",\"breadcrumb\":{\"@id\":\"https:\/\/www.estrategiaconcursos.com.br\/blog\/prova-discursiva-pgm-contagem-analise-e-plano-de-estudos\/#breadcrumb\"},\"inLanguage\":\"pt-BR\",\"potentialAction\":[{\"@type\":\"ReadAction\",\"target\":[\"https:\/\/www.estrategiaconcursos.com.br\/blog\/prova-discursiva-pgm-contagem-analise-e-plano-de-estudos\/\"]}]},{\"@type\":\"ImageObject\",\"inLanguage\":\"pt-BR\",\"@id\":\"https:\/\/www.estrategiaconcursos.com.br\/blog\/prova-discursiva-pgm-contagem-analise-e-plano-de-estudos\/#primaryimage\",\"url\":\"https:\/\/dhg1h5j42swfq.cloudfront.net\/2019\/08\/16102129\/image59.png\",\"contentUrl\":\"https:\/\/dhg1h5j42swfq.cloudfront.net\/2019\/08\/16102129\/image59.png\",\"width\":795,\"height\":369},{\"@type\":\"BreadcrumbList\",\"@id\":\"https:\/\/www.estrategiaconcursos.com.br\/blog\/prova-discursiva-pgm-contagem-analise-e-plano-de-estudos\/#breadcrumb\",\"itemListElement\":[{\"@type\":\"ListItem\",\"position\":1,\"name\":\"In\u00edcio\",\"item\":\"https:\/\/www.estrategiaconcursos.com.br\/blog\/\"},{\"@type\":\"ListItem\",\"position\":2,\"name\":\"Prova Discursiva PGM Contagem &#8211; An\u00e1lise e Plano de Estudos\"}]},{\"@type\":\"WebSite\",\"@id\":\"https:\/\/www.estrategiaconcursos.com.br\/blog\/#website\",\"url\":\"https:\/\/www.estrategiaconcursos.com.br\/blog\/\",\"name\":\"Estrat\u00e9gia Concursos\",\"description\":\"O blog da Estrat\u00e9gia Concursos traz not\u00edcias sobre concursos e artigos de professores oferecendo cursos para concursos (pdf + videaulas) no site.\",\"publisher\":{\"@id\":\"https:\/\/www.estrategiaconcursos.com.br\/blog\/#organization\"},\"potentialAction\":[{\"@type\":\"SearchAction\",\"target\":{\"@type\":\"EntryPoint\",\"urlTemplate\":\"https:\/\/www.estrategiaconcursos.com.br\/blog\/?s={search_term_string}\"},\"query-input\":{\"@type\":\"PropertyValueSpecification\",\"valueRequired\":true,\"valueName\":\"search_term_string\"}}],\"inLanguage\":\"pt-BR\"},{\"@type\":\"Organization\",\"@id\":\"https:\/\/www.estrategiaconcursos.com.br\/blog\/#organization\",\"name\":\"Estrat\u00e9gia Concursos\",\"url\":\"https:\/\/www.estrategiaconcursos.com.br\/blog\/\",\"logo\":{\"@type\":\"ImageObject\",\"inLanguage\":\"pt-BR\",\"@id\":\"https:\/\/www.estrategiaconcursos.com.br\/blog\/#\/schema\/logo\/image\/\",\"url\":\"https:\/\/dhg1h5j42swfq.cloudfront.net\/2025\/06\/03203428\/logo_concursos-1.jpg\",\"contentUrl\":\"https:\/\/dhg1h5j42swfq.cloudfront.net\/2025\/06\/03203428\/logo_concursos-1.jpg\",\"width\":230,\"height\":60,\"caption\":\"Estrat\u00e9gia Concursos\"},\"image\":{\"@id\":\"https:\/\/www.estrategiaconcursos.com.br\/blog\/#\/schema\/logo\/image\/\"},\"sameAs\":[\"https:\/\/x.com\/EstratConcursos\"]},{\"@type\":\"Person\",\"@id\":\"https:\/\/www.estrategiaconcursos.com.br\/blog\/#\/schema\/person\/024d26d5efb06d95dfc04025d7301591\",\"name\":\"Igor Maciel\",\"image\":{\"@type\":\"ImageObject\",\"inLanguage\":\"pt-BR\",\"@id\":\"https:\/\/secure.gravatar.com\/avatar\/e983a676af6facf4aebcb2989d49e3bf61b718712d5e7a4b3f355b7fe651bc2f?s=96&d=mm&r=g\",\"url\":\"https:\/\/secure.gravatar.com\/avatar\/e983a676af6facf4aebcb2989d49e3bf61b718712d5e7a4b3f355b7fe651bc2f?s=96&d=mm&r=g\",\"contentUrl\":\"https:\/\/secure.gravatar.com\/avatar\/e983a676af6facf4aebcb2989d49e3bf61b718712d5e7a4b3f355b7fe651bc2f?s=96&d=mm&r=g\",\"caption\":\"Igor Maciel\"},\"description\":\"Graduado na Universidade Federal de Pernambuco, com extens\u00e3o na Universidade de Coimbra\/Portugal. Especialista LLM em Direito Corporativo pelo IBMEC\/RJ. Mestrando em Direito e Pol\u00edticas P\u00fablicas pelo UNICEUB\/DF. Advogado com atua\u00e7\u00e3o profissional centrada no Direito Tribut\u00e1rio e no Direito Administrativo, especialmente na defesa de servidores p\u00fablicos.\",\"sameAs\":[\"http:\/\/www.imaciel.com.br\",\"https:\/\/www.facebook.com\/igor.maciel.1420\"],\"url\":\"https:\/\/www.estrategiaconcursos.com.br\/blog\/author\/contatoimaciel-com-br\/\"}]}<\/script>\n<!-- \/ Yoast SEO Premium plugin. -->","yoast_head_json":{"title":"Prova Discursiva PGM Contagem - An\u00e1lise e Plano de Estudos","description":"An\u00e1lise do Edital da Prova Discursiva PGM Contagem, com planejamento de estudos e expectativas de recursos contra o gabarito preliminar da prova objetiva.","robots":{"index":"index","follow":"follow","max-snippet":"max-snippet:-1","max-image-preview":"max-image-preview:large","max-video-preview":"max-video-preview:-1"},"canonical":"https:\/\/www.estrategiaconcursos.com.br\/blog\/prova-discursiva-pgm-contagem-analise-e-plano-de-estudos\/","og_locale":"pt_BR","og_type":"article","og_title":"Prova Discursiva PGM Contagem - An\u00e1lise e Plano de Estudos","og_description":"An\u00e1lise do Edital da Prova Discursiva PGM Contagem, com planejamento de estudos e expectativas de recursos contra o gabarito preliminar da prova objetiva.","og_url":"https:\/\/www.estrategiaconcursos.com.br\/blog\/prova-discursiva-pgm-contagem-analise-e-plano-de-estudos\/","og_site_name":"Estrat\u00e9gia Concursos","article_author":"https:\/\/www.facebook.com\/igor.maciel.1420","article_published_time":"2019-08-13T14:11:50+00:00","article_modified_time":"2019-11-08T19:33:02+00:00","og_image":[{"url":"https:\/\/www.estrategiaconcursos.com.br\/blog\/wp-content\/uploads\/2019\/08\/image59.png","type":"","width":"","height":""}],"author":"Igor Maciel","twitter_card":"summary_large_image","twitter_creator":"@EstratConcursos","twitter_site":"@EstratConcursos","twitter_misc":{"Escrito por":"Igor Maciel","Est. tempo de leitura":"9 minutos"},"schema":{"@context":"https:\/\/schema.org","@graph":[{"@type":"NewsArticle","@id":"https:\/\/www.estrategiaconcursos.com.br\/blog\/prova-discursiva-pgm-contagem-analise-e-plano-de-estudos\/#article","isPartOf":{"@id":"https:\/\/www.estrategiaconcursos.com.br\/blog\/prova-discursiva-pgm-contagem-analise-e-plano-de-estudos\/"},"author":{"name":"Igor Maciel","@id":"https:\/\/www.estrategiaconcursos.com.br\/blog\/#\/schema\/person\/024d26d5efb06d95dfc04025d7301591"},"headline":"Prova Discursiva PGM Contagem &#8211; An\u00e1lise e Plano de Estudos","datePublished":"2019-08-13T14:11:50+00:00","dateModified":"2019-11-08T19:33:02+00:00","mainEntityOfPage":{"@id":"https:\/\/www.estrategiaconcursos.com.br\/blog\/prova-discursiva-pgm-contagem-analise-e-plano-de-estudos\/"},"wordCount":1773,"commentCount":0,"publisher":{"@id":"https:\/\/www.estrategiaconcursos.com.br\/blog\/#organization"},"image":{"@id":"https:\/\/www.estrategiaconcursos.com.br\/blog\/prova-discursiva-pgm-contagem-analise-e-plano-de-estudos\/#primaryimage"},"thumbnailUrl":"https:\/\/www.estrategiaconcursos.com.br\/blog\/wp-content\/uploads\/2019\/08\/image59.png","articleSection":["Concursos P\u00fablicos","Jur\u00eddico"],"inLanguage":"pt-BR","potentialAction":[{"@type":"CommentAction","name":"Comment","target":["https:\/\/www.estrategiaconcursos.com.br\/blog\/prova-discursiva-pgm-contagem-analise-e-plano-de-estudos\/#respond"]}],"copyrightYear":"2019","copyrightHolder":{"@id":"https:\/\/www.estrategiaconcursos.com.br\/blog\/#organization"}},{"@type":"WebPage","@id":"https:\/\/www.estrategiaconcursos.com.br\/blog\/prova-discursiva-pgm-contagem-analise-e-plano-de-estudos\/","url":"https:\/\/www.estrategiaconcursos.com.br\/blog\/prova-discursiva-pgm-contagem-analise-e-plano-de-estudos\/","name":"Prova Discursiva PGM Contagem - An\u00e1lise e Plano de Estudos","isPartOf":{"@id":"https:\/\/www.estrategiaconcursos.com.br\/blog\/#website"},"primaryImageOfPage":{"@id":"https:\/\/www.estrategiaconcursos.com.br\/blog\/prova-discursiva-pgm-contagem-analise-e-plano-de-estudos\/#primaryimage"},"image":{"@id":"https:\/\/www.estrategiaconcursos.com.br\/blog\/prova-discursiva-pgm-contagem-analise-e-plano-de-estudos\/#primaryimage"},"thumbnailUrl":"https:\/\/www.estrategiaconcursos.com.br\/blog\/wp-content\/uploads\/2019\/08\/image59.png","datePublished":"2019-08-13T14:11:50+00:00","dateModified":"2019-11-08T19:33:02+00:00","description":"An\u00e1lise do Edital da Prova Discursiva PGM Contagem, com planejamento de estudos e expectativas de recursos contra o gabarito preliminar da prova objetiva.","breadcrumb":{"@id":"https:\/\/www.estrategiaconcursos.com.br\/blog\/prova-discursiva-pgm-contagem-analise-e-plano-de-estudos\/#breadcrumb"},"inLanguage":"pt-BR","potentialAction":[{"@type":"ReadAction","target":["https:\/\/www.estrategiaconcursos.com.br\/blog\/prova-discursiva-pgm-contagem-analise-e-plano-de-estudos\/"]}]},{"@type":"ImageObject","inLanguage":"pt-BR","@id":"https:\/\/www.estrategiaconcursos.com.br\/blog\/prova-discursiva-pgm-contagem-analise-e-plano-de-estudos\/#primaryimage","url":"https:\/\/dhg1h5j42swfq.cloudfront.net\/2019\/08\/16102129\/image59.png","contentUrl":"https:\/\/dhg1h5j42swfq.cloudfront.net\/2019\/08\/16102129\/image59.png","width":795,"height":369},{"@type":"BreadcrumbList","@id":"https:\/\/www.estrategiaconcursos.com.br\/blog\/prova-discursiva-pgm-contagem-analise-e-plano-de-estudos\/#breadcrumb","itemListElement":[{"@type":"ListItem","position":1,"name":"In\u00edcio","item":"https:\/\/www.estrategiaconcursos.com.br\/blog\/"},{"@type":"ListItem","position":2,"name":"Prova Discursiva PGM Contagem &#8211; An\u00e1lise e Plano de Estudos"}]},{"@type":"WebSite","@id":"https:\/\/www.estrategiaconcursos.com.br\/blog\/#website","url":"https:\/\/www.estrategiaconcursos.com.br\/blog\/","name":"Estrat\u00e9gia Concursos","description":"O blog da Estrat\u00e9gia Concursos traz not\u00edcias sobre concursos e artigos de professores oferecendo cursos para concursos (pdf + videaulas) no site.","publisher":{"@id":"https:\/\/www.estrategiaconcursos.com.br\/blog\/#organization"},"potentialAction":[{"@type":"SearchAction","target":{"@type":"EntryPoint","urlTemplate":"https:\/\/www.estrategiaconcursos.com.br\/blog\/?s={search_term_string}"},"query-input":{"@type":"PropertyValueSpecification","valueRequired":true,"valueName":"search_term_string"}}],"inLanguage":"pt-BR"},{"@type":"Organization","@id":"https:\/\/www.estrategiaconcursos.com.br\/blog\/#organization","name":"Estrat\u00e9gia Concursos","url":"https:\/\/www.estrategiaconcursos.com.br\/blog\/","logo":{"@type":"ImageObject","inLanguage":"pt-BR","@id":"https:\/\/www.estrategiaconcursos.com.br\/blog\/#\/schema\/logo\/image\/","url":"https:\/\/dhg1h5j42swfq.cloudfront.net\/2025\/06\/03203428\/logo_concursos-1.jpg","contentUrl":"https:\/\/dhg1h5j42swfq.cloudfront.net\/2025\/06\/03203428\/logo_concursos-1.jpg","width":230,"height":60,"caption":"Estrat\u00e9gia Concursos"},"image":{"@id":"https:\/\/www.estrategiaconcursos.com.br\/blog\/#\/schema\/logo\/image\/"},"sameAs":["https:\/\/x.com\/EstratConcursos"]},{"@type":"Person","@id":"https:\/\/www.estrategiaconcursos.com.br\/blog\/#\/schema\/person\/024d26d5efb06d95dfc04025d7301591","name":"Igor Maciel","image":{"@type":"ImageObject","inLanguage":"pt-BR","@id":"https:\/\/secure.gravatar.com\/avatar\/e983a676af6facf4aebcb2989d49e3bf61b718712d5e7a4b3f355b7fe651bc2f?s=96&d=mm&r=g","url":"https:\/\/secure.gravatar.com\/avatar\/e983a676af6facf4aebcb2989d49e3bf61b718712d5e7a4b3f355b7fe651bc2f?s=96&d=mm&r=g","contentUrl":"https:\/\/secure.gravatar.com\/avatar\/e983a676af6facf4aebcb2989d49e3bf61b718712d5e7a4b3f355b7fe651bc2f?s=96&d=mm&r=g","caption":"Igor Maciel"},"description":"Graduado na Universidade Federal de Pernambuco, com extens\u00e3o na Universidade de Coimbra\/Portugal. Especialista LLM em Direito Corporativo pelo IBMEC\/RJ. Mestrando em Direito e Pol\u00edticas P\u00fablicas pelo UNICEUB\/DF. Advogado com atua\u00e7\u00e3o profissional centrada no Direito Tribut\u00e1rio e no Direito Administrativo, especialmente na defesa de servidores p\u00fablicos.","sameAs":["http:\/\/www.imaciel.com.br","https:\/\/www.facebook.com\/igor.maciel.1420"],"url":"https:\/\/www.estrategiaconcursos.com.br\/blog\/author\/contatoimaciel-com-br\/"}]}},"_links":{"self":[{"href":"https:\/\/www.estrategiaconcursos.com.br\/blog\/wp-json\/wp\/v2\/posts\/408882","targetHints":{"allow":["GET"]}}],"collection":[{"href":"https:\/\/www.estrategiaconcursos.com.br\/blog\/wp-json\/wp\/v2\/posts"}],"about":[{"href":"https:\/\/www.estrategiaconcursos.com.br\/blog\/wp-json\/wp\/v2\/types\/post"}],"author":[{"embeddable":true,"href":"https:\/\/www.estrategiaconcursos.com.br\/blog\/wp-json\/wp\/v2\/users\/317"}],"replies":[{"embeddable":true,"href":"https:\/\/www.estrategiaconcursos.com.br\/blog\/wp-json\/wp\/v2\/comments?post=408882"}],"version-history":[{"count":6,"href":"https:\/\/www.estrategiaconcursos.com.br\/blog\/wp-json\/wp\/v2\/posts\/408882\/revisions"}],"predecessor-version":[{"id":411036,"href":"https:\/\/www.estrategiaconcursos.com.br\/blog\/wp-json\/wp\/v2\/posts\/408882\/revisions\/411036"}],"wp:attachment":[{"href":"https:\/\/www.estrategiaconcursos.com.br\/blog\/wp-json\/wp\/v2\/media?parent=408882"}],"wp:term":[{"taxonomy":"category","embeddable":true,"href":"https:\/\/www.estrategiaconcursos.com.br\/blog\/wp-json\/wp\/v2\/categories?post=408882"},{"taxonomy":"post_tag","embeddable":true,"href":"https:\/\/www.estrategiaconcursos.com.br\/blog\/wp-json\/wp\/v2\/tags?post=408882"},{"taxonomy":"tax_estado","embeddable":true,"href":"https:\/\/www.estrategiaconcursos.com.br\/blog\/wp-json\/wp\/v2\/tax_estado?post=408882"}],"curies":[{"name":"wp","href":"https:\/\/api.w.org\/{rel}","templated":true}]}}