{"id":408880,"date":"2019-08-13T12:02:56","date_gmt":"2019-08-13T15:02:56","guid":{"rendered":"https:\/\/www.estrategiaconcursos.com.br\/blog\/?p=408880"},"modified":"2021-03-08T13:58:07","modified_gmt":"2021-03-08T16:58:07","slug":"candidato-morre-apos-teste","status":"publish","type":"post","link":"https:\/\/www.estrategiaconcursos.com.br\/blog\/candidato-morre-apos-teste\/","title":{"rendered":"Candidato morre ap\u00f3s Teste de Aptid\u00e3o F\u00edsica no concurso de Perito Criminal"},"content":{"rendered":"\n<p>Faleceu na tarde desta segunda-feira, 12 de agosto, Renan Cabral Saisse. O jovem de 29 anos estava realizando o Teste de Aptid\u00e3o F\u00edsica do concurso para Perito do CPCRC no Estado do Par\u00e1. <\/p>\n\n\n\n<p>O teste foi realizado no \u00faltimo s\u00e1bado, 10 de agosto, no Centro de Instru\u00e7\u00e3o Almirante Braz de Aguiar, em Bel\u00e9m. Renan se sentiu mal ao finalizar o exerc\u00edcio de corrida, sendo socorrido pela equipe de param\u00e9dicos na UTI M\u00f3vel que estava instalada para a realiza\u00e7\u00e3o da terceira fase do certame.<\/p>\n\n\n\n<p>De acordo com a Secretaria de Estado de Administra\u00e7\u00e3o, todos os procedimentos m\u00e9dicos foram feitos no local. Por\u00e9m, foi decidido que o candidato deveria ser levado \u00e0 UPA de Sacramento. N\u00e3o apresentando melhora, Renan foi transferido para a UTI do Hospital de Guadalupe, onde acabou falecendo na segunda-feira.<\/p>\n\n\n\n<p>A Sead est\u00e1 apurando a informa\u00e7\u00e3o de que o candidato teria passado mal e ca\u00eddo tr\u00eas vezes ao longo da prova.<\/p>\n\n\n\n<p>Segundo o edital do concurso CPCRC PA, antes da fase de Aptid\u00e3o F\u00edsica, ocorre a fase de Exames M\u00e9dicos, na qual s\u00e3o solicitados diversos exames que ser\u00e3o avaliados por junta m\u00e9dica designada pela FADESP, banca que organiza o concurso.<\/p>\n\n\n\n<p>O pai do candidato desistiu de solicitar a per\u00edcia ao IML para investigar o motivo que causou a morte de Renan. Segundo ele: &#8220;<em>A causa da morte n\u00e3o vai me trazer ele de volta. Se eu souber a causa, vou pensar no que poderia ter sido evitado, o que vai me trazer mais sofrimento&#8221;<\/em>.<\/p>\n\n\n\n<p>Vale lembrar que o teste de Aptid\u00e3o F\u00edsica \u00e9 composto de 4 etapas: flex\u00e3o abdominal sobre o solo em um minuto com 20 repeti\u00e7\u00f5es; flex\u00e3o de bra\u00e7o no solo com 15 repeti\u00e7\u00f5es em quatro apoios (m\u00e3os e p\u00e9s); corrida de 12 minutos por 2.100 metros; e nata\u00e7\u00e3o em 50 metros por um minuto e 15 segundos.  <\/p>\n\n\n\n<p>Conforme o edital, os candidatos podem realizar esses exerc\u00edcios em duas tentativas, com exce\u00e7\u00e3o da corrida, que tem apenas uma tentativa.<\/p>\n\n\n\n<p style=\"font-size:22px;text-align:center\"><em><strong>Saiba mais sobre a carreira de Perito Criminal<\/strong><\/em><\/p>\n\n\n\n<p style=\"font-size:25px;text-align:center\" class=\"has-background has-light-green-cyan-background-color\"><strong><a href=\"https:\/\/www.estrategiaconcursos.com.br\/blog\/tudo-sobre-a-carreira-de-perito-criminal\/\" target=\"_blank\" rel=\"noreferrer noopener\" aria-label=\"Carreira Perito Criminal (abre numa nova aba)\">Carreira Perito Criminal<\/a><\/strong><\/p>\n\n\n\n<p style=\"font-size:25px;text-align:center\" class=\"has-background has-pale-cyan-blue-background-color\"><strong><a href=\"https:\/\/www.estrategiaconcursos.com.br\/blog\/concursos-abertos\/\">CONCURSOS ABERTOS<\/a><\/strong><\/p>\n\n\n\n<p style=\"font-size:25px;text-align:center\" class=\"has-background has-pale-cyan-blue-background-color\"><a href=\"https:\/\/www.estrategiaconcursos.com.br\/blog\/concursos-2019\/\"><strong>CONCURSOS 2019<\/strong><\/a><\/p>\n\n\n\n<p style=\"font-size:25px;text-align:center\" class=\"has-background has-pale-cyan-blue-background-color\"><a href=\"https:\/\/www.estrategiaconcursos.com.br\/blog\/concursos-2020\/\"><strong>CONCURSOS<\/strong><\/a><strong><a href=\"https:\/\/www.estrategiaconcursos.com.br\/blog\/concursos-2020\/\">&nbsp;2020<\/a><\/strong><\/p>\n","protected":false},"excerpt":{"rendered":"<p>Faleceu na tarde desta segunda-feira, 12 de agosto, Renan Cabral Saisse. O jovem de 29 anos estava realizando o Teste de Aptid\u00e3o F\u00edsica do concurso para Perito do CPCRC no Estado do Par\u00e1. O teste foi realizado no \u00faltimo s\u00e1bado, 10 de agosto, no Centro de Instru\u00e7\u00e3o Almirante Braz de Aguiar, em Bel\u00e9m. Renan se [&hellip;]<\/p>\n","protected":false},"author":180,"featured_media":0,"comment_status":"open","ping_status":"closed","sticky":false,"template":"","format":"standard","meta":{"post_tipo":"article","footnotes":""},"categories":[1],"tags":[],"tax_estado":[],"class_list":["post-408880","post","type-post","status-publish","format-standard","hentry","category-cursos-e-concursos"],"acf":[],"yoast_head":"<!-- This site is optimized with the Yoast SEO Premium plugin v27.2 (Yoast SEO v27.2) - https:\/\/yoast.com\/product\/yoast-seo-premium-wordpress\/ -->\n<title>Candidato morre ap\u00f3s Teste de Aptid\u00e3o F\u00edsica no concurso de Perito Criminal<\/title>\n<meta name=\"robots\" content=\"index, follow, max-snippet:-1, max-image-preview:large, max-video-preview:-1\" \/>\n<link rel=\"canonical\" href=\"https:\/\/www.estrategiaconcursos.com.br\/blog\/candidato-morre-apos-teste\/\" \/>\n<meta property=\"og:locale\" content=\"pt_BR\" \/>\n<meta property=\"og:type\" content=\"article\" \/>\n<meta property=\"og:title\" content=\"Candidato morre ap\u00f3s Teste de Aptid\u00e3o F\u00edsica no concurso de Perito Criminal\" \/>\n<meta property=\"og:description\" content=\"Faleceu na tarde desta segunda-feira, 12 de agosto, Renan Cabral Saisse. O jovem de 29 anos estava realizando o Teste de Aptid\u00e3o F\u00edsica do concurso para Perito do CPCRC no Estado do Par\u00e1. O teste foi realizado no \u00faltimo s\u00e1bado, 10 de agosto, no Centro de Instru\u00e7\u00e3o Almirante Braz de Aguiar, em Bel\u00e9m. Renan se [&hellip;]\" \/>\n<meta property=\"og:url\" content=\"https:\/\/www.estrategiaconcursos.com.br\/blog\/candidato-morre-apos-teste\/\" \/>\n<meta property=\"og:site_name\" content=\"Estrat\u00e9gia Concursos\" \/>\n<meta property=\"article:author\" content=\"https:\/\/www.facebook.com\/ricardo.s.torques\" \/>\n<meta property=\"article:published_time\" content=\"2019-08-13T15:02:56+00:00\" \/>\n<meta property=\"article:modified_time\" content=\"2021-03-08T16:58:07+00:00\" \/>\n<meta name=\"author\" content=\"Ricardo Torques\" \/>\n<meta name=\"twitter:card\" content=\"summary_large_image\" \/>\n<meta name=\"twitter:creator\" content=\"@EstratConcursos\" \/>\n<meta name=\"twitter:site\" content=\"@EstratConcursos\" \/>\n<meta name=\"twitter:label1\" content=\"Escrito por\" \/>\n\t<meta name=\"twitter:data1\" content=\"Ricardo Torques\" \/>\n\t<meta name=\"twitter:label2\" content=\"Est. tempo de leitura\" \/>\n\t<meta name=\"twitter:data2\" content=\"2 minutos\" \/>\n<script type=\"application\/ld+json\" class=\"yoast-schema-graph\">{\"@context\":\"https:\/\/schema.org\",\"@graph\":[{\"@type\":\"NewsArticle\",\"@id\":\"https:\/\/www.estrategiaconcursos.com.br\/blog\/candidato-morre-apos-teste\/#article\",\"isPartOf\":{\"@id\":\"https:\/\/www.estrategiaconcursos.com.br\/blog\/candidato-morre-apos-teste\/\"},\"author\":{\"name\":\"Ricardo Torques\",\"@id\":\"https:\/\/www.estrategiaconcursos.com.br\/blog\/#\/schema\/person\/aa39cf5ddb518e5bdce27c35788405e2\"},\"headline\":\"Candidato morre ap\u00f3s Teste de Aptid\u00e3o F\u00edsica no concurso de Perito Criminal\",\"datePublished\":\"2019-08-13T15:02:56+00:00\",\"dateModified\":\"2021-03-08T16:58:07+00:00\",\"mainEntityOfPage\":{\"@id\":\"https:\/\/www.estrategiaconcursos.com.br\/blog\/candidato-morre-apos-teste\/\"},\"wordCount\":377,\"commentCount\":5,\"publisher\":{\"@id\":\"https:\/\/www.estrategiaconcursos.com.br\/blog\/#organization\"},\"articleSection\":[\"Concursos P\u00fablicos\"],\"inLanguage\":\"pt-BR\",\"potentialAction\":[{\"@type\":\"CommentAction\",\"name\":\"Comment\",\"target\":[\"https:\/\/www.estrategiaconcursos.com.br\/blog\/candidato-morre-apos-teste\/#respond\"]}],\"copyrightYear\":\"2019\",\"copyrightHolder\":{\"@id\":\"https:\/\/www.estrategiaconcursos.com.br\/blog\/#organization\"}},{\"@type\":\"WebPage\",\"@id\":\"https:\/\/www.estrategiaconcursos.com.br\/blog\/candidato-morre-apos-teste\/\",\"url\":\"https:\/\/www.estrategiaconcursos.com.br\/blog\/candidato-morre-apos-teste\/\",\"name\":\"Candidato morre ap\u00f3s Teste de Aptid\u00e3o F\u00edsica no concurso de Perito Criminal\",\"isPartOf\":{\"@id\":\"https:\/\/www.estrategiaconcursos.com.br\/blog\/#website\"},\"datePublished\":\"2019-08-13T15:02:56+00:00\",\"dateModified\":\"2021-03-08T16:58:07+00:00\",\"breadcrumb\":{\"@id\":\"https:\/\/www.estrategiaconcursos.com.br\/blog\/candidato-morre-apos-teste\/#breadcrumb\"},\"inLanguage\":\"pt-BR\",\"potentialAction\":[{\"@type\":\"ReadAction\",\"target\":[\"https:\/\/www.estrategiaconcursos.com.br\/blog\/candidato-morre-apos-teste\/\"]}]},{\"@type\":\"BreadcrumbList\",\"@id\":\"https:\/\/www.estrategiaconcursos.com.br\/blog\/candidato-morre-apos-teste\/#breadcrumb\",\"itemListElement\":[{\"@type\":\"ListItem\",\"position\":1,\"name\":\"In\u00edcio\",\"item\":\"https:\/\/www.estrategiaconcursos.com.br\/blog\/\"},{\"@type\":\"ListItem\",\"position\":2,\"name\":\"Candidato morre ap\u00f3s Teste de Aptid\u00e3o F\u00edsica no concurso de Perito Criminal\"}]},{\"@type\":\"WebSite\",\"@id\":\"https:\/\/www.estrategiaconcursos.com.br\/blog\/#website\",\"url\":\"https:\/\/www.estrategiaconcursos.com.br\/blog\/\",\"name\":\"Estrat\u00e9gia Concursos\",\"description\":\"O blog da Estrat\u00e9gia Concursos traz not\u00edcias sobre concursos e artigos de professores oferecendo cursos para concursos (pdf + videaulas) no site.\",\"publisher\":{\"@id\":\"https:\/\/www.estrategiaconcursos.com.br\/blog\/#organization\"},\"potentialAction\":[{\"@type\":\"SearchAction\",\"target\":{\"@type\":\"EntryPoint\",\"urlTemplate\":\"https:\/\/www.estrategiaconcursos.com.br\/blog\/?s={search_term_string}\"},\"query-input\":{\"@type\":\"PropertyValueSpecification\",\"valueRequired\":true,\"valueName\":\"search_term_string\"}}],\"inLanguage\":\"pt-BR\"},{\"@type\":\"Organization\",\"@id\":\"https:\/\/www.estrategiaconcursos.com.br\/blog\/#organization\",\"name\":\"Estrat\u00e9gia Concursos\",\"url\":\"https:\/\/www.estrategiaconcursos.com.br\/blog\/\",\"logo\":{\"@type\":\"ImageObject\",\"inLanguage\":\"pt-BR\",\"@id\":\"https:\/\/www.estrategiaconcursos.com.br\/blog\/#\/schema\/logo\/image\/\",\"url\":\"https:\/\/dhg1h5j42swfq.cloudfront.net\/2025\/06\/03203428\/logo_concursos-1.jpg\",\"contentUrl\":\"https:\/\/dhg1h5j42swfq.cloudfront.net\/2025\/06\/03203428\/logo_concursos-1.jpg\",\"width\":230,\"height\":60,\"caption\":\"Estrat\u00e9gia Concursos\"},\"image\":{\"@id\":\"https:\/\/www.estrategiaconcursos.com.br\/blog\/#\/schema\/logo\/image\/\"},\"sameAs\":[\"https:\/\/x.com\/EstratConcursos\"]},{\"@type\":\"Person\",\"@id\":\"https:\/\/www.estrategiaconcursos.com.br\/blog\/#\/schema\/person\/aa39cf5ddb518e5bdce27c35788405e2\",\"name\":\"Ricardo Torques\",\"image\":{\"@type\":\"ImageObject\",\"inLanguage\":\"pt-BR\",\"@id\":\"https:\/\/secure.gravatar.com\/avatar\/ce9ac6c3cff25fe86d15ed568ebc64d1724baf5c0693133bcb1f6073f712f92a?s=96&d=mm&r=g\",\"url\":\"https:\/\/secure.gravatar.com\/avatar\/ce9ac6c3cff25fe86d15ed568ebc64d1724baf5c0693133bcb1f6073f712f92a?s=96&d=mm&r=g\",\"contentUrl\":\"https:\/\/secure.gravatar.com\/avatar\/ce9ac6c3cff25fe86d15ed568ebc64d1724baf5c0693133bcb1f6073f712f92a?s=96&d=mm&r=g\",\"caption\":\"Ricardo Torques\"},\"sameAs\":[\"https:\/\/www.facebook.com\/ricardo.s.torques\"],\"url\":\"https:\/\/www.estrategiaconcursos.com.br\/blog\/author\/ricardotorquesestrategiaconcursos-com-br\/\"}]}<\/script>\n<!-- \/ Yoast SEO Premium plugin. -->","yoast_head_json":{"title":"Candidato morre ap\u00f3s Teste de Aptid\u00e3o F\u00edsica no concurso de Perito Criminal","robots":{"index":"index","follow":"follow","max-snippet":"max-snippet:-1","max-image-preview":"max-image-preview:large","max-video-preview":"max-video-preview:-1"},"canonical":"https:\/\/www.estrategiaconcursos.com.br\/blog\/candidato-morre-apos-teste\/","og_locale":"pt_BR","og_type":"article","og_title":"Candidato morre ap\u00f3s Teste de Aptid\u00e3o F\u00edsica no concurso de Perito Criminal","og_description":"Faleceu na tarde desta segunda-feira, 12 de agosto, Renan Cabral Saisse. O jovem de 29 anos estava realizando o Teste de Aptid\u00e3o F\u00edsica do concurso para Perito do CPCRC no Estado do Par\u00e1. O teste foi realizado no \u00faltimo s\u00e1bado, 10 de agosto, no Centro de Instru\u00e7\u00e3o Almirante Braz de Aguiar, em Bel\u00e9m. Renan se [&hellip;]","og_url":"https:\/\/www.estrategiaconcursos.com.br\/blog\/candidato-morre-apos-teste\/","og_site_name":"Estrat\u00e9gia Concursos","article_author":"https:\/\/www.facebook.com\/ricardo.s.torques","article_published_time":"2019-08-13T15:02:56+00:00","article_modified_time":"2021-03-08T16:58:07+00:00","author":"Ricardo Torques","twitter_card":"summary_large_image","twitter_creator":"@EstratConcursos","twitter_site":"@EstratConcursos","twitter_misc":{"Escrito por":"Ricardo Torques","Est. tempo de leitura":"2 minutos"},"schema":{"@context":"https:\/\/schema.org","@graph":[{"@type":"NewsArticle","@id":"https:\/\/www.estrategiaconcursos.com.br\/blog\/candidato-morre-apos-teste\/#article","isPartOf":{"@id":"https:\/\/www.estrategiaconcursos.com.br\/blog\/candidato-morre-apos-teste\/"},"author":{"name":"Ricardo Torques","@id":"https:\/\/www.estrategiaconcursos.com.br\/blog\/#\/schema\/person\/aa39cf5ddb518e5bdce27c35788405e2"},"headline":"Candidato morre ap\u00f3s Teste de Aptid\u00e3o F\u00edsica no concurso de Perito Criminal","datePublished":"2019-08-13T15:02:56+00:00","dateModified":"2021-03-08T16:58:07+00:00","mainEntityOfPage":{"@id":"https:\/\/www.estrategiaconcursos.com.br\/blog\/candidato-morre-apos-teste\/"},"wordCount":377,"commentCount":5,"publisher":{"@id":"https:\/\/www.estrategiaconcursos.com.br\/blog\/#organization"},"articleSection":["Concursos P\u00fablicos"],"inLanguage":"pt-BR","potentialAction":[{"@type":"CommentAction","name":"Comment","target":["https:\/\/www.estrategiaconcursos.com.br\/blog\/candidato-morre-apos-teste\/#respond"]}],"copyrightYear":"2019","copyrightHolder":{"@id":"https:\/\/www.estrategiaconcursos.com.br\/blog\/#organization"}},{"@type":"WebPage","@id":"https:\/\/www.estrategiaconcursos.com.br\/blog\/candidato-morre-apos-teste\/","url":"https:\/\/www.estrategiaconcursos.com.br\/blog\/candidato-morre-apos-teste\/","name":"Candidato morre ap\u00f3s Teste de Aptid\u00e3o F\u00edsica no concurso de Perito Criminal","isPartOf":{"@id":"https:\/\/www.estrategiaconcursos.com.br\/blog\/#website"},"datePublished":"2019-08-13T15:02:56+00:00","dateModified":"2021-03-08T16:58:07+00:00","breadcrumb":{"@id":"https:\/\/www.estrategiaconcursos.com.br\/blog\/candidato-morre-apos-teste\/#breadcrumb"},"inLanguage":"pt-BR","potentialAction":[{"@type":"ReadAction","target":["https:\/\/www.estrategiaconcursos.com.br\/blog\/candidato-morre-apos-teste\/"]}]},{"@type":"BreadcrumbList","@id":"https:\/\/www.estrategiaconcursos.com.br\/blog\/candidato-morre-apos-teste\/#breadcrumb","itemListElement":[{"@type":"ListItem","position":1,"name":"In\u00edcio","item":"https:\/\/www.estrategiaconcursos.com.br\/blog\/"},{"@type":"ListItem","position":2,"name":"Candidato morre ap\u00f3s Teste de Aptid\u00e3o F\u00edsica no concurso de Perito Criminal"}]},{"@type":"WebSite","@id":"https:\/\/www.estrategiaconcursos.com.br\/blog\/#website","url":"https:\/\/www.estrategiaconcursos.com.br\/blog\/","name":"Estrat\u00e9gia Concursos","description":"O blog da Estrat\u00e9gia Concursos traz not\u00edcias sobre concursos e artigos de professores oferecendo cursos para concursos (pdf + videaulas) no site.","publisher":{"@id":"https:\/\/www.estrategiaconcursos.com.br\/blog\/#organization"},"potentialAction":[{"@type":"SearchAction","target":{"@type":"EntryPoint","urlTemplate":"https:\/\/www.estrategiaconcursos.com.br\/blog\/?s={search_term_string}"},"query-input":{"@type":"PropertyValueSpecification","valueRequired":true,"valueName":"search_term_string"}}],"inLanguage":"pt-BR"},{"@type":"Organization","@id":"https:\/\/www.estrategiaconcursos.com.br\/blog\/#organization","name":"Estrat\u00e9gia Concursos","url":"https:\/\/www.estrategiaconcursos.com.br\/blog\/","logo":{"@type":"ImageObject","inLanguage":"pt-BR","@id":"https:\/\/www.estrategiaconcursos.com.br\/blog\/#\/schema\/logo\/image\/","url":"https:\/\/dhg1h5j42swfq.cloudfront.net\/2025\/06\/03203428\/logo_concursos-1.jpg","contentUrl":"https:\/\/dhg1h5j42swfq.cloudfront.net\/2025\/06\/03203428\/logo_concursos-1.jpg","width":230,"height":60,"caption":"Estrat\u00e9gia Concursos"},"image":{"@id":"https:\/\/www.estrategiaconcursos.com.br\/blog\/#\/schema\/logo\/image\/"},"sameAs":["https:\/\/x.com\/EstratConcursos"]},{"@type":"Person","@id":"https:\/\/www.estrategiaconcursos.com.br\/blog\/#\/schema\/person\/aa39cf5ddb518e5bdce27c35788405e2","name":"Ricardo Torques","image":{"@type":"ImageObject","inLanguage":"pt-BR","@id":"https:\/\/secure.gravatar.com\/avatar\/ce9ac6c3cff25fe86d15ed568ebc64d1724baf5c0693133bcb1f6073f712f92a?s=96&d=mm&r=g","url":"https:\/\/secure.gravatar.com\/avatar\/ce9ac6c3cff25fe86d15ed568ebc64d1724baf5c0693133bcb1f6073f712f92a?s=96&d=mm&r=g","contentUrl":"https:\/\/secure.gravatar.com\/avatar\/ce9ac6c3cff25fe86d15ed568ebc64d1724baf5c0693133bcb1f6073f712f92a?s=96&d=mm&r=g","caption":"Ricardo Torques"},"sameAs":["https:\/\/www.facebook.com\/ricardo.s.torques"],"url":"https:\/\/www.estrategiaconcursos.com.br\/blog\/author\/ricardotorquesestrategiaconcursos-com-br\/"}]}},"_links":{"self":[{"href":"https:\/\/www.estrategiaconcursos.com.br\/blog\/wp-json\/wp\/v2\/posts\/408880","targetHints":{"allow":["GET"]}}],"collection":[{"href":"https:\/\/www.estrategiaconcursos.com.br\/blog\/wp-json\/wp\/v2\/posts"}],"about":[{"href":"https:\/\/www.estrategiaconcursos.com.br\/blog\/wp-json\/wp\/v2\/types\/post"}],"author":[{"embeddable":true,"href":"https:\/\/www.estrategiaconcursos.com.br\/blog\/wp-json\/wp\/v2\/users\/180"}],"replies":[{"embeddable":true,"href":"https:\/\/www.estrategiaconcursos.com.br\/blog\/wp-json\/wp\/v2\/comments?post=408880"}],"version-history":[{"count":6,"href":"https:\/\/www.estrategiaconcursos.com.br\/blog\/wp-json\/wp\/v2\/posts\/408880\/revisions"}],"predecessor-version":[{"id":409440,"href":"https:\/\/www.estrategiaconcursos.com.br\/blog\/wp-json\/wp\/v2\/posts\/408880\/revisions\/409440"}],"wp:attachment":[{"href":"https:\/\/www.estrategiaconcursos.com.br\/blog\/wp-json\/wp\/v2\/media?parent=408880"}],"wp:term":[{"taxonomy":"category","embeddable":true,"href":"https:\/\/www.estrategiaconcursos.com.br\/blog\/wp-json\/wp\/v2\/categories?post=408880"},{"taxonomy":"post_tag","embeddable":true,"href":"https:\/\/www.estrategiaconcursos.com.br\/blog\/wp-json\/wp\/v2\/tags?post=408880"},{"taxonomy":"tax_estado","embeddable":true,"href":"https:\/\/www.estrategiaconcursos.com.br\/blog\/wp-json\/wp\/v2\/tax_estado?post=408880"}],"curies":[{"name":"wp","href":"https:\/\/api.w.org\/{rel}","templated":true}]}}