{"id":408864,"date":"2019-08-13T22:00:50","date_gmt":"2019-08-14T01:00:50","guid":{"rendered":"https:\/\/www.estrategiaconcursos.com.br\/blog\/?p=408864"},"modified":"2023-06-15T10:43:00","modified_gmt":"2023-06-15T13:43:00","slug":"concurso-iss-betim-saiu-edital","status":"publish","type":"post","link":"https:\/\/www.estrategiaconcursos.com.br\/blog\/concurso-iss-betim-saiu-edital\/","title":{"rendered":"Edital ISS Betim: certame para Auditor Fiscal est\u00e1 com inscri\u00e7\u00f5es encerradas"},"content":{"rendered":"\n<h2 class=\"wp-block-heading\"><em>Provas ser\u00e3o realizadas em mar\u00e7o de 2020<\/em><\/h2>\n\n\n\n<p>Com inscri\u00e7\u00f5es j\u00e1 encerradas, o edital ISS Betim oferta <strong>07 vagas<\/strong> para o cargo de <strong>Auditor Fiscal de Tributos Municipais<\/strong>, sendo 5 para ampla concorr\u00eancia, 1 para candidatos negros e 1 para pessoas com defici\u00eancia (PcD).<\/p>\n\n\n\n<h2 class=\"wp-block-heading\">Requisitos concurso ISS Betim <\/h2>\n\n\n\n<p> S\u00e3o requisitos b\u00e1sicos para o ingresso no quadro da Prefeitura de Betim: <\/p>\n\n\n\n<ul class=\"wp-block-list\">\n<li>ser brasileiro, nos termos da Constitui\u00e7\u00e3o Federal;<\/li>\n\n\n\n<li> ter completado 18 anos; <\/li>\n\n\n\n<li> estar em pleno exerc\u00edcio dos direitos pol\u00edticos; <\/li>\n\n\n\n<li> ser julgado APTO f\u00edsica e mentalmente para o exerc\u00edcio do cargo, em inspe\u00e7\u00e3o m\u00e9dica oficial, determinada pela Prefeitura de Betim; <\/li>\n\n\n\n<li> possuir a escolaridade exigida e demais requisitos para o exerc\u00edcio do cargo; <\/li>\n\n\n\n<li>declarar expressamente o exerc\u00edcio ou n\u00e3o de cargo, emprego ou fun\u00e7\u00e3o p\u00fablica nos \u00f3rg\u00e3os e entidades da Administra\u00e7\u00e3o P\u00fablica Estadual, Feder <\/li>\n<\/ul>\n\n\n\n<h2 class=\"wp-block-heading\">Etapas do concurso ISS Betim<\/h2>\n\n\n\n<p>O concurso \u00e9 divido em at\u00e9 tr\u00eas etapas, sendo elas: Prova objetiva, dissertativa e avalia\u00e7\u00e3o de t\u00edtulos. <\/p>\n\n\n\n<ol class=\"wp-block-list\">\n<li><strong>Prova Objetiva<\/strong>&nbsp;(Eliminat\u00f3rio e classificat\u00f3rio)<\/li>\n\n\n\n<li><strong>Provas Discursiva<\/strong>&nbsp;\u2013 Disserta\u00e7\u00e3o (Eliminat\u00f3rio e classificat\u00f3rio)<\/li>\n\n\n\n<li><strong>Avalia\u00e7\u00e3o de t\u00edtulos<\/strong>&nbsp;(classificat\u00f3rio)<\/li>\n<\/ol>\n\n\n\n<p>As Provas Objetiva e Dissertativa ser\u00e3o aplicadas na cidade de Betim, Estado de Minas Gerais, podendo ser aplicadas tamb\u00e9m em cidades vizinhas, caso o n\u00famero de inscritos exceda a capacidade de aloca\u00e7\u00e3o do munic\u00edpio.<\/p>\n\n\n\n<h3 class=\"wp-block-heading\">Prova Objetiva<\/h3>\n\n\n\n<p>A Prova Objetiva ser\u00e1 composta de<strong>&nbsp;50 quest\u00f5es<\/strong>&nbsp;de m\u00faltipla escolha, distribu\u00eddas por \u00e1reas de conhecimento.<\/p>\n\n\n\n<p>O candidato dever\u00e1 obter 60% ou mais do total de pontos previstos na Prova Objetiva, al\u00e9m de n\u00e3o obter nota 0 em quaisquer das \u00e1reas de conhecimento.<\/p>\n\n\n\n<ul class=\"wp-block-list\">\n<li>L\u00edngua Portuguesa \u2013 10 quest\u00f5es, peso 2<\/li>\n\n\n\n<li>Legisla\u00e7\u00f5es Municipais \u2013 10 quest\u00f5es, peso 2<\/li>\n\n\n\n<li>Conhecimentos Espec\u00edficos \u2013 30 quest\u00f5es, peso 2<\/li>\n<\/ul>\n\n\n\n<h3 class=\"wp-block-heading\">Prova Dissertativa<\/h3>\n\n\n\n<p>A Prova Dissertativa ser\u00e1 elaborada a partir de um tema proposto, baseado em um ou mais textos ou fragmentos de textos. O candidato adotar\u00e1 uma linha de abordagem utilizando a tipologia textual \u201cDisserta\u00e7\u00e3o\u201d.<\/p>\n\n\n\n<p>Somente ser\u00e1 corrigida a prova do candidato que obter a pontua\u00e7\u00e3o estabelecida no item anterior e que estar classificado na Prova Objetiva at\u00e9 o limite disposto abaixo:<\/p>\n\n\n\n<ul class=\"wp-block-list\">\n<li>Classifica\u00e7\u00e3o m\u00e1xima para corre\u00e7\u00e3o da Prova Dissertativa Ampla Concorr\u00eancia:<strong>&nbsp;50 candidatos<\/strong>;<\/li>\n\n\n\n<li>Classifica\u00e7\u00e3o m\u00e1xima para corre\u00e7\u00e3o da Prova Dissertativa Candidatos Negros:&nbsp;<strong>10 candidatos<\/strong>.<\/li>\n<\/ul>\n\n\n\n<p>Todos os candidatos empatados com o \u00faltimo colocado na Prova Objetiva, dentre o limite disposto, ter\u00e3o sua Prova Dissertativa corrigida.<\/p>\n\n\n\n<p>A Prova Dissertativa ser\u00e1 avaliada de acordo com a pontua\u00e7\u00e3o e aspectos da tabela abaixo:<\/p>\n\n\n\n<figure class=\"wp-block-image aligncenter is-resized\"><img loading=\"lazy\" decoding=\"async\" src=\"https:\/\/dhg1h5j42swfq.cloudfront.net\/2019\/08\/13104949\/ETAPA.png.png\" alt=\"\" class=\"wp-image-408895\" width=\"762\" height=\"221\" srcset=\"https:\/\/dhg1h5j42swfq.cloudfront.net\/2019\/08\/13104949\/ETAPA.png.png 1022w, https:\/\/dhg1h5j42swfq.cloudfront.net\/2019\/08\/13104949\/ETAPA.png.png 300w, https:\/\/dhg1h5j42swfq.cloudfront.net\/2019\/08\/13104949\/ETAPA.png.png 768w, https:\/\/dhg1h5j42swfq.cloudfront.net\/2019\/08\/13104949\/ETAPA.png.png 610w\" sizes=\"auto, (max-width: 762px) 100vw, 762px\" \/><\/figure>\n\n\n\n<p><strong><em>Quer saber todos os detalhes sobre o concurso ISS Betim? Confira tudo na \u00edntegra acessando o link abaixo!<\/em><\/strong><\/p>\n\n\n\n<p class=\"has-text-align-center has-very-light-gray-background-color has-background\" style=\"font-size:clamp(16.293px, 1.018rem + ((1vw - 3.2px) * 0.854), 25px);px\"><strong>Saiba mais: <a rel=\"noreferrer noopener\" aria-label=\"Saiba mais: ISS Betim (abre numa nova aba)\" href=\"https:\/\/www.estrategiaconcursos.com.br\/blog\/concurso-iss-betim\/\" target=\"_blank\">Concurso ISS Betim<\/a><\/strong><\/p>\n\n\n\n<h2 class=\"wp-block-heading\">Assinatura ilimitada e cursos para o concurso ISS Betim<\/h2>\n\n\n\n<p class=\"has-text-align-center has-luminous-vivid-amber-background-color has-background\" style=\"font-size:clamp(14.642px, 0.915rem + ((1vw - 3.2px) * 0.721), 22px);px\"><strong><a href=\"https:\/\/www.estrategiaconcursos.com.br\/cursosPorConcurso\/iss-betim\/\" target=\"_blank\" rel=\"noreferrer noopener\">CURSOS ISS BETIM<\/a><\/strong><\/p>\n\n\n\n<p class=\"has-text-align-center\"><em><strong>Assinatura Anual Ilimitada*<\/strong><\/em><\/p>\n\n\n\n<p class=\"has-text-align-center\"><em>Prepare-se com o melhor material e com quem mais aprova em&nbsp;Concursos P\u00fablicos de todo o pa\u00eds. Assine agora a nossa Assinatura Anual e tenha acesso ilimitado* a todos os nossos cursos.<\/em><\/p>\n\n\n\n<p class=\"has-text-align-center has-light-green-cyan-background-color has-background\"><strong>ASSINE AGORA<\/strong>&nbsp;\u2013&nbsp;<strong><a rel=\"noreferrer noopener\" href=\"https:\/\/www.estrategiaconcursos.com.br\/assinaturas\" target=\"_blank\">Assinatura Ilimitada<\/a><\/strong><\/p>\n\n\n\n<p class=\"has-text-align-center has-pale-cyan-blue-background-color has-background\" style=\"font-size:clamp(14px, 0.875rem + ((1vw - 3.2px) * 0.49), 19px);px\"><strong><a href=\"https:\/\/www.estrategiaconcursos.com.br\/blog\/concursos-abertos\/\">CONCURSOS ABERTOS<\/a><\/strong><\/p>\n\n\n\n<figure class=\"wp-block-image\"><img loading=\"lazy\" decoding=\"async\" width=\"300\" height=\"102\" src=\"https:\/\/dhg1h5j42swfq.cloudfront.net\/2017\/03\/28152500\/coruja-ficha-tecnica-300x102.png\" alt=\"\" class=\"wp-image-68542\"\/><\/figure>\n\n\n\n<h4 class=\"wp-block-heading\" id=\"ficha\"><strong>Informa\u00e7\u00f5es do concurso ISS&nbsp;Betim&nbsp;<\/strong><\/h4>\n\n\n\n<p>\u25ba<strong>Data prevista da prova:&nbsp;<\/strong>01 de mar\u00e7o de 2020<br \/>\u25ba<strong>Vagas:&nbsp;<\/strong>7<br \/>\u25ba<strong>Banca:<\/strong>&nbsp;Instituto AOCP<br \/><strong>\u25baCargos:&nbsp;<\/strong>Auditor Fiscal de Tributos Municipais&nbsp;<br \/><strong>\u25baEscolaridade:<\/strong>&nbsp;N\u00edvel superior<strong><br \/>\u25baEdital:&nbsp;<\/strong><a rel=\"noreferrer noopener\" href=\"https:\/\/dhg1h5j42swfq.cloudfront.net\/2019\/08\/13101456\/Edital_BETIM.pdf\" target=\"_blank\">Edital ISS Betim 2019<\/a><\/p>\n\n\n\n<p><br \/><em>Ascom Estrat\u00e9gia<\/em><br \/>ascomestrategia@gmail.com<\/p>\n","protected":false},"excerpt":{"rendered":"<p>Provas ser\u00e3o realizadas em mar\u00e7o de 2020 Com inscri\u00e7\u00f5es j\u00e1 encerradas, o edital ISS Betim oferta 07 vagas para o cargo de Auditor Fiscal de Tributos Municipais, sendo 5 para ampla concorr\u00eancia, 1 para candidatos negros e 1 para pessoas com defici\u00eancia (PcD). Requisitos concurso ISS Betim S\u00e3o requisitos b\u00e1sicos para o ingresso no quadro [&hellip;]<\/p>\n","protected":false},"author":344,"featured_media":170911,"comment_status":"open","ping_status":"closed","sticky":false,"template":"","format":"standard","meta":{"post_tipo":"article","footnotes":""},"categories":[1],"tags":[],"tax_estado":[],"class_list":["post-408864","post","type-post","status-publish","format-standard","has-post-thumbnail","hentry","category-cursos-e-concursos"],"acf":[],"yoast_head":"<!-- This site is optimized with the Yoast SEO Premium plugin v27.2 (Yoast SEO v27.2) - https:\/\/yoast.com\/product\/yoast-seo-premium-wordpress\/ -->\n<title>Edital ISS Betim: certame para Auditor Fiscal est\u00e1 com inscri\u00e7\u00f5es encerradas<\/title>\n<meta name=\"robots\" content=\"index, follow, max-snippet:-1, max-image-preview:large, max-video-preview:-1\" \/>\n<link rel=\"canonical\" href=\"https:\/\/www.estrategiaconcursos.com.br\/blog\/concurso-iss-betim-saiu-edital\/\" \/>\n<meta property=\"og:locale\" content=\"pt_BR\" \/>\n<meta property=\"og:type\" content=\"article\" \/>\n<meta property=\"og:title\" content=\"Edital ISS Betim: certame para Auditor Fiscal est\u00e1 com inscri\u00e7\u00f5es encerradas\" \/>\n<meta property=\"og:description\" content=\"Provas ser\u00e3o realizadas em mar\u00e7o de 2020 Com inscri\u00e7\u00f5es j\u00e1 encerradas, o edital ISS Betim oferta 07 vagas para o cargo de Auditor Fiscal de Tributos Municipais, sendo 5 para ampla concorr\u00eancia, 1 para candidatos negros e 1 para pessoas com defici\u00eancia (PcD). Requisitos concurso ISS Betim S\u00e3o requisitos b\u00e1sicos para o ingresso no quadro [&hellip;]\" \/>\n<meta property=\"og:url\" content=\"https:\/\/www.estrategiaconcursos.com.br\/blog\/concurso-iss-betim-saiu-edital\/\" \/>\n<meta property=\"og:site_name\" content=\"Estrat\u00e9gia Concursos\" \/>\n<meta property=\"article:author\" content=\"https:\/\/www.facebook.com\/coachluiseduardo\/\" \/>\n<meta property=\"article:published_time\" content=\"2019-08-14T01:00:50+00:00\" \/>\n<meta property=\"article:modified_time\" content=\"2023-06-15T13:43:00+00:00\" \/>\n<meta property=\"og:image\" content=\"https:\/\/dhg1h5j42swfq.cloudfront.net\/2019\/03\/12113705\/concurso-iss-betim.png\" \/>\n\t<meta property=\"og:image:width\" content=\"400\" \/>\n\t<meta property=\"og:image:height\" content=\"209\" \/>\n\t<meta property=\"og:image:type\" content=\"image\/png\" \/>\n<meta name=\"author\" content=\"Luis Eduardo\" \/>\n<meta name=\"twitter:card\" content=\"summary_large_image\" \/>\n<meta name=\"twitter:creator\" content=\"@EstratConcursos\" \/>\n<meta name=\"twitter:site\" content=\"@EstratConcursos\" \/>\n<meta name=\"twitter:label1\" content=\"Escrito por\" \/>\n\t<meta name=\"twitter:data1\" content=\"Luis Eduardo\" \/>\n\t<meta name=\"twitter:label2\" content=\"Est. tempo de leitura\" \/>\n\t<meta name=\"twitter:data2\" content=\"3 minutos\" \/>\n<script type=\"application\/ld+json\" class=\"yoast-schema-graph\">{\"@context\":\"https:\/\/schema.org\",\"@graph\":[{\"@type\":\"NewsArticle\",\"@id\":\"https:\/\/www.estrategiaconcursos.com.br\/blog\/concurso-iss-betim-saiu-edital\/#article\",\"isPartOf\":{\"@id\":\"https:\/\/www.estrategiaconcursos.com.br\/blog\/concurso-iss-betim-saiu-edital\/\"},\"author\":{\"name\":\"Luis Eduardo\",\"@id\":\"https:\/\/www.estrategiaconcursos.com.br\/blog\/#\/schema\/person\/0906ff564105056f3b05978d503ee214\"},\"headline\":\"Edital ISS Betim: certame para Auditor Fiscal est\u00e1 com inscri\u00e7\u00f5es encerradas\",\"datePublished\":\"2019-08-14T01:00:50+00:00\",\"dateModified\":\"2023-06-15T13:43:00+00:00\",\"mainEntityOfPage\":{\"@id\":\"https:\/\/www.estrategiaconcursos.com.br\/blog\/concurso-iss-betim-saiu-edital\/\"},\"wordCount\":572,\"commentCount\":9,\"publisher\":{\"@id\":\"https:\/\/www.estrategiaconcursos.com.br\/blog\/#organization\"},\"image\":{\"@id\":\"https:\/\/www.estrategiaconcursos.com.br\/blog\/concurso-iss-betim-saiu-edital\/#primaryimage\"},\"thumbnailUrl\":\"https:\/\/dhg1h5j42swfq.cloudfront.net\/2019\/03\/12113705\/concurso-iss-betim.png\",\"articleSection\":[\"Concursos P\u00fablicos\"],\"inLanguage\":\"pt-BR\",\"potentialAction\":[{\"@type\":\"CommentAction\",\"name\":\"Comment\",\"target\":[\"https:\/\/www.estrategiaconcursos.com.br\/blog\/concurso-iss-betim-saiu-edital\/#respond\"]}],\"copyrightYear\":\"2019\",\"copyrightHolder\":{\"@id\":\"https:\/\/www.estrategiaconcursos.com.br\/blog\/#organization\"}},{\"@type\":\"WebPage\",\"@id\":\"https:\/\/www.estrategiaconcursos.com.br\/blog\/concurso-iss-betim-saiu-edital\/\",\"url\":\"https:\/\/www.estrategiaconcursos.com.br\/blog\/concurso-iss-betim-saiu-edital\/\",\"name\":\"Edital ISS Betim: certame para Auditor Fiscal est\u00e1 com inscri\u00e7\u00f5es encerradas\",\"isPartOf\":{\"@id\":\"https:\/\/www.estrategiaconcursos.com.br\/blog\/#website\"},\"primaryImageOfPage\":{\"@id\":\"https:\/\/www.estrategiaconcursos.com.br\/blog\/concurso-iss-betim-saiu-edital\/#primaryimage\"},\"image\":{\"@id\":\"https:\/\/www.estrategiaconcursos.com.br\/blog\/concurso-iss-betim-saiu-edital\/#primaryimage\"},\"thumbnailUrl\":\"https:\/\/dhg1h5j42swfq.cloudfront.net\/2019\/03\/12113705\/concurso-iss-betim.png\",\"datePublished\":\"2019-08-14T01:00:50+00:00\",\"dateModified\":\"2023-06-15T13:43:00+00:00\",\"breadcrumb\":{\"@id\":\"https:\/\/www.estrategiaconcursos.com.br\/blog\/concurso-iss-betim-saiu-edital\/#breadcrumb\"},\"inLanguage\":\"pt-BR\",\"potentialAction\":[{\"@type\":\"ReadAction\",\"target\":[\"https:\/\/www.estrategiaconcursos.com.br\/blog\/concurso-iss-betim-saiu-edital\/\"]}]},{\"@type\":\"ImageObject\",\"inLanguage\":\"pt-BR\",\"@id\":\"https:\/\/www.estrategiaconcursos.com.br\/blog\/concurso-iss-betim-saiu-edital\/#primaryimage\",\"url\":\"https:\/\/dhg1h5j42swfq.cloudfront.net\/2019\/03\/12113705\/concurso-iss-betim.png\",\"contentUrl\":\"https:\/\/dhg1h5j42swfq.cloudfront.net\/2019\/03\/12113705\/concurso-iss-betim.png\",\"width\":400,\"height\":209,\"caption\":\"ISS Betim\"},{\"@type\":\"BreadcrumbList\",\"@id\":\"https:\/\/www.estrategiaconcursos.com.br\/blog\/concurso-iss-betim-saiu-edital\/#breadcrumb\",\"itemListElement\":[{\"@type\":\"ListItem\",\"position\":1,\"name\":\"In\u00edcio\",\"item\":\"https:\/\/www.estrategiaconcursos.com.br\/blog\/\"},{\"@type\":\"ListItem\",\"position\":2,\"name\":\"Edital ISS Betim: certame para Auditor Fiscal est\u00e1 com inscri\u00e7\u00f5es encerradas\"}]},{\"@type\":\"WebSite\",\"@id\":\"https:\/\/www.estrategiaconcursos.com.br\/blog\/#website\",\"url\":\"https:\/\/www.estrategiaconcursos.com.br\/blog\/\",\"name\":\"Estrat\u00e9gia Concursos\",\"description\":\"O blog da Estrat\u00e9gia Concursos traz not\u00edcias sobre concursos e artigos de professores oferecendo cursos para concursos (pdf + videaulas) no site.\",\"publisher\":{\"@id\":\"https:\/\/www.estrategiaconcursos.com.br\/blog\/#organization\"},\"potentialAction\":[{\"@type\":\"SearchAction\",\"target\":{\"@type\":\"EntryPoint\",\"urlTemplate\":\"https:\/\/www.estrategiaconcursos.com.br\/blog\/?s={search_term_string}\"},\"query-input\":{\"@type\":\"PropertyValueSpecification\",\"valueRequired\":true,\"valueName\":\"search_term_string\"}}],\"inLanguage\":\"pt-BR\"},{\"@type\":\"Organization\",\"@id\":\"https:\/\/www.estrategiaconcursos.com.br\/blog\/#organization\",\"name\":\"Estrat\u00e9gia Concursos\",\"url\":\"https:\/\/www.estrategiaconcursos.com.br\/blog\/\",\"logo\":{\"@type\":\"ImageObject\",\"inLanguage\":\"pt-BR\",\"@id\":\"https:\/\/www.estrategiaconcursos.com.br\/blog\/#\/schema\/logo\/image\/\",\"url\":\"https:\/\/dhg1h5j42swfq.cloudfront.net\/2025\/06\/03203428\/logo_concursos-1.jpg\",\"contentUrl\":\"https:\/\/dhg1h5j42swfq.cloudfront.net\/2025\/06\/03203428\/logo_concursos-1.jpg\",\"width\":230,\"height\":60,\"caption\":\"Estrat\u00e9gia Concursos\"},\"image\":{\"@id\":\"https:\/\/www.estrategiaconcursos.com.br\/blog\/#\/schema\/logo\/image\/\"},\"sameAs\":[\"https:\/\/x.com\/EstratConcursos\"]},{\"@type\":\"Person\",\"@id\":\"https:\/\/www.estrategiaconcursos.com.br\/blog\/#\/schema\/person\/0906ff564105056f3b05978d503ee214\",\"name\":\"Luis Eduardo\",\"image\":{\"@type\":\"ImageObject\",\"inLanguage\":\"pt-BR\",\"@id\":\"https:\/\/secure.gravatar.com\/avatar\/3ce09d3c01f86018c4f3b15b9e6389f2ac325bc19863fdb79cd37fefb38517d1?s=96&d=mm&r=g\",\"url\":\"https:\/\/secure.gravatar.com\/avatar\/3ce09d3c01f86018c4f3b15b9e6389f2ac325bc19863fdb79cd37fefb38517d1?s=96&d=mm&r=g\",\"contentUrl\":\"https:\/\/secure.gravatar.com\/avatar\/3ce09d3c01f86018c4f3b15b9e6389f2ac325bc19863fdb79cd37fefb38517d1?s=96&d=mm&r=g\",\"caption\":\"Luis Eduardo\"},\"sameAs\":[\"https:\/\/www.facebook.com\/coachluiseduardo\/\"],\"url\":\"https:\/\/www.estrategiaconcursos.com.br\/blog\/author\/luiseduardoestrategiaconcursos-com-br\/\"}]}<\/script>\n<!-- \/ Yoast SEO Premium plugin. -->","yoast_head_json":{"title":"Edital ISS Betim: certame para Auditor Fiscal est\u00e1 com inscri\u00e7\u00f5es encerradas","robots":{"index":"index","follow":"follow","max-snippet":"max-snippet:-1","max-image-preview":"max-image-preview:large","max-video-preview":"max-video-preview:-1"},"canonical":"https:\/\/www.estrategiaconcursos.com.br\/blog\/concurso-iss-betim-saiu-edital\/","og_locale":"pt_BR","og_type":"article","og_title":"Edital ISS Betim: certame para Auditor Fiscal est\u00e1 com inscri\u00e7\u00f5es encerradas","og_description":"Provas ser\u00e3o realizadas em mar\u00e7o de 2020 Com inscri\u00e7\u00f5es j\u00e1 encerradas, o edital ISS Betim oferta 07 vagas para o cargo de Auditor Fiscal de Tributos Municipais, sendo 5 para ampla concorr\u00eancia, 1 para candidatos negros e 1 para pessoas com defici\u00eancia (PcD). Requisitos concurso ISS Betim S\u00e3o requisitos b\u00e1sicos para o ingresso no quadro [&hellip;]","og_url":"https:\/\/www.estrategiaconcursos.com.br\/blog\/concurso-iss-betim-saiu-edital\/","og_site_name":"Estrat\u00e9gia Concursos","article_author":"https:\/\/www.facebook.com\/coachluiseduardo\/","article_published_time":"2019-08-14T01:00:50+00:00","article_modified_time":"2023-06-15T13:43:00+00:00","og_image":[{"width":400,"height":209,"url":"https:\/\/dhg1h5j42swfq.cloudfront.net\/2019\/03\/12113705\/concurso-iss-betim.png","type":"image\/png"}],"author":"Luis Eduardo","twitter_card":"summary_large_image","twitter_creator":"@EstratConcursos","twitter_site":"@EstratConcursos","twitter_misc":{"Escrito por":"Luis Eduardo","Est. tempo de leitura":"3 minutos"},"schema":{"@context":"https:\/\/schema.org","@graph":[{"@type":"NewsArticle","@id":"https:\/\/www.estrategiaconcursos.com.br\/blog\/concurso-iss-betim-saiu-edital\/#article","isPartOf":{"@id":"https:\/\/www.estrategiaconcursos.com.br\/blog\/concurso-iss-betim-saiu-edital\/"},"author":{"name":"Luis Eduardo","@id":"https:\/\/www.estrategiaconcursos.com.br\/blog\/#\/schema\/person\/0906ff564105056f3b05978d503ee214"},"headline":"Edital ISS Betim: certame para Auditor Fiscal est\u00e1 com inscri\u00e7\u00f5es encerradas","datePublished":"2019-08-14T01:00:50+00:00","dateModified":"2023-06-15T13:43:00+00:00","mainEntityOfPage":{"@id":"https:\/\/www.estrategiaconcursos.com.br\/blog\/concurso-iss-betim-saiu-edital\/"},"wordCount":572,"commentCount":9,"publisher":{"@id":"https:\/\/www.estrategiaconcursos.com.br\/blog\/#organization"},"image":{"@id":"https:\/\/www.estrategiaconcursos.com.br\/blog\/concurso-iss-betim-saiu-edital\/#primaryimage"},"thumbnailUrl":"https:\/\/dhg1h5j42swfq.cloudfront.net\/2019\/03\/12113705\/concurso-iss-betim.png","articleSection":["Concursos P\u00fablicos"],"inLanguage":"pt-BR","potentialAction":[{"@type":"CommentAction","name":"Comment","target":["https:\/\/www.estrategiaconcursos.com.br\/blog\/concurso-iss-betim-saiu-edital\/#respond"]}],"copyrightYear":"2019","copyrightHolder":{"@id":"https:\/\/www.estrategiaconcursos.com.br\/blog\/#organization"}},{"@type":"WebPage","@id":"https:\/\/www.estrategiaconcursos.com.br\/blog\/concurso-iss-betim-saiu-edital\/","url":"https:\/\/www.estrategiaconcursos.com.br\/blog\/concurso-iss-betim-saiu-edital\/","name":"Edital ISS Betim: certame para Auditor Fiscal est\u00e1 com inscri\u00e7\u00f5es encerradas","isPartOf":{"@id":"https:\/\/www.estrategiaconcursos.com.br\/blog\/#website"},"primaryImageOfPage":{"@id":"https:\/\/www.estrategiaconcursos.com.br\/blog\/concurso-iss-betim-saiu-edital\/#primaryimage"},"image":{"@id":"https:\/\/www.estrategiaconcursos.com.br\/blog\/concurso-iss-betim-saiu-edital\/#primaryimage"},"thumbnailUrl":"https:\/\/dhg1h5j42swfq.cloudfront.net\/2019\/03\/12113705\/concurso-iss-betim.png","datePublished":"2019-08-14T01:00:50+00:00","dateModified":"2023-06-15T13:43:00+00:00","breadcrumb":{"@id":"https:\/\/www.estrategiaconcursos.com.br\/blog\/concurso-iss-betim-saiu-edital\/#breadcrumb"},"inLanguage":"pt-BR","potentialAction":[{"@type":"ReadAction","target":["https:\/\/www.estrategiaconcursos.com.br\/blog\/concurso-iss-betim-saiu-edital\/"]}]},{"@type":"ImageObject","inLanguage":"pt-BR","@id":"https:\/\/www.estrategiaconcursos.com.br\/blog\/concurso-iss-betim-saiu-edital\/#primaryimage","url":"https:\/\/dhg1h5j42swfq.cloudfront.net\/2019\/03\/12113705\/concurso-iss-betim.png","contentUrl":"https:\/\/dhg1h5j42swfq.cloudfront.net\/2019\/03\/12113705\/concurso-iss-betim.png","width":400,"height":209,"caption":"ISS Betim"},{"@type":"BreadcrumbList","@id":"https:\/\/www.estrategiaconcursos.com.br\/blog\/concurso-iss-betim-saiu-edital\/#breadcrumb","itemListElement":[{"@type":"ListItem","position":1,"name":"In\u00edcio","item":"https:\/\/www.estrategiaconcursos.com.br\/blog\/"},{"@type":"ListItem","position":2,"name":"Edital ISS Betim: certame para Auditor Fiscal est\u00e1 com inscri\u00e7\u00f5es encerradas"}]},{"@type":"WebSite","@id":"https:\/\/www.estrategiaconcursos.com.br\/blog\/#website","url":"https:\/\/www.estrategiaconcursos.com.br\/blog\/","name":"Estrat\u00e9gia Concursos","description":"O blog da Estrat\u00e9gia Concursos traz not\u00edcias sobre concursos e artigos de professores oferecendo cursos para concursos (pdf + videaulas) no site.","publisher":{"@id":"https:\/\/www.estrategiaconcursos.com.br\/blog\/#organization"},"potentialAction":[{"@type":"SearchAction","target":{"@type":"EntryPoint","urlTemplate":"https:\/\/www.estrategiaconcursos.com.br\/blog\/?s={search_term_string}"},"query-input":{"@type":"PropertyValueSpecification","valueRequired":true,"valueName":"search_term_string"}}],"inLanguage":"pt-BR"},{"@type":"Organization","@id":"https:\/\/www.estrategiaconcursos.com.br\/blog\/#organization","name":"Estrat\u00e9gia Concursos","url":"https:\/\/www.estrategiaconcursos.com.br\/blog\/","logo":{"@type":"ImageObject","inLanguage":"pt-BR","@id":"https:\/\/www.estrategiaconcursos.com.br\/blog\/#\/schema\/logo\/image\/","url":"https:\/\/dhg1h5j42swfq.cloudfront.net\/2025\/06\/03203428\/logo_concursos-1.jpg","contentUrl":"https:\/\/dhg1h5j42swfq.cloudfront.net\/2025\/06\/03203428\/logo_concursos-1.jpg","width":230,"height":60,"caption":"Estrat\u00e9gia Concursos"},"image":{"@id":"https:\/\/www.estrategiaconcursos.com.br\/blog\/#\/schema\/logo\/image\/"},"sameAs":["https:\/\/x.com\/EstratConcursos"]},{"@type":"Person","@id":"https:\/\/www.estrategiaconcursos.com.br\/blog\/#\/schema\/person\/0906ff564105056f3b05978d503ee214","name":"Luis Eduardo","image":{"@type":"ImageObject","inLanguage":"pt-BR","@id":"https:\/\/secure.gravatar.com\/avatar\/3ce09d3c01f86018c4f3b15b9e6389f2ac325bc19863fdb79cd37fefb38517d1?s=96&d=mm&r=g","url":"https:\/\/secure.gravatar.com\/avatar\/3ce09d3c01f86018c4f3b15b9e6389f2ac325bc19863fdb79cd37fefb38517d1?s=96&d=mm&r=g","contentUrl":"https:\/\/secure.gravatar.com\/avatar\/3ce09d3c01f86018c4f3b15b9e6389f2ac325bc19863fdb79cd37fefb38517d1?s=96&d=mm&r=g","caption":"Luis Eduardo"},"sameAs":["https:\/\/www.facebook.com\/coachluiseduardo\/"],"url":"https:\/\/www.estrategiaconcursos.com.br\/blog\/author\/luiseduardoestrategiaconcursos-com-br\/"}]}},"_links":{"self":[{"href":"https:\/\/www.estrategiaconcursos.com.br\/blog\/wp-json\/wp\/v2\/posts\/408864","targetHints":{"allow":["GET"]}}],"collection":[{"href":"https:\/\/www.estrategiaconcursos.com.br\/blog\/wp-json\/wp\/v2\/posts"}],"about":[{"href":"https:\/\/www.estrategiaconcursos.com.br\/blog\/wp-json\/wp\/v2\/types\/post"}],"author":[{"embeddable":true,"href":"https:\/\/www.estrategiaconcursos.com.br\/blog\/wp-json\/wp\/v2\/users\/344"}],"replies":[{"embeddable":true,"href":"https:\/\/www.estrategiaconcursos.com.br\/blog\/wp-json\/wp\/v2\/comments?post=408864"}],"version-history":[{"count":12,"href":"https:\/\/www.estrategiaconcursos.com.br\/blog\/wp-json\/wp\/v2\/posts\/408864\/revisions"}],"predecessor-version":[{"id":1232706,"href":"https:\/\/www.estrategiaconcursos.com.br\/blog\/wp-json\/wp\/v2\/posts\/408864\/revisions\/1232706"}],"wp:featuredmedia":[{"embeddable":true,"href":"https:\/\/www.estrategiaconcursos.com.br\/blog\/wp-json\/wp\/v2\/media\/170911"}],"wp:attachment":[{"href":"https:\/\/www.estrategiaconcursos.com.br\/blog\/wp-json\/wp\/v2\/media?parent=408864"}],"wp:term":[{"taxonomy":"category","embeddable":true,"href":"https:\/\/www.estrategiaconcursos.com.br\/blog\/wp-json\/wp\/v2\/categories?post=408864"},{"taxonomy":"post_tag","embeddable":true,"href":"https:\/\/www.estrategiaconcursos.com.br\/blog\/wp-json\/wp\/v2\/tags?post=408864"},{"taxonomy":"tax_estado","embeddable":true,"href":"https:\/\/www.estrategiaconcursos.com.br\/blog\/wp-json\/wp\/v2\/tax_estado?post=408864"}],"curies":[{"name":"wp","href":"https:\/\/api.w.org\/{rel}","templated":true}]}}