{"id":408856,"date":"2025-07-28T13:00:00","date_gmt":"2025-07-28T16:00:00","guid":{"rendered":"https:\/\/www.estrategiaconcursos.com.br\/blog\/?p=408856"},"modified":"2025-12-10T16:19:24","modified_gmt":"2025-12-10T19:19:24","slug":"concurso-corecon-pe","status":"publish","type":"post","link":"https:\/\/www.estrategiaconcursos.com.br\/blog\/concurso-corecon-pe\/","title":{"rendered":"Concurso Corecon PE: provas em 24 de agosto!"},"content":{"rendered":"<p><center><a id=\"cta-icon\" href=\"https:\/\/sndflw.com\/i\/corecon-pe-grupo\" target=\"_blank\" style=\"background:#29a61a; display:inline-flex; align-items:center; padding:10px 15px; border-radius:6px; color:#fff; text-decoration:none; font-weight:500; font-size:15px;\"><img decoding=\"async\" src=\"https:\/\/dhg1h5j42swfq.cloudfront.net\/2023\/12\/07154107\/whatsapp_13851.png\" alt=\"\" style=\"width:20px; height:20px; margin-right:8px;\"><span>Acesse agora o Grupo de Estudos para o Concurso Corecon PE<\/span><\/a><\/center><\/p>\n\n\n\n<p>O edital do <strong>concurso Corecon PE<\/strong>, do <a href=\"https:\/\/www.estrategiaconcursos.com.br\/cursosPorConcurso\">Conselho Regional de Economia de Pernambuco<\/a>, oferta de <strong>60 vagas<\/strong> para <strong>Assessor Jur\u00eddico e Fiscal da Profiss\u00e3o de Economista<\/strong>, ambos de n\u00edvel superior.<\/p>\n\n\n\n<p>Sob responsabilidade da banca Ibest, as <strong>provas objetiva e discursiva<\/strong> est\u00e3o previstas para o <strong>dia 24 de agosto<\/strong>.<\/p>\n\n\n\n<p>Neste artigo reunimos as principais informa\u00e7\u00f5es sobre o concurso Corecon PE, com todas as informa\u00e7\u00f5es que voc\u00ea precisa saber para come\u00e7ar seu planejamento de estudos. Confira:<\/p>\n\n\n\n<ul class=\"wp-block-list has-light-green-cyan-to-vivid-green-cyan-gradient-background has-background\">\n<li><strong>Concurso CORECON PE<\/strong><\/li>\n\n\n\n<li><strong>Status<\/strong>: provas em 24\/08<\/li>\n\n\n\n<li><strong style=\"background-color: initial; color: initial;\">Banca:<\/strong> Ibest<\/li>\n\n\n\n<li><strong>Vagas:<\/strong> 1 + 59 CR<\/li>\n\n\n\n<li><strong>Sal\u00e1rio inicial:<\/strong> de R$ 3.152,96 a R$ 5.924,87<\/li>\n\n\n\n<li><strong>Edital:<\/strong> <a href=\"https:\/\/dhg1h5j42swfq.cloudfront.net\/2025\/06\/12130538\/editalcorencope.pdf\">CORECON PE 2025<\/a><\/li>\n<\/ul>\n\n\n\n<div class=\"container\" id=\"boxes\">\n  <div class=\"row\">\n\n    <div class=\"col-sm\">\n      <div class=\"banner-estrategia\" id=\"box-assinatura\">\n        <h3 class=\"titulo-assinatura\">Cursos para CORECON PE<\/h3>\n        <p class=\"subtitulo-assinatura\">Estude conosco<\/p>\n        <div class=\"box-botao\">\n          <a class=\"btn-assinatura\" target=\"_blank\" href=\"https:\/\/www.estrategiaconcursos.com.br\/cursosPorConcurso\" role=\"button\" rel=\"noopener noreferrer\">Conhe\u00e7a os cursos<\/a>\n        <\/div>\n      <\/div>\n     \n    <\/div>\n\n  <\/div>\n<\/div>\n\n\n\n<ul class=\"wp-block-list\">\n<li><strong><em><a href=\"#status-atual\">Principais informa\u00e7\u00f5es<\/a><\/em><\/strong><\/li>\n\n\n\n<li><em><strong><a href=\"#etapas-corecon-pe\">Etapas do concurso<\/a><\/strong><\/em><\/li>\n\n\n\n<li><strong><em><a href=\"#ultimo-concurso\">\u00daltimo concurso<\/a><\/em><\/strong><\/li>\n\n\n\n<li><strong><em><a href=\"#cursos-assinatura\">Cursos e Assinatura ilimitada<\/a><\/em><\/strong><\/li>\n\n\n\n<li><strong><em><a href=\"#ficha-tecnica\">Ficha t\u00e9cnica<\/a><\/em><\/strong><\/li>\n<\/ul>\n\n\n\n<h2 class=\"wp-block-heading\" id=\"status-atual\">Principais informa\u00e7\u00f5es do concurso Corecon PE<\/h2>\n\n\n\n<h3 class=\"wp-block-heading\" id=\"h-cronograma\">Cronograma<\/h3>\n\n\n\n<ul style=\"background-color:#abb7c26b\" class=\"wp-block-list has-background\">\n<li><strong>Inscri\u00e7\u00f5es<\/strong>: <s>12\/06 a 14\/07\/2025<\/s><\/li>\n\n\n\n<li><strong>Pagamento da taxa<\/strong>: <s>15\/07\/2025<\/s><\/li>\n\n\n\n<li><strong>Prova<\/strong> <strong>objetiva e discursiva<\/strong>: 24\/08\/2025<\/li>\n<\/ul>\n\n\n\n<h3 class=\"wp-block-heading\" id=\"h-quadro-de-vagas\">Quadro de vagas <\/h3>\n\n\n\n<p><strong>Assessor Jur\u00eddico<\/strong><\/p>\n\n\n\n<figure class=\"wp-block-table is-style-stripes\"><table class=\"has-background has-fixed-layout\" style=\"background-color:#e7f5fe\"><tbody><tr><td><strong>Ampla concorr\u00eancia<\/strong><\/td><td><strong>Negros<\/strong><\/td><td><strong>PcD<\/strong><\/td><\/tr><tr><td>1<\/td><td>&#8211;<\/td><td>&#8211;<\/td><\/tr><tr><td><strong>Cadastro Reserva<\/strong><\/td><td><strong>Negros<\/strong><\/td><td><strong>PcD<\/strong><\/td><\/tr><tr><td>21<\/td><td>6<\/td><td>2<\/td><\/tr><\/tbody><\/table><\/figure>\n\n\n\n<p><strong>Fiscal da Profiss\u00e3o de Economista<\/strong><\/p>\n\n\n\n<figure class=\"wp-block-table is-style-stripes\"><table class=\"has-background has-fixed-layout\" style=\"background-color:#e7f5fe\"><tbody><tr><td><strong>Ampla concorr\u00eancia<\/strong><\/td><td><strong>Negros<\/strong><\/td><td><strong>PcD<\/strong><\/td><\/tr><tr><td>&#8211;<\/td><td>&#8211;<\/td><td>&#8211;<\/td><\/tr><tr><td><strong>Cadastro Reserva<\/strong><\/td><td><strong>Negros<\/strong><\/td><td><strong>PcD<\/strong><\/td><\/tr><tr><td>22<\/td><td>6<\/td><td>2<\/td><\/tr><\/tbody><\/table><\/figure>\n\n\n\n<h2 class=\"wp-block-heading\" id=\"etapas-corecon-pe\">Etapas do concurso Corecon PE<\/h2>\n\n\n\n<h3 class=\"wp-block-heading\">Prova objetiva<\/h3>\n\n\n\n<p>As provas objetivas para todos os cargos ter\u00e3o a dura\u00e7\u00e3o de 3 horas e 30 minutos e ser\u00e3o aplicadas no turno da manh\u00e3.<\/p>\n\n\n\n<h4 class=\"wp-block-heading\">Disciplinas<\/h4>\n\n\n\n<figure class=\"wp-block-table is-style-stripes\"><table class=\"has-background has-fixed-layout\" style=\"background-color:#e7f5fe\"><tbody><tr><td><strong>\u00c1rea\/Disciplina<\/strong><\/td><td><strong>N\u00ba de quest\u00f5es<\/strong><\/td><\/tr><tr><td><strong>Conhecimentos b\u00e1sicos<\/strong><\/td><td>20<\/td><\/tr><tr><td><strong>Conhecimentos espec\u00edficos<\/strong><\/td><td>30<\/td><\/tr><\/tbody><\/table><\/figure>\n\n\n\n<h3 class=\"wp-block-heading\" id=\"h-provas-discursiva\">Provas discursiva<\/h3>\n\n\n\n<p>Para todos os cargos, a prova discursiva valer\u00e1 um total de 10,00 pontos e consistir\u00e1 na elabora\u00e7\u00e3o de texto dissertativo de, no m\u00ednimo, 20 linhas e, no m\u00e1ximo, 30 linhas, acerca de tema de qualquer uma das disciplinas de Conhecimentos Espec\u00edficos.<\/p>\n\n\n\n<h2 class=\"wp-block-heading\" id=\"ultimo-concurso\">\u00daltimo concurso Corecon PE<\/h2>\n\n\n\n<p>O \u00faltimo concurso ocorreu em 2019 e ofertou 12 vagas para Assessor Jur\u00eddico.<\/p>\n\n\n\n<h4 class=\"wp-block-heading\">Disciplinas<\/h4>\n\n\n\n<p>A prova objetiva foi composta por <strong>50 quest\u00f5es<\/strong> de m\u00faltipla escolha com cinco alternativas, distribu\u00eddas em conhecimentos b\u00e1sicos, complementares e espec\u00edficos. <\/p>\n\n\n\n<figure class=\"wp-block-table is-style-stripes\"><table class=\"has-background has-fixed-layout\" style=\"background-color:#e7f5fe\"><tbody><tr><td><strong>\u00c1rea\/Disciplina<\/strong><\/td><td><strong>N\u00ba de quest\u00f5es<\/strong><\/td><td><strong>Peso<\/strong><\/td><td><strong>Pontos<\/strong><\/td><\/tr><tr><td><strong>Conhecimentos b\u00e1sicos<\/strong><\/td><td><\/td><td><\/td><td><\/td><\/tr><tr><td>L\u00edngua Portuguesa<\/td><td>5<\/td><td>2<\/td><td>10<\/td><\/tr><tr><td><strong>Conhecimentos complementares<\/strong><\/td><td><\/td><td><\/td><td><\/td><\/tr><tr><td>Legisla\u00e7\u00e3o espec\u00edfica<\/td><td>15<\/td><td>2<\/td><td>30<\/td><\/tr><tr><td><strong>Conhecimentos espec\u00edficos<\/strong><\/td><td><\/td><td><\/td><td><\/td><\/tr><tr><td>Direito Constitucional<\/td><td>15<\/td><td>2<\/td><td>30<\/td><\/tr><tr><td>Direito Administrativo<\/td><td>15<\/td><td>2<\/td><td>30<\/td><\/tr><\/tbody><\/table><\/figure>\n\n\n\n<h4 class=\"wp-block-heading\">Notas m\u00ednimas<\/h4>\n\n\n\n<ul class=\"wp-block-list\">\n<li>Conhecimentos b\u00e1sicos: 4,0<\/li>\n\n\n\n<li>Conhecimentos complementares: 14,0<\/li>\n\n\n\n<li>Conhecimentos espec\u00edficos: 30,0<\/li>\n<\/ul>\n\n\n\n<h3 class=\"wp-block-heading\">Avalia\u00e7\u00e3o de T\u00edtulos<\/h3>\n\n\n\n<h4 class=\"wp-block-heading\">Convocados<\/h4>\n\n\n\n<ul class=\"wp-block-list\">\n<li> Lista de classifica\u00e7\u00e3o de ampla concorr\u00eancia:at\u00e9 a 27\u00aa posi\u00e7\u00e3o;<\/li>\n\n\n\n<li>Lista de classifica\u00e7\u00e3o de candidatos negros (cota PPP): at\u00e9 a 6\u00aa posi\u00e7\u00e3o; <\/li>\n\n\n\n<li>Lista de classifica\u00e7\u00e3o de candidatos com defici\u00eancia (cota PCD): at\u00e9 a 3\u00aa posi\u00e7\u00e3o <\/li>\n<\/ul>\n\n\n\n<h4 class=\"wp-block-heading\">Quadro de T\u00edtulos<\/h4>\n\n\n\n<figure class=\"wp-block-image\"><img loading=\"lazy\" decoding=\"async\" width=\"939\" height=\"428\" src=\"https:\/\/dhg1h5j42swfq.cloudfront.net\/2019\/09\/17150224\/image100.png\" alt=\"Tabela de atribui\u00e7\u00e3o de pontos na avalia\u00e7\u00e3o de t\u00edtulos\" class=\"wp-image-420899\" srcset=\"https:\/\/dhg1h5j42swfq.cloudfront.net\/2019\/09\/17150224\/image100.png 939w, https:\/\/dhg1h5j42swfq.cloudfront.net\/2019\/09\/17150224\/image100.png 300w, https:\/\/dhg1h5j42swfq.cloudfront.net\/2019\/09\/17150224\/image100.png 768w, https:\/\/dhg1h5j42swfq.cloudfront.net\/2019\/09\/17150224\/image100.png 610w\" sizes=\"auto, (max-width: 939px) 100vw, 939px\" \/><figcaption class=\"wp-element-caption\">Concurso Corecon PE: Avalia\u00e7\u00e3o de T\u00edtulos<\/figcaption><\/figure>\n\n\n\n<h2 class=\"wp-block-heading has-text-align-center\" id=\"cursos-assinatura\">Quer saber tudo sobre concursos previstos?<br \/>Confira  nossos artigos!<\/h2>\n\n\n\n<ul class=\"wp-block-list\">\n<li><a href=\"https:\/\/www.estrategiaconcursos.com.br\/blog\/concursos-abertos\/\" target=\"_blank\" rel=\"noreferrer noopener\">Concursos abertos<\/a><\/li>\n\n\n\n<li><a href=\"https:\/\/www.estrategiaconcursos.com.br\/blog\/concursos-conselhos\/\">Concursos conselhos<\/a><\/li>\n\n\n\n<li><a href=\"https:\/\/www.estrategiaconcursos.com.br\/blog\/concursos-2025\" target=\"_blank\" rel=\"noreferrer noopener\">Concursos 2025<\/a><\/li>\n\n\n\n<li><a href=\"https:\/\/www.estrategiaconcursos.com.br\/blog\/concursos-2026\/\" target=\"_blank\" rel=\"noreferrer noopener\">Concursos 2026<\/a><\/li>\n<\/ul>\n\n\n\n<h2 class=\"wp-block-heading has-text-align-center\" id=\"h-quer-estudar-para-o-concurso-corecon-pe\">Quer estudar para o concurso CORECON PE?<\/h2>\n\n\n\n<div class=\"container\" id=\"boxes\">\r\n  <div class=\"row\">\r\n\r\n    <div class=\"col-sm\">\r\n      <div class=\"banner-estrategia\" id=\"box-assinatura\">\r\n        <h3 class=\"titulo-assinatura\">Cursos para concursos<\/h3>\r\n        <p class=\"subtitulo-assinatura\">Estude conosco<\/p>\r\n        <div class=\"box-botao\">\r\n          <a class=\"btn-assinatura\" target=\"_blank\" href=\"https:\/\/www.estrategiaconcursos.com.br\/cursos\/\" role=\"button\" rel=\"noopener noreferrer\">Conhe\u00e7a os cursos<\/a>\r\n        <\/div>\r\n      <\/div>\r\n     \r\n    <\/div>\r\n\r\n  <\/div>\r\n<\/div>\n\n\n\n<div class=\"container\" id=\"boxes\">\n  <div class=\"row\">\n\n    <div class=\"col-sm\">\n      <div class=\"estrategia\" id=\"box-assinatura\">\n        <h3 class=\"titulo-assinatura\">Assinatura de Concursos<\/h3>\n        <p class=\"subtitulo-assinatura\">Assinatura de 1 ano ou 2 anos<\/p>\n        <div class=\"box-botao\">\n          <a class=\"btn-assinatura\" target=\"_blank\" href=\"https:\/\/www.estrategiaconcursos.com.br\/assinaturas\/\" role=\"button\" rel=\"noopener noreferrer\">ASSINE AGORA<\/a>\n        <\/div>\n      <\/div>\n     \n    <\/div><\/div><\/div>\n\n\n\n<p class=\"has-text-align-center\"><\/p>\n\n\n\n<figure class=\"wp-block-image\"><img loading=\"lazy\" decoding=\"async\" width=\"300\" height=\"102\" src=\"https:\/\/dhg1h5j42swfq.cloudfront.net\/2017\/03\/28152500\/coruja-ficha-tecnica-300x102.png\" alt=\"Ficha t\u00e9cnica do concurso Corecon PE\" class=\"wp-image-68542\"\/><\/figure>\n\n\n\n<h3 class=\"wp-block-heading\" id=\"ficha-tecnica\"><strong>Informa\u00e7\u00f5es sobre o concurso Corecon PE<\/strong><\/h3>\n\n\n\n<p>\u25ba<strong>Data prevista<\/strong>: 24\/08\/2025<br \/>\u25ba<strong>Vagas<\/strong>: 60 vagas (efetivas + CR)<br \/>\u25ba<strong>Cargos<\/strong>: Assessor Jur\u00eddico e Fiscal da Profiss\u00e3o<br \/>\u25ba<strong>Banca<\/strong>: IBEST<br \/>\u25ba<strong> Edital:<\/strong> <a href=\"https:\/\/dhg1h5j42swfq.cloudfront.net\/2025\/06\/12130538\/editalcorencope.pdf\">Corecon PE 2025<\/a><br \/>\u25ba<strong>\u00daltimo<\/strong> <strong>Edital<\/strong>: <a aria-label=\" (abre numa nova aba)\" href=\"https:\/\/dhg1h5j42swfq.cloudfront.net\/2019\/09\/17150339\/1_CORECON-PE_PSS_2019_edital_11.pdf\" target=\"_blank\" rel=\"noreferrer noopener\">Corecon PE 2019<\/a><\/p>\n","protected":false},"excerpt":{"rendered":"<p>O edital do concurso Corecon PE, do Conselho Regional de Economia de Pernambuco, oferta de 60 vagas para Assessor Jur\u00eddico e Fiscal da Profiss\u00e3o de Economista, ambos de n\u00edvel superior. Sob responsabilidade da banca Ibest, as provas objetiva e discursiva est\u00e3o previstas para o dia 24 de agosto. Neste artigo reunimos as principais informa\u00e7\u00f5es sobre [&hellip;]<\/p>\n","protected":false},"author":1,"featured_media":1532409,"comment_status":"open","ping_status":"closed","sticky":false,"template":"","format":"standard","meta":{"post_tipo":"news_page","footnotes":""},"categories":[222234],"tags":[],"tax_estado":[219979],"class_list":["post-408856","post","type-post","status-publish","format-standard","has-post-thumbnail","hentry","category-conselhos-regionais","tax_estado-pe"],"acf":[],"yoast_head":"<!-- This site is optimized with the Yoast SEO Premium plugin v27.2 (Yoast SEO v27.2) - https:\/\/yoast.com\/product\/yoast-seo-premium-wordpress\/ -->\n<title>Concurso Corecon PE: provas em 24 de agosto!<\/title>\n<meta name=\"description\" content=\"Concurso Corecon PE: edital publicado com total de 60 vagas para Assessor e Fiscal. Iniciais podem chegar a R$5,9 mil!\" \/>\n<meta name=\"robots\" content=\"index, follow, max-snippet:-1, max-image-preview:large, max-video-preview:-1\" \/>\n<link rel=\"canonical\" href=\"https:\/\/www.estrategiaconcursos.com.br\/blog\/concurso-corecon-pe\/\" \/>\n<meta property=\"og:locale\" content=\"pt_BR\" \/>\n<meta property=\"og:type\" content=\"article\" \/>\n<meta property=\"og:title\" content=\"Concurso Corecon PE: provas em 24 de agosto!\" \/>\n<meta property=\"og:description\" content=\"Concurso Corecon PE: edital publicado com total de 60 vagas para Assessor e Fiscal. Iniciais podem chegar a R$5,9 mil!\" \/>\n<meta property=\"og:url\" content=\"https:\/\/www.estrategiaconcursos.com.br\/blog\/concurso-corecon-pe\/\" \/>\n<meta property=\"og:site_name\" content=\"Estrat\u00e9gia Concursos\" \/>\n<meta property=\"article:author\" content=\"https:\/\/www.facebook.com\/EstrategiaConcursos\" \/>\n<meta property=\"article:published_time\" content=\"2025-07-28T16:00:00+00:00\" \/>\n<meta property=\"article:modified_time\" content=\"2025-12-10T19:19:24+00:00\" \/>\n<meta property=\"og:image\" content=\"https:\/\/dhg1h5j42swfq.cloudfront.net\/2025\/02\/14111851\/concursos-conselhos.jpg\" \/>\n\t<meta property=\"og:image:width\" content=\"768\" \/>\n\t<meta property=\"og:image:height\" content=\"432\" \/>\n\t<meta property=\"og:image:type\" content=\"image\/jpeg\" \/>\n<meta name=\"author\" content=\"Coordena\u00e7\u00e3o\" \/>\n<meta name=\"twitter:card\" content=\"summary_large_image\" \/>\n<meta name=\"twitter:creator\" content=\"@EstratConcursos\" \/>\n<meta name=\"twitter:site\" content=\"@EstratConcursos\" \/>\n<meta name=\"twitter:label1\" content=\"Escrito por\" \/>\n\t<meta name=\"twitter:data1\" content=\"Coordena\u00e7\u00e3o\" \/>\n\t<meta name=\"twitter:label2\" content=\"Est. tempo de leitura\" \/>\n\t<meta name=\"twitter:data2\" content=\"2 minutos\" \/>\n<script type=\"application\/ld+json\" class=\"yoast-schema-graph\">{\"@context\":\"https:\/\/schema.org\",\"@graph\":[{\"@type\":\"NewsArticle\",\"@id\":\"https:\/\/www.estrategiaconcursos.com.br\/blog\/concurso-corecon-pe\/#article\",\"isPartOf\":{\"@id\":\"https:\/\/www.estrategiaconcursos.com.br\/blog\/concurso-corecon-pe\/\"},\"author\":{\"name\":\"Coordena\u00e7\u00e3o\",\"@id\":\"https:\/\/www.estrategiaconcursos.com.br\/blog\/#\/schema\/person\/b4a388c97673c5f483d72185668afa1f\"},\"headline\":\"Concurso Corecon PE: provas em 24 de agosto!\",\"datePublished\":\"2025-07-28T16:00:00+00:00\",\"dateModified\":\"2025-12-10T19:19:24+00:00\",\"mainEntityOfPage\":{\"@id\":\"https:\/\/www.estrategiaconcursos.com.br\/blog\/concurso-corecon-pe\/\"},\"wordCount\":515,\"commentCount\":0,\"publisher\":{\"@id\":\"https:\/\/www.estrategiaconcursos.com.br\/blog\/#organization\"},\"image\":{\"@id\":\"https:\/\/www.estrategiaconcursos.com.br\/blog\/concurso-corecon-pe\/#primaryimage\"},\"thumbnailUrl\":\"https:\/\/dhg1h5j42swfq.cloudfront.net\/2025\/02\/14111851\/concursos-conselhos.jpg\",\"articleSection\":[\"Conselhos Regionais\"],\"inLanguage\":\"pt-BR\",\"potentialAction\":[{\"@type\":\"CommentAction\",\"name\":\"Comment\",\"target\":[\"https:\/\/www.estrategiaconcursos.com.br\/blog\/concurso-corecon-pe\/#respond\"]}],\"copyrightYear\":\"2025\",\"copyrightHolder\":{\"@id\":\"https:\/\/www.estrategiaconcursos.com.br\/blog\/#organization\"}},{\"@type\":\"WebPage\",\"@id\":\"https:\/\/www.estrategiaconcursos.com.br\/blog\/concurso-corecon-pe\/\",\"url\":\"https:\/\/www.estrategiaconcursos.com.br\/blog\/concurso-corecon-pe\/\",\"name\":\"Concurso Corecon PE: provas em 24 de agosto!\",\"isPartOf\":{\"@id\":\"https:\/\/www.estrategiaconcursos.com.br\/blog\/#website\"},\"primaryImageOfPage\":{\"@id\":\"https:\/\/www.estrategiaconcursos.com.br\/blog\/concurso-corecon-pe\/#primaryimage\"},\"image\":{\"@id\":\"https:\/\/www.estrategiaconcursos.com.br\/blog\/concurso-corecon-pe\/#primaryimage\"},\"thumbnailUrl\":\"https:\/\/dhg1h5j42swfq.cloudfront.net\/2025\/02\/14111851\/concursos-conselhos.jpg\",\"datePublished\":\"2025-07-28T16:00:00+00:00\",\"dateModified\":\"2025-12-10T19:19:24+00:00\",\"description\":\"Concurso Corecon PE: edital publicado com total de 60 vagas para Assessor e Fiscal. Iniciais podem chegar a R$5,9 mil!\",\"breadcrumb\":{\"@id\":\"https:\/\/www.estrategiaconcursos.com.br\/blog\/concurso-corecon-pe\/#breadcrumb\"},\"inLanguage\":\"pt-BR\",\"potentialAction\":[{\"@type\":\"ReadAction\",\"target\":[\"https:\/\/www.estrategiaconcursos.com.br\/blog\/concurso-corecon-pe\/\"]}]},{\"@type\":\"ImageObject\",\"inLanguage\":\"pt-BR\",\"@id\":\"https:\/\/www.estrategiaconcursos.com.br\/blog\/concurso-corecon-pe\/#primaryimage\",\"url\":\"https:\/\/dhg1h5j42swfq.cloudfront.net\/2025\/02\/14111851\/concursos-conselhos.jpg\",\"contentUrl\":\"https:\/\/dhg1h5j42swfq.cloudfront.net\/2025\/02\/14111851\/concursos-conselhos.jpg\",\"width\":768,\"height\":432,\"caption\":\"Concursos Conselhos\"},{\"@type\":\"BreadcrumbList\",\"@id\":\"https:\/\/www.estrategiaconcursos.com.br\/blog\/concurso-corecon-pe\/#breadcrumb\",\"itemListElement\":[{\"@type\":\"ListItem\",\"position\":1,\"name\":\"In\u00edcio\",\"item\":\"https:\/\/www.estrategiaconcursos.com.br\/blog\/\"},{\"@type\":\"ListItem\",\"position\":2,\"name\":\"Concurso Corecon PE: provas em 24 de agosto!\"}]},{\"@type\":\"WebSite\",\"@id\":\"https:\/\/www.estrategiaconcursos.com.br\/blog\/#website\",\"url\":\"https:\/\/www.estrategiaconcursos.com.br\/blog\/\",\"name\":\"Estrat\u00e9gia Concursos\",\"description\":\"O blog da Estrat\u00e9gia Concursos traz not\u00edcias sobre concursos e artigos de professores oferecendo cursos para concursos (pdf + videaulas) no site.\",\"publisher\":{\"@id\":\"https:\/\/www.estrategiaconcursos.com.br\/blog\/#organization\"},\"potentialAction\":[{\"@type\":\"SearchAction\",\"target\":{\"@type\":\"EntryPoint\",\"urlTemplate\":\"https:\/\/www.estrategiaconcursos.com.br\/blog\/?s={search_term_string}\"},\"query-input\":{\"@type\":\"PropertyValueSpecification\",\"valueRequired\":true,\"valueName\":\"search_term_string\"}}],\"inLanguage\":\"pt-BR\"},{\"@type\":\"Organization\",\"@id\":\"https:\/\/www.estrategiaconcursos.com.br\/blog\/#organization\",\"name\":\"Estrat\u00e9gia Concursos\",\"url\":\"https:\/\/www.estrategiaconcursos.com.br\/blog\/\",\"logo\":{\"@type\":\"ImageObject\",\"inLanguage\":\"pt-BR\",\"@id\":\"https:\/\/www.estrategiaconcursos.com.br\/blog\/#\/schema\/logo\/image\/\",\"url\":\"https:\/\/dhg1h5j42swfq.cloudfront.net\/2025\/06\/03203428\/logo_concursos-1.jpg\",\"contentUrl\":\"https:\/\/dhg1h5j42swfq.cloudfront.net\/2025\/06\/03203428\/logo_concursos-1.jpg\",\"width\":230,\"height\":60,\"caption\":\"Estrat\u00e9gia Concursos\"},\"image\":{\"@id\":\"https:\/\/www.estrategiaconcursos.com.br\/blog\/#\/schema\/logo\/image\/\"},\"sameAs\":[\"https:\/\/x.com\/EstratConcursos\"]},{\"@type\":\"Person\",\"@id\":\"https:\/\/www.estrategiaconcursos.com.br\/blog\/#\/schema\/person\/b4a388c97673c5f483d72185668afa1f\",\"name\":\"Coordena\u00e7\u00e3o\",\"image\":{\"@type\":\"ImageObject\",\"inLanguage\":\"pt-BR\",\"@id\":\"https:\/\/secure.gravatar.com\/avatar\/b720319e4c9a967eb58678d110f4fe35452fc5d5f97b202bac7b8acceb18c6ad?s=96&d=mm&r=g\",\"url\":\"https:\/\/secure.gravatar.com\/avatar\/b720319e4c9a967eb58678d110f4fe35452fc5d5f97b202bac7b8acceb18c6ad?s=96&d=mm&r=g\",\"contentUrl\":\"https:\/\/secure.gravatar.com\/avatar\/b720319e4c9a967eb58678d110f4fe35452fc5d5f97b202bac7b8acceb18c6ad?s=96&d=mm&r=g\",\"caption\":\"Coordena\u00e7\u00e3o\"},\"sameAs\":[\"https:\/\/www.facebook.com\/EstrategiaConcursos\",\"https:\/\/x.com\/EstratConcursos\"],\"url\":\"https:\/\/www.estrategiaconcursos.com.br\/blog\/author\/estrategia2013\/\"}]}<\/script>\n<!-- \/ Yoast SEO Premium plugin. -->","yoast_head_json":{"title":"Concurso Corecon PE: provas em 24 de agosto!","description":"Concurso Corecon PE: edital publicado com total de 60 vagas para Assessor e Fiscal. Iniciais podem chegar a R$5,9 mil!","robots":{"index":"index","follow":"follow","max-snippet":"max-snippet:-1","max-image-preview":"max-image-preview:large","max-video-preview":"max-video-preview:-1"},"canonical":"https:\/\/www.estrategiaconcursos.com.br\/blog\/concurso-corecon-pe\/","og_locale":"pt_BR","og_type":"article","og_title":"Concurso Corecon PE: provas em 24 de agosto!","og_description":"Concurso Corecon PE: edital publicado com total de 60 vagas para Assessor e Fiscal. Iniciais podem chegar a R$5,9 mil!","og_url":"https:\/\/www.estrategiaconcursos.com.br\/blog\/concurso-corecon-pe\/","og_site_name":"Estrat\u00e9gia Concursos","article_author":"https:\/\/www.facebook.com\/EstrategiaConcursos","article_published_time":"2025-07-28T16:00:00+00:00","article_modified_time":"2025-12-10T19:19:24+00:00","og_image":[{"width":768,"height":432,"url":"https:\/\/dhg1h5j42swfq.cloudfront.net\/2025\/02\/14111851\/concursos-conselhos.jpg","type":"image\/jpeg"}],"author":"Coordena\u00e7\u00e3o","twitter_card":"summary_large_image","twitter_creator":"@EstratConcursos","twitter_site":"@EstratConcursos","twitter_misc":{"Escrito por":"Coordena\u00e7\u00e3o","Est. tempo de leitura":"2 minutos"},"schema":{"@context":"https:\/\/schema.org","@graph":[{"@type":"NewsArticle","@id":"https:\/\/www.estrategiaconcursos.com.br\/blog\/concurso-corecon-pe\/#article","isPartOf":{"@id":"https:\/\/www.estrategiaconcursos.com.br\/blog\/concurso-corecon-pe\/"},"author":{"name":"Coordena\u00e7\u00e3o","@id":"https:\/\/www.estrategiaconcursos.com.br\/blog\/#\/schema\/person\/b4a388c97673c5f483d72185668afa1f"},"headline":"Concurso Corecon PE: provas em 24 de agosto!","datePublished":"2025-07-28T16:00:00+00:00","dateModified":"2025-12-10T19:19:24+00:00","mainEntityOfPage":{"@id":"https:\/\/www.estrategiaconcursos.com.br\/blog\/concurso-corecon-pe\/"},"wordCount":515,"commentCount":0,"publisher":{"@id":"https:\/\/www.estrategiaconcursos.com.br\/blog\/#organization"},"image":{"@id":"https:\/\/www.estrategiaconcursos.com.br\/blog\/concurso-corecon-pe\/#primaryimage"},"thumbnailUrl":"https:\/\/dhg1h5j42swfq.cloudfront.net\/2025\/02\/14111851\/concursos-conselhos.jpg","articleSection":["Conselhos Regionais"],"inLanguage":"pt-BR","potentialAction":[{"@type":"CommentAction","name":"Comment","target":["https:\/\/www.estrategiaconcursos.com.br\/blog\/concurso-corecon-pe\/#respond"]}],"copyrightYear":"2025","copyrightHolder":{"@id":"https:\/\/www.estrategiaconcursos.com.br\/blog\/#organization"}},{"@type":"WebPage","@id":"https:\/\/www.estrategiaconcursos.com.br\/blog\/concurso-corecon-pe\/","url":"https:\/\/www.estrategiaconcursos.com.br\/blog\/concurso-corecon-pe\/","name":"Concurso Corecon PE: provas em 24 de agosto!","isPartOf":{"@id":"https:\/\/www.estrategiaconcursos.com.br\/blog\/#website"},"primaryImageOfPage":{"@id":"https:\/\/www.estrategiaconcursos.com.br\/blog\/concurso-corecon-pe\/#primaryimage"},"image":{"@id":"https:\/\/www.estrategiaconcursos.com.br\/blog\/concurso-corecon-pe\/#primaryimage"},"thumbnailUrl":"https:\/\/dhg1h5j42swfq.cloudfront.net\/2025\/02\/14111851\/concursos-conselhos.jpg","datePublished":"2025-07-28T16:00:00+00:00","dateModified":"2025-12-10T19:19:24+00:00","description":"Concurso Corecon PE: edital publicado com total de 60 vagas para Assessor e Fiscal. Iniciais podem chegar a R$5,9 mil!","breadcrumb":{"@id":"https:\/\/www.estrategiaconcursos.com.br\/blog\/concurso-corecon-pe\/#breadcrumb"},"inLanguage":"pt-BR","potentialAction":[{"@type":"ReadAction","target":["https:\/\/www.estrategiaconcursos.com.br\/blog\/concurso-corecon-pe\/"]}]},{"@type":"ImageObject","inLanguage":"pt-BR","@id":"https:\/\/www.estrategiaconcursos.com.br\/blog\/concurso-corecon-pe\/#primaryimage","url":"https:\/\/dhg1h5j42swfq.cloudfront.net\/2025\/02\/14111851\/concursos-conselhos.jpg","contentUrl":"https:\/\/dhg1h5j42swfq.cloudfront.net\/2025\/02\/14111851\/concursos-conselhos.jpg","width":768,"height":432,"caption":"Concursos Conselhos"},{"@type":"BreadcrumbList","@id":"https:\/\/www.estrategiaconcursos.com.br\/blog\/concurso-corecon-pe\/#breadcrumb","itemListElement":[{"@type":"ListItem","position":1,"name":"In\u00edcio","item":"https:\/\/www.estrategiaconcursos.com.br\/blog\/"},{"@type":"ListItem","position":2,"name":"Concurso Corecon PE: provas em 24 de agosto!"}]},{"@type":"WebSite","@id":"https:\/\/www.estrategiaconcursos.com.br\/blog\/#website","url":"https:\/\/www.estrategiaconcursos.com.br\/blog\/","name":"Estrat\u00e9gia Concursos","description":"O blog da Estrat\u00e9gia Concursos traz not\u00edcias sobre concursos e artigos de professores oferecendo cursos para concursos (pdf + videaulas) no site.","publisher":{"@id":"https:\/\/www.estrategiaconcursos.com.br\/blog\/#organization"},"potentialAction":[{"@type":"SearchAction","target":{"@type":"EntryPoint","urlTemplate":"https:\/\/www.estrategiaconcursos.com.br\/blog\/?s={search_term_string}"},"query-input":{"@type":"PropertyValueSpecification","valueRequired":true,"valueName":"search_term_string"}}],"inLanguage":"pt-BR"},{"@type":"Organization","@id":"https:\/\/www.estrategiaconcursos.com.br\/blog\/#organization","name":"Estrat\u00e9gia Concursos","url":"https:\/\/www.estrategiaconcursos.com.br\/blog\/","logo":{"@type":"ImageObject","inLanguage":"pt-BR","@id":"https:\/\/www.estrategiaconcursos.com.br\/blog\/#\/schema\/logo\/image\/","url":"https:\/\/dhg1h5j42swfq.cloudfront.net\/2025\/06\/03203428\/logo_concursos-1.jpg","contentUrl":"https:\/\/dhg1h5j42swfq.cloudfront.net\/2025\/06\/03203428\/logo_concursos-1.jpg","width":230,"height":60,"caption":"Estrat\u00e9gia Concursos"},"image":{"@id":"https:\/\/www.estrategiaconcursos.com.br\/blog\/#\/schema\/logo\/image\/"},"sameAs":["https:\/\/x.com\/EstratConcursos"]},{"@type":"Person","@id":"https:\/\/www.estrategiaconcursos.com.br\/blog\/#\/schema\/person\/b4a388c97673c5f483d72185668afa1f","name":"Coordena\u00e7\u00e3o","image":{"@type":"ImageObject","inLanguage":"pt-BR","@id":"https:\/\/secure.gravatar.com\/avatar\/b720319e4c9a967eb58678d110f4fe35452fc5d5f97b202bac7b8acceb18c6ad?s=96&d=mm&r=g","url":"https:\/\/secure.gravatar.com\/avatar\/b720319e4c9a967eb58678d110f4fe35452fc5d5f97b202bac7b8acceb18c6ad?s=96&d=mm&r=g","contentUrl":"https:\/\/secure.gravatar.com\/avatar\/b720319e4c9a967eb58678d110f4fe35452fc5d5f97b202bac7b8acceb18c6ad?s=96&d=mm&r=g","caption":"Coordena\u00e7\u00e3o"},"sameAs":["https:\/\/www.facebook.com\/EstrategiaConcursos","https:\/\/x.com\/EstratConcursos"],"url":"https:\/\/www.estrategiaconcursos.com.br\/blog\/author\/estrategia2013\/"}]}},"_links":{"self":[{"href":"https:\/\/www.estrategiaconcursos.com.br\/blog\/wp-json\/wp\/v2\/posts\/408856","targetHints":{"allow":["GET"]}}],"collection":[{"href":"https:\/\/www.estrategiaconcursos.com.br\/blog\/wp-json\/wp\/v2\/posts"}],"about":[{"href":"https:\/\/www.estrategiaconcursos.com.br\/blog\/wp-json\/wp\/v2\/types\/post"}],"author":[{"embeddable":true,"href":"https:\/\/www.estrategiaconcursos.com.br\/blog\/wp-json\/wp\/v2\/users\/1"}],"replies":[{"embeddable":true,"href":"https:\/\/www.estrategiaconcursos.com.br\/blog\/wp-json\/wp\/v2\/comments?post=408856"}],"version-history":[{"count":27,"href":"https:\/\/www.estrategiaconcursos.com.br\/blog\/wp-json\/wp\/v2\/posts\/408856\/revisions"}],"predecessor-version":[{"id":1683160,"href":"https:\/\/www.estrategiaconcursos.com.br\/blog\/wp-json\/wp\/v2\/posts\/408856\/revisions\/1683160"}],"wp:featuredmedia":[{"embeddable":true,"href":"https:\/\/www.estrategiaconcursos.com.br\/blog\/wp-json\/wp\/v2\/media\/1532409"}],"wp:attachment":[{"href":"https:\/\/www.estrategiaconcursos.com.br\/blog\/wp-json\/wp\/v2\/media?parent=408856"}],"wp:term":[{"taxonomy":"category","embeddable":true,"href":"https:\/\/www.estrategiaconcursos.com.br\/blog\/wp-json\/wp\/v2\/categories?post=408856"},{"taxonomy":"post_tag","embeddable":true,"href":"https:\/\/www.estrategiaconcursos.com.br\/blog\/wp-json\/wp\/v2\/tags?post=408856"},{"taxonomy":"tax_estado","embeddable":true,"href":"https:\/\/www.estrategiaconcursos.com.br\/blog\/wp-json\/wp\/v2\/tax_estado?post=408856"}],"curies":[{"name":"wp","href":"https:\/\/api.w.org\/{rel}","templated":true}]}}